{"id":49908,"date":"2017-06-12T16:53:25","date_gmt":"2017-06-12T19:53:25","guid":{"rendered":"https:\/\/www.jornalja.com.br\/?p=49908"},"modified":"2017-06-12T16:53:25","modified_gmt":"2017-06-12T19:53:25","slug":"espetaculo-caricias-entra-em-temporada-na-sala-alvaro-moreyra","status":"publish","type":"post","link":"https:\/\/www.jornalja.com.br\/arquivo\/espetaculo-caricias-entra-em-temporada-na-sala-alvaro-moreyra\/","title":{"rendered":"Espet\u00e1culo Car\u00edcias entra em temporada na sala \u00c1lvaro Moreyra"},"content":{"rendered":"<p class=\"m_-8417937338039670089gmail-western\" align=\"JUSTIFY\"><span style=\"font-family: Arial,sans-serif\">Rela\u00e7\u00f5es l\u00edquidas e conflituosas do mundo contempor\u00e2neo s\u00e3o questionadas em cena no espet\u00e1culo <i>CAR\u00cdCIAS<\/i>. A pe\u00e7a, que comp\u00f5e a Mostra de Repert\u00f3rio Indeterminada, ter\u00e1 temporada a partir do dia 14 de junho. Ser\u00e3o quatro sess\u00f5es, dias 14, 15, 21 e 22, sempre \u00e0s 20h, na sala \u00c1lvaro Moreyra.<\/span><\/p>\n<p class=\"m_-8417937338039670089gmail-western\" align=\"JUSTIFY\"><span style=\"font-family: Arial,sans-serif\">O espet\u00e1culo, dirigido por Ander Belotto e com texto do catal\u00e3o S<span style=\"color: #000000\">ergi Belbel, \u00e9 um conjunto de pequenas cenas nas quais as personagens revelam suas reais facetas nas rela\u00e7\u00f5es que estabelecem com o outro. A encena\u00e7\u00e3o se prop\u00f5e a escancarar a intimidade dessas figuras, seus pequenos delitos e a solid\u00e3o que impera por tr\u00e1s das apar\u00eancias. As cenas s\u00e3o costuradas com sambas tradicionais, interpretados pelos pr\u00f3prios atores, que dialogam com as f\u00e1bulas apresentadas. <\/span><\/span><\/p>\n<p class=\"m_-8417937338039670089gmail-western\" align=\"JUSTIFY\"><span style=\"font-family: Arial,sans-serif\">A Mostra de Repert\u00f3rio, que tamb\u00e9m conta com outras duas pe\u00e7as, <i>Expedi\u00e7\u00e3o Monstro<\/i> e <i>JACQUES ou toda a tradi\u00e7\u00e3o est\u00e1 comigo<\/i>, marca a estreia da INDETERMINADA artes da cena no circuito profissional de teatro de Porto Alegre. A companhia se prop\u00f5e a investigar o corpo e suas possibilidades, sem a pretens\u00e3o de estabelecer uma linguagem espec\u00edfica para os trabalhos do grupo. S\u00e3o mais de 30 artistas reunidos, entre n\u00facleo art\u00edstico e colaboradores, formando um grupo heterog\u00eaneo, mas que se relaciona pela vontade de investir na diversidade de pr\u00e1ticas, conceitos, g\u00eaneros e estilos. <\/span><\/p>\n<p class=\"m_-8417937338039670089gmail-western\" lang=\"pt-PT\"><span style=\"font-family: Arial,serif\"><b>Servi\u00e7o:<\/b><\/span><\/p>\n<p class=\"m_-8417937338039670089gmail-western\"><span style=\"font-family: Arial,serif\"><span lang=\"pt-PT\"><b>E<\/b><\/span><\/span><span style=\"font-family: Arial,serif\"><span lang=\"pt-PT\">spet\u00e1culo<\/span><\/span><b> <\/b><span style=\"font-family: Arial,serif\"><span lang=\"pt-PT\">CAR\u00cdCIAS, dias 1<\/span><\/span><span style=\"font-family: Arial,serif\"><span lang=\"pt-PT\">4, 15, 21 e 22\/6, \u00e0s 20h.<\/span><\/span><\/p>\n<p class=\"m_-8417937338039670089gmail-western\"><span style=\"font-family: Arial,serif\"><span lang=\"pt-PT\">Sala \u00c1lvaro Moreyra (<\/span><\/span><span style=\"color: #222222\"><span style=\"font-family: Arial,serif\"><span lang=\"pt-PT\">Av. Erico Ver\u00edssimo, 307 &#8211; Azenha<\/span><\/span><\/span><span style=\"font-family: Arial,serif\"><span lang=\"pt-PT\">).<\/span><\/span><\/p>\n<p class=\"m_-8417937338039670089gmail-western\"><span style=\"font-family: Arial,serif\"><span lang=\"pt-PT\"><b>Quanto: <\/b><\/span><\/span><span style=\"font-family: Arial,serif\"><span lang=\"pt-PT\">R$ 30 e R$15 (estudantes, idosos e classe art\u00edstica)<\/span><\/span><\/p>\n<p class=\"m_-8417937338039670089gmail-western\"><span style=\"font-family: Arial,serif\"><span lang=\"pt-PT\"><b>Ingressos antecipados:<\/b><\/span><\/span><span style=\"font-family: Arial,serif\"><span lang=\"pt-PT\"> Loja Sirius (R. da Rep\u00fablica, 304, Cidade Baixa \u2013 51 3225.1694). <b>Agendamento para grandes grupos e escolas:<\/b><\/span><\/span><span style=\"font-family: Arial,serif\"><span lang=\"pt-PT\"> (51) 999 705 716 ou <\/span><\/span><a href=\"mailto:contatoindeterminada@gmail.com\" target=\"_blank\" rel=\"noopener noreferrer\">contatoindeterminada@gmail.com<\/a><\/p>\n","protected":false},"excerpt":{"rendered":"<p>Rela\u00e7\u00f5es l\u00edquidas e conflituosas do mundo contempor\u00e2neo s\u00e3o questionadas em cena no espet\u00e1culo CAR\u00cdCIAS. A pe\u00e7a, que comp\u00f5e a Mostra de Repert\u00f3rio Indeterminada, ter\u00e1 temporada a partir do dia 14 de junho. Ser\u00e3o quatro sess\u00f5es, dias 14, 15, 21 e 22, sempre \u00e0s 20h, na sala \u00c1lvaro Moreyra. O espet\u00e1culo, dirigido por Ander Belotto e [&hellip;]<\/p>\n","protected":false},"author":4,"featured_media":0,"comment_status":"open","ping_status":"closed","sticky":false,"template":"","format":"standard","meta":{"_jetpack_newsletter_access":"","_jetpack_dont_email_post_to_subs":false,"_jetpack_newsletter_tier_id":0,"_jetpack_memberships_contains_paywalled_content":false,"_jetpack_feature_clip_id":0,"_jetpack_memberships_contains_paid_content":false,"footnotes":"","jetpack_post_was_ever_published":false},"categories":[2017],"tags":[],"class_list":["post-49908","post","type-post","status-publish","format-standard","hentry","category-culturanotas"],"aioseo_notices":[],"aioseo_head":"\n\t\t<!-- All in One SEO 5.0.1.1 - aioseo.com -->\n\t<meta name=\"robots\" content=\"max-image-preview:large\" \/>\n\t<meta name=\"author\" content=\"da Reda\u00e7\u00e3o\"\/>\n\t<link rel=\"canonical\" href=\"https:\/\/www.jornalja.com.br\/arquivo\/espetaculo-caricias-entra-em-temporada-na-sala-alvaro-moreyra\/\" \/>\n\t<meta name=\"generator\" content=\"All in One SEO (AIOSEO) 5.0.1.1\" \/>\n\t\t<meta property=\"og:locale\" content=\"pt_BR\" \/>\n\t\t<meta property=\"og:site_name\" content=\"Arquivo | Jornal J\u00c1 | Porto Alegre\" \/>\n\t\t<meta property=\"og:type\" content=\"article\" \/>\n\t\t<meta property=\"og:title\" content=\"Espet\u00e1culo Car\u00edcias entra em temporada na sala \u00c1lvaro Moreyra | Arquivo\" \/>\n\t\t<meta property=\"og:url\" content=\"https:\/\/www.jornalja.com.br\/arquivo\/espetaculo-caricias-entra-em-temporada-na-sala-alvaro-moreyra\/\" \/>\n\t\t<meta property=\"og:image\" content=\"https:\/\/www.jornalja.com.br\/economics\/wp-content\/uploads\/sites\/11\/2026\/08\/ja-folhaderosto-facebook.jpg\" \/>\n\t\t<meta property=\"og:image:secure_url\" content=\"https:\/\/www.jornalja.com.br\/economics\/wp-content\/uploads\/sites\/11\/2026\/08\/ja-folhaderosto-facebook.jpg\" \/>\n\t\t<meta property=\"article:published_time\" content=\"2017-06-12T19:53:25+00:00\" \/>\n\t\t<meta property=\"article:modified_time\" content=\"2017-06-12T19:53:25+00:00\" \/>\n\t\t<meta name=\"twitter:card\" content=\"summary\" \/>\n\t\t<meta name=\"twitter:title\" content=\"Espet\u00e1culo Car\u00edcias entra em temporada na sala \u00c1lvaro Moreyra | Arquivo\" \/>\n\t\t<meta name=\"twitter:image\" content=\"https:\/\/www.jornalja.com.br\/economics\/wp-content\/uploads\/sites\/11\/2026\/08\/ja-folhaderosto-facebook.jpg\" \/>\n\t\t<script type=\"application\/ld+json\" class=\"aioseo-schema\">\n\t\t\t{\"@context\":\"https:\\\/\\\/schema.org\",\"@graph\":[{\"@type\":\"BlogPosting\",\"@id\":\"https:\\\/\\\/www.jornalja.com.br\\\/arquivo\\\/espetaculo-caricias-entra-em-temporada-na-sala-alvaro-moreyra\\\/#blogposting\",\"name\":\"Espet\\u00e1culo Car\\u00edcias entra em temporada na sala \\u00c1lvaro Moreyra | Arquivo\",\"headline\":\"Espet\\u00e1culo Car\\u00edcias entra em temporada na sala \\u00c1lvaro Moreyra\",\"author\":{\"@id\":\"https:\\\/\\\/www.jornalja.com.br\\\/arquivo\\\/author\\\/daredacao\\\/#author\"},\"publisher\":{\"@id\":\"https:\\\/\\\/www.jornalja.com.br\\\/arquivo\\\/#organization\"},\"image\":{\"@type\":\"ImageObject\",\"url\":\"https:\\\/\\\/www.jornalja.com.br\\\/wp-content\\\/uploads\\\/cards\\\/JAslogan.png\",\"@id\":\"https:\\\/\\\/www.jornalja.com.br\\\/arquivo\\\/#articleImage\"},\"datePublished\":\"2017-06-12T16:53:25-03:00\",\"dateModified\":\"2017-06-12T16:53:25-03:00\",\"inLanguage\":\"pt-BR\",\"mainEntityOfPage\":{\"@id\":\"https:\\\/\\\/www.jornalja.com.br\\\/arquivo\\\/espetaculo-caricias-entra-em-temporada-na-sala-alvaro-moreyra\\\/#webpage\"},\"isPartOf\":{\"@id\":\"https:\\\/\\\/www.jornalja.com.br\\\/arquivo\\\/espetaculo-caricias-entra-em-temporada-na-sala-alvaro-moreyra\\\/#webpage\"},\"articleSection\":\"Cultura-notas\"},{\"@type\":\"BreadcrumbList\",\"@id\":\"https:\\\/\\\/www.jornalja.com.br\\\/arquivo\\\/espetaculo-caricias-entra-em-temporada-na-sala-alvaro-moreyra\\\/#breadcrumblist\",\"itemListElement\":[{\"@type\":\"ListItem\",\"@id\":\"https:\\\/\\\/www.jornalja.com.br\\\/arquivo#listItem\",\"position\":1,\"name\":\"Home\",\"item\":\"https:\\\/\\\/www.jornalja.com.br\\\/arquivo\",\"nextItem\":{\"@type\":\"ListItem\",\"@id\":\"https:\\\/\\\/www.jornalja.com.br\\\/arquivo\\\/category\\\/culturanotas\\\/#listItem\",\"name\":\"Cultura-notas\"}},{\"@type\":\"ListItem\",\"@id\":\"https:\\\/\\\/www.jornalja.com.br\\\/arquivo\\\/category\\\/culturanotas\\\/#listItem\",\"position\":2,\"name\":\"Cultura-notas\",\"item\":\"https:\\\/\\\/www.jornalja.com.br\\\/arquivo\\\/category\\\/culturanotas\\\/\",\"nextItem\":{\"@type\":\"ListItem\",\"@id\":\"https:\\\/\\\/www.jornalja.com.br\\\/arquivo\\\/espetaculo-caricias-entra-em-temporada-na-sala-alvaro-moreyra\\\/#listItem\",\"name\":\"Espet\\u00e1culo Car\\u00edcias entra em temporada na sala \\u00c1lvaro Moreyra\"},\"previousItem\":{\"@type\":\"ListItem\",\"@id\":\"https:\\\/\\\/www.jornalja.com.br\\\/arquivo#listItem\",\"name\":\"Home\"}},{\"@type\":\"ListItem\",\"@id\":\"https:\\\/\\\/www.jornalja.com.br\\\/arquivo\\\/espetaculo-caricias-entra-em-temporada-na-sala-alvaro-moreyra\\\/#listItem\",\"position\":3,\"name\":\"Espet\\u00e1culo Car\\u00edcias entra em temporada na sala \\u00c1lvaro Moreyra\",\"previousItem\":{\"@type\":\"ListItem\",\"@id\":\"https:\\\/\\\/www.jornalja.com.br\\\/arquivo\\\/category\\\/culturanotas\\\/#listItem\",\"name\":\"Cultura-notas\"}}]},{\"@type\":\"Organization\",\"@id\":\"https:\\\/\\\/www.jornalja.com.br\\\/arquivo\\\/#organization\",\"name\":\"Jornal J\\u00c1\",\"description\":\"Jornal J\\u00c1 | Porto Alegre\",\"url\":\"https:\\\/\\\/www.jornalja.com.br\\\/arquivo\\\/\",\"telephone\":\"+555133307272\",\"logo\":{\"@type\":\"ImageObject\",\"url\":\"https:\\\/\\\/www.jornalja.com.br\\\/wp-content\\\/uploads\\\/cards\\\/JAslogan.png\",\"@id\":\"https:\\\/\\\/www.jornalja.com.br\\\/arquivo\\\/espetaculo-caricias-entra-em-temporada-na-sala-alvaro-moreyra\\\/#organizationLogo\"},\"image\":{\"@id\":\"https:\\\/\\\/www.jornalja.com.br\\\/arquivo\\\/espetaculo-caricias-entra-em-temporada-na-sala-alvaro-moreyra\\\/#organizationLogo\"}},{\"@type\":\"Person\",\"@id\":\"https:\\\/\\\/www.jornalja.com.br\\\/arquivo\\\/author\\\/daredacao\\\/#author\",\"url\":\"https:\\\/\\\/www.jornalja.com.br\\\/arquivo\\\/author\\\/daredacao\\\/\",\"name\":\"da Reda\\u00e7\\u00e3o\",\"image\":{\"@type\":\"ImageObject\",\"@id\":\"https:\\\/\\\/www.jornalja.com.br\\\/arquivo\\\/espetaculo-caricias-entra-em-temporada-na-sala-alvaro-moreyra\\\/#authorImage\",\"url\":\"https:\\\/\\\/secure.gravatar.com\\\/avatar\\\/469fd857d6605ad19919d27ed29d35a968a25f6e8fd9318356bbb7f57aae9c65?s=96&d=mm&r=g\",\"width\":96,\"height\":96,\"caption\":\"da Reda\\u00e7\\u00e3o\"}},{\"@type\":\"WebPage\",\"@id\":\"https:\\\/\\\/www.jornalja.com.br\\\/arquivo\\\/espetaculo-caricias-entra-em-temporada-na-sala-alvaro-moreyra\\\/#webpage\",\"url\":\"https:\\\/\\\/www.jornalja.com.br\\\/arquivo\\\/espetaculo-caricias-entra-em-temporada-na-sala-alvaro-moreyra\\\/\",\"name\":\"Espet\\u00e1culo Car\\u00edcias entra em temporada na sala \\u00c1lvaro Moreyra | Arquivo\",\"inLanguage\":\"pt-BR\",\"isPartOf\":{\"@id\":\"https:\\\/\\\/www.jornalja.com.br\\\/arquivo\\\/#website\"},\"breadcrumb\":{\"@id\":\"https:\\\/\\\/www.jornalja.com.br\\\/arquivo\\\/espetaculo-caricias-entra-em-temporada-na-sala-alvaro-moreyra\\\/#breadcrumblist\"},\"author\":{\"@id\":\"https:\\\/\\\/www.jornalja.com.br\\\/arquivo\\\/author\\\/daredacao\\\/#author\"},\"creator\":{\"@id\":\"https:\\\/\\\/www.jornalja.com.br\\\/arquivo\\\/author\\\/daredacao\\\/#author\"},\"datePublished\":\"2017-06-12T16:53:25-03:00\",\"dateModified\":\"2017-06-12T16:53:25-03:00\"},{\"@type\":\"WebSite\",\"@id\":\"https:\\\/\\\/www.jornalja.com.br\\\/arquivo\\\/#website\",\"url\":\"https:\\\/\\\/www.jornalja.com.br\\\/arquivo\\\/\",\"name\":\"Arquivo\",\"description\":\"Jornal J\\u00c1 | Porto Alegre\",\"inLanguage\":\"pt-BR\",\"publisher\":{\"@id\":\"https:\\\/\\\/www.jornalja.com.br\\\/arquivo\\\/#organization\"}}]}\n\t\t<\/script>\n\t\t<!-- All in One SEO -->\n\n","aioseo_head_json":{"title":"Espet\u00e1culo Car\u00edcias entra em temporada na sala \u00c1lvaro Moreyra | Arquivo","description":"","canonical_url":"https:\/\/www.jornalja.com.br\/arquivo\/espetaculo-caricias-entra-em-temporada-na-sala-alvaro-moreyra\/","robots":"max-image-preview:large","keywords":"","webmasterTools":{"miscellaneous":""},"schema":{"@context":"https:\/\/schema.org","@graph":[{"@type":"BlogPosting","@id":"https:\/\/www.jornalja.com.br\/arquivo\/espetaculo-caricias-entra-em-temporada-na-sala-alvaro-moreyra\/#blogposting","name":"Espet\u00e1culo Car\u00edcias entra em temporada na sala \u00c1lvaro Moreyra | Arquivo","headline":"Espet\u00e1culo Car\u00edcias entra em temporada na sala \u00c1lvaro Moreyra","author":{"@id":"https:\/\/www.jornalja.com.br\/arquivo\/author\/daredacao\/#author"},"publisher":{"@id":"https:\/\/www.jornalja.com.br\/arquivo\/#organization"},"image":{"@type":"ImageObject","url":"https:\/\/www.jornalja.com.br\/wp-content\/uploads\/cards\/JAslogan.png","@id":"https:\/\/www.jornalja.com.br\/arquivo\/#articleImage"},"datePublished":"2017-06-12T16:53:25-03:00","dateModified":"2017-06-12T16:53:25-03:00","inLanguage":"pt-BR","mainEntityOfPage":{"@id":"https:\/\/www.jornalja.com.br\/arquivo\/espetaculo-caricias-entra-em-temporada-na-sala-alvaro-moreyra\/#webpage"},"isPartOf":{"@id":"https:\/\/www.jornalja.com.br\/arquivo\/espetaculo-caricias-entra-em-temporada-na-sala-alvaro-moreyra\/#webpage"},"articleSection":"Cultura-notas"},{"@type":"BreadcrumbList","@id":"https:\/\/www.jornalja.com.br\/arquivo\/espetaculo-caricias-entra-em-temporada-na-sala-alvaro-moreyra\/#breadcrumblist","itemListElement":[{"@type":"ListItem","@id":"https:\/\/www.jornalja.com.br\/arquivo#listItem","position":1,"name":"Home","item":"https:\/\/www.jornalja.com.br\/arquivo","nextItem":{"@type":"ListItem","@id":"https:\/\/www.jornalja.com.br\/arquivo\/category\/culturanotas\/#listItem","name":"Cultura-notas"}},{"@type":"ListItem","@id":"https:\/\/www.jornalja.com.br\/arquivo\/category\/culturanotas\/#listItem","position":2,"name":"Cultura-notas","item":"https:\/\/www.jornalja.com.br\/arquivo\/category\/culturanotas\/","nextItem":{"@type":"ListItem","@id":"https:\/\/www.jornalja.com.br\/arquivo\/espetaculo-caricias-entra-em-temporada-na-sala-alvaro-moreyra\/#listItem","name":"Espet\u00e1culo Car\u00edcias entra em temporada na sala \u00c1lvaro Moreyra"},"previousItem":{"@type":"ListItem","@id":"https:\/\/www.jornalja.com.br\/arquivo#listItem","name":"Home"}},{"@type":"ListItem","@id":"https:\/\/www.jornalja.com.br\/arquivo\/espetaculo-caricias-entra-em-temporada-na-sala-alvaro-moreyra\/#listItem","position":3,"name":"Espet\u00e1culo Car\u00edcias entra em temporada na sala \u00c1lvaro Moreyra","previousItem":{"@type":"ListItem","@id":"https:\/\/www.jornalja.com.br\/arquivo\/category\/culturanotas\/#listItem","name":"Cultura-notas"}}]},{"@type":"Organization","@id":"https:\/\/www.jornalja.com.br\/arquivo\/#organization","name":"Jornal J\u00c1","description":"Jornal J\u00c1 | Porto Alegre","url":"https:\/\/www.jornalja.com.br\/arquivo\/","telephone":"+555133307272","logo":{"@type":"ImageObject","url":"https:\/\/www.jornalja.com.br\/wp-content\/uploads\/cards\/JAslogan.png","@id":"https:\/\/www.jornalja.com.br\/arquivo\/espetaculo-caricias-entra-em-temporada-na-sala-alvaro-moreyra\/#organizationLogo"},"image":{"@id":"https:\/\/www.jornalja.com.br\/arquivo\/espetaculo-caricias-entra-em-temporada-na-sala-alvaro-moreyra\/#organizationLogo"}},{"@type":"Person","@id":"https:\/\/www.jornalja.com.br\/arquivo\/author\/daredacao\/#author","url":"https:\/\/www.jornalja.com.br\/arquivo\/author\/daredacao\/","name":"da Reda\u00e7\u00e3o","image":{"@type":"ImageObject","@id":"https:\/\/www.jornalja.com.br\/arquivo\/espetaculo-caricias-entra-em-temporada-na-sala-alvaro-moreyra\/#authorImage","url":"https:\/\/secure.gravatar.com\/avatar\/469fd857d6605ad19919d27ed29d35a968a25f6e8fd9318356bbb7f57aae9c65?s=96&d=mm&r=g","width":96,"height":96,"caption":"da Reda\u00e7\u00e3o"}},{"@type":"WebPage","@id":"https:\/\/www.jornalja.com.br\/arquivo\/espetaculo-caricias-entra-em-temporada-na-sala-alvaro-moreyra\/#webpage","url":"https:\/\/www.jornalja.com.br\/arquivo\/espetaculo-caricias-entra-em-temporada-na-sala-alvaro-moreyra\/","name":"Espet\u00e1culo Car\u00edcias entra em temporada na sala \u00c1lvaro Moreyra | Arquivo","inLanguage":"pt-BR","isPartOf":{"@id":"https:\/\/www.jornalja.com.br\/arquivo\/#website"},"breadcrumb":{"@id":"https:\/\/www.jornalja.com.br\/arquivo\/espetaculo-caricias-entra-em-temporada-na-sala-alvaro-moreyra\/#breadcrumblist"},"author":{"@id":"https:\/\/www.jornalja.com.br\/arquivo\/author\/daredacao\/#author"},"creator":{"@id":"https:\/\/www.jornalja.com.br\/arquivo\/author\/daredacao\/#author"},"datePublished":"2017-06-12T16:53:25-03:00","dateModified":"2017-06-12T16:53:25-03:00"},{"@type":"WebSite","@id":"https:\/\/www.jornalja.com.br\/arquivo\/#website","url":"https:\/\/www.jornalja.com.br\/arquivo\/","name":"Arquivo","description":"Jornal J\u00c1 | Porto Alegre","inLanguage":"pt-BR","publisher":{"@id":"https:\/\/www.jornalja.com.br\/arquivo\/#organization"}}]},"og:locale":"pt_BR","og:site_name":"Arquivo | Jornal J\u00c1 | Porto Alegre","og:type":"article","og:title":"Espet\u00e1culo Car\u00edcias entra em temporada na sala \u00c1lvaro Moreyra | Arquivo","og:url":"https:\/\/www.jornalja.com.br\/arquivo\/espetaculo-caricias-entra-em-temporada-na-sala-alvaro-moreyra\/","og:image":"https:\/\/www.jornalja.com.br\/economics\/wp-content\/uploads\/sites\/11\/2026\/08\/ja-folhaderosto-facebook.jpg","og:image:secure_url":"https:\/\/www.jornalja.com.br\/economics\/wp-content\/uploads\/sites\/11\/2026\/08\/ja-folhaderosto-facebook.jpg","article:published_time":"2017-06-12T19:53:25+00:00","article:modified_time":"2017-06-12T19:53:25+00:00","twitter:card":"summary","twitter:title":"Espet\u00e1culo Car\u00edcias entra em temporada na sala \u00c1lvaro Moreyra | Arquivo","twitter:image":"https:\/\/www.jornalja.com.br\/economics\/wp-content\/uploads\/sites\/11\/2026\/08\/ja-folhaderosto-facebook.jpg"},"aioseo_meta_data":{"post_id":"49908","title":null,"description":null,"keywords":null,"keyphrases":null,"primary_term":null,"canonical_url":null,"og_title":null,"og_description":null,"og_object_type":"default","og_image_type":"default","og_image_url":null,"og_image_width":null,"og_image_height":null,"og_image_custom_url":null,"og_image_custom_fields":null,"og_video":null,"og_custom_url":null,"og_article_section":null,"og_article_tags":null,"twitter_use_og":false,"twitter_card":"default","twitter_image_type":"default","twitter_image_url":null,"twitter_image_custom_url":null,"twitter_image_custom_fields":null,"twitter_title":null,"twitter_description":null,"schema":{"blockGraphs":[],"customGraphs":[],"default":{"data":{"Article":[],"Course":[],"Dataset":[],"FAQPage":[],"Movie":[],"Person":[],"Product":[],"ProductReview":[],"Car":[],"Recipe":[],"Service":[],"SoftwareApplication":[],"WebPage":[]},"graphName":"","isEnabled":true},"graphs":[]},"schema_type":null,"schema_type_options":null,"pillar_content":false,"robots_default":true,"robots_noindex":false,"robots_noarchive":false,"robots_nosnippet":false,"robots_nofollow":false,"robots_noimageindex":false,"robots_noodp":false,"robots_notranslate":false,"robots_max_snippet":null,"robots_max_videopreview":null,"robots_max_imagepreview":"large","priority":null,"frequency":null,"location":null,"local_seo":null,"breadcrumb_settings":null,"limit_modified_date":false,"ai":null,"created":"2020-12-20 20:32:00","updated":"2025-07-19 22:04:54","seo_analyzer_scan_date":null,"focus_keyword":null,"additional_keywords":null,"truseo_locale":null},"jetpack_sharing_enabled":true,"jetpack-related-posts":[{"id":12960,"url":"https:\/\/www.jornalja.com.br\/arquivo\/populacao-culpa-empresas-pela-greve-dos-rodoviarios\/","url_meta":{"origin":49908,"position":0},"title":"Popula\u00e7\u00e3o culpa empresas pela greve","author":"Patr\u00edcia Marini","date":"14 de fevereiro de 2014","format":false,"excerpt":"Pesquisa divulgada na edi\u00e7\u00e3o do jornal Metro desta sexta-feira,14, comprova o velho ditado: \u00e9 poss\u00edvel enganar muitos por algum tempo, mas n\u00e3o \u00e9 poss\u00edvel enganar a todos o tempo inteiro. A principal revela\u00e7\u00e3o foi que 59,8% dos entrevistados apontaram as empresas como as principais respons\u00e1veis pela grave e 46% culparam\u2026","rel":"","context":"Em &quot;X.Categorias velhas&quot;","block_context":{"text":"X.Categorias velhas","link":"https:\/\/www.jornalja.com.br\/arquivo\/category\/x-categorias-velhas\/"},"img":{"alt_text":"","src":"","width":0,"height":0},"classes":[]},{"id":1280,"url":"https:\/\/www.jornalja.com.br\/arquivo\/o-menino-que-se-tornou-brizola\/","url_meta":{"origin":49908,"position":1},"title":"O Menino que se Tornou Brizola","author":"da Reda\u00e7\u00e3o","date":"28 de julho de 2008","format":false,"excerpt":"Autor: Cleber Dioni A vida de Leonel Brizola, com \u00eanfase para os primeiros anos em Porto Alegre, at\u00e9 o ex\u00edlio no Uruguai e a volta, quinze anos depois. \u00a0\"...\u00c9ramos todos jovens e nos identific\u00e1vamos com aquela massa an\u00f4nima a percorrer as ruas de Porto Alegre, gritando 'Get\u00falio', 'Get\u00falio' e empunhando\u2026","rel":"","context":"Em &quot;Livros&quot;","block_context":{"text":"Livros","link":"https:\/\/www.jornalja.com.br\/arquivo\/category\/livros\/"},"img":{"alt_text":"","src":"https:\/\/i0.wp.com\/www.jornalja.com.br\/wp-content\/uploads\/2008\/07\/brizola.gif?resize=350%2C200&ssl=1","width":350,"height":200},"classes":[]},{"id":13124,"url":"https:\/\/www.jornalja.com.br\/arquivo\/sangue-latino-no-iecine\/","url_meta":{"origin":49908,"position":2},"title":"Sangue latino no IECINE","author":"da Reda\u00e7\u00e3o","date":"18 de maio de 2014","format":false,"excerpt":"Francisco Ribeiro O Instituto Estadual de Cinema (IECINE) tem a frente, desde abril \u00faltimo, um novo diretor, o cineasta colombiano Juan Zapata, 36, que substitui Luiz Alberto Cassol. Radicado h\u00e1 dez anos em Porto Alegre, Zapata tem diante de si o desafio de conduzir at\u00e9 o final do ano um\u2026","rel":"","context":"Em &quot;Cultura-Geral&quot;","block_context":{"text":"Cultura-Geral","link":"https:\/\/www.jornalja.com.br\/arquivo\/category\/materiasecundaria\/"},"img":{"alt_text":"","src":"","width":0,"height":0},"classes":[]},{"id":13240,"url":"https:\/\/www.jornalja.com.br\/arquivo\/plano-diretor-estamos-construindo-o-caos\/","url_meta":{"origin":49908,"position":3},"title":"Plano diretor: &quot;Estamos construindo o caos&quot;","author":"Patr\u00edcia Marini","date":"26 de maio de 2014","format":false,"excerpt":"Desabafo que arquiteta Eliana Castilhos, delegada da Regi\u00e3o de Planejamento 1, postou nas redes sociais \u00e9 um testemunho do ambiente que se criou no Conselho do Plano Diretor de Porto Alegre, onde a aprova\u00e7\u00e3o de grandes empreendimentos \u00e9 empurrada guela abaixo dos conselheiros. Ao CMDUA Como delegada da Regi\u00e3o de\u2026","rel":"","context":"Em &quot;Geral&quot;","block_context":{"text":"Geral","link":"https:\/\/www.jornalja.com.br\/arquivo\/category\/geral\/"},"img":{"alt_text":"","src":"","width":0,"height":0},"classes":[]},{"id":13109,"url":"https:\/\/www.jornalja.com.br\/arquivo\/judiciario-reconhece-poluicao-eletromagnetica\/","url_meta":{"origin":49908,"position":4},"title":"Judici\u00e1rio reconhece polui\u00e7\u00e3o eletromagn\u00e9tica","author":"Patr\u00edcia Marini","date":"16 de maio de 2014","format":false,"excerpt":"A\u00e7\u00e3o de duas associa\u00e7\u00f5es de moradores foi acolhida pelo Tribunal de Justi\u00e7a de S\u00e3o Paulo que. em decis\u00e3o in\u00e9dita, determinou a redu\u00e7\u00e3o do campo eletromagn\u00e9tico gerado pelas linhas de transmiss\u00e3o de energia que cortam os bairros City Boa\u00e7ava e Alto de Pinheiros. \u00c9 a primeira vez que um tribunal do\u2026","rel":"","context":"Em &quot;X.Categorias velhas&quot;","block_context":{"text":"X.Categorias velhas","link":"https:\/\/www.jornalja.com.br\/arquivo\/category\/x-categorias-velhas\/"},"img":{"alt_text":"","src":"","width":0,"height":0},"classes":[]},{"id":13101,"url":"https:\/\/www.jornalja.com.br\/arquivo\/morre-um-guerreiro-do-texto\/","url_meta":{"origin":49908,"position":5},"title":"Morre um guerreiro do texto","author":"Patr\u00edcia Marini","date":"14 de maio de 2014","format":false,"excerpt":"Por Ricardo Kotscho Reproduzido do blog do autor, 11\/5\/2014; t\u00edtulo original \u201cE l\u00e1 se foi o nosso Myltainho, guerreiro do texto\u201d. Mi\u00fado e franzino, meu amigo Myltainho era um valente e inconformado guerreiro na luta contra as injusti\u00e7as sociais, a hipocrisia, as maracutaias, o autoritarismo, a intoler\u00e2ncia, a viol\u00eancia, o\u2026","rel":"","context":"Em &quot;Geral&quot;","block_context":{"text":"Geral","link":"https:\/\/www.jornalja.com.br\/arquivo\/category\/geral\/"},"img":{"alt_text":"","src":"","width":0,"height":0},"classes":[]}],"jetpack_shortlink":"https:\/\/wp.me\/pbQjBd-cYY","jetpack_featured_media_url":"","_links":{"self":[{"href":"https:\/\/www.jornalja.com.br\/arquivo\/wp-json\/wp\/v2\/posts\/49908","targetHints":{"allow":["GET"]}}],"collection":[{"href":"https:\/\/www.jornalja.com.br\/arquivo\/wp-json\/wp\/v2\/posts"}],"about":[{"href":"https:\/\/www.jornalja.com.br\/arquivo\/wp-json\/wp\/v2\/types\/post"}],"author":[{"embeddable":true,"href":"https:\/\/www.jornalja.com.br\/arquivo\/wp-json\/wp\/v2\/users\/4"}],"replies":[{"embeddable":true,"href":"https:\/\/www.jornalja.com.br\/arquivo\/wp-json\/wp\/v2\/comments?post=49908"}],"version-history":[{"count":0,"href":"https:\/\/www.jornalja.com.br\/arquivo\/wp-json\/wp\/v2\/posts\/49908\/revisions"}],"wp:attachment":[{"href":"https:\/\/www.jornalja.com.br\/arquivo\/wp-json\/wp\/v2\/media?parent=49908"}],"wp:term":[{"taxonomy":"category","embeddable":true,"href":"https:\/\/www.jornalja.com.br\/arquivo\/wp-json\/wp\/v2\/categories?post=49908"},{"taxonomy":"post_tag","embeddable":true,"href":"https:\/\/www.jornalja.com.br\/arquivo\/wp-json\/wp\/v2\/tags?post=49908"}],"curies":[{"name":"wp","href":"https:\/\/api.w.org\/{rel}","templated":true}]}}