{"id":49912,"date":"2017-06-12T17:24:58","date_gmt":"2017-06-12T20:24:58","guid":{"rendered":"https:\/\/www.jornalja.com.br\/?p=49912"},"modified":"2017-06-12T17:24:58","modified_gmt":"2017-06-12T20:24:58","slug":"mantida-multa-de-r-200-mil-para-envolvidos-na-fraude-do-leite","status":"publish","type":"post","link":"https:\/\/www.jornalja.com.br\/arquivo\/mantida-multa-de-r-200-mil-para-envolvidos-na-fraude-do-leite\/","title":{"rendered":"Mantida multa de R$ 200 mil para envolvidos na fraude do leite"},"content":{"rendered":"<p><em>\u201c<span style=\"font-family: Liberation Serif,serif\"><span style=\"font-size: medium\">Fato suficientemente grave para produzir intranquilidade social e risco direto \u00e0 sa\u00fade dos consumidores, justificando, inclusive, a condena\u00e7\u00e3o em expressivo valor a t\u00edtulo de dano moral coletivo<\/span><\/span><\/em><span style=\"font-family: Liberation Serif,serif\"><span style=\"font-size: medium\">.&#8221; Com essa decis\u00e3o, a 15\u00aa C\u00e2mara C\u00edvel do T<\/span><\/span><span style=\"font-family: Liberation Serif,serif\"><span style=\"font-size: medium\">ribunal de <\/span><\/span><span style=\"font-family: Liberation Serif,serif\"><span style=\"font-size: medium\">J<\/span><\/span><span style=\"font-family: Liberation Serif,serif\"><span style=\"font-size: medium\">usti\u00e7a do <\/span><\/span><span style=\"font-family: Liberation Serif,serif\"><span style=\"font-size: medium\">RS negou recurso de apela\u00e7\u00e3o de Odair Andr\u00e9 Christ, Nina Rosa Machado Chaves Christ e ANC Transportes Ltda. contra senten\u00e7a que determinou pagamento de indeniza\u00e7\u00e3o no valor de R$ 200 mil. <\/span><\/span><br \/>\n<span style=\"font-family: Liberation Serif,serif\"><span style=\"font-size: medium\"><b>Caso<\/b><\/span><\/span><br \/>\n<span style=\"font-family: Liberation Serif,serif\"><span style=\"font-size: medium\"><b>O<\/b>s r\u00e9us foram denunciados pelo Minist\u00e9rio P\u00fablico na conhecida &#8220;O<i>pera\u00e7\u00e3o Leite Compensado&#8221;<\/i> por pr\u00e1ticas abusivas no transporte e comercializa\u00e7\u00e3o de leite cru, como adi\u00e7\u00e3o de \u00e1gua e subst\u00e2ncias qu\u00edmicas como o formol.<\/span><\/span><br \/>\n<span style=\"font-family: Liberation Serif,serif\"><span style=\"font-size: medium\">No Ju\u00edzo da 15\u00aa Vara C\u00edvel do Foro Central de Porto Alegre, eles foram condenados a pagamento de indeniza\u00e7\u00e3o por dano moral coletivo e publica\u00e7\u00e3o da \u00edntegra da decis\u00e3o, no prazo de 30 dias a contar do tr\u00e2nsito em julgado, em tr\u00eas jornais de grande circula\u00e7\u00e3o estadual, sob pena de multa di\u00e1ria no valor de R$ 1 mil, limitada a 60 dias. O valor ser\u00e1 revertido para o Fundo de Reconstitui\u00e7\u00e3o dos Bens Lesados. <\/span><\/span><br \/>\n<span style=\"font-family: Liberation Serif,serif\"><span style=\"font-size: medium\">Inconformados, os r\u00e9us recorreram da decis\u00e3o. <\/span><\/span><br \/>\n<span style=\"font-family: Liberation Serif,serif\"><span style=\"font-size: medium\"><b>Recurso<\/b><\/span><\/span><br \/>\n<span style=\"font-family: Liberation Serif,serif\"><span style=\"font-size: medium\">No TJ, o relator do recurso foi o Desembargador Ot\u00e1vio Augusto de Freitas Barcellos, que manteve a senten\u00e7a, afirmando n\u00e3o ser poss\u00edvel o afastamento da condena\u00e7\u00e3o diante de in\u00fameras provas que imputam a responsabilidade objetiva aos r\u00e9us.<\/span><\/span><br \/>\n<span style=\"font-family: Liberation Serif,serif\"><span style=\"font-size: medium\"><i>&#8220;A disponibiliza\u00e7\u00e3o de produto em condi\u00e7\u00f5es impr\u00f3prias para o consumo n\u00e3o apenas frustra a justa expectativa do consumidor, mas tamb\u00e9m atenta contra a seguran\u00e7a que rege as rela\u00e7\u00f5es consumeristas, sendo intoler\u00e1vel a concretiza\u00e7\u00e3o de ato atentat\u00f3rio \u00e0 sa\u00fade do consumidor em qualquer grau de potencialidade, porquanto direito b\u00e1sico do consumidor a incolumidade de sua sa\u00fade&#8221;<\/i>, afirmou o relator.<\/span><\/span><br \/>\n<span style=\"font-family: Liberation Serif,serif\"><span style=\"font-size: medium\">Sobre a indeniza\u00e7\u00e3o pelos danos morais coletivos, o magistrado decidiu que <i>o valor fixado mostra-se compat\u00edvel com os princ\u00edpios da razoabilidade e proporcionalidade<\/i>.\u00a0 O voto foi acompanhado pelas Desembargadoras Ana Beatriz Iser e Adriana da Silva Ribeiro.<\/span><\/span><\/p>\n","protected":false},"excerpt":{"rendered":"<p>\u201cFato suficientemente grave para produzir intranquilidade social e risco direto \u00e0 sa\u00fade dos consumidores, justificando, inclusive, a condena\u00e7\u00e3o em expressivo valor a t\u00edtulo de dano moral coletivo.&#8221; Com essa decis\u00e3o, a 15\u00aa C\u00e2mara C\u00edvel do Tribunal de Justi\u00e7a do RS negou recurso de apela\u00e7\u00e3o de Odair Andr\u00e9 Christ, Nina Rosa Machado Chaves Christ e ANC [&hellip;]<\/p>\n","protected":false},"author":4,"featured_media":0,"comment_status":"open","ping_status":"closed","sticky":false,"template":"","format":"standard","meta":{"_jetpack_newsletter_access":"","_jetpack_dont_email_post_to_subs":false,"_jetpack_newsletter_tier_id":0,"_jetpack_memberships_contains_paywalled_content":false,"_jetpack_feature_clip_id":0,"_jetpack_memberships_contains_paid_content":false,"footnotes":"","jetpack_post_was_ever_published":false},"categories":[2022],"tags":[],"class_list":["post-49912","post","type-post","status-publish","format-standard","hentry","category-notas"],"aioseo_notices":[],"aioseo_head":"\n\t\t<!-- All in One SEO 5.0.1.1 - aioseo.com -->\n\t<meta name=\"robots\" content=\"max-image-preview:large\" \/>\n\t<meta name=\"author\" content=\"da Reda\u00e7\u00e3o\"\/>\n\t<link rel=\"canonical\" href=\"https:\/\/www.jornalja.com.br\/arquivo\/mantida-multa-de-r-200-mil-para-envolvidos-na-fraude-do-leite\/\" \/>\n\t<meta name=\"generator\" content=\"All in One SEO (AIOSEO) 5.0.1.1\" \/>\n\t\t<meta property=\"og:locale\" content=\"pt_BR\" \/>\n\t\t<meta property=\"og:site_name\" content=\"Arquivo | Jornal J\u00c1 | Porto Alegre\" \/>\n\t\t<meta property=\"og:type\" content=\"article\" \/>\n\t\t<meta property=\"og:title\" content=\"Mantida multa de R$ 200 mil para envolvidos na fraude do leite | Arquivo\" \/>\n\t\t<meta property=\"og:url\" content=\"https:\/\/www.jornalja.com.br\/arquivo\/mantida-multa-de-r-200-mil-para-envolvidos-na-fraude-do-leite\/\" \/>\n\t\t<meta property=\"og:image\" content=\"https:\/\/www.jornalja.com.br\/economics\/wp-content\/uploads\/sites\/11\/2026\/08\/ja-folhaderosto-facebook.jpg\" \/>\n\t\t<meta property=\"og:image:secure_url\" content=\"https:\/\/www.jornalja.com.br\/economics\/wp-content\/uploads\/sites\/11\/2026\/08\/ja-folhaderosto-facebook.jpg\" \/>\n\t\t<meta property=\"article:published_time\" content=\"2017-06-12T20:24:58+00:00\" \/>\n\t\t<meta property=\"article:modified_time\" content=\"2017-06-12T20:24:58+00:00\" \/>\n\t\t<meta name=\"twitter:card\" content=\"summary\" \/>\n\t\t<meta name=\"twitter:title\" content=\"Mantida multa de R$ 200 mil para envolvidos na fraude do leite | Arquivo\" \/>\n\t\t<meta name=\"twitter:image\" content=\"https:\/\/www.jornalja.com.br\/economics\/wp-content\/uploads\/sites\/11\/2026\/08\/ja-folhaderosto-facebook.jpg\" \/>\n\t\t<script type=\"application\/ld+json\" class=\"aioseo-schema\">\n\t\t\t{\"@context\":\"https:\\\/\\\/schema.org\",\"@graph\":[{\"@type\":\"BlogPosting\",\"@id\":\"https:\\\/\\\/www.jornalja.com.br\\\/arquivo\\\/mantida-multa-de-r-200-mil-para-envolvidos-na-fraude-do-leite\\\/#blogposting\",\"name\":\"Mantida multa de R$ 200 mil para envolvidos na fraude do leite | Arquivo\",\"headline\":\"Mantida multa de R$ 200 mil para envolvidos na fraude do leite\",\"author\":{\"@id\":\"https:\\\/\\\/www.jornalja.com.br\\\/arquivo\\\/author\\\/daredacao\\\/#author\"},\"publisher\":{\"@id\":\"https:\\\/\\\/www.jornalja.com.br\\\/arquivo\\\/#organization\"},\"image\":{\"@type\":\"ImageObject\",\"url\":\"https:\\\/\\\/www.jornalja.com.br\\\/wp-content\\\/uploads\\\/cards\\\/JAslogan.png\",\"@id\":\"https:\\\/\\\/www.jornalja.com.br\\\/arquivo\\\/#articleImage\"},\"datePublished\":\"2017-06-12T17:24:58-03:00\",\"dateModified\":\"2017-06-12T17:24:58-03:00\",\"inLanguage\":\"pt-BR\",\"mainEntityOfPage\":{\"@id\":\"https:\\\/\\\/www.jornalja.com.br\\\/arquivo\\\/mantida-multa-de-r-200-mil-para-envolvidos-na-fraude-do-leite\\\/#webpage\"},\"isPartOf\":{\"@id\":\"https:\\\/\\\/www.jornalja.com.br\\\/arquivo\\\/mantida-multa-de-r-200-mil-para-envolvidos-na-fraude-do-leite\\\/#webpage\"},\"articleSection\":\"NOTAS\"},{\"@type\":\"BreadcrumbList\",\"@id\":\"https:\\\/\\\/www.jornalja.com.br\\\/arquivo\\\/mantida-multa-de-r-200-mil-para-envolvidos-na-fraude-do-leite\\\/#breadcrumblist\",\"itemListElement\":[{\"@type\":\"ListItem\",\"@id\":\"https:\\\/\\\/www.jornalja.com.br\\\/arquivo#listItem\",\"position\":1,\"name\":\"Home\",\"item\":\"https:\\\/\\\/www.jornalja.com.br\\\/arquivo\",\"nextItem\":{\"@type\":\"ListItem\",\"@id\":\"https:\\\/\\\/www.jornalja.com.br\\\/arquivo\\\/category\\\/notas\\\/#listItem\",\"name\":\"NOTAS\"}},{\"@type\":\"ListItem\",\"@id\":\"https:\\\/\\\/www.jornalja.com.br\\\/arquivo\\\/category\\\/notas\\\/#listItem\",\"position\":2,\"name\":\"NOTAS\",\"item\":\"https:\\\/\\\/www.jornalja.com.br\\\/arquivo\\\/category\\\/notas\\\/\",\"nextItem\":{\"@type\":\"ListItem\",\"@id\":\"https:\\\/\\\/www.jornalja.com.br\\\/arquivo\\\/mantida-multa-de-r-200-mil-para-envolvidos-na-fraude-do-leite\\\/#listItem\",\"name\":\"Mantida multa de R$ 200 mil para envolvidos na fraude do leite\"},\"previousItem\":{\"@type\":\"ListItem\",\"@id\":\"https:\\\/\\\/www.jornalja.com.br\\\/arquivo#listItem\",\"name\":\"Home\"}},{\"@type\":\"ListItem\",\"@id\":\"https:\\\/\\\/www.jornalja.com.br\\\/arquivo\\\/mantida-multa-de-r-200-mil-para-envolvidos-na-fraude-do-leite\\\/#listItem\",\"position\":3,\"name\":\"Mantida multa de R$ 200 mil para envolvidos na fraude do leite\",\"previousItem\":{\"@type\":\"ListItem\",\"@id\":\"https:\\\/\\\/www.jornalja.com.br\\\/arquivo\\\/category\\\/notas\\\/#listItem\",\"name\":\"NOTAS\"}}]},{\"@type\":\"Organization\",\"@id\":\"https:\\\/\\\/www.jornalja.com.br\\\/arquivo\\\/#organization\",\"name\":\"Jornal J\\u00c1\",\"description\":\"Jornal J\\u00c1 | Porto Alegre\",\"url\":\"https:\\\/\\\/www.jornalja.com.br\\\/arquivo\\\/\",\"telephone\":\"+555133307272\",\"logo\":{\"@type\":\"ImageObject\",\"url\":\"https:\\\/\\\/www.jornalja.com.br\\\/wp-content\\\/uploads\\\/cards\\\/JAslogan.png\",\"@id\":\"https:\\\/\\\/www.jornalja.com.br\\\/arquivo\\\/mantida-multa-de-r-200-mil-para-envolvidos-na-fraude-do-leite\\\/#organizationLogo\"},\"image\":{\"@id\":\"https:\\\/\\\/www.jornalja.com.br\\\/arquivo\\\/mantida-multa-de-r-200-mil-para-envolvidos-na-fraude-do-leite\\\/#organizationLogo\"}},{\"@type\":\"Person\",\"@id\":\"https:\\\/\\\/www.jornalja.com.br\\\/arquivo\\\/author\\\/daredacao\\\/#author\",\"url\":\"https:\\\/\\\/www.jornalja.com.br\\\/arquivo\\\/author\\\/daredacao\\\/\",\"name\":\"da Reda\\u00e7\\u00e3o\",\"image\":{\"@type\":\"ImageObject\",\"@id\":\"https:\\\/\\\/www.jornalja.com.br\\\/arquivo\\\/mantida-multa-de-r-200-mil-para-envolvidos-na-fraude-do-leite\\\/#authorImage\",\"url\":\"https:\\\/\\\/secure.gravatar.com\\\/avatar\\\/469fd857d6605ad19919d27ed29d35a968a25f6e8fd9318356bbb7f57aae9c65?s=96&d=mm&r=g\",\"width\":96,\"height\":96,\"caption\":\"da Reda\\u00e7\\u00e3o\"}},{\"@type\":\"WebPage\",\"@id\":\"https:\\\/\\\/www.jornalja.com.br\\\/arquivo\\\/mantida-multa-de-r-200-mil-para-envolvidos-na-fraude-do-leite\\\/#webpage\",\"url\":\"https:\\\/\\\/www.jornalja.com.br\\\/arquivo\\\/mantida-multa-de-r-200-mil-para-envolvidos-na-fraude-do-leite\\\/\",\"name\":\"Mantida multa de R$ 200 mil para envolvidos na fraude do leite | Arquivo\",\"inLanguage\":\"pt-BR\",\"isPartOf\":{\"@id\":\"https:\\\/\\\/www.jornalja.com.br\\\/arquivo\\\/#website\"},\"breadcrumb\":{\"@id\":\"https:\\\/\\\/www.jornalja.com.br\\\/arquivo\\\/mantida-multa-de-r-200-mil-para-envolvidos-na-fraude-do-leite\\\/#breadcrumblist\"},\"author\":{\"@id\":\"https:\\\/\\\/www.jornalja.com.br\\\/arquivo\\\/author\\\/daredacao\\\/#author\"},\"creator\":{\"@id\":\"https:\\\/\\\/www.jornalja.com.br\\\/arquivo\\\/author\\\/daredacao\\\/#author\"},\"datePublished\":\"2017-06-12T17:24:58-03:00\",\"dateModified\":\"2017-06-12T17:24:58-03:00\"},{\"@type\":\"WebSite\",\"@id\":\"https:\\\/\\\/www.jornalja.com.br\\\/arquivo\\\/#website\",\"url\":\"https:\\\/\\\/www.jornalja.com.br\\\/arquivo\\\/\",\"name\":\"Arquivo\",\"description\":\"Jornal J\\u00c1 | Porto Alegre\",\"inLanguage\":\"pt-BR\",\"publisher\":{\"@id\":\"https:\\\/\\\/www.jornalja.com.br\\\/arquivo\\\/#organization\"}}]}\n\t\t<\/script>\n\t\t<!-- All in One SEO -->\n\n","aioseo_head_json":{"title":"Mantida multa de R$ 200 mil para envolvidos na fraude do leite | Arquivo","description":"","canonical_url":"https:\/\/www.jornalja.com.br\/arquivo\/mantida-multa-de-r-200-mil-para-envolvidos-na-fraude-do-leite\/","robots":"max-image-preview:large","keywords":"","webmasterTools":{"miscellaneous":""},"schema":{"@context":"https:\/\/schema.org","@graph":[{"@type":"BlogPosting","@id":"https:\/\/www.jornalja.com.br\/arquivo\/mantida-multa-de-r-200-mil-para-envolvidos-na-fraude-do-leite\/#blogposting","name":"Mantida multa de R$ 200 mil para envolvidos na fraude do leite | Arquivo","headline":"Mantida multa de R$ 200 mil para envolvidos na fraude do leite","author":{"@id":"https:\/\/www.jornalja.com.br\/arquivo\/author\/daredacao\/#author"},"publisher":{"@id":"https:\/\/www.jornalja.com.br\/arquivo\/#organization"},"image":{"@type":"ImageObject","url":"https:\/\/www.jornalja.com.br\/wp-content\/uploads\/cards\/JAslogan.png","@id":"https:\/\/www.jornalja.com.br\/arquivo\/#articleImage"},"datePublished":"2017-06-12T17:24:58-03:00","dateModified":"2017-06-12T17:24:58-03:00","inLanguage":"pt-BR","mainEntityOfPage":{"@id":"https:\/\/www.jornalja.com.br\/arquivo\/mantida-multa-de-r-200-mil-para-envolvidos-na-fraude-do-leite\/#webpage"},"isPartOf":{"@id":"https:\/\/www.jornalja.com.br\/arquivo\/mantida-multa-de-r-200-mil-para-envolvidos-na-fraude-do-leite\/#webpage"},"articleSection":"NOTAS"},{"@type":"BreadcrumbList","@id":"https:\/\/www.jornalja.com.br\/arquivo\/mantida-multa-de-r-200-mil-para-envolvidos-na-fraude-do-leite\/#breadcrumblist","itemListElement":[{"@type":"ListItem","@id":"https:\/\/www.jornalja.com.br\/arquivo#listItem","position":1,"name":"Home","item":"https:\/\/www.jornalja.com.br\/arquivo","nextItem":{"@type":"ListItem","@id":"https:\/\/www.jornalja.com.br\/arquivo\/category\/notas\/#listItem","name":"NOTAS"}},{"@type":"ListItem","@id":"https:\/\/www.jornalja.com.br\/arquivo\/category\/notas\/#listItem","position":2,"name":"NOTAS","item":"https:\/\/www.jornalja.com.br\/arquivo\/category\/notas\/","nextItem":{"@type":"ListItem","@id":"https:\/\/www.jornalja.com.br\/arquivo\/mantida-multa-de-r-200-mil-para-envolvidos-na-fraude-do-leite\/#listItem","name":"Mantida multa de R$ 200 mil para envolvidos na fraude do leite"},"previousItem":{"@type":"ListItem","@id":"https:\/\/www.jornalja.com.br\/arquivo#listItem","name":"Home"}},{"@type":"ListItem","@id":"https:\/\/www.jornalja.com.br\/arquivo\/mantida-multa-de-r-200-mil-para-envolvidos-na-fraude-do-leite\/#listItem","position":3,"name":"Mantida multa de R$ 200 mil para envolvidos na fraude do leite","previousItem":{"@type":"ListItem","@id":"https:\/\/www.jornalja.com.br\/arquivo\/category\/notas\/#listItem","name":"NOTAS"}}]},{"@type":"Organization","@id":"https:\/\/www.jornalja.com.br\/arquivo\/#organization","name":"Jornal J\u00c1","description":"Jornal J\u00c1 | Porto Alegre","url":"https:\/\/www.jornalja.com.br\/arquivo\/","telephone":"+555133307272","logo":{"@type":"ImageObject","url":"https:\/\/www.jornalja.com.br\/wp-content\/uploads\/cards\/JAslogan.png","@id":"https:\/\/www.jornalja.com.br\/arquivo\/mantida-multa-de-r-200-mil-para-envolvidos-na-fraude-do-leite\/#organizationLogo"},"image":{"@id":"https:\/\/www.jornalja.com.br\/arquivo\/mantida-multa-de-r-200-mil-para-envolvidos-na-fraude-do-leite\/#organizationLogo"}},{"@type":"Person","@id":"https:\/\/www.jornalja.com.br\/arquivo\/author\/daredacao\/#author","url":"https:\/\/www.jornalja.com.br\/arquivo\/author\/daredacao\/","name":"da Reda\u00e7\u00e3o","image":{"@type":"ImageObject","@id":"https:\/\/www.jornalja.com.br\/arquivo\/mantida-multa-de-r-200-mil-para-envolvidos-na-fraude-do-leite\/#authorImage","url":"https:\/\/secure.gravatar.com\/avatar\/469fd857d6605ad19919d27ed29d35a968a25f6e8fd9318356bbb7f57aae9c65?s=96&d=mm&r=g","width":96,"height":96,"caption":"da Reda\u00e7\u00e3o"}},{"@type":"WebPage","@id":"https:\/\/www.jornalja.com.br\/arquivo\/mantida-multa-de-r-200-mil-para-envolvidos-na-fraude-do-leite\/#webpage","url":"https:\/\/www.jornalja.com.br\/arquivo\/mantida-multa-de-r-200-mil-para-envolvidos-na-fraude-do-leite\/","name":"Mantida multa de R$ 200 mil para envolvidos na fraude do leite | Arquivo","inLanguage":"pt-BR","isPartOf":{"@id":"https:\/\/www.jornalja.com.br\/arquivo\/#website"},"breadcrumb":{"@id":"https:\/\/www.jornalja.com.br\/arquivo\/mantida-multa-de-r-200-mil-para-envolvidos-na-fraude-do-leite\/#breadcrumblist"},"author":{"@id":"https:\/\/www.jornalja.com.br\/arquivo\/author\/daredacao\/#author"},"creator":{"@id":"https:\/\/www.jornalja.com.br\/arquivo\/author\/daredacao\/#author"},"datePublished":"2017-06-12T17:24:58-03:00","dateModified":"2017-06-12T17:24:58-03:00"},{"@type":"WebSite","@id":"https:\/\/www.jornalja.com.br\/arquivo\/#website","url":"https:\/\/www.jornalja.com.br\/arquivo\/","name":"Arquivo","description":"Jornal J\u00c1 | Porto Alegre","inLanguage":"pt-BR","publisher":{"@id":"https:\/\/www.jornalja.com.br\/arquivo\/#organization"}}]},"og:locale":"pt_BR","og:site_name":"Arquivo | Jornal J\u00c1 | Porto Alegre","og:type":"article","og:title":"Mantida multa de R$ 200 mil para envolvidos na fraude do leite | Arquivo","og:url":"https:\/\/www.jornalja.com.br\/arquivo\/mantida-multa-de-r-200-mil-para-envolvidos-na-fraude-do-leite\/","og:image":"https:\/\/www.jornalja.com.br\/economics\/wp-content\/uploads\/sites\/11\/2026\/08\/ja-folhaderosto-facebook.jpg","og:image:secure_url":"https:\/\/www.jornalja.com.br\/economics\/wp-content\/uploads\/sites\/11\/2026\/08\/ja-folhaderosto-facebook.jpg","article:published_time":"2017-06-12T20:24:58+00:00","article:modified_time":"2017-06-12T20:24:58+00:00","twitter:card":"summary","twitter:title":"Mantida multa de R$ 200 mil para envolvidos na fraude do leite | Arquivo","twitter:image":"https:\/\/www.jornalja.com.br\/economics\/wp-content\/uploads\/sites\/11\/2026\/08\/ja-folhaderosto-facebook.jpg"},"aioseo_meta_data":{"post_id":"49912","title":null,"description":null,"keywords":null,"keyphrases":null,"primary_term":null,"canonical_url":null,"og_title":null,"og_description":null,"og_object_type":"default","og_image_type":"default","og_image_url":null,"og_image_width":null,"og_image_height":null,"og_image_custom_url":null,"og_image_custom_fields":null,"og_video":null,"og_custom_url":null,"og_article_section":null,"og_article_tags":null,"twitter_use_og":false,"twitter_card":"default","twitter_image_type":"default","twitter_image_url":null,"twitter_image_custom_url":null,"twitter_image_custom_fields":null,"twitter_title":null,"twitter_description":null,"schema":{"blockGraphs":[],"customGraphs":[],"default":{"data":{"Article":[],"Course":[],"Dataset":[],"FAQPage":[],"Movie":[],"Person":[],"Product":[],"ProductReview":[],"Car":[],"Recipe":[],"Service":[],"SoftwareApplication":[],"WebPage":[]},"graphName":"","isEnabled":true},"graphs":[]},"schema_type":null,"schema_type_options":null,"pillar_content":false,"robots_default":true,"robots_noindex":false,"robots_noarchive":false,"robots_nosnippet":false,"robots_nofollow":false,"robots_noimageindex":false,"robots_noodp":false,"robots_notranslate":false,"robots_max_snippet":null,"robots_max_videopreview":null,"robots_max_imagepreview":"large","priority":null,"frequency":null,"location":null,"local_seo":null,"breadcrumb_settings":null,"limit_modified_date":false,"ai":null,"created":"2020-12-20 20:32:00","updated":"2025-07-19 22:12:06","seo_analyzer_scan_date":null,"focus_keyword":null,"additional_keywords":null,"truseo_locale":null},"jetpack_sharing_enabled":true,"jetpack-related-posts":[{"id":12960,"url":"https:\/\/www.jornalja.com.br\/arquivo\/populacao-culpa-empresas-pela-greve-dos-rodoviarios\/","url_meta":{"origin":49912,"position":0},"title":"Popula\u00e7\u00e3o culpa empresas pela greve","author":"Patr\u00edcia Marini","date":"14 de fevereiro de 2014","format":false,"excerpt":"Pesquisa divulgada na edi\u00e7\u00e3o do jornal Metro desta sexta-feira,14, comprova o velho ditado: \u00e9 poss\u00edvel enganar muitos por algum tempo, mas n\u00e3o \u00e9 poss\u00edvel enganar a todos o tempo inteiro. A principal revela\u00e7\u00e3o foi que 59,8% dos entrevistados apontaram as empresas como as principais respons\u00e1veis pela grave e 46% culparam\u2026","rel":"","context":"Em &quot;X.Categorias velhas&quot;","block_context":{"text":"X.Categorias velhas","link":"https:\/\/www.jornalja.com.br\/arquivo\/category\/x-categorias-velhas\/"},"img":{"alt_text":"","src":"","width":0,"height":0},"classes":[]}],"jetpack_shortlink":"https:\/\/wp.me\/pbQjBd-cZ2","jetpack_featured_media_url":"","_links":{"self":[{"href":"https:\/\/www.jornalja.com.br\/arquivo\/wp-json\/wp\/v2\/posts\/49912","targetHints":{"allow":["GET"]}}],"collection":[{"href":"https:\/\/www.jornalja.com.br\/arquivo\/wp-json\/wp\/v2\/posts"}],"about":[{"href":"https:\/\/www.jornalja.com.br\/arquivo\/wp-json\/wp\/v2\/types\/post"}],"author":[{"embeddable":true,"href":"https:\/\/www.jornalja.com.br\/arquivo\/wp-json\/wp\/v2\/users\/4"}],"replies":[{"embeddable":true,"href":"https:\/\/www.jornalja.com.br\/arquivo\/wp-json\/wp\/v2\/comments?post=49912"}],"version-history":[{"count":0,"href":"https:\/\/www.jornalja.com.br\/arquivo\/wp-json\/wp\/v2\/posts\/49912\/revisions"}],"wp:attachment":[{"href":"https:\/\/www.jornalja.com.br\/arquivo\/wp-json\/wp\/v2\/media?parent=49912"}],"wp:term":[{"taxonomy":"category","embeddable":true,"href":"https:\/\/www.jornalja.com.br\/arquivo\/wp-json\/wp\/v2\/categories?post=49912"},{"taxonomy":"post_tag","embeddable":true,"href":"https:\/\/www.jornalja.com.br\/arquivo\/wp-json\/wp\/v2\/tags?post=49912"}],"curies":[{"name":"wp","href":"https:\/\/api.w.org\/{rel}","templated":true}]}}