{"id":49920,"date":"2017-06-13T09:43:00","date_gmt":"2017-06-13T12:43:00","guid":{"rendered":"https:\/\/www.jornalja.com.br\/?p=49920"},"modified":"2017-06-13T09:43:00","modified_gmt":"2017-06-13T12:43:00","slug":"isencoes-de-impostos-campanha-para-abrir-a-caixa-preta","status":"publish","type":"post","link":"https:\/\/www.jornalja.com.br\/arquivo\/isencoes-de-impostos-campanha-para-abrir-a-caixa-preta\/","title":{"rendered":"Isen\u00e7\u00f5es de impostos: Campanha para abrir a caixa preta"},"content":{"rendered":"<p>Trinta e seis entidades, entre elas sindicatos de servidores, associa\u00e7\u00e3o de ju\u00edzes e do Minist\u00e9rio P\u00fablico, j\u00e1 aderiram ao movimento que pede uma Comiss\u00e3o Parlamentar de Inqu\u00e9rito para investigar as isen\u00e7\u00f5es de impostos a grupos privados no Estado.<br \/>\n\u201cNingu\u00e9m \u00e9 contra os incentivos. Mas tem que haver transpar\u00eancia, tem que se saber o que est\u00e1 sendo feito com o dinheiro p\u00fablico\u201d, diz Carlos De Martini, presidente do Sindicato dos Fiscais de Tributos do Estado (Afocefe), que lidera o movimento.<br \/>\nEle aponta um estudo feito pela FEE: s\u00f3 em 2015, os cofres estaduais deixaram de arrecadar R$ 9 bilh\u00f5es em desonera\u00e7\u00f5es do ICMS, o principal imposto estadual (Confira no quadro os dez maiores benefici\u00e1rios). Se forem somadas as isen\u00e7\u00f5es por leis federais, a ren\u00fancia pode chegar a R$ 13 bilh\u00f5es anuais. \u201c\u00c9 muito, s\u00e3o contratos bilion\u00e1rios, mas nem o Minist\u00e9rio P\u00fablico de Contas obt\u00e9m informa\u00e7\u00f5es\u201d, diz De Martini.<br \/>\nUma \u201cCPI dos Benef\u00edcios Fiscais\u201d est\u00e1 proposta na Assembleia desde o ano passado, pelo deputado Luis Augusto Lara (PTB), mas esbarra nos interesses dos maiores partidos. S\u00e3o necess\u00e1rios 19 assinantes para aprovar a CPI, mas at\u00e9 agora apenas 13 deputados se dispuseram a assinar o requerimento.\u00a0E n\u00e3o h\u00e1 perspectiva de avan\u00e7o. \u201cTodos foram governo e todos os governos concederam incentivos, temem que sirva para jogo pol\u00edtico\u201d, diz Lara<br \/>\nPor isso, o movimento das entidades est\u00e1 indo \u00e0s ruas colher assinaturas para pressionar os deputados. A meta \u00e9 um milh\u00e3o de assinaturas. A mobiliza\u00e7\u00e3o se estender\u00e1 a todas as regi\u00f5es do Estado.<br \/>\nO PT, a maior bancada da casa, antes a favor de uma investiga\u00e7\u00e3o, voltou atr\u00e1s. \u201cN\u00e3o \u00e9 nossa prioridade no momento\u201d justificou o l\u00edder do partido, o deputado Tarc\u00edsio Zimmermann.<br \/>\nOs parlamentares do PMDB, partido do governo, tamb\u00e9m n\u00e3o assinaram, apesar de negar uma decis\u00e3o conjunta. O l\u00edder da bancada, deputado Vilmar Zanchin, justificou a desnecessidade da CPI: \u201cn\u00e3o h\u00e1 caixa preta sobre as isen\u00e7\u00f5es ficais\u201d. Zanchin destacou que o governo disponibiliza o portal Receita Dados, onde \u00e9 poss\u00edvel consultar o nome das empresas beneficiadas.<br \/>\nJ\u00e1 no PP a decis\u00e3o foi conjunta. O deputado S\u00e9rgio Turra, l\u00edder do\u00a0partido, atrav\u00e9s de sua assessoria, alegou que a bancada decidiu n\u00e3o assinar o requerimento por tratar-se de um movimento pol\u00edtico do proponente.<br \/>\n<span class=\"intertit\">Os dez maiores benefici\u00e1rios (Fonte: Afocefe)<\/span><br \/>\n<strong>Empresa \u00a0 \u00a0 \u00a0 \u00a0 \u00a0 \u00a0 \u00a0 Beneficio em\u00a0\u00a0\u00a0 Empregos<\/strong><br \/>\n<strong> \u00a0\u00a0\u00a0\u00a0\u00a0\u00a0\u00a0\u00a0\u00a0\u00a0\u00a0\u00a0\u00a0\u00a0\u00a0\u00a0\u00a0\u00a0\u00a0\u00a0\u00a0\u00a0\u00a0\u00a0\u00a0\u00a0\u00a0\u00a0\u00a0 R$ mih\u00f5es<\/strong><br \/>\n<strong>Videolar-Innova<\/strong>\u00a0 \u00a0 343,41 \u00a0 \u00a0 \u00a0 \u00a0 \u00a0 \u00a0 \u00a0 \u00a05<br \/>\n<strong>Fibraplac \u00a0 \u00a0 \u00a0 \u00a0 \u00a0 \u00a0<\/strong>\u00a0 293,25 \u00a0 \u00a0 \u00a0 \u00a0 \u00a0 \u00a0 \u00a0 363<br \/>\n<strong>John Deere<\/strong>\u00a0 \u00a0 \u00a0 \u00a0 \u00a0 258,90 \u00a0 \u00a0 \u00a0 \u00a0 \u00a0 \u00a0 \u00a0 500<br \/>\n<strong>Duratex \u00a0 \u00a0 \u00a0 \u00a0 \u00a0 \u00a0 \u00a0 \u00a0<\/strong>250,14 \u00a0 \u00a0 \u00a0 \u00a0 \u00a0 \u00a0 \u00a0 93<br \/>\n<strong>Masisa \u00a0 \u00a0 \u00a0 \u00a0 \u00a0 \u00a0 \u00a0 \u00a0<\/strong> 241,35 \u00a0 \u00a0 \u00a0\u00a0 \u00a0 \u00a0 \u00a0 221<br \/>\n<strong>Brasil Kirin<\/strong> \u00a0 \u00a0 \u00a0 \u00a0 \u00a0 191,11 \u00a0 \u00a0 \u00a0 \u00a0 \u00a0 \u00a0 \u00a0360<br \/>\n<strong>Oleoplan<\/strong>\u00a0 \u00a0 \u00a0 \u00a0 \u00a0 \u00a0 \u00a0 179,95 \u00a0 \u00a0 \u00a0 \u00a0 \u00a0 \u00a0 \u00a0434<br \/>\n<strong>Gerdau<\/strong>\u00a0 \u00a0 \u00a0 \u00a0 \u00a0 \u00a0 \u00a0 \u00a0 146,30 \u00a0 \u00a0 \u00a0 \u00a0 \u00a0 \u00a0 \u00a073<br \/>\n<strong>Biodiesel Sul<\/strong>\u00a0 \u00a0 \u00a0 \u00a0146,13 \u00a0 \u00a0 \u00a0 \u00a0 \u00a0 \u00a0 \u00a0231<br \/>\n<strong>Philip Morris<\/strong>\u00a0 \u00a0 \u00a0 \u00a0 133,01 \u00a0 \u00a0 \u00a0 \u00a0 \u00a0 \u00a0 \u00a0 26<br \/>\n<strong>Total \u00a0 \u00a0 \u00a0 \u00a0 \u00a0 \u00a0 \u00a0 \u00a0 \u00a0 2.183,54 \u00a0 \u00a0 \u00a0 \u00a0 \u00a0 2.306<\/strong><br \/>\n&nbsp;<br \/>\n&nbsp;<\/p>\n","protected":false},"excerpt":{"rendered":"<p>Trinta e seis entidades, entre elas sindicatos de servidores, associa\u00e7\u00e3o de ju\u00edzes e do Minist\u00e9rio P\u00fablico, j\u00e1 aderiram ao movimento que pede uma Comiss\u00e3o Parlamentar de Inqu\u00e9rito para investigar as isen\u00e7\u00f5es de impostos a grupos privados no Estado. \u201cNingu\u00e9m \u00e9 contra os incentivos. Mas tem que haver transpar\u00eancia, tem que se saber o que est\u00e1 [&hellip;]<\/p>\n","protected":false},"author":4,"featured_media":49921,"comment_status":"open","ping_status":"closed","sticky":false,"template":"","format":"standard","meta":{"_jetpack_newsletter_access":"","_jetpack_dont_email_post_to_subs":false,"_jetpack_newsletter_tier_id":0,"_jetpack_memberships_contains_paywalled_content":false,"_jetpack_feature_clip_id":0,"_jetpack_memberships_contains_paid_content":false,"footnotes":"","jetpack_post_was_ever_published":false},"categories":[26],"tags":[],"class_list":["post-49920","post","type-post","status-publish","format-standard","has-post-thumbnail","hentry","category-geral"],"aioseo_notices":[],"aioseo_head":"\n\t\t<!-- All in One SEO 5.0.1.1 - aioseo.com -->\n\t<meta name=\"robots\" content=\"max-image-preview:large\" \/>\n\t<meta name=\"author\" content=\"da Reda\u00e7\u00e3o\"\/>\n\t<link rel=\"canonical\" href=\"https:\/\/www.jornalja.com.br\/arquivo\/isencoes-de-impostos-campanha-para-abrir-a-caixa-preta\/\" \/>\n\t<meta name=\"generator\" content=\"All in One SEO (AIOSEO) 5.0.1.1\" \/>\n\t\t<meta property=\"og:locale\" content=\"pt_BR\" \/>\n\t\t<meta property=\"og:site_name\" content=\"Arquivo | Jornal J\u00c1 | Porto Alegre\" \/>\n\t\t<meta property=\"og:type\" content=\"article\" \/>\n\t\t<meta property=\"og:title\" content=\"Isen\u00e7\u00f5es de impostos: Campanha para abrir a caixa preta | Arquivo\" \/>\n\t\t<meta property=\"og:url\" content=\"https:\/\/www.jornalja.com.br\/arquivo\/isencoes-de-impostos-campanha-para-abrir-a-caixa-preta\/\" \/>\n\t\t<meta property=\"og:image\" content=\"https:\/\/www.jornalja.com.br\/economics\/wp-content\/uploads\/sites\/11\/2026\/08\/ja-folhaderosto-facebook.jpg\" \/>\n\t\t<meta property=\"og:image:secure_url\" content=\"https:\/\/www.jornalja.com.br\/economics\/wp-content\/uploads\/sites\/11\/2026\/08\/ja-folhaderosto-facebook.jpg\" \/>\n\t\t<meta property=\"article:published_time\" content=\"2017-06-13T12:43:00+00:00\" \/>\n\t\t<meta property=\"article:modified_time\" content=\"2017-06-13T12:43:00+00:00\" \/>\n\t\t<meta name=\"twitter:card\" content=\"summary\" \/>\n\t\t<meta name=\"twitter:title\" content=\"Isen\u00e7\u00f5es de impostos: Campanha para abrir a caixa preta | Arquivo\" \/>\n\t\t<meta name=\"twitter:image\" content=\"https:\/\/www.jornalja.com.br\/economics\/wp-content\/uploads\/sites\/11\/2026\/08\/ja-folhaderosto-facebook.jpg\" \/>\n\t\t<script type=\"application\/ld+json\" class=\"aioseo-schema\">\n\t\t\t{\"@context\":\"https:\\\/\\\/schema.org\",\"@graph\":[{\"@type\":\"BlogPosting\",\"@id\":\"https:\\\/\\\/www.jornalja.com.br\\\/arquivo\\\/isencoes-de-impostos-campanha-para-abrir-a-caixa-preta\\\/#blogposting\",\"name\":\"Isen\\u00e7\\u00f5es de impostos: Campanha para abrir a caixa preta | Arquivo\",\"headline\":\"Isen\\u00e7\\u00f5es de impostos: Campanha para abrir a caixa preta\",\"author\":{\"@id\":\"https:\\\/\\\/www.jornalja.com.br\\\/arquivo\\\/author\\\/daredacao\\\/#author\"},\"publisher\":{\"@id\":\"https:\\\/\\\/www.jornalja.com.br\\\/arquivo\\\/#organization\"},\"image\":{\"@type\":\"ImageObject\",\"url\":49921},\"datePublished\":\"2017-06-13T09:43:00-03:00\",\"dateModified\":\"2017-06-13T09:43:00-03:00\",\"inLanguage\":\"pt-BR\",\"mainEntityOfPage\":{\"@id\":\"https:\\\/\\\/www.jornalja.com.br\\\/arquivo\\\/isencoes-de-impostos-campanha-para-abrir-a-caixa-preta\\\/#webpage\"},\"isPartOf\":{\"@id\":\"https:\\\/\\\/www.jornalja.com.br\\\/arquivo\\\/isencoes-de-impostos-campanha-para-abrir-a-caixa-preta\\\/#webpage\"},\"articleSection\":\"Geral\"},{\"@type\":\"BreadcrumbList\",\"@id\":\"https:\\\/\\\/www.jornalja.com.br\\\/arquivo\\\/isencoes-de-impostos-campanha-para-abrir-a-caixa-preta\\\/#breadcrumblist\",\"itemListElement\":[{\"@type\":\"ListItem\",\"@id\":\"https:\\\/\\\/www.jornalja.com.br\\\/arquivo#listItem\",\"position\":1,\"name\":\"Home\",\"item\":\"https:\\\/\\\/www.jornalja.com.br\\\/arquivo\",\"nextItem\":{\"@type\":\"ListItem\",\"@id\":\"https:\\\/\\\/www.jornalja.com.br\\\/arquivo\\\/category\\\/geral\\\/#listItem\",\"name\":\"Geral\"}},{\"@type\":\"ListItem\",\"@id\":\"https:\\\/\\\/www.jornalja.com.br\\\/arquivo\\\/category\\\/geral\\\/#listItem\",\"position\":2,\"name\":\"Geral\",\"item\":\"https:\\\/\\\/www.jornalja.com.br\\\/arquivo\\\/category\\\/geral\\\/\",\"nextItem\":{\"@type\":\"ListItem\",\"@id\":\"https:\\\/\\\/www.jornalja.com.br\\\/arquivo\\\/isencoes-de-impostos-campanha-para-abrir-a-caixa-preta\\\/#listItem\",\"name\":\"Isen\\u00e7\\u00f5es de impostos: Campanha para abrir a caixa preta\"},\"previousItem\":{\"@type\":\"ListItem\",\"@id\":\"https:\\\/\\\/www.jornalja.com.br\\\/arquivo#listItem\",\"name\":\"Home\"}},{\"@type\":\"ListItem\",\"@id\":\"https:\\\/\\\/www.jornalja.com.br\\\/arquivo\\\/isencoes-de-impostos-campanha-para-abrir-a-caixa-preta\\\/#listItem\",\"position\":3,\"name\":\"Isen\\u00e7\\u00f5es de impostos: Campanha para abrir a caixa preta\",\"previousItem\":{\"@type\":\"ListItem\",\"@id\":\"https:\\\/\\\/www.jornalja.com.br\\\/arquivo\\\/category\\\/geral\\\/#listItem\",\"name\":\"Geral\"}}]},{\"@type\":\"Organization\",\"@id\":\"https:\\\/\\\/www.jornalja.com.br\\\/arquivo\\\/#organization\",\"name\":\"Jornal J\\u00c1\",\"description\":\"Jornal J\\u00c1 | Porto Alegre\",\"url\":\"https:\\\/\\\/www.jornalja.com.br\\\/arquivo\\\/\",\"telephone\":\"+555133307272\",\"logo\":{\"@type\":\"ImageObject\",\"url\":\"https:\\\/\\\/www.jornalja.com.br\\\/wp-content\\\/uploads\\\/cards\\\/JAslogan.png\",\"@id\":\"https:\\\/\\\/www.jornalja.com.br\\\/arquivo\\\/isencoes-de-impostos-campanha-para-abrir-a-caixa-preta\\\/#organizationLogo\"},\"image\":{\"@id\":\"https:\\\/\\\/www.jornalja.com.br\\\/arquivo\\\/isencoes-de-impostos-campanha-para-abrir-a-caixa-preta\\\/#organizationLogo\"}},{\"@type\":\"Person\",\"@id\":\"https:\\\/\\\/www.jornalja.com.br\\\/arquivo\\\/author\\\/daredacao\\\/#author\",\"url\":\"https:\\\/\\\/www.jornalja.com.br\\\/arquivo\\\/author\\\/daredacao\\\/\",\"name\":\"da Reda\\u00e7\\u00e3o\",\"image\":{\"@type\":\"ImageObject\",\"@id\":\"https:\\\/\\\/www.jornalja.com.br\\\/arquivo\\\/isencoes-de-impostos-campanha-para-abrir-a-caixa-preta\\\/#authorImage\",\"url\":\"https:\\\/\\\/secure.gravatar.com\\\/avatar\\\/469fd857d6605ad19919d27ed29d35a968a25f6e8fd9318356bbb7f57aae9c65?s=96&d=mm&r=g\",\"width\":96,\"height\":96,\"caption\":\"da Reda\\u00e7\\u00e3o\"}},{\"@type\":\"WebPage\",\"@id\":\"https:\\\/\\\/www.jornalja.com.br\\\/arquivo\\\/isencoes-de-impostos-campanha-para-abrir-a-caixa-preta\\\/#webpage\",\"url\":\"https:\\\/\\\/www.jornalja.com.br\\\/arquivo\\\/isencoes-de-impostos-campanha-para-abrir-a-caixa-preta\\\/\",\"name\":\"Isen\\u00e7\\u00f5es de impostos: Campanha para abrir a caixa preta | Arquivo\",\"inLanguage\":\"pt-BR\",\"isPartOf\":{\"@id\":\"https:\\\/\\\/www.jornalja.com.br\\\/arquivo\\\/#website\"},\"breadcrumb\":{\"@id\":\"https:\\\/\\\/www.jornalja.com.br\\\/arquivo\\\/isencoes-de-impostos-campanha-para-abrir-a-caixa-preta\\\/#breadcrumblist\"},\"author\":{\"@id\":\"https:\\\/\\\/www.jornalja.com.br\\\/arquivo\\\/author\\\/daredacao\\\/#author\"},\"creator\":{\"@id\":\"https:\\\/\\\/www.jornalja.com.br\\\/arquivo\\\/author\\\/daredacao\\\/#author\"},\"image\":{\"@type\":\"ImageObject\",\"url\":49921,\"@id\":\"https:\\\/\\\/www.jornalja.com.br\\\/arquivo\\\/isencoes-de-impostos-campanha-para-abrir-a-caixa-preta\\\/#mainImage\"},\"primaryImageOfPage\":{\"@id\":\"https:\\\/\\\/www.jornalja.com.br\\\/arquivo\\\/isencoes-de-impostos-campanha-para-abrir-a-caixa-preta\\\/#mainImage\"},\"datePublished\":\"2017-06-13T09:43:00-03:00\",\"dateModified\":\"2017-06-13T09:43:00-03:00\"},{\"@type\":\"WebSite\",\"@id\":\"https:\\\/\\\/www.jornalja.com.br\\\/arquivo\\\/#website\",\"url\":\"https:\\\/\\\/www.jornalja.com.br\\\/arquivo\\\/\",\"name\":\"Arquivo\",\"description\":\"Jornal J\\u00c1 | Porto Alegre\",\"inLanguage\":\"pt-BR\",\"publisher\":{\"@id\":\"https:\\\/\\\/www.jornalja.com.br\\\/arquivo\\\/#organization\"}}]}\n\t\t<\/script>\n\t\t<!-- All in One SEO -->\n\n","aioseo_head_json":{"title":"Isen\u00e7\u00f5es de impostos: Campanha para abrir a caixa preta | Arquivo","description":"","canonical_url":"https:\/\/www.jornalja.com.br\/arquivo\/isencoes-de-impostos-campanha-para-abrir-a-caixa-preta\/","robots":"max-image-preview:large","keywords":"","webmasterTools":{"miscellaneous":""},"schema":{"@context":"https:\/\/schema.org","@graph":[{"@type":"BlogPosting","@id":"https:\/\/www.jornalja.com.br\/arquivo\/isencoes-de-impostos-campanha-para-abrir-a-caixa-preta\/#blogposting","name":"Isen\u00e7\u00f5es de impostos: Campanha para abrir a caixa preta | Arquivo","headline":"Isen\u00e7\u00f5es de impostos: Campanha para abrir a caixa preta","author":{"@id":"https:\/\/www.jornalja.com.br\/arquivo\/author\/daredacao\/#author"},"publisher":{"@id":"https:\/\/www.jornalja.com.br\/arquivo\/#organization"},"image":{"@type":"ImageObject","url":49921},"datePublished":"2017-06-13T09:43:00-03:00","dateModified":"2017-06-13T09:43:00-03:00","inLanguage":"pt-BR","mainEntityOfPage":{"@id":"https:\/\/www.jornalja.com.br\/arquivo\/isencoes-de-impostos-campanha-para-abrir-a-caixa-preta\/#webpage"},"isPartOf":{"@id":"https:\/\/www.jornalja.com.br\/arquivo\/isencoes-de-impostos-campanha-para-abrir-a-caixa-preta\/#webpage"},"articleSection":"Geral"},{"@type":"BreadcrumbList","@id":"https:\/\/www.jornalja.com.br\/arquivo\/isencoes-de-impostos-campanha-para-abrir-a-caixa-preta\/#breadcrumblist","itemListElement":[{"@type":"ListItem","@id":"https:\/\/www.jornalja.com.br\/arquivo#listItem","position":1,"name":"Home","item":"https:\/\/www.jornalja.com.br\/arquivo","nextItem":{"@type":"ListItem","@id":"https:\/\/www.jornalja.com.br\/arquivo\/category\/geral\/#listItem","name":"Geral"}},{"@type":"ListItem","@id":"https:\/\/www.jornalja.com.br\/arquivo\/category\/geral\/#listItem","position":2,"name":"Geral","item":"https:\/\/www.jornalja.com.br\/arquivo\/category\/geral\/","nextItem":{"@type":"ListItem","@id":"https:\/\/www.jornalja.com.br\/arquivo\/isencoes-de-impostos-campanha-para-abrir-a-caixa-preta\/#listItem","name":"Isen\u00e7\u00f5es de impostos: Campanha para abrir a caixa preta"},"previousItem":{"@type":"ListItem","@id":"https:\/\/www.jornalja.com.br\/arquivo#listItem","name":"Home"}},{"@type":"ListItem","@id":"https:\/\/www.jornalja.com.br\/arquivo\/isencoes-de-impostos-campanha-para-abrir-a-caixa-preta\/#listItem","position":3,"name":"Isen\u00e7\u00f5es de impostos: Campanha para abrir a caixa preta","previousItem":{"@type":"ListItem","@id":"https:\/\/www.jornalja.com.br\/arquivo\/category\/geral\/#listItem","name":"Geral"}}]},{"@type":"Organization","@id":"https:\/\/www.jornalja.com.br\/arquivo\/#organization","name":"Jornal J\u00c1","description":"Jornal J\u00c1 | Porto Alegre","url":"https:\/\/www.jornalja.com.br\/arquivo\/","telephone":"+555133307272","logo":{"@type":"ImageObject","url":"https:\/\/www.jornalja.com.br\/wp-content\/uploads\/cards\/JAslogan.png","@id":"https:\/\/www.jornalja.com.br\/arquivo\/isencoes-de-impostos-campanha-para-abrir-a-caixa-preta\/#organizationLogo"},"image":{"@id":"https:\/\/www.jornalja.com.br\/arquivo\/isencoes-de-impostos-campanha-para-abrir-a-caixa-preta\/#organizationLogo"}},{"@type":"Person","@id":"https:\/\/www.jornalja.com.br\/arquivo\/author\/daredacao\/#author","url":"https:\/\/www.jornalja.com.br\/arquivo\/author\/daredacao\/","name":"da Reda\u00e7\u00e3o","image":{"@type":"ImageObject","@id":"https:\/\/www.jornalja.com.br\/arquivo\/isencoes-de-impostos-campanha-para-abrir-a-caixa-preta\/#authorImage","url":"https:\/\/secure.gravatar.com\/avatar\/469fd857d6605ad19919d27ed29d35a968a25f6e8fd9318356bbb7f57aae9c65?s=96&d=mm&r=g","width":96,"height":96,"caption":"da Reda\u00e7\u00e3o"}},{"@type":"WebPage","@id":"https:\/\/www.jornalja.com.br\/arquivo\/isencoes-de-impostos-campanha-para-abrir-a-caixa-preta\/#webpage","url":"https:\/\/www.jornalja.com.br\/arquivo\/isencoes-de-impostos-campanha-para-abrir-a-caixa-preta\/","name":"Isen\u00e7\u00f5es de impostos: Campanha para abrir a caixa preta | Arquivo","inLanguage":"pt-BR","isPartOf":{"@id":"https:\/\/www.jornalja.com.br\/arquivo\/#website"},"breadcrumb":{"@id":"https:\/\/www.jornalja.com.br\/arquivo\/isencoes-de-impostos-campanha-para-abrir-a-caixa-preta\/#breadcrumblist"},"author":{"@id":"https:\/\/www.jornalja.com.br\/arquivo\/author\/daredacao\/#author"},"creator":{"@id":"https:\/\/www.jornalja.com.br\/arquivo\/author\/daredacao\/#author"},"image":{"@type":"ImageObject","url":49921,"@id":"https:\/\/www.jornalja.com.br\/arquivo\/isencoes-de-impostos-campanha-para-abrir-a-caixa-preta\/#mainImage"},"primaryImageOfPage":{"@id":"https:\/\/www.jornalja.com.br\/arquivo\/isencoes-de-impostos-campanha-para-abrir-a-caixa-preta\/#mainImage"},"datePublished":"2017-06-13T09:43:00-03:00","dateModified":"2017-06-13T09:43:00-03:00"},{"@type":"WebSite","@id":"https:\/\/www.jornalja.com.br\/arquivo\/#website","url":"https:\/\/www.jornalja.com.br\/arquivo\/","name":"Arquivo","description":"Jornal J\u00c1 | Porto Alegre","inLanguage":"pt-BR","publisher":{"@id":"https:\/\/www.jornalja.com.br\/arquivo\/#organization"}}]},"og:locale":"pt_BR","og:site_name":"Arquivo | Jornal J\u00c1 | Porto Alegre","og:type":"article","og:title":"Isen\u00e7\u00f5es de impostos: Campanha para abrir a caixa preta | Arquivo","og:url":"https:\/\/www.jornalja.com.br\/arquivo\/isencoes-de-impostos-campanha-para-abrir-a-caixa-preta\/","og:image":"https:\/\/www.jornalja.com.br\/economics\/wp-content\/uploads\/sites\/11\/2026\/08\/ja-folhaderosto-facebook.jpg","og:image:secure_url":"https:\/\/www.jornalja.com.br\/economics\/wp-content\/uploads\/sites\/11\/2026\/08\/ja-folhaderosto-facebook.jpg","article:published_time":"2017-06-13T12:43:00+00:00","article:modified_time":"2017-06-13T12:43:00+00:00","twitter:card":"summary","twitter:title":"Isen\u00e7\u00f5es de impostos: Campanha para abrir a caixa preta | Arquivo","twitter:image":"https:\/\/www.jornalja.com.br\/economics\/wp-content\/uploads\/sites\/11\/2026\/08\/ja-folhaderosto-facebook.jpg"},"aioseo_meta_data":{"post_id":"49920","title":null,"description":null,"keywords":null,"keyphrases":null,"primary_term":null,"canonical_url":null,"og_title":null,"og_description":null,"og_object_type":"default","og_image_type":"default","og_image_url":null,"og_image_width":null,"og_image_height":null,"og_image_custom_url":null,"og_image_custom_fields":null,"og_video":null,"og_custom_url":null,"og_article_section":null,"og_article_tags":null,"twitter_use_og":false,"twitter_card":"default","twitter_image_type":"default","twitter_image_url":null,"twitter_image_custom_url":null,"twitter_image_custom_fields":null,"twitter_title":null,"twitter_description":null,"schema":{"blockGraphs":[],"customGraphs":[],"default":{"data":{"Article":[],"Course":[],"Dataset":[],"FAQPage":[],"Movie":[],"Person":[],"Product":[],"ProductReview":[],"Car":[],"Recipe":[],"Service":[],"SoftwareApplication":[],"WebPage":[]},"graphName":"","isEnabled":true},"graphs":[],"defaultGraph":"","defaultPostTypeGraph":""},"schema_type":null,"schema_type_options":null,"pillar_content":false,"robots_default":true,"robots_noindex":false,"robots_noarchive":false,"robots_nosnippet":false,"robots_nofollow":false,"robots_noimageindex":false,"robots_noodp":false,"robots_notranslate":false,"robots_max_snippet":null,"robots_max_videopreview":null,"robots_max_imagepreview":"large","priority":null,"frequency":null,"location":null,"local_seo":null,"breadcrumb_settings":null,"limit_modified_date":false,"ai":null,"created":"2020-12-20 20:32:00","updated":"2025-07-19 22:12:06","seo_analyzer_scan_date":null,"focus_keyword":null,"additional_keywords":null,"truseo_locale":null},"jetpack_sharing_enabled":true,"jetpack-related-posts":[{"id":5440,"url":"https:\/\/www.jornalja.com.br\/arquivo\/casarao-da-venancio-destino-permanece-incerto\/","url_meta":{"origin":49920,"position":0},"title":"Estado ainda n\u00e3o sabe o que fazer com casar\u00e3o abandonado h\u00e1 20 anos","author":"Elmar Bones","date":"6 de julho de 2009","format":false,"excerpt":"O casar\u00e3o amarelo, numa esquina nobre de Porto Alegre (Ven\u00e2ncio Aires com Jo\u00e3o Pessoa), j\u00e1 abrigou uma escola. H\u00e1 duas d\u00e9cadas, pelo menos, est\u00e1 abandonado, porque seu propriet\u00e1rio, o governo do Estado do Rio Grande do Sul, n\u00e3o consegue achar um destino para ele. Planos n\u00e3o faltaram. O governador Ol\u00edvio\u2026","rel":"","context":"Em &quot;X.Categorias velhas&quot;","block_context":{"text":"X.Categorias velhas","link":"https:\/\/www.jornalja.com.br\/arquivo\/category\/x-categorias-velhas\/"},"img":{"alt_text":"geraldo1","src":"https:\/\/i0.wp.com\/www.jornalja.com.br\/wp-content\/uploads\/2009\/07\/geraldo1.jpg?resize=350%2C200&ssl=1","width":350,"height":200},"classes":[]},{"id":1280,"url":"https:\/\/www.jornalja.com.br\/arquivo\/o-menino-que-se-tornou-brizola\/","url_meta":{"origin":49920,"position":1},"title":"O Menino que se Tornou Brizola","author":"da Reda\u00e7\u00e3o","date":"28 de julho de 2008","format":false,"excerpt":"Autor: Cleber Dioni A vida de Leonel Brizola, com \u00eanfase para os primeiros anos em Porto Alegre, at\u00e9 o ex\u00edlio no Uruguai e a volta, quinze anos depois. \u00a0\"...\u00c9ramos todos jovens e nos identific\u00e1vamos com aquela massa an\u00f4nima a percorrer as ruas de Porto Alegre, gritando 'Get\u00falio', 'Get\u00falio' e empunhando\u2026","rel":"","context":"Em &quot;Livros&quot;","block_context":{"text":"Livros","link":"https:\/\/www.jornalja.com.br\/arquivo\/category\/livros\/"},"img":{"alt_text":"","src":"https:\/\/i0.wp.com\/www.jornalja.com.br\/wp-content\/uploads\/2008\/07\/brizola.gif?resize=350%2C200&ssl=1","width":350,"height":200},"classes":[]},{"id":12960,"url":"https:\/\/www.jornalja.com.br\/arquivo\/populacao-culpa-empresas-pela-greve-dos-rodoviarios\/","url_meta":{"origin":49920,"position":2},"title":"Popula\u00e7\u00e3o culpa empresas pela greve","author":"Patr\u00edcia Marini","date":"14 de fevereiro de 2014","format":false,"excerpt":"Pesquisa divulgada na edi\u00e7\u00e3o do jornal Metro desta sexta-feira,14, comprova o velho ditado: \u00e9 poss\u00edvel enganar muitos por algum tempo, mas n\u00e3o \u00e9 poss\u00edvel enganar a todos o tempo inteiro. A principal revela\u00e7\u00e3o foi que 59,8% dos entrevistados apontaram as empresas como as principais respons\u00e1veis pela grave e 46% culparam\u2026","rel":"","context":"Em &quot;X.Categorias velhas&quot;","block_context":{"text":"X.Categorias velhas","link":"https:\/\/www.jornalja.com.br\/arquivo\/category\/x-categorias-velhas\/"},"img":{"alt_text":"","src":"","width":0,"height":0},"classes":[]},{"id":13124,"url":"https:\/\/www.jornalja.com.br\/arquivo\/sangue-latino-no-iecine\/","url_meta":{"origin":49920,"position":3},"title":"Sangue latino no IECINE","author":"da Reda\u00e7\u00e3o","date":"18 de maio de 2014","format":false,"excerpt":"Francisco Ribeiro O Instituto Estadual de Cinema (IECINE) tem a frente, desde abril \u00faltimo, um novo diretor, o cineasta colombiano Juan Zapata, 36, que substitui Luiz Alberto Cassol. Radicado h\u00e1 dez anos em Porto Alegre, Zapata tem diante de si o desafio de conduzir at\u00e9 o final do ano um\u2026","rel":"","context":"Em &quot;Cultura-Geral&quot;","block_context":{"text":"Cultura-Geral","link":"https:\/\/www.jornalja.com.br\/arquivo\/category\/materiasecundaria\/"},"img":{"alt_text":"","src":"","width":0,"height":0},"classes":[]},{"id":13240,"url":"https:\/\/www.jornalja.com.br\/arquivo\/plano-diretor-estamos-construindo-o-caos\/","url_meta":{"origin":49920,"position":4},"title":"Plano diretor: &quot;Estamos construindo o caos&quot;","author":"Patr\u00edcia Marini","date":"26 de maio de 2014","format":false,"excerpt":"Desabafo que arquiteta Eliana Castilhos, delegada da Regi\u00e3o de Planejamento 1, postou nas redes sociais \u00e9 um testemunho do ambiente que se criou no Conselho do Plano Diretor de Porto Alegre, onde a aprova\u00e7\u00e3o de grandes empreendimentos \u00e9 empurrada guela abaixo dos conselheiros. Ao CMDUA Como delegada da Regi\u00e3o de\u2026","rel":"","context":"Em &quot;Geral&quot;","block_context":{"text":"Geral","link":"https:\/\/www.jornalja.com.br\/arquivo\/category\/geral\/"},"img":{"alt_text":"","src":"","width":0,"height":0},"classes":[]},{"id":13101,"url":"https:\/\/www.jornalja.com.br\/arquivo\/morre-um-guerreiro-do-texto\/","url_meta":{"origin":49920,"position":5},"title":"Morre um guerreiro do texto","author":"Patr\u00edcia Marini","date":"14 de maio de 2014","format":false,"excerpt":"Por Ricardo Kotscho Reproduzido do blog do autor, 11\/5\/2014; t\u00edtulo original \u201cE l\u00e1 se foi o nosso Myltainho, guerreiro do texto\u201d. Mi\u00fado e franzino, meu amigo Myltainho era um valente e inconformado guerreiro na luta contra as injusti\u00e7as sociais, a hipocrisia, as maracutaias, o autoritarismo, a intoler\u00e2ncia, a viol\u00eancia, o\u2026","rel":"","context":"Em &quot;Geral&quot;","block_context":{"text":"Geral","link":"https:\/\/www.jornalja.com.br\/arquivo\/category\/geral\/"},"img":{"alt_text":"","src":"","width":0,"height":0},"classes":[]}],"jetpack_shortlink":"https:\/\/wp.me\/pbQjBd-cZa","jetpack_featured_media_url":"","_links":{"self":[{"href":"https:\/\/www.jornalja.com.br\/arquivo\/wp-json\/wp\/v2\/posts\/49920","targetHints":{"allow":["GET"]}}],"collection":[{"href":"https:\/\/www.jornalja.com.br\/arquivo\/wp-json\/wp\/v2\/posts"}],"about":[{"href":"https:\/\/www.jornalja.com.br\/arquivo\/wp-json\/wp\/v2\/types\/post"}],"author":[{"embeddable":true,"href":"https:\/\/www.jornalja.com.br\/arquivo\/wp-json\/wp\/v2\/users\/4"}],"replies":[{"embeddable":true,"href":"https:\/\/www.jornalja.com.br\/arquivo\/wp-json\/wp\/v2\/comments?post=49920"}],"version-history":[{"count":0,"href":"https:\/\/www.jornalja.com.br\/arquivo\/wp-json\/wp\/v2\/posts\/49920\/revisions"}],"wp:attachment":[{"href":"https:\/\/www.jornalja.com.br\/arquivo\/wp-json\/wp\/v2\/media?parent=49920"}],"wp:term":[{"taxonomy":"category","embeddable":true,"href":"https:\/\/www.jornalja.com.br\/arquivo\/wp-json\/wp\/v2\/categories?post=49920"},{"taxonomy":"post_tag","embeddable":true,"href":"https:\/\/www.jornalja.com.br\/arquivo\/wp-json\/wp\/v2\/tags?post=49920"}],"curies":[{"name":"wp","href":"https:\/\/api.w.org\/{rel}","templated":true}]}}