{"id":49923,"date":"2017-06-13T11:11:22","date_gmt":"2017-06-13T14:11:22","guid":{"rendered":"https:\/\/www.jornalja.com.br\/?p=49923"},"modified":"2017-06-13T11:11:22","modified_gmt":"2017-06-13T14:11:22","slug":"iabrs-inaugura-exposicoes-de-artes-visuais-nesta-quarta","status":"publish","type":"post","link":"https:\/\/www.jornalja.com.br\/arquivo\/iabrs-inaugura-exposicoes-de-artes-visuais-nesta-quarta\/","title":{"rendered":"IAB\/RS inaugura exposi\u00e7\u00f5es de artes visuais nesta quarta"},"content":{"rendered":"<p>O Instituto de Arquitetos do Brasil (IAB\/RS) abre nesta quarta-feira (14), a partir das 19h30min, quatro exposi\u00e7\u00f5es selecionadas em edital, que integram o primeiro ciclo de artes visuais da galeria Espa\u00e7o IAB em 2017. A visita\u00e7\u00e3o ocorre at\u00e9 o dia 14 de julho de 2017, das 13h30 \u00e0s 18h30, de segunda \u00e0 sexta-feira.<br \/>\n<figure id=\"attachment_49931\" aria-describedby=\"caption-attachment-49931\" style=\"width: 767px\" class=\"wp-caption alignnone\"><img loading=\"lazy\" decoding=\"async\" class=\"size-full wp-image-49931\" src=\"https:\/\/www.jornalja.com.br\/wp-content\/uploads\/2017\/06\/Isabella-de-Mendon\u00e7a-_-Instituto-de-Arquitetos-do-Brasil-_-Galeria-Espa\u00e7o-IAB-RS.jpg\" alt=\"\" width=\"767\" height=\"1150\" \/><figcaption id=\"caption-attachment-49931\" class=\"wp-caption-text\">Isabella de Mendon\u00e7a<\/figcaption><\/figure><br \/>\n<strong>NA CIRCULA\u00c7\u00c3O<\/strong><br \/>\n<strong> JARDIM SUSPENSO ISABELLA DE MENDON\u00c7A<\/strong><br \/>\nA exposi\u00e7\u00e3o ser\u00e1 composta por rastros das interven\u00e7\u00f5es que est\u00e3o ocorrendo no Solar IAB durante o per\u00edodo de resid\u00eancia da artista. Os trabalhos ser\u00e3o in\u00e9ditos e pensados para o contexto, evocando as mem\u00f3rias do lugar e sua hist\u00f3ria pol\u00edtica, com interven\u00e7\u00f5es marcadas pela resist\u00eancia. Composta de instala\u00e7\u00f5es, fotografias e bordados, e criando uma narrativa espacial, a exposi\u00e7\u00e3o busca evocar ainda a mem\u00f3ria de mulheres v\u00edtimas de viol\u00eancia. Como plano de fundo para compor essa narrativa, \u00e9 trazida a personagem Of\u00e9lia, da pe\u00e7a Hamlet, com uma leitura contempor\u00e2nea, trabalhando com a hip\u00f3tese de que Of\u00e9lia teria se suicidado por conta dos abusos de Hamlet. A artista revela que as &#8220;mulheres s\u00e3o violentadas desde muito cedo, das maneiras mais sutis e simb\u00f3licas, e essa viol\u00eancia da qual estamos sujeitas, passa pelo nosso processo de subjetiva\u00e7\u00e3o. Ou seja, a viol\u00eancia est\u00e1 na constru\u00e7\u00e3o social e subjetiva da mulher. A minha constru\u00e7\u00e3o como artista tamb\u00e9m \u00e9 permeada por isso e o trabalho surge a partir disso. Como um processo de cura de mem\u00f3rias, revivo em minhas performances abusos j\u00e1 sofridos de forma a &#8220;re-experienci\u00e1-los&#8221; e, na viv\u00eancia em arte, poder criar novos significados e afeta\u00e7\u00f5es, resistir. A import\u00e2ncia dessa exposi\u00e7\u00e3o, para mim, \u00e9 a cria\u00e7\u00e3o de um espa\u00e7o seguro, em suspens\u00e3o, para novas abordagens de fala da subjetividade feminina&#8221;.<br \/>\n<figure id=\"attachment_49929\" aria-describedby=\"caption-attachment-49929\" style=\"width: 1150px\" class=\"wp-caption alignnone\"><img loading=\"lazy\" decoding=\"async\" class=\"size-full wp-image-49929\" src=\"https:\/\/www.jornalja.com.br\/wp-content\/uploads\/2017\/06\/Britto-Velho-alunos-_-Instituto-de-Arquitetos-do-Brasil-_-Galeria-Espa\u00e7o-IAB-RS-2-1.jpg\" alt=\"\" width=\"1150\" height=\"900\" \/><figcaption id=\"caption-attachment-49929\" class=\"wp-caption-text\">Britto Velho &amp; alunos<\/figcaption><\/figure><br \/>\n<strong>NA SALA NEGRA<\/strong><br \/>\n<strong> ATELIER BRITTO VELHO, ALICE SCHIMITT, GUTA, MARIA ISABEL BERTA DORNELES, MASINHO SUSIN, NILSON GUERRA e T\u00c2NIA ROSSARI<\/strong><br \/>\nOs processos criativos inerentes \u00e0 produ\u00e7\u00e3o de cada um dos artistas s\u00e3o diferentes, estando vinculados \u00e0 trajet\u00f3ria individual constru\u00edda pelo ac\u00famulo de trabalho, e a conviv\u00eancia no espa\u00e7o do Atelier Britto Velho estimulou ainda mais esse desenvolvimento, impulsionando a constru\u00e7\u00e3o de linguagem pr\u00f3pria pelos artistas participantes, o que se revela na variedade de manifesta\u00e7\u00f5es. O grupo de artistas vem, desde 1999, realizando exposi\u00e7\u00f5es em museus, como Museu de Trabalho e Museu de Comunica\u00e7\u00e3o Social Hip\u00f3lito Jos\u00e9 da Costa, em galerias de arte, como Galeria Delphus e Alencastro Guimar\u00e3es, bem como em outros espa\u00e7os culturais, como o Instituto Yazigi e o Instituto Cultural Brasileiro Norte-Americano.<br \/>\n<strong>NA SALA ANEXA<\/strong><br \/>\n<strong> ENTRE IMAGENS BRUNO TAMBORENO<\/strong><br \/>\nOs trabalhos desse projeto tiveram in\u00edcio em 2015, e apenas come\u00e7aram a tomar forma e for\u00e7a em meados de 2016, quando j\u00e1 investido algum tempo e observa\u00e7\u00e3o em cada um. Sua constru\u00e7\u00e3o \u00e9 dada por sobreposi\u00e7\u00f5es, apagamentos, redirecionamento do suporte e uma s\u00e9rie de fatores que permitem o artista escapar do h\u00e1bito, ao lidar com dados externos a seu controle. A partir de fotografias tiradas da rua, da janela do apartamento ou de dentro do atelier, o desenho realoca essas situa\u00e7\u00f5es e agrupa esses diversos tempos e espa\u00e7os vividos e registrados, para dar mem\u00f3ria ao papel e consequentemente uma for\u00e7a para a imagem. A busca \u00e9 por envolver, criar sensa\u00e7\u00f5es e estimular o p\u00fablico a ressignificar as imagens segundo sua experi\u00eancia. Tudo partindo de um l\u00e1pis e um papel.<br \/>\n<figure id=\"attachment_49930\" aria-describedby=\"caption-attachment-49930\" style=\"width: 760px\" class=\"wp-caption alignnone\"><img loading=\"lazy\" decoding=\"async\" class=\"size-full wp-image-49930\" src=\"https:\/\/www.jornalja.com.br\/wp-content\/uploads\/2017\/06\/Pena-Cabreira-_-Instituto-de-Arquitetos-do-Brasil-_-Galeria-Espa\u00e7o-IAB-RS.jpg\" alt=\"\" width=\"760\" height=\"1150\" \/><figcaption id=\"caption-attachment-49930\" class=\"wp-caption-text\">Pena Cabreira<\/figcaption><\/figure><br \/>\n<strong>NA SALA DO ARCO<\/strong><br \/>\n<strong> GROTESCOS &amp; DELICADOS PENA CABREIRA<\/strong><br \/>\nO t\u00edtulo &#8220;Grotescos &amp; Delicados&#8221; apresenta uma aparente contradi\u00e7\u00e3o, mas a conjun\u00e7\u00e3o aditiva (&amp;) torna os termos coexistentes e complementares. Os desenhos de Pena Cabreira s\u00e3o compostos dessa ambiguidade: tra\u00e7os \u00e1geis representando figuras humanas &#8211; solit\u00e1rias, ou em dupla &#8211; toscas, r\u00fasticas, mas com express\u00f5es melanc\u00f3licas, pensativas, enigm\u00e1ticas e at\u00e9 delicadas. Esses elementos d\u00e3o \u00e0s composi\u00e7\u00f5es caracter\u00edsticas peculiares e instigantes.<\/p>\n","protected":false},"excerpt":{"rendered":"<p>O Instituto de Arquitetos do Brasil (IAB\/RS) abre nesta quarta-feira (14), a partir das 19h30min, quatro exposi\u00e7\u00f5es selecionadas em edital, que integram o primeiro ciclo de artes visuais da galeria Espa\u00e7o IAB em 2017. A visita\u00e7\u00e3o ocorre at\u00e9 o dia 14 de julho de 2017, das 13h30 \u00e0s 18h30, de segunda \u00e0 sexta-feira. NA CIRCULA\u00c7\u00c3O [&hellip;]<\/p>\n","protected":false},"author":4,"featured_media":49927,"comment_status":"open","ping_status":"closed","sticky":false,"template":"","format":"standard","meta":{"_jetpack_newsletter_access":"","_jetpack_dont_email_post_to_subs":false,"_jetpack_newsletter_tier_id":0,"_jetpack_memberships_contains_paywalled_content":false,"_jetpack_feature_clip_id":0,"_jetpack_memberships_contains_paid_content":false,"footnotes":"","jetpack_post_was_ever_published":false},"categories":[11],"tags":[],"class_list":["post-49923","post","type-post","status-publish","format-standard","has-post-thumbnail","hentry","category-materiasecundaria"],"aioseo_notices":[],"aioseo_head":"\n\t\t<!-- All in One SEO 5.0.1.1 - aioseo.com -->\n\t<meta name=\"robots\" content=\"max-image-preview:large\" \/>\n\t<meta name=\"author\" content=\"da Reda\u00e7\u00e3o\"\/>\n\t<link rel=\"canonical\" href=\"https:\/\/www.jornalja.com.br\/arquivo\/iabrs-inaugura-exposicoes-de-artes-visuais-nesta-quarta\/\" \/>\n\t<meta name=\"generator\" content=\"All in One SEO (AIOSEO) 5.0.1.1\" \/>\n\t\t<meta property=\"og:locale\" content=\"pt_BR\" \/>\n\t\t<meta property=\"og:site_name\" content=\"Arquivo | Jornal J\u00c1 | Porto Alegre\" \/>\n\t\t<meta property=\"og:type\" content=\"article\" \/>\n\t\t<meta property=\"og:title\" content=\"IAB\/RS inaugura exposi\u00e7\u00f5es de artes visuais nesta quarta | Arquivo\" \/>\n\t\t<meta property=\"og:url\" content=\"https:\/\/www.jornalja.com.br\/arquivo\/iabrs-inaugura-exposicoes-de-artes-visuais-nesta-quarta\/\" \/>\n\t\t<meta property=\"og:image\" content=\"https:\/\/www.jornalja.com.br\/wp-content\/uploads\/2017\/06\/Isabella-de-Mendon\u00e7a-_-Instituto-de-Arquitetos-do-Brasil-_-Galeria-Espa\u00e7o-IAB-RS.jpg\" \/>\n\t\t<meta property=\"og:image:secure_url\" content=\"https:\/\/www.jornalja.com.br\/wp-content\/uploads\/2017\/06\/Isabella-de-Mendon\u00e7a-_-Instituto-de-Arquitetos-do-Brasil-_-Galeria-Espa\u00e7o-IAB-RS.jpg\" \/>\n\t\t<meta property=\"article:published_time\" content=\"2017-06-13T14:11:22+00:00\" \/>\n\t\t<meta property=\"article:modified_time\" content=\"2017-06-13T14:11:22+00:00\" \/>\n\t\t<meta name=\"twitter:card\" content=\"summary\" \/>\n\t\t<meta name=\"twitter:title\" content=\"IAB\/RS inaugura exposi\u00e7\u00f5es de artes visuais nesta quarta | Arquivo\" \/>\n\t\t<meta name=\"twitter:image\" content=\"https:\/\/www.jornalja.com.br\/economics\/wp-content\/uploads\/sites\/11\/2026\/08\/ja-folhaderosto-facebook.jpg\" \/>\n\t\t<script type=\"application\/ld+json\" class=\"aioseo-schema\">\n\t\t\t{\"@context\":\"https:\\\/\\\/schema.org\",\"@graph\":[{\"@type\":\"BlogPosting\",\"@id\":\"https:\\\/\\\/www.jornalja.com.br\\\/arquivo\\\/iabrs-inaugura-exposicoes-de-artes-visuais-nesta-quarta\\\/#blogposting\",\"name\":\"IAB\\\/RS inaugura exposi\\u00e7\\u00f5es de artes visuais nesta quarta | Arquivo\",\"headline\":\"IAB\\\/RS inaugura exposi\\u00e7\\u00f5es de artes visuais nesta quarta\",\"author\":{\"@id\":\"https:\\\/\\\/www.jornalja.com.br\\\/arquivo\\\/author\\\/daredacao\\\/#author\"},\"publisher\":{\"@id\":\"https:\\\/\\\/www.jornalja.com.br\\\/arquivo\\\/#organization\"},\"image\":{\"@type\":\"ImageObject\",\"url\":49927},\"datePublished\":\"2017-06-13T11:11:22-03:00\",\"dateModified\":\"2017-06-13T11:11:22-03:00\",\"inLanguage\":\"pt-BR\",\"mainEntityOfPage\":{\"@id\":\"https:\\\/\\\/www.jornalja.com.br\\\/arquivo\\\/iabrs-inaugura-exposicoes-de-artes-visuais-nesta-quarta\\\/#webpage\"},\"isPartOf\":{\"@id\":\"https:\\\/\\\/www.jornalja.com.br\\\/arquivo\\\/iabrs-inaugura-exposicoes-de-artes-visuais-nesta-quarta\\\/#webpage\"},\"articleSection\":\"Cultura-Geral\"},{\"@type\":\"BreadcrumbList\",\"@id\":\"https:\\\/\\\/www.jornalja.com.br\\\/arquivo\\\/iabrs-inaugura-exposicoes-de-artes-visuais-nesta-quarta\\\/#breadcrumblist\",\"itemListElement\":[{\"@type\":\"ListItem\",\"@id\":\"https:\\\/\\\/www.jornalja.com.br\\\/arquivo#listItem\",\"position\":1,\"name\":\"Home\",\"item\":\"https:\\\/\\\/www.jornalja.com.br\\\/arquivo\",\"nextItem\":{\"@type\":\"ListItem\",\"@id\":\"https:\\\/\\\/www.jornalja.com.br\\\/arquivo\\\/category\\\/materiasecundaria\\\/#listItem\",\"name\":\"Cultura-Geral\"}},{\"@type\":\"ListItem\",\"@id\":\"https:\\\/\\\/www.jornalja.com.br\\\/arquivo\\\/category\\\/materiasecundaria\\\/#listItem\",\"position\":2,\"name\":\"Cultura-Geral\",\"item\":\"https:\\\/\\\/www.jornalja.com.br\\\/arquivo\\\/category\\\/materiasecundaria\\\/\",\"nextItem\":{\"@type\":\"ListItem\",\"@id\":\"https:\\\/\\\/www.jornalja.com.br\\\/arquivo\\\/iabrs-inaugura-exposicoes-de-artes-visuais-nesta-quarta\\\/#listItem\",\"name\":\"IAB\\\/RS inaugura exposi\\u00e7\\u00f5es de artes visuais nesta quarta\"},\"previousItem\":{\"@type\":\"ListItem\",\"@id\":\"https:\\\/\\\/www.jornalja.com.br\\\/arquivo#listItem\",\"name\":\"Home\"}},{\"@type\":\"ListItem\",\"@id\":\"https:\\\/\\\/www.jornalja.com.br\\\/arquivo\\\/iabrs-inaugura-exposicoes-de-artes-visuais-nesta-quarta\\\/#listItem\",\"position\":3,\"name\":\"IAB\\\/RS inaugura exposi\\u00e7\\u00f5es de artes visuais nesta quarta\",\"previousItem\":{\"@type\":\"ListItem\",\"@id\":\"https:\\\/\\\/www.jornalja.com.br\\\/arquivo\\\/category\\\/materiasecundaria\\\/#listItem\",\"name\":\"Cultura-Geral\"}}]},{\"@type\":\"Organization\",\"@id\":\"https:\\\/\\\/www.jornalja.com.br\\\/arquivo\\\/#organization\",\"name\":\"Jornal J\\u00c1\",\"description\":\"Jornal J\\u00c1 | Porto Alegre\",\"url\":\"https:\\\/\\\/www.jornalja.com.br\\\/arquivo\\\/\",\"telephone\":\"+555133307272\",\"logo\":{\"@type\":\"ImageObject\",\"url\":\"https:\\\/\\\/www.jornalja.com.br\\\/wp-content\\\/uploads\\\/cards\\\/JAslogan.png\",\"@id\":\"https:\\\/\\\/www.jornalja.com.br\\\/arquivo\\\/iabrs-inaugura-exposicoes-de-artes-visuais-nesta-quarta\\\/#organizationLogo\"},\"image\":{\"@id\":\"https:\\\/\\\/www.jornalja.com.br\\\/arquivo\\\/iabrs-inaugura-exposicoes-de-artes-visuais-nesta-quarta\\\/#organizationLogo\"}},{\"@type\":\"Person\",\"@id\":\"https:\\\/\\\/www.jornalja.com.br\\\/arquivo\\\/author\\\/daredacao\\\/#author\",\"url\":\"https:\\\/\\\/www.jornalja.com.br\\\/arquivo\\\/author\\\/daredacao\\\/\",\"name\":\"da Reda\\u00e7\\u00e3o\",\"image\":{\"@type\":\"ImageObject\",\"@id\":\"https:\\\/\\\/www.jornalja.com.br\\\/arquivo\\\/iabrs-inaugura-exposicoes-de-artes-visuais-nesta-quarta\\\/#authorImage\",\"url\":\"https:\\\/\\\/secure.gravatar.com\\\/avatar\\\/469fd857d6605ad19919d27ed29d35a968a25f6e8fd9318356bbb7f57aae9c65?s=96&d=mm&r=g\",\"width\":96,\"height\":96,\"caption\":\"da Reda\\u00e7\\u00e3o\"}},{\"@type\":\"WebPage\",\"@id\":\"https:\\\/\\\/www.jornalja.com.br\\\/arquivo\\\/iabrs-inaugura-exposicoes-de-artes-visuais-nesta-quarta\\\/#webpage\",\"url\":\"https:\\\/\\\/www.jornalja.com.br\\\/arquivo\\\/iabrs-inaugura-exposicoes-de-artes-visuais-nesta-quarta\\\/\",\"name\":\"IAB\\\/RS inaugura exposi\\u00e7\\u00f5es de artes visuais nesta quarta | Arquivo\",\"inLanguage\":\"pt-BR\",\"isPartOf\":{\"@id\":\"https:\\\/\\\/www.jornalja.com.br\\\/arquivo\\\/#website\"},\"breadcrumb\":{\"@id\":\"https:\\\/\\\/www.jornalja.com.br\\\/arquivo\\\/iabrs-inaugura-exposicoes-de-artes-visuais-nesta-quarta\\\/#breadcrumblist\"},\"author\":{\"@id\":\"https:\\\/\\\/www.jornalja.com.br\\\/arquivo\\\/author\\\/daredacao\\\/#author\"},\"creator\":{\"@id\":\"https:\\\/\\\/www.jornalja.com.br\\\/arquivo\\\/author\\\/daredacao\\\/#author\"},\"image\":{\"@type\":\"ImageObject\",\"url\":49927,\"@id\":\"https:\\\/\\\/www.jornalja.com.br\\\/arquivo\\\/iabrs-inaugura-exposicoes-de-artes-visuais-nesta-quarta\\\/#mainImage\"},\"primaryImageOfPage\":{\"@id\":\"https:\\\/\\\/www.jornalja.com.br\\\/arquivo\\\/iabrs-inaugura-exposicoes-de-artes-visuais-nesta-quarta\\\/#mainImage\"},\"datePublished\":\"2017-06-13T11:11:22-03:00\",\"dateModified\":\"2017-06-13T11:11:22-03:00\"},{\"@type\":\"WebSite\",\"@id\":\"https:\\\/\\\/www.jornalja.com.br\\\/arquivo\\\/#website\",\"url\":\"https:\\\/\\\/www.jornalja.com.br\\\/arquivo\\\/\",\"name\":\"Arquivo\",\"description\":\"Jornal J\\u00c1 | Porto Alegre\",\"inLanguage\":\"pt-BR\",\"publisher\":{\"@id\":\"https:\\\/\\\/www.jornalja.com.br\\\/arquivo\\\/#organization\"}}]}\n\t\t<\/script>\n\t\t<!-- All in One SEO -->\n\n","aioseo_head_json":{"title":"IAB\/RS inaugura exposi\u00e7\u00f5es de artes visuais nesta quarta | Arquivo","description":"","canonical_url":"https:\/\/www.jornalja.com.br\/arquivo\/iabrs-inaugura-exposicoes-de-artes-visuais-nesta-quarta\/","robots":"max-image-preview:large","keywords":"","webmasterTools":{"miscellaneous":""},"schema":{"@context":"https:\/\/schema.org","@graph":[{"@type":"BlogPosting","@id":"https:\/\/www.jornalja.com.br\/arquivo\/iabrs-inaugura-exposicoes-de-artes-visuais-nesta-quarta\/#blogposting","name":"IAB\/RS inaugura exposi\u00e7\u00f5es de artes visuais nesta quarta | Arquivo","headline":"IAB\/RS inaugura exposi\u00e7\u00f5es de artes visuais nesta quarta","author":{"@id":"https:\/\/www.jornalja.com.br\/arquivo\/author\/daredacao\/#author"},"publisher":{"@id":"https:\/\/www.jornalja.com.br\/arquivo\/#organization"},"image":{"@type":"ImageObject","url":49927},"datePublished":"2017-06-13T11:11:22-03:00","dateModified":"2017-06-13T11:11:22-03:00","inLanguage":"pt-BR","mainEntityOfPage":{"@id":"https:\/\/www.jornalja.com.br\/arquivo\/iabrs-inaugura-exposicoes-de-artes-visuais-nesta-quarta\/#webpage"},"isPartOf":{"@id":"https:\/\/www.jornalja.com.br\/arquivo\/iabrs-inaugura-exposicoes-de-artes-visuais-nesta-quarta\/#webpage"},"articleSection":"Cultura-Geral"},{"@type":"BreadcrumbList","@id":"https:\/\/www.jornalja.com.br\/arquivo\/iabrs-inaugura-exposicoes-de-artes-visuais-nesta-quarta\/#breadcrumblist","itemListElement":[{"@type":"ListItem","@id":"https:\/\/www.jornalja.com.br\/arquivo#listItem","position":1,"name":"Home","item":"https:\/\/www.jornalja.com.br\/arquivo","nextItem":{"@type":"ListItem","@id":"https:\/\/www.jornalja.com.br\/arquivo\/category\/materiasecundaria\/#listItem","name":"Cultura-Geral"}},{"@type":"ListItem","@id":"https:\/\/www.jornalja.com.br\/arquivo\/category\/materiasecundaria\/#listItem","position":2,"name":"Cultura-Geral","item":"https:\/\/www.jornalja.com.br\/arquivo\/category\/materiasecundaria\/","nextItem":{"@type":"ListItem","@id":"https:\/\/www.jornalja.com.br\/arquivo\/iabrs-inaugura-exposicoes-de-artes-visuais-nesta-quarta\/#listItem","name":"IAB\/RS inaugura exposi\u00e7\u00f5es de artes visuais nesta quarta"},"previousItem":{"@type":"ListItem","@id":"https:\/\/www.jornalja.com.br\/arquivo#listItem","name":"Home"}},{"@type":"ListItem","@id":"https:\/\/www.jornalja.com.br\/arquivo\/iabrs-inaugura-exposicoes-de-artes-visuais-nesta-quarta\/#listItem","position":3,"name":"IAB\/RS inaugura exposi\u00e7\u00f5es de artes visuais nesta quarta","previousItem":{"@type":"ListItem","@id":"https:\/\/www.jornalja.com.br\/arquivo\/category\/materiasecundaria\/#listItem","name":"Cultura-Geral"}}]},{"@type":"Organization","@id":"https:\/\/www.jornalja.com.br\/arquivo\/#organization","name":"Jornal J\u00c1","description":"Jornal J\u00c1 | Porto Alegre","url":"https:\/\/www.jornalja.com.br\/arquivo\/","telephone":"+555133307272","logo":{"@type":"ImageObject","url":"https:\/\/www.jornalja.com.br\/wp-content\/uploads\/cards\/JAslogan.png","@id":"https:\/\/www.jornalja.com.br\/arquivo\/iabrs-inaugura-exposicoes-de-artes-visuais-nesta-quarta\/#organizationLogo"},"image":{"@id":"https:\/\/www.jornalja.com.br\/arquivo\/iabrs-inaugura-exposicoes-de-artes-visuais-nesta-quarta\/#organizationLogo"}},{"@type":"Person","@id":"https:\/\/www.jornalja.com.br\/arquivo\/author\/daredacao\/#author","url":"https:\/\/www.jornalja.com.br\/arquivo\/author\/daredacao\/","name":"da Reda\u00e7\u00e3o","image":{"@type":"ImageObject","@id":"https:\/\/www.jornalja.com.br\/arquivo\/iabrs-inaugura-exposicoes-de-artes-visuais-nesta-quarta\/#authorImage","url":"https:\/\/secure.gravatar.com\/avatar\/469fd857d6605ad19919d27ed29d35a968a25f6e8fd9318356bbb7f57aae9c65?s=96&d=mm&r=g","width":96,"height":96,"caption":"da Reda\u00e7\u00e3o"}},{"@type":"WebPage","@id":"https:\/\/www.jornalja.com.br\/arquivo\/iabrs-inaugura-exposicoes-de-artes-visuais-nesta-quarta\/#webpage","url":"https:\/\/www.jornalja.com.br\/arquivo\/iabrs-inaugura-exposicoes-de-artes-visuais-nesta-quarta\/","name":"IAB\/RS inaugura exposi\u00e7\u00f5es de artes visuais nesta quarta | Arquivo","inLanguage":"pt-BR","isPartOf":{"@id":"https:\/\/www.jornalja.com.br\/arquivo\/#website"},"breadcrumb":{"@id":"https:\/\/www.jornalja.com.br\/arquivo\/iabrs-inaugura-exposicoes-de-artes-visuais-nesta-quarta\/#breadcrumblist"},"author":{"@id":"https:\/\/www.jornalja.com.br\/arquivo\/author\/daredacao\/#author"},"creator":{"@id":"https:\/\/www.jornalja.com.br\/arquivo\/author\/daredacao\/#author"},"image":{"@type":"ImageObject","url":49927,"@id":"https:\/\/www.jornalja.com.br\/arquivo\/iabrs-inaugura-exposicoes-de-artes-visuais-nesta-quarta\/#mainImage"},"primaryImageOfPage":{"@id":"https:\/\/www.jornalja.com.br\/arquivo\/iabrs-inaugura-exposicoes-de-artes-visuais-nesta-quarta\/#mainImage"},"datePublished":"2017-06-13T11:11:22-03:00","dateModified":"2017-06-13T11:11:22-03:00"},{"@type":"WebSite","@id":"https:\/\/www.jornalja.com.br\/arquivo\/#website","url":"https:\/\/www.jornalja.com.br\/arquivo\/","name":"Arquivo","description":"Jornal J\u00c1 | Porto Alegre","inLanguage":"pt-BR","publisher":{"@id":"https:\/\/www.jornalja.com.br\/arquivo\/#organization"}}]},"og:locale":"pt_BR","og:site_name":"Arquivo | Jornal J\u00c1 | Porto Alegre","og:type":"article","og:title":"IAB\/RS inaugura exposi\u00e7\u00f5es de artes visuais nesta quarta | Arquivo","og:url":"https:\/\/www.jornalja.com.br\/arquivo\/iabrs-inaugura-exposicoes-de-artes-visuais-nesta-quarta\/","og:image":"https:\/\/www.jornalja.com.br\/wp-content\/uploads\/2017\/06\/Isabella-de-Mendon\u00e7a-_-Instituto-de-Arquitetos-do-Brasil-_-Galeria-Espa\u00e7o-IAB-RS.jpg","og:image:secure_url":"https:\/\/www.jornalja.com.br\/wp-content\/uploads\/2017\/06\/Isabella-de-Mendon\u00e7a-_-Instituto-de-Arquitetos-do-Brasil-_-Galeria-Espa\u00e7o-IAB-RS.jpg","article:published_time":"2017-06-13T14:11:22+00:00","article:modified_time":"2017-06-13T14:11:22+00:00","twitter:card":"summary","twitter:title":"IAB\/RS inaugura exposi\u00e7\u00f5es de artes visuais nesta quarta | Arquivo","twitter:image":"https:\/\/www.jornalja.com.br\/economics\/wp-content\/uploads\/sites\/11\/2026\/08\/ja-folhaderosto-facebook.jpg"},"aioseo_meta_data":{"post_id":"49923","title":null,"description":null,"keywords":null,"keyphrases":null,"primary_term":null,"canonical_url":null,"og_title":null,"og_description":null,"og_object_type":"default","og_image_type":"default","og_image_url":null,"og_image_width":null,"og_image_height":null,"og_image_custom_url":null,"og_image_custom_fields":null,"og_video":null,"og_custom_url":null,"og_article_section":null,"og_article_tags":null,"twitter_use_og":false,"twitter_card":"default","twitter_image_type":"default","twitter_image_url":null,"twitter_image_custom_url":null,"twitter_image_custom_fields":null,"twitter_title":null,"twitter_description":null,"schema":{"blockGraphs":[],"customGraphs":[],"default":{"data":{"Article":[],"Course":[],"Dataset":[],"FAQPage":[],"Movie":[],"Person":[],"Product":[],"ProductReview":[],"Car":[],"Recipe":[],"Service":[],"SoftwareApplication":[],"WebPage":[]},"graphName":"","isEnabled":true},"graphs":[]},"schema_type":null,"schema_type_options":null,"pillar_content":false,"robots_default":true,"robots_noindex":false,"robots_noarchive":false,"robots_nosnippet":false,"robots_nofollow":false,"robots_noimageindex":false,"robots_noodp":false,"robots_notranslate":false,"robots_max_snippet":null,"robots_max_videopreview":null,"robots_max_imagepreview":"large","priority":null,"frequency":null,"location":null,"local_seo":null,"breadcrumb_settings":null,"limit_modified_date":false,"ai":null,"created":"2020-12-20 20:32:00","updated":"2025-07-19 22:12:06","seo_analyzer_scan_date":null,"focus_keyword":null,"additional_keywords":null,"truseo_locale":null},"jetpack_sharing_enabled":true,"jetpack-related-posts":[{"id":12960,"url":"https:\/\/www.jornalja.com.br\/arquivo\/populacao-culpa-empresas-pela-greve-dos-rodoviarios\/","url_meta":{"origin":49923,"position":0},"title":"Popula\u00e7\u00e3o culpa empresas pela greve","author":"Patr\u00edcia Marini","date":"14 de fevereiro de 2014","format":false,"excerpt":"Pesquisa divulgada na edi\u00e7\u00e3o do jornal Metro desta sexta-feira,14, comprova o velho ditado: \u00e9 poss\u00edvel enganar muitos por algum tempo, mas n\u00e3o \u00e9 poss\u00edvel enganar a todos o tempo inteiro. A principal revela\u00e7\u00e3o foi que 59,8% dos entrevistados apontaram as empresas como as principais respons\u00e1veis pela grave e 46% culparam\u2026","rel":"","context":"Em &quot;X.Categorias velhas&quot;","block_context":{"text":"X.Categorias velhas","link":"https:\/\/www.jornalja.com.br\/arquivo\/category\/x-categorias-velhas\/"},"img":{"alt_text":"","src":"","width":0,"height":0},"classes":[]},{"id":13101,"url":"https:\/\/www.jornalja.com.br\/arquivo\/morre-um-guerreiro-do-texto\/","url_meta":{"origin":49923,"position":1},"title":"Morre um guerreiro do texto","author":"Patr\u00edcia Marini","date":"14 de maio de 2014","format":false,"excerpt":"Por Ricardo Kotscho Reproduzido do blog do autor, 11\/5\/2014; t\u00edtulo original \u201cE l\u00e1 se foi o nosso Myltainho, guerreiro do texto\u201d. Mi\u00fado e franzino, meu amigo Myltainho era um valente e inconformado guerreiro na luta contra as injusti\u00e7as sociais, a hipocrisia, as maracutaias, o autoritarismo, a intoler\u00e2ncia, a viol\u00eancia, o\u2026","rel":"","context":"Em &quot;Geral&quot;","block_context":{"text":"Geral","link":"https:\/\/www.jornalja.com.br\/arquivo\/category\/geral\/"},"img":{"alt_text":"","src":"","width":0,"height":0},"classes":[]},{"id":13240,"url":"https:\/\/www.jornalja.com.br\/arquivo\/plano-diretor-estamos-construindo-o-caos\/","url_meta":{"origin":49923,"position":2},"title":"Plano diretor: &quot;Estamos construindo o caos&quot;","author":"Patr\u00edcia Marini","date":"26 de maio de 2014","format":false,"excerpt":"Desabafo que arquiteta Eliana Castilhos, delegada da Regi\u00e3o de Planejamento 1, postou nas redes sociais \u00e9 um testemunho do ambiente que se criou no Conselho do Plano Diretor de Porto Alegre, onde a aprova\u00e7\u00e3o de grandes empreendimentos \u00e9 empurrada guela abaixo dos conselheiros. Ao CMDUA Como delegada da Regi\u00e3o de\u2026","rel":"","context":"Em &quot;Geral&quot;","block_context":{"text":"Geral","link":"https:\/\/www.jornalja.com.br\/arquivo\/category\/geral\/"},"img":{"alt_text":"","src":"","width":0,"height":0},"classes":[]}],"jetpack_shortlink":"https:\/\/wp.me\/pbQjBd-cZd","jetpack_featured_media_url":"","_links":{"self":[{"href":"https:\/\/www.jornalja.com.br\/arquivo\/wp-json\/wp\/v2\/posts\/49923","targetHints":{"allow":["GET"]}}],"collection":[{"href":"https:\/\/www.jornalja.com.br\/arquivo\/wp-json\/wp\/v2\/posts"}],"about":[{"href":"https:\/\/www.jornalja.com.br\/arquivo\/wp-json\/wp\/v2\/types\/post"}],"author":[{"embeddable":true,"href":"https:\/\/www.jornalja.com.br\/arquivo\/wp-json\/wp\/v2\/users\/4"}],"replies":[{"embeddable":true,"href":"https:\/\/www.jornalja.com.br\/arquivo\/wp-json\/wp\/v2\/comments?post=49923"}],"version-history":[{"count":0,"href":"https:\/\/www.jornalja.com.br\/arquivo\/wp-json\/wp\/v2\/posts\/49923\/revisions"}],"wp:attachment":[{"href":"https:\/\/www.jornalja.com.br\/arquivo\/wp-json\/wp\/v2\/media?parent=49923"}],"wp:term":[{"taxonomy":"category","embeddable":true,"href":"https:\/\/www.jornalja.com.br\/arquivo\/wp-json\/wp\/v2\/categories?post=49923"},{"taxonomy":"post_tag","embeddable":true,"href":"https:\/\/www.jornalja.com.br\/arquivo\/wp-json\/wp\/v2\/tags?post=49923"}],"curies":[{"name":"wp","href":"https:\/\/api.w.org\/{rel}","templated":true}]}}