{"id":49933,"date":"2017-06-13T12:35:39","date_gmt":"2017-06-13T15:35:39","guid":{"rendered":"https:\/\/www.jornalja.com.br\/?p=49933"},"modified":"2017-06-13T12:35:39","modified_gmt":"2017-06-13T15:35:39","slug":"no-congresso-e-no-stf-o-direito-ao-esquecimento-esta-em-discussao","status":"publish","type":"post","link":"https:\/\/www.jornalja.com.br\/arquivo\/no-congresso-e-no-stf-o-direito-ao-esquecimento-esta-em-discussao\/","title":{"rendered":"\u201cDireito ao esquecimento\u201d em discuss\u00e3o no Congresso e no  Supremo"},"content":{"rendered":"<p>Enquanto andam no Congresso quatro projetos de lei sobre o \u201cdireito ao esquecimento\u201d, o assunto foi debatido ontem (12) no Supremo Tribunal Federal por quase duas dezenas de juristas, estudiosos, representantes da imprensa e de portais digitais.<br \/>\nNo STF, houve uma audi\u00eancia p\u00fablica sobre o assunto porque o Supremo est\u00e1 para decidir sobre um pedido espec\u00edfico, envolvendo a TV Globo: parentes de uma pessoa assassinada em 1958 processam a emissora pela dramatiza\u00e7\u00e3o do crime no programa \u2018Linha Direta\u2019.<br \/>\n<figure id=\"attachment_49935\" aria-describedby=\"caption-attachment-49935\" style=\"width: 286px\" class=\"wp-caption alignleft\"><img loading=\"lazy\" decoding=\"async\" class=\"wp-image-49935 \" src=\"https:\/\/www.jornalja.com.br\/wp-content\/uploads\/2017\/06\/STF-Carlos-Affonso-Carlos-Moura-stf-400x286.jpg\" alt=\"\" width=\"286\" height=\"207\" \/><figcaption id=\"caption-attachment-49935\" class=\"wp-caption-text\">Carlos Affonso Souza: 114 pedidos entre 2012 e 2016 | Carlos Moura\/SCO\/STF<\/figcaption><\/figure><br \/>\nEntre 2012 e 2016, passaram pela Justi\u00e7a brasileira 114 pedidos de \u2018direito ao esquecimento\u2019 envolvendo ve\u00edculos de comunica\u00e7\u00e3o, dos quais 84 eram na internet, segundo o diretor do Instituto de Tecnologia e Sociedade, Carlos Affonso Souza. \u201cA decis\u00e3o do STF, ainda que sobre um programa de TV, certamente enviar\u00e1 a todos os tribunais orienta\u00e7\u00f5es que ter\u00e3o impacto na internet\u201d, afirmou.<br \/>\nO pedido de indeniza\u00e7\u00e3o foi negado em todas as inst\u00e2ncias anteriores e chegou ao STF \u00a0na forma de um Recurso Extraordin\u00e1rio (RE 1010606), pelo qual alegam viola\u00e7\u00e3o dos princ\u00edpios constitucionais da dignidade humana e da inviolabilidade da intimidade, segundo relatou o jornalista Lu\u00eds Grossmann, do portal Converg\u00eancia Digital, sobre TI e Telecom.<br \/>\n<figure id=\"attachment_49937\" aria-describedby=\"caption-attachment-49937\" style=\"width: 317px\" class=\"wp-caption alignright\"><img loading=\"lazy\" decoding=\"async\" class=\"wp-image-49937\" src=\"https:\/\/www.jornalja.com.br\/wp-content\/uploads\/2017\/06\/STF-Marcel-Leonardi-Google-Foto-Nelson-Jr-SCO-STF-1.jpg\" alt=\"\" width=\"317\" height=\"235\" \/><figcaption id=\"caption-attachment-49937\" class=\"wp-caption-text\">Marcel Leonardi, do Google : &#8220;O Brasil n\u00e3o s\u00f3 n\u00e3o precisa como deve rejeitar&#8221; | Carlos Moura\/SCO\/STF<\/figcaption><\/figure><br \/>\nRepresentantes da Google e do Yahoo sustentaram no STF que o \u2018direito ao esquecimento\u2019 n\u00e3o deve prosperar no Brasil. \u201cNosso sistema jur\u00eddico oferece solu\u00e7\u00f5es adequadas sem necessidade de inventar um novo conceito. J\u00e1 \u00e9 poss\u00edvel pedir remo\u00e7\u00e3o de conte\u00fado em juizados especiais, sem sequer necessidade de advogado. Remo\u00e7\u00e3o for\u00e7ada de conte\u00fado j\u00e1 tem previs\u00f5es jur\u00eddicas e n\u00e3o h\u00e1 no sistema jur\u00eddico brasileiro qualquer dificuldade para justificar pedidos de remo\u00e7\u00e3o. O que os defensores desejam \u00e9 um atalho. O Brasil n\u00e3o s\u00f3 n\u00e3o precisa como deve rejeitar o direito ao esquecimento\u201d, defendeu o diretor de pol\u00edticas p\u00fablicas da Google, Marcel Leonardi.<br \/>\n\u201cSe fala muito dos requisitos ao direito ao esquecimento, restri\u00e7\u00f5es e caracter\u00edsticas, mas eu vi muito pouca an\u00e1lise da quest\u00e3o da sa\u00fade da v\u00edtima, se seria l\u00edcito matar para a vida quem quer que seja por uma not\u00edcia de interesse m\u00f3rbido, de interesse do p\u00fablico, que eventualmente sirva para vender jornal, para vender publicidade, mas que n\u00e3o agregue nada de novo \u00e0 sociedade\u201d, defendeu o advogado dos autores, Roberto Algranti Filho.<br \/>\nFalando pela Abert, o advogado Gustavo Binenbojm, alegou que \u201co mero desejo de algu\u00e9m de n\u00e3o ser lembrado por fatos embara\u00e7osos, desabonadores, ou simplesmente desagrad\u00e1veis que tenham acontecido no passado n\u00e3o podem servir de fundamento jur\u00eddico para limitar, restringir, suprimir o exerc\u00edcio de liberdades constitucionais como s\u00e3o as liberdades de express\u00e3o, de imprensa, o pr\u00f3prio direito de informa\u00e7\u00e3o, o direito de informar, se informar e ser informado\u201d.<br \/>\n<span class=\"intertit\"><strong>Artigo 19 tamb\u00e9m subsidia o debate<\/strong><\/span><br \/>\nO escrit\u00f3rio brasileiro da Artigo 19, organiza\u00e7\u00e3o internacional de direitos humanos, lan\u00e7ou tamb\u00e9m na segunda-feira a publica\u00e7\u00e3o \u201cDireito ao Esquecimento no Brasil \u2013 subs\u00eddios ao debate legislativo\u201d.<br \/>\n<img loading=\"lazy\" decoding=\"async\" class=\"wp-image-49938 aligncenter\" src=\"https:\/\/www.jornalja.com.br\/wp-content\/uploads\/2017\/06\/Article-19-difeito-ao-esquecimento.jpg\" alt=\"\" width=\"462\" height=\"270\" \/>A an\u00e1lise da Artigo 19 estabeleceu crit\u00e9rios, elaborados com base em padr\u00f5es internacionais de direitos humanos, a serem levados em conta caso o Brasil venha a considerar a ado\u00e7\u00e3o de uma lei sobre \u201cdireito ao esquecimento\u201d.<br \/>\n\u201cTais padr\u00f5es indicam, no entanto, que uma legisla\u00e7\u00e3o espec\u00edfica sobre o tema \u00e9 n\u00e3o apenas desnecess\u00e1ria, como pode tamb\u00e9m representar um risco de restri\u00e7\u00e3o indevida \u00e0 liberdade de express\u00e3o no pa\u00eds\u201d, conclui o estudo.<br \/>\nO debate em torno do tema ganhou proje\u00e7\u00e3o quando em 2014 o Tribunal de Justi\u00e7a da Uni\u00e3o Europeia deu ganho de causa ao espanhol Mario Costeja Gonz\u00e1lez, que havia entrado com uma a\u00e7\u00e3o contra o Google, solicitando a remo\u00e7\u00e3o de resultados de buscas de informa\u00e7\u00f5es obtidas por uma pesquisa em seu nome. Ap\u00f3s a decis\u00e3o, v\u00e1rios pa\u00edses da Europa passaram a debater a aprova\u00e7\u00e3o de leis espec\u00edficas sobre a quest\u00e3o, com algumas delas chegando a ser aprovadas.<br \/>\n<span class=\"intertit\"><strong>Projetos de lei no Brasil<\/strong><\/span><br \/>\nOs quatro projetos de lei que correm atualmente no Congresso Nacional s\u00e3o o PL 7881\/2014, proposto pelo ex-deputado Eduardo Cunha (PMDB-RJ); o PL 1676\/2015, de autoria do deputado Veneziano Vital do R\u00eago (PMDB-PB); o PL 2712\/2015, de autoria do deputado Jefferson Campos (PSD-SP); e o PL 215\/2015, de autoria do deputado Hildo Rocha (PMDB-MA).<br \/>\nA an\u00e1lise do Artigo 19 indica que somente um dos projetos limita a restri\u00e7\u00e3o decorrente do \u201cdireito ao esquecimento\u201d apenas aos mecanismos de busca na internet, relacionando-a \u00e0 ideia de desindexa\u00e7\u00e3o de resultados de pesquisas; al\u00e9m disso, apenas um outro \u00fanico projeto atribui a decis\u00e3o da remo\u00e7\u00e3o de conte\u00fado \u00e0 Justi\u00e7a.<br \/>\nNenhum dos projetos traz ressalvas para os casos em que o requerente seja uma figura p\u00fablica, quando, segundo os padr\u00f5es internacionais, o \u201cdireito ao esquecimento\u201d n\u00e3o se aplicaria. Outro crit\u00e9rio n\u00e3o observado por nenhum dos PLs \u00e9 a men\u00e7\u00e3o expl\u00edcita ao direito \u00e0 liberdade de express\u00e3o no texto do projeto.<br \/>\n\u201cAcreditamos que normas j\u00e1 existentes que regulam \u00e1reas pr\u00f3ximas, como leis de prote\u00e7\u00e3o \u00e0 privacidade, possam servir de refer\u00eancia para casos em que haja um requerimento para a restri\u00e7\u00e3o de acesso a um conte\u00fado publicado\u201d, afirma Laura Tresca, oficial de Direitos Digitais da Artigo 19 e respons\u00e1vel pela an\u00e1lise.<br \/>\nPor tudo isso, a Artigo 19 recomenda ao Congresso Nacional a rejei\u00e7\u00e3o de qualquer um dos quatro projetos de lei que vise regulamentar o \u201cdireito ao esquecimento\u201d na legisla\u00e7\u00e3o brasileira, sob pena de serem criadas brechas para a ocorr\u00eancia de viola\u00e7\u00f5es do direito \u00e0 liberdade de express\u00e3o e \u00e0 informa\u00e7\u00e3o no pa\u00eds.<\/p>\n","protected":false},"excerpt":{"rendered":"<p>Enquanto andam no Congresso quatro projetos de lei sobre o \u201cdireito ao esquecimento\u201d, o assunto foi debatido ontem (12) no Supremo Tribunal Federal por quase duas dezenas de juristas, estudiosos, representantes da imprensa e de portais digitais. No STF, houve uma audi\u00eancia p\u00fablica sobre o assunto porque o Supremo est\u00e1 para decidir sobre um pedido [&hellip;]<\/p>\n","protected":false},"author":4,"featured_media":49934,"comment_status":"open","ping_status":"closed","sticky":false,"template":"","format":"standard","meta":{"_jetpack_newsletter_access":"","_jetpack_dont_email_post_to_subs":false,"_jetpack_newsletter_tier_id":0,"_jetpack_memberships_contains_paywalled_content":false,"_jetpack_feature_clip_id":0,"_jetpack_memberships_contains_paid_content":false,"footnotes":"","jetpack_post_was_ever_published":false},"categories":[26],"tags":[],"class_list":["post-49933","post","type-post","status-publish","format-standard","has-post-thumbnail","hentry","category-geral"],"aioseo_notices":[],"aioseo_head":"\n\t\t<!-- All in One SEO 5.0.1.1 - aioseo.com -->\n\t<meta name=\"robots\" content=\"max-image-preview:large\" \/>\n\t<meta name=\"author\" content=\"da Reda\u00e7\u00e3o\"\/>\n\t<link rel=\"canonical\" href=\"https:\/\/www.jornalja.com.br\/arquivo\/no-congresso-e-no-stf-o-direito-ao-esquecimento-esta-em-discussao\/\" \/>\n\t<meta name=\"generator\" content=\"All in One SEO (AIOSEO) 5.0.1.1\" \/>\n\t\t<meta property=\"og:locale\" content=\"pt_BR\" \/>\n\t\t<meta property=\"og:site_name\" content=\"Arquivo | Jornal J\u00c1 | Porto Alegre\" \/>\n\t\t<meta property=\"og:type\" content=\"article\" \/>\n\t\t<meta property=\"og:title\" content=\"\u201cDireito ao esquecimento\u201d em discuss\u00e3o no Congresso e no Supremo | Arquivo\" \/>\n\t\t<meta property=\"og:url\" content=\"https:\/\/www.jornalja.com.br\/arquivo\/no-congresso-e-no-stf-o-direito-ao-esquecimento-esta-em-discussao\/\" \/>\n\t\t<meta property=\"og:image\" content=\"https:\/\/www.jornalja.com.br\/wp-content\/uploads\/2017\/06\/STF-Carlos-Affonso-Carlos-Moura-stf-400x286.jpg\" \/>\n\t\t<meta property=\"og:image:secure_url\" content=\"https:\/\/www.jornalja.com.br\/wp-content\/uploads\/2017\/06\/STF-Carlos-Affonso-Carlos-Moura-stf-400x286.jpg\" \/>\n\t\t<meta property=\"article:published_time\" content=\"2017-06-13T15:35:39+00:00\" \/>\n\t\t<meta property=\"article:modified_time\" content=\"2017-06-13T15:35:39+00:00\" \/>\n\t\t<meta name=\"twitter:card\" content=\"summary\" \/>\n\t\t<meta name=\"twitter:title\" content=\"\u201cDireito ao esquecimento\u201d em discuss\u00e3o no Congresso e no Supremo | Arquivo\" \/>\n\t\t<meta name=\"twitter:image\" content=\"https:\/\/www.jornalja.com.br\/economics\/wp-content\/uploads\/sites\/11\/2026\/08\/ja-folhaderosto-facebook.jpg\" \/>\n\t\t<script type=\"application\/ld+json\" class=\"aioseo-schema\">\n\t\t\t{\"@context\":\"https:\\\/\\\/schema.org\",\"@graph\":[{\"@type\":\"BlogPosting\",\"@id\":\"https:\\\/\\\/www.jornalja.com.br\\\/arquivo\\\/no-congresso-e-no-stf-o-direito-ao-esquecimento-esta-em-discussao\\\/#blogposting\",\"name\":\"\\u201cDireito ao esquecimento\\u201d em discuss\\u00e3o no Congresso e no Supremo | Arquivo\",\"headline\":\"\\u201cDireito ao esquecimento\\u201d em discuss\\u00e3o no Congresso e no  Supremo\",\"author\":{\"@id\":\"https:\\\/\\\/www.jornalja.com.br\\\/arquivo\\\/author\\\/daredacao\\\/#author\"},\"publisher\":{\"@id\":\"https:\\\/\\\/www.jornalja.com.br\\\/arquivo\\\/#organization\"},\"image\":{\"@type\":\"ImageObject\",\"url\":49934},\"datePublished\":\"2017-06-13T12:35:39-03:00\",\"dateModified\":\"2017-06-13T12:35:39-03:00\",\"inLanguage\":\"pt-BR\",\"mainEntityOfPage\":{\"@id\":\"https:\\\/\\\/www.jornalja.com.br\\\/arquivo\\\/no-congresso-e-no-stf-o-direito-ao-esquecimento-esta-em-discussao\\\/#webpage\"},\"isPartOf\":{\"@id\":\"https:\\\/\\\/www.jornalja.com.br\\\/arquivo\\\/no-congresso-e-no-stf-o-direito-ao-esquecimento-esta-em-discussao\\\/#webpage\"},\"articleSection\":\"Geral\"},{\"@type\":\"BreadcrumbList\",\"@id\":\"https:\\\/\\\/www.jornalja.com.br\\\/arquivo\\\/no-congresso-e-no-stf-o-direito-ao-esquecimento-esta-em-discussao\\\/#breadcrumblist\",\"itemListElement\":[{\"@type\":\"ListItem\",\"@id\":\"https:\\\/\\\/www.jornalja.com.br\\\/arquivo#listItem\",\"position\":1,\"name\":\"Home\",\"item\":\"https:\\\/\\\/www.jornalja.com.br\\\/arquivo\",\"nextItem\":{\"@type\":\"ListItem\",\"@id\":\"https:\\\/\\\/www.jornalja.com.br\\\/arquivo\\\/category\\\/geral\\\/#listItem\",\"name\":\"Geral\"}},{\"@type\":\"ListItem\",\"@id\":\"https:\\\/\\\/www.jornalja.com.br\\\/arquivo\\\/category\\\/geral\\\/#listItem\",\"position\":2,\"name\":\"Geral\",\"item\":\"https:\\\/\\\/www.jornalja.com.br\\\/arquivo\\\/category\\\/geral\\\/\",\"nextItem\":{\"@type\":\"ListItem\",\"@id\":\"https:\\\/\\\/www.jornalja.com.br\\\/arquivo\\\/no-congresso-e-no-stf-o-direito-ao-esquecimento-esta-em-discussao\\\/#listItem\",\"name\":\"\\u201cDireito ao esquecimento\\u201d em discuss\\u00e3o no Congresso e no  Supremo\"},\"previousItem\":{\"@type\":\"ListItem\",\"@id\":\"https:\\\/\\\/www.jornalja.com.br\\\/arquivo#listItem\",\"name\":\"Home\"}},{\"@type\":\"ListItem\",\"@id\":\"https:\\\/\\\/www.jornalja.com.br\\\/arquivo\\\/no-congresso-e-no-stf-o-direito-ao-esquecimento-esta-em-discussao\\\/#listItem\",\"position\":3,\"name\":\"\\u201cDireito ao esquecimento\\u201d em discuss\\u00e3o no Congresso e no  Supremo\",\"previousItem\":{\"@type\":\"ListItem\",\"@id\":\"https:\\\/\\\/www.jornalja.com.br\\\/arquivo\\\/category\\\/geral\\\/#listItem\",\"name\":\"Geral\"}}]},{\"@type\":\"Organization\",\"@id\":\"https:\\\/\\\/www.jornalja.com.br\\\/arquivo\\\/#organization\",\"name\":\"Jornal J\\u00c1\",\"description\":\"Jornal J\\u00c1 | Porto Alegre\",\"url\":\"https:\\\/\\\/www.jornalja.com.br\\\/arquivo\\\/\",\"telephone\":\"+555133307272\",\"logo\":{\"@type\":\"ImageObject\",\"url\":\"https:\\\/\\\/www.jornalja.com.br\\\/wp-content\\\/uploads\\\/cards\\\/JAslogan.png\",\"@id\":\"https:\\\/\\\/www.jornalja.com.br\\\/arquivo\\\/no-congresso-e-no-stf-o-direito-ao-esquecimento-esta-em-discussao\\\/#organizationLogo\"},\"image\":{\"@id\":\"https:\\\/\\\/www.jornalja.com.br\\\/arquivo\\\/no-congresso-e-no-stf-o-direito-ao-esquecimento-esta-em-discussao\\\/#organizationLogo\"}},{\"@type\":\"Person\",\"@id\":\"https:\\\/\\\/www.jornalja.com.br\\\/arquivo\\\/author\\\/daredacao\\\/#author\",\"url\":\"https:\\\/\\\/www.jornalja.com.br\\\/arquivo\\\/author\\\/daredacao\\\/\",\"name\":\"da Reda\\u00e7\\u00e3o\",\"image\":{\"@type\":\"ImageObject\",\"@id\":\"https:\\\/\\\/www.jornalja.com.br\\\/arquivo\\\/no-congresso-e-no-stf-o-direito-ao-esquecimento-esta-em-discussao\\\/#authorImage\",\"url\":\"https:\\\/\\\/secure.gravatar.com\\\/avatar\\\/469fd857d6605ad19919d27ed29d35a968a25f6e8fd9318356bbb7f57aae9c65?s=96&d=mm&r=g\",\"width\":96,\"height\":96,\"caption\":\"da Reda\\u00e7\\u00e3o\"}},{\"@type\":\"WebPage\",\"@id\":\"https:\\\/\\\/www.jornalja.com.br\\\/arquivo\\\/no-congresso-e-no-stf-o-direito-ao-esquecimento-esta-em-discussao\\\/#webpage\",\"url\":\"https:\\\/\\\/www.jornalja.com.br\\\/arquivo\\\/no-congresso-e-no-stf-o-direito-ao-esquecimento-esta-em-discussao\\\/\",\"name\":\"\\u201cDireito ao esquecimento\\u201d em discuss\\u00e3o no Congresso e no Supremo | Arquivo\",\"inLanguage\":\"pt-BR\",\"isPartOf\":{\"@id\":\"https:\\\/\\\/www.jornalja.com.br\\\/arquivo\\\/#website\"},\"breadcrumb\":{\"@id\":\"https:\\\/\\\/www.jornalja.com.br\\\/arquivo\\\/no-congresso-e-no-stf-o-direito-ao-esquecimento-esta-em-discussao\\\/#breadcrumblist\"},\"author\":{\"@id\":\"https:\\\/\\\/www.jornalja.com.br\\\/arquivo\\\/author\\\/daredacao\\\/#author\"},\"creator\":{\"@id\":\"https:\\\/\\\/www.jornalja.com.br\\\/arquivo\\\/author\\\/daredacao\\\/#author\"},\"image\":{\"@type\":\"ImageObject\",\"url\":49934,\"@id\":\"https:\\\/\\\/www.jornalja.com.br\\\/arquivo\\\/no-congresso-e-no-stf-o-direito-ao-esquecimento-esta-em-discussao\\\/#mainImage\"},\"primaryImageOfPage\":{\"@id\":\"https:\\\/\\\/www.jornalja.com.br\\\/arquivo\\\/no-congresso-e-no-stf-o-direito-ao-esquecimento-esta-em-discussao\\\/#mainImage\"},\"datePublished\":\"2017-06-13T12:35:39-03:00\",\"dateModified\":\"2017-06-13T12:35:39-03:00\"},{\"@type\":\"WebSite\",\"@id\":\"https:\\\/\\\/www.jornalja.com.br\\\/arquivo\\\/#website\",\"url\":\"https:\\\/\\\/www.jornalja.com.br\\\/arquivo\\\/\",\"name\":\"Arquivo\",\"description\":\"Jornal J\\u00c1 | Porto Alegre\",\"inLanguage\":\"pt-BR\",\"publisher\":{\"@id\":\"https:\\\/\\\/www.jornalja.com.br\\\/arquivo\\\/#organization\"}}]}\n\t\t<\/script>\n\t\t<!-- All in One SEO -->\n\n","aioseo_head_json":{"title":"\u201cDireito ao esquecimento\u201d em discuss\u00e3o no Congresso e no Supremo | Arquivo","description":"","canonical_url":"https:\/\/www.jornalja.com.br\/arquivo\/no-congresso-e-no-stf-o-direito-ao-esquecimento-esta-em-discussao\/","robots":"max-image-preview:large","keywords":"","webmasterTools":{"miscellaneous":""},"schema":{"@context":"https:\/\/schema.org","@graph":[{"@type":"BlogPosting","@id":"https:\/\/www.jornalja.com.br\/arquivo\/no-congresso-e-no-stf-o-direito-ao-esquecimento-esta-em-discussao\/#blogposting","name":"\u201cDireito ao esquecimento\u201d em discuss\u00e3o no Congresso e no Supremo | Arquivo","headline":"\u201cDireito ao esquecimento\u201d em discuss\u00e3o no Congresso e no  Supremo","author":{"@id":"https:\/\/www.jornalja.com.br\/arquivo\/author\/daredacao\/#author"},"publisher":{"@id":"https:\/\/www.jornalja.com.br\/arquivo\/#organization"},"image":{"@type":"ImageObject","url":49934},"datePublished":"2017-06-13T12:35:39-03:00","dateModified":"2017-06-13T12:35:39-03:00","inLanguage":"pt-BR","mainEntityOfPage":{"@id":"https:\/\/www.jornalja.com.br\/arquivo\/no-congresso-e-no-stf-o-direito-ao-esquecimento-esta-em-discussao\/#webpage"},"isPartOf":{"@id":"https:\/\/www.jornalja.com.br\/arquivo\/no-congresso-e-no-stf-o-direito-ao-esquecimento-esta-em-discussao\/#webpage"},"articleSection":"Geral"},{"@type":"BreadcrumbList","@id":"https:\/\/www.jornalja.com.br\/arquivo\/no-congresso-e-no-stf-o-direito-ao-esquecimento-esta-em-discussao\/#breadcrumblist","itemListElement":[{"@type":"ListItem","@id":"https:\/\/www.jornalja.com.br\/arquivo#listItem","position":1,"name":"Home","item":"https:\/\/www.jornalja.com.br\/arquivo","nextItem":{"@type":"ListItem","@id":"https:\/\/www.jornalja.com.br\/arquivo\/category\/geral\/#listItem","name":"Geral"}},{"@type":"ListItem","@id":"https:\/\/www.jornalja.com.br\/arquivo\/category\/geral\/#listItem","position":2,"name":"Geral","item":"https:\/\/www.jornalja.com.br\/arquivo\/category\/geral\/","nextItem":{"@type":"ListItem","@id":"https:\/\/www.jornalja.com.br\/arquivo\/no-congresso-e-no-stf-o-direito-ao-esquecimento-esta-em-discussao\/#listItem","name":"\u201cDireito ao esquecimento\u201d em discuss\u00e3o no Congresso e no  Supremo"},"previousItem":{"@type":"ListItem","@id":"https:\/\/www.jornalja.com.br\/arquivo#listItem","name":"Home"}},{"@type":"ListItem","@id":"https:\/\/www.jornalja.com.br\/arquivo\/no-congresso-e-no-stf-o-direito-ao-esquecimento-esta-em-discussao\/#listItem","position":3,"name":"\u201cDireito ao esquecimento\u201d em discuss\u00e3o no Congresso e no  Supremo","previousItem":{"@type":"ListItem","@id":"https:\/\/www.jornalja.com.br\/arquivo\/category\/geral\/#listItem","name":"Geral"}}]},{"@type":"Organization","@id":"https:\/\/www.jornalja.com.br\/arquivo\/#organization","name":"Jornal J\u00c1","description":"Jornal J\u00c1 | Porto Alegre","url":"https:\/\/www.jornalja.com.br\/arquivo\/","telephone":"+555133307272","logo":{"@type":"ImageObject","url":"https:\/\/www.jornalja.com.br\/wp-content\/uploads\/cards\/JAslogan.png","@id":"https:\/\/www.jornalja.com.br\/arquivo\/no-congresso-e-no-stf-o-direito-ao-esquecimento-esta-em-discussao\/#organizationLogo"},"image":{"@id":"https:\/\/www.jornalja.com.br\/arquivo\/no-congresso-e-no-stf-o-direito-ao-esquecimento-esta-em-discussao\/#organizationLogo"}},{"@type":"Person","@id":"https:\/\/www.jornalja.com.br\/arquivo\/author\/daredacao\/#author","url":"https:\/\/www.jornalja.com.br\/arquivo\/author\/daredacao\/","name":"da Reda\u00e7\u00e3o","image":{"@type":"ImageObject","@id":"https:\/\/www.jornalja.com.br\/arquivo\/no-congresso-e-no-stf-o-direito-ao-esquecimento-esta-em-discussao\/#authorImage","url":"https:\/\/secure.gravatar.com\/avatar\/469fd857d6605ad19919d27ed29d35a968a25f6e8fd9318356bbb7f57aae9c65?s=96&d=mm&r=g","width":96,"height":96,"caption":"da Reda\u00e7\u00e3o"}},{"@type":"WebPage","@id":"https:\/\/www.jornalja.com.br\/arquivo\/no-congresso-e-no-stf-o-direito-ao-esquecimento-esta-em-discussao\/#webpage","url":"https:\/\/www.jornalja.com.br\/arquivo\/no-congresso-e-no-stf-o-direito-ao-esquecimento-esta-em-discussao\/","name":"\u201cDireito ao esquecimento\u201d em discuss\u00e3o no Congresso e no Supremo | Arquivo","inLanguage":"pt-BR","isPartOf":{"@id":"https:\/\/www.jornalja.com.br\/arquivo\/#website"},"breadcrumb":{"@id":"https:\/\/www.jornalja.com.br\/arquivo\/no-congresso-e-no-stf-o-direito-ao-esquecimento-esta-em-discussao\/#breadcrumblist"},"author":{"@id":"https:\/\/www.jornalja.com.br\/arquivo\/author\/daredacao\/#author"},"creator":{"@id":"https:\/\/www.jornalja.com.br\/arquivo\/author\/daredacao\/#author"},"image":{"@type":"ImageObject","url":49934,"@id":"https:\/\/www.jornalja.com.br\/arquivo\/no-congresso-e-no-stf-o-direito-ao-esquecimento-esta-em-discussao\/#mainImage"},"primaryImageOfPage":{"@id":"https:\/\/www.jornalja.com.br\/arquivo\/no-congresso-e-no-stf-o-direito-ao-esquecimento-esta-em-discussao\/#mainImage"},"datePublished":"2017-06-13T12:35:39-03:00","dateModified":"2017-06-13T12:35:39-03:00"},{"@type":"WebSite","@id":"https:\/\/www.jornalja.com.br\/arquivo\/#website","url":"https:\/\/www.jornalja.com.br\/arquivo\/","name":"Arquivo","description":"Jornal J\u00c1 | Porto Alegre","inLanguage":"pt-BR","publisher":{"@id":"https:\/\/www.jornalja.com.br\/arquivo\/#organization"}}]},"og:locale":"pt_BR","og:site_name":"Arquivo | Jornal J\u00c1 | Porto Alegre","og:type":"article","og:title":"\u201cDireito ao esquecimento\u201d em discuss\u00e3o no Congresso e no Supremo | Arquivo","og:url":"https:\/\/www.jornalja.com.br\/arquivo\/no-congresso-e-no-stf-o-direito-ao-esquecimento-esta-em-discussao\/","og:image":"https:\/\/www.jornalja.com.br\/wp-content\/uploads\/2017\/06\/STF-Carlos-Affonso-Carlos-Moura-stf-400x286.jpg","og:image:secure_url":"https:\/\/www.jornalja.com.br\/wp-content\/uploads\/2017\/06\/STF-Carlos-Affonso-Carlos-Moura-stf-400x286.jpg","article:published_time":"2017-06-13T15:35:39+00:00","article:modified_time":"2017-06-13T15:35:39+00:00","twitter:card":"summary","twitter:title":"\u201cDireito ao esquecimento\u201d em discuss\u00e3o no Congresso e no Supremo | Arquivo","twitter:image":"https:\/\/www.jornalja.com.br\/economics\/wp-content\/uploads\/sites\/11\/2026\/08\/ja-folhaderosto-facebook.jpg"},"aioseo_meta_data":{"post_id":"49933","title":null,"description":null,"keywords":null,"keyphrases":null,"primary_term":null,"canonical_url":null,"og_title":null,"og_description":null,"og_object_type":"default","og_image_type":"default","og_image_url":null,"og_image_width":null,"og_image_height":null,"og_image_custom_url":null,"og_image_custom_fields":null,"og_video":null,"og_custom_url":null,"og_article_section":null,"og_article_tags":null,"twitter_use_og":false,"twitter_card":"default","twitter_image_type":"default","twitter_image_url":null,"twitter_image_custom_url":null,"twitter_image_custom_fields":null,"twitter_title":null,"twitter_description":null,"schema":{"blockGraphs":[],"customGraphs":[],"default":{"data":{"Article":[],"Course":[],"Dataset":[],"FAQPage":[],"Movie":[],"Person":[],"Product":[],"ProductReview":[],"Car":[],"Recipe":[],"Service":[],"SoftwareApplication":[],"WebPage":[]},"graphName":"","isEnabled":true},"graphs":[]},"schema_type":null,"schema_type_options":null,"pillar_content":false,"robots_default":true,"robots_noindex":false,"robots_noarchive":false,"robots_nosnippet":false,"robots_nofollow":false,"robots_noimageindex":false,"robots_noodp":false,"robots_notranslate":false,"robots_max_snippet":null,"robots_max_videopreview":null,"robots_max_imagepreview":"large","priority":null,"frequency":null,"location":null,"local_seo":null,"breadcrumb_settings":null,"limit_modified_date":false,"ai":null,"created":"2020-12-20 20:32:00","updated":"2025-07-19 22:12:06","seo_analyzer_scan_date":null,"focus_keyword":null,"additional_keywords":null,"truseo_locale":null},"jetpack_sharing_enabled":true,"jetpack-related-posts":[{"id":13240,"url":"https:\/\/www.jornalja.com.br\/arquivo\/plano-diretor-estamos-construindo-o-caos\/","url_meta":{"origin":49933,"position":0},"title":"Plano diretor: &quot;Estamos construindo o caos&quot;","author":"Patr\u00edcia Marini","date":"26 de maio de 2014","format":false,"excerpt":"Desabafo que arquiteta Eliana Castilhos, delegada da Regi\u00e3o de Planejamento 1, postou nas redes sociais \u00e9 um testemunho do ambiente que se criou no Conselho do Plano Diretor de Porto Alegre, onde a aprova\u00e7\u00e3o de grandes empreendimentos \u00e9 empurrada guela abaixo dos conselheiros. Ao CMDUA Como delegada da Regi\u00e3o de\u2026","rel":"","context":"Em &quot;Geral&quot;","block_context":{"text":"Geral","link":"https:\/\/www.jornalja.com.br\/arquivo\/category\/geral\/"},"img":{"alt_text":"","src":"","width":0,"height":0},"classes":[]},{"id":14241,"url":"https:\/\/www.jornalja.com.br\/arquivo\/o-guaiba-nas-imagens-poeticas-de-achutti\/","url_meta":{"origin":49933,"position":1},"title":"O Gua\u00edba nas imagens po\u00e9ticas de Achutti","author":"da Reda\u00e7\u00e3o","date":"18 de junho de 2014","format":false,"excerpt":"Em \u201cO Gua\u00edba por Achutti\u201d \u2013 obra financiada via Minist\u00e9rio da Cultura, produ\u00e7\u00e3o executiva de Pedro Longhi, e Fl\u00e1vio Wild como designer \u2013, o fot\u00f3grafo revela a beleza e as mazelas de um espa\u00e7o aqu\u00e1tico de \u00e1guas sempre renovadas, cheio de hist\u00f3rias e lendas como as das cidades que foram\u2026","rel":"","context":"Em &quot;Cultura-Geral&quot;","block_context":{"text":"Cultura-Geral","link":"https:\/\/www.jornalja.com.br\/arquivo\/category\/materiasecundaria\/"},"img":{"alt_text":"","src":"","width":0,"height":0},"classes":[]},{"id":13101,"url":"https:\/\/www.jornalja.com.br\/arquivo\/morre-um-guerreiro-do-texto\/","url_meta":{"origin":49933,"position":2},"title":"Morre um guerreiro do texto","author":"Patr\u00edcia Marini","date":"14 de maio de 2014","format":false,"excerpt":"Por Ricardo Kotscho Reproduzido do blog do autor, 11\/5\/2014; t\u00edtulo original \u201cE l\u00e1 se foi o nosso Myltainho, guerreiro do texto\u201d. Mi\u00fado e franzino, meu amigo Myltainho era um valente e inconformado guerreiro na luta contra as injusti\u00e7as sociais, a hipocrisia, as maracutaias, o autoritarismo, a intoler\u00e2ncia, a viol\u00eancia, o\u2026","rel":"","context":"Em &quot;Geral&quot;","block_context":{"text":"Geral","link":"https:\/\/www.jornalja.com.br\/arquivo\/category\/geral\/"},"img":{"alt_text":"","src":"","width":0,"height":0},"classes":[]},{"id":13239,"url":"https:\/\/www.jornalja.com.br\/arquivo\/conselho-desdenha-do-plano-diretor\/","url_meta":{"origin":49933,"position":3},"title":"Porto Alegre: Conselho detona Plano Diretor","author":"Patr\u00edcia Marini","date":"25 de maio de 2014","format":false,"excerpt":"Den\u00fancia do arquiteto e \u00a0urbanista Ibir\u00e1 Santos Lucas. Ele diz que os conselheiros est\u00e3o votando com \"enorme irresponsabilidade\". \"Mudam regime com a maior naturalidade,,,regularizam absurdos de constru\u00e7\u00f5es irregulares... \"O CMDUA est\u00e1 flexibilizando a lei do plano diretor, de uma forma impactante na vida da cidade. Mudam regime com a maior\u2026","rel":"","context":"Em &quot;Geral&quot;","block_context":{"text":"Geral","link":"https:\/\/www.jornalja.com.br\/arquivo\/category\/geral\/"},"img":{"alt_text":"","src":"","width":0,"height":0},"classes":[]},{"id":13124,"url":"https:\/\/www.jornalja.com.br\/arquivo\/sangue-latino-no-iecine\/","url_meta":{"origin":49933,"position":4},"title":"Sangue latino no IECINE","author":"da Reda\u00e7\u00e3o","date":"18 de maio de 2014","format":false,"excerpt":"Francisco Ribeiro O Instituto Estadual de Cinema (IECINE) tem a frente, desde abril \u00faltimo, um novo diretor, o cineasta colombiano Juan Zapata, 36, que substitui Luiz Alberto Cassol. Radicado h\u00e1 dez anos em Porto Alegre, Zapata tem diante de si o desafio de conduzir at\u00e9 o final do ano um\u2026","rel":"","context":"Em &quot;Cultura-Geral&quot;","block_context":{"text":"Cultura-Geral","link":"https:\/\/www.jornalja.com.br\/arquivo\/category\/materiasecundaria\/"},"img":{"alt_text":"","src":"","width":0,"height":0},"classes":[]},{"id":13109,"url":"https:\/\/www.jornalja.com.br\/arquivo\/judiciario-reconhece-poluicao-eletromagnetica\/","url_meta":{"origin":49933,"position":5},"title":"Judici\u00e1rio reconhece polui\u00e7\u00e3o eletromagn\u00e9tica","author":"Patr\u00edcia Marini","date":"16 de maio de 2014","format":false,"excerpt":"A\u00e7\u00e3o de duas associa\u00e7\u00f5es de moradores foi acolhida pelo Tribunal de Justi\u00e7a de S\u00e3o Paulo que. em decis\u00e3o in\u00e9dita, determinou a redu\u00e7\u00e3o do campo eletromagn\u00e9tico gerado pelas linhas de transmiss\u00e3o de energia que cortam os bairros City Boa\u00e7ava e Alto de Pinheiros. \u00c9 a primeira vez que um tribunal do\u2026","rel":"","context":"Em &quot;X.Categorias velhas&quot;","block_context":{"text":"X.Categorias velhas","link":"https:\/\/www.jornalja.com.br\/arquivo\/category\/x-categorias-velhas\/"},"img":{"alt_text":"","src":"","width":0,"height":0},"classes":[]}],"jetpack_shortlink":"https:\/\/wp.me\/pbQjBd-cZn","jetpack_featured_media_url":"","_links":{"self":[{"href":"https:\/\/www.jornalja.com.br\/arquivo\/wp-json\/wp\/v2\/posts\/49933","targetHints":{"allow":["GET"]}}],"collection":[{"href":"https:\/\/www.jornalja.com.br\/arquivo\/wp-json\/wp\/v2\/posts"}],"about":[{"href":"https:\/\/www.jornalja.com.br\/arquivo\/wp-json\/wp\/v2\/types\/post"}],"author":[{"embeddable":true,"href":"https:\/\/www.jornalja.com.br\/arquivo\/wp-json\/wp\/v2\/users\/4"}],"replies":[{"embeddable":true,"href":"https:\/\/www.jornalja.com.br\/arquivo\/wp-json\/wp\/v2\/comments?post=49933"}],"version-history":[{"count":0,"href":"https:\/\/www.jornalja.com.br\/arquivo\/wp-json\/wp\/v2\/posts\/49933\/revisions"}],"wp:attachment":[{"href":"https:\/\/www.jornalja.com.br\/arquivo\/wp-json\/wp\/v2\/media?parent=49933"}],"wp:term":[{"taxonomy":"category","embeddable":true,"href":"https:\/\/www.jornalja.com.br\/arquivo\/wp-json\/wp\/v2\/categories?post=49933"},{"taxonomy":"post_tag","embeddable":true,"href":"https:\/\/www.jornalja.com.br\/arquivo\/wp-json\/wp\/v2\/tags?post=49933"}],"curies":[{"name":"wp","href":"https:\/\/api.w.org\/{rel}","templated":true}]}}