{"id":49943,"date":"2017-06-13T14:59:45","date_gmt":"2017-06-13T17:59:45","guid":{"rendered":"https:\/\/www.jornalja.com.br\/?p=49943"},"modified":"2017-06-13T14:59:45","modified_gmt":"2017-06-13T17:59:45","slug":"ministerio-publico-tem-que-atender-as-demandas-sociais-diz-novo-procurador-geral-de-justica","status":"publish","type":"post","link":"https:\/\/www.jornalja.com.br\/arquivo\/ministerio-publico-tem-que-atender-as-demandas-sociais-diz-novo-procurador-geral-de-justica\/","title":{"rendered":"Minist\u00e9rio P\u00fablico tem que atender \u00e0s demandas sociais, diz novo procurador-geral de Justi\u00e7a"},"content":{"rendered":"<p>O novo procurador-geral de Justi\u00e7a, Fabiano Dallazen, quer aproximar o Minist\u00e9rio P\u00fablico das demandas sociais, em \u00e1reas de grande impacto como a seguran\u00e7a p\u00fablica, a sa\u00fade, a educa\u00e7\u00e3o, a sustentabilidade e a prote\u00e7\u00e3o social.<br \/>\n\u201cA legitimidade institucional do Minist\u00e9rio P\u00fablico decorre da efici\u00eancia e protagonismo no atendimento \u00e0s demandas sociais modernas e pelos resultados alcan\u00e7ados\u201d, sublinhou durante sua posse na sexta-feira, dia 9.<br \/>\nTamb\u00e9m tomaram posse os quatro subprocuradores-gerais de Justi\u00e7a para o pr\u00f3ximo bi\u00eanio: Cesar Faccioli, Assuntos Jur\u00eddicos; Benhur Biancon Junior, Assuntos Administrativos; e Marcelo Dornelles, Assuntos Institucionais; e Ana Cristina Petrucci, Gest\u00e3o Estrat\u00e9gica.<br \/>\n<span class=\"intertit\">Corrup\u00e7\u00e3o<\/span><br \/>\nO novo procurador-geral de Justi\u00e7a ainda fez uma an\u00e1lise sobre o cen\u00e1rio pol\u00edtico-econ\u00f4mico nacional e postulou que o Brasil atravessa um momento extremamente delicado, exigindo prud\u00eancia e equil\u00edbrio de todos aqueles que se preocupam com o futuro da na\u00e7\u00e3o. \u201cA corrup\u00e7\u00e3o e a incompet\u00eancia \u2013 e n\u00e3o o seu desvelamento e enfrentamento &#8211; produziram esse caos em termos de mis\u00e9ria e desemprego.\u201d<br \/>\nDallazen enfatizou que a corrup\u00e7\u00e3o tem impactos danosos em v\u00e1rias dimens\u00f5es. \u201cNa dimens\u00e3o social, o impacto \u00e9 na a descapitaliza\u00e7\u00e3o do Estado, o subfinanciamento das pol\u00edticas p\u00fablicas, a falta de recursos para financiar programas sociais, al\u00e9m dos preju\u00edzos na dimens\u00e3o democr\u00e1tica, com os abusos do poder econ\u00f4mico e nosso modelo de financiamento privado de campanhas pol\u00edticas, claramente indutor de rela\u00e7\u00f5es pouco republicanas entre candidatos e financiadores\u201d, salientou.<br \/>\nPrestigiaram a posse o vice-governador do Estado, Jos\u00e9 Paulo Cairoli; a primeira-dama do Estado e secret\u00e1ria de Estado do Desenvolvimento Social, Trabalho, Justi\u00e7a e Direitos Humanos, Maria Helena Sartori; o presidente da Assembleia Legislativa do Estado, Edegar Pretto; o presidente do Tribunal de Justi\u00e7a do Estado, em exerc\u00edcio, desembargador Carlos Eduardo Duro; o defensor p\u00fablico-geral do Estado, Cristiano Vieira Heerdt; o vice-prefeito de Porto Alegre, Gustavo Paim; o presidente da C\u00e2mara Municipal de Porto Alegre, Cassio Trogildo; o presidente do Conselho Federal da Ordem dos Advogados do Brasil, Cl\u00e1udio Lamachia; o presidente do Tribunal de Contas do Estado, em exerc\u00edcio, Algir Lorenzon; o procurador-geral do Minist\u00e9rio P\u00fablico Especial junto ao Tribunal de Contas do Estado, Geraldo Costa da Camino, entre outras autoridades.<\/p>\n","protected":false},"excerpt":{"rendered":"<p>O novo procurador-geral de Justi\u00e7a, Fabiano Dallazen, quer aproximar o Minist\u00e9rio P\u00fablico das demandas sociais, em \u00e1reas de grande impacto como a seguran\u00e7a p\u00fablica, a sa\u00fade, a educa\u00e7\u00e3o, a sustentabilidade e a prote\u00e7\u00e3o social. \u201cA legitimidade institucional do Minist\u00e9rio P\u00fablico decorre da efici\u00eancia e protagonismo no atendimento \u00e0s demandas sociais modernas e pelos resultados alcan\u00e7ados\u201d, [&hellip;]<\/p>\n","protected":false},"author":4,"featured_media":49946,"comment_status":"open","ping_status":"closed","sticky":false,"template":"","format":"standard","meta":{"_jetpack_newsletter_access":"","_jetpack_dont_email_post_to_subs":false,"_jetpack_newsletter_tier_id":0,"_jetpack_memberships_contains_paywalled_content":false,"_jetpack_feature_clip_id":0,"_jetpack_memberships_contains_paid_content":false,"footnotes":"","jetpack_post_was_ever_published":false},"categories":[26],"tags":[],"class_list":["post-49943","post","type-post","status-publish","format-standard","has-post-thumbnail","hentry","category-geral"],"aioseo_notices":[],"aioseo_head":"\n\t\t<!-- All in One SEO 5.0.1.1 - aioseo.com -->\n\t<meta name=\"robots\" content=\"max-image-preview:large\" \/>\n\t<meta name=\"author\" content=\"da Reda\u00e7\u00e3o\"\/>\n\t<link rel=\"canonical\" href=\"https:\/\/www.jornalja.com.br\/arquivo\/ministerio-publico-tem-que-atender-as-demandas-sociais-diz-novo-procurador-geral-de-justica\/\" \/>\n\t<meta name=\"generator\" content=\"All in One SEO (AIOSEO) 5.0.1.1\" \/>\n\t\t<meta property=\"og:locale\" content=\"pt_BR\" \/>\n\t\t<meta property=\"og:site_name\" content=\"Arquivo | Jornal J\u00c1 | Porto Alegre\" \/>\n\t\t<meta property=\"og:type\" content=\"article\" \/>\n\t\t<meta property=\"og:title\" content=\"Minist\u00e9rio P\u00fablico tem que atender \u00e0s demandas sociais, diz novo procurador-geral de Justi\u00e7a | Arquivo\" \/>\n\t\t<meta property=\"og:url\" content=\"https:\/\/www.jornalja.com.br\/arquivo\/ministerio-publico-tem-que-atender-as-demandas-sociais-diz-novo-procurador-geral-de-justica\/\" \/>\n\t\t<meta property=\"og:image\" content=\"https:\/\/www.jornalja.com.br\/economics\/wp-content\/uploads\/sites\/11\/2026\/08\/ja-folhaderosto-facebook.jpg\" \/>\n\t\t<meta property=\"og:image:secure_url\" content=\"https:\/\/www.jornalja.com.br\/economics\/wp-content\/uploads\/sites\/11\/2026\/08\/ja-folhaderosto-facebook.jpg\" \/>\n\t\t<meta property=\"article:published_time\" content=\"2017-06-13T17:59:45+00:00\" \/>\n\t\t<meta property=\"article:modified_time\" content=\"2017-06-13T17:59:45+00:00\" \/>\n\t\t<meta name=\"twitter:card\" content=\"summary\" \/>\n\t\t<meta name=\"twitter:title\" content=\"Minist\u00e9rio P\u00fablico tem que atender \u00e0s demandas sociais, diz novo procurador-geral de Justi\u00e7a | Arquivo\" \/>\n\t\t<meta name=\"twitter:image\" content=\"https:\/\/www.jornalja.com.br\/economics\/wp-content\/uploads\/sites\/11\/2026\/08\/ja-folhaderosto-facebook.jpg\" \/>\n\t\t<script type=\"application\/ld+json\" class=\"aioseo-schema\">\n\t\t\t{\"@context\":\"https:\\\/\\\/schema.org\",\"@graph\":[{\"@type\":\"BlogPosting\",\"@id\":\"https:\\\/\\\/www.jornalja.com.br\\\/arquivo\\\/ministerio-publico-tem-que-atender-as-demandas-sociais-diz-novo-procurador-geral-de-justica\\\/#blogposting\",\"name\":\"Minist\\u00e9rio P\\u00fablico tem que atender \\u00e0s demandas sociais, diz novo procurador-geral de Justi\\u00e7a | Arquivo\",\"headline\":\"Minist\\u00e9rio P\\u00fablico tem que atender \\u00e0s demandas sociais, diz novo procurador-geral de Justi\\u00e7a\",\"author\":{\"@id\":\"https:\\\/\\\/www.jornalja.com.br\\\/arquivo\\\/author\\\/daredacao\\\/#author\"},\"publisher\":{\"@id\":\"https:\\\/\\\/www.jornalja.com.br\\\/arquivo\\\/#organization\"},\"image\":{\"@type\":\"ImageObject\",\"url\":49946},\"datePublished\":\"2017-06-13T14:59:45-03:00\",\"dateModified\":\"2017-06-13T14:59:45-03:00\",\"inLanguage\":\"pt-BR\",\"mainEntityOfPage\":{\"@id\":\"https:\\\/\\\/www.jornalja.com.br\\\/arquivo\\\/ministerio-publico-tem-que-atender-as-demandas-sociais-diz-novo-procurador-geral-de-justica\\\/#webpage\"},\"isPartOf\":{\"@id\":\"https:\\\/\\\/www.jornalja.com.br\\\/arquivo\\\/ministerio-publico-tem-que-atender-as-demandas-sociais-diz-novo-procurador-geral-de-justica\\\/#webpage\"},\"articleSection\":\"Geral\"},{\"@type\":\"BreadcrumbList\",\"@id\":\"https:\\\/\\\/www.jornalja.com.br\\\/arquivo\\\/ministerio-publico-tem-que-atender-as-demandas-sociais-diz-novo-procurador-geral-de-justica\\\/#breadcrumblist\",\"itemListElement\":[{\"@type\":\"ListItem\",\"@id\":\"https:\\\/\\\/www.jornalja.com.br\\\/arquivo#listItem\",\"position\":1,\"name\":\"Home\",\"item\":\"https:\\\/\\\/www.jornalja.com.br\\\/arquivo\",\"nextItem\":{\"@type\":\"ListItem\",\"@id\":\"https:\\\/\\\/www.jornalja.com.br\\\/arquivo\\\/category\\\/geral\\\/#listItem\",\"name\":\"Geral\"}},{\"@type\":\"ListItem\",\"@id\":\"https:\\\/\\\/www.jornalja.com.br\\\/arquivo\\\/category\\\/geral\\\/#listItem\",\"position\":2,\"name\":\"Geral\",\"item\":\"https:\\\/\\\/www.jornalja.com.br\\\/arquivo\\\/category\\\/geral\\\/\",\"nextItem\":{\"@type\":\"ListItem\",\"@id\":\"https:\\\/\\\/www.jornalja.com.br\\\/arquivo\\\/ministerio-publico-tem-que-atender-as-demandas-sociais-diz-novo-procurador-geral-de-justica\\\/#listItem\",\"name\":\"Minist\\u00e9rio P\\u00fablico tem que atender \\u00e0s demandas sociais, diz novo procurador-geral de Justi\\u00e7a\"},\"previousItem\":{\"@type\":\"ListItem\",\"@id\":\"https:\\\/\\\/www.jornalja.com.br\\\/arquivo#listItem\",\"name\":\"Home\"}},{\"@type\":\"ListItem\",\"@id\":\"https:\\\/\\\/www.jornalja.com.br\\\/arquivo\\\/ministerio-publico-tem-que-atender-as-demandas-sociais-diz-novo-procurador-geral-de-justica\\\/#listItem\",\"position\":3,\"name\":\"Minist\\u00e9rio P\\u00fablico tem que atender \\u00e0s demandas sociais, diz novo procurador-geral de Justi\\u00e7a\",\"previousItem\":{\"@type\":\"ListItem\",\"@id\":\"https:\\\/\\\/www.jornalja.com.br\\\/arquivo\\\/category\\\/geral\\\/#listItem\",\"name\":\"Geral\"}}]},{\"@type\":\"Organization\",\"@id\":\"https:\\\/\\\/www.jornalja.com.br\\\/arquivo\\\/#organization\",\"name\":\"Jornal J\\u00c1\",\"description\":\"Jornal J\\u00c1 | Porto Alegre\",\"url\":\"https:\\\/\\\/www.jornalja.com.br\\\/arquivo\\\/\",\"telephone\":\"+555133307272\",\"logo\":{\"@type\":\"ImageObject\",\"url\":\"https:\\\/\\\/www.jornalja.com.br\\\/wp-content\\\/uploads\\\/cards\\\/JAslogan.png\",\"@id\":\"https:\\\/\\\/www.jornalja.com.br\\\/arquivo\\\/ministerio-publico-tem-que-atender-as-demandas-sociais-diz-novo-procurador-geral-de-justica\\\/#organizationLogo\"},\"image\":{\"@id\":\"https:\\\/\\\/www.jornalja.com.br\\\/arquivo\\\/ministerio-publico-tem-que-atender-as-demandas-sociais-diz-novo-procurador-geral-de-justica\\\/#organizationLogo\"}},{\"@type\":\"Person\",\"@id\":\"https:\\\/\\\/www.jornalja.com.br\\\/arquivo\\\/author\\\/daredacao\\\/#author\",\"url\":\"https:\\\/\\\/www.jornalja.com.br\\\/arquivo\\\/author\\\/daredacao\\\/\",\"name\":\"da Reda\\u00e7\\u00e3o\",\"image\":{\"@type\":\"ImageObject\",\"@id\":\"https:\\\/\\\/www.jornalja.com.br\\\/arquivo\\\/ministerio-publico-tem-que-atender-as-demandas-sociais-diz-novo-procurador-geral-de-justica\\\/#authorImage\",\"url\":\"https:\\\/\\\/secure.gravatar.com\\\/avatar\\\/469fd857d6605ad19919d27ed29d35a968a25f6e8fd9318356bbb7f57aae9c65?s=96&d=mm&r=g\",\"width\":96,\"height\":96,\"caption\":\"da Reda\\u00e7\\u00e3o\"}},{\"@type\":\"WebPage\",\"@id\":\"https:\\\/\\\/www.jornalja.com.br\\\/arquivo\\\/ministerio-publico-tem-que-atender-as-demandas-sociais-diz-novo-procurador-geral-de-justica\\\/#webpage\",\"url\":\"https:\\\/\\\/www.jornalja.com.br\\\/arquivo\\\/ministerio-publico-tem-que-atender-as-demandas-sociais-diz-novo-procurador-geral-de-justica\\\/\",\"name\":\"Minist\\u00e9rio P\\u00fablico tem que atender \\u00e0s demandas sociais, diz novo procurador-geral de Justi\\u00e7a | Arquivo\",\"inLanguage\":\"pt-BR\",\"isPartOf\":{\"@id\":\"https:\\\/\\\/www.jornalja.com.br\\\/arquivo\\\/#website\"},\"breadcrumb\":{\"@id\":\"https:\\\/\\\/www.jornalja.com.br\\\/arquivo\\\/ministerio-publico-tem-que-atender-as-demandas-sociais-diz-novo-procurador-geral-de-justica\\\/#breadcrumblist\"},\"author\":{\"@id\":\"https:\\\/\\\/www.jornalja.com.br\\\/arquivo\\\/author\\\/daredacao\\\/#author\"},\"creator\":{\"@id\":\"https:\\\/\\\/www.jornalja.com.br\\\/arquivo\\\/author\\\/daredacao\\\/#author\"},\"image\":{\"@type\":\"ImageObject\",\"url\":49946,\"@id\":\"https:\\\/\\\/www.jornalja.com.br\\\/arquivo\\\/ministerio-publico-tem-que-atender-as-demandas-sociais-diz-novo-procurador-geral-de-justica\\\/#mainImage\"},\"primaryImageOfPage\":{\"@id\":\"https:\\\/\\\/www.jornalja.com.br\\\/arquivo\\\/ministerio-publico-tem-que-atender-as-demandas-sociais-diz-novo-procurador-geral-de-justica\\\/#mainImage\"},\"datePublished\":\"2017-06-13T14:59:45-03:00\",\"dateModified\":\"2017-06-13T14:59:45-03:00\"},{\"@type\":\"WebSite\",\"@id\":\"https:\\\/\\\/www.jornalja.com.br\\\/arquivo\\\/#website\",\"url\":\"https:\\\/\\\/www.jornalja.com.br\\\/arquivo\\\/\",\"name\":\"Arquivo\",\"description\":\"Jornal J\\u00c1 | Porto Alegre\",\"inLanguage\":\"pt-BR\",\"publisher\":{\"@id\":\"https:\\\/\\\/www.jornalja.com.br\\\/arquivo\\\/#organization\"}}]}\n\t\t<\/script>\n\t\t<!-- All in One SEO -->\n\n","aioseo_head_json":{"title":"Minist\u00e9rio P\u00fablico tem que atender \u00e0s demandas sociais, diz novo procurador-geral de Justi\u00e7a | Arquivo","description":"","canonical_url":"https:\/\/www.jornalja.com.br\/arquivo\/ministerio-publico-tem-que-atender-as-demandas-sociais-diz-novo-procurador-geral-de-justica\/","robots":"max-image-preview:large","keywords":"","webmasterTools":{"miscellaneous":""},"schema":{"@context":"https:\/\/schema.org","@graph":[{"@type":"BlogPosting","@id":"https:\/\/www.jornalja.com.br\/arquivo\/ministerio-publico-tem-que-atender-as-demandas-sociais-diz-novo-procurador-geral-de-justica\/#blogposting","name":"Minist\u00e9rio P\u00fablico tem que atender \u00e0s demandas sociais, diz novo procurador-geral de Justi\u00e7a | Arquivo","headline":"Minist\u00e9rio P\u00fablico tem que atender \u00e0s demandas sociais, diz novo procurador-geral de Justi\u00e7a","author":{"@id":"https:\/\/www.jornalja.com.br\/arquivo\/author\/daredacao\/#author"},"publisher":{"@id":"https:\/\/www.jornalja.com.br\/arquivo\/#organization"},"image":{"@type":"ImageObject","url":49946},"datePublished":"2017-06-13T14:59:45-03:00","dateModified":"2017-06-13T14:59:45-03:00","inLanguage":"pt-BR","mainEntityOfPage":{"@id":"https:\/\/www.jornalja.com.br\/arquivo\/ministerio-publico-tem-que-atender-as-demandas-sociais-diz-novo-procurador-geral-de-justica\/#webpage"},"isPartOf":{"@id":"https:\/\/www.jornalja.com.br\/arquivo\/ministerio-publico-tem-que-atender-as-demandas-sociais-diz-novo-procurador-geral-de-justica\/#webpage"},"articleSection":"Geral"},{"@type":"BreadcrumbList","@id":"https:\/\/www.jornalja.com.br\/arquivo\/ministerio-publico-tem-que-atender-as-demandas-sociais-diz-novo-procurador-geral-de-justica\/#breadcrumblist","itemListElement":[{"@type":"ListItem","@id":"https:\/\/www.jornalja.com.br\/arquivo#listItem","position":1,"name":"Home","item":"https:\/\/www.jornalja.com.br\/arquivo","nextItem":{"@type":"ListItem","@id":"https:\/\/www.jornalja.com.br\/arquivo\/category\/geral\/#listItem","name":"Geral"}},{"@type":"ListItem","@id":"https:\/\/www.jornalja.com.br\/arquivo\/category\/geral\/#listItem","position":2,"name":"Geral","item":"https:\/\/www.jornalja.com.br\/arquivo\/category\/geral\/","nextItem":{"@type":"ListItem","@id":"https:\/\/www.jornalja.com.br\/arquivo\/ministerio-publico-tem-que-atender-as-demandas-sociais-diz-novo-procurador-geral-de-justica\/#listItem","name":"Minist\u00e9rio P\u00fablico tem que atender \u00e0s demandas sociais, diz novo procurador-geral de Justi\u00e7a"},"previousItem":{"@type":"ListItem","@id":"https:\/\/www.jornalja.com.br\/arquivo#listItem","name":"Home"}},{"@type":"ListItem","@id":"https:\/\/www.jornalja.com.br\/arquivo\/ministerio-publico-tem-que-atender-as-demandas-sociais-diz-novo-procurador-geral-de-justica\/#listItem","position":3,"name":"Minist\u00e9rio P\u00fablico tem que atender \u00e0s demandas sociais, diz novo procurador-geral de Justi\u00e7a","previousItem":{"@type":"ListItem","@id":"https:\/\/www.jornalja.com.br\/arquivo\/category\/geral\/#listItem","name":"Geral"}}]},{"@type":"Organization","@id":"https:\/\/www.jornalja.com.br\/arquivo\/#organization","name":"Jornal J\u00c1","description":"Jornal J\u00c1 | Porto Alegre","url":"https:\/\/www.jornalja.com.br\/arquivo\/","telephone":"+555133307272","logo":{"@type":"ImageObject","url":"https:\/\/www.jornalja.com.br\/wp-content\/uploads\/cards\/JAslogan.png","@id":"https:\/\/www.jornalja.com.br\/arquivo\/ministerio-publico-tem-que-atender-as-demandas-sociais-diz-novo-procurador-geral-de-justica\/#organizationLogo"},"image":{"@id":"https:\/\/www.jornalja.com.br\/arquivo\/ministerio-publico-tem-que-atender-as-demandas-sociais-diz-novo-procurador-geral-de-justica\/#organizationLogo"}},{"@type":"Person","@id":"https:\/\/www.jornalja.com.br\/arquivo\/author\/daredacao\/#author","url":"https:\/\/www.jornalja.com.br\/arquivo\/author\/daredacao\/","name":"da Reda\u00e7\u00e3o","image":{"@type":"ImageObject","@id":"https:\/\/www.jornalja.com.br\/arquivo\/ministerio-publico-tem-que-atender-as-demandas-sociais-diz-novo-procurador-geral-de-justica\/#authorImage","url":"https:\/\/secure.gravatar.com\/avatar\/469fd857d6605ad19919d27ed29d35a968a25f6e8fd9318356bbb7f57aae9c65?s=96&d=mm&r=g","width":96,"height":96,"caption":"da Reda\u00e7\u00e3o"}},{"@type":"WebPage","@id":"https:\/\/www.jornalja.com.br\/arquivo\/ministerio-publico-tem-que-atender-as-demandas-sociais-diz-novo-procurador-geral-de-justica\/#webpage","url":"https:\/\/www.jornalja.com.br\/arquivo\/ministerio-publico-tem-que-atender-as-demandas-sociais-diz-novo-procurador-geral-de-justica\/","name":"Minist\u00e9rio P\u00fablico tem que atender \u00e0s demandas sociais, diz novo procurador-geral de Justi\u00e7a | Arquivo","inLanguage":"pt-BR","isPartOf":{"@id":"https:\/\/www.jornalja.com.br\/arquivo\/#website"},"breadcrumb":{"@id":"https:\/\/www.jornalja.com.br\/arquivo\/ministerio-publico-tem-que-atender-as-demandas-sociais-diz-novo-procurador-geral-de-justica\/#breadcrumblist"},"author":{"@id":"https:\/\/www.jornalja.com.br\/arquivo\/author\/daredacao\/#author"},"creator":{"@id":"https:\/\/www.jornalja.com.br\/arquivo\/author\/daredacao\/#author"},"image":{"@type":"ImageObject","url":49946,"@id":"https:\/\/www.jornalja.com.br\/arquivo\/ministerio-publico-tem-que-atender-as-demandas-sociais-diz-novo-procurador-geral-de-justica\/#mainImage"},"primaryImageOfPage":{"@id":"https:\/\/www.jornalja.com.br\/arquivo\/ministerio-publico-tem-que-atender-as-demandas-sociais-diz-novo-procurador-geral-de-justica\/#mainImage"},"datePublished":"2017-06-13T14:59:45-03:00","dateModified":"2017-06-13T14:59:45-03:00"},{"@type":"WebSite","@id":"https:\/\/www.jornalja.com.br\/arquivo\/#website","url":"https:\/\/www.jornalja.com.br\/arquivo\/","name":"Arquivo","description":"Jornal J\u00c1 | Porto Alegre","inLanguage":"pt-BR","publisher":{"@id":"https:\/\/www.jornalja.com.br\/arquivo\/#organization"}}]},"og:locale":"pt_BR","og:site_name":"Arquivo | Jornal J\u00c1 | Porto Alegre","og:type":"article","og:title":"Minist\u00e9rio P\u00fablico tem que atender \u00e0s demandas sociais, diz novo procurador-geral de Justi\u00e7a | Arquivo","og:url":"https:\/\/www.jornalja.com.br\/arquivo\/ministerio-publico-tem-que-atender-as-demandas-sociais-diz-novo-procurador-geral-de-justica\/","og:image":"https:\/\/www.jornalja.com.br\/economics\/wp-content\/uploads\/sites\/11\/2026\/08\/ja-folhaderosto-facebook.jpg","og:image:secure_url":"https:\/\/www.jornalja.com.br\/economics\/wp-content\/uploads\/sites\/11\/2026\/08\/ja-folhaderosto-facebook.jpg","article:published_time":"2017-06-13T17:59:45+00:00","article:modified_time":"2017-06-13T17:59:45+00:00","twitter:card":"summary","twitter:title":"Minist\u00e9rio P\u00fablico tem que atender \u00e0s demandas sociais, diz novo procurador-geral de Justi\u00e7a | Arquivo","twitter:image":"https:\/\/www.jornalja.com.br\/economics\/wp-content\/uploads\/sites\/11\/2026\/08\/ja-folhaderosto-facebook.jpg"},"aioseo_meta_data":{"post_id":"49943","title":null,"description":null,"keywords":null,"keyphrases":null,"primary_term":null,"canonical_url":null,"og_title":null,"og_description":null,"og_object_type":"default","og_image_type":"default","og_image_url":null,"og_image_width":null,"og_image_height":null,"og_image_custom_url":null,"og_image_custom_fields":null,"og_video":null,"og_custom_url":null,"og_article_section":null,"og_article_tags":null,"twitter_use_og":false,"twitter_card":"default","twitter_image_type":"default","twitter_image_url":null,"twitter_image_custom_url":null,"twitter_image_custom_fields":null,"twitter_title":null,"twitter_description":null,"schema":{"blockGraphs":[],"customGraphs":[],"default":{"data":{"Article":[],"Course":[],"Dataset":[],"FAQPage":[],"Movie":[],"Person":[],"Product":[],"ProductReview":[],"Car":[],"Recipe":[],"Service":[],"SoftwareApplication":[],"WebPage":[]},"graphName":"","isEnabled":true},"graphs":[]},"schema_type":null,"schema_type_options":null,"pillar_content":false,"robots_default":true,"robots_noindex":false,"robots_noarchive":false,"robots_nosnippet":false,"robots_nofollow":false,"robots_noimageindex":false,"robots_noodp":false,"robots_notranslate":false,"robots_max_snippet":null,"robots_max_videopreview":null,"robots_max_imagepreview":"large","priority":null,"frequency":null,"location":null,"local_seo":null,"breadcrumb_settings":null,"limit_modified_date":false,"ai":null,"created":"2020-12-20 20:32:00","updated":"2025-07-19 22:12:06","seo_analyzer_scan_date":null,"focus_keyword":null,"additional_keywords":null,"truseo_locale":null},"jetpack_sharing_enabled":true,"jetpack-related-posts":[{"id":13109,"url":"https:\/\/www.jornalja.com.br\/arquivo\/judiciario-reconhece-poluicao-eletromagnetica\/","url_meta":{"origin":49943,"position":0},"title":"Judici\u00e1rio reconhece polui\u00e7\u00e3o eletromagn\u00e9tica","author":"Patr\u00edcia Marini","date":"16 de maio de 2014","format":false,"excerpt":"A\u00e7\u00e3o de duas associa\u00e7\u00f5es de moradores foi acolhida pelo Tribunal de Justi\u00e7a de S\u00e3o Paulo que. em decis\u00e3o in\u00e9dita, determinou a redu\u00e7\u00e3o do campo eletromagn\u00e9tico gerado pelas linhas de transmiss\u00e3o de energia que cortam os bairros City Boa\u00e7ava e Alto de Pinheiros. \u00c9 a primeira vez que um tribunal do\u2026","rel":"","context":"Em &quot;X.Categorias velhas&quot;","block_context":{"text":"X.Categorias velhas","link":"https:\/\/www.jornalja.com.br\/arquivo\/category\/x-categorias-velhas\/"},"img":{"alt_text":"","src":"","width":0,"height":0},"classes":[]},{"id":13240,"url":"https:\/\/www.jornalja.com.br\/arquivo\/plano-diretor-estamos-construindo-o-caos\/","url_meta":{"origin":49943,"position":1},"title":"Plano diretor: &quot;Estamos construindo o caos&quot;","author":"Patr\u00edcia Marini","date":"26 de maio de 2014","format":false,"excerpt":"Desabafo que arquiteta Eliana Castilhos, delegada da Regi\u00e3o de Planejamento 1, postou nas redes sociais \u00e9 um testemunho do ambiente que se criou no Conselho do Plano Diretor de Porto Alegre, onde a aprova\u00e7\u00e3o de grandes empreendimentos \u00e9 empurrada guela abaixo dos conselheiros. Ao CMDUA Como delegada da Regi\u00e3o de\u2026","rel":"","context":"Em &quot;Geral&quot;","block_context":{"text":"Geral","link":"https:\/\/www.jornalja.com.br\/arquivo\/category\/geral\/"},"img":{"alt_text":"","src":"","width":0,"height":0},"classes":[]},{"id":13101,"url":"https:\/\/www.jornalja.com.br\/arquivo\/morre-um-guerreiro-do-texto\/","url_meta":{"origin":49943,"position":2},"title":"Morre um guerreiro do texto","author":"Patr\u00edcia Marini","date":"14 de maio de 2014","format":false,"excerpt":"Por Ricardo Kotscho Reproduzido do blog do autor, 11\/5\/2014; t\u00edtulo original \u201cE l\u00e1 se foi o nosso Myltainho, guerreiro do texto\u201d. Mi\u00fado e franzino, meu amigo Myltainho era um valente e inconformado guerreiro na luta contra as injusti\u00e7as sociais, a hipocrisia, as maracutaias, o autoritarismo, a intoler\u00e2ncia, a viol\u00eancia, o\u2026","rel":"","context":"Em &quot;Geral&quot;","block_context":{"text":"Geral","link":"https:\/\/www.jornalja.com.br\/arquivo\/category\/geral\/"},"img":{"alt_text":"","src":"","width":0,"height":0},"classes":[]},{"id":12960,"url":"https:\/\/www.jornalja.com.br\/arquivo\/populacao-culpa-empresas-pela-greve-dos-rodoviarios\/","url_meta":{"origin":49943,"position":3},"title":"Popula\u00e7\u00e3o culpa empresas pela greve","author":"Patr\u00edcia Marini","date":"14 de fevereiro de 2014","format":false,"excerpt":"Pesquisa divulgada na edi\u00e7\u00e3o do jornal Metro desta sexta-feira,14, comprova o velho ditado: \u00e9 poss\u00edvel enganar muitos por algum tempo, mas n\u00e3o \u00e9 poss\u00edvel enganar a todos o tempo inteiro. A principal revela\u00e7\u00e3o foi que 59,8% dos entrevistados apontaram as empresas como as principais respons\u00e1veis pela grave e 46% culparam\u2026","rel":"","context":"Em &quot;X.Categorias velhas&quot;","block_context":{"text":"X.Categorias velhas","link":"https:\/\/www.jornalja.com.br\/arquivo\/category\/x-categorias-velhas\/"},"img":{"alt_text":"","src":"","width":0,"height":0},"classes":[]},{"id":13239,"url":"https:\/\/www.jornalja.com.br\/arquivo\/conselho-desdenha-do-plano-diretor\/","url_meta":{"origin":49943,"position":4},"title":"Porto Alegre: Conselho detona Plano Diretor","author":"Patr\u00edcia Marini","date":"25 de maio de 2014","format":false,"excerpt":"Den\u00fancia do arquiteto e \u00a0urbanista Ibir\u00e1 Santos Lucas. Ele diz que os conselheiros est\u00e3o votando com \"enorme irresponsabilidade\". \"Mudam regime com a maior naturalidade,,,regularizam absurdos de constru\u00e7\u00f5es irregulares... \"O CMDUA est\u00e1 flexibilizando a lei do plano diretor, de uma forma impactante na vida da cidade. Mudam regime com a maior\u2026","rel":"","context":"Em &quot;Geral&quot;","block_context":{"text":"Geral","link":"https:\/\/www.jornalja.com.br\/arquivo\/category\/geral\/"},"img":{"alt_text":"","src":"","width":0,"height":0},"classes":[]},{"id":14241,"url":"https:\/\/www.jornalja.com.br\/arquivo\/o-guaiba-nas-imagens-poeticas-de-achutti\/","url_meta":{"origin":49943,"position":5},"title":"O Gua\u00edba nas imagens po\u00e9ticas de Achutti","author":"da Reda\u00e7\u00e3o","date":"18 de junho de 2014","format":false,"excerpt":"Em \u201cO Gua\u00edba por Achutti\u201d \u2013 obra financiada via Minist\u00e9rio da Cultura, produ\u00e7\u00e3o executiva de Pedro Longhi, e Fl\u00e1vio Wild como designer \u2013, o fot\u00f3grafo revela a beleza e as mazelas de um espa\u00e7o aqu\u00e1tico de \u00e1guas sempre renovadas, cheio de hist\u00f3rias e lendas como as das cidades que foram\u2026","rel":"","context":"Em &quot;Cultura-Geral&quot;","block_context":{"text":"Cultura-Geral","link":"https:\/\/www.jornalja.com.br\/arquivo\/category\/materiasecundaria\/"},"img":{"alt_text":"","src":"","width":0,"height":0},"classes":[]}],"jetpack_shortlink":"https:\/\/wp.me\/pbQjBd-cZx","jetpack_featured_media_url":"","_links":{"self":[{"href":"https:\/\/www.jornalja.com.br\/arquivo\/wp-json\/wp\/v2\/posts\/49943","targetHints":{"allow":["GET"]}}],"collection":[{"href":"https:\/\/www.jornalja.com.br\/arquivo\/wp-json\/wp\/v2\/posts"}],"about":[{"href":"https:\/\/www.jornalja.com.br\/arquivo\/wp-json\/wp\/v2\/types\/post"}],"author":[{"embeddable":true,"href":"https:\/\/www.jornalja.com.br\/arquivo\/wp-json\/wp\/v2\/users\/4"}],"replies":[{"embeddable":true,"href":"https:\/\/www.jornalja.com.br\/arquivo\/wp-json\/wp\/v2\/comments?post=49943"}],"version-history":[{"count":0,"href":"https:\/\/www.jornalja.com.br\/arquivo\/wp-json\/wp\/v2\/posts\/49943\/revisions"}],"wp:attachment":[{"href":"https:\/\/www.jornalja.com.br\/arquivo\/wp-json\/wp\/v2\/media?parent=49943"}],"wp:term":[{"taxonomy":"category","embeddable":true,"href":"https:\/\/www.jornalja.com.br\/arquivo\/wp-json\/wp\/v2\/categories?post=49943"},{"taxonomy":"post_tag","embeddable":true,"href":"https:\/\/www.jornalja.com.br\/arquivo\/wp-json\/wp\/v2\/tags?post=49943"}],"curies":[{"name":"wp","href":"https:\/\/api.w.org\/{rel}","templated":true}]}}