{"id":49944,"date":"2017-06-13T17:19:27","date_gmt":"2017-06-13T20:19:27","guid":{"rendered":"https:\/\/www.jornalja.com.br\/?p=49944"},"modified":"2017-06-13T17:19:27","modified_gmt":"2017-06-13T20:19:27","slug":"justica-garante-salario-maternidade-para-meninas-mbya-guarani","status":"publish","type":"post","link":"https:\/\/www.jornalja.com.br\/arquivo\/justica-garante-salario-maternidade-para-meninas-mbya-guarani\/","title":{"rendered":"Justi\u00e7a garante sal\u00e1rio-maternidade para meninas Mby\u00e1-Guarani"},"content":{"rendered":"<p>As ind\u00edgenas Mby\u00e1-Guarani tornam-se m\u00e3es bem cedo, normalmente ainda na adolesc\u00eancia. Uma decis\u00e3o do Tribunal Regional Federal da 4\u00aa Regi\u00e3o beneficia jovens da etnia, entre 14 e 16 anos, em mais de 30 cidades do noroeste ga\u00facho.<br \/>\nO TRF4 acatou pedido do Minist\u00e9rio P\u00fablico Federal e determinou que o Instituto Nacional da Seguridade Social (INSS) admita o ingresso na Previd\u00eancia Social e, portanto, aceite requerimentos de sal\u00e1rio-maternidade formulados por jovens entre 14 e 16 anos, da etnia Mby\u00e1-Guarani, que vivem nas cidades que comp\u00f5em a Subse\u00e7\u00e3o Judici\u00e1ria Federal de Santo \u00c2ngelo\/RS (veja a lista abaixo). O MPF ainda garantiu que o tempo de trabalho anterior aos 14 anos, quando comprovado, seja computado para fins de car\u00eancia.<br \/>\nA decis\u00e3o un\u00e2nime da 6\u00aa Turma do TRF4 confirma pedido de a\u00e7\u00e3o civil p\u00fablica (ACP) ajuizada pelo MPF: que o INSS admita o ingresso e abstenha-se de indeferir, exclusivamente por motivo de idade, os requerimentos de sal\u00e1rio-maternidade formulados pelas seguradas Mby\u00e1-Guarani da regi\u00e3o.<br \/>\n<strong>Hist\u00f3rico <\/strong><br \/>\nO Inqu\u00e9rito Civil n\u00ba\u00a0<a href=\"http:\/\/1.29.8.55\/2013-84\">1.29.010.000067\/2013-84<\/a>\u00a0apurou que o INSS indeferia pedidos do referido benef\u00edcio \u00e0s ind\u00edgenas menores de 16 anos. A autarquia argumentava que elas eram seguradas especiais, pelo exerc\u00edcio de atividade em regime de economia familiar, e deveriam \u00a0ter a idade m\u00ednima de 16 anos para fazer jus ao sal\u00e1rio-maternidade.<br \/>\nO INSS tamb\u00e9m considerava que o menor de 16 anos n\u00e3o pode ser considerado trabalhador, pois existe proibi\u00e7\u00e3o constitucional ao trabalho da crian\u00e7a e do adolescente.<br \/>\nO MPF ingressou com a a\u00e7\u00e3o civil p\u00fablica, assinada pelo procurador da Rep\u00fablica Osmar Veronese, na qual apontou as diferen\u00e7a entre a cultura ind\u00edgena e a n\u00e3o-ind\u00edgena (sociedade envolvente).<br \/>\nEstudo antropol\u00f3gico juntado ao caso mostrou que, a partir dos dez anos, meninos e meninas Mby\u00e1 Guarani gradativamente assumem responsabilidades pr\u00f3prias e que as jovens, com a chegada da menstrua\u00e7\u00e3o, iniciam a vida sexual, o que as leva a casar e ter filhos cedo.<br \/>\nPor isso, o artigo 55 da Lei n\u00ba 6.001\/1973 (Estatuto do \u00cdndio) estabelece que &#8220;o regime geral da previd\u00eancia social ser\u00e1 extensivo aos \u00edndios, atendidas as condi\u00e7\u00f5es sociais, econ\u00f4micas e culturais das comunidades beneficiadas&#8221;, um direito tamb\u00e9m garantido pelo artigo 231 da Constitui\u00e7\u00e3o Federal, que reconhece &#8220;aos \u00edndios sua organiza\u00e7\u00e3o social, costumes, l\u00ednguas, cren\u00e7as e tradi\u00e7\u00f5es, e os direitos origin\u00e1rios sobre as terras que tradicionalmente ocupam&#8221;.<br \/>\nNo parecer encaminhado ao TRF4, o procurador regional da Rep\u00fablica Claudio Dutra Fontella lembrou que os tribunais v\u00eam reconhecendo, para fins previdenci\u00e1rios, o tempo de servi\u00e7o rural respectivo, ainda que a idade de exerc\u00edcio desse trabalho ind\u00edgena contrarie a Constitui\u00e7\u00e3o e a lei no tocante \u00e0 idade. &#8220;A norma editada para proteger o menor n\u00e3o pode prejudic\u00e1-lo naqueles casos em que efetivamente trabalhou&#8221;, escreveu.<br \/>\nJ\u00e1 na sustenta\u00e7\u00e3o oral durante o julgamento, o procurador regional da Rep\u00fablica Maur\u00edcio Pessuto defendeu que o tempo de trabalho anterior aos 14 anos fosse computado para fins de car\u00eancia, devido \u00e0s peculiaridades da cultura da etnia. A solicita\u00e7\u00e3o foi inclu\u00edda no voto do relator e acompanhada por toda a Turma no ac\u00f3rd\u00e3o.<br \/>\n<strong>Cidades da Subse\u00e7\u00e3o Judici\u00e1ria Federal de Santo \u00c2ngelo:<\/strong><br \/>\nAjuricaba, Augusto Pestana, Bozano, Caibat\u00e9, Catu\u00edpe, Cerro Largo, Chiapetta, Coronel Barros, Dezesseis de Novembro, Entre Iju\u00eds, Eug\u00eanio de Castro, Giru\u00e1, Guarani das Miss\u00f5es, Iju\u00ed, Inhacor\u00e1, J\u00f3ia, Mato Queimado, Nova Ramada, Pirap\u00f3, Porto Xavier, Rolador, Roque Gonzales, Salvador das Miss\u00f5es, Santo \u00c2ngelo, Santo Ant\u00f4nio das Miss\u00f5es, Santo Augusto, S\u00e3o Luiz Gonzaga, S\u00e3o Miguel das Miss\u00f5es, S\u00e3o Nicolau, S\u00e3o Pedro do Buti\u00e1, S\u00e3o Val\u00e9rio do Sul, Senador Salgado Filho, Sete de Setembro, Ubiretama e Vit\u00f3ria das Miss\u00f5es<\/p>\n","protected":false},"excerpt":{"rendered":"<p>As ind\u00edgenas Mby\u00e1-Guarani tornam-se m\u00e3es bem cedo, normalmente ainda na adolesc\u00eancia. Uma decis\u00e3o do Tribunal Regional Federal da 4\u00aa Regi\u00e3o beneficia jovens da etnia, entre 14 e 16 anos, em mais de 30 cidades do noroeste ga\u00facho. O TRF4 acatou pedido do Minist\u00e9rio P\u00fablico Federal e determinou que o Instituto Nacional da Seguridade Social (INSS) [&hellip;]<\/p>\n","protected":false},"author":4,"featured_media":49942,"comment_status":"open","ping_status":"closed","sticky":false,"template":"","format":"standard","meta":{"_jetpack_newsletter_access":"","_jetpack_dont_email_post_to_subs":false,"_jetpack_newsletter_tier_id":0,"_jetpack_memberships_contains_paywalled_content":false,"_jetpack_feature_clip_id":0,"_jetpack_memberships_contains_paid_content":false,"footnotes":"","jetpack_post_was_ever_published":false},"categories":[26],"tags":[],"class_list":["post-49944","post","type-post","status-publish","format-standard","has-post-thumbnail","hentry","category-geral"],"aioseo_notices":[],"aioseo_head":"\n\t\t<!-- All in One SEO 5.0.1.1 - aioseo.com -->\n\t<meta name=\"robots\" content=\"max-image-preview:large\" \/>\n\t<meta name=\"author\" content=\"da Reda\u00e7\u00e3o\"\/>\n\t<link rel=\"canonical\" href=\"https:\/\/www.jornalja.com.br\/arquivo\/justica-garante-salario-maternidade-para-meninas-mbya-guarani\/\" \/>\n\t<meta name=\"generator\" content=\"All in One SEO (AIOSEO) 5.0.1.1\" \/>\n\t\t<meta property=\"og:locale\" content=\"pt_BR\" \/>\n\t\t<meta property=\"og:site_name\" content=\"Arquivo | Jornal J\u00c1 | Porto Alegre\" \/>\n\t\t<meta property=\"og:type\" content=\"article\" \/>\n\t\t<meta property=\"og:title\" content=\"Justi\u00e7a garante sal\u00e1rio-maternidade para meninas Mby\u00e1-Guarani | Arquivo\" \/>\n\t\t<meta property=\"og:url\" content=\"https:\/\/www.jornalja.com.br\/arquivo\/justica-garante-salario-maternidade-para-meninas-mbya-guarani\/\" \/>\n\t\t<meta property=\"og:image\" content=\"https:\/\/www.jornalja.com.br\/economics\/wp-content\/uploads\/sites\/11\/2026\/08\/ja-folhaderosto-facebook.jpg\" \/>\n\t\t<meta property=\"og:image:secure_url\" content=\"https:\/\/www.jornalja.com.br\/economics\/wp-content\/uploads\/sites\/11\/2026\/08\/ja-folhaderosto-facebook.jpg\" \/>\n\t\t<meta property=\"article:published_time\" content=\"2017-06-13T20:19:27+00:00\" \/>\n\t\t<meta property=\"article:modified_time\" content=\"2017-06-13T20:19:27+00:00\" \/>\n\t\t<meta name=\"twitter:card\" content=\"summary\" \/>\n\t\t<meta name=\"twitter:title\" content=\"Justi\u00e7a garante sal\u00e1rio-maternidade para meninas Mby\u00e1-Guarani | Arquivo\" \/>\n\t\t<meta name=\"twitter:image\" content=\"https:\/\/www.jornalja.com.br\/economics\/wp-content\/uploads\/sites\/11\/2026\/08\/ja-folhaderosto-facebook.jpg\" \/>\n\t\t<script type=\"application\/ld+json\" class=\"aioseo-schema\">\n\t\t\t{\"@context\":\"https:\\\/\\\/schema.org\",\"@graph\":[{\"@type\":\"BlogPosting\",\"@id\":\"https:\\\/\\\/www.jornalja.com.br\\\/arquivo\\\/justica-garante-salario-maternidade-para-meninas-mbya-guarani\\\/#blogposting\",\"name\":\"Justi\\u00e7a garante sal\\u00e1rio-maternidade para meninas Mby\\u00e1-Guarani | Arquivo\",\"headline\":\"Justi\\u00e7a garante sal\\u00e1rio-maternidade para meninas Mby\\u00e1-Guarani\",\"author\":{\"@id\":\"https:\\\/\\\/www.jornalja.com.br\\\/arquivo\\\/author\\\/daredacao\\\/#author\"},\"publisher\":{\"@id\":\"https:\\\/\\\/www.jornalja.com.br\\\/arquivo\\\/#organization\"},\"image\":{\"@type\":\"ImageObject\",\"url\":49942},\"datePublished\":\"2017-06-13T17:19:27-03:00\",\"dateModified\":\"2017-06-13T17:19:27-03:00\",\"inLanguage\":\"pt-BR\",\"mainEntityOfPage\":{\"@id\":\"https:\\\/\\\/www.jornalja.com.br\\\/arquivo\\\/justica-garante-salario-maternidade-para-meninas-mbya-guarani\\\/#webpage\"},\"isPartOf\":{\"@id\":\"https:\\\/\\\/www.jornalja.com.br\\\/arquivo\\\/justica-garante-salario-maternidade-para-meninas-mbya-guarani\\\/#webpage\"},\"articleSection\":\"Geral\"},{\"@type\":\"BreadcrumbList\",\"@id\":\"https:\\\/\\\/www.jornalja.com.br\\\/arquivo\\\/justica-garante-salario-maternidade-para-meninas-mbya-guarani\\\/#breadcrumblist\",\"itemListElement\":[{\"@type\":\"ListItem\",\"@id\":\"https:\\\/\\\/www.jornalja.com.br\\\/arquivo#listItem\",\"position\":1,\"name\":\"Home\",\"item\":\"https:\\\/\\\/www.jornalja.com.br\\\/arquivo\",\"nextItem\":{\"@type\":\"ListItem\",\"@id\":\"https:\\\/\\\/www.jornalja.com.br\\\/arquivo\\\/category\\\/geral\\\/#listItem\",\"name\":\"Geral\"}},{\"@type\":\"ListItem\",\"@id\":\"https:\\\/\\\/www.jornalja.com.br\\\/arquivo\\\/category\\\/geral\\\/#listItem\",\"position\":2,\"name\":\"Geral\",\"item\":\"https:\\\/\\\/www.jornalja.com.br\\\/arquivo\\\/category\\\/geral\\\/\",\"nextItem\":{\"@type\":\"ListItem\",\"@id\":\"https:\\\/\\\/www.jornalja.com.br\\\/arquivo\\\/justica-garante-salario-maternidade-para-meninas-mbya-guarani\\\/#listItem\",\"name\":\"Justi\\u00e7a garante sal\\u00e1rio-maternidade para meninas Mby\\u00e1-Guarani\"},\"previousItem\":{\"@type\":\"ListItem\",\"@id\":\"https:\\\/\\\/www.jornalja.com.br\\\/arquivo#listItem\",\"name\":\"Home\"}},{\"@type\":\"ListItem\",\"@id\":\"https:\\\/\\\/www.jornalja.com.br\\\/arquivo\\\/justica-garante-salario-maternidade-para-meninas-mbya-guarani\\\/#listItem\",\"position\":3,\"name\":\"Justi\\u00e7a garante sal\\u00e1rio-maternidade para meninas Mby\\u00e1-Guarani\",\"previousItem\":{\"@type\":\"ListItem\",\"@id\":\"https:\\\/\\\/www.jornalja.com.br\\\/arquivo\\\/category\\\/geral\\\/#listItem\",\"name\":\"Geral\"}}]},{\"@type\":\"Organization\",\"@id\":\"https:\\\/\\\/www.jornalja.com.br\\\/arquivo\\\/#organization\",\"name\":\"Jornal J\\u00c1\",\"description\":\"Jornal J\\u00c1 | Porto Alegre\",\"url\":\"https:\\\/\\\/www.jornalja.com.br\\\/arquivo\\\/\",\"telephone\":\"+555133307272\",\"logo\":{\"@type\":\"ImageObject\",\"url\":\"https:\\\/\\\/www.jornalja.com.br\\\/wp-content\\\/uploads\\\/cards\\\/JAslogan.png\",\"@id\":\"https:\\\/\\\/www.jornalja.com.br\\\/arquivo\\\/justica-garante-salario-maternidade-para-meninas-mbya-guarani\\\/#organizationLogo\"},\"image\":{\"@id\":\"https:\\\/\\\/www.jornalja.com.br\\\/arquivo\\\/justica-garante-salario-maternidade-para-meninas-mbya-guarani\\\/#organizationLogo\"}},{\"@type\":\"Person\",\"@id\":\"https:\\\/\\\/www.jornalja.com.br\\\/arquivo\\\/author\\\/daredacao\\\/#author\",\"url\":\"https:\\\/\\\/www.jornalja.com.br\\\/arquivo\\\/author\\\/daredacao\\\/\",\"name\":\"da Reda\\u00e7\\u00e3o\",\"image\":{\"@type\":\"ImageObject\",\"@id\":\"https:\\\/\\\/www.jornalja.com.br\\\/arquivo\\\/justica-garante-salario-maternidade-para-meninas-mbya-guarani\\\/#authorImage\",\"url\":\"https:\\\/\\\/secure.gravatar.com\\\/avatar\\\/469fd857d6605ad19919d27ed29d35a968a25f6e8fd9318356bbb7f57aae9c65?s=96&d=mm&r=g\",\"width\":96,\"height\":96,\"caption\":\"da Reda\\u00e7\\u00e3o\"}},{\"@type\":\"WebPage\",\"@id\":\"https:\\\/\\\/www.jornalja.com.br\\\/arquivo\\\/justica-garante-salario-maternidade-para-meninas-mbya-guarani\\\/#webpage\",\"url\":\"https:\\\/\\\/www.jornalja.com.br\\\/arquivo\\\/justica-garante-salario-maternidade-para-meninas-mbya-guarani\\\/\",\"name\":\"Justi\\u00e7a garante sal\\u00e1rio-maternidade para meninas Mby\\u00e1-Guarani | Arquivo\",\"inLanguage\":\"pt-BR\",\"isPartOf\":{\"@id\":\"https:\\\/\\\/www.jornalja.com.br\\\/arquivo\\\/#website\"},\"breadcrumb\":{\"@id\":\"https:\\\/\\\/www.jornalja.com.br\\\/arquivo\\\/justica-garante-salario-maternidade-para-meninas-mbya-guarani\\\/#breadcrumblist\"},\"author\":{\"@id\":\"https:\\\/\\\/www.jornalja.com.br\\\/arquivo\\\/author\\\/daredacao\\\/#author\"},\"creator\":{\"@id\":\"https:\\\/\\\/www.jornalja.com.br\\\/arquivo\\\/author\\\/daredacao\\\/#author\"},\"image\":{\"@type\":\"ImageObject\",\"url\":49942,\"@id\":\"https:\\\/\\\/www.jornalja.com.br\\\/arquivo\\\/justica-garante-salario-maternidade-para-meninas-mbya-guarani\\\/#mainImage\"},\"primaryImageOfPage\":{\"@id\":\"https:\\\/\\\/www.jornalja.com.br\\\/arquivo\\\/justica-garante-salario-maternidade-para-meninas-mbya-guarani\\\/#mainImage\"},\"datePublished\":\"2017-06-13T17:19:27-03:00\",\"dateModified\":\"2017-06-13T17:19:27-03:00\"},{\"@type\":\"WebSite\",\"@id\":\"https:\\\/\\\/www.jornalja.com.br\\\/arquivo\\\/#website\",\"url\":\"https:\\\/\\\/www.jornalja.com.br\\\/arquivo\\\/\",\"name\":\"Arquivo\",\"description\":\"Jornal J\\u00c1 | Porto Alegre\",\"inLanguage\":\"pt-BR\",\"publisher\":{\"@id\":\"https:\\\/\\\/www.jornalja.com.br\\\/arquivo\\\/#organization\"}}]}\n\t\t<\/script>\n\t\t<!-- All in One SEO -->\n\n","aioseo_head_json":{"title":"Justi\u00e7a garante sal\u00e1rio-maternidade para meninas Mby\u00e1-Guarani | Arquivo","description":"","canonical_url":"https:\/\/www.jornalja.com.br\/arquivo\/justica-garante-salario-maternidade-para-meninas-mbya-guarani\/","robots":"max-image-preview:large","keywords":"","webmasterTools":{"miscellaneous":""},"schema":{"@context":"https:\/\/schema.org","@graph":[{"@type":"BlogPosting","@id":"https:\/\/www.jornalja.com.br\/arquivo\/justica-garante-salario-maternidade-para-meninas-mbya-guarani\/#blogposting","name":"Justi\u00e7a garante sal\u00e1rio-maternidade para meninas Mby\u00e1-Guarani | Arquivo","headline":"Justi\u00e7a garante sal\u00e1rio-maternidade para meninas Mby\u00e1-Guarani","author":{"@id":"https:\/\/www.jornalja.com.br\/arquivo\/author\/daredacao\/#author"},"publisher":{"@id":"https:\/\/www.jornalja.com.br\/arquivo\/#organization"},"image":{"@type":"ImageObject","url":49942},"datePublished":"2017-06-13T17:19:27-03:00","dateModified":"2017-06-13T17:19:27-03:00","inLanguage":"pt-BR","mainEntityOfPage":{"@id":"https:\/\/www.jornalja.com.br\/arquivo\/justica-garante-salario-maternidade-para-meninas-mbya-guarani\/#webpage"},"isPartOf":{"@id":"https:\/\/www.jornalja.com.br\/arquivo\/justica-garante-salario-maternidade-para-meninas-mbya-guarani\/#webpage"},"articleSection":"Geral"},{"@type":"BreadcrumbList","@id":"https:\/\/www.jornalja.com.br\/arquivo\/justica-garante-salario-maternidade-para-meninas-mbya-guarani\/#breadcrumblist","itemListElement":[{"@type":"ListItem","@id":"https:\/\/www.jornalja.com.br\/arquivo#listItem","position":1,"name":"Home","item":"https:\/\/www.jornalja.com.br\/arquivo","nextItem":{"@type":"ListItem","@id":"https:\/\/www.jornalja.com.br\/arquivo\/category\/geral\/#listItem","name":"Geral"}},{"@type":"ListItem","@id":"https:\/\/www.jornalja.com.br\/arquivo\/category\/geral\/#listItem","position":2,"name":"Geral","item":"https:\/\/www.jornalja.com.br\/arquivo\/category\/geral\/","nextItem":{"@type":"ListItem","@id":"https:\/\/www.jornalja.com.br\/arquivo\/justica-garante-salario-maternidade-para-meninas-mbya-guarani\/#listItem","name":"Justi\u00e7a garante sal\u00e1rio-maternidade para meninas Mby\u00e1-Guarani"},"previousItem":{"@type":"ListItem","@id":"https:\/\/www.jornalja.com.br\/arquivo#listItem","name":"Home"}},{"@type":"ListItem","@id":"https:\/\/www.jornalja.com.br\/arquivo\/justica-garante-salario-maternidade-para-meninas-mbya-guarani\/#listItem","position":3,"name":"Justi\u00e7a garante sal\u00e1rio-maternidade para meninas Mby\u00e1-Guarani","previousItem":{"@type":"ListItem","@id":"https:\/\/www.jornalja.com.br\/arquivo\/category\/geral\/#listItem","name":"Geral"}}]},{"@type":"Organization","@id":"https:\/\/www.jornalja.com.br\/arquivo\/#organization","name":"Jornal J\u00c1","description":"Jornal J\u00c1 | Porto Alegre","url":"https:\/\/www.jornalja.com.br\/arquivo\/","telephone":"+555133307272","logo":{"@type":"ImageObject","url":"https:\/\/www.jornalja.com.br\/wp-content\/uploads\/cards\/JAslogan.png","@id":"https:\/\/www.jornalja.com.br\/arquivo\/justica-garante-salario-maternidade-para-meninas-mbya-guarani\/#organizationLogo"},"image":{"@id":"https:\/\/www.jornalja.com.br\/arquivo\/justica-garante-salario-maternidade-para-meninas-mbya-guarani\/#organizationLogo"}},{"@type":"Person","@id":"https:\/\/www.jornalja.com.br\/arquivo\/author\/daredacao\/#author","url":"https:\/\/www.jornalja.com.br\/arquivo\/author\/daredacao\/","name":"da Reda\u00e7\u00e3o","image":{"@type":"ImageObject","@id":"https:\/\/www.jornalja.com.br\/arquivo\/justica-garante-salario-maternidade-para-meninas-mbya-guarani\/#authorImage","url":"https:\/\/secure.gravatar.com\/avatar\/469fd857d6605ad19919d27ed29d35a968a25f6e8fd9318356bbb7f57aae9c65?s=96&d=mm&r=g","width":96,"height":96,"caption":"da Reda\u00e7\u00e3o"}},{"@type":"WebPage","@id":"https:\/\/www.jornalja.com.br\/arquivo\/justica-garante-salario-maternidade-para-meninas-mbya-guarani\/#webpage","url":"https:\/\/www.jornalja.com.br\/arquivo\/justica-garante-salario-maternidade-para-meninas-mbya-guarani\/","name":"Justi\u00e7a garante sal\u00e1rio-maternidade para meninas Mby\u00e1-Guarani | Arquivo","inLanguage":"pt-BR","isPartOf":{"@id":"https:\/\/www.jornalja.com.br\/arquivo\/#website"},"breadcrumb":{"@id":"https:\/\/www.jornalja.com.br\/arquivo\/justica-garante-salario-maternidade-para-meninas-mbya-guarani\/#breadcrumblist"},"author":{"@id":"https:\/\/www.jornalja.com.br\/arquivo\/author\/daredacao\/#author"},"creator":{"@id":"https:\/\/www.jornalja.com.br\/arquivo\/author\/daredacao\/#author"},"image":{"@type":"ImageObject","url":49942,"@id":"https:\/\/www.jornalja.com.br\/arquivo\/justica-garante-salario-maternidade-para-meninas-mbya-guarani\/#mainImage"},"primaryImageOfPage":{"@id":"https:\/\/www.jornalja.com.br\/arquivo\/justica-garante-salario-maternidade-para-meninas-mbya-guarani\/#mainImage"},"datePublished":"2017-06-13T17:19:27-03:00","dateModified":"2017-06-13T17:19:27-03:00"},{"@type":"WebSite","@id":"https:\/\/www.jornalja.com.br\/arquivo\/#website","url":"https:\/\/www.jornalja.com.br\/arquivo\/","name":"Arquivo","description":"Jornal J\u00c1 | Porto Alegre","inLanguage":"pt-BR","publisher":{"@id":"https:\/\/www.jornalja.com.br\/arquivo\/#organization"}}]},"og:locale":"pt_BR","og:site_name":"Arquivo | Jornal J\u00c1 | Porto Alegre","og:type":"article","og:title":"Justi\u00e7a garante sal\u00e1rio-maternidade para meninas Mby\u00e1-Guarani | Arquivo","og:url":"https:\/\/www.jornalja.com.br\/arquivo\/justica-garante-salario-maternidade-para-meninas-mbya-guarani\/","og:image":"https:\/\/www.jornalja.com.br\/economics\/wp-content\/uploads\/sites\/11\/2026\/08\/ja-folhaderosto-facebook.jpg","og:image:secure_url":"https:\/\/www.jornalja.com.br\/economics\/wp-content\/uploads\/sites\/11\/2026\/08\/ja-folhaderosto-facebook.jpg","article:published_time":"2017-06-13T20:19:27+00:00","article:modified_time":"2017-06-13T20:19:27+00:00","twitter:card":"summary","twitter:title":"Justi\u00e7a garante sal\u00e1rio-maternidade para meninas Mby\u00e1-Guarani | Arquivo","twitter:image":"https:\/\/www.jornalja.com.br\/economics\/wp-content\/uploads\/sites\/11\/2026\/08\/ja-folhaderosto-facebook.jpg"},"aioseo_meta_data":{"post_id":"49944","title":null,"description":null,"keywords":null,"keyphrases":null,"primary_term":null,"canonical_url":null,"og_title":null,"og_description":null,"og_object_type":"default","og_image_type":"default","og_image_url":null,"og_image_width":null,"og_image_height":null,"og_image_custom_url":null,"og_image_custom_fields":null,"og_video":null,"og_custom_url":null,"og_article_section":null,"og_article_tags":null,"twitter_use_og":false,"twitter_card":"default","twitter_image_type":"default","twitter_image_url":null,"twitter_image_custom_url":null,"twitter_image_custom_fields":null,"twitter_title":null,"twitter_description":null,"schema":{"blockGraphs":[],"customGraphs":[],"default":{"data":{"Article":[],"Course":[],"Dataset":[],"FAQPage":[],"Movie":[],"Person":[],"Product":[],"ProductReview":[],"Car":[],"Recipe":[],"Service":[],"SoftwareApplication":[],"WebPage":[]},"graphName":"","isEnabled":true},"graphs":[],"defaultGraph":"","defaultPostTypeGraph":""},"schema_type":null,"schema_type_options":null,"pillar_content":false,"robots_default":true,"robots_noindex":false,"robots_noarchive":false,"robots_nosnippet":false,"robots_nofollow":false,"robots_noimageindex":false,"robots_noodp":false,"robots_notranslate":false,"robots_max_snippet":null,"robots_max_videopreview":null,"robots_max_imagepreview":"large","priority":null,"frequency":null,"location":null,"local_seo":null,"breadcrumb_settings":null,"limit_modified_date":false,"ai":null,"created":"2020-12-20 20:32:00","updated":"2025-07-19 22:12:06","seo_analyzer_scan_date":null,"focus_keyword":null,"additional_keywords":null,"truseo_locale":null},"jetpack_sharing_enabled":true,"jetpack-related-posts":[{"id":1280,"url":"https:\/\/www.jornalja.com.br\/arquivo\/o-menino-que-se-tornou-brizola\/","url_meta":{"origin":49944,"position":0},"title":"O Menino que se Tornou Brizola","author":"da Reda\u00e7\u00e3o","date":"28 de julho de 2008","format":false,"excerpt":"Autor: Cleber Dioni A vida de Leonel Brizola, com \u00eanfase para os primeiros anos em Porto Alegre, at\u00e9 o ex\u00edlio no Uruguai e a volta, quinze anos depois. \u00a0\"...\u00c9ramos todos jovens e nos identific\u00e1vamos com aquela massa an\u00f4nima a percorrer as ruas de Porto Alegre, gritando 'Get\u00falio', 'Get\u00falio' e empunhando\u2026","rel":"","context":"Em &quot;Livros&quot;","block_context":{"text":"Livros","link":"https:\/\/www.jornalja.com.br\/arquivo\/category\/livros\/"},"img":{"alt_text":"","src":"https:\/\/i0.wp.com\/www.jornalja.com.br\/wp-content\/uploads\/2008\/07\/brizola.gif?resize=350%2C200&ssl=1","width":350,"height":200},"classes":[]},{"id":13109,"url":"https:\/\/www.jornalja.com.br\/arquivo\/judiciario-reconhece-poluicao-eletromagnetica\/","url_meta":{"origin":49944,"position":1},"title":"Judici\u00e1rio reconhece polui\u00e7\u00e3o eletromagn\u00e9tica","author":"Patr\u00edcia Marini","date":"16 de maio de 2014","format":false,"excerpt":"A\u00e7\u00e3o de duas associa\u00e7\u00f5es de moradores foi acolhida pelo Tribunal de Justi\u00e7a de S\u00e3o Paulo que. em decis\u00e3o in\u00e9dita, determinou a redu\u00e7\u00e3o do campo eletromagn\u00e9tico gerado pelas linhas de transmiss\u00e3o de energia que cortam os bairros City Boa\u00e7ava e Alto de Pinheiros. \u00c9 a primeira vez que um tribunal do\u2026","rel":"","context":"Em &quot;X.Categorias velhas&quot;","block_context":{"text":"X.Categorias velhas","link":"https:\/\/www.jornalja.com.br\/arquivo\/category\/x-categorias-velhas\/"},"img":{"alt_text":"","src":"","width":0,"height":0},"classes":[]},{"id":13101,"url":"https:\/\/www.jornalja.com.br\/arquivo\/morre-um-guerreiro-do-texto\/","url_meta":{"origin":49944,"position":2},"title":"Morre um guerreiro do texto","author":"Patr\u00edcia Marini","date":"14 de maio de 2014","format":false,"excerpt":"Por Ricardo Kotscho Reproduzido do blog do autor, 11\/5\/2014; t\u00edtulo original \u201cE l\u00e1 se foi o nosso Myltainho, guerreiro do texto\u201d. Mi\u00fado e franzino, meu amigo Myltainho era um valente e inconformado guerreiro na luta contra as injusti\u00e7as sociais, a hipocrisia, as maracutaias, o autoritarismo, a intoler\u00e2ncia, a viol\u00eancia, o\u2026","rel":"","context":"Em &quot;Geral&quot;","block_context":{"text":"Geral","link":"https:\/\/www.jornalja.com.br\/arquivo\/category\/geral\/"},"img":{"alt_text":"","src":"","width":0,"height":0},"classes":[]},{"id":14241,"url":"https:\/\/www.jornalja.com.br\/arquivo\/o-guaiba-nas-imagens-poeticas-de-achutti\/","url_meta":{"origin":49944,"position":3},"title":"O Gua\u00edba nas imagens po\u00e9ticas de Achutti","author":"da Reda\u00e7\u00e3o","date":"18 de junho de 2014","format":false,"excerpt":"Em \u201cO Gua\u00edba por Achutti\u201d \u2013 obra financiada via Minist\u00e9rio da Cultura, produ\u00e7\u00e3o executiva de Pedro Longhi, e Fl\u00e1vio Wild como designer \u2013, o fot\u00f3grafo revela a beleza e as mazelas de um espa\u00e7o aqu\u00e1tico de \u00e1guas sempre renovadas, cheio de hist\u00f3rias e lendas como as das cidades que foram\u2026","rel":"","context":"Em &quot;Cultura-Geral&quot;","block_context":{"text":"Cultura-Geral","link":"https:\/\/www.jornalja.com.br\/arquivo\/category\/materiasecundaria\/"},"img":{"alt_text":"","src":"","width":0,"height":0},"classes":[]},{"id":13124,"url":"https:\/\/www.jornalja.com.br\/arquivo\/sangue-latino-no-iecine\/","url_meta":{"origin":49944,"position":4},"title":"Sangue latino no IECINE","author":"da Reda\u00e7\u00e3o","date":"18 de maio de 2014","format":false,"excerpt":"Francisco Ribeiro O Instituto Estadual de Cinema (IECINE) tem a frente, desde abril \u00faltimo, um novo diretor, o cineasta colombiano Juan Zapata, 36, que substitui Luiz Alberto Cassol. Radicado h\u00e1 dez anos em Porto Alegre, Zapata tem diante de si o desafio de conduzir at\u00e9 o final do ano um\u2026","rel":"","context":"Em &quot;Cultura-Geral&quot;","block_context":{"text":"Cultura-Geral","link":"https:\/\/www.jornalja.com.br\/arquivo\/category\/materiasecundaria\/"},"img":{"alt_text":"","src":"","width":0,"height":0},"classes":[]},{"id":12960,"url":"https:\/\/www.jornalja.com.br\/arquivo\/populacao-culpa-empresas-pela-greve-dos-rodoviarios\/","url_meta":{"origin":49944,"position":5},"title":"Popula\u00e7\u00e3o culpa empresas pela greve","author":"Patr\u00edcia Marini","date":"14 de fevereiro de 2014","format":false,"excerpt":"Pesquisa divulgada na edi\u00e7\u00e3o do jornal Metro desta sexta-feira,14, comprova o velho ditado: \u00e9 poss\u00edvel enganar muitos por algum tempo, mas n\u00e3o \u00e9 poss\u00edvel enganar a todos o tempo inteiro. A principal revela\u00e7\u00e3o foi que 59,8% dos entrevistados apontaram as empresas como as principais respons\u00e1veis pela grave e 46% culparam\u2026","rel":"","context":"Em &quot;X.Categorias velhas&quot;","block_context":{"text":"X.Categorias velhas","link":"https:\/\/www.jornalja.com.br\/arquivo\/category\/x-categorias-velhas\/"},"img":{"alt_text":"","src":"","width":0,"height":0},"classes":[]}],"jetpack_shortlink":"https:\/\/wp.me\/pbQjBd-cZy","jetpack_featured_media_url":"","_links":{"self":[{"href":"https:\/\/www.jornalja.com.br\/arquivo\/wp-json\/wp\/v2\/posts\/49944","targetHints":{"allow":["GET"]}}],"collection":[{"href":"https:\/\/www.jornalja.com.br\/arquivo\/wp-json\/wp\/v2\/posts"}],"about":[{"href":"https:\/\/www.jornalja.com.br\/arquivo\/wp-json\/wp\/v2\/types\/post"}],"author":[{"embeddable":true,"href":"https:\/\/www.jornalja.com.br\/arquivo\/wp-json\/wp\/v2\/users\/4"}],"replies":[{"embeddable":true,"href":"https:\/\/www.jornalja.com.br\/arquivo\/wp-json\/wp\/v2\/comments?post=49944"}],"version-history":[{"count":0,"href":"https:\/\/www.jornalja.com.br\/arquivo\/wp-json\/wp\/v2\/posts\/49944\/revisions"}],"wp:attachment":[{"href":"https:\/\/www.jornalja.com.br\/arquivo\/wp-json\/wp\/v2\/media?parent=49944"}],"wp:term":[{"taxonomy":"category","embeddable":true,"href":"https:\/\/www.jornalja.com.br\/arquivo\/wp-json\/wp\/v2\/categories?post=49944"},{"taxonomy":"post_tag","embeddable":true,"href":"https:\/\/www.jornalja.com.br\/arquivo\/wp-json\/wp\/v2\/tags?post=49944"}],"curies":[{"name":"wp","href":"https:\/\/api.w.org\/{rel}","templated":true}]}}