{"id":49950,"date":"2017-06-13T16:02:04","date_gmt":"2017-06-13T19:02:04","guid":{"rendered":"https:\/\/www.jornalja.com.br\/?p=49950"},"modified":"2017-06-13T16:02:04","modified_gmt":"2017-06-13T19:02:04","slug":"ocupacao-lanceiros-negros-enfrenta-nova-ordem-de-reintegracao-de-posse","status":"publish","type":"post","link":"https:\/\/www.jornalja.com.br\/arquivo\/ocupacao-lanceiros-negros-enfrenta-nova-ordem-de-reintegracao-de-posse\/","title":{"rendered":"Ocupa\u00e7\u00e3o Lanceiros Negros enfrenta nova ordem de reintegra\u00e7\u00e3o de posse"},"content":{"rendered":"<p>As fam\u00edlias que ocupam o pr\u00e9dio localizado na esquina das ruas General C\u00e2mara e Andrade Neves, no Centro de Porto Alegre, se mobilizam para enfrentar mais uma reintegra\u00e7\u00e3o de posse.<br \/>\nJ\u00e1 \u00e9 pelo menos a terceira ordem de despejo em um ano e sete meses de ocupa\u00e7\u00e3o do im\u00f3vel (desde novembro de 2015).<br \/>\nA Justi\u00e7a expediu nesta segunda-feira, 12, ordem de reintegra\u00e7\u00e3o de posse do im\u00f3vel, pertencente ao Governo do Estado. Desde que as fam\u00edlias ocuparam o pr\u00e9dio.<br \/>\nA decis\u00e3o da 7\u00aa Vara da Fazenda P\u00fablico do Foro Central orienta que a ordem seja cumprida fora do hor\u00e1rio comercial, em final de semana ou feriado, \u201cevitando ao m\u00e1ximo o transtorno ao tr\u00e2nsito de ve\u00edculos e funcionamento habitual da cidade\u201d, e autoriza o \u201cuso da for\u00e7a policial, caso necess\u00e1rio.\u201d H\u00e1 tamb\u00e9m a orienta\u00e7\u00e3o ao acompanhamento pelo Conselho Tutelar, em fun\u00e7\u00e3o dos menores.<br \/>\nOs integrantes da ocupa\u00e7\u00e3o prometem resistir.\u00a0\u201cTem crian\u00e7a, gestante, rec\u00e9m nascido. \u00c9 uma barbaridade. Inclusive familiares de moradores da ocupa\u00e7\u00e3o tiveram de vir para c\u00e1 em fun\u00e7\u00e3o das chuvas. As pessoas que mais precisam, quando conseguem um teto, s\u00e3o despejadas\u201d, afirma Priscila Voigt, integrante do MLB (Movimento de Luta nos Bairros, Vilas e Favelas). Ela defende que, para a desocupa\u00e7\u00e3o do pr\u00e9dio, o Estado deveria realocar as fam\u00edlias.<br \/>\n<figure id=\"attachment_36175\" aria-describedby=\"caption-attachment-36175\" style=\"width: 725px\" class=\"wp-caption alignnone\"><img loading=\"lazy\" decoding=\"async\" class=\"wp-image-36175 size-full\" src=\"https:\/\/www.jornalja.com.br\/wp-content\/uploads\/2016\/07\/20160708_0016-Ocupac\u0327a\u0303o-Lanceiros-Negros-Ramiro-Furquim-_OAF5346.jpg\" alt=\"\" width=\"725\" height=\"482\" \/><figcaption id=\"caption-attachment-36175\" class=\"wp-caption-text\">Priscila, do Movimento de Luta nos Bairros, Vilas e Favelas\/Ramiro Furquim<\/figcaption><\/figure><br \/>\nCom o feriado de Corpus Christi nesta quinta-feira, os moradores est\u00e3o em alerta. \u201cEstamos esperando hoje, quarta, no feriado, porque a reintegra\u00e7\u00e3o pode acontecer a qualquer momento\u201d, afirma Priscila.<br \/>\nNesta ter\u00e7a, a ocupa\u00e7\u00e3o realiza assembleia com movimentos apoiadores e na quarta-feira acontece audi\u00eancia p\u00fablica sobre a ocupa\u00e7\u00e3o na Assembleia Legislativa.<br \/>\nAt\u00e9 o in\u00edcio da tarde, os moradores da ocupa\u00e7\u00e3o n\u00e3o haviam sido notificados da ordem de reintegra\u00e7\u00e3o de posse. No local, residem cerca de 70 fam\u00edlias.<br \/>\n<figure id=\"attachment_36181\" aria-describedby=\"caption-attachment-36181\" style=\"width: 725px\" class=\"wp-caption alignnone\"><img loading=\"lazy\" decoding=\"async\" class=\"size-full wp-image-36181\" src=\"https:\/\/www.jornalja.com.br\/wp-content\/uploads\/2016\/07\/20160708_0002-Ocupac\u0327a\u0303o-Lanceiros-Negros-Ramiro-Furquim-_OAF5246.jpg\" alt=\"\" width=\"725\" height=\"482\" \/><figcaption id=\"caption-attachment-36181\" class=\"wp-caption-text\">No im\u00f3vel residem muitas crian\u00e7as\/Ramiro Furquim<\/figcaption><\/figure><br \/>\nA Procuradoria-Geral do Estado afirma que tentou a concilia\u00e7\u00e3o e n\u00e3o obteve \u00eaxito. Segundo a PGE, foi iniciada uma reforma no im\u00f3vel para que abrigasse uma secretaria de Estado evitando o pagamento mensal de um aluguel de R$ 60 mil.<\/p>\n","protected":false},"excerpt":{"rendered":"<p>As fam\u00edlias que ocupam o pr\u00e9dio localizado na esquina das ruas General C\u00e2mara e Andrade Neves, no Centro de Porto Alegre, se mobilizam para enfrentar mais uma reintegra\u00e7\u00e3o de posse. J\u00e1 \u00e9 pelo menos a terceira ordem de despejo em um ano e sete meses de ocupa\u00e7\u00e3o do im\u00f3vel (desde novembro de 2015). A Justi\u00e7a [&hellip;]<\/p>\n","protected":false},"author":4,"featured_media":36177,"comment_status":"open","ping_status":"closed","sticky":false,"template":"","format":"standard","meta":{"_jetpack_newsletter_access":"","_jetpack_dont_email_post_to_subs":false,"_jetpack_newsletter_tier_id":0,"_jetpack_memberships_contains_paywalled_content":false,"_jetpack_feature_clip_id":0,"_jetpack_memberships_contains_paid_content":false,"footnotes":"","jetpack_post_was_ever_published":false},"categories":[26],"tags":[],"class_list":["post-49950","post","type-post","status-publish","format-standard","has-post-thumbnail","hentry","category-geral"],"aioseo_notices":[],"aioseo_head":"\n\t\t<!-- All in One SEO 5.0.1.1 - aioseo.com -->\n\t<meta name=\"robots\" content=\"max-image-preview:large\" \/>\n\t<meta name=\"author\" content=\"da Reda\u00e7\u00e3o\"\/>\n\t<link rel=\"canonical\" href=\"https:\/\/www.jornalja.com.br\/arquivo\/ocupacao-lanceiros-negros-enfrenta-nova-ordem-de-reintegracao-de-posse\/\" \/>\n\t<meta name=\"generator\" content=\"All in One SEO (AIOSEO) 5.0.1.1\" \/>\n\t\t<meta property=\"og:locale\" content=\"pt_BR\" \/>\n\t\t<meta property=\"og:site_name\" content=\"Arquivo | Jornal J\u00c1 | Porto Alegre\" \/>\n\t\t<meta property=\"og:type\" content=\"article\" \/>\n\t\t<meta property=\"og:title\" content=\"Ocupa\u00e7\u00e3o Lanceiros Negros enfrenta nova ordem de reintegra\u00e7\u00e3o de posse | Arquivo\" \/>\n\t\t<meta property=\"og:url\" content=\"https:\/\/www.jornalja.com.br\/arquivo\/ocupacao-lanceiros-negros-enfrenta-nova-ordem-de-reintegracao-de-posse\/\" \/>\n\t\t<meta property=\"og:image\" content=\"https:\/\/www.jornalja.com.br\/wp-content\/uploads\/2016\/07\/20160708_0016-Ocupac\u0327a\u0303o-Lanceiros-Negros-Ramiro-Furquim-_OAF5346.jpg\" \/>\n\t\t<meta property=\"og:image:secure_url\" content=\"https:\/\/www.jornalja.com.br\/wp-content\/uploads\/2016\/07\/20160708_0016-Ocupac\u0327a\u0303o-Lanceiros-Negros-Ramiro-Furquim-_OAF5346.jpg\" \/>\n\t\t<meta property=\"article:published_time\" content=\"2017-06-13T19:02:04+00:00\" \/>\n\t\t<meta property=\"article:modified_time\" content=\"2017-06-13T19:02:04+00:00\" \/>\n\t\t<meta name=\"twitter:card\" content=\"summary\" \/>\n\t\t<meta name=\"twitter:title\" content=\"Ocupa\u00e7\u00e3o Lanceiros Negros enfrenta nova ordem de reintegra\u00e7\u00e3o de posse | Arquivo\" \/>\n\t\t<meta name=\"twitter:image\" content=\"https:\/\/www.jornalja.com.br\/economics\/wp-content\/uploads\/sites\/11\/2026\/08\/ja-folhaderosto-facebook.jpg\" \/>\n\t\t<script type=\"application\/ld+json\" class=\"aioseo-schema\">\n\t\t\t{\"@context\":\"https:\\\/\\\/schema.org\",\"@graph\":[{\"@type\":\"BlogPosting\",\"@id\":\"https:\\\/\\\/www.jornalja.com.br\\\/arquivo\\\/ocupacao-lanceiros-negros-enfrenta-nova-ordem-de-reintegracao-de-posse\\\/#blogposting\",\"name\":\"Ocupa\\u00e7\\u00e3o Lanceiros Negros enfrenta nova ordem de reintegra\\u00e7\\u00e3o de posse | Arquivo\",\"headline\":\"Ocupa\\u00e7\\u00e3o Lanceiros Negros enfrenta nova ordem de reintegra\\u00e7\\u00e3o de posse\",\"author\":{\"@id\":\"https:\\\/\\\/www.jornalja.com.br\\\/arquivo\\\/author\\\/daredacao\\\/#author\"},\"publisher\":{\"@id\":\"https:\\\/\\\/www.jornalja.com.br\\\/arquivo\\\/#organization\"},\"image\":{\"@type\":\"ImageObject\",\"url\":36177},\"datePublished\":\"2017-06-13T16:02:04-03:00\",\"dateModified\":\"2017-06-13T16:02:04-03:00\",\"inLanguage\":\"pt-BR\",\"mainEntityOfPage\":{\"@id\":\"https:\\\/\\\/www.jornalja.com.br\\\/arquivo\\\/ocupacao-lanceiros-negros-enfrenta-nova-ordem-de-reintegracao-de-posse\\\/#webpage\"},\"isPartOf\":{\"@id\":\"https:\\\/\\\/www.jornalja.com.br\\\/arquivo\\\/ocupacao-lanceiros-negros-enfrenta-nova-ordem-de-reintegracao-de-posse\\\/#webpage\"},\"articleSection\":\"Geral\"},{\"@type\":\"BreadcrumbList\",\"@id\":\"https:\\\/\\\/www.jornalja.com.br\\\/arquivo\\\/ocupacao-lanceiros-negros-enfrenta-nova-ordem-de-reintegracao-de-posse\\\/#breadcrumblist\",\"itemListElement\":[{\"@type\":\"ListItem\",\"@id\":\"https:\\\/\\\/www.jornalja.com.br\\\/arquivo#listItem\",\"position\":1,\"name\":\"Home\",\"item\":\"https:\\\/\\\/www.jornalja.com.br\\\/arquivo\",\"nextItem\":{\"@type\":\"ListItem\",\"@id\":\"https:\\\/\\\/www.jornalja.com.br\\\/arquivo\\\/category\\\/geral\\\/#listItem\",\"name\":\"Geral\"}},{\"@type\":\"ListItem\",\"@id\":\"https:\\\/\\\/www.jornalja.com.br\\\/arquivo\\\/category\\\/geral\\\/#listItem\",\"position\":2,\"name\":\"Geral\",\"item\":\"https:\\\/\\\/www.jornalja.com.br\\\/arquivo\\\/category\\\/geral\\\/\",\"nextItem\":{\"@type\":\"ListItem\",\"@id\":\"https:\\\/\\\/www.jornalja.com.br\\\/arquivo\\\/ocupacao-lanceiros-negros-enfrenta-nova-ordem-de-reintegracao-de-posse\\\/#listItem\",\"name\":\"Ocupa\\u00e7\\u00e3o Lanceiros Negros enfrenta nova ordem de reintegra\\u00e7\\u00e3o de posse\"},\"previousItem\":{\"@type\":\"ListItem\",\"@id\":\"https:\\\/\\\/www.jornalja.com.br\\\/arquivo#listItem\",\"name\":\"Home\"}},{\"@type\":\"ListItem\",\"@id\":\"https:\\\/\\\/www.jornalja.com.br\\\/arquivo\\\/ocupacao-lanceiros-negros-enfrenta-nova-ordem-de-reintegracao-de-posse\\\/#listItem\",\"position\":3,\"name\":\"Ocupa\\u00e7\\u00e3o Lanceiros Negros enfrenta nova ordem de reintegra\\u00e7\\u00e3o de posse\",\"previousItem\":{\"@type\":\"ListItem\",\"@id\":\"https:\\\/\\\/www.jornalja.com.br\\\/arquivo\\\/category\\\/geral\\\/#listItem\",\"name\":\"Geral\"}}]},{\"@type\":\"Organization\",\"@id\":\"https:\\\/\\\/www.jornalja.com.br\\\/arquivo\\\/#organization\",\"name\":\"Jornal J\\u00c1\",\"description\":\"Jornal J\\u00c1 | Porto Alegre\",\"url\":\"https:\\\/\\\/www.jornalja.com.br\\\/arquivo\\\/\",\"telephone\":\"+555133307272\",\"logo\":{\"@type\":\"ImageObject\",\"url\":\"https:\\\/\\\/www.jornalja.com.br\\\/wp-content\\\/uploads\\\/cards\\\/JAslogan.png\",\"@id\":\"https:\\\/\\\/www.jornalja.com.br\\\/arquivo\\\/ocupacao-lanceiros-negros-enfrenta-nova-ordem-de-reintegracao-de-posse\\\/#organizationLogo\"},\"image\":{\"@id\":\"https:\\\/\\\/www.jornalja.com.br\\\/arquivo\\\/ocupacao-lanceiros-negros-enfrenta-nova-ordem-de-reintegracao-de-posse\\\/#organizationLogo\"}},{\"@type\":\"Person\",\"@id\":\"https:\\\/\\\/www.jornalja.com.br\\\/arquivo\\\/author\\\/daredacao\\\/#author\",\"url\":\"https:\\\/\\\/www.jornalja.com.br\\\/arquivo\\\/author\\\/daredacao\\\/\",\"name\":\"da Reda\\u00e7\\u00e3o\",\"image\":{\"@type\":\"ImageObject\",\"@id\":\"https:\\\/\\\/www.jornalja.com.br\\\/arquivo\\\/ocupacao-lanceiros-negros-enfrenta-nova-ordem-de-reintegracao-de-posse\\\/#authorImage\",\"url\":\"https:\\\/\\\/secure.gravatar.com\\\/avatar\\\/469fd857d6605ad19919d27ed29d35a968a25f6e8fd9318356bbb7f57aae9c65?s=96&d=mm&r=g\",\"width\":96,\"height\":96,\"caption\":\"da Reda\\u00e7\\u00e3o\"}},{\"@type\":\"WebPage\",\"@id\":\"https:\\\/\\\/www.jornalja.com.br\\\/arquivo\\\/ocupacao-lanceiros-negros-enfrenta-nova-ordem-de-reintegracao-de-posse\\\/#webpage\",\"url\":\"https:\\\/\\\/www.jornalja.com.br\\\/arquivo\\\/ocupacao-lanceiros-negros-enfrenta-nova-ordem-de-reintegracao-de-posse\\\/\",\"name\":\"Ocupa\\u00e7\\u00e3o Lanceiros Negros enfrenta nova ordem de reintegra\\u00e7\\u00e3o de posse | Arquivo\",\"inLanguage\":\"pt-BR\",\"isPartOf\":{\"@id\":\"https:\\\/\\\/www.jornalja.com.br\\\/arquivo\\\/#website\"},\"breadcrumb\":{\"@id\":\"https:\\\/\\\/www.jornalja.com.br\\\/arquivo\\\/ocupacao-lanceiros-negros-enfrenta-nova-ordem-de-reintegracao-de-posse\\\/#breadcrumblist\"},\"author\":{\"@id\":\"https:\\\/\\\/www.jornalja.com.br\\\/arquivo\\\/author\\\/daredacao\\\/#author\"},\"creator\":{\"@id\":\"https:\\\/\\\/www.jornalja.com.br\\\/arquivo\\\/author\\\/daredacao\\\/#author\"},\"image\":{\"@type\":\"ImageObject\",\"url\":36177,\"@id\":\"https:\\\/\\\/www.jornalja.com.br\\\/arquivo\\\/ocupacao-lanceiros-negros-enfrenta-nova-ordem-de-reintegracao-de-posse\\\/#mainImage\"},\"primaryImageOfPage\":{\"@id\":\"https:\\\/\\\/www.jornalja.com.br\\\/arquivo\\\/ocupacao-lanceiros-negros-enfrenta-nova-ordem-de-reintegracao-de-posse\\\/#mainImage\"},\"datePublished\":\"2017-06-13T16:02:04-03:00\",\"dateModified\":\"2017-06-13T16:02:04-03:00\"},{\"@type\":\"WebSite\",\"@id\":\"https:\\\/\\\/www.jornalja.com.br\\\/arquivo\\\/#website\",\"url\":\"https:\\\/\\\/www.jornalja.com.br\\\/arquivo\\\/\",\"name\":\"Arquivo\",\"description\":\"Jornal J\\u00c1 | Porto Alegre\",\"inLanguage\":\"pt-BR\",\"publisher\":{\"@id\":\"https:\\\/\\\/www.jornalja.com.br\\\/arquivo\\\/#organization\"}}]}\n\t\t<\/script>\n\t\t<!-- All in One SEO -->\n\n","aioseo_head_json":{"title":"Ocupa\u00e7\u00e3o Lanceiros Negros enfrenta nova ordem de reintegra\u00e7\u00e3o de posse | Arquivo","description":"","canonical_url":"https:\/\/www.jornalja.com.br\/arquivo\/ocupacao-lanceiros-negros-enfrenta-nova-ordem-de-reintegracao-de-posse\/","robots":"max-image-preview:large","keywords":"","webmasterTools":{"miscellaneous":""},"schema":{"@context":"https:\/\/schema.org","@graph":[{"@type":"BlogPosting","@id":"https:\/\/www.jornalja.com.br\/arquivo\/ocupacao-lanceiros-negros-enfrenta-nova-ordem-de-reintegracao-de-posse\/#blogposting","name":"Ocupa\u00e7\u00e3o Lanceiros Negros enfrenta nova ordem de reintegra\u00e7\u00e3o de posse | Arquivo","headline":"Ocupa\u00e7\u00e3o Lanceiros Negros enfrenta nova ordem de reintegra\u00e7\u00e3o de posse","author":{"@id":"https:\/\/www.jornalja.com.br\/arquivo\/author\/daredacao\/#author"},"publisher":{"@id":"https:\/\/www.jornalja.com.br\/arquivo\/#organization"},"image":{"@type":"ImageObject","url":36177},"datePublished":"2017-06-13T16:02:04-03:00","dateModified":"2017-06-13T16:02:04-03:00","inLanguage":"pt-BR","mainEntityOfPage":{"@id":"https:\/\/www.jornalja.com.br\/arquivo\/ocupacao-lanceiros-negros-enfrenta-nova-ordem-de-reintegracao-de-posse\/#webpage"},"isPartOf":{"@id":"https:\/\/www.jornalja.com.br\/arquivo\/ocupacao-lanceiros-negros-enfrenta-nova-ordem-de-reintegracao-de-posse\/#webpage"},"articleSection":"Geral"},{"@type":"BreadcrumbList","@id":"https:\/\/www.jornalja.com.br\/arquivo\/ocupacao-lanceiros-negros-enfrenta-nova-ordem-de-reintegracao-de-posse\/#breadcrumblist","itemListElement":[{"@type":"ListItem","@id":"https:\/\/www.jornalja.com.br\/arquivo#listItem","position":1,"name":"Home","item":"https:\/\/www.jornalja.com.br\/arquivo","nextItem":{"@type":"ListItem","@id":"https:\/\/www.jornalja.com.br\/arquivo\/category\/geral\/#listItem","name":"Geral"}},{"@type":"ListItem","@id":"https:\/\/www.jornalja.com.br\/arquivo\/category\/geral\/#listItem","position":2,"name":"Geral","item":"https:\/\/www.jornalja.com.br\/arquivo\/category\/geral\/","nextItem":{"@type":"ListItem","@id":"https:\/\/www.jornalja.com.br\/arquivo\/ocupacao-lanceiros-negros-enfrenta-nova-ordem-de-reintegracao-de-posse\/#listItem","name":"Ocupa\u00e7\u00e3o Lanceiros Negros enfrenta nova ordem de reintegra\u00e7\u00e3o de posse"},"previousItem":{"@type":"ListItem","@id":"https:\/\/www.jornalja.com.br\/arquivo#listItem","name":"Home"}},{"@type":"ListItem","@id":"https:\/\/www.jornalja.com.br\/arquivo\/ocupacao-lanceiros-negros-enfrenta-nova-ordem-de-reintegracao-de-posse\/#listItem","position":3,"name":"Ocupa\u00e7\u00e3o Lanceiros Negros enfrenta nova ordem de reintegra\u00e7\u00e3o de posse","previousItem":{"@type":"ListItem","@id":"https:\/\/www.jornalja.com.br\/arquivo\/category\/geral\/#listItem","name":"Geral"}}]},{"@type":"Organization","@id":"https:\/\/www.jornalja.com.br\/arquivo\/#organization","name":"Jornal J\u00c1","description":"Jornal J\u00c1 | Porto Alegre","url":"https:\/\/www.jornalja.com.br\/arquivo\/","telephone":"+555133307272","logo":{"@type":"ImageObject","url":"https:\/\/www.jornalja.com.br\/wp-content\/uploads\/cards\/JAslogan.png","@id":"https:\/\/www.jornalja.com.br\/arquivo\/ocupacao-lanceiros-negros-enfrenta-nova-ordem-de-reintegracao-de-posse\/#organizationLogo"},"image":{"@id":"https:\/\/www.jornalja.com.br\/arquivo\/ocupacao-lanceiros-negros-enfrenta-nova-ordem-de-reintegracao-de-posse\/#organizationLogo"}},{"@type":"Person","@id":"https:\/\/www.jornalja.com.br\/arquivo\/author\/daredacao\/#author","url":"https:\/\/www.jornalja.com.br\/arquivo\/author\/daredacao\/","name":"da Reda\u00e7\u00e3o","image":{"@type":"ImageObject","@id":"https:\/\/www.jornalja.com.br\/arquivo\/ocupacao-lanceiros-negros-enfrenta-nova-ordem-de-reintegracao-de-posse\/#authorImage","url":"https:\/\/secure.gravatar.com\/avatar\/469fd857d6605ad19919d27ed29d35a968a25f6e8fd9318356bbb7f57aae9c65?s=96&d=mm&r=g","width":96,"height":96,"caption":"da Reda\u00e7\u00e3o"}},{"@type":"WebPage","@id":"https:\/\/www.jornalja.com.br\/arquivo\/ocupacao-lanceiros-negros-enfrenta-nova-ordem-de-reintegracao-de-posse\/#webpage","url":"https:\/\/www.jornalja.com.br\/arquivo\/ocupacao-lanceiros-negros-enfrenta-nova-ordem-de-reintegracao-de-posse\/","name":"Ocupa\u00e7\u00e3o Lanceiros Negros enfrenta nova ordem de reintegra\u00e7\u00e3o de posse | Arquivo","inLanguage":"pt-BR","isPartOf":{"@id":"https:\/\/www.jornalja.com.br\/arquivo\/#website"},"breadcrumb":{"@id":"https:\/\/www.jornalja.com.br\/arquivo\/ocupacao-lanceiros-negros-enfrenta-nova-ordem-de-reintegracao-de-posse\/#breadcrumblist"},"author":{"@id":"https:\/\/www.jornalja.com.br\/arquivo\/author\/daredacao\/#author"},"creator":{"@id":"https:\/\/www.jornalja.com.br\/arquivo\/author\/daredacao\/#author"},"image":{"@type":"ImageObject","url":36177,"@id":"https:\/\/www.jornalja.com.br\/arquivo\/ocupacao-lanceiros-negros-enfrenta-nova-ordem-de-reintegracao-de-posse\/#mainImage"},"primaryImageOfPage":{"@id":"https:\/\/www.jornalja.com.br\/arquivo\/ocupacao-lanceiros-negros-enfrenta-nova-ordem-de-reintegracao-de-posse\/#mainImage"},"datePublished":"2017-06-13T16:02:04-03:00","dateModified":"2017-06-13T16:02:04-03:00"},{"@type":"WebSite","@id":"https:\/\/www.jornalja.com.br\/arquivo\/#website","url":"https:\/\/www.jornalja.com.br\/arquivo\/","name":"Arquivo","description":"Jornal J\u00c1 | Porto Alegre","inLanguage":"pt-BR","publisher":{"@id":"https:\/\/www.jornalja.com.br\/arquivo\/#organization"}}]},"og:locale":"pt_BR","og:site_name":"Arquivo | Jornal J\u00c1 | Porto Alegre","og:type":"article","og:title":"Ocupa\u00e7\u00e3o Lanceiros Negros enfrenta nova ordem de reintegra\u00e7\u00e3o de posse | Arquivo","og:url":"https:\/\/www.jornalja.com.br\/arquivo\/ocupacao-lanceiros-negros-enfrenta-nova-ordem-de-reintegracao-de-posse\/","og:image":"https:\/\/www.jornalja.com.br\/wp-content\/uploads\/2016\/07\/20160708_0016-Ocupac\u0327a\u0303o-Lanceiros-Negros-Ramiro-Furquim-_OAF5346.jpg","og:image:secure_url":"https:\/\/www.jornalja.com.br\/wp-content\/uploads\/2016\/07\/20160708_0016-Ocupac\u0327a\u0303o-Lanceiros-Negros-Ramiro-Furquim-_OAF5346.jpg","article:published_time":"2017-06-13T19:02:04+00:00","article:modified_time":"2017-06-13T19:02:04+00:00","twitter:card":"summary","twitter:title":"Ocupa\u00e7\u00e3o Lanceiros Negros enfrenta nova ordem de reintegra\u00e7\u00e3o de posse | Arquivo","twitter:image":"https:\/\/www.jornalja.com.br\/economics\/wp-content\/uploads\/sites\/11\/2026\/08\/ja-folhaderosto-facebook.jpg"},"aioseo_meta_data":{"post_id":"49950","title":null,"description":null,"keywords":null,"keyphrases":null,"primary_term":null,"canonical_url":null,"og_title":null,"og_description":null,"og_object_type":"default","og_image_type":"default","og_image_url":null,"og_image_width":null,"og_image_height":null,"og_image_custom_url":null,"og_image_custom_fields":null,"og_video":null,"og_custom_url":null,"og_article_section":null,"og_article_tags":null,"twitter_use_og":false,"twitter_card":"default","twitter_image_type":"default","twitter_image_url":null,"twitter_image_custom_url":null,"twitter_image_custom_fields":null,"twitter_title":null,"twitter_description":null,"schema":{"blockGraphs":[],"customGraphs":[],"default":{"data":{"Article":[],"Course":[],"Dataset":[],"FAQPage":[],"Movie":[],"Person":[],"Product":[],"ProductReview":[],"Car":[],"Recipe":[],"Service":[],"SoftwareApplication":[],"WebPage":[]},"graphName":"","isEnabled":true},"graphs":[],"defaultGraph":"","defaultPostTypeGraph":""},"schema_type":null,"schema_type_options":null,"pillar_content":false,"robots_default":true,"robots_noindex":false,"robots_noarchive":false,"robots_nosnippet":false,"robots_nofollow":false,"robots_noimageindex":false,"robots_noodp":false,"robots_notranslate":false,"robots_max_snippet":null,"robots_max_videopreview":null,"robots_max_imagepreview":"large","priority":null,"frequency":null,"location":null,"local_seo":null,"breadcrumb_settings":null,"limit_modified_date":false,"ai":null,"created":"2020-12-20 20:32:00","updated":"2025-07-19 22:12:06","seo_analyzer_scan_date":null,"focus_keyword":null,"additional_keywords":null,"truseo_locale":null},"jetpack_sharing_enabled":true,"jetpack-related-posts":[{"id":5440,"url":"https:\/\/www.jornalja.com.br\/arquivo\/casarao-da-venancio-destino-permanece-incerto\/","url_meta":{"origin":49950,"position":0},"title":"Estado ainda n\u00e3o sabe o que fazer com casar\u00e3o abandonado h\u00e1 20 anos","author":"Elmar Bones","date":"6 de julho de 2009","format":false,"excerpt":"O casar\u00e3o amarelo, numa esquina nobre de Porto Alegre (Ven\u00e2ncio Aires com Jo\u00e3o Pessoa), j\u00e1 abrigou uma escola. H\u00e1 duas d\u00e9cadas, pelo menos, est\u00e1 abandonado, porque seu propriet\u00e1rio, o governo do Estado do Rio Grande do Sul, n\u00e3o consegue achar um destino para ele. Planos n\u00e3o faltaram. O governador Ol\u00edvio\u2026","rel":"","context":"Em &quot;X.Categorias velhas&quot;","block_context":{"text":"X.Categorias velhas","link":"https:\/\/www.jornalja.com.br\/arquivo\/category\/x-categorias-velhas\/"},"img":{"alt_text":"geraldo1","src":"https:\/\/i0.wp.com\/www.jornalja.com.br\/wp-content\/uploads\/2009\/07\/geraldo1.jpg?resize=350%2C200&ssl=1","width":350,"height":200},"classes":[]},{"id":13240,"url":"https:\/\/www.jornalja.com.br\/arquivo\/plano-diretor-estamos-construindo-o-caos\/","url_meta":{"origin":49950,"position":1},"title":"Plano diretor: &quot;Estamos construindo o caos&quot;","author":"Patr\u00edcia Marini","date":"26 de maio de 2014","format":false,"excerpt":"Desabafo que arquiteta Eliana Castilhos, delegada da Regi\u00e3o de Planejamento 1, postou nas redes sociais \u00e9 um testemunho do ambiente que se criou no Conselho do Plano Diretor de Porto Alegre, onde a aprova\u00e7\u00e3o de grandes empreendimentos \u00e9 empurrada guela abaixo dos conselheiros. Ao CMDUA Como delegada da Regi\u00e3o de\u2026","rel":"","context":"Em &quot;Geral&quot;","block_context":{"text":"Geral","link":"https:\/\/www.jornalja.com.br\/arquivo\/category\/geral\/"},"img":{"alt_text":"","src":"","width":0,"height":0},"classes":[]},{"id":13124,"url":"https:\/\/www.jornalja.com.br\/arquivo\/sangue-latino-no-iecine\/","url_meta":{"origin":49950,"position":2},"title":"Sangue latino no IECINE","author":"da Reda\u00e7\u00e3o","date":"18 de maio de 2014","format":false,"excerpt":"Francisco Ribeiro O Instituto Estadual de Cinema (IECINE) tem a frente, desde abril \u00faltimo, um novo diretor, o cineasta colombiano Juan Zapata, 36, que substitui Luiz Alberto Cassol. Radicado h\u00e1 dez anos em Porto Alegre, Zapata tem diante de si o desafio de conduzir at\u00e9 o final do ano um\u2026","rel":"","context":"Em &quot;Cultura-Geral&quot;","block_context":{"text":"Cultura-Geral","link":"https:\/\/www.jornalja.com.br\/arquivo\/category\/materiasecundaria\/"},"img":{"alt_text":"","src":"","width":0,"height":0},"classes":[]}],"jetpack_shortlink":"https:\/\/wp.me\/pbQjBd-cZE","jetpack_featured_media_url":"","_links":{"self":[{"href":"https:\/\/www.jornalja.com.br\/arquivo\/wp-json\/wp\/v2\/posts\/49950","targetHints":{"allow":["GET"]}}],"collection":[{"href":"https:\/\/www.jornalja.com.br\/arquivo\/wp-json\/wp\/v2\/posts"}],"about":[{"href":"https:\/\/www.jornalja.com.br\/arquivo\/wp-json\/wp\/v2\/types\/post"}],"author":[{"embeddable":true,"href":"https:\/\/www.jornalja.com.br\/arquivo\/wp-json\/wp\/v2\/users\/4"}],"replies":[{"embeddable":true,"href":"https:\/\/www.jornalja.com.br\/arquivo\/wp-json\/wp\/v2\/comments?post=49950"}],"version-history":[{"count":0,"href":"https:\/\/www.jornalja.com.br\/arquivo\/wp-json\/wp\/v2\/posts\/49950\/revisions"}],"wp:attachment":[{"href":"https:\/\/www.jornalja.com.br\/arquivo\/wp-json\/wp\/v2\/media?parent=49950"}],"wp:term":[{"taxonomy":"category","embeddable":true,"href":"https:\/\/www.jornalja.com.br\/arquivo\/wp-json\/wp\/v2\/categories?post=49950"},{"taxonomy":"post_tag","embeddable":true,"href":"https:\/\/www.jornalja.com.br\/arquivo\/wp-json\/wp\/v2\/tags?post=49950"}],"curies":[{"name":"wp","href":"https:\/\/api.w.org\/{rel}","templated":true}]}}