{"id":49958,"date":"2017-06-14T12:40:13","date_gmt":"2017-06-14T15:40:13","guid":{"rendered":"https:\/\/www.jornalja.com.br\/?p=49958"},"modified":"2017-06-14T12:40:13","modified_gmt":"2017-06-14T15:40:13","slug":"inquerito-ira-investigar-acao-da-guarda-municipal","status":"publish","type":"post","link":"https:\/\/www.jornalja.com.br\/arquivo\/inquerito-ira-investigar-acao-da-guarda-municipal\/","title":{"rendered":"Inqu\u00e9rito ir\u00e1 investigar a\u00e7\u00e3o da Guarda Municipal"},"content":{"rendered":"<p>Um inqu\u00e9rito ser\u00e1 aberto na Secretaria Municipal de Seguran\u00e7a para apurar\u00a0a a\u00e7\u00e3o da Guarda Municipal, durante uma manifesta\u00e7\u00e3o de pais e professores em frente ao Pa\u00e7o Municipal na \u00faltima segunda-feira,12.<br \/>\nA informa\u00e7\u00e3o foi dada pelo secret\u00e1rio Kleber Senisse durante audi\u00eancia p\u00fablica nesta ter\u00e7a-feira na C\u00e2mara Municipal. O objetivo da audi\u00eancia era justamente para discutir a\u00e7\u00f5es da Guarda Municipal durante outros protestos e durante a Greve Geral do dia 28 de abril.<br \/>\nCuriosamente a reuni\u00e3o aconteceu um dia depois de um novo epis\u00f3dio: uma m\u00e3e que participava do ato, teve sua m\u00e3o torcida, por um guarda municipal. O fato ocorreu j\u00e1 no final do ato, quando o carro do Simpa (Sindicato dos Municip\u00e1rios) foi cercado pela Guarda Municipal para ser guinchado, sob alega\u00e7\u00e3o de que estava parado\u00a0em local irregular. Pais e professores tentaram impedir.<br \/>\nNorma Regina, de\u00a052 anos, m\u00e3e de um aluno falou sobre o epis\u00f3dio na reuni\u00e3o. &#8220;Era um movimento pac\u00edfico, at\u00e9 a Guarda chegar&#8221;, relatou ela, que disse estar apoiada no carro por ter problemas na coluna, quando foi retirada pelo guarda de maneira violenta. Norma deu queixa na Pol\u00edcia Civil e seguiu para o HPS onde recebeu atendimento. \u00a0<a href=\"http:\/\/www.facebook.com\/tvrestinga\/videos\/1692615510766310\/?hc_ref=PAGES_TIMELINE\">Um v\u00eddeo foi postado na Internet.\u00a0<\/a><br \/>\n<figure id=\"attachment_49970\" aria-describedby=\"caption-attachment-49970\" style=\"width: 266px\" class=\"wp-caption alignnone\"><img loading=\"lazy\" decoding=\"async\" class=\"wp-image-49970 size-medium\" src=\"https:\/\/www.jornalja.com.br\/wp-content\/uploads\/2017\/06\/Cedecohnd-266x400.jpg\" alt=\"\" width=\"266\" height=\"400\" \/><figcaption id=\"caption-attachment-49970\" class=\"wp-caption-text\">Norma Regina, m\u00e3e de um aluno, foi agredida por um guarda municipal no \u00faltimo dia 12. Foto: Luiza Dorneles<\/figcaption><\/figure><br \/>\nVereadores e municip\u00e1rios tamb\u00e9m deram sua contribui\u00e7\u00e3o para o debate. A greve do dia 28 de abril foi pauta no encontro. Os servidores que protestavam a frente de um pr\u00e9dio da Administra\u00e7\u00e3o Municipal na Pra\u00e7a Montevid\u00e9u, acusam a Guarda de uma a\u00e7\u00e3o truculenta. &#8220;N\u00e3o \u00e9 um fato isolado&#8221;, criticou o municip\u00e1rio Ivan Martins.<br \/>\nSegundo ele, o estatuto da Guarda Municipal n\u00e3o vem sendo aplicado, se referindo a um car\u00e1ter de preven\u00e7\u00e3o. Martins tamb\u00e9m questionou que tipo de forma\u00e7\u00e3o um policial municipal est\u00e1 recebendo.<br \/>\nUm v\u00eddeo em que mostra a Guarda Municipal utilizando g\u00e1s de pimenta e afastando os servidores da porta do pr\u00e9dio com cacetadas, foi exibido a todos presentes no debate. &#8220;Queria que mostrasse eu sendo agredido&#8221;, rebateu o secret\u00e1rio Senisse, que aparece no v\u00eddeo.<br \/>\nSegundo o Comandante da Guarda, Roben Martins, os policiais do seu comando foram acionados para garantir o acesso ao pr\u00e9dio de outros servidores, que queriam trabalhar. Martins respondeu a alguns questionamentos. Disse que o curso de forma\u00e7\u00e3o de um policial tem 280 horas e que a cada dois anos os policiais realizam um exame psicot\u00e9cnico.<br \/>\nPara Roben\u00a0a a\u00e7\u00e3o dos policias, na ocasi\u00e3o, foi adequada. &#8220;Conseguiram manter o equil\u00edbrio&#8221;, avaliou o Comandante que n\u00e3o viu exageros no procedimento. As vereadoras Comandante N\u00e1dia (PMDB) e M\u00f4nica Leal (PP), em suas falas tamb\u00e9m se mostraram a favor da a\u00e7\u00e3o da Guarda durante a greve geral.<br \/>\nJ\u00e1 o vereador Professor Alex Fraga lamentou o epis\u00f3dio. Tamb\u00e9m alertou que durante uma outra manifesta\u00e7\u00e3o de professores em frente a SMED (Secretaria de Educa\u00e7\u00e3o) um guarda sacou a arma.<br \/>\nSenisse encerrou dizendo estar procurando solu\u00e7\u00f5es para a cidade. Sobre o ocorrido de segunda, disse que o ve\u00edculo do Simpa ficou durante o dia todo em local proibido e recebeu uma notifica\u00e7\u00e3o, como n\u00e3o saiu, foi guinchado. Quanto a agress\u00e3o &#8220;vai ser aberto um inqu\u00e9rito&#8221;, garantiu.<br \/>\nAo final da audi\u00eancia, o secret\u00e1rio falou com outros presentes na reuni\u00e3o e com a m\u00e3e agredida. Pediu ao Simpa que comunique quando for ocorrer alguma manifesta\u00e7\u00e3o para que n\u00e3o aconte\u00e7a algo mais grave. &#8220;Eu poderia estar com 15 homens combatendo o crime ao inv\u00e9s de ficarem lidando com pais e professores&#8221;, afirmou Senisse no encerramento.<br \/>\nA\u00a0Comiss\u00e3o de Defesa do Consumidor, Direitos Humanos e Seguran\u00e7a Urbana (Cedecondh), proponente do encontro, informou que ir\u00e1 acompanhar o caso. &#8221; Viemos ouvir as partes e procurar o entendimento&#8221;, declarou o presidente da comiss\u00e3o, o vereador Cassi\u00e1 Carpes (PP).<br \/>\n<figure id=\"attachment_49974\" aria-describedby=\"caption-attachment-49974\" style=\"width: 400px\" class=\"wp-caption alignnone\"><img loading=\"lazy\" decoding=\"async\" class=\"wp-image-49974 size-medium\" src=\"https:\/\/www.jornalja.com.br\/wp-content\/uploads\/2017\/06\/IMG_20170613_170524-400x225.jpg\" alt=\"\" width=\"400\" height=\"225\" \/><figcaption id=\"caption-attachment-49974\" class=\"wp-caption-text\">O Secret\u00e1rio de Seguran\u00e7a, Kleber Senisse, conversou com os municip\u00e1rios e com a m\u00e3e agredida ao fim da reuni\u00e3o. Foto: Jornal J\u00e1<\/figcaption><\/figure><\/p>\n","protected":false},"excerpt":{"rendered":"<p>Um inqu\u00e9rito ser\u00e1 aberto na Secretaria Municipal de Seguran\u00e7a para apurar\u00a0a a\u00e7\u00e3o da Guarda Municipal, durante uma manifesta\u00e7\u00e3o de pais e professores em frente ao Pa\u00e7o Municipal na \u00faltima segunda-feira,12. A informa\u00e7\u00e3o foi dada pelo secret\u00e1rio Kleber Senisse durante audi\u00eancia p\u00fablica nesta ter\u00e7a-feira na C\u00e2mara Municipal. O objetivo da audi\u00eancia era justamente para discutir a\u00e7\u00f5es [&hellip;]<\/p>\n","protected":false},"author":4,"featured_media":46902,"comment_status":"open","ping_status":"closed","sticky":false,"template":"","format":"standard","meta":{"_jetpack_newsletter_access":"","_jetpack_dont_email_post_to_subs":false,"_jetpack_newsletter_tier_id":0,"_jetpack_memberships_contains_paywalled_content":false,"_jetpack_feature_clip_id":0,"_jetpack_memberships_contains_paid_content":false,"footnotes":"","jetpack_post_was_ever_published":false},"categories":[26],"tags":[],"class_list":["post-49958","post","type-post","status-publish","format-standard","has-post-thumbnail","hentry","category-geral"],"aioseo_notices":[],"aioseo_head":"\n\t\t<!-- All in One SEO 5.0.1.1 - aioseo.com -->\n\t<meta name=\"robots\" content=\"max-image-preview:large\" \/>\n\t<meta name=\"author\" content=\"da Reda\u00e7\u00e3o\"\/>\n\t<link rel=\"canonical\" href=\"https:\/\/www.jornalja.com.br\/arquivo\/inquerito-ira-investigar-acao-da-guarda-municipal\/\" \/>\n\t<meta name=\"generator\" content=\"All in One SEO (AIOSEO) 5.0.1.1\" \/>\n\t\t<meta property=\"og:locale\" content=\"pt_BR\" \/>\n\t\t<meta property=\"og:site_name\" content=\"Arquivo | Jornal J\u00c1 | Porto Alegre\" \/>\n\t\t<meta property=\"og:type\" content=\"article\" \/>\n\t\t<meta property=\"og:title\" content=\"Inqu\u00e9rito ir\u00e1 investigar a\u00e7\u00e3o da Guarda Municipal | Arquivo\" \/>\n\t\t<meta property=\"og:url\" content=\"https:\/\/www.jornalja.com.br\/arquivo\/inquerito-ira-investigar-acao-da-guarda-municipal\/\" \/>\n\t\t<meta property=\"og:image\" content=\"https:\/\/www.jornalja.com.br\/wp-content\/uploads\/2017\/06\/Cedecohnd-266x400.jpg\" \/>\n\t\t<meta property=\"og:image:secure_url\" content=\"https:\/\/www.jornalja.com.br\/wp-content\/uploads\/2017\/06\/Cedecohnd-266x400.jpg\" \/>\n\t\t<meta property=\"article:published_time\" content=\"2017-06-14T15:40:13+00:00\" \/>\n\t\t<meta property=\"article:modified_time\" content=\"2017-06-14T15:40:13+00:00\" \/>\n\t\t<meta name=\"twitter:card\" content=\"summary\" \/>\n\t\t<meta name=\"twitter:title\" content=\"Inqu\u00e9rito ir\u00e1 investigar a\u00e7\u00e3o da Guarda Municipal | Arquivo\" \/>\n\t\t<meta name=\"twitter:image\" content=\"https:\/\/www.jornalja.com.br\/economics\/wp-content\/uploads\/sites\/11\/2026\/08\/ja-folhaderosto-facebook.jpg\" \/>\n\t\t<script type=\"application\/ld+json\" class=\"aioseo-schema\">\n\t\t\t{\"@context\":\"https:\\\/\\\/schema.org\",\"@graph\":[{\"@type\":\"BlogPosting\",\"@id\":\"https:\\\/\\\/www.jornalja.com.br\\\/arquivo\\\/inquerito-ira-investigar-acao-da-guarda-municipal\\\/#blogposting\",\"name\":\"Inqu\\u00e9rito ir\\u00e1 investigar a\\u00e7\\u00e3o da Guarda Municipal | Arquivo\",\"headline\":\"Inqu\\u00e9rito ir\\u00e1 investigar a\\u00e7\\u00e3o da Guarda Municipal\",\"author\":{\"@id\":\"https:\\\/\\\/www.jornalja.com.br\\\/arquivo\\\/author\\\/daredacao\\\/#author\"},\"publisher\":{\"@id\":\"https:\\\/\\\/www.jornalja.com.br\\\/arquivo\\\/#organization\"},\"image\":{\"@type\":\"ImageObject\",\"url\":46902},\"datePublished\":\"2017-06-14T12:40:13-03:00\",\"dateModified\":\"2017-06-14T12:40:13-03:00\",\"inLanguage\":\"pt-BR\",\"mainEntityOfPage\":{\"@id\":\"https:\\\/\\\/www.jornalja.com.br\\\/arquivo\\\/inquerito-ira-investigar-acao-da-guarda-municipal\\\/#webpage\"},\"isPartOf\":{\"@id\":\"https:\\\/\\\/www.jornalja.com.br\\\/arquivo\\\/inquerito-ira-investigar-acao-da-guarda-municipal\\\/#webpage\"},\"articleSection\":\"Geral\"},{\"@type\":\"BreadcrumbList\",\"@id\":\"https:\\\/\\\/www.jornalja.com.br\\\/arquivo\\\/inquerito-ira-investigar-acao-da-guarda-municipal\\\/#breadcrumblist\",\"itemListElement\":[{\"@type\":\"ListItem\",\"@id\":\"https:\\\/\\\/www.jornalja.com.br\\\/arquivo#listItem\",\"position\":1,\"name\":\"Home\",\"item\":\"https:\\\/\\\/www.jornalja.com.br\\\/arquivo\",\"nextItem\":{\"@type\":\"ListItem\",\"@id\":\"https:\\\/\\\/www.jornalja.com.br\\\/arquivo\\\/category\\\/geral\\\/#listItem\",\"name\":\"Geral\"}},{\"@type\":\"ListItem\",\"@id\":\"https:\\\/\\\/www.jornalja.com.br\\\/arquivo\\\/category\\\/geral\\\/#listItem\",\"position\":2,\"name\":\"Geral\",\"item\":\"https:\\\/\\\/www.jornalja.com.br\\\/arquivo\\\/category\\\/geral\\\/\",\"nextItem\":{\"@type\":\"ListItem\",\"@id\":\"https:\\\/\\\/www.jornalja.com.br\\\/arquivo\\\/inquerito-ira-investigar-acao-da-guarda-municipal\\\/#listItem\",\"name\":\"Inqu\\u00e9rito ir\\u00e1 investigar a\\u00e7\\u00e3o da Guarda Municipal\"},\"previousItem\":{\"@type\":\"ListItem\",\"@id\":\"https:\\\/\\\/www.jornalja.com.br\\\/arquivo#listItem\",\"name\":\"Home\"}},{\"@type\":\"ListItem\",\"@id\":\"https:\\\/\\\/www.jornalja.com.br\\\/arquivo\\\/inquerito-ira-investigar-acao-da-guarda-municipal\\\/#listItem\",\"position\":3,\"name\":\"Inqu\\u00e9rito ir\\u00e1 investigar a\\u00e7\\u00e3o da Guarda Municipal\",\"previousItem\":{\"@type\":\"ListItem\",\"@id\":\"https:\\\/\\\/www.jornalja.com.br\\\/arquivo\\\/category\\\/geral\\\/#listItem\",\"name\":\"Geral\"}}]},{\"@type\":\"Organization\",\"@id\":\"https:\\\/\\\/www.jornalja.com.br\\\/arquivo\\\/#organization\",\"name\":\"Jornal J\\u00c1\",\"description\":\"Jornal J\\u00c1 | Porto Alegre\",\"url\":\"https:\\\/\\\/www.jornalja.com.br\\\/arquivo\\\/\",\"telephone\":\"+555133307272\",\"logo\":{\"@type\":\"ImageObject\",\"url\":\"https:\\\/\\\/www.jornalja.com.br\\\/wp-content\\\/uploads\\\/cards\\\/JAslogan.png\",\"@id\":\"https:\\\/\\\/www.jornalja.com.br\\\/arquivo\\\/inquerito-ira-investigar-acao-da-guarda-municipal\\\/#organizationLogo\"},\"image\":{\"@id\":\"https:\\\/\\\/www.jornalja.com.br\\\/arquivo\\\/inquerito-ira-investigar-acao-da-guarda-municipal\\\/#organizationLogo\"}},{\"@type\":\"Person\",\"@id\":\"https:\\\/\\\/www.jornalja.com.br\\\/arquivo\\\/author\\\/daredacao\\\/#author\",\"url\":\"https:\\\/\\\/www.jornalja.com.br\\\/arquivo\\\/author\\\/daredacao\\\/\",\"name\":\"da Reda\\u00e7\\u00e3o\",\"image\":{\"@type\":\"ImageObject\",\"@id\":\"https:\\\/\\\/www.jornalja.com.br\\\/arquivo\\\/inquerito-ira-investigar-acao-da-guarda-municipal\\\/#authorImage\",\"url\":\"https:\\\/\\\/secure.gravatar.com\\\/avatar\\\/469fd857d6605ad19919d27ed29d35a968a25f6e8fd9318356bbb7f57aae9c65?s=96&d=mm&r=g\",\"width\":96,\"height\":96,\"caption\":\"da Reda\\u00e7\\u00e3o\"}},{\"@type\":\"WebPage\",\"@id\":\"https:\\\/\\\/www.jornalja.com.br\\\/arquivo\\\/inquerito-ira-investigar-acao-da-guarda-municipal\\\/#webpage\",\"url\":\"https:\\\/\\\/www.jornalja.com.br\\\/arquivo\\\/inquerito-ira-investigar-acao-da-guarda-municipal\\\/\",\"name\":\"Inqu\\u00e9rito ir\\u00e1 investigar a\\u00e7\\u00e3o da Guarda Municipal | Arquivo\",\"inLanguage\":\"pt-BR\",\"isPartOf\":{\"@id\":\"https:\\\/\\\/www.jornalja.com.br\\\/arquivo\\\/#website\"},\"breadcrumb\":{\"@id\":\"https:\\\/\\\/www.jornalja.com.br\\\/arquivo\\\/inquerito-ira-investigar-acao-da-guarda-municipal\\\/#breadcrumblist\"},\"author\":{\"@id\":\"https:\\\/\\\/www.jornalja.com.br\\\/arquivo\\\/author\\\/daredacao\\\/#author\"},\"creator\":{\"@id\":\"https:\\\/\\\/www.jornalja.com.br\\\/arquivo\\\/author\\\/daredacao\\\/#author\"},\"image\":{\"@type\":\"ImageObject\",\"url\":46902,\"@id\":\"https:\\\/\\\/www.jornalja.com.br\\\/arquivo\\\/inquerito-ira-investigar-acao-da-guarda-municipal\\\/#mainImage\"},\"primaryImageOfPage\":{\"@id\":\"https:\\\/\\\/www.jornalja.com.br\\\/arquivo\\\/inquerito-ira-investigar-acao-da-guarda-municipal\\\/#mainImage\"},\"datePublished\":\"2017-06-14T12:40:13-03:00\",\"dateModified\":\"2017-06-14T12:40:13-03:00\"},{\"@type\":\"WebSite\",\"@id\":\"https:\\\/\\\/www.jornalja.com.br\\\/arquivo\\\/#website\",\"url\":\"https:\\\/\\\/www.jornalja.com.br\\\/arquivo\\\/\",\"name\":\"Arquivo\",\"description\":\"Jornal J\\u00c1 | Porto Alegre\",\"inLanguage\":\"pt-BR\",\"publisher\":{\"@id\":\"https:\\\/\\\/www.jornalja.com.br\\\/arquivo\\\/#organization\"}}]}\n\t\t<\/script>\n\t\t<!-- All in One SEO -->\n\n","aioseo_head_json":{"title":"Inqu\u00e9rito ir\u00e1 investigar a\u00e7\u00e3o da Guarda Municipal | Arquivo","description":"","canonical_url":"https:\/\/www.jornalja.com.br\/arquivo\/inquerito-ira-investigar-acao-da-guarda-municipal\/","robots":"max-image-preview:large","keywords":"","webmasterTools":{"miscellaneous":""},"schema":{"@context":"https:\/\/schema.org","@graph":[{"@type":"BlogPosting","@id":"https:\/\/www.jornalja.com.br\/arquivo\/inquerito-ira-investigar-acao-da-guarda-municipal\/#blogposting","name":"Inqu\u00e9rito ir\u00e1 investigar a\u00e7\u00e3o da Guarda Municipal | Arquivo","headline":"Inqu\u00e9rito ir\u00e1 investigar a\u00e7\u00e3o da Guarda Municipal","author":{"@id":"https:\/\/www.jornalja.com.br\/arquivo\/author\/daredacao\/#author"},"publisher":{"@id":"https:\/\/www.jornalja.com.br\/arquivo\/#organization"},"image":{"@type":"ImageObject","url":46902},"datePublished":"2017-06-14T12:40:13-03:00","dateModified":"2017-06-14T12:40:13-03:00","inLanguage":"pt-BR","mainEntityOfPage":{"@id":"https:\/\/www.jornalja.com.br\/arquivo\/inquerito-ira-investigar-acao-da-guarda-municipal\/#webpage"},"isPartOf":{"@id":"https:\/\/www.jornalja.com.br\/arquivo\/inquerito-ira-investigar-acao-da-guarda-municipal\/#webpage"},"articleSection":"Geral"},{"@type":"BreadcrumbList","@id":"https:\/\/www.jornalja.com.br\/arquivo\/inquerito-ira-investigar-acao-da-guarda-municipal\/#breadcrumblist","itemListElement":[{"@type":"ListItem","@id":"https:\/\/www.jornalja.com.br\/arquivo#listItem","position":1,"name":"Home","item":"https:\/\/www.jornalja.com.br\/arquivo","nextItem":{"@type":"ListItem","@id":"https:\/\/www.jornalja.com.br\/arquivo\/category\/geral\/#listItem","name":"Geral"}},{"@type":"ListItem","@id":"https:\/\/www.jornalja.com.br\/arquivo\/category\/geral\/#listItem","position":2,"name":"Geral","item":"https:\/\/www.jornalja.com.br\/arquivo\/category\/geral\/","nextItem":{"@type":"ListItem","@id":"https:\/\/www.jornalja.com.br\/arquivo\/inquerito-ira-investigar-acao-da-guarda-municipal\/#listItem","name":"Inqu\u00e9rito ir\u00e1 investigar a\u00e7\u00e3o da Guarda Municipal"},"previousItem":{"@type":"ListItem","@id":"https:\/\/www.jornalja.com.br\/arquivo#listItem","name":"Home"}},{"@type":"ListItem","@id":"https:\/\/www.jornalja.com.br\/arquivo\/inquerito-ira-investigar-acao-da-guarda-municipal\/#listItem","position":3,"name":"Inqu\u00e9rito ir\u00e1 investigar a\u00e7\u00e3o da Guarda Municipal","previousItem":{"@type":"ListItem","@id":"https:\/\/www.jornalja.com.br\/arquivo\/category\/geral\/#listItem","name":"Geral"}}]},{"@type":"Organization","@id":"https:\/\/www.jornalja.com.br\/arquivo\/#organization","name":"Jornal J\u00c1","description":"Jornal J\u00c1 | Porto Alegre","url":"https:\/\/www.jornalja.com.br\/arquivo\/","telephone":"+555133307272","logo":{"@type":"ImageObject","url":"https:\/\/www.jornalja.com.br\/wp-content\/uploads\/cards\/JAslogan.png","@id":"https:\/\/www.jornalja.com.br\/arquivo\/inquerito-ira-investigar-acao-da-guarda-municipal\/#organizationLogo"},"image":{"@id":"https:\/\/www.jornalja.com.br\/arquivo\/inquerito-ira-investigar-acao-da-guarda-municipal\/#organizationLogo"}},{"@type":"Person","@id":"https:\/\/www.jornalja.com.br\/arquivo\/author\/daredacao\/#author","url":"https:\/\/www.jornalja.com.br\/arquivo\/author\/daredacao\/","name":"da Reda\u00e7\u00e3o","image":{"@type":"ImageObject","@id":"https:\/\/www.jornalja.com.br\/arquivo\/inquerito-ira-investigar-acao-da-guarda-municipal\/#authorImage","url":"https:\/\/secure.gravatar.com\/avatar\/469fd857d6605ad19919d27ed29d35a968a25f6e8fd9318356bbb7f57aae9c65?s=96&d=mm&r=g","width":96,"height":96,"caption":"da Reda\u00e7\u00e3o"}},{"@type":"WebPage","@id":"https:\/\/www.jornalja.com.br\/arquivo\/inquerito-ira-investigar-acao-da-guarda-municipal\/#webpage","url":"https:\/\/www.jornalja.com.br\/arquivo\/inquerito-ira-investigar-acao-da-guarda-municipal\/","name":"Inqu\u00e9rito ir\u00e1 investigar a\u00e7\u00e3o da Guarda Municipal | Arquivo","inLanguage":"pt-BR","isPartOf":{"@id":"https:\/\/www.jornalja.com.br\/arquivo\/#website"},"breadcrumb":{"@id":"https:\/\/www.jornalja.com.br\/arquivo\/inquerito-ira-investigar-acao-da-guarda-municipal\/#breadcrumblist"},"author":{"@id":"https:\/\/www.jornalja.com.br\/arquivo\/author\/daredacao\/#author"},"creator":{"@id":"https:\/\/www.jornalja.com.br\/arquivo\/author\/daredacao\/#author"},"image":{"@type":"ImageObject","url":46902,"@id":"https:\/\/www.jornalja.com.br\/arquivo\/inquerito-ira-investigar-acao-da-guarda-municipal\/#mainImage"},"primaryImageOfPage":{"@id":"https:\/\/www.jornalja.com.br\/arquivo\/inquerito-ira-investigar-acao-da-guarda-municipal\/#mainImage"},"datePublished":"2017-06-14T12:40:13-03:00","dateModified":"2017-06-14T12:40:13-03:00"},{"@type":"WebSite","@id":"https:\/\/www.jornalja.com.br\/arquivo\/#website","url":"https:\/\/www.jornalja.com.br\/arquivo\/","name":"Arquivo","description":"Jornal J\u00c1 | Porto Alegre","inLanguage":"pt-BR","publisher":{"@id":"https:\/\/www.jornalja.com.br\/arquivo\/#organization"}}]},"og:locale":"pt_BR","og:site_name":"Arquivo | Jornal J\u00c1 | Porto Alegre","og:type":"article","og:title":"Inqu\u00e9rito ir\u00e1 investigar a\u00e7\u00e3o da Guarda Municipal | Arquivo","og:url":"https:\/\/www.jornalja.com.br\/arquivo\/inquerito-ira-investigar-acao-da-guarda-municipal\/","og:image":"https:\/\/www.jornalja.com.br\/wp-content\/uploads\/2017\/06\/Cedecohnd-266x400.jpg","og:image:secure_url":"https:\/\/www.jornalja.com.br\/wp-content\/uploads\/2017\/06\/Cedecohnd-266x400.jpg","article:published_time":"2017-06-14T15:40:13+00:00","article:modified_time":"2017-06-14T15:40:13+00:00","twitter:card":"summary","twitter:title":"Inqu\u00e9rito ir\u00e1 investigar a\u00e7\u00e3o da Guarda Municipal | Arquivo","twitter:image":"https:\/\/www.jornalja.com.br\/economics\/wp-content\/uploads\/sites\/11\/2026\/08\/ja-folhaderosto-facebook.jpg"},"aioseo_meta_data":{"post_id":"49958","title":null,"description":null,"keywords":null,"keyphrases":null,"primary_term":null,"canonical_url":null,"og_title":null,"og_description":null,"og_object_type":"default","og_image_type":"default","og_image_url":null,"og_image_width":null,"og_image_height":null,"og_image_custom_url":null,"og_image_custom_fields":null,"og_video":null,"og_custom_url":null,"og_article_section":null,"og_article_tags":null,"twitter_use_og":false,"twitter_card":"default","twitter_image_type":"default","twitter_image_url":null,"twitter_image_custom_url":null,"twitter_image_custom_fields":null,"twitter_title":null,"twitter_description":null,"schema":{"blockGraphs":[],"customGraphs":[],"default":{"data":{"Article":[],"Course":[],"Dataset":[],"FAQPage":[],"Movie":[],"Person":[],"Product":[],"ProductReview":[],"Car":[],"Recipe":[],"Service":[],"SoftwareApplication":[],"WebPage":[]},"graphName":"","isEnabled":true},"graphs":[],"defaultGraph":"","defaultPostTypeGraph":""},"schema_type":null,"schema_type_options":null,"pillar_content":false,"robots_default":true,"robots_noindex":false,"robots_noarchive":false,"robots_nosnippet":false,"robots_nofollow":false,"robots_noimageindex":false,"robots_noodp":false,"robots_notranslate":false,"robots_max_snippet":null,"robots_max_videopreview":null,"robots_max_imagepreview":"large","priority":null,"frequency":null,"location":null,"local_seo":null,"breadcrumb_settings":null,"limit_modified_date":false,"ai":null,"created":"2020-12-20 20:32:00","updated":"2025-07-19 22:12:36","seo_analyzer_scan_date":null,"focus_keyword":null,"additional_keywords":null,"truseo_locale":null},"jetpack_sharing_enabled":true,"jetpack-related-posts":[{"id":13124,"url":"https:\/\/www.jornalja.com.br\/arquivo\/sangue-latino-no-iecine\/","url_meta":{"origin":49958,"position":0},"title":"Sangue latino no IECINE","author":"da Reda\u00e7\u00e3o","date":"18 de maio de 2014","format":false,"excerpt":"Francisco Ribeiro O Instituto Estadual de Cinema (IECINE) tem a frente, desde abril \u00faltimo, um novo diretor, o cineasta colombiano Juan Zapata, 36, que substitui Luiz Alberto Cassol. Radicado h\u00e1 dez anos em Porto Alegre, Zapata tem diante de si o desafio de conduzir at\u00e9 o final do ano um\u2026","rel":"","context":"Em &quot;Cultura-Geral&quot;","block_context":{"text":"Cultura-Geral","link":"https:\/\/www.jornalja.com.br\/arquivo\/category\/materiasecundaria\/"},"img":{"alt_text":"","src":"","width":0,"height":0},"classes":[]},{"id":13109,"url":"https:\/\/www.jornalja.com.br\/arquivo\/judiciario-reconhece-poluicao-eletromagnetica\/","url_meta":{"origin":49958,"position":1},"title":"Judici\u00e1rio reconhece polui\u00e7\u00e3o eletromagn\u00e9tica","author":"Patr\u00edcia Marini","date":"16 de maio de 2014","format":false,"excerpt":"A\u00e7\u00e3o de duas associa\u00e7\u00f5es de moradores foi acolhida pelo Tribunal de Justi\u00e7a de S\u00e3o Paulo que. em decis\u00e3o in\u00e9dita, determinou a redu\u00e7\u00e3o do campo eletromagn\u00e9tico gerado pelas linhas de transmiss\u00e3o de energia que cortam os bairros City Boa\u00e7ava e Alto de Pinheiros. \u00c9 a primeira vez que um tribunal do\u2026","rel":"","context":"Em &quot;X.Categorias velhas&quot;","block_context":{"text":"X.Categorias velhas","link":"https:\/\/www.jornalja.com.br\/arquivo\/category\/x-categorias-velhas\/"},"img":{"alt_text":"","src":"","width":0,"height":0},"classes":[]},{"id":14241,"url":"https:\/\/www.jornalja.com.br\/arquivo\/o-guaiba-nas-imagens-poeticas-de-achutti\/","url_meta":{"origin":49958,"position":2},"title":"O Gua\u00edba nas imagens po\u00e9ticas de Achutti","author":"da Reda\u00e7\u00e3o","date":"18 de junho de 2014","format":false,"excerpt":"Em \u201cO Gua\u00edba por Achutti\u201d \u2013 obra financiada via Minist\u00e9rio da Cultura, produ\u00e7\u00e3o executiva de Pedro Longhi, e Fl\u00e1vio Wild como designer \u2013, o fot\u00f3grafo revela a beleza e as mazelas de um espa\u00e7o aqu\u00e1tico de \u00e1guas sempre renovadas, cheio de hist\u00f3rias e lendas como as das cidades que foram\u2026","rel":"","context":"Em &quot;Cultura-Geral&quot;","block_context":{"text":"Cultura-Geral","link":"https:\/\/www.jornalja.com.br\/arquivo\/category\/materiasecundaria\/"},"img":{"alt_text":"","src":"","width":0,"height":0},"classes":[]},{"id":13240,"url":"https:\/\/www.jornalja.com.br\/arquivo\/plano-diretor-estamos-construindo-o-caos\/","url_meta":{"origin":49958,"position":3},"title":"Plano diretor: &quot;Estamos construindo o caos&quot;","author":"Patr\u00edcia Marini","date":"26 de maio de 2014","format":false,"excerpt":"Desabafo que arquiteta Eliana Castilhos, delegada da Regi\u00e3o de Planejamento 1, postou nas redes sociais \u00e9 um testemunho do ambiente que se criou no Conselho do Plano Diretor de Porto Alegre, onde a aprova\u00e7\u00e3o de grandes empreendimentos \u00e9 empurrada guela abaixo dos conselheiros. Ao CMDUA Como delegada da Regi\u00e3o de\u2026","rel":"","context":"Em &quot;Geral&quot;","block_context":{"text":"Geral","link":"https:\/\/www.jornalja.com.br\/arquivo\/category\/geral\/"},"img":{"alt_text":"","src":"","width":0,"height":0},"classes":[]},{"id":13101,"url":"https:\/\/www.jornalja.com.br\/arquivo\/morre-um-guerreiro-do-texto\/","url_meta":{"origin":49958,"position":4},"title":"Morre um guerreiro do texto","author":"Patr\u00edcia Marini","date":"14 de maio de 2014","format":false,"excerpt":"Por Ricardo Kotscho Reproduzido do blog do autor, 11\/5\/2014; t\u00edtulo original \u201cE l\u00e1 se foi o nosso Myltainho, guerreiro do texto\u201d. Mi\u00fado e franzino, meu amigo Myltainho era um valente e inconformado guerreiro na luta contra as injusti\u00e7as sociais, a hipocrisia, as maracutaias, o autoritarismo, a intoler\u00e2ncia, a viol\u00eancia, o\u2026","rel":"","context":"Em &quot;Geral&quot;","block_context":{"text":"Geral","link":"https:\/\/www.jornalja.com.br\/arquivo\/category\/geral\/"},"img":{"alt_text":"","src":"","width":0,"height":0},"classes":[]},{"id":5440,"url":"https:\/\/www.jornalja.com.br\/arquivo\/casarao-da-venancio-destino-permanece-incerto\/","url_meta":{"origin":49958,"position":5},"title":"Estado ainda n\u00e3o sabe o que fazer com casar\u00e3o abandonado h\u00e1 20 anos","author":"Elmar Bones","date":"6 de julho de 2009","format":false,"excerpt":"O casar\u00e3o amarelo, numa esquina nobre de Porto Alegre (Ven\u00e2ncio Aires com Jo\u00e3o Pessoa), j\u00e1 abrigou uma escola. H\u00e1 duas d\u00e9cadas, pelo menos, est\u00e1 abandonado, porque seu propriet\u00e1rio, o governo do Estado do Rio Grande do Sul, n\u00e3o consegue achar um destino para ele. Planos n\u00e3o faltaram. O governador Ol\u00edvio\u2026","rel":"","context":"Em &quot;X.Categorias velhas&quot;","block_context":{"text":"X.Categorias velhas","link":"https:\/\/www.jornalja.com.br\/arquivo\/category\/x-categorias-velhas\/"},"img":{"alt_text":"geraldo1","src":"https:\/\/i0.wp.com\/www.jornalja.com.br\/wp-content\/uploads\/2009\/07\/geraldo1.jpg?resize=350%2C200&ssl=1","width":350,"height":200},"classes":[]}],"jetpack_shortlink":"https:\/\/wp.me\/pbQjBd-cZM","jetpack_featured_media_url":"","_links":{"self":[{"href":"https:\/\/www.jornalja.com.br\/arquivo\/wp-json\/wp\/v2\/posts\/49958","targetHints":{"allow":["GET"]}}],"collection":[{"href":"https:\/\/www.jornalja.com.br\/arquivo\/wp-json\/wp\/v2\/posts"}],"about":[{"href":"https:\/\/www.jornalja.com.br\/arquivo\/wp-json\/wp\/v2\/types\/post"}],"author":[{"embeddable":true,"href":"https:\/\/www.jornalja.com.br\/arquivo\/wp-json\/wp\/v2\/users\/4"}],"replies":[{"embeddable":true,"href":"https:\/\/www.jornalja.com.br\/arquivo\/wp-json\/wp\/v2\/comments?post=49958"}],"version-history":[{"count":0,"href":"https:\/\/www.jornalja.com.br\/arquivo\/wp-json\/wp\/v2\/posts\/49958\/revisions"}],"wp:attachment":[{"href":"https:\/\/www.jornalja.com.br\/arquivo\/wp-json\/wp\/v2\/media?parent=49958"}],"wp:term":[{"taxonomy":"category","embeddable":true,"href":"https:\/\/www.jornalja.com.br\/arquivo\/wp-json\/wp\/v2\/categories?post=49958"},{"taxonomy":"post_tag","embeddable":true,"href":"https:\/\/www.jornalja.com.br\/arquivo\/wp-json\/wp\/v2\/tags?post=49958"}],"curies":[{"name":"wp","href":"https:\/\/api.w.org\/{rel}","templated":true}]}}