{"id":49978,"date":"2017-06-13T23:05:21","date_gmt":"2017-06-14T02:05:21","guid":{"rendered":"https:\/\/www.jornalja.com.br\/?p=49978"},"modified":"2017-06-13T23:05:21","modified_gmt":"2017-06-14T02:05:21","slug":"vacinacao-contra-gripe-e-mantida-ate-termino-de-estoque","status":"publish","type":"post","link":"https:\/\/www.jornalja.com.br\/arquivo\/vacinacao-contra-gripe-e-mantida-ate-termino-de-estoque\/","title":{"rendered":"Vacina\u00e7\u00e3o contra gripe \u00e9 mantida at\u00e9 t\u00e9rmino de estoque"},"content":{"rendered":"<p>A Secretaria Municipal de Sa\u00fade (SMS) de Porto Alegre vai manter a vacina\u00e7\u00e3o nas unidades de sa\u00fade que possuem sala de vacinas, at\u00e9 o final dos estoques. Atualmente, existem 130 salas com vacinas \u00e0 disposi\u00e7\u00e3o da popula\u00e7\u00e3o.<br \/>\nEst\u00e3o reservadas as doses necess\u00e1rias para gestantes e para as crian\u00e7as cujo esquema vacinal preveja aplica\u00e7\u00e3o de mais uma dose da vacina.<br \/>\nAo final do per\u00edodo de prorroga\u00e7\u00e3o da campanha de vacina\u00e7\u00e3o contra a gripe, Porto Alegre registrou um total de 606.865 pessoas imunizadas, entre grupos priorit\u00e1rios e popula\u00e7\u00e3o fora de grupos. Nos grupos priorit\u00e1rios, o percentual ficou em 83,9%, com 487.418 pessoas que receberam a vacina.<br \/>\n<strong>Os locais com vacinas em 13\/06:<\/strong><br \/>\n<strong>Unidades de Sa\u00fade que mant\u00eam vacina\u00e7\u00e3o contra a gripe:<\/strong><br \/>\nGer\u00eancia Distrital Leste-Nordeste (Leno)<br \/>\nBatista Flores<br \/>\nJardim da Fapa<br \/>\nJardim Prot\u00e1sio Alves<br \/>\nSafira Nova<br \/>\nTimba\u00fava<br \/>\nWenceslau Fontoura<br \/>\nLaranjeiras<br \/>\nMato Sampaio<br \/>\nMilta Rodrigues<br \/>\nJardim Carvalho<br \/>\nTijuca<br \/>\nVila Bras\u00edlia<br \/>\nVila Pinto<br \/>\nVila Safira<br \/>\nCh\u00e1cara da Fuma\u00e7a<br \/>\nMorro Santana<br \/>\nVila Jardim<br \/>\nCS Bom Jesus<br \/>\nCentro Extens\u00e3o Puc Vila F\u00e1tima<br \/>\nGHC Bar\u00e3o de Bag\u00e9<br \/>\nGHC Coinma<br \/>\nGHC Divina Provid\u00eancia<br \/>\n&nbsp;<br \/>\nGD Gl\u00f3ria-Cruzeiro-Cristal (GCC)<br \/>\nRinc\u00e3o<br \/>\nGl\u00f3ria<br \/>\nGraciliano Ramos<br \/>\nBel\u00e9m Velho<br \/>\nSanta Tereza<br \/>\nS\u00e3o Gabriel<br \/>\nVila Cruzeiro<br \/>\nSanta Anita<br \/>\nVila Ga\u00facha<br \/>\nNossa Sra de Bel\u00e9m<br \/>\nEstrada dos Alpes<br \/>\nCristal<br \/>\nDivisa<br \/>\nVila dos Comerci\u00e1rios<br \/>\nOrfanotr\u00f3fio<br \/>\nTronco<br \/>\nCruzeiro do Sul<br \/>\nAlto Embratel<br \/>\nPrimeiro de Maio<br \/>\nApar\u00edcio Borges<br \/>\nOsmar Freitas<br \/>\nJardim Cascata<br \/>\n&nbsp;<br \/>\nGD Norte Eixo Baltazar (NEB)<br \/>\nAsa Branca<br \/>\nAssis Brasil<br \/>\nDom\u00eanico Feoli<br \/>\nEsp Cordeiro<br \/>\nNova Gleba<br \/>\nJenor Jarros<br \/>\nPlanalto<br \/>\nNova Bras\u00edlia<br \/>\nP Pedras II<br \/>\nSanta F\u00e9<br \/>\nP Pedras I<br \/>\nRamos<br \/>\nRubem Berta<br \/>\nSanta F\u00e9<br \/>\nSta Maria<br \/>\nSanta Rosa<br \/>\nSto Agostinho<br \/>\nSarandi<br \/>\nVila Elizabeth<br \/>\nParque Maias<br \/>\nJardim Leopoldina<br \/>\nCosta e Silva<br \/>\n&nbsp;<br \/>\nGD Centro<br \/>\nSanta Cec\u00edlia<br \/>\nCentro de Sa\u00fade Modelo<br \/>\nSanta Marta<br \/>\n&nbsp;<br \/>\nGD Navegantes Humait\u00e1 Noroeste Ilhas (NHNI)<br \/>\nFloresta<br \/>\nPav\u00e3o<br \/>\nNazar\u00e9<br \/>\nPintada<br \/>\nMarinheiros<br \/>\nIAPI<br \/>\nIpiranga<br \/>\nNavegantes<br \/>\nDiretor Pestana<br \/>\nMario Quintana<br \/>\nFradique Vizeu<br \/>\nFarrapos<br \/>\nConcei\u00e7\u00e3o<br \/>\n&nbsp;<br \/>\nGD Restinga<br \/>\nRestinga<br \/>\nMacedonia<br \/>\nN\u00facleo Esperan\u00e7a<br \/>\nPaulo Viaro<br \/>\nLami<br \/>\nPitinga<br \/>\nCastelo<br \/>\nBel\u00e9m<br \/>\nPonta Grossa<br \/>\nChap\u00e9u do Sol<br \/>\n5 Unidade<br \/>\n&nbsp;<br \/>\nGD Sul-Centro\/Sul<br \/>\nIpanema<br \/>\nCamaqu\u00e3<br \/>\nTristeza<br \/>\nBeco do Adelar<br \/>\nVila Nova Ipanema<br \/>\nMonte Cristo<br \/>\nCampo Novo<br \/>\nCal\u00e1bria<br \/>\nAlto Erechim<br \/>\nCidade de Deus<br \/>\nMorros dos Sargentos<br \/>\nJardim das Palmeiras<br \/>\nNonoai<br \/>\nGuaruj\u00e1<br \/>\nS\u00e3o Vicente M\u00e1rtir<br \/>\nMoradas da H\u00edpica<br \/>\nCampos do Cristal<br \/>\nCohab Cavalhada<br \/>\n&nbsp;<br \/>\nGD Partenon \u2013 Lomba do Pinheiro (PLP)<br \/>\nS\u00e3o Carlos<br \/>\nS\u00e3o Jos\u00e9<br \/>\nCeres<br \/>\nS\u00e3o Miguel<br \/>\nBananeiras<br \/>\nMapa<br \/>\nPanorama<br \/>\nPitorescca<br \/>\nVila Vargas<br \/>\nEsmeralda<br \/>\nSanto Alfredo<br \/>\nS\u00e3o Pedro<br \/>\nVi\u00e7osa<br \/>\nErnesto Ara\u00fajo<br \/>\nMorro da Cruz<br \/>\nHerdeiros<br \/>\nLomba do Pinheiro<br \/>\nSanta Helena<br \/>\n&nbsp;<br \/>\n<strong>Unidades sem vacina\u00e7\u00e3o:<\/strong><br \/>\nGD Leste-Nordeste (Leno)<br \/>\nGHC SESC<br \/>\nGD Gl\u00f3ria Cruzeiro Cristal<br \/>\nNossa Senhora das Gra\u00e7as<br \/>\nGD Norte Eixo Baltazar (NEB)<br \/>\nBeco do Coqueiro<br \/>\nS\u00e3o Borja<br \/>\nS\u00e3o Crist\u00f3v\u00e3o<br \/>\nN\u00aa Sra Aparecida<br \/>\nSant\u00edssima Trindade<br \/>\nGD Navegantes Humait\u00e1 Noroeste Ilhas (NHNI)<br \/>\nItu<br \/>\nGD Restinga<br \/>\nCh\u00e1cara do Banco<\/p>\n","protected":false},"excerpt":{"rendered":"<p>A Secretaria Municipal de Sa\u00fade (SMS) de Porto Alegre vai manter a vacina\u00e7\u00e3o nas unidades de sa\u00fade que possuem sala de vacinas, at\u00e9 o final dos estoques. Atualmente, existem 130 salas com vacinas \u00e0 disposi\u00e7\u00e3o da popula\u00e7\u00e3o. Est\u00e3o reservadas as doses necess\u00e1rias para gestantes e para as crian\u00e7as cujo esquema vacinal preveja aplica\u00e7\u00e3o de mais [&hellip;]<\/p>\n","protected":false},"author":4,"featured_media":0,"comment_status":"open","ping_status":"closed","sticky":false,"template":"","format":"standard","meta":{"_jetpack_newsletter_access":"","_jetpack_dont_email_post_to_subs":false,"_jetpack_newsletter_tier_id":0,"_jetpack_memberships_contains_paywalled_content":false,"_jetpack_feature_clip_id":0,"_jetpack_memberships_contains_paid_content":false,"footnotes":"","jetpack_post_was_ever_published":false},"categories":[2022],"tags":[],"class_list":["post-49978","post","type-post","status-publish","format-standard","hentry","category-notas"],"aioseo_notices":[],"aioseo_head":"\n\t\t<!-- All in One SEO 5.0.1.1 - aioseo.com -->\n\t<meta name=\"robots\" content=\"max-image-preview:large\" \/>\n\t<meta name=\"author\" content=\"da Reda\u00e7\u00e3o\"\/>\n\t<link rel=\"canonical\" href=\"https:\/\/www.jornalja.com.br\/arquivo\/vacinacao-contra-gripe-e-mantida-ate-termino-de-estoque\/\" \/>\n\t<meta name=\"generator\" content=\"All in One SEO (AIOSEO) 5.0.1.1\" \/>\n\t\t<meta property=\"og:locale\" content=\"pt_BR\" \/>\n\t\t<meta property=\"og:site_name\" content=\"Arquivo | Jornal J\u00c1 | Porto Alegre\" \/>\n\t\t<meta property=\"og:type\" content=\"article\" \/>\n\t\t<meta property=\"og:title\" content=\"Vacina\u00e7\u00e3o contra gripe \u00e9 mantida at\u00e9 t\u00e9rmino de estoque | Arquivo\" \/>\n\t\t<meta property=\"og:url\" content=\"https:\/\/www.jornalja.com.br\/arquivo\/vacinacao-contra-gripe-e-mantida-ate-termino-de-estoque\/\" \/>\n\t\t<meta property=\"og:image\" content=\"https:\/\/www.jornalja.com.br\/economics\/wp-content\/uploads\/sites\/11\/2026\/08\/ja-folhaderosto-facebook.jpg\" \/>\n\t\t<meta property=\"og:image:secure_url\" content=\"https:\/\/www.jornalja.com.br\/economics\/wp-content\/uploads\/sites\/11\/2026\/08\/ja-folhaderosto-facebook.jpg\" \/>\n\t\t<meta property=\"article:published_time\" content=\"2017-06-14T02:05:21+00:00\" \/>\n\t\t<meta property=\"article:modified_time\" content=\"2017-06-14T02:05:21+00:00\" \/>\n\t\t<meta name=\"twitter:card\" content=\"summary\" \/>\n\t\t<meta name=\"twitter:title\" content=\"Vacina\u00e7\u00e3o contra gripe \u00e9 mantida at\u00e9 t\u00e9rmino de estoque | Arquivo\" \/>\n\t\t<meta name=\"twitter:image\" content=\"https:\/\/www.jornalja.com.br\/economics\/wp-content\/uploads\/sites\/11\/2026\/08\/ja-folhaderosto-facebook.jpg\" \/>\n\t\t<script type=\"application\/ld+json\" class=\"aioseo-schema\">\n\t\t\t{\"@context\":\"https:\\\/\\\/schema.org\",\"@graph\":[{\"@type\":\"BlogPosting\",\"@id\":\"https:\\\/\\\/www.jornalja.com.br\\\/arquivo\\\/vacinacao-contra-gripe-e-mantida-ate-termino-de-estoque\\\/#blogposting\",\"name\":\"Vacina\\u00e7\\u00e3o contra gripe \\u00e9 mantida at\\u00e9 t\\u00e9rmino de estoque | Arquivo\",\"headline\":\"Vacina\\u00e7\\u00e3o contra gripe \\u00e9 mantida at\\u00e9 t\\u00e9rmino de estoque\",\"author\":{\"@id\":\"https:\\\/\\\/www.jornalja.com.br\\\/arquivo\\\/author\\\/daredacao\\\/#author\"},\"publisher\":{\"@id\":\"https:\\\/\\\/www.jornalja.com.br\\\/arquivo\\\/#organization\"},\"image\":{\"@type\":\"ImageObject\",\"url\":\"https:\\\/\\\/www.jornalja.com.br\\\/wp-content\\\/uploads\\\/cards\\\/JAslogan.png\",\"@id\":\"https:\\\/\\\/www.jornalja.com.br\\\/arquivo\\\/#articleImage\"},\"datePublished\":\"2017-06-13T23:05:21-03:00\",\"dateModified\":\"2017-06-13T23:05:21-03:00\",\"inLanguage\":\"pt-BR\",\"mainEntityOfPage\":{\"@id\":\"https:\\\/\\\/www.jornalja.com.br\\\/arquivo\\\/vacinacao-contra-gripe-e-mantida-ate-termino-de-estoque\\\/#webpage\"},\"isPartOf\":{\"@id\":\"https:\\\/\\\/www.jornalja.com.br\\\/arquivo\\\/vacinacao-contra-gripe-e-mantida-ate-termino-de-estoque\\\/#webpage\"},\"articleSection\":\"NOTAS\"},{\"@type\":\"BreadcrumbList\",\"@id\":\"https:\\\/\\\/www.jornalja.com.br\\\/arquivo\\\/vacinacao-contra-gripe-e-mantida-ate-termino-de-estoque\\\/#breadcrumblist\",\"itemListElement\":[{\"@type\":\"ListItem\",\"@id\":\"https:\\\/\\\/www.jornalja.com.br\\\/arquivo#listItem\",\"position\":1,\"name\":\"Home\",\"item\":\"https:\\\/\\\/www.jornalja.com.br\\\/arquivo\",\"nextItem\":{\"@type\":\"ListItem\",\"@id\":\"https:\\\/\\\/www.jornalja.com.br\\\/arquivo\\\/category\\\/notas\\\/#listItem\",\"name\":\"NOTAS\"}},{\"@type\":\"ListItem\",\"@id\":\"https:\\\/\\\/www.jornalja.com.br\\\/arquivo\\\/category\\\/notas\\\/#listItem\",\"position\":2,\"name\":\"NOTAS\",\"item\":\"https:\\\/\\\/www.jornalja.com.br\\\/arquivo\\\/category\\\/notas\\\/\",\"nextItem\":{\"@type\":\"ListItem\",\"@id\":\"https:\\\/\\\/www.jornalja.com.br\\\/arquivo\\\/vacinacao-contra-gripe-e-mantida-ate-termino-de-estoque\\\/#listItem\",\"name\":\"Vacina\\u00e7\\u00e3o contra gripe \\u00e9 mantida at\\u00e9 t\\u00e9rmino de estoque\"},\"previousItem\":{\"@type\":\"ListItem\",\"@id\":\"https:\\\/\\\/www.jornalja.com.br\\\/arquivo#listItem\",\"name\":\"Home\"}},{\"@type\":\"ListItem\",\"@id\":\"https:\\\/\\\/www.jornalja.com.br\\\/arquivo\\\/vacinacao-contra-gripe-e-mantida-ate-termino-de-estoque\\\/#listItem\",\"position\":3,\"name\":\"Vacina\\u00e7\\u00e3o contra gripe \\u00e9 mantida at\\u00e9 t\\u00e9rmino de estoque\",\"previousItem\":{\"@type\":\"ListItem\",\"@id\":\"https:\\\/\\\/www.jornalja.com.br\\\/arquivo\\\/category\\\/notas\\\/#listItem\",\"name\":\"NOTAS\"}}]},{\"@type\":\"Organization\",\"@id\":\"https:\\\/\\\/www.jornalja.com.br\\\/arquivo\\\/#organization\",\"name\":\"Jornal J\\u00c1\",\"description\":\"Jornal J\\u00c1 | Porto Alegre\",\"url\":\"https:\\\/\\\/www.jornalja.com.br\\\/arquivo\\\/\",\"telephone\":\"+555133307272\",\"logo\":{\"@type\":\"ImageObject\",\"url\":\"https:\\\/\\\/www.jornalja.com.br\\\/wp-content\\\/uploads\\\/cards\\\/JAslogan.png\",\"@id\":\"https:\\\/\\\/www.jornalja.com.br\\\/arquivo\\\/vacinacao-contra-gripe-e-mantida-ate-termino-de-estoque\\\/#organizationLogo\"},\"image\":{\"@id\":\"https:\\\/\\\/www.jornalja.com.br\\\/arquivo\\\/vacinacao-contra-gripe-e-mantida-ate-termino-de-estoque\\\/#organizationLogo\"}},{\"@type\":\"Person\",\"@id\":\"https:\\\/\\\/www.jornalja.com.br\\\/arquivo\\\/author\\\/daredacao\\\/#author\",\"url\":\"https:\\\/\\\/www.jornalja.com.br\\\/arquivo\\\/author\\\/daredacao\\\/\",\"name\":\"da Reda\\u00e7\\u00e3o\",\"image\":{\"@type\":\"ImageObject\",\"@id\":\"https:\\\/\\\/www.jornalja.com.br\\\/arquivo\\\/vacinacao-contra-gripe-e-mantida-ate-termino-de-estoque\\\/#authorImage\",\"url\":\"https:\\\/\\\/secure.gravatar.com\\\/avatar\\\/469fd857d6605ad19919d27ed29d35a968a25f6e8fd9318356bbb7f57aae9c65?s=96&d=mm&r=g\",\"width\":96,\"height\":96,\"caption\":\"da Reda\\u00e7\\u00e3o\"}},{\"@type\":\"WebPage\",\"@id\":\"https:\\\/\\\/www.jornalja.com.br\\\/arquivo\\\/vacinacao-contra-gripe-e-mantida-ate-termino-de-estoque\\\/#webpage\",\"url\":\"https:\\\/\\\/www.jornalja.com.br\\\/arquivo\\\/vacinacao-contra-gripe-e-mantida-ate-termino-de-estoque\\\/\",\"name\":\"Vacina\\u00e7\\u00e3o contra gripe \\u00e9 mantida at\\u00e9 t\\u00e9rmino de estoque | Arquivo\",\"inLanguage\":\"pt-BR\",\"isPartOf\":{\"@id\":\"https:\\\/\\\/www.jornalja.com.br\\\/arquivo\\\/#website\"},\"breadcrumb\":{\"@id\":\"https:\\\/\\\/www.jornalja.com.br\\\/arquivo\\\/vacinacao-contra-gripe-e-mantida-ate-termino-de-estoque\\\/#breadcrumblist\"},\"author\":{\"@id\":\"https:\\\/\\\/www.jornalja.com.br\\\/arquivo\\\/author\\\/daredacao\\\/#author\"},\"creator\":{\"@id\":\"https:\\\/\\\/www.jornalja.com.br\\\/arquivo\\\/author\\\/daredacao\\\/#author\"},\"datePublished\":\"2017-06-13T23:05:21-03:00\",\"dateModified\":\"2017-06-13T23:05:21-03:00\"},{\"@type\":\"WebSite\",\"@id\":\"https:\\\/\\\/www.jornalja.com.br\\\/arquivo\\\/#website\",\"url\":\"https:\\\/\\\/www.jornalja.com.br\\\/arquivo\\\/\",\"name\":\"Arquivo\",\"description\":\"Jornal J\\u00c1 | Porto Alegre\",\"inLanguage\":\"pt-BR\",\"publisher\":{\"@id\":\"https:\\\/\\\/www.jornalja.com.br\\\/arquivo\\\/#organization\"}}]}\n\t\t<\/script>\n\t\t<!-- All in One SEO -->\n\n","aioseo_head_json":{"title":"Vacina\u00e7\u00e3o contra gripe \u00e9 mantida at\u00e9 t\u00e9rmino de estoque | Arquivo","description":"","canonical_url":"https:\/\/www.jornalja.com.br\/arquivo\/vacinacao-contra-gripe-e-mantida-ate-termino-de-estoque\/","robots":"max-image-preview:large","keywords":"","webmasterTools":{"miscellaneous":""},"schema":{"@context":"https:\/\/schema.org","@graph":[{"@type":"BlogPosting","@id":"https:\/\/www.jornalja.com.br\/arquivo\/vacinacao-contra-gripe-e-mantida-ate-termino-de-estoque\/#blogposting","name":"Vacina\u00e7\u00e3o contra gripe \u00e9 mantida at\u00e9 t\u00e9rmino de estoque | Arquivo","headline":"Vacina\u00e7\u00e3o contra gripe \u00e9 mantida at\u00e9 t\u00e9rmino de estoque","author":{"@id":"https:\/\/www.jornalja.com.br\/arquivo\/author\/daredacao\/#author"},"publisher":{"@id":"https:\/\/www.jornalja.com.br\/arquivo\/#organization"},"image":{"@type":"ImageObject","url":"https:\/\/www.jornalja.com.br\/wp-content\/uploads\/cards\/JAslogan.png","@id":"https:\/\/www.jornalja.com.br\/arquivo\/#articleImage"},"datePublished":"2017-06-13T23:05:21-03:00","dateModified":"2017-06-13T23:05:21-03:00","inLanguage":"pt-BR","mainEntityOfPage":{"@id":"https:\/\/www.jornalja.com.br\/arquivo\/vacinacao-contra-gripe-e-mantida-ate-termino-de-estoque\/#webpage"},"isPartOf":{"@id":"https:\/\/www.jornalja.com.br\/arquivo\/vacinacao-contra-gripe-e-mantida-ate-termino-de-estoque\/#webpage"},"articleSection":"NOTAS"},{"@type":"BreadcrumbList","@id":"https:\/\/www.jornalja.com.br\/arquivo\/vacinacao-contra-gripe-e-mantida-ate-termino-de-estoque\/#breadcrumblist","itemListElement":[{"@type":"ListItem","@id":"https:\/\/www.jornalja.com.br\/arquivo#listItem","position":1,"name":"Home","item":"https:\/\/www.jornalja.com.br\/arquivo","nextItem":{"@type":"ListItem","@id":"https:\/\/www.jornalja.com.br\/arquivo\/category\/notas\/#listItem","name":"NOTAS"}},{"@type":"ListItem","@id":"https:\/\/www.jornalja.com.br\/arquivo\/category\/notas\/#listItem","position":2,"name":"NOTAS","item":"https:\/\/www.jornalja.com.br\/arquivo\/category\/notas\/","nextItem":{"@type":"ListItem","@id":"https:\/\/www.jornalja.com.br\/arquivo\/vacinacao-contra-gripe-e-mantida-ate-termino-de-estoque\/#listItem","name":"Vacina\u00e7\u00e3o contra gripe \u00e9 mantida at\u00e9 t\u00e9rmino de estoque"},"previousItem":{"@type":"ListItem","@id":"https:\/\/www.jornalja.com.br\/arquivo#listItem","name":"Home"}},{"@type":"ListItem","@id":"https:\/\/www.jornalja.com.br\/arquivo\/vacinacao-contra-gripe-e-mantida-ate-termino-de-estoque\/#listItem","position":3,"name":"Vacina\u00e7\u00e3o contra gripe \u00e9 mantida at\u00e9 t\u00e9rmino de estoque","previousItem":{"@type":"ListItem","@id":"https:\/\/www.jornalja.com.br\/arquivo\/category\/notas\/#listItem","name":"NOTAS"}}]},{"@type":"Organization","@id":"https:\/\/www.jornalja.com.br\/arquivo\/#organization","name":"Jornal J\u00c1","description":"Jornal J\u00c1 | Porto Alegre","url":"https:\/\/www.jornalja.com.br\/arquivo\/","telephone":"+555133307272","logo":{"@type":"ImageObject","url":"https:\/\/www.jornalja.com.br\/wp-content\/uploads\/cards\/JAslogan.png","@id":"https:\/\/www.jornalja.com.br\/arquivo\/vacinacao-contra-gripe-e-mantida-ate-termino-de-estoque\/#organizationLogo"},"image":{"@id":"https:\/\/www.jornalja.com.br\/arquivo\/vacinacao-contra-gripe-e-mantida-ate-termino-de-estoque\/#organizationLogo"}},{"@type":"Person","@id":"https:\/\/www.jornalja.com.br\/arquivo\/author\/daredacao\/#author","url":"https:\/\/www.jornalja.com.br\/arquivo\/author\/daredacao\/","name":"da Reda\u00e7\u00e3o","image":{"@type":"ImageObject","@id":"https:\/\/www.jornalja.com.br\/arquivo\/vacinacao-contra-gripe-e-mantida-ate-termino-de-estoque\/#authorImage","url":"https:\/\/secure.gravatar.com\/avatar\/469fd857d6605ad19919d27ed29d35a968a25f6e8fd9318356bbb7f57aae9c65?s=96&d=mm&r=g","width":96,"height":96,"caption":"da Reda\u00e7\u00e3o"}},{"@type":"WebPage","@id":"https:\/\/www.jornalja.com.br\/arquivo\/vacinacao-contra-gripe-e-mantida-ate-termino-de-estoque\/#webpage","url":"https:\/\/www.jornalja.com.br\/arquivo\/vacinacao-contra-gripe-e-mantida-ate-termino-de-estoque\/","name":"Vacina\u00e7\u00e3o contra gripe \u00e9 mantida at\u00e9 t\u00e9rmino de estoque | Arquivo","inLanguage":"pt-BR","isPartOf":{"@id":"https:\/\/www.jornalja.com.br\/arquivo\/#website"},"breadcrumb":{"@id":"https:\/\/www.jornalja.com.br\/arquivo\/vacinacao-contra-gripe-e-mantida-ate-termino-de-estoque\/#breadcrumblist"},"author":{"@id":"https:\/\/www.jornalja.com.br\/arquivo\/author\/daredacao\/#author"},"creator":{"@id":"https:\/\/www.jornalja.com.br\/arquivo\/author\/daredacao\/#author"},"datePublished":"2017-06-13T23:05:21-03:00","dateModified":"2017-06-13T23:05:21-03:00"},{"@type":"WebSite","@id":"https:\/\/www.jornalja.com.br\/arquivo\/#website","url":"https:\/\/www.jornalja.com.br\/arquivo\/","name":"Arquivo","description":"Jornal J\u00c1 | Porto Alegre","inLanguage":"pt-BR","publisher":{"@id":"https:\/\/www.jornalja.com.br\/arquivo\/#organization"}}]},"og:locale":"pt_BR","og:site_name":"Arquivo | Jornal J\u00c1 | Porto Alegre","og:type":"article","og:title":"Vacina\u00e7\u00e3o contra gripe \u00e9 mantida at\u00e9 t\u00e9rmino de estoque | Arquivo","og:url":"https:\/\/www.jornalja.com.br\/arquivo\/vacinacao-contra-gripe-e-mantida-ate-termino-de-estoque\/","og:image":"https:\/\/www.jornalja.com.br\/economics\/wp-content\/uploads\/sites\/11\/2026\/08\/ja-folhaderosto-facebook.jpg","og:image:secure_url":"https:\/\/www.jornalja.com.br\/economics\/wp-content\/uploads\/sites\/11\/2026\/08\/ja-folhaderosto-facebook.jpg","article:published_time":"2017-06-14T02:05:21+00:00","article:modified_time":"2017-06-14T02:05:21+00:00","twitter:card":"summary","twitter:title":"Vacina\u00e7\u00e3o contra gripe \u00e9 mantida at\u00e9 t\u00e9rmino de estoque | Arquivo","twitter:image":"https:\/\/www.jornalja.com.br\/economics\/wp-content\/uploads\/sites\/11\/2026\/08\/ja-folhaderosto-facebook.jpg"},"aioseo_meta_data":{"post_id":"49978","title":null,"description":null,"keywords":null,"keyphrases":null,"primary_term":null,"canonical_url":null,"og_title":null,"og_description":null,"og_object_type":"default","og_image_type":"default","og_image_url":null,"og_image_width":null,"og_image_height":null,"og_image_custom_url":null,"og_image_custom_fields":null,"og_video":null,"og_custom_url":null,"og_article_section":null,"og_article_tags":null,"twitter_use_og":false,"twitter_card":"default","twitter_image_type":"default","twitter_image_url":null,"twitter_image_custom_url":null,"twitter_image_custom_fields":null,"twitter_title":null,"twitter_description":null,"schema":{"blockGraphs":[],"customGraphs":[],"default":{"data":{"Article":[],"Course":[],"Dataset":[],"FAQPage":[],"Movie":[],"Person":[],"Product":[],"ProductReview":[],"Car":[],"Recipe":[],"Service":[],"SoftwareApplication":[],"WebPage":[]},"graphName":"","isEnabled":true},"graphs":[],"defaultGraph":"","defaultPostTypeGraph":""},"schema_type":null,"schema_type_options":null,"pillar_content":false,"robots_default":true,"robots_noindex":false,"robots_noarchive":false,"robots_nosnippet":false,"robots_nofollow":false,"robots_noimageindex":false,"robots_noodp":false,"robots_notranslate":false,"robots_max_snippet":null,"robots_max_videopreview":null,"robots_max_imagepreview":"large","priority":null,"frequency":null,"location":null,"local_seo":null,"breadcrumb_settings":null,"limit_modified_date":false,"ai":null,"created":"2020-12-20 20:32:00","updated":"2025-07-19 22:12:36","seo_analyzer_scan_date":null,"focus_keyword":null,"additional_keywords":null,"truseo_locale":null},"jetpack_sharing_enabled":true,"jetpack-related-posts":[{"id":13240,"url":"https:\/\/www.jornalja.com.br\/arquivo\/plano-diretor-estamos-construindo-o-caos\/","url_meta":{"origin":49978,"position":0},"title":"Plano diretor: &quot;Estamos construindo o caos&quot;","author":"Patr\u00edcia Marini","date":"26 de maio de 2014","format":false,"excerpt":"Desabafo que arquiteta Eliana Castilhos, delegada da Regi\u00e3o de Planejamento 1, postou nas redes sociais \u00e9 um testemunho do ambiente que se criou no Conselho do Plano Diretor de Porto Alegre, onde a aprova\u00e7\u00e3o de grandes empreendimentos \u00e9 empurrada guela abaixo dos conselheiros. Ao CMDUA Como delegada da Regi\u00e3o de\u2026","rel":"","context":"Em &quot;Geral&quot;","block_context":{"text":"Geral","link":"https:\/\/www.jornalja.com.br\/arquivo\/category\/geral\/"},"img":{"alt_text":"","src":"","width":0,"height":0},"classes":[]},{"id":13124,"url":"https:\/\/www.jornalja.com.br\/arquivo\/sangue-latino-no-iecine\/","url_meta":{"origin":49978,"position":1},"title":"Sangue latino no IECINE","author":"da Reda\u00e7\u00e3o","date":"18 de maio de 2014","format":false,"excerpt":"Francisco Ribeiro O Instituto Estadual de Cinema (IECINE) tem a frente, desde abril \u00faltimo, um novo diretor, o cineasta colombiano Juan Zapata, 36, que substitui Luiz Alberto Cassol. Radicado h\u00e1 dez anos em Porto Alegre, Zapata tem diante de si o desafio de conduzir at\u00e9 o final do ano um\u2026","rel":"","context":"Em &quot;Cultura-Geral&quot;","block_context":{"text":"Cultura-Geral","link":"https:\/\/www.jornalja.com.br\/arquivo\/category\/materiasecundaria\/"},"img":{"alt_text":"","src":"","width":0,"height":0},"classes":[]},{"id":1280,"url":"https:\/\/www.jornalja.com.br\/arquivo\/o-menino-que-se-tornou-brizola\/","url_meta":{"origin":49978,"position":2},"title":"O Menino que se Tornou Brizola","author":"da Reda\u00e7\u00e3o","date":"28 de julho de 2008","format":false,"excerpt":"Autor: Cleber Dioni A vida de Leonel Brizola, com \u00eanfase para os primeiros anos em Porto Alegre, at\u00e9 o ex\u00edlio no Uruguai e a volta, quinze anos depois. \u00a0\"...\u00c9ramos todos jovens e nos identific\u00e1vamos com aquela massa an\u00f4nima a percorrer as ruas de Porto Alegre, gritando 'Get\u00falio', 'Get\u00falio' e empunhando\u2026","rel":"","context":"Em &quot;Livros&quot;","block_context":{"text":"Livros","link":"https:\/\/www.jornalja.com.br\/arquivo\/category\/livros\/"},"img":{"alt_text":"","src":"https:\/\/i0.wp.com\/www.jornalja.com.br\/wp-content\/uploads\/2008\/07\/brizola.gif?resize=350%2C200&ssl=1","width":350,"height":200},"classes":[]},{"id":12960,"url":"https:\/\/www.jornalja.com.br\/arquivo\/populacao-culpa-empresas-pela-greve-dos-rodoviarios\/","url_meta":{"origin":49978,"position":3},"title":"Popula\u00e7\u00e3o culpa empresas pela greve","author":"Patr\u00edcia Marini","date":"14 de fevereiro de 2014","format":false,"excerpt":"Pesquisa divulgada na edi\u00e7\u00e3o do jornal Metro desta sexta-feira,14, comprova o velho ditado: \u00e9 poss\u00edvel enganar muitos por algum tempo, mas n\u00e3o \u00e9 poss\u00edvel enganar a todos o tempo inteiro. A principal revela\u00e7\u00e3o foi que 59,8% dos entrevistados apontaram as empresas como as principais respons\u00e1veis pela grave e 46% culparam\u2026","rel":"","context":"Em &quot;X.Categorias velhas&quot;","block_context":{"text":"X.Categorias velhas","link":"https:\/\/www.jornalja.com.br\/arquivo\/category\/x-categorias-velhas\/"},"img":{"alt_text":"","src":"","width":0,"height":0},"classes":[]},{"id":13239,"url":"https:\/\/www.jornalja.com.br\/arquivo\/conselho-desdenha-do-plano-diretor\/","url_meta":{"origin":49978,"position":4},"title":"Porto Alegre: Conselho detona Plano Diretor","author":"Patr\u00edcia Marini","date":"25 de maio de 2014","format":false,"excerpt":"Den\u00fancia do arquiteto e \u00a0urbanista Ibir\u00e1 Santos Lucas. Ele diz que os conselheiros est\u00e3o votando com \"enorme irresponsabilidade\". \"Mudam regime com a maior naturalidade,,,regularizam absurdos de constru\u00e7\u00f5es irregulares... \"O CMDUA est\u00e1 flexibilizando a lei do plano diretor, de uma forma impactante na vida da cidade. Mudam regime com a maior\u2026","rel":"","context":"Em &quot;Geral&quot;","block_context":{"text":"Geral","link":"https:\/\/www.jornalja.com.br\/arquivo\/category\/geral\/"},"img":{"alt_text":"","src":"","width":0,"height":0},"classes":[]},{"id":14241,"url":"https:\/\/www.jornalja.com.br\/arquivo\/o-guaiba-nas-imagens-poeticas-de-achutti\/","url_meta":{"origin":49978,"position":5},"title":"O Gua\u00edba nas imagens po\u00e9ticas de Achutti","author":"da Reda\u00e7\u00e3o","date":"18 de junho de 2014","format":false,"excerpt":"Em \u201cO Gua\u00edba por Achutti\u201d \u2013 obra financiada via Minist\u00e9rio da Cultura, produ\u00e7\u00e3o executiva de Pedro Longhi, e Fl\u00e1vio Wild como designer \u2013, o fot\u00f3grafo revela a beleza e as mazelas de um espa\u00e7o aqu\u00e1tico de \u00e1guas sempre renovadas, cheio de hist\u00f3rias e lendas como as das cidades que foram\u2026","rel":"","context":"Em &quot;Cultura-Geral&quot;","block_context":{"text":"Cultura-Geral","link":"https:\/\/www.jornalja.com.br\/arquivo\/category\/materiasecundaria\/"},"img":{"alt_text":"","src":"","width":0,"height":0},"classes":[]}],"jetpack_shortlink":"https:\/\/wp.me\/pbQjBd-d06","jetpack_featured_media_url":"","_links":{"self":[{"href":"https:\/\/www.jornalja.com.br\/arquivo\/wp-json\/wp\/v2\/posts\/49978","targetHints":{"allow":["GET"]}}],"collection":[{"href":"https:\/\/www.jornalja.com.br\/arquivo\/wp-json\/wp\/v2\/posts"}],"about":[{"href":"https:\/\/www.jornalja.com.br\/arquivo\/wp-json\/wp\/v2\/types\/post"}],"author":[{"embeddable":true,"href":"https:\/\/www.jornalja.com.br\/arquivo\/wp-json\/wp\/v2\/users\/4"}],"replies":[{"embeddable":true,"href":"https:\/\/www.jornalja.com.br\/arquivo\/wp-json\/wp\/v2\/comments?post=49978"}],"version-history":[{"count":0,"href":"https:\/\/www.jornalja.com.br\/arquivo\/wp-json\/wp\/v2\/posts\/49978\/revisions"}],"wp:attachment":[{"href":"https:\/\/www.jornalja.com.br\/arquivo\/wp-json\/wp\/v2\/media?parent=49978"}],"wp:term":[{"taxonomy":"category","embeddable":true,"href":"https:\/\/www.jornalja.com.br\/arquivo\/wp-json\/wp\/v2\/categories?post=49978"},{"taxonomy":"post_tag","embeddable":true,"href":"https:\/\/www.jornalja.com.br\/arquivo\/wp-json\/wp\/v2\/tags?post=49978"}],"curies":[{"name":"wp","href":"https:\/\/api.w.org\/{rel}","templated":true}]}}