{"id":49994,"date":"2017-06-14T16:21:55","date_gmt":"2017-06-14T19:21:55","guid":{"rendered":"https:\/\/www.jornalja.com.br\/?p=49994"},"modified":"2017-06-14T16:21:55","modified_gmt":"2017-06-14T19:21:55","slug":"projeto-amplia-censo-de-papagaios-de-peito-roxo-especie-ameacada-de-extincao","status":"publish","type":"post","link":"https:\/\/www.jornalja.com.br\/arquivo\/projeto-amplia-censo-de-papagaios-de-peito-roxo-especie-ameacada-de-extincao\/","title":{"rendered":"Projeto amplia censo de papagaios-de-peito-roxo, esp\u00e9cie amea\u00e7ada de extin\u00e7\u00e3o"},"content":{"rendered":"<p>De abril a maio deste ano, pesquisadores do Projeto Char\u00e3o conclu\u00edram mais uma etapa para identificar a popula\u00e7\u00e3o total da esp\u00e9cie do papagaio-de-peito-roxo.<br \/>\nConhecido cientificamente como Amazona vinacea, o papagaio-de-peito-roxo \u00e9 uma das esp\u00e9cies da fauna silvestre t\u00edpica da Mata Atl\u00e2ntica que vem preocupando pesquisadores. Por causa da perda do seu habitat, principalmente das Florestas com Arauc\u00e1rias que possui menos de 3% de sua \u00e1rea original de cobertura original, essa ave est\u00e1 amea\u00e7ada de extin\u00e7\u00e3o.<br \/>\nA fim de pensar em estrat\u00e9gias de conserva\u00e7\u00e3o da esp\u00e9cie, o Projeto Char\u00e3o iniciou em 2015 censos anuais para determinar a popula\u00e7\u00e3o total dessas aves, como parte do Programa Nacional para a Conserva\u00e7\u00e3o do papagaio-de-peito-roxo, que tem\u00a0o apoio da Funda\u00e7\u00e3o Grupo Botic\u00e1rio de Prote\u00e7\u00e3o \u00e0 Natureza.<br \/>\nCom a contribui\u00e7\u00e3o de pesquisadores, observadores de aves e colaboradores, no primeiro ano o projeto identificou apenas 2.857 indiv\u00edduos, contemplando regi\u00f5es que v\u00e3o do Rio Grande do Sul at\u00e9 Minas Gerais, o que preocupou estudiosos da \u00e1rea, pela possibilidade de desaparecimento do papagaio. Por\u00e9m, os censos de 2016 e 2017 revelaram um aumento significativo no n\u00famero papagaios avistados e de sua \u00e1rea de ocupa\u00e7\u00e3o.<br \/>\nNa \u00faltima coleta de dados, realizada entre abril e maio deste ano, mais de quatro mil aves foram localizadas, sendo a maioria delas na Regi\u00e3o Sul do Brasil, e cerca de 64% deles apenas em Santa Catarina. Foram identificados papagaios-de-peito-roxo tamb\u00e9m em Minas Gerais, Esp\u00edrito Santo, S\u00e3o Paulo, Paran\u00e1, Rio Grande do Sul e em pa\u00edses como a Argentina e o Paraguai.<br \/>\nDe acordo com Jaime Martinez, coordenador do Projeto Char\u00e3o e membro da Rede de Especialistas em Conserva\u00e7\u00e3o da Natureza, a cada ano \u00e9 poss\u00edvel chegar mais perto da atual \u00e1rea de distribui\u00e7\u00e3o geogr\u00e1fica do papagaio-de-peito-roxo. \u201cO programa aproximou a participa\u00e7\u00e3o de um grande n\u00famero de pessoas e institui\u00e7\u00f5es ao longo do territ\u00f3rio brasileiro, onde a esp\u00e9cie ocorre. Nesse per\u00edodo, foi poss\u00edvel novamente estabelecer e atualizar o conhecimento sobre o tamanho de uma popula\u00e7\u00e3o que vem preocupando a todos que atuam na conserva\u00e7\u00e3o da diversidade biol\u00f3gica do Brasil\u201d, afirma Martinez.<br \/>\nAl\u00e9m da coleta de dados, a estrat\u00e9gia de prote\u00e7\u00e3o da esp\u00e9cie incluiu instalar caixas-ninho nas florestas, enfatizar a import\u00e2ncia da manuten\u00e7\u00e3o das \u00e1rvores velhas e ocadas aos propriet\u00e1rios de terras, para auxiliar na reprodu\u00e7\u00e3o da esp\u00e9cie, al\u00e9m de incentivar a cria\u00e7\u00e3o de \u00e1reas naturais, principalmente na forma de RPPNs (Reserva Particular do Patrim\u00f4nio Natural).<br \/>\nA diretora executiva da Funda\u00e7\u00e3o Grupo Botic\u00e1rio, Malu Nunes, acrescenta que iniciativas como o Programa Nacional para a Conserva\u00e7\u00e3o do Papagaio-de-peito-roxo s\u00e3o priorit\u00e1rias para receber o apoio da institui\u00e7\u00e3o, por contribuir para a conserva\u00e7\u00e3o de um dos ecossistemas mais amea\u00e7ados do Brasil \u2013 a Floresta com Arauc\u00e1rias \u2013, proteger esp\u00e9cies em risco de extin\u00e7\u00e3o e promover a cria\u00e7\u00e3o de unidades de conserva\u00e7\u00e3o. \u201cAs a\u00e7\u00f5es desse programa est\u00e3o entre as necessidades indicadas no Plano de A\u00e7\u00e3o Nacional para a Conserva\u00e7\u00e3o dos Papagaios da Mata Atl\u00e2ntica, o chamado PAN dos Papagaios, que envolve o papagaio-de-peito-roxo e outras quatros esp\u00e9cies de papagaios (papagaio-char\u00e3o, papagaio-de-cara-roxa, papagaio-verdadeiro e chau\u00e1) \u2013 sendo que todas elas j\u00e1 tiveram iniciativas apoiadas pela Funda\u00e7\u00e3o\u201d, destaca Nunes.<br \/>\n<span class=\"intertit\">Sobre a Funda\u00e7\u00e3o Grupo Botic\u00e1rio<\/span><br \/>\nA Funda\u00e7\u00e3o Grupo Botic\u00e1rio de Prote\u00e7\u00e3o \u00e0 Natureza \u00e9 uma organiza\u00e7\u00e3o sem fins lucrativos cuja miss\u00e3o \u00e9 promover e realizar a\u00e7\u00f5es de conserva\u00e7\u00e3o da natureza. Criada em 1990 por iniciativa do fundador de O Botic\u00e1rio, Miguel Krigsner, a atua\u00e7\u00e3o da Funda\u00e7\u00e3o Grupo Botic\u00e1rio \u00e9 nacional e suas a\u00e7\u00f5es incluem prote\u00e7\u00e3o de \u00e1reas naturais, apoio a projetos de outras institui\u00e7\u00f5es e dissemina\u00e7\u00e3o de conhecimento. Desde a sua cria\u00e7\u00e3o, a Funda\u00e7\u00e3o Grupo Botic\u00e1rio j\u00e1 apoiou 1.510 projetos de 496 institui\u00e7\u00f5es em todo o Brasil. A institui\u00e7\u00e3o mant\u00e9m duas reservas naturais, a Reserva Natural Salto Morato, na Mata Atl\u00e2ntica; e a Reserva Natural Serra do Tombador, no Cerrado, os dois biomas mais amea\u00e7ados do pa\u00eds. Outra iniciativa \u00e9 um projeto pioneiro de pagamento por servi\u00e7os ambientais em regi\u00f5es de manancial, o O\u00e1sis. Na internet: www.fundacaogrupoboticario. org.br, www.twitter.com\/fund_boticario e www.facebook.com\/ fundacaogrupoboticario.<\/p>\n","protected":false},"excerpt":{"rendered":"<p>De abril a maio deste ano, pesquisadores do Projeto Char\u00e3o conclu\u00edram mais uma etapa para identificar a popula\u00e7\u00e3o total da esp\u00e9cie do papagaio-de-peito-roxo. Conhecido cientificamente como Amazona vinacea, o papagaio-de-peito-roxo \u00e9 uma das esp\u00e9cies da fauna silvestre t\u00edpica da Mata Atl\u00e2ntica que vem preocupando pesquisadores. Por causa da perda do seu habitat, principalmente das Florestas [&hellip;]<\/p>\n","protected":false},"author":4,"featured_media":0,"comment_status":"open","ping_status":"closed","sticky":false,"template":"","format":"standard","meta":{"_jetpack_newsletter_access":"","_jetpack_dont_email_post_to_subs":false,"_jetpack_newsletter_tier_id":0,"_jetpack_memberships_contains_paywalled_content":false,"_jetpack_feature_clip_id":0,"_jetpack_memberships_contains_paid_content":false,"footnotes":"","jetpack_post_was_ever_published":false},"categories":[2022],"tags":[],"class_list":["post-49994","post","type-post","status-publish","format-standard","hentry","category-notas"],"aioseo_notices":[],"aioseo_head":"\n\t\t<!-- All in One SEO 5.0.1.1 - aioseo.com -->\n\t<meta name=\"robots\" content=\"max-image-preview:large\" \/>\n\t<meta name=\"author\" content=\"da Reda\u00e7\u00e3o\"\/>\n\t<link rel=\"canonical\" href=\"https:\/\/www.jornalja.com.br\/arquivo\/projeto-amplia-censo-de-papagaios-de-peito-roxo-especie-ameacada-de-extincao\/\" \/>\n\t<meta name=\"generator\" content=\"All in One SEO (AIOSEO) 5.0.1.1\" \/>\n\t\t<meta property=\"og:locale\" content=\"pt_BR\" \/>\n\t\t<meta property=\"og:site_name\" content=\"Arquivo | Jornal J\u00c1 | Porto Alegre\" \/>\n\t\t<meta property=\"og:type\" content=\"article\" \/>\n\t\t<meta property=\"og:title\" content=\"Projeto amplia censo de papagaios-de-peito-roxo, esp\u00e9cie amea\u00e7ada de extin\u00e7\u00e3o | Arquivo\" \/>\n\t\t<meta property=\"og:url\" content=\"https:\/\/www.jornalja.com.br\/arquivo\/projeto-amplia-censo-de-papagaios-de-peito-roxo-especie-ameacada-de-extincao\/\" \/>\n\t\t<meta property=\"og:image\" content=\"https:\/\/www.jornalja.com.br\/economics\/wp-content\/uploads\/sites\/11\/2026\/08\/ja-folhaderosto-facebook.jpg\" \/>\n\t\t<meta property=\"og:image:secure_url\" content=\"https:\/\/www.jornalja.com.br\/economics\/wp-content\/uploads\/sites\/11\/2026\/08\/ja-folhaderosto-facebook.jpg\" \/>\n\t\t<meta property=\"article:published_time\" content=\"2017-06-14T19:21:55+00:00\" \/>\n\t\t<meta property=\"article:modified_time\" content=\"2017-06-14T19:21:55+00:00\" \/>\n\t\t<meta name=\"twitter:card\" content=\"summary\" \/>\n\t\t<meta name=\"twitter:title\" content=\"Projeto amplia censo de papagaios-de-peito-roxo, esp\u00e9cie amea\u00e7ada de extin\u00e7\u00e3o | Arquivo\" \/>\n\t\t<meta name=\"twitter:image\" content=\"https:\/\/www.jornalja.com.br\/economics\/wp-content\/uploads\/sites\/11\/2026\/08\/ja-folhaderosto-facebook.jpg\" \/>\n\t\t<script type=\"application\/ld+json\" class=\"aioseo-schema\">\n\t\t\t{\"@context\":\"https:\\\/\\\/schema.org\",\"@graph\":[{\"@type\":\"BlogPosting\",\"@id\":\"https:\\\/\\\/www.jornalja.com.br\\\/arquivo\\\/projeto-amplia-censo-de-papagaios-de-peito-roxo-especie-ameacada-de-extincao\\\/#blogposting\",\"name\":\"Projeto amplia censo de papagaios-de-peito-roxo, esp\\u00e9cie amea\\u00e7ada de extin\\u00e7\\u00e3o | Arquivo\",\"headline\":\"Projeto amplia censo de papagaios-de-peito-roxo, esp\\u00e9cie amea\\u00e7ada de extin\\u00e7\\u00e3o\",\"author\":{\"@id\":\"https:\\\/\\\/www.jornalja.com.br\\\/arquivo\\\/author\\\/daredacao\\\/#author\"},\"publisher\":{\"@id\":\"https:\\\/\\\/www.jornalja.com.br\\\/arquivo\\\/#organization\"},\"image\":{\"@type\":\"ImageObject\",\"url\":\"https:\\\/\\\/www.jornalja.com.br\\\/wp-content\\\/uploads\\\/cards\\\/JAslogan.png\",\"@id\":\"https:\\\/\\\/www.jornalja.com.br\\\/arquivo\\\/#articleImage\"},\"datePublished\":\"2017-06-14T16:21:55-03:00\",\"dateModified\":\"2017-06-14T16:21:55-03:00\",\"inLanguage\":\"pt-BR\",\"mainEntityOfPage\":{\"@id\":\"https:\\\/\\\/www.jornalja.com.br\\\/arquivo\\\/projeto-amplia-censo-de-papagaios-de-peito-roxo-especie-ameacada-de-extincao\\\/#webpage\"},\"isPartOf\":{\"@id\":\"https:\\\/\\\/www.jornalja.com.br\\\/arquivo\\\/projeto-amplia-censo-de-papagaios-de-peito-roxo-especie-ameacada-de-extincao\\\/#webpage\"},\"articleSection\":\"NOTAS\"},{\"@type\":\"BreadcrumbList\",\"@id\":\"https:\\\/\\\/www.jornalja.com.br\\\/arquivo\\\/projeto-amplia-censo-de-papagaios-de-peito-roxo-especie-ameacada-de-extincao\\\/#breadcrumblist\",\"itemListElement\":[{\"@type\":\"ListItem\",\"@id\":\"https:\\\/\\\/www.jornalja.com.br\\\/arquivo#listItem\",\"position\":1,\"name\":\"Home\",\"item\":\"https:\\\/\\\/www.jornalja.com.br\\\/arquivo\",\"nextItem\":{\"@type\":\"ListItem\",\"@id\":\"https:\\\/\\\/www.jornalja.com.br\\\/arquivo\\\/category\\\/notas\\\/#listItem\",\"name\":\"NOTAS\"}},{\"@type\":\"ListItem\",\"@id\":\"https:\\\/\\\/www.jornalja.com.br\\\/arquivo\\\/category\\\/notas\\\/#listItem\",\"position\":2,\"name\":\"NOTAS\",\"item\":\"https:\\\/\\\/www.jornalja.com.br\\\/arquivo\\\/category\\\/notas\\\/\",\"nextItem\":{\"@type\":\"ListItem\",\"@id\":\"https:\\\/\\\/www.jornalja.com.br\\\/arquivo\\\/projeto-amplia-censo-de-papagaios-de-peito-roxo-especie-ameacada-de-extincao\\\/#listItem\",\"name\":\"Projeto amplia censo de papagaios-de-peito-roxo, esp\\u00e9cie amea\\u00e7ada de extin\\u00e7\\u00e3o\"},\"previousItem\":{\"@type\":\"ListItem\",\"@id\":\"https:\\\/\\\/www.jornalja.com.br\\\/arquivo#listItem\",\"name\":\"Home\"}},{\"@type\":\"ListItem\",\"@id\":\"https:\\\/\\\/www.jornalja.com.br\\\/arquivo\\\/projeto-amplia-censo-de-papagaios-de-peito-roxo-especie-ameacada-de-extincao\\\/#listItem\",\"position\":3,\"name\":\"Projeto amplia censo de papagaios-de-peito-roxo, esp\\u00e9cie amea\\u00e7ada de extin\\u00e7\\u00e3o\",\"previousItem\":{\"@type\":\"ListItem\",\"@id\":\"https:\\\/\\\/www.jornalja.com.br\\\/arquivo\\\/category\\\/notas\\\/#listItem\",\"name\":\"NOTAS\"}}]},{\"@type\":\"Organization\",\"@id\":\"https:\\\/\\\/www.jornalja.com.br\\\/arquivo\\\/#organization\",\"name\":\"Jornal J\\u00c1\",\"description\":\"Jornal J\\u00c1 | Porto Alegre\",\"url\":\"https:\\\/\\\/www.jornalja.com.br\\\/arquivo\\\/\",\"telephone\":\"+555133307272\",\"logo\":{\"@type\":\"ImageObject\",\"url\":\"https:\\\/\\\/www.jornalja.com.br\\\/wp-content\\\/uploads\\\/cards\\\/JAslogan.png\",\"@id\":\"https:\\\/\\\/www.jornalja.com.br\\\/arquivo\\\/projeto-amplia-censo-de-papagaios-de-peito-roxo-especie-ameacada-de-extincao\\\/#organizationLogo\"},\"image\":{\"@id\":\"https:\\\/\\\/www.jornalja.com.br\\\/arquivo\\\/projeto-amplia-censo-de-papagaios-de-peito-roxo-especie-ameacada-de-extincao\\\/#organizationLogo\"}},{\"@type\":\"Person\",\"@id\":\"https:\\\/\\\/www.jornalja.com.br\\\/arquivo\\\/author\\\/daredacao\\\/#author\",\"url\":\"https:\\\/\\\/www.jornalja.com.br\\\/arquivo\\\/author\\\/daredacao\\\/\",\"name\":\"da Reda\\u00e7\\u00e3o\",\"image\":{\"@type\":\"ImageObject\",\"@id\":\"https:\\\/\\\/www.jornalja.com.br\\\/arquivo\\\/projeto-amplia-censo-de-papagaios-de-peito-roxo-especie-ameacada-de-extincao\\\/#authorImage\",\"url\":\"https:\\\/\\\/secure.gravatar.com\\\/avatar\\\/469fd857d6605ad19919d27ed29d35a968a25f6e8fd9318356bbb7f57aae9c65?s=96&d=mm&r=g\",\"width\":96,\"height\":96,\"caption\":\"da Reda\\u00e7\\u00e3o\"}},{\"@type\":\"WebPage\",\"@id\":\"https:\\\/\\\/www.jornalja.com.br\\\/arquivo\\\/projeto-amplia-censo-de-papagaios-de-peito-roxo-especie-ameacada-de-extincao\\\/#webpage\",\"url\":\"https:\\\/\\\/www.jornalja.com.br\\\/arquivo\\\/projeto-amplia-censo-de-papagaios-de-peito-roxo-especie-ameacada-de-extincao\\\/\",\"name\":\"Projeto amplia censo de papagaios-de-peito-roxo, esp\\u00e9cie amea\\u00e7ada de extin\\u00e7\\u00e3o | Arquivo\",\"inLanguage\":\"pt-BR\",\"isPartOf\":{\"@id\":\"https:\\\/\\\/www.jornalja.com.br\\\/arquivo\\\/#website\"},\"breadcrumb\":{\"@id\":\"https:\\\/\\\/www.jornalja.com.br\\\/arquivo\\\/projeto-amplia-censo-de-papagaios-de-peito-roxo-especie-ameacada-de-extincao\\\/#breadcrumblist\"},\"author\":{\"@id\":\"https:\\\/\\\/www.jornalja.com.br\\\/arquivo\\\/author\\\/daredacao\\\/#author\"},\"creator\":{\"@id\":\"https:\\\/\\\/www.jornalja.com.br\\\/arquivo\\\/author\\\/daredacao\\\/#author\"},\"datePublished\":\"2017-06-14T16:21:55-03:00\",\"dateModified\":\"2017-06-14T16:21:55-03:00\"},{\"@type\":\"WebSite\",\"@id\":\"https:\\\/\\\/www.jornalja.com.br\\\/arquivo\\\/#website\",\"url\":\"https:\\\/\\\/www.jornalja.com.br\\\/arquivo\\\/\",\"name\":\"Arquivo\",\"description\":\"Jornal J\\u00c1 | Porto Alegre\",\"inLanguage\":\"pt-BR\",\"publisher\":{\"@id\":\"https:\\\/\\\/www.jornalja.com.br\\\/arquivo\\\/#organization\"}}]}\n\t\t<\/script>\n\t\t<!-- All in One SEO -->\n\n","aioseo_head_json":{"title":"Projeto amplia censo de papagaios-de-peito-roxo, esp\u00e9cie amea\u00e7ada de extin\u00e7\u00e3o | Arquivo","description":"","canonical_url":"https:\/\/www.jornalja.com.br\/arquivo\/projeto-amplia-censo-de-papagaios-de-peito-roxo-especie-ameacada-de-extincao\/","robots":"max-image-preview:large","keywords":"","webmasterTools":{"miscellaneous":""},"schema":{"@context":"https:\/\/schema.org","@graph":[{"@type":"BlogPosting","@id":"https:\/\/www.jornalja.com.br\/arquivo\/projeto-amplia-censo-de-papagaios-de-peito-roxo-especie-ameacada-de-extincao\/#blogposting","name":"Projeto amplia censo de papagaios-de-peito-roxo, esp\u00e9cie amea\u00e7ada de extin\u00e7\u00e3o | Arquivo","headline":"Projeto amplia censo de papagaios-de-peito-roxo, esp\u00e9cie amea\u00e7ada de extin\u00e7\u00e3o","author":{"@id":"https:\/\/www.jornalja.com.br\/arquivo\/author\/daredacao\/#author"},"publisher":{"@id":"https:\/\/www.jornalja.com.br\/arquivo\/#organization"},"image":{"@type":"ImageObject","url":"https:\/\/www.jornalja.com.br\/wp-content\/uploads\/cards\/JAslogan.png","@id":"https:\/\/www.jornalja.com.br\/arquivo\/#articleImage"},"datePublished":"2017-06-14T16:21:55-03:00","dateModified":"2017-06-14T16:21:55-03:00","inLanguage":"pt-BR","mainEntityOfPage":{"@id":"https:\/\/www.jornalja.com.br\/arquivo\/projeto-amplia-censo-de-papagaios-de-peito-roxo-especie-ameacada-de-extincao\/#webpage"},"isPartOf":{"@id":"https:\/\/www.jornalja.com.br\/arquivo\/projeto-amplia-censo-de-papagaios-de-peito-roxo-especie-ameacada-de-extincao\/#webpage"},"articleSection":"NOTAS"},{"@type":"BreadcrumbList","@id":"https:\/\/www.jornalja.com.br\/arquivo\/projeto-amplia-censo-de-papagaios-de-peito-roxo-especie-ameacada-de-extincao\/#breadcrumblist","itemListElement":[{"@type":"ListItem","@id":"https:\/\/www.jornalja.com.br\/arquivo#listItem","position":1,"name":"Home","item":"https:\/\/www.jornalja.com.br\/arquivo","nextItem":{"@type":"ListItem","@id":"https:\/\/www.jornalja.com.br\/arquivo\/category\/notas\/#listItem","name":"NOTAS"}},{"@type":"ListItem","@id":"https:\/\/www.jornalja.com.br\/arquivo\/category\/notas\/#listItem","position":2,"name":"NOTAS","item":"https:\/\/www.jornalja.com.br\/arquivo\/category\/notas\/","nextItem":{"@type":"ListItem","@id":"https:\/\/www.jornalja.com.br\/arquivo\/projeto-amplia-censo-de-papagaios-de-peito-roxo-especie-ameacada-de-extincao\/#listItem","name":"Projeto amplia censo de papagaios-de-peito-roxo, esp\u00e9cie amea\u00e7ada de extin\u00e7\u00e3o"},"previousItem":{"@type":"ListItem","@id":"https:\/\/www.jornalja.com.br\/arquivo#listItem","name":"Home"}},{"@type":"ListItem","@id":"https:\/\/www.jornalja.com.br\/arquivo\/projeto-amplia-censo-de-papagaios-de-peito-roxo-especie-ameacada-de-extincao\/#listItem","position":3,"name":"Projeto amplia censo de papagaios-de-peito-roxo, esp\u00e9cie amea\u00e7ada de extin\u00e7\u00e3o","previousItem":{"@type":"ListItem","@id":"https:\/\/www.jornalja.com.br\/arquivo\/category\/notas\/#listItem","name":"NOTAS"}}]},{"@type":"Organization","@id":"https:\/\/www.jornalja.com.br\/arquivo\/#organization","name":"Jornal J\u00c1","description":"Jornal J\u00c1 | Porto Alegre","url":"https:\/\/www.jornalja.com.br\/arquivo\/","telephone":"+555133307272","logo":{"@type":"ImageObject","url":"https:\/\/www.jornalja.com.br\/wp-content\/uploads\/cards\/JAslogan.png","@id":"https:\/\/www.jornalja.com.br\/arquivo\/projeto-amplia-censo-de-papagaios-de-peito-roxo-especie-ameacada-de-extincao\/#organizationLogo"},"image":{"@id":"https:\/\/www.jornalja.com.br\/arquivo\/projeto-amplia-censo-de-papagaios-de-peito-roxo-especie-ameacada-de-extincao\/#organizationLogo"}},{"@type":"Person","@id":"https:\/\/www.jornalja.com.br\/arquivo\/author\/daredacao\/#author","url":"https:\/\/www.jornalja.com.br\/arquivo\/author\/daredacao\/","name":"da Reda\u00e7\u00e3o","image":{"@type":"ImageObject","@id":"https:\/\/www.jornalja.com.br\/arquivo\/projeto-amplia-censo-de-papagaios-de-peito-roxo-especie-ameacada-de-extincao\/#authorImage","url":"https:\/\/secure.gravatar.com\/avatar\/469fd857d6605ad19919d27ed29d35a968a25f6e8fd9318356bbb7f57aae9c65?s=96&d=mm&r=g","width":96,"height":96,"caption":"da Reda\u00e7\u00e3o"}},{"@type":"WebPage","@id":"https:\/\/www.jornalja.com.br\/arquivo\/projeto-amplia-censo-de-papagaios-de-peito-roxo-especie-ameacada-de-extincao\/#webpage","url":"https:\/\/www.jornalja.com.br\/arquivo\/projeto-amplia-censo-de-papagaios-de-peito-roxo-especie-ameacada-de-extincao\/","name":"Projeto amplia censo de papagaios-de-peito-roxo, esp\u00e9cie amea\u00e7ada de extin\u00e7\u00e3o | Arquivo","inLanguage":"pt-BR","isPartOf":{"@id":"https:\/\/www.jornalja.com.br\/arquivo\/#website"},"breadcrumb":{"@id":"https:\/\/www.jornalja.com.br\/arquivo\/projeto-amplia-censo-de-papagaios-de-peito-roxo-especie-ameacada-de-extincao\/#breadcrumblist"},"author":{"@id":"https:\/\/www.jornalja.com.br\/arquivo\/author\/daredacao\/#author"},"creator":{"@id":"https:\/\/www.jornalja.com.br\/arquivo\/author\/daredacao\/#author"},"datePublished":"2017-06-14T16:21:55-03:00","dateModified":"2017-06-14T16:21:55-03:00"},{"@type":"WebSite","@id":"https:\/\/www.jornalja.com.br\/arquivo\/#website","url":"https:\/\/www.jornalja.com.br\/arquivo\/","name":"Arquivo","description":"Jornal J\u00c1 | Porto Alegre","inLanguage":"pt-BR","publisher":{"@id":"https:\/\/www.jornalja.com.br\/arquivo\/#organization"}}]},"og:locale":"pt_BR","og:site_name":"Arquivo | Jornal J\u00c1 | Porto Alegre","og:type":"article","og:title":"Projeto amplia censo de papagaios-de-peito-roxo, esp\u00e9cie amea\u00e7ada de extin\u00e7\u00e3o | Arquivo","og:url":"https:\/\/www.jornalja.com.br\/arquivo\/projeto-amplia-censo-de-papagaios-de-peito-roxo-especie-ameacada-de-extincao\/","og:image":"https:\/\/www.jornalja.com.br\/economics\/wp-content\/uploads\/sites\/11\/2026\/08\/ja-folhaderosto-facebook.jpg","og:image:secure_url":"https:\/\/www.jornalja.com.br\/economics\/wp-content\/uploads\/sites\/11\/2026\/08\/ja-folhaderosto-facebook.jpg","article:published_time":"2017-06-14T19:21:55+00:00","article:modified_time":"2017-06-14T19:21:55+00:00","twitter:card":"summary","twitter:title":"Projeto amplia censo de papagaios-de-peito-roxo, esp\u00e9cie amea\u00e7ada de extin\u00e7\u00e3o | Arquivo","twitter:image":"https:\/\/www.jornalja.com.br\/economics\/wp-content\/uploads\/sites\/11\/2026\/08\/ja-folhaderosto-facebook.jpg"},"aioseo_meta_data":{"post_id":"49994","title":null,"description":null,"keywords":null,"keyphrases":null,"primary_term":null,"canonical_url":null,"og_title":null,"og_description":null,"og_object_type":"default","og_image_type":"default","og_image_url":null,"og_image_width":null,"og_image_height":null,"og_image_custom_url":null,"og_image_custom_fields":null,"og_video":null,"og_custom_url":null,"og_article_section":null,"og_article_tags":null,"twitter_use_og":false,"twitter_card":"default","twitter_image_type":"default","twitter_image_url":null,"twitter_image_custom_url":null,"twitter_image_custom_fields":null,"twitter_title":null,"twitter_description":null,"schema":{"blockGraphs":[],"customGraphs":[],"default":{"data":{"Article":[],"Course":[],"Dataset":[],"FAQPage":[],"Movie":[],"Person":[],"Product":[],"ProductReview":[],"Car":[],"Recipe":[],"Service":[],"SoftwareApplication":[],"WebPage":[]},"graphName":"","isEnabled":true},"graphs":[]},"schema_type":null,"schema_type_options":null,"pillar_content":false,"robots_default":true,"robots_noindex":false,"robots_noarchive":false,"robots_nosnippet":false,"robots_nofollow":false,"robots_noimageindex":false,"robots_noodp":false,"robots_notranslate":false,"robots_max_snippet":null,"robots_max_videopreview":null,"robots_max_imagepreview":"large","priority":null,"frequency":null,"location":null,"local_seo":null,"breadcrumb_settings":null,"limit_modified_date":false,"ai":null,"created":"2020-12-20 20:32:00","updated":"2025-07-19 22:12:36","seo_analyzer_scan_date":null,"focus_keyword":null,"additional_keywords":null,"truseo_locale":null},"jetpack_sharing_enabled":true,"jetpack-related-posts":[{"id":12960,"url":"https:\/\/www.jornalja.com.br\/arquivo\/populacao-culpa-empresas-pela-greve-dos-rodoviarios\/","url_meta":{"origin":49994,"position":0},"title":"Popula\u00e7\u00e3o culpa empresas pela greve","author":"Patr\u00edcia Marini","date":"14 de fevereiro de 2014","format":false,"excerpt":"Pesquisa divulgada na edi\u00e7\u00e3o do jornal Metro desta sexta-feira,14, comprova o velho ditado: \u00e9 poss\u00edvel enganar muitos por algum tempo, mas n\u00e3o \u00e9 poss\u00edvel enganar a todos o tempo inteiro. A principal revela\u00e7\u00e3o foi que 59,8% dos entrevistados apontaram as empresas como as principais respons\u00e1veis pela grave e 46% culparam\u2026","rel":"","context":"Em &quot;X.Categorias velhas&quot;","block_context":{"text":"X.Categorias velhas","link":"https:\/\/www.jornalja.com.br\/arquivo\/category\/x-categorias-velhas\/"},"img":{"alt_text":"","src":"","width":0,"height":0},"classes":[]},{"id":13128,"url":"https:\/\/www.jornalja.com.br\/arquivo\/maconha-terra-diz-que-uso-medicinal-e-desculpa\/","url_meta":{"origin":49994,"position":1},"title":"Maconha: Terra diz que uso medicinal \u00e9 desculpa","author":"Patr\u00edcia Marini","date":"4 de junho de 2014","format":false,"excerpt":"A condi\u00e7\u00e3o de pol\u00edtico, em \u00e9poca de campanha de campanha eleitoral, tira for\u00e7a do discurso do m\u00e9dico Osmar Terra contra a legaliza\u00e7\u00e3o da maconha. A tese dele de que a libera\u00e7\u00e3o vai ampliar exponencialmente o consumo \u00e9 discutivel, o consumo \u00e9 corrente. Mas seus alertas quanto aos riscos tem que\u2026","rel":"","context":"Em &quot;X.Categorias velhas&quot;","block_context":{"text":"X.Categorias velhas","link":"https:\/\/www.jornalja.com.br\/arquivo\/category\/x-categorias-velhas\/"},"img":{"alt_text":"","src":"","width":0,"height":0},"classes":[]},{"id":13109,"url":"https:\/\/www.jornalja.com.br\/arquivo\/judiciario-reconhece-poluicao-eletromagnetica\/","url_meta":{"origin":49994,"position":2},"title":"Judici\u00e1rio reconhece polui\u00e7\u00e3o eletromagn\u00e9tica","author":"Patr\u00edcia Marini","date":"16 de maio de 2014","format":false,"excerpt":"A\u00e7\u00e3o de duas associa\u00e7\u00f5es de moradores foi acolhida pelo Tribunal de Justi\u00e7a de S\u00e3o Paulo que. em decis\u00e3o in\u00e9dita, determinou a redu\u00e7\u00e3o do campo eletromagn\u00e9tico gerado pelas linhas de transmiss\u00e3o de energia que cortam os bairros City Boa\u00e7ava e Alto de Pinheiros. \u00c9 a primeira vez que um tribunal do\u2026","rel":"","context":"Em &quot;X.Categorias velhas&quot;","block_context":{"text":"X.Categorias velhas","link":"https:\/\/www.jornalja.com.br\/arquivo\/category\/x-categorias-velhas\/"},"img":{"alt_text":"","src":"","width":0,"height":0},"classes":[]},{"id":13240,"url":"https:\/\/www.jornalja.com.br\/arquivo\/plano-diretor-estamos-construindo-o-caos\/","url_meta":{"origin":49994,"position":3},"title":"Plano diretor: &quot;Estamos construindo o caos&quot;","author":"Patr\u00edcia Marini","date":"26 de maio de 2014","format":false,"excerpt":"Desabafo que arquiteta Eliana Castilhos, delegada da Regi\u00e3o de Planejamento 1, postou nas redes sociais \u00e9 um testemunho do ambiente que se criou no Conselho do Plano Diretor de Porto Alegre, onde a aprova\u00e7\u00e3o de grandes empreendimentos \u00e9 empurrada guela abaixo dos conselheiros. Ao CMDUA Como delegada da Regi\u00e3o de\u2026","rel":"","context":"Em &quot;Geral&quot;","block_context":{"text":"Geral","link":"https:\/\/www.jornalja.com.br\/arquivo\/category\/geral\/"},"img":{"alt_text":"","src":"","width":0,"height":0},"classes":[]},{"id":13124,"url":"https:\/\/www.jornalja.com.br\/arquivo\/sangue-latino-no-iecine\/","url_meta":{"origin":49994,"position":4},"title":"Sangue latino no IECINE","author":"da Reda\u00e7\u00e3o","date":"18 de maio de 2014","format":false,"excerpt":"Francisco Ribeiro O Instituto Estadual de Cinema (IECINE) tem a frente, desde abril \u00faltimo, um novo diretor, o cineasta colombiano Juan Zapata, 36, que substitui Luiz Alberto Cassol. Radicado h\u00e1 dez anos em Porto Alegre, Zapata tem diante de si o desafio de conduzir at\u00e9 o final do ano um\u2026","rel":"","context":"Em &quot;Cultura-Geral&quot;","block_context":{"text":"Cultura-Geral","link":"https:\/\/www.jornalja.com.br\/arquivo\/category\/materiasecundaria\/"},"img":{"alt_text":"","src":"","width":0,"height":0},"classes":[]},{"id":13101,"url":"https:\/\/www.jornalja.com.br\/arquivo\/morre-um-guerreiro-do-texto\/","url_meta":{"origin":49994,"position":5},"title":"Morre um guerreiro do texto","author":"Patr\u00edcia Marini","date":"14 de maio de 2014","format":false,"excerpt":"Por Ricardo Kotscho Reproduzido do blog do autor, 11\/5\/2014; t\u00edtulo original \u201cE l\u00e1 se foi o nosso Myltainho, guerreiro do texto\u201d. Mi\u00fado e franzino, meu amigo Myltainho era um valente e inconformado guerreiro na luta contra as injusti\u00e7as sociais, a hipocrisia, as maracutaias, o autoritarismo, a intoler\u00e2ncia, a viol\u00eancia, o\u2026","rel":"","context":"Em &quot;Geral&quot;","block_context":{"text":"Geral","link":"https:\/\/www.jornalja.com.br\/arquivo\/category\/geral\/"},"img":{"alt_text":"","src":"","width":0,"height":0},"classes":[]}],"jetpack_shortlink":"https:\/\/wp.me\/pbQjBd-d0m","jetpack_featured_media_url":"","_links":{"self":[{"href":"https:\/\/www.jornalja.com.br\/arquivo\/wp-json\/wp\/v2\/posts\/49994","targetHints":{"allow":["GET"]}}],"collection":[{"href":"https:\/\/www.jornalja.com.br\/arquivo\/wp-json\/wp\/v2\/posts"}],"about":[{"href":"https:\/\/www.jornalja.com.br\/arquivo\/wp-json\/wp\/v2\/types\/post"}],"author":[{"embeddable":true,"href":"https:\/\/www.jornalja.com.br\/arquivo\/wp-json\/wp\/v2\/users\/4"}],"replies":[{"embeddable":true,"href":"https:\/\/www.jornalja.com.br\/arquivo\/wp-json\/wp\/v2\/comments?post=49994"}],"version-history":[{"count":0,"href":"https:\/\/www.jornalja.com.br\/arquivo\/wp-json\/wp\/v2\/posts\/49994\/revisions"}],"wp:attachment":[{"href":"https:\/\/www.jornalja.com.br\/arquivo\/wp-json\/wp\/v2\/media?parent=49994"}],"wp:term":[{"taxonomy":"category","embeddable":true,"href":"https:\/\/www.jornalja.com.br\/arquivo\/wp-json\/wp\/v2\/categories?post=49994"},{"taxonomy":"post_tag","embeddable":true,"href":"https:\/\/www.jornalja.com.br\/arquivo\/wp-json\/wp\/v2\/tags?post=49994"}],"curies":[{"name":"wp","href":"https:\/\/api.w.org\/{rel}","templated":true}]}}