{"id":50012,"date":"2017-06-14T17:30:24","date_gmt":"2017-06-14T20:30:24","guid":{"rendered":"https:\/\/www.jornalja.com.br\/?p=50012"},"modified":"2017-06-14T17:30:24","modified_gmt":"2017-06-14T20:30:24","slug":"a-fe-e-os-negocios-viajando-de-aviao-com-executivos-e-etnografando-o-cotidiano","status":"publish","type":"post","link":"https:\/\/www.jornalja.com.br\/arquivo\/a-fe-e-os-negocios-viajando-de-aviao-com-executivos-e-etnografando-o-cotidiano\/","title":{"rendered":"A f\u00e9 e os neg\u00f3cios: viajando de avi\u00e3o com executivos e etnografando o cotidiano"},"content":{"rendered":"<p><span class=\"assina\">Mar\u00edlia ver\u00edssimo Veronese<\/span><br \/>\nCen\u00e1rio: voo de S\u00e3o Paulo para Porto Alegre, cedo da manh\u00e3. Entro no avi\u00e3o, sento e me recosto na poltrona, sonolenta. Tr\u00eas executivos de terno, conversando em forte sotaque paulistano, est\u00e3o sentados atr\u00e1s de mim. A princ\u00edpio, penso que espero que se calem, porque quero descansar e o \u2018convers\u00ea\u2019 me incomoda. Mas a um ponto do assunto deles, a conversa chama a aten\u00e7\u00e3o da pesquisadora &#8211; que nunca dorme e sempre tem caneta e papel na bolsa. Come\u00e7o a achar de tanto interesse sociol\u00f3gico que anoto algumas partes para n\u00e3o esquecer, pensando em registrar aquela curiosa confabula\u00e7\u00e3o. O registro que segue \u00e9 proto-etnogr\u00e1fico e do cotidiano, mas achei-o deveras espantoso. Porque as gentes s\u00e3o mesmo espantosas, n\u00e3o \u00e9 mesmo? Segue abaixo um registro emp\u00edrico ainda sem an\u00e1lise. Aceitam-se contribui\u00e7\u00f5es e dicas de an\u00e1lises do discurso, pois ando sem tempo para abrir novas frentes.<br \/>\nVou enumerar os 3 sujeitos falantes pela sua posi\u00e7\u00e3o nas 3 poltronas que ocupavam no avi\u00e3o da LATAM, contando do corredor para a janelinha. Dilemas \u00e9ticos n\u00e3o me parecem existir com esta publiciza\u00e7\u00e3o, pois eles n\u00e3o s\u00e3o identificados; n\u00e3o sei seus nomes e sequer gravei a imagem de seus rostos. Em 1 hora e 15 min de viagem isso nem seria poss\u00edvel. Chamavam-se pelos primeiros nomes que, obviamente, n\u00e3o repetirei. Espiei-os ao levantar da poltrona, eles que nem desconfiavam que eu anotara algumas das suas frases e express\u00f5es, e enxerguei tr\u00eas homens de neg\u00f3cios de terno e gravata, com smartphones e notebooks modernosos em punho. Vamos a alguns fragmentos interessantes da conversa:<br \/>\n1-Em Porto Alegre n\u00e3o vai ter heliporto&#8230; (muxoxo). Cara, estou gastando quarent\u00e3o por m\u00eas s\u00f3 pra ir e voltar do escrit\u00f3rio.<br \/>\n2-Mas agora acabou o stress&#8230;<br \/>\n1-Sim, com isso acabou o stress.<br \/>\n[Nota da pesquisadora: Fico pensando se \u201cquarent\u00e3o\u201d \u00e9 40 mil reais, sem ter certeza disso. Desperto e fico escutando, os tons de voz se elevam acima do barulho do avi\u00e3o.]<br \/>\nTagarelam sobre v\u00e1rios t\u00f3picos dos neg\u00f3cios e das empresas, at\u00e9 que chegam no tema da \u201creligiosidade\u201d como parte da vida de um empres\u00e1rio. A controv\u00e9rsia se estabelece entre eles: \u201cUniversal\u201d ou \u201cAssembleia de Deus\u201d? O participante 2 prefere a Assembleia, ao que o 3 lhe responde:<br \/>\n3-Vc pode julgar a Universal, mas eu s\u00f3 te pe\u00e7o que v\u00e1 na segunda-feira ao templo de Salom\u00e3o&#8230; \u00e9 um congresso, tem toda a segunda-feira as 10:30h. Segundo andar. \u00c9 um congresso para o sucesso, claro que baseado na Palavra. Busca a sabedoria para os neg\u00f3cios. Vc sai de l\u00e1 pronto pra batalha! Trabalha na mente, n\u00e3o no cora\u00e7\u00e3o. Age direto na mente e ela desperta: Isso \u00e9 revela\u00e7\u00e3o. Faz sentido, \u00e9 racional, uma f\u00e9 racional. Abre a vis\u00e3o, \u00e9 voltado \u00e0 mente, \u00e0 racionalidade do fiel. Isso liberta a mente.<br \/>\n2-Mas eu acho umas coisas l\u00e1 meio exageradas&#8230; assim, no meu entender, n\u00e3o fecham com racionalidade!<br \/>\n3-\u00c9 que na quarta-feira j\u00e1 e outra coisa, voltado a baixar o espirito santo, a\u00ed pode parecer exagerado. Pra vc tem de ser o da segunda-feira. Vai, vc n\u00e3o vai se arrepender. Deus responde, leva poucos dias. Revela\u00e7\u00e3o que vem da palavra, da prega\u00e7\u00e3o, mas voltada \u00e0 pratica e aplicada aos neg\u00f3cios. \u00c9 como n\u00f3s falamos nas empresas: quem est\u00e1 dentro, n\u00e3o v\u00ea a realidade com clareza, quem vem de fora, v\u00ea. O gerente est\u00e1 imerso nos problemas, n\u00e3o identifica; a gente vem de fora e aponta, verifica com mais facilidade o problema e a solu\u00e7\u00e3o. \u00c9 assim com o seu problema, no congresso; o pastor enxerga e mostra, atrav\u00e9s da Palavra.<br \/>\n2-Mas e a coisa do dinheiro, n\u00e3o \u00e9 meio exagerada?<br \/>\n3-Tem fiel que vai todo dia e pega desafio todo dia. A\u00ed claro que gasta muito; n\u00e3o d\u00e1 pra fazer na emo\u00e7\u00e3o, tem de calcular. Eu pego um desafio e espero uns 20 dias, espero ser respondido &#8211; e sempre sou, Jesus e o Esp\u00edrito Santo n\u00e3o falham nunca! -, a\u00ed pego outro&#8230; vou dosando [deduzo que \u201cpegar desafio\u201d \u00e9 dar dinheiro por alguma realiza\u00e7\u00e3o]. O pr\u00f3prio pastor critica a ideia de \u201cbarganha\u201d. At\u00e9 o bispo Edir j\u00e1 criticou. Isso n\u00e3o \u00e9 uma barganha, \u00e9 para a obra do SENHOR e ele te responde. Eu penso assim, a cada desafio: \u201cSenhor, \u00c9 para a sua obra e serei recompensado\u201d. E sou, e volto. \u00c9 quest\u00e3o de despertar, orar&#8230;! Mas tem de se controlar, n\u00e3o pode dar assim na emo\u00e7\u00e3o, que depois pode fazer falta se o fiel \u00e9 humilde.<br \/>\n2-[meio em d\u00favida] \u00e9, respeito seu ponto de vista. Aquilo l\u00e1 eu acho que \u00e9 uma empresa, e com disciplina militar. Tem muita hierarquia, \u201csim sr., n\u00e3o sr.\u201d; Todo mundo uniformizado&#8230; ainda acho meio exagerado&#8230;<br \/>\n3-E s\u00f3 admira\u00e7\u00e3o, s\u00f3 respeito, s\u00f3 devo\u00e7\u00e3o, o que te parece militarismo.<br \/>\n2-Mas essa parte dos desafios, a gra\u00e7a&#8230; a gente vai receber a gra\u00e7a assim, autom\u00e1tico? N\u00e3o seria uma esp\u00e9cie de barganha?<br \/>\n3-Quando Salom\u00e3o pega o reinado \u2018quebrado\u2019 de Davi, o que ele faz? Um desafio! No mesmo instante Deus apareceu para Salom\u00e3o. T\u00e1 na b\u00edblia, cara, claro como \u00e1gua! S\u00f3 n\u00e3o v\u00ea quem n\u00e3o quer! Quem est\u00e1 estragado pelas empulha\u00e7\u00f5es&#8230; Satan\u00e1s mata a f\u00e9, as pessoas est\u00e3o enfermas na f\u00e9&#8230; Hoje n\u00e3o \u00e9 morte real, como nos tempos b\u00edblicos, mas morte espiritual. Morrem espiritualmente. Veja bem, a b\u00edblia mostra que \u00e9 de Deus \u201cdar para as obras\u201d. E o que \u00e9 o altar? Lugar de doa\u00e7\u00e3o! Mas hoje quem doa no altar \u00e9 criticado, quase apedrejado! Quem pede doa\u00e7\u00e3o no altar \u00e9 chamado de desonesto! Tanta champanhe pra Iemanj\u00e1 e ningu\u00e9m fala nada&#8230; J\u00e1 vi pai de santo dando 15.000 reais de champanhe pra Iemanj\u00e1 e ningu\u00e9m falando nada dele! Tem certas coisas que s\u00e3o sat\u00e2nicas! Mas a gente entende&#8230;, sabe como \u00e9&#8230; emo\u00e7\u00e3o, fundo de po\u00e7o, inferno, quando a gente n\u00e3o v\u00ea o espirito santo? O templo t\u00e1 l\u00e1 pra isso, cara! \u00c9 transformador! Qualquer um pode ir e se descobrir. Redirecionar a mente e a vida.<br \/>\n1-Eu sou judeu e fico fora dessa conversa a\u00ed! (rindo).<br \/>\n3-N\u00f3s vamos levar o F. l\u00e1! (bem humorado).<br \/>\n2-Uma coisa \u00e9 neg\u00f3cio, outra coisa&#8230; (inaud\u00edvel). Mas tem lugar que eu n\u00e3o piso nem morto. Na igreja cat\u00f3lica eu n\u00e3o piso! Nem pra assistir casamento!<br \/>\n3-Olha, eu piso e n\u00e3o me contamino. Depende do que t\u00e1 dentro de vc. Fui convidado pra padrinho de casamento de uma parente, eu fui. \u00c9 a f\u00e9 dela, eu respeito. Eu tenho tudo muito firme e certo dentro de mim, posso ir sem ter problemas por isso. Mas enfim, cara, se vc for no congresso e obedecer, tudo vai fazer sentido, voc\u00ea vai ver. Como eu falo pra alguns irm\u00e3os que t\u00eam l\u00e1, pra despertar sua racionalidade, digo: \u201cIrm\u00e3o, isso n\u00e3o \u00e9 racional. A f\u00e9 tem de ser racional\u201d.<br \/>\nDepois voltam a falar de neg\u00f3cios, programa das visitas \u00e0s empresas, onde o carro os buscaria etc.<br \/>\nResumindo a \u00f3pera matinal, era isso. Aguardo os psic\u00f3logos, soci\u00f3logos e antrop\u00f3logos da religi\u00e3o para coment\u00e1rios elucidativos sobre a conversa. Eu ainda estou meio zonza.<br \/>\n&nbsp;<br \/>\n&nbsp;<br \/>\n&nbsp;<\/p>\n","protected":false},"excerpt":{"rendered":"<p>Mar\u00edlia ver\u00edssimo Veronese Cen\u00e1rio: voo de S\u00e3o Paulo para Porto Alegre, cedo da manh\u00e3. Entro no avi\u00e3o, sento e me recosto na poltrona, sonolenta. Tr\u00eas executivos de terno, conversando em forte sotaque paulistano, est\u00e3o sentados atr\u00e1s de mim. A princ\u00edpio, penso que espero que se calem, porque quero descansar e o \u2018convers\u00ea\u2019 me incomoda. Mas [&hellip;]<\/p>\n","protected":false},"author":4,"featured_media":50014,"comment_status":"open","ping_status":"closed","sticky":false,"template":"","format":"standard","meta":{"_jetpack_newsletter_access":"","_jetpack_dont_email_post_to_subs":false,"_jetpack_newsletter_tier_id":0,"_jetpack_memberships_contains_paywalled_content":false,"_jetpack_feature_clip_id":0,"_jetpack_memberships_contains_paid_content":false,"footnotes":"","jetpack_post_was_ever_published":false},"categories":[2011,2012],"tags":[],"class_list":["post-50012","post","type-post","status-publish","format-standard","has-post-thumbnail","hentry","category-destaque","category-debates"],"aioseo_notices":[],"aioseo_head":"\n\t\t<!-- All in One SEO 5.0.1.1 - aioseo.com -->\n\t<meta name=\"robots\" content=\"max-image-preview:large\" \/>\n\t<meta name=\"author\" content=\"da Reda\u00e7\u00e3o\"\/>\n\t<link rel=\"canonical\" href=\"https:\/\/www.jornalja.com.br\/arquivo\/a-fe-e-os-negocios-viajando-de-aviao-com-executivos-e-etnografando-o-cotidiano\/\" \/>\n\t<meta name=\"generator\" content=\"All in One SEO (AIOSEO) 5.0.1.1\" \/>\n\t\t<meta property=\"og:locale\" content=\"pt_BR\" \/>\n\t\t<meta property=\"og:site_name\" content=\"Arquivo | Jornal J\u00c1 | Porto Alegre\" \/>\n\t\t<meta property=\"og:type\" content=\"article\" \/>\n\t\t<meta property=\"og:title\" content=\"A f\u00e9 e os neg\u00f3cios: viajando de avi\u00e3o com executivos e etnografando o cotidiano | Arquivo\" \/>\n\t\t<meta property=\"og:url\" content=\"https:\/\/www.jornalja.com.br\/arquivo\/a-fe-e-os-negocios-viajando-de-aviao-com-executivos-e-etnografando-o-cotidiano\/\" \/>\n\t\t<meta property=\"og:image\" content=\"https:\/\/www.jornalja.com.br\/economics\/wp-content\/uploads\/sites\/11\/2026\/08\/ja-folhaderosto-facebook.jpg\" \/>\n\t\t<meta property=\"og:image:secure_url\" content=\"https:\/\/www.jornalja.com.br\/economics\/wp-content\/uploads\/sites\/11\/2026\/08\/ja-folhaderosto-facebook.jpg\" \/>\n\t\t<meta property=\"article:published_time\" content=\"2017-06-14T20:30:24+00:00\" \/>\n\t\t<meta property=\"article:modified_time\" content=\"2017-06-14T20:30:24+00:00\" \/>\n\t\t<meta name=\"twitter:card\" content=\"summary\" \/>\n\t\t<meta name=\"twitter:title\" content=\"A f\u00e9 e os neg\u00f3cios: viajando de avi\u00e3o com executivos e etnografando o cotidiano | Arquivo\" \/>\n\t\t<meta name=\"twitter:image\" content=\"https:\/\/www.jornalja.com.br\/economics\/wp-content\/uploads\/sites\/11\/2026\/08\/ja-folhaderosto-facebook.jpg\" \/>\n\t\t<script type=\"application\/ld+json\" class=\"aioseo-schema\">\n\t\t\t{\"@context\":\"https:\\\/\\\/schema.org\",\"@graph\":[{\"@type\":\"BlogPosting\",\"@id\":\"https:\\\/\\\/www.jornalja.com.br\\\/arquivo\\\/a-fe-e-os-negocios-viajando-de-aviao-com-executivos-e-etnografando-o-cotidiano\\\/#blogposting\",\"name\":\"A f\\u00e9 e os neg\\u00f3cios: viajando de avi\\u00e3o com executivos e etnografando o cotidiano | Arquivo\",\"headline\":\"A f\\u00e9 e os neg\\u00f3cios: viajando de avi\\u00e3o com executivos e etnografando o cotidiano\",\"author\":{\"@id\":\"https:\\\/\\\/www.jornalja.com.br\\\/arquivo\\\/author\\\/daredacao\\\/#author\"},\"publisher\":{\"@id\":\"https:\\\/\\\/www.jornalja.com.br\\\/arquivo\\\/#organization\"},\"image\":{\"@type\":\"ImageObject\",\"url\":50014},\"datePublished\":\"2017-06-14T17:30:24-03:00\",\"dateModified\":\"2017-06-14T17:30:24-03:00\",\"inLanguage\":\"pt-BR\",\"commentCount\":3,\"mainEntityOfPage\":{\"@id\":\"https:\\\/\\\/www.jornalja.com.br\\\/arquivo\\\/a-fe-e-os-negocios-viajando-de-aviao-com-executivos-e-etnografando-o-cotidiano\\\/#webpage\"},\"isPartOf\":{\"@id\":\"https:\\\/\\\/www.jornalja.com.br\\\/arquivo\\\/a-fe-e-os-negocios-viajando-de-aviao-com-executivos-e-etnografando-o-cotidiano\\\/#webpage\"},\"articleSection\":\"CDD-artigo em destaque, HOTSITE Comit\\u00ea pela Democracia\"},{\"@type\":\"BreadcrumbList\",\"@id\":\"https:\\\/\\\/www.jornalja.com.br\\\/arquivo\\\/a-fe-e-os-negocios-viajando-de-aviao-com-executivos-e-etnografando-o-cotidiano\\\/#breadcrumblist\",\"itemListElement\":[{\"@type\":\"ListItem\",\"@id\":\"https:\\\/\\\/www.jornalja.com.br\\\/arquivo#listItem\",\"position\":1,\"name\":\"Home\",\"item\":\"https:\\\/\\\/www.jornalja.com.br\\\/arquivo\",\"nextItem\":{\"@type\":\"ListItem\",\"@id\":\"https:\\\/\\\/www.jornalja.com.br\\\/arquivo\\\/category\\\/destaque\\\/#listItem\",\"name\":\"CDD-artigo em destaque\"}},{\"@type\":\"ListItem\",\"@id\":\"https:\\\/\\\/www.jornalja.com.br\\\/arquivo\\\/category\\\/destaque\\\/#listItem\",\"position\":2,\"name\":\"CDD-artigo em destaque\",\"item\":\"https:\\\/\\\/www.jornalja.com.br\\\/arquivo\\\/category\\\/destaque\\\/\",\"nextItem\":{\"@type\":\"ListItem\",\"@id\":\"https:\\\/\\\/www.jornalja.com.br\\\/arquivo\\\/a-fe-e-os-negocios-viajando-de-aviao-com-executivos-e-etnografando-o-cotidiano\\\/#listItem\",\"name\":\"A f\\u00e9 e os neg\\u00f3cios: viajando de avi\\u00e3o com executivos e etnografando o cotidiano\"},\"previousItem\":{\"@type\":\"ListItem\",\"@id\":\"https:\\\/\\\/www.jornalja.com.br\\\/arquivo#listItem\",\"name\":\"Home\"}},{\"@type\":\"ListItem\",\"@id\":\"https:\\\/\\\/www.jornalja.com.br\\\/arquivo\\\/a-fe-e-os-negocios-viajando-de-aviao-com-executivos-e-etnografando-o-cotidiano\\\/#listItem\",\"position\":3,\"name\":\"A f\\u00e9 e os neg\\u00f3cios: viajando de avi\\u00e3o com executivos e etnografando o cotidiano\",\"previousItem\":{\"@type\":\"ListItem\",\"@id\":\"https:\\\/\\\/www.jornalja.com.br\\\/arquivo\\\/category\\\/destaque\\\/#listItem\",\"name\":\"CDD-artigo em destaque\"}}]},{\"@type\":\"Organization\",\"@id\":\"https:\\\/\\\/www.jornalja.com.br\\\/arquivo\\\/#organization\",\"name\":\"Jornal J\\u00c1\",\"description\":\"Jornal J\\u00c1 | Porto Alegre\",\"url\":\"https:\\\/\\\/www.jornalja.com.br\\\/arquivo\\\/\",\"telephone\":\"+555133307272\",\"logo\":{\"@type\":\"ImageObject\",\"url\":\"https:\\\/\\\/www.jornalja.com.br\\\/wp-content\\\/uploads\\\/cards\\\/JAslogan.png\",\"@id\":\"https:\\\/\\\/www.jornalja.com.br\\\/arquivo\\\/a-fe-e-os-negocios-viajando-de-aviao-com-executivos-e-etnografando-o-cotidiano\\\/#organizationLogo\"},\"image\":{\"@id\":\"https:\\\/\\\/www.jornalja.com.br\\\/arquivo\\\/a-fe-e-os-negocios-viajando-de-aviao-com-executivos-e-etnografando-o-cotidiano\\\/#organizationLogo\"}},{\"@type\":\"Person\",\"@id\":\"https:\\\/\\\/www.jornalja.com.br\\\/arquivo\\\/author\\\/daredacao\\\/#author\",\"url\":\"https:\\\/\\\/www.jornalja.com.br\\\/arquivo\\\/author\\\/daredacao\\\/\",\"name\":\"da Reda\\u00e7\\u00e3o\",\"image\":{\"@type\":\"ImageObject\",\"@id\":\"https:\\\/\\\/www.jornalja.com.br\\\/arquivo\\\/a-fe-e-os-negocios-viajando-de-aviao-com-executivos-e-etnografando-o-cotidiano\\\/#authorImage\",\"url\":\"https:\\\/\\\/secure.gravatar.com\\\/avatar\\\/469fd857d6605ad19919d27ed29d35a968a25f6e8fd9318356bbb7f57aae9c65?s=96&d=mm&r=g\",\"width\":96,\"height\":96,\"caption\":\"da Reda\\u00e7\\u00e3o\"}},{\"@type\":\"WebPage\",\"@id\":\"https:\\\/\\\/www.jornalja.com.br\\\/arquivo\\\/a-fe-e-os-negocios-viajando-de-aviao-com-executivos-e-etnografando-o-cotidiano\\\/#webpage\",\"url\":\"https:\\\/\\\/www.jornalja.com.br\\\/arquivo\\\/a-fe-e-os-negocios-viajando-de-aviao-com-executivos-e-etnografando-o-cotidiano\\\/\",\"name\":\"A f\\u00e9 e os neg\\u00f3cios: viajando de avi\\u00e3o com executivos e etnografando o cotidiano | Arquivo\",\"inLanguage\":\"pt-BR\",\"isPartOf\":{\"@id\":\"https:\\\/\\\/www.jornalja.com.br\\\/arquivo\\\/#website\"},\"breadcrumb\":{\"@id\":\"https:\\\/\\\/www.jornalja.com.br\\\/arquivo\\\/a-fe-e-os-negocios-viajando-de-aviao-com-executivos-e-etnografando-o-cotidiano\\\/#breadcrumblist\"},\"author\":{\"@id\":\"https:\\\/\\\/www.jornalja.com.br\\\/arquivo\\\/author\\\/daredacao\\\/#author\"},\"creator\":{\"@id\":\"https:\\\/\\\/www.jornalja.com.br\\\/arquivo\\\/author\\\/daredacao\\\/#author\"},\"image\":{\"@type\":\"ImageObject\",\"url\":50014,\"@id\":\"https:\\\/\\\/www.jornalja.com.br\\\/arquivo\\\/a-fe-e-os-negocios-viajando-de-aviao-com-executivos-e-etnografando-o-cotidiano\\\/#mainImage\"},\"primaryImageOfPage\":{\"@id\":\"https:\\\/\\\/www.jornalja.com.br\\\/arquivo\\\/a-fe-e-os-negocios-viajando-de-aviao-com-executivos-e-etnografando-o-cotidiano\\\/#mainImage\"},\"datePublished\":\"2017-06-14T17:30:24-03:00\",\"dateModified\":\"2017-06-14T17:30:24-03:00\"},{\"@type\":\"WebSite\",\"@id\":\"https:\\\/\\\/www.jornalja.com.br\\\/arquivo\\\/#website\",\"url\":\"https:\\\/\\\/www.jornalja.com.br\\\/arquivo\\\/\",\"name\":\"Arquivo\",\"description\":\"Jornal J\\u00c1 | Porto Alegre\",\"inLanguage\":\"pt-BR\",\"publisher\":{\"@id\":\"https:\\\/\\\/www.jornalja.com.br\\\/arquivo\\\/#organization\"}}]}\n\t\t<\/script>\n\t\t<!-- All in One SEO -->\n\n","aioseo_head_json":{"title":"A f\u00e9 e os neg\u00f3cios: viajando de avi\u00e3o com executivos e etnografando o cotidiano | Arquivo","description":"","canonical_url":"https:\/\/www.jornalja.com.br\/arquivo\/a-fe-e-os-negocios-viajando-de-aviao-com-executivos-e-etnografando-o-cotidiano\/","robots":"max-image-preview:large","keywords":"","webmasterTools":{"miscellaneous":""},"schema":{"@context":"https:\/\/schema.org","@graph":[{"@type":"BlogPosting","@id":"https:\/\/www.jornalja.com.br\/arquivo\/a-fe-e-os-negocios-viajando-de-aviao-com-executivos-e-etnografando-o-cotidiano\/#blogposting","name":"A f\u00e9 e os neg\u00f3cios: viajando de avi\u00e3o com executivos e etnografando o cotidiano | Arquivo","headline":"A f\u00e9 e os neg\u00f3cios: viajando de avi\u00e3o com executivos e etnografando o cotidiano","author":{"@id":"https:\/\/www.jornalja.com.br\/arquivo\/author\/daredacao\/#author"},"publisher":{"@id":"https:\/\/www.jornalja.com.br\/arquivo\/#organization"},"image":{"@type":"ImageObject","url":50014},"datePublished":"2017-06-14T17:30:24-03:00","dateModified":"2017-06-14T17:30:24-03:00","inLanguage":"pt-BR","commentCount":3,"mainEntityOfPage":{"@id":"https:\/\/www.jornalja.com.br\/arquivo\/a-fe-e-os-negocios-viajando-de-aviao-com-executivos-e-etnografando-o-cotidiano\/#webpage"},"isPartOf":{"@id":"https:\/\/www.jornalja.com.br\/arquivo\/a-fe-e-os-negocios-viajando-de-aviao-com-executivos-e-etnografando-o-cotidiano\/#webpage"},"articleSection":"CDD-artigo em destaque, HOTSITE Comit\u00ea pela Democracia"},{"@type":"BreadcrumbList","@id":"https:\/\/www.jornalja.com.br\/arquivo\/a-fe-e-os-negocios-viajando-de-aviao-com-executivos-e-etnografando-o-cotidiano\/#breadcrumblist","itemListElement":[{"@type":"ListItem","@id":"https:\/\/www.jornalja.com.br\/arquivo#listItem","position":1,"name":"Home","item":"https:\/\/www.jornalja.com.br\/arquivo","nextItem":{"@type":"ListItem","@id":"https:\/\/www.jornalja.com.br\/arquivo\/category\/destaque\/#listItem","name":"CDD-artigo em destaque"}},{"@type":"ListItem","@id":"https:\/\/www.jornalja.com.br\/arquivo\/category\/destaque\/#listItem","position":2,"name":"CDD-artigo em destaque","item":"https:\/\/www.jornalja.com.br\/arquivo\/category\/destaque\/","nextItem":{"@type":"ListItem","@id":"https:\/\/www.jornalja.com.br\/arquivo\/a-fe-e-os-negocios-viajando-de-aviao-com-executivos-e-etnografando-o-cotidiano\/#listItem","name":"A f\u00e9 e os neg\u00f3cios: viajando de avi\u00e3o com executivos e etnografando o cotidiano"},"previousItem":{"@type":"ListItem","@id":"https:\/\/www.jornalja.com.br\/arquivo#listItem","name":"Home"}},{"@type":"ListItem","@id":"https:\/\/www.jornalja.com.br\/arquivo\/a-fe-e-os-negocios-viajando-de-aviao-com-executivos-e-etnografando-o-cotidiano\/#listItem","position":3,"name":"A f\u00e9 e os neg\u00f3cios: viajando de avi\u00e3o com executivos e etnografando o cotidiano","previousItem":{"@type":"ListItem","@id":"https:\/\/www.jornalja.com.br\/arquivo\/category\/destaque\/#listItem","name":"CDD-artigo em destaque"}}]},{"@type":"Organization","@id":"https:\/\/www.jornalja.com.br\/arquivo\/#organization","name":"Jornal J\u00c1","description":"Jornal J\u00c1 | Porto Alegre","url":"https:\/\/www.jornalja.com.br\/arquivo\/","telephone":"+555133307272","logo":{"@type":"ImageObject","url":"https:\/\/www.jornalja.com.br\/wp-content\/uploads\/cards\/JAslogan.png","@id":"https:\/\/www.jornalja.com.br\/arquivo\/a-fe-e-os-negocios-viajando-de-aviao-com-executivos-e-etnografando-o-cotidiano\/#organizationLogo"},"image":{"@id":"https:\/\/www.jornalja.com.br\/arquivo\/a-fe-e-os-negocios-viajando-de-aviao-com-executivos-e-etnografando-o-cotidiano\/#organizationLogo"}},{"@type":"Person","@id":"https:\/\/www.jornalja.com.br\/arquivo\/author\/daredacao\/#author","url":"https:\/\/www.jornalja.com.br\/arquivo\/author\/daredacao\/","name":"da Reda\u00e7\u00e3o","image":{"@type":"ImageObject","@id":"https:\/\/www.jornalja.com.br\/arquivo\/a-fe-e-os-negocios-viajando-de-aviao-com-executivos-e-etnografando-o-cotidiano\/#authorImage","url":"https:\/\/secure.gravatar.com\/avatar\/469fd857d6605ad19919d27ed29d35a968a25f6e8fd9318356bbb7f57aae9c65?s=96&d=mm&r=g","width":96,"height":96,"caption":"da Reda\u00e7\u00e3o"}},{"@type":"WebPage","@id":"https:\/\/www.jornalja.com.br\/arquivo\/a-fe-e-os-negocios-viajando-de-aviao-com-executivos-e-etnografando-o-cotidiano\/#webpage","url":"https:\/\/www.jornalja.com.br\/arquivo\/a-fe-e-os-negocios-viajando-de-aviao-com-executivos-e-etnografando-o-cotidiano\/","name":"A f\u00e9 e os neg\u00f3cios: viajando de avi\u00e3o com executivos e etnografando o cotidiano | Arquivo","inLanguage":"pt-BR","isPartOf":{"@id":"https:\/\/www.jornalja.com.br\/arquivo\/#website"},"breadcrumb":{"@id":"https:\/\/www.jornalja.com.br\/arquivo\/a-fe-e-os-negocios-viajando-de-aviao-com-executivos-e-etnografando-o-cotidiano\/#breadcrumblist"},"author":{"@id":"https:\/\/www.jornalja.com.br\/arquivo\/author\/daredacao\/#author"},"creator":{"@id":"https:\/\/www.jornalja.com.br\/arquivo\/author\/daredacao\/#author"},"image":{"@type":"ImageObject","url":50014,"@id":"https:\/\/www.jornalja.com.br\/arquivo\/a-fe-e-os-negocios-viajando-de-aviao-com-executivos-e-etnografando-o-cotidiano\/#mainImage"},"primaryImageOfPage":{"@id":"https:\/\/www.jornalja.com.br\/arquivo\/a-fe-e-os-negocios-viajando-de-aviao-com-executivos-e-etnografando-o-cotidiano\/#mainImage"},"datePublished":"2017-06-14T17:30:24-03:00","dateModified":"2017-06-14T17:30:24-03:00"},{"@type":"WebSite","@id":"https:\/\/www.jornalja.com.br\/arquivo\/#website","url":"https:\/\/www.jornalja.com.br\/arquivo\/","name":"Arquivo","description":"Jornal J\u00c1 | Porto Alegre","inLanguage":"pt-BR","publisher":{"@id":"https:\/\/www.jornalja.com.br\/arquivo\/#organization"}}]},"og:locale":"pt_BR","og:site_name":"Arquivo | Jornal J\u00c1 | Porto Alegre","og:type":"article","og:title":"A f\u00e9 e os neg\u00f3cios: viajando de avi\u00e3o com executivos e etnografando o cotidiano | Arquivo","og:url":"https:\/\/www.jornalja.com.br\/arquivo\/a-fe-e-os-negocios-viajando-de-aviao-com-executivos-e-etnografando-o-cotidiano\/","og:image":"https:\/\/www.jornalja.com.br\/economics\/wp-content\/uploads\/sites\/11\/2026\/08\/ja-folhaderosto-facebook.jpg","og:image:secure_url":"https:\/\/www.jornalja.com.br\/economics\/wp-content\/uploads\/sites\/11\/2026\/08\/ja-folhaderosto-facebook.jpg","article:published_time":"2017-06-14T20:30:24+00:00","article:modified_time":"2017-06-14T20:30:24+00:00","twitter:card":"summary","twitter:title":"A f\u00e9 e os neg\u00f3cios: viajando de avi\u00e3o com executivos e etnografando o cotidiano | Arquivo","twitter:image":"https:\/\/www.jornalja.com.br\/economics\/wp-content\/uploads\/sites\/11\/2026\/08\/ja-folhaderosto-facebook.jpg"},"aioseo_meta_data":{"post_id":"50012","title":null,"description":null,"keywords":null,"keyphrases":null,"primary_term":null,"canonical_url":null,"og_title":null,"og_description":null,"og_object_type":"default","og_image_type":"default","og_image_url":null,"og_image_width":null,"og_image_height":null,"og_image_custom_url":null,"og_image_custom_fields":null,"og_video":null,"og_custom_url":null,"og_article_section":null,"og_article_tags":null,"twitter_use_og":false,"twitter_card":"default","twitter_image_type":"default","twitter_image_url":null,"twitter_image_custom_url":null,"twitter_image_custom_fields":null,"twitter_title":null,"twitter_description":null,"schema":{"blockGraphs":[],"customGraphs":[],"default":{"data":{"Article":[],"Course":[],"Dataset":[],"FAQPage":[],"Movie":[],"Person":[],"Product":[],"ProductReview":[],"Car":[],"Recipe":[],"Service":[],"SoftwareApplication":[],"WebPage":[]},"graphName":"","isEnabled":true},"graphs":[]},"schema_type":null,"schema_type_options":null,"pillar_content":false,"robots_default":true,"robots_noindex":false,"robots_noarchive":false,"robots_nosnippet":false,"robots_nofollow":false,"robots_noimageindex":false,"robots_noodp":false,"robots_notranslate":false,"robots_max_snippet":null,"robots_max_videopreview":null,"robots_max_imagepreview":"large","priority":null,"frequency":null,"location":null,"local_seo":null,"breadcrumb_settings":null,"limit_modified_date":false,"ai":null,"created":"2020-12-20 20:32:00","updated":"2025-07-19 22:12:36","seo_analyzer_scan_date":null,"focus_keyword":null,"additional_keywords":null,"truseo_locale":null},"jetpack_sharing_enabled":true,"jetpack-related-posts":[{"id":5440,"url":"https:\/\/www.jornalja.com.br\/arquivo\/casarao-da-venancio-destino-permanece-incerto\/","url_meta":{"origin":50012,"position":0},"title":"Estado ainda n\u00e3o sabe o que fazer com casar\u00e3o abandonado h\u00e1 20 anos","author":"Elmar Bones","date":"6 de julho de 2009","format":false,"excerpt":"O casar\u00e3o amarelo, numa esquina nobre de Porto Alegre (Ven\u00e2ncio Aires com Jo\u00e3o Pessoa), j\u00e1 abrigou uma escola. H\u00e1 duas d\u00e9cadas, pelo menos, est\u00e1 abandonado, porque seu propriet\u00e1rio, o governo do Estado do Rio Grande do Sul, n\u00e3o consegue achar um destino para ele. Planos n\u00e3o faltaram. O governador Ol\u00edvio\u2026","rel":"","context":"Em &quot;X.Categorias velhas&quot;","block_context":{"text":"X.Categorias velhas","link":"https:\/\/www.jornalja.com.br\/arquivo\/category\/x-categorias-velhas\/"},"img":{"alt_text":"geraldo1","src":"https:\/\/i0.wp.com\/www.jornalja.com.br\/wp-content\/uploads\/2009\/07\/geraldo1.jpg?resize=350%2C200&ssl=1","width":350,"height":200},"classes":[]},{"id":13124,"url":"https:\/\/www.jornalja.com.br\/arquivo\/sangue-latino-no-iecine\/","url_meta":{"origin":50012,"position":1},"title":"Sangue latino no IECINE","author":"da Reda\u00e7\u00e3o","date":"18 de maio de 2014","format":false,"excerpt":"Francisco Ribeiro O Instituto Estadual de Cinema (IECINE) tem a frente, desde abril \u00faltimo, um novo diretor, o cineasta colombiano Juan Zapata, 36, que substitui Luiz Alberto Cassol. Radicado h\u00e1 dez anos em Porto Alegre, Zapata tem diante de si o desafio de conduzir at\u00e9 o final do ano um\u2026","rel":"","context":"Em &quot;Cultura-Geral&quot;","block_context":{"text":"Cultura-Geral","link":"https:\/\/www.jornalja.com.br\/arquivo\/category\/materiasecundaria\/"},"img":{"alt_text":"","src":"","width":0,"height":0},"classes":[]},{"id":13239,"url":"https:\/\/www.jornalja.com.br\/arquivo\/conselho-desdenha-do-plano-diretor\/","url_meta":{"origin":50012,"position":2},"title":"Porto Alegre: Conselho detona Plano Diretor","author":"Patr\u00edcia Marini","date":"25 de maio de 2014","format":false,"excerpt":"Den\u00fancia do arquiteto e \u00a0urbanista Ibir\u00e1 Santos Lucas. Ele diz que os conselheiros est\u00e3o votando com \"enorme irresponsabilidade\". \"Mudam regime com a maior naturalidade,,,regularizam absurdos de constru\u00e7\u00f5es irregulares... \"O CMDUA est\u00e1 flexibilizando a lei do plano diretor, de uma forma impactante na vida da cidade. Mudam regime com a maior\u2026","rel":"","context":"Em &quot;Geral&quot;","block_context":{"text":"Geral","link":"https:\/\/www.jornalja.com.br\/arquivo\/category\/geral\/"},"img":{"alt_text":"","src":"","width":0,"height":0},"classes":[]},{"id":13101,"url":"https:\/\/www.jornalja.com.br\/arquivo\/morre-um-guerreiro-do-texto\/","url_meta":{"origin":50012,"position":3},"title":"Morre um guerreiro do texto","author":"Patr\u00edcia Marini","date":"14 de maio de 2014","format":false,"excerpt":"Por Ricardo Kotscho Reproduzido do blog do autor, 11\/5\/2014; t\u00edtulo original \u201cE l\u00e1 se foi o nosso Myltainho, guerreiro do texto\u201d. Mi\u00fado e franzino, meu amigo Myltainho era um valente e inconformado guerreiro na luta contra as injusti\u00e7as sociais, a hipocrisia, as maracutaias, o autoritarismo, a intoler\u00e2ncia, a viol\u00eancia, o\u2026","rel":"","context":"Em &quot;Geral&quot;","block_context":{"text":"Geral","link":"https:\/\/www.jornalja.com.br\/arquivo\/category\/geral\/"},"img":{"alt_text":"","src":"","width":0,"height":0},"classes":[]},{"id":14241,"url":"https:\/\/www.jornalja.com.br\/arquivo\/o-guaiba-nas-imagens-poeticas-de-achutti\/","url_meta":{"origin":50012,"position":4},"title":"O Gua\u00edba nas imagens po\u00e9ticas de Achutti","author":"da Reda\u00e7\u00e3o","date":"18 de junho de 2014","format":false,"excerpt":"Em \u201cO Gua\u00edba por Achutti\u201d \u2013 obra financiada via Minist\u00e9rio da Cultura, produ\u00e7\u00e3o executiva de Pedro Longhi, e Fl\u00e1vio Wild como designer \u2013, o fot\u00f3grafo revela a beleza e as mazelas de um espa\u00e7o aqu\u00e1tico de \u00e1guas sempre renovadas, cheio de hist\u00f3rias e lendas como as das cidades que foram\u2026","rel":"","context":"Em &quot;Cultura-Geral&quot;","block_context":{"text":"Cultura-Geral","link":"https:\/\/www.jornalja.com.br\/arquivo\/category\/materiasecundaria\/"},"img":{"alt_text":"","src":"","width":0,"height":0},"classes":[]},{"id":13240,"url":"https:\/\/www.jornalja.com.br\/arquivo\/plano-diretor-estamos-construindo-o-caos\/","url_meta":{"origin":50012,"position":5},"title":"Plano diretor: &quot;Estamos construindo o caos&quot;","author":"Patr\u00edcia Marini","date":"26 de maio de 2014","format":false,"excerpt":"Desabafo que arquiteta Eliana Castilhos, delegada da Regi\u00e3o de Planejamento 1, postou nas redes sociais \u00e9 um testemunho do ambiente que se criou no Conselho do Plano Diretor de Porto Alegre, onde a aprova\u00e7\u00e3o de grandes empreendimentos \u00e9 empurrada guela abaixo dos conselheiros. Ao CMDUA Como delegada da Regi\u00e3o de\u2026","rel":"","context":"Em &quot;Geral&quot;","block_context":{"text":"Geral","link":"https:\/\/www.jornalja.com.br\/arquivo\/category\/geral\/"},"img":{"alt_text":"","src":"","width":0,"height":0},"classes":[]}],"jetpack_shortlink":"https:\/\/wp.me\/pbQjBd-d0E","jetpack_featured_media_url":"","_links":{"self":[{"href":"https:\/\/www.jornalja.com.br\/arquivo\/wp-json\/wp\/v2\/posts\/50012","targetHints":{"allow":["GET"]}}],"collection":[{"href":"https:\/\/www.jornalja.com.br\/arquivo\/wp-json\/wp\/v2\/posts"}],"about":[{"href":"https:\/\/www.jornalja.com.br\/arquivo\/wp-json\/wp\/v2\/types\/post"}],"author":[{"embeddable":true,"href":"https:\/\/www.jornalja.com.br\/arquivo\/wp-json\/wp\/v2\/users\/4"}],"replies":[{"embeddable":true,"href":"https:\/\/www.jornalja.com.br\/arquivo\/wp-json\/wp\/v2\/comments?post=50012"}],"version-history":[{"count":0,"href":"https:\/\/www.jornalja.com.br\/arquivo\/wp-json\/wp\/v2\/posts\/50012\/revisions"}],"wp:attachment":[{"href":"https:\/\/www.jornalja.com.br\/arquivo\/wp-json\/wp\/v2\/media?parent=50012"}],"wp:term":[{"taxonomy":"category","embeddable":true,"href":"https:\/\/www.jornalja.com.br\/arquivo\/wp-json\/wp\/v2\/categories?post=50012"},{"taxonomy":"post_tag","embeddable":true,"href":"https:\/\/www.jornalja.com.br\/arquivo\/wp-json\/wp\/v2\/tags?post=50012"}],"curies":[{"name":"wp","href":"https:\/\/api.w.org\/{rel}","templated":true}]}}