{"id":50019,"date":"2017-06-15T13:32:47","date_gmt":"2017-06-15T16:32:47","guid":{"rendered":"https:\/\/www.jornalja.com.br\/?p=50019"},"modified":"2017-06-15T13:32:47","modified_gmt":"2017-06-15T16:32:47","slug":"desocupacao-da-sefaz-apos-um-ano-dez-reus-respondem-a-processo","status":"publish","type":"post","link":"https:\/\/www.jornalja.com.br\/arquivo\/desocupacao-da-sefaz-apos-um-ano-dez-reus-respondem-a-processo\/","title":{"rendered":"Desocupa\u00e7\u00e3o da Sefaz: ap\u00f3s um ano, dez r\u00e9us respondem a processo"},"content":{"rendered":"<p>No dia 15 de junho de 2016, um grupo de estudantes ocupou a sede da Secretaria Estadual da Fazenda. O grupo representava parte do movimento que ocupou mais de cem escolas estaduais entre os meses de maio e junho. Na v\u00e9spera, um acordo firmado na Assembleia Legislativa exp\u00f4s uma divis\u00e3o existente desde o in\u00edcio do movimento.<br \/>\nDe um lado, estudantes ligados a entidades como UGES (Uni\u00e3o Ga\u00facha dos Estudantes Secundaristas), Juntos e UJS (Uni\u00e3o da Juventude Socialista) sentaram \u00e0 mesa com deputados da base e da oposi\u00e7\u00e3o e selaram o acordo para o fim das ocupa\u00e7\u00f5es, que \u00e0quela altura j\u00e1 vinham perdendo for\u00e7a. De outro lado, o CEI (Comit\u00ea das Escolas Independentes) n\u00e3o participou da negocia\u00e7\u00e3o e n\u00e3o se sentiu representado pelo acordo.<br \/>\nA manifesta\u00e7\u00e3o na Secretaria da Fazenda foi uma resposta do CEI. Os estudantes pediam uma audi\u00eancia com o governador Jos\u00e9 Ivo Sartori. A resposta veio em forma de um forte aparato policial. Em pouco tempo o pr\u00e9dio estava isolado.<br \/>\nN\u00e3o houve negocia\u00e7\u00e3o. A Brigada fixou prazo de dez minutos para que os estudantes se retirassem. A decis\u00e3o foi ficar at\u00e9 conseguir a audi\u00eancia.<br \/>\n<figure id=\"attachment_34969\" aria-describedby=\"caption-attachment-34969\" style=\"width: 298px\" class=\"wp-caption alignleft\"><img loading=\"lazy\" decoding=\"async\" class=\" wp-image-34969\" src=\"https:\/\/www.jornalja.com.br\/wp-content\/uploads\/2016\/06\/BMatac-estudantes.jpg\" alt=\"\" width=\"298\" height=\"217\" \/><figcaption id=\"caption-attachment-34969\" class=\"wp-caption-text\">A\u00e7\u00e3o da BM, com spray de pimenta no rosto dos estudantes |Foto de Aur\u00e9lio Foener<\/figcaption><\/figure><br \/>\nCerca de 40 estudantes sentaram no piso no sagu\u00e3o da Sefaz e deram-se os bra\u00e7os. Os brigadianos arrancaram um a um puxando pelas pernas, bra\u00e7os, roupas. Os sprays de pimenta foram usados indiscriminadamente, diretamente nos rostos dos jovens, a curta dist\u00e2ncia. Durante a retirada, houve relatos de agress\u00f5es contra meninos e meninas.<br \/>\nO saldo da manh\u00e3 foi de 43 pessoas detidas. Entre os detidos, estava <a href=\"https:\/\/www.jornalja.com.br\/da-ocupacao-ao-presidio-central-o-relato-do-reporter\/\" target=\"_blank\" rel=\"noopener noreferrer\">o jornalista Matheus Chaparini<\/a>, que estava no local a trabalho, cobrindo o ato pelo Jornal J\u00c1.<br \/>\nChaparini foi o \u00fanico rep\u00f3rter a entrar no pr\u00e9dio. Al\u00e9m dele, o cineasta Kevin D\u2019arc, que produzia um document\u00e1rio sobre as ocupa\u00e7\u00f5es em diversos estados, tamb\u00e9m foi preso.<br \/>\nOs 33 menores foram conduzidos ao DECA (Departamento Estadual da Crian\u00e7a e do Adolescente) e liberados na presen\u00e7a dos pais. No caso dos menores, a Promotoria da Inf\u00e2ncia e da Juventude do Minist\u00e9rio P\u00fablico arquivou a den\u00fancia.<br \/>\nOs maiores de idade foram conduzidos algemados e acorrentados ao Pres\u00eddio Central, no caso dos homens, e ao Pres\u00eddio Madre Pelletier, no caso das mulheres.<br \/>\nNa Pol\u00edcia Civil, o inqu\u00e9rito ficou a cargo do delegado Omar Abud, que concluiu pelo <a href=\"https:\/\/www.jornalja.com.br\/reporter-e-estudantes-sao-indiciados-por-quatro-crimes\/\" target=\"_blank\" rel=\"noopener noreferrer\">indiciamento por quatro crimes<\/a>: dano qualificado ao patrim\u00f4nio, resist\u00eancia, associa\u00e7\u00e3o criminosa e obstru\u00e7\u00e3o ao trabalho.<br \/>\nNo Minist\u00e9rio P\u00fablico, o promotor Luis Felipe Tessheiner <a href=\"https:\/\/www.jornalja.com.br\/mp-denuncia-dez-por-ocupacao-da-sefaz-entre-eles-o-reporter-do-ja\/\" target=\"_blank\" rel=\"noopener noreferrer\">denunciou os dez por dois crimes<\/a>: dano qualificado e desobedi\u00eancia. A den\u00fancia foi apresentada sem que os acusados fossem ouvidos, ao contr\u00e1rio do compromisso firmado pelo ent\u00e3o sub-procurador de assuntos institucionais do MP, Fabiano Dallazen.<br \/>\nEm julho de 2016, os estudantes realizaram uma manifesta\u00e7\u00e3o em frente \u00e0 sede do \u00f3rg\u00e3o. Dalla Zen recebeu tr\u00eas representantes e <a href=\"https:\/\/www.jornalja.com.br\/mp-vai-ouvir-indiciados-pela-ocupacao-do-predio-da-secretaria-da-fazenda\/\" target=\"_blank\" rel=\"noopener noreferrer\">garantiu que o Minist\u00e9rio P\u00fablico ouviria os envolvidos<\/a> antes de se manifestar, o que n\u00e3o aconteceu.<br \/>\nA ju\u00edza Cl\u00e1udia Junqueira Sulzbach, da 9\u00aa Vara Criminal do Foro Central, <a href=\"https:\/\/www.jornalja.com.br\/__trashed-13\/\" target=\"_blank\" rel=\"noopener noreferrer\">acatou a den\u00fancia<\/a>. Com a abertura do processo criminal, os dez detidos se tornaram r\u00e9us na Justi\u00e7a.<br \/>\nUm ano ap\u00f3s o epis\u00f3dio, os dez maiores continuam respondendo a processo criminal pelos crimes de dano qualificado e desobedi\u00eancia.<br \/>\nO Pres\u00eddio Central teve seu nome alterado para Cadeia P\u00fablica de Porto Alegre. As p\u00e9ssimas condi\u00e7\u00f5es do pres\u00eddio superlotado, que j\u00e1 foi considerado pelo Congresso Nacional como o pior do pa\u00eds, n\u00e3o foram alteradas.<br \/>\nO agente que comandou a opera\u00e7\u00e3o de retirada dos estudantes, o capit\u00e3o Ederson Trajano, foi promovido. Major Trajano segue comandando opera\u00e7\u00f5es policias em manifesta\u00e7\u00f5es pol\u00edticas em Porto Alegre.<br \/>\nO <a href=\"https:\/\/www.jornalja.com.br\/prisao-de-delegado-expoe-envolvimento-de-policiais-com-o-crime\/\">delegado Omar Abud<\/a>, respons\u00e1vel pelo inqu\u00e9rito policial, foi preso recentemente. Com mais de 20 anos na carreira policial, Abud \u00e9 acusado de financiar uma quadrilha de roubo de cargas.<\/p>\n","protected":false},"excerpt":{"rendered":"<p>No dia 15 de junho de 2016, um grupo de estudantes ocupou a sede da Secretaria Estadual da Fazenda. O grupo representava parte do movimento que ocupou mais de cem escolas estaduais entre os meses de maio e junho. Na v\u00e9spera, um acordo firmado na Assembleia Legislativa exp\u00f4s uma divis\u00e3o existente desde o in\u00edcio do [&hellip;]<\/p>\n","protected":false},"author":4,"featured_media":34959,"comment_status":"open","ping_status":"closed","sticky":false,"template":"","format":"standard","meta":{"_jetpack_newsletter_access":"","_jetpack_dont_email_post_to_subs":false,"_jetpack_newsletter_tier_id":0,"_jetpack_memberships_contains_paywalled_content":false,"_jetpack_feature_clip_id":0,"_jetpack_memberships_contains_paid_content":false,"footnotes":"","jetpack_post_was_ever_published":false},"categories":[26],"tags":[],"class_list":["post-50019","post","type-post","status-publish","format-standard","has-post-thumbnail","hentry","category-geral"],"aioseo_notices":[],"aioseo_head":"\n\t\t<!-- All in One SEO 5.0.1.1 - aioseo.com -->\n\t<meta name=\"robots\" content=\"max-image-preview:large\" \/>\n\t<meta name=\"author\" content=\"da Reda\u00e7\u00e3o\"\/>\n\t<link rel=\"canonical\" href=\"https:\/\/www.jornalja.com.br\/arquivo\/desocupacao-da-sefaz-apos-um-ano-dez-reus-respondem-a-processo\/\" \/>\n\t<meta name=\"generator\" content=\"All in One SEO (AIOSEO) 5.0.1.1\" \/>\n\t\t<meta property=\"og:locale\" content=\"pt_BR\" \/>\n\t\t<meta property=\"og:site_name\" content=\"Arquivo | Jornal J\u00c1 | Porto Alegre\" \/>\n\t\t<meta property=\"og:type\" content=\"article\" \/>\n\t\t<meta property=\"og:title\" content=\"Desocupa\u00e7\u00e3o da Sefaz: ap\u00f3s um ano, dez r\u00e9us respondem a processo | Arquivo\" \/>\n\t\t<meta property=\"og:url\" content=\"https:\/\/www.jornalja.com.br\/arquivo\/desocupacao-da-sefaz-apos-um-ano-dez-reus-respondem-a-processo\/\" \/>\n\t\t<meta property=\"og:image\" content=\"https:\/\/www.jornalja.com.br\/wp-content\/uploads\/2016\/06\/BMatac-estudantes.jpg\" \/>\n\t\t<meta property=\"og:image:secure_url\" content=\"https:\/\/www.jornalja.com.br\/wp-content\/uploads\/2016\/06\/BMatac-estudantes.jpg\" \/>\n\t\t<meta property=\"article:published_time\" content=\"2017-06-15T16:32:47+00:00\" \/>\n\t\t<meta property=\"article:modified_time\" content=\"2017-06-15T16:32:47+00:00\" \/>\n\t\t<meta name=\"twitter:card\" content=\"summary\" \/>\n\t\t<meta name=\"twitter:title\" content=\"Desocupa\u00e7\u00e3o da Sefaz: ap\u00f3s um ano, dez r\u00e9us respondem a processo | Arquivo\" \/>\n\t\t<meta name=\"twitter:image\" content=\"https:\/\/www.jornalja.com.br\/economics\/wp-content\/uploads\/sites\/11\/2026\/08\/ja-folhaderosto-facebook.jpg\" \/>\n\t\t<script type=\"application\/ld+json\" class=\"aioseo-schema\">\n\t\t\t{\"@context\":\"https:\\\/\\\/schema.org\",\"@graph\":[{\"@type\":\"BlogPosting\",\"@id\":\"https:\\\/\\\/www.jornalja.com.br\\\/arquivo\\\/desocupacao-da-sefaz-apos-um-ano-dez-reus-respondem-a-processo\\\/#blogposting\",\"name\":\"Desocupa\\u00e7\\u00e3o da Sefaz: ap\\u00f3s um ano, dez r\\u00e9us respondem a processo | Arquivo\",\"headline\":\"Desocupa\\u00e7\\u00e3o da Sefaz: ap\\u00f3s um ano, dez r\\u00e9us respondem a processo\",\"author\":{\"@id\":\"https:\\\/\\\/www.jornalja.com.br\\\/arquivo\\\/author\\\/daredacao\\\/#author\"},\"publisher\":{\"@id\":\"https:\\\/\\\/www.jornalja.com.br\\\/arquivo\\\/#organization\"},\"image\":{\"@type\":\"ImageObject\",\"url\":34959},\"datePublished\":\"2017-06-15T13:32:47-03:00\",\"dateModified\":\"2017-06-15T13:32:47-03:00\",\"inLanguage\":\"pt-BR\",\"mainEntityOfPage\":{\"@id\":\"https:\\\/\\\/www.jornalja.com.br\\\/arquivo\\\/desocupacao-da-sefaz-apos-um-ano-dez-reus-respondem-a-processo\\\/#webpage\"},\"isPartOf\":{\"@id\":\"https:\\\/\\\/www.jornalja.com.br\\\/arquivo\\\/desocupacao-da-sefaz-apos-um-ano-dez-reus-respondem-a-processo\\\/#webpage\"},\"articleSection\":\"Geral\"},{\"@type\":\"BreadcrumbList\",\"@id\":\"https:\\\/\\\/www.jornalja.com.br\\\/arquivo\\\/desocupacao-da-sefaz-apos-um-ano-dez-reus-respondem-a-processo\\\/#breadcrumblist\",\"itemListElement\":[{\"@type\":\"ListItem\",\"@id\":\"https:\\\/\\\/www.jornalja.com.br\\\/arquivo#listItem\",\"position\":1,\"name\":\"Home\",\"item\":\"https:\\\/\\\/www.jornalja.com.br\\\/arquivo\",\"nextItem\":{\"@type\":\"ListItem\",\"@id\":\"https:\\\/\\\/www.jornalja.com.br\\\/arquivo\\\/category\\\/geral\\\/#listItem\",\"name\":\"Geral\"}},{\"@type\":\"ListItem\",\"@id\":\"https:\\\/\\\/www.jornalja.com.br\\\/arquivo\\\/category\\\/geral\\\/#listItem\",\"position\":2,\"name\":\"Geral\",\"item\":\"https:\\\/\\\/www.jornalja.com.br\\\/arquivo\\\/category\\\/geral\\\/\",\"nextItem\":{\"@type\":\"ListItem\",\"@id\":\"https:\\\/\\\/www.jornalja.com.br\\\/arquivo\\\/desocupacao-da-sefaz-apos-um-ano-dez-reus-respondem-a-processo\\\/#listItem\",\"name\":\"Desocupa\\u00e7\\u00e3o da Sefaz: ap\\u00f3s um ano, dez r\\u00e9us respondem a processo\"},\"previousItem\":{\"@type\":\"ListItem\",\"@id\":\"https:\\\/\\\/www.jornalja.com.br\\\/arquivo#listItem\",\"name\":\"Home\"}},{\"@type\":\"ListItem\",\"@id\":\"https:\\\/\\\/www.jornalja.com.br\\\/arquivo\\\/desocupacao-da-sefaz-apos-um-ano-dez-reus-respondem-a-processo\\\/#listItem\",\"position\":3,\"name\":\"Desocupa\\u00e7\\u00e3o da Sefaz: ap\\u00f3s um ano, dez r\\u00e9us respondem a processo\",\"previousItem\":{\"@type\":\"ListItem\",\"@id\":\"https:\\\/\\\/www.jornalja.com.br\\\/arquivo\\\/category\\\/geral\\\/#listItem\",\"name\":\"Geral\"}}]},{\"@type\":\"Organization\",\"@id\":\"https:\\\/\\\/www.jornalja.com.br\\\/arquivo\\\/#organization\",\"name\":\"Jornal J\\u00c1\",\"description\":\"Jornal J\\u00c1 | Porto Alegre\",\"url\":\"https:\\\/\\\/www.jornalja.com.br\\\/arquivo\\\/\",\"telephone\":\"+555133307272\",\"logo\":{\"@type\":\"ImageObject\",\"url\":\"https:\\\/\\\/www.jornalja.com.br\\\/wp-content\\\/uploads\\\/cards\\\/JAslogan.png\",\"@id\":\"https:\\\/\\\/www.jornalja.com.br\\\/arquivo\\\/desocupacao-da-sefaz-apos-um-ano-dez-reus-respondem-a-processo\\\/#organizationLogo\"},\"image\":{\"@id\":\"https:\\\/\\\/www.jornalja.com.br\\\/arquivo\\\/desocupacao-da-sefaz-apos-um-ano-dez-reus-respondem-a-processo\\\/#organizationLogo\"}},{\"@type\":\"Person\",\"@id\":\"https:\\\/\\\/www.jornalja.com.br\\\/arquivo\\\/author\\\/daredacao\\\/#author\",\"url\":\"https:\\\/\\\/www.jornalja.com.br\\\/arquivo\\\/author\\\/daredacao\\\/\",\"name\":\"da Reda\\u00e7\\u00e3o\",\"image\":{\"@type\":\"ImageObject\",\"@id\":\"https:\\\/\\\/www.jornalja.com.br\\\/arquivo\\\/desocupacao-da-sefaz-apos-um-ano-dez-reus-respondem-a-processo\\\/#authorImage\",\"url\":\"https:\\\/\\\/secure.gravatar.com\\\/avatar\\\/469fd857d6605ad19919d27ed29d35a968a25f6e8fd9318356bbb7f57aae9c65?s=96&d=mm&r=g\",\"width\":96,\"height\":96,\"caption\":\"da Reda\\u00e7\\u00e3o\"}},{\"@type\":\"WebPage\",\"@id\":\"https:\\\/\\\/www.jornalja.com.br\\\/arquivo\\\/desocupacao-da-sefaz-apos-um-ano-dez-reus-respondem-a-processo\\\/#webpage\",\"url\":\"https:\\\/\\\/www.jornalja.com.br\\\/arquivo\\\/desocupacao-da-sefaz-apos-um-ano-dez-reus-respondem-a-processo\\\/\",\"name\":\"Desocupa\\u00e7\\u00e3o da Sefaz: ap\\u00f3s um ano, dez r\\u00e9us respondem a processo | Arquivo\",\"inLanguage\":\"pt-BR\",\"isPartOf\":{\"@id\":\"https:\\\/\\\/www.jornalja.com.br\\\/arquivo\\\/#website\"},\"breadcrumb\":{\"@id\":\"https:\\\/\\\/www.jornalja.com.br\\\/arquivo\\\/desocupacao-da-sefaz-apos-um-ano-dez-reus-respondem-a-processo\\\/#breadcrumblist\"},\"author\":{\"@id\":\"https:\\\/\\\/www.jornalja.com.br\\\/arquivo\\\/author\\\/daredacao\\\/#author\"},\"creator\":{\"@id\":\"https:\\\/\\\/www.jornalja.com.br\\\/arquivo\\\/author\\\/daredacao\\\/#author\"},\"image\":{\"@type\":\"ImageObject\",\"url\":34959,\"@id\":\"https:\\\/\\\/www.jornalja.com.br\\\/arquivo\\\/desocupacao-da-sefaz-apos-um-ano-dez-reus-respondem-a-processo\\\/#mainImage\"},\"primaryImageOfPage\":{\"@id\":\"https:\\\/\\\/www.jornalja.com.br\\\/arquivo\\\/desocupacao-da-sefaz-apos-um-ano-dez-reus-respondem-a-processo\\\/#mainImage\"},\"datePublished\":\"2017-06-15T13:32:47-03:00\",\"dateModified\":\"2017-06-15T13:32:47-03:00\"},{\"@type\":\"WebSite\",\"@id\":\"https:\\\/\\\/www.jornalja.com.br\\\/arquivo\\\/#website\",\"url\":\"https:\\\/\\\/www.jornalja.com.br\\\/arquivo\\\/\",\"name\":\"Arquivo\",\"description\":\"Jornal J\\u00c1 | Porto Alegre\",\"inLanguage\":\"pt-BR\",\"publisher\":{\"@id\":\"https:\\\/\\\/www.jornalja.com.br\\\/arquivo\\\/#organization\"}}]}\n\t\t<\/script>\n\t\t<!-- All in One SEO -->\n\n","aioseo_head_json":{"title":"Desocupa\u00e7\u00e3o da Sefaz: ap\u00f3s um ano, dez r\u00e9us respondem a processo | Arquivo","description":"","canonical_url":"https:\/\/www.jornalja.com.br\/arquivo\/desocupacao-da-sefaz-apos-um-ano-dez-reus-respondem-a-processo\/","robots":"max-image-preview:large","keywords":"","webmasterTools":{"miscellaneous":""},"schema":{"@context":"https:\/\/schema.org","@graph":[{"@type":"BlogPosting","@id":"https:\/\/www.jornalja.com.br\/arquivo\/desocupacao-da-sefaz-apos-um-ano-dez-reus-respondem-a-processo\/#blogposting","name":"Desocupa\u00e7\u00e3o da Sefaz: ap\u00f3s um ano, dez r\u00e9us respondem a processo | Arquivo","headline":"Desocupa\u00e7\u00e3o da Sefaz: ap\u00f3s um ano, dez r\u00e9us respondem a processo","author":{"@id":"https:\/\/www.jornalja.com.br\/arquivo\/author\/daredacao\/#author"},"publisher":{"@id":"https:\/\/www.jornalja.com.br\/arquivo\/#organization"},"image":{"@type":"ImageObject","url":34959},"datePublished":"2017-06-15T13:32:47-03:00","dateModified":"2017-06-15T13:32:47-03:00","inLanguage":"pt-BR","mainEntityOfPage":{"@id":"https:\/\/www.jornalja.com.br\/arquivo\/desocupacao-da-sefaz-apos-um-ano-dez-reus-respondem-a-processo\/#webpage"},"isPartOf":{"@id":"https:\/\/www.jornalja.com.br\/arquivo\/desocupacao-da-sefaz-apos-um-ano-dez-reus-respondem-a-processo\/#webpage"},"articleSection":"Geral"},{"@type":"BreadcrumbList","@id":"https:\/\/www.jornalja.com.br\/arquivo\/desocupacao-da-sefaz-apos-um-ano-dez-reus-respondem-a-processo\/#breadcrumblist","itemListElement":[{"@type":"ListItem","@id":"https:\/\/www.jornalja.com.br\/arquivo#listItem","position":1,"name":"Home","item":"https:\/\/www.jornalja.com.br\/arquivo","nextItem":{"@type":"ListItem","@id":"https:\/\/www.jornalja.com.br\/arquivo\/category\/geral\/#listItem","name":"Geral"}},{"@type":"ListItem","@id":"https:\/\/www.jornalja.com.br\/arquivo\/category\/geral\/#listItem","position":2,"name":"Geral","item":"https:\/\/www.jornalja.com.br\/arquivo\/category\/geral\/","nextItem":{"@type":"ListItem","@id":"https:\/\/www.jornalja.com.br\/arquivo\/desocupacao-da-sefaz-apos-um-ano-dez-reus-respondem-a-processo\/#listItem","name":"Desocupa\u00e7\u00e3o da Sefaz: ap\u00f3s um ano, dez r\u00e9us respondem a processo"},"previousItem":{"@type":"ListItem","@id":"https:\/\/www.jornalja.com.br\/arquivo#listItem","name":"Home"}},{"@type":"ListItem","@id":"https:\/\/www.jornalja.com.br\/arquivo\/desocupacao-da-sefaz-apos-um-ano-dez-reus-respondem-a-processo\/#listItem","position":3,"name":"Desocupa\u00e7\u00e3o da Sefaz: ap\u00f3s um ano, dez r\u00e9us respondem a processo","previousItem":{"@type":"ListItem","@id":"https:\/\/www.jornalja.com.br\/arquivo\/category\/geral\/#listItem","name":"Geral"}}]},{"@type":"Organization","@id":"https:\/\/www.jornalja.com.br\/arquivo\/#organization","name":"Jornal J\u00c1","description":"Jornal J\u00c1 | Porto Alegre","url":"https:\/\/www.jornalja.com.br\/arquivo\/","telephone":"+555133307272","logo":{"@type":"ImageObject","url":"https:\/\/www.jornalja.com.br\/wp-content\/uploads\/cards\/JAslogan.png","@id":"https:\/\/www.jornalja.com.br\/arquivo\/desocupacao-da-sefaz-apos-um-ano-dez-reus-respondem-a-processo\/#organizationLogo"},"image":{"@id":"https:\/\/www.jornalja.com.br\/arquivo\/desocupacao-da-sefaz-apos-um-ano-dez-reus-respondem-a-processo\/#organizationLogo"}},{"@type":"Person","@id":"https:\/\/www.jornalja.com.br\/arquivo\/author\/daredacao\/#author","url":"https:\/\/www.jornalja.com.br\/arquivo\/author\/daredacao\/","name":"da Reda\u00e7\u00e3o","image":{"@type":"ImageObject","@id":"https:\/\/www.jornalja.com.br\/arquivo\/desocupacao-da-sefaz-apos-um-ano-dez-reus-respondem-a-processo\/#authorImage","url":"https:\/\/secure.gravatar.com\/avatar\/469fd857d6605ad19919d27ed29d35a968a25f6e8fd9318356bbb7f57aae9c65?s=96&d=mm&r=g","width":96,"height":96,"caption":"da Reda\u00e7\u00e3o"}},{"@type":"WebPage","@id":"https:\/\/www.jornalja.com.br\/arquivo\/desocupacao-da-sefaz-apos-um-ano-dez-reus-respondem-a-processo\/#webpage","url":"https:\/\/www.jornalja.com.br\/arquivo\/desocupacao-da-sefaz-apos-um-ano-dez-reus-respondem-a-processo\/","name":"Desocupa\u00e7\u00e3o da Sefaz: ap\u00f3s um ano, dez r\u00e9us respondem a processo | Arquivo","inLanguage":"pt-BR","isPartOf":{"@id":"https:\/\/www.jornalja.com.br\/arquivo\/#website"},"breadcrumb":{"@id":"https:\/\/www.jornalja.com.br\/arquivo\/desocupacao-da-sefaz-apos-um-ano-dez-reus-respondem-a-processo\/#breadcrumblist"},"author":{"@id":"https:\/\/www.jornalja.com.br\/arquivo\/author\/daredacao\/#author"},"creator":{"@id":"https:\/\/www.jornalja.com.br\/arquivo\/author\/daredacao\/#author"},"image":{"@type":"ImageObject","url":34959,"@id":"https:\/\/www.jornalja.com.br\/arquivo\/desocupacao-da-sefaz-apos-um-ano-dez-reus-respondem-a-processo\/#mainImage"},"primaryImageOfPage":{"@id":"https:\/\/www.jornalja.com.br\/arquivo\/desocupacao-da-sefaz-apos-um-ano-dez-reus-respondem-a-processo\/#mainImage"},"datePublished":"2017-06-15T13:32:47-03:00","dateModified":"2017-06-15T13:32:47-03:00"},{"@type":"WebSite","@id":"https:\/\/www.jornalja.com.br\/arquivo\/#website","url":"https:\/\/www.jornalja.com.br\/arquivo\/","name":"Arquivo","description":"Jornal J\u00c1 | Porto Alegre","inLanguage":"pt-BR","publisher":{"@id":"https:\/\/www.jornalja.com.br\/arquivo\/#organization"}}]},"og:locale":"pt_BR","og:site_name":"Arquivo | Jornal J\u00c1 | Porto Alegre","og:type":"article","og:title":"Desocupa\u00e7\u00e3o da Sefaz: ap\u00f3s um ano, dez r\u00e9us respondem a processo | Arquivo","og:url":"https:\/\/www.jornalja.com.br\/arquivo\/desocupacao-da-sefaz-apos-um-ano-dez-reus-respondem-a-processo\/","og:image":"https:\/\/www.jornalja.com.br\/wp-content\/uploads\/2016\/06\/BMatac-estudantes.jpg","og:image:secure_url":"https:\/\/www.jornalja.com.br\/wp-content\/uploads\/2016\/06\/BMatac-estudantes.jpg","article:published_time":"2017-06-15T16:32:47+00:00","article:modified_time":"2017-06-15T16:32:47+00:00","twitter:card":"summary","twitter:title":"Desocupa\u00e7\u00e3o da Sefaz: ap\u00f3s um ano, dez r\u00e9us respondem a processo | Arquivo","twitter:image":"https:\/\/www.jornalja.com.br\/economics\/wp-content\/uploads\/sites\/11\/2026\/08\/ja-folhaderosto-facebook.jpg"},"aioseo_meta_data":{"post_id":"50019","title":null,"description":null,"keywords":null,"keyphrases":null,"primary_term":null,"canonical_url":null,"og_title":null,"og_description":null,"og_object_type":"default","og_image_type":"default","og_image_url":null,"og_image_width":null,"og_image_height":null,"og_image_custom_url":null,"og_image_custom_fields":null,"og_video":null,"og_custom_url":null,"og_article_section":null,"og_article_tags":null,"twitter_use_og":false,"twitter_card":"default","twitter_image_type":"default","twitter_image_url":null,"twitter_image_custom_url":null,"twitter_image_custom_fields":null,"twitter_title":null,"twitter_description":null,"schema":{"blockGraphs":[],"customGraphs":[],"default":{"data":{"Article":[],"Course":[],"Dataset":[],"FAQPage":[],"Movie":[],"Person":[],"Product":[],"ProductReview":[],"Car":[],"Recipe":[],"Service":[],"SoftwareApplication":[],"WebPage":[]},"graphName":"","isEnabled":true},"graphs":[],"defaultGraph":"","defaultPostTypeGraph":""},"schema_type":null,"schema_type_options":null,"pillar_content":false,"robots_default":true,"robots_noindex":false,"robots_noarchive":false,"robots_nosnippet":false,"robots_nofollow":false,"robots_noimageindex":false,"robots_noodp":false,"robots_notranslate":false,"robots_max_snippet":null,"robots_max_videopreview":null,"robots_max_imagepreview":"large","priority":null,"frequency":null,"location":null,"local_seo":null,"breadcrumb_settings":null,"limit_modified_date":false,"ai":null,"created":"2020-12-20 20:32:00","updated":"2025-07-19 22:13:38","seo_analyzer_scan_date":null,"focus_keyword":null,"additional_keywords":null,"truseo_locale":null},"jetpack_sharing_enabled":true,"jetpack-related-posts":[{"id":5440,"url":"https:\/\/www.jornalja.com.br\/arquivo\/casarao-da-venancio-destino-permanece-incerto\/","url_meta":{"origin":50019,"position":0},"title":"Estado ainda n\u00e3o sabe o que fazer com casar\u00e3o abandonado h\u00e1 20 anos","author":"Elmar Bones","date":"6 de julho de 2009","format":false,"excerpt":"O casar\u00e3o amarelo, numa esquina nobre de Porto Alegre (Ven\u00e2ncio Aires com Jo\u00e3o Pessoa), j\u00e1 abrigou uma escola. H\u00e1 duas d\u00e9cadas, pelo menos, est\u00e1 abandonado, porque seu propriet\u00e1rio, o governo do Estado do Rio Grande do Sul, n\u00e3o consegue achar um destino para ele. Planos n\u00e3o faltaram. O governador Ol\u00edvio\u2026","rel":"","context":"Em &quot;X.Categorias velhas&quot;","block_context":{"text":"X.Categorias velhas","link":"https:\/\/www.jornalja.com.br\/arquivo\/category\/x-categorias-velhas\/"},"img":{"alt_text":"geraldo1","src":"https:\/\/i0.wp.com\/www.jornalja.com.br\/wp-content\/uploads\/2009\/07\/geraldo1.jpg?resize=350%2C200&ssl=1","width":350,"height":200},"classes":[]},{"id":13101,"url":"https:\/\/www.jornalja.com.br\/arquivo\/morre-um-guerreiro-do-texto\/","url_meta":{"origin":50019,"position":1},"title":"Morre um guerreiro do texto","author":"Patr\u00edcia Marini","date":"14 de maio de 2014","format":false,"excerpt":"Por Ricardo Kotscho Reproduzido do blog do autor, 11\/5\/2014; t\u00edtulo original \u201cE l\u00e1 se foi o nosso Myltainho, guerreiro do texto\u201d. Mi\u00fado e franzino, meu amigo Myltainho era um valente e inconformado guerreiro na luta contra as injusti\u00e7as sociais, a hipocrisia, as maracutaias, o autoritarismo, a intoler\u00e2ncia, a viol\u00eancia, o\u2026","rel":"","context":"Em &quot;Geral&quot;","block_context":{"text":"Geral","link":"https:\/\/www.jornalja.com.br\/arquivo\/category\/geral\/"},"img":{"alt_text":"","src":"","width":0,"height":0},"classes":[]},{"id":13124,"url":"https:\/\/www.jornalja.com.br\/arquivo\/sangue-latino-no-iecine\/","url_meta":{"origin":50019,"position":2},"title":"Sangue latino no IECINE","author":"da Reda\u00e7\u00e3o","date":"18 de maio de 2014","format":false,"excerpt":"Francisco Ribeiro O Instituto Estadual de Cinema (IECINE) tem a frente, desde abril \u00faltimo, um novo diretor, o cineasta colombiano Juan Zapata, 36, que substitui Luiz Alberto Cassol. Radicado h\u00e1 dez anos em Porto Alegre, Zapata tem diante de si o desafio de conduzir at\u00e9 o final do ano um\u2026","rel":"","context":"Em &quot;Cultura-Geral&quot;","block_context":{"text":"Cultura-Geral","link":"https:\/\/www.jornalja.com.br\/arquivo\/category\/materiasecundaria\/"},"img":{"alt_text":"","src":"","width":0,"height":0},"classes":[]},{"id":13240,"url":"https:\/\/www.jornalja.com.br\/arquivo\/plano-diretor-estamos-construindo-o-caos\/","url_meta":{"origin":50019,"position":3},"title":"Plano diretor: &quot;Estamos construindo o caos&quot;","author":"Patr\u00edcia Marini","date":"26 de maio de 2014","format":false,"excerpt":"Desabafo que arquiteta Eliana Castilhos, delegada da Regi\u00e3o de Planejamento 1, postou nas redes sociais \u00e9 um testemunho do ambiente que se criou no Conselho do Plano Diretor de Porto Alegre, onde a aprova\u00e7\u00e3o de grandes empreendimentos \u00e9 empurrada guela abaixo dos conselheiros. Ao CMDUA Como delegada da Regi\u00e3o de\u2026","rel":"","context":"Em &quot;Geral&quot;","block_context":{"text":"Geral","link":"https:\/\/www.jornalja.com.br\/arquivo\/category\/geral\/"},"img":{"alt_text":"","src":"","width":0,"height":0},"classes":[]},{"id":13239,"url":"https:\/\/www.jornalja.com.br\/arquivo\/conselho-desdenha-do-plano-diretor\/","url_meta":{"origin":50019,"position":4},"title":"Porto Alegre: Conselho detona Plano Diretor","author":"Patr\u00edcia Marini","date":"25 de maio de 2014","format":false,"excerpt":"Den\u00fancia do arquiteto e \u00a0urbanista Ibir\u00e1 Santos Lucas. Ele diz que os conselheiros est\u00e3o votando com \"enorme irresponsabilidade\". \"Mudam regime com a maior naturalidade,,,regularizam absurdos de constru\u00e7\u00f5es irregulares... \"O CMDUA est\u00e1 flexibilizando a lei do plano diretor, de uma forma impactante na vida da cidade. Mudam regime com a maior\u2026","rel":"","context":"Em &quot;Geral&quot;","block_context":{"text":"Geral","link":"https:\/\/www.jornalja.com.br\/arquivo\/category\/geral\/"},"img":{"alt_text":"","src":"","width":0,"height":0},"classes":[]},{"id":14241,"url":"https:\/\/www.jornalja.com.br\/arquivo\/o-guaiba-nas-imagens-poeticas-de-achutti\/","url_meta":{"origin":50019,"position":5},"title":"O Gua\u00edba nas imagens po\u00e9ticas de Achutti","author":"da Reda\u00e7\u00e3o","date":"18 de junho de 2014","format":false,"excerpt":"Em \u201cO Gua\u00edba por Achutti\u201d \u2013 obra financiada via Minist\u00e9rio da Cultura, produ\u00e7\u00e3o executiva de Pedro Longhi, e Fl\u00e1vio Wild como designer \u2013, o fot\u00f3grafo revela a beleza e as mazelas de um espa\u00e7o aqu\u00e1tico de \u00e1guas sempre renovadas, cheio de hist\u00f3rias e lendas como as das cidades que foram\u2026","rel":"","context":"Em &quot;Cultura-Geral&quot;","block_context":{"text":"Cultura-Geral","link":"https:\/\/www.jornalja.com.br\/arquivo\/category\/materiasecundaria\/"},"img":{"alt_text":"","src":"","width":0,"height":0},"classes":[]}],"jetpack_shortlink":"https:\/\/wp.me\/pbQjBd-d0L","jetpack_featured_media_url":"","_links":{"self":[{"href":"https:\/\/www.jornalja.com.br\/arquivo\/wp-json\/wp\/v2\/posts\/50019","targetHints":{"allow":["GET"]}}],"collection":[{"href":"https:\/\/www.jornalja.com.br\/arquivo\/wp-json\/wp\/v2\/posts"}],"about":[{"href":"https:\/\/www.jornalja.com.br\/arquivo\/wp-json\/wp\/v2\/types\/post"}],"author":[{"embeddable":true,"href":"https:\/\/www.jornalja.com.br\/arquivo\/wp-json\/wp\/v2\/users\/4"}],"replies":[{"embeddable":true,"href":"https:\/\/www.jornalja.com.br\/arquivo\/wp-json\/wp\/v2\/comments?post=50019"}],"version-history":[{"count":0,"href":"https:\/\/www.jornalja.com.br\/arquivo\/wp-json\/wp\/v2\/posts\/50019\/revisions"}],"wp:attachment":[{"href":"https:\/\/www.jornalja.com.br\/arquivo\/wp-json\/wp\/v2\/media?parent=50019"}],"wp:term":[{"taxonomy":"category","embeddable":true,"href":"https:\/\/www.jornalja.com.br\/arquivo\/wp-json\/wp\/v2\/categories?post=50019"},{"taxonomy":"post_tag","embeddable":true,"href":"https:\/\/www.jornalja.com.br\/arquivo\/wp-json\/wp\/v2\/tags?post=50019"}],"curies":[{"name":"wp","href":"https:\/\/api.w.org\/{rel}","templated":true}]}}