{"id":50049,"date":"2017-06-14T22:33:43","date_gmt":"2017-06-15T01:33:43","guid":{"rendered":"https:\/\/www.jornalja.com.br\/?p=50049"},"modified":"2017-06-14T22:33:43","modified_gmt":"2017-06-15T01:33:43","slug":"brigada-militar-desocupa-lanceiros-negros-e-detem-um-parlamentar","status":"publish","type":"post","link":"https:\/\/www.jornalja.com.br\/arquivo\/brigada-militar-desocupa-lanceiros-negros-e-detem-um-parlamentar\/","title":{"rendered":"Brigada Militar desocupa Lanceiros Negros e det\u00e9m um parlamentar"},"content":{"rendered":"<p style=\"text-align: left\">Os policiais do Batalh\u00e3o de Choque da Brigada Militar chegaram em frente ao pr\u00e9dio onde h\u00e1 um ano e meio moram cerca de 70 fam\u00edlias \u2013 a ocupa\u00e7\u00e3o Lanceiros Negros \u2013 lan\u00e7ando bombas de g\u00e1s lacrimog\u00eanio por detr\u00e1s dos escudos. Estavam fortemente armados. A a\u00e7\u00e3o ocorreu pouco depois das 19h desta quarta-feira, 14\/06, no pr\u00e9dio localizado entre as ruas General C\u00e2mara e Andrade Neves, no Centro de Porto Alegre.<\/p>\n<p>Um dos detidos foi o deputado estadual Jeferson Fernandes (PT), contrariando a imunidade parlamentar. Ele passou por exame de corpo de delito no Pal\u00e1cio da Pol\u00edcia, onde era esperado pelo presidente da Assembleia, Edegar Pretto. Deputados e vereadores dirigiram-se para \u00e0 ocupa\u00e7\u00e3o, bem pr\u00f3ximo \u00e0 Assembleia Legislativa.<br \/>\nA reintegra\u00e7\u00e3o de posse havia sido autorizada na segunda-feira pela 7\u00aa Vara da Fazenda P\u00fablica da comarca de Porto Alegre, usando for\u00e7a policial \u201ccaso necess\u00e1rio\u201d. Os ocupantes estavam alertas e inicialmente resistiram \u00e0 a\u00e7\u00e3o comandada pelo 9\u00ba Batalh\u00e3o de Pol\u00edcia Militar. Por volta das 21 horas, as fam\u00edlias come\u00e7aram a retirar m\u00f3veis e objetos pessoais e colocar nas cal\u00e7adas. Tr\u00eas caminhos os aguardavam.<br \/>\nAlegando grande fluxo de pessoas no centro da cidade, a reintegra\u00e7\u00e3o estava autorizada para ocorrer em feriados, finais de semana ou fora do hor\u00e1rio de expediente. Por\u00e9m essa decis\u00e3o vai contra a Constitui\u00e7\u00e3o, que impede despejos \u00e0 noite, feriados ou finais de semana. A autoriza\u00e7\u00e3o judicial priorizou evitar &#8220;transtorno ao tr\u00e2nsito de ve\u00edculos e funcionamento habitual da cidade&#8221;.<br \/>\nA a\u00e7\u00e3o policial come\u00e7ou por volta das 19 horas. Naquele instante, come\u00e7ava uma audi\u00eancia p\u00fablica na Assembleia Legislativa sobre a ocupa\u00e7\u00e3o, agendada antes da autoriza\u00e7\u00e3o judicial de segunda-feira. O deputado Jeferson Fernandes, que coordenava a reuni\u00e3o na Comiss\u00e3o de Direitos Humanos, transferiu-a para frente da ocupa\u00e7\u00e3o, para acompanhar<em> in loco<\/em>. L\u00e1 \u00e9 que foi detido.<br \/>\nV\u00e1rios relatos d\u00e3o conta de que o oficial de Justi\u00e7a s\u00f3 conseguiu comunicar aos moradores a imin\u00eancia da reintegra\u00e7\u00e3o por volta das 19h20. Ainda antes da chegada do oficial de Justi\u00e7a, Fernandes j\u00e1 denunciava agress\u00f5es por parte da pol\u00edcia. A vers\u00e3o do comando policial \u00e9 outra: teria agido s\u00f3 depois do oficial de Justi\u00e7a comunicar a a\u00e7\u00e3o. Um conselheiro tutelar chegou bem mais tarde, quando as crian\u00e7as que moravam ali j\u00e1 haviam sa\u00eddo com os pais.<br \/>\nAl\u00e9m das cerca de 70 fam\u00edlias que moram no pr\u00e9dio, outros familiares e amigos chegaram nas \u00faltimas duas semanas, desalojados de suas moradias pelas cheias em v\u00e1rias regi\u00f5es da cidade. Enquanto acontecia o despejo, no pr\u00e9dio p\u00fablico que esteve abandonado por dez anos antes da ocupa\u00e7\u00e3o, no audit\u00f3rio Dante Barone, na Assembleia, m\u00fasicos faziam um show para angarias doa\u00e7\u00f5es aos desabrigados.<br \/>\nEm nota, o governo do Estado alegou que o pr\u00e9dio \u00e9 &#8220;hist\u00f3rico, impr\u00f3prio para habita\u00e7\u00e3o&#8221;, e apresentar riscos aos moradores, e que precisa do im\u00f3vel hist\u00f3rico para receber a Defesa Civil e setores da Casa Civil.<br \/>\nA mesma nota diza que &#8220;foi ofertado abrigo e atendimento social no Vida Centro Human\u00edstico no bairro Sarandi, caminh\u00f5es e \u00f4nibus de transporte, com apoio do Corpo de Bombeiros, Conselho Tutelar e Samu&#8221;. O galp\u00e3o para onde foram levados os moradores, junto com seus pertences, n\u00e3o tinha estrutura nenhuma, nem luz ou colch\u00e3o. \u00a0Eles mudaram de lugar e n\u00e3o divulgam onde est\u00e3o.<br \/>\nAs autoridades convidadas n\u00e3o haviam comparecido \u00e0 audi\u00eancia p\u00fablica na Comiss\u00e3o de Cidadania e Direitos Humanos, na Assembleia, para discutir a situa\u00e7\u00e3o da Ocupa\u00e7\u00e3o Lanceiros Negros.<br \/>\n&nbsp;<\/p>\n","protected":false},"excerpt":{"rendered":"<p>Os policiais do Batalh\u00e3o de Choque da Brigada Militar chegaram em frente ao pr\u00e9dio onde h\u00e1 um ano e meio moram cerca de 70 fam\u00edlias \u2013 a ocupa\u00e7\u00e3o Lanceiros Negros \u2013 lan\u00e7ando bombas de g\u00e1s lacrimog\u00eanio por detr\u00e1s dos escudos. Estavam fortemente armados. A a\u00e7\u00e3o ocorreu pouco depois das 19h desta quarta-feira, 14\/06, no pr\u00e9dio [&hellip;]<\/p>\n","protected":false},"author":4,"featured_media":50046,"comment_status":"open","ping_status":"closed","sticky":false,"template":"","format":"standard","meta":{"_jetpack_newsletter_access":"","_jetpack_dont_email_post_to_subs":false,"_jetpack_newsletter_tier_id":0,"_jetpack_memberships_contains_paywalled_content":false,"_jetpack_feature_clip_id":0,"_jetpack_memberships_contains_paid_content":false,"footnotes":"","jetpack_post_was_ever_published":false},"categories":[26],"tags":[],"class_list":["post-50049","post","type-post","status-publish","format-standard","has-post-thumbnail","hentry","category-geral"],"aioseo_notices":[],"aioseo_head":"\n\t\t<!-- All in One SEO 5.0.1.1 - aioseo.com -->\n\t<meta name=\"robots\" content=\"max-image-preview:large\" \/>\n\t<meta name=\"author\" content=\"da Reda\u00e7\u00e3o\"\/>\n\t<link rel=\"canonical\" href=\"https:\/\/www.jornalja.com.br\/arquivo\/brigada-militar-desocupa-lanceiros-negros-e-detem-um-parlamentar\/\" \/>\n\t<meta name=\"generator\" content=\"All in One SEO (AIOSEO) 5.0.1.1\" \/>\n\t\t<meta property=\"og:locale\" content=\"pt_BR\" \/>\n\t\t<meta property=\"og:site_name\" content=\"Arquivo | Jornal J\u00c1 | Porto Alegre\" \/>\n\t\t<meta property=\"og:type\" content=\"article\" \/>\n\t\t<meta property=\"og:title\" content=\"Brigada Militar desocupa Lanceiros Negros e det\u00e9m um parlamentar | Arquivo\" \/>\n\t\t<meta property=\"og:url\" content=\"https:\/\/www.jornalja.com.br\/arquivo\/brigada-militar-desocupa-lanceiros-negros-e-detem-um-parlamentar\/\" \/>\n\t\t<meta property=\"og:image\" content=\"https:\/\/www.jornalja.com.br\/economics\/wp-content\/uploads\/sites\/11\/2026\/08\/ja-folhaderosto-facebook.jpg\" \/>\n\t\t<meta property=\"og:image:secure_url\" content=\"https:\/\/www.jornalja.com.br\/economics\/wp-content\/uploads\/sites\/11\/2026\/08\/ja-folhaderosto-facebook.jpg\" \/>\n\t\t<meta property=\"article:published_time\" content=\"2017-06-15T01:33:43+00:00\" \/>\n\t\t<meta property=\"article:modified_time\" content=\"2017-06-15T01:33:43+00:00\" \/>\n\t\t<meta name=\"twitter:card\" content=\"summary\" \/>\n\t\t<meta name=\"twitter:title\" content=\"Brigada Militar desocupa Lanceiros Negros e det\u00e9m um parlamentar | Arquivo\" \/>\n\t\t<meta name=\"twitter:image\" content=\"https:\/\/www.jornalja.com.br\/economics\/wp-content\/uploads\/sites\/11\/2026\/08\/ja-folhaderosto-facebook.jpg\" \/>\n\t\t<script type=\"application\/ld+json\" class=\"aioseo-schema\">\n\t\t\t{\"@context\":\"https:\\\/\\\/schema.org\",\"@graph\":[{\"@type\":\"BlogPosting\",\"@id\":\"https:\\\/\\\/www.jornalja.com.br\\\/arquivo\\\/brigada-militar-desocupa-lanceiros-negros-e-detem-um-parlamentar\\\/#blogposting\",\"name\":\"Brigada Militar desocupa Lanceiros Negros e det\\u00e9m um parlamentar | Arquivo\",\"headline\":\"Brigada Militar desocupa Lanceiros Negros e det\\u00e9m um parlamentar\",\"author\":{\"@id\":\"https:\\\/\\\/www.jornalja.com.br\\\/arquivo\\\/author\\\/daredacao\\\/#author\"},\"publisher\":{\"@id\":\"https:\\\/\\\/www.jornalja.com.br\\\/arquivo\\\/#organization\"},\"image\":{\"@type\":\"ImageObject\",\"url\":50046},\"datePublished\":\"2017-06-14T22:33:43-03:00\",\"dateModified\":\"2017-06-14T22:33:43-03:00\",\"inLanguage\":\"pt-BR\",\"commentCount\":1,\"mainEntityOfPage\":{\"@id\":\"https:\\\/\\\/www.jornalja.com.br\\\/arquivo\\\/brigada-militar-desocupa-lanceiros-negros-e-detem-um-parlamentar\\\/#webpage\"},\"isPartOf\":{\"@id\":\"https:\\\/\\\/www.jornalja.com.br\\\/arquivo\\\/brigada-militar-desocupa-lanceiros-negros-e-detem-um-parlamentar\\\/#webpage\"},\"articleSection\":\"Geral\"},{\"@type\":\"BreadcrumbList\",\"@id\":\"https:\\\/\\\/www.jornalja.com.br\\\/arquivo\\\/brigada-militar-desocupa-lanceiros-negros-e-detem-um-parlamentar\\\/#breadcrumblist\",\"itemListElement\":[{\"@type\":\"ListItem\",\"@id\":\"https:\\\/\\\/www.jornalja.com.br\\\/arquivo#listItem\",\"position\":1,\"name\":\"Home\",\"item\":\"https:\\\/\\\/www.jornalja.com.br\\\/arquivo\",\"nextItem\":{\"@type\":\"ListItem\",\"@id\":\"https:\\\/\\\/www.jornalja.com.br\\\/arquivo\\\/category\\\/geral\\\/#listItem\",\"name\":\"Geral\"}},{\"@type\":\"ListItem\",\"@id\":\"https:\\\/\\\/www.jornalja.com.br\\\/arquivo\\\/category\\\/geral\\\/#listItem\",\"position\":2,\"name\":\"Geral\",\"item\":\"https:\\\/\\\/www.jornalja.com.br\\\/arquivo\\\/category\\\/geral\\\/\",\"nextItem\":{\"@type\":\"ListItem\",\"@id\":\"https:\\\/\\\/www.jornalja.com.br\\\/arquivo\\\/brigada-militar-desocupa-lanceiros-negros-e-detem-um-parlamentar\\\/#listItem\",\"name\":\"Brigada Militar desocupa Lanceiros Negros e det\\u00e9m um parlamentar\"},\"previousItem\":{\"@type\":\"ListItem\",\"@id\":\"https:\\\/\\\/www.jornalja.com.br\\\/arquivo#listItem\",\"name\":\"Home\"}},{\"@type\":\"ListItem\",\"@id\":\"https:\\\/\\\/www.jornalja.com.br\\\/arquivo\\\/brigada-militar-desocupa-lanceiros-negros-e-detem-um-parlamentar\\\/#listItem\",\"position\":3,\"name\":\"Brigada Militar desocupa Lanceiros Negros e det\\u00e9m um parlamentar\",\"previousItem\":{\"@type\":\"ListItem\",\"@id\":\"https:\\\/\\\/www.jornalja.com.br\\\/arquivo\\\/category\\\/geral\\\/#listItem\",\"name\":\"Geral\"}}]},{\"@type\":\"Organization\",\"@id\":\"https:\\\/\\\/www.jornalja.com.br\\\/arquivo\\\/#organization\",\"name\":\"Jornal J\\u00c1\",\"description\":\"Jornal J\\u00c1 | Porto Alegre\",\"url\":\"https:\\\/\\\/www.jornalja.com.br\\\/arquivo\\\/\",\"telephone\":\"+555133307272\",\"logo\":{\"@type\":\"ImageObject\",\"url\":\"https:\\\/\\\/www.jornalja.com.br\\\/wp-content\\\/uploads\\\/cards\\\/JAslogan.png\",\"@id\":\"https:\\\/\\\/www.jornalja.com.br\\\/arquivo\\\/brigada-militar-desocupa-lanceiros-negros-e-detem-um-parlamentar\\\/#organizationLogo\"},\"image\":{\"@id\":\"https:\\\/\\\/www.jornalja.com.br\\\/arquivo\\\/brigada-militar-desocupa-lanceiros-negros-e-detem-um-parlamentar\\\/#organizationLogo\"}},{\"@type\":\"Person\",\"@id\":\"https:\\\/\\\/www.jornalja.com.br\\\/arquivo\\\/author\\\/daredacao\\\/#author\",\"url\":\"https:\\\/\\\/www.jornalja.com.br\\\/arquivo\\\/author\\\/daredacao\\\/\",\"name\":\"da Reda\\u00e7\\u00e3o\",\"image\":{\"@type\":\"ImageObject\",\"@id\":\"https:\\\/\\\/www.jornalja.com.br\\\/arquivo\\\/brigada-militar-desocupa-lanceiros-negros-e-detem-um-parlamentar\\\/#authorImage\",\"url\":\"https:\\\/\\\/secure.gravatar.com\\\/avatar\\\/469fd857d6605ad19919d27ed29d35a968a25f6e8fd9318356bbb7f57aae9c65?s=96&d=mm&r=g\",\"width\":96,\"height\":96,\"caption\":\"da Reda\\u00e7\\u00e3o\"}},{\"@type\":\"WebPage\",\"@id\":\"https:\\\/\\\/www.jornalja.com.br\\\/arquivo\\\/brigada-militar-desocupa-lanceiros-negros-e-detem-um-parlamentar\\\/#webpage\",\"url\":\"https:\\\/\\\/www.jornalja.com.br\\\/arquivo\\\/brigada-militar-desocupa-lanceiros-negros-e-detem-um-parlamentar\\\/\",\"name\":\"Brigada Militar desocupa Lanceiros Negros e det\\u00e9m um parlamentar | Arquivo\",\"inLanguage\":\"pt-BR\",\"isPartOf\":{\"@id\":\"https:\\\/\\\/www.jornalja.com.br\\\/arquivo\\\/#website\"},\"breadcrumb\":{\"@id\":\"https:\\\/\\\/www.jornalja.com.br\\\/arquivo\\\/brigada-militar-desocupa-lanceiros-negros-e-detem-um-parlamentar\\\/#breadcrumblist\"},\"author\":{\"@id\":\"https:\\\/\\\/www.jornalja.com.br\\\/arquivo\\\/author\\\/daredacao\\\/#author\"},\"creator\":{\"@id\":\"https:\\\/\\\/www.jornalja.com.br\\\/arquivo\\\/author\\\/daredacao\\\/#author\"},\"image\":{\"@type\":\"ImageObject\",\"url\":50046,\"@id\":\"https:\\\/\\\/www.jornalja.com.br\\\/arquivo\\\/brigada-militar-desocupa-lanceiros-negros-e-detem-um-parlamentar\\\/#mainImage\"},\"primaryImageOfPage\":{\"@id\":\"https:\\\/\\\/www.jornalja.com.br\\\/arquivo\\\/brigada-militar-desocupa-lanceiros-negros-e-detem-um-parlamentar\\\/#mainImage\"},\"datePublished\":\"2017-06-14T22:33:43-03:00\",\"dateModified\":\"2017-06-14T22:33:43-03:00\"},{\"@type\":\"WebSite\",\"@id\":\"https:\\\/\\\/www.jornalja.com.br\\\/arquivo\\\/#website\",\"url\":\"https:\\\/\\\/www.jornalja.com.br\\\/arquivo\\\/\",\"name\":\"Arquivo\",\"description\":\"Jornal J\\u00c1 | Porto Alegre\",\"inLanguage\":\"pt-BR\",\"publisher\":{\"@id\":\"https:\\\/\\\/www.jornalja.com.br\\\/arquivo\\\/#organization\"}}]}\n\t\t<\/script>\n\t\t<!-- All in One SEO -->\n\n","aioseo_head_json":{"title":"Brigada Militar desocupa Lanceiros Negros e det\u00e9m um parlamentar | Arquivo","description":"","canonical_url":"https:\/\/www.jornalja.com.br\/arquivo\/brigada-militar-desocupa-lanceiros-negros-e-detem-um-parlamentar\/","robots":"max-image-preview:large","keywords":"","webmasterTools":{"miscellaneous":""},"schema":{"@context":"https:\/\/schema.org","@graph":[{"@type":"BlogPosting","@id":"https:\/\/www.jornalja.com.br\/arquivo\/brigada-militar-desocupa-lanceiros-negros-e-detem-um-parlamentar\/#blogposting","name":"Brigada Militar desocupa Lanceiros Negros e det\u00e9m um parlamentar | Arquivo","headline":"Brigada Militar desocupa Lanceiros Negros e det\u00e9m um parlamentar","author":{"@id":"https:\/\/www.jornalja.com.br\/arquivo\/author\/daredacao\/#author"},"publisher":{"@id":"https:\/\/www.jornalja.com.br\/arquivo\/#organization"},"image":{"@type":"ImageObject","url":50046},"datePublished":"2017-06-14T22:33:43-03:00","dateModified":"2017-06-14T22:33:43-03:00","inLanguage":"pt-BR","commentCount":1,"mainEntityOfPage":{"@id":"https:\/\/www.jornalja.com.br\/arquivo\/brigada-militar-desocupa-lanceiros-negros-e-detem-um-parlamentar\/#webpage"},"isPartOf":{"@id":"https:\/\/www.jornalja.com.br\/arquivo\/brigada-militar-desocupa-lanceiros-negros-e-detem-um-parlamentar\/#webpage"},"articleSection":"Geral"},{"@type":"BreadcrumbList","@id":"https:\/\/www.jornalja.com.br\/arquivo\/brigada-militar-desocupa-lanceiros-negros-e-detem-um-parlamentar\/#breadcrumblist","itemListElement":[{"@type":"ListItem","@id":"https:\/\/www.jornalja.com.br\/arquivo#listItem","position":1,"name":"Home","item":"https:\/\/www.jornalja.com.br\/arquivo","nextItem":{"@type":"ListItem","@id":"https:\/\/www.jornalja.com.br\/arquivo\/category\/geral\/#listItem","name":"Geral"}},{"@type":"ListItem","@id":"https:\/\/www.jornalja.com.br\/arquivo\/category\/geral\/#listItem","position":2,"name":"Geral","item":"https:\/\/www.jornalja.com.br\/arquivo\/category\/geral\/","nextItem":{"@type":"ListItem","@id":"https:\/\/www.jornalja.com.br\/arquivo\/brigada-militar-desocupa-lanceiros-negros-e-detem-um-parlamentar\/#listItem","name":"Brigada Militar desocupa Lanceiros Negros e det\u00e9m um parlamentar"},"previousItem":{"@type":"ListItem","@id":"https:\/\/www.jornalja.com.br\/arquivo#listItem","name":"Home"}},{"@type":"ListItem","@id":"https:\/\/www.jornalja.com.br\/arquivo\/brigada-militar-desocupa-lanceiros-negros-e-detem-um-parlamentar\/#listItem","position":3,"name":"Brigada Militar desocupa Lanceiros Negros e det\u00e9m um parlamentar","previousItem":{"@type":"ListItem","@id":"https:\/\/www.jornalja.com.br\/arquivo\/category\/geral\/#listItem","name":"Geral"}}]},{"@type":"Organization","@id":"https:\/\/www.jornalja.com.br\/arquivo\/#organization","name":"Jornal J\u00c1","description":"Jornal J\u00c1 | Porto Alegre","url":"https:\/\/www.jornalja.com.br\/arquivo\/","telephone":"+555133307272","logo":{"@type":"ImageObject","url":"https:\/\/www.jornalja.com.br\/wp-content\/uploads\/cards\/JAslogan.png","@id":"https:\/\/www.jornalja.com.br\/arquivo\/brigada-militar-desocupa-lanceiros-negros-e-detem-um-parlamentar\/#organizationLogo"},"image":{"@id":"https:\/\/www.jornalja.com.br\/arquivo\/brigada-militar-desocupa-lanceiros-negros-e-detem-um-parlamentar\/#organizationLogo"}},{"@type":"Person","@id":"https:\/\/www.jornalja.com.br\/arquivo\/author\/daredacao\/#author","url":"https:\/\/www.jornalja.com.br\/arquivo\/author\/daredacao\/","name":"da Reda\u00e7\u00e3o","image":{"@type":"ImageObject","@id":"https:\/\/www.jornalja.com.br\/arquivo\/brigada-militar-desocupa-lanceiros-negros-e-detem-um-parlamentar\/#authorImage","url":"https:\/\/secure.gravatar.com\/avatar\/469fd857d6605ad19919d27ed29d35a968a25f6e8fd9318356bbb7f57aae9c65?s=96&d=mm&r=g","width":96,"height":96,"caption":"da Reda\u00e7\u00e3o"}},{"@type":"WebPage","@id":"https:\/\/www.jornalja.com.br\/arquivo\/brigada-militar-desocupa-lanceiros-negros-e-detem-um-parlamentar\/#webpage","url":"https:\/\/www.jornalja.com.br\/arquivo\/brigada-militar-desocupa-lanceiros-negros-e-detem-um-parlamentar\/","name":"Brigada Militar desocupa Lanceiros Negros e det\u00e9m um parlamentar | Arquivo","inLanguage":"pt-BR","isPartOf":{"@id":"https:\/\/www.jornalja.com.br\/arquivo\/#website"},"breadcrumb":{"@id":"https:\/\/www.jornalja.com.br\/arquivo\/brigada-militar-desocupa-lanceiros-negros-e-detem-um-parlamentar\/#breadcrumblist"},"author":{"@id":"https:\/\/www.jornalja.com.br\/arquivo\/author\/daredacao\/#author"},"creator":{"@id":"https:\/\/www.jornalja.com.br\/arquivo\/author\/daredacao\/#author"},"image":{"@type":"ImageObject","url":50046,"@id":"https:\/\/www.jornalja.com.br\/arquivo\/brigada-militar-desocupa-lanceiros-negros-e-detem-um-parlamentar\/#mainImage"},"primaryImageOfPage":{"@id":"https:\/\/www.jornalja.com.br\/arquivo\/brigada-militar-desocupa-lanceiros-negros-e-detem-um-parlamentar\/#mainImage"},"datePublished":"2017-06-14T22:33:43-03:00","dateModified":"2017-06-14T22:33:43-03:00"},{"@type":"WebSite","@id":"https:\/\/www.jornalja.com.br\/arquivo\/#website","url":"https:\/\/www.jornalja.com.br\/arquivo\/","name":"Arquivo","description":"Jornal J\u00c1 | Porto Alegre","inLanguage":"pt-BR","publisher":{"@id":"https:\/\/www.jornalja.com.br\/arquivo\/#organization"}}]},"og:locale":"pt_BR","og:site_name":"Arquivo | Jornal J\u00c1 | Porto Alegre","og:type":"article","og:title":"Brigada Militar desocupa Lanceiros Negros e det\u00e9m um parlamentar | Arquivo","og:url":"https:\/\/www.jornalja.com.br\/arquivo\/brigada-militar-desocupa-lanceiros-negros-e-detem-um-parlamentar\/","og:image":"https:\/\/www.jornalja.com.br\/economics\/wp-content\/uploads\/sites\/11\/2026\/08\/ja-folhaderosto-facebook.jpg","og:image:secure_url":"https:\/\/www.jornalja.com.br\/economics\/wp-content\/uploads\/sites\/11\/2026\/08\/ja-folhaderosto-facebook.jpg","article:published_time":"2017-06-15T01:33:43+00:00","article:modified_time":"2017-06-15T01:33:43+00:00","twitter:card":"summary","twitter:title":"Brigada Militar desocupa Lanceiros Negros e det\u00e9m um parlamentar | Arquivo","twitter:image":"https:\/\/www.jornalja.com.br\/economics\/wp-content\/uploads\/sites\/11\/2026\/08\/ja-folhaderosto-facebook.jpg"},"aioseo_meta_data":{"post_id":"50049","title":null,"description":null,"keywords":null,"keyphrases":null,"primary_term":null,"canonical_url":null,"og_title":null,"og_description":null,"og_object_type":"default","og_image_type":"default","og_image_url":null,"og_image_width":null,"og_image_height":null,"og_image_custom_url":null,"og_image_custom_fields":null,"og_video":null,"og_custom_url":null,"og_article_section":null,"og_article_tags":null,"twitter_use_og":false,"twitter_card":"default","twitter_image_type":"default","twitter_image_url":null,"twitter_image_custom_url":null,"twitter_image_custom_fields":null,"twitter_title":null,"twitter_description":null,"schema":{"blockGraphs":[],"customGraphs":[],"default":{"data":{"Article":[],"Course":[],"Dataset":[],"FAQPage":[],"Movie":[],"Person":[],"Product":[],"ProductReview":[],"Car":[],"Recipe":[],"Service":[],"SoftwareApplication":[],"WebPage":[]},"graphName":"","isEnabled":true},"graphs":[],"defaultGraph":"","defaultPostTypeGraph":""},"schema_type":null,"schema_type_options":null,"pillar_content":false,"robots_default":true,"robots_noindex":false,"robots_noarchive":false,"robots_nosnippet":false,"robots_nofollow":false,"robots_noimageindex":false,"robots_noodp":false,"robots_notranslate":false,"robots_max_snippet":null,"robots_max_videopreview":null,"robots_max_imagepreview":"large","priority":null,"frequency":null,"location":null,"local_seo":null,"breadcrumb_settings":null,"limit_modified_date":false,"ai":null,"created":"2020-12-20 20:32:00","updated":"2025-07-19 22:13:38","seo_analyzer_scan_date":null,"focus_keyword":null,"additional_keywords":null,"truseo_locale":null},"jetpack_sharing_enabled":true,"jetpack-related-posts":[{"id":5440,"url":"https:\/\/www.jornalja.com.br\/arquivo\/casarao-da-venancio-destino-permanece-incerto\/","url_meta":{"origin":50049,"position":0},"title":"Estado ainda n\u00e3o sabe o que fazer com casar\u00e3o abandonado h\u00e1 20 anos","author":"Elmar Bones","date":"6 de julho de 2009","format":false,"excerpt":"O casar\u00e3o amarelo, numa esquina nobre de Porto Alegre (Ven\u00e2ncio Aires com Jo\u00e3o Pessoa), j\u00e1 abrigou uma escola. H\u00e1 duas d\u00e9cadas, pelo menos, est\u00e1 abandonado, porque seu propriet\u00e1rio, o governo do Estado do Rio Grande do Sul, n\u00e3o consegue achar um destino para ele. Planos n\u00e3o faltaram. O governador Ol\u00edvio\u2026","rel":"","context":"Em &quot;X.Categorias velhas&quot;","block_context":{"text":"X.Categorias velhas","link":"https:\/\/www.jornalja.com.br\/arquivo\/category\/x-categorias-velhas\/"},"img":{"alt_text":"geraldo1","src":"https:\/\/i0.wp.com\/www.jornalja.com.br\/wp-content\/uploads\/2009\/07\/geraldo1.jpg?resize=350%2C200&ssl=1","width":350,"height":200},"classes":[]},{"id":13128,"url":"https:\/\/www.jornalja.com.br\/arquivo\/maconha-terra-diz-que-uso-medicinal-e-desculpa\/","url_meta":{"origin":50049,"position":1},"title":"Maconha: Terra diz que uso medicinal \u00e9 desculpa","author":"Patr\u00edcia Marini","date":"4 de junho de 2014","format":false,"excerpt":"A condi\u00e7\u00e3o de pol\u00edtico, em \u00e9poca de campanha de campanha eleitoral, tira for\u00e7a do discurso do m\u00e9dico Osmar Terra contra a legaliza\u00e7\u00e3o da maconha. A tese dele de que a libera\u00e7\u00e3o vai ampliar exponencialmente o consumo \u00e9 discutivel, o consumo \u00e9 corrente. Mas seus alertas quanto aos riscos tem que\u2026","rel":"","context":"Em &quot;X.Categorias velhas&quot;","block_context":{"text":"X.Categorias velhas","link":"https:\/\/www.jornalja.com.br\/arquivo\/category\/x-categorias-velhas\/"},"img":{"alt_text":"","src":"","width":0,"height":0},"classes":[]},{"id":13101,"url":"https:\/\/www.jornalja.com.br\/arquivo\/morre-um-guerreiro-do-texto\/","url_meta":{"origin":50049,"position":2},"title":"Morre um guerreiro do texto","author":"Patr\u00edcia Marini","date":"14 de maio de 2014","format":false,"excerpt":"Por Ricardo Kotscho Reproduzido do blog do autor, 11\/5\/2014; t\u00edtulo original \u201cE l\u00e1 se foi o nosso Myltainho, guerreiro do texto\u201d. Mi\u00fado e franzino, meu amigo Myltainho era um valente e inconformado guerreiro na luta contra as injusti\u00e7as sociais, a hipocrisia, as maracutaias, o autoritarismo, a intoler\u00e2ncia, a viol\u00eancia, o\u2026","rel":"","context":"Em &quot;Geral&quot;","block_context":{"text":"Geral","link":"https:\/\/www.jornalja.com.br\/arquivo\/category\/geral\/"},"img":{"alt_text":"","src":"","width":0,"height":0},"classes":[]},{"id":13240,"url":"https:\/\/www.jornalja.com.br\/arquivo\/plano-diretor-estamos-construindo-o-caos\/","url_meta":{"origin":50049,"position":3},"title":"Plano diretor: &quot;Estamos construindo o caos&quot;","author":"Patr\u00edcia Marini","date":"26 de maio de 2014","format":false,"excerpt":"Desabafo que arquiteta Eliana Castilhos, delegada da Regi\u00e3o de Planejamento 1, postou nas redes sociais \u00e9 um testemunho do ambiente que se criou no Conselho do Plano Diretor de Porto Alegre, onde a aprova\u00e7\u00e3o de grandes empreendimentos \u00e9 empurrada guela abaixo dos conselheiros. Ao CMDUA Como delegada da Regi\u00e3o de\u2026","rel":"","context":"Em &quot;Geral&quot;","block_context":{"text":"Geral","link":"https:\/\/www.jornalja.com.br\/arquivo\/category\/geral\/"},"img":{"alt_text":"","src":"","width":0,"height":0},"classes":[]},{"id":12960,"url":"https:\/\/www.jornalja.com.br\/arquivo\/populacao-culpa-empresas-pela-greve-dos-rodoviarios\/","url_meta":{"origin":50049,"position":4},"title":"Popula\u00e7\u00e3o culpa empresas pela greve","author":"Patr\u00edcia Marini","date":"14 de fevereiro de 2014","format":false,"excerpt":"Pesquisa divulgada na edi\u00e7\u00e3o do jornal Metro desta sexta-feira,14, comprova o velho ditado: \u00e9 poss\u00edvel enganar muitos por algum tempo, mas n\u00e3o \u00e9 poss\u00edvel enganar a todos o tempo inteiro. A principal revela\u00e7\u00e3o foi que 59,8% dos entrevistados apontaram as empresas como as principais respons\u00e1veis pela grave e 46% culparam\u2026","rel":"","context":"Em &quot;X.Categorias velhas&quot;","block_context":{"text":"X.Categorias velhas","link":"https:\/\/www.jornalja.com.br\/arquivo\/category\/x-categorias-velhas\/"},"img":{"alt_text":"","src":"","width":0,"height":0},"classes":[]},{"id":13124,"url":"https:\/\/www.jornalja.com.br\/arquivo\/sangue-latino-no-iecine\/","url_meta":{"origin":50049,"position":5},"title":"Sangue latino no IECINE","author":"da Reda\u00e7\u00e3o","date":"18 de maio de 2014","format":false,"excerpt":"Francisco Ribeiro O Instituto Estadual de Cinema (IECINE) tem a frente, desde abril \u00faltimo, um novo diretor, o cineasta colombiano Juan Zapata, 36, que substitui Luiz Alberto Cassol. Radicado h\u00e1 dez anos em Porto Alegre, Zapata tem diante de si o desafio de conduzir at\u00e9 o final do ano um\u2026","rel":"","context":"Em &quot;Cultura-Geral&quot;","block_context":{"text":"Cultura-Geral","link":"https:\/\/www.jornalja.com.br\/arquivo\/category\/materiasecundaria\/"},"img":{"alt_text":"","src":"","width":0,"height":0},"classes":[]}],"jetpack_shortlink":"https:\/\/wp.me\/pbQjBd-d1f","jetpack_featured_media_url":"","_links":{"self":[{"href":"https:\/\/www.jornalja.com.br\/arquivo\/wp-json\/wp\/v2\/posts\/50049","targetHints":{"allow":["GET"]}}],"collection":[{"href":"https:\/\/www.jornalja.com.br\/arquivo\/wp-json\/wp\/v2\/posts"}],"about":[{"href":"https:\/\/www.jornalja.com.br\/arquivo\/wp-json\/wp\/v2\/types\/post"}],"author":[{"embeddable":true,"href":"https:\/\/www.jornalja.com.br\/arquivo\/wp-json\/wp\/v2\/users\/4"}],"replies":[{"embeddable":true,"href":"https:\/\/www.jornalja.com.br\/arquivo\/wp-json\/wp\/v2\/comments?post=50049"}],"version-history":[{"count":0,"href":"https:\/\/www.jornalja.com.br\/arquivo\/wp-json\/wp\/v2\/posts\/50049\/revisions"}],"wp:attachment":[{"href":"https:\/\/www.jornalja.com.br\/arquivo\/wp-json\/wp\/v2\/media?parent=50049"}],"wp:term":[{"taxonomy":"category","embeddable":true,"href":"https:\/\/www.jornalja.com.br\/arquivo\/wp-json\/wp\/v2\/categories?post=50049"},{"taxonomy":"post_tag","embeddable":true,"href":"https:\/\/www.jornalja.com.br\/arquivo\/wp-json\/wp\/v2\/tags?post=50049"}],"curies":[{"name":"wp","href":"https:\/\/api.w.org\/{rel}","templated":true}]}}