{"id":50099,"date":"2017-06-16T11:56:24","date_gmt":"2017-06-16T14:56:24","guid":{"rendered":"https:\/\/www.jornalja.com.br\/?p=50099"},"modified":"2017-06-16T11:56:24","modified_gmt":"2017-06-16T14:56:24","slug":"rge-sul-lanca-campanha-chega-de-choque-para-reduzir-acidentes-domesticos","status":"publish","type":"post","link":"https:\/\/www.jornalja.com.br\/arquivo\/rge-sul-lanca-campanha-chega-de-choque-para-reduzir-acidentes-domesticos\/","title":{"rendered":"RGE Sul lan\u00e7a campanha &quot;Chega de Choque&quot; para reduzir acidentes dom\u00e9sticos"},"content":{"rendered":"<p>A RGE Sul inicia uma ampla campanha de seguran\u00e7a destinada a alertar a popula\u00e7\u00e3o sobre os riscos do conv\u00edvio inadequado com a rede el\u00e9trica e reduzir o n\u00famero de acidentes.<br \/>\nA empresa \u00e9 subsdi\u00e1ria da CPFL Energia, maior grupo privado do setor el\u00e9trico brasileiro, alcan\u00e7ando 623 munic\u00edpios das \u00e1reas de atua\u00e7\u00e3o das nove distribuidoras do Grupo nos estados do Rio Grande do Sul e S\u00e3o Paulo.<br \/>\nA campanha envolver\u00e1 as a\u00e7\u00f5es online e off-line de comunica\u00e7\u00e3o para o engajamento da popula\u00e7\u00e3o e profissionais que trabalham na \u00e1rea de constru\u00e7\u00e3o civil com os temas divulgados pelo Grupo CPFL.<br \/>\nPara ter impacto e chamar a aten\u00e7\u00e3o, a campanha j\u00e1 nasce forte. Com a mensagem \u201cChega de Choque\u201d, ela busca conscientizar as pessoas com imagens e frases intensas. O objetivo \u00e9 reduzir os \u00edndices de acidentes com profissionais liberais, como pintores de fachadas, calheiros, colocadores de pain\u00e9is, eletricistas particulares e trabalhadores da \u00e1rea rural, al\u00e9m de alertar a popula\u00e7\u00e3o sobre outros perigos, como o de se empinar pipas pr\u00f3ximo da rede el\u00e9trica, usar cabos energizados para pendurar bandeirolas durante festas juninas, fazer liga\u00e7\u00f5es el\u00e9tricas sem conhecimento, etc.<br \/>\n\u201cA conscientiza\u00e7\u00e3o dos riscos reais que a eletricidade oferece pode evitar que acidentes aconte\u00e7am. A campanha pretende incentivar os profissionais e a popula\u00e7\u00e3o em geral a adotar medidas de seguran\u00e7a, planejamento e o uso adequado de equipamentos de prote\u00e7\u00e3o. Ela \u00e9 uma contribui\u00e7\u00e3o da CPFL para um tema que afeta a vida das pessoas em todo o Pa\u00eds\u201d, afirma o diretor de Comunica\u00e7\u00e3o e Rela\u00e7\u00f5es Institucionais da CPFL Energia, Fabio Caldas. A campanha \u00e9 assinada pela ag\u00eancia de comunica\u00e7\u00e3o Dim &amp; Canziam.<br \/>\nA campanha, que ter\u00e1 dura\u00e7\u00e3o at\u00e9 dezembro deste ano, envolve a divulga\u00e7\u00e3o de conte\u00fados sobre seguran\u00e7a em r\u00e1dios, Facebook e banners de internet, em an\u00fancio em jornal e carro de som. Al\u00e9m disso, o Grupo CPFL realizar\u00e1 diversas \u201cblitz\u201d pelas cidades de sua \u00e1rea de concess\u00e3o, com a distribui\u00e7\u00e3o de folders e materiais alusivos em lojas materiais de constru\u00e7\u00e3o, sindicatos e associa\u00e7\u00f5es de bairro.<br \/>\n<span class=\"intertit\">Acidentes na rede el\u00e9trica<\/span><br \/>\nOs n\u00fameros de acidentes com a rede el\u00e9trica envolvendo profissionais liberais e a popula\u00e7\u00e3o geral motiva a a\u00e7\u00e3o: em 2015, ocorreram 75 acidentes na rede el\u00e9trica do Grupo CPFL, sendo 15 deles fatais. Em 2016, a quantidade de acidentes caiu, mas o n\u00famero de v\u00edtimas fatais aumentou. No ano passado, foram registrados 50 casos que vitimaram 25 pessoas. Esse ano, entre janeiro e abril, foram anotados 20 acidentes, sendo 13 fatais.<br \/>\nAs distribuidoras do Grupo CPFL Energia trabalham de forma permanente o tema da seguran\u00e7a para conscientizar a popula\u00e7\u00e3o sobre os riscos da energia el\u00e9trica, ampliando a quest\u00e3o para outras quest\u00f5es sens\u00edveis envolvendo a rede e os clientes. Exemplo disso \u00e9 o apoio \u00e0 campanha do \u201cMaio Amarelo\u201d, promovida mundialmente e que prega maior seguran\u00e7a no tr\u00e2nsito.<br \/>\n\u201cAs concession\u00e1rias de energia do Grupo CPFL trabalham o tema da seguran\u00e7a na rede durante todo o ano. Agora, iniciamos mais uma a\u00e7\u00e3o para tentar valorizar a vida e refor\u00e7ar a import\u00e2ncia do trabalho mais seguro. Esperamos que tanto as pessoas como os profissionais sigam as orienta\u00e7\u00f5es e procurem informa\u00e7\u00f5es sobre seguran\u00e7a, pois n\u00e3o existe nada mais gratificante do que voltar para casa todos os dias com sa\u00fade e alegria\u201d, destaca gerente de Sa\u00fade e Seguran\u00e7a do Trabalho da CPFL Energia, Marcos Victor Lopes.<br \/>\nNo Brasil, segundo levantamento realizado pela Associa\u00e7\u00e3o Brasileira de Conscientiza\u00e7\u00e3o para os Perigos da Eletricidade (Abracopel), foram registrados 814 acidentes com choque el\u00e9trico em 2016, sendo 599 fatais \u2013 quase dois por dia. Dentre esses casos, 147 eram profissionais da constru\u00e7\u00e3o civil e manuten\u00e7\u00e3o predial \u2013 na sua maioria aut\u00f4noma. Perderam a vida 82 pedreiros, pintores, soldadores, serralheiros e ajudantes, oito trabalhadores do ramo de instala\u00e7\u00e3o de fachadas e pain\u00e9is e 57 eletricistas.<\/p>\n","protected":false},"excerpt":{"rendered":"<p>A RGE Sul inicia uma ampla campanha de seguran\u00e7a destinada a alertar a popula\u00e7\u00e3o sobre os riscos do conv\u00edvio inadequado com a rede el\u00e9trica e reduzir o n\u00famero de acidentes. A empresa \u00e9 subsdi\u00e1ria da CPFL Energia, maior grupo privado do setor el\u00e9trico brasileiro, alcan\u00e7ando 623 munic\u00edpios das \u00e1reas de atua\u00e7\u00e3o das nove distribuidoras do [&hellip;]<\/p>\n","protected":false},"author":4,"featured_media":50100,"comment_status":"open","ping_status":"closed","sticky":false,"template":"","format":"standard","meta":{"_jetpack_newsletter_access":"","_jetpack_dont_email_post_to_subs":false,"_jetpack_newsletter_tier_id":0,"_jetpack_memberships_contains_paywalled_content":false,"_jetpack_feature_clip_id":0,"_jetpack_memberships_contains_paid_content":false,"footnotes":"","jetpack_post_was_ever_published":false},"categories":[26],"tags":[],"class_list":["post-50099","post","type-post","status-publish","format-standard","has-post-thumbnail","hentry","category-geral"],"aioseo_notices":[],"aioseo_head":"\n\t\t<!-- All in One SEO 5.0.1.1 - aioseo.com -->\n\t<meta name=\"robots\" content=\"max-image-preview:large\" \/>\n\t<meta name=\"author\" content=\"da Reda\u00e7\u00e3o\"\/>\n\t<link rel=\"canonical\" href=\"https:\/\/www.jornalja.com.br\/arquivo\/rge-sul-lanca-campanha-chega-de-choque-para-reduzir-acidentes-domesticos\/\" \/>\n\t<meta name=\"generator\" content=\"All in One SEO (AIOSEO) 5.0.1.1\" \/>\n\t\t<meta property=\"og:locale\" content=\"pt_BR\" \/>\n\t\t<meta property=\"og:site_name\" content=\"Arquivo | Jornal J\u00c1 | Porto Alegre\" \/>\n\t\t<meta property=\"og:type\" content=\"article\" \/>\n\t\t<meta property=\"og:title\" content=\"RGE Sul lan\u00e7a campanha &quot;Chega de Choque&quot; para reduzir acidentes dom\u00e9sticos | Arquivo\" \/>\n\t\t<meta property=\"og:url\" content=\"https:\/\/www.jornalja.com.br\/arquivo\/rge-sul-lanca-campanha-chega-de-choque-para-reduzir-acidentes-domesticos\/\" \/>\n\t\t<meta property=\"og:image\" content=\"https:\/\/www.jornalja.com.br\/economics\/wp-content\/uploads\/sites\/11\/2026\/08\/ja-folhaderosto-facebook.jpg\" \/>\n\t\t<meta property=\"og:image:secure_url\" content=\"https:\/\/www.jornalja.com.br\/economics\/wp-content\/uploads\/sites\/11\/2026\/08\/ja-folhaderosto-facebook.jpg\" \/>\n\t\t<meta property=\"article:published_time\" content=\"2017-06-16T14:56:24+00:00\" \/>\n\t\t<meta property=\"article:modified_time\" content=\"2017-06-16T14:56:24+00:00\" \/>\n\t\t<meta name=\"twitter:card\" content=\"summary\" \/>\n\t\t<meta name=\"twitter:title\" content=\"RGE Sul lan\u00e7a campanha &quot;Chega de Choque&quot; para reduzir acidentes dom\u00e9sticos | Arquivo\" \/>\n\t\t<meta name=\"twitter:image\" content=\"https:\/\/www.jornalja.com.br\/economics\/wp-content\/uploads\/sites\/11\/2026\/08\/ja-folhaderosto-facebook.jpg\" \/>\n\t\t<script type=\"application\/ld+json\" class=\"aioseo-schema\">\n\t\t\t{\"@context\":\"https:\\\/\\\/schema.org\",\"@graph\":[{\"@type\":\"BlogPosting\",\"@id\":\"https:\\\/\\\/www.jornalja.com.br\\\/arquivo\\\/rge-sul-lanca-campanha-chega-de-choque-para-reduzir-acidentes-domesticos\\\/#blogposting\",\"name\":\"RGE Sul lan\\u00e7a campanha \\\"Chega de Choque\\\" para reduzir acidentes dom\\u00e9sticos | Arquivo\",\"headline\":\"RGE Sul lan\\u00e7a campanha &quot;Chega de Choque&quot; para reduzir acidentes dom\\u00e9sticos\",\"author\":{\"@id\":\"https:\\\/\\\/www.jornalja.com.br\\\/arquivo\\\/author\\\/daredacao\\\/#author\"},\"publisher\":{\"@id\":\"https:\\\/\\\/www.jornalja.com.br\\\/arquivo\\\/#organization\"},\"image\":{\"@type\":\"ImageObject\",\"url\":50100},\"datePublished\":\"2017-06-16T11:56:24-03:00\",\"dateModified\":\"2017-06-16T11:56:24-03:00\",\"inLanguage\":\"pt-BR\",\"mainEntityOfPage\":{\"@id\":\"https:\\\/\\\/www.jornalja.com.br\\\/arquivo\\\/rge-sul-lanca-campanha-chega-de-choque-para-reduzir-acidentes-domesticos\\\/#webpage\"},\"isPartOf\":{\"@id\":\"https:\\\/\\\/www.jornalja.com.br\\\/arquivo\\\/rge-sul-lanca-campanha-chega-de-choque-para-reduzir-acidentes-domesticos\\\/#webpage\"},\"articleSection\":\"Geral\"},{\"@type\":\"BreadcrumbList\",\"@id\":\"https:\\\/\\\/www.jornalja.com.br\\\/arquivo\\\/rge-sul-lanca-campanha-chega-de-choque-para-reduzir-acidentes-domesticos\\\/#breadcrumblist\",\"itemListElement\":[{\"@type\":\"ListItem\",\"@id\":\"https:\\\/\\\/www.jornalja.com.br\\\/arquivo#listItem\",\"position\":1,\"name\":\"Home\",\"item\":\"https:\\\/\\\/www.jornalja.com.br\\\/arquivo\",\"nextItem\":{\"@type\":\"ListItem\",\"@id\":\"https:\\\/\\\/www.jornalja.com.br\\\/arquivo\\\/category\\\/geral\\\/#listItem\",\"name\":\"Geral\"}},{\"@type\":\"ListItem\",\"@id\":\"https:\\\/\\\/www.jornalja.com.br\\\/arquivo\\\/category\\\/geral\\\/#listItem\",\"position\":2,\"name\":\"Geral\",\"item\":\"https:\\\/\\\/www.jornalja.com.br\\\/arquivo\\\/category\\\/geral\\\/\",\"nextItem\":{\"@type\":\"ListItem\",\"@id\":\"https:\\\/\\\/www.jornalja.com.br\\\/arquivo\\\/rge-sul-lanca-campanha-chega-de-choque-para-reduzir-acidentes-domesticos\\\/#listItem\",\"name\":\"RGE Sul lan\\u00e7a campanha &quot;Chega de Choque&quot; para reduzir acidentes dom\\u00e9sticos\"},\"previousItem\":{\"@type\":\"ListItem\",\"@id\":\"https:\\\/\\\/www.jornalja.com.br\\\/arquivo#listItem\",\"name\":\"Home\"}},{\"@type\":\"ListItem\",\"@id\":\"https:\\\/\\\/www.jornalja.com.br\\\/arquivo\\\/rge-sul-lanca-campanha-chega-de-choque-para-reduzir-acidentes-domesticos\\\/#listItem\",\"position\":3,\"name\":\"RGE Sul lan\\u00e7a campanha &quot;Chega de Choque&quot; para reduzir acidentes dom\\u00e9sticos\",\"previousItem\":{\"@type\":\"ListItem\",\"@id\":\"https:\\\/\\\/www.jornalja.com.br\\\/arquivo\\\/category\\\/geral\\\/#listItem\",\"name\":\"Geral\"}}]},{\"@type\":\"Organization\",\"@id\":\"https:\\\/\\\/www.jornalja.com.br\\\/arquivo\\\/#organization\",\"name\":\"Jornal J\\u00c1\",\"description\":\"Jornal J\\u00c1 | Porto Alegre\",\"url\":\"https:\\\/\\\/www.jornalja.com.br\\\/arquivo\\\/\",\"telephone\":\"+555133307272\",\"logo\":{\"@type\":\"ImageObject\",\"url\":\"https:\\\/\\\/www.jornalja.com.br\\\/wp-content\\\/uploads\\\/cards\\\/JAslogan.png\",\"@id\":\"https:\\\/\\\/www.jornalja.com.br\\\/arquivo\\\/rge-sul-lanca-campanha-chega-de-choque-para-reduzir-acidentes-domesticos\\\/#organizationLogo\"},\"image\":{\"@id\":\"https:\\\/\\\/www.jornalja.com.br\\\/arquivo\\\/rge-sul-lanca-campanha-chega-de-choque-para-reduzir-acidentes-domesticos\\\/#organizationLogo\"}},{\"@type\":\"Person\",\"@id\":\"https:\\\/\\\/www.jornalja.com.br\\\/arquivo\\\/author\\\/daredacao\\\/#author\",\"url\":\"https:\\\/\\\/www.jornalja.com.br\\\/arquivo\\\/author\\\/daredacao\\\/\",\"name\":\"da Reda\\u00e7\\u00e3o\",\"image\":{\"@type\":\"ImageObject\",\"@id\":\"https:\\\/\\\/www.jornalja.com.br\\\/arquivo\\\/rge-sul-lanca-campanha-chega-de-choque-para-reduzir-acidentes-domesticos\\\/#authorImage\",\"url\":\"https:\\\/\\\/secure.gravatar.com\\\/avatar\\\/469fd857d6605ad19919d27ed29d35a968a25f6e8fd9318356bbb7f57aae9c65?s=96&d=mm&r=g\",\"width\":96,\"height\":96,\"caption\":\"da Reda\\u00e7\\u00e3o\"}},{\"@type\":\"WebPage\",\"@id\":\"https:\\\/\\\/www.jornalja.com.br\\\/arquivo\\\/rge-sul-lanca-campanha-chega-de-choque-para-reduzir-acidentes-domesticos\\\/#webpage\",\"url\":\"https:\\\/\\\/www.jornalja.com.br\\\/arquivo\\\/rge-sul-lanca-campanha-chega-de-choque-para-reduzir-acidentes-domesticos\\\/\",\"name\":\"RGE Sul lan\\u00e7a campanha \\\"Chega de Choque\\\" para reduzir acidentes dom\\u00e9sticos | Arquivo\",\"inLanguage\":\"pt-BR\",\"isPartOf\":{\"@id\":\"https:\\\/\\\/www.jornalja.com.br\\\/arquivo\\\/#website\"},\"breadcrumb\":{\"@id\":\"https:\\\/\\\/www.jornalja.com.br\\\/arquivo\\\/rge-sul-lanca-campanha-chega-de-choque-para-reduzir-acidentes-domesticos\\\/#breadcrumblist\"},\"author\":{\"@id\":\"https:\\\/\\\/www.jornalja.com.br\\\/arquivo\\\/author\\\/daredacao\\\/#author\"},\"creator\":{\"@id\":\"https:\\\/\\\/www.jornalja.com.br\\\/arquivo\\\/author\\\/daredacao\\\/#author\"},\"image\":{\"@type\":\"ImageObject\",\"url\":50100,\"@id\":\"https:\\\/\\\/www.jornalja.com.br\\\/arquivo\\\/rge-sul-lanca-campanha-chega-de-choque-para-reduzir-acidentes-domesticos\\\/#mainImage\"},\"primaryImageOfPage\":{\"@id\":\"https:\\\/\\\/www.jornalja.com.br\\\/arquivo\\\/rge-sul-lanca-campanha-chega-de-choque-para-reduzir-acidentes-domesticos\\\/#mainImage\"},\"datePublished\":\"2017-06-16T11:56:24-03:00\",\"dateModified\":\"2017-06-16T11:56:24-03:00\"},{\"@type\":\"WebSite\",\"@id\":\"https:\\\/\\\/www.jornalja.com.br\\\/arquivo\\\/#website\",\"url\":\"https:\\\/\\\/www.jornalja.com.br\\\/arquivo\\\/\",\"name\":\"Arquivo\",\"description\":\"Jornal J\\u00c1 | Porto Alegre\",\"inLanguage\":\"pt-BR\",\"publisher\":{\"@id\":\"https:\\\/\\\/www.jornalja.com.br\\\/arquivo\\\/#organization\"}}]}\n\t\t<\/script>\n\t\t<!-- All in One SEO -->\n\n","aioseo_head_json":{"title":"RGE Sul lan\u00e7a campanha \"Chega de Choque\" para reduzir acidentes dom\u00e9sticos | Arquivo","description":"","canonical_url":"https:\/\/www.jornalja.com.br\/arquivo\/rge-sul-lanca-campanha-chega-de-choque-para-reduzir-acidentes-domesticos\/","robots":"max-image-preview:large","keywords":"","webmasterTools":{"miscellaneous":""},"schema":{"@context":"https:\/\/schema.org","@graph":[{"@type":"BlogPosting","@id":"https:\/\/www.jornalja.com.br\/arquivo\/rge-sul-lanca-campanha-chega-de-choque-para-reduzir-acidentes-domesticos\/#blogposting","name":"RGE Sul lan\u00e7a campanha \"Chega de Choque\" para reduzir acidentes dom\u00e9sticos | Arquivo","headline":"RGE Sul lan\u00e7a campanha &quot;Chega de Choque&quot; para reduzir acidentes dom\u00e9sticos","author":{"@id":"https:\/\/www.jornalja.com.br\/arquivo\/author\/daredacao\/#author"},"publisher":{"@id":"https:\/\/www.jornalja.com.br\/arquivo\/#organization"},"image":{"@type":"ImageObject","url":50100},"datePublished":"2017-06-16T11:56:24-03:00","dateModified":"2017-06-16T11:56:24-03:00","inLanguage":"pt-BR","mainEntityOfPage":{"@id":"https:\/\/www.jornalja.com.br\/arquivo\/rge-sul-lanca-campanha-chega-de-choque-para-reduzir-acidentes-domesticos\/#webpage"},"isPartOf":{"@id":"https:\/\/www.jornalja.com.br\/arquivo\/rge-sul-lanca-campanha-chega-de-choque-para-reduzir-acidentes-domesticos\/#webpage"},"articleSection":"Geral"},{"@type":"BreadcrumbList","@id":"https:\/\/www.jornalja.com.br\/arquivo\/rge-sul-lanca-campanha-chega-de-choque-para-reduzir-acidentes-domesticos\/#breadcrumblist","itemListElement":[{"@type":"ListItem","@id":"https:\/\/www.jornalja.com.br\/arquivo#listItem","position":1,"name":"Home","item":"https:\/\/www.jornalja.com.br\/arquivo","nextItem":{"@type":"ListItem","@id":"https:\/\/www.jornalja.com.br\/arquivo\/category\/geral\/#listItem","name":"Geral"}},{"@type":"ListItem","@id":"https:\/\/www.jornalja.com.br\/arquivo\/category\/geral\/#listItem","position":2,"name":"Geral","item":"https:\/\/www.jornalja.com.br\/arquivo\/category\/geral\/","nextItem":{"@type":"ListItem","@id":"https:\/\/www.jornalja.com.br\/arquivo\/rge-sul-lanca-campanha-chega-de-choque-para-reduzir-acidentes-domesticos\/#listItem","name":"RGE Sul lan\u00e7a campanha &quot;Chega de Choque&quot; para reduzir acidentes dom\u00e9sticos"},"previousItem":{"@type":"ListItem","@id":"https:\/\/www.jornalja.com.br\/arquivo#listItem","name":"Home"}},{"@type":"ListItem","@id":"https:\/\/www.jornalja.com.br\/arquivo\/rge-sul-lanca-campanha-chega-de-choque-para-reduzir-acidentes-domesticos\/#listItem","position":3,"name":"RGE Sul lan\u00e7a campanha &quot;Chega de Choque&quot; para reduzir acidentes dom\u00e9sticos","previousItem":{"@type":"ListItem","@id":"https:\/\/www.jornalja.com.br\/arquivo\/category\/geral\/#listItem","name":"Geral"}}]},{"@type":"Organization","@id":"https:\/\/www.jornalja.com.br\/arquivo\/#organization","name":"Jornal J\u00c1","description":"Jornal J\u00c1 | Porto Alegre","url":"https:\/\/www.jornalja.com.br\/arquivo\/","telephone":"+555133307272","logo":{"@type":"ImageObject","url":"https:\/\/www.jornalja.com.br\/wp-content\/uploads\/cards\/JAslogan.png","@id":"https:\/\/www.jornalja.com.br\/arquivo\/rge-sul-lanca-campanha-chega-de-choque-para-reduzir-acidentes-domesticos\/#organizationLogo"},"image":{"@id":"https:\/\/www.jornalja.com.br\/arquivo\/rge-sul-lanca-campanha-chega-de-choque-para-reduzir-acidentes-domesticos\/#organizationLogo"}},{"@type":"Person","@id":"https:\/\/www.jornalja.com.br\/arquivo\/author\/daredacao\/#author","url":"https:\/\/www.jornalja.com.br\/arquivo\/author\/daredacao\/","name":"da Reda\u00e7\u00e3o","image":{"@type":"ImageObject","@id":"https:\/\/www.jornalja.com.br\/arquivo\/rge-sul-lanca-campanha-chega-de-choque-para-reduzir-acidentes-domesticos\/#authorImage","url":"https:\/\/secure.gravatar.com\/avatar\/469fd857d6605ad19919d27ed29d35a968a25f6e8fd9318356bbb7f57aae9c65?s=96&d=mm&r=g","width":96,"height":96,"caption":"da Reda\u00e7\u00e3o"}},{"@type":"WebPage","@id":"https:\/\/www.jornalja.com.br\/arquivo\/rge-sul-lanca-campanha-chega-de-choque-para-reduzir-acidentes-domesticos\/#webpage","url":"https:\/\/www.jornalja.com.br\/arquivo\/rge-sul-lanca-campanha-chega-de-choque-para-reduzir-acidentes-domesticos\/","name":"RGE Sul lan\u00e7a campanha \"Chega de Choque\" para reduzir acidentes dom\u00e9sticos | Arquivo","inLanguage":"pt-BR","isPartOf":{"@id":"https:\/\/www.jornalja.com.br\/arquivo\/#website"},"breadcrumb":{"@id":"https:\/\/www.jornalja.com.br\/arquivo\/rge-sul-lanca-campanha-chega-de-choque-para-reduzir-acidentes-domesticos\/#breadcrumblist"},"author":{"@id":"https:\/\/www.jornalja.com.br\/arquivo\/author\/daredacao\/#author"},"creator":{"@id":"https:\/\/www.jornalja.com.br\/arquivo\/author\/daredacao\/#author"},"image":{"@type":"ImageObject","url":50100,"@id":"https:\/\/www.jornalja.com.br\/arquivo\/rge-sul-lanca-campanha-chega-de-choque-para-reduzir-acidentes-domesticos\/#mainImage"},"primaryImageOfPage":{"@id":"https:\/\/www.jornalja.com.br\/arquivo\/rge-sul-lanca-campanha-chega-de-choque-para-reduzir-acidentes-domesticos\/#mainImage"},"datePublished":"2017-06-16T11:56:24-03:00","dateModified":"2017-06-16T11:56:24-03:00"},{"@type":"WebSite","@id":"https:\/\/www.jornalja.com.br\/arquivo\/#website","url":"https:\/\/www.jornalja.com.br\/arquivo\/","name":"Arquivo","description":"Jornal J\u00c1 | Porto Alegre","inLanguage":"pt-BR","publisher":{"@id":"https:\/\/www.jornalja.com.br\/arquivo\/#organization"}}]},"og:locale":"pt_BR","og:site_name":"Arquivo | Jornal J\u00c1 | Porto Alegre","og:type":"article","og:title":"RGE Sul lan\u00e7a campanha &quot;Chega de Choque&quot; para reduzir acidentes dom\u00e9sticos | Arquivo","og:url":"https:\/\/www.jornalja.com.br\/arquivo\/rge-sul-lanca-campanha-chega-de-choque-para-reduzir-acidentes-domesticos\/","og:image":"https:\/\/www.jornalja.com.br\/economics\/wp-content\/uploads\/sites\/11\/2026\/08\/ja-folhaderosto-facebook.jpg","og:image:secure_url":"https:\/\/www.jornalja.com.br\/economics\/wp-content\/uploads\/sites\/11\/2026\/08\/ja-folhaderosto-facebook.jpg","article:published_time":"2017-06-16T14:56:24+00:00","article:modified_time":"2017-06-16T14:56:24+00:00","twitter:card":"summary","twitter:title":"RGE Sul lan\u00e7a campanha &quot;Chega de Choque&quot; para reduzir acidentes dom\u00e9sticos | Arquivo","twitter:image":"https:\/\/www.jornalja.com.br\/economics\/wp-content\/uploads\/sites\/11\/2026\/08\/ja-folhaderosto-facebook.jpg"},"aioseo_meta_data":{"post_id":"50099","title":null,"description":null,"keywords":null,"keyphrases":null,"primary_term":null,"canonical_url":null,"og_title":null,"og_description":null,"og_object_type":"default","og_image_type":"default","og_image_url":null,"og_image_width":null,"og_image_height":null,"og_image_custom_url":null,"og_image_custom_fields":null,"og_video":null,"og_custom_url":null,"og_article_section":null,"og_article_tags":null,"twitter_use_og":false,"twitter_card":"default","twitter_image_type":"default","twitter_image_url":null,"twitter_image_custom_url":null,"twitter_image_custom_fields":null,"twitter_title":null,"twitter_description":null,"schema":{"blockGraphs":[],"customGraphs":[],"default":{"data":{"Article":[],"Course":[],"Dataset":[],"FAQPage":[],"Movie":[],"Person":[],"Product":[],"ProductReview":[],"Car":[],"Recipe":[],"Service":[],"SoftwareApplication":[],"WebPage":[]},"graphName":"","isEnabled":true},"graphs":[]},"schema_type":null,"schema_type_options":null,"pillar_content":false,"robots_default":true,"robots_noindex":false,"robots_noarchive":false,"robots_nosnippet":false,"robots_nofollow":false,"robots_noimageindex":false,"robots_noodp":false,"robots_notranslate":false,"robots_max_snippet":null,"robots_max_videopreview":null,"robots_max_imagepreview":"large","priority":null,"frequency":null,"location":null,"local_seo":null,"breadcrumb_settings":null,"limit_modified_date":false,"ai":null,"created":"2020-12-20 20:32:00","updated":"2025-07-19 22:14:47","seo_analyzer_scan_date":null,"focus_keyword":null,"additional_keywords":null,"truseo_locale":null},"jetpack_sharing_enabled":true,"jetpack-related-posts":[{"id":13128,"url":"https:\/\/www.jornalja.com.br\/arquivo\/maconha-terra-diz-que-uso-medicinal-e-desculpa\/","url_meta":{"origin":50099,"position":0},"title":"Maconha: Terra diz que uso medicinal \u00e9 desculpa","author":"Patr\u00edcia Marini","date":"4 de junho de 2014","format":false,"excerpt":"A condi\u00e7\u00e3o de pol\u00edtico, em \u00e9poca de campanha de campanha eleitoral, tira for\u00e7a do discurso do m\u00e9dico Osmar Terra contra a legaliza\u00e7\u00e3o da maconha. A tese dele de que a libera\u00e7\u00e3o vai ampliar exponencialmente o consumo \u00e9 discutivel, o consumo \u00e9 corrente. Mas seus alertas quanto aos riscos tem que\u2026","rel":"","context":"Em &quot;X.Categorias velhas&quot;","block_context":{"text":"X.Categorias velhas","link":"https:\/\/www.jornalja.com.br\/arquivo\/category\/x-categorias-velhas\/"},"img":{"alt_text":"","src":"","width":0,"height":0},"classes":[]},{"id":13109,"url":"https:\/\/www.jornalja.com.br\/arquivo\/judiciario-reconhece-poluicao-eletromagnetica\/","url_meta":{"origin":50099,"position":1},"title":"Judici\u00e1rio reconhece polui\u00e7\u00e3o eletromagn\u00e9tica","author":"Patr\u00edcia Marini","date":"16 de maio de 2014","format":false,"excerpt":"A\u00e7\u00e3o de duas associa\u00e7\u00f5es de moradores foi acolhida pelo Tribunal de Justi\u00e7a de S\u00e3o Paulo que. em decis\u00e3o in\u00e9dita, determinou a redu\u00e7\u00e3o do campo eletromagn\u00e9tico gerado pelas linhas de transmiss\u00e3o de energia que cortam os bairros City Boa\u00e7ava e Alto de Pinheiros. \u00c9 a primeira vez que um tribunal do\u2026","rel":"","context":"Em &quot;X.Categorias velhas&quot;","block_context":{"text":"X.Categorias velhas","link":"https:\/\/www.jornalja.com.br\/arquivo\/category\/x-categorias-velhas\/"},"img":{"alt_text":"","src":"","width":0,"height":0},"classes":[]},{"id":13240,"url":"https:\/\/www.jornalja.com.br\/arquivo\/plano-diretor-estamos-construindo-o-caos\/","url_meta":{"origin":50099,"position":2},"title":"Plano diretor: &quot;Estamos construindo o caos&quot;","author":"Patr\u00edcia Marini","date":"26 de maio de 2014","format":false,"excerpt":"Desabafo que arquiteta Eliana Castilhos, delegada da Regi\u00e3o de Planejamento 1, postou nas redes sociais \u00e9 um testemunho do ambiente que se criou no Conselho do Plano Diretor de Porto Alegre, onde a aprova\u00e7\u00e3o de grandes empreendimentos \u00e9 empurrada guela abaixo dos conselheiros. Ao CMDUA Como delegada da Regi\u00e3o de\u2026","rel":"","context":"Em &quot;Geral&quot;","block_context":{"text":"Geral","link":"https:\/\/www.jornalja.com.br\/arquivo\/category\/geral\/"},"img":{"alt_text":"","src":"","width":0,"height":0},"classes":[]},{"id":13124,"url":"https:\/\/www.jornalja.com.br\/arquivo\/sangue-latino-no-iecine\/","url_meta":{"origin":50099,"position":3},"title":"Sangue latino no IECINE","author":"da Reda\u00e7\u00e3o","date":"18 de maio de 2014","format":false,"excerpt":"Francisco Ribeiro O Instituto Estadual de Cinema (IECINE) tem a frente, desde abril \u00faltimo, um novo diretor, o cineasta colombiano Juan Zapata, 36, que substitui Luiz Alberto Cassol. Radicado h\u00e1 dez anos em Porto Alegre, Zapata tem diante de si o desafio de conduzir at\u00e9 o final do ano um\u2026","rel":"","context":"Em &quot;Cultura-Geral&quot;","block_context":{"text":"Cultura-Geral","link":"https:\/\/www.jornalja.com.br\/arquivo\/category\/materiasecundaria\/"},"img":{"alt_text":"","src":"","width":0,"height":0},"classes":[]},{"id":5440,"url":"https:\/\/www.jornalja.com.br\/arquivo\/casarao-da-venancio-destino-permanece-incerto\/","url_meta":{"origin":50099,"position":4},"title":"Estado ainda n\u00e3o sabe o que fazer com casar\u00e3o abandonado h\u00e1 20 anos","author":"Elmar Bones","date":"6 de julho de 2009","format":false,"excerpt":"O casar\u00e3o amarelo, numa esquina nobre de Porto Alegre (Ven\u00e2ncio Aires com Jo\u00e3o Pessoa), j\u00e1 abrigou uma escola. H\u00e1 duas d\u00e9cadas, pelo menos, est\u00e1 abandonado, porque seu propriet\u00e1rio, o governo do Estado do Rio Grande do Sul, n\u00e3o consegue achar um destino para ele. Planos n\u00e3o faltaram. O governador Ol\u00edvio\u2026","rel":"","context":"Em &quot;X.Categorias velhas&quot;","block_context":{"text":"X.Categorias velhas","link":"https:\/\/www.jornalja.com.br\/arquivo\/category\/x-categorias-velhas\/"},"img":{"alt_text":"geraldo1","src":"https:\/\/i0.wp.com\/www.jornalja.com.br\/wp-content\/uploads\/2009\/07\/geraldo1.jpg?resize=350%2C200&ssl=1","width":350,"height":200},"classes":[]},{"id":13239,"url":"https:\/\/www.jornalja.com.br\/arquivo\/conselho-desdenha-do-plano-diretor\/","url_meta":{"origin":50099,"position":5},"title":"Porto Alegre: Conselho detona Plano Diretor","author":"Patr\u00edcia Marini","date":"25 de maio de 2014","format":false,"excerpt":"Den\u00fancia do arquiteto e \u00a0urbanista Ibir\u00e1 Santos Lucas. Ele diz que os conselheiros est\u00e3o votando com \"enorme irresponsabilidade\". \"Mudam regime com a maior naturalidade,,,regularizam absurdos de constru\u00e7\u00f5es irregulares... \"O CMDUA est\u00e1 flexibilizando a lei do plano diretor, de uma forma impactante na vida da cidade. Mudam regime com a maior\u2026","rel":"","context":"Em &quot;Geral&quot;","block_context":{"text":"Geral","link":"https:\/\/www.jornalja.com.br\/arquivo\/category\/geral\/"},"img":{"alt_text":"","src":"","width":0,"height":0},"classes":[]}],"jetpack_shortlink":"https:\/\/wp.me\/pbQjBd-d23","jetpack_featured_media_url":"","_links":{"self":[{"href":"https:\/\/www.jornalja.com.br\/arquivo\/wp-json\/wp\/v2\/posts\/50099","targetHints":{"allow":["GET"]}}],"collection":[{"href":"https:\/\/www.jornalja.com.br\/arquivo\/wp-json\/wp\/v2\/posts"}],"about":[{"href":"https:\/\/www.jornalja.com.br\/arquivo\/wp-json\/wp\/v2\/types\/post"}],"author":[{"embeddable":true,"href":"https:\/\/www.jornalja.com.br\/arquivo\/wp-json\/wp\/v2\/users\/4"}],"replies":[{"embeddable":true,"href":"https:\/\/www.jornalja.com.br\/arquivo\/wp-json\/wp\/v2\/comments?post=50099"}],"version-history":[{"count":0,"href":"https:\/\/www.jornalja.com.br\/arquivo\/wp-json\/wp\/v2\/posts\/50099\/revisions"}],"wp:attachment":[{"href":"https:\/\/www.jornalja.com.br\/arquivo\/wp-json\/wp\/v2\/media?parent=50099"}],"wp:term":[{"taxonomy":"category","embeddable":true,"href":"https:\/\/www.jornalja.com.br\/arquivo\/wp-json\/wp\/v2\/categories?post=50099"},{"taxonomy":"post_tag","embeddable":true,"href":"https:\/\/www.jornalja.com.br\/arquivo\/wp-json\/wp\/v2\/tags?post=50099"}],"curies":[{"name":"wp","href":"https:\/\/api.w.org\/{rel}","templated":true}]}}