{"id":50117,"date":"2017-06-16T16:31:33","date_gmt":"2017-06-16T19:31:33","guid":{"rendered":"https:\/\/www.jornalja.com.br\/?p=50117"},"modified":"2017-06-16T16:31:33","modified_gmt":"2017-06-16T19:31:33","slug":"apos-desocupacao-movimentos-sociais-pedem-a-demissao-do-secretario-cezar-schirmer","status":"publish","type":"post","link":"https:\/\/www.jornalja.com.br\/arquivo\/apos-desocupacao-movimentos-sociais-pedem-a-demissao-do-secretario-cezar-schirmer\/","title":{"rendered":"Ap\u00f3s desocupa\u00e7\u00e3o, movimentos sociais pedem demiss\u00e3o de Cezar Schirmer"},"content":{"rendered":"<p>Dois dias depois da reintegra\u00e7\u00e3o de posse da Ocupa\u00e7\u00e3o Lanceiros Negros, cerca de 100 pessoas marcharam at\u00e9 o Pal\u00e1cio Piratini para pedir a demiss\u00e3o de Cezar Schirmer do cargo de Secret\u00e1rio de Seguran\u00e7a P\u00fablica do Rio Grande do Sul.<br \/>\nRepresentantes de movimentos sociais como o MLB (Movimento de Lutas nos Bairros, Vilas e Favelas), centrais sindicais, al\u00e9m de parlamentares do PT, PSol, PSTU, PCdoB reuniram-se em frente \u00e0 Ocupa\u00e7\u00e3o Mulheres Mirabal por volta das 11h da manh\u00e3.<br \/>\nRepresentantes de entidades e alguns vereadores e deputados iam alternando falas no microfone. Todos eles criticando a forma como a Brigada Militar executou a reintegra\u00e7\u00e3o de posse.\u00a0 N\u00e3o faltaram cr\u00edticas ao governador Jos\u00e9 Ivo Sartori e ao secret\u00e1rio Schirmer, que foi responsabilizado por ter dado aval para a a\u00e7\u00e3o da Brigada MiIitar.<br \/>\n&#8220;Estamos vivendo uma ruptura do Estado Democr\u00e1tico de Direito&#8221; declarou o deputado estadual Jeferson Fernandes (PT), preso pela Brigada Militar durante a opera\u00e7\u00e3o. Fernandes \u00e9 presidente da Comiss\u00e3o de Direitos Humanos da Assembleia Legislativa e foi detido quando tentava mediar a reintegra\u00e7\u00e3o.<br \/>\nPriscila Voigt, uma das representes do MLB e que morou na Ocupa\u00e7\u00e3o Lanceiros Negros tamb\u00e9m criticou a a\u00e7\u00e3o da \u00faltima quarta-feira. &#8220;Muitas fam\u00edlias ainda est\u00e3o traumatizadas&#8221;, contou ela.<br \/>\n<strong>Entidades e parlamentares foram recebidos pelo segundo escal\u00e3o<\/strong><br \/>\nNo come\u00e7o da tarde, j\u00e1 na frente do Pal\u00e1cio Piratini, o deputado Jeferson Fernandes ao microfone mais uma vez criticou a a\u00e7\u00e3o da BM na desocupa\u00e7\u00e3o. &#8220;Deveria ter a presen\u00e7a do Conselho Tutelar&#8221;, salientou.<br \/>\nSeis integrantes de entidades e sindicatos, mais os parlamentares presentes, foram autorizados a entrar no Piratini. Foram recebidos no sagu\u00e3o pelo secret\u00e1rio adjunto da Casa Civil, Jos\u00e9 Guilherme Kliemann. &#8220;N\u00e3o houve reuni\u00e3o&#8221;, disse, ao sair, o deputado Pedro Ruas (Psol).<br \/>\n&#8220;Fomos tratados que nem lixo&#8221;, reclamou Priscila. Segundo ela o representante n\u00e3o cumprimentou nem a ela nem os demais representantes dos movimentos sociais, somente os parlamentares. Kliemann disse que n\u00e3o poderia responder nem falar pelo governo. A Imprensa n\u00e3o pode acompanhar o encontro.<br \/>\nO governo, por meio do site oficial, limitou-se a dizer que ao receber os manifestante<em>\u00a0reiterou o permanente canal de di\u00e1logo, j\u00e1 estabelecido desde 2015, e registrou que foram oferecidas alternativas em car\u00e1ter emergencial de acolhimento e transporte dos bens das fam\u00edlias, no abrigo Centro Vida Human\u00edstico.<\/em><br \/>\n&nbsp;<br \/>\n<figure id=\"attachment_50122\" aria-describedby=\"caption-attachment-50122\" style=\"width: 1150px\" class=\"wp-caption alignleft\"><img loading=\"lazy\" decoding=\"async\" class=\"size-full wp-image-50122\" src=\"https:\/\/www.jornalja.com.br\/wp-content\/uploads\/2017\/06\/IMG_20170616_120057.jpg\" alt=\"\" width=\"1150\" height=\"647\" \/><figcaption id=\"caption-attachment-50122\" class=\"wp-caption-text\">Foto: Jornal J\u00e1<\/figcaption><\/figure><\/p>\n","protected":false},"excerpt":{"rendered":"<p>Dois dias depois da reintegra\u00e7\u00e3o de posse da Ocupa\u00e7\u00e3o Lanceiros Negros, cerca de 100 pessoas marcharam at\u00e9 o Pal\u00e1cio Piratini para pedir a demiss\u00e3o de Cezar Schirmer do cargo de Secret\u00e1rio de Seguran\u00e7a P\u00fablica do Rio Grande do Sul. Representantes de movimentos sociais como o MLB (Movimento de Lutas nos Bairros, Vilas e Favelas), centrais [&hellip;]<\/p>\n","protected":false},"author":4,"featured_media":50121,"comment_status":"open","ping_status":"closed","sticky":false,"template":"","format":"standard","meta":{"_jetpack_newsletter_access":"","_jetpack_dont_email_post_to_subs":false,"_jetpack_newsletter_tier_id":0,"_jetpack_memberships_contains_paywalled_content":false,"_jetpack_feature_clip_id":0,"_jetpack_memberships_contains_paid_content":false,"footnotes":"","jetpack_post_was_ever_published":false},"categories":[26],"tags":[],"class_list":["post-50117","post","type-post","status-publish","format-standard","has-post-thumbnail","hentry","category-geral"],"aioseo_notices":[],"aioseo_head":"\n\t\t<!-- All in One SEO 5.0.1.1 - aioseo.com -->\n\t<meta name=\"robots\" content=\"max-image-preview:large\" \/>\n\t<meta name=\"author\" content=\"da Reda\u00e7\u00e3o\"\/>\n\t<link rel=\"canonical\" href=\"https:\/\/www.jornalja.com.br\/arquivo\/apos-desocupacao-movimentos-sociais-pedem-a-demissao-do-secretario-cezar-schirmer\/\" \/>\n\t<meta name=\"generator\" content=\"All in One SEO (AIOSEO) 5.0.1.1\" \/>\n\t\t<meta property=\"og:locale\" content=\"pt_BR\" \/>\n\t\t<meta property=\"og:site_name\" content=\"Arquivo | Jornal J\u00c1 | Porto Alegre\" \/>\n\t\t<meta property=\"og:type\" content=\"article\" \/>\n\t\t<meta property=\"og:title\" content=\"Ap\u00f3s desocupa\u00e7\u00e3o, movimentos sociais pedem demiss\u00e3o de Cezar Schirmer | Arquivo\" \/>\n\t\t<meta property=\"og:url\" content=\"https:\/\/www.jornalja.com.br\/arquivo\/apos-desocupacao-movimentos-sociais-pedem-a-demissao-do-secretario-cezar-schirmer\/\" \/>\n\t\t<meta property=\"og:image\" content=\"https:\/\/www.jornalja.com.br\/wp-content\/uploads\/2017\/06\/IMG_20170616_120057.jpg\" \/>\n\t\t<meta property=\"og:image:secure_url\" content=\"https:\/\/www.jornalja.com.br\/wp-content\/uploads\/2017\/06\/IMG_20170616_120057.jpg\" \/>\n\t\t<meta property=\"article:published_time\" content=\"2017-06-16T19:31:33+00:00\" \/>\n\t\t<meta property=\"article:modified_time\" content=\"2017-06-16T19:31:33+00:00\" \/>\n\t\t<meta name=\"twitter:card\" content=\"summary\" \/>\n\t\t<meta name=\"twitter:title\" content=\"Ap\u00f3s desocupa\u00e7\u00e3o, movimentos sociais pedem demiss\u00e3o de Cezar Schirmer | Arquivo\" \/>\n\t\t<meta name=\"twitter:image\" content=\"https:\/\/www.jornalja.com.br\/economics\/wp-content\/uploads\/sites\/11\/2026\/08\/ja-folhaderosto-facebook.jpg\" \/>\n\t\t<script type=\"application\/ld+json\" class=\"aioseo-schema\">\n\t\t\t{\"@context\":\"https:\\\/\\\/schema.org\",\"@graph\":[{\"@type\":\"BlogPosting\",\"@id\":\"https:\\\/\\\/www.jornalja.com.br\\\/arquivo\\\/apos-desocupacao-movimentos-sociais-pedem-a-demissao-do-secretario-cezar-schirmer\\\/#blogposting\",\"name\":\"Ap\\u00f3s desocupa\\u00e7\\u00e3o, movimentos sociais pedem demiss\\u00e3o de Cezar Schirmer | Arquivo\",\"headline\":\"Ap\\u00f3s desocupa\\u00e7\\u00e3o, movimentos sociais pedem demiss\\u00e3o de Cezar Schirmer\",\"author\":{\"@id\":\"https:\\\/\\\/www.jornalja.com.br\\\/arquivo\\\/author\\\/daredacao\\\/#author\"},\"publisher\":{\"@id\":\"https:\\\/\\\/www.jornalja.com.br\\\/arquivo\\\/#organization\"},\"image\":{\"@type\":\"ImageObject\",\"url\":50121},\"datePublished\":\"2017-06-16T16:31:33-03:00\",\"dateModified\":\"2017-06-16T16:31:33-03:00\",\"inLanguage\":\"pt-BR\",\"mainEntityOfPage\":{\"@id\":\"https:\\\/\\\/www.jornalja.com.br\\\/arquivo\\\/apos-desocupacao-movimentos-sociais-pedem-a-demissao-do-secretario-cezar-schirmer\\\/#webpage\"},\"isPartOf\":{\"@id\":\"https:\\\/\\\/www.jornalja.com.br\\\/arquivo\\\/apos-desocupacao-movimentos-sociais-pedem-a-demissao-do-secretario-cezar-schirmer\\\/#webpage\"},\"articleSection\":\"Geral\"},{\"@type\":\"BreadcrumbList\",\"@id\":\"https:\\\/\\\/www.jornalja.com.br\\\/arquivo\\\/apos-desocupacao-movimentos-sociais-pedem-a-demissao-do-secretario-cezar-schirmer\\\/#breadcrumblist\",\"itemListElement\":[{\"@type\":\"ListItem\",\"@id\":\"https:\\\/\\\/www.jornalja.com.br\\\/arquivo#listItem\",\"position\":1,\"name\":\"Home\",\"item\":\"https:\\\/\\\/www.jornalja.com.br\\\/arquivo\",\"nextItem\":{\"@type\":\"ListItem\",\"@id\":\"https:\\\/\\\/www.jornalja.com.br\\\/arquivo\\\/category\\\/geral\\\/#listItem\",\"name\":\"Geral\"}},{\"@type\":\"ListItem\",\"@id\":\"https:\\\/\\\/www.jornalja.com.br\\\/arquivo\\\/category\\\/geral\\\/#listItem\",\"position\":2,\"name\":\"Geral\",\"item\":\"https:\\\/\\\/www.jornalja.com.br\\\/arquivo\\\/category\\\/geral\\\/\",\"nextItem\":{\"@type\":\"ListItem\",\"@id\":\"https:\\\/\\\/www.jornalja.com.br\\\/arquivo\\\/apos-desocupacao-movimentos-sociais-pedem-a-demissao-do-secretario-cezar-schirmer\\\/#listItem\",\"name\":\"Ap\\u00f3s desocupa\\u00e7\\u00e3o, movimentos sociais pedem demiss\\u00e3o de Cezar Schirmer\"},\"previousItem\":{\"@type\":\"ListItem\",\"@id\":\"https:\\\/\\\/www.jornalja.com.br\\\/arquivo#listItem\",\"name\":\"Home\"}},{\"@type\":\"ListItem\",\"@id\":\"https:\\\/\\\/www.jornalja.com.br\\\/arquivo\\\/apos-desocupacao-movimentos-sociais-pedem-a-demissao-do-secretario-cezar-schirmer\\\/#listItem\",\"position\":3,\"name\":\"Ap\\u00f3s desocupa\\u00e7\\u00e3o, movimentos sociais pedem demiss\\u00e3o de Cezar Schirmer\",\"previousItem\":{\"@type\":\"ListItem\",\"@id\":\"https:\\\/\\\/www.jornalja.com.br\\\/arquivo\\\/category\\\/geral\\\/#listItem\",\"name\":\"Geral\"}}]},{\"@type\":\"Organization\",\"@id\":\"https:\\\/\\\/www.jornalja.com.br\\\/arquivo\\\/#organization\",\"name\":\"Jornal J\\u00c1\",\"description\":\"Jornal J\\u00c1 | Porto Alegre\",\"url\":\"https:\\\/\\\/www.jornalja.com.br\\\/arquivo\\\/\",\"telephone\":\"+555133307272\",\"logo\":{\"@type\":\"ImageObject\",\"url\":\"https:\\\/\\\/www.jornalja.com.br\\\/wp-content\\\/uploads\\\/cards\\\/JAslogan.png\",\"@id\":\"https:\\\/\\\/www.jornalja.com.br\\\/arquivo\\\/apos-desocupacao-movimentos-sociais-pedem-a-demissao-do-secretario-cezar-schirmer\\\/#organizationLogo\"},\"image\":{\"@id\":\"https:\\\/\\\/www.jornalja.com.br\\\/arquivo\\\/apos-desocupacao-movimentos-sociais-pedem-a-demissao-do-secretario-cezar-schirmer\\\/#organizationLogo\"}},{\"@type\":\"Person\",\"@id\":\"https:\\\/\\\/www.jornalja.com.br\\\/arquivo\\\/author\\\/daredacao\\\/#author\",\"url\":\"https:\\\/\\\/www.jornalja.com.br\\\/arquivo\\\/author\\\/daredacao\\\/\",\"name\":\"da Reda\\u00e7\\u00e3o\",\"image\":{\"@type\":\"ImageObject\",\"@id\":\"https:\\\/\\\/www.jornalja.com.br\\\/arquivo\\\/apos-desocupacao-movimentos-sociais-pedem-a-demissao-do-secretario-cezar-schirmer\\\/#authorImage\",\"url\":\"https:\\\/\\\/secure.gravatar.com\\\/avatar\\\/469fd857d6605ad19919d27ed29d35a968a25f6e8fd9318356bbb7f57aae9c65?s=96&d=mm&r=g\",\"width\":96,\"height\":96,\"caption\":\"da Reda\\u00e7\\u00e3o\"}},{\"@type\":\"WebPage\",\"@id\":\"https:\\\/\\\/www.jornalja.com.br\\\/arquivo\\\/apos-desocupacao-movimentos-sociais-pedem-a-demissao-do-secretario-cezar-schirmer\\\/#webpage\",\"url\":\"https:\\\/\\\/www.jornalja.com.br\\\/arquivo\\\/apos-desocupacao-movimentos-sociais-pedem-a-demissao-do-secretario-cezar-schirmer\\\/\",\"name\":\"Ap\\u00f3s desocupa\\u00e7\\u00e3o, movimentos sociais pedem demiss\\u00e3o de Cezar Schirmer | Arquivo\",\"inLanguage\":\"pt-BR\",\"isPartOf\":{\"@id\":\"https:\\\/\\\/www.jornalja.com.br\\\/arquivo\\\/#website\"},\"breadcrumb\":{\"@id\":\"https:\\\/\\\/www.jornalja.com.br\\\/arquivo\\\/apos-desocupacao-movimentos-sociais-pedem-a-demissao-do-secretario-cezar-schirmer\\\/#breadcrumblist\"},\"author\":{\"@id\":\"https:\\\/\\\/www.jornalja.com.br\\\/arquivo\\\/author\\\/daredacao\\\/#author\"},\"creator\":{\"@id\":\"https:\\\/\\\/www.jornalja.com.br\\\/arquivo\\\/author\\\/daredacao\\\/#author\"},\"image\":{\"@type\":\"ImageObject\",\"url\":50121,\"@id\":\"https:\\\/\\\/www.jornalja.com.br\\\/arquivo\\\/apos-desocupacao-movimentos-sociais-pedem-a-demissao-do-secretario-cezar-schirmer\\\/#mainImage\"},\"primaryImageOfPage\":{\"@id\":\"https:\\\/\\\/www.jornalja.com.br\\\/arquivo\\\/apos-desocupacao-movimentos-sociais-pedem-a-demissao-do-secretario-cezar-schirmer\\\/#mainImage\"},\"datePublished\":\"2017-06-16T16:31:33-03:00\",\"dateModified\":\"2017-06-16T16:31:33-03:00\"},{\"@type\":\"WebSite\",\"@id\":\"https:\\\/\\\/www.jornalja.com.br\\\/arquivo\\\/#website\",\"url\":\"https:\\\/\\\/www.jornalja.com.br\\\/arquivo\\\/\",\"name\":\"Arquivo\",\"description\":\"Jornal J\\u00c1 | Porto Alegre\",\"inLanguage\":\"pt-BR\",\"publisher\":{\"@id\":\"https:\\\/\\\/www.jornalja.com.br\\\/arquivo\\\/#organization\"}}]}\n\t\t<\/script>\n\t\t<!-- All in One SEO -->\n\n","aioseo_head_json":{"title":"Ap\u00f3s desocupa\u00e7\u00e3o, movimentos sociais pedem demiss\u00e3o de Cezar Schirmer | Arquivo","description":"","canonical_url":"https:\/\/www.jornalja.com.br\/arquivo\/apos-desocupacao-movimentos-sociais-pedem-a-demissao-do-secretario-cezar-schirmer\/","robots":"max-image-preview:large","keywords":"","webmasterTools":{"miscellaneous":""},"schema":{"@context":"https:\/\/schema.org","@graph":[{"@type":"BlogPosting","@id":"https:\/\/www.jornalja.com.br\/arquivo\/apos-desocupacao-movimentos-sociais-pedem-a-demissao-do-secretario-cezar-schirmer\/#blogposting","name":"Ap\u00f3s desocupa\u00e7\u00e3o, movimentos sociais pedem demiss\u00e3o de Cezar Schirmer | Arquivo","headline":"Ap\u00f3s desocupa\u00e7\u00e3o, movimentos sociais pedem demiss\u00e3o de Cezar Schirmer","author":{"@id":"https:\/\/www.jornalja.com.br\/arquivo\/author\/daredacao\/#author"},"publisher":{"@id":"https:\/\/www.jornalja.com.br\/arquivo\/#organization"},"image":{"@type":"ImageObject","url":50121},"datePublished":"2017-06-16T16:31:33-03:00","dateModified":"2017-06-16T16:31:33-03:00","inLanguage":"pt-BR","mainEntityOfPage":{"@id":"https:\/\/www.jornalja.com.br\/arquivo\/apos-desocupacao-movimentos-sociais-pedem-a-demissao-do-secretario-cezar-schirmer\/#webpage"},"isPartOf":{"@id":"https:\/\/www.jornalja.com.br\/arquivo\/apos-desocupacao-movimentos-sociais-pedem-a-demissao-do-secretario-cezar-schirmer\/#webpage"},"articleSection":"Geral"},{"@type":"BreadcrumbList","@id":"https:\/\/www.jornalja.com.br\/arquivo\/apos-desocupacao-movimentos-sociais-pedem-a-demissao-do-secretario-cezar-schirmer\/#breadcrumblist","itemListElement":[{"@type":"ListItem","@id":"https:\/\/www.jornalja.com.br\/arquivo#listItem","position":1,"name":"Home","item":"https:\/\/www.jornalja.com.br\/arquivo","nextItem":{"@type":"ListItem","@id":"https:\/\/www.jornalja.com.br\/arquivo\/category\/geral\/#listItem","name":"Geral"}},{"@type":"ListItem","@id":"https:\/\/www.jornalja.com.br\/arquivo\/category\/geral\/#listItem","position":2,"name":"Geral","item":"https:\/\/www.jornalja.com.br\/arquivo\/category\/geral\/","nextItem":{"@type":"ListItem","@id":"https:\/\/www.jornalja.com.br\/arquivo\/apos-desocupacao-movimentos-sociais-pedem-a-demissao-do-secretario-cezar-schirmer\/#listItem","name":"Ap\u00f3s desocupa\u00e7\u00e3o, movimentos sociais pedem demiss\u00e3o de Cezar Schirmer"},"previousItem":{"@type":"ListItem","@id":"https:\/\/www.jornalja.com.br\/arquivo#listItem","name":"Home"}},{"@type":"ListItem","@id":"https:\/\/www.jornalja.com.br\/arquivo\/apos-desocupacao-movimentos-sociais-pedem-a-demissao-do-secretario-cezar-schirmer\/#listItem","position":3,"name":"Ap\u00f3s desocupa\u00e7\u00e3o, movimentos sociais pedem demiss\u00e3o de Cezar Schirmer","previousItem":{"@type":"ListItem","@id":"https:\/\/www.jornalja.com.br\/arquivo\/category\/geral\/#listItem","name":"Geral"}}]},{"@type":"Organization","@id":"https:\/\/www.jornalja.com.br\/arquivo\/#organization","name":"Jornal J\u00c1","description":"Jornal J\u00c1 | Porto Alegre","url":"https:\/\/www.jornalja.com.br\/arquivo\/","telephone":"+555133307272","logo":{"@type":"ImageObject","url":"https:\/\/www.jornalja.com.br\/wp-content\/uploads\/cards\/JAslogan.png","@id":"https:\/\/www.jornalja.com.br\/arquivo\/apos-desocupacao-movimentos-sociais-pedem-a-demissao-do-secretario-cezar-schirmer\/#organizationLogo"},"image":{"@id":"https:\/\/www.jornalja.com.br\/arquivo\/apos-desocupacao-movimentos-sociais-pedem-a-demissao-do-secretario-cezar-schirmer\/#organizationLogo"}},{"@type":"Person","@id":"https:\/\/www.jornalja.com.br\/arquivo\/author\/daredacao\/#author","url":"https:\/\/www.jornalja.com.br\/arquivo\/author\/daredacao\/","name":"da Reda\u00e7\u00e3o","image":{"@type":"ImageObject","@id":"https:\/\/www.jornalja.com.br\/arquivo\/apos-desocupacao-movimentos-sociais-pedem-a-demissao-do-secretario-cezar-schirmer\/#authorImage","url":"https:\/\/secure.gravatar.com\/avatar\/469fd857d6605ad19919d27ed29d35a968a25f6e8fd9318356bbb7f57aae9c65?s=96&d=mm&r=g","width":96,"height":96,"caption":"da Reda\u00e7\u00e3o"}},{"@type":"WebPage","@id":"https:\/\/www.jornalja.com.br\/arquivo\/apos-desocupacao-movimentos-sociais-pedem-a-demissao-do-secretario-cezar-schirmer\/#webpage","url":"https:\/\/www.jornalja.com.br\/arquivo\/apos-desocupacao-movimentos-sociais-pedem-a-demissao-do-secretario-cezar-schirmer\/","name":"Ap\u00f3s desocupa\u00e7\u00e3o, movimentos sociais pedem demiss\u00e3o de Cezar Schirmer | Arquivo","inLanguage":"pt-BR","isPartOf":{"@id":"https:\/\/www.jornalja.com.br\/arquivo\/#website"},"breadcrumb":{"@id":"https:\/\/www.jornalja.com.br\/arquivo\/apos-desocupacao-movimentos-sociais-pedem-a-demissao-do-secretario-cezar-schirmer\/#breadcrumblist"},"author":{"@id":"https:\/\/www.jornalja.com.br\/arquivo\/author\/daredacao\/#author"},"creator":{"@id":"https:\/\/www.jornalja.com.br\/arquivo\/author\/daredacao\/#author"},"image":{"@type":"ImageObject","url":50121,"@id":"https:\/\/www.jornalja.com.br\/arquivo\/apos-desocupacao-movimentos-sociais-pedem-a-demissao-do-secretario-cezar-schirmer\/#mainImage"},"primaryImageOfPage":{"@id":"https:\/\/www.jornalja.com.br\/arquivo\/apos-desocupacao-movimentos-sociais-pedem-a-demissao-do-secretario-cezar-schirmer\/#mainImage"},"datePublished":"2017-06-16T16:31:33-03:00","dateModified":"2017-06-16T16:31:33-03:00"},{"@type":"WebSite","@id":"https:\/\/www.jornalja.com.br\/arquivo\/#website","url":"https:\/\/www.jornalja.com.br\/arquivo\/","name":"Arquivo","description":"Jornal J\u00c1 | Porto Alegre","inLanguage":"pt-BR","publisher":{"@id":"https:\/\/www.jornalja.com.br\/arquivo\/#organization"}}]},"og:locale":"pt_BR","og:site_name":"Arquivo | Jornal J\u00c1 | Porto Alegre","og:type":"article","og:title":"Ap\u00f3s desocupa\u00e7\u00e3o, movimentos sociais pedem demiss\u00e3o de Cezar Schirmer | Arquivo","og:url":"https:\/\/www.jornalja.com.br\/arquivo\/apos-desocupacao-movimentos-sociais-pedem-a-demissao-do-secretario-cezar-schirmer\/","og:image":"https:\/\/www.jornalja.com.br\/wp-content\/uploads\/2017\/06\/IMG_20170616_120057.jpg","og:image:secure_url":"https:\/\/www.jornalja.com.br\/wp-content\/uploads\/2017\/06\/IMG_20170616_120057.jpg","article:published_time":"2017-06-16T19:31:33+00:00","article:modified_time":"2017-06-16T19:31:33+00:00","twitter:card":"summary","twitter:title":"Ap\u00f3s desocupa\u00e7\u00e3o, movimentos sociais pedem demiss\u00e3o de Cezar Schirmer | Arquivo","twitter:image":"https:\/\/www.jornalja.com.br\/economics\/wp-content\/uploads\/sites\/11\/2026\/08\/ja-folhaderosto-facebook.jpg"},"aioseo_meta_data":{"post_id":"50117","title":null,"description":null,"keywords":null,"keyphrases":null,"primary_term":null,"canonical_url":null,"og_title":null,"og_description":null,"og_object_type":"default","og_image_type":"default","og_image_url":null,"og_image_width":null,"og_image_height":null,"og_image_custom_url":null,"og_image_custom_fields":null,"og_video":null,"og_custom_url":null,"og_article_section":null,"og_article_tags":null,"twitter_use_og":false,"twitter_card":"default","twitter_image_type":"default","twitter_image_url":null,"twitter_image_custom_url":null,"twitter_image_custom_fields":null,"twitter_title":null,"twitter_description":null,"schema":{"blockGraphs":[],"customGraphs":[],"default":{"data":{"Article":[],"Course":[],"Dataset":[],"FAQPage":[],"Movie":[],"Person":[],"Product":[],"ProductReview":[],"Car":[],"Recipe":[],"Service":[],"SoftwareApplication":[],"WebPage":[]},"graphName":"","isEnabled":true},"graphs":[]},"schema_type":null,"schema_type_options":null,"pillar_content":false,"robots_default":true,"robots_noindex":false,"robots_noarchive":false,"robots_nosnippet":false,"robots_nofollow":false,"robots_noimageindex":false,"robots_noodp":false,"robots_notranslate":false,"robots_max_snippet":null,"robots_max_videopreview":null,"robots_max_imagepreview":"large","priority":null,"frequency":null,"location":null,"local_seo":null,"breadcrumb_settings":null,"limit_modified_date":false,"ai":null,"created":"2020-12-20 20:32:00","updated":"2025-07-19 22:14:47","seo_analyzer_scan_date":null,"focus_keyword":null,"additional_keywords":null,"truseo_locale":null},"jetpack_sharing_enabled":true,"jetpack-related-posts":[{"id":13240,"url":"https:\/\/www.jornalja.com.br\/arquivo\/plano-diretor-estamos-construindo-o-caos\/","url_meta":{"origin":50117,"position":0},"title":"Plano diretor: &quot;Estamos construindo o caos&quot;","author":"Patr\u00edcia Marini","date":"26 de maio de 2014","format":false,"excerpt":"Desabafo que arquiteta Eliana Castilhos, delegada da Regi\u00e3o de Planejamento 1, postou nas redes sociais \u00e9 um testemunho do ambiente que se criou no Conselho do Plano Diretor de Porto Alegre, onde a aprova\u00e7\u00e3o de grandes empreendimentos \u00e9 empurrada guela abaixo dos conselheiros. Ao CMDUA Como delegada da Regi\u00e3o de\u2026","rel":"","context":"Em &quot;Geral&quot;","block_context":{"text":"Geral","link":"https:\/\/www.jornalja.com.br\/arquivo\/category\/geral\/"},"img":{"alt_text":"","src":"","width":0,"height":0},"classes":[]},{"id":5440,"url":"https:\/\/www.jornalja.com.br\/arquivo\/casarao-da-venancio-destino-permanece-incerto\/","url_meta":{"origin":50117,"position":1},"title":"Estado ainda n\u00e3o sabe o que fazer com casar\u00e3o abandonado h\u00e1 20 anos","author":"Elmar Bones","date":"6 de julho de 2009","format":false,"excerpt":"O casar\u00e3o amarelo, numa esquina nobre de Porto Alegre (Ven\u00e2ncio Aires com Jo\u00e3o Pessoa), j\u00e1 abrigou uma escola. H\u00e1 duas d\u00e9cadas, pelo menos, est\u00e1 abandonado, porque seu propriet\u00e1rio, o governo do Estado do Rio Grande do Sul, n\u00e3o consegue achar um destino para ele. Planos n\u00e3o faltaram. O governador Ol\u00edvio\u2026","rel":"","context":"Em &quot;X.Categorias velhas&quot;","block_context":{"text":"X.Categorias velhas","link":"https:\/\/www.jornalja.com.br\/arquivo\/category\/x-categorias-velhas\/"},"img":{"alt_text":"geraldo1","src":"https:\/\/i0.wp.com\/www.jornalja.com.br\/wp-content\/uploads\/2009\/07\/geraldo1.jpg?resize=350%2C200&ssl=1","width":350,"height":200},"classes":[]},{"id":13101,"url":"https:\/\/www.jornalja.com.br\/arquivo\/morre-um-guerreiro-do-texto\/","url_meta":{"origin":50117,"position":2},"title":"Morre um guerreiro do texto","author":"Patr\u00edcia Marini","date":"14 de maio de 2014","format":false,"excerpt":"Por Ricardo Kotscho Reproduzido do blog do autor, 11\/5\/2014; t\u00edtulo original \u201cE l\u00e1 se foi o nosso Myltainho, guerreiro do texto\u201d. Mi\u00fado e franzino, meu amigo Myltainho era um valente e inconformado guerreiro na luta contra as injusti\u00e7as sociais, a hipocrisia, as maracutaias, o autoritarismo, a intoler\u00e2ncia, a viol\u00eancia, o\u2026","rel":"","context":"Em &quot;Geral&quot;","block_context":{"text":"Geral","link":"https:\/\/www.jornalja.com.br\/arquivo\/category\/geral\/"},"img":{"alt_text":"","src":"","width":0,"height":0},"classes":[]},{"id":13124,"url":"https:\/\/www.jornalja.com.br\/arquivo\/sangue-latino-no-iecine\/","url_meta":{"origin":50117,"position":3},"title":"Sangue latino no IECINE","author":"da Reda\u00e7\u00e3o","date":"18 de maio de 2014","format":false,"excerpt":"Francisco Ribeiro O Instituto Estadual de Cinema (IECINE) tem a frente, desde abril \u00faltimo, um novo diretor, o cineasta colombiano Juan Zapata, 36, que substitui Luiz Alberto Cassol. Radicado h\u00e1 dez anos em Porto Alegre, Zapata tem diante de si o desafio de conduzir at\u00e9 o final do ano um\u2026","rel":"","context":"Em &quot;Cultura-Geral&quot;","block_context":{"text":"Cultura-Geral","link":"https:\/\/www.jornalja.com.br\/arquivo\/category\/materiasecundaria\/"},"img":{"alt_text":"","src":"","width":0,"height":0},"classes":[]},{"id":12960,"url":"https:\/\/www.jornalja.com.br\/arquivo\/populacao-culpa-empresas-pela-greve-dos-rodoviarios\/","url_meta":{"origin":50117,"position":4},"title":"Popula\u00e7\u00e3o culpa empresas pela greve","author":"Patr\u00edcia Marini","date":"14 de fevereiro de 2014","format":false,"excerpt":"Pesquisa divulgada na edi\u00e7\u00e3o do jornal Metro desta sexta-feira,14, comprova o velho ditado: \u00e9 poss\u00edvel enganar muitos por algum tempo, mas n\u00e3o \u00e9 poss\u00edvel enganar a todos o tempo inteiro. A principal revela\u00e7\u00e3o foi que 59,8% dos entrevistados apontaram as empresas como as principais respons\u00e1veis pela grave e 46% culparam\u2026","rel":"","context":"Em &quot;X.Categorias velhas&quot;","block_context":{"text":"X.Categorias velhas","link":"https:\/\/www.jornalja.com.br\/arquivo\/category\/x-categorias-velhas\/"},"img":{"alt_text":"","src":"","width":0,"height":0},"classes":[]},{"id":13128,"url":"https:\/\/www.jornalja.com.br\/arquivo\/maconha-terra-diz-que-uso-medicinal-e-desculpa\/","url_meta":{"origin":50117,"position":5},"title":"Maconha: Terra diz que uso medicinal \u00e9 desculpa","author":"Patr\u00edcia Marini","date":"4 de junho de 2014","format":false,"excerpt":"A condi\u00e7\u00e3o de pol\u00edtico, em \u00e9poca de campanha de campanha eleitoral, tira for\u00e7a do discurso do m\u00e9dico Osmar Terra contra a legaliza\u00e7\u00e3o da maconha. A tese dele de que a libera\u00e7\u00e3o vai ampliar exponencialmente o consumo \u00e9 discutivel, o consumo \u00e9 corrente. Mas seus alertas quanto aos riscos tem que\u2026","rel":"","context":"Em &quot;X.Categorias velhas&quot;","block_context":{"text":"X.Categorias velhas","link":"https:\/\/www.jornalja.com.br\/arquivo\/category\/x-categorias-velhas\/"},"img":{"alt_text":"","src":"","width":0,"height":0},"classes":[]}],"jetpack_shortlink":"https:\/\/wp.me\/pbQjBd-d2l","jetpack_featured_media_url":"","_links":{"self":[{"href":"https:\/\/www.jornalja.com.br\/arquivo\/wp-json\/wp\/v2\/posts\/50117","targetHints":{"allow":["GET"]}}],"collection":[{"href":"https:\/\/www.jornalja.com.br\/arquivo\/wp-json\/wp\/v2\/posts"}],"about":[{"href":"https:\/\/www.jornalja.com.br\/arquivo\/wp-json\/wp\/v2\/types\/post"}],"author":[{"embeddable":true,"href":"https:\/\/www.jornalja.com.br\/arquivo\/wp-json\/wp\/v2\/users\/4"}],"replies":[{"embeddable":true,"href":"https:\/\/www.jornalja.com.br\/arquivo\/wp-json\/wp\/v2\/comments?post=50117"}],"version-history":[{"count":0,"href":"https:\/\/www.jornalja.com.br\/arquivo\/wp-json\/wp\/v2\/posts\/50117\/revisions"}],"wp:attachment":[{"href":"https:\/\/www.jornalja.com.br\/arquivo\/wp-json\/wp\/v2\/media?parent=50117"}],"wp:term":[{"taxonomy":"category","embeddable":true,"href":"https:\/\/www.jornalja.com.br\/arquivo\/wp-json\/wp\/v2\/categories?post=50117"},{"taxonomy":"post_tag","embeddable":true,"href":"https:\/\/www.jornalja.com.br\/arquivo\/wp-json\/wp\/v2\/tags?post=50117"}],"curies":[{"name":"wp","href":"https:\/\/api.w.org\/{rel}","templated":true}]}}