{"id":50174,"date":"2017-06-17T02:07:11","date_gmt":"2017-06-17T05:07:11","guid":{"rendered":"https:\/\/www.jornalja.com.br\/?p=50174"},"modified":"2017-06-17T02:07:11","modified_gmt":"2017-06-17T05:07:11","slug":"ameacado-de-morte-o-brasileiro-jair-krischke-vai-ao-uruguai-sob-protecao-internacional","status":"publish","type":"post","link":"https:\/\/www.jornalja.com.br\/arquivo\/ameacado-de-morte-o-brasileiro-jair-krischke-vai-ao-uruguai-sob-protecao-internacional\/","title":{"rendered":"Amea\u00e7ado de morte, Jair Krischke vai ao Uruguai sob prote\u00e7\u00e3o internacional"},"content":{"rendered":"<p>Ignorando as amea\u00e7as de um grupo da extrema direita uruguaia, o brasileiro Jair Krischke, presidente do Movimento de Justi\u00e7a e Direitos Humanos (MJDH), desembarca em Montevid\u00e9u na pr\u00f3xima ter\u00e7a-feira, 20, sob a prote\u00e7\u00e3o de uma Medida Cautelar solicitada por ele \u00e0 Comiss\u00e3o Interamericana de Direitos Humanos (CIDH).<br \/>\nKrischke \u00e9 uma das treze pessoas (al\u00e9m de um franc\u00eas, uma italiana e dez uruguaios) envolvidas na investiga\u00e7\u00e3o de crimes da ditadura que imperou no pa\u00eds entre 1973 e 1985 e mencionadas numa lista de alvos a serem mortos por um certo &#8216;Comando General Pedro Barneix&#8217;.<br \/>\nNo final de janeiro, o brasileiro e outras 12 pessoas, incluindo o atual ministro da Defesa, Jorge Men\u00e9ndez, receberam em seus computadores um e-mail amea\u00e7ador, anunciando: &#8220;O suic\u00eddio do general Pedro Barbeix n\u00e3o ficar\u00e1 impune, n\u00e3o se aceitar\u00e1 nenhum suic\u00eddio mais por injustos processamentos. Por cada suic\u00eddio de agora em diante, mataremos a tr\u00eas escolhidos aleatoriamente da seguinte lista&#8230;&#8221; O e-mail foi enviado pelo servidor Tor, uma rede an\u00f4nima de Internet que triangula o emiss\u00e1rio em v\u00e1rios pa\u00edses, inviabilizando sua identifica\u00e7\u00e3o.<br \/>\nA mensagem relacionava, al\u00e9m de Krischke e do ministro da Defesa, ju\u00edzes, procuradores, advogados, investigadores e ativistas de direitos humanos comprometidos na puni\u00e7\u00e3o a torturadores e na investiga\u00e7\u00e3o de crimes relacionados \u00e0 Opera\u00e7\u00e3o Condor, a multinacional da repress\u00e3o que aterrorizou o Cone Sul nos anos 1970. Um dos amea\u00e7ados de morte \u00e9 a ex-procuradora de Justi\u00e7a Mirtha Guianze, diretora da Instituc\u00edon Nacional de Derechos Humanos, onde ser\u00e1 lan\u00e7ada na ter\u00e7a-feira a edi\u00e7\u00e3o em espanhol do livro <em>Opera\u00e7\u00e3o Condor: o Sequestro dos Uruguaios<\/em>, do jornalista brasileiro Luiz Cl\u00e1udio Cunha. Krischke assina a contracapa do livro, que ser\u00e1 publicado pelo SERPAJ, Servicio Paz y Justicia do Uruguai, com financiamento da Funda\u00e7\u00e3o Rosa Luxemburgo e do Minist\u00e9rio de Coopera\u00e7\u00e3o Econ\u00f4mica e Desenvolvimento da Alemanha.<br \/>\n<span class=\"intertit\">O general suicida<\/span><br \/>\nPedro Barneix, o general que d\u00e1 nome ao comando de morte, era o ent\u00e3o capit\u00e3o respons\u00e1vel pela repress\u00e3o em Col\u00f4nia do Sacramento, em fevereiro de 1974, quando chegou ao quartel do Batalh\u00e3o de Infantaria n\u00ba 4 um novo preso, Aldo Perrini, um sorveteiro de 34 anos, pai de tr\u00eas filhos, simples eleitor da Frente Ampla de esquerda, sem milit\u00e2ncia pol\u00edtica. Perrini morreu dias depois sob intensa tortura, segundo a aut\u00f3psia. Barneix, seu interrogador, foi denunciado pela justi\u00e7a em 2012. Em setembro de 2015, a pol\u00edcia foi \u00e0 sua casa para lev\u00e1-lo ao tribunal para depor. O general pediu licen\u00e7a para trocar os chinelos por sapatos, subiu as escadas, pegou a pistola no quarto e disparou contra a cabe\u00e7a. Tinha 69 anos.<br \/>\nDois anos depois, apareceu o &#8216;Comando Pedro Barneix&#8217;, disparando amea\u00e7as e prometendo mais, ap\u00f3s listar os 13 alvos: &#8220;J\u00e1 temos v\u00e1rios (nomes) mais, cujos domic\u00edlios e h\u00e1bitos j\u00e1 levantamos&#8221;. Informado da amea\u00e7a, Krischke pediu formalmente a Medida Cautelar \u00e0 Comiss\u00e3o Interamericana de Direitos Humanos, no in\u00edcio de junho, para interceder junto ao governo de Tabar\u00e9 V\u00e1squez para garantir sua seguran\u00e7a, alegando: &#8220;Estarei em Montevid\u00e9u para participar do lan\u00e7amento do livro <em>Opera\u00e7\u00e3o Condor: o Sequestro dos Uruguaios, <\/em>tema que certamente n\u00e3o goza da simpatia dos respons\u00e1veis pela amea\u00e7a&#8221;.<br \/>\nDos 13 amea\u00e7ados, apenas um (o juiz franc\u00eas Louis Joinet) n\u00e3o participou da Jornada sobre a Opera\u00e7\u00e3o Condor, promovida no ano passado em Montevid\u00e9u pela Universidade de Oxford, sob coordena\u00e7\u00e3o da investigadora italiana Francesca Lessa, outro dos 13 nomes da lista de morte. Krischke, um dos integrantes destacados da jornada, foi o respons\u00e1vel central pela localiza\u00e7\u00e3o no Brasil e pela extradi\u00e7\u00e3o para a Argentina do coronel uruguaio Manuel Cordero Piacentini, 79 anos, da equipe de torturadores da Automotores Orletti. Era o \u00fanico estrangeiro entre os 18 condenados, no ano passado, na Megacausa da Opera\u00e7\u00e3o Condor, merecendo a maior pena da Justi\u00e7a argentina: 25 anos de pris\u00e3o.<br \/>\nO ativista brasileiro, por tudo isso, n\u00e3o \u00e9 <em>persona grata <\/em>aos nost\u00e1lgicos da ditadura. A discreta gest\u00e3o da CIDH, \u00f3rg\u00e3o aut\u00f4nomo da OEA sediado em Washington, fez efeito em Montevid\u00e9u. O c\u00f4nsul do Brasil na capital uruguaia, Anuar Nahes, foi informado oficialmente pela Direcci\u00f3n General de Informaci\u00f3n y Intelig\u00eancia Policial que, desde o aparecimento do e-mail do comando clandestino, est\u00e1 investigando o caso relacionado a Krischke. No Brasil, o Itamaraty foi instado a tomar provid\u00eancias de seguran\u00e7a em of\u00edcio enviado em 7 de junho passado pelas duas Comiss\u00f5es de Direitos Humanos do Congresso \u2013 no Senado e na C\u00e2mara dos Deputados. O Programa de Prote\u00e7\u00e3o aos Defensores de Direitos Humanos (PPDDH), vinculado ao Minist\u00e9rio dos Direitos Humanos, anunciou um dia antes a Krischke que estava fazendo &#8216;articula\u00e7\u00f5es institucionais&#8217;, supostamente junto ao governo uruguaio, para reduzir o &#8216;contexto de risco e vulnerabilidade&#8217; que cerca a viagem de Jair Krischke.<\/p>\n","protected":false},"excerpt":{"rendered":"<p>Ignorando as amea\u00e7as de um grupo da extrema direita uruguaia, o brasileiro Jair Krischke, presidente do Movimento de Justi\u00e7a e Direitos Humanos (MJDH), desembarca em Montevid\u00e9u na pr\u00f3xima ter\u00e7a-feira, 20, sob a prote\u00e7\u00e3o de uma Medida Cautelar solicitada por ele \u00e0 Comiss\u00e3o Interamericana de Direitos Humanos (CIDH). Krischke \u00e9 uma das treze pessoas (al\u00e9m de [&hellip;]<\/p>\n","protected":false},"author":4,"featured_media":50175,"comment_status":"open","ping_status":"closed","sticky":false,"template":"","format":"standard","meta":{"_jetpack_newsletter_access":"","_jetpack_dont_email_post_to_subs":false,"_jetpack_newsletter_tier_id":0,"_jetpack_memberships_contains_paywalled_content":false,"_jetpack_feature_clip_id":0,"_jetpack_memberships_contains_paid_content":false,"footnotes":"","jetpack_post_was_ever_published":false},"categories":[26],"tags":[],"class_list":["post-50174","post","type-post","status-publish","format-standard","has-post-thumbnail","hentry","category-geral"],"aioseo_notices":[],"aioseo_head":"\n\t\t<!-- All in One SEO 5.0.1.1 - aioseo.com -->\n\t<meta name=\"robots\" content=\"max-image-preview:large\" \/>\n\t<meta name=\"author\" content=\"da Reda\u00e7\u00e3o\"\/>\n\t<link rel=\"canonical\" href=\"https:\/\/www.jornalja.com.br\/arquivo\/ameacado-de-morte-o-brasileiro-jair-krischke-vai-ao-uruguai-sob-protecao-internacional\/\" \/>\n\t<meta name=\"generator\" content=\"All in One SEO (AIOSEO) 5.0.1.1\" \/>\n\t\t<meta property=\"og:locale\" content=\"pt_BR\" \/>\n\t\t<meta property=\"og:site_name\" content=\"Arquivo | Jornal J\u00c1 | Porto Alegre\" \/>\n\t\t<meta property=\"og:type\" content=\"article\" \/>\n\t\t<meta property=\"og:title\" content=\"Amea\u00e7ado de morte, Jair Krischke vai ao Uruguai sob prote\u00e7\u00e3o internacional | Arquivo\" \/>\n\t\t<meta property=\"og:url\" content=\"https:\/\/www.jornalja.com.br\/arquivo\/ameacado-de-morte-o-brasileiro-jair-krischke-vai-ao-uruguai-sob-protecao-internacional\/\" \/>\n\t\t<meta property=\"og:image\" content=\"https:\/\/www.jornalja.com.br\/economics\/wp-content\/uploads\/sites\/11\/2026\/08\/ja-folhaderosto-facebook.jpg\" \/>\n\t\t<meta property=\"og:image:secure_url\" content=\"https:\/\/www.jornalja.com.br\/economics\/wp-content\/uploads\/sites\/11\/2026\/08\/ja-folhaderosto-facebook.jpg\" \/>\n\t\t<meta property=\"article:published_time\" content=\"2017-06-17T05:07:11+00:00\" \/>\n\t\t<meta property=\"article:modified_time\" content=\"2017-06-17T05:07:11+00:00\" \/>\n\t\t<meta name=\"twitter:card\" content=\"summary\" \/>\n\t\t<meta name=\"twitter:title\" content=\"Amea\u00e7ado de morte, Jair Krischke vai ao Uruguai sob prote\u00e7\u00e3o internacional | Arquivo\" \/>\n\t\t<meta name=\"twitter:image\" content=\"https:\/\/www.jornalja.com.br\/economics\/wp-content\/uploads\/sites\/11\/2026\/08\/ja-folhaderosto-facebook.jpg\" \/>\n\t\t<script type=\"application\/ld+json\" class=\"aioseo-schema\">\n\t\t\t{\"@context\":\"https:\\\/\\\/schema.org\",\"@graph\":[{\"@type\":\"BlogPosting\",\"@id\":\"https:\\\/\\\/www.jornalja.com.br\\\/arquivo\\\/ameacado-de-morte-o-brasileiro-jair-krischke-vai-ao-uruguai-sob-protecao-internacional\\\/#blogposting\",\"name\":\"Amea\\u00e7ado de morte, Jair Krischke vai ao Uruguai sob prote\\u00e7\\u00e3o internacional | Arquivo\",\"headline\":\"Amea\\u00e7ado de morte, Jair Krischke vai ao Uruguai sob prote\\u00e7\\u00e3o internacional\",\"author\":{\"@id\":\"https:\\\/\\\/www.jornalja.com.br\\\/arquivo\\\/author\\\/daredacao\\\/#author\"},\"publisher\":{\"@id\":\"https:\\\/\\\/www.jornalja.com.br\\\/arquivo\\\/#organization\"},\"image\":{\"@type\":\"ImageObject\",\"url\":50175},\"datePublished\":\"2017-06-17T02:07:11-03:00\",\"dateModified\":\"2017-06-17T02:07:11-03:00\",\"inLanguage\":\"pt-BR\",\"mainEntityOfPage\":{\"@id\":\"https:\\\/\\\/www.jornalja.com.br\\\/arquivo\\\/ameacado-de-morte-o-brasileiro-jair-krischke-vai-ao-uruguai-sob-protecao-internacional\\\/#webpage\"},\"isPartOf\":{\"@id\":\"https:\\\/\\\/www.jornalja.com.br\\\/arquivo\\\/ameacado-de-morte-o-brasileiro-jair-krischke-vai-ao-uruguai-sob-protecao-internacional\\\/#webpage\"},\"articleSection\":\"Geral\"},{\"@type\":\"BreadcrumbList\",\"@id\":\"https:\\\/\\\/www.jornalja.com.br\\\/arquivo\\\/ameacado-de-morte-o-brasileiro-jair-krischke-vai-ao-uruguai-sob-protecao-internacional\\\/#breadcrumblist\",\"itemListElement\":[{\"@type\":\"ListItem\",\"@id\":\"https:\\\/\\\/www.jornalja.com.br\\\/arquivo#listItem\",\"position\":1,\"name\":\"Home\",\"item\":\"https:\\\/\\\/www.jornalja.com.br\\\/arquivo\",\"nextItem\":{\"@type\":\"ListItem\",\"@id\":\"https:\\\/\\\/www.jornalja.com.br\\\/arquivo\\\/category\\\/geral\\\/#listItem\",\"name\":\"Geral\"}},{\"@type\":\"ListItem\",\"@id\":\"https:\\\/\\\/www.jornalja.com.br\\\/arquivo\\\/category\\\/geral\\\/#listItem\",\"position\":2,\"name\":\"Geral\",\"item\":\"https:\\\/\\\/www.jornalja.com.br\\\/arquivo\\\/category\\\/geral\\\/\",\"nextItem\":{\"@type\":\"ListItem\",\"@id\":\"https:\\\/\\\/www.jornalja.com.br\\\/arquivo\\\/ameacado-de-morte-o-brasileiro-jair-krischke-vai-ao-uruguai-sob-protecao-internacional\\\/#listItem\",\"name\":\"Amea\\u00e7ado de morte, Jair Krischke vai ao Uruguai sob prote\\u00e7\\u00e3o internacional\"},\"previousItem\":{\"@type\":\"ListItem\",\"@id\":\"https:\\\/\\\/www.jornalja.com.br\\\/arquivo#listItem\",\"name\":\"Home\"}},{\"@type\":\"ListItem\",\"@id\":\"https:\\\/\\\/www.jornalja.com.br\\\/arquivo\\\/ameacado-de-morte-o-brasileiro-jair-krischke-vai-ao-uruguai-sob-protecao-internacional\\\/#listItem\",\"position\":3,\"name\":\"Amea\\u00e7ado de morte, Jair Krischke vai ao Uruguai sob prote\\u00e7\\u00e3o internacional\",\"previousItem\":{\"@type\":\"ListItem\",\"@id\":\"https:\\\/\\\/www.jornalja.com.br\\\/arquivo\\\/category\\\/geral\\\/#listItem\",\"name\":\"Geral\"}}]},{\"@type\":\"Organization\",\"@id\":\"https:\\\/\\\/www.jornalja.com.br\\\/arquivo\\\/#organization\",\"name\":\"Jornal J\\u00c1\",\"description\":\"Jornal J\\u00c1 | Porto Alegre\",\"url\":\"https:\\\/\\\/www.jornalja.com.br\\\/arquivo\\\/\",\"telephone\":\"+555133307272\",\"logo\":{\"@type\":\"ImageObject\",\"url\":\"https:\\\/\\\/www.jornalja.com.br\\\/wp-content\\\/uploads\\\/cards\\\/JAslogan.png\",\"@id\":\"https:\\\/\\\/www.jornalja.com.br\\\/arquivo\\\/ameacado-de-morte-o-brasileiro-jair-krischke-vai-ao-uruguai-sob-protecao-internacional\\\/#organizationLogo\"},\"image\":{\"@id\":\"https:\\\/\\\/www.jornalja.com.br\\\/arquivo\\\/ameacado-de-morte-o-brasileiro-jair-krischke-vai-ao-uruguai-sob-protecao-internacional\\\/#organizationLogo\"}},{\"@type\":\"Person\",\"@id\":\"https:\\\/\\\/www.jornalja.com.br\\\/arquivo\\\/author\\\/daredacao\\\/#author\",\"url\":\"https:\\\/\\\/www.jornalja.com.br\\\/arquivo\\\/author\\\/daredacao\\\/\",\"name\":\"da Reda\\u00e7\\u00e3o\",\"image\":{\"@type\":\"ImageObject\",\"@id\":\"https:\\\/\\\/www.jornalja.com.br\\\/arquivo\\\/ameacado-de-morte-o-brasileiro-jair-krischke-vai-ao-uruguai-sob-protecao-internacional\\\/#authorImage\",\"url\":\"https:\\\/\\\/secure.gravatar.com\\\/avatar\\\/469fd857d6605ad19919d27ed29d35a968a25f6e8fd9318356bbb7f57aae9c65?s=96&d=mm&r=g\",\"width\":96,\"height\":96,\"caption\":\"da Reda\\u00e7\\u00e3o\"}},{\"@type\":\"WebPage\",\"@id\":\"https:\\\/\\\/www.jornalja.com.br\\\/arquivo\\\/ameacado-de-morte-o-brasileiro-jair-krischke-vai-ao-uruguai-sob-protecao-internacional\\\/#webpage\",\"url\":\"https:\\\/\\\/www.jornalja.com.br\\\/arquivo\\\/ameacado-de-morte-o-brasileiro-jair-krischke-vai-ao-uruguai-sob-protecao-internacional\\\/\",\"name\":\"Amea\\u00e7ado de morte, Jair Krischke vai ao Uruguai sob prote\\u00e7\\u00e3o internacional | Arquivo\",\"inLanguage\":\"pt-BR\",\"isPartOf\":{\"@id\":\"https:\\\/\\\/www.jornalja.com.br\\\/arquivo\\\/#website\"},\"breadcrumb\":{\"@id\":\"https:\\\/\\\/www.jornalja.com.br\\\/arquivo\\\/ameacado-de-morte-o-brasileiro-jair-krischke-vai-ao-uruguai-sob-protecao-internacional\\\/#breadcrumblist\"},\"author\":{\"@id\":\"https:\\\/\\\/www.jornalja.com.br\\\/arquivo\\\/author\\\/daredacao\\\/#author\"},\"creator\":{\"@id\":\"https:\\\/\\\/www.jornalja.com.br\\\/arquivo\\\/author\\\/daredacao\\\/#author\"},\"image\":{\"@type\":\"ImageObject\",\"url\":50175,\"@id\":\"https:\\\/\\\/www.jornalja.com.br\\\/arquivo\\\/ameacado-de-morte-o-brasileiro-jair-krischke-vai-ao-uruguai-sob-protecao-internacional\\\/#mainImage\"},\"primaryImageOfPage\":{\"@id\":\"https:\\\/\\\/www.jornalja.com.br\\\/arquivo\\\/ameacado-de-morte-o-brasileiro-jair-krischke-vai-ao-uruguai-sob-protecao-internacional\\\/#mainImage\"},\"datePublished\":\"2017-06-17T02:07:11-03:00\",\"dateModified\":\"2017-06-17T02:07:11-03:00\"},{\"@type\":\"WebSite\",\"@id\":\"https:\\\/\\\/www.jornalja.com.br\\\/arquivo\\\/#website\",\"url\":\"https:\\\/\\\/www.jornalja.com.br\\\/arquivo\\\/\",\"name\":\"Arquivo\",\"description\":\"Jornal J\\u00c1 | Porto Alegre\",\"inLanguage\":\"pt-BR\",\"publisher\":{\"@id\":\"https:\\\/\\\/www.jornalja.com.br\\\/arquivo\\\/#organization\"}}]}\n\t\t<\/script>\n\t\t<!-- All in One SEO -->\n\n","aioseo_head_json":{"title":"Amea\u00e7ado de morte, Jair Krischke vai ao Uruguai sob prote\u00e7\u00e3o internacional | Arquivo","description":"","canonical_url":"https:\/\/www.jornalja.com.br\/arquivo\/ameacado-de-morte-o-brasileiro-jair-krischke-vai-ao-uruguai-sob-protecao-internacional\/","robots":"max-image-preview:large","keywords":"","webmasterTools":{"miscellaneous":""},"schema":{"@context":"https:\/\/schema.org","@graph":[{"@type":"BlogPosting","@id":"https:\/\/www.jornalja.com.br\/arquivo\/ameacado-de-morte-o-brasileiro-jair-krischke-vai-ao-uruguai-sob-protecao-internacional\/#blogposting","name":"Amea\u00e7ado de morte, Jair Krischke vai ao Uruguai sob prote\u00e7\u00e3o internacional | Arquivo","headline":"Amea\u00e7ado de morte, Jair Krischke vai ao Uruguai sob prote\u00e7\u00e3o internacional","author":{"@id":"https:\/\/www.jornalja.com.br\/arquivo\/author\/daredacao\/#author"},"publisher":{"@id":"https:\/\/www.jornalja.com.br\/arquivo\/#organization"},"image":{"@type":"ImageObject","url":50175},"datePublished":"2017-06-17T02:07:11-03:00","dateModified":"2017-06-17T02:07:11-03:00","inLanguage":"pt-BR","mainEntityOfPage":{"@id":"https:\/\/www.jornalja.com.br\/arquivo\/ameacado-de-morte-o-brasileiro-jair-krischke-vai-ao-uruguai-sob-protecao-internacional\/#webpage"},"isPartOf":{"@id":"https:\/\/www.jornalja.com.br\/arquivo\/ameacado-de-morte-o-brasileiro-jair-krischke-vai-ao-uruguai-sob-protecao-internacional\/#webpage"},"articleSection":"Geral"},{"@type":"BreadcrumbList","@id":"https:\/\/www.jornalja.com.br\/arquivo\/ameacado-de-morte-o-brasileiro-jair-krischke-vai-ao-uruguai-sob-protecao-internacional\/#breadcrumblist","itemListElement":[{"@type":"ListItem","@id":"https:\/\/www.jornalja.com.br\/arquivo#listItem","position":1,"name":"Home","item":"https:\/\/www.jornalja.com.br\/arquivo","nextItem":{"@type":"ListItem","@id":"https:\/\/www.jornalja.com.br\/arquivo\/category\/geral\/#listItem","name":"Geral"}},{"@type":"ListItem","@id":"https:\/\/www.jornalja.com.br\/arquivo\/category\/geral\/#listItem","position":2,"name":"Geral","item":"https:\/\/www.jornalja.com.br\/arquivo\/category\/geral\/","nextItem":{"@type":"ListItem","@id":"https:\/\/www.jornalja.com.br\/arquivo\/ameacado-de-morte-o-brasileiro-jair-krischke-vai-ao-uruguai-sob-protecao-internacional\/#listItem","name":"Amea\u00e7ado de morte, Jair Krischke vai ao Uruguai sob prote\u00e7\u00e3o internacional"},"previousItem":{"@type":"ListItem","@id":"https:\/\/www.jornalja.com.br\/arquivo#listItem","name":"Home"}},{"@type":"ListItem","@id":"https:\/\/www.jornalja.com.br\/arquivo\/ameacado-de-morte-o-brasileiro-jair-krischke-vai-ao-uruguai-sob-protecao-internacional\/#listItem","position":3,"name":"Amea\u00e7ado de morte, Jair Krischke vai ao Uruguai sob prote\u00e7\u00e3o internacional","previousItem":{"@type":"ListItem","@id":"https:\/\/www.jornalja.com.br\/arquivo\/category\/geral\/#listItem","name":"Geral"}}]},{"@type":"Organization","@id":"https:\/\/www.jornalja.com.br\/arquivo\/#organization","name":"Jornal J\u00c1","description":"Jornal J\u00c1 | Porto Alegre","url":"https:\/\/www.jornalja.com.br\/arquivo\/","telephone":"+555133307272","logo":{"@type":"ImageObject","url":"https:\/\/www.jornalja.com.br\/wp-content\/uploads\/cards\/JAslogan.png","@id":"https:\/\/www.jornalja.com.br\/arquivo\/ameacado-de-morte-o-brasileiro-jair-krischke-vai-ao-uruguai-sob-protecao-internacional\/#organizationLogo"},"image":{"@id":"https:\/\/www.jornalja.com.br\/arquivo\/ameacado-de-morte-o-brasileiro-jair-krischke-vai-ao-uruguai-sob-protecao-internacional\/#organizationLogo"}},{"@type":"Person","@id":"https:\/\/www.jornalja.com.br\/arquivo\/author\/daredacao\/#author","url":"https:\/\/www.jornalja.com.br\/arquivo\/author\/daredacao\/","name":"da Reda\u00e7\u00e3o","image":{"@type":"ImageObject","@id":"https:\/\/www.jornalja.com.br\/arquivo\/ameacado-de-morte-o-brasileiro-jair-krischke-vai-ao-uruguai-sob-protecao-internacional\/#authorImage","url":"https:\/\/secure.gravatar.com\/avatar\/469fd857d6605ad19919d27ed29d35a968a25f6e8fd9318356bbb7f57aae9c65?s=96&d=mm&r=g","width":96,"height":96,"caption":"da Reda\u00e7\u00e3o"}},{"@type":"WebPage","@id":"https:\/\/www.jornalja.com.br\/arquivo\/ameacado-de-morte-o-brasileiro-jair-krischke-vai-ao-uruguai-sob-protecao-internacional\/#webpage","url":"https:\/\/www.jornalja.com.br\/arquivo\/ameacado-de-morte-o-brasileiro-jair-krischke-vai-ao-uruguai-sob-protecao-internacional\/","name":"Amea\u00e7ado de morte, Jair Krischke vai ao Uruguai sob prote\u00e7\u00e3o internacional | Arquivo","inLanguage":"pt-BR","isPartOf":{"@id":"https:\/\/www.jornalja.com.br\/arquivo\/#website"},"breadcrumb":{"@id":"https:\/\/www.jornalja.com.br\/arquivo\/ameacado-de-morte-o-brasileiro-jair-krischke-vai-ao-uruguai-sob-protecao-internacional\/#breadcrumblist"},"author":{"@id":"https:\/\/www.jornalja.com.br\/arquivo\/author\/daredacao\/#author"},"creator":{"@id":"https:\/\/www.jornalja.com.br\/arquivo\/author\/daredacao\/#author"},"image":{"@type":"ImageObject","url":50175,"@id":"https:\/\/www.jornalja.com.br\/arquivo\/ameacado-de-morte-o-brasileiro-jair-krischke-vai-ao-uruguai-sob-protecao-internacional\/#mainImage"},"primaryImageOfPage":{"@id":"https:\/\/www.jornalja.com.br\/arquivo\/ameacado-de-morte-o-brasileiro-jair-krischke-vai-ao-uruguai-sob-protecao-internacional\/#mainImage"},"datePublished":"2017-06-17T02:07:11-03:00","dateModified":"2017-06-17T02:07:11-03:00"},{"@type":"WebSite","@id":"https:\/\/www.jornalja.com.br\/arquivo\/#website","url":"https:\/\/www.jornalja.com.br\/arquivo\/","name":"Arquivo","description":"Jornal J\u00c1 | Porto Alegre","inLanguage":"pt-BR","publisher":{"@id":"https:\/\/www.jornalja.com.br\/arquivo\/#organization"}}]},"og:locale":"pt_BR","og:site_name":"Arquivo | Jornal J\u00c1 | Porto Alegre","og:type":"article","og:title":"Amea\u00e7ado de morte, Jair Krischke vai ao Uruguai sob prote\u00e7\u00e3o internacional | Arquivo","og:url":"https:\/\/www.jornalja.com.br\/arquivo\/ameacado-de-morte-o-brasileiro-jair-krischke-vai-ao-uruguai-sob-protecao-internacional\/","og:image":"https:\/\/www.jornalja.com.br\/economics\/wp-content\/uploads\/sites\/11\/2026\/08\/ja-folhaderosto-facebook.jpg","og:image:secure_url":"https:\/\/www.jornalja.com.br\/economics\/wp-content\/uploads\/sites\/11\/2026\/08\/ja-folhaderosto-facebook.jpg","article:published_time":"2017-06-17T05:07:11+00:00","article:modified_time":"2017-06-17T05:07:11+00:00","twitter:card":"summary","twitter:title":"Amea\u00e7ado de morte, Jair Krischke vai ao Uruguai sob prote\u00e7\u00e3o internacional | Arquivo","twitter:image":"https:\/\/www.jornalja.com.br\/economics\/wp-content\/uploads\/sites\/11\/2026\/08\/ja-folhaderosto-facebook.jpg"},"aioseo_meta_data":{"post_id":"50174","title":null,"description":null,"keywords":null,"keyphrases":null,"primary_term":null,"canonical_url":null,"og_title":null,"og_description":null,"og_object_type":"default","og_image_type":"default","og_image_url":null,"og_image_width":null,"og_image_height":null,"og_image_custom_url":null,"og_image_custom_fields":null,"og_video":null,"og_custom_url":null,"og_article_section":null,"og_article_tags":null,"twitter_use_og":false,"twitter_card":"default","twitter_image_type":"default","twitter_image_url":null,"twitter_image_custom_url":null,"twitter_image_custom_fields":null,"twitter_title":null,"twitter_description":null,"schema":{"blockGraphs":[],"customGraphs":[],"default":{"data":{"Article":[],"Course":[],"Dataset":[],"FAQPage":[],"Movie":[],"Person":[],"Product":[],"ProductReview":[],"Car":[],"Recipe":[],"Service":[],"SoftwareApplication":[],"WebPage":[]},"graphName":"","isEnabled":true},"graphs":[],"defaultGraph":"","defaultPostTypeGraph":""},"schema_type":null,"schema_type_options":null,"pillar_content":false,"robots_default":true,"robots_noindex":false,"robots_noarchive":false,"robots_nosnippet":false,"robots_nofollow":false,"robots_noimageindex":false,"robots_noodp":false,"robots_notranslate":false,"robots_max_snippet":null,"robots_max_videopreview":null,"robots_max_imagepreview":"large","priority":null,"frequency":null,"location":null,"local_seo":null,"breadcrumb_settings":null,"limit_modified_date":false,"ai":null,"created":"2020-12-20 20:32:00","updated":"2025-07-19 22:17:46","seo_analyzer_scan_date":null,"focus_keyword":null,"additional_keywords":null,"truseo_locale":null},"jetpack_sharing_enabled":true,"jetpack-related-posts":[{"id":13109,"url":"https:\/\/www.jornalja.com.br\/arquivo\/judiciario-reconhece-poluicao-eletromagnetica\/","url_meta":{"origin":50174,"position":0},"title":"Judici\u00e1rio reconhece polui\u00e7\u00e3o eletromagn\u00e9tica","author":"Patr\u00edcia Marini","date":"16 de maio de 2014","format":false,"excerpt":"A\u00e7\u00e3o de duas associa\u00e7\u00f5es de moradores foi acolhida pelo Tribunal de Justi\u00e7a de S\u00e3o Paulo que. em decis\u00e3o in\u00e9dita, determinou a redu\u00e7\u00e3o do campo eletromagn\u00e9tico gerado pelas linhas de transmiss\u00e3o de energia que cortam os bairros City Boa\u00e7ava e Alto de Pinheiros. \u00c9 a primeira vez que um tribunal do\u2026","rel":"","context":"Em &quot;X.Categorias velhas&quot;","block_context":{"text":"X.Categorias velhas","link":"https:\/\/www.jornalja.com.br\/arquivo\/category\/x-categorias-velhas\/"},"img":{"alt_text":"","src":"","width":0,"height":0},"classes":[]},{"id":1280,"url":"https:\/\/www.jornalja.com.br\/arquivo\/o-menino-que-se-tornou-brizola\/","url_meta":{"origin":50174,"position":1},"title":"O Menino que se Tornou Brizola","author":"da Reda\u00e7\u00e3o","date":"28 de julho de 2008","format":false,"excerpt":"Autor: Cleber Dioni A vida de Leonel Brizola, com \u00eanfase para os primeiros anos em Porto Alegre, at\u00e9 o ex\u00edlio no Uruguai e a volta, quinze anos depois. \u00a0\"...\u00c9ramos todos jovens e nos identific\u00e1vamos com aquela massa an\u00f4nima a percorrer as ruas de Porto Alegre, gritando 'Get\u00falio', 'Get\u00falio' e empunhando\u2026","rel":"","context":"Em &quot;Livros&quot;","block_context":{"text":"Livros","link":"https:\/\/www.jornalja.com.br\/arquivo\/category\/livros\/"},"img":{"alt_text":"","src":"https:\/\/i0.wp.com\/www.jornalja.com.br\/wp-content\/uploads\/2008\/07\/brizola.gif?resize=350%2C200&ssl=1","width":350,"height":200},"classes":[]},{"id":13124,"url":"https:\/\/www.jornalja.com.br\/arquivo\/sangue-latino-no-iecine\/","url_meta":{"origin":50174,"position":2},"title":"Sangue latino no IECINE","author":"da Reda\u00e7\u00e3o","date":"18 de maio de 2014","format":false,"excerpt":"Francisco Ribeiro O Instituto Estadual de Cinema (IECINE) tem a frente, desde abril \u00faltimo, um novo diretor, o cineasta colombiano Juan Zapata, 36, que substitui Luiz Alberto Cassol. Radicado h\u00e1 dez anos em Porto Alegre, Zapata tem diante de si o desafio de conduzir at\u00e9 o final do ano um\u2026","rel":"","context":"Em &quot;Cultura-Geral&quot;","block_context":{"text":"Cultura-Geral","link":"https:\/\/www.jornalja.com.br\/arquivo\/category\/materiasecundaria\/"},"img":{"alt_text":"","src":"","width":0,"height":0},"classes":[]},{"id":14241,"url":"https:\/\/www.jornalja.com.br\/arquivo\/o-guaiba-nas-imagens-poeticas-de-achutti\/","url_meta":{"origin":50174,"position":3},"title":"O Gua\u00edba nas imagens po\u00e9ticas de Achutti","author":"da Reda\u00e7\u00e3o","date":"18 de junho de 2014","format":false,"excerpt":"Em \u201cO Gua\u00edba por Achutti\u201d \u2013 obra financiada via Minist\u00e9rio da Cultura, produ\u00e7\u00e3o executiva de Pedro Longhi, e Fl\u00e1vio Wild como designer \u2013, o fot\u00f3grafo revela a beleza e as mazelas de um espa\u00e7o aqu\u00e1tico de \u00e1guas sempre renovadas, cheio de hist\u00f3rias e lendas como as das cidades que foram\u2026","rel":"","context":"Em &quot;Cultura-Geral&quot;","block_context":{"text":"Cultura-Geral","link":"https:\/\/www.jornalja.com.br\/arquivo\/category\/materiasecundaria\/"},"img":{"alt_text":"","src":"","width":0,"height":0},"classes":[]},{"id":13101,"url":"https:\/\/www.jornalja.com.br\/arquivo\/morre-um-guerreiro-do-texto\/","url_meta":{"origin":50174,"position":4},"title":"Morre um guerreiro do texto","author":"Patr\u00edcia Marini","date":"14 de maio de 2014","format":false,"excerpt":"Por Ricardo Kotscho Reproduzido do blog do autor, 11\/5\/2014; t\u00edtulo original \u201cE l\u00e1 se foi o nosso Myltainho, guerreiro do texto\u201d. Mi\u00fado e franzino, meu amigo Myltainho era um valente e inconformado guerreiro na luta contra as injusti\u00e7as sociais, a hipocrisia, as maracutaias, o autoritarismo, a intoler\u00e2ncia, a viol\u00eancia, o\u2026","rel":"","context":"Em &quot;Geral&quot;","block_context":{"text":"Geral","link":"https:\/\/www.jornalja.com.br\/arquivo\/category\/geral\/"},"img":{"alt_text":"","src":"","width":0,"height":0},"classes":[]},{"id":13240,"url":"https:\/\/www.jornalja.com.br\/arquivo\/plano-diretor-estamos-construindo-o-caos\/","url_meta":{"origin":50174,"position":5},"title":"Plano diretor: &quot;Estamos construindo o caos&quot;","author":"Patr\u00edcia Marini","date":"26 de maio de 2014","format":false,"excerpt":"Desabafo que arquiteta Eliana Castilhos, delegada da Regi\u00e3o de Planejamento 1, postou nas redes sociais \u00e9 um testemunho do ambiente que se criou no Conselho do Plano Diretor de Porto Alegre, onde a aprova\u00e7\u00e3o de grandes empreendimentos \u00e9 empurrada guela abaixo dos conselheiros. Ao CMDUA Como delegada da Regi\u00e3o de\u2026","rel":"","context":"Em &quot;Geral&quot;","block_context":{"text":"Geral","link":"https:\/\/www.jornalja.com.br\/arquivo\/category\/geral\/"},"img":{"alt_text":"","src":"","width":0,"height":0},"classes":[]}],"jetpack_shortlink":"https:\/\/wp.me\/pbQjBd-d3g","jetpack_featured_media_url":"","_links":{"self":[{"href":"https:\/\/www.jornalja.com.br\/arquivo\/wp-json\/wp\/v2\/posts\/50174","targetHints":{"allow":["GET"]}}],"collection":[{"href":"https:\/\/www.jornalja.com.br\/arquivo\/wp-json\/wp\/v2\/posts"}],"about":[{"href":"https:\/\/www.jornalja.com.br\/arquivo\/wp-json\/wp\/v2\/types\/post"}],"author":[{"embeddable":true,"href":"https:\/\/www.jornalja.com.br\/arquivo\/wp-json\/wp\/v2\/users\/4"}],"replies":[{"embeddable":true,"href":"https:\/\/www.jornalja.com.br\/arquivo\/wp-json\/wp\/v2\/comments?post=50174"}],"version-history":[{"count":0,"href":"https:\/\/www.jornalja.com.br\/arquivo\/wp-json\/wp\/v2\/posts\/50174\/revisions"}],"wp:attachment":[{"href":"https:\/\/www.jornalja.com.br\/arquivo\/wp-json\/wp\/v2\/media?parent=50174"}],"wp:term":[{"taxonomy":"category","embeddable":true,"href":"https:\/\/www.jornalja.com.br\/arquivo\/wp-json\/wp\/v2\/categories?post=50174"},{"taxonomy":"post_tag","embeddable":true,"href":"https:\/\/www.jornalja.com.br\/arquivo\/wp-json\/wp\/v2\/tags?post=50174"}],"curies":[{"name":"wp","href":"https:\/\/api.w.org\/{rel}","templated":true}]}}