{"id":50195,"date":"2017-06-17T18:11:38","date_gmt":"2017-06-17T21:11:38","guid":{"rendered":"https:\/\/www.jornalja.com.br\/?p=50195"},"modified":"2017-06-17T18:11:38","modified_gmt":"2017-06-17T21:11:38","slug":"cresce-numero-de-infartos-em-pessoas-com-menos-de-30-anos","status":"publish","type":"post","link":"https:\/\/www.jornalja.com.br\/arquivo\/cresce-numero-de-infartos-em-pessoas-com-menos-de-30-anos\/","title":{"rendered":"Cresce n\u00famero de infartos em pessoas com menos de 30 anos"},"content":{"rendered":"<p>\u201cEu infartando? Mas n\u00e3o tenho idade para isso\u201d. Atire a primeira pedra o cardiologista que n\u00e3o escutou esta frase de uma pessoa com menos de 30 anos apresentando dores no peito. Chegou a hora dos pacientes reverem seus conceitos.<br \/>\nSegundo dados do DataSUS, do Minist\u00e9rio da Sa\u00fade, em 2013 houve um aumento de 13% no n\u00famero de infarto entre adultos de at\u00e9 30 anos no pa\u00eds. Segundo o diretor cient\u00edfico da Sociedade Brasileira de Cardiologia, Daniel\u00a0Silveira, essas pessoas n\u00e3o identificam os sintomas iniciais de um infarto, confundindo-os com dores musculares \u2013 o que \u00e9 um perigo.<br \/>\n\u201cUm estudo internacional identificou que mais ou menos 3% dos que infartam morrem em casa. A nossa estat\u00edstica varia muito de regi\u00e3o para regi\u00e3o. Em hospitais do Sul, o \u00edndice \u00e9 de 8% a 10% \u2013 ainda muito alto\u201d, conclui.<br \/>\nDaniel ressalta que o ideal \u00e9 conseguir tratar o paciente at\u00e9 90 minutos depois das primeiras dores, que iniciam com um aperto no peito, migrando para o bra\u00e7o esquerdo e queixo. Em hospitais, o diagn\u00f3stico, diferente de anos atr\u00e1s, \u00e9 muito simples, bastando fazer um eletrocardiograma (gr\u00e1fico que registra oscila\u00e7\u00f5es el\u00e9tricas que resultam da atividade do m\u00fasculo card\u00edaco) juntamente com a coleta de enzimas card\u00edacas (exame de sangue).<br \/>\nAnsiedade generalizada somada a diversas atribui\u00e7\u00f5es que os profissionais de at\u00e9 30 anos s\u00e3o submetidos hoje, facilita a incid\u00eancia do estresse que resulta em infartos.\u00a0 Outra caracter\u00edstica \u00e9\u00a0da popula\u00e7\u00e3o mais nova estar se cuidando menos. \u201cN\u00e3o faz exerc\u00edcio. Se faz e sente dor, toma anti-inflamat\u00f3rio sem limites, se automedicando (existem pesquisas que relacionam a ingest\u00e3o de anti-inflamat\u00f3rio com infartos). A popula\u00e7\u00e3o est\u00e1 comendo menos e engordando mais\u201d, salientou Daniel.<br \/>\nEm suma, n\u00e3o h\u00e1 idade para se ter infarto, e sim fatores de risco: diabetes, colesterol elevado, tabagismo, sedentarismo e hipertens\u00e3o arterial, nos mais jovens acrescenta-se o fator estresse intenso.<br \/>\n<img loading=\"lazy\" decoding=\"async\" class=\"alignleft wp-image-50196 \" src=\"https:\/\/www.jornalja.com.br\/wp-content\/uploads\/2017\/06\/creating-apet-friendlyworkplace-2-299x400.png\" alt=\"\" width=\"260\" height=\"344\" \/><br \/>\n<span class=\"intertit\">O infarto<\/span><br \/>\nO infarto ocorre quando existe a obstru\u00e7\u00e3o de uma art\u00e9ria coron\u00e1ria devido a um coagulo de sangue sobre a placa de gordura que est\u00e1 na parede, impossibilitando que o sangue chegue em quantidade suficiente \u00e0 \u00e1rea do m\u00fasculo card\u00edaco. Com isso, pode ocorrer morte celular e necrose, que leva \u00e0 insufici\u00eancia card\u00edaca ou morte s\u00fabita.<br \/>\nO n\u00famero de doen\u00e7as cardiovasculares aumentou no pa\u00eds para as mulheres. Cerca de 30% dos casos de infarto t\u00eam o sexo feminino como v\u00edtimas. Segundo informa\u00e7\u00f5es da Campanha Cora\u00e7\u00e3o Alerta, o cora\u00e7\u00e3o delas \u00e9 menos, as art\u00e9rias coron\u00e1rias s\u00e3o mais estreitas e a frequ\u00eancia card\u00edaca de repouso maior, ou seja, o cora\u00e7\u00e3o \u00e9 mais acelerado.<br \/>\nSIMERS<\/p>\n","protected":false},"excerpt":{"rendered":"<p>\u201cEu infartando? Mas n\u00e3o tenho idade para isso\u201d. Atire a primeira pedra o cardiologista que n\u00e3o escutou esta frase de uma pessoa com menos de 30 anos apresentando dores no peito. Chegou a hora dos pacientes reverem seus conceitos. Segundo dados do DataSUS, do Minist\u00e9rio da Sa\u00fade, em 2013 houve um aumento de 13% no [&hellip;]<\/p>\n","protected":false},"author":4,"featured_media":0,"comment_status":"open","ping_status":"closed","sticky":false,"template":"","format":"standard","meta":{"_jetpack_newsletter_access":"","_jetpack_dont_email_post_to_subs":false,"_jetpack_newsletter_tier_id":0,"_jetpack_memberships_contains_paywalled_content":false,"_jetpack_feature_clip_id":0,"_jetpack_memberships_contains_paid_content":false,"footnotes":"","jetpack_post_was_ever_published":false},"categories":[2022],"tags":[],"class_list":["post-50195","post","type-post","status-publish","format-standard","hentry","category-notas"],"aioseo_notices":[],"aioseo_head":"\n\t\t<!-- All in One SEO 5.0.1.1 - aioseo.com -->\n\t<meta name=\"robots\" content=\"max-image-preview:large\" \/>\n\t<meta name=\"author\" content=\"da Reda\u00e7\u00e3o\"\/>\n\t<link rel=\"canonical\" href=\"https:\/\/www.jornalja.com.br\/arquivo\/cresce-numero-de-infartos-em-pessoas-com-menos-de-30-anos\/\" \/>\n\t<meta name=\"generator\" content=\"All in One SEO (AIOSEO) 5.0.1.1\" \/>\n\t\t<meta property=\"og:locale\" content=\"pt_BR\" \/>\n\t\t<meta property=\"og:site_name\" content=\"Arquivo | Jornal J\u00c1 | Porto Alegre\" \/>\n\t\t<meta property=\"og:type\" content=\"article\" \/>\n\t\t<meta property=\"og:title\" content=\"Cresce n\u00famero de infartos em pessoas com menos de 30 anos | Arquivo\" \/>\n\t\t<meta property=\"og:url\" content=\"https:\/\/www.jornalja.com.br\/arquivo\/cresce-numero-de-infartos-em-pessoas-com-menos-de-30-anos\/\" \/>\n\t\t<meta property=\"og:image\" content=\"https:\/\/www.jornalja.com.br\/wp-content\/uploads\/2017\/06\/creating-apet-friendlyworkplace-2-299x400.png\" \/>\n\t\t<meta property=\"og:image:secure_url\" content=\"https:\/\/www.jornalja.com.br\/wp-content\/uploads\/2017\/06\/creating-apet-friendlyworkplace-2-299x400.png\" \/>\n\t\t<meta property=\"article:published_time\" content=\"2017-06-17T21:11:38+00:00\" \/>\n\t\t<meta property=\"article:modified_time\" content=\"2017-06-17T21:11:38+00:00\" \/>\n\t\t<meta name=\"twitter:card\" content=\"summary\" \/>\n\t\t<meta name=\"twitter:title\" content=\"Cresce n\u00famero de infartos em pessoas com menos de 30 anos | Arquivo\" \/>\n\t\t<meta name=\"twitter:image\" content=\"https:\/\/www.jornalja.com.br\/economics\/wp-content\/uploads\/sites\/11\/2026\/08\/ja-folhaderosto-facebook.jpg\" \/>\n\t\t<script type=\"application\/ld+json\" class=\"aioseo-schema\">\n\t\t\t{\"@context\":\"https:\\\/\\\/schema.org\",\"@graph\":[{\"@type\":\"BlogPosting\",\"@id\":\"https:\\\/\\\/www.jornalja.com.br\\\/arquivo\\\/cresce-numero-de-infartos-em-pessoas-com-menos-de-30-anos\\\/#blogposting\",\"name\":\"Cresce n\\u00famero de infartos em pessoas com menos de 30 anos | Arquivo\",\"headline\":\"Cresce n\\u00famero de infartos em pessoas com menos de 30 anos\",\"author\":{\"@id\":\"https:\\\/\\\/www.jornalja.com.br\\\/arquivo\\\/author\\\/daredacao\\\/#author\"},\"publisher\":{\"@id\":\"https:\\\/\\\/www.jornalja.com.br\\\/arquivo\\\/#organization\"},\"image\":{\"@type\":\"ImageObject\",\"url\":\"https:\\\/\\\/www.jornalja.com.br\\\/wp-content\\\/uploads\\\/2017\\\/06\\\/creating-apet-friendlyworkplace-2-299x400.png\",\"@id\":\"https:\\\/\\\/www.jornalja.com.br\\\/arquivo\\\/cresce-numero-de-infartos-em-pessoas-com-menos-de-30-anos\\\/#articleImage\"},\"datePublished\":\"2017-06-17T18:11:38-03:00\",\"dateModified\":\"2017-06-17T18:11:38-03:00\",\"inLanguage\":\"pt-BR\",\"mainEntityOfPage\":{\"@id\":\"https:\\\/\\\/www.jornalja.com.br\\\/arquivo\\\/cresce-numero-de-infartos-em-pessoas-com-menos-de-30-anos\\\/#webpage\"},\"isPartOf\":{\"@id\":\"https:\\\/\\\/www.jornalja.com.br\\\/arquivo\\\/cresce-numero-de-infartos-em-pessoas-com-menos-de-30-anos\\\/#webpage\"},\"articleSection\":\"NOTAS\"},{\"@type\":\"BreadcrumbList\",\"@id\":\"https:\\\/\\\/www.jornalja.com.br\\\/arquivo\\\/cresce-numero-de-infartos-em-pessoas-com-menos-de-30-anos\\\/#breadcrumblist\",\"itemListElement\":[{\"@type\":\"ListItem\",\"@id\":\"https:\\\/\\\/www.jornalja.com.br\\\/arquivo#listItem\",\"position\":1,\"name\":\"Home\",\"item\":\"https:\\\/\\\/www.jornalja.com.br\\\/arquivo\",\"nextItem\":{\"@type\":\"ListItem\",\"@id\":\"https:\\\/\\\/www.jornalja.com.br\\\/arquivo\\\/category\\\/notas\\\/#listItem\",\"name\":\"NOTAS\"}},{\"@type\":\"ListItem\",\"@id\":\"https:\\\/\\\/www.jornalja.com.br\\\/arquivo\\\/category\\\/notas\\\/#listItem\",\"position\":2,\"name\":\"NOTAS\",\"item\":\"https:\\\/\\\/www.jornalja.com.br\\\/arquivo\\\/category\\\/notas\\\/\",\"nextItem\":{\"@type\":\"ListItem\",\"@id\":\"https:\\\/\\\/www.jornalja.com.br\\\/arquivo\\\/cresce-numero-de-infartos-em-pessoas-com-menos-de-30-anos\\\/#listItem\",\"name\":\"Cresce n\\u00famero de infartos em pessoas com menos de 30 anos\"},\"previousItem\":{\"@type\":\"ListItem\",\"@id\":\"https:\\\/\\\/www.jornalja.com.br\\\/arquivo#listItem\",\"name\":\"Home\"}},{\"@type\":\"ListItem\",\"@id\":\"https:\\\/\\\/www.jornalja.com.br\\\/arquivo\\\/cresce-numero-de-infartos-em-pessoas-com-menos-de-30-anos\\\/#listItem\",\"position\":3,\"name\":\"Cresce n\\u00famero de infartos em pessoas com menos de 30 anos\",\"previousItem\":{\"@type\":\"ListItem\",\"@id\":\"https:\\\/\\\/www.jornalja.com.br\\\/arquivo\\\/category\\\/notas\\\/#listItem\",\"name\":\"NOTAS\"}}]},{\"@type\":\"Organization\",\"@id\":\"https:\\\/\\\/www.jornalja.com.br\\\/arquivo\\\/#organization\",\"name\":\"Jornal J\\u00c1\",\"description\":\"Jornal J\\u00c1 | Porto Alegre\",\"url\":\"https:\\\/\\\/www.jornalja.com.br\\\/arquivo\\\/\",\"telephone\":\"+555133307272\",\"logo\":{\"@type\":\"ImageObject\",\"url\":\"https:\\\/\\\/www.jornalja.com.br\\\/wp-content\\\/uploads\\\/cards\\\/JAslogan.png\",\"@id\":\"https:\\\/\\\/www.jornalja.com.br\\\/arquivo\\\/cresce-numero-de-infartos-em-pessoas-com-menos-de-30-anos\\\/#organizationLogo\"},\"image\":{\"@id\":\"https:\\\/\\\/www.jornalja.com.br\\\/arquivo\\\/cresce-numero-de-infartos-em-pessoas-com-menos-de-30-anos\\\/#organizationLogo\"}},{\"@type\":\"Person\",\"@id\":\"https:\\\/\\\/www.jornalja.com.br\\\/arquivo\\\/author\\\/daredacao\\\/#author\",\"url\":\"https:\\\/\\\/www.jornalja.com.br\\\/arquivo\\\/author\\\/daredacao\\\/\",\"name\":\"da Reda\\u00e7\\u00e3o\",\"image\":{\"@type\":\"ImageObject\",\"@id\":\"https:\\\/\\\/www.jornalja.com.br\\\/arquivo\\\/cresce-numero-de-infartos-em-pessoas-com-menos-de-30-anos\\\/#authorImage\",\"url\":\"https:\\\/\\\/secure.gravatar.com\\\/avatar\\\/469fd857d6605ad19919d27ed29d35a968a25f6e8fd9318356bbb7f57aae9c65?s=96&d=mm&r=g\",\"width\":96,\"height\":96,\"caption\":\"da Reda\\u00e7\\u00e3o\"}},{\"@type\":\"WebPage\",\"@id\":\"https:\\\/\\\/www.jornalja.com.br\\\/arquivo\\\/cresce-numero-de-infartos-em-pessoas-com-menos-de-30-anos\\\/#webpage\",\"url\":\"https:\\\/\\\/www.jornalja.com.br\\\/arquivo\\\/cresce-numero-de-infartos-em-pessoas-com-menos-de-30-anos\\\/\",\"name\":\"Cresce n\\u00famero de infartos em pessoas com menos de 30 anos | Arquivo\",\"inLanguage\":\"pt-BR\",\"isPartOf\":{\"@id\":\"https:\\\/\\\/www.jornalja.com.br\\\/arquivo\\\/#website\"},\"breadcrumb\":{\"@id\":\"https:\\\/\\\/www.jornalja.com.br\\\/arquivo\\\/cresce-numero-de-infartos-em-pessoas-com-menos-de-30-anos\\\/#breadcrumblist\"},\"author\":{\"@id\":\"https:\\\/\\\/www.jornalja.com.br\\\/arquivo\\\/author\\\/daredacao\\\/#author\"},\"creator\":{\"@id\":\"https:\\\/\\\/www.jornalja.com.br\\\/arquivo\\\/author\\\/daredacao\\\/#author\"},\"datePublished\":\"2017-06-17T18:11:38-03:00\",\"dateModified\":\"2017-06-17T18:11:38-03:00\"},{\"@type\":\"WebSite\",\"@id\":\"https:\\\/\\\/www.jornalja.com.br\\\/arquivo\\\/#website\",\"url\":\"https:\\\/\\\/www.jornalja.com.br\\\/arquivo\\\/\",\"name\":\"Arquivo\",\"description\":\"Jornal J\\u00c1 | Porto Alegre\",\"inLanguage\":\"pt-BR\",\"publisher\":{\"@id\":\"https:\\\/\\\/www.jornalja.com.br\\\/arquivo\\\/#organization\"}}]}\n\t\t<\/script>\n\t\t<!-- All in One SEO -->\n\n","aioseo_head_json":{"title":"Cresce n\u00famero de infartos em pessoas com menos de 30 anos | Arquivo","description":"","canonical_url":"https:\/\/www.jornalja.com.br\/arquivo\/cresce-numero-de-infartos-em-pessoas-com-menos-de-30-anos\/","robots":"max-image-preview:large","keywords":"","webmasterTools":{"miscellaneous":""},"schema":{"@context":"https:\/\/schema.org","@graph":[{"@type":"BlogPosting","@id":"https:\/\/www.jornalja.com.br\/arquivo\/cresce-numero-de-infartos-em-pessoas-com-menos-de-30-anos\/#blogposting","name":"Cresce n\u00famero de infartos em pessoas com menos de 30 anos | Arquivo","headline":"Cresce n\u00famero de infartos em pessoas com menos de 30 anos","author":{"@id":"https:\/\/www.jornalja.com.br\/arquivo\/author\/daredacao\/#author"},"publisher":{"@id":"https:\/\/www.jornalja.com.br\/arquivo\/#organization"},"image":{"@type":"ImageObject","url":"https:\/\/www.jornalja.com.br\/wp-content\/uploads\/2017\/06\/creating-apet-friendlyworkplace-2-299x400.png","@id":"https:\/\/www.jornalja.com.br\/arquivo\/cresce-numero-de-infartos-em-pessoas-com-menos-de-30-anos\/#articleImage"},"datePublished":"2017-06-17T18:11:38-03:00","dateModified":"2017-06-17T18:11:38-03:00","inLanguage":"pt-BR","mainEntityOfPage":{"@id":"https:\/\/www.jornalja.com.br\/arquivo\/cresce-numero-de-infartos-em-pessoas-com-menos-de-30-anos\/#webpage"},"isPartOf":{"@id":"https:\/\/www.jornalja.com.br\/arquivo\/cresce-numero-de-infartos-em-pessoas-com-menos-de-30-anos\/#webpage"},"articleSection":"NOTAS"},{"@type":"BreadcrumbList","@id":"https:\/\/www.jornalja.com.br\/arquivo\/cresce-numero-de-infartos-em-pessoas-com-menos-de-30-anos\/#breadcrumblist","itemListElement":[{"@type":"ListItem","@id":"https:\/\/www.jornalja.com.br\/arquivo#listItem","position":1,"name":"Home","item":"https:\/\/www.jornalja.com.br\/arquivo","nextItem":{"@type":"ListItem","@id":"https:\/\/www.jornalja.com.br\/arquivo\/category\/notas\/#listItem","name":"NOTAS"}},{"@type":"ListItem","@id":"https:\/\/www.jornalja.com.br\/arquivo\/category\/notas\/#listItem","position":2,"name":"NOTAS","item":"https:\/\/www.jornalja.com.br\/arquivo\/category\/notas\/","nextItem":{"@type":"ListItem","@id":"https:\/\/www.jornalja.com.br\/arquivo\/cresce-numero-de-infartos-em-pessoas-com-menos-de-30-anos\/#listItem","name":"Cresce n\u00famero de infartos em pessoas com menos de 30 anos"},"previousItem":{"@type":"ListItem","@id":"https:\/\/www.jornalja.com.br\/arquivo#listItem","name":"Home"}},{"@type":"ListItem","@id":"https:\/\/www.jornalja.com.br\/arquivo\/cresce-numero-de-infartos-em-pessoas-com-menos-de-30-anos\/#listItem","position":3,"name":"Cresce n\u00famero de infartos em pessoas com menos de 30 anos","previousItem":{"@type":"ListItem","@id":"https:\/\/www.jornalja.com.br\/arquivo\/category\/notas\/#listItem","name":"NOTAS"}}]},{"@type":"Organization","@id":"https:\/\/www.jornalja.com.br\/arquivo\/#organization","name":"Jornal J\u00c1","description":"Jornal J\u00c1 | Porto Alegre","url":"https:\/\/www.jornalja.com.br\/arquivo\/","telephone":"+555133307272","logo":{"@type":"ImageObject","url":"https:\/\/www.jornalja.com.br\/wp-content\/uploads\/cards\/JAslogan.png","@id":"https:\/\/www.jornalja.com.br\/arquivo\/cresce-numero-de-infartos-em-pessoas-com-menos-de-30-anos\/#organizationLogo"},"image":{"@id":"https:\/\/www.jornalja.com.br\/arquivo\/cresce-numero-de-infartos-em-pessoas-com-menos-de-30-anos\/#organizationLogo"}},{"@type":"Person","@id":"https:\/\/www.jornalja.com.br\/arquivo\/author\/daredacao\/#author","url":"https:\/\/www.jornalja.com.br\/arquivo\/author\/daredacao\/","name":"da Reda\u00e7\u00e3o","image":{"@type":"ImageObject","@id":"https:\/\/www.jornalja.com.br\/arquivo\/cresce-numero-de-infartos-em-pessoas-com-menos-de-30-anos\/#authorImage","url":"https:\/\/secure.gravatar.com\/avatar\/469fd857d6605ad19919d27ed29d35a968a25f6e8fd9318356bbb7f57aae9c65?s=96&d=mm&r=g","width":96,"height":96,"caption":"da Reda\u00e7\u00e3o"}},{"@type":"WebPage","@id":"https:\/\/www.jornalja.com.br\/arquivo\/cresce-numero-de-infartos-em-pessoas-com-menos-de-30-anos\/#webpage","url":"https:\/\/www.jornalja.com.br\/arquivo\/cresce-numero-de-infartos-em-pessoas-com-menos-de-30-anos\/","name":"Cresce n\u00famero de infartos em pessoas com menos de 30 anos | Arquivo","inLanguage":"pt-BR","isPartOf":{"@id":"https:\/\/www.jornalja.com.br\/arquivo\/#website"},"breadcrumb":{"@id":"https:\/\/www.jornalja.com.br\/arquivo\/cresce-numero-de-infartos-em-pessoas-com-menos-de-30-anos\/#breadcrumblist"},"author":{"@id":"https:\/\/www.jornalja.com.br\/arquivo\/author\/daredacao\/#author"},"creator":{"@id":"https:\/\/www.jornalja.com.br\/arquivo\/author\/daredacao\/#author"},"datePublished":"2017-06-17T18:11:38-03:00","dateModified":"2017-06-17T18:11:38-03:00"},{"@type":"WebSite","@id":"https:\/\/www.jornalja.com.br\/arquivo\/#website","url":"https:\/\/www.jornalja.com.br\/arquivo\/","name":"Arquivo","description":"Jornal J\u00c1 | Porto Alegre","inLanguage":"pt-BR","publisher":{"@id":"https:\/\/www.jornalja.com.br\/arquivo\/#organization"}}]},"og:locale":"pt_BR","og:site_name":"Arquivo | Jornal J\u00c1 | Porto Alegre","og:type":"article","og:title":"Cresce n\u00famero de infartos em pessoas com menos de 30 anos | Arquivo","og:url":"https:\/\/www.jornalja.com.br\/arquivo\/cresce-numero-de-infartos-em-pessoas-com-menos-de-30-anos\/","og:image":"https:\/\/www.jornalja.com.br\/wp-content\/uploads\/2017\/06\/creating-apet-friendlyworkplace-2-299x400.png","og:image:secure_url":"https:\/\/www.jornalja.com.br\/wp-content\/uploads\/2017\/06\/creating-apet-friendlyworkplace-2-299x400.png","article:published_time":"2017-06-17T21:11:38+00:00","article:modified_time":"2017-06-17T21:11:38+00:00","twitter:card":"summary","twitter:title":"Cresce n\u00famero de infartos em pessoas com menos de 30 anos | Arquivo","twitter:image":"https:\/\/www.jornalja.com.br\/economics\/wp-content\/uploads\/sites\/11\/2026\/08\/ja-folhaderosto-facebook.jpg"},"aioseo_meta_data":{"post_id":"50195","title":null,"description":null,"keywords":null,"keyphrases":null,"primary_term":null,"canonical_url":null,"og_title":null,"og_description":null,"og_object_type":"default","og_image_type":"default","og_image_url":null,"og_image_width":null,"og_image_height":null,"og_image_custom_url":null,"og_image_custom_fields":null,"og_video":null,"og_custom_url":null,"og_article_section":null,"og_article_tags":null,"twitter_use_og":false,"twitter_card":"default","twitter_image_type":"default","twitter_image_url":null,"twitter_image_custom_url":null,"twitter_image_custom_fields":null,"twitter_title":null,"twitter_description":null,"schema":{"blockGraphs":[],"customGraphs":[],"default":{"data":{"Article":[],"Course":[],"Dataset":[],"FAQPage":[],"Movie":[],"Person":[],"Product":[],"ProductReview":[],"Car":[],"Recipe":[],"Service":[],"SoftwareApplication":[],"WebPage":[]},"graphName":"","isEnabled":true},"graphs":[],"defaultGraph":"","defaultPostTypeGraph":""},"schema_type":null,"schema_type_options":null,"pillar_content":false,"robots_default":true,"robots_noindex":false,"robots_noarchive":false,"robots_nosnippet":false,"robots_nofollow":false,"robots_noimageindex":false,"robots_noodp":false,"robots_notranslate":false,"robots_max_snippet":null,"robots_max_videopreview":null,"robots_max_imagepreview":"large","priority":null,"frequency":null,"location":null,"local_seo":null,"breadcrumb_settings":null,"limit_modified_date":false,"ai":null,"created":"2020-12-20 20:32:00","updated":"2025-07-19 22:17:46","seo_analyzer_scan_date":null,"focus_keyword":null,"additional_keywords":null,"truseo_locale":null},"jetpack_sharing_enabled":true,"jetpack-related-posts":[{"id":13101,"url":"https:\/\/www.jornalja.com.br\/arquivo\/morre-um-guerreiro-do-texto\/","url_meta":{"origin":50195,"position":0},"title":"Morre um guerreiro do texto","author":"Patr\u00edcia Marini","date":"14 de maio de 2014","format":false,"excerpt":"Por Ricardo Kotscho Reproduzido do blog do autor, 11\/5\/2014; t\u00edtulo original \u201cE l\u00e1 se foi o nosso Myltainho, guerreiro do texto\u201d. Mi\u00fado e franzino, meu amigo Myltainho era um valente e inconformado guerreiro na luta contra as injusti\u00e7as sociais, a hipocrisia, as maracutaias, o autoritarismo, a intoler\u00e2ncia, a viol\u00eancia, o\u2026","rel":"","context":"Em &quot;Geral&quot;","block_context":{"text":"Geral","link":"https:\/\/www.jornalja.com.br\/arquivo\/category\/geral\/"},"img":{"alt_text":"","src":"","width":0,"height":0},"classes":[]},{"id":5440,"url":"https:\/\/www.jornalja.com.br\/arquivo\/casarao-da-venancio-destino-permanece-incerto\/","url_meta":{"origin":50195,"position":1},"title":"Estado ainda n\u00e3o sabe o que fazer com casar\u00e3o abandonado h\u00e1 20 anos","author":"Elmar Bones","date":"6 de julho de 2009","format":false,"excerpt":"O casar\u00e3o amarelo, numa esquina nobre de Porto Alegre (Ven\u00e2ncio Aires com Jo\u00e3o Pessoa), j\u00e1 abrigou uma escola. H\u00e1 duas d\u00e9cadas, pelo menos, est\u00e1 abandonado, porque seu propriet\u00e1rio, o governo do Estado do Rio Grande do Sul, n\u00e3o consegue achar um destino para ele. Planos n\u00e3o faltaram. O governador Ol\u00edvio\u2026","rel":"","context":"Em &quot;X.Categorias velhas&quot;","block_context":{"text":"X.Categorias velhas","link":"https:\/\/www.jornalja.com.br\/arquivo\/category\/x-categorias-velhas\/"},"img":{"alt_text":"geraldo1","src":"https:\/\/i0.wp.com\/www.jornalja.com.br\/wp-content\/uploads\/2009\/07\/geraldo1.jpg?resize=350%2C200&ssl=1","width":350,"height":200},"classes":[]},{"id":13124,"url":"https:\/\/www.jornalja.com.br\/arquivo\/sangue-latino-no-iecine\/","url_meta":{"origin":50195,"position":2},"title":"Sangue latino no IECINE","author":"da Reda\u00e7\u00e3o","date":"18 de maio de 2014","format":false,"excerpt":"Francisco Ribeiro O Instituto Estadual de Cinema (IECINE) tem a frente, desde abril \u00faltimo, um novo diretor, o cineasta colombiano Juan Zapata, 36, que substitui Luiz Alberto Cassol. Radicado h\u00e1 dez anos em Porto Alegre, Zapata tem diante de si o desafio de conduzir at\u00e9 o final do ano um\u2026","rel":"","context":"Em &quot;Cultura-Geral&quot;","block_context":{"text":"Cultura-Geral","link":"https:\/\/www.jornalja.com.br\/arquivo\/category\/materiasecundaria\/"},"img":{"alt_text":"","src":"","width":0,"height":0},"classes":[]},{"id":13240,"url":"https:\/\/www.jornalja.com.br\/arquivo\/plano-diretor-estamos-construindo-o-caos\/","url_meta":{"origin":50195,"position":3},"title":"Plano diretor: &quot;Estamos construindo o caos&quot;","author":"Patr\u00edcia Marini","date":"26 de maio de 2014","format":false,"excerpt":"Desabafo que arquiteta Eliana Castilhos, delegada da Regi\u00e3o de Planejamento 1, postou nas redes sociais \u00e9 um testemunho do ambiente que se criou no Conselho do Plano Diretor de Porto Alegre, onde a aprova\u00e7\u00e3o de grandes empreendimentos \u00e9 empurrada guela abaixo dos conselheiros. Ao CMDUA Como delegada da Regi\u00e3o de\u2026","rel":"","context":"Em &quot;Geral&quot;","block_context":{"text":"Geral","link":"https:\/\/www.jornalja.com.br\/arquivo\/category\/geral\/"},"img":{"alt_text":"","src":"","width":0,"height":0},"classes":[]},{"id":1280,"url":"https:\/\/www.jornalja.com.br\/arquivo\/o-menino-que-se-tornou-brizola\/","url_meta":{"origin":50195,"position":4},"title":"O Menino que se Tornou Brizola","author":"da Reda\u00e7\u00e3o","date":"28 de julho de 2008","format":false,"excerpt":"Autor: Cleber Dioni A vida de Leonel Brizola, com \u00eanfase para os primeiros anos em Porto Alegre, at\u00e9 o ex\u00edlio no Uruguai e a volta, quinze anos depois. \u00a0\"...\u00c9ramos todos jovens e nos identific\u00e1vamos com aquela massa an\u00f4nima a percorrer as ruas de Porto Alegre, gritando 'Get\u00falio', 'Get\u00falio' e empunhando\u2026","rel":"","context":"Em &quot;Livros&quot;","block_context":{"text":"Livros","link":"https:\/\/www.jornalja.com.br\/arquivo\/category\/livros\/"},"img":{"alt_text":"","src":"https:\/\/i0.wp.com\/www.jornalja.com.br\/wp-content\/uploads\/2008\/07\/brizola.gif?resize=350%2C200&ssl=1","width":350,"height":200},"classes":[]},{"id":12960,"url":"https:\/\/www.jornalja.com.br\/arquivo\/populacao-culpa-empresas-pela-greve-dos-rodoviarios\/","url_meta":{"origin":50195,"position":5},"title":"Popula\u00e7\u00e3o culpa empresas pela greve","author":"Patr\u00edcia Marini","date":"14 de fevereiro de 2014","format":false,"excerpt":"Pesquisa divulgada na edi\u00e7\u00e3o do jornal Metro desta sexta-feira,14, comprova o velho ditado: \u00e9 poss\u00edvel enganar muitos por algum tempo, mas n\u00e3o \u00e9 poss\u00edvel enganar a todos o tempo inteiro. A principal revela\u00e7\u00e3o foi que 59,8% dos entrevistados apontaram as empresas como as principais respons\u00e1veis pela grave e 46% culparam\u2026","rel":"","context":"Em &quot;X.Categorias velhas&quot;","block_context":{"text":"X.Categorias velhas","link":"https:\/\/www.jornalja.com.br\/arquivo\/category\/x-categorias-velhas\/"},"img":{"alt_text":"","src":"","width":0,"height":0},"classes":[]}],"jetpack_shortlink":"https:\/\/wp.me\/pbQjBd-d3B","jetpack_featured_media_url":"","_links":{"self":[{"href":"https:\/\/www.jornalja.com.br\/arquivo\/wp-json\/wp\/v2\/posts\/50195","targetHints":{"allow":["GET"]}}],"collection":[{"href":"https:\/\/www.jornalja.com.br\/arquivo\/wp-json\/wp\/v2\/posts"}],"about":[{"href":"https:\/\/www.jornalja.com.br\/arquivo\/wp-json\/wp\/v2\/types\/post"}],"author":[{"embeddable":true,"href":"https:\/\/www.jornalja.com.br\/arquivo\/wp-json\/wp\/v2\/users\/4"}],"replies":[{"embeddable":true,"href":"https:\/\/www.jornalja.com.br\/arquivo\/wp-json\/wp\/v2\/comments?post=50195"}],"version-history":[{"count":0,"href":"https:\/\/www.jornalja.com.br\/arquivo\/wp-json\/wp\/v2\/posts\/50195\/revisions"}],"wp:attachment":[{"href":"https:\/\/www.jornalja.com.br\/arquivo\/wp-json\/wp\/v2\/media?parent=50195"}],"wp:term":[{"taxonomy":"category","embeddable":true,"href":"https:\/\/www.jornalja.com.br\/arquivo\/wp-json\/wp\/v2\/categories?post=50195"},{"taxonomy":"post_tag","embeddable":true,"href":"https:\/\/www.jornalja.com.br\/arquivo\/wp-json\/wp\/v2\/tags?post=50195"}],"curies":[{"name":"wp","href":"https:\/\/api.w.org\/{rel}","templated":true}]}}