{"id":50208,"date":"2017-06-19T08:53:42","date_gmt":"2017-06-19T11:53:42","guid":{"rendered":"https:\/\/www.jornalja.com.br\/?p=50208"},"modified":"2017-06-19T08:53:42","modified_gmt":"2017-06-19T11:53:42","slug":"o-caso-andreas-von-richthofen-e-a-esquerda-brasileira","status":"publish","type":"post","link":"https:\/\/www.jornalja.com.br\/arquivo\/o-caso-andreas-von-richthofen-e-a-esquerda-brasileira\/","title":{"rendered":"O caso Andreas von Richthofen e a esquerda brasileira"},"content":{"rendered":"<p><strong>Eduardo Maretti<\/strong><br \/>\nAo escrever estas curtas impress\u00f5es, esclare\u00e7o que minha preocupa\u00e7\u00e3o, aqui, n\u00e3o tem a ver com filtros do senso comum. A premissa \u00e9 que escrevo pensando em algo &#8220;m\u00e1s all\u00e1&#8221;, mas sempre dentro da esquerda brasileira.<br \/>\nDito isso, quero dizer que a esquerda brasileira tem que evoluir muito para ser transformadora. Penso no mestre Pier Paolo Pasolini.<br \/>\nUso para esta modesta an\u00e1lise impressionista o caso Andreas von Richthofen. Como era de se esperar, ap\u00f3s vir a p\u00fablico a informa\u00e7\u00e3o de que Andreas &#8212; o irm\u00e3o de Suzane, condenada por ser a autora intelectual do assassinato dos pais em 2002 &#8212; foi encontrado em condi\u00e7\u00f5es prec\u00e1rias e com &#8220;sinais de uso de drogas&#8221;, n\u00e3o tardaram as abordagens simplistas e, eu diria, espiritual e filosoficamente lim\u00edtrofes, sobre o caso, por parte da nossa nobre esquerda.<br \/>\nUma dessas abordagens, t\u00edpicas, diz o seguinte: &#8220;\u00e9 f\u00e1cil ter compaix\u00e3o e empatia pelo Andreas. Bem nascido, loirinho, frequentou os melhores col\u00e9gios e vivemos, todos, a sua dor. Vimos a destrui\u00e7\u00e3o da sua fam\u00edlia. Solidarizamos a dor dele, quando teve os pais assassinados. Dif\u00edcil mesmo \u00e9 enxergar humanidade e ter compaix\u00e3o e empatia com o viciado que parece vindo de outro mundo. Que \u00e9 analfabeto. Que sempre morou na rua e que j\u00e1 passou pela cadeia algumas vezes&#8221;.\u00a0\u00c9 o que diz <a href=\"http:\/\/justificando.cartacapital.com.br\/2017\/05\/31\/sabe-o-embrulho-no-estomago-ao-ver-que-andreas-estava-na-cracolandia\" data-saferedirecturl=\"http:\/\/www.google.com\/url?hl=pt-BR&amp;q=http:\/\/justificando.cartacapital.com.br\/2017\/05\/31\/sabe-o-embrulho-no-estomago-ao-ver-que-andreas-estava-na-cracolandia&amp;source=gmail&amp;ust=1497958309018000&amp;usg=AFQjCNFKqslxt1jD6yVMDR-_AovMQRebQg\">Marcelo Feller<\/a>, advogado criminal.<br \/>\n<em>Data venia<\/em>, \u00e9 o mesmo tipo de argumenta\u00e7\u00e3o que encara um atentado como o de Paris em 2015, ou o de Manchester, no m\u00eas passado, com afirma\u00e7\u00f5es do tipo: <em>\u00e9 f\u00e1cil lamentar as mortes de Paris, mas dif\u00edcil mesmo \u00e9 enxergar a humanidade dos assassinados nas periferias de S\u00e3o Paulo<\/em> etc etc etc.<br \/>\n\u00c9 como se a pessoa &#8220;bem nascida, loirinha&#8221;, <em>aben\u00e7oada <\/em>por ter frequentado &#8220;os melhores col\u00e9gios&#8221;, fosse destitu\u00edda de humanidade. \u00c9 um argumento filosoficamente indefens\u00e1vel. Um argumento que, no limite, justificaria os atentados de Paris de 2015.<br \/>\nAmbos, Andreas e o menino pobre da periferia, merecem a mesma compaix\u00e3o. A dor de ambos d\u00f3i igualmente, na alma. Mas na alma deles. A dor \u00e9 espiritual e f\u00edsica, e existencial.<br \/>\nSe ser humanista \u00e9 ser antiquado, eu sou antiquado. A quest\u00e3o de Andreas estar ou n\u00e3o na Cracol\u00e2ndia n\u00e3o importa.<br \/>\nA esquerda, da qual eu fa\u00e7o parte, precisa ir al\u00e9m do materialismo e do determinismo.<br \/>\n\u00c9 \u00f3bvio ululante, como diria Nelson Rodrigues, que o pa\u00eds, e particularmente S\u00e3o Paulo, est\u00e3o submetidos a pol\u00edticas higienistas e fascistas. Voltamos d\u00e9cadas no tempo. Sofremos um golpe (que, ali\u00e1s, foi conseguido de maneira t\u00e3o f\u00e1cil que chega a ser deprimente ser brasileiro na atual conjuntura &#8211; mas isso \u00e9 outro assunto).<br \/>\nE n\u00e3o \u00e9 isso que discuto aqui. Aqui, parto do pressuposto de que o fascismo \u00e9 incab\u00edvel no s\u00e9culo XXI. Mas, repito: a esquerda brasileira precisa ir al\u00e9m do materialismo e do determinismo.<br \/>\nA esquerda brasileira deveria ler Nietzsche, Dostoi\u00e9vski, Sartre e Baudelaire, para interpretar a hist\u00f3ria sob perspectivas menos materialistas e deterministas. Perspectivas que possam superar as abordagens f\u00e1ceis. Entender o sofrimento de Rask\u00f3lnikov (o protagonista de <em>Crime e Castigo<\/em>, de Dostoi\u00e9vski) da mesma maneira que entende o sofrimento dos perseguidos pelo higienismo fascista de Jo\u00e3o Doria. S\u00e3o dimens\u00f5es diferentes. Mas dimens\u00f5es que precisam ser compreendidas como paralelas.<br \/>\nA esquerda brasileira precisa se desvencilhar de seus moralismos e ir &#8220;m\u00e1s all\u00e1&#8221;, se quiser transformar este pobre Brasil em algo digno de ser chamado de uma na\u00e7\u00e3o.<br \/>\n\u00c9 s\u00f3 isso. <em>Data venia<\/em>.<br \/>\n<em>(Publicado originalmente no <a href=\"http:\/\/fatosetc.blogspot.com.br\/2017\/06\/o-caso-andreas-von-richthofen-e.html?utm_source=feedburner&amp;utm_medium=email&amp;utm_campaign=Feed:+FatosEtc+(Fatos+Etc.)\">blog <strong>Fatos Etc.<\/strong><\/a>)<\/em><\/p>\n","protected":false},"excerpt":{"rendered":"<p>Eduardo Maretti Ao escrever estas curtas impress\u00f5es, esclare\u00e7o que minha preocupa\u00e7\u00e3o, aqui, n\u00e3o tem a ver com filtros do senso comum. A premissa \u00e9 que escrevo pensando em algo &#8220;m\u00e1s all\u00e1&#8221;, mas sempre dentro da esquerda brasileira. Dito isso, quero dizer que a esquerda brasileira tem que evoluir muito para ser transformadora. Penso no mestre [&hellip;]<\/p>\n","protected":false},"author":4,"featured_media":0,"comment_status":"open","ping_status":"closed","sticky":false,"template":"","format":"standard","meta":{"_jetpack_newsletter_access":"","_jetpack_dont_email_post_to_subs":false,"_jetpack_newsletter_tier_id":0,"_jetpack_memberships_contains_paywalled_content":false,"_jetpack_feature_clip_id":0,"_jetpack_memberships_contains_paid_content":false,"footnotes":"","jetpack_post_was_ever_published":false},"categories":[10],"tags":[],"class_list":["post-50208","post","type-post","status-publish","format-standard","hentry","category-analiseopiniao"],"aioseo_notices":[],"aioseo_head":"\n\t\t<!-- All in One SEO 5.0.1.1 - aioseo.com -->\n\t<meta name=\"robots\" content=\"max-image-preview:large\" \/>\n\t<meta name=\"author\" content=\"da Reda\u00e7\u00e3o\"\/>\n\t<link rel=\"canonical\" href=\"https:\/\/www.jornalja.com.br\/arquivo\/o-caso-andreas-von-richthofen-e-a-esquerda-brasileira\/\" \/>\n\t<meta name=\"generator\" content=\"All in One SEO (AIOSEO) 5.0.1.1\" \/>\n\t\t<meta property=\"og:locale\" content=\"pt_BR\" \/>\n\t\t<meta property=\"og:site_name\" content=\"Arquivo | Jornal J\u00c1 | Porto Alegre\" \/>\n\t\t<meta property=\"og:type\" content=\"article\" \/>\n\t\t<meta property=\"og:title\" content=\"O caso Andreas von Richthofen e a esquerda brasileira | Arquivo\" \/>\n\t\t<meta property=\"og:url\" content=\"https:\/\/www.jornalja.com.br\/arquivo\/o-caso-andreas-von-richthofen-e-a-esquerda-brasileira\/\" \/>\n\t\t<meta property=\"og:image\" content=\"https:\/\/www.jornalja.com.br\/economics\/wp-content\/uploads\/sites\/11\/2026\/08\/ja-folhaderosto-facebook.jpg\" \/>\n\t\t<meta property=\"og:image:secure_url\" content=\"https:\/\/www.jornalja.com.br\/economics\/wp-content\/uploads\/sites\/11\/2026\/08\/ja-folhaderosto-facebook.jpg\" \/>\n\t\t<meta property=\"article:published_time\" content=\"2017-06-19T11:53:42+00:00\" \/>\n\t\t<meta property=\"article:modified_time\" content=\"2017-06-19T11:53:42+00:00\" \/>\n\t\t<meta name=\"twitter:card\" content=\"summary\" \/>\n\t\t<meta name=\"twitter:title\" content=\"O caso Andreas von Richthofen e a esquerda brasileira | Arquivo\" \/>\n\t\t<meta name=\"twitter:image\" content=\"https:\/\/www.jornalja.com.br\/economics\/wp-content\/uploads\/sites\/11\/2026\/08\/ja-folhaderosto-facebook.jpg\" \/>\n\t\t<script type=\"application\/ld+json\" class=\"aioseo-schema\">\n\t\t\t{\"@context\":\"https:\\\/\\\/schema.org\",\"@graph\":[{\"@type\":\"BlogPosting\",\"@id\":\"https:\\\/\\\/www.jornalja.com.br\\\/arquivo\\\/o-caso-andreas-von-richthofen-e-a-esquerda-brasileira\\\/#blogposting\",\"name\":\"O caso Andreas von Richthofen e a esquerda brasileira | Arquivo\",\"headline\":\"O caso Andreas von Richthofen e a esquerda brasileira\",\"author\":{\"@id\":\"https:\\\/\\\/www.jornalja.com.br\\\/arquivo\\\/author\\\/daredacao\\\/#author\"},\"publisher\":{\"@id\":\"https:\\\/\\\/www.jornalja.com.br\\\/arquivo\\\/#organization\"},\"image\":{\"@type\":\"ImageObject\",\"url\":\"https:\\\/\\\/www.jornalja.com.br\\\/wp-content\\\/uploads\\\/cards\\\/JAslogan.png\",\"@id\":\"https:\\\/\\\/www.jornalja.com.br\\\/arquivo\\\/#articleImage\"},\"datePublished\":\"2017-06-19T08:53:42-03:00\",\"dateModified\":\"2017-06-19T08:53:42-03:00\",\"inLanguage\":\"pt-BR\",\"mainEntityOfPage\":{\"@id\":\"https:\\\/\\\/www.jornalja.com.br\\\/arquivo\\\/o-caso-andreas-von-richthofen-e-a-esquerda-brasileira\\\/#webpage\"},\"isPartOf\":{\"@id\":\"https:\\\/\\\/www.jornalja.com.br\\\/arquivo\\\/o-caso-andreas-von-richthofen-e-a-esquerda-brasileira\\\/#webpage\"},\"articleSection\":\"AN\\u00c1LISE&amp;OPINI\\u00c3O\"},{\"@type\":\"BreadcrumbList\",\"@id\":\"https:\\\/\\\/www.jornalja.com.br\\\/arquivo\\\/o-caso-andreas-von-richthofen-e-a-esquerda-brasileira\\\/#breadcrumblist\",\"itemListElement\":[{\"@type\":\"ListItem\",\"@id\":\"https:\\\/\\\/www.jornalja.com.br\\\/arquivo#listItem\",\"position\":1,\"name\":\"Home\",\"item\":\"https:\\\/\\\/www.jornalja.com.br\\\/arquivo\",\"nextItem\":{\"@type\":\"ListItem\",\"@id\":\"https:\\\/\\\/www.jornalja.com.br\\\/arquivo\\\/category\\\/analiseopiniao\\\/#listItem\",\"name\":\"AN\\u00c1LISE&amp;OPINI\\u00c3O\"}},{\"@type\":\"ListItem\",\"@id\":\"https:\\\/\\\/www.jornalja.com.br\\\/arquivo\\\/category\\\/analiseopiniao\\\/#listItem\",\"position\":2,\"name\":\"AN\\u00c1LISE&amp;OPINI\\u00c3O\",\"item\":\"https:\\\/\\\/www.jornalja.com.br\\\/arquivo\\\/category\\\/analiseopiniao\\\/\",\"nextItem\":{\"@type\":\"ListItem\",\"@id\":\"https:\\\/\\\/www.jornalja.com.br\\\/arquivo\\\/o-caso-andreas-von-richthofen-e-a-esquerda-brasileira\\\/#listItem\",\"name\":\"O caso Andreas von Richthofen e a esquerda brasileira\"},\"previousItem\":{\"@type\":\"ListItem\",\"@id\":\"https:\\\/\\\/www.jornalja.com.br\\\/arquivo#listItem\",\"name\":\"Home\"}},{\"@type\":\"ListItem\",\"@id\":\"https:\\\/\\\/www.jornalja.com.br\\\/arquivo\\\/o-caso-andreas-von-richthofen-e-a-esquerda-brasileira\\\/#listItem\",\"position\":3,\"name\":\"O caso Andreas von Richthofen e a esquerda brasileira\",\"previousItem\":{\"@type\":\"ListItem\",\"@id\":\"https:\\\/\\\/www.jornalja.com.br\\\/arquivo\\\/category\\\/analiseopiniao\\\/#listItem\",\"name\":\"AN\\u00c1LISE&amp;OPINI\\u00c3O\"}}]},{\"@type\":\"Organization\",\"@id\":\"https:\\\/\\\/www.jornalja.com.br\\\/arquivo\\\/#organization\",\"name\":\"Jornal J\\u00c1\",\"description\":\"Jornal J\\u00c1 | Porto Alegre\",\"url\":\"https:\\\/\\\/www.jornalja.com.br\\\/arquivo\\\/\",\"telephone\":\"+555133307272\",\"logo\":{\"@type\":\"ImageObject\",\"url\":\"https:\\\/\\\/www.jornalja.com.br\\\/wp-content\\\/uploads\\\/cards\\\/JAslogan.png\",\"@id\":\"https:\\\/\\\/www.jornalja.com.br\\\/arquivo\\\/o-caso-andreas-von-richthofen-e-a-esquerda-brasileira\\\/#organizationLogo\"},\"image\":{\"@id\":\"https:\\\/\\\/www.jornalja.com.br\\\/arquivo\\\/o-caso-andreas-von-richthofen-e-a-esquerda-brasileira\\\/#organizationLogo\"}},{\"@type\":\"Person\",\"@id\":\"https:\\\/\\\/www.jornalja.com.br\\\/arquivo\\\/author\\\/daredacao\\\/#author\",\"url\":\"https:\\\/\\\/www.jornalja.com.br\\\/arquivo\\\/author\\\/daredacao\\\/\",\"name\":\"da Reda\\u00e7\\u00e3o\",\"image\":{\"@type\":\"ImageObject\",\"@id\":\"https:\\\/\\\/www.jornalja.com.br\\\/arquivo\\\/o-caso-andreas-von-richthofen-e-a-esquerda-brasileira\\\/#authorImage\",\"url\":\"https:\\\/\\\/secure.gravatar.com\\\/avatar\\\/469fd857d6605ad19919d27ed29d35a968a25f6e8fd9318356bbb7f57aae9c65?s=96&d=mm&r=g\",\"width\":96,\"height\":96,\"caption\":\"da Reda\\u00e7\\u00e3o\"}},{\"@type\":\"WebPage\",\"@id\":\"https:\\\/\\\/www.jornalja.com.br\\\/arquivo\\\/o-caso-andreas-von-richthofen-e-a-esquerda-brasileira\\\/#webpage\",\"url\":\"https:\\\/\\\/www.jornalja.com.br\\\/arquivo\\\/o-caso-andreas-von-richthofen-e-a-esquerda-brasileira\\\/\",\"name\":\"O caso Andreas von Richthofen e a esquerda brasileira | Arquivo\",\"inLanguage\":\"pt-BR\",\"isPartOf\":{\"@id\":\"https:\\\/\\\/www.jornalja.com.br\\\/arquivo\\\/#website\"},\"breadcrumb\":{\"@id\":\"https:\\\/\\\/www.jornalja.com.br\\\/arquivo\\\/o-caso-andreas-von-richthofen-e-a-esquerda-brasileira\\\/#breadcrumblist\"},\"author\":{\"@id\":\"https:\\\/\\\/www.jornalja.com.br\\\/arquivo\\\/author\\\/daredacao\\\/#author\"},\"creator\":{\"@id\":\"https:\\\/\\\/www.jornalja.com.br\\\/arquivo\\\/author\\\/daredacao\\\/#author\"},\"datePublished\":\"2017-06-19T08:53:42-03:00\",\"dateModified\":\"2017-06-19T08:53:42-03:00\"},{\"@type\":\"WebSite\",\"@id\":\"https:\\\/\\\/www.jornalja.com.br\\\/arquivo\\\/#website\",\"url\":\"https:\\\/\\\/www.jornalja.com.br\\\/arquivo\\\/\",\"name\":\"Arquivo\",\"description\":\"Jornal J\\u00c1 | Porto Alegre\",\"inLanguage\":\"pt-BR\",\"publisher\":{\"@id\":\"https:\\\/\\\/www.jornalja.com.br\\\/arquivo\\\/#organization\"}}]}\n\t\t<\/script>\n\t\t<!-- All in One SEO -->\n\n","aioseo_head_json":{"title":"O caso Andreas von Richthofen e a esquerda brasileira | Arquivo","description":"","canonical_url":"https:\/\/www.jornalja.com.br\/arquivo\/o-caso-andreas-von-richthofen-e-a-esquerda-brasileira\/","robots":"max-image-preview:large","keywords":"","webmasterTools":{"miscellaneous":""},"schema":{"@context":"https:\/\/schema.org","@graph":[{"@type":"BlogPosting","@id":"https:\/\/www.jornalja.com.br\/arquivo\/o-caso-andreas-von-richthofen-e-a-esquerda-brasileira\/#blogposting","name":"O caso Andreas von Richthofen e a esquerda brasileira | Arquivo","headline":"O caso Andreas von Richthofen e a esquerda brasileira","author":{"@id":"https:\/\/www.jornalja.com.br\/arquivo\/author\/daredacao\/#author"},"publisher":{"@id":"https:\/\/www.jornalja.com.br\/arquivo\/#organization"},"image":{"@type":"ImageObject","url":"https:\/\/www.jornalja.com.br\/wp-content\/uploads\/cards\/JAslogan.png","@id":"https:\/\/www.jornalja.com.br\/arquivo\/#articleImage"},"datePublished":"2017-06-19T08:53:42-03:00","dateModified":"2017-06-19T08:53:42-03:00","inLanguage":"pt-BR","mainEntityOfPage":{"@id":"https:\/\/www.jornalja.com.br\/arquivo\/o-caso-andreas-von-richthofen-e-a-esquerda-brasileira\/#webpage"},"isPartOf":{"@id":"https:\/\/www.jornalja.com.br\/arquivo\/o-caso-andreas-von-richthofen-e-a-esquerda-brasileira\/#webpage"},"articleSection":"AN\u00c1LISE&amp;OPINI\u00c3O"},{"@type":"BreadcrumbList","@id":"https:\/\/www.jornalja.com.br\/arquivo\/o-caso-andreas-von-richthofen-e-a-esquerda-brasileira\/#breadcrumblist","itemListElement":[{"@type":"ListItem","@id":"https:\/\/www.jornalja.com.br\/arquivo#listItem","position":1,"name":"Home","item":"https:\/\/www.jornalja.com.br\/arquivo","nextItem":{"@type":"ListItem","@id":"https:\/\/www.jornalja.com.br\/arquivo\/category\/analiseopiniao\/#listItem","name":"AN\u00c1LISE&amp;OPINI\u00c3O"}},{"@type":"ListItem","@id":"https:\/\/www.jornalja.com.br\/arquivo\/category\/analiseopiniao\/#listItem","position":2,"name":"AN\u00c1LISE&amp;OPINI\u00c3O","item":"https:\/\/www.jornalja.com.br\/arquivo\/category\/analiseopiniao\/","nextItem":{"@type":"ListItem","@id":"https:\/\/www.jornalja.com.br\/arquivo\/o-caso-andreas-von-richthofen-e-a-esquerda-brasileira\/#listItem","name":"O caso Andreas von Richthofen e a esquerda brasileira"},"previousItem":{"@type":"ListItem","@id":"https:\/\/www.jornalja.com.br\/arquivo#listItem","name":"Home"}},{"@type":"ListItem","@id":"https:\/\/www.jornalja.com.br\/arquivo\/o-caso-andreas-von-richthofen-e-a-esquerda-brasileira\/#listItem","position":3,"name":"O caso Andreas von Richthofen e a esquerda brasileira","previousItem":{"@type":"ListItem","@id":"https:\/\/www.jornalja.com.br\/arquivo\/category\/analiseopiniao\/#listItem","name":"AN\u00c1LISE&amp;OPINI\u00c3O"}}]},{"@type":"Organization","@id":"https:\/\/www.jornalja.com.br\/arquivo\/#organization","name":"Jornal J\u00c1","description":"Jornal J\u00c1 | Porto Alegre","url":"https:\/\/www.jornalja.com.br\/arquivo\/","telephone":"+555133307272","logo":{"@type":"ImageObject","url":"https:\/\/www.jornalja.com.br\/wp-content\/uploads\/cards\/JAslogan.png","@id":"https:\/\/www.jornalja.com.br\/arquivo\/o-caso-andreas-von-richthofen-e-a-esquerda-brasileira\/#organizationLogo"},"image":{"@id":"https:\/\/www.jornalja.com.br\/arquivo\/o-caso-andreas-von-richthofen-e-a-esquerda-brasileira\/#organizationLogo"}},{"@type":"Person","@id":"https:\/\/www.jornalja.com.br\/arquivo\/author\/daredacao\/#author","url":"https:\/\/www.jornalja.com.br\/arquivo\/author\/daredacao\/","name":"da Reda\u00e7\u00e3o","image":{"@type":"ImageObject","@id":"https:\/\/www.jornalja.com.br\/arquivo\/o-caso-andreas-von-richthofen-e-a-esquerda-brasileira\/#authorImage","url":"https:\/\/secure.gravatar.com\/avatar\/469fd857d6605ad19919d27ed29d35a968a25f6e8fd9318356bbb7f57aae9c65?s=96&d=mm&r=g","width":96,"height":96,"caption":"da Reda\u00e7\u00e3o"}},{"@type":"WebPage","@id":"https:\/\/www.jornalja.com.br\/arquivo\/o-caso-andreas-von-richthofen-e-a-esquerda-brasileira\/#webpage","url":"https:\/\/www.jornalja.com.br\/arquivo\/o-caso-andreas-von-richthofen-e-a-esquerda-brasileira\/","name":"O caso Andreas von Richthofen e a esquerda brasileira | Arquivo","inLanguage":"pt-BR","isPartOf":{"@id":"https:\/\/www.jornalja.com.br\/arquivo\/#website"},"breadcrumb":{"@id":"https:\/\/www.jornalja.com.br\/arquivo\/o-caso-andreas-von-richthofen-e-a-esquerda-brasileira\/#breadcrumblist"},"author":{"@id":"https:\/\/www.jornalja.com.br\/arquivo\/author\/daredacao\/#author"},"creator":{"@id":"https:\/\/www.jornalja.com.br\/arquivo\/author\/daredacao\/#author"},"datePublished":"2017-06-19T08:53:42-03:00","dateModified":"2017-06-19T08:53:42-03:00"},{"@type":"WebSite","@id":"https:\/\/www.jornalja.com.br\/arquivo\/#website","url":"https:\/\/www.jornalja.com.br\/arquivo\/","name":"Arquivo","description":"Jornal J\u00c1 | Porto Alegre","inLanguage":"pt-BR","publisher":{"@id":"https:\/\/www.jornalja.com.br\/arquivo\/#organization"}}]},"og:locale":"pt_BR","og:site_name":"Arquivo | Jornal J\u00c1 | Porto Alegre","og:type":"article","og:title":"O caso Andreas von Richthofen e a esquerda brasileira | Arquivo","og:url":"https:\/\/www.jornalja.com.br\/arquivo\/o-caso-andreas-von-richthofen-e-a-esquerda-brasileira\/","og:image":"https:\/\/www.jornalja.com.br\/economics\/wp-content\/uploads\/sites\/11\/2026\/08\/ja-folhaderosto-facebook.jpg","og:image:secure_url":"https:\/\/www.jornalja.com.br\/economics\/wp-content\/uploads\/sites\/11\/2026\/08\/ja-folhaderosto-facebook.jpg","article:published_time":"2017-06-19T11:53:42+00:00","article:modified_time":"2017-06-19T11:53:42+00:00","twitter:card":"summary","twitter:title":"O caso Andreas von Richthofen e a esquerda brasileira | Arquivo","twitter:image":"https:\/\/www.jornalja.com.br\/economics\/wp-content\/uploads\/sites\/11\/2026\/08\/ja-folhaderosto-facebook.jpg"},"aioseo_meta_data":{"post_id":"50208","title":null,"description":null,"keywords":null,"keyphrases":null,"primary_term":null,"canonical_url":null,"og_title":null,"og_description":null,"og_object_type":"default","og_image_type":"default","og_image_url":null,"og_image_width":null,"og_image_height":null,"og_image_custom_url":null,"og_image_custom_fields":null,"og_video":null,"og_custom_url":null,"og_article_section":null,"og_article_tags":null,"twitter_use_og":false,"twitter_card":"default","twitter_image_type":"default","twitter_image_url":null,"twitter_image_custom_url":null,"twitter_image_custom_fields":null,"twitter_title":null,"twitter_description":null,"schema":{"blockGraphs":[],"customGraphs":[],"default":{"data":{"Article":[],"Course":[],"Dataset":[],"FAQPage":[],"Movie":[],"Person":[],"Product":[],"ProductReview":[],"Car":[],"Recipe":[],"Service":[],"SoftwareApplication":[],"WebPage":[]},"graphName":"","isEnabled":true},"graphs":[],"defaultGraph":"","defaultPostTypeGraph":""},"schema_type":null,"schema_type_options":null,"pillar_content":false,"robots_default":true,"robots_noindex":false,"robots_noarchive":false,"robots_nosnippet":false,"robots_nofollow":false,"robots_noimageindex":false,"robots_noodp":false,"robots_notranslate":false,"robots_max_snippet":null,"robots_max_videopreview":null,"robots_max_imagepreview":"large","priority":null,"frequency":null,"location":null,"local_seo":null,"breadcrumb_settings":null,"limit_modified_date":false,"ai":null,"created":"2020-12-20 20:32:00","updated":"2025-07-19 22:18:43","seo_analyzer_scan_date":null,"focus_keyword":null,"additional_keywords":null,"truseo_locale":null},"jetpack_sharing_enabled":true,"jetpack-related-posts":[{"id":13101,"url":"https:\/\/www.jornalja.com.br\/arquivo\/morre-um-guerreiro-do-texto\/","url_meta":{"origin":50208,"position":0},"title":"Morre um guerreiro do texto","author":"Patr\u00edcia Marini","date":"14 de maio de 2014","format":false,"excerpt":"Por Ricardo Kotscho Reproduzido do blog do autor, 11\/5\/2014; t\u00edtulo original \u201cE l\u00e1 se foi o nosso Myltainho, guerreiro do texto\u201d. Mi\u00fado e franzino, meu amigo Myltainho era um valente e inconformado guerreiro na luta contra as injusti\u00e7as sociais, a hipocrisia, as maracutaias, o autoritarismo, a intoler\u00e2ncia, a viol\u00eancia, o\u2026","rel":"","context":"Em &quot;Geral&quot;","block_context":{"text":"Geral","link":"https:\/\/www.jornalja.com.br\/arquivo\/category\/geral\/"},"img":{"alt_text":"","src":"","width":0,"height":0},"classes":[]},{"id":13124,"url":"https:\/\/www.jornalja.com.br\/arquivo\/sangue-latino-no-iecine\/","url_meta":{"origin":50208,"position":1},"title":"Sangue latino no IECINE","author":"da Reda\u00e7\u00e3o","date":"18 de maio de 2014","format":false,"excerpt":"Francisco Ribeiro O Instituto Estadual de Cinema (IECINE) tem a frente, desde abril \u00faltimo, um novo diretor, o cineasta colombiano Juan Zapata, 36, que substitui Luiz Alberto Cassol. Radicado h\u00e1 dez anos em Porto Alegre, Zapata tem diante de si o desafio de conduzir at\u00e9 o final do ano um\u2026","rel":"","context":"Em &quot;Cultura-Geral&quot;","block_context":{"text":"Cultura-Geral","link":"https:\/\/www.jornalja.com.br\/arquivo\/category\/materiasecundaria\/"},"img":{"alt_text":"","src":"","width":0,"height":0},"classes":[]},{"id":13128,"url":"https:\/\/www.jornalja.com.br\/arquivo\/maconha-terra-diz-que-uso-medicinal-e-desculpa\/","url_meta":{"origin":50208,"position":2},"title":"Maconha: Terra diz que uso medicinal \u00e9 desculpa","author":"Patr\u00edcia Marini","date":"4 de junho de 2014","format":false,"excerpt":"A condi\u00e7\u00e3o de pol\u00edtico, em \u00e9poca de campanha de campanha eleitoral, tira for\u00e7a do discurso do m\u00e9dico Osmar Terra contra a legaliza\u00e7\u00e3o da maconha. A tese dele de que a libera\u00e7\u00e3o vai ampliar exponencialmente o consumo \u00e9 discutivel, o consumo \u00e9 corrente. Mas seus alertas quanto aos riscos tem que\u2026","rel":"","context":"Em &quot;X.Categorias velhas&quot;","block_context":{"text":"X.Categorias velhas","link":"https:\/\/www.jornalja.com.br\/arquivo\/category\/x-categorias-velhas\/"},"img":{"alt_text":"","src":"","width":0,"height":0},"classes":[]},{"id":13109,"url":"https:\/\/www.jornalja.com.br\/arquivo\/judiciario-reconhece-poluicao-eletromagnetica\/","url_meta":{"origin":50208,"position":3},"title":"Judici\u00e1rio reconhece polui\u00e7\u00e3o eletromagn\u00e9tica","author":"Patr\u00edcia Marini","date":"16 de maio de 2014","format":false,"excerpt":"A\u00e7\u00e3o de duas associa\u00e7\u00f5es de moradores foi acolhida pelo Tribunal de Justi\u00e7a de S\u00e3o Paulo que. em decis\u00e3o in\u00e9dita, determinou a redu\u00e7\u00e3o do campo eletromagn\u00e9tico gerado pelas linhas de transmiss\u00e3o de energia que cortam os bairros City Boa\u00e7ava e Alto de Pinheiros. \u00c9 a primeira vez que um tribunal do\u2026","rel":"","context":"Em &quot;X.Categorias velhas&quot;","block_context":{"text":"X.Categorias velhas","link":"https:\/\/www.jornalja.com.br\/arquivo\/category\/x-categorias-velhas\/"},"img":{"alt_text":"","src":"","width":0,"height":0},"classes":[]},{"id":5440,"url":"https:\/\/www.jornalja.com.br\/arquivo\/casarao-da-venancio-destino-permanece-incerto\/","url_meta":{"origin":50208,"position":4},"title":"Estado ainda n\u00e3o sabe o que fazer com casar\u00e3o abandonado h\u00e1 20 anos","author":"Elmar Bones","date":"6 de julho de 2009","format":false,"excerpt":"O casar\u00e3o amarelo, numa esquina nobre de Porto Alegre (Ven\u00e2ncio Aires com Jo\u00e3o Pessoa), j\u00e1 abrigou uma escola. H\u00e1 duas d\u00e9cadas, pelo menos, est\u00e1 abandonado, porque seu propriet\u00e1rio, o governo do Estado do Rio Grande do Sul, n\u00e3o consegue achar um destino para ele. Planos n\u00e3o faltaram. O governador Ol\u00edvio\u2026","rel":"","context":"Em &quot;X.Categorias velhas&quot;","block_context":{"text":"X.Categorias velhas","link":"https:\/\/www.jornalja.com.br\/arquivo\/category\/x-categorias-velhas\/"},"img":{"alt_text":"geraldo1","src":"https:\/\/i0.wp.com\/www.jornalja.com.br\/wp-content\/uploads\/2009\/07\/geraldo1.jpg?resize=350%2C200&ssl=1","width":350,"height":200},"classes":[]},{"id":14241,"url":"https:\/\/www.jornalja.com.br\/arquivo\/o-guaiba-nas-imagens-poeticas-de-achutti\/","url_meta":{"origin":50208,"position":5},"title":"O Gua\u00edba nas imagens po\u00e9ticas de Achutti","author":"da Reda\u00e7\u00e3o","date":"18 de junho de 2014","format":false,"excerpt":"Em \u201cO Gua\u00edba por Achutti\u201d \u2013 obra financiada via Minist\u00e9rio da Cultura, produ\u00e7\u00e3o executiva de Pedro Longhi, e Fl\u00e1vio Wild como designer \u2013, o fot\u00f3grafo revela a beleza e as mazelas de um espa\u00e7o aqu\u00e1tico de \u00e1guas sempre renovadas, cheio de hist\u00f3rias e lendas como as das cidades que foram\u2026","rel":"","context":"Em &quot;Cultura-Geral&quot;","block_context":{"text":"Cultura-Geral","link":"https:\/\/www.jornalja.com.br\/arquivo\/category\/materiasecundaria\/"},"img":{"alt_text":"","src":"","width":0,"height":0},"classes":[]}],"jetpack_shortlink":"https:\/\/wp.me\/pbQjBd-d3O","jetpack_featured_media_url":"","_links":{"self":[{"href":"https:\/\/www.jornalja.com.br\/arquivo\/wp-json\/wp\/v2\/posts\/50208","targetHints":{"allow":["GET"]}}],"collection":[{"href":"https:\/\/www.jornalja.com.br\/arquivo\/wp-json\/wp\/v2\/posts"}],"about":[{"href":"https:\/\/www.jornalja.com.br\/arquivo\/wp-json\/wp\/v2\/types\/post"}],"author":[{"embeddable":true,"href":"https:\/\/www.jornalja.com.br\/arquivo\/wp-json\/wp\/v2\/users\/4"}],"replies":[{"embeddable":true,"href":"https:\/\/www.jornalja.com.br\/arquivo\/wp-json\/wp\/v2\/comments?post=50208"}],"version-history":[{"count":0,"href":"https:\/\/www.jornalja.com.br\/arquivo\/wp-json\/wp\/v2\/posts\/50208\/revisions"}],"wp:attachment":[{"href":"https:\/\/www.jornalja.com.br\/arquivo\/wp-json\/wp\/v2\/media?parent=50208"}],"wp:term":[{"taxonomy":"category","embeddable":true,"href":"https:\/\/www.jornalja.com.br\/arquivo\/wp-json\/wp\/v2\/categories?post=50208"},{"taxonomy":"post_tag","embeddable":true,"href":"https:\/\/www.jornalja.com.br\/arquivo\/wp-json\/wp\/v2\/tags?post=50208"}],"curies":[{"name":"wp","href":"https:\/\/api.w.org\/{rel}","templated":true}]}}