{"id":50211,"date":"2017-06-19T09:34:27","date_gmt":"2017-06-19T12:34:27","guid":{"rendered":"https:\/\/www.jornalja.com.br\/?p=50211"},"modified":"2017-06-19T09:34:27","modified_gmt":"2017-06-19T12:34:27","slug":"trabalho-autonomo-nao-e-boa-alternativa-ao-desemprego","status":"publish","type":"post","link":"https:\/\/www.jornalja.com.br\/arquivo\/trabalho-autonomo-nao-e-boa-alternativa-ao-desemprego\/","title":{"rendered":"Trabalho aut\u00f4nomo n\u00e3o \u00e9 boa alternativa ao desemprego"},"content":{"rendered":"<header class=\"entry-header\">\n<h1 class=\"entry-title\">Iracema Castelo Branco<\/h1>\n<div class=\"entry-meta\">\n<p class=\"metainfo\">O aumento do desemprego e as suas consequ\u00eancias sociais s\u00e3o considerados uma das faces mais perversas da recess\u00e3o econ\u00f4mica. A taxa de desemprego elevou-se em 81,4% na Regi\u00e3o Metropolitana de Porto Alegre entre 2014 e 2016, passando de 5,9% em 2014 para 10,7% em 2016. Diante da dificuldade da economia brasileira em retomar a trajet\u00f3ria de crescimento e a gera\u00e7\u00e3o de empregos, o trabalho aut\u00f4nomo, como forma de empreendedorismo, tem sido amplamente incentivado como sa\u00edda para o desemprego.<\/p>\n<p><a class=\"button small secondary\" href=\"http:\/\/www.slideshare.net\/feers\/trabalho-autnomo-alternativa-consistente-para-superar-o-desemprego\" target=\"_blank\" rel=\"noopener noreferrer\"><i class=\"fa fa-slideshare\"><\/i> Slides<\/a><br \/>\nDe acordo com a Pesquisa de Emprego e Desemprego na Regi\u00e3o Metropolitana de Porto Alegre (PED-RMPA), a estrutura ocupacional da Regi\u00e3o, em 2014, era: 71,0% de assalariados, 14,1% de trabalhadores aut\u00f4nomos e 14,9% de outras ocupa\u00e7\u00f5es. Em 2015, a propor\u00e7\u00e3o de trabalhadores aut\u00f4nomos diminuiu para 13,1% de ocupados e, em 2016, aumentou para 13,7%. O n\u00famero de trabalhadores nessa ocupa\u00e7\u00e3o reduziu-se em 22 mil em 2015, correspondendo a 70,1% da queda na ocupa\u00e7\u00e3o da RMPA nesse ano. Em 2016, o contingente de aut\u00f4nomos ficou est\u00e1vel, e o n\u00edvel ocupacional da RMPA diminuiu em 83 mil pessoas (todos assalariados). Uma an\u00e1lise detalhada dessa forma de inser\u00e7\u00e3o ocupacional revela uma mudan\u00e7a de tend\u00eancia no segundo semestre de 2016, que n\u00e3o \u00e9 percebida quando se observam os dados agregados para o ano. Em 2015 e no primeiro semestre de 2016, a tend\u00eancia \u00e9 de redu\u00e7\u00e3o no n\u00famero de trabalhadores aut\u00f4nomos, enquanto, no segundo semestre de 2016, a tend\u00eancia passa a ser de crescimento, com aumento de 30 mil pessoas nessa ocupa\u00e7\u00e3o, uma eleva\u00e7\u00e3o de 13,6% em rela\u00e7\u00e3o ao segundo semestre de 2015 (gr\u00e1fico).\n<\/div>\n<\/header>\n<div class=\"entry-content\">\nO profissional aut\u00f4nomo trabalha sozinho, e a sua atividade n\u00e3o depende de um diploma universit\u00e1rio, diferentemente dos profissionais liberais, cuja atividade depende de uma forma\u00e7\u00e3o acad\u00eamica. O trabalho aut\u00f4nomo pode ser dividido em duas categorias: a dos que trabalham para o p\u00fablico em geral e a dos que trabalham para empresas. Entre o segundo semestre de 2014 e o primeiro semestre de 2016, os aut\u00f4nomos que trabalham para empresas apresentaram redu\u00e7\u00f5es mais acentuadas (-25,4%) do que os que trabalham para o p\u00fablico (-14,3%). J\u00e1 no segundo semestre de 2016 (em rela\u00e7\u00e3o ao primeiro semestre desse ano), aqueles que atendem o p\u00fablico cresceram mais (17,3%) do que aqueles que prestam servi\u00e7os para empresas (13,2%). A composi\u00e7\u00e3o dessa ocupa\u00e7\u00e3o, no segundo semestre de 2016, era de 76,1% de trabalhadores para o p\u00fablico, o que correspondia a 190 mil ocupados, e de 23,9% de trabalhadores para empresas (60 mil ocupados). Destaca-se que entre os aut\u00f4nomos que trabalham para empresas, 65,0% (39 mil pessoas) prestavam servi\u00e7os para at\u00e9 uma empresa. Na literatura, esse fen\u00f4meno \u00e9 chamado de \u201cpejotiza\u00e7\u00e3o\u201d e caracteriza a terceiriza\u00e7\u00e3o, pois apresenta caracter\u00edsticas de trabalho assalariado sem incidir nos custos trabalhistas.<br \/>\nA an\u00e1lise do perfil dos trabalhadores aut\u00f4nomos para o ano de 2016 revela que a maioria \u00e9 homem (66,5%), tem 40 anos e mais (63,3%), possui baixa escolaridade (53,3% t\u00eam at\u00e9 o ensino fundamental) e n\u00e3o contribui para a Previd\u00eancia Social (59,0%). Caracter\u00edsticas estas distintas da m\u00e9dia do total de ocupados na RMPA: 53,8% de homens, 47,5% t\u00eam 40 anos e mais, 37,4% t\u00eam at\u00e9 o ensino fundamental, e 16,9% n\u00e3o contribuem para a Previd\u00eancia. Relacionando o perfil com o tipo de atividade, percebe-se que os aut\u00f4nomos que trabalham para empresas s\u00e3o um pouco mais jovens e escolarizados quando comparados com os aut\u00f4nomos que trabalham para o p\u00fablico em geral.<br \/>\nEm rela\u00e7\u00e3o \u00e0 renda, os trabalhadores aut\u00f4nomos possuem um rendimento m\u00e9dio real inferior ao dos assalariados. Al\u00e9m disso, a queda nos rendimentos dos aut\u00f4nomos foi mais intensa do que a redu\u00e7\u00e3o dos sal\u00e1rios nesses \u00faltimos dois anos de crise. Entre 2014 e 2016, a redu\u00e7\u00e3o do rendimento m\u00e9dio real foi de 20,5% para os aut\u00f4nomos e 14,9% para os assalariados. Em 2014, um trabalhador aut\u00f4nomo recebia em m\u00e9dia 4,8% menos do que um assalariado, diferen\u00e7a que aumentou para 11,1% em 2016. Destaca-se que a queda na renda dos aut\u00f4nomos foi 14,3% no segundo semestre de 2016 em rela\u00e7\u00e3o ao segundo semestre de 2015, justamente no per\u00edodo em que se observou crescimento do seu contingente (13,6%). Analisando-se por categoria, os aut\u00f4nomos que atendem ao p\u00fablico auferem, em m\u00e9dia, 26,8% menos do que aqueles que trabalham para empresas.<br \/>\nEm s\u00edntese, a inser\u00e7\u00e3o ocupacional do trabalhador aut\u00f4nomo d\u00e1-se em uma condi\u00e7\u00e3o de maior precariedade comparativamente ao assalariado. Diante disso, uma alternativa que considere a supera\u00e7\u00e3o do desemprego atrav\u00e9s do trabalho aut\u00f4nomo estar\u00e1 ampliando a precariza\u00e7\u00e3o do mercado de trabalho. Mesmo que alguns desses trabalhadores prosperem, \u00e9 irrealismo considerar que esse tipo de inser\u00e7\u00e3o ocupacional seja uma alternativa consistente na atual conjuntura de crise. Nesse sentido, ter a expectativa de que os 203 mil desempregados da RMPA (abril\/2017) possam ser respons\u00e1veis pela sua pr\u00f3pria gera\u00e7\u00e3o de renda, ainda mais em um contexto de recess\u00e3o econ\u00f4mica, retrata a incapacidade dos formuladores de pol\u00edticas p\u00fablicas (em \u00e2mbito econ\u00f4mico e social) em promover o crescimento econ\u00f4mico e a gera\u00e7\u00e3o de empregos.<br \/>\n<a href=\"http:\/\/carta.fee.tche.br\/wp-content\/uploads\/2017\/06\/20170614grafico-do-drope-2-1.png\"><img loading=\"lazy\" decoding=\"async\" class=\"aligncenter wp-image-8941\" src=\"http:\/\/carta.fee.tche.br\/wp-content\/uploads\/2017\/06\/20170614grafico-do-drope-2-1-1024x775.png\" alt=\"\" width=\"500\" height=\"378\" \/><\/a><br \/>\n&nbsp;<br \/>\n<em>(Publicado originalmente na Revista de Conjuntura da FEE, Ano 26, n.6 &#8211; 2017, com o t\u00edtulo\u00a0<\/em><strong><em>Trabalho aut\u00f4nomo: alternativa consistente para superar o desemprego?<\/em><\/strong>)<\/p>\n<div class=\"cssc-main\">\n<h2><\/h2>\n<\/div>\n<\/div>\n","protected":false},"excerpt":{"rendered":"<p>Iracema Castelo Branco O aumento do desemprego e as suas consequ\u00eancias sociais s\u00e3o considerados uma das faces mais perversas da recess\u00e3o econ\u00f4mica. A taxa de desemprego elevou-se em 81,4% na Regi\u00e3o Metropolitana de Porto Alegre entre 2014 e 2016, passando de 5,9% em 2014 para 10,7% em 2016. Diante da dificuldade da economia brasileira em [&hellip;]<\/p>\n","protected":false},"author":4,"featured_media":0,"comment_status":"open","ping_status":"closed","sticky":false,"template":"","format":"standard","meta":{"_jetpack_newsletter_access":"","_jetpack_dont_email_post_to_subs":false,"_jetpack_newsletter_tier_id":0,"_jetpack_memberships_contains_paywalled_content":false,"_jetpack_feature_clip_id":0,"_jetpack_memberships_contains_paid_content":false,"footnotes":"","jetpack_post_was_ever_published":false},"categories":[10],"tags":[],"class_list":["post-50211","post","type-post","status-publish","format-standard","hentry","category-analiseopiniao"],"aioseo_notices":[],"aioseo_head":"\n\t\t<!-- All in One SEO 5.0.1.1 - aioseo.com -->\n\t<meta name=\"robots\" content=\"max-image-preview:large\" \/>\n\t<meta name=\"author\" content=\"da Reda\u00e7\u00e3o\"\/>\n\t<link rel=\"canonical\" href=\"https:\/\/www.jornalja.com.br\/arquivo\/trabalho-autonomo-nao-e-boa-alternativa-ao-desemprego\/\" \/>\n\t<meta name=\"generator\" content=\"All in One SEO (AIOSEO) 5.0.1.1\" \/>\n\t\t<meta property=\"og:locale\" content=\"pt_BR\" \/>\n\t\t<meta property=\"og:site_name\" content=\"Arquivo | Jornal J\u00c1 | Porto Alegre\" \/>\n\t\t<meta property=\"og:type\" content=\"article\" \/>\n\t\t<meta property=\"og:title\" content=\"Trabalho aut\u00f4nomo n\u00e3o \u00e9 boa alternativa ao desemprego | Arquivo\" \/>\n\t\t<meta property=\"og:url\" content=\"https:\/\/www.jornalja.com.br\/arquivo\/trabalho-autonomo-nao-e-boa-alternativa-ao-desemprego\/\" \/>\n\t\t<meta property=\"og:image\" content=\"https:\/\/carta.fee.tche.br\/wp-content\/uploads\/2017\/06\/20170614grafico-do-drope-2-1-1024x775.png\" \/>\n\t\t<meta property=\"og:image:secure_url\" content=\"https:\/\/carta.fee.tche.br\/wp-content\/uploads\/2017\/06\/20170614grafico-do-drope-2-1-1024x775.png\" \/>\n\t\t<meta property=\"article:published_time\" content=\"2017-06-19T12:34:27+00:00\" \/>\n\t\t<meta property=\"article:modified_time\" content=\"2017-06-19T12:34:27+00:00\" \/>\n\t\t<meta name=\"twitter:card\" content=\"summary\" \/>\n\t\t<meta name=\"twitter:title\" content=\"Trabalho aut\u00f4nomo n\u00e3o \u00e9 boa alternativa ao desemprego | Arquivo\" \/>\n\t\t<meta name=\"twitter:image\" content=\"https:\/\/www.jornalja.com.br\/economics\/wp-content\/uploads\/sites\/11\/2026\/08\/ja-folhaderosto-facebook.jpg\" \/>\n\t\t<script type=\"application\/ld+json\" class=\"aioseo-schema\">\n\t\t\t{\"@context\":\"https:\\\/\\\/schema.org\",\"@graph\":[{\"@type\":\"BlogPosting\",\"@id\":\"https:\\\/\\\/www.jornalja.com.br\\\/arquivo\\\/trabalho-autonomo-nao-e-boa-alternativa-ao-desemprego\\\/#blogposting\",\"name\":\"Trabalho aut\\u00f4nomo n\\u00e3o \\u00e9 boa alternativa ao desemprego | Arquivo\",\"headline\":\"Trabalho aut\\u00f4nomo n\\u00e3o \\u00e9 boa alternativa ao desemprego\",\"author\":{\"@id\":\"https:\\\/\\\/www.jornalja.com.br\\\/arquivo\\\/author\\\/daredacao\\\/#author\"},\"publisher\":{\"@id\":\"https:\\\/\\\/www.jornalja.com.br\\\/arquivo\\\/#organization\"},\"image\":{\"@type\":\"ImageObject\",\"url\":\"http:\\\/\\\/carta.fee.tche.br\\\/wp-content\\\/uploads\\\/2017\\\/06\\\/20170614grafico-do-drope-2-1-1024x775.png\",\"@id\":\"https:\\\/\\\/www.jornalja.com.br\\\/arquivo\\\/trabalho-autonomo-nao-e-boa-alternativa-ao-desemprego\\\/#articleImage\"},\"datePublished\":\"2017-06-19T09:34:27-03:00\",\"dateModified\":\"2017-06-19T09:34:27-03:00\",\"inLanguage\":\"pt-BR\",\"mainEntityOfPage\":{\"@id\":\"https:\\\/\\\/www.jornalja.com.br\\\/arquivo\\\/trabalho-autonomo-nao-e-boa-alternativa-ao-desemprego\\\/#webpage\"},\"isPartOf\":{\"@id\":\"https:\\\/\\\/www.jornalja.com.br\\\/arquivo\\\/trabalho-autonomo-nao-e-boa-alternativa-ao-desemprego\\\/#webpage\"},\"articleSection\":\"AN\\u00c1LISE&amp;OPINI\\u00c3O\"},{\"@type\":\"BreadcrumbList\",\"@id\":\"https:\\\/\\\/www.jornalja.com.br\\\/arquivo\\\/trabalho-autonomo-nao-e-boa-alternativa-ao-desemprego\\\/#breadcrumblist\",\"itemListElement\":[{\"@type\":\"ListItem\",\"@id\":\"https:\\\/\\\/www.jornalja.com.br\\\/arquivo#listItem\",\"position\":1,\"name\":\"Home\",\"item\":\"https:\\\/\\\/www.jornalja.com.br\\\/arquivo\",\"nextItem\":{\"@type\":\"ListItem\",\"@id\":\"https:\\\/\\\/www.jornalja.com.br\\\/arquivo\\\/category\\\/analiseopiniao\\\/#listItem\",\"name\":\"AN\\u00c1LISE&amp;OPINI\\u00c3O\"}},{\"@type\":\"ListItem\",\"@id\":\"https:\\\/\\\/www.jornalja.com.br\\\/arquivo\\\/category\\\/analiseopiniao\\\/#listItem\",\"position\":2,\"name\":\"AN\\u00c1LISE&amp;OPINI\\u00c3O\",\"item\":\"https:\\\/\\\/www.jornalja.com.br\\\/arquivo\\\/category\\\/analiseopiniao\\\/\",\"nextItem\":{\"@type\":\"ListItem\",\"@id\":\"https:\\\/\\\/www.jornalja.com.br\\\/arquivo\\\/trabalho-autonomo-nao-e-boa-alternativa-ao-desemprego\\\/#listItem\",\"name\":\"Trabalho aut\\u00f4nomo n\\u00e3o \\u00e9 boa alternativa ao desemprego\"},\"previousItem\":{\"@type\":\"ListItem\",\"@id\":\"https:\\\/\\\/www.jornalja.com.br\\\/arquivo#listItem\",\"name\":\"Home\"}},{\"@type\":\"ListItem\",\"@id\":\"https:\\\/\\\/www.jornalja.com.br\\\/arquivo\\\/trabalho-autonomo-nao-e-boa-alternativa-ao-desemprego\\\/#listItem\",\"position\":3,\"name\":\"Trabalho aut\\u00f4nomo n\\u00e3o \\u00e9 boa alternativa ao desemprego\",\"previousItem\":{\"@type\":\"ListItem\",\"@id\":\"https:\\\/\\\/www.jornalja.com.br\\\/arquivo\\\/category\\\/analiseopiniao\\\/#listItem\",\"name\":\"AN\\u00c1LISE&amp;OPINI\\u00c3O\"}}]},{\"@type\":\"Organization\",\"@id\":\"https:\\\/\\\/www.jornalja.com.br\\\/arquivo\\\/#organization\",\"name\":\"Jornal J\\u00c1\",\"description\":\"Jornal J\\u00c1 | Porto Alegre\",\"url\":\"https:\\\/\\\/www.jornalja.com.br\\\/arquivo\\\/\",\"telephone\":\"+555133307272\",\"logo\":{\"@type\":\"ImageObject\",\"url\":\"https:\\\/\\\/www.jornalja.com.br\\\/wp-content\\\/uploads\\\/cards\\\/JAslogan.png\",\"@id\":\"https:\\\/\\\/www.jornalja.com.br\\\/arquivo\\\/trabalho-autonomo-nao-e-boa-alternativa-ao-desemprego\\\/#organizationLogo\"},\"image\":{\"@id\":\"https:\\\/\\\/www.jornalja.com.br\\\/arquivo\\\/trabalho-autonomo-nao-e-boa-alternativa-ao-desemprego\\\/#organizationLogo\"}},{\"@type\":\"Person\",\"@id\":\"https:\\\/\\\/www.jornalja.com.br\\\/arquivo\\\/author\\\/daredacao\\\/#author\",\"url\":\"https:\\\/\\\/www.jornalja.com.br\\\/arquivo\\\/author\\\/daredacao\\\/\",\"name\":\"da Reda\\u00e7\\u00e3o\",\"image\":{\"@type\":\"ImageObject\",\"@id\":\"https:\\\/\\\/www.jornalja.com.br\\\/arquivo\\\/trabalho-autonomo-nao-e-boa-alternativa-ao-desemprego\\\/#authorImage\",\"url\":\"https:\\\/\\\/secure.gravatar.com\\\/avatar\\\/469fd857d6605ad19919d27ed29d35a968a25f6e8fd9318356bbb7f57aae9c65?s=96&d=mm&r=g\",\"width\":96,\"height\":96,\"caption\":\"da Reda\\u00e7\\u00e3o\"}},{\"@type\":\"WebPage\",\"@id\":\"https:\\\/\\\/www.jornalja.com.br\\\/arquivo\\\/trabalho-autonomo-nao-e-boa-alternativa-ao-desemprego\\\/#webpage\",\"url\":\"https:\\\/\\\/www.jornalja.com.br\\\/arquivo\\\/trabalho-autonomo-nao-e-boa-alternativa-ao-desemprego\\\/\",\"name\":\"Trabalho aut\\u00f4nomo n\\u00e3o \\u00e9 boa alternativa ao desemprego | Arquivo\",\"inLanguage\":\"pt-BR\",\"isPartOf\":{\"@id\":\"https:\\\/\\\/www.jornalja.com.br\\\/arquivo\\\/#website\"},\"breadcrumb\":{\"@id\":\"https:\\\/\\\/www.jornalja.com.br\\\/arquivo\\\/trabalho-autonomo-nao-e-boa-alternativa-ao-desemprego\\\/#breadcrumblist\"},\"author\":{\"@id\":\"https:\\\/\\\/www.jornalja.com.br\\\/arquivo\\\/author\\\/daredacao\\\/#author\"},\"creator\":{\"@id\":\"https:\\\/\\\/www.jornalja.com.br\\\/arquivo\\\/author\\\/daredacao\\\/#author\"},\"datePublished\":\"2017-06-19T09:34:27-03:00\",\"dateModified\":\"2017-06-19T09:34:27-03:00\"},{\"@type\":\"WebSite\",\"@id\":\"https:\\\/\\\/www.jornalja.com.br\\\/arquivo\\\/#website\",\"url\":\"https:\\\/\\\/www.jornalja.com.br\\\/arquivo\\\/\",\"name\":\"Arquivo\",\"description\":\"Jornal J\\u00c1 | Porto Alegre\",\"inLanguage\":\"pt-BR\",\"publisher\":{\"@id\":\"https:\\\/\\\/www.jornalja.com.br\\\/arquivo\\\/#organization\"}}]}\n\t\t<\/script>\n\t\t<!-- All in One SEO -->\n\n","aioseo_head_json":{"title":"Trabalho aut\u00f4nomo n\u00e3o \u00e9 boa alternativa ao desemprego | Arquivo","description":"","canonical_url":"https:\/\/www.jornalja.com.br\/arquivo\/trabalho-autonomo-nao-e-boa-alternativa-ao-desemprego\/","robots":"max-image-preview:large","keywords":"","webmasterTools":{"miscellaneous":""},"schema":{"@context":"https:\/\/schema.org","@graph":[{"@type":"BlogPosting","@id":"https:\/\/www.jornalja.com.br\/arquivo\/trabalho-autonomo-nao-e-boa-alternativa-ao-desemprego\/#blogposting","name":"Trabalho aut\u00f4nomo n\u00e3o \u00e9 boa alternativa ao desemprego | Arquivo","headline":"Trabalho aut\u00f4nomo n\u00e3o \u00e9 boa alternativa ao desemprego","author":{"@id":"https:\/\/www.jornalja.com.br\/arquivo\/author\/daredacao\/#author"},"publisher":{"@id":"https:\/\/www.jornalja.com.br\/arquivo\/#organization"},"image":{"@type":"ImageObject","url":"http:\/\/carta.fee.tche.br\/wp-content\/uploads\/2017\/06\/20170614grafico-do-drope-2-1-1024x775.png","@id":"https:\/\/www.jornalja.com.br\/arquivo\/trabalho-autonomo-nao-e-boa-alternativa-ao-desemprego\/#articleImage"},"datePublished":"2017-06-19T09:34:27-03:00","dateModified":"2017-06-19T09:34:27-03:00","inLanguage":"pt-BR","mainEntityOfPage":{"@id":"https:\/\/www.jornalja.com.br\/arquivo\/trabalho-autonomo-nao-e-boa-alternativa-ao-desemprego\/#webpage"},"isPartOf":{"@id":"https:\/\/www.jornalja.com.br\/arquivo\/trabalho-autonomo-nao-e-boa-alternativa-ao-desemprego\/#webpage"},"articleSection":"AN\u00c1LISE&amp;OPINI\u00c3O"},{"@type":"BreadcrumbList","@id":"https:\/\/www.jornalja.com.br\/arquivo\/trabalho-autonomo-nao-e-boa-alternativa-ao-desemprego\/#breadcrumblist","itemListElement":[{"@type":"ListItem","@id":"https:\/\/www.jornalja.com.br\/arquivo#listItem","position":1,"name":"Home","item":"https:\/\/www.jornalja.com.br\/arquivo","nextItem":{"@type":"ListItem","@id":"https:\/\/www.jornalja.com.br\/arquivo\/category\/analiseopiniao\/#listItem","name":"AN\u00c1LISE&amp;OPINI\u00c3O"}},{"@type":"ListItem","@id":"https:\/\/www.jornalja.com.br\/arquivo\/category\/analiseopiniao\/#listItem","position":2,"name":"AN\u00c1LISE&amp;OPINI\u00c3O","item":"https:\/\/www.jornalja.com.br\/arquivo\/category\/analiseopiniao\/","nextItem":{"@type":"ListItem","@id":"https:\/\/www.jornalja.com.br\/arquivo\/trabalho-autonomo-nao-e-boa-alternativa-ao-desemprego\/#listItem","name":"Trabalho aut\u00f4nomo n\u00e3o \u00e9 boa alternativa ao desemprego"},"previousItem":{"@type":"ListItem","@id":"https:\/\/www.jornalja.com.br\/arquivo#listItem","name":"Home"}},{"@type":"ListItem","@id":"https:\/\/www.jornalja.com.br\/arquivo\/trabalho-autonomo-nao-e-boa-alternativa-ao-desemprego\/#listItem","position":3,"name":"Trabalho aut\u00f4nomo n\u00e3o \u00e9 boa alternativa ao desemprego","previousItem":{"@type":"ListItem","@id":"https:\/\/www.jornalja.com.br\/arquivo\/category\/analiseopiniao\/#listItem","name":"AN\u00c1LISE&amp;OPINI\u00c3O"}}]},{"@type":"Organization","@id":"https:\/\/www.jornalja.com.br\/arquivo\/#organization","name":"Jornal J\u00c1","description":"Jornal J\u00c1 | Porto Alegre","url":"https:\/\/www.jornalja.com.br\/arquivo\/","telephone":"+555133307272","logo":{"@type":"ImageObject","url":"https:\/\/www.jornalja.com.br\/wp-content\/uploads\/cards\/JAslogan.png","@id":"https:\/\/www.jornalja.com.br\/arquivo\/trabalho-autonomo-nao-e-boa-alternativa-ao-desemprego\/#organizationLogo"},"image":{"@id":"https:\/\/www.jornalja.com.br\/arquivo\/trabalho-autonomo-nao-e-boa-alternativa-ao-desemprego\/#organizationLogo"}},{"@type":"Person","@id":"https:\/\/www.jornalja.com.br\/arquivo\/author\/daredacao\/#author","url":"https:\/\/www.jornalja.com.br\/arquivo\/author\/daredacao\/","name":"da Reda\u00e7\u00e3o","image":{"@type":"ImageObject","@id":"https:\/\/www.jornalja.com.br\/arquivo\/trabalho-autonomo-nao-e-boa-alternativa-ao-desemprego\/#authorImage","url":"https:\/\/secure.gravatar.com\/avatar\/469fd857d6605ad19919d27ed29d35a968a25f6e8fd9318356bbb7f57aae9c65?s=96&d=mm&r=g","width":96,"height":96,"caption":"da Reda\u00e7\u00e3o"}},{"@type":"WebPage","@id":"https:\/\/www.jornalja.com.br\/arquivo\/trabalho-autonomo-nao-e-boa-alternativa-ao-desemprego\/#webpage","url":"https:\/\/www.jornalja.com.br\/arquivo\/trabalho-autonomo-nao-e-boa-alternativa-ao-desemprego\/","name":"Trabalho aut\u00f4nomo n\u00e3o \u00e9 boa alternativa ao desemprego | Arquivo","inLanguage":"pt-BR","isPartOf":{"@id":"https:\/\/www.jornalja.com.br\/arquivo\/#website"},"breadcrumb":{"@id":"https:\/\/www.jornalja.com.br\/arquivo\/trabalho-autonomo-nao-e-boa-alternativa-ao-desemprego\/#breadcrumblist"},"author":{"@id":"https:\/\/www.jornalja.com.br\/arquivo\/author\/daredacao\/#author"},"creator":{"@id":"https:\/\/www.jornalja.com.br\/arquivo\/author\/daredacao\/#author"},"datePublished":"2017-06-19T09:34:27-03:00","dateModified":"2017-06-19T09:34:27-03:00"},{"@type":"WebSite","@id":"https:\/\/www.jornalja.com.br\/arquivo\/#website","url":"https:\/\/www.jornalja.com.br\/arquivo\/","name":"Arquivo","description":"Jornal J\u00c1 | Porto Alegre","inLanguage":"pt-BR","publisher":{"@id":"https:\/\/www.jornalja.com.br\/arquivo\/#organization"}}]},"og:locale":"pt_BR","og:site_name":"Arquivo | Jornal J\u00c1 | Porto Alegre","og:type":"article","og:title":"Trabalho aut\u00f4nomo n\u00e3o \u00e9 boa alternativa ao desemprego | Arquivo","og:url":"https:\/\/www.jornalja.com.br\/arquivo\/trabalho-autonomo-nao-e-boa-alternativa-ao-desemprego\/","og:image":"https:\/\/carta.fee.tche.br\/wp-content\/uploads\/2017\/06\/20170614grafico-do-drope-2-1-1024x775.png","og:image:secure_url":"https:\/\/carta.fee.tche.br\/wp-content\/uploads\/2017\/06\/20170614grafico-do-drope-2-1-1024x775.png","article:published_time":"2017-06-19T12:34:27+00:00","article:modified_time":"2017-06-19T12:34:27+00:00","twitter:card":"summary","twitter:title":"Trabalho aut\u00f4nomo n\u00e3o \u00e9 boa alternativa ao desemprego | Arquivo","twitter:image":"https:\/\/www.jornalja.com.br\/economics\/wp-content\/uploads\/sites\/11\/2026\/08\/ja-folhaderosto-facebook.jpg"},"aioseo_meta_data":{"post_id":"50211","title":null,"description":null,"keywords":null,"keyphrases":null,"primary_term":null,"canonical_url":null,"og_title":null,"og_description":null,"og_object_type":"default","og_image_type":"default","og_image_url":null,"og_image_width":null,"og_image_height":null,"og_image_custom_url":null,"og_image_custom_fields":null,"og_video":null,"og_custom_url":null,"og_article_section":null,"og_article_tags":null,"twitter_use_og":false,"twitter_card":"default","twitter_image_type":"default","twitter_image_url":null,"twitter_image_custom_url":null,"twitter_image_custom_fields":null,"twitter_title":null,"twitter_description":null,"schema":{"blockGraphs":[],"customGraphs":[],"default":{"data":{"Article":[],"Course":[],"Dataset":[],"FAQPage":[],"Movie":[],"Person":[],"Product":[],"ProductReview":[],"Car":[],"Recipe":[],"Service":[],"SoftwareApplication":[],"WebPage":[]},"graphName":"","isEnabled":true},"graphs":[],"defaultGraph":"","defaultPostTypeGraph":""},"schema_type":null,"schema_type_options":null,"pillar_content":false,"robots_default":true,"robots_noindex":false,"robots_noarchive":false,"robots_nosnippet":false,"robots_nofollow":false,"robots_noimageindex":false,"robots_noodp":false,"robots_notranslate":false,"robots_max_snippet":null,"robots_max_videopreview":null,"robots_max_imagepreview":"large","priority":null,"frequency":null,"location":null,"local_seo":null,"breadcrumb_settings":null,"limit_modified_date":false,"ai":null,"created":"2020-12-20 20:32:00","updated":"2025-07-19 22:18:43","seo_analyzer_scan_date":null,"focus_keyword":null,"additional_keywords":null,"truseo_locale":null},"jetpack_sharing_enabled":true,"jetpack-related-posts":[{"id":14241,"url":"https:\/\/www.jornalja.com.br\/arquivo\/o-guaiba-nas-imagens-poeticas-de-achutti\/","url_meta":{"origin":50211,"position":0},"title":"O Gua\u00edba nas imagens po\u00e9ticas de Achutti","author":"da Reda\u00e7\u00e3o","date":"18 de junho de 2014","format":false,"excerpt":"Em \u201cO Gua\u00edba por Achutti\u201d \u2013 obra financiada via Minist\u00e9rio da Cultura, produ\u00e7\u00e3o executiva de Pedro Longhi, e Fl\u00e1vio Wild como designer \u2013, o fot\u00f3grafo revela a beleza e as mazelas de um espa\u00e7o aqu\u00e1tico de \u00e1guas sempre renovadas, cheio de hist\u00f3rias e lendas como as das cidades que foram\u2026","rel":"","context":"Em &quot;Cultura-Geral&quot;","block_context":{"text":"Cultura-Geral","link":"https:\/\/www.jornalja.com.br\/arquivo\/category\/materiasecundaria\/"},"img":{"alt_text":"","src":"","width":0,"height":0},"classes":[]},{"id":13240,"url":"https:\/\/www.jornalja.com.br\/arquivo\/plano-diretor-estamos-construindo-o-caos\/","url_meta":{"origin":50211,"position":1},"title":"Plano diretor: &quot;Estamos construindo o caos&quot;","author":"Patr\u00edcia Marini","date":"26 de maio de 2014","format":false,"excerpt":"Desabafo que arquiteta Eliana Castilhos, delegada da Regi\u00e3o de Planejamento 1, postou nas redes sociais \u00e9 um testemunho do ambiente que se criou no Conselho do Plano Diretor de Porto Alegre, onde a aprova\u00e7\u00e3o de grandes empreendimentos \u00e9 empurrada guela abaixo dos conselheiros. Ao CMDUA Como delegada da Regi\u00e3o de\u2026","rel":"","context":"Em &quot;Geral&quot;","block_context":{"text":"Geral","link":"https:\/\/www.jornalja.com.br\/arquivo\/category\/geral\/"},"img":{"alt_text":"","src":"","width":0,"height":0},"classes":[]},{"id":13101,"url":"https:\/\/www.jornalja.com.br\/arquivo\/morre-um-guerreiro-do-texto\/","url_meta":{"origin":50211,"position":2},"title":"Morre um guerreiro do texto","author":"Patr\u00edcia Marini","date":"14 de maio de 2014","format":false,"excerpt":"Por Ricardo Kotscho Reproduzido do blog do autor, 11\/5\/2014; t\u00edtulo original \u201cE l\u00e1 se foi o nosso Myltainho, guerreiro do texto\u201d. Mi\u00fado e franzino, meu amigo Myltainho era um valente e inconformado guerreiro na luta contra as injusti\u00e7as sociais, a hipocrisia, as maracutaias, o autoritarismo, a intoler\u00e2ncia, a viol\u00eancia, o\u2026","rel":"","context":"Em &quot;Geral&quot;","block_context":{"text":"Geral","link":"https:\/\/www.jornalja.com.br\/arquivo\/category\/geral\/"},"img":{"alt_text":"","src":"","width":0,"height":0},"classes":[]},{"id":1280,"url":"https:\/\/www.jornalja.com.br\/arquivo\/o-menino-que-se-tornou-brizola\/","url_meta":{"origin":50211,"position":3},"title":"O Menino que se Tornou Brizola","author":"da Reda\u00e7\u00e3o","date":"28 de julho de 2008","format":false,"excerpt":"Autor: Cleber Dioni A vida de Leonel Brizola, com \u00eanfase para os primeiros anos em Porto Alegre, at\u00e9 o ex\u00edlio no Uruguai e a volta, quinze anos depois. \u00a0\"...\u00c9ramos todos jovens e nos identific\u00e1vamos com aquela massa an\u00f4nima a percorrer as ruas de Porto Alegre, gritando 'Get\u00falio', 'Get\u00falio' e empunhando\u2026","rel":"","context":"Em &quot;Livros&quot;","block_context":{"text":"Livros","link":"https:\/\/www.jornalja.com.br\/arquivo\/category\/livros\/"},"img":{"alt_text":"","src":"https:\/\/i0.wp.com\/www.jornalja.com.br\/wp-content\/uploads\/2008\/07\/brizola.gif?resize=350%2C200&ssl=1","width":350,"height":200},"classes":[]},{"id":13124,"url":"https:\/\/www.jornalja.com.br\/arquivo\/sangue-latino-no-iecine\/","url_meta":{"origin":50211,"position":4},"title":"Sangue latino no IECINE","author":"da Reda\u00e7\u00e3o","date":"18 de maio de 2014","format":false,"excerpt":"Francisco Ribeiro O Instituto Estadual de Cinema (IECINE) tem a frente, desde abril \u00faltimo, um novo diretor, o cineasta colombiano Juan Zapata, 36, que substitui Luiz Alberto Cassol. Radicado h\u00e1 dez anos em Porto Alegre, Zapata tem diante de si o desafio de conduzir at\u00e9 o final do ano um\u2026","rel":"","context":"Em &quot;Cultura-Geral&quot;","block_context":{"text":"Cultura-Geral","link":"https:\/\/www.jornalja.com.br\/arquivo\/category\/materiasecundaria\/"},"img":{"alt_text":"","src":"","width":0,"height":0},"classes":[]},{"id":5440,"url":"https:\/\/www.jornalja.com.br\/arquivo\/casarao-da-venancio-destino-permanece-incerto\/","url_meta":{"origin":50211,"position":5},"title":"Estado ainda n\u00e3o sabe o que fazer com casar\u00e3o abandonado h\u00e1 20 anos","author":"Elmar Bones","date":"6 de julho de 2009","format":false,"excerpt":"O casar\u00e3o amarelo, numa esquina nobre de Porto Alegre (Ven\u00e2ncio Aires com Jo\u00e3o Pessoa), j\u00e1 abrigou uma escola. H\u00e1 duas d\u00e9cadas, pelo menos, est\u00e1 abandonado, porque seu propriet\u00e1rio, o governo do Estado do Rio Grande do Sul, n\u00e3o consegue achar um destino para ele. Planos n\u00e3o faltaram. O governador Ol\u00edvio\u2026","rel":"","context":"Em &quot;X.Categorias velhas&quot;","block_context":{"text":"X.Categorias velhas","link":"https:\/\/www.jornalja.com.br\/arquivo\/category\/x-categorias-velhas\/"},"img":{"alt_text":"geraldo1","src":"https:\/\/i0.wp.com\/www.jornalja.com.br\/wp-content\/uploads\/2009\/07\/geraldo1.jpg?resize=350%2C200&ssl=1","width":350,"height":200},"classes":[]}],"jetpack_shortlink":"https:\/\/wp.me\/pbQjBd-d3R","jetpack_featured_media_url":"","_links":{"self":[{"href":"https:\/\/www.jornalja.com.br\/arquivo\/wp-json\/wp\/v2\/posts\/50211","targetHints":{"allow":["GET"]}}],"collection":[{"href":"https:\/\/www.jornalja.com.br\/arquivo\/wp-json\/wp\/v2\/posts"}],"about":[{"href":"https:\/\/www.jornalja.com.br\/arquivo\/wp-json\/wp\/v2\/types\/post"}],"author":[{"embeddable":true,"href":"https:\/\/www.jornalja.com.br\/arquivo\/wp-json\/wp\/v2\/users\/4"}],"replies":[{"embeddable":true,"href":"https:\/\/www.jornalja.com.br\/arquivo\/wp-json\/wp\/v2\/comments?post=50211"}],"version-history":[{"count":0,"href":"https:\/\/www.jornalja.com.br\/arquivo\/wp-json\/wp\/v2\/posts\/50211\/revisions"}],"wp:attachment":[{"href":"https:\/\/www.jornalja.com.br\/arquivo\/wp-json\/wp\/v2\/media?parent=50211"}],"wp:term":[{"taxonomy":"category","embeddable":true,"href":"https:\/\/www.jornalja.com.br\/arquivo\/wp-json\/wp\/v2\/categories?post=50211"},{"taxonomy":"post_tag","embeddable":true,"href":"https:\/\/www.jornalja.com.br\/arquivo\/wp-json\/wp\/v2\/tags?post=50211"}],"curies":[{"name":"wp","href":"https:\/\/api.w.org\/{rel}","templated":true}]}}