{"id":50222,"date":"2017-06-19T12:20:27","date_gmt":"2017-06-19T15:20:27","guid":{"rendered":"https:\/\/www.jornalja.com.br\/?p=50222"},"modified":"2017-06-19T12:20:27","modified_gmt":"2017-06-19T15:20:27","slug":"vereadores-comecam-a-votar-hoje-pacote-de-marchezan","status":"publish","type":"post","link":"https:\/\/www.jornalja.com.br\/arquivo\/vereadores-comecam-a-votar-hoje-pacote-de-marchezan\/","title":{"rendered":"Vereadores come\u00e7am a votar hoje pacote de Marchezan"},"content":{"rendered":"<p>A C\u00e2mara Municipal de Porto Alegre come\u00e7a a votar nesta semana o pacote de projetos enviado pelo prefeito Nelson Marchezan J\u00fanior. Entre as oito propostas, enviadas no final de abril, est\u00e3o corte de gratifica\u00e7\u00f5es, aumento da contribui\u00e7\u00e3o previdenci\u00e1ria dos servidores e redu\u00e7\u00e3o de cargos. Um dos projetos autoriza a Prefeitura a contrair empr\u00e9stimo de R$ 120 milh\u00f5es para concluir as chamadas obras da copa.<br \/>\nMarchezan deve enfrentar dificuldade para a aprova\u00e7\u00e3o das medidas.A primeira proposta do pacote j\u00e1 foi a plen\u00e1rio e foi retirada pelo Executivo, porque n\u00e3o possu\u00eda os votos necess\u00e1rios. O PLE 02\/2017 retirava a reposi\u00e7\u00e3o autom\u00e1tica da infla\u00e7\u00e3o sobre os sal\u00e1rios dos servidores, condicionando \u00e0 \u201cdisponibilidade or\u00e7ament\u00e1rio-financeira\u201d da Prefeitura.<br \/>\nPara o vereador Claudio Janta (SD), l\u00edder do governo na C\u00e2mara, os projetos que mexem no sal\u00e1rios dos servidores devem enfrentar dificuldade. Janta cita as propostas que tratam fun\u00e7\u00f5es gratificadas na Procempa e na Secretaria de Educa\u00e7\u00e3o, al\u00e9m do aumento na contribui\u00e7\u00e3o para o regime pr\u00f3prio de previd\u00eancia do Munic\u00edpio.<br \/>\n&#8220;O que trata do aumento da contribui\u00e7\u00e3o dos servidores ao Previmpa \u00e9 um dos projetos que deve sofrer maior resist\u00eancia, mas\u00a0as propostas foram bastante discutidas na casa\u201d, afirmou o vereador.<br \/>\nOutro projeto que deve enfrentar resist\u00eancia \u00e9 o que autoriza o Executivo a pedir empr\u00e9stimo para concluir as chamadas obras da copa. \u201c\u00c9 uma enorme de uma contradi\u00e7\u00e3o. O Governo n\u00e3o busca formas de aumentar a arrecada\u00e7\u00e3o e quer pedir empr\u00e9stimo de 120 milh\u00f5es de reais para pagar empreiteiras\u201d, critica a vereadora Fernanda Melchionna (PSol), l\u00edder da oposi\u00e7\u00e3o.<br \/>\nDuas propostas, entretanto, devem ter apoio ao menos de parte da oposi\u00e7\u00e3o. S\u00e3o os projetos que reduzem fun\u00e7\u00f5es gratificadas na Procempa e Secretaria Municipal de Educa\u00e7\u00e3o.<br \/>\n<span class=\"intertit\">Veja do que tratam os projetos do pacote:<\/span><br \/>\n<strong>PLE 03\/2017<\/strong><br \/>\nReduz cargos em comiss\u00e3o na Procempa de 63 para 42 e limita os sal\u00e1rios a R$ 9.157,91<br \/>\n<strong>PLE 04\/2017<\/strong><br \/>\nExtingue gratifica\u00e7\u00f5es na Secretaria Municipal de Educa\u00e7\u00e3o (Smed), ligadas ao Programa de Melhoria da Qualidade da Educa\u00e7\u00e3o do Munic\u00edpio de Porto Alegre, que est\u00e1 encerrado.<br \/>\n<strong>PLE 05\/2017<\/strong><br \/>\nAutoriza o Executivo municipal a obter empr\u00e9stimo de R$ 120 milh\u00f5es para pagar a contrapartida do Munic\u00edpio e concluir as chamadas obras da copa. Pelo c\u00e1lculos da Prefeitura s\u00e3o necess\u00e1rios R$ 45 milh\u00f5es para quitar as d\u00edvidas das obras paralisadas por falta de pagamento e outros R$ 75 milh\u00f5es para a conclus\u00e3o das obras. Como garantia dos empr\u00e9stimos, o Fundo de Participa\u00e7\u00e3o dos Munic\u00edpios (FPM) e\/ou o ICMS.<br \/>\n<strong>PLCE 02\/2017<\/strong><br \/>\nReduz a taxa de administra\u00e7\u00e3o destinada para a manuten\u00e7\u00e3o do Regime Pr\u00f3prio de Previd\u00eancia Social (RPPS) de 2% para 1,5%.<br \/>\n<strong>PLCE 03 \/ 2017<\/strong><br \/>\nPossibilita o protesto de devedores de d\u00edvida ativa que est\u00e3o em execu\u00e7\u00e3o judicial, hoje vedado pela Lei Complementar 07\/1973.<br \/>\n<strong>PLCE 04\/2017<\/strong><br \/>\nAumenta de 11% para 14% a al\u00edquota de contribui\u00e7\u00e3o dos servidores p\u00fablicos municipais para o Previmpa a partir de 1\u00ba de julho.<br \/>\n<strong>PLE 02\/2017<\/strong><br \/>\nPermite a renegocia\u00e7\u00e3o das d\u00edvidas da Prefeitura com fornecedores referentes ao ano de 2016, que chegam R$ 507 milh\u00f5es. Deste valor, 44% s\u00e3o de despesas n\u00e3o empenhadas; 28% de saques de fundos vinculados; e 28% de despesas empenhadas. O projeto prev\u00ea que os credores que aderirem receber\u00e3o da seguinte forma:<br \/>\n&#8211; D\u00edvidas at\u00e9 R$ 15 mil ser\u00e3o pagas em 2017;<br \/>\n&#8211; De R$ 15 mil a R$ 50 mil \u2013 Pagas em 12 vezes a partir de janeiro de 2018;<br \/>\n&#8211; De R$ 50 mil a R$ 100 mil \u2013 Pagas em 24 vezes a partir de janeiro de 2018;<br \/>\n&#8211; De R$ 100 mil a R$ 300 mil \u2013 Pagas em 36 vezes a partir de janeiro de 2018;<br \/>\n&#8211; De R$ 300 mil a R$ 500 mil \u2013 Pagas em 48 vezes a partir de janeiro de 2018;<br \/>\n&#8211; Acima de R$ 500 mil \u2013 Pagas em 60 vezes a partir de janeiro de 2018;<br \/>\nA proposta permite ainda que a Prefeitura fa\u00e7a leil\u00e3o para pagar antecipadamente quem oferecer mais desconto e o credor poder\u00e1 abrir m\u00e3o de valores para receber em menos parcelas.<\/p>\n","protected":false},"excerpt":{"rendered":"<p>A C\u00e2mara Municipal de Porto Alegre come\u00e7a a votar nesta semana o pacote de projetos enviado pelo prefeito Nelson Marchezan J\u00fanior. Entre as oito propostas, enviadas no final de abril, est\u00e3o corte de gratifica\u00e7\u00f5es, aumento da contribui\u00e7\u00e3o previdenci\u00e1ria dos servidores e redu\u00e7\u00e3o de cargos. Um dos projetos autoriza a Prefeitura a contrair empr\u00e9stimo de R$ [&hellip;]<\/p>\n","protected":false},"author":4,"featured_media":50224,"comment_status":"open","ping_status":"closed","sticky":false,"template":"","format":"standard","meta":{"_jetpack_newsletter_access":"","_jetpack_dont_email_post_to_subs":false,"_jetpack_newsletter_tier_id":0,"_jetpack_memberships_contains_paywalled_content":false,"_jetpack_feature_clip_id":0,"_jetpack_memberships_contains_paid_content":false,"footnotes":"","jetpack_post_was_ever_published":false},"categories":[2016],"tags":[],"class_list":["post-50222","post","type-post","status-publish","format-standard","has-post-thumbnail","hentry","category-materia-vencida"],"aioseo_notices":[],"aioseo_head":"\n\t\t<!-- All in One SEO 5.0.1.1 - aioseo.com -->\n\t<meta name=\"robots\" content=\"max-image-preview:large\" \/>\n\t<meta name=\"author\" content=\"da Reda\u00e7\u00e3o\"\/>\n\t<link rel=\"canonical\" href=\"https:\/\/www.jornalja.com.br\/arquivo\/vereadores-comecam-a-votar-hoje-pacote-de-marchezan\/\" \/>\n\t<meta name=\"generator\" content=\"All in One SEO (AIOSEO) 5.0.1.1\" \/>\n\t\t<meta property=\"og:locale\" content=\"pt_BR\" \/>\n\t\t<meta property=\"og:site_name\" content=\"Arquivo | Jornal J\u00c1 | Porto Alegre\" \/>\n\t\t<meta property=\"og:type\" content=\"article\" \/>\n\t\t<meta property=\"og:title\" content=\"Vereadores come\u00e7am a votar hoje pacote de Marchezan | Arquivo\" \/>\n\t\t<meta property=\"og:url\" content=\"https:\/\/www.jornalja.com.br\/arquivo\/vereadores-comecam-a-votar-hoje-pacote-de-marchezan\/\" \/>\n\t\t<meta property=\"og:image\" content=\"https:\/\/www.jornalja.com.br\/economics\/wp-content\/uploads\/sites\/11\/2026\/08\/ja-folhaderosto-facebook.jpg\" \/>\n\t\t<meta property=\"og:image:secure_url\" content=\"https:\/\/www.jornalja.com.br\/economics\/wp-content\/uploads\/sites\/11\/2026\/08\/ja-folhaderosto-facebook.jpg\" \/>\n\t\t<meta property=\"article:published_time\" content=\"2017-06-19T15:20:27+00:00\" \/>\n\t\t<meta property=\"article:modified_time\" content=\"2017-06-19T15:20:27+00:00\" \/>\n\t\t<meta name=\"twitter:card\" content=\"summary\" \/>\n\t\t<meta name=\"twitter:title\" content=\"Vereadores come\u00e7am a votar hoje pacote de Marchezan | Arquivo\" \/>\n\t\t<meta name=\"twitter:image\" content=\"https:\/\/www.jornalja.com.br\/economics\/wp-content\/uploads\/sites\/11\/2026\/08\/ja-folhaderosto-facebook.jpg\" \/>\n\t\t<script type=\"application\/ld+json\" class=\"aioseo-schema\">\n\t\t\t{\"@context\":\"https:\\\/\\\/schema.org\",\"@graph\":[{\"@type\":\"BlogPosting\",\"@id\":\"https:\\\/\\\/www.jornalja.com.br\\\/arquivo\\\/vereadores-comecam-a-votar-hoje-pacote-de-marchezan\\\/#blogposting\",\"name\":\"Vereadores come\\u00e7am a votar hoje pacote de Marchezan | Arquivo\",\"headline\":\"Vereadores come\\u00e7am a votar hoje pacote de Marchezan\",\"author\":{\"@id\":\"https:\\\/\\\/www.jornalja.com.br\\\/arquivo\\\/author\\\/daredacao\\\/#author\"},\"publisher\":{\"@id\":\"https:\\\/\\\/www.jornalja.com.br\\\/arquivo\\\/#organization\"},\"image\":{\"@type\":\"ImageObject\",\"url\":50224},\"datePublished\":\"2017-06-19T12:20:27-03:00\",\"dateModified\":\"2017-06-19T12:20:27-03:00\",\"inLanguage\":\"pt-BR\",\"mainEntityOfPage\":{\"@id\":\"https:\\\/\\\/www.jornalja.com.br\\\/arquivo\\\/vereadores-comecam-a-votar-hoje-pacote-de-marchezan\\\/#webpage\"},\"isPartOf\":{\"@id\":\"https:\\\/\\\/www.jornalja.com.br\\\/arquivo\\\/vereadores-comecam-a-votar-hoje-pacote-de-marchezan\\\/#webpage\"},\"articleSection\":\"Mat\\u00e9ria vencida\"},{\"@type\":\"BreadcrumbList\",\"@id\":\"https:\\\/\\\/www.jornalja.com.br\\\/arquivo\\\/vereadores-comecam-a-votar-hoje-pacote-de-marchezan\\\/#breadcrumblist\",\"itemListElement\":[{\"@type\":\"ListItem\",\"@id\":\"https:\\\/\\\/www.jornalja.com.br\\\/arquivo#listItem\",\"position\":1,\"name\":\"Home\",\"item\":\"https:\\\/\\\/www.jornalja.com.br\\\/arquivo\",\"nextItem\":{\"@type\":\"ListItem\",\"@id\":\"https:\\\/\\\/www.jornalja.com.br\\\/arquivo\\\/category\\\/materia-vencida\\\/#listItem\",\"name\":\"Mat\\u00e9ria vencida\"}},{\"@type\":\"ListItem\",\"@id\":\"https:\\\/\\\/www.jornalja.com.br\\\/arquivo\\\/category\\\/materia-vencida\\\/#listItem\",\"position\":2,\"name\":\"Mat\\u00e9ria vencida\",\"item\":\"https:\\\/\\\/www.jornalja.com.br\\\/arquivo\\\/category\\\/materia-vencida\\\/\",\"nextItem\":{\"@type\":\"ListItem\",\"@id\":\"https:\\\/\\\/www.jornalja.com.br\\\/arquivo\\\/vereadores-comecam-a-votar-hoje-pacote-de-marchezan\\\/#listItem\",\"name\":\"Vereadores come\\u00e7am a votar hoje pacote de Marchezan\"},\"previousItem\":{\"@type\":\"ListItem\",\"@id\":\"https:\\\/\\\/www.jornalja.com.br\\\/arquivo#listItem\",\"name\":\"Home\"}},{\"@type\":\"ListItem\",\"@id\":\"https:\\\/\\\/www.jornalja.com.br\\\/arquivo\\\/vereadores-comecam-a-votar-hoje-pacote-de-marchezan\\\/#listItem\",\"position\":3,\"name\":\"Vereadores come\\u00e7am a votar hoje pacote de Marchezan\",\"previousItem\":{\"@type\":\"ListItem\",\"@id\":\"https:\\\/\\\/www.jornalja.com.br\\\/arquivo\\\/category\\\/materia-vencida\\\/#listItem\",\"name\":\"Mat\\u00e9ria vencida\"}}]},{\"@type\":\"Organization\",\"@id\":\"https:\\\/\\\/www.jornalja.com.br\\\/arquivo\\\/#organization\",\"name\":\"Jornal J\\u00c1\",\"description\":\"Jornal J\\u00c1 | Porto Alegre\",\"url\":\"https:\\\/\\\/www.jornalja.com.br\\\/arquivo\\\/\",\"telephone\":\"+555133307272\",\"logo\":{\"@type\":\"ImageObject\",\"url\":\"https:\\\/\\\/www.jornalja.com.br\\\/wp-content\\\/uploads\\\/cards\\\/JAslogan.png\",\"@id\":\"https:\\\/\\\/www.jornalja.com.br\\\/arquivo\\\/vereadores-comecam-a-votar-hoje-pacote-de-marchezan\\\/#organizationLogo\"},\"image\":{\"@id\":\"https:\\\/\\\/www.jornalja.com.br\\\/arquivo\\\/vereadores-comecam-a-votar-hoje-pacote-de-marchezan\\\/#organizationLogo\"}},{\"@type\":\"Person\",\"@id\":\"https:\\\/\\\/www.jornalja.com.br\\\/arquivo\\\/author\\\/daredacao\\\/#author\",\"url\":\"https:\\\/\\\/www.jornalja.com.br\\\/arquivo\\\/author\\\/daredacao\\\/\",\"name\":\"da Reda\\u00e7\\u00e3o\",\"image\":{\"@type\":\"ImageObject\",\"@id\":\"https:\\\/\\\/www.jornalja.com.br\\\/arquivo\\\/vereadores-comecam-a-votar-hoje-pacote-de-marchezan\\\/#authorImage\",\"url\":\"https:\\\/\\\/secure.gravatar.com\\\/avatar\\\/469fd857d6605ad19919d27ed29d35a968a25f6e8fd9318356bbb7f57aae9c65?s=96&d=mm&r=g\",\"width\":96,\"height\":96,\"caption\":\"da Reda\\u00e7\\u00e3o\"}},{\"@type\":\"WebPage\",\"@id\":\"https:\\\/\\\/www.jornalja.com.br\\\/arquivo\\\/vereadores-comecam-a-votar-hoje-pacote-de-marchezan\\\/#webpage\",\"url\":\"https:\\\/\\\/www.jornalja.com.br\\\/arquivo\\\/vereadores-comecam-a-votar-hoje-pacote-de-marchezan\\\/\",\"name\":\"Vereadores come\\u00e7am a votar hoje pacote de Marchezan | Arquivo\",\"inLanguage\":\"pt-BR\",\"isPartOf\":{\"@id\":\"https:\\\/\\\/www.jornalja.com.br\\\/arquivo\\\/#website\"},\"breadcrumb\":{\"@id\":\"https:\\\/\\\/www.jornalja.com.br\\\/arquivo\\\/vereadores-comecam-a-votar-hoje-pacote-de-marchezan\\\/#breadcrumblist\"},\"author\":{\"@id\":\"https:\\\/\\\/www.jornalja.com.br\\\/arquivo\\\/author\\\/daredacao\\\/#author\"},\"creator\":{\"@id\":\"https:\\\/\\\/www.jornalja.com.br\\\/arquivo\\\/author\\\/daredacao\\\/#author\"},\"image\":{\"@type\":\"ImageObject\",\"url\":50224,\"@id\":\"https:\\\/\\\/www.jornalja.com.br\\\/arquivo\\\/vereadores-comecam-a-votar-hoje-pacote-de-marchezan\\\/#mainImage\"},\"primaryImageOfPage\":{\"@id\":\"https:\\\/\\\/www.jornalja.com.br\\\/arquivo\\\/vereadores-comecam-a-votar-hoje-pacote-de-marchezan\\\/#mainImage\"},\"datePublished\":\"2017-06-19T12:20:27-03:00\",\"dateModified\":\"2017-06-19T12:20:27-03:00\"},{\"@type\":\"WebSite\",\"@id\":\"https:\\\/\\\/www.jornalja.com.br\\\/arquivo\\\/#website\",\"url\":\"https:\\\/\\\/www.jornalja.com.br\\\/arquivo\\\/\",\"name\":\"Arquivo\",\"description\":\"Jornal J\\u00c1 | Porto Alegre\",\"inLanguage\":\"pt-BR\",\"publisher\":{\"@id\":\"https:\\\/\\\/www.jornalja.com.br\\\/arquivo\\\/#organization\"}}]}\n\t\t<\/script>\n\t\t<!-- All in One SEO -->\n\n","aioseo_head_json":{"title":"Vereadores come\u00e7am a votar hoje pacote de Marchezan | Arquivo","description":"","canonical_url":"https:\/\/www.jornalja.com.br\/arquivo\/vereadores-comecam-a-votar-hoje-pacote-de-marchezan\/","robots":"max-image-preview:large","keywords":"","webmasterTools":{"miscellaneous":""},"schema":{"@context":"https:\/\/schema.org","@graph":[{"@type":"BlogPosting","@id":"https:\/\/www.jornalja.com.br\/arquivo\/vereadores-comecam-a-votar-hoje-pacote-de-marchezan\/#blogposting","name":"Vereadores come\u00e7am a votar hoje pacote de Marchezan | Arquivo","headline":"Vereadores come\u00e7am a votar hoje pacote de Marchezan","author":{"@id":"https:\/\/www.jornalja.com.br\/arquivo\/author\/daredacao\/#author"},"publisher":{"@id":"https:\/\/www.jornalja.com.br\/arquivo\/#organization"},"image":{"@type":"ImageObject","url":50224},"datePublished":"2017-06-19T12:20:27-03:00","dateModified":"2017-06-19T12:20:27-03:00","inLanguage":"pt-BR","mainEntityOfPage":{"@id":"https:\/\/www.jornalja.com.br\/arquivo\/vereadores-comecam-a-votar-hoje-pacote-de-marchezan\/#webpage"},"isPartOf":{"@id":"https:\/\/www.jornalja.com.br\/arquivo\/vereadores-comecam-a-votar-hoje-pacote-de-marchezan\/#webpage"},"articleSection":"Mat\u00e9ria vencida"},{"@type":"BreadcrumbList","@id":"https:\/\/www.jornalja.com.br\/arquivo\/vereadores-comecam-a-votar-hoje-pacote-de-marchezan\/#breadcrumblist","itemListElement":[{"@type":"ListItem","@id":"https:\/\/www.jornalja.com.br\/arquivo#listItem","position":1,"name":"Home","item":"https:\/\/www.jornalja.com.br\/arquivo","nextItem":{"@type":"ListItem","@id":"https:\/\/www.jornalja.com.br\/arquivo\/category\/materia-vencida\/#listItem","name":"Mat\u00e9ria vencida"}},{"@type":"ListItem","@id":"https:\/\/www.jornalja.com.br\/arquivo\/category\/materia-vencida\/#listItem","position":2,"name":"Mat\u00e9ria vencida","item":"https:\/\/www.jornalja.com.br\/arquivo\/category\/materia-vencida\/","nextItem":{"@type":"ListItem","@id":"https:\/\/www.jornalja.com.br\/arquivo\/vereadores-comecam-a-votar-hoje-pacote-de-marchezan\/#listItem","name":"Vereadores come\u00e7am a votar hoje pacote de Marchezan"},"previousItem":{"@type":"ListItem","@id":"https:\/\/www.jornalja.com.br\/arquivo#listItem","name":"Home"}},{"@type":"ListItem","@id":"https:\/\/www.jornalja.com.br\/arquivo\/vereadores-comecam-a-votar-hoje-pacote-de-marchezan\/#listItem","position":3,"name":"Vereadores come\u00e7am a votar hoje pacote de Marchezan","previousItem":{"@type":"ListItem","@id":"https:\/\/www.jornalja.com.br\/arquivo\/category\/materia-vencida\/#listItem","name":"Mat\u00e9ria vencida"}}]},{"@type":"Organization","@id":"https:\/\/www.jornalja.com.br\/arquivo\/#organization","name":"Jornal J\u00c1","description":"Jornal J\u00c1 | Porto Alegre","url":"https:\/\/www.jornalja.com.br\/arquivo\/","telephone":"+555133307272","logo":{"@type":"ImageObject","url":"https:\/\/www.jornalja.com.br\/wp-content\/uploads\/cards\/JAslogan.png","@id":"https:\/\/www.jornalja.com.br\/arquivo\/vereadores-comecam-a-votar-hoje-pacote-de-marchezan\/#organizationLogo"},"image":{"@id":"https:\/\/www.jornalja.com.br\/arquivo\/vereadores-comecam-a-votar-hoje-pacote-de-marchezan\/#organizationLogo"}},{"@type":"Person","@id":"https:\/\/www.jornalja.com.br\/arquivo\/author\/daredacao\/#author","url":"https:\/\/www.jornalja.com.br\/arquivo\/author\/daredacao\/","name":"da Reda\u00e7\u00e3o","image":{"@type":"ImageObject","@id":"https:\/\/www.jornalja.com.br\/arquivo\/vereadores-comecam-a-votar-hoje-pacote-de-marchezan\/#authorImage","url":"https:\/\/secure.gravatar.com\/avatar\/469fd857d6605ad19919d27ed29d35a968a25f6e8fd9318356bbb7f57aae9c65?s=96&d=mm&r=g","width":96,"height":96,"caption":"da Reda\u00e7\u00e3o"}},{"@type":"WebPage","@id":"https:\/\/www.jornalja.com.br\/arquivo\/vereadores-comecam-a-votar-hoje-pacote-de-marchezan\/#webpage","url":"https:\/\/www.jornalja.com.br\/arquivo\/vereadores-comecam-a-votar-hoje-pacote-de-marchezan\/","name":"Vereadores come\u00e7am a votar hoje pacote de Marchezan | Arquivo","inLanguage":"pt-BR","isPartOf":{"@id":"https:\/\/www.jornalja.com.br\/arquivo\/#website"},"breadcrumb":{"@id":"https:\/\/www.jornalja.com.br\/arquivo\/vereadores-comecam-a-votar-hoje-pacote-de-marchezan\/#breadcrumblist"},"author":{"@id":"https:\/\/www.jornalja.com.br\/arquivo\/author\/daredacao\/#author"},"creator":{"@id":"https:\/\/www.jornalja.com.br\/arquivo\/author\/daredacao\/#author"},"image":{"@type":"ImageObject","url":50224,"@id":"https:\/\/www.jornalja.com.br\/arquivo\/vereadores-comecam-a-votar-hoje-pacote-de-marchezan\/#mainImage"},"primaryImageOfPage":{"@id":"https:\/\/www.jornalja.com.br\/arquivo\/vereadores-comecam-a-votar-hoje-pacote-de-marchezan\/#mainImage"},"datePublished":"2017-06-19T12:20:27-03:00","dateModified":"2017-06-19T12:20:27-03:00"},{"@type":"WebSite","@id":"https:\/\/www.jornalja.com.br\/arquivo\/#website","url":"https:\/\/www.jornalja.com.br\/arquivo\/","name":"Arquivo","description":"Jornal J\u00c1 | Porto Alegre","inLanguage":"pt-BR","publisher":{"@id":"https:\/\/www.jornalja.com.br\/arquivo\/#organization"}}]},"og:locale":"pt_BR","og:site_name":"Arquivo | Jornal J\u00c1 | Porto Alegre","og:type":"article","og:title":"Vereadores come\u00e7am a votar hoje pacote de Marchezan | Arquivo","og:url":"https:\/\/www.jornalja.com.br\/arquivo\/vereadores-comecam-a-votar-hoje-pacote-de-marchezan\/","og:image":"https:\/\/www.jornalja.com.br\/economics\/wp-content\/uploads\/sites\/11\/2026\/08\/ja-folhaderosto-facebook.jpg","og:image:secure_url":"https:\/\/www.jornalja.com.br\/economics\/wp-content\/uploads\/sites\/11\/2026\/08\/ja-folhaderosto-facebook.jpg","article:published_time":"2017-06-19T15:20:27+00:00","article:modified_time":"2017-06-19T15:20:27+00:00","twitter:card":"summary","twitter:title":"Vereadores come\u00e7am a votar hoje pacote de Marchezan | Arquivo","twitter:image":"https:\/\/www.jornalja.com.br\/economics\/wp-content\/uploads\/sites\/11\/2026\/08\/ja-folhaderosto-facebook.jpg"},"aioseo_meta_data":{"post_id":"50222","title":null,"description":null,"keywords":null,"keyphrases":null,"primary_term":null,"canonical_url":null,"og_title":null,"og_description":null,"og_object_type":"default","og_image_type":"default","og_image_url":null,"og_image_width":null,"og_image_height":null,"og_image_custom_url":null,"og_image_custom_fields":null,"og_video":null,"og_custom_url":null,"og_article_section":null,"og_article_tags":null,"twitter_use_og":false,"twitter_card":"default","twitter_image_type":"default","twitter_image_url":null,"twitter_image_custom_url":null,"twitter_image_custom_fields":null,"twitter_title":null,"twitter_description":null,"schema":{"blockGraphs":[],"customGraphs":[],"default":{"data":{"Article":[],"Course":[],"Dataset":[],"FAQPage":[],"Movie":[],"Person":[],"Product":[],"ProductReview":[],"Car":[],"Recipe":[],"Service":[],"SoftwareApplication":[],"WebPage":[]},"graphName":"","isEnabled":true},"graphs":[],"defaultGraph":"","defaultPostTypeGraph":""},"schema_type":null,"schema_type_options":null,"pillar_content":false,"robots_default":true,"robots_noindex":false,"robots_noarchive":false,"robots_nosnippet":false,"robots_nofollow":false,"robots_noimageindex":false,"robots_noodp":false,"robots_notranslate":false,"robots_max_snippet":null,"robots_max_videopreview":null,"robots_max_imagepreview":"large","priority":null,"frequency":null,"location":null,"local_seo":null,"breadcrumb_settings":null,"limit_modified_date":false,"ai":null,"created":"2020-12-20 20:32:00","updated":"2025-07-19 22:18:43","seo_analyzer_scan_date":null,"focus_keyword":null,"additional_keywords":null,"truseo_locale":null},"jetpack_sharing_enabled":true,"jetpack-related-posts":[{"id":13109,"url":"https:\/\/www.jornalja.com.br\/arquivo\/judiciario-reconhece-poluicao-eletromagnetica\/","url_meta":{"origin":50222,"position":0},"title":"Judici\u00e1rio reconhece polui\u00e7\u00e3o eletromagn\u00e9tica","author":"Patr\u00edcia Marini","date":"16 de maio de 2014","format":false,"excerpt":"A\u00e7\u00e3o de duas associa\u00e7\u00f5es de moradores foi acolhida pelo Tribunal de Justi\u00e7a de S\u00e3o Paulo que. em decis\u00e3o in\u00e9dita, determinou a redu\u00e7\u00e3o do campo eletromagn\u00e9tico gerado pelas linhas de transmiss\u00e3o de energia que cortam os bairros City Boa\u00e7ava e Alto de Pinheiros. \u00c9 a primeira vez que um tribunal do\u2026","rel":"","context":"Em &quot;X.Categorias velhas&quot;","block_context":{"text":"X.Categorias velhas","link":"https:\/\/www.jornalja.com.br\/arquivo\/category\/x-categorias-velhas\/"},"img":{"alt_text":"","src":"","width":0,"height":0},"classes":[]},{"id":13240,"url":"https:\/\/www.jornalja.com.br\/arquivo\/plano-diretor-estamos-construindo-o-caos\/","url_meta":{"origin":50222,"position":1},"title":"Plano diretor: &quot;Estamos construindo o caos&quot;","author":"Patr\u00edcia Marini","date":"26 de maio de 2014","format":false,"excerpt":"Desabafo que arquiteta Eliana Castilhos, delegada da Regi\u00e3o de Planejamento 1, postou nas redes sociais \u00e9 um testemunho do ambiente que se criou no Conselho do Plano Diretor de Porto Alegre, onde a aprova\u00e7\u00e3o de grandes empreendimentos \u00e9 empurrada guela abaixo dos conselheiros. Ao CMDUA Como delegada da Regi\u00e3o de\u2026","rel":"","context":"Em &quot;Geral&quot;","block_context":{"text":"Geral","link":"https:\/\/www.jornalja.com.br\/arquivo\/category\/geral\/"},"img":{"alt_text":"","src":"","width":0,"height":0},"classes":[]},{"id":13239,"url":"https:\/\/www.jornalja.com.br\/arquivo\/conselho-desdenha-do-plano-diretor\/","url_meta":{"origin":50222,"position":2},"title":"Porto Alegre: Conselho detona Plano Diretor","author":"Patr\u00edcia Marini","date":"25 de maio de 2014","format":false,"excerpt":"Den\u00fancia do arquiteto e \u00a0urbanista Ibir\u00e1 Santos Lucas. Ele diz que os conselheiros est\u00e3o votando com \"enorme irresponsabilidade\". \"Mudam regime com a maior naturalidade,,,regularizam absurdos de constru\u00e7\u00f5es irregulares... \"O CMDUA est\u00e1 flexibilizando a lei do plano diretor, de uma forma impactante na vida da cidade. Mudam regime com a maior\u2026","rel":"","context":"Em &quot;Geral&quot;","block_context":{"text":"Geral","link":"https:\/\/www.jornalja.com.br\/arquivo\/category\/geral\/"},"img":{"alt_text":"","src":"","width":0,"height":0},"classes":[]},{"id":13124,"url":"https:\/\/www.jornalja.com.br\/arquivo\/sangue-latino-no-iecine\/","url_meta":{"origin":50222,"position":3},"title":"Sangue latino no IECINE","author":"da Reda\u00e7\u00e3o","date":"18 de maio de 2014","format":false,"excerpt":"Francisco Ribeiro O Instituto Estadual de Cinema (IECINE) tem a frente, desde abril \u00faltimo, um novo diretor, o cineasta colombiano Juan Zapata, 36, que substitui Luiz Alberto Cassol. Radicado h\u00e1 dez anos em Porto Alegre, Zapata tem diante de si o desafio de conduzir at\u00e9 o final do ano um\u2026","rel":"","context":"Em &quot;Cultura-Geral&quot;","block_context":{"text":"Cultura-Geral","link":"https:\/\/www.jornalja.com.br\/arquivo\/category\/materiasecundaria\/"},"img":{"alt_text":"","src":"","width":0,"height":0},"classes":[]},{"id":5440,"url":"https:\/\/www.jornalja.com.br\/arquivo\/casarao-da-venancio-destino-permanece-incerto\/","url_meta":{"origin":50222,"position":4},"title":"Estado ainda n\u00e3o sabe o que fazer com casar\u00e3o abandonado h\u00e1 20 anos","author":"Elmar Bones","date":"6 de julho de 2009","format":false,"excerpt":"O casar\u00e3o amarelo, numa esquina nobre de Porto Alegre (Ven\u00e2ncio Aires com Jo\u00e3o Pessoa), j\u00e1 abrigou uma escola. H\u00e1 duas d\u00e9cadas, pelo menos, est\u00e1 abandonado, porque seu propriet\u00e1rio, o governo do Estado do Rio Grande do Sul, n\u00e3o consegue achar um destino para ele. Planos n\u00e3o faltaram. O governador Ol\u00edvio\u2026","rel":"","context":"Em &quot;X.Categorias velhas&quot;","block_context":{"text":"X.Categorias velhas","link":"https:\/\/www.jornalja.com.br\/arquivo\/category\/x-categorias-velhas\/"},"img":{"alt_text":"geraldo1","src":"https:\/\/i0.wp.com\/www.jornalja.com.br\/wp-content\/uploads\/2009\/07\/geraldo1.jpg?resize=350%2C200&ssl=1","width":350,"height":200},"classes":[]},{"id":14241,"url":"https:\/\/www.jornalja.com.br\/arquivo\/o-guaiba-nas-imagens-poeticas-de-achutti\/","url_meta":{"origin":50222,"position":5},"title":"O Gua\u00edba nas imagens po\u00e9ticas de Achutti","author":"da Reda\u00e7\u00e3o","date":"18 de junho de 2014","format":false,"excerpt":"Em \u201cO Gua\u00edba por Achutti\u201d \u2013 obra financiada via Minist\u00e9rio da Cultura, produ\u00e7\u00e3o executiva de Pedro Longhi, e Fl\u00e1vio Wild como designer \u2013, o fot\u00f3grafo revela a beleza e as mazelas de um espa\u00e7o aqu\u00e1tico de \u00e1guas sempre renovadas, cheio de hist\u00f3rias e lendas como as das cidades que foram\u2026","rel":"","context":"Em &quot;Cultura-Geral&quot;","block_context":{"text":"Cultura-Geral","link":"https:\/\/www.jornalja.com.br\/arquivo\/category\/materiasecundaria\/"},"img":{"alt_text":"","src":"","width":0,"height":0},"classes":[]}],"jetpack_shortlink":"https:\/\/wp.me\/pbQjBd-d42","jetpack_featured_media_url":"","_links":{"self":[{"href":"https:\/\/www.jornalja.com.br\/arquivo\/wp-json\/wp\/v2\/posts\/50222","targetHints":{"allow":["GET"]}}],"collection":[{"href":"https:\/\/www.jornalja.com.br\/arquivo\/wp-json\/wp\/v2\/posts"}],"about":[{"href":"https:\/\/www.jornalja.com.br\/arquivo\/wp-json\/wp\/v2\/types\/post"}],"author":[{"embeddable":true,"href":"https:\/\/www.jornalja.com.br\/arquivo\/wp-json\/wp\/v2\/users\/4"}],"replies":[{"embeddable":true,"href":"https:\/\/www.jornalja.com.br\/arquivo\/wp-json\/wp\/v2\/comments?post=50222"}],"version-history":[{"count":0,"href":"https:\/\/www.jornalja.com.br\/arquivo\/wp-json\/wp\/v2\/posts\/50222\/revisions"}],"wp:attachment":[{"href":"https:\/\/www.jornalja.com.br\/arquivo\/wp-json\/wp\/v2\/media?parent=50222"}],"wp:term":[{"taxonomy":"category","embeddable":true,"href":"https:\/\/www.jornalja.com.br\/arquivo\/wp-json\/wp\/v2\/categories?post=50222"},{"taxonomy":"post_tag","embeddable":true,"href":"https:\/\/www.jornalja.com.br\/arquivo\/wp-json\/wp\/v2\/tags?post=50222"}],"curies":[{"name":"wp","href":"https:\/\/api.w.org\/{rel}","templated":true}]}}