{"id":50239,"date":"2017-06-20T11:00:26","date_gmt":"2017-06-20T14:00:26","guid":{"rendered":"https:\/\/www.jornalja.com.br\/?p=50239"},"modified":"2017-06-20T11:00:26","modified_gmt":"2017-06-20T14:00:26","slug":"julgamento-de-integrantes-do-bloco-de-luta-tem-nova-audiencia","status":"publish","type":"post","link":"https:\/\/www.jornalja.com.br\/arquivo\/julgamento-de-integrantes-do-bloco-de-luta-tem-nova-audiencia\/","title":{"rendered":"Segue processo de integrantes do Bloco de Luta pelas &quot;manifesta\u00e7\u00f5es de junho&quot;"},"content":{"rendered":"<p>Nesta ter\u00e7a-feira, acontece a segunda audi\u00eancia do processo em que seis integrantes do Bloco de Luta pelo Transporte P\u00fablico s\u00e3o acusados por supostos atos ocorridos durante as manifesta\u00e7\u00f5es contra o aumento das passagens, em 2013. A audi\u00eancia acontece \u00e0s 14h, no Foro Central.<br \/>\nS\u00e3o acusados de forma\u00e7\u00e3o de organiza\u00e7\u00e3o criminosa para pr\u00e1tica de furto, depreda\u00e7\u00e3o do patrim\u00f4nio p\u00fablico, agress\u00e3o e uso de explosivos. As defesas dos r\u00e9us negam que tenham cometido os crimes. Os r\u00e9us s\u00e3o Lucas Mar\u00f3stica, Gilian Cidade, Rodrigo Brizolla, Alfeu Neto, Jose Vicente Mertz e Matheus Gomes.<br \/>\n\u201cQuerem nos condenar em um processo sem provas. N\u00e3o h\u00e1 nenhuma foto, v\u00eddeo, fala p\u00fablica nossa, nada que consiga dizer que cometemos estes crimes\u201d, afirma\u00a0Matheus Gomes, que na\u00a0\u00e9poca era coordenador geral do DCE da UFRGS e dirigente nacional da juventude do PSTU.<br \/>\nNa primeira audi\u00eancia, em fevereiro de 2017, foram ouvidas testemunhas de acusa\u00e7\u00e3o. Nesta ter\u00e7a-feira, deve ser conclu\u00edda esta etapa. Entre as testemunhas da acusa\u00e7\u00e3o, est\u00e3o policiais civis e militares, guardas municipais, um comerciante que teve a loja depredada e um jornalista, que era rep\u00f3rter da r\u00e1dio Ga\u00facha na \u00e9poca. As testemunhas de defesa e os r\u00e9us ainda n\u00e3o foram ouvidos.<br \/>\n\u201cNos acusam com base na teoria do dom\u00ednio do fato, quando se pune o mandante da a\u00e7\u00e3o de forma igual ou superior aos executores, como se n\u00f3s f\u00f4ssemos mandantes. O que n\u00e3o combina com a l\u00f3gica daquelas manifesta\u00e7\u00f5es\u201d, afirma Gomes.<br \/>\nO Bloco de Luta pelo Transporte P\u00fablico foi formado a partir da articula\u00e7\u00e3o de diversos grupos como partidos pol\u00edticos, sindicatos, entidades estudantis e movimentos sociais. O Bloco convocou uma s\u00e9rie de manifesta\u00e7\u00f5es em Porto Alegre contra o aumento das tarifas do transporte p\u00fablico.<br \/>\nO movimento cresceu rapidamente e chegou a manifesta\u00e7\u00f5es com dezenas de milhares de pessoas nas ruas de Porto Alegre, onde as &#8220;manifesta\u00e7\u00f5es de junho&#8221; come\u00e7aram em abril, expandiram-se para outras metr\u00f3poles e culminaram numa onda nacional em junho de 2013.<br \/>\nOs fatos apontados no processo dizem respeito \u00e0 manifesta\u00e7\u00e3o ocorrida no dia 27 de junho de 2013. A acusa\u00e7\u00e3o \u00e9 de depreda\u00e7\u00e3o do Pal\u00e1cio da Justi\u00e7a, no Centro da Capital. Entretanto, Gomes acredita que antes disso, as lideran\u00e7as do bloco j\u00e1 vinham sendo monitoradas. Ele relata que em abril daquele ano, quando ele e outros integrantes do bloco foram chamados \u00e0 delegacia pela primeira vez, j\u00e1 havia uma investiga\u00e7\u00e3o em andamento sobre eles e a atua\u00e7\u00e3o dos movimentos pol\u00edticos que compunham, com a cl\u00e1ssica t\u00e1tica de manter agentes infiltrados.<br \/>\nUm manifesto contra a criminaliza\u00e7\u00e3o dos integrantes do Bloco de Lutas pelo Transporte P\u00fablico est\u00e1 sendo lan\u00e7ado, e j\u00e1 conta com centenas de assinaturas de pessoas f\u00edsicas e entidades.<\/p>\n","protected":false},"excerpt":{"rendered":"<p>Nesta ter\u00e7a-feira, acontece a segunda audi\u00eancia do processo em que seis integrantes do Bloco de Luta pelo Transporte P\u00fablico s\u00e3o acusados por supostos atos ocorridos durante as manifesta\u00e7\u00f5es contra o aumento das passagens, em 2013. A audi\u00eancia acontece \u00e0s 14h, no Foro Central. S\u00e3o acusados de forma\u00e7\u00e3o de organiza\u00e7\u00e3o criminosa para pr\u00e1tica de furto, depreda\u00e7\u00e3o [&hellip;]<\/p>\n","protected":false},"author":4,"featured_media":50241,"comment_status":"open","ping_status":"closed","sticky":false,"template":"","format":"standard","meta":{"_jetpack_newsletter_access":"","_jetpack_dont_email_post_to_subs":false,"_jetpack_newsletter_tier_id":0,"_jetpack_memberships_contains_paywalled_content":false,"_jetpack_feature_clip_id":0,"_jetpack_memberships_contains_paid_content":false,"footnotes":"","jetpack_post_was_ever_published":false},"categories":[26],"tags":[],"class_list":["post-50239","post","type-post","status-publish","format-standard","has-post-thumbnail","hentry","category-geral"],"aioseo_notices":[],"aioseo_head":"\n\t\t<!-- All in One SEO 5.0.1.1 - aioseo.com -->\n\t<meta name=\"robots\" content=\"max-image-preview:large\" \/>\n\t<meta name=\"author\" content=\"da Reda\u00e7\u00e3o\"\/>\n\t<link rel=\"canonical\" href=\"https:\/\/www.jornalja.com.br\/arquivo\/julgamento-de-integrantes-do-bloco-de-luta-tem-nova-audiencia\/\" \/>\n\t<meta name=\"generator\" content=\"All in One SEO (AIOSEO) 5.0.1.1\" \/>\n\t\t<meta property=\"og:locale\" content=\"pt_BR\" \/>\n\t\t<meta property=\"og:site_name\" content=\"Arquivo | Jornal J\u00c1 | Porto Alegre\" \/>\n\t\t<meta property=\"og:type\" content=\"article\" \/>\n\t\t<meta property=\"og:title\" content=\"Segue processo de integrantes do Bloco de Luta pelas &quot;manifesta\u00e7\u00f5es de junho&quot; | Arquivo\" \/>\n\t\t<meta property=\"og:url\" content=\"https:\/\/www.jornalja.com.br\/arquivo\/julgamento-de-integrantes-do-bloco-de-luta-tem-nova-audiencia\/\" \/>\n\t\t<meta property=\"og:image\" content=\"https:\/\/www.jornalja.com.br\/economics\/wp-content\/uploads\/sites\/11\/2026\/08\/ja-folhaderosto-facebook.jpg\" \/>\n\t\t<meta property=\"og:image:secure_url\" content=\"https:\/\/www.jornalja.com.br\/economics\/wp-content\/uploads\/sites\/11\/2026\/08\/ja-folhaderosto-facebook.jpg\" \/>\n\t\t<meta property=\"article:published_time\" content=\"2017-06-20T14:00:26+00:00\" \/>\n\t\t<meta property=\"article:modified_time\" content=\"2017-06-20T14:00:26+00:00\" \/>\n\t\t<meta name=\"twitter:card\" content=\"summary\" \/>\n\t\t<meta name=\"twitter:title\" content=\"Segue processo de integrantes do Bloco de Luta pelas &quot;manifesta\u00e7\u00f5es de junho&quot; | Arquivo\" \/>\n\t\t<meta name=\"twitter:image\" content=\"https:\/\/www.jornalja.com.br\/economics\/wp-content\/uploads\/sites\/11\/2026\/08\/ja-folhaderosto-facebook.jpg\" \/>\n\t\t<script type=\"application\/ld+json\" class=\"aioseo-schema\">\n\t\t\t{\"@context\":\"https:\\\/\\\/schema.org\",\"@graph\":[{\"@type\":\"BlogPosting\",\"@id\":\"https:\\\/\\\/www.jornalja.com.br\\\/arquivo\\\/julgamento-de-integrantes-do-bloco-de-luta-tem-nova-audiencia\\\/#blogposting\",\"name\":\"Segue processo de integrantes do Bloco de Luta pelas \\\"manifesta\\u00e7\\u00f5es de junho\\\" | Arquivo\",\"headline\":\"Segue processo de integrantes do Bloco de Luta pelas &quot;manifesta\\u00e7\\u00f5es de junho&quot;\",\"author\":{\"@id\":\"https:\\\/\\\/www.jornalja.com.br\\\/arquivo\\\/author\\\/daredacao\\\/#author\"},\"publisher\":{\"@id\":\"https:\\\/\\\/www.jornalja.com.br\\\/arquivo\\\/#organization\"},\"image\":{\"@type\":\"ImageObject\",\"url\":50241},\"datePublished\":\"2017-06-20T11:00:26-03:00\",\"dateModified\":\"2017-06-20T11:00:26-03:00\",\"inLanguage\":\"pt-BR\",\"mainEntityOfPage\":{\"@id\":\"https:\\\/\\\/www.jornalja.com.br\\\/arquivo\\\/julgamento-de-integrantes-do-bloco-de-luta-tem-nova-audiencia\\\/#webpage\"},\"isPartOf\":{\"@id\":\"https:\\\/\\\/www.jornalja.com.br\\\/arquivo\\\/julgamento-de-integrantes-do-bloco-de-luta-tem-nova-audiencia\\\/#webpage\"},\"articleSection\":\"Geral\"},{\"@type\":\"BreadcrumbList\",\"@id\":\"https:\\\/\\\/www.jornalja.com.br\\\/arquivo\\\/julgamento-de-integrantes-do-bloco-de-luta-tem-nova-audiencia\\\/#breadcrumblist\",\"itemListElement\":[{\"@type\":\"ListItem\",\"@id\":\"https:\\\/\\\/www.jornalja.com.br\\\/arquivo#listItem\",\"position\":1,\"name\":\"Home\",\"item\":\"https:\\\/\\\/www.jornalja.com.br\\\/arquivo\",\"nextItem\":{\"@type\":\"ListItem\",\"@id\":\"https:\\\/\\\/www.jornalja.com.br\\\/arquivo\\\/category\\\/geral\\\/#listItem\",\"name\":\"Geral\"}},{\"@type\":\"ListItem\",\"@id\":\"https:\\\/\\\/www.jornalja.com.br\\\/arquivo\\\/category\\\/geral\\\/#listItem\",\"position\":2,\"name\":\"Geral\",\"item\":\"https:\\\/\\\/www.jornalja.com.br\\\/arquivo\\\/category\\\/geral\\\/\",\"nextItem\":{\"@type\":\"ListItem\",\"@id\":\"https:\\\/\\\/www.jornalja.com.br\\\/arquivo\\\/julgamento-de-integrantes-do-bloco-de-luta-tem-nova-audiencia\\\/#listItem\",\"name\":\"Segue processo de integrantes do Bloco de Luta pelas &quot;manifesta\\u00e7\\u00f5es de junho&quot;\"},\"previousItem\":{\"@type\":\"ListItem\",\"@id\":\"https:\\\/\\\/www.jornalja.com.br\\\/arquivo#listItem\",\"name\":\"Home\"}},{\"@type\":\"ListItem\",\"@id\":\"https:\\\/\\\/www.jornalja.com.br\\\/arquivo\\\/julgamento-de-integrantes-do-bloco-de-luta-tem-nova-audiencia\\\/#listItem\",\"position\":3,\"name\":\"Segue processo de integrantes do Bloco de Luta pelas &quot;manifesta\\u00e7\\u00f5es de junho&quot;\",\"previousItem\":{\"@type\":\"ListItem\",\"@id\":\"https:\\\/\\\/www.jornalja.com.br\\\/arquivo\\\/category\\\/geral\\\/#listItem\",\"name\":\"Geral\"}}]},{\"@type\":\"Organization\",\"@id\":\"https:\\\/\\\/www.jornalja.com.br\\\/arquivo\\\/#organization\",\"name\":\"Jornal J\\u00c1\",\"description\":\"Jornal J\\u00c1 | Porto Alegre\",\"url\":\"https:\\\/\\\/www.jornalja.com.br\\\/arquivo\\\/\",\"telephone\":\"+555133307272\",\"logo\":{\"@type\":\"ImageObject\",\"url\":\"https:\\\/\\\/www.jornalja.com.br\\\/wp-content\\\/uploads\\\/cards\\\/JAslogan.png\",\"@id\":\"https:\\\/\\\/www.jornalja.com.br\\\/arquivo\\\/julgamento-de-integrantes-do-bloco-de-luta-tem-nova-audiencia\\\/#organizationLogo\"},\"image\":{\"@id\":\"https:\\\/\\\/www.jornalja.com.br\\\/arquivo\\\/julgamento-de-integrantes-do-bloco-de-luta-tem-nova-audiencia\\\/#organizationLogo\"}},{\"@type\":\"Person\",\"@id\":\"https:\\\/\\\/www.jornalja.com.br\\\/arquivo\\\/author\\\/daredacao\\\/#author\",\"url\":\"https:\\\/\\\/www.jornalja.com.br\\\/arquivo\\\/author\\\/daredacao\\\/\",\"name\":\"da Reda\\u00e7\\u00e3o\",\"image\":{\"@type\":\"ImageObject\",\"@id\":\"https:\\\/\\\/www.jornalja.com.br\\\/arquivo\\\/julgamento-de-integrantes-do-bloco-de-luta-tem-nova-audiencia\\\/#authorImage\",\"url\":\"https:\\\/\\\/secure.gravatar.com\\\/avatar\\\/469fd857d6605ad19919d27ed29d35a968a25f6e8fd9318356bbb7f57aae9c65?s=96&d=mm&r=g\",\"width\":96,\"height\":96,\"caption\":\"da Reda\\u00e7\\u00e3o\"}},{\"@type\":\"WebPage\",\"@id\":\"https:\\\/\\\/www.jornalja.com.br\\\/arquivo\\\/julgamento-de-integrantes-do-bloco-de-luta-tem-nova-audiencia\\\/#webpage\",\"url\":\"https:\\\/\\\/www.jornalja.com.br\\\/arquivo\\\/julgamento-de-integrantes-do-bloco-de-luta-tem-nova-audiencia\\\/\",\"name\":\"Segue processo de integrantes do Bloco de Luta pelas \\\"manifesta\\u00e7\\u00f5es de junho\\\" | Arquivo\",\"inLanguage\":\"pt-BR\",\"isPartOf\":{\"@id\":\"https:\\\/\\\/www.jornalja.com.br\\\/arquivo\\\/#website\"},\"breadcrumb\":{\"@id\":\"https:\\\/\\\/www.jornalja.com.br\\\/arquivo\\\/julgamento-de-integrantes-do-bloco-de-luta-tem-nova-audiencia\\\/#breadcrumblist\"},\"author\":{\"@id\":\"https:\\\/\\\/www.jornalja.com.br\\\/arquivo\\\/author\\\/daredacao\\\/#author\"},\"creator\":{\"@id\":\"https:\\\/\\\/www.jornalja.com.br\\\/arquivo\\\/author\\\/daredacao\\\/#author\"},\"image\":{\"@type\":\"ImageObject\",\"url\":50241,\"@id\":\"https:\\\/\\\/www.jornalja.com.br\\\/arquivo\\\/julgamento-de-integrantes-do-bloco-de-luta-tem-nova-audiencia\\\/#mainImage\"},\"primaryImageOfPage\":{\"@id\":\"https:\\\/\\\/www.jornalja.com.br\\\/arquivo\\\/julgamento-de-integrantes-do-bloco-de-luta-tem-nova-audiencia\\\/#mainImage\"},\"datePublished\":\"2017-06-20T11:00:26-03:00\",\"dateModified\":\"2017-06-20T11:00:26-03:00\"},{\"@type\":\"WebSite\",\"@id\":\"https:\\\/\\\/www.jornalja.com.br\\\/arquivo\\\/#website\",\"url\":\"https:\\\/\\\/www.jornalja.com.br\\\/arquivo\\\/\",\"name\":\"Arquivo\",\"description\":\"Jornal J\\u00c1 | Porto Alegre\",\"inLanguage\":\"pt-BR\",\"publisher\":{\"@id\":\"https:\\\/\\\/www.jornalja.com.br\\\/arquivo\\\/#organization\"}}]}\n\t\t<\/script>\n\t\t<!-- All in One SEO -->\n\n","aioseo_head_json":{"title":"Segue processo de integrantes do Bloco de Luta pelas \"manifesta\u00e7\u00f5es de junho\" | Arquivo","description":"","canonical_url":"https:\/\/www.jornalja.com.br\/arquivo\/julgamento-de-integrantes-do-bloco-de-luta-tem-nova-audiencia\/","robots":"max-image-preview:large","keywords":"","webmasterTools":{"miscellaneous":""},"schema":{"@context":"https:\/\/schema.org","@graph":[{"@type":"BlogPosting","@id":"https:\/\/www.jornalja.com.br\/arquivo\/julgamento-de-integrantes-do-bloco-de-luta-tem-nova-audiencia\/#blogposting","name":"Segue processo de integrantes do Bloco de Luta pelas \"manifesta\u00e7\u00f5es de junho\" | Arquivo","headline":"Segue processo de integrantes do Bloco de Luta pelas &quot;manifesta\u00e7\u00f5es de junho&quot;","author":{"@id":"https:\/\/www.jornalja.com.br\/arquivo\/author\/daredacao\/#author"},"publisher":{"@id":"https:\/\/www.jornalja.com.br\/arquivo\/#organization"},"image":{"@type":"ImageObject","url":50241},"datePublished":"2017-06-20T11:00:26-03:00","dateModified":"2017-06-20T11:00:26-03:00","inLanguage":"pt-BR","mainEntityOfPage":{"@id":"https:\/\/www.jornalja.com.br\/arquivo\/julgamento-de-integrantes-do-bloco-de-luta-tem-nova-audiencia\/#webpage"},"isPartOf":{"@id":"https:\/\/www.jornalja.com.br\/arquivo\/julgamento-de-integrantes-do-bloco-de-luta-tem-nova-audiencia\/#webpage"},"articleSection":"Geral"},{"@type":"BreadcrumbList","@id":"https:\/\/www.jornalja.com.br\/arquivo\/julgamento-de-integrantes-do-bloco-de-luta-tem-nova-audiencia\/#breadcrumblist","itemListElement":[{"@type":"ListItem","@id":"https:\/\/www.jornalja.com.br\/arquivo#listItem","position":1,"name":"Home","item":"https:\/\/www.jornalja.com.br\/arquivo","nextItem":{"@type":"ListItem","@id":"https:\/\/www.jornalja.com.br\/arquivo\/category\/geral\/#listItem","name":"Geral"}},{"@type":"ListItem","@id":"https:\/\/www.jornalja.com.br\/arquivo\/category\/geral\/#listItem","position":2,"name":"Geral","item":"https:\/\/www.jornalja.com.br\/arquivo\/category\/geral\/","nextItem":{"@type":"ListItem","@id":"https:\/\/www.jornalja.com.br\/arquivo\/julgamento-de-integrantes-do-bloco-de-luta-tem-nova-audiencia\/#listItem","name":"Segue processo de integrantes do Bloco de Luta pelas &quot;manifesta\u00e7\u00f5es de junho&quot;"},"previousItem":{"@type":"ListItem","@id":"https:\/\/www.jornalja.com.br\/arquivo#listItem","name":"Home"}},{"@type":"ListItem","@id":"https:\/\/www.jornalja.com.br\/arquivo\/julgamento-de-integrantes-do-bloco-de-luta-tem-nova-audiencia\/#listItem","position":3,"name":"Segue processo de integrantes do Bloco de Luta pelas &quot;manifesta\u00e7\u00f5es de junho&quot;","previousItem":{"@type":"ListItem","@id":"https:\/\/www.jornalja.com.br\/arquivo\/category\/geral\/#listItem","name":"Geral"}}]},{"@type":"Organization","@id":"https:\/\/www.jornalja.com.br\/arquivo\/#organization","name":"Jornal J\u00c1","description":"Jornal J\u00c1 | Porto Alegre","url":"https:\/\/www.jornalja.com.br\/arquivo\/","telephone":"+555133307272","logo":{"@type":"ImageObject","url":"https:\/\/www.jornalja.com.br\/wp-content\/uploads\/cards\/JAslogan.png","@id":"https:\/\/www.jornalja.com.br\/arquivo\/julgamento-de-integrantes-do-bloco-de-luta-tem-nova-audiencia\/#organizationLogo"},"image":{"@id":"https:\/\/www.jornalja.com.br\/arquivo\/julgamento-de-integrantes-do-bloco-de-luta-tem-nova-audiencia\/#organizationLogo"}},{"@type":"Person","@id":"https:\/\/www.jornalja.com.br\/arquivo\/author\/daredacao\/#author","url":"https:\/\/www.jornalja.com.br\/arquivo\/author\/daredacao\/","name":"da Reda\u00e7\u00e3o","image":{"@type":"ImageObject","@id":"https:\/\/www.jornalja.com.br\/arquivo\/julgamento-de-integrantes-do-bloco-de-luta-tem-nova-audiencia\/#authorImage","url":"https:\/\/secure.gravatar.com\/avatar\/469fd857d6605ad19919d27ed29d35a968a25f6e8fd9318356bbb7f57aae9c65?s=96&d=mm&r=g","width":96,"height":96,"caption":"da Reda\u00e7\u00e3o"}},{"@type":"WebPage","@id":"https:\/\/www.jornalja.com.br\/arquivo\/julgamento-de-integrantes-do-bloco-de-luta-tem-nova-audiencia\/#webpage","url":"https:\/\/www.jornalja.com.br\/arquivo\/julgamento-de-integrantes-do-bloco-de-luta-tem-nova-audiencia\/","name":"Segue processo de integrantes do Bloco de Luta pelas \"manifesta\u00e7\u00f5es de junho\" | Arquivo","inLanguage":"pt-BR","isPartOf":{"@id":"https:\/\/www.jornalja.com.br\/arquivo\/#website"},"breadcrumb":{"@id":"https:\/\/www.jornalja.com.br\/arquivo\/julgamento-de-integrantes-do-bloco-de-luta-tem-nova-audiencia\/#breadcrumblist"},"author":{"@id":"https:\/\/www.jornalja.com.br\/arquivo\/author\/daredacao\/#author"},"creator":{"@id":"https:\/\/www.jornalja.com.br\/arquivo\/author\/daredacao\/#author"},"image":{"@type":"ImageObject","url":50241,"@id":"https:\/\/www.jornalja.com.br\/arquivo\/julgamento-de-integrantes-do-bloco-de-luta-tem-nova-audiencia\/#mainImage"},"primaryImageOfPage":{"@id":"https:\/\/www.jornalja.com.br\/arquivo\/julgamento-de-integrantes-do-bloco-de-luta-tem-nova-audiencia\/#mainImage"},"datePublished":"2017-06-20T11:00:26-03:00","dateModified":"2017-06-20T11:00:26-03:00"},{"@type":"WebSite","@id":"https:\/\/www.jornalja.com.br\/arquivo\/#website","url":"https:\/\/www.jornalja.com.br\/arquivo\/","name":"Arquivo","description":"Jornal J\u00c1 | Porto Alegre","inLanguage":"pt-BR","publisher":{"@id":"https:\/\/www.jornalja.com.br\/arquivo\/#organization"}}]},"og:locale":"pt_BR","og:site_name":"Arquivo | Jornal J\u00c1 | Porto Alegre","og:type":"article","og:title":"Segue processo de integrantes do Bloco de Luta pelas &quot;manifesta\u00e7\u00f5es de junho&quot; | Arquivo","og:url":"https:\/\/www.jornalja.com.br\/arquivo\/julgamento-de-integrantes-do-bloco-de-luta-tem-nova-audiencia\/","og:image":"https:\/\/www.jornalja.com.br\/economics\/wp-content\/uploads\/sites\/11\/2026\/08\/ja-folhaderosto-facebook.jpg","og:image:secure_url":"https:\/\/www.jornalja.com.br\/economics\/wp-content\/uploads\/sites\/11\/2026\/08\/ja-folhaderosto-facebook.jpg","article:published_time":"2017-06-20T14:00:26+00:00","article:modified_time":"2017-06-20T14:00:26+00:00","twitter:card":"summary","twitter:title":"Segue processo de integrantes do Bloco de Luta pelas &quot;manifesta\u00e7\u00f5es de junho&quot; | Arquivo","twitter:image":"https:\/\/www.jornalja.com.br\/economics\/wp-content\/uploads\/sites\/11\/2026\/08\/ja-folhaderosto-facebook.jpg"},"aioseo_meta_data":{"post_id":"50239","title":null,"description":null,"keywords":null,"keyphrases":null,"primary_term":null,"canonical_url":null,"og_title":null,"og_description":null,"og_object_type":"default","og_image_type":"default","og_image_url":null,"og_image_width":null,"og_image_height":null,"og_image_custom_url":null,"og_image_custom_fields":null,"og_video":null,"og_custom_url":null,"og_article_section":null,"og_article_tags":null,"twitter_use_og":false,"twitter_card":"default","twitter_image_type":"default","twitter_image_url":null,"twitter_image_custom_url":null,"twitter_image_custom_fields":null,"twitter_title":null,"twitter_description":null,"schema":{"blockGraphs":[],"customGraphs":[],"default":{"data":{"Article":[],"Course":[],"Dataset":[],"FAQPage":[],"Movie":[],"Person":[],"Product":[],"ProductReview":[],"Car":[],"Recipe":[],"Service":[],"SoftwareApplication":[],"WebPage":[]},"graphName":"","isEnabled":true},"graphs":[]},"schema_type":null,"schema_type_options":null,"pillar_content":false,"robots_default":true,"robots_noindex":false,"robots_noarchive":false,"robots_nosnippet":false,"robots_nofollow":false,"robots_noimageindex":false,"robots_noodp":false,"robots_notranslate":false,"robots_max_snippet":null,"robots_max_videopreview":null,"robots_max_imagepreview":"large","priority":null,"frequency":null,"location":null,"local_seo":null,"breadcrumb_settings":null,"limit_modified_date":false,"ai":null,"created":"2020-12-20 20:32:00","updated":"2025-07-19 22:21:29","seo_analyzer_scan_date":null,"focus_keyword":null,"additional_keywords":null,"truseo_locale":null},"jetpack_sharing_enabled":true,"jetpack-related-posts":[{"id":13239,"url":"https:\/\/www.jornalja.com.br\/arquivo\/conselho-desdenha-do-plano-diretor\/","url_meta":{"origin":50239,"position":0},"title":"Porto Alegre: Conselho detona Plano Diretor","author":"Patr\u00edcia Marini","date":"25 de maio de 2014","format":false,"excerpt":"Den\u00fancia do arquiteto e \u00a0urbanista Ibir\u00e1 Santos Lucas. Ele diz que os conselheiros est\u00e3o votando com \"enorme irresponsabilidade\". \"Mudam regime com a maior naturalidade,,,regularizam absurdos de constru\u00e7\u00f5es irregulares... \"O CMDUA est\u00e1 flexibilizando a lei do plano diretor, de uma forma impactante na vida da cidade. Mudam regime com a maior\u2026","rel":"","context":"Em &quot;Geral&quot;","block_context":{"text":"Geral","link":"https:\/\/www.jornalja.com.br\/arquivo\/category\/geral\/"},"img":{"alt_text":"","src":"","width":0,"height":0},"classes":[]},{"id":13240,"url":"https:\/\/www.jornalja.com.br\/arquivo\/plano-diretor-estamos-construindo-o-caos\/","url_meta":{"origin":50239,"position":1},"title":"Plano diretor: &quot;Estamos construindo o caos&quot;","author":"Patr\u00edcia Marini","date":"26 de maio de 2014","format":false,"excerpt":"Desabafo que arquiteta Eliana Castilhos, delegada da Regi\u00e3o de Planejamento 1, postou nas redes sociais \u00e9 um testemunho do ambiente que se criou no Conselho do Plano Diretor de Porto Alegre, onde a aprova\u00e7\u00e3o de grandes empreendimentos \u00e9 empurrada guela abaixo dos conselheiros. Ao CMDUA Como delegada da Regi\u00e3o de\u2026","rel":"","context":"Em &quot;Geral&quot;","block_context":{"text":"Geral","link":"https:\/\/www.jornalja.com.br\/arquivo\/category\/geral\/"},"img":{"alt_text":"","src":"","width":0,"height":0},"classes":[]},{"id":13109,"url":"https:\/\/www.jornalja.com.br\/arquivo\/judiciario-reconhece-poluicao-eletromagnetica\/","url_meta":{"origin":50239,"position":2},"title":"Judici\u00e1rio reconhece polui\u00e7\u00e3o eletromagn\u00e9tica","author":"Patr\u00edcia Marini","date":"16 de maio de 2014","format":false,"excerpt":"A\u00e7\u00e3o de duas associa\u00e7\u00f5es de moradores foi acolhida pelo Tribunal de Justi\u00e7a de S\u00e3o Paulo que. em decis\u00e3o in\u00e9dita, determinou a redu\u00e7\u00e3o do campo eletromagn\u00e9tico gerado pelas linhas de transmiss\u00e3o de energia que cortam os bairros City Boa\u00e7ava e Alto de Pinheiros. \u00c9 a primeira vez que um tribunal do\u2026","rel":"","context":"Em &quot;X.Categorias velhas&quot;","block_context":{"text":"X.Categorias velhas","link":"https:\/\/www.jornalja.com.br\/arquivo\/category\/x-categorias-velhas\/"},"img":{"alt_text":"","src":"","width":0,"height":0},"classes":[]},{"id":13101,"url":"https:\/\/www.jornalja.com.br\/arquivo\/morre-um-guerreiro-do-texto\/","url_meta":{"origin":50239,"position":3},"title":"Morre um guerreiro do texto","author":"Patr\u00edcia Marini","date":"14 de maio de 2014","format":false,"excerpt":"Por Ricardo Kotscho Reproduzido do blog do autor, 11\/5\/2014; t\u00edtulo original \u201cE l\u00e1 se foi o nosso Myltainho, guerreiro do texto\u201d. Mi\u00fado e franzino, meu amigo Myltainho era um valente e inconformado guerreiro na luta contra as injusti\u00e7as sociais, a hipocrisia, as maracutaias, o autoritarismo, a intoler\u00e2ncia, a viol\u00eancia, o\u2026","rel":"","context":"Em &quot;Geral&quot;","block_context":{"text":"Geral","link":"https:\/\/www.jornalja.com.br\/arquivo\/category\/geral\/"},"img":{"alt_text":"","src":"","width":0,"height":0},"classes":[]},{"id":13124,"url":"https:\/\/www.jornalja.com.br\/arquivo\/sangue-latino-no-iecine\/","url_meta":{"origin":50239,"position":4},"title":"Sangue latino no IECINE","author":"da Reda\u00e7\u00e3o","date":"18 de maio de 2014","format":false,"excerpt":"Francisco Ribeiro O Instituto Estadual de Cinema (IECINE) tem a frente, desde abril \u00faltimo, um novo diretor, o cineasta colombiano Juan Zapata, 36, que substitui Luiz Alberto Cassol. Radicado h\u00e1 dez anos em Porto Alegre, Zapata tem diante de si o desafio de conduzir at\u00e9 o final do ano um\u2026","rel":"","context":"Em &quot;Cultura-Geral&quot;","block_context":{"text":"Cultura-Geral","link":"https:\/\/www.jornalja.com.br\/arquivo\/category\/materiasecundaria\/"},"img":{"alt_text":"","src":"","width":0,"height":0},"classes":[]},{"id":12960,"url":"https:\/\/www.jornalja.com.br\/arquivo\/populacao-culpa-empresas-pela-greve-dos-rodoviarios\/","url_meta":{"origin":50239,"position":5},"title":"Popula\u00e7\u00e3o culpa empresas pela greve","author":"Patr\u00edcia Marini","date":"14 de fevereiro de 2014","format":false,"excerpt":"Pesquisa divulgada na edi\u00e7\u00e3o do jornal Metro desta sexta-feira,14, comprova o velho ditado: \u00e9 poss\u00edvel enganar muitos por algum tempo, mas n\u00e3o \u00e9 poss\u00edvel enganar a todos o tempo inteiro. A principal revela\u00e7\u00e3o foi que 59,8% dos entrevistados apontaram as empresas como as principais respons\u00e1veis pela grave e 46% culparam\u2026","rel":"","context":"Em &quot;X.Categorias velhas&quot;","block_context":{"text":"X.Categorias velhas","link":"https:\/\/www.jornalja.com.br\/arquivo\/category\/x-categorias-velhas\/"},"img":{"alt_text":"","src":"","width":0,"height":0},"classes":[]}],"jetpack_shortlink":"https:\/\/wp.me\/pbQjBd-d4j","jetpack_featured_media_url":"","_links":{"self":[{"href":"https:\/\/www.jornalja.com.br\/arquivo\/wp-json\/wp\/v2\/posts\/50239","targetHints":{"allow":["GET"]}}],"collection":[{"href":"https:\/\/www.jornalja.com.br\/arquivo\/wp-json\/wp\/v2\/posts"}],"about":[{"href":"https:\/\/www.jornalja.com.br\/arquivo\/wp-json\/wp\/v2\/types\/post"}],"author":[{"embeddable":true,"href":"https:\/\/www.jornalja.com.br\/arquivo\/wp-json\/wp\/v2\/users\/4"}],"replies":[{"embeddable":true,"href":"https:\/\/www.jornalja.com.br\/arquivo\/wp-json\/wp\/v2\/comments?post=50239"}],"version-history":[{"count":0,"href":"https:\/\/www.jornalja.com.br\/arquivo\/wp-json\/wp\/v2\/posts\/50239\/revisions"}],"wp:attachment":[{"href":"https:\/\/www.jornalja.com.br\/arquivo\/wp-json\/wp\/v2\/media?parent=50239"}],"wp:term":[{"taxonomy":"category","embeddable":true,"href":"https:\/\/www.jornalja.com.br\/arquivo\/wp-json\/wp\/v2\/categories?post=50239"},{"taxonomy":"post_tag","embeddable":true,"href":"https:\/\/www.jornalja.com.br\/arquivo\/wp-json\/wp\/v2\/tags?post=50239"}],"curies":[{"name":"wp","href":"https:\/\/api.w.org\/{rel}","templated":true}]}}