{"id":50246,"date":"2017-06-19T17:35:28","date_gmt":"2017-06-19T20:35:28","guid":{"rendered":"https:\/\/www.jornalja.com.br\/?p=50246"},"modified":"2017-06-19T17:35:28","modified_gmt":"2017-06-19T20:35:28","slug":"em-nota-mp-nega-omissao-dos-promotores-no-caso-da-boate-kiss","status":"publish","type":"post","link":"https:\/\/www.jornalja.com.br\/arquivo\/em-nota-mp-nega-omissao-dos-promotores-no-caso-da-boate-kiss\/","title":{"rendered":"Em nota, MP nega omiss\u00e3o dos promotores no caso da boate Kiss"},"content":{"rendered":"<p>O Minist\u00e9rio P\u00fablico do RS divulgou uma nota esta segunda-feira sobre cr\u00edticas que vem sofrendo a respeito de sua atua\u00e7\u00e3o no caso da trag\u00e9dia da boate Kiss. A nota tem rela\u00e7\u00e3o com reportagem veiculada recentemente, por\u00e9m n\u00e3o informa o t\u00edtulo da mat\u00e9ria ou o ve\u00edculo de comunica\u00e7\u00e3o.<br \/>\n&#8220;Em rela\u00e7\u00e3o \u00e0 grava\u00e7\u00e3o realizada por alguns pais durante reuni\u00e3o com os Promotores de Justi\u00e7a de Santa Maria, ocorrida em 2013, e apresentada pelo senhor Fl\u00e1vio Jos\u00e9 da Silva durante sua defesa em processo por cal\u00fania, o Minist\u00e9rio P\u00fablico informa que n\u00e3o h\u00e1 qualquer elemento que aponte irregularidade na atua\u00e7\u00e3o dos promotores de Justi\u00e7a respons\u00e1veis pelo caso\u201d, diz um trecho da nota.<br \/>\nQuanto aos processos por cal\u00fania movidos por promotores contra pais de v\u00edtimas da trag\u00e9dia, o Minist\u00e9rio P\u00fablico afirma \u201cque as referidas a\u00e7\u00f5es n\u00e3o possuem qualquer influ\u00eancia ou preju\u00edzo ao trabalho realizado pelo MP na defesa das v\u00edtimas e puni\u00e7\u00e3o dos respons\u00e1veis na \u00e1rea criminal, c\u00edvel e militar. Qualquer servidor p\u00fablico pode procurar o MP ao se sentir caluniado no exerc\u00edcio de sua fun\u00e7\u00e3o. Foi o que fizeram os promotores de Santa Maria.\u201d<br \/>\nA nota conclui afirmando que \u00e9 inadmiss\u00edvel falar em impunidade e omiss\u00e3o do Minist\u00e9rio P\u00fablico e que o \u00f3rg\u00e3o \u201clutar\u00e1 at\u00e9 o final pela puni\u00e7\u00e3o dos culpados, dentro da seguran\u00e7a jur\u00eddica e nos limites da lei.\u201d<br \/>\n<strong>Confira a \u00edntegra da nota:<\/strong><br \/>\n<em>Desde o evento da trag\u00e9dia na boate Kiss, o Minist\u00e9rio P\u00fablico buscou a apura\u00e7\u00e3o de todas as responsabilidades. Ainda em 2013, os promotores de Justi\u00e7a de Santa Maria ingressaram com v\u00e1rias a\u00e7\u00f5es judiciais. H\u00e1 quatro pessoas denunciadas e j\u00e1 pronunciadas por homic\u00eddio doloso, uma vez que ligadas \u00e0s causas diretas das mortes, quais sejam, a espuma, colocada por iniciativa exclusiva dos s\u00f3cios da boate, e o acionamento do artefato incendi\u00e1rio pelos integrantes da banda. A aus\u00eancia desse nexo causal impossibilita a responsabiliza\u00e7\u00e3o no \u00e2mbito criminal por homic\u00eddio.<\/em><br \/>\n<em>Tamb\u00e9m denunciou oito bombeiros e ajuizou a\u00e7\u00e3o de improbidade administrativa pela sistem\u00e1tica geral que imprimiam para concess\u00e3o de todos os alvar\u00e1s \u00e0 \u00e9poca, n\u00e3o somente os da boate Kiss. No curso da apura\u00e7\u00e3o dos fatos, ainda denunciou criminalmente por prevarica\u00e7\u00e3o, falsidade ideol\u00f3gica e delitos correlatos mais de 40 pessoas.<\/em><br \/>\n<em>Os arquivamentos promovidos se deram por falta de provas de a\u00e7\u00e3o dolosa, ma-f\u00e9 ou culpa pessoal, em que pesem irregularidades administrativas constatadas. Todas as manifesta\u00e7\u00f5es do Minist\u00e9rio P\u00fablico foram publicizadas e submetidas \u00e0s inst\u00e2ncias competentes. O conte\u00fado das a\u00e7\u00f5es e sua tramita\u00e7\u00e3o podem ser acompanhados no site do MP, em espa\u00e7o destinado exclusivamente para o caso.<\/em><br \/>\n<em>Com rela\u00e7\u00e3o \u00e0 grava\u00e7\u00e3o realizada por alguns pais durante reuni\u00e3o com os Promotores de Justi\u00e7a de Santa Maria ocorrida em 2013 e apresentada pelo senhor Fl\u00e1vio Jos\u00e9 da Silva durante sua defesa em processo por cal\u00fania, o Minist\u00e9rio P\u00fablico informa que n\u00e3o h\u00e1 qualquer elemento que aponte irregularidade na atua\u00e7\u00e3o dos promotores de Justi\u00e7a respons\u00e1veis pelo caso. As afirma\u00e7\u00f5es do promotor de Justi\u00e7a Joel Dutra, em conversa gravada pelo senhor Fl\u00e1vio Jos\u00e9 da Silva, foram baseadas em sentimentos e convic\u00e7\u00f5es pessoais do promotor \u00e0 \u00e9poca. Desde ent\u00e3o, todas suas suspeitas foram alvo de investiga\u00e7\u00f5es da Pol\u00edcia Civil, Militar e do pr\u00f3prio Minist\u00e9rio P\u00fablico. Assim como todos os elementos e provas obtidas atrav\u00e9s dos inqu\u00e9ritos foram utilizadas nas diversas a\u00e7\u00f5es penais, de improbidade e nas recomenda\u00e7\u00f5es do Minist\u00e9rio P\u00fablico \u00e0 Prefeitura de Santa Maria e ao Corpo de Bombeiros.<\/em><br \/>\n<em>Com rela\u00e7\u00e3o aos processos contra os pais S\u00e9rgio da Silva, Fl\u00e1vio Jos\u00e9 da Silva e Paulo Carvalho por cal\u00fania contra os Promotores, o Minist\u00e9rio P\u00fablico afirma veementemente que as referidas a\u00e7\u00f5es n\u00e3o possuem qualquer influ\u00eancia ou preju\u00edzo ao trabalho realizado pelo MP na defesa das v\u00edtimas e puni\u00e7\u00e3o dos respons\u00e1veis na \u00e1rea criminal, c\u00edvel e militar. Qualquer servidor p\u00fablico pode procurar o MP ao se sentir caluniado no exerc\u00edcio de sua fun\u00e7\u00e3o. Foi o que fizeram os promotores de Santa Maria. Embora a repercuss\u00e3o destas a\u00e7\u00f5es na opini\u00e3o p\u00fablica, o MP permanecer\u00e1 pautando sua atua\u00e7\u00e3o pelo que determina a lei e postulando decis\u00e3o do Poder Judici\u00e1rio, a quem cabe a palavra definitiva. Destaca ainda que sempre esteve aberto e permanece disposto a uma concilia\u00e7\u00e3o e entendimento com os j\u00e1 referidos pais de v\u00edtimas da trag\u00e9dia.<\/em><br \/>\n<em>Sempre se soube que nenhuma medida jur\u00eddica devolver\u00e1 o que se perdeu na trag\u00e9dia e nem mesmo a dor poder\u00e1 ser mensurada, pois somente cada um sabe da sua. Se ao agente p\u00fablico que tem por miss\u00e3o apurar as responsabilidades n\u00e3o \u00e9 dado ser insens\u00edvel, tampouco se permite agir precipitada e emotivamente na busca de um retorno imposs\u00edvel. Ao contr\u00e1rio, como limite a sua consci\u00eancia tem o norte na lei e na prova processual, ainda que esse seja o caminho mais dif\u00edcil. Inadmiss\u00edvel, nesse contexto, falar em impunidade e omiss\u00e3o do Minist\u00e9rio P\u00fablico, que lutar\u00e1 at\u00e9 o final pela puni\u00e7\u00e3o dos culpados, dentro da seguran\u00e7a jur\u00eddica e nos limites da lei!<\/em><br \/>\n<em>MINIST\u00c9RIO P\u00daBLICO DO ESTADO DO RIO GRANDE DO SUL<\/em><\/p>\n","protected":false},"excerpt":{"rendered":"<p>O Minist\u00e9rio P\u00fablico do RS divulgou uma nota esta segunda-feira sobre cr\u00edticas que vem sofrendo a respeito de sua atua\u00e7\u00e3o no caso da trag\u00e9dia da boate Kiss. A nota tem rela\u00e7\u00e3o com reportagem veiculada recentemente, por\u00e9m n\u00e3o informa o t\u00edtulo da mat\u00e9ria ou o ve\u00edculo de comunica\u00e7\u00e3o. &#8220;Em rela\u00e7\u00e3o \u00e0 grava\u00e7\u00e3o realizada por alguns pais [&hellip;]<\/p>\n","protected":false},"author":4,"featured_media":50249,"comment_status":"open","ping_status":"closed","sticky":false,"template":"","format":"standard","meta":{"_jetpack_newsletter_access":"","_jetpack_dont_email_post_to_subs":false,"_jetpack_newsletter_tier_id":0,"_jetpack_memberships_contains_paywalled_content":false,"_jetpack_feature_clip_id":0,"_jetpack_memberships_contains_paid_content":false,"footnotes":"","jetpack_post_was_ever_published":false},"categories":[26],"tags":[],"class_list":["post-50246","post","type-post","status-publish","format-standard","has-post-thumbnail","hentry","category-geral"],"aioseo_notices":[],"aioseo_head":"\n\t\t<!-- All in One SEO 5.0.1.1 - aioseo.com -->\n\t<meta name=\"robots\" content=\"max-image-preview:large\" \/>\n\t<meta name=\"author\" content=\"da Reda\u00e7\u00e3o\"\/>\n\t<link rel=\"canonical\" href=\"https:\/\/www.jornalja.com.br\/arquivo\/em-nota-mp-nega-omissao-dos-promotores-no-caso-da-boate-kiss\/\" \/>\n\t<meta name=\"generator\" content=\"All in One SEO (AIOSEO) 5.0.1.1\" \/>\n\t\t<meta property=\"og:locale\" content=\"pt_BR\" \/>\n\t\t<meta property=\"og:site_name\" content=\"Arquivo | Jornal J\u00c1 | Porto Alegre\" \/>\n\t\t<meta property=\"og:type\" content=\"article\" \/>\n\t\t<meta property=\"og:title\" content=\"Em nota, MP nega omiss\u00e3o dos promotores no caso da boate Kiss | Arquivo\" \/>\n\t\t<meta property=\"og:url\" content=\"https:\/\/www.jornalja.com.br\/arquivo\/em-nota-mp-nega-omissao-dos-promotores-no-caso-da-boate-kiss\/\" \/>\n\t\t<meta property=\"og:image\" content=\"https:\/\/www.jornalja.com.br\/economics\/wp-content\/uploads\/sites\/11\/2026\/08\/ja-folhaderosto-facebook.jpg\" \/>\n\t\t<meta property=\"og:image:secure_url\" content=\"https:\/\/www.jornalja.com.br\/economics\/wp-content\/uploads\/sites\/11\/2026\/08\/ja-folhaderosto-facebook.jpg\" \/>\n\t\t<meta property=\"article:published_time\" content=\"2017-06-19T20:35:28+00:00\" \/>\n\t\t<meta property=\"article:modified_time\" content=\"2017-06-19T20:35:28+00:00\" \/>\n\t\t<meta name=\"twitter:card\" content=\"summary\" \/>\n\t\t<meta name=\"twitter:title\" content=\"Em nota, MP nega omiss\u00e3o dos promotores no caso da boate Kiss | Arquivo\" \/>\n\t\t<meta name=\"twitter:image\" content=\"https:\/\/www.jornalja.com.br\/economics\/wp-content\/uploads\/sites\/11\/2026\/08\/ja-folhaderosto-facebook.jpg\" \/>\n\t\t<script type=\"application\/ld+json\" class=\"aioseo-schema\">\n\t\t\t{\"@context\":\"https:\\\/\\\/schema.org\",\"@graph\":[{\"@type\":\"BlogPosting\",\"@id\":\"https:\\\/\\\/www.jornalja.com.br\\\/arquivo\\\/em-nota-mp-nega-omissao-dos-promotores-no-caso-da-boate-kiss\\\/#blogposting\",\"name\":\"Em nota, MP nega omiss\\u00e3o dos promotores no caso da boate Kiss | Arquivo\",\"headline\":\"Em nota, MP nega omiss\\u00e3o dos promotores no caso da boate Kiss\",\"author\":{\"@id\":\"https:\\\/\\\/www.jornalja.com.br\\\/arquivo\\\/author\\\/daredacao\\\/#author\"},\"publisher\":{\"@id\":\"https:\\\/\\\/www.jornalja.com.br\\\/arquivo\\\/#organization\"},\"image\":{\"@type\":\"ImageObject\",\"url\":50249},\"datePublished\":\"2017-06-19T17:35:28-03:00\",\"dateModified\":\"2017-06-19T17:35:28-03:00\",\"inLanguage\":\"pt-BR\",\"mainEntityOfPage\":{\"@id\":\"https:\\\/\\\/www.jornalja.com.br\\\/arquivo\\\/em-nota-mp-nega-omissao-dos-promotores-no-caso-da-boate-kiss\\\/#webpage\"},\"isPartOf\":{\"@id\":\"https:\\\/\\\/www.jornalja.com.br\\\/arquivo\\\/em-nota-mp-nega-omissao-dos-promotores-no-caso-da-boate-kiss\\\/#webpage\"},\"articleSection\":\"Geral\"},{\"@type\":\"BreadcrumbList\",\"@id\":\"https:\\\/\\\/www.jornalja.com.br\\\/arquivo\\\/em-nota-mp-nega-omissao-dos-promotores-no-caso-da-boate-kiss\\\/#breadcrumblist\",\"itemListElement\":[{\"@type\":\"ListItem\",\"@id\":\"https:\\\/\\\/www.jornalja.com.br\\\/arquivo#listItem\",\"position\":1,\"name\":\"Home\",\"item\":\"https:\\\/\\\/www.jornalja.com.br\\\/arquivo\",\"nextItem\":{\"@type\":\"ListItem\",\"@id\":\"https:\\\/\\\/www.jornalja.com.br\\\/arquivo\\\/category\\\/geral\\\/#listItem\",\"name\":\"Geral\"}},{\"@type\":\"ListItem\",\"@id\":\"https:\\\/\\\/www.jornalja.com.br\\\/arquivo\\\/category\\\/geral\\\/#listItem\",\"position\":2,\"name\":\"Geral\",\"item\":\"https:\\\/\\\/www.jornalja.com.br\\\/arquivo\\\/category\\\/geral\\\/\",\"nextItem\":{\"@type\":\"ListItem\",\"@id\":\"https:\\\/\\\/www.jornalja.com.br\\\/arquivo\\\/em-nota-mp-nega-omissao-dos-promotores-no-caso-da-boate-kiss\\\/#listItem\",\"name\":\"Em nota, MP nega omiss\\u00e3o dos promotores no caso da boate Kiss\"},\"previousItem\":{\"@type\":\"ListItem\",\"@id\":\"https:\\\/\\\/www.jornalja.com.br\\\/arquivo#listItem\",\"name\":\"Home\"}},{\"@type\":\"ListItem\",\"@id\":\"https:\\\/\\\/www.jornalja.com.br\\\/arquivo\\\/em-nota-mp-nega-omissao-dos-promotores-no-caso-da-boate-kiss\\\/#listItem\",\"position\":3,\"name\":\"Em nota, MP nega omiss\\u00e3o dos promotores no caso da boate Kiss\",\"previousItem\":{\"@type\":\"ListItem\",\"@id\":\"https:\\\/\\\/www.jornalja.com.br\\\/arquivo\\\/category\\\/geral\\\/#listItem\",\"name\":\"Geral\"}}]},{\"@type\":\"Organization\",\"@id\":\"https:\\\/\\\/www.jornalja.com.br\\\/arquivo\\\/#organization\",\"name\":\"Jornal J\\u00c1\",\"description\":\"Jornal J\\u00c1 | Porto Alegre\",\"url\":\"https:\\\/\\\/www.jornalja.com.br\\\/arquivo\\\/\",\"telephone\":\"+555133307272\",\"logo\":{\"@type\":\"ImageObject\",\"url\":\"https:\\\/\\\/www.jornalja.com.br\\\/wp-content\\\/uploads\\\/cards\\\/JAslogan.png\",\"@id\":\"https:\\\/\\\/www.jornalja.com.br\\\/arquivo\\\/em-nota-mp-nega-omissao-dos-promotores-no-caso-da-boate-kiss\\\/#organizationLogo\"},\"image\":{\"@id\":\"https:\\\/\\\/www.jornalja.com.br\\\/arquivo\\\/em-nota-mp-nega-omissao-dos-promotores-no-caso-da-boate-kiss\\\/#organizationLogo\"}},{\"@type\":\"Person\",\"@id\":\"https:\\\/\\\/www.jornalja.com.br\\\/arquivo\\\/author\\\/daredacao\\\/#author\",\"url\":\"https:\\\/\\\/www.jornalja.com.br\\\/arquivo\\\/author\\\/daredacao\\\/\",\"name\":\"da Reda\\u00e7\\u00e3o\",\"image\":{\"@type\":\"ImageObject\",\"@id\":\"https:\\\/\\\/www.jornalja.com.br\\\/arquivo\\\/em-nota-mp-nega-omissao-dos-promotores-no-caso-da-boate-kiss\\\/#authorImage\",\"url\":\"https:\\\/\\\/secure.gravatar.com\\\/avatar\\\/469fd857d6605ad19919d27ed29d35a968a25f6e8fd9318356bbb7f57aae9c65?s=96&d=mm&r=g\",\"width\":96,\"height\":96,\"caption\":\"da Reda\\u00e7\\u00e3o\"}},{\"@type\":\"WebPage\",\"@id\":\"https:\\\/\\\/www.jornalja.com.br\\\/arquivo\\\/em-nota-mp-nega-omissao-dos-promotores-no-caso-da-boate-kiss\\\/#webpage\",\"url\":\"https:\\\/\\\/www.jornalja.com.br\\\/arquivo\\\/em-nota-mp-nega-omissao-dos-promotores-no-caso-da-boate-kiss\\\/\",\"name\":\"Em nota, MP nega omiss\\u00e3o dos promotores no caso da boate Kiss | Arquivo\",\"inLanguage\":\"pt-BR\",\"isPartOf\":{\"@id\":\"https:\\\/\\\/www.jornalja.com.br\\\/arquivo\\\/#website\"},\"breadcrumb\":{\"@id\":\"https:\\\/\\\/www.jornalja.com.br\\\/arquivo\\\/em-nota-mp-nega-omissao-dos-promotores-no-caso-da-boate-kiss\\\/#breadcrumblist\"},\"author\":{\"@id\":\"https:\\\/\\\/www.jornalja.com.br\\\/arquivo\\\/author\\\/daredacao\\\/#author\"},\"creator\":{\"@id\":\"https:\\\/\\\/www.jornalja.com.br\\\/arquivo\\\/author\\\/daredacao\\\/#author\"},\"image\":{\"@type\":\"ImageObject\",\"url\":50249,\"@id\":\"https:\\\/\\\/www.jornalja.com.br\\\/arquivo\\\/em-nota-mp-nega-omissao-dos-promotores-no-caso-da-boate-kiss\\\/#mainImage\"},\"primaryImageOfPage\":{\"@id\":\"https:\\\/\\\/www.jornalja.com.br\\\/arquivo\\\/em-nota-mp-nega-omissao-dos-promotores-no-caso-da-boate-kiss\\\/#mainImage\"},\"datePublished\":\"2017-06-19T17:35:28-03:00\",\"dateModified\":\"2017-06-19T17:35:28-03:00\"},{\"@type\":\"WebSite\",\"@id\":\"https:\\\/\\\/www.jornalja.com.br\\\/arquivo\\\/#website\",\"url\":\"https:\\\/\\\/www.jornalja.com.br\\\/arquivo\\\/\",\"name\":\"Arquivo\",\"description\":\"Jornal J\\u00c1 | Porto Alegre\",\"inLanguage\":\"pt-BR\",\"publisher\":{\"@id\":\"https:\\\/\\\/www.jornalja.com.br\\\/arquivo\\\/#organization\"}}]}\n\t\t<\/script>\n\t\t<!-- All in One SEO -->\n\n","aioseo_head_json":{"title":"Em nota, MP nega omiss\u00e3o dos promotores no caso da boate Kiss | Arquivo","description":"","canonical_url":"https:\/\/www.jornalja.com.br\/arquivo\/em-nota-mp-nega-omissao-dos-promotores-no-caso-da-boate-kiss\/","robots":"max-image-preview:large","keywords":"","webmasterTools":{"miscellaneous":""},"schema":{"@context":"https:\/\/schema.org","@graph":[{"@type":"BlogPosting","@id":"https:\/\/www.jornalja.com.br\/arquivo\/em-nota-mp-nega-omissao-dos-promotores-no-caso-da-boate-kiss\/#blogposting","name":"Em nota, MP nega omiss\u00e3o dos promotores no caso da boate Kiss | Arquivo","headline":"Em nota, MP nega omiss\u00e3o dos promotores no caso da boate Kiss","author":{"@id":"https:\/\/www.jornalja.com.br\/arquivo\/author\/daredacao\/#author"},"publisher":{"@id":"https:\/\/www.jornalja.com.br\/arquivo\/#organization"},"image":{"@type":"ImageObject","url":50249},"datePublished":"2017-06-19T17:35:28-03:00","dateModified":"2017-06-19T17:35:28-03:00","inLanguage":"pt-BR","mainEntityOfPage":{"@id":"https:\/\/www.jornalja.com.br\/arquivo\/em-nota-mp-nega-omissao-dos-promotores-no-caso-da-boate-kiss\/#webpage"},"isPartOf":{"@id":"https:\/\/www.jornalja.com.br\/arquivo\/em-nota-mp-nega-omissao-dos-promotores-no-caso-da-boate-kiss\/#webpage"},"articleSection":"Geral"},{"@type":"BreadcrumbList","@id":"https:\/\/www.jornalja.com.br\/arquivo\/em-nota-mp-nega-omissao-dos-promotores-no-caso-da-boate-kiss\/#breadcrumblist","itemListElement":[{"@type":"ListItem","@id":"https:\/\/www.jornalja.com.br\/arquivo#listItem","position":1,"name":"Home","item":"https:\/\/www.jornalja.com.br\/arquivo","nextItem":{"@type":"ListItem","@id":"https:\/\/www.jornalja.com.br\/arquivo\/category\/geral\/#listItem","name":"Geral"}},{"@type":"ListItem","@id":"https:\/\/www.jornalja.com.br\/arquivo\/category\/geral\/#listItem","position":2,"name":"Geral","item":"https:\/\/www.jornalja.com.br\/arquivo\/category\/geral\/","nextItem":{"@type":"ListItem","@id":"https:\/\/www.jornalja.com.br\/arquivo\/em-nota-mp-nega-omissao-dos-promotores-no-caso-da-boate-kiss\/#listItem","name":"Em nota, MP nega omiss\u00e3o dos promotores no caso da boate Kiss"},"previousItem":{"@type":"ListItem","@id":"https:\/\/www.jornalja.com.br\/arquivo#listItem","name":"Home"}},{"@type":"ListItem","@id":"https:\/\/www.jornalja.com.br\/arquivo\/em-nota-mp-nega-omissao-dos-promotores-no-caso-da-boate-kiss\/#listItem","position":3,"name":"Em nota, MP nega omiss\u00e3o dos promotores no caso da boate Kiss","previousItem":{"@type":"ListItem","@id":"https:\/\/www.jornalja.com.br\/arquivo\/category\/geral\/#listItem","name":"Geral"}}]},{"@type":"Organization","@id":"https:\/\/www.jornalja.com.br\/arquivo\/#organization","name":"Jornal J\u00c1","description":"Jornal J\u00c1 | Porto Alegre","url":"https:\/\/www.jornalja.com.br\/arquivo\/","telephone":"+555133307272","logo":{"@type":"ImageObject","url":"https:\/\/www.jornalja.com.br\/wp-content\/uploads\/cards\/JAslogan.png","@id":"https:\/\/www.jornalja.com.br\/arquivo\/em-nota-mp-nega-omissao-dos-promotores-no-caso-da-boate-kiss\/#organizationLogo"},"image":{"@id":"https:\/\/www.jornalja.com.br\/arquivo\/em-nota-mp-nega-omissao-dos-promotores-no-caso-da-boate-kiss\/#organizationLogo"}},{"@type":"Person","@id":"https:\/\/www.jornalja.com.br\/arquivo\/author\/daredacao\/#author","url":"https:\/\/www.jornalja.com.br\/arquivo\/author\/daredacao\/","name":"da Reda\u00e7\u00e3o","image":{"@type":"ImageObject","@id":"https:\/\/www.jornalja.com.br\/arquivo\/em-nota-mp-nega-omissao-dos-promotores-no-caso-da-boate-kiss\/#authorImage","url":"https:\/\/secure.gravatar.com\/avatar\/469fd857d6605ad19919d27ed29d35a968a25f6e8fd9318356bbb7f57aae9c65?s=96&d=mm&r=g","width":96,"height":96,"caption":"da Reda\u00e7\u00e3o"}},{"@type":"WebPage","@id":"https:\/\/www.jornalja.com.br\/arquivo\/em-nota-mp-nega-omissao-dos-promotores-no-caso-da-boate-kiss\/#webpage","url":"https:\/\/www.jornalja.com.br\/arquivo\/em-nota-mp-nega-omissao-dos-promotores-no-caso-da-boate-kiss\/","name":"Em nota, MP nega omiss\u00e3o dos promotores no caso da boate Kiss | Arquivo","inLanguage":"pt-BR","isPartOf":{"@id":"https:\/\/www.jornalja.com.br\/arquivo\/#website"},"breadcrumb":{"@id":"https:\/\/www.jornalja.com.br\/arquivo\/em-nota-mp-nega-omissao-dos-promotores-no-caso-da-boate-kiss\/#breadcrumblist"},"author":{"@id":"https:\/\/www.jornalja.com.br\/arquivo\/author\/daredacao\/#author"},"creator":{"@id":"https:\/\/www.jornalja.com.br\/arquivo\/author\/daredacao\/#author"},"image":{"@type":"ImageObject","url":50249,"@id":"https:\/\/www.jornalja.com.br\/arquivo\/em-nota-mp-nega-omissao-dos-promotores-no-caso-da-boate-kiss\/#mainImage"},"primaryImageOfPage":{"@id":"https:\/\/www.jornalja.com.br\/arquivo\/em-nota-mp-nega-omissao-dos-promotores-no-caso-da-boate-kiss\/#mainImage"},"datePublished":"2017-06-19T17:35:28-03:00","dateModified":"2017-06-19T17:35:28-03:00"},{"@type":"WebSite","@id":"https:\/\/www.jornalja.com.br\/arquivo\/#website","url":"https:\/\/www.jornalja.com.br\/arquivo\/","name":"Arquivo","description":"Jornal J\u00c1 | Porto Alegre","inLanguage":"pt-BR","publisher":{"@id":"https:\/\/www.jornalja.com.br\/arquivo\/#organization"}}]},"og:locale":"pt_BR","og:site_name":"Arquivo | Jornal J\u00c1 | Porto Alegre","og:type":"article","og:title":"Em nota, MP nega omiss\u00e3o dos promotores no caso da boate Kiss | Arquivo","og:url":"https:\/\/www.jornalja.com.br\/arquivo\/em-nota-mp-nega-omissao-dos-promotores-no-caso-da-boate-kiss\/","og:image":"https:\/\/www.jornalja.com.br\/economics\/wp-content\/uploads\/sites\/11\/2026\/08\/ja-folhaderosto-facebook.jpg","og:image:secure_url":"https:\/\/www.jornalja.com.br\/economics\/wp-content\/uploads\/sites\/11\/2026\/08\/ja-folhaderosto-facebook.jpg","article:published_time":"2017-06-19T20:35:28+00:00","article:modified_time":"2017-06-19T20:35:28+00:00","twitter:card":"summary","twitter:title":"Em nota, MP nega omiss\u00e3o dos promotores no caso da boate Kiss | Arquivo","twitter:image":"https:\/\/www.jornalja.com.br\/economics\/wp-content\/uploads\/sites\/11\/2026\/08\/ja-folhaderosto-facebook.jpg"},"aioseo_meta_data":{"post_id":"50246","title":null,"description":null,"keywords":null,"keyphrases":null,"primary_term":null,"canonical_url":null,"og_title":null,"og_description":null,"og_object_type":"default","og_image_type":"default","og_image_url":null,"og_image_width":null,"og_image_height":null,"og_image_custom_url":null,"og_image_custom_fields":null,"og_video":null,"og_custom_url":null,"og_article_section":null,"og_article_tags":null,"twitter_use_og":false,"twitter_card":"default","twitter_image_type":"default","twitter_image_url":null,"twitter_image_custom_url":null,"twitter_image_custom_fields":null,"twitter_title":null,"twitter_description":null,"schema":{"blockGraphs":[],"customGraphs":[],"default":{"data":{"Article":[],"Course":[],"Dataset":[],"FAQPage":[],"Movie":[],"Person":[],"Product":[],"ProductReview":[],"Car":[],"Recipe":[],"Service":[],"SoftwareApplication":[],"WebPage":[]},"graphName":"","isEnabled":true},"graphs":[],"defaultGraph":"","defaultPostTypeGraph":""},"schema_type":null,"schema_type_options":null,"pillar_content":false,"robots_default":true,"robots_noindex":false,"robots_noarchive":false,"robots_nosnippet":false,"robots_nofollow":false,"robots_noimageindex":false,"robots_noodp":false,"robots_notranslate":false,"robots_max_snippet":null,"robots_max_videopreview":null,"robots_max_imagepreview":"large","priority":null,"frequency":null,"location":null,"local_seo":null,"breadcrumb_settings":null,"limit_modified_date":false,"ai":null,"created":"2020-12-20 20:32:00","updated":"2025-07-19 22:20:15","seo_analyzer_scan_date":null,"focus_keyword":null,"additional_keywords":null,"truseo_locale":null},"jetpack_sharing_enabled":true,"jetpack-related-posts":[{"id":13128,"url":"https:\/\/www.jornalja.com.br\/arquivo\/maconha-terra-diz-que-uso-medicinal-e-desculpa\/","url_meta":{"origin":50246,"position":0},"title":"Maconha: Terra diz que uso medicinal \u00e9 desculpa","author":"Patr\u00edcia Marini","date":"4 de junho de 2014","format":false,"excerpt":"A condi\u00e7\u00e3o de pol\u00edtico, em \u00e9poca de campanha de campanha eleitoral, tira for\u00e7a do discurso do m\u00e9dico Osmar Terra contra a legaliza\u00e7\u00e3o da maconha. A tese dele de que a libera\u00e7\u00e3o vai ampliar exponencialmente o consumo \u00e9 discutivel, o consumo \u00e9 corrente. Mas seus alertas quanto aos riscos tem que\u2026","rel":"","context":"Em &quot;X.Categorias velhas&quot;","block_context":{"text":"X.Categorias velhas","link":"https:\/\/www.jornalja.com.br\/arquivo\/category\/x-categorias-velhas\/"},"img":{"alt_text":"","src":"","width":0,"height":0},"classes":[]},{"id":13109,"url":"https:\/\/www.jornalja.com.br\/arquivo\/judiciario-reconhece-poluicao-eletromagnetica\/","url_meta":{"origin":50246,"position":1},"title":"Judici\u00e1rio reconhece polui\u00e7\u00e3o eletromagn\u00e9tica","author":"Patr\u00edcia Marini","date":"16 de maio de 2014","format":false,"excerpt":"A\u00e7\u00e3o de duas associa\u00e7\u00f5es de moradores foi acolhida pelo Tribunal de Justi\u00e7a de S\u00e3o Paulo que. em decis\u00e3o in\u00e9dita, determinou a redu\u00e7\u00e3o do campo eletromagn\u00e9tico gerado pelas linhas de transmiss\u00e3o de energia que cortam os bairros City Boa\u00e7ava e Alto de Pinheiros. \u00c9 a primeira vez que um tribunal do\u2026","rel":"","context":"Em &quot;X.Categorias velhas&quot;","block_context":{"text":"X.Categorias velhas","link":"https:\/\/www.jornalja.com.br\/arquivo\/category\/x-categorias-velhas\/"},"img":{"alt_text":"","src":"","width":0,"height":0},"classes":[]},{"id":14241,"url":"https:\/\/www.jornalja.com.br\/arquivo\/o-guaiba-nas-imagens-poeticas-de-achutti\/","url_meta":{"origin":50246,"position":2},"title":"O Gua\u00edba nas imagens po\u00e9ticas de Achutti","author":"da Reda\u00e7\u00e3o","date":"18 de junho de 2014","format":false,"excerpt":"Em \u201cO Gua\u00edba por Achutti\u201d \u2013 obra financiada via Minist\u00e9rio da Cultura, produ\u00e7\u00e3o executiva de Pedro Longhi, e Fl\u00e1vio Wild como designer \u2013, o fot\u00f3grafo revela a beleza e as mazelas de um espa\u00e7o aqu\u00e1tico de \u00e1guas sempre renovadas, cheio de hist\u00f3rias e lendas como as das cidades que foram\u2026","rel":"","context":"Em &quot;Cultura-Geral&quot;","block_context":{"text":"Cultura-Geral","link":"https:\/\/www.jornalja.com.br\/arquivo\/category\/materiasecundaria\/"},"img":{"alt_text":"","src":"","width":0,"height":0},"classes":[]},{"id":13240,"url":"https:\/\/www.jornalja.com.br\/arquivo\/plano-diretor-estamos-construindo-o-caos\/","url_meta":{"origin":50246,"position":3},"title":"Plano diretor: &quot;Estamos construindo o caos&quot;","author":"Patr\u00edcia Marini","date":"26 de maio de 2014","format":false,"excerpt":"Desabafo que arquiteta Eliana Castilhos, delegada da Regi\u00e3o de Planejamento 1, postou nas redes sociais \u00e9 um testemunho do ambiente que se criou no Conselho do Plano Diretor de Porto Alegre, onde a aprova\u00e7\u00e3o de grandes empreendimentos \u00e9 empurrada guela abaixo dos conselheiros. Ao CMDUA Como delegada da Regi\u00e3o de\u2026","rel":"","context":"Em &quot;Geral&quot;","block_context":{"text":"Geral","link":"https:\/\/www.jornalja.com.br\/arquivo\/category\/geral\/"},"img":{"alt_text":"","src":"","width":0,"height":0},"classes":[]},{"id":5440,"url":"https:\/\/www.jornalja.com.br\/arquivo\/casarao-da-venancio-destino-permanece-incerto\/","url_meta":{"origin":50246,"position":4},"title":"Estado ainda n\u00e3o sabe o que fazer com casar\u00e3o abandonado h\u00e1 20 anos","author":"Elmar Bones","date":"6 de julho de 2009","format":false,"excerpt":"O casar\u00e3o amarelo, numa esquina nobre de Porto Alegre (Ven\u00e2ncio Aires com Jo\u00e3o Pessoa), j\u00e1 abrigou uma escola. H\u00e1 duas d\u00e9cadas, pelo menos, est\u00e1 abandonado, porque seu propriet\u00e1rio, o governo do Estado do Rio Grande do Sul, n\u00e3o consegue achar um destino para ele. Planos n\u00e3o faltaram. O governador Ol\u00edvio\u2026","rel":"","context":"Em &quot;X.Categorias velhas&quot;","block_context":{"text":"X.Categorias velhas","link":"https:\/\/www.jornalja.com.br\/arquivo\/category\/x-categorias-velhas\/"},"img":{"alt_text":"geraldo1","src":"https:\/\/i0.wp.com\/www.jornalja.com.br\/wp-content\/uploads\/2009\/07\/geraldo1.jpg?resize=350%2C200&ssl=1","width":350,"height":200},"classes":[]},{"id":13124,"url":"https:\/\/www.jornalja.com.br\/arquivo\/sangue-latino-no-iecine\/","url_meta":{"origin":50246,"position":5},"title":"Sangue latino no IECINE","author":"da Reda\u00e7\u00e3o","date":"18 de maio de 2014","format":false,"excerpt":"Francisco Ribeiro O Instituto Estadual de Cinema (IECINE) tem a frente, desde abril \u00faltimo, um novo diretor, o cineasta colombiano Juan Zapata, 36, que substitui Luiz Alberto Cassol. Radicado h\u00e1 dez anos em Porto Alegre, Zapata tem diante de si o desafio de conduzir at\u00e9 o final do ano um\u2026","rel":"","context":"Em &quot;Cultura-Geral&quot;","block_context":{"text":"Cultura-Geral","link":"https:\/\/www.jornalja.com.br\/arquivo\/category\/materiasecundaria\/"},"img":{"alt_text":"","src":"","width":0,"height":0},"classes":[]}],"jetpack_shortlink":"https:\/\/wp.me\/pbQjBd-d4q","jetpack_featured_media_url":"","_links":{"self":[{"href":"https:\/\/www.jornalja.com.br\/arquivo\/wp-json\/wp\/v2\/posts\/50246","targetHints":{"allow":["GET"]}}],"collection":[{"href":"https:\/\/www.jornalja.com.br\/arquivo\/wp-json\/wp\/v2\/posts"}],"about":[{"href":"https:\/\/www.jornalja.com.br\/arquivo\/wp-json\/wp\/v2\/types\/post"}],"author":[{"embeddable":true,"href":"https:\/\/www.jornalja.com.br\/arquivo\/wp-json\/wp\/v2\/users\/4"}],"replies":[{"embeddable":true,"href":"https:\/\/www.jornalja.com.br\/arquivo\/wp-json\/wp\/v2\/comments?post=50246"}],"version-history":[{"count":0,"href":"https:\/\/www.jornalja.com.br\/arquivo\/wp-json\/wp\/v2\/posts\/50246\/revisions"}],"wp:attachment":[{"href":"https:\/\/www.jornalja.com.br\/arquivo\/wp-json\/wp\/v2\/media?parent=50246"}],"wp:term":[{"taxonomy":"category","embeddable":true,"href":"https:\/\/www.jornalja.com.br\/arquivo\/wp-json\/wp\/v2\/categories?post=50246"},{"taxonomy":"post_tag","embeddable":true,"href":"https:\/\/www.jornalja.com.br\/arquivo\/wp-json\/wp\/v2\/tags?post=50246"}],"curies":[{"name":"wp","href":"https:\/\/api.w.org\/{rel}","templated":true}]}}