{"id":50261,"date":"2017-06-19T20:12:24","date_gmt":"2017-06-19T23:12:24","guid":{"rendered":"https:\/\/www.jornalja.com.br\/?p=50261"},"modified":"2017-06-19T20:12:24","modified_gmt":"2017-06-19T23:12:24","slug":"camara-autoriza-emprestimo-de-r-120-milhoes-para-prefeitura-concluir-obras-das-copa","status":"publish","type":"post","link":"https:\/\/www.jornalja.com.br\/arquivo\/camara-autoriza-emprestimo-de-r-120-milhoes-para-prefeitura-concluir-obras-das-copa\/","title":{"rendered":"C\u00e2mara autoriza empr\u00e9stimo de R$ 120 milh\u00f5es para Prefeitura concluir obras das Copa"},"content":{"rendered":"<p><span class=\"assina\">Felipe Uhr<\/span><br \/>\nO prefeito Nelson Marchezan J\u00fanior obteve no in\u00edcio da noite desta segunda-feira\u00a0sua primeira grande vit\u00f3ria no plen\u00e1rio da C\u00e2mara Municipal. Os vereadores aprovaram dois projetos do pacote referente \u00e0s finan\u00e7as do Munic\u00edpio, dentre <a href=\"https:\/\/www.jornalja.com.br\/vereadores-comecam-a-votar-hoje-pacote-de-marchezan\/\">os oito apresentados pelo Executivo<\/a>.<br \/>\nO primeiro projeto, que previa &#8221;\u00a0extinguir a concess\u00e3o de gratifica\u00e7\u00e3o especial atribu\u00edda a determinado grupo de servidores&#8221;, foi aprovado por unanimidade pelos parlamentares.<br \/>\nO segundo projeto autorizou a Prefeitura a contrair um empr\u00e9stimo de R$ 120 milh\u00f5es para &#8220;retomar obras de mobilidade urbana, incluindo, os corredores da 3\u00aa Perimetral, da avenida Tronco, da Volunt\u00e1rios da P\u00e1tria e da Padre Cacique; o prolongamento da avenida Severo Dullius, os BRTs da Jo\u00e3o Pessoa, da Bento Gon\u00e7alves e da Prot\u00e1sio Alves e o complexo da Rodovi\u00e1ria.&#8221;<br \/>\nO secret\u00e1rio da Fazenda, Leonardo Busatto, disse que sem esse dinheiro n\u00e3o h\u00e1 como concluir as obras. Ele estima que o empr\u00e9stimo seja obtido dentro de 60 a 90 dias, a partir da escolha da melhor condi\u00e7\u00e3o oferecida.<br \/>\nDepois da quita\u00e7\u00e3o da d\u00edvida com as empresas contratadas, as obras seriam retomadas. &#8220;Estamos conversando com as empresas&#8221; garantiu o titular da Fazenda.<br \/>\nOs tr\u00eas vereadores do PSol foram os \u00fanicos a votarem contra o empr\u00e9stimo. &#8220;\u00c9 no m\u00ednimo contradit\u00f3rio que o governo alegue uma crise na finan\u00e7as e apresente um projeto que aumenta o seu endividamento&#8221;, declarou a l\u00edder da oposi\u00e7\u00e3o, vereadora Fernanda Melchiona (PSol). A bancada do PT votou a favor do projeto.<br \/>\nTamb\u00e9m foram apreciadas duas emendas. A emenda 1, do l\u00edder do Governo, o vereador Claudio Janta (SD) prev\u00ea que s\u00f3 poder\u00e1 ser contratado empr\u00e9stimo com prazo de car\u00eancia para pagamento de no m\u00ednimo dois anos a partir da data de assinatura do contrato. A emenda 2, de autoria da bancada do PP, determina que o Executivo enviar\u00e1, em at\u00e9 90 dias ap\u00f3s a contrata\u00e7\u00e3o do cr\u00e9dito, cronograma de desembolso dos recursos e, a cada tr\u00eas meses, demonstrativo dos recursos efetivamente desembolsados.<\/p>\n","protected":false},"excerpt":{"rendered":"<p>Felipe Uhr O prefeito Nelson Marchezan J\u00fanior obteve no in\u00edcio da noite desta segunda-feira\u00a0sua primeira grande vit\u00f3ria no plen\u00e1rio da C\u00e2mara Municipal. Os vereadores aprovaram dois projetos do pacote referente \u00e0s finan\u00e7as do Munic\u00edpio, dentre os oito apresentados pelo Executivo. O primeiro projeto, que previa &#8221;\u00a0extinguir a concess\u00e3o de gratifica\u00e7\u00e3o especial atribu\u00edda a determinado grupo [&hellip;]<\/p>\n","protected":false},"author":4,"featured_media":50266,"comment_status":"open","ping_status":"closed","sticky":false,"template":"","format":"standard","meta":{"_jetpack_newsletter_access":"","_jetpack_dont_email_post_to_subs":false,"_jetpack_newsletter_tier_id":0,"_jetpack_memberships_contains_paywalled_content":false,"_jetpack_feature_clip_id":0,"_jetpack_memberships_contains_paid_content":false,"footnotes":"","jetpack_post_was_ever_published":false},"categories":[26],"tags":[],"class_list":["post-50261","post","type-post","status-publish","format-standard","has-post-thumbnail","hentry","category-geral"],"aioseo_notices":[],"aioseo_head":"\n\t\t<!-- All in One SEO 5.0.1.1 - aioseo.com -->\n\t<meta name=\"robots\" content=\"max-image-preview:large\" \/>\n\t<meta name=\"author\" content=\"da Reda\u00e7\u00e3o\"\/>\n\t<link rel=\"canonical\" href=\"https:\/\/www.jornalja.com.br\/arquivo\/camara-autoriza-emprestimo-de-r-120-milhoes-para-prefeitura-concluir-obras-das-copa\/\" \/>\n\t<meta name=\"generator\" content=\"All in One SEO (AIOSEO) 5.0.1.1\" \/>\n\t\t<meta property=\"og:locale\" content=\"pt_BR\" \/>\n\t\t<meta property=\"og:site_name\" content=\"Arquivo | Jornal J\u00c1 | Porto Alegre\" \/>\n\t\t<meta property=\"og:type\" content=\"article\" \/>\n\t\t<meta property=\"og:title\" content=\"C\u00e2mara autoriza empr\u00e9stimo de R$ 120 milh\u00f5es para Prefeitura concluir obras das Copa | Arquivo\" \/>\n\t\t<meta property=\"og:url\" content=\"https:\/\/www.jornalja.com.br\/arquivo\/camara-autoriza-emprestimo-de-r-120-milhoes-para-prefeitura-concluir-obras-das-copa\/\" \/>\n\t\t<meta property=\"og:image\" content=\"https:\/\/www.jornalja.com.br\/economics\/wp-content\/uploads\/sites\/11\/2026\/08\/ja-folhaderosto-facebook.jpg\" \/>\n\t\t<meta property=\"og:image:secure_url\" content=\"https:\/\/www.jornalja.com.br\/economics\/wp-content\/uploads\/sites\/11\/2026\/08\/ja-folhaderosto-facebook.jpg\" \/>\n\t\t<meta property=\"article:published_time\" content=\"2017-06-19T23:12:24+00:00\" \/>\n\t\t<meta property=\"article:modified_time\" content=\"2017-06-19T23:12:24+00:00\" \/>\n\t\t<meta name=\"twitter:card\" content=\"summary\" \/>\n\t\t<meta name=\"twitter:title\" content=\"C\u00e2mara autoriza empr\u00e9stimo de R$ 120 milh\u00f5es para Prefeitura concluir obras das Copa | Arquivo\" \/>\n\t\t<meta name=\"twitter:image\" content=\"https:\/\/www.jornalja.com.br\/economics\/wp-content\/uploads\/sites\/11\/2026\/08\/ja-folhaderosto-facebook.jpg\" \/>\n\t\t<script type=\"application\/ld+json\" class=\"aioseo-schema\">\n\t\t\t{\"@context\":\"https:\\\/\\\/schema.org\",\"@graph\":[{\"@type\":\"BlogPosting\",\"@id\":\"https:\\\/\\\/www.jornalja.com.br\\\/arquivo\\\/camara-autoriza-emprestimo-de-r-120-milhoes-para-prefeitura-concluir-obras-das-copa\\\/#blogposting\",\"name\":\"C\\u00e2mara autoriza empr\\u00e9stimo de R$ 120 milh\\u00f5es para Prefeitura concluir obras das Copa | Arquivo\",\"headline\":\"C\\u00e2mara autoriza empr\\u00e9stimo de R$ 120 milh\\u00f5es para Prefeitura concluir obras das Copa\",\"author\":{\"@id\":\"https:\\\/\\\/www.jornalja.com.br\\\/arquivo\\\/author\\\/daredacao\\\/#author\"},\"publisher\":{\"@id\":\"https:\\\/\\\/www.jornalja.com.br\\\/arquivo\\\/#organization\"},\"image\":{\"@type\":\"ImageObject\",\"url\":50266},\"datePublished\":\"2017-06-19T20:12:24-03:00\",\"dateModified\":\"2017-06-19T20:12:24-03:00\",\"inLanguage\":\"pt-BR\",\"mainEntityOfPage\":{\"@id\":\"https:\\\/\\\/www.jornalja.com.br\\\/arquivo\\\/camara-autoriza-emprestimo-de-r-120-milhoes-para-prefeitura-concluir-obras-das-copa\\\/#webpage\"},\"isPartOf\":{\"@id\":\"https:\\\/\\\/www.jornalja.com.br\\\/arquivo\\\/camara-autoriza-emprestimo-de-r-120-milhoes-para-prefeitura-concluir-obras-das-copa\\\/#webpage\"},\"articleSection\":\"Geral\"},{\"@type\":\"BreadcrumbList\",\"@id\":\"https:\\\/\\\/www.jornalja.com.br\\\/arquivo\\\/camara-autoriza-emprestimo-de-r-120-milhoes-para-prefeitura-concluir-obras-das-copa\\\/#breadcrumblist\",\"itemListElement\":[{\"@type\":\"ListItem\",\"@id\":\"https:\\\/\\\/www.jornalja.com.br\\\/arquivo#listItem\",\"position\":1,\"name\":\"Home\",\"item\":\"https:\\\/\\\/www.jornalja.com.br\\\/arquivo\",\"nextItem\":{\"@type\":\"ListItem\",\"@id\":\"https:\\\/\\\/www.jornalja.com.br\\\/arquivo\\\/category\\\/geral\\\/#listItem\",\"name\":\"Geral\"}},{\"@type\":\"ListItem\",\"@id\":\"https:\\\/\\\/www.jornalja.com.br\\\/arquivo\\\/category\\\/geral\\\/#listItem\",\"position\":2,\"name\":\"Geral\",\"item\":\"https:\\\/\\\/www.jornalja.com.br\\\/arquivo\\\/category\\\/geral\\\/\",\"nextItem\":{\"@type\":\"ListItem\",\"@id\":\"https:\\\/\\\/www.jornalja.com.br\\\/arquivo\\\/camara-autoriza-emprestimo-de-r-120-milhoes-para-prefeitura-concluir-obras-das-copa\\\/#listItem\",\"name\":\"C\\u00e2mara autoriza empr\\u00e9stimo de R$ 120 milh\\u00f5es para Prefeitura concluir obras das Copa\"},\"previousItem\":{\"@type\":\"ListItem\",\"@id\":\"https:\\\/\\\/www.jornalja.com.br\\\/arquivo#listItem\",\"name\":\"Home\"}},{\"@type\":\"ListItem\",\"@id\":\"https:\\\/\\\/www.jornalja.com.br\\\/arquivo\\\/camara-autoriza-emprestimo-de-r-120-milhoes-para-prefeitura-concluir-obras-das-copa\\\/#listItem\",\"position\":3,\"name\":\"C\\u00e2mara autoriza empr\\u00e9stimo de R$ 120 milh\\u00f5es para Prefeitura concluir obras das Copa\",\"previousItem\":{\"@type\":\"ListItem\",\"@id\":\"https:\\\/\\\/www.jornalja.com.br\\\/arquivo\\\/category\\\/geral\\\/#listItem\",\"name\":\"Geral\"}}]},{\"@type\":\"Organization\",\"@id\":\"https:\\\/\\\/www.jornalja.com.br\\\/arquivo\\\/#organization\",\"name\":\"Jornal J\\u00c1\",\"description\":\"Jornal J\\u00c1 | Porto Alegre\",\"url\":\"https:\\\/\\\/www.jornalja.com.br\\\/arquivo\\\/\",\"telephone\":\"+555133307272\",\"logo\":{\"@type\":\"ImageObject\",\"url\":\"https:\\\/\\\/www.jornalja.com.br\\\/wp-content\\\/uploads\\\/cards\\\/JAslogan.png\",\"@id\":\"https:\\\/\\\/www.jornalja.com.br\\\/arquivo\\\/camara-autoriza-emprestimo-de-r-120-milhoes-para-prefeitura-concluir-obras-das-copa\\\/#organizationLogo\"},\"image\":{\"@id\":\"https:\\\/\\\/www.jornalja.com.br\\\/arquivo\\\/camara-autoriza-emprestimo-de-r-120-milhoes-para-prefeitura-concluir-obras-das-copa\\\/#organizationLogo\"}},{\"@type\":\"Person\",\"@id\":\"https:\\\/\\\/www.jornalja.com.br\\\/arquivo\\\/author\\\/daredacao\\\/#author\",\"url\":\"https:\\\/\\\/www.jornalja.com.br\\\/arquivo\\\/author\\\/daredacao\\\/\",\"name\":\"da Reda\\u00e7\\u00e3o\",\"image\":{\"@type\":\"ImageObject\",\"@id\":\"https:\\\/\\\/www.jornalja.com.br\\\/arquivo\\\/camara-autoriza-emprestimo-de-r-120-milhoes-para-prefeitura-concluir-obras-das-copa\\\/#authorImage\",\"url\":\"https:\\\/\\\/secure.gravatar.com\\\/avatar\\\/469fd857d6605ad19919d27ed29d35a968a25f6e8fd9318356bbb7f57aae9c65?s=96&d=mm&r=g\",\"width\":96,\"height\":96,\"caption\":\"da Reda\\u00e7\\u00e3o\"}},{\"@type\":\"WebPage\",\"@id\":\"https:\\\/\\\/www.jornalja.com.br\\\/arquivo\\\/camara-autoriza-emprestimo-de-r-120-milhoes-para-prefeitura-concluir-obras-das-copa\\\/#webpage\",\"url\":\"https:\\\/\\\/www.jornalja.com.br\\\/arquivo\\\/camara-autoriza-emprestimo-de-r-120-milhoes-para-prefeitura-concluir-obras-das-copa\\\/\",\"name\":\"C\\u00e2mara autoriza empr\\u00e9stimo de R$ 120 milh\\u00f5es para Prefeitura concluir obras das Copa | Arquivo\",\"inLanguage\":\"pt-BR\",\"isPartOf\":{\"@id\":\"https:\\\/\\\/www.jornalja.com.br\\\/arquivo\\\/#website\"},\"breadcrumb\":{\"@id\":\"https:\\\/\\\/www.jornalja.com.br\\\/arquivo\\\/camara-autoriza-emprestimo-de-r-120-milhoes-para-prefeitura-concluir-obras-das-copa\\\/#breadcrumblist\"},\"author\":{\"@id\":\"https:\\\/\\\/www.jornalja.com.br\\\/arquivo\\\/author\\\/daredacao\\\/#author\"},\"creator\":{\"@id\":\"https:\\\/\\\/www.jornalja.com.br\\\/arquivo\\\/author\\\/daredacao\\\/#author\"},\"image\":{\"@type\":\"ImageObject\",\"url\":50266,\"@id\":\"https:\\\/\\\/www.jornalja.com.br\\\/arquivo\\\/camara-autoriza-emprestimo-de-r-120-milhoes-para-prefeitura-concluir-obras-das-copa\\\/#mainImage\"},\"primaryImageOfPage\":{\"@id\":\"https:\\\/\\\/www.jornalja.com.br\\\/arquivo\\\/camara-autoriza-emprestimo-de-r-120-milhoes-para-prefeitura-concluir-obras-das-copa\\\/#mainImage\"},\"datePublished\":\"2017-06-19T20:12:24-03:00\",\"dateModified\":\"2017-06-19T20:12:24-03:00\"},{\"@type\":\"WebSite\",\"@id\":\"https:\\\/\\\/www.jornalja.com.br\\\/arquivo\\\/#website\",\"url\":\"https:\\\/\\\/www.jornalja.com.br\\\/arquivo\\\/\",\"name\":\"Arquivo\",\"description\":\"Jornal J\\u00c1 | Porto Alegre\",\"inLanguage\":\"pt-BR\",\"publisher\":{\"@id\":\"https:\\\/\\\/www.jornalja.com.br\\\/arquivo\\\/#organization\"}}]}\n\t\t<\/script>\n\t\t<!-- All in One SEO -->\n\n","aioseo_head_json":{"title":"C\u00e2mara autoriza empr\u00e9stimo de R$ 120 milh\u00f5es para Prefeitura concluir obras das Copa | Arquivo","description":"","canonical_url":"https:\/\/www.jornalja.com.br\/arquivo\/camara-autoriza-emprestimo-de-r-120-milhoes-para-prefeitura-concluir-obras-das-copa\/","robots":"max-image-preview:large","keywords":"","webmasterTools":{"miscellaneous":""},"schema":{"@context":"https:\/\/schema.org","@graph":[{"@type":"BlogPosting","@id":"https:\/\/www.jornalja.com.br\/arquivo\/camara-autoriza-emprestimo-de-r-120-milhoes-para-prefeitura-concluir-obras-das-copa\/#blogposting","name":"C\u00e2mara autoriza empr\u00e9stimo de R$ 120 milh\u00f5es para Prefeitura concluir obras das Copa | Arquivo","headline":"C\u00e2mara autoriza empr\u00e9stimo de R$ 120 milh\u00f5es para Prefeitura concluir obras das Copa","author":{"@id":"https:\/\/www.jornalja.com.br\/arquivo\/author\/daredacao\/#author"},"publisher":{"@id":"https:\/\/www.jornalja.com.br\/arquivo\/#organization"},"image":{"@type":"ImageObject","url":50266},"datePublished":"2017-06-19T20:12:24-03:00","dateModified":"2017-06-19T20:12:24-03:00","inLanguage":"pt-BR","mainEntityOfPage":{"@id":"https:\/\/www.jornalja.com.br\/arquivo\/camara-autoriza-emprestimo-de-r-120-milhoes-para-prefeitura-concluir-obras-das-copa\/#webpage"},"isPartOf":{"@id":"https:\/\/www.jornalja.com.br\/arquivo\/camara-autoriza-emprestimo-de-r-120-milhoes-para-prefeitura-concluir-obras-das-copa\/#webpage"},"articleSection":"Geral"},{"@type":"BreadcrumbList","@id":"https:\/\/www.jornalja.com.br\/arquivo\/camara-autoriza-emprestimo-de-r-120-milhoes-para-prefeitura-concluir-obras-das-copa\/#breadcrumblist","itemListElement":[{"@type":"ListItem","@id":"https:\/\/www.jornalja.com.br\/arquivo#listItem","position":1,"name":"Home","item":"https:\/\/www.jornalja.com.br\/arquivo","nextItem":{"@type":"ListItem","@id":"https:\/\/www.jornalja.com.br\/arquivo\/category\/geral\/#listItem","name":"Geral"}},{"@type":"ListItem","@id":"https:\/\/www.jornalja.com.br\/arquivo\/category\/geral\/#listItem","position":2,"name":"Geral","item":"https:\/\/www.jornalja.com.br\/arquivo\/category\/geral\/","nextItem":{"@type":"ListItem","@id":"https:\/\/www.jornalja.com.br\/arquivo\/camara-autoriza-emprestimo-de-r-120-milhoes-para-prefeitura-concluir-obras-das-copa\/#listItem","name":"C\u00e2mara autoriza empr\u00e9stimo de R$ 120 milh\u00f5es para Prefeitura concluir obras das Copa"},"previousItem":{"@type":"ListItem","@id":"https:\/\/www.jornalja.com.br\/arquivo#listItem","name":"Home"}},{"@type":"ListItem","@id":"https:\/\/www.jornalja.com.br\/arquivo\/camara-autoriza-emprestimo-de-r-120-milhoes-para-prefeitura-concluir-obras-das-copa\/#listItem","position":3,"name":"C\u00e2mara autoriza empr\u00e9stimo de R$ 120 milh\u00f5es para Prefeitura concluir obras das Copa","previousItem":{"@type":"ListItem","@id":"https:\/\/www.jornalja.com.br\/arquivo\/category\/geral\/#listItem","name":"Geral"}}]},{"@type":"Organization","@id":"https:\/\/www.jornalja.com.br\/arquivo\/#organization","name":"Jornal J\u00c1","description":"Jornal J\u00c1 | Porto Alegre","url":"https:\/\/www.jornalja.com.br\/arquivo\/","telephone":"+555133307272","logo":{"@type":"ImageObject","url":"https:\/\/www.jornalja.com.br\/wp-content\/uploads\/cards\/JAslogan.png","@id":"https:\/\/www.jornalja.com.br\/arquivo\/camara-autoriza-emprestimo-de-r-120-milhoes-para-prefeitura-concluir-obras-das-copa\/#organizationLogo"},"image":{"@id":"https:\/\/www.jornalja.com.br\/arquivo\/camara-autoriza-emprestimo-de-r-120-milhoes-para-prefeitura-concluir-obras-das-copa\/#organizationLogo"}},{"@type":"Person","@id":"https:\/\/www.jornalja.com.br\/arquivo\/author\/daredacao\/#author","url":"https:\/\/www.jornalja.com.br\/arquivo\/author\/daredacao\/","name":"da Reda\u00e7\u00e3o","image":{"@type":"ImageObject","@id":"https:\/\/www.jornalja.com.br\/arquivo\/camara-autoriza-emprestimo-de-r-120-milhoes-para-prefeitura-concluir-obras-das-copa\/#authorImage","url":"https:\/\/secure.gravatar.com\/avatar\/469fd857d6605ad19919d27ed29d35a968a25f6e8fd9318356bbb7f57aae9c65?s=96&d=mm&r=g","width":96,"height":96,"caption":"da Reda\u00e7\u00e3o"}},{"@type":"WebPage","@id":"https:\/\/www.jornalja.com.br\/arquivo\/camara-autoriza-emprestimo-de-r-120-milhoes-para-prefeitura-concluir-obras-das-copa\/#webpage","url":"https:\/\/www.jornalja.com.br\/arquivo\/camara-autoriza-emprestimo-de-r-120-milhoes-para-prefeitura-concluir-obras-das-copa\/","name":"C\u00e2mara autoriza empr\u00e9stimo de R$ 120 milh\u00f5es para Prefeitura concluir obras das Copa | Arquivo","inLanguage":"pt-BR","isPartOf":{"@id":"https:\/\/www.jornalja.com.br\/arquivo\/#website"},"breadcrumb":{"@id":"https:\/\/www.jornalja.com.br\/arquivo\/camara-autoriza-emprestimo-de-r-120-milhoes-para-prefeitura-concluir-obras-das-copa\/#breadcrumblist"},"author":{"@id":"https:\/\/www.jornalja.com.br\/arquivo\/author\/daredacao\/#author"},"creator":{"@id":"https:\/\/www.jornalja.com.br\/arquivo\/author\/daredacao\/#author"},"image":{"@type":"ImageObject","url":50266,"@id":"https:\/\/www.jornalja.com.br\/arquivo\/camara-autoriza-emprestimo-de-r-120-milhoes-para-prefeitura-concluir-obras-das-copa\/#mainImage"},"primaryImageOfPage":{"@id":"https:\/\/www.jornalja.com.br\/arquivo\/camara-autoriza-emprestimo-de-r-120-milhoes-para-prefeitura-concluir-obras-das-copa\/#mainImage"},"datePublished":"2017-06-19T20:12:24-03:00","dateModified":"2017-06-19T20:12:24-03:00"},{"@type":"WebSite","@id":"https:\/\/www.jornalja.com.br\/arquivo\/#website","url":"https:\/\/www.jornalja.com.br\/arquivo\/","name":"Arquivo","description":"Jornal J\u00c1 | Porto Alegre","inLanguage":"pt-BR","publisher":{"@id":"https:\/\/www.jornalja.com.br\/arquivo\/#organization"}}]},"og:locale":"pt_BR","og:site_name":"Arquivo | Jornal J\u00c1 | Porto Alegre","og:type":"article","og:title":"C\u00e2mara autoriza empr\u00e9stimo de R$ 120 milh\u00f5es para Prefeitura concluir obras das Copa | Arquivo","og:url":"https:\/\/www.jornalja.com.br\/arquivo\/camara-autoriza-emprestimo-de-r-120-milhoes-para-prefeitura-concluir-obras-das-copa\/","og:image":"https:\/\/www.jornalja.com.br\/economics\/wp-content\/uploads\/sites\/11\/2026\/08\/ja-folhaderosto-facebook.jpg","og:image:secure_url":"https:\/\/www.jornalja.com.br\/economics\/wp-content\/uploads\/sites\/11\/2026\/08\/ja-folhaderosto-facebook.jpg","article:published_time":"2017-06-19T23:12:24+00:00","article:modified_time":"2017-06-19T23:12:24+00:00","twitter:card":"summary","twitter:title":"C\u00e2mara autoriza empr\u00e9stimo de R$ 120 milh\u00f5es para Prefeitura concluir obras das Copa | Arquivo","twitter:image":"https:\/\/www.jornalja.com.br\/economics\/wp-content\/uploads\/sites\/11\/2026\/08\/ja-folhaderosto-facebook.jpg"},"aioseo_meta_data":{"post_id":"50261","title":null,"description":null,"keywords":null,"keyphrases":null,"primary_term":null,"canonical_url":null,"og_title":null,"og_description":null,"og_object_type":"default","og_image_type":"default","og_image_url":null,"og_image_width":null,"og_image_height":null,"og_image_custom_url":null,"og_image_custom_fields":null,"og_video":null,"og_custom_url":null,"og_article_section":null,"og_article_tags":null,"twitter_use_og":false,"twitter_card":"default","twitter_image_type":"default","twitter_image_url":null,"twitter_image_custom_url":null,"twitter_image_custom_fields":null,"twitter_title":null,"twitter_description":null,"schema":{"blockGraphs":[],"customGraphs":[],"default":{"data":{"Article":[],"Course":[],"Dataset":[],"FAQPage":[],"Movie":[],"Person":[],"Product":[],"ProductReview":[],"Car":[],"Recipe":[],"Service":[],"SoftwareApplication":[],"WebPage":[]},"graphName":"","isEnabled":true},"graphs":[],"defaultGraph":"","defaultPostTypeGraph":""},"schema_type":null,"schema_type_options":null,"pillar_content":false,"robots_default":true,"robots_noindex":false,"robots_noarchive":false,"robots_nosnippet":false,"robots_nofollow":false,"robots_noimageindex":false,"robots_noodp":false,"robots_notranslate":false,"robots_max_snippet":null,"robots_max_videopreview":null,"robots_max_imagepreview":"large","priority":null,"frequency":null,"location":null,"local_seo":null,"breadcrumb_settings":null,"limit_modified_date":false,"ai":null,"created":"2020-12-20 20:32:00","updated":"2025-07-19 22:20:15","seo_analyzer_scan_date":null,"focus_keyword":null,"additional_keywords":null,"truseo_locale":null},"jetpack_sharing_enabled":true,"jetpack-related-posts":[{"id":13240,"url":"https:\/\/www.jornalja.com.br\/arquivo\/plano-diretor-estamos-construindo-o-caos\/","url_meta":{"origin":50261,"position":0},"title":"Plano diretor: &quot;Estamos construindo o caos&quot;","author":"Patr\u00edcia Marini","date":"26 de maio de 2014","format":false,"excerpt":"Desabafo que arquiteta Eliana Castilhos, delegada da Regi\u00e3o de Planejamento 1, postou nas redes sociais \u00e9 um testemunho do ambiente que se criou no Conselho do Plano Diretor de Porto Alegre, onde a aprova\u00e7\u00e3o de grandes empreendimentos \u00e9 empurrada guela abaixo dos conselheiros. Ao CMDUA Como delegada da Regi\u00e3o de\u2026","rel":"","context":"Em &quot;Geral&quot;","block_context":{"text":"Geral","link":"https:\/\/www.jornalja.com.br\/arquivo\/category\/geral\/"},"img":{"alt_text":"","src":"","width":0,"height":0},"classes":[]},{"id":5440,"url":"https:\/\/www.jornalja.com.br\/arquivo\/casarao-da-venancio-destino-permanece-incerto\/","url_meta":{"origin":50261,"position":1},"title":"Estado ainda n\u00e3o sabe o que fazer com casar\u00e3o abandonado h\u00e1 20 anos","author":"Elmar Bones","date":"6 de julho de 2009","format":false,"excerpt":"O casar\u00e3o amarelo, numa esquina nobre de Porto Alegre (Ven\u00e2ncio Aires com Jo\u00e3o Pessoa), j\u00e1 abrigou uma escola. H\u00e1 duas d\u00e9cadas, pelo menos, est\u00e1 abandonado, porque seu propriet\u00e1rio, o governo do Estado do Rio Grande do Sul, n\u00e3o consegue achar um destino para ele. Planos n\u00e3o faltaram. O governador Ol\u00edvio\u2026","rel":"","context":"Em &quot;X.Categorias velhas&quot;","block_context":{"text":"X.Categorias velhas","link":"https:\/\/www.jornalja.com.br\/arquivo\/category\/x-categorias-velhas\/"},"img":{"alt_text":"geraldo1","src":"https:\/\/i0.wp.com\/www.jornalja.com.br\/wp-content\/uploads\/2009\/07\/geraldo1.jpg?resize=350%2C200&ssl=1","width":350,"height":200},"classes":[]},{"id":13239,"url":"https:\/\/www.jornalja.com.br\/arquivo\/conselho-desdenha-do-plano-diretor\/","url_meta":{"origin":50261,"position":2},"title":"Porto Alegre: Conselho detona Plano Diretor","author":"Patr\u00edcia Marini","date":"25 de maio de 2014","format":false,"excerpt":"Den\u00fancia do arquiteto e \u00a0urbanista Ibir\u00e1 Santos Lucas. Ele diz que os conselheiros est\u00e3o votando com \"enorme irresponsabilidade\". \"Mudam regime com a maior naturalidade,,,regularizam absurdos de constru\u00e7\u00f5es irregulares... \"O CMDUA est\u00e1 flexibilizando a lei do plano diretor, de uma forma impactante na vida da cidade. Mudam regime com a maior\u2026","rel":"","context":"Em &quot;Geral&quot;","block_context":{"text":"Geral","link":"https:\/\/www.jornalja.com.br\/arquivo\/category\/geral\/"},"img":{"alt_text":"","src":"","width":0,"height":0},"classes":[]},{"id":14241,"url":"https:\/\/www.jornalja.com.br\/arquivo\/o-guaiba-nas-imagens-poeticas-de-achutti\/","url_meta":{"origin":50261,"position":3},"title":"O Gua\u00edba nas imagens po\u00e9ticas de Achutti","author":"da Reda\u00e7\u00e3o","date":"18 de junho de 2014","format":false,"excerpt":"Em \u201cO Gua\u00edba por Achutti\u201d \u2013 obra financiada via Minist\u00e9rio da Cultura, produ\u00e7\u00e3o executiva de Pedro Longhi, e Fl\u00e1vio Wild como designer \u2013, o fot\u00f3grafo revela a beleza e as mazelas de um espa\u00e7o aqu\u00e1tico de \u00e1guas sempre renovadas, cheio de hist\u00f3rias e lendas como as das cidades que foram\u2026","rel":"","context":"Em &quot;Cultura-Geral&quot;","block_context":{"text":"Cultura-Geral","link":"https:\/\/www.jornalja.com.br\/arquivo\/category\/materiasecundaria\/"},"img":{"alt_text":"","src":"","width":0,"height":0},"classes":[]},{"id":12960,"url":"https:\/\/www.jornalja.com.br\/arquivo\/populacao-culpa-empresas-pela-greve-dos-rodoviarios\/","url_meta":{"origin":50261,"position":4},"title":"Popula\u00e7\u00e3o culpa empresas pela greve","author":"Patr\u00edcia Marini","date":"14 de fevereiro de 2014","format":false,"excerpt":"Pesquisa divulgada na edi\u00e7\u00e3o do jornal Metro desta sexta-feira,14, comprova o velho ditado: \u00e9 poss\u00edvel enganar muitos por algum tempo, mas n\u00e3o \u00e9 poss\u00edvel enganar a todos o tempo inteiro. A principal revela\u00e7\u00e3o foi que 59,8% dos entrevistados apontaram as empresas como as principais respons\u00e1veis pela grave e 46% culparam\u2026","rel":"","context":"Em &quot;X.Categorias velhas&quot;","block_context":{"text":"X.Categorias velhas","link":"https:\/\/www.jornalja.com.br\/arquivo\/category\/x-categorias-velhas\/"},"img":{"alt_text":"","src":"","width":0,"height":0},"classes":[]},{"id":13124,"url":"https:\/\/www.jornalja.com.br\/arquivo\/sangue-latino-no-iecine\/","url_meta":{"origin":50261,"position":5},"title":"Sangue latino no IECINE","author":"da Reda\u00e7\u00e3o","date":"18 de maio de 2014","format":false,"excerpt":"Francisco Ribeiro O Instituto Estadual de Cinema (IECINE) tem a frente, desde abril \u00faltimo, um novo diretor, o cineasta colombiano Juan Zapata, 36, que substitui Luiz Alberto Cassol. Radicado h\u00e1 dez anos em Porto Alegre, Zapata tem diante de si o desafio de conduzir at\u00e9 o final do ano um\u2026","rel":"","context":"Em &quot;Cultura-Geral&quot;","block_context":{"text":"Cultura-Geral","link":"https:\/\/www.jornalja.com.br\/arquivo\/category\/materiasecundaria\/"},"img":{"alt_text":"","src":"","width":0,"height":0},"classes":[]}],"jetpack_shortlink":"https:\/\/wp.me\/pbQjBd-d4F","jetpack_featured_media_url":"","_links":{"self":[{"href":"https:\/\/www.jornalja.com.br\/arquivo\/wp-json\/wp\/v2\/posts\/50261","targetHints":{"allow":["GET"]}}],"collection":[{"href":"https:\/\/www.jornalja.com.br\/arquivo\/wp-json\/wp\/v2\/posts"}],"about":[{"href":"https:\/\/www.jornalja.com.br\/arquivo\/wp-json\/wp\/v2\/types\/post"}],"author":[{"embeddable":true,"href":"https:\/\/www.jornalja.com.br\/arquivo\/wp-json\/wp\/v2\/users\/4"}],"replies":[{"embeddable":true,"href":"https:\/\/www.jornalja.com.br\/arquivo\/wp-json\/wp\/v2\/comments?post=50261"}],"version-history":[{"count":0,"href":"https:\/\/www.jornalja.com.br\/arquivo\/wp-json\/wp\/v2\/posts\/50261\/revisions"}],"wp:attachment":[{"href":"https:\/\/www.jornalja.com.br\/arquivo\/wp-json\/wp\/v2\/media?parent=50261"}],"wp:term":[{"taxonomy":"category","embeddable":true,"href":"https:\/\/www.jornalja.com.br\/arquivo\/wp-json\/wp\/v2\/categories?post=50261"},{"taxonomy":"post_tag","embeddable":true,"href":"https:\/\/www.jornalja.com.br\/arquivo\/wp-json\/wp\/v2\/tags?post=50261"}],"curies":[{"name":"wp","href":"https:\/\/api.w.org\/{rel}","templated":true}]}}