{"id":50277,"date":"2017-06-20T08:02:00","date_gmt":"2017-06-20T11:02:00","guid":{"rendered":"https:\/\/www.jornalja.com.br\/?p=50277"},"modified":"2017-06-20T08:02:00","modified_gmt":"2017-06-20T11:02:00","slug":"impunidade-e-amedrontamento-no-caso-da-boite-kiss","status":"publish","type":"post","link":"https:\/\/www.jornalja.com.br\/arquivo\/impunidade-e-amedrontamento-no-caso-da-boite-kiss\/","title":{"rendered":"Impunidade e amedrontamento no caso da Boite Kiss"},"content":{"rendered":"<p><strong>Raul Ellwanger<\/strong><br \/>\nQuando caiu a arquibancada do Est\u00e1dio de Futebol do clube Basti\u00e1, \u00a0numa partida da Copa da Fran\u00e7a nos anos 1990, morreram em torno de 16 pessoas. Para esta partida contra o famoso Olimpique Marselha, os dirigentes corsos haviam colocados modulares met\u00e1licos, a fim de aumentar a capacidade do pequeno est\u00e1dio. Para c\u00famulo, as estruturas desabaram em dire\u00e7\u00e3o ao campo de jogo, e viu-se cenas dram\u00e1ticas dos pr\u00f3prios jogadores socorrendo feridos, fazendo boca-a-boca, carregando corpos, todos desesperados, tudo transmitido ao vivo pela televis\u00e3o.<br \/>\nNo Brasil, a Boite Kiss da cidade de Santa Maria no Rio Grande do Sul foi destru\u00edda por um inc\u00eandio provocado por \u201cfogos de anima\u00e7\u00e3o\u201d\u00a0 durante um <em>xou<\/em> ao vivo. O n\u00famero de v\u00edtimas letais alcan\u00e7ou a 242 jovens, o n\u00famero total de v\u00edtimas lesionadas e sequeladas f\u00edsica ou psiquicamente segue n\u00e3o avaliado. \u00a0As mortes e seu n\u00famero elevado n\u00e3o se deveram especialmente ao fogo e ao <em>g\u00e1z em s\u00ed<\/em>, mas \u00e0s condi\u00e7\u00f5es de absoluta inseguran\u00e7a do recinto h\u00e1 v\u00e1rios anos em funcionamento nestas mesmas condi\u00e7\u00f5es e com sua documenta\u00e7\u00e3o permanentemente irregular ou deficiente.<br \/>\nDeve ser a maior trag\u00e9dia ocorrida em tempos de paz no Brasil, e para passar uma r\u00e9gua comparativa, ter\u00edamos que lembrar das cinco centenas de mortos e desaparecidos durante os 21 anos de ditadura recente, das duas centenas de lanceiros negros aniquilados ao final da guerra civil de 1835, das quinze centenas de cavaleiros guarani exterminados por dois ex\u00e9rcitos imperiais no estertor da resist\u00eancia missioneira na metade do s\u00e9culo XVIII.<br \/>\nO que torna a compara\u00e7\u00e3o invi\u00e1vel \u00e9 que n\u00e3o se tratou de um evento de conflito armado, tratava-se de jovens que ao final de semana sa\u00edram em busca de lazer e divers\u00e3o, no \u00e2mbito de uma cidade de porte m\u00e9dio, numa rotina por eles muito conhecida. Confiando no sistema oficial de garantias edil\u00edcias p\u00fablicas, que inclui pr\u00e9dios, inc\u00eandios, marquises, rodovias, elevadores, postes, \u00e1guas, ruas, enfim, tudo o que cerca a vida comum e corrente da popula\u00e7\u00e3o, repetiram o habito de frequentar a boate.<br \/>\nSe num confronto civil entre fac\u00e7\u00f5es armadas, \u00e9 previs\u00edvel a ocorr\u00eancia de v\u00edtimas, a tal ponto de que existe uma conven\u00e7\u00e3o internacional para mitigar os danos e as dores dos inimigos, no caso presente tratou-se de algo surpreendente, de uma irrup\u00e7\u00e3o veloc\u00edssima de viol\u00eancia t\u00f3xica, que em poucos minutos (dois ou tr\u00eas) dizimou os estudantes, sem qualquer chance de defesa, sem qualquer protocolo, sem op\u00e7\u00e3o, sem recurso, sem alternativa, pois estavam literalmente encerrados, embretados, encurralados.<br \/>\nNo caso, somaram for\u00e7as para realizar este crime massivo os propriet\u00e1rios do neg\u00f3cio, o grupo de m\u00fasica regionalista e, muito especialmente, o poder p\u00fablico civil e militar. Se grave \u00e9 o doloroso evento que gera muita visibilidade, igualmente grave \u00e9 o que resta oculto: o risco corrido pela popula\u00e7\u00e3o de Santa Maria por meses e anos a fio, ante um sistema p\u00fablico de fiscaliza\u00e7\u00e3o em permanente descumprimento de seu dever, em todos os n\u00edveis e setores de responsabilidade funcional.<br \/>\nEste efeito de \u201cfalsa fiscaliza\u00e7\u00e3o\u201d\u00a0 \u00e9 recorrente\u00a0 na maioria do territ\u00f3rio brasileiro, vide a opera\u00e7\u00e3o \u201cCarne Fraca\u201d, e sua mon\u00f3tona repeti\u00e7\u00e3o deve ter um motivo, um fato gerador comum do qual h\u00e1 que seguir as pegadas e descobrir qual \u00e9.<br \/>\nNo caso franc\u00eas, a judicializa\u00e7\u00e3o alcan\u00e7ou desde o chefe de bombeiros local, as secretarias provinciais envolvidas, a empresa fornecedora, a fiscaliza\u00e7\u00e3o t\u00e9cnica-militar, e subiu pelos escal\u00f5es do Estado nacional, chegando ao pr\u00f3prio Ministro de infraestrutura (n\u00e3o sei o nome certo). Na mesma d\u00e9cada, tamb\u00e9m foi judicializada a Ministra de Sa\u00fade, pelo atraso de 5 anos em tornar obrigat\u00f3rio, nas transfus\u00f5es sangu\u00edneas,\u00a0 o exame de HIV.<br \/>\nNo caso rio-grandense, foram indiciados dois propriet\u00e1rios do neg\u00f3cio e dois membros do grupo musical, afora dois policiais militares por falsidade no decurso do processo, o que n\u00e3o remete ao crime em si.<br \/>\nChamou a aten\u00e7\u00e3o que toda a cadeia funcional vertical e horizontal de respons\u00e1veis p\u00fablicos pelo funcionamento e fiscaliza\u00e7\u00e3o da cidade, ficou eximida de qualquer persecu\u00e7\u00e3o penal, sejam os funcion\u00e1rios de carreira, sejam os representantes e subalternos pol\u00edticos de turno.<br \/>\nNa mem\u00f3ria do cidad\u00e3o comum, deveria ficar a lembran\u00e7a de que o corrido foi um \u201cdescuido\u201d dos operadores diretos, e n\u00e3o uma severa omiss\u00e3o dos respons\u00e1veis p\u00fablicos. Para os familiares, vitimados e fragilizados,\u00a0 e para toda sociedade igualmente ofendida, a mensagem \u00e9 de que o poder \u00e9 impune.<br \/>\nComo se n\u00e3o bastasse tanta dor, humilha\u00e7\u00e3o, perda e sofrimento continuados, culmina o Minist\u00e9rio P\u00fablico por ajuizar a\u00e7\u00e3o contra alguns dos familiares, alegando crime de \u201ccal\u00fania\u201d no curso da instru\u00e7\u00e3o (cola\u00e7\u00e3o de ef\u00eameros cartazes cr\u00edticos ao MP). Chega-se ao \u00e1pice do desacerto e prepot\u00eancia, tornando r\u00e9us aqueles que s\u00e3o v\u00edtimas, simples pessoas que tiveram suas vidas transtornadas pela perda de filhos em que despejavam seus melhores sonhos e esfor\u00e7os, que deixam seus of\u00edcios e fam\u00edlias para buscar justi\u00e7a, e terminam sendo atemorizados, amea\u00e7ados.<br \/>\nPara estas fam\u00edlias, o Estado e seu Poder Judicial que deveria proteg\u00ea-las da trama de irregularidades e omiss\u00f5es que geraram a trag\u00e9dia, que deveria fazer a Justi\u00e7a valer, aparece agora como seu inimigo, uma aterrorizante deusa sem m\u00e1scara e com os olhos bem abertos faiscando de ira ante &#8230;\u00a0 a v\u00edtima.<br \/>\nCom um m\u00ednimo de mod\u00e9stia, caridade, bom senso e humanidade, bastaria com que tais defensores pagos para defender os interesses p\u00fablicos emitissem uma nota, discordando das afirma\u00e7\u00f5es e recha\u00e7ando as supostas cal\u00fanias. Toda a sociedade entenderia o gesto. Mas partir para o ataque, e pior ainda, usando das ferramentas da pr\u00f3pria justi\u00e7a para amea\u00e7ar e vitimizar novamente as v\u00edtimas tornando-as r\u00e9s , \u00e9 algo selvagem, foge \u00e0 compreens\u00e3o comum.\u00a0 Independente do que tenham dito ou n\u00e3o dito os novos r\u00e9us, submetidos a uma situa\u00e7\u00e3o dram\u00e1tica que comoveu o mundo, deveria olhar-se\u00a0 a situa\u00e7\u00e3o com magnanimidade.<br \/>\nDe que imensa conta honor\u00edfica se julgam portadores tais agentes judiciais ?\u00a0 Que soberba move suas a\u00e7\u00f5es? Ou ser\u00e1 t\u00e3o baixa sua conta pr\u00f3pria que talvez n\u00e3o possam suportar o lamento s\u00faplice, a queixa sem resposta, o olhar desmaiado e a fala talvez inconexa que o sofrimento provoca, n\u00e3o possam talvez suportar os gritos que a impunidade arranca de todo injusti\u00e7ado, \u00e0quele aos quais a Justi\u00e7a deveria justamente de consolar.<br \/>\n&nbsp;<\/p>\n","protected":false},"excerpt":{"rendered":"<p>Raul Ellwanger Quando caiu a arquibancada do Est\u00e1dio de Futebol do clube Basti\u00e1, \u00a0numa partida da Copa da Fran\u00e7a nos anos 1990, morreram em torno de 16 pessoas. Para esta partida contra o famoso Olimpique Marselha, os dirigentes corsos haviam colocados modulares met\u00e1licos, a fim de aumentar a capacidade do pequeno est\u00e1dio. Para c\u00famulo, as [&hellip;]<\/p>\n","protected":false},"author":4,"featured_media":0,"comment_status":"open","ping_status":"closed","sticky":false,"template":"","format":"standard","meta":{"_jetpack_newsletter_access":"","_jetpack_dont_email_post_to_subs":false,"_jetpack_newsletter_tier_id":0,"_jetpack_memberships_contains_paywalled_content":false,"_jetpack_feature_clip_id":0,"_jetpack_memberships_contains_paid_content":false,"footnotes":"","jetpack_post_was_ever_published":false},"categories":[10],"tags":[],"class_list":["post-50277","post","type-post","status-publish","format-standard","hentry","category-analiseopiniao"],"aioseo_notices":[],"aioseo_head":"\n\t\t<!-- All in One SEO 5.0.1.1 - aioseo.com -->\n\t<meta name=\"robots\" content=\"max-image-preview:large\" \/>\n\t<meta name=\"author\" content=\"da Reda\u00e7\u00e3o\"\/>\n\t<link rel=\"canonical\" href=\"https:\/\/www.jornalja.com.br\/arquivo\/impunidade-e-amedrontamento-no-caso-da-boite-kiss\/\" \/>\n\t<meta name=\"generator\" content=\"All in One SEO (AIOSEO) 5.0.1.1\" \/>\n\t\t<meta property=\"og:locale\" content=\"pt_BR\" \/>\n\t\t<meta property=\"og:site_name\" content=\"Arquivo | Jornal J\u00c1 | Porto Alegre\" \/>\n\t\t<meta property=\"og:type\" content=\"article\" \/>\n\t\t<meta property=\"og:title\" content=\"Impunidade e amedrontamento no caso da Boite Kiss | Arquivo\" \/>\n\t\t<meta property=\"og:url\" content=\"https:\/\/www.jornalja.com.br\/arquivo\/impunidade-e-amedrontamento-no-caso-da-boite-kiss\/\" \/>\n\t\t<meta property=\"og:image\" content=\"https:\/\/www.jornalja.com.br\/economics\/wp-content\/uploads\/sites\/11\/2026\/08\/ja-folhaderosto-facebook.jpg\" \/>\n\t\t<meta property=\"og:image:secure_url\" content=\"https:\/\/www.jornalja.com.br\/economics\/wp-content\/uploads\/sites\/11\/2026\/08\/ja-folhaderosto-facebook.jpg\" \/>\n\t\t<meta property=\"article:published_time\" content=\"2017-06-20T11:02:00+00:00\" \/>\n\t\t<meta property=\"article:modified_time\" content=\"2017-06-20T11:02:00+00:00\" \/>\n\t\t<meta name=\"twitter:card\" content=\"summary\" \/>\n\t\t<meta name=\"twitter:title\" content=\"Impunidade e amedrontamento no caso da Boite Kiss | Arquivo\" \/>\n\t\t<meta name=\"twitter:image\" content=\"https:\/\/www.jornalja.com.br\/economics\/wp-content\/uploads\/sites\/11\/2026\/08\/ja-folhaderosto-facebook.jpg\" \/>\n\t\t<script type=\"application\/ld+json\" class=\"aioseo-schema\">\n\t\t\t{\"@context\":\"https:\\\/\\\/schema.org\",\"@graph\":[{\"@type\":\"BlogPosting\",\"@id\":\"https:\\\/\\\/www.jornalja.com.br\\\/arquivo\\\/impunidade-e-amedrontamento-no-caso-da-boite-kiss\\\/#blogposting\",\"name\":\"Impunidade e amedrontamento no caso da Boite Kiss | Arquivo\",\"headline\":\"Impunidade e amedrontamento no caso da Boite Kiss\",\"author\":{\"@id\":\"https:\\\/\\\/www.jornalja.com.br\\\/arquivo\\\/author\\\/daredacao\\\/#author\"},\"publisher\":{\"@id\":\"https:\\\/\\\/www.jornalja.com.br\\\/arquivo\\\/#organization\"},\"image\":{\"@type\":\"ImageObject\",\"url\":\"https:\\\/\\\/www.jornalja.com.br\\\/wp-content\\\/uploads\\\/cards\\\/JAslogan.png\",\"@id\":\"https:\\\/\\\/www.jornalja.com.br\\\/arquivo\\\/#articleImage\"},\"datePublished\":\"2017-06-20T08:02:00-03:00\",\"dateModified\":\"2017-06-20T08:02:00-03:00\",\"inLanguage\":\"pt-BR\",\"mainEntityOfPage\":{\"@id\":\"https:\\\/\\\/www.jornalja.com.br\\\/arquivo\\\/impunidade-e-amedrontamento-no-caso-da-boite-kiss\\\/#webpage\"},\"isPartOf\":{\"@id\":\"https:\\\/\\\/www.jornalja.com.br\\\/arquivo\\\/impunidade-e-amedrontamento-no-caso-da-boite-kiss\\\/#webpage\"},\"articleSection\":\"AN\\u00c1LISE&amp;OPINI\\u00c3O\"},{\"@type\":\"BreadcrumbList\",\"@id\":\"https:\\\/\\\/www.jornalja.com.br\\\/arquivo\\\/impunidade-e-amedrontamento-no-caso-da-boite-kiss\\\/#breadcrumblist\",\"itemListElement\":[{\"@type\":\"ListItem\",\"@id\":\"https:\\\/\\\/www.jornalja.com.br\\\/arquivo#listItem\",\"position\":1,\"name\":\"Home\",\"item\":\"https:\\\/\\\/www.jornalja.com.br\\\/arquivo\",\"nextItem\":{\"@type\":\"ListItem\",\"@id\":\"https:\\\/\\\/www.jornalja.com.br\\\/arquivo\\\/category\\\/analiseopiniao\\\/#listItem\",\"name\":\"AN\\u00c1LISE&amp;OPINI\\u00c3O\"}},{\"@type\":\"ListItem\",\"@id\":\"https:\\\/\\\/www.jornalja.com.br\\\/arquivo\\\/category\\\/analiseopiniao\\\/#listItem\",\"position\":2,\"name\":\"AN\\u00c1LISE&amp;OPINI\\u00c3O\",\"item\":\"https:\\\/\\\/www.jornalja.com.br\\\/arquivo\\\/category\\\/analiseopiniao\\\/\",\"nextItem\":{\"@type\":\"ListItem\",\"@id\":\"https:\\\/\\\/www.jornalja.com.br\\\/arquivo\\\/impunidade-e-amedrontamento-no-caso-da-boite-kiss\\\/#listItem\",\"name\":\"Impunidade e amedrontamento no caso da Boite Kiss\"},\"previousItem\":{\"@type\":\"ListItem\",\"@id\":\"https:\\\/\\\/www.jornalja.com.br\\\/arquivo#listItem\",\"name\":\"Home\"}},{\"@type\":\"ListItem\",\"@id\":\"https:\\\/\\\/www.jornalja.com.br\\\/arquivo\\\/impunidade-e-amedrontamento-no-caso-da-boite-kiss\\\/#listItem\",\"position\":3,\"name\":\"Impunidade e amedrontamento no caso da Boite Kiss\",\"previousItem\":{\"@type\":\"ListItem\",\"@id\":\"https:\\\/\\\/www.jornalja.com.br\\\/arquivo\\\/category\\\/analiseopiniao\\\/#listItem\",\"name\":\"AN\\u00c1LISE&amp;OPINI\\u00c3O\"}}]},{\"@type\":\"Organization\",\"@id\":\"https:\\\/\\\/www.jornalja.com.br\\\/arquivo\\\/#organization\",\"name\":\"Jornal J\\u00c1\",\"description\":\"Jornal J\\u00c1 | Porto Alegre\",\"url\":\"https:\\\/\\\/www.jornalja.com.br\\\/arquivo\\\/\",\"telephone\":\"+555133307272\",\"logo\":{\"@type\":\"ImageObject\",\"url\":\"https:\\\/\\\/www.jornalja.com.br\\\/wp-content\\\/uploads\\\/cards\\\/JAslogan.png\",\"@id\":\"https:\\\/\\\/www.jornalja.com.br\\\/arquivo\\\/impunidade-e-amedrontamento-no-caso-da-boite-kiss\\\/#organizationLogo\"},\"image\":{\"@id\":\"https:\\\/\\\/www.jornalja.com.br\\\/arquivo\\\/impunidade-e-amedrontamento-no-caso-da-boite-kiss\\\/#organizationLogo\"}},{\"@type\":\"Person\",\"@id\":\"https:\\\/\\\/www.jornalja.com.br\\\/arquivo\\\/author\\\/daredacao\\\/#author\",\"url\":\"https:\\\/\\\/www.jornalja.com.br\\\/arquivo\\\/author\\\/daredacao\\\/\",\"name\":\"da Reda\\u00e7\\u00e3o\",\"image\":{\"@type\":\"ImageObject\",\"@id\":\"https:\\\/\\\/www.jornalja.com.br\\\/arquivo\\\/impunidade-e-amedrontamento-no-caso-da-boite-kiss\\\/#authorImage\",\"url\":\"https:\\\/\\\/secure.gravatar.com\\\/avatar\\\/469fd857d6605ad19919d27ed29d35a968a25f6e8fd9318356bbb7f57aae9c65?s=96&d=mm&r=g\",\"width\":96,\"height\":96,\"caption\":\"da Reda\\u00e7\\u00e3o\"}},{\"@type\":\"WebPage\",\"@id\":\"https:\\\/\\\/www.jornalja.com.br\\\/arquivo\\\/impunidade-e-amedrontamento-no-caso-da-boite-kiss\\\/#webpage\",\"url\":\"https:\\\/\\\/www.jornalja.com.br\\\/arquivo\\\/impunidade-e-amedrontamento-no-caso-da-boite-kiss\\\/\",\"name\":\"Impunidade e amedrontamento no caso da Boite Kiss | Arquivo\",\"inLanguage\":\"pt-BR\",\"isPartOf\":{\"@id\":\"https:\\\/\\\/www.jornalja.com.br\\\/arquivo\\\/#website\"},\"breadcrumb\":{\"@id\":\"https:\\\/\\\/www.jornalja.com.br\\\/arquivo\\\/impunidade-e-amedrontamento-no-caso-da-boite-kiss\\\/#breadcrumblist\"},\"author\":{\"@id\":\"https:\\\/\\\/www.jornalja.com.br\\\/arquivo\\\/author\\\/daredacao\\\/#author\"},\"creator\":{\"@id\":\"https:\\\/\\\/www.jornalja.com.br\\\/arquivo\\\/author\\\/daredacao\\\/#author\"},\"datePublished\":\"2017-06-20T08:02:00-03:00\",\"dateModified\":\"2017-06-20T08:02:00-03:00\"},{\"@type\":\"WebSite\",\"@id\":\"https:\\\/\\\/www.jornalja.com.br\\\/arquivo\\\/#website\",\"url\":\"https:\\\/\\\/www.jornalja.com.br\\\/arquivo\\\/\",\"name\":\"Arquivo\",\"description\":\"Jornal J\\u00c1 | Porto Alegre\",\"inLanguage\":\"pt-BR\",\"publisher\":{\"@id\":\"https:\\\/\\\/www.jornalja.com.br\\\/arquivo\\\/#organization\"}}]}\n\t\t<\/script>\n\t\t<!-- All in One SEO -->\n\n","aioseo_head_json":{"title":"Impunidade e amedrontamento no caso da Boite Kiss | Arquivo","description":"","canonical_url":"https:\/\/www.jornalja.com.br\/arquivo\/impunidade-e-amedrontamento-no-caso-da-boite-kiss\/","robots":"max-image-preview:large","keywords":"","webmasterTools":{"miscellaneous":""},"schema":{"@context":"https:\/\/schema.org","@graph":[{"@type":"BlogPosting","@id":"https:\/\/www.jornalja.com.br\/arquivo\/impunidade-e-amedrontamento-no-caso-da-boite-kiss\/#blogposting","name":"Impunidade e amedrontamento no caso da Boite Kiss | Arquivo","headline":"Impunidade e amedrontamento no caso da Boite Kiss","author":{"@id":"https:\/\/www.jornalja.com.br\/arquivo\/author\/daredacao\/#author"},"publisher":{"@id":"https:\/\/www.jornalja.com.br\/arquivo\/#organization"},"image":{"@type":"ImageObject","url":"https:\/\/www.jornalja.com.br\/wp-content\/uploads\/cards\/JAslogan.png","@id":"https:\/\/www.jornalja.com.br\/arquivo\/#articleImage"},"datePublished":"2017-06-20T08:02:00-03:00","dateModified":"2017-06-20T08:02:00-03:00","inLanguage":"pt-BR","mainEntityOfPage":{"@id":"https:\/\/www.jornalja.com.br\/arquivo\/impunidade-e-amedrontamento-no-caso-da-boite-kiss\/#webpage"},"isPartOf":{"@id":"https:\/\/www.jornalja.com.br\/arquivo\/impunidade-e-amedrontamento-no-caso-da-boite-kiss\/#webpage"},"articleSection":"AN\u00c1LISE&amp;OPINI\u00c3O"},{"@type":"BreadcrumbList","@id":"https:\/\/www.jornalja.com.br\/arquivo\/impunidade-e-amedrontamento-no-caso-da-boite-kiss\/#breadcrumblist","itemListElement":[{"@type":"ListItem","@id":"https:\/\/www.jornalja.com.br\/arquivo#listItem","position":1,"name":"Home","item":"https:\/\/www.jornalja.com.br\/arquivo","nextItem":{"@type":"ListItem","@id":"https:\/\/www.jornalja.com.br\/arquivo\/category\/analiseopiniao\/#listItem","name":"AN\u00c1LISE&amp;OPINI\u00c3O"}},{"@type":"ListItem","@id":"https:\/\/www.jornalja.com.br\/arquivo\/category\/analiseopiniao\/#listItem","position":2,"name":"AN\u00c1LISE&amp;OPINI\u00c3O","item":"https:\/\/www.jornalja.com.br\/arquivo\/category\/analiseopiniao\/","nextItem":{"@type":"ListItem","@id":"https:\/\/www.jornalja.com.br\/arquivo\/impunidade-e-amedrontamento-no-caso-da-boite-kiss\/#listItem","name":"Impunidade e amedrontamento no caso da Boite Kiss"},"previousItem":{"@type":"ListItem","@id":"https:\/\/www.jornalja.com.br\/arquivo#listItem","name":"Home"}},{"@type":"ListItem","@id":"https:\/\/www.jornalja.com.br\/arquivo\/impunidade-e-amedrontamento-no-caso-da-boite-kiss\/#listItem","position":3,"name":"Impunidade e amedrontamento no caso da Boite Kiss","previousItem":{"@type":"ListItem","@id":"https:\/\/www.jornalja.com.br\/arquivo\/category\/analiseopiniao\/#listItem","name":"AN\u00c1LISE&amp;OPINI\u00c3O"}}]},{"@type":"Organization","@id":"https:\/\/www.jornalja.com.br\/arquivo\/#organization","name":"Jornal J\u00c1","description":"Jornal J\u00c1 | Porto Alegre","url":"https:\/\/www.jornalja.com.br\/arquivo\/","telephone":"+555133307272","logo":{"@type":"ImageObject","url":"https:\/\/www.jornalja.com.br\/wp-content\/uploads\/cards\/JAslogan.png","@id":"https:\/\/www.jornalja.com.br\/arquivo\/impunidade-e-amedrontamento-no-caso-da-boite-kiss\/#organizationLogo"},"image":{"@id":"https:\/\/www.jornalja.com.br\/arquivo\/impunidade-e-amedrontamento-no-caso-da-boite-kiss\/#organizationLogo"}},{"@type":"Person","@id":"https:\/\/www.jornalja.com.br\/arquivo\/author\/daredacao\/#author","url":"https:\/\/www.jornalja.com.br\/arquivo\/author\/daredacao\/","name":"da Reda\u00e7\u00e3o","image":{"@type":"ImageObject","@id":"https:\/\/www.jornalja.com.br\/arquivo\/impunidade-e-amedrontamento-no-caso-da-boite-kiss\/#authorImage","url":"https:\/\/secure.gravatar.com\/avatar\/469fd857d6605ad19919d27ed29d35a968a25f6e8fd9318356bbb7f57aae9c65?s=96&d=mm&r=g","width":96,"height":96,"caption":"da Reda\u00e7\u00e3o"}},{"@type":"WebPage","@id":"https:\/\/www.jornalja.com.br\/arquivo\/impunidade-e-amedrontamento-no-caso-da-boite-kiss\/#webpage","url":"https:\/\/www.jornalja.com.br\/arquivo\/impunidade-e-amedrontamento-no-caso-da-boite-kiss\/","name":"Impunidade e amedrontamento no caso da Boite Kiss | Arquivo","inLanguage":"pt-BR","isPartOf":{"@id":"https:\/\/www.jornalja.com.br\/arquivo\/#website"},"breadcrumb":{"@id":"https:\/\/www.jornalja.com.br\/arquivo\/impunidade-e-amedrontamento-no-caso-da-boite-kiss\/#breadcrumblist"},"author":{"@id":"https:\/\/www.jornalja.com.br\/arquivo\/author\/daredacao\/#author"},"creator":{"@id":"https:\/\/www.jornalja.com.br\/arquivo\/author\/daredacao\/#author"},"datePublished":"2017-06-20T08:02:00-03:00","dateModified":"2017-06-20T08:02:00-03:00"},{"@type":"WebSite","@id":"https:\/\/www.jornalja.com.br\/arquivo\/#website","url":"https:\/\/www.jornalja.com.br\/arquivo\/","name":"Arquivo","description":"Jornal J\u00c1 | Porto Alegre","inLanguage":"pt-BR","publisher":{"@id":"https:\/\/www.jornalja.com.br\/arquivo\/#organization"}}]},"og:locale":"pt_BR","og:site_name":"Arquivo | Jornal J\u00c1 | Porto Alegre","og:type":"article","og:title":"Impunidade e amedrontamento no caso da Boite Kiss | Arquivo","og:url":"https:\/\/www.jornalja.com.br\/arquivo\/impunidade-e-amedrontamento-no-caso-da-boite-kiss\/","og:image":"https:\/\/www.jornalja.com.br\/economics\/wp-content\/uploads\/sites\/11\/2026\/08\/ja-folhaderosto-facebook.jpg","og:image:secure_url":"https:\/\/www.jornalja.com.br\/economics\/wp-content\/uploads\/sites\/11\/2026\/08\/ja-folhaderosto-facebook.jpg","article:published_time":"2017-06-20T11:02:00+00:00","article:modified_time":"2017-06-20T11:02:00+00:00","twitter:card":"summary","twitter:title":"Impunidade e amedrontamento no caso da Boite Kiss | Arquivo","twitter:image":"https:\/\/www.jornalja.com.br\/economics\/wp-content\/uploads\/sites\/11\/2026\/08\/ja-folhaderosto-facebook.jpg"},"aioseo_meta_data":{"post_id":"50277","title":null,"description":null,"keywords":null,"keyphrases":null,"primary_term":null,"canonical_url":null,"og_title":null,"og_description":null,"og_object_type":"default","og_image_type":"default","og_image_url":null,"og_image_width":null,"og_image_height":null,"og_image_custom_url":null,"og_image_custom_fields":null,"og_video":null,"og_custom_url":null,"og_article_section":null,"og_article_tags":null,"twitter_use_og":false,"twitter_card":"default","twitter_image_type":"default","twitter_image_url":null,"twitter_image_custom_url":null,"twitter_image_custom_fields":null,"twitter_title":null,"twitter_description":null,"schema":{"blockGraphs":[],"customGraphs":[],"default":{"data":{"Article":[],"Course":[],"Dataset":[],"FAQPage":[],"Movie":[],"Person":[],"Product":[],"ProductReview":[],"Car":[],"Recipe":[],"Service":[],"SoftwareApplication":[],"WebPage":[]},"graphName":"","isEnabled":true},"graphs":[]},"schema_type":null,"schema_type_options":null,"pillar_content":false,"robots_default":true,"robots_noindex":false,"robots_noarchive":false,"robots_nosnippet":false,"robots_nofollow":false,"robots_noimageindex":false,"robots_noodp":false,"robots_notranslate":false,"robots_max_snippet":null,"robots_max_videopreview":null,"robots_max_imagepreview":"large","priority":null,"frequency":null,"location":null,"local_seo":null,"breadcrumb_settings":null,"limit_modified_date":false,"ai":null,"created":"2020-12-20 20:32:00","updated":"2025-07-19 22:20:15","seo_analyzer_scan_date":null,"focus_keyword":null,"additional_keywords":null,"truseo_locale":null},"jetpack_sharing_enabled":true,"jetpack-related-posts":[{"id":5440,"url":"https:\/\/www.jornalja.com.br\/arquivo\/casarao-da-venancio-destino-permanece-incerto\/","url_meta":{"origin":50277,"position":0},"title":"Estado ainda n\u00e3o sabe o que fazer com casar\u00e3o abandonado h\u00e1 20 anos","author":"Elmar Bones","date":"6 de julho de 2009","format":false,"excerpt":"O casar\u00e3o amarelo, numa esquina nobre de Porto Alegre (Ven\u00e2ncio Aires com Jo\u00e3o Pessoa), j\u00e1 abrigou uma escola. H\u00e1 duas d\u00e9cadas, pelo menos, est\u00e1 abandonado, porque seu propriet\u00e1rio, o governo do Estado do Rio Grande do Sul, n\u00e3o consegue achar um destino para ele. Planos n\u00e3o faltaram. O governador Ol\u00edvio\u2026","rel":"","context":"Em &quot;X.Categorias velhas&quot;","block_context":{"text":"X.Categorias velhas","link":"https:\/\/www.jornalja.com.br\/arquivo\/category\/x-categorias-velhas\/"},"img":{"alt_text":"geraldo1","src":"https:\/\/i0.wp.com\/www.jornalja.com.br\/wp-content\/uploads\/2009\/07\/geraldo1.jpg?resize=350%2C200&ssl=1","width":350,"height":200},"classes":[]},{"id":12960,"url":"https:\/\/www.jornalja.com.br\/arquivo\/populacao-culpa-empresas-pela-greve-dos-rodoviarios\/","url_meta":{"origin":50277,"position":1},"title":"Popula\u00e7\u00e3o culpa empresas pela greve","author":"Patr\u00edcia Marini","date":"14 de fevereiro de 2014","format":false,"excerpt":"Pesquisa divulgada na edi\u00e7\u00e3o do jornal Metro desta sexta-feira,14, comprova o velho ditado: \u00e9 poss\u00edvel enganar muitos por algum tempo, mas n\u00e3o \u00e9 poss\u00edvel enganar a todos o tempo inteiro. A principal revela\u00e7\u00e3o foi que 59,8% dos entrevistados apontaram as empresas como as principais respons\u00e1veis pela grave e 46% culparam\u2026","rel":"","context":"Em &quot;X.Categorias velhas&quot;","block_context":{"text":"X.Categorias velhas","link":"https:\/\/www.jornalja.com.br\/arquivo\/category\/x-categorias-velhas\/"},"img":{"alt_text":"","src":"","width":0,"height":0},"classes":[]},{"id":13240,"url":"https:\/\/www.jornalja.com.br\/arquivo\/plano-diretor-estamos-construindo-o-caos\/","url_meta":{"origin":50277,"position":2},"title":"Plano diretor: &quot;Estamos construindo o caos&quot;","author":"Patr\u00edcia Marini","date":"26 de maio de 2014","format":false,"excerpt":"Desabafo que arquiteta Eliana Castilhos, delegada da Regi\u00e3o de Planejamento 1, postou nas redes sociais \u00e9 um testemunho do ambiente que se criou no Conselho do Plano Diretor de Porto Alegre, onde a aprova\u00e7\u00e3o de grandes empreendimentos \u00e9 empurrada guela abaixo dos conselheiros. Ao CMDUA Como delegada da Regi\u00e3o de\u2026","rel":"","context":"Em &quot;Geral&quot;","block_context":{"text":"Geral","link":"https:\/\/www.jornalja.com.br\/arquivo\/category\/geral\/"},"img":{"alt_text":"","src":"","width":0,"height":0},"classes":[]},{"id":13101,"url":"https:\/\/www.jornalja.com.br\/arquivo\/morre-um-guerreiro-do-texto\/","url_meta":{"origin":50277,"position":3},"title":"Morre um guerreiro do texto","author":"Patr\u00edcia Marini","date":"14 de maio de 2014","format":false,"excerpt":"Por Ricardo Kotscho Reproduzido do blog do autor, 11\/5\/2014; t\u00edtulo original \u201cE l\u00e1 se foi o nosso Myltainho, guerreiro do texto\u201d. Mi\u00fado e franzino, meu amigo Myltainho era um valente e inconformado guerreiro na luta contra as injusti\u00e7as sociais, a hipocrisia, as maracutaias, o autoritarismo, a intoler\u00e2ncia, a viol\u00eancia, o\u2026","rel":"","context":"Em &quot;Geral&quot;","block_context":{"text":"Geral","link":"https:\/\/www.jornalja.com.br\/arquivo\/category\/geral\/"},"img":{"alt_text":"","src":"","width":0,"height":0},"classes":[]},{"id":13124,"url":"https:\/\/www.jornalja.com.br\/arquivo\/sangue-latino-no-iecine\/","url_meta":{"origin":50277,"position":4},"title":"Sangue latino no IECINE","author":"da Reda\u00e7\u00e3o","date":"18 de maio de 2014","format":false,"excerpt":"Francisco Ribeiro O Instituto Estadual de Cinema (IECINE) tem a frente, desde abril \u00faltimo, um novo diretor, o cineasta colombiano Juan Zapata, 36, que substitui Luiz Alberto Cassol. Radicado h\u00e1 dez anos em Porto Alegre, Zapata tem diante de si o desafio de conduzir at\u00e9 o final do ano um\u2026","rel":"","context":"Em &quot;Cultura-Geral&quot;","block_context":{"text":"Cultura-Geral","link":"https:\/\/www.jornalja.com.br\/arquivo\/category\/materiasecundaria\/"},"img":{"alt_text":"","src":"","width":0,"height":0},"classes":[]},{"id":13128,"url":"https:\/\/www.jornalja.com.br\/arquivo\/maconha-terra-diz-que-uso-medicinal-e-desculpa\/","url_meta":{"origin":50277,"position":5},"title":"Maconha: Terra diz que uso medicinal \u00e9 desculpa","author":"Patr\u00edcia Marini","date":"4 de junho de 2014","format":false,"excerpt":"A condi\u00e7\u00e3o de pol\u00edtico, em \u00e9poca de campanha de campanha eleitoral, tira for\u00e7a do discurso do m\u00e9dico Osmar Terra contra a legaliza\u00e7\u00e3o da maconha. A tese dele de que a libera\u00e7\u00e3o vai ampliar exponencialmente o consumo \u00e9 discutivel, o consumo \u00e9 corrente. Mas seus alertas quanto aos riscos tem que\u2026","rel":"","context":"Em &quot;X.Categorias velhas&quot;","block_context":{"text":"X.Categorias velhas","link":"https:\/\/www.jornalja.com.br\/arquivo\/category\/x-categorias-velhas\/"},"img":{"alt_text":"","src":"","width":0,"height":0},"classes":[]}],"jetpack_shortlink":"https:\/\/wp.me\/pbQjBd-d4V","jetpack_featured_media_url":"","_links":{"self":[{"href":"https:\/\/www.jornalja.com.br\/arquivo\/wp-json\/wp\/v2\/posts\/50277","targetHints":{"allow":["GET"]}}],"collection":[{"href":"https:\/\/www.jornalja.com.br\/arquivo\/wp-json\/wp\/v2\/posts"}],"about":[{"href":"https:\/\/www.jornalja.com.br\/arquivo\/wp-json\/wp\/v2\/types\/post"}],"author":[{"embeddable":true,"href":"https:\/\/www.jornalja.com.br\/arquivo\/wp-json\/wp\/v2\/users\/4"}],"replies":[{"embeddable":true,"href":"https:\/\/www.jornalja.com.br\/arquivo\/wp-json\/wp\/v2\/comments?post=50277"}],"version-history":[{"count":0,"href":"https:\/\/www.jornalja.com.br\/arquivo\/wp-json\/wp\/v2\/posts\/50277\/revisions"}],"wp:attachment":[{"href":"https:\/\/www.jornalja.com.br\/arquivo\/wp-json\/wp\/v2\/media?parent=50277"}],"wp:term":[{"taxonomy":"category","embeddable":true,"href":"https:\/\/www.jornalja.com.br\/arquivo\/wp-json\/wp\/v2\/categories?post=50277"},{"taxonomy":"post_tag","embeddable":true,"href":"https:\/\/www.jornalja.com.br\/arquivo\/wp-json\/wp\/v2\/tags?post=50277"}],"curies":[{"name":"wp","href":"https:\/\/api.w.org\/{rel}","templated":true}]}}