{"id":50289,"date":"2017-06-20T01:21:25","date_gmt":"2017-06-20T04:21:25","guid":{"rendered":"https:\/\/www.jornalja.com.br\/?p=50289"},"modified":"2017-06-20T01:21:25","modified_gmt":"2017-06-20T04:21:25","slug":"sob-ameaca-de-extincao-fee-celebra-25-anos-de-pesquisa-de-empregos-na-capital","status":"publish","type":"post","link":"https:\/\/www.jornalja.com.br\/arquivo\/sob-ameaca-de-extincao-fee-celebra-25-anos-de-pesquisa-de-empregos-na-capital\/","title":{"rendered":"Sob amea\u00e7a de extin\u00e7\u00e3o, FEE celebra 25 anos de pesquisa de empregos na Capital"},"content":{"rendered":"<p>Neste m\u00eas completa-se 25 anos que a Funda\u00e7\u00e3o de Economia e Estat\u00edstica (FEE) realiza um dos mais importantes retratos do mercado de trabalho no Rio Grande do Sul. A cada 30 dias, cerca de 2,5 mil fam\u00edlias respondem aos questionamentos que embasam a Pesquisa de Emprego e Desemprego da Regi\u00e3o Metropolitana de Porto Alegre (PED-RMPA).<br \/>\nPara marcar a data, foi realizado nesta segunda (19\/06) na sede da FEE um debate que resgatou um pouco da hist\u00f3ria da PED, que \u00e9 uma produ\u00e7\u00e3o da (FEE) em parceria com a Funda\u00e7\u00e3o Ga\u00facha do Trabalho e A\u00e7\u00e3o Social (FGTAS)\u00a0e o Departamento Intersindical de Estat\u00edstica e Estudos Socioecon\u00f4micos (Dieese).<br \/>\nAbrindo o evento, o diretor t\u00e9cnico da FEE, Martinho Lazzari, destacou que a PED j\u00e1 se confunde com a pr\u00f3pria trajet\u00f3ria da FEE: \u201cPouqu\u00edssimas estatais mant\u00e9m esse n\u00edvel de pesquisa por tanto tempo com tanta qualidade e gerando tanto conhecimento. Espero que no ano de 2022 possamos comemorar os 30 anos da pesquisa aqui na FEE, com uma institui\u00e7\u00e3o firme e forte\u201d.<br \/>\nA FEE, que em 2017 completa 44 anos, est\u00e1 entre as funda\u00e7\u00f5es a serem extintas pelo Governo Estadual, ato ainda n\u00e3o oficializado devido a um recurso na Justi\u00e7a, que ainda n\u00e3o tomou uma decis\u00e3o definitiva.<br \/>\n<span class=\"assina\"><strong>Falta de recursos amea\u00e7a pesquisa \u00a0\u00a0\u00a0\u00a0\u00a0\u00a0\u00a0\u00a0\u00a0\u00a0\u00a0<\/strong> <\/span><br \/>\nE a situa\u00e7\u00e3o incerta da Funda\u00e7\u00e3o n\u00e3o \u00e9 o \u00fanico problema que amea\u00e7a a PED. O custo do servi\u00e7o \u00e9 de R$ 3 milh\u00f5es ao ano, sendo dois milh\u00f5es bancados pelo Estado e um pelo Minist\u00e9rio do Trabalho e Emprego (MTE) atrav\u00e9s do Fundo de Amparo ao Trabalhador (FAT).<br \/>\nMas a verba do Minist\u00e9rio do Trabalho est\u00e1 atrasada desde o ano passado e o conv\u00eanio junto ao MTE teria que ser renovado ao final deste m\u00eas.<br \/>\nA coordenadora da PED, Iracema Castelo Branco, diz que a situa\u00e7\u00e3o \u00e9 prec\u00e1ria e grave. Ela lembra que em 2016 houve o mesmo problema de repasse do MTE e foi resolvido. Mas agora somente uma libera\u00e7\u00e3o adicional de recursos federais garantiria a manuten\u00e7\u00e3o dos servi\u00e7os e o pagamento da empresa terceirizada que realiza a pesquisa na casa das pessoas. \u201cDepende de uma a\u00e7\u00e3o governamental. E no momento n\u00e3o vemos nenhuma vontade pra estabilizar a situa\u00e7\u00e3o\u201d, lamenta.<br \/>\nA \u00faltima PED mostra que o desemprego na Regi\u00e3o Metropolitana est\u00e1 em 11,3% e \u00e9 crescente, gra\u00e7a ao quadro de estagna\u00e7\u00e3o econ\u00f4mica tanto do Estado quanto nacionalmente. Para a pesquisadora, os dados mostram que a recupera\u00e7\u00e3o do trabalho em Porto Alegre n\u00e3o deve acontecer nos pr\u00f3ximos meses.<br \/>\n<span class=\"assina\"><strong>A PESQUISA E A FEE S\u00c3O FUNDAMENTAis, DIZEM DEBATEDORES<\/strong><\/span><br \/>\nA economista do Dieese e coordenadora nacional das PEDs, L\u00facia Garcia, destacou a import\u00e2ncia da pesquisa em \u00e2mbito local e nacional. \u201cN\u00e3o temos not\u00edcia de tamanha ousadia. S\u00e3o 30 mil domic\u00edlios por ano, em 25 anos. Com a relev\u00e2ncia do fator regional, o que a torna mais grandiosa. Estamos falando aqui de um canto do mundo, mas os dados produzidos s\u00e3o v\u00e1lidos para qualquer discuss\u00e3o do cen\u00e1rio brasileiro\u201d.<br \/>\nA pesquisadora do Dieese lembra que as pol\u00edticas p\u00fablicas do trabalho sempre tendem a certo \u201ceconomicismo\u201d. \u201cFala-se do valor do sal\u00e1rio m\u00ednimo e todos pensam que apenas alterando este fator resolve-se um problema. Governantes ignoram as din\u00e2micas dos mercados de trabalho. A PED \u00e9 exatamente o instrumento para nos lembrar dessas especificidades. Temos sempre novas perguntas, que justificam mais 25 anos de pesquisa\u201d, salientou L\u00facia Garcia.<br \/>\nO economista Carlos Henrique Horn, diretor da Faculdade de Economia da UFRGS, ao defender a perman\u00eancia da FEE e da PED lembrou que o Rio Grande do Sul: \u201cfoi vanguardista na constru\u00e7\u00e3o do estado moderno e agora, diante da crise fiscal, parece querer fazer o caminho inverso, voltar para antes de 1889 e vingar-se dos republicanos\u201d.<br \/>\n\u201cManter a PED, manter os sistemas estat\u00edsticos p\u00fablicos \u00e9 absolutamente fundamental para a luta entre\u00a0a racionalidade, a verdade factual e esta \u00e9poca da p\u00f3s-verdade e da pol\u00edtica irrespons\u00e1vel\u201d, afirmou o professor.<br \/>\nJ\u00e1 a ex-reitora da UFRGS, professora Wrana Panizzi, fez quest\u00e3o de recordar sua passagem como presidente da FEE e a implementa\u00e7\u00e3o da pesquisa na \u00e9poca. \u201cVenho aqui como algu\u00e9m que milita pela preserva\u00e7\u00e3o das institui\u00e7\u00f5es como a FEE, que sempre se manteve pela teimosia. E assim segue hoje, teimando, reafirmando compromissos, mostrando este trabalho de qualidade e import\u00e2ncia\u201d, destacou.<\/p>\n","protected":false},"excerpt":{"rendered":"<p>Neste m\u00eas completa-se 25 anos que a Funda\u00e7\u00e3o de Economia e Estat\u00edstica (FEE) realiza um dos mais importantes retratos do mercado de trabalho no Rio Grande do Sul. A cada 30 dias, cerca de 2,5 mil fam\u00edlias respondem aos questionamentos que embasam a Pesquisa de Emprego e Desemprego da Regi\u00e3o Metropolitana de Porto Alegre (PED-RMPA). [&hellip;]<\/p>\n","protected":false},"author":4,"featured_media":50291,"comment_status":"open","ping_status":"closed","sticky":false,"template":"","format":"standard","meta":{"_jetpack_newsletter_access":"","_jetpack_dont_email_post_to_subs":false,"_jetpack_newsletter_tier_id":0,"_jetpack_memberships_contains_paywalled_content":false,"_jetpack_feature_clip_id":0,"_jetpack_memberships_contains_paid_content":false,"footnotes":"","jetpack_post_was_ever_published":false},"categories":[26],"tags":[],"class_list":["post-50289","post","type-post","status-publish","format-standard","has-post-thumbnail","hentry","category-geral"],"aioseo_notices":[],"aioseo_head":"\n\t\t<!-- All in One SEO 5.0.1.1 - aioseo.com -->\n\t<meta name=\"robots\" content=\"max-image-preview:large\" \/>\n\t<meta name=\"author\" content=\"da Reda\u00e7\u00e3o\"\/>\n\t<link rel=\"canonical\" href=\"https:\/\/www.jornalja.com.br\/arquivo\/sob-ameaca-de-extincao-fee-celebra-25-anos-de-pesquisa-de-empregos-na-capital\/\" \/>\n\t<meta name=\"generator\" content=\"All in One SEO (AIOSEO) 5.0.1.1\" \/>\n\t\t<meta property=\"og:locale\" content=\"pt_BR\" \/>\n\t\t<meta property=\"og:site_name\" content=\"Arquivo | Jornal J\u00c1 | Porto Alegre\" \/>\n\t\t<meta property=\"og:type\" content=\"article\" \/>\n\t\t<meta property=\"og:title\" content=\"Sob amea\u00e7a de extin\u00e7\u00e3o, FEE celebra 25 anos de pesquisa de empregos na Capital | Arquivo\" \/>\n\t\t<meta property=\"og:url\" content=\"https:\/\/www.jornalja.com.br\/arquivo\/sob-ameaca-de-extincao-fee-celebra-25-anos-de-pesquisa-de-empregos-na-capital\/\" \/>\n\t\t<meta property=\"og:image\" content=\"https:\/\/www.jornalja.com.br\/economics\/wp-content\/uploads\/sites\/11\/2026\/08\/ja-folhaderosto-facebook.jpg\" \/>\n\t\t<meta property=\"og:image:secure_url\" content=\"https:\/\/www.jornalja.com.br\/economics\/wp-content\/uploads\/sites\/11\/2026\/08\/ja-folhaderosto-facebook.jpg\" \/>\n\t\t<meta property=\"article:published_time\" content=\"2017-06-20T04:21:25+00:00\" \/>\n\t\t<meta property=\"article:modified_time\" content=\"2017-06-20T04:21:25+00:00\" \/>\n\t\t<meta name=\"twitter:card\" content=\"summary\" \/>\n\t\t<meta name=\"twitter:title\" content=\"Sob amea\u00e7a de extin\u00e7\u00e3o, FEE celebra 25 anos de pesquisa de empregos na Capital | Arquivo\" \/>\n\t\t<meta name=\"twitter:image\" content=\"https:\/\/www.jornalja.com.br\/economics\/wp-content\/uploads\/sites\/11\/2026\/08\/ja-folhaderosto-facebook.jpg\" \/>\n\t\t<script type=\"application\/ld+json\" class=\"aioseo-schema\">\n\t\t\t{\"@context\":\"https:\\\/\\\/schema.org\",\"@graph\":[{\"@type\":\"BlogPosting\",\"@id\":\"https:\\\/\\\/www.jornalja.com.br\\\/arquivo\\\/sob-ameaca-de-extincao-fee-celebra-25-anos-de-pesquisa-de-empregos-na-capital\\\/#blogposting\",\"name\":\"Sob amea\\u00e7a de extin\\u00e7\\u00e3o, FEE celebra 25 anos de pesquisa de empregos na Capital | Arquivo\",\"headline\":\"Sob amea\\u00e7a de extin\\u00e7\\u00e3o, FEE celebra 25 anos de pesquisa de empregos na Capital\",\"author\":{\"@id\":\"https:\\\/\\\/www.jornalja.com.br\\\/arquivo\\\/author\\\/daredacao\\\/#author\"},\"publisher\":{\"@id\":\"https:\\\/\\\/www.jornalja.com.br\\\/arquivo\\\/#organization\"},\"image\":{\"@type\":\"ImageObject\",\"url\":50291},\"datePublished\":\"2017-06-20T01:21:25-03:00\",\"dateModified\":\"2017-06-20T01:21:25-03:00\",\"inLanguage\":\"pt-BR\",\"mainEntityOfPage\":{\"@id\":\"https:\\\/\\\/www.jornalja.com.br\\\/arquivo\\\/sob-ameaca-de-extincao-fee-celebra-25-anos-de-pesquisa-de-empregos-na-capital\\\/#webpage\"},\"isPartOf\":{\"@id\":\"https:\\\/\\\/www.jornalja.com.br\\\/arquivo\\\/sob-ameaca-de-extincao-fee-celebra-25-anos-de-pesquisa-de-empregos-na-capital\\\/#webpage\"},\"articleSection\":\"Geral\"},{\"@type\":\"BreadcrumbList\",\"@id\":\"https:\\\/\\\/www.jornalja.com.br\\\/arquivo\\\/sob-ameaca-de-extincao-fee-celebra-25-anos-de-pesquisa-de-empregos-na-capital\\\/#breadcrumblist\",\"itemListElement\":[{\"@type\":\"ListItem\",\"@id\":\"https:\\\/\\\/www.jornalja.com.br\\\/arquivo#listItem\",\"position\":1,\"name\":\"Home\",\"item\":\"https:\\\/\\\/www.jornalja.com.br\\\/arquivo\",\"nextItem\":{\"@type\":\"ListItem\",\"@id\":\"https:\\\/\\\/www.jornalja.com.br\\\/arquivo\\\/category\\\/geral\\\/#listItem\",\"name\":\"Geral\"}},{\"@type\":\"ListItem\",\"@id\":\"https:\\\/\\\/www.jornalja.com.br\\\/arquivo\\\/category\\\/geral\\\/#listItem\",\"position\":2,\"name\":\"Geral\",\"item\":\"https:\\\/\\\/www.jornalja.com.br\\\/arquivo\\\/category\\\/geral\\\/\",\"nextItem\":{\"@type\":\"ListItem\",\"@id\":\"https:\\\/\\\/www.jornalja.com.br\\\/arquivo\\\/sob-ameaca-de-extincao-fee-celebra-25-anos-de-pesquisa-de-empregos-na-capital\\\/#listItem\",\"name\":\"Sob amea\\u00e7a de extin\\u00e7\\u00e3o, FEE celebra 25 anos de pesquisa de empregos na Capital\"},\"previousItem\":{\"@type\":\"ListItem\",\"@id\":\"https:\\\/\\\/www.jornalja.com.br\\\/arquivo#listItem\",\"name\":\"Home\"}},{\"@type\":\"ListItem\",\"@id\":\"https:\\\/\\\/www.jornalja.com.br\\\/arquivo\\\/sob-ameaca-de-extincao-fee-celebra-25-anos-de-pesquisa-de-empregos-na-capital\\\/#listItem\",\"position\":3,\"name\":\"Sob amea\\u00e7a de extin\\u00e7\\u00e3o, FEE celebra 25 anos de pesquisa de empregos na Capital\",\"previousItem\":{\"@type\":\"ListItem\",\"@id\":\"https:\\\/\\\/www.jornalja.com.br\\\/arquivo\\\/category\\\/geral\\\/#listItem\",\"name\":\"Geral\"}}]},{\"@type\":\"Organization\",\"@id\":\"https:\\\/\\\/www.jornalja.com.br\\\/arquivo\\\/#organization\",\"name\":\"Jornal J\\u00c1\",\"description\":\"Jornal J\\u00c1 | Porto Alegre\",\"url\":\"https:\\\/\\\/www.jornalja.com.br\\\/arquivo\\\/\",\"telephone\":\"+555133307272\",\"logo\":{\"@type\":\"ImageObject\",\"url\":\"https:\\\/\\\/www.jornalja.com.br\\\/wp-content\\\/uploads\\\/cards\\\/JAslogan.png\",\"@id\":\"https:\\\/\\\/www.jornalja.com.br\\\/arquivo\\\/sob-ameaca-de-extincao-fee-celebra-25-anos-de-pesquisa-de-empregos-na-capital\\\/#organizationLogo\"},\"image\":{\"@id\":\"https:\\\/\\\/www.jornalja.com.br\\\/arquivo\\\/sob-ameaca-de-extincao-fee-celebra-25-anos-de-pesquisa-de-empregos-na-capital\\\/#organizationLogo\"}},{\"@type\":\"Person\",\"@id\":\"https:\\\/\\\/www.jornalja.com.br\\\/arquivo\\\/author\\\/daredacao\\\/#author\",\"url\":\"https:\\\/\\\/www.jornalja.com.br\\\/arquivo\\\/author\\\/daredacao\\\/\",\"name\":\"da Reda\\u00e7\\u00e3o\",\"image\":{\"@type\":\"ImageObject\",\"@id\":\"https:\\\/\\\/www.jornalja.com.br\\\/arquivo\\\/sob-ameaca-de-extincao-fee-celebra-25-anos-de-pesquisa-de-empregos-na-capital\\\/#authorImage\",\"url\":\"https:\\\/\\\/secure.gravatar.com\\\/avatar\\\/469fd857d6605ad19919d27ed29d35a968a25f6e8fd9318356bbb7f57aae9c65?s=96&d=mm&r=g\",\"width\":96,\"height\":96,\"caption\":\"da Reda\\u00e7\\u00e3o\"}},{\"@type\":\"WebPage\",\"@id\":\"https:\\\/\\\/www.jornalja.com.br\\\/arquivo\\\/sob-ameaca-de-extincao-fee-celebra-25-anos-de-pesquisa-de-empregos-na-capital\\\/#webpage\",\"url\":\"https:\\\/\\\/www.jornalja.com.br\\\/arquivo\\\/sob-ameaca-de-extincao-fee-celebra-25-anos-de-pesquisa-de-empregos-na-capital\\\/\",\"name\":\"Sob amea\\u00e7a de extin\\u00e7\\u00e3o, FEE celebra 25 anos de pesquisa de empregos na Capital | Arquivo\",\"inLanguage\":\"pt-BR\",\"isPartOf\":{\"@id\":\"https:\\\/\\\/www.jornalja.com.br\\\/arquivo\\\/#website\"},\"breadcrumb\":{\"@id\":\"https:\\\/\\\/www.jornalja.com.br\\\/arquivo\\\/sob-ameaca-de-extincao-fee-celebra-25-anos-de-pesquisa-de-empregos-na-capital\\\/#breadcrumblist\"},\"author\":{\"@id\":\"https:\\\/\\\/www.jornalja.com.br\\\/arquivo\\\/author\\\/daredacao\\\/#author\"},\"creator\":{\"@id\":\"https:\\\/\\\/www.jornalja.com.br\\\/arquivo\\\/author\\\/daredacao\\\/#author\"},\"image\":{\"@type\":\"ImageObject\",\"url\":50291,\"@id\":\"https:\\\/\\\/www.jornalja.com.br\\\/arquivo\\\/sob-ameaca-de-extincao-fee-celebra-25-anos-de-pesquisa-de-empregos-na-capital\\\/#mainImage\"},\"primaryImageOfPage\":{\"@id\":\"https:\\\/\\\/www.jornalja.com.br\\\/arquivo\\\/sob-ameaca-de-extincao-fee-celebra-25-anos-de-pesquisa-de-empregos-na-capital\\\/#mainImage\"},\"datePublished\":\"2017-06-20T01:21:25-03:00\",\"dateModified\":\"2017-06-20T01:21:25-03:00\"},{\"@type\":\"WebSite\",\"@id\":\"https:\\\/\\\/www.jornalja.com.br\\\/arquivo\\\/#website\",\"url\":\"https:\\\/\\\/www.jornalja.com.br\\\/arquivo\\\/\",\"name\":\"Arquivo\",\"description\":\"Jornal J\\u00c1 | Porto Alegre\",\"inLanguage\":\"pt-BR\",\"publisher\":{\"@id\":\"https:\\\/\\\/www.jornalja.com.br\\\/arquivo\\\/#organization\"}}]}\n\t\t<\/script>\n\t\t<!-- All in One SEO -->\n\n","aioseo_head_json":{"title":"Sob amea\u00e7a de extin\u00e7\u00e3o, FEE celebra 25 anos de pesquisa de empregos na Capital | Arquivo","description":"","canonical_url":"https:\/\/www.jornalja.com.br\/arquivo\/sob-ameaca-de-extincao-fee-celebra-25-anos-de-pesquisa-de-empregos-na-capital\/","robots":"max-image-preview:large","keywords":"","webmasterTools":{"miscellaneous":""},"schema":{"@context":"https:\/\/schema.org","@graph":[{"@type":"BlogPosting","@id":"https:\/\/www.jornalja.com.br\/arquivo\/sob-ameaca-de-extincao-fee-celebra-25-anos-de-pesquisa-de-empregos-na-capital\/#blogposting","name":"Sob amea\u00e7a de extin\u00e7\u00e3o, FEE celebra 25 anos de pesquisa de empregos na Capital | Arquivo","headline":"Sob amea\u00e7a de extin\u00e7\u00e3o, FEE celebra 25 anos de pesquisa de empregos na Capital","author":{"@id":"https:\/\/www.jornalja.com.br\/arquivo\/author\/daredacao\/#author"},"publisher":{"@id":"https:\/\/www.jornalja.com.br\/arquivo\/#organization"},"image":{"@type":"ImageObject","url":50291},"datePublished":"2017-06-20T01:21:25-03:00","dateModified":"2017-06-20T01:21:25-03:00","inLanguage":"pt-BR","mainEntityOfPage":{"@id":"https:\/\/www.jornalja.com.br\/arquivo\/sob-ameaca-de-extincao-fee-celebra-25-anos-de-pesquisa-de-empregos-na-capital\/#webpage"},"isPartOf":{"@id":"https:\/\/www.jornalja.com.br\/arquivo\/sob-ameaca-de-extincao-fee-celebra-25-anos-de-pesquisa-de-empregos-na-capital\/#webpage"},"articleSection":"Geral"},{"@type":"BreadcrumbList","@id":"https:\/\/www.jornalja.com.br\/arquivo\/sob-ameaca-de-extincao-fee-celebra-25-anos-de-pesquisa-de-empregos-na-capital\/#breadcrumblist","itemListElement":[{"@type":"ListItem","@id":"https:\/\/www.jornalja.com.br\/arquivo#listItem","position":1,"name":"Home","item":"https:\/\/www.jornalja.com.br\/arquivo","nextItem":{"@type":"ListItem","@id":"https:\/\/www.jornalja.com.br\/arquivo\/category\/geral\/#listItem","name":"Geral"}},{"@type":"ListItem","@id":"https:\/\/www.jornalja.com.br\/arquivo\/category\/geral\/#listItem","position":2,"name":"Geral","item":"https:\/\/www.jornalja.com.br\/arquivo\/category\/geral\/","nextItem":{"@type":"ListItem","@id":"https:\/\/www.jornalja.com.br\/arquivo\/sob-ameaca-de-extincao-fee-celebra-25-anos-de-pesquisa-de-empregos-na-capital\/#listItem","name":"Sob amea\u00e7a de extin\u00e7\u00e3o, FEE celebra 25 anos de pesquisa de empregos na Capital"},"previousItem":{"@type":"ListItem","@id":"https:\/\/www.jornalja.com.br\/arquivo#listItem","name":"Home"}},{"@type":"ListItem","@id":"https:\/\/www.jornalja.com.br\/arquivo\/sob-ameaca-de-extincao-fee-celebra-25-anos-de-pesquisa-de-empregos-na-capital\/#listItem","position":3,"name":"Sob amea\u00e7a de extin\u00e7\u00e3o, FEE celebra 25 anos de pesquisa de empregos na Capital","previousItem":{"@type":"ListItem","@id":"https:\/\/www.jornalja.com.br\/arquivo\/category\/geral\/#listItem","name":"Geral"}}]},{"@type":"Organization","@id":"https:\/\/www.jornalja.com.br\/arquivo\/#organization","name":"Jornal J\u00c1","description":"Jornal J\u00c1 | Porto Alegre","url":"https:\/\/www.jornalja.com.br\/arquivo\/","telephone":"+555133307272","logo":{"@type":"ImageObject","url":"https:\/\/www.jornalja.com.br\/wp-content\/uploads\/cards\/JAslogan.png","@id":"https:\/\/www.jornalja.com.br\/arquivo\/sob-ameaca-de-extincao-fee-celebra-25-anos-de-pesquisa-de-empregos-na-capital\/#organizationLogo"},"image":{"@id":"https:\/\/www.jornalja.com.br\/arquivo\/sob-ameaca-de-extincao-fee-celebra-25-anos-de-pesquisa-de-empregos-na-capital\/#organizationLogo"}},{"@type":"Person","@id":"https:\/\/www.jornalja.com.br\/arquivo\/author\/daredacao\/#author","url":"https:\/\/www.jornalja.com.br\/arquivo\/author\/daredacao\/","name":"da Reda\u00e7\u00e3o","image":{"@type":"ImageObject","@id":"https:\/\/www.jornalja.com.br\/arquivo\/sob-ameaca-de-extincao-fee-celebra-25-anos-de-pesquisa-de-empregos-na-capital\/#authorImage","url":"https:\/\/secure.gravatar.com\/avatar\/469fd857d6605ad19919d27ed29d35a968a25f6e8fd9318356bbb7f57aae9c65?s=96&d=mm&r=g","width":96,"height":96,"caption":"da Reda\u00e7\u00e3o"}},{"@type":"WebPage","@id":"https:\/\/www.jornalja.com.br\/arquivo\/sob-ameaca-de-extincao-fee-celebra-25-anos-de-pesquisa-de-empregos-na-capital\/#webpage","url":"https:\/\/www.jornalja.com.br\/arquivo\/sob-ameaca-de-extincao-fee-celebra-25-anos-de-pesquisa-de-empregos-na-capital\/","name":"Sob amea\u00e7a de extin\u00e7\u00e3o, FEE celebra 25 anos de pesquisa de empregos na Capital | Arquivo","inLanguage":"pt-BR","isPartOf":{"@id":"https:\/\/www.jornalja.com.br\/arquivo\/#website"},"breadcrumb":{"@id":"https:\/\/www.jornalja.com.br\/arquivo\/sob-ameaca-de-extincao-fee-celebra-25-anos-de-pesquisa-de-empregos-na-capital\/#breadcrumblist"},"author":{"@id":"https:\/\/www.jornalja.com.br\/arquivo\/author\/daredacao\/#author"},"creator":{"@id":"https:\/\/www.jornalja.com.br\/arquivo\/author\/daredacao\/#author"},"image":{"@type":"ImageObject","url":50291,"@id":"https:\/\/www.jornalja.com.br\/arquivo\/sob-ameaca-de-extincao-fee-celebra-25-anos-de-pesquisa-de-empregos-na-capital\/#mainImage"},"primaryImageOfPage":{"@id":"https:\/\/www.jornalja.com.br\/arquivo\/sob-ameaca-de-extincao-fee-celebra-25-anos-de-pesquisa-de-empregos-na-capital\/#mainImage"},"datePublished":"2017-06-20T01:21:25-03:00","dateModified":"2017-06-20T01:21:25-03:00"},{"@type":"WebSite","@id":"https:\/\/www.jornalja.com.br\/arquivo\/#website","url":"https:\/\/www.jornalja.com.br\/arquivo\/","name":"Arquivo","description":"Jornal J\u00c1 | Porto Alegre","inLanguage":"pt-BR","publisher":{"@id":"https:\/\/www.jornalja.com.br\/arquivo\/#organization"}}]},"og:locale":"pt_BR","og:site_name":"Arquivo | Jornal J\u00c1 | Porto Alegre","og:type":"article","og:title":"Sob amea\u00e7a de extin\u00e7\u00e3o, FEE celebra 25 anos de pesquisa de empregos na Capital | Arquivo","og:url":"https:\/\/www.jornalja.com.br\/arquivo\/sob-ameaca-de-extincao-fee-celebra-25-anos-de-pesquisa-de-empregos-na-capital\/","og:image":"https:\/\/www.jornalja.com.br\/economics\/wp-content\/uploads\/sites\/11\/2026\/08\/ja-folhaderosto-facebook.jpg","og:image:secure_url":"https:\/\/www.jornalja.com.br\/economics\/wp-content\/uploads\/sites\/11\/2026\/08\/ja-folhaderosto-facebook.jpg","article:published_time":"2017-06-20T04:21:25+00:00","article:modified_time":"2017-06-20T04:21:25+00:00","twitter:card":"summary","twitter:title":"Sob amea\u00e7a de extin\u00e7\u00e3o, FEE celebra 25 anos de pesquisa de empregos na Capital | Arquivo","twitter:image":"https:\/\/www.jornalja.com.br\/economics\/wp-content\/uploads\/sites\/11\/2026\/08\/ja-folhaderosto-facebook.jpg"},"aioseo_meta_data":{"post_id":"50289","title":null,"description":null,"keywords":null,"keyphrases":null,"primary_term":null,"canonical_url":null,"og_title":null,"og_description":null,"og_object_type":"default","og_image_type":"default","og_image_url":null,"og_image_width":null,"og_image_height":null,"og_image_custom_url":null,"og_image_custom_fields":null,"og_video":null,"og_custom_url":null,"og_article_section":null,"og_article_tags":null,"twitter_use_og":false,"twitter_card":"default","twitter_image_type":"default","twitter_image_url":null,"twitter_image_custom_url":null,"twitter_image_custom_fields":null,"twitter_title":null,"twitter_description":null,"schema":{"blockGraphs":[],"customGraphs":[],"default":{"data":{"Article":[],"Course":[],"Dataset":[],"FAQPage":[],"Movie":[],"Person":[],"Product":[],"ProductReview":[],"Car":[],"Recipe":[],"Service":[],"SoftwareApplication":[],"WebPage":[]},"graphName":"","isEnabled":true},"graphs":[],"defaultGraph":"","defaultPostTypeGraph":""},"schema_type":null,"schema_type_options":null,"pillar_content":false,"robots_default":true,"robots_noindex":false,"robots_noarchive":false,"robots_nosnippet":false,"robots_nofollow":false,"robots_noimageindex":false,"robots_noodp":false,"robots_notranslate":false,"robots_max_snippet":null,"robots_max_videopreview":null,"robots_max_imagepreview":"large","priority":null,"frequency":null,"location":null,"local_seo":null,"breadcrumb_settings":null,"limit_modified_date":false,"ai":null,"created":"2020-12-20 20:32:00","updated":"2025-07-19 22:20:15","seo_analyzer_scan_date":null,"focus_keyword":null,"additional_keywords":null,"truseo_locale":null},"jetpack_sharing_enabled":true,"jetpack-related-posts":[{"id":13101,"url":"https:\/\/www.jornalja.com.br\/arquivo\/morre-um-guerreiro-do-texto\/","url_meta":{"origin":50289,"position":0},"title":"Morre um guerreiro do texto","author":"Patr\u00edcia Marini","date":"14 de maio de 2014","format":false,"excerpt":"Por Ricardo Kotscho Reproduzido do blog do autor, 11\/5\/2014; t\u00edtulo original \u201cE l\u00e1 se foi o nosso Myltainho, guerreiro do texto\u201d. Mi\u00fado e franzino, meu amigo Myltainho era um valente e inconformado guerreiro na luta contra as injusti\u00e7as sociais, a hipocrisia, as maracutaias, o autoritarismo, a intoler\u00e2ncia, a viol\u00eancia, o\u2026","rel":"","context":"Em &quot;Geral&quot;","block_context":{"text":"Geral","link":"https:\/\/www.jornalja.com.br\/arquivo\/category\/geral\/"},"img":{"alt_text":"","src":"","width":0,"height":0},"classes":[]},{"id":13124,"url":"https:\/\/www.jornalja.com.br\/arquivo\/sangue-latino-no-iecine\/","url_meta":{"origin":50289,"position":1},"title":"Sangue latino no IECINE","author":"da Reda\u00e7\u00e3o","date":"18 de maio de 2014","format":false,"excerpt":"Francisco Ribeiro O Instituto Estadual de Cinema (IECINE) tem a frente, desde abril \u00faltimo, um novo diretor, o cineasta colombiano Juan Zapata, 36, que substitui Luiz Alberto Cassol. Radicado h\u00e1 dez anos em Porto Alegre, Zapata tem diante de si o desafio de conduzir at\u00e9 o final do ano um\u2026","rel":"","context":"Em &quot;Cultura-Geral&quot;","block_context":{"text":"Cultura-Geral","link":"https:\/\/www.jornalja.com.br\/arquivo\/category\/materiasecundaria\/"},"img":{"alt_text":"","src":"","width":0,"height":0},"classes":[]},{"id":13109,"url":"https:\/\/www.jornalja.com.br\/arquivo\/judiciario-reconhece-poluicao-eletromagnetica\/","url_meta":{"origin":50289,"position":2},"title":"Judici\u00e1rio reconhece polui\u00e7\u00e3o eletromagn\u00e9tica","author":"Patr\u00edcia Marini","date":"16 de maio de 2014","format":false,"excerpt":"A\u00e7\u00e3o de duas associa\u00e7\u00f5es de moradores foi acolhida pelo Tribunal de Justi\u00e7a de S\u00e3o Paulo que. em decis\u00e3o in\u00e9dita, determinou a redu\u00e7\u00e3o do campo eletromagn\u00e9tico gerado pelas linhas de transmiss\u00e3o de energia que cortam os bairros City Boa\u00e7ava e Alto de Pinheiros. \u00c9 a primeira vez que um tribunal do\u2026","rel":"","context":"Em &quot;X.Categorias velhas&quot;","block_context":{"text":"X.Categorias velhas","link":"https:\/\/www.jornalja.com.br\/arquivo\/category\/x-categorias-velhas\/"},"img":{"alt_text":"","src":"","width":0,"height":0},"classes":[]},{"id":12960,"url":"https:\/\/www.jornalja.com.br\/arquivo\/populacao-culpa-empresas-pela-greve-dos-rodoviarios\/","url_meta":{"origin":50289,"position":3},"title":"Popula\u00e7\u00e3o culpa empresas pela greve","author":"Patr\u00edcia Marini","date":"14 de fevereiro de 2014","format":false,"excerpt":"Pesquisa divulgada na edi\u00e7\u00e3o do jornal Metro desta sexta-feira,14, comprova o velho ditado: \u00e9 poss\u00edvel enganar muitos por algum tempo, mas n\u00e3o \u00e9 poss\u00edvel enganar a todos o tempo inteiro. A principal revela\u00e7\u00e3o foi que 59,8% dos entrevistados apontaram as empresas como as principais respons\u00e1veis pela grave e 46% culparam\u2026","rel":"","context":"Em &quot;X.Categorias velhas&quot;","block_context":{"text":"X.Categorias velhas","link":"https:\/\/www.jornalja.com.br\/arquivo\/category\/x-categorias-velhas\/"},"img":{"alt_text":"","src":"","width":0,"height":0},"classes":[]},{"id":13128,"url":"https:\/\/www.jornalja.com.br\/arquivo\/maconha-terra-diz-que-uso-medicinal-e-desculpa\/","url_meta":{"origin":50289,"position":4},"title":"Maconha: Terra diz que uso medicinal \u00e9 desculpa","author":"Patr\u00edcia Marini","date":"4 de junho de 2014","format":false,"excerpt":"A condi\u00e7\u00e3o de pol\u00edtico, em \u00e9poca de campanha de campanha eleitoral, tira for\u00e7a do discurso do m\u00e9dico Osmar Terra contra a legaliza\u00e7\u00e3o da maconha. A tese dele de que a libera\u00e7\u00e3o vai ampliar exponencialmente o consumo \u00e9 discutivel, o consumo \u00e9 corrente. Mas seus alertas quanto aos riscos tem que\u2026","rel":"","context":"Em &quot;X.Categorias velhas&quot;","block_context":{"text":"X.Categorias velhas","link":"https:\/\/www.jornalja.com.br\/arquivo\/category\/x-categorias-velhas\/"},"img":{"alt_text":"","src":"","width":0,"height":0},"classes":[]},{"id":14241,"url":"https:\/\/www.jornalja.com.br\/arquivo\/o-guaiba-nas-imagens-poeticas-de-achutti\/","url_meta":{"origin":50289,"position":5},"title":"O Gua\u00edba nas imagens po\u00e9ticas de Achutti","author":"da Reda\u00e7\u00e3o","date":"18 de junho de 2014","format":false,"excerpt":"Em \u201cO Gua\u00edba por Achutti\u201d \u2013 obra financiada via Minist\u00e9rio da Cultura, produ\u00e7\u00e3o executiva de Pedro Longhi, e Fl\u00e1vio Wild como designer \u2013, o fot\u00f3grafo revela a beleza e as mazelas de um espa\u00e7o aqu\u00e1tico de \u00e1guas sempre renovadas, cheio de hist\u00f3rias e lendas como as das cidades que foram\u2026","rel":"","context":"Em &quot;Cultura-Geral&quot;","block_context":{"text":"Cultura-Geral","link":"https:\/\/www.jornalja.com.br\/arquivo\/category\/materiasecundaria\/"},"img":{"alt_text":"","src":"","width":0,"height":0},"classes":[]}],"jetpack_shortlink":"https:\/\/wp.me\/pbQjBd-d57","jetpack_featured_media_url":"","_links":{"self":[{"href":"https:\/\/www.jornalja.com.br\/arquivo\/wp-json\/wp\/v2\/posts\/50289","targetHints":{"allow":["GET"]}}],"collection":[{"href":"https:\/\/www.jornalja.com.br\/arquivo\/wp-json\/wp\/v2\/posts"}],"about":[{"href":"https:\/\/www.jornalja.com.br\/arquivo\/wp-json\/wp\/v2\/types\/post"}],"author":[{"embeddable":true,"href":"https:\/\/www.jornalja.com.br\/arquivo\/wp-json\/wp\/v2\/users\/4"}],"replies":[{"embeddable":true,"href":"https:\/\/www.jornalja.com.br\/arquivo\/wp-json\/wp\/v2\/comments?post=50289"}],"version-history":[{"count":0,"href":"https:\/\/www.jornalja.com.br\/arquivo\/wp-json\/wp\/v2\/posts\/50289\/revisions"}],"wp:attachment":[{"href":"https:\/\/www.jornalja.com.br\/arquivo\/wp-json\/wp\/v2\/media?parent=50289"}],"wp:term":[{"taxonomy":"category","embeddable":true,"href":"https:\/\/www.jornalja.com.br\/arquivo\/wp-json\/wp\/v2\/categories?post=50289"},{"taxonomy":"post_tag","embeddable":true,"href":"https:\/\/www.jornalja.com.br\/arquivo\/wp-json\/wp\/v2\/tags?post=50289"}],"curies":[{"name":"wp","href":"https:\/\/api.w.org\/{rel}","templated":true}]}}