{"id":50299,"date":"2017-06-20T02:03:06","date_gmt":"2017-06-20T05:03:06","guid":{"rendered":"https:\/\/www.jornalja.com.br\/?p=50299"},"modified":"2017-06-20T02:03:06","modified_gmt":"2017-06-20T05:03:06","slug":"festival-de-cinema-a-ceu-aberto-acontece-na-fundacao-pao-dos-pobres","status":"publish","type":"post","link":"https:\/\/www.jornalja.com.br\/arquivo\/festival-de-cinema-a-ceu-aberto-acontece-na-fundacao-pao-dos-pobres\/","title":{"rendered":"Festival de cinema a c\u00e9u aberto\u00a0na Funda\u00e7\u00e3o P\u00e3o dos Pobres"},"content":{"rendered":"<p>Nesta sexta-feira, dia 23 de junho, ser\u00e1 realizado\u00a0o segundo dia de programa\u00e7\u00e3o do Matin\u00ea, Festival de cinema a c\u00e9u aberto. Desta vez, o evento acontece na Funda\u00e7\u00e3o P\u00e3o dos Pobres, na Cidade Baixa.<br \/>\nO evento j\u00e1 havia sido adiado por duas vezes no m\u00eas de maio por causa do mau tempo. No dia 3 de junho, ocorreu a primeira apresenta\u00e7\u00e3o, contando com um p\u00fablico de mais de 5 mil pessoas que circularam ao longo da programa\u00e7\u00e3o, com diversas oficinas e uma tela de cinema montada em pleno Parc\u00e3o.<br \/>\nAinda durante esta sexta-feira, ser\u00e3o oferecidas oficinas para os alunos da Funda\u00e7\u00e3o. As demais atividades ser\u00e3o abertas ao p\u00fablico.<br \/>\n<strong>Servi\u00e7o:<\/strong><br \/>\n<strong>Projeto Matin\u00ea\u00a0\u2013\u00a02\u00ba dia, <\/strong><strong>23 de junho, sexta-feira<\/strong><br \/>\nLocal: Funda\u00e7\u00e3o P\u00e3o dos Pobres (Rua da Rep\u00fablica, 801 &#8211; Cidade Baixa).\u00a0Hor\u00e1rio: 10h \u00e0s 22h<br \/>\nEvento gratuito.<br \/>\n<strong>Programa\u00e7\u00e3o:<\/strong><br \/>\n<strong>23 de junho, sexta-feira<\/strong><br \/>\n10h &#8211; Oficina de Efeitos Especiais*<br \/>\n14h &#8211; Mostra Curta Pr\u00f3-Cultura RS<br \/>\n14h &#8211;\u00a0Oficina de Stop Motion*<br \/>\n15h &#8211; Exibi\u00e7\u00e3o do filme de anima\u00e7\u00e3o O Menino e o Mundo (Al\u00ea Abreu)<br \/>\n16h \u2013 Viv\u00eancia de cinema \u201cUm Dia de Estrela\u201d*<br \/>\n18h30 &#8211; Bate\u2013papo com a diretora Ma\u00edra Coelho e exibi\u00e7\u00e3o de Os Retirantes<br \/>\n19h30 &#8211; Exibi\u00e7\u00e3o do longa metragem Saneamento B\u00e1sico (Jorge Furtado &#8211; 2016)<br \/>\n21h &#8211; Show com Cine Floyd<br \/>\n22h \u2013 t\u00e9rmino<br \/>\n<strong>Exibi\u00e7\u00e3o de filmes<\/strong><br \/>\nSer\u00e1 exibido O Menino e o Mundo, de Al\u00ea Abreu e Saneamento B\u00e1sico, de Jorge Furtado, al\u00e9m de filmes curta-metragem financiados pelo Pr\u00f3-Cultura RS.<br \/>\n<strong>Bate-papo<\/strong><br \/>\nO bate-papo ser\u00e1 realizados com a diretora Ma\u00edra Coelho. A conversa ser\u00e1 mediada pelo jornalista Roger Lerina.<br \/>\n<strong>Viv\u00eancia de cinema*<\/strong><br \/>\nPara esta oficina, o evento disponibilizar\u00e1 um set de filmagem e os alunos ter\u00e3o acesso a figurinos e adere\u00e7os para encenar um momento cl\u00e1ssico do cinema.\u00a0As cenas utilizadas para viv\u00eancia de cinema ser\u00e3o inspiradas na obra do eterno Chaves, Roberto Bola\u00f1os. Seus personagens e est\u00f3rias s\u00e3o amplamente conhecidos do grande p\u00fablico, e possuem um vi\u00e9s interessante para que fam\u00edlias possam brincar de fazer cinema. Sob a dire\u00e7\u00e3o t\u00e9cnica da Cena Um Produ\u00e7\u00f5es e do diretor Rafa Cambar\u00e1, as cenas filmadas ser\u00e3o editadas e disponibilizadas\u00a0posteriormente\u00a0na internet, \u00a0al\u00e9m de serem exibidas durante o evento.<br \/>\n<strong>Oficina de efeitos especiais*<\/strong><br \/>\nA oficina de maquiagem de efeitos especiais para cinema ter\u00e1 dura\u00e7\u00e3o de duas horas e ser\u00e1 ministrada pela maquiadora Luana Zinn. O p\u00fablico conhecer\u00e1 os materiais, suas aplica\u00e7\u00f5es e as t\u00e9cnicas utilizadas, concluindo com execu\u00e7\u00e3o pr\u00e1tica do aprendizado uns nos outros.<br \/>\n<strong>Oficina de anima\u00e7\u00e3o*\u00a0<\/strong><br \/>\nOs oficinandos receber\u00e3o informa\u00e7\u00f5es sobre constru\u00e7\u00e3o de bonecos, t\u00e9cnicas de manipula\u00e7\u00e3o, capta\u00e7\u00e3o e edi\u00e7\u00e3o de imagens. Coletivamente criar\u00e3o e executar\u00e3o uma cena com os prot\u00f3tipos. As imagens ser\u00e3o e estar\u00e3o dispon\u00edveis nas plataformas do evento para a difus\u00e3o do projeto nos meios de comunica\u00e7\u00e3o virtuais. Ser\u00e1 ministrada pelo bonequeiro Nando Rossa e ter\u00e1 dura\u00e7\u00e3o de duas horas.<br \/>\n<strong>Show musical<\/strong><br \/>\nO show musical ser\u00e1 apresentado pela banda Cine Floyd. Diz a lenda que aclamado \u00e1lbum do Pink Floyd, Dark Side of the Moon, de 1973, foi composto em sincronia com o filme O M\u00e1gico de Oz, de 1939. Para se comprovar ou desmentir essa lenda, a banda Cine Floyd executar\u00e1 ao vivo o \u00e1lbum, simultaneamente \u00e0 exibi\u00e7\u00e3o do filme. O mesmo acontecer\u00e1 com a m\u00fasica Echoes \u2013 com dura\u00e7\u00e3o de mais de 23 minutos &#8211; que ser\u00e1 executada simultaneamente com o filme 2001 Uma Odiss\u00e9ia no Espa\u00e7o, de Stanley Kubrick, de 2001.<\/p>\n","protected":false},"excerpt":{"rendered":"<p>Nesta sexta-feira, dia 23 de junho, ser\u00e1 realizado\u00a0o segundo dia de programa\u00e7\u00e3o do Matin\u00ea, Festival de cinema a c\u00e9u aberto. Desta vez, o evento acontece na Funda\u00e7\u00e3o P\u00e3o dos Pobres, na Cidade Baixa. O evento j\u00e1 havia sido adiado por duas vezes no m\u00eas de maio por causa do mau tempo. No dia 3 de [&hellip;]<\/p>\n","protected":false},"author":4,"featured_media":50300,"comment_status":"open","ping_status":"closed","sticky":false,"template":"","format":"standard","meta":{"_jetpack_newsletter_access":"","_jetpack_dont_email_post_to_subs":false,"_jetpack_newsletter_tier_id":0,"_jetpack_memberships_contains_paywalled_content":false,"_jetpack_feature_clip_id":0,"_jetpack_memberships_contains_paid_content":false,"footnotes":"","jetpack_post_was_ever_published":false},"categories":[11,706],"tags":[],"class_list":["post-50299","post","type-post","status-publish","format-standard","has-post-thumbnail","hentry","category-materiasecundaria","category-jacultura"],"aioseo_notices":[],"aioseo_head":"\n\t\t<!-- All in One SEO 5.0.1.1 - aioseo.com -->\n\t<meta name=\"robots\" content=\"max-image-preview:large\" \/>\n\t<meta name=\"author\" content=\"da Reda\u00e7\u00e3o\"\/>\n\t<link rel=\"canonical\" href=\"https:\/\/www.jornalja.com.br\/arquivo\/festival-de-cinema-a-ceu-aberto-acontece-na-fundacao-pao-dos-pobres\/\" \/>\n\t<meta name=\"generator\" content=\"All in One SEO (AIOSEO) 5.0.1.1\" \/>\n\t\t<meta property=\"og:locale\" content=\"pt_BR\" \/>\n\t\t<meta property=\"og:site_name\" content=\"Arquivo | Jornal J\u00c1 | Porto Alegre\" \/>\n\t\t<meta property=\"og:type\" content=\"article\" \/>\n\t\t<meta property=\"og:title\" content=\"Festival de cinema a c\u00e9u aberto na Funda\u00e7\u00e3o P\u00e3o dos Pobres | Arquivo\" \/>\n\t\t<meta property=\"og:url\" content=\"https:\/\/www.jornalja.com.br\/arquivo\/festival-de-cinema-a-ceu-aberto-acontece-na-fundacao-pao-dos-pobres\/\" \/>\n\t\t<meta property=\"og:image\" content=\"https:\/\/www.jornalja.com.br\/economics\/wp-content\/uploads\/sites\/11\/2026\/08\/ja-folhaderosto-facebook.jpg\" \/>\n\t\t<meta property=\"og:image:secure_url\" content=\"https:\/\/www.jornalja.com.br\/economics\/wp-content\/uploads\/sites\/11\/2026\/08\/ja-folhaderosto-facebook.jpg\" \/>\n\t\t<meta property=\"article:published_time\" content=\"2017-06-20T05:03:06+00:00\" \/>\n\t\t<meta property=\"article:modified_time\" content=\"2017-06-20T05:03:06+00:00\" \/>\n\t\t<meta name=\"twitter:card\" content=\"summary\" \/>\n\t\t<meta name=\"twitter:title\" content=\"Festival de cinema a c\u00e9u aberto na Funda\u00e7\u00e3o P\u00e3o dos Pobres | Arquivo\" \/>\n\t\t<meta name=\"twitter:image\" content=\"https:\/\/www.jornalja.com.br\/economics\/wp-content\/uploads\/sites\/11\/2026\/08\/ja-folhaderosto-facebook.jpg\" \/>\n\t\t<script type=\"application\/ld+json\" class=\"aioseo-schema\">\n\t\t\t{\"@context\":\"https:\\\/\\\/schema.org\",\"@graph\":[{\"@type\":\"BlogPosting\",\"@id\":\"https:\\\/\\\/www.jornalja.com.br\\\/arquivo\\\/festival-de-cinema-a-ceu-aberto-acontece-na-fundacao-pao-dos-pobres\\\/#blogposting\",\"name\":\"Festival de cinema a c\\u00e9u aberto na Funda\\u00e7\\u00e3o P\\u00e3o dos Pobres | Arquivo\",\"headline\":\"Festival de cinema a c\\u00e9u aberto\\u00a0na Funda\\u00e7\\u00e3o P\\u00e3o dos Pobres\",\"author\":{\"@id\":\"https:\\\/\\\/www.jornalja.com.br\\\/arquivo\\\/author\\\/daredacao\\\/#author\"},\"publisher\":{\"@id\":\"https:\\\/\\\/www.jornalja.com.br\\\/arquivo\\\/#organization\"},\"image\":{\"@type\":\"ImageObject\",\"url\":50300},\"datePublished\":\"2017-06-20T02:03:06-03:00\",\"dateModified\":\"2017-06-20T02:03:06-03:00\",\"inLanguage\":\"pt-BR\",\"mainEntityOfPage\":{\"@id\":\"https:\\\/\\\/www.jornalja.com.br\\\/arquivo\\\/festival-de-cinema-a-ceu-aberto-acontece-na-fundacao-pao-dos-pobres\\\/#webpage\"},\"isPartOf\":{\"@id\":\"https:\\\/\\\/www.jornalja.com.br\\\/arquivo\\\/festival-de-cinema-a-ceu-aberto-acontece-na-fundacao-pao-dos-pobres\\\/#webpage\"},\"articleSection\":\"Cultura-Geral, HOTSITE J\\u00c1 Cultura\"},{\"@type\":\"BreadcrumbList\",\"@id\":\"https:\\\/\\\/www.jornalja.com.br\\\/arquivo\\\/festival-de-cinema-a-ceu-aberto-acontece-na-fundacao-pao-dos-pobres\\\/#breadcrumblist\",\"itemListElement\":[{\"@type\":\"ListItem\",\"@id\":\"https:\\\/\\\/www.jornalja.com.br\\\/arquivo#listItem\",\"position\":1,\"name\":\"Home\",\"item\":\"https:\\\/\\\/www.jornalja.com.br\\\/arquivo\",\"nextItem\":{\"@type\":\"ListItem\",\"@id\":\"https:\\\/\\\/www.jornalja.com.br\\\/arquivo\\\/category\\\/materiasecundaria\\\/#listItem\",\"name\":\"Cultura-Geral\"}},{\"@type\":\"ListItem\",\"@id\":\"https:\\\/\\\/www.jornalja.com.br\\\/arquivo\\\/category\\\/materiasecundaria\\\/#listItem\",\"position\":2,\"name\":\"Cultura-Geral\",\"item\":\"https:\\\/\\\/www.jornalja.com.br\\\/arquivo\\\/category\\\/materiasecundaria\\\/\",\"nextItem\":{\"@type\":\"ListItem\",\"@id\":\"https:\\\/\\\/www.jornalja.com.br\\\/arquivo\\\/festival-de-cinema-a-ceu-aberto-acontece-na-fundacao-pao-dos-pobres\\\/#listItem\",\"name\":\"Festival de cinema a c\\u00e9u aberto\\u00a0na Funda\\u00e7\\u00e3o P\\u00e3o dos Pobres\"},\"previousItem\":{\"@type\":\"ListItem\",\"@id\":\"https:\\\/\\\/www.jornalja.com.br\\\/arquivo#listItem\",\"name\":\"Home\"}},{\"@type\":\"ListItem\",\"@id\":\"https:\\\/\\\/www.jornalja.com.br\\\/arquivo\\\/festival-de-cinema-a-ceu-aberto-acontece-na-fundacao-pao-dos-pobres\\\/#listItem\",\"position\":3,\"name\":\"Festival de cinema a c\\u00e9u aberto\\u00a0na Funda\\u00e7\\u00e3o P\\u00e3o dos Pobres\",\"previousItem\":{\"@type\":\"ListItem\",\"@id\":\"https:\\\/\\\/www.jornalja.com.br\\\/arquivo\\\/category\\\/materiasecundaria\\\/#listItem\",\"name\":\"Cultura-Geral\"}}]},{\"@type\":\"Organization\",\"@id\":\"https:\\\/\\\/www.jornalja.com.br\\\/arquivo\\\/#organization\",\"name\":\"Jornal J\\u00c1\",\"description\":\"Jornal J\\u00c1 | Porto Alegre\",\"url\":\"https:\\\/\\\/www.jornalja.com.br\\\/arquivo\\\/\",\"telephone\":\"+555133307272\",\"logo\":{\"@type\":\"ImageObject\",\"url\":\"https:\\\/\\\/www.jornalja.com.br\\\/wp-content\\\/uploads\\\/cards\\\/JAslogan.png\",\"@id\":\"https:\\\/\\\/www.jornalja.com.br\\\/arquivo\\\/festival-de-cinema-a-ceu-aberto-acontece-na-fundacao-pao-dos-pobres\\\/#organizationLogo\"},\"image\":{\"@id\":\"https:\\\/\\\/www.jornalja.com.br\\\/arquivo\\\/festival-de-cinema-a-ceu-aberto-acontece-na-fundacao-pao-dos-pobres\\\/#organizationLogo\"}},{\"@type\":\"Person\",\"@id\":\"https:\\\/\\\/www.jornalja.com.br\\\/arquivo\\\/author\\\/daredacao\\\/#author\",\"url\":\"https:\\\/\\\/www.jornalja.com.br\\\/arquivo\\\/author\\\/daredacao\\\/\",\"name\":\"da Reda\\u00e7\\u00e3o\",\"image\":{\"@type\":\"ImageObject\",\"@id\":\"https:\\\/\\\/www.jornalja.com.br\\\/arquivo\\\/festival-de-cinema-a-ceu-aberto-acontece-na-fundacao-pao-dos-pobres\\\/#authorImage\",\"url\":\"https:\\\/\\\/secure.gravatar.com\\\/avatar\\\/469fd857d6605ad19919d27ed29d35a968a25f6e8fd9318356bbb7f57aae9c65?s=96&d=mm&r=g\",\"width\":96,\"height\":96,\"caption\":\"da Reda\\u00e7\\u00e3o\"}},{\"@type\":\"WebPage\",\"@id\":\"https:\\\/\\\/www.jornalja.com.br\\\/arquivo\\\/festival-de-cinema-a-ceu-aberto-acontece-na-fundacao-pao-dos-pobres\\\/#webpage\",\"url\":\"https:\\\/\\\/www.jornalja.com.br\\\/arquivo\\\/festival-de-cinema-a-ceu-aberto-acontece-na-fundacao-pao-dos-pobres\\\/\",\"name\":\"Festival de cinema a c\\u00e9u aberto na Funda\\u00e7\\u00e3o P\\u00e3o dos Pobres | Arquivo\",\"inLanguage\":\"pt-BR\",\"isPartOf\":{\"@id\":\"https:\\\/\\\/www.jornalja.com.br\\\/arquivo\\\/#website\"},\"breadcrumb\":{\"@id\":\"https:\\\/\\\/www.jornalja.com.br\\\/arquivo\\\/festival-de-cinema-a-ceu-aberto-acontece-na-fundacao-pao-dos-pobres\\\/#breadcrumblist\"},\"author\":{\"@id\":\"https:\\\/\\\/www.jornalja.com.br\\\/arquivo\\\/author\\\/daredacao\\\/#author\"},\"creator\":{\"@id\":\"https:\\\/\\\/www.jornalja.com.br\\\/arquivo\\\/author\\\/daredacao\\\/#author\"},\"image\":{\"@type\":\"ImageObject\",\"url\":50300,\"@id\":\"https:\\\/\\\/www.jornalja.com.br\\\/arquivo\\\/festival-de-cinema-a-ceu-aberto-acontece-na-fundacao-pao-dos-pobres\\\/#mainImage\"},\"primaryImageOfPage\":{\"@id\":\"https:\\\/\\\/www.jornalja.com.br\\\/arquivo\\\/festival-de-cinema-a-ceu-aberto-acontece-na-fundacao-pao-dos-pobres\\\/#mainImage\"},\"datePublished\":\"2017-06-20T02:03:06-03:00\",\"dateModified\":\"2017-06-20T02:03:06-03:00\"},{\"@type\":\"WebSite\",\"@id\":\"https:\\\/\\\/www.jornalja.com.br\\\/arquivo\\\/#website\",\"url\":\"https:\\\/\\\/www.jornalja.com.br\\\/arquivo\\\/\",\"name\":\"Arquivo\",\"description\":\"Jornal J\\u00c1 | Porto Alegre\",\"inLanguage\":\"pt-BR\",\"publisher\":{\"@id\":\"https:\\\/\\\/www.jornalja.com.br\\\/arquivo\\\/#organization\"}}]}\n\t\t<\/script>\n\t\t<!-- All in One SEO -->\n\n","aioseo_head_json":{"title":"Festival de cinema a c\u00e9u aberto na Funda\u00e7\u00e3o P\u00e3o dos Pobres | Arquivo","description":"","canonical_url":"https:\/\/www.jornalja.com.br\/arquivo\/festival-de-cinema-a-ceu-aberto-acontece-na-fundacao-pao-dos-pobres\/","robots":"max-image-preview:large","keywords":"","webmasterTools":{"miscellaneous":""},"schema":{"@context":"https:\/\/schema.org","@graph":[{"@type":"BlogPosting","@id":"https:\/\/www.jornalja.com.br\/arquivo\/festival-de-cinema-a-ceu-aberto-acontece-na-fundacao-pao-dos-pobres\/#blogposting","name":"Festival de cinema a c\u00e9u aberto na Funda\u00e7\u00e3o P\u00e3o dos Pobres | Arquivo","headline":"Festival de cinema a c\u00e9u aberto\u00a0na Funda\u00e7\u00e3o P\u00e3o dos Pobres","author":{"@id":"https:\/\/www.jornalja.com.br\/arquivo\/author\/daredacao\/#author"},"publisher":{"@id":"https:\/\/www.jornalja.com.br\/arquivo\/#organization"},"image":{"@type":"ImageObject","url":50300},"datePublished":"2017-06-20T02:03:06-03:00","dateModified":"2017-06-20T02:03:06-03:00","inLanguage":"pt-BR","mainEntityOfPage":{"@id":"https:\/\/www.jornalja.com.br\/arquivo\/festival-de-cinema-a-ceu-aberto-acontece-na-fundacao-pao-dos-pobres\/#webpage"},"isPartOf":{"@id":"https:\/\/www.jornalja.com.br\/arquivo\/festival-de-cinema-a-ceu-aberto-acontece-na-fundacao-pao-dos-pobres\/#webpage"},"articleSection":"Cultura-Geral, HOTSITE J\u00c1 Cultura"},{"@type":"BreadcrumbList","@id":"https:\/\/www.jornalja.com.br\/arquivo\/festival-de-cinema-a-ceu-aberto-acontece-na-fundacao-pao-dos-pobres\/#breadcrumblist","itemListElement":[{"@type":"ListItem","@id":"https:\/\/www.jornalja.com.br\/arquivo#listItem","position":1,"name":"Home","item":"https:\/\/www.jornalja.com.br\/arquivo","nextItem":{"@type":"ListItem","@id":"https:\/\/www.jornalja.com.br\/arquivo\/category\/materiasecundaria\/#listItem","name":"Cultura-Geral"}},{"@type":"ListItem","@id":"https:\/\/www.jornalja.com.br\/arquivo\/category\/materiasecundaria\/#listItem","position":2,"name":"Cultura-Geral","item":"https:\/\/www.jornalja.com.br\/arquivo\/category\/materiasecundaria\/","nextItem":{"@type":"ListItem","@id":"https:\/\/www.jornalja.com.br\/arquivo\/festival-de-cinema-a-ceu-aberto-acontece-na-fundacao-pao-dos-pobres\/#listItem","name":"Festival de cinema a c\u00e9u aberto\u00a0na Funda\u00e7\u00e3o P\u00e3o dos Pobres"},"previousItem":{"@type":"ListItem","@id":"https:\/\/www.jornalja.com.br\/arquivo#listItem","name":"Home"}},{"@type":"ListItem","@id":"https:\/\/www.jornalja.com.br\/arquivo\/festival-de-cinema-a-ceu-aberto-acontece-na-fundacao-pao-dos-pobres\/#listItem","position":3,"name":"Festival de cinema a c\u00e9u aberto\u00a0na Funda\u00e7\u00e3o P\u00e3o dos Pobres","previousItem":{"@type":"ListItem","@id":"https:\/\/www.jornalja.com.br\/arquivo\/category\/materiasecundaria\/#listItem","name":"Cultura-Geral"}}]},{"@type":"Organization","@id":"https:\/\/www.jornalja.com.br\/arquivo\/#organization","name":"Jornal J\u00c1","description":"Jornal J\u00c1 | Porto Alegre","url":"https:\/\/www.jornalja.com.br\/arquivo\/","telephone":"+555133307272","logo":{"@type":"ImageObject","url":"https:\/\/www.jornalja.com.br\/wp-content\/uploads\/cards\/JAslogan.png","@id":"https:\/\/www.jornalja.com.br\/arquivo\/festival-de-cinema-a-ceu-aberto-acontece-na-fundacao-pao-dos-pobres\/#organizationLogo"},"image":{"@id":"https:\/\/www.jornalja.com.br\/arquivo\/festival-de-cinema-a-ceu-aberto-acontece-na-fundacao-pao-dos-pobres\/#organizationLogo"}},{"@type":"Person","@id":"https:\/\/www.jornalja.com.br\/arquivo\/author\/daredacao\/#author","url":"https:\/\/www.jornalja.com.br\/arquivo\/author\/daredacao\/","name":"da Reda\u00e7\u00e3o","image":{"@type":"ImageObject","@id":"https:\/\/www.jornalja.com.br\/arquivo\/festival-de-cinema-a-ceu-aberto-acontece-na-fundacao-pao-dos-pobres\/#authorImage","url":"https:\/\/secure.gravatar.com\/avatar\/469fd857d6605ad19919d27ed29d35a968a25f6e8fd9318356bbb7f57aae9c65?s=96&d=mm&r=g","width":96,"height":96,"caption":"da Reda\u00e7\u00e3o"}},{"@type":"WebPage","@id":"https:\/\/www.jornalja.com.br\/arquivo\/festival-de-cinema-a-ceu-aberto-acontece-na-fundacao-pao-dos-pobres\/#webpage","url":"https:\/\/www.jornalja.com.br\/arquivo\/festival-de-cinema-a-ceu-aberto-acontece-na-fundacao-pao-dos-pobres\/","name":"Festival de cinema a c\u00e9u aberto na Funda\u00e7\u00e3o P\u00e3o dos Pobres | Arquivo","inLanguage":"pt-BR","isPartOf":{"@id":"https:\/\/www.jornalja.com.br\/arquivo\/#website"},"breadcrumb":{"@id":"https:\/\/www.jornalja.com.br\/arquivo\/festival-de-cinema-a-ceu-aberto-acontece-na-fundacao-pao-dos-pobres\/#breadcrumblist"},"author":{"@id":"https:\/\/www.jornalja.com.br\/arquivo\/author\/daredacao\/#author"},"creator":{"@id":"https:\/\/www.jornalja.com.br\/arquivo\/author\/daredacao\/#author"},"image":{"@type":"ImageObject","url":50300,"@id":"https:\/\/www.jornalja.com.br\/arquivo\/festival-de-cinema-a-ceu-aberto-acontece-na-fundacao-pao-dos-pobres\/#mainImage"},"primaryImageOfPage":{"@id":"https:\/\/www.jornalja.com.br\/arquivo\/festival-de-cinema-a-ceu-aberto-acontece-na-fundacao-pao-dos-pobres\/#mainImage"},"datePublished":"2017-06-20T02:03:06-03:00","dateModified":"2017-06-20T02:03:06-03:00"},{"@type":"WebSite","@id":"https:\/\/www.jornalja.com.br\/arquivo\/#website","url":"https:\/\/www.jornalja.com.br\/arquivo\/","name":"Arquivo","description":"Jornal J\u00c1 | Porto Alegre","inLanguage":"pt-BR","publisher":{"@id":"https:\/\/www.jornalja.com.br\/arquivo\/#organization"}}]},"og:locale":"pt_BR","og:site_name":"Arquivo | Jornal J\u00c1 | Porto Alegre","og:type":"article","og:title":"Festival de cinema a c\u00e9u aberto na Funda\u00e7\u00e3o P\u00e3o dos Pobres | Arquivo","og:url":"https:\/\/www.jornalja.com.br\/arquivo\/festival-de-cinema-a-ceu-aberto-acontece-na-fundacao-pao-dos-pobres\/","og:image":"https:\/\/www.jornalja.com.br\/economics\/wp-content\/uploads\/sites\/11\/2026\/08\/ja-folhaderosto-facebook.jpg","og:image:secure_url":"https:\/\/www.jornalja.com.br\/economics\/wp-content\/uploads\/sites\/11\/2026\/08\/ja-folhaderosto-facebook.jpg","article:published_time":"2017-06-20T05:03:06+00:00","article:modified_time":"2017-06-20T05:03:06+00:00","twitter:card":"summary","twitter:title":"Festival de cinema a c\u00e9u aberto na Funda\u00e7\u00e3o P\u00e3o dos Pobres | Arquivo","twitter:image":"https:\/\/www.jornalja.com.br\/economics\/wp-content\/uploads\/sites\/11\/2026\/08\/ja-folhaderosto-facebook.jpg"},"aioseo_meta_data":{"post_id":"50299","title":null,"description":null,"keywords":null,"keyphrases":null,"primary_term":null,"canonical_url":null,"og_title":null,"og_description":null,"og_object_type":"default","og_image_type":"default","og_image_url":null,"og_image_width":null,"og_image_height":null,"og_image_custom_url":null,"og_image_custom_fields":null,"og_video":null,"og_custom_url":null,"og_article_section":null,"og_article_tags":null,"twitter_use_og":false,"twitter_card":"default","twitter_image_type":"default","twitter_image_url":null,"twitter_image_custom_url":null,"twitter_image_custom_fields":null,"twitter_title":null,"twitter_description":null,"schema":{"blockGraphs":[],"customGraphs":[],"default":{"data":{"Article":[],"Course":[],"Dataset":[],"FAQPage":[],"Movie":[],"Person":[],"Product":[],"ProductReview":[],"Car":[],"Recipe":[],"Service":[],"SoftwareApplication":[],"WebPage":[]},"graphName":"","isEnabled":true},"graphs":[],"defaultGraph":"","defaultPostTypeGraph":""},"schema_type":null,"schema_type_options":null,"pillar_content":false,"robots_default":true,"robots_noindex":false,"robots_noarchive":false,"robots_nosnippet":false,"robots_nofollow":false,"robots_noimageindex":false,"robots_noodp":false,"robots_notranslate":false,"robots_max_snippet":null,"robots_max_videopreview":null,"robots_max_imagepreview":"large","priority":null,"frequency":null,"location":null,"local_seo":null,"breadcrumb_settings":null,"limit_modified_date":false,"ai":null,"created":"2020-12-20 20:32:00","updated":"2025-07-19 22:20:15","seo_analyzer_scan_date":null,"focus_keyword":null,"additional_keywords":null,"truseo_locale":null},"jetpack_sharing_enabled":true,"jetpack-related-posts":[{"id":13124,"url":"https:\/\/www.jornalja.com.br\/arquivo\/sangue-latino-no-iecine\/","url_meta":{"origin":50299,"position":0},"title":"Sangue latino no IECINE","author":"da Reda\u00e7\u00e3o","date":"18 de maio de 2014","format":false,"excerpt":"Francisco Ribeiro O Instituto Estadual de Cinema (IECINE) tem a frente, desde abril \u00faltimo, um novo diretor, o cineasta colombiano Juan Zapata, 36, que substitui Luiz Alberto Cassol. Radicado h\u00e1 dez anos em Porto Alegre, Zapata tem diante de si o desafio de conduzir at\u00e9 o final do ano um\u2026","rel":"","context":"Em &quot;Cultura-Geral&quot;","block_context":{"text":"Cultura-Geral","link":"https:\/\/www.jornalja.com.br\/arquivo\/category\/materiasecundaria\/"},"img":{"alt_text":"","src":"","width":0,"height":0},"classes":[]},{"id":14241,"url":"https:\/\/www.jornalja.com.br\/arquivo\/o-guaiba-nas-imagens-poeticas-de-achutti\/","url_meta":{"origin":50299,"position":1},"title":"O Gua\u00edba nas imagens po\u00e9ticas de Achutti","author":"da Reda\u00e7\u00e3o","date":"18 de junho de 2014","format":false,"excerpt":"Em \u201cO Gua\u00edba por Achutti\u201d \u2013 obra financiada via Minist\u00e9rio da Cultura, produ\u00e7\u00e3o executiva de Pedro Longhi, e Fl\u00e1vio Wild como designer \u2013, o fot\u00f3grafo revela a beleza e as mazelas de um espa\u00e7o aqu\u00e1tico de \u00e1guas sempre renovadas, cheio de hist\u00f3rias e lendas como as das cidades que foram\u2026","rel":"","context":"Em &quot;Cultura-Geral&quot;","block_context":{"text":"Cultura-Geral","link":"https:\/\/www.jornalja.com.br\/arquivo\/category\/materiasecundaria\/"},"img":{"alt_text":"","src":"","width":0,"height":0},"classes":[]},{"id":12960,"url":"https:\/\/www.jornalja.com.br\/arquivo\/populacao-culpa-empresas-pela-greve-dos-rodoviarios\/","url_meta":{"origin":50299,"position":2},"title":"Popula\u00e7\u00e3o culpa empresas pela greve","author":"Patr\u00edcia Marini","date":"14 de fevereiro de 2014","format":false,"excerpt":"Pesquisa divulgada na edi\u00e7\u00e3o do jornal Metro desta sexta-feira,14, comprova o velho ditado: \u00e9 poss\u00edvel enganar muitos por algum tempo, mas n\u00e3o \u00e9 poss\u00edvel enganar a todos o tempo inteiro. A principal revela\u00e7\u00e3o foi que 59,8% dos entrevistados apontaram as empresas como as principais respons\u00e1veis pela grave e 46% culparam\u2026","rel":"","context":"Em &quot;X.Categorias velhas&quot;","block_context":{"text":"X.Categorias velhas","link":"https:\/\/www.jornalja.com.br\/arquivo\/category\/x-categorias-velhas\/"},"img":{"alt_text":"","src":"","width":0,"height":0},"classes":[]},{"id":13101,"url":"https:\/\/www.jornalja.com.br\/arquivo\/morre-um-guerreiro-do-texto\/","url_meta":{"origin":50299,"position":3},"title":"Morre um guerreiro do texto","author":"Patr\u00edcia Marini","date":"14 de maio de 2014","format":false,"excerpt":"Por Ricardo Kotscho Reproduzido do blog do autor, 11\/5\/2014; t\u00edtulo original \u201cE l\u00e1 se foi o nosso Myltainho, guerreiro do texto\u201d. Mi\u00fado e franzino, meu amigo Myltainho era um valente e inconformado guerreiro na luta contra as injusti\u00e7as sociais, a hipocrisia, as maracutaias, o autoritarismo, a intoler\u00e2ncia, a viol\u00eancia, o\u2026","rel":"","context":"Em &quot;Geral&quot;","block_context":{"text":"Geral","link":"https:\/\/www.jornalja.com.br\/arquivo\/category\/geral\/"},"img":{"alt_text":"","src":"","width":0,"height":0},"classes":[]},{"id":13109,"url":"https:\/\/www.jornalja.com.br\/arquivo\/judiciario-reconhece-poluicao-eletromagnetica\/","url_meta":{"origin":50299,"position":4},"title":"Judici\u00e1rio reconhece polui\u00e7\u00e3o eletromagn\u00e9tica","author":"Patr\u00edcia Marini","date":"16 de maio de 2014","format":false,"excerpt":"A\u00e7\u00e3o de duas associa\u00e7\u00f5es de moradores foi acolhida pelo Tribunal de Justi\u00e7a de S\u00e3o Paulo que. em decis\u00e3o in\u00e9dita, determinou a redu\u00e7\u00e3o do campo eletromagn\u00e9tico gerado pelas linhas de transmiss\u00e3o de energia que cortam os bairros City Boa\u00e7ava e Alto de Pinheiros. \u00c9 a primeira vez que um tribunal do\u2026","rel":"","context":"Em &quot;X.Categorias velhas&quot;","block_context":{"text":"X.Categorias velhas","link":"https:\/\/www.jornalja.com.br\/arquivo\/category\/x-categorias-velhas\/"},"img":{"alt_text":"","src":"","width":0,"height":0},"classes":[]},{"id":13240,"url":"https:\/\/www.jornalja.com.br\/arquivo\/plano-diretor-estamos-construindo-o-caos\/","url_meta":{"origin":50299,"position":5},"title":"Plano diretor: &quot;Estamos construindo o caos&quot;","author":"Patr\u00edcia Marini","date":"26 de maio de 2014","format":false,"excerpt":"Desabafo que arquiteta Eliana Castilhos, delegada da Regi\u00e3o de Planejamento 1, postou nas redes sociais \u00e9 um testemunho do ambiente que se criou no Conselho do Plano Diretor de Porto Alegre, onde a aprova\u00e7\u00e3o de grandes empreendimentos \u00e9 empurrada guela abaixo dos conselheiros. Ao CMDUA Como delegada da Regi\u00e3o de\u2026","rel":"","context":"Em &quot;Geral&quot;","block_context":{"text":"Geral","link":"https:\/\/www.jornalja.com.br\/arquivo\/category\/geral\/"},"img":{"alt_text":"","src":"","width":0,"height":0},"classes":[]}],"jetpack_shortlink":"https:\/\/wp.me\/pbQjBd-d5h","jetpack_featured_media_url":"","_links":{"self":[{"href":"https:\/\/www.jornalja.com.br\/arquivo\/wp-json\/wp\/v2\/posts\/50299","targetHints":{"allow":["GET"]}}],"collection":[{"href":"https:\/\/www.jornalja.com.br\/arquivo\/wp-json\/wp\/v2\/posts"}],"about":[{"href":"https:\/\/www.jornalja.com.br\/arquivo\/wp-json\/wp\/v2\/types\/post"}],"author":[{"embeddable":true,"href":"https:\/\/www.jornalja.com.br\/arquivo\/wp-json\/wp\/v2\/users\/4"}],"replies":[{"embeddable":true,"href":"https:\/\/www.jornalja.com.br\/arquivo\/wp-json\/wp\/v2\/comments?post=50299"}],"version-history":[{"count":0,"href":"https:\/\/www.jornalja.com.br\/arquivo\/wp-json\/wp\/v2\/posts\/50299\/revisions"}],"wp:attachment":[{"href":"https:\/\/www.jornalja.com.br\/arquivo\/wp-json\/wp\/v2\/media?parent=50299"}],"wp:term":[{"taxonomy":"category","embeddable":true,"href":"https:\/\/www.jornalja.com.br\/arquivo\/wp-json\/wp\/v2\/categories?post=50299"},{"taxonomy":"post_tag","embeddable":true,"href":"https:\/\/www.jornalja.com.br\/arquivo\/wp-json\/wp\/v2\/tags?post=50299"}],"curies":[{"name":"wp","href":"https:\/\/api.w.org\/{rel}","templated":true}]}}