{"id":50303,"date":"2017-06-20T12:08:33","date_gmt":"2017-06-20T15:08:33","guid":{"rendered":"https:\/\/www.jornalja.com.br\/?p=50303"},"modified":"2017-06-20T12:08:33","modified_gmt":"2017-06-20T15:08:33","slug":"academia-rio-grandense-de-letras-cria-premio-literario","status":"publish","type":"post","link":"https:\/\/www.jornalja.com.br\/arquivo\/academia-rio-grandense-de-letras-cria-premio-literario\/","title":{"rendered":"Academia Rio-Grandense de Letras cria pr\u00eamio liter\u00e1rio"},"content":{"rendered":"<p style=\"text-align: left\" align=\"center\"><b><\/b><span style=\"font-family: Arial, sans-serif\"><span style=\"color: #000000\">A Academia Rio-grandense de Letras (ARL) lan\u00e7a, dia 22 de junho, concurso liter\u00e1rio que contempla tr\u00eas categorias: escritor do ano, melhor livro de poesia e melhor tese ou disserta\u00e7\u00e3o sobre literatura ga\u00facha. <\/span><\/span><\/p>\n<p style=\"text-align: left\" align=\"center\"><span style=\"font-family: Arial, sans-serif\"><span style=\"color: #000000\">O PR\u00caMIO ACADEMIA RIO-GRANDENSE DE LETRAS, que ser\u00e1 conferido anualmente, tem como objetivo destacar autores ga\u00fachos que tenham obra consistente e de qualidade no cen\u00e1rio nacional, assim como promover a cr\u00edtica liter\u00e1ria sobre a literatura ga\u00facha e a poesia. <\/span><\/span><\/p>\n<p style=\"text-align: left\" align=\"center\"><span style=\"color: #222222\"><span style=\"font-family: Arial, sans-serif\">&#8220;A cria\u00e7\u00e3o do pr\u00eamio da ARL incentivar\u00e1 n\u00e3o apenas a produ\u00e7\u00e3o liter\u00e1ria no RS, como tamb\u00e9m o fomento \u00e0 cr\u00edtica sobre livros e autores ga\u00fachos, al\u00e9m de, a cada ano, homenagear a obra de um autor nosso. Reconhecer e premiar o talento daqueles que fazem a literatura rio-grandense \u00e9 fundamental e necess\u00e1rio. Sempre.&#8221;, afirma o escritor Caio Riter, coordenador do pr\u00eamio.<\/span><\/span><\/p>\n<p style=\"text-align: left\">Para o Escritor do Ano ser\u00e1 concedido o Trof\u00e9u Academia Rio-Grandense de Letras a um autor do Estado que tenha obra relevante, independente de g\u00eanero liter\u00e1rio. Uma comiss\u00e3o de tr\u00eas acad\u00eamicos escolhida pela Academia vai indicar o nome de tr\u00eas finalistas. O vencedor ser\u00e1 determinado pelos demais membros por meio de voto secreto.<\/p>\n<p>O melhor livro de poesia publicado nos anos de 2015 e 2016, em primeira edi\u00e7\u00e3o, receber\u00e1 o Trof\u00e9u Alceu Wamosy. E para a melhor tese ou disserta\u00e7\u00e3o sobre literatura ga\u00facha em n\u00edvel de mestrado ou de doutorado, que tenha como tema a obra de um autor sul-rio-grandense ou um texto liter\u00e1rio escrito por autor do Estado (que tenha sido defendida nos anos de 2015 e 2016 em qualquer institui\u00e7\u00e3o de ensino superior), ser\u00e1 entregue o Trof\u00e9u Dyon\u00e9lio Machado. Por indica\u00e7\u00e3o da Diretoria da ARL, um j\u00fari t\u00e9cnico de, no m\u00ednimo, tr\u00eas pessoas de not\u00e1vel conhecimento t\u00e9cnico-liter\u00e1rio, vai escolher tr\u00eas finalistas e o vencedor da melhor tese e do melhor livro de poesia.<br \/>\nOs nomes dos pr\u00eamios homenageiam os escritores ga\u00fachos Alceu Wamosy, jornalista e poeta simbolista, patrono da Cadeira 40 da Academia, e o modernista Dyon\u00e9lio Machado, ficcionista e ensa\u00edsta, autor de Os ratos e O louco do Cati, que ocupou a Cadeira 38 de 1979 a 1985.<br \/>\n<span style=\"color: #000000\"><span style=\"font-family: Arial, sans-serif\">A ARL foi fundada em 1901 e \u00e9 filiada \u00e0 Federa\u00e7\u00e3o das Academias de Letras do Brasil. Atualmente, tem 40 membros, eleitos por crit\u00e9rios de m\u00e9rito liter\u00e1rio e relev\u00e2ncia na cena liter\u00e1ria ga\u00facha. <\/span><\/span><br \/>\nOs trof\u00e9us ser\u00e3o confeccionados pelo artista visual Lucas Strey, entregues em cerim\u00f4nia prevista para 1\u00ba de dezembro.<br \/>\nA inscri\u00e7\u00e3o aos trof\u00e9us Alceu Wamosy e Dyon\u00e9lio Machado deve ser realizada pelo autor ou por algu\u00e9m que o represente, e exclusivamente pelo Correio, enviada para a sede da Academia (Rua dos Andradas, 1234, conj. 1002 &#8211; CEP 90020-008 &#8211; Porto Alegre &#8211; RS).<br \/>\n<span style=\"color: #000000\"><span style=\"font-family: Arial, sans-serif\">O regulamento do Pr\u00eamio pode ser acessado no site da ARL\u00a0<\/span><\/span><span style=\"color: #1155cc\"><span style=\"font-family: Arial, sans-serif\"><a href=\"http:\/\/www.arl.org.br\/\" target=\"_blank\" rel=\"noopener noreferrer\" data-saferedirecturl=\"http:\/\/www.google.com\/url?hl=pt-BR&amp;q=http:\/\/www.arl.org.br\/&amp;source=gmail&amp;ust=1498007244794000&amp;usg=AFQjCNHlw7pL70oxmjUtXkgQvL5ql3qPbA\">http:\/\/www.arl.org.br<\/a>.<br \/>\n<\/span><\/span><span style=\"color: #000000\"><span style=\"font-family: Arial, sans-serif\">Mais informa\u00e7\u00f5es podem ser obtidas por meio dos e-mails:\u00a0<\/span><\/span><span style=\"font-family: Arial, sans-serif\"><a href=\"mailto:contato@arl.org.br\" target=\"_blank\" rel=\"noopener noreferrer\">contato@arl.org.br<\/a>\u00a0<\/span><span style=\"color: #000000\"><span style=\"font-family: Arial, sans-serif\">ou\u00a0<\/span><\/span><a href=\"mailto:caioriter@uol.com.br\" target=\"_blank\" rel=\"noopener noreferrer\"><span style=\"color: #1155cc\"><span style=\"font-family: Arial, sans-serif\">caioriter@uol.com.br<\/span><\/span><\/a><span style=\"color: #000000\"><span style=\"font-family: Arial, sans-serif\">.<\/span><\/span><br \/>\n<span style=\"color: #1155cc\"><span style=\"font-family: Arial, sans-serif\">\u00a0<\/span><\/span><\/p>\n","protected":false},"excerpt":{"rendered":"<p>A Academia Rio-grandense de Letras (ARL) lan\u00e7a, dia 22 de junho, concurso liter\u00e1rio que contempla tr\u00eas categorias: escritor do ano, melhor livro de poesia e melhor tese ou disserta\u00e7\u00e3o sobre literatura ga\u00facha. O PR\u00caMIO ACADEMIA RIO-GRANDENSE DE LETRAS, que ser\u00e1 conferido anualmente, tem como objetivo destacar autores ga\u00fachos que tenham obra consistente e de qualidade [&hellip;]<\/p>\n","protected":false},"author":4,"featured_media":0,"comment_status":"open","ping_status":"closed","sticky":false,"template":"","format":"standard","meta":{"_jetpack_newsletter_access":"","_jetpack_dont_email_post_to_subs":false,"_jetpack_newsletter_tier_id":0,"_jetpack_memberships_contains_paywalled_content":false,"_jetpack_feature_clip_id":0,"_jetpack_memberships_contains_paid_content":false,"footnotes":"","jetpack_post_was_ever_published":false},"categories":[2017],"tags":[],"class_list":["post-50303","post","type-post","status-publish","format-standard","hentry","category-culturanotas"],"aioseo_notices":[],"aioseo_head":"\n\t\t<!-- All in One SEO 5.0.1.1 - aioseo.com -->\n\t<meta name=\"robots\" content=\"max-image-preview:large\" \/>\n\t<meta name=\"author\" content=\"da Reda\u00e7\u00e3o\"\/>\n\t<link rel=\"canonical\" href=\"https:\/\/www.jornalja.com.br\/arquivo\/academia-rio-grandense-de-letras-cria-premio-literario\/\" \/>\n\t<meta name=\"generator\" content=\"All in One SEO (AIOSEO) 5.0.1.1\" \/>\n\t\t<meta property=\"og:locale\" content=\"pt_BR\" \/>\n\t\t<meta property=\"og:site_name\" content=\"Arquivo | Jornal J\u00c1 | Porto Alegre\" \/>\n\t\t<meta property=\"og:type\" content=\"article\" \/>\n\t\t<meta property=\"og:title\" content=\"Academia Rio-Grandense de Letras cria pr\u00eamio liter\u00e1rio | Arquivo\" \/>\n\t\t<meta property=\"og:url\" content=\"https:\/\/www.jornalja.com.br\/arquivo\/academia-rio-grandense-de-letras-cria-premio-literario\/\" \/>\n\t\t<meta property=\"og:image\" content=\"https:\/\/www.jornalja.com.br\/economics\/wp-content\/uploads\/sites\/11\/2026\/08\/ja-folhaderosto-facebook.jpg\" \/>\n\t\t<meta property=\"og:image:secure_url\" content=\"https:\/\/www.jornalja.com.br\/economics\/wp-content\/uploads\/sites\/11\/2026\/08\/ja-folhaderosto-facebook.jpg\" \/>\n\t\t<meta property=\"article:published_time\" content=\"2017-06-20T15:08:33+00:00\" \/>\n\t\t<meta property=\"article:modified_time\" content=\"2017-06-20T15:08:33+00:00\" \/>\n\t\t<meta name=\"twitter:card\" content=\"summary\" \/>\n\t\t<meta name=\"twitter:title\" content=\"Academia Rio-Grandense de Letras cria pr\u00eamio liter\u00e1rio | Arquivo\" \/>\n\t\t<meta name=\"twitter:image\" content=\"https:\/\/www.jornalja.com.br\/economics\/wp-content\/uploads\/sites\/11\/2026\/08\/ja-folhaderosto-facebook.jpg\" \/>\n\t\t<script type=\"application\/ld+json\" class=\"aioseo-schema\">\n\t\t\t{\"@context\":\"https:\\\/\\\/schema.org\",\"@graph\":[{\"@type\":\"BlogPosting\",\"@id\":\"https:\\\/\\\/www.jornalja.com.br\\\/arquivo\\\/academia-rio-grandense-de-letras-cria-premio-literario\\\/#blogposting\",\"name\":\"Academia Rio-Grandense de Letras cria pr\\u00eamio liter\\u00e1rio | Arquivo\",\"headline\":\"Academia Rio-Grandense de Letras cria pr\\u00eamio liter\\u00e1rio\",\"author\":{\"@id\":\"https:\\\/\\\/www.jornalja.com.br\\\/arquivo\\\/author\\\/daredacao\\\/#author\"},\"publisher\":{\"@id\":\"https:\\\/\\\/www.jornalja.com.br\\\/arquivo\\\/#organization\"},\"image\":{\"@type\":\"ImageObject\",\"url\":\"https:\\\/\\\/www.jornalja.com.br\\\/wp-content\\\/uploads\\\/cards\\\/JAslogan.png\",\"@id\":\"https:\\\/\\\/www.jornalja.com.br\\\/arquivo\\\/#articleImage\"},\"datePublished\":\"2017-06-20T12:08:33-03:00\",\"dateModified\":\"2017-06-20T12:08:33-03:00\",\"inLanguage\":\"pt-BR\",\"mainEntityOfPage\":{\"@id\":\"https:\\\/\\\/www.jornalja.com.br\\\/arquivo\\\/academia-rio-grandense-de-letras-cria-premio-literario\\\/#webpage\"},\"isPartOf\":{\"@id\":\"https:\\\/\\\/www.jornalja.com.br\\\/arquivo\\\/academia-rio-grandense-de-letras-cria-premio-literario\\\/#webpage\"},\"articleSection\":\"Cultura-notas\"},{\"@type\":\"BreadcrumbList\",\"@id\":\"https:\\\/\\\/www.jornalja.com.br\\\/arquivo\\\/academia-rio-grandense-de-letras-cria-premio-literario\\\/#breadcrumblist\",\"itemListElement\":[{\"@type\":\"ListItem\",\"@id\":\"https:\\\/\\\/www.jornalja.com.br\\\/arquivo#listItem\",\"position\":1,\"name\":\"Home\",\"item\":\"https:\\\/\\\/www.jornalja.com.br\\\/arquivo\",\"nextItem\":{\"@type\":\"ListItem\",\"@id\":\"https:\\\/\\\/www.jornalja.com.br\\\/arquivo\\\/category\\\/culturanotas\\\/#listItem\",\"name\":\"Cultura-notas\"}},{\"@type\":\"ListItem\",\"@id\":\"https:\\\/\\\/www.jornalja.com.br\\\/arquivo\\\/category\\\/culturanotas\\\/#listItem\",\"position\":2,\"name\":\"Cultura-notas\",\"item\":\"https:\\\/\\\/www.jornalja.com.br\\\/arquivo\\\/category\\\/culturanotas\\\/\",\"nextItem\":{\"@type\":\"ListItem\",\"@id\":\"https:\\\/\\\/www.jornalja.com.br\\\/arquivo\\\/academia-rio-grandense-de-letras-cria-premio-literario\\\/#listItem\",\"name\":\"Academia Rio-Grandense de Letras cria pr\\u00eamio liter\\u00e1rio\"},\"previousItem\":{\"@type\":\"ListItem\",\"@id\":\"https:\\\/\\\/www.jornalja.com.br\\\/arquivo#listItem\",\"name\":\"Home\"}},{\"@type\":\"ListItem\",\"@id\":\"https:\\\/\\\/www.jornalja.com.br\\\/arquivo\\\/academia-rio-grandense-de-letras-cria-premio-literario\\\/#listItem\",\"position\":3,\"name\":\"Academia Rio-Grandense de Letras cria pr\\u00eamio liter\\u00e1rio\",\"previousItem\":{\"@type\":\"ListItem\",\"@id\":\"https:\\\/\\\/www.jornalja.com.br\\\/arquivo\\\/category\\\/culturanotas\\\/#listItem\",\"name\":\"Cultura-notas\"}}]},{\"@type\":\"Organization\",\"@id\":\"https:\\\/\\\/www.jornalja.com.br\\\/arquivo\\\/#organization\",\"name\":\"Jornal J\\u00c1\",\"description\":\"Jornal J\\u00c1 | Porto Alegre\",\"url\":\"https:\\\/\\\/www.jornalja.com.br\\\/arquivo\\\/\",\"telephone\":\"+555133307272\",\"logo\":{\"@type\":\"ImageObject\",\"url\":\"https:\\\/\\\/www.jornalja.com.br\\\/wp-content\\\/uploads\\\/cards\\\/JAslogan.png\",\"@id\":\"https:\\\/\\\/www.jornalja.com.br\\\/arquivo\\\/academia-rio-grandense-de-letras-cria-premio-literario\\\/#organizationLogo\"},\"image\":{\"@id\":\"https:\\\/\\\/www.jornalja.com.br\\\/arquivo\\\/academia-rio-grandense-de-letras-cria-premio-literario\\\/#organizationLogo\"}},{\"@type\":\"Person\",\"@id\":\"https:\\\/\\\/www.jornalja.com.br\\\/arquivo\\\/author\\\/daredacao\\\/#author\",\"url\":\"https:\\\/\\\/www.jornalja.com.br\\\/arquivo\\\/author\\\/daredacao\\\/\",\"name\":\"da Reda\\u00e7\\u00e3o\",\"image\":{\"@type\":\"ImageObject\",\"@id\":\"https:\\\/\\\/www.jornalja.com.br\\\/arquivo\\\/academia-rio-grandense-de-letras-cria-premio-literario\\\/#authorImage\",\"url\":\"https:\\\/\\\/secure.gravatar.com\\\/avatar\\\/469fd857d6605ad19919d27ed29d35a968a25f6e8fd9318356bbb7f57aae9c65?s=96&d=mm&r=g\",\"width\":96,\"height\":96,\"caption\":\"da Reda\\u00e7\\u00e3o\"}},{\"@type\":\"WebPage\",\"@id\":\"https:\\\/\\\/www.jornalja.com.br\\\/arquivo\\\/academia-rio-grandense-de-letras-cria-premio-literario\\\/#webpage\",\"url\":\"https:\\\/\\\/www.jornalja.com.br\\\/arquivo\\\/academia-rio-grandense-de-letras-cria-premio-literario\\\/\",\"name\":\"Academia Rio-Grandense de Letras cria pr\\u00eamio liter\\u00e1rio | Arquivo\",\"inLanguage\":\"pt-BR\",\"isPartOf\":{\"@id\":\"https:\\\/\\\/www.jornalja.com.br\\\/arquivo\\\/#website\"},\"breadcrumb\":{\"@id\":\"https:\\\/\\\/www.jornalja.com.br\\\/arquivo\\\/academia-rio-grandense-de-letras-cria-premio-literario\\\/#breadcrumblist\"},\"author\":{\"@id\":\"https:\\\/\\\/www.jornalja.com.br\\\/arquivo\\\/author\\\/daredacao\\\/#author\"},\"creator\":{\"@id\":\"https:\\\/\\\/www.jornalja.com.br\\\/arquivo\\\/author\\\/daredacao\\\/#author\"},\"datePublished\":\"2017-06-20T12:08:33-03:00\",\"dateModified\":\"2017-06-20T12:08:33-03:00\"},{\"@type\":\"WebSite\",\"@id\":\"https:\\\/\\\/www.jornalja.com.br\\\/arquivo\\\/#website\",\"url\":\"https:\\\/\\\/www.jornalja.com.br\\\/arquivo\\\/\",\"name\":\"Arquivo\",\"description\":\"Jornal J\\u00c1 | Porto Alegre\",\"inLanguage\":\"pt-BR\",\"publisher\":{\"@id\":\"https:\\\/\\\/www.jornalja.com.br\\\/arquivo\\\/#organization\"}}]}\n\t\t<\/script>\n\t\t<!-- All in One SEO -->\n\n","aioseo_head_json":{"title":"Academia Rio-Grandense de Letras cria pr\u00eamio liter\u00e1rio | Arquivo","description":"","canonical_url":"https:\/\/www.jornalja.com.br\/arquivo\/academia-rio-grandense-de-letras-cria-premio-literario\/","robots":"max-image-preview:large","keywords":"","webmasterTools":{"miscellaneous":""},"schema":{"@context":"https:\/\/schema.org","@graph":[{"@type":"BlogPosting","@id":"https:\/\/www.jornalja.com.br\/arquivo\/academia-rio-grandense-de-letras-cria-premio-literario\/#blogposting","name":"Academia Rio-Grandense de Letras cria pr\u00eamio liter\u00e1rio | Arquivo","headline":"Academia Rio-Grandense de Letras cria pr\u00eamio liter\u00e1rio","author":{"@id":"https:\/\/www.jornalja.com.br\/arquivo\/author\/daredacao\/#author"},"publisher":{"@id":"https:\/\/www.jornalja.com.br\/arquivo\/#organization"},"image":{"@type":"ImageObject","url":"https:\/\/www.jornalja.com.br\/wp-content\/uploads\/cards\/JAslogan.png","@id":"https:\/\/www.jornalja.com.br\/arquivo\/#articleImage"},"datePublished":"2017-06-20T12:08:33-03:00","dateModified":"2017-06-20T12:08:33-03:00","inLanguage":"pt-BR","mainEntityOfPage":{"@id":"https:\/\/www.jornalja.com.br\/arquivo\/academia-rio-grandense-de-letras-cria-premio-literario\/#webpage"},"isPartOf":{"@id":"https:\/\/www.jornalja.com.br\/arquivo\/academia-rio-grandense-de-letras-cria-premio-literario\/#webpage"},"articleSection":"Cultura-notas"},{"@type":"BreadcrumbList","@id":"https:\/\/www.jornalja.com.br\/arquivo\/academia-rio-grandense-de-letras-cria-premio-literario\/#breadcrumblist","itemListElement":[{"@type":"ListItem","@id":"https:\/\/www.jornalja.com.br\/arquivo#listItem","position":1,"name":"Home","item":"https:\/\/www.jornalja.com.br\/arquivo","nextItem":{"@type":"ListItem","@id":"https:\/\/www.jornalja.com.br\/arquivo\/category\/culturanotas\/#listItem","name":"Cultura-notas"}},{"@type":"ListItem","@id":"https:\/\/www.jornalja.com.br\/arquivo\/category\/culturanotas\/#listItem","position":2,"name":"Cultura-notas","item":"https:\/\/www.jornalja.com.br\/arquivo\/category\/culturanotas\/","nextItem":{"@type":"ListItem","@id":"https:\/\/www.jornalja.com.br\/arquivo\/academia-rio-grandense-de-letras-cria-premio-literario\/#listItem","name":"Academia Rio-Grandense de Letras cria pr\u00eamio liter\u00e1rio"},"previousItem":{"@type":"ListItem","@id":"https:\/\/www.jornalja.com.br\/arquivo#listItem","name":"Home"}},{"@type":"ListItem","@id":"https:\/\/www.jornalja.com.br\/arquivo\/academia-rio-grandense-de-letras-cria-premio-literario\/#listItem","position":3,"name":"Academia Rio-Grandense de Letras cria pr\u00eamio liter\u00e1rio","previousItem":{"@type":"ListItem","@id":"https:\/\/www.jornalja.com.br\/arquivo\/category\/culturanotas\/#listItem","name":"Cultura-notas"}}]},{"@type":"Organization","@id":"https:\/\/www.jornalja.com.br\/arquivo\/#organization","name":"Jornal J\u00c1","description":"Jornal J\u00c1 | Porto Alegre","url":"https:\/\/www.jornalja.com.br\/arquivo\/","telephone":"+555133307272","logo":{"@type":"ImageObject","url":"https:\/\/www.jornalja.com.br\/wp-content\/uploads\/cards\/JAslogan.png","@id":"https:\/\/www.jornalja.com.br\/arquivo\/academia-rio-grandense-de-letras-cria-premio-literario\/#organizationLogo"},"image":{"@id":"https:\/\/www.jornalja.com.br\/arquivo\/academia-rio-grandense-de-letras-cria-premio-literario\/#organizationLogo"}},{"@type":"Person","@id":"https:\/\/www.jornalja.com.br\/arquivo\/author\/daredacao\/#author","url":"https:\/\/www.jornalja.com.br\/arquivo\/author\/daredacao\/","name":"da Reda\u00e7\u00e3o","image":{"@type":"ImageObject","@id":"https:\/\/www.jornalja.com.br\/arquivo\/academia-rio-grandense-de-letras-cria-premio-literario\/#authorImage","url":"https:\/\/secure.gravatar.com\/avatar\/469fd857d6605ad19919d27ed29d35a968a25f6e8fd9318356bbb7f57aae9c65?s=96&d=mm&r=g","width":96,"height":96,"caption":"da Reda\u00e7\u00e3o"}},{"@type":"WebPage","@id":"https:\/\/www.jornalja.com.br\/arquivo\/academia-rio-grandense-de-letras-cria-premio-literario\/#webpage","url":"https:\/\/www.jornalja.com.br\/arquivo\/academia-rio-grandense-de-letras-cria-premio-literario\/","name":"Academia Rio-Grandense de Letras cria pr\u00eamio liter\u00e1rio | Arquivo","inLanguage":"pt-BR","isPartOf":{"@id":"https:\/\/www.jornalja.com.br\/arquivo\/#website"},"breadcrumb":{"@id":"https:\/\/www.jornalja.com.br\/arquivo\/academia-rio-grandense-de-letras-cria-premio-literario\/#breadcrumblist"},"author":{"@id":"https:\/\/www.jornalja.com.br\/arquivo\/author\/daredacao\/#author"},"creator":{"@id":"https:\/\/www.jornalja.com.br\/arquivo\/author\/daredacao\/#author"},"datePublished":"2017-06-20T12:08:33-03:00","dateModified":"2017-06-20T12:08:33-03:00"},{"@type":"WebSite","@id":"https:\/\/www.jornalja.com.br\/arquivo\/#website","url":"https:\/\/www.jornalja.com.br\/arquivo\/","name":"Arquivo","description":"Jornal J\u00c1 | Porto Alegre","inLanguage":"pt-BR","publisher":{"@id":"https:\/\/www.jornalja.com.br\/arquivo\/#organization"}}]},"og:locale":"pt_BR","og:site_name":"Arquivo | Jornal J\u00c1 | Porto Alegre","og:type":"article","og:title":"Academia Rio-Grandense de Letras cria pr\u00eamio liter\u00e1rio | Arquivo","og:url":"https:\/\/www.jornalja.com.br\/arquivo\/academia-rio-grandense-de-letras-cria-premio-literario\/","og:image":"https:\/\/www.jornalja.com.br\/economics\/wp-content\/uploads\/sites\/11\/2026\/08\/ja-folhaderosto-facebook.jpg","og:image:secure_url":"https:\/\/www.jornalja.com.br\/economics\/wp-content\/uploads\/sites\/11\/2026\/08\/ja-folhaderosto-facebook.jpg","article:published_time":"2017-06-20T15:08:33+00:00","article:modified_time":"2017-06-20T15:08:33+00:00","twitter:card":"summary","twitter:title":"Academia Rio-Grandense de Letras cria pr\u00eamio liter\u00e1rio | Arquivo","twitter:image":"https:\/\/www.jornalja.com.br\/economics\/wp-content\/uploads\/sites\/11\/2026\/08\/ja-folhaderosto-facebook.jpg"},"aioseo_meta_data":{"post_id":"50303","title":null,"description":null,"keywords":null,"keyphrases":null,"primary_term":null,"canonical_url":null,"og_title":null,"og_description":null,"og_object_type":"default","og_image_type":"default","og_image_url":null,"og_image_width":null,"og_image_height":null,"og_image_custom_url":null,"og_image_custom_fields":null,"og_video":null,"og_custom_url":null,"og_article_section":null,"og_article_tags":null,"twitter_use_og":false,"twitter_card":"default","twitter_image_type":"default","twitter_image_url":null,"twitter_image_custom_url":null,"twitter_image_custom_fields":null,"twitter_title":null,"twitter_description":null,"schema":{"blockGraphs":[],"customGraphs":[],"default":{"data":{"Article":[],"Course":[],"Dataset":[],"FAQPage":[],"Movie":[],"Person":[],"Product":[],"ProductReview":[],"Car":[],"Recipe":[],"Service":[],"SoftwareApplication":[],"WebPage":[]},"graphName":"","isEnabled":true},"graphs":[]},"schema_type":null,"schema_type_options":null,"pillar_content":false,"robots_default":true,"robots_noindex":false,"robots_noarchive":false,"robots_nosnippet":false,"robots_nofollow":false,"robots_noimageindex":false,"robots_noodp":false,"robots_notranslate":false,"robots_max_snippet":null,"robots_max_videopreview":null,"robots_max_imagepreview":"large","priority":null,"frequency":null,"location":null,"local_seo":null,"breadcrumb_settings":null,"limit_modified_date":false,"ai":null,"created":"2020-12-20 20:32:00","updated":"2025-07-19 22:21:29","seo_analyzer_scan_date":null,"focus_keyword":null,"additional_keywords":null,"truseo_locale":null},"jetpack_sharing_enabled":true,"jetpack-related-posts":[{"id":13124,"url":"https:\/\/www.jornalja.com.br\/arquivo\/sangue-latino-no-iecine\/","url_meta":{"origin":50303,"position":0},"title":"Sangue latino no IECINE","author":"da Reda\u00e7\u00e3o","date":"18 de maio de 2014","format":false,"excerpt":"Francisco Ribeiro O Instituto Estadual de Cinema (IECINE) tem a frente, desde abril \u00faltimo, um novo diretor, o cineasta colombiano Juan Zapata, 36, que substitui Luiz Alberto Cassol. Radicado h\u00e1 dez anos em Porto Alegre, Zapata tem diante de si o desafio de conduzir at\u00e9 o final do ano um\u2026","rel":"","context":"Em &quot;Cultura-Geral&quot;","block_context":{"text":"Cultura-Geral","link":"https:\/\/www.jornalja.com.br\/arquivo\/category\/materiasecundaria\/"},"img":{"alt_text":"","src":"","width":0,"height":0},"classes":[]},{"id":1280,"url":"https:\/\/www.jornalja.com.br\/arquivo\/o-menino-que-se-tornou-brizola\/","url_meta":{"origin":50303,"position":1},"title":"O Menino que se Tornou Brizola","author":"da Reda\u00e7\u00e3o","date":"28 de julho de 2008","format":false,"excerpt":"Autor: Cleber Dioni A vida de Leonel Brizola, com \u00eanfase para os primeiros anos em Porto Alegre, at\u00e9 o ex\u00edlio no Uruguai e a volta, quinze anos depois. \u00a0\"...\u00c9ramos todos jovens e nos identific\u00e1vamos com aquela massa an\u00f4nima a percorrer as ruas de Porto Alegre, gritando 'Get\u00falio', 'Get\u00falio' e empunhando\u2026","rel":"","context":"Em &quot;Livros&quot;","block_context":{"text":"Livros","link":"https:\/\/www.jornalja.com.br\/arquivo\/category\/livros\/"},"img":{"alt_text":"","src":"https:\/\/i0.wp.com\/www.jornalja.com.br\/wp-content\/uploads\/2008\/07\/brizola.gif?resize=350%2C200&ssl=1","width":350,"height":200},"classes":[]},{"id":14241,"url":"https:\/\/www.jornalja.com.br\/arquivo\/o-guaiba-nas-imagens-poeticas-de-achutti\/","url_meta":{"origin":50303,"position":2},"title":"O Gua\u00edba nas imagens po\u00e9ticas de Achutti","author":"da Reda\u00e7\u00e3o","date":"18 de junho de 2014","format":false,"excerpt":"Em \u201cO Gua\u00edba por Achutti\u201d \u2013 obra financiada via Minist\u00e9rio da Cultura, produ\u00e7\u00e3o executiva de Pedro Longhi, e Fl\u00e1vio Wild como designer \u2013, o fot\u00f3grafo revela a beleza e as mazelas de um espa\u00e7o aqu\u00e1tico de \u00e1guas sempre renovadas, cheio de hist\u00f3rias e lendas como as das cidades que foram\u2026","rel":"","context":"Em &quot;Cultura-Geral&quot;","block_context":{"text":"Cultura-Geral","link":"https:\/\/www.jornalja.com.br\/arquivo\/category\/materiasecundaria\/"},"img":{"alt_text":"","src":"","width":0,"height":0},"classes":[]},{"id":13101,"url":"https:\/\/www.jornalja.com.br\/arquivo\/morre-um-guerreiro-do-texto\/","url_meta":{"origin":50303,"position":3},"title":"Morre um guerreiro do texto","author":"Patr\u00edcia Marini","date":"14 de maio de 2014","format":false,"excerpt":"Por Ricardo Kotscho Reproduzido do blog do autor, 11\/5\/2014; t\u00edtulo original \u201cE l\u00e1 se foi o nosso Myltainho, guerreiro do texto\u201d. Mi\u00fado e franzino, meu amigo Myltainho era um valente e inconformado guerreiro na luta contra as injusti\u00e7as sociais, a hipocrisia, as maracutaias, o autoritarismo, a intoler\u00e2ncia, a viol\u00eancia, o\u2026","rel":"","context":"Em &quot;Geral&quot;","block_context":{"text":"Geral","link":"https:\/\/www.jornalja.com.br\/arquivo\/category\/geral\/"},"img":{"alt_text":"","src":"","width":0,"height":0},"classes":[]},{"id":13109,"url":"https:\/\/www.jornalja.com.br\/arquivo\/judiciario-reconhece-poluicao-eletromagnetica\/","url_meta":{"origin":50303,"position":4},"title":"Judici\u00e1rio reconhece polui\u00e7\u00e3o eletromagn\u00e9tica","author":"Patr\u00edcia Marini","date":"16 de maio de 2014","format":false,"excerpt":"A\u00e7\u00e3o de duas associa\u00e7\u00f5es de moradores foi acolhida pelo Tribunal de Justi\u00e7a de S\u00e3o Paulo que. em decis\u00e3o in\u00e9dita, determinou a redu\u00e7\u00e3o do campo eletromagn\u00e9tico gerado pelas linhas de transmiss\u00e3o de energia que cortam os bairros City Boa\u00e7ava e Alto de Pinheiros. \u00c9 a primeira vez que um tribunal do\u2026","rel":"","context":"Em &quot;X.Categorias velhas&quot;","block_context":{"text":"X.Categorias velhas","link":"https:\/\/www.jornalja.com.br\/arquivo\/category\/x-categorias-velhas\/"},"img":{"alt_text":"","src":"","width":0,"height":0},"classes":[]},{"id":13240,"url":"https:\/\/www.jornalja.com.br\/arquivo\/plano-diretor-estamos-construindo-o-caos\/","url_meta":{"origin":50303,"position":5},"title":"Plano diretor: &quot;Estamos construindo o caos&quot;","author":"Patr\u00edcia Marini","date":"26 de maio de 2014","format":false,"excerpt":"Desabafo que arquiteta Eliana Castilhos, delegada da Regi\u00e3o de Planejamento 1, postou nas redes sociais \u00e9 um testemunho do ambiente que se criou no Conselho do Plano Diretor de Porto Alegre, onde a aprova\u00e7\u00e3o de grandes empreendimentos \u00e9 empurrada guela abaixo dos conselheiros. Ao CMDUA Como delegada da Regi\u00e3o de\u2026","rel":"","context":"Em &quot;Geral&quot;","block_context":{"text":"Geral","link":"https:\/\/www.jornalja.com.br\/arquivo\/category\/geral\/"},"img":{"alt_text":"","src":"","width":0,"height":0},"classes":[]}],"jetpack_shortlink":"https:\/\/wp.me\/pbQjBd-d5l","jetpack_featured_media_url":"","_links":{"self":[{"href":"https:\/\/www.jornalja.com.br\/arquivo\/wp-json\/wp\/v2\/posts\/50303","targetHints":{"allow":["GET"]}}],"collection":[{"href":"https:\/\/www.jornalja.com.br\/arquivo\/wp-json\/wp\/v2\/posts"}],"about":[{"href":"https:\/\/www.jornalja.com.br\/arquivo\/wp-json\/wp\/v2\/types\/post"}],"author":[{"embeddable":true,"href":"https:\/\/www.jornalja.com.br\/arquivo\/wp-json\/wp\/v2\/users\/4"}],"replies":[{"embeddable":true,"href":"https:\/\/www.jornalja.com.br\/arquivo\/wp-json\/wp\/v2\/comments?post=50303"}],"version-history":[{"count":0,"href":"https:\/\/www.jornalja.com.br\/arquivo\/wp-json\/wp\/v2\/posts\/50303\/revisions"}],"wp:attachment":[{"href":"https:\/\/www.jornalja.com.br\/arquivo\/wp-json\/wp\/v2\/media?parent=50303"}],"wp:term":[{"taxonomy":"category","embeddable":true,"href":"https:\/\/www.jornalja.com.br\/arquivo\/wp-json\/wp\/v2\/categories?post=50303"},{"taxonomy":"post_tag","embeddable":true,"href":"https:\/\/www.jornalja.com.br\/arquivo\/wp-json\/wp\/v2\/tags?post=50303"}],"curies":[{"name":"wp","href":"https:\/\/api.w.org\/{rel}","templated":true}]}}