{"id":50320,"date":"2017-06-20T22:08:32","date_gmt":"2017-06-21T01:08:32","guid":{"rendered":"https:\/\/www.jornalja.com.br\/?p=50320"},"modified":"2017-06-20T22:08:32","modified_gmt":"2017-06-21T01:08:32","slug":"campanha-somostodospaiskiss-no-facebook-e-twitter-alcanca-milhares-de-pessoas-em-poucos-dias","status":"publish","type":"post","link":"https:\/\/www.jornalja.com.br\/arquivo\/campanha-somostodospaiskiss-no-facebook-e-twitter-alcanca-milhares-de-pessoas-em-poucos-dias\/","title":{"rendered":"Campanha SomosTodosPaisKiss no facebook e twitter alcan\u00e7a milhares de pessoas em poucos dias"},"content":{"rendered":"<p>Manifesta\u00e7\u00f5es de apoio aos <a href=\"https:\/\/www.jornalja.com.br\/tragedia-da-kiss-justica-conclui-duas-acoes-contra-familiares\/\">pais de v\u00edtimas da Kiss processados por promotores <\/a>e um ex-promotor de Santa Maria fizeram com que a #SomosTodosPaisKiss chegasse aos assuntos mais comentados no Twitter, no Brasil, na noite de domingo (18).<br \/>\nV\u00eddeos e mensagens de apoio foram compartilhados por dezenas nas redes sociais. Quatro anos ap\u00f3s a trag\u00e9dia que matou 242 pessoas, tr\u00eas pais e uma m\u00e3e de v\u00edtima da boate Kiss podem ser condenados ainda este m\u00eas, enquanto os respons\u00e1veis seguem impunes.<br \/>\nNo Facebook, a p\u00e1gina Somos Todos Pais Kiss, criada no \u00faltimo dia 15, j\u00e1 tinha mais de 15 mil curtidas e 15 mil seguidores at\u00e9 \u00e0s 18h30 desta ter\u00e7a-feira (20\/06). Usu\u00e1rios do Rio Grande do Sul e de outros Estados gravaram v\u00eddeos manifestando solidariedade.<br \/>\nFamosos tamb\u00e9m aderiram \u00e0 campanha. Atores como Rafael Cardoso, Edson Celulari e Dira Paes, da Rede Globo, gravaram em solidariedade aos pais. Pol\u00edticos como o deputado Paulo Pimenta e os ex-ministros Miguel Rossetto e Alexandre Padilha tamb\u00e9m gravaram v\u00eddeos de apoio. Sem falar em outros familiares de v\u00edtimas da Kiss que tamb\u00e9m manifestaram seu apoio.<br \/>\n\u201cPais que perderam filhos na trag\u00e9dia da boate Kiss se condenados podem ser presos, pois foram processados criminalmente por promotores do MP RS. O que os pais fizeram? Escreveram artigos e cartazes contra a absurda decis\u00e3o dos promotores que arquivaram os processos dos servidores p\u00fablicos que tinham conhecimento das graves irregularidades da boate\u201d, diz o texto de apresenta\u00e7\u00e3o da p\u00e1gina.<br \/>\nA campanha \u00e9 promovida pela Associa\u00e7\u00e3o dos Familiares de V\u00edtimas e Sobreviventes da Trag\u00e9dia de Santa Maria (AVTSM), pelo Instituto Juntos, pelo Instituto de Arquitetos do Brasil (IAB), pelo Conselho Regional de Servi\u00e7o Social do Rio Grande do Sul (CRESS-RS) e por outras entidades da sociedade civil.<\/p>\n","protected":false},"excerpt":{"rendered":"<p>Manifesta\u00e7\u00f5es de apoio aos pais de v\u00edtimas da Kiss processados por promotores e um ex-promotor de Santa Maria fizeram com que a #SomosTodosPaisKiss chegasse aos assuntos mais comentados no Twitter, no Brasil, na noite de domingo (18). V\u00eddeos e mensagens de apoio foram compartilhados por dezenas nas redes sociais. Quatro anos ap\u00f3s a trag\u00e9dia que [&hellip;]<\/p>\n","protected":false},"author":4,"featured_media":50321,"comment_status":"open","ping_status":"closed","sticky":false,"template":"","format":"standard","meta":{"_jetpack_newsletter_access":"","_jetpack_dont_email_post_to_subs":false,"_jetpack_newsletter_tier_id":0,"_jetpack_memberships_contains_paywalled_content":false,"_jetpack_feature_clip_id":0,"_jetpack_memberships_contains_paid_content":false,"footnotes":"","jetpack_post_was_ever_published":false},"categories":[26],"tags":[],"class_list":["post-50320","post","type-post","status-publish","format-standard","has-post-thumbnail","hentry","category-geral"],"aioseo_notices":[],"aioseo_head":"\n\t\t<!-- All in One SEO 5.0.1.1 - aioseo.com -->\n\t<meta name=\"robots\" content=\"max-image-preview:large\" \/>\n\t<meta name=\"author\" content=\"da Reda\u00e7\u00e3o\"\/>\n\t<link rel=\"canonical\" href=\"https:\/\/www.jornalja.com.br\/arquivo\/campanha-somostodospaiskiss-no-facebook-e-twitter-alcanca-milhares-de-pessoas-em-poucos-dias\/\" \/>\n\t<meta name=\"generator\" content=\"All in One SEO (AIOSEO) 5.0.1.1\" \/>\n\t\t<meta property=\"og:locale\" content=\"pt_BR\" \/>\n\t\t<meta property=\"og:site_name\" content=\"Arquivo | Jornal J\u00c1 | Porto Alegre\" \/>\n\t\t<meta property=\"og:type\" content=\"article\" \/>\n\t\t<meta property=\"og:title\" content=\"Campanha SomosTodosPaisKiss no facebook e twitter alcan\u00e7a milhares de pessoas em poucos dias | Arquivo\" \/>\n\t\t<meta property=\"og:url\" content=\"https:\/\/www.jornalja.com.br\/arquivo\/campanha-somostodospaiskiss-no-facebook-e-twitter-alcanca-milhares-de-pessoas-em-poucos-dias\/\" \/>\n\t\t<meta property=\"og:image\" content=\"https:\/\/www.jornalja.com.br\/economics\/wp-content\/uploads\/sites\/11\/2026\/08\/ja-folhaderosto-facebook.jpg\" \/>\n\t\t<meta property=\"og:image:secure_url\" content=\"https:\/\/www.jornalja.com.br\/economics\/wp-content\/uploads\/sites\/11\/2026\/08\/ja-folhaderosto-facebook.jpg\" \/>\n\t\t<meta property=\"article:published_time\" content=\"2017-06-21T01:08:32+00:00\" \/>\n\t\t<meta property=\"article:modified_time\" content=\"2017-06-21T01:08:32+00:00\" \/>\n\t\t<meta name=\"twitter:card\" content=\"summary\" \/>\n\t\t<meta name=\"twitter:title\" content=\"Campanha SomosTodosPaisKiss no facebook e twitter alcan\u00e7a milhares de pessoas em poucos dias | Arquivo\" \/>\n\t\t<meta name=\"twitter:image\" content=\"https:\/\/www.jornalja.com.br\/economics\/wp-content\/uploads\/sites\/11\/2026\/08\/ja-folhaderosto-facebook.jpg\" \/>\n\t\t<script type=\"application\/ld+json\" class=\"aioseo-schema\">\n\t\t\t{\"@context\":\"https:\\\/\\\/schema.org\",\"@graph\":[{\"@type\":\"BlogPosting\",\"@id\":\"https:\\\/\\\/www.jornalja.com.br\\\/arquivo\\\/campanha-somostodospaiskiss-no-facebook-e-twitter-alcanca-milhares-de-pessoas-em-poucos-dias\\\/#blogposting\",\"name\":\"Campanha SomosTodosPaisKiss no facebook e twitter alcan\\u00e7a milhares de pessoas em poucos dias | Arquivo\",\"headline\":\"Campanha SomosTodosPaisKiss no facebook e twitter alcan\\u00e7a milhares de pessoas em poucos dias\",\"author\":{\"@id\":\"https:\\\/\\\/www.jornalja.com.br\\\/arquivo\\\/author\\\/daredacao\\\/#author\"},\"publisher\":{\"@id\":\"https:\\\/\\\/www.jornalja.com.br\\\/arquivo\\\/#organization\"},\"image\":{\"@type\":\"ImageObject\",\"url\":50321},\"datePublished\":\"2017-06-20T22:08:32-03:00\",\"dateModified\":\"2017-06-20T22:08:32-03:00\",\"inLanguage\":\"pt-BR\",\"mainEntityOfPage\":{\"@id\":\"https:\\\/\\\/www.jornalja.com.br\\\/arquivo\\\/campanha-somostodospaiskiss-no-facebook-e-twitter-alcanca-milhares-de-pessoas-em-poucos-dias\\\/#webpage\"},\"isPartOf\":{\"@id\":\"https:\\\/\\\/www.jornalja.com.br\\\/arquivo\\\/campanha-somostodospaiskiss-no-facebook-e-twitter-alcanca-milhares-de-pessoas-em-poucos-dias\\\/#webpage\"},\"articleSection\":\"Geral\"},{\"@type\":\"BreadcrumbList\",\"@id\":\"https:\\\/\\\/www.jornalja.com.br\\\/arquivo\\\/campanha-somostodospaiskiss-no-facebook-e-twitter-alcanca-milhares-de-pessoas-em-poucos-dias\\\/#breadcrumblist\",\"itemListElement\":[{\"@type\":\"ListItem\",\"@id\":\"https:\\\/\\\/www.jornalja.com.br\\\/arquivo#listItem\",\"position\":1,\"name\":\"Home\",\"item\":\"https:\\\/\\\/www.jornalja.com.br\\\/arquivo\",\"nextItem\":{\"@type\":\"ListItem\",\"@id\":\"https:\\\/\\\/www.jornalja.com.br\\\/arquivo\\\/category\\\/geral\\\/#listItem\",\"name\":\"Geral\"}},{\"@type\":\"ListItem\",\"@id\":\"https:\\\/\\\/www.jornalja.com.br\\\/arquivo\\\/category\\\/geral\\\/#listItem\",\"position\":2,\"name\":\"Geral\",\"item\":\"https:\\\/\\\/www.jornalja.com.br\\\/arquivo\\\/category\\\/geral\\\/\",\"nextItem\":{\"@type\":\"ListItem\",\"@id\":\"https:\\\/\\\/www.jornalja.com.br\\\/arquivo\\\/campanha-somostodospaiskiss-no-facebook-e-twitter-alcanca-milhares-de-pessoas-em-poucos-dias\\\/#listItem\",\"name\":\"Campanha SomosTodosPaisKiss no facebook e twitter alcan\\u00e7a milhares de pessoas em poucos dias\"},\"previousItem\":{\"@type\":\"ListItem\",\"@id\":\"https:\\\/\\\/www.jornalja.com.br\\\/arquivo#listItem\",\"name\":\"Home\"}},{\"@type\":\"ListItem\",\"@id\":\"https:\\\/\\\/www.jornalja.com.br\\\/arquivo\\\/campanha-somostodospaiskiss-no-facebook-e-twitter-alcanca-milhares-de-pessoas-em-poucos-dias\\\/#listItem\",\"position\":3,\"name\":\"Campanha SomosTodosPaisKiss no facebook e twitter alcan\\u00e7a milhares de pessoas em poucos dias\",\"previousItem\":{\"@type\":\"ListItem\",\"@id\":\"https:\\\/\\\/www.jornalja.com.br\\\/arquivo\\\/category\\\/geral\\\/#listItem\",\"name\":\"Geral\"}}]},{\"@type\":\"Organization\",\"@id\":\"https:\\\/\\\/www.jornalja.com.br\\\/arquivo\\\/#organization\",\"name\":\"Jornal J\\u00c1\",\"description\":\"Jornal J\\u00c1 | Porto Alegre\",\"url\":\"https:\\\/\\\/www.jornalja.com.br\\\/arquivo\\\/\",\"telephone\":\"+555133307272\",\"logo\":{\"@type\":\"ImageObject\",\"url\":\"https:\\\/\\\/www.jornalja.com.br\\\/wp-content\\\/uploads\\\/cards\\\/JAslogan.png\",\"@id\":\"https:\\\/\\\/www.jornalja.com.br\\\/arquivo\\\/campanha-somostodospaiskiss-no-facebook-e-twitter-alcanca-milhares-de-pessoas-em-poucos-dias\\\/#organizationLogo\"},\"image\":{\"@id\":\"https:\\\/\\\/www.jornalja.com.br\\\/arquivo\\\/campanha-somostodospaiskiss-no-facebook-e-twitter-alcanca-milhares-de-pessoas-em-poucos-dias\\\/#organizationLogo\"}},{\"@type\":\"Person\",\"@id\":\"https:\\\/\\\/www.jornalja.com.br\\\/arquivo\\\/author\\\/daredacao\\\/#author\",\"url\":\"https:\\\/\\\/www.jornalja.com.br\\\/arquivo\\\/author\\\/daredacao\\\/\",\"name\":\"da Reda\\u00e7\\u00e3o\",\"image\":{\"@type\":\"ImageObject\",\"@id\":\"https:\\\/\\\/www.jornalja.com.br\\\/arquivo\\\/campanha-somostodospaiskiss-no-facebook-e-twitter-alcanca-milhares-de-pessoas-em-poucos-dias\\\/#authorImage\",\"url\":\"https:\\\/\\\/secure.gravatar.com\\\/avatar\\\/469fd857d6605ad19919d27ed29d35a968a25f6e8fd9318356bbb7f57aae9c65?s=96&d=mm&r=g\",\"width\":96,\"height\":96,\"caption\":\"da Reda\\u00e7\\u00e3o\"}},{\"@type\":\"WebPage\",\"@id\":\"https:\\\/\\\/www.jornalja.com.br\\\/arquivo\\\/campanha-somostodospaiskiss-no-facebook-e-twitter-alcanca-milhares-de-pessoas-em-poucos-dias\\\/#webpage\",\"url\":\"https:\\\/\\\/www.jornalja.com.br\\\/arquivo\\\/campanha-somostodospaiskiss-no-facebook-e-twitter-alcanca-milhares-de-pessoas-em-poucos-dias\\\/\",\"name\":\"Campanha SomosTodosPaisKiss no facebook e twitter alcan\\u00e7a milhares de pessoas em poucos dias | Arquivo\",\"inLanguage\":\"pt-BR\",\"isPartOf\":{\"@id\":\"https:\\\/\\\/www.jornalja.com.br\\\/arquivo\\\/#website\"},\"breadcrumb\":{\"@id\":\"https:\\\/\\\/www.jornalja.com.br\\\/arquivo\\\/campanha-somostodospaiskiss-no-facebook-e-twitter-alcanca-milhares-de-pessoas-em-poucos-dias\\\/#breadcrumblist\"},\"author\":{\"@id\":\"https:\\\/\\\/www.jornalja.com.br\\\/arquivo\\\/author\\\/daredacao\\\/#author\"},\"creator\":{\"@id\":\"https:\\\/\\\/www.jornalja.com.br\\\/arquivo\\\/author\\\/daredacao\\\/#author\"},\"image\":{\"@type\":\"ImageObject\",\"url\":50321,\"@id\":\"https:\\\/\\\/www.jornalja.com.br\\\/arquivo\\\/campanha-somostodospaiskiss-no-facebook-e-twitter-alcanca-milhares-de-pessoas-em-poucos-dias\\\/#mainImage\"},\"primaryImageOfPage\":{\"@id\":\"https:\\\/\\\/www.jornalja.com.br\\\/arquivo\\\/campanha-somostodospaiskiss-no-facebook-e-twitter-alcanca-milhares-de-pessoas-em-poucos-dias\\\/#mainImage\"},\"datePublished\":\"2017-06-20T22:08:32-03:00\",\"dateModified\":\"2017-06-20T22:08:32-03:00\"},{\"@type\":\"WebSite\",\"@id\":\"https:\\\/\\\/www.jornalja.com.br\\\/arquivo\\\/#website\",\"url\":\"https:\\\/\\\/www.jornalja.com.br\\\/arquivo\\\/\",\"name\":\"Arquivo\",\"description\":\"Jornal J\\u00c1 | Porto Alegre\",\"inLanguage\":\"pt-BR\",\"publisher\":{\"@id\":\"https:\\\/\\\/www.jornalja.com.br\\\/arquivo\\\/#organization\"}}]}\n\t\t<\/script>\n\t\t<!-- All in One SEO -->\n\n","aioseo_head_json":{"title":"Campanha SomosTodosPaisKiss no facebook e twitter alcan\u00e7a milhares de pessoas em poucos dias | Arquivo","description":"","canonical_url":"https:\/\/www.jornalja.com.br\/arquivo\/campanha-somostodospaiskiss-no-facebook-e-twitter-alcanca-milhares-de-pessoas-em-poucos-dias\/","robots":"max-image-preview:large","keywords":"","webmasterTools":{"miscellaneous":""},"schema":{"@context":"https:\/\/schema.org","@graph":[{"@type":"BlogPosting","@id":"https:\/\/www.jornalja.com.br\/arquivo\/campanha-somostodospaiskiss-no-facebook-e-twitter-alcanca-milhares-de-pessoas-em-poucos-dias\/#blogposting","name":"Campanha SomosTodosPaisKiss no facebook e twitter alcan\u00e7a milhares de pessoas em poucos dias | Arquivo","headline":"Campanha SomosTodosPaisKiss no facebook e twitter alcan\u00e7a milhares de pessoas em poucos dias","author":{"@id":"https:\/\/www.jornalja.com.br\/arquivo\/author\/daredacao\/#author"},"publisher":{"@id":"https:\/\/www.jornalja.com.br\/arquivo\/#organization"},"image":{"@type":"ImageObject","url":50321},"datePublished":"2017-06-20T22:08:32-03:00","dateModified":"2017-06-20T22:08:32-03:00","inLanguage":"pt-BR","mainEntityOfPage":{"@id":"https:\/\/www.jornalja.com.br\/arquivo\/campanha-somostodospaiskiss-no-facebook-e-twitter-alcanca-milhares-de-pessoas-em-poucos-dias\/#webpage"},"isPartOf":{"@id":"https:\/\/www.jornalja.com.br\/arquivo\/campanha-somostodospaiskiss-no-facebook-e-twitter-alcanca-milhares-de-pessoas-em-poucos-dias\/#webpage"},"articleSection":"Geral"},{"@type":"BreadcrumbList","@id":"https:\/\/www.jornalja.com.br\/arquivo\/campanha-somostodospaiskiss-no-facebook-e-twitter-alcanca-milhares-de-pessoas-em-poucos-dias\/#breadcrumblist","itemListElement":[{"@type":"ListItem","@id":"https:\/\/www.jornalja.com.br\/arquivo#listItem","position":1,"name":"Home","item":"https:\/\/www.jornalja.com.br\/arquivo","nextItem":{"@type":"ListItem","@id":"https:\/\/www.jornalja.com.br\/arquivo\/category\/geral\/#listItem","name":"Geral"}},{"@type":"ListItem","@id":"https:\/\/www.jornalja.com.br\/arquivo\/category\/geral\/#listItem","position":2,"name":"Geral","item":"https:\/\/www.jornalja.com.br\/arquivo\/category\/geral\/","nextItem":{"@type":"ListItem","@id":"https:\/\/www.jornalja.com.br\/arquivo\/campanha-somostodospaiskiss-no-facebook-e-twitter-alcanca-milhares-de-pessoas-em-poucos-dias\/#listItem","name":"Campanha SomosTodosPaisKiss no facebook e twitter alcan\u00e7a milhares de pessoas em poucos dias"},"previousItem":{"@type":"ListItem","@id":"https:\/\/www.jornalja.com.br\/arquivo#listItem","name":"Home"}},{"@type":"ListItem","@id":"https:\/\/www.jornalja.com.br\/arquivo\/campanha-somostodospaiskiss-no-facebook-e-twitter-alcanca-milhares-de-pessoas-em-poucos-dias\/#listItem","position":3,"name":"Campanha SomosTodosPaisKiss no facebook e twitter alcan\u00e7a milhares de pessoas em poucos dias","previousItem":{"@type":"ListItem","@id":"https:\/\/www.jornalja.com.br\/arquivo\/category\/geral\/#listItem","name":"Geral"}}]},{"@type":"Organization","@id":"https:\/\/www.jornalja.com.br\/arquivo\/#organization","name":"Jornal J\u00c1","description":"Jornal J\u00c1 | Porto Alegre","url":"https:\/\/www.jornalja.com.br\/arquivo\/","telephone":"+555133307272","logo":{"@type":"ImageObject","url":"https:\/\/www.jornalja.com.br\/wp-content\/uploads\/cards\/JAslogan.png","@id":"https:\/\/www.jornalja.com.br\/arquivo\/campanha-somostodospaiskiss-no-facebook-e-twitter-alcanca-milhares-de-pessoas-em-poucos-dias\/#organizationLogo"},"image":{"@id":"https:\/\/www.jornalja.com.br\/arquivo\/campanha-somostodospaiskiss-no-facebook-e-twitter-alcanca-milhares-de-pessoas-em-poucos-dias\/#organizationLogo"}},{"@type":"Person","@id":"https:\/\/www.jornalja.com.br\/arquivo\/author\/daredacao\/#author","url":"https:\/\/www.jornalja.com.br\/arquivo\/author\/daredacao\/","name":"da Reda\u00e7\u00e3o","image":{"@type":"ImageObject","@id":"https:\/\/www.jornalja.com.br\/arquivo\/campanha-somostodospaiskiss-no-facebook-e-twitter-alcanca-milhares-de-pessoas-em-poucos-dias\/#authorImage","url":"https:\/\/secure.gravatar.com\/avatar\/469fd857d6605ad19919d27ed29d35a968a25f6e8fd9318356bbb7f57aae9c65?s=96&d=mm&r=g","width":96,"height":96,"caption":"da Reda\u00e7\u00e3o"}},{"@type":"WebPage","@id":"https:\/\/www.jornalja.com.br\/arquivo\/campanha-somostodospaiskiss-no-facebook-e-twitter-alcanca-milhares-de-pessoas-em-poucos-dias\/#webpage","url":"https:\/\/www.jornalja.com.br\/arquivo\/campanha-somostodospaiskiss-no-facebook-e-twitter-alcanca-milhares-de-pessoas-em-poucos-dias\/","name":"Campanha SomosTodosPaisKiss no facebook e twitter alcan\u00e7a milhares de pessoas em poucos dias | Arquivo","inLanguage":"pt-BR","isPartOf":{"@id":"https:\/\/www.jornalja.com.br\/arquivo\/#website"},"breadcrumb":{"@id":"https:\/\/www.jornalja.com.br\/arquivo\/campanha-somostodospaiskiss-no-facebook-e-twitter-alcanca-milhares-de-pessoas-em-poucos-dias\/#breadcrumblist"},"author":{"@id":"https:\/\/www.jornalja.com.br\/arquivo\/author\/daredacao\/#author"},"creator":{"@id":"https:\/\/www.jornalja.com.br\/arquivo\/author\/daredacao\/#author"},"image":{"@type":"ImageObject","url":50321,"@id":"https:\/\/www.jornalja.com.br\/arquivo\/campanha-somostodospaiskiss-no-facebook-e-twitter-alcanca-milhares-de-pessoas-em-poucos-dias\/#mainImage"},"primaryImageOfPage":{"@id":"https:\/\/www.jornalja.com.br\/arquivo\/campanha-somostodospaiskiss-no-facebook-e-twitter-alcanca-milhares-de-pessoas-em-poucos-dias\/#mainImage"},"datePublished":"2017-06-20T22:08:32-03:00","dateModified":"2017-06-20T22:08:32-03:00"},{"@type":"WebSite","@id":"https:\/\/www.jornalja.com.br\/arquivo\/#website","url":"https:\/\/www.jornalja.com.br\/arquivo\/","name":"Arquivo","description":"Jornal J\u00c1 | Porto Alegre","inLanguage":"pt-BR","publisher":{"@id":"https:\/\/www.jornalja.com.br\/arquivo\/#organization"}}]},"og:locale":"pt_BR","og:site_name":"Arquivo | Jornal J\u00c1 | Porto Alegre","og:type":"article","og:title":"Campanha SomosTodosPaisKiss no facebook e twitter alcan\u00e7a milhares de pessoas em poucos dias | Arquivo","og:url":"https:\/\/www.jornalja.com.br\/arquivo\/campanha-somostodospaiskiss-no-facebook-e-twitter-alcanca-milhares-de-pessoas-em-poucos-dias\/","og:image":"https:\/\/www.jornalja.com.br\/economics\/wp-content\/uploads\/sites\/11\/2026\/08\/ja-folhaderosto-facebook.jpg","og:image:secure_url":"https:\/\/www.jornalja.com.br\/economics\/wp-content\/uploads\/sites\/11\/2026\/08\/ja-folhaderosto-facebook.jpg","article:published_time":"2017-06-21T01:08:32+00:00","article:modified_time":"2017-06-21T01:08:32+00:00","twitter:card":"summary","twitter:title":"Campanha SomosTodosPaisKiss no facebook e twitter alcan\u00e7a milhares de pessoas em poucos dias | Arquivo","twitter:image":"https:\/\/www.jornalja.com.br\/economics\/wp-content\/uploads\/sites\/11\/2026\/08\/ja-folhaderosto-facebook.jpg"},"aioseo_meta_data":{"post_id":"50320","title":null,"description":null,"keywords":null,"keyphrases":null,"primary_term":null,"canonical_url":null,"og_title":null,"og_description":null,"og_object_type":"default","og_image_type":"default","og_image_url":null,"og_image_width":null,"og_image_height":null,"og_image_custom_url":null,"og_image_custom_fields":null,"og_video":null,"og_custom_url":null,"og_article_section":null,"og_article_tags":null,"twitter_use_og":false,"twitter_card":"default","twitter_image_type":"default","twitter_image_url":null,"twitter_image_custom_url":null,"twitter_image_custom_fields":null,"twitter_title":null,"twitter_description":null,"schema":{"blockGraphs":[],"customGraphs":[],"default":{"data":{"Article":[],"Course":[],"Dataset":[],"FAQPage":[],"Movie":[],"Person":[],"Product":[],"ProductReview":[],"Car":[],"Recipe":[],"Service":[],"SoftwareApplication":[],"WebPage":[]},"graphName":"","isEnabled":true},"graphs":[],"defaultGraph":"","defaultPostTypeGraph":""},"schema_type":null,"schema_type_options":null,"pillar_content":false,"robots_default":true,"robots_noindex":false,"robots_noarchive":false,"robots_nosnippet":false,"robots_nofollow":false,"robots_noimageindex":false,"robots_noodp":false,"robots_notranslate":false,"robots_max_snippet":null,"robots_max_videopreview":null,"robots_max_imagepreview":"large","priority":null,"frequency":null,"location":null,"local_seo":null,"breadcrumb_settings":null,"limit_modified_date":false,"ai":null,"created":"2020-12-20 20:32:00","updated":"2025-07-19 22:22:55","seo_analyzer_scan_date":null,"focus_keyword":null,"additional_keywords":null,"truseo_locale":null},"jetpack_sharing_enabled":true,"jetpack-related-posts":[{"id":12960,"url":"https:\/\/www.jornalja.com.br\/arquivo\/populacao-culpa-empresas-pela-greve-dos-rodoviarios\/","url_meta":{"origin":50320,"position":0},"title":"Popula\u00e7\u00e3o culpa empresas pela greve","author":"Patr\u00edcia Marini","date":"14 de fevereiro de 2014","format":false,"excerpt":"Pesquisa divulgada na edi\u00e7\u00e3o do jornal Metro desta sexta-feira,14, comprova o velho ditado: \u00e9 poss\u00edvel enganar muitos por algum tempo, mas n\u00e3o \u00e9 poss\u00edvel enganar a todos o tempo inteiro. A principal revela\u00e7\u00e3o foi que 59,8% dos entrevistados apontaram as empresas como as principais respons\u00e1veis pela grave e 46% culparam\u2026","rel":"","context":"Em &quot;X.Categorias velhas&quot;","block_context":{"text":"X.Categorias velhas","link":"https:\/\/www.jornalja.com.br\/arquivo\/category\/x-categorias-velhas\/"},"img":{"alt_text":"","src":"","width":0,"height":0},"classes":[]},{"id":13240,"url":"https:\/\/www.jornalja.com.br\/arquivo\/plano-diretor-estamos-construindo-o-caos\/","url_meta":{"origin":50320,"position":1},"title":"Plano diretor: &quot;Estamos construindo o caos&quot;","author":"Patr\u00edcia Marini","date":"26 de maio de 2014","format":false,"excerpt":"Desabafo que arquiteta Eliana Castilhos, delegada da Regi\u00e3o de Planejamento 1, postou nas redes sociais \u00e9 um testemunho do ambiente que se criou no Conselho do Plano Diretor de Porto Alegre, onde a aprova\u00e7\u00e3o de grandes empreendimentos \u00e9 empurrada guela abaixo dos conselheiros. Ao CMDUA Como delegada da Regi\u00e3o de\u2026","rel":"","context":"Em &quot;Geral&quot;","block_context":{"text":"Geral","link":"https:\/\/www.jornalja.com.br\/arquivo\/category\/geral\/"},"img":{"alt_text":"","src":"","width":0,"height":0},"classes":[]},{"id":13128,"url":"https:\/\/www.jornalja.com.br\/arquivo\/maconha-terra-diz-que-uso-medicinal-e-desculpa\/","url_meta":{"origin":50320,"position":2},"title":"Maconha: Terra diz que uso medicinal \u00e9 desculpa","author":"Patr\u00edcia Marini","date":"4 de junho de 2014","format":false,"excerpt":"A condi\u00e7\u00e3o de pol\u00edtico, em \u00e9poca de campanha de campanha eleitoral, tira for\u00e7a do discurso do m\u00e9dico Osmar Terra contra a legaliza\u00e7\u00e3o da maconha. A tese dele de que a libera\u00e7\u00e3o vai ampliar exponencialmente o consumo \u00e9 discutivel, o consumo \u00e9 corrente. Mas seus alertas quanto aos riscos tem que\u2026","rel":"","context":"Em &quot;X.Categorias velhas&quot;","block_context":{"text":"X.Categorias velhas","link":"https:\/\/www.jornalja.com.br\/arquivo\/category\/x-categorias-velhas\/"},"img":{"alt_text":"","src":"","width":0,"height":0},"classes":[]},{"id":13109,"url":"https:\/\/www.jornalja.com.br\/arquivo\/judiciario-reconhece-poluicao-eletromagnetica\/","url_meta":{"origin":50320,"position":3},"title":"Judici\u00e1rio reconhece polui\u00e7\u00e3o eletromagn\u00e9tica","author":"Patr\u00edcia Marini","date":"16 de maio de 2014","format":false,"excerpt":"A\u00e7\u00e3o de duas associa\u00e7\u00f5es de moradores foi acolhida pelo Tribunal de Justi\u00e7a de S\u00e3o Paulo que. em decis\u00e3o in\u00e9dita, determinou a redu\u00e7\u00e3o do campo eletromagn\u00e9tico gerado pelas linhas de transmiss\u00e3o de energia que cortam os bairros City Boa\u00e7ava e Alto de Pinheiros. \u00c9 a primeira vez que um tribunal do\u2026","rel":"","context":"Em &quot;X.Categorias velhas&quot;","block_context":{"text":"X.Categorias velhas","link":"https:\/\/www.jornalja.com.br\/arquivo\/category\/x-categorias-velhas\/"},"img":{"alt_text":"","src":"","width":0,"height":0},"classes":[]},{"id":13239,"url":"https:\/\/www.jornalja.com.br\/arquivo\/conselho-desdenha-do-plano-diretor\/","url_meta":{"origin":50320,"position":4},"title":"Porto Alegre: Conselho detona Plano Diretor","author":"Patr\u00edcia Marini","date":"25 de maio de 2014","format":false,"excerpt":"Den\u00fancia do arquiteto e \u00a0urbanista Ibir\u00e1 Santos Lucas. Ele diz que os conselheiros est\u00e3o votando com \"enorme irresponsabilidade\". \"Mudam regime com a maior naturalidade,,,regularizam absurdos de constru\u00e7\u00f5es irregulares... \"O CMDUA est\u00e1 flexibilizando a lei do plano diretor, de uma forma impactante na vida da cidade. Mudam regime com a maior\u2026","rel":"","context":"Em &quot;Geral&quot;","block_context":{"text":"Geral","link":"https:\/\/www.jornalja.com.br\/arquivo\/category\/geral\/"},"img":{"alt_text":"","src":"","width":0,"height":0},"classes":[]},{"id":13124,"url":"https:\/\/www.jornalja.com.br\/arquivo\/sangue-latino-no-iecine\/","url_meta":{"origin":50320,"position":5},"title":"Sangue latino no IECINE","author":"da Reda\u00e7\u00e3o","date":"18 de maio de 2014","format":false,"excerpt":"Francisco Ribeiro O Instituto Estadual de Cinema (IECINE) tem a frente, desde abril \u00faltimo, um novo diretor, o cineasta colombiano Juan Zapata, 36, que substitui Luiz Alberto Cassol. Radicado h\u00e1 dez anos em Porto Alegre, Zapata tem diante de si o desafio de conduzir at\u00e9 o final do ano um\u2026","rel":"","context":"Em &quot;Cultura-Geral&quot;","block_context":{"text":"Cultura-Geral","link":"https:\/\/www.jornalja.com.br\/arquivo\/category\/materiasecundaria\/"},"img":{"alt_text":"","src":"","width":0,"height":0},"classes":[]}],"jetpack_shortlink":"https:\/\/wp.me\/pbQjBd-d5C","jetpack_featured_media_url":"","_links":{"self":[{"href":"https:\/\/www.jornalja.com.br\/arquivo\/wp-json\/wp\/v2\/posts\/50320","targetHints":{"allow":["GET"]}}],"collection":[{"href":"https:\/\/www.jornalja.com.br\/arquivo\/wp-json\/wp\/v2\/posts"}],"about":[{"href":"https:\/\/www.jornalja.com.br\/arquivo\/wp-json\/wp\/v2\/types\/post"}],"author":[{"embeddable":true,"href":"https:\/\/www.jornalja.com.br\/arquivo\/wp-json\/wp\/v2\/users\/4"}],"replies":[{"embeddable":true,"href":"https:\/\/www.jornalja.com.br\/arquivo\/wp-json\/wp\/v2\/comments?post=50320"}],"version-history":[{"count":0,"href":"https:\/\/www.jornalja.com.br\/arquivo\/wp-json\/wp\/v2\/posts\/50320\/revisions"}],"wp:attachment":[{"href":"https:\/\/www.jornalja.com.br\/arquivo\/wp-json\/wp\/v2\/media?parent=50320"}],"wp:term":[{"taxonomy":"category","embeddable":true,"href":"https:\/\/www.jornalja.com.br\/arquivo\/wp-json\/wp\/v2\/categories?post=50320"},{"taxonomy":"post_tag","embeddable":true,"href":"https:\/\/www.jornalja.com.br\/arquivo\/wp-json\/wp\/v2\/tags?post=50320"}],"curies":[{"name":"wp","href":"https:\/\/api.w.org\/{rel}","templated":true}]}}