{"id":50390,"date":"2017-06-21T22:00:53","date_gmt":"2017-06-22T01:00:53","guid":{"rendered":"https:\/\/www.jornalja.com.br\/?p=50390"},"modified":"2017-06-21T22:00:53","modified_gmt":"2017-06-22T01:00:53","slug":"web-serie-gaucha-ganha-premio-e-concorre-em-festivais-na-europa","status":"publish","type":"post","link":"https:\/\/www.jornalja.com.br\/arquivo\/web-serie-gaucha-ganha-premio-e-concorre-em-festivais-na-europa\/","title":{"rendered":"Web s\u00e9rie ga\u00facha ganha pr\u00eamio e concorre em festivais na Europa"},"content":{"rendered":"<p>A web s\u00e9rie ga\u00facha Meninos Tristes (Blue Boys)\u00a0foi premiada na Espanha e concorre em festivais na It\u00e1lia, Alemanha, Rom\u00eania e Gr\u00e9cia em 2017. J\u00e1 no dia 3 de julho, a web s\u00e9rie estar\u00e1 concorrendo no\u00a0LifeArt Media Festival, em Atenas.<br \/>\nFilmada em Porto Alegre e Viam\u00e3o, Meninos Tristes \u00e9 produzida pela Hellas Filmes e Escola de Atores TV &amp; Cinema. A web s\u00e9rie aborda sobre o problema da intoler\u00e2ncia e como isso pode resultar em preju\u00edzos para a vida dos jovens. Baseado em acontecimentos reais, a hist\u00f3ria tem como protagonista Andr\u00e9 (Vin\u00edcius Machado, em seu trabalho de estreia), um jovem em busca de autodescoberta, com suas conflitantes rela\u00e7\u00f5es com sua fam\u00edlia e com seus colegas de escola.<br \/>\nMeninos Tristes \u00e9 uma hist\u00f3ria sobre hipocrisia e, principalmente, sobre intoler\u00e2ncia, trazendo abordagens em temas importantes como a depress\u00e3o e o bullying.<br \/>\nEm harmonia com a tem\u00e1tica, o filme apresenta uma fotografia em tons frios, com planos intimistas, que fazem o espectador se aproximar gradativamente dos personagens. Auxiliando nessa composi\u00e7\u00e3o, a trilha sonora tem como base um piano com notas esparsas e cordas dando um tom melanc\u00f3lico ao filme, mas n\u00e3o melodram\u00e1tico, trilha esta composta pelo compositor ga\u00facho Jos\u00e9 Flor\u00eancio.<br \/>\nA web s\u00e9rie busca atingir n\u00e3o s\u00f3 os interessados em quest\u00f5es sociais, mas quem busca no entretenimento uma forma de reflex\u00e3o do pr\u00f3prio cotidiano. A hist\u00f3ria apresenta uma linguagem simples e direta, em uma tem\u00e1tica universal, de forma que todos conseguem compreender o seu recado.<br \/>\n<strong>Novos talentos<\/strong><br \/>\nRoteirizado e dirigido por Daniel Castilhos, com a produ\u00e7\u00e3o da Hellas Filmes e Escola de Atores TV &amp; Cinema, Meninos Tristes tem seu elenco formado por novos talentos, como Vin\u00edcius Machado &#8211; indicado ao pr\u00eamio de Melhor Ator Drama na edi\u00e7\u00e3o de 2016 do Rio WebFest, festival de web s\u00e9ries do Brasil \u2013 al\u00e9m de Suely Pinheiro, Arthur Paz, Ana Vict\u00f3ria Camargo, Renata Selmo, Luiz Kumer, Cheri Vivan, Diego Freitas e, tendo participa\u00e7\u00e3o de Renata Bregagnol, j\u00e1 conhecida pelo p\u00fablico ga\u00facho pelas suas participa\u00e7\u00f5es nas pe\u00e7as da Cia. Teatro Novo, como\u00a0 A Dama e o Vagabundo e Cinderella.<br \/>\n<strong>Pr\u00eamia\u00e7\u00f5es<\/strong><br \/>\nCom uma base s\u00f3lida de f\u00e3s, a web s\u00e9rie j\u00e1 passou das 600 mil visualiza\u00e7\u00f5es no canal do YouTube e esse n\u00famero tem crescido cada vez mais, com um aumento de cerca de 1 mil visualiza\u00e7\u00f5es por semana. Meninos Tristes \u00e9 uma das web s\u00e9ries brasileiras sobre diversidade com mais visualiza\u00e7\u00f5es em 2016 e, para somar ao sucesso, recebeu seis indica\u00e7\u00f5es no Rio WebFest 2016: melhor s\u00e9rie brasileira, melhor s\u00e9rie drama, melhor s\u00e9rie diversidade, melhor ator, melhor roteiro e escolha do p\u00fablico. Em decorr\u00eancia a esse festival, a s\u00e9rie ganhou dois Silver Tickets, que s\u00e3o sele\u00e7\u00f5es diretas sem inscri\u00e7\u00f5es, para dois festivais internacionais: o Wendie Web Fest, em Hamburgo (Alemanha), e Sicily Web Fest, na Sic\u00edlia (It\u00e1lia).<br \/>\nEm abril desse ano, a s\u00e9rie foi adquirida pelo canal de streaming REVRY, uma plataforma com conte\u00fado exclusivamente LGBT, al\u00e9m de receber o pr\u00eamio de melhor hist\u00f3ria de curta-metragem no Pr\u00eamios Latino, na Espanha, e fazer parte da sele\u00e7\u00e3o oficial na categoria drama do Out Web Fest 2017, em Los Angeles (Estados Unidos).<br \/>\nCom produ\u00e7\u00e3o independente, Meninos Tristes est\u00e1 na sua segunda temporada e pode ser assistida em \u00a0<a href=\"http:\/\/bit.ly\/2sJWEHz\">http:\/\/bit.ly\/2sJWEHz<\/a> .<\/p>\n","protected":false},"excerpt":{"rendered":"<p>A web s\u00e9rie ga\u00facha Meninos Tristes (Blue Boys)\u00a0foi premiada na Espanha e concorre em festivais na It\u00e1lia, Alemanha, Rom\u00eania e Gr\u00e9cia em 2017. J\u00e1 no dia 3 de julho, a web s\u00e9rie estar\u00e1 concorrendo no\u00a0LifeArt Media Festival, em Atenas. Filmada em Porto Alegre e Viam\u00e3o, Meninos Tristes \u00e9 produzida pela Hellas Filmes e Escola de [&hellip;]<\/p>\n","protected":false},"author":4,"featured_media":50391,"comment_status":"open","ping_status":"closed","sticky":false,"template":"","format":"standard","meta":{"_jetpack_newsletter_access":"","_jetpack_dont_email_post_to_subs":false,"_jetpack_newsletter_tier_id":0,"_jetpack_memberships_contains_paywalled_content":false,"_jetpack_feature_clip_id":0,"_jetpack_memberships_contains_paid_content":false,"footnotes":"","jetpack_post_was_ever_published":false},"categories":[11],"tags":[],"class_list":["post-50390","post","type-post","status-publish","format-standard","has-post-thumbnail","hentry","category-materiasecundaria"],"aioseo_notices":[],"aioseo_head":"\n\t\t<!-- All in One SEO 5.0.1.1 - aioseo.com -->\n\t<meta name=\"robots\" content=\"max-image-preview:large\" \/>\n\t<meta name=\"author\" content=\"da Reda\u00e7\u00e3o\"\/>\n\t<link rel=\"canonical\" href=\"https:\/\/www.jornalja.com.br\/arquivo\/web-serie-gaucha-ganha-premio-e-concorre-em-festivais-na-europa\/\" \/>\n\t<meta name=\"generator\" content=\"All in One SEO (AIOSEO) 5.0.1.1\" \/>\n\t\t<meta property=\"og:locale\" content=\"pt_BR\" \/>\n\t\t<meta property=\"og:site_name\" content=\"Arquivo | Jornal J\u00c1 | Porto Alegre\" \/>\n\t\t<meta property=\"og:type\" content=\"article\" \/>\n\t\t<meta property=\"og:title\" content=\"Web s\u00e9rie ga\u00facha ganha pr\u00eamio e concorre em festivais na Europa | Arquivo\" \/>\n\t\t<meta property=\"og:url\" content=\"https:\/\/www.jornalja.com.br\/arquivo\/web-serie-gaucha-ganha-premio-e-concorre-em-festivais-na-europa\/\" \/>\n\t\t<meta property=\"og:image\" content=\"https:\/\/www.jornalja.com.br\/economics\/wp-content\/uploads\/sites\/11\/2026\/08\/ja-folhaderosto-facebook.jpg\" \/>\n\t\t<meta property=\"og:image:secure_url\" content=\"https:\/\/www.jornalja.com.br\/economics\/wp-content\/uploads\/sites\/11\/2026\/08\/ja-folhaderosto-facebook.jpg\" \/>\n\t\t<meta property=\"article:published_time\" content=\"2017-06-22T01:00:53+00:00\" \/>\n\t\t<meta property=\"article:modified_time\" content=\"2017-06-22T01:00:53+00:00\" \/>\n\t\t<meta name=\"twitter:card\" content=\"summary\" \/>\n\t\t<meta name=\"twitter:title\" content=\"Web s\u00e9rie ga\u00facha ganha pr\u00eamio e concorre em festivais na Europa | Arquivo\" \/>\n\t\t<meta name=\"twitter:image\" content=\"https:\/\/www.jornalja.com.br\/economics\/wp-content\/uploads\/sites\/11\/2026\/08\/ja-folhaderosto-facebook.jpg\" \/>\n\t\t<script type=\"application\/ld+json\" class=\"aioseo-schema\">\n\t\t\t{\"@context\":\"https:\\\/\\\/schema.org\",\"@graph\":[{\"@type\":\"BlogPosting\",\"@id\":\"https:\\\/\\\/www.jornalja.com.br\\\/arquivo\\\/web-serie-gaucha-ganha-premio-e-concorre-em-festivais-na-europa\\\/#blogposting\",\"name\":\"Web s\\u00e9rie ga\\u00facha ganha pr\\u00eamio e concorre em festivais na Europa | Arquivo\",\"headline\":\"Web s\\u00e9rie ga\\u00facha ganha pr\\u00eamio e concorre em festivais na Europa\",\"author\":{\"@id\":\"https:\\\/\\\/www.jornalja.com.br\\\/arquivo\\\/author\\\/daredacao\\\/#author\"},\"publisher\":{\"@id\":\"https:\\\/\\\/www.jornalja.com.br\\\/arquivo\\\/#organization\"},\"image\":{\"@type\":\"ImageObject\",\"url\":50391},\"datePublished\":\"2017-06-21T22:00:53-03:00\",\"dateModified\":\"2017-06-21T22:00:53-03:00\",\"inLanguage\":\"pt-BR\",\"mainEntityOfPage\":{\"@id\":\"https:\\\/\\\/www.jornalja.com.br\\\/arquivo\\\/web-serie-gaucha-ganha-premio-e-concorre-em-festivais-na-europa\\\/#webpage\"},\"isPartOf\":{\"@id\":\"https:\\\/\\\/www.jornalja.com.br\\\/arquivo\\\/web-serie-gaucha-ganha-premio-e-concorre-em-festivais-na-europa\\\/#webpage\"},\"articleSection\":\"Cultura-Geral\"},{\"@type\":\"BreadcrumbList\",\"@id\":\"https:\\\/\\\/www.jornalja.com.br\\\/arquivo\\\/web-serie-gaucha-ganha-premio-e-concorre-em-festivais-na-europa\\\/#breadcrumblist\",\"itemListElement\":[{\"@type\":\"ListItem\",\"@id\":\"https:\\\/\\\/www.jornalja.com.br\\\/arquivo#listItem\",\"position\":1,\"name\":\"Home\",\"item\":\"https:\\\/\\\/www.jornalja.com.br\\\/arquivo\",\"nextItem\":{\"@type\":\"ListItem\",\"@id\":\"https:\\\/\\\/www.jornalja.com.br\\\/arquivo\\\/category\\\/materiasecundaria\\\/#listItem\",\"name\":\"Cultura-Geral\"}},{\"@type\":\"ListItem\",\"@id\":\"https:\\\/\\\/www.jornalja.com.br\\\/arquivo\\\/category\\\/materiasecundaria\\\/#listItem\",\"position\":2,\"name\":\"Cultura-Geral\",\"item\":\"https:\\\/\\\/www.jornalja.com.br\\\/arquivo\\\/category\\\/materiasecundaria\\\/\",\"nextItem\":{\"@type\":\"ListItem\",\"@id\":\"https:\\\/\\\/www.jornalja.com.br\\\/arquivo\\\/web-serie-gaucha-ganha-premio-e-concorre-em-festivais-na-europa\\\/#listItem\",\"name\":\"Web s\\u00e9rie ga\\u00facha ganha pr\\u00eamio e concorre em festivais na Europa\"},\"previousItem\":{\"@type\":\"ListItem\",\"@id\":\"https:\\\/\\\/www.jornalja.com.br\\\/arquivo#listItem\",\"name\":\"Home\"}},{\"@type\":\"ListItem\",\"@id\":\"https:\\\/\\\/www.jornalja.com.br\\\/arquivo\\\/web-serie-gaucha-ganha-premio-e-concorre-em-festivais-na-europa\\\/#listItem\",\"position\":3,\"name\":\"Web s\\u00e9rie ga\\u00facha ganha pr\\u00eamio e concorre em festivais na Europa\",\"previousItem\":{\"@type\":\"ListItem\",\"@id\":\"https:\\\/\\\/www.jornalja.com.br\\\/arquivo\\\/category\\\/materiasecundaria\\\/#listItem\",\"name\":\"Cultura-Geral\"}}]},{\"@type\":\"Organization\",\"@id\":\"https:\\\/\\\/www.jornalja.com.br\\\/arquivo\\\/#organization\",\"name\":\"Jornal J\\u00c1\",\"description\":\"Jornal J\\u00c1 | Porto Alegre\",\"url\":\"https:\\\/\\\/www.jornalja.com.br\\\/arquivo\\\/\",\"telephone\":\"+555133307272\",\"logo\":{\"@type\":\"ImageObject\",\"url\":\"https:\\\/\\\/www.jornalja.com.br\\\/wp-content\\\/uploads\\\/cards\\\/JAslogan.png\",\"@id\":\"https:\\\/\\\/www.jornalja.com.br\\\/arquivo\\\/web-serie-gaucha-ganha-premio-e-concorre-em-festivais-na-europa\\\/#organizationLogo\"},\"image\":{\"@id\":\"https:\\\/\\\/www.jornalja.com.br\\\/arquivo\\\/web-serie-gaucha-ganha-premio-e-concorre-em-festivais-na-europa\\\/#organizationLogo\"}},{\"@type\":\"Person\",\"@id\":\"https:\\\/\\\/www.jornalja.com.br\\\/arquivo\\\/author\\\/daredacao\\\/#author\",\"url\":\"https:\\\/\\\/www.jornalja.com.br\\\/arquivo\\\/author\\\/daredacao\\\/\",\"name\":\"da Reda\\u00e7\\u00e3o\",\"image\":{\"@type\":\"ImageObject\",\"@id\":\"https:\\\/\\\/www.jornalja.com.br\\\/arquivo\\\/web-serie-gaucha-ganha-premio-e-concorre-em-festivais-na-europa\\\/#authorImage\",\"url\":\"https:\\\/\\\/secure.gravatar.com\\\/avatar\\\/469fd857d6605ad19919d27ed29d35a968a25f6e8fd9318356bbb7f57aae9c65?s=96&d=mm&r=g\",\"width\":96,\"height\":96,\"caption\":\"da Reda\\u00e7\\u00e3o\"}},{\"@type\":\"WebPage\",\"@id\":\"https:\\\/\\\/www.jornalja.com.br\\\/arquivo\\\/web-serie-gaucha-ganha-premio-e-concorre-em-festivais-na-europa\\\/#webpage\",\"url\":\"https:\\\/\\\/www.jornalja.com.br\\\/arquivo\\\/web-serie-gaucha-ganha-premio-e-concorre-em-festivais-na-europa\\\/\",\"name\":\"Web s\\u00e9rie ga\\u00facha ganha pr\\u00eamio e concorre em festivais na Europa | Arquivo\",\"inLanguage\":\"pt-BR\",\"isPartOf\":{\"@id\":\"https:\\\/\\\/www.jornalja.com.br\\\/arquivo\\\/#website\"},\"breadcrumb\":{\"@id\":\"https:\\\/\\\/www.jornalja.com.br\\\/arquivo\\\/web-serie-gaucha-ganha-premio-e-concorre-em-festivais-na-europa\\\/#breadcrumblist\"},\"author\":{\"@id\":\"https:\\\/\\\/www.jornalja.com.br\\\/arquivo\\\/author\\\/daredacao\\\/#author\"},\"creator\":{\"@id\":\"https:\\\/\\\/www.jornalja.com.br\\\/arquivo\\\/author\\\/daredacao\\\/#author\"},\"image\":{\"@type\":\"ImageObject\",\"url\":50391,\"@id\":\"https:\\\/\\\/www.jornalja.com.br\\\/arquivo\\\/web-serie-gaucha-ganha-premio-e-concorre-em-festivais-na-europa\\\/#mainImage\"},\"primaryImageOfPage\":{\"@id\":\"https:\\\/\\\/www.jornalja.com.br\\\/arquivo\\\/web-serie-gaucha-ganha-premio-e-concorre-em-festivais-na-europa\\\/#mainImage\"},\"datePublished\":\"2017-06-21T22:00:53-03:00\",\"dateModified\":\"2017-06-21T22:00:53-03:00\"},{\"@type\":\"WebSite\",\"@id\":\"https:\\\/\\\/www.jornalja.com.br\\\/arquivo\\\/#website\",\"url\":\"https:\\\/\\\/www.jornalja.com.br\\\/arquivo\\\/\",\"name\":\"Arquivo\",\"description\":\"Jornal J\\u00c1 | Porto Alegre\",\"inLanguage\":\"pt-BR\",\"publisher\":{\"@id\":\"https:\\\/\\\/www.jornalja.com.br\\\/arquivo\\\/#organization\"}}]}\n\t\t<\/script>\n\t\t<!-- All in One SEO -->\n\n","aioseo_head_json":{"title":"Web s\u00e9rie ga\u00facha ganha pr\u00eamio e concorre em festivais na Europa | Arquivo","description":"","canonical_url":"https:\/\/www.jornalja.com.br\/arquivo\/web-serie-gaucha-ganha-premio-e-concorre-em-festivais-na-europa\/","robots":"max-image-preview:large","keywords":"","webmasterTools":{"miscellaneous":""},"schema":{"@context":"https:\/\/schema.org","@graph":[{"@type":"BlogPosting","@id":"https:\/\/www.jornalja.com.br\/arquivo\/web-serie-gaucha-ganha-premio-e-concorre-em-festivais-na-europa\/#blogposting","name":"Web s\u00e9rie ga\u00facha ganha pr\u00eamio e concorre em festivais na Europa | Arquivo","headline":"Web s\u00e9rie ga\u00facha ganha pr\u00eamio e concorre em festivais na Europa","author":{"@id":"https:\/\/www.jornalja.com.br\/arquivo\/author\/daredacao\/#author"},"publisher":{"@id":"https:\/\/www.jornalja.com.br\/arquivo\/#organization"},"image":{"@type":"ImageObject","url":50391},"datePublished":"2017-06-21T22:00:53-03:00","dateModified":"2017-06-21T22:00:53-03:00","inLanguage":"pt-BR","mainEntityOfPage":{"@id":"https:\/\/www.jornalja.com.br\/arquivo\/web-serie-gaucha-ganha-premio-e-concorre-em-festivais-na-europa\/#webpage"},"isPartOf":{"@id":"https:\/\/www.jornalja.com.br\/arquivo\/web-serie-gaucha-ganha-premio-e-concorre-em-festivais-na-europa\/#webpage"},"articleSection":"Cultura-Geral"},{"@type":"BreadcrumbList","@id":"https:\/\/www.jornalja.com.br\/arquivo\/web-serie-gaucha-ganha-premio-e-concorre-em-festivais-na-europa\/#breadcrumblist","itemListElement":[{"@type":"ListItem","@id":"https:\/\/www.jornalja.com.br\/arquivo#listItem","position":1,"name":"Home","item":"https:\/\/www.jornalja.com.br\/arquivo","nextItem":{"@type":"ListItem","@id":"https:\/\/www.jornalja.com.br\/arquivo\/category\/materiasecundaria\/#listItem","name":"Cultura-Geral"}},{"@type":"ListItem","@id":"https:\/\/www.jornalja.com.br\/arquivo\/category\/materiasecundaria\/#listItem","position":2,"name":"Cultura-Geral","item":"https:\/\/www.jornalja.com.br\/arquivo\/category\/materiasecundaria\/","nextItem":{"@type":"ListItem","@id":"https:\/\/www.jornalja.com.br\/arquivo\/web-serie-gaucha-ganha-premio-e-concorre-em-festivais-na-europa\/#listItem","name":"Web s\u00e9rie ga\u00facha ganha pr\u00eamio e concorre em festivais na Europa"},"previousItem":{"@type":"ListItem","@id":"https:\/\/www.jornalja.com.br\/arquivo#listItem","name":"Home"}},{"@type":"ListItem","@id":"https:\/\/www.jornalja.com.br\/arquivo\/web-serie-gaucha-ganha-premio-e-concorre-em-festivais-na-europa\/#listItem","position":3,"name":"Web s\u00e9rie ga\u00facha ganha pr\u00eamio e concorre em festivais na Europa","previousItem":{"@type":"ListItem","@id":"https:\/\/www.jornalja.com.br\/arquivo\/category\/materiasecundaria\/#listItem","name":"Cultura-Geral"}}]},{"@type":"Organization","@id":"https:\/\/www.jornalja.com.br\/arquivo\/#organization","name":"Jornal J\u00c1","description":"Jornal J\u00c1 | Porto Alegre","url":"https:\/\/www.jornalja.com.br\/arquivo\/","telephone":"+555133307272","logo":{"@type":"ImageObject","url":"https:\/\/www.jornalja.com.br\/wp-content\/uploads\/cards\/JAslogan.png","@id":"https:\/\/www.jornalja.com.br\/arquivo\/web-serie-gaucha-ganha-premio-e-concorre-em-festivais-na-europa\/#organizationLogo"},"image":{"@id":"https:\/\/www.jornalja.com.br\/arquivo\/web-serie-gaucha-ganha-premio-e-concorre-em-festivais-na-europa\/#organizationLogo"}},{"@type":"Person","@id":"https:\/\/www.jornalja.com.br\/arquivo\/author\/daredacao\/#author","url":"https:\/\/www.jornalja.com.br\/arquivo\/author\/daredacao\/","name":"da Reda\u00e7\u00e3o","image":{"@type":"ImageObject","@id":"https:\/\/www.jornalja.com.br\/arquivo\/web-serie-gaucha-ganha-premio-e-concorre-em-festivais-na-europa\/#authorImage","url":"https:\/\/secure.gravatar.com\/avatar\/469fd857d6605ad19919d27ed29d35a968a25f6e8fd9318356bbb7f57aae9c65?s=96&d=mm&r=g","width":96,"height":96,"caption":"da Reda\u00e7\u00e3o"}},{"@type":"WebPage","@id":"https:\/\/www.jornalja.com.br\/arquivo\/web-serie-gaucha-ganha-premio-e-concorre-em-festivais-na-europa\/#webpage","url":"https:\/\/www.jornalja.com.br\/arquivo\/web-serie-gaucha-ganha-premio-e-concorre-em-festivais-na-europa\/","name":"Web s\u00e9rie ga\u00facha ganha pr\u00eamio e concorre em festivais na Europa | Arquivo","inLanguage":"pt-BR","isPartOf":{"@id":"https:\/\/www.jornalja.com.br\/arquivo\/#website"},"breadcrumb":{"@id":"https:\/\/www.jornalja.com.br\/arquivo\/web-serie-gaucha-ganha-premio-e-concorre-em-festivais-na-europa\/#breadcrumblist"},"author":{"@id":"https:\/\/www.jornalja.com.br\/arquivo\/author\/daredacao\/#author"},"creator":{"@id":"https:\/\/www.jornalja.com.br\/arquivo\/author\/daredacao\/#author"},"image":{"@type":"ImageObject","url":50391,"@id":"https:\/\/www.jornalja.com.br\/arquivo\/web-serie-gaucha-ganha-premio-e-concorre-em-festivais-na-europa\/#mainImage"},"primaryImageOfPage":{"@id":"https:\/\/www.jornalja.com.br\/arquivo\/web-serie-gaucha-ganha-premio-e-concorre-em-festivais-na-europa\/#mainImage"},"datePublished":"2017-06-21T22:00:53-03:00","dateModified":"2017-06-21T22:00:53-03:00"},{"@type":"WebSite","@id":"https:\/\/www.jornalja.com.br\/arquivo\/#website","url":"https:\/\/www.jornalja.com.br\/arquivo\/","name":"Arquivo","description":"Jornal J\u00c1 | Porto Alegre","inLanguage":"pt-BR","publisher":{"@id":"https:\/\/www.jornalja.com.br\/arquivo\/#organization"}}]},"og:locale":"pt_BR","og:site_name":"Arquivo | Jornal J\u00c1 | Porto Alegre","og:type":"article","og:title":"Web s\u00e9rie ga\u00facha ganha pr\u00eamio e concorre em festivais na Europa | Arquivo","og:url":"https:\/\/www.jornalja.com.br\/arquivo\/web-serie-gaucha-ganha-premio-e-concorre-em-festivais-na-europa\/","og:image":"https:\/\/www.jornalja.com.br\/economics\/wp-content\/uploads\/sites\/11\/2026\/08\/ja-folhaderosto-facebook.jpg","og:image:secure_url":"https:\/\/www.jornalja.com.br\/economics\/wp-content\/uploads\/sites\/11\/2026\/08\/ja-folhaderosto-facebook.jpg","article:published_time":"2017-06-22T01:00:53+00:00","article:modified_time":"2017-06-22T01:00:53+00:00","twitter:card":"summary","twitter:title":"Web s\u00e9rie ga\u00facha ganha pr\u00eamio e concorre em festivais na Europa | Arquivo","twitter:image":"https:\/\/www.jornalja.com.br\/economics\/wp-content\/uploads\/sites\/11\/2026\/08\/ja-folhaderosto-facebook.jpg"},"aioseo_meta_data":{"post_id":"50390","title":null,"description":null,"keywords":null,"keyphrases":null,"primary_term":null,"canonical_url":null,"og_title":null,"og_description":null,"og_object_type":"default","og_image_type":"default","og_image_url":null,"og_image_width":null,"og_image_height":null,"og_image_custom_url":null,"og_image_custom_fields":null,"og_video":null,"og_custom_url":null,"og_article_section":null,"og_article_tags":null,"twitter_use_og":false,"twitter_card":"default","twitter_image_type":"default","twitter_image_url":null,"twitter_image_custom_url":null,"twitter_image_custom_fields":null,"twitter_title":null,"twitter_description":null,"schema":{"blockGraphs":[],"customGraphs":[],"default":{"data":{"Article":[],"Course":[],"Dataset":[],"FAQPage":[],"Movie":[],"Person":[],"Product":[],"ProductReview":[],"Car":[],"Recipe":[],"Service":[],"SoftwareApplication":[],"WebPage":[]},"graphName":"","isEnabled":true},"graphs":[],"defaultGraph":"","defaultPostTypeGraph":""},"schema_type":null,"schema_type_options":null,"pillar_content":false,"robots_default":true,"robots_noindex":false,"robots_noarchive":false,"robots_nosnippet":false,"robots_nofollow":false,"robots_noimageindex":false,"robots_noodp":false,"robots_notranslate":false,"robots_max_snippet":null,"robots_max_videopreview":null,"robots_max_imagepreview":"large","priority":null,"frequency":null,"location":null,"local_seo":null,"breadcrumb_settings":null,"limit_modified_date":false,"ai":null,"created":"2020-12-20 20:30:49","updated":"2025-07-19 22:22:55","seo_analyzer_scan_date":null,"focus_keyword":null,"additional_keywords":null,"truseo_locale":null},"jetpack_sharing_enabled":true,"jetpack-related-posts":[{"id":13124,"url":"https:\/\/www.jornalja.com.br\/arquivo\/sangue-latino-no-iecine\/","url_meta":{"origin":50390,"position":0},"title":"Sangue latino no IECINE","author":"da Reda\u00e7\u00e3o","date":"18 de maio de 2014","format":false,"excerpt":"Francisco Ribeiro O Instituto Estadual de Cinema (IECINE) tem a frente, desde abril \u00faltimo, um novo diretor, o cineasta colombiano Juan Zapata, 36, que substitui Luiz Alberto Cassol. Radicado h\u00e1 dez anos em Porto Alegre, Zapata tem diante de si o desafio de conduzir at\u00e9 o final do ano um\u2026","rel":"","context":"Em &quot;Cultura-Geral&quot;","block_context":{"text":"Cultura-Geral","link":"https:\/\/www.jornalja.com.br\/arquivo\/category\/materiasecundaria\/"},"img":{"alt_text":"","src":"","width":0,"height":0},"classes":[]},{"id":13101,"url":"https:\/\/www.jornalja.com.br\/arquivo\/morre-um-guerreiro-do-texto\/","url_meta":{"origin":50390,"position":1},"title":"Morre um guerreiro do texto","author":"Patr\u00edcia Marini","date":"14 de maio de 2014","format":false,"excerpt":"Por Ricardo Kotscho Reproduzido do blog do autor, 11\/5\/2014; t\u00edtulo original \u201cE l\u00e1 se foi o nosso Myltainho, guerreiro do texto\u201d. Mi\u00fado e franzino, meu amigo Myltainho era um valente e inconformado guerreiro na luta contra as injusti\u00e7as sociais, a hipocrisia, as maracutaias, o autoritarismo, a intoler\u00e2ncia, a viol\u00eancia, o\u2026","rel":"","context":"Em &quot;Geral&quot;","block_context":{"text":"Geral","link":"https:\/\/www.jornalja.com.br\/arquivo\/category\/geral\/"},"img":{"alt_text":"","src":"","width":0,"height":0},"classes":[]},{"id":1280,"url":"https:\/\/www.jornalja.com.br\/arquivo\/o-menino-que-se-tornou-brizola\/","url_meta":{"origin":50390,"position":2},"title":"O Menino que se Tornou Brizola","author":"da Reda\u00e7\u00e3o","date":"28 de julho de 2008","format":false,"excerpt":"Autor: Cleber Dioni A vida de Leonel Brizola, com \u00eanfase para os primeiros anos em Porto Alegre, at\u00e9 o ex\u00edlio no Uruguai e a volta, quinze anos depois. \u00a0\"...\u00c9ramos todos jovens e nos identific\u00e1vamos com aquela massa an\u00f4nima a percorrer as ruas de Porto Alegre, gritando 'Get\u00falio', 'Get\u00falio' e empunhando\u2026","rel":"","context":"Em &quot;Livros&quot;","block_context":{"text":"Livros","link":"https:\/\/www.jornalja.com.br\/arquivo\/category\/livros\/"},"img":{"alt_text":"","src":"https:\/\/i0.wp.com\/www.jornalja.com.br\/wp-content\/uploads\/2008\/07\/brizola.gif?resize=350%2C200&ssl=1","width":350,"height":200},"classes":[]},{"id":14241,"url":"https:\/\/www.jornalja.com.br\/arquivo\/o-guaiba-nas-imagens-poeticas-de-achutti\/","url_meta":{"origin":50390,"position":3},"title":"O Gua\u00edba nas imagens po\u00e9ticas de Achutti","author":"da Reda\u00e7\u00e3o","date":"18 de junho de 2014","format":false,"excerpt":"Em \u201cO Gua\u00edba por Achutti\u201d \u2013 obra financiada via Minist\u00e9rio da Cultura, produ\u00e7\u00e3o executiva de Pedro Longhi, e Fl\u00e1vio Wild como designer \u2013, o fot\u00f3grafo revela a beleza e as mazelas de um espa\u00e7o aqu\u00e1tico de \u00e1guas sempre renovadas, cheio de hist\u00f3rias e lendas como as das cidades que foram\u2026","rel":"","context":"Em &quot;Cultura-Geral&quot;","block_context":{"text":"Cultura-Geral","link":"https:\/\/www.jornalja.com.br\/arquivo\/category\/materiasecundaria\/"},"img":{"alt_text":"","src":"","width":0,"height":0},"classes":[]},{"id":13128,"url":"https:\/\/www.jornalja.com.br\/arquivo\/maconha-terra-diz-que-uso-medicinal-e-desculpa\/","url_meta":{"origin":50390,"position":4},"title":"Maconha: Terra diz que uso medicinal \u00e9 desculpa","author":"Patr\u00edcia Marini","date":"4 de junho de 2014","format":false,"excerpt":"A condi\u00e7\u00e3o de pol\u00edtico, em \u00e9poca de campanha de campanha eleitoral, tira for\u00e7a do discurso do m\u00e9dico Osmar Terra contra a legaliza\u00e7\u00e3o da maconha. A tese dele de que a libera\u00e7\u00e3o vai ampliar exponencialmente o consumo \u00e9 discutivel, o consumo \u00e9 corrente. Mas seus alertas quanto aos riscos tem que\u2026","rel":"","context":"Em &quot;X.Categorias velhas&quot;","block_context":{"text":"X.Categorias velhas","link":"https:\/\/www.jornalja.com.br\/arquivo\/category\/x-categorias-velhas\/"},"img":{"alt_text":"","src":"","width":0,"height":0},"classes":[]},{"id":5440,"url":"https:\/\/www.jornalja.com.br\/arquivo\/casarao-da-venancio-destino-permanece-incerto\/","url_meta":{"origin":50390,"position":5},"title":"Estado ainda n\u00e3o sabe o que fazer com casar\u00e3o abandonado h\u00e1 20 anos","author":"Elmar Bones","date":"6 de julho de 2009","format":false,"excerpt":"O casar\u00e3o amarelo, numa esquina nobre de Porto Alegre (Ven\u00e2ncio Aires com Jo\u00e3o Pessoa), j\u00e1 abrigou uma escola. H\u00e1 duas d\u00e9cadas, pelo menos, est\u00e1 abandonado, porque seu propriet\u00e1rio, o governo do Estado do Rio Grande do Sul, n\u00e3o consegue achar um destino para ele. Planos n\u00e3o faltaram. O governador Ol\u00edvio\u2026","rel":"","context":"Em &quot;X.Categorias velhas&quot;","block_context":{"text":"X.Categorias velhas","link":"https:\/\/www.jornalja.com.br\/arquivo\/category\/x-categorias-velhas\/"},"img":{"alt_text":"geraldo1","src":"https:\/\/i0.wp.com\/www.jornalja.com.br\/wp-content\/uploads\/2009\/07\/geraldo1.jpg?resize=350%2C200&ssl=1","width":350,"height":200},"classes":[]}],"jetpack_shortlink":"https:\/\/wp.me\/pbQjBd-d6K","jetpack_featured_media_url":"","_links":{"self":[{"href":"https:\/\/www.jornalja.com.br\/arquivo\/wp-json\/wp\/v2\/posts\/50390","targetHints":{"allow":["GET"]}}],"collection":[{"href":"https:\/\/www.jornalja.com.br\/arquivo\/wp-json\/wp\/v2\/posts"}],"about":[{"href":"https:\/\/www.jornalja.com.br\/arquivo\/wp-json\/wp\/v2\/types\/post"}],"author":[{"embeddable":true,"href":"https:\/\/www.jornalja.com.br\/arquivo\/wp-json\/wp\/v2\/users\/4"}],"replies":[{"embeddable":true,"href":"https:\/\/www.jornalja.com.br\/arquivo\/wp-json\/wp\/v2\/comments?post=50390"}],"version-history":[{"count":0,"href":"https:\/\/www.jornalja.com.br\/arquivo\/wp-json\/wp\/v2\/posts\/50390\/revisions"}],"wp:attachment":[{"href":"https:\/\/www.jornalja.com.br\/arquivo\/wp-json\/wp\/v2\/media?parent=50390"}],"wp:term":[{"taxonomy":"category","embeddable":true,"href":"https:\/\/www.jornalja.com.br\/arquivo\/wp-json\/wp\/v2\/categories?post=50390"},{"taxonomy":"post_tag","embeddable":true,"href":"https:\/\/www.jornalja.com.br\/arquivo\/wp-json\/wp\/v2\/tags?post=50390"}],"curies":[{"name":"wp","href":"https:\/\/api.w.org\/{rel}","templated":true}]}}