{"id":50402,"date":"2017-06-22T10:47:38","date_gmt":"2017-06-22T13:47:38","guid":{"rendered":"https:\/\/www.jornalja.com.br\/?p=50402"},"modified":"2017-06-22T10:47:38","modified_gmt":"2017-06-22T13:47:38","slug":"ministerio-publico-eleitoral-ve-infracao-em-propaganda-do-pmdb","status":"publish","type":"post","link":"https:\/\/www.jornalja.com.br\/arquivo\/ministerio-publico-eleitoral-ve-infracao-em-propaganda-do-pmdb\/","title":{"rendered":"Minist\u00e9rio P\u00fablico Eleitoral v\u00ea infra\u00e7\u00e3o em propaganda do PMDB"},"content":{"rendered":"<p>O Minist\u00e9rio Publico Eleitoral no Rio Grande do Sul ingressou no Tribunal Regional Eleitoral, com representa\u00e7\u00e3o contra o diret\u00f3rio estadual do Partido do Movimento Democr\u00e1tico Brasileiro (PMBD) por desvirtuamento de propaganda partid\u00e1ria.<br \/>\nConforme o MP, em quatro inser\u00e7\u00f5es neste ano, a participa\u00e7\u00e3o do governador do Estado caracterizou promo\u00e7\u00e3o pessoal combinada com antecipa\u00e7\u00e3o de apelo eleitoral, o que \u00e9 vedado pelo artigo 45 da Lei n\u00ba 9.096\/95. <a href=\"http:\/\/www.mpf.mp.br\/regiao4\/sala-de-imprensa\/docs\/20170621_PMDB2017-1-Representacao-insercoes.pdf\">Veja a \u00edntegra da representa\u00e7\u00e3o aqui.<\/a><br \/>\nO Minist\u00e9rio P\u00fablico pede que seja reconhecida a infra\u00e7\u00e3o e, consequentemente, que seja cassado o direito de transmiss\u00e3o e retransmiss\u00e3o a que faria jus o partido no semestre seguinte, equivalente a cinco vezes ao tempo do il\u00edcito. A san\u00e7\u00e3o est\u00e1 prevista no artigo 45, \u00a7 2\u00ba, inciso II, da Lei n\u00ba 9.096\/95.<br \/>\nAo analisar as inser\u00e7\u00f5es em r\u00e1dio e televis\u00e3o feitas pelo PMDB, o procurador regional eleitoral no RS, Marcelo Veiga Beckhausen, concluiu que seu conte\u00fado enaltece a gest\u00e3o atual de Jos\u00e9 Ivo Sartori, elencando atos de governo praticados. Um dos exemplos \u00e9 o seguinte: &#8220;Diante das dificuldades do Estado, escolhemos o caminho da verdade e do trabalho. Foi assim que renegociamos a d\u00edvida com a Uni\u00e3o, criamos a Lei de Responsabilidade Fiscal e a nova Previd\u00eancia. Reduzimos secretarias e cargos de confian\u00e7a. E \u00e9 assim que estamos construindo um Estado melhor para voc\u00ea e sua fam\u00edlia&#8221;.<br \/>\nAl\u00e9m disso, segundo o MP Eleitoral, as propagandas t\u00eam o discurso voltado a encorajar a popula\u00e7\u00e3o \u00e0 continuidade, usando frases como &#8220;Vamos juntos continuar fazendo o que precisa ser feito para melhorar a vida de todos&#8221; e &#8220;Vamos continuar as mudan\u00e7as. Do mesmo jeito, com verdade e trabalho&#8221;.<br \/>\nPara Beckhausen ainda que n\u00e3o exista nas inser\u00e7\u00f5es refer\u00eancia expl\u00edcita a eventual candidatura ou ao futuro pleito, o formato do discurso adotado &#8220;tem o intuito de criar estados mentais favor\u00e1veis \u00e0 atual Administra\u00e7\u00e3o, procurando incutir no imagin\u00e1rio do eleitor que aquele agente p\u00fablico central da propaganda \u00e9 o gestor mais respons\u00e1vel para continuar gerindo o Estado&#8221;.<\/p>\n","protected":false},"excerpt":{"rendered":"<p>O Minist\u00e9rio Publico Eleitoral no Rio Grande do Sul ingressou no Tribunal Regional Eleitoral, com representa\u00e7\u00e3o contra o diret\u00f3rio estadual do Partido do Movimento Democr\u00e1tico Brasileiro (PMBD) por desvirtuamento de propaganda partid\u00e1ria. Conforme o MP, em quatro inser\u00e7\u00f5es neste ano, a participa\u00e7\u00e3o do governador do Estado caracterizou promo\u00e7\u00e3o pessoal combinada com antecipa\u00e7\u00e3o de apelo eleitoral, [&hellip;]<\/p>\n","protected":false},"author":4,"featured_media":50407,"comment_status":"open","ping_status":"closed","sticky":false,"template":"","format":"standard","meta":{"_jetpack_newsletter_access":"","_jetpack_dont_email_post_to_subs":false,"_jetpack_newsletter_tier_id":0,"_jetpack_memberships_contains_paywalled_content":false,"_jetpack_feature_clip_id":0,"_jetpack_memberships_contains_paid_content":false,"footnotes":"","jetpack_post_was_ever_published":false},"categories":[26],"tags":[],"class_list":["post-50402","post","type-post","status-publish","format-standard","has-post-thumbnail","hentry","category-geral"],"aioseo_notices":[],"aioseo_head":"\n\t\t<!-- All in One SEO 5.0.1.1 - aioseo.com -->\n\t<meta name=\"robots\" content=\"max-image-preview:large\" \/>\n\t<meta name=\"author\" content=\"da Reda\u00e7\u00e3o\"\/>\n\t<link rel=\"canonical\" href=\"https:\/\/www.jornalja.com.br\/arquivo\/ministerio-publico-eleitoral-ve-infracao-em-propaganda-do-pmdb\/\" \/>\n\t<meta name=\"generator\" content=\"All in One SEO (AIOSEO) 5.0.1.1\" \/>\n\t\t<meta property=\"og:locale\" content=\"pt_BR\" \/>\n\t\t<meta property=\"og:site_name\" content=\"Arquivo | Jornal J\u00c1 | Porto Alegre\" \/>\n\t\t<meta property=\"og:type\" content=\"article\" \/>\n\t\t<meta property=\"og:title\" content=\"Minist\u00e9rio P\u00fablico Eleitoral v\u00ea infra\u00e7\u00e3o em propaganda do PMDB | Arquivo\" \/>\n\t\t<meta property=\"og:url\" content=\"https:\/\/www.jornalja.com.br\/arquivo\/ministerio-publico-eleitoral-ve-infracao-em-propaganda-do-pmdb\/\" \/>\n\t\t<meta property=\"og:image\" content=\"https:\/\/www.jornalja.com.br\/economics\/wp-content\/uploads\/sites\/11\/2026\/08\/ja-folhaderosto-facebook.jpg\" \/>\n\t\t<meta property=\"og:image:secure_url\" content=\"https:\/\/www.jornalja.com.br\/economics\/wp-content\/uploads\/sites\/11\/2026\/08\/ja-folhaderosto-facebook.jpg\" \/>\n\t\t<meta property=\"article:published_time\" content=\"2017-06-22T13:47:38+00:00\" \/>\n\t\t<meta property=\"article:modified_time\" content=\"2017-06-22T13:47:38+00:00\" \/>\n\t\t<meta name=\"twitter:card\" content=\"summary\" \/>\n\t\t<meta name=\"twitter:title\" content=\"Minist\u00e9rio P\u00fablico Eleitoral v\u00ea infra\u00e7\u00e3o em propaganda do PMDB | Arquivo\" \/>\n\t\t<meta name=\"twitter:image\" content=\"https:\/\/www.jornalja.com.br\/economics\/wp-content\/uploads\/sites\/11\/2026\/08\/ja-folhaderosto-facebook.jpg\" \/>\n\t\t<script type=\"application\/ld+json\" class=\"aioseo-schema\">\n\t\t\t{\"@context\":\"https:\\\/\\\/schema.org\",\"@graph\":[{\"@type\":\"BlogPosting\",\"@id\":\"https:\\\/\\\/www.jornalja.com.br\\\/arquivo\\\/ministerio-publico-eleitoral-ve-infracao-em-propaganda-do-pmdb\\\/#blogposting\",\"name\":\"Minist\\u00e9rio P\\u00fablico Eleitoral v\\u00ea infra\\u00e7\\u00e3o em propaganda do PMDB | Arquivo\",\"headline\":\"Minist\\u00e9rio P\\u00fablico Eleitoral v\\u00ea infra\\u00e7\\u00e3o em propaganda do PMDB\",\"author\":{\"@id\":\"https:\\\/\\\/www.jornalja.com.br\\\/arquivo\\\/author\\\/daredacao\\\/#author\"},\"publisher\":{\"@id\":\"https:\\\/\\\/www.jornalja.com.br\\\/arquivo\\\/#organization\"},\"image\":{\"@type\":\"ImageObject\",\"url\":50407},\"datePublished\":\"2017-06-22T10:47:38-03:00\",\"dateModified\":\"2017-06-22T10:47:38-03:00\",\"inLanguage\":\"pt-BR\",\"commentCount\":1,\"mainEntityOfPage\":{\"@id\":\"https:\\\/\\\/www.jornalja.com.br\\\/arquivo\\\/ministerio-publico-eleitoral-ve-infracao-em-propaganda-do-pmdb\\\/#webpage\"},\"isPartOf\":{\"@id\":\"https:\\\/\\\/www.jornalja.com.br\\\/arquivo\\\/ministerio-publico-eleitoral-ve-infracao-em-propaganda-do-pmdb\\\/#webpage\"},\"articleSection\":\"Geral\"},{\"@type\":\"BreadcrumbList\",\"@id\":\"https:\\\/\\\/www.jornalja.com.br\\\/arquivo\\\/ministerio-publico-eleitoral-ve-infracao-em-propaganda-do-pmdb\\\/#breadcrumblist\",\"itemListElement\":[{\"@type\":\"ListItem\",\"@id\":\"https:\\\/\\\/www.jornalja.com.br\\\/arquivo#listItem\",\"position\":1,\"name\":\"Home\",\"item\":\"https:\\\/\\\/www.jornalja.com.br\\\/arquivo\",\"nextItem\":{\"@type\":\"ListItem\",\"@id\":\"https:\\\/\\\/www.jornalja.com.br\\\/arquivo\\\/category\\\/geral\\\/#listItem\",\"name\":\"Geral\"}},{\"@type\":\"ListItem\",\"@id\":\"https:\\\/\\\/www.jornalja.com.br\\\/arquivo\\\/category\\\/geral\\\/#listItem\",\"position\":2,\"name\":\"Geral\",\"item\":\"https:\\\/\\\/www.jornalja.com.br\\\/arquivo\\\/category\\\/geral\\\/\",\"nextItem\":{\"@type\":\"ListItem\",\"@id\":\"https:\\\/\\\/www.jornalja.com.br\\\/arquivo\\\/ministerio-publico-eleitoral-ve-infracao-em-propaganda-do-pmdb\\\/#listItem\",\"name\":\"Minist\\u00e9rio P\\u00fablico Eleitoral v\\u00ea infra\\u00e7\\u00e3o em propaganda do PMDB\"},\"previousItem\":{\"@type\":\"ListItem\",\"@id\":\"https:\\\/\\\/www.jornalja.com.br\\\/arquivo#listItem\",\"name\":\"Home\"}},{\"@type\":\"ListItem\",\"@id\":\"https:\\\/\\\/www.jornalja.com.br\\\/arquivo\\\/ministerio-publico-eleitoral-ve-infracao-em-propaganda-do-pmdb\\\/#listItem\",\"position\":3,\"name\":\"Minist\\u00e9rio P\\u00fablico Eleitoral v\\u00ea infra\\u00e7\\u00e3o em propaganda do PMDB\",\"previousItem\":{\"@type\":\"ListItem\",\"@id\":\"https:\\\/\\\/www.jornalja.com.br\\\/arquivo\\\/category\\\/geral\\\/#listItem\",\"name\":\"Geral\"}}]},{\"@type\":\"Organization\",\"@id\":\"https:\\\/\\\/www.jornalja.com.br\\\/arquivo\\\/#organization\",\"name\":\"Jornal J\\u00c1\",\"description\":\"Jornal J\\u00c1 | Porto Alegre\",\"url\":\"https:\\\/\\\/www.jornalja.com.br\\\/arquivo\\\/\",\"telephone\":\"+555133307272\",\"logo\":{\"@type\":\"ImageObject\",\"url\":\"https:\\\/\\\/www.jornalja.com.br\\\/wp-content\\\/uploads\\\/cards\\\/JAslogan.png\",\"@id\":\"https:\\\/\\\/www.jornalja.com.br\\\/arquivo\\\/ministerio-publico-eleitoral-ve-infracao-em-propaganda-do-pmdb\\\/#organizationLogo\"},\"image\":{\"@id\":\"https:\\\/\\\/www.jornalja.com.br\\\/arquivo\\\/ministerio-publico-eleitoral-ve-infracao-em-propaganda-do-pmdb\\\/#organizationLogo\"}},{\"@type\":\"Person\",\"@id\":\"https:\\\/\\\/www.jornalja.com.br\\\/arquivo\\\/author\\\/daredacao\\\/#author\",\"url\":\"https:\\\/\\\/www.jornalja.com.br\\\/arquivo\\\/author\\\/daredacao\\\/\",\"name\":\"da Reda\\u00e7\\u00e3o\",\"image\":{\"@type\":\"ImageObject\",\"@id\":\"https:\\\/\\\/www.jornalja.com.br\\\/arquivo\\\/ministerio-publico-eleitoral-ve-infracao-em-propaganda-do-pmdb\\\/#authorImage\",\"url\":\"https:\\\/\\\/secure.gravatar.com\\\/avatar\\\/469fd857d6605ad19919d27ed29d35a968a25f6e8fd9318356bbb7f57aae9c65?s=96&d=mm&r=g\",\"width\":96,\"height\":96,\"caption\":\"da Reda\\u00e7\\u00e3o\"}},{\"@type\":\"WebPage\",\"@id\":\"https:\\\/\\\/www.jornalja.com.br\\\/arquivo\\\/ministerio-publico-eleitoral-ve-infracao-em-propaganda-do-pmdb\\\/#webpage\",\"url\":\"https:\\\/\\\/www.jornalja.com.br\\\/arquivo\\\/ministerio-publico-eleitoral-ve-infracao-em-propaganda-do-pmdb\\\/\",\"name\":\"Minist\\u00e9rio P\\u00fablico Eleitoral v\\u00ea infra\\u00e7\\u00e3o em propaganda do PMDB | Arquivo\",\"inLanguage\":\"pt-BR\",\"isPartOf\":{\"@id\":\"https:\\\/\\\/www.jornalja.com.br\\\/arquivo\\\/#website\"},\"breadcrumb\":{\"@id\":\"https:\\\/\\\/www.jornalja.com.br\\\/arquivo\\\/ministerio-publico-eleitoral-ve-infracao-em-propaganda-do-pmdb\\\/#breadcrumblist\"},\"author\":{\"@id\":\"https:\\\/\\\/www.jornalja.com.br\\\/arquivo\\\/author\\\/daredacao\\\/#author\"},\"creator\":{\"@id\":\"https:\\\/\\\/www.jornalja.com.br\\\/arquivo\\\/author\\\/daredacao\\\/#author\"},\"image\":{\"@type\":\"ImageObject\",\"url\":50407,\"@id\":\"https:\\\/\\\/www.jornalja.com.br\\\/arquivo\\\/ministerio-publico-eleitoral-ve-infracao-em-propaganda-do-pmdb\\\/#mainImage\"},\"primaryImageOfPage\":{\"@id\":\"https:\\\/\\\/www.jornalja.com.br\\\/arquivo\\\/ministerio-publico-eleitoral-ve-infracao-em-propaganda-do-pmdb\\\/#mainImage\"},\"datePublished\":\"2017-06-22T10:47:38-03:00\",\"dateModified\":\"2017-06-22T10:47:38-03:00\"},{\"@type\":\"WebSite\",\"@id\":\"https:\\\/\\\/www.jornalja.com.br\\\/arquivo\\\/#website\",\"url\":\"https:\\\/\\\/www.jornalja.com.br\\\/arquivo\\\/\",\"name\":\"Arquivo\",\"description\":\"Jornal J\\u00c1 | Porto Alegre\",\"inLanguage\":\"pt-BR\",\"publisher\":{\"@id\":\"https:\\\/\\\/www.jornalja.com.br\\\/arquivo\\\/#organization\"}}]}\n\t\t<\/script>\n\t\t<!-- All in One SEO -->\n\n","aioseo_head_json":{"title":"Minist\u00e9rio P\u00fablico Eleitoral v\u00ea infra\u00e7\u00e3o em propaganda do PMDB | Arquivo","description":"","canonical_url":"https:\/\/www.jornalja.com.br\/arquivo\/ministerio-publico-eleitoral-ve-infracao-em-propaganda-do-pmdb\/","robots":"max-image-preview:large","keywords":"","webmasterTools":{"miscellaneous":""},"schema":{"@context":"https:\/\/schema.org","@graph":[{"@type":"BlogPosting","@id":"https:\/\/www.jornalja.com.br\/arquivo\/ministerio-publico-eleitoral-ve-infracao-em-propaganda-do-pmdb\/#blogposting","name":"Minist\u00e9rio P\u00fablico Eleitoral v\u00ea infra\u00e7\u00e3o em propaganda do PMDB | Arquivo","headline":"Minist\u00e9rio P\u00fablico Eleitoral v\u00ea infra\u00e7\u00e3o em propaganda do PMDB","author":{"@id":"https:\/\/www.jornalja.com.br\/arquivo\/author\/daredacao\/#author"},"publisher":{"@id":"https:\/\/www.jornalja.com.br\/arquivo\/#organization"},"image":{"@type":"ImageObject","url":50407},"datePublished":"2017-06-22T10:47:38-03:00","dateModified":"2017-06-22T10:47:38-03:00","inLanguage":"pt-BR","commentCount":1,"mainEntityOfPage":{"@id":"https:\/\/www.jornalja.com.br\/arquivo\/ministerio-publico-eleitoral-ve-infracao-em-propaganda-do-pmdb\/#webpage"},"isPartOf":{"@id":"https:\/\/www.jornalja.com.br\/arquivo\/ministerio-publico-eleitoral-ve-infracao-em-propaganda-do-pmdb\/#webpage"},"articleSection":"Geral"},{"@type":"BreadcrumbList","@id":"https:\/\/www.jornalja.com.br\/arquivo\/ministerio-publico-eleitoral-ve-infracao-em-propaganda-do-pmdb\/#breadcrumblist","itemListElement":[{"@type":"ListItem","@id":"https:\/\/www.jornalja.com.br\/arquivo#listItem","position":1,"name":"Home","item":"https:\/\/www.jornalja.com.br\/arquivo","nextItem":{"@type":"ListItem","@id":"https:\/\/www.jornalja.com.br\/arquivo\/category\/geral\/#listItem","name":"Geral"}},{"@type":"ListItem","@id":"https:\/\/www.jornalja.com.br\/arquivo\/category\/geral\/#listItem","position":2,"name":"Geral","item":"https:\/\/www.jornalja.com.br\/arquivo\/category\/geral\/","nextItem":{"@type":"ListItem","@id":"https:\/\/www.jornalja.com.br\/arquivo\/ministerio-publico-eleitoral-ve-infracao-em-propaganda-do-pmdb\/#listItem","name":"Minist\u00e9rio P\u00fablico Eleitoral v\u00ea infra\u00e7\u00e3o em propaganda do PMDB"},"previousItem":{"@type":"ListItem","@id":"https:\/\/www.jornalja.com.br\/arquivo#listItem","name":"Home"}},{"@type":"ListItem","@id":"https:\/\/www.jornalja.com.br\/arquivo\/ministerio-publico-eleitoral-ve-infracao-em-propaganda-do-pmdb\/#listItem","position":3,"name":"Minist\u00e9rio P\u00fablico Eleitoral v\u00ea infra\u00e7\u00e3o em propaganda do PMDB","previousItem":{"@type":"ListItem","@id":"https:\/\/www.jornalja.com.br\/arquivo\/category\/geral\/#listItem","name":"Geral"}}]},{"@type":"Organization","@id":"https:\/\/www.jornalja.com.br\/arquivo\/#organization","name":"Jornal J\u00c1","description":"Jornal J\u00c1 | Porto Alegre","url":"https:\/\/www.jornalja.com.br\/arquivo\/","telephone":"+555133307272","logo":{"@type":"ImageObject","url":"https:\/\/www.jornalja.com.br\/wp-content\/uploads\/cards\/JAslogan.png","@id":"https:\/\/www.jornalja.com.br\/arquivo\/ministerio-publico-eleitoral-ve-infracao-em-propaganda-do-pmdb\/#organizationLogo"},"image":{"@id":"https:\/\/www.jornalja.com.br\/arquivo\/ministerio-publico-eleitoral-ve-infracao-em-propaganda-do-pmdb\/#organizationLogo"}},{"@type":"Person","@id":"https:\/\/www.jornalja.com.br\/arquivo\/author\/daredacao\/#author","url":"https:\/\/www.jornalja.com.br\/arquivo\/author\/daredacao\/","name":"da Reda\u00e7\u00e3o","image":{"@type":"ImageObject","@id":"https:\/\/www.jornalja.com.br\/arquivo\/ministerio-publico-eleitoral-ve-infracao-em-propaganda-do-pmdb\/#authorImage","url":"https:\/\/secure.gravatar.com\/avatar\/469fd857d6605ad19919d27ed29d35a968a25f6e8fd9318356bbb7f57aae9c65?s=96&d=mm&r=g","width":96,"height":96,"caption":"da Reda\u00e7\u00e3o"}},{"@type":"WebPage","@id":"https:\/\/www.jornalja.com.br\/arquivo\/ministerio-publico-eleitoral-ve-infracao-em-propaganda-do-pmdb\/#webpage","url":"https:\/\/www.jornalja.com.br\/arquivo\/ministerio-publico-eleitoral-ve-infracao-em-propaganda-do-pmdb\/","name":"Minist\u00e9rio P\u00fablico Eleitoral v\u00ea infra\u00e7\u00e3o em propaganda do PMDB | Arquivo","inLanguage":"pt-BR","isPartOf":{"@id":"https:\/\/www.jornalja.com.br\/arquivo\/#website"},"breadcrumb":{"@id":"https:\/\/www.jornalja.com.br\/arquivo\/ministerio-publico-eleitoral-ve-infracao-em-propaganda-do-pmdb\/#breadcrumblist"},"author":{"@id":"https:\/\/www.jornalja.com.br\/arquivo\/author\/daredacao\/#author"},"creator":{"@id":"https:\/\/www.jornalja.com.br\/arquivo\/author\/daredacao\/#author"},"image":{"@type":"ImageObject","url":50407,"@id":"https:\/\/www.jornalja.com.br\/arquivo\/ministerio-publico-eleitoral-ve-infracao-em-propaganda-do-pmdb\/#mainImage"},"primaryImageOfPage":{"@id":"https:\/\/www.jornalja.com.br\/arquivo\/ministerio-publico-eleitoral-ve-infracao-em-propaganda-do-pmdb\/#mainImage"},"datePublished":"2017-06-22T10:47:38-03:00","dateModified":"2017-06-22T10:47:38-03:00"},{"@type":"WebSite","@id":"https:\/\/www.jornalja.com.br\/arquivo\/#website","url":"https:\/\/www.jornalja.com.br\/arquivo\/","name":"Arquivo","description":"Jornal J\u00c1 | Porto Alegre","inLanguage":"pt-BR","publisher":{"@id":"https:\/\/www.jornalja.com.br\/arquivo\/#organization"}}]},"og:locale":"pt_BR","og:site_name":"Arquivo | Jornal J\u00c1 | Porto Alegre","og:type":"article","og:title":"Minist\u00e9rio P\u00fablico Eleitoral v\u00ea infra\u00e7\u00e3o em propaganda do PMDB | Arquivo","og:url":"https:\/\/www.jornalja.com.br\/arquivo\/ministerio-publico-eleitoral-ve-infracao-em-propaganda-do-pmdb\/","og:image":"https:\/\/www.jornalja.com.br\/economics\/wp-content\/uploads\/sites\/11\/2026\/08\/ja-folhaderosto-facebook.jpg","og:image:secure_url":"https:\/\/www.jornalja.com.br\/economics\/wp-content\/uploads\/sites\/11\/2026\/08\/ja-folhaderosto-facebook.jpg","article:published_time":"2017-06-22T13:47:38+00:00","article:modified_time":"2017-06-22T13:47:38+00:00","twitter:card":"summary","twitter:title":"Minist\u00e9rio P\u00fablico Eleitoral v\u00ea infra\u00e7\u00e3o em propaganda do PMDB | Arquivo","twitter:image":"https:\/\/www.jornalja.com.br\/economics\/wp-content\/uploads\/sites\/11\/2026\/08\/ja-folhaderosto-facebook.jpg"},"aioseo_meta_data":{"post_id":"50402","title":null,"description":null,"keywords":null,"keyphrases":null,"primary_term":null,"canonical_url":null,"og_title":null,"og_description":null,"og_object_type":"default","og_image_type":"default","og_image_url":null,"og_image_width":null,"og_image_height":null,"og_image_custom_url":null,"og_image_custom_fields":null,"og_video":null,"og_custom_url":null,"og_article_section":null,"og_article_tags":null,"twitter_use_og":false,"twitter_card":"default","twitter_image_type":"default","twitter_image_url":null,"twitter_image_custom_url":null,"twitter_image_custom_fields":null,"twitter_title":null,"twitter_description":null,"schema":{"blockGraphs":[],"customGraphs":[],"default":{"data":{"Article":[],"Course":[],"Dataset":[],"FAQPage":[],"Movie":[],"Person":[],"Product":[],"ProductReview":[],"Car":[],"Recipe":[],"Service":[],"SoftwareApplication":[],"WebPage":[]},"graphName":"","isEnabled":true},"graphs":[],"defaultGraph":"","defaultPostTypeGraph":""},"schema_type":null,"schema_type_options":null,"pillar_content":false,"robots_default":true,"robots_noindex":false,"robots_noarchive":false,"robots_nosnippet":false,"robots_nofollow":false,"robots_noimageindex":false,"robots_noodp":false,"robots_notranslate":false,"robots_max_snippet":null,"robots_max_videopreview":null,"robots_max_imagepreview":"large","priority":null,"frequency":null,"location":null,"local_seo":null,"breadcrumb_settings":null,"limit_modified_date":false,"ai":null,"created":"2020-12-20 20:30:49","updated":"2025-07-19 22:22:55","seo_analyzer_scan_date":null,"focus_keyword":null,"additional_keywords":null,"truseo_locale":null},"jetpack_sharing_enabled":true,"jetpack-related-posts":[{"id":13128,"url":"https:\/\/www.jornalja.com.br\/arquivo\/maconha-terra-diz-que-uso-medicinal-e-desculpa\/","url_meta":{"origin":50402,"position":0},"title":"Maconha: Terra diz que uso medicinal \u00e9 desculpa","author":"Patr\u00edcia Marini","date":"4 de junho de 2014","format":false,"excerpt":"A condi\u00e7\u00e3o de pol\u00edtico, em \u00e9poca de campanha de campanha eleitoral, tira for\u00e7a do discurso do m\u00e9dico Osmar Terra contra a legaliza\u00e7\u00e3o da maconha. A tese dele de que a libera\u00e7\u00e3o vai ampliar exponencialmente o consumo \u00e9 discutivel, o consumo \u00e9 corrente. Mas seus alertas quanto aos riscos tem que\u2026","rel":"","context":"Em &quot;X.Categorias velhas&quot;","block_context":{"text":"X.Categorias velhas","link":"https:\/\/www.jornalja.com.br\/arquivo\/category\/x-categorias-velhas\/"},"img":{"alt_text":"","src":"","width":0,"height":0},"classes":[]},{"id":13239,"url":"https:\/\/www.jornalja.com.br\/arquivo\/conselho-desdenha-do-plano-diretor\/","url_meta":{"origin":50402,"position":1},"title":"Porto Alegre: Conselho detona Plano Diretor","author":"Patr\u00edcia Marini","date":"25 de maio de 2014","format":false,"excerpt":"Den\u00fancia do arquiteto e \u00a0urbanista Ibir\u00e1 Santos Lucas. Ele diz que os conselheiros est\u00e3o votando com \"enorme irresponsabilidade\". \"Mudam regime com a maior naturalidade,,,regularizam absurdos de constru\u00e7\u00f5es irregulares... \"O CMDUA est\u00e1 flexibilizando a lei do plano diretor, de uma forma impactante na vida da cidade. Mudam regime com a maior\u2026","rel":"","context":"Em &quot;Geral&quot;","block_context":{"text":"Geral","link":"https:\/\/www.jornalja.com.br\/arquivo\/category\/geral\/"},"img":{"alt_text":"","src":"","width":0,"height":0},"classes":[]},{"id":13109,"url":"https:\/\/www.jornalja.com.br\/arquivo\/judiciario-reconhece-poluicao-eletromagnetica\/","url_meta":{"origin":50402,"position":2},"title":"Judici\u00e1rio reconhece polui\u00e7\u00e3o eletromagn\u00e9tica","author":"Patr\u00edcia Marini","date":"16 de maio de 2014","format":false,"excerpt":"A\u00e7\u00e3o de duas associa\u00e7\u00f5es de moradores foi acolhida pelo Tribunal de Justi\u00e7a de S\u00e3o Paulo que. em decis\u00e3o in\u00e9dita, determinou a redu\u00e7\u00e3o do campo eletromagn\u00e9tico gerado pelas linhas de transmiss\u00e3o de energia que cortam os bairros City Boa\u00e7ava e Alto de Pinheiros. \u00c9 a primeira vez que um tribunal do\u2026","rel":"","context":"Em &quot;X.Categorias velhas&quot;","block_context":{"text":"X.Categorias velhas","link":"https:\/\/www.jornalja.com.br\/arquivo\/category\/x-categorias-velhas\/"},"img":{"alt_text":"","src":"","width":0,"height":0},"classes":[]},{"id":14241,"url":"https:\/\/www.jornalja.com.br\/arquivo\/o-guaiba-nas-imagens-poeticas-de-achutti\/","url_meta":{"origin":50402,"position":3},"title":"O Gua\u00edba nas imagens po\u00e9ticas de Achutti","author":"da Reda\u00e7\u00e3o","date":"18 de junho de 2014","format":false,"excerpt":"Em \u201cO Gua\u00edba por Achutti\u201d \u2013 obra financiada via Minist\u00e9rio da Cultura, produ\u00e7\u00e3o executiva de Pedro Longhi, e Fl\u00e1vio Wild como designer \u2013, o fot\u00f3grafo revela a beleza e as mazelas de um espa\u00e7o aqu\u00e1tico de \u00e1guas sempre renovadas, cheio de hist\u00f3rias e lendas como as das cidades que foram\u2026","rel":"","context":"Em &quot;Cultura-Geral&quot;","block_context":{"text":"Cultura-Geral","link":"https:\/\/www.jornalja.com.br\/arquivo\/category\/materiasecundaria\/"},"img":{"alt_text":"","src":"","width":0,"height":0},"classes":[]},{"id":12960,"url":"https:\/\/www.jornalja.com.br\/arquivo\/populacao-culpa-empresas-pela-greve-dos-rodoviarios\/","url_meta":{"origin":50402,"position":4},"title":"Popula\u00e7\u00e3o culpa empresas pela greve","author":"Patr\u00edcia Marini","date":"14 de fevereiro de 2014","format":false,"excerpt":"Pesquisa divulgada na edi\u00e7\u00e3o do jornal Metro desta sexta-feira,14, comprova o velho ditado: \u00e9 poss\u00edvel enganar muitos por algum tempo, mas n\u00e3o \u00e9 poss\u00edvel enganar a todos o tempo inteiro. A principal revela\u00e7\u00e3o foi que 59,8% dos entrevistados apontaram as empresas como as principais respons\u00e1veis pela grave e 46% culparam\u2026","rel":"","context":"Em &quot;X.Categorias velhas&quot;","block_context":{"text":"X.Categorias velhas","link":"https:\/\/www.jornalja.com.br\/arquivo\/category\/x-categorias-velhas\/"},"img":{"alt_text":"","src":"","width":0,"height":0},"classes":[]},{"id":13101,"url":"https:\/\/www.jornalja.com.br\/arquivo\/morre-um-guerreiro-do-texto\/","url_meta":{"origin":50402,"position":5},"title":"Morre um guerreiro do texto","author":"Patr\u00edcia Marini","date":"14 de maio de 2014","format":false,"excerpt":"Por Ricardo Kotscho Reproduzido do blog do autor, 11\/5\/2014; t\u00edtulo original \u201cE l\u00e1 se foi o nosso Myltainho, guerreiro do texto\u201d. Mi\u00fado e franzino, meu amigo Myltainho era um valente e inconformado guerreiro na luta contra as injusti\u00e7as sociais, a hipocrisia, as maracutaias, o autoritarismo, a intoler\u00e2ncia, a viol\u00eancia, o\u2026","rel":"","context":"Em &quot;Geral&quot;","block_context":{"text":"Geral","link":"https:\/\/www.jornalja.com.br\/arquivo\/category\/geral\/"},"img":{"alt_text":"","src":"","width":0,"height":0},"classes":[]}],"jetpack_shortlink":"https:\/\/wp.me\/pbQjBd-d6W","jetpack_featured_media_url":"","_links":{"self":[{"href":"https:\/\/www.jornalja.com.br\/arquivo\/wp-json\/wp\/v2\/posts\/50402","targetHints":{"allow":["GET"]}}],"collection":[{"href":"https:\/\/www.jornalja.com.br\/arquivo\/wp-json\/wp\/v2\/posts"}],"about":[{"href":"https:\/\/www.jornalja.com.br\/arquivo\/wp-json\/wp\/v2\/types\/post"}],"author":[{"embeddable":true,"href":"https:\/\/www.jornalja.com.br\/arquivo\/wp-json\/wp\/v2\/users\/4"}],"replies":[{"embeddable":true,"href":"https:\/\/www.jornalja.com.br\/arquivo\/wp-json\/wp\/v2\/comments?post=50402"}],"version-history":[{"count":0,"href":"https:\/\/www.jornalja.com.br\/arquivo\/wp-json\/wp\/v2\/posts\/50402\/revisions"}],"wp:attachment":[{"href":"https:\/\/www.jornalja.com.br\/arquivo\/wp-json\/wp\/v2\/media?parent=50402"}],"wp:term":[{"taxonomy":"category","embeddable":true,"href":"https:\/\/www.jornalja.com.br\/arquivo\/wp-json\/wp\/v2\/categories?post=50402"},{"taxonomy":"post_tag","embeddable":true,"href":"https:\/\/www.jornalja.com.br\/arquivo\/wp-json\/wp\/v2\/tags?post=50402"}],"curies":[{"name":"wp","href":"https:\/\/api.w.org\/{rel}","templated":true}]}}