{"id":50412,"date":"2017-06-22T11:45:27","date_gmt":"2017-06-22T14:45:27","guid":{"rendered":"https:\/\/www.jornalja.com.br\/?p=50412"},"modified":"2017-06-22T11:45:27","modified_gmt":"2017-06-22T14:45:27","slug":"maconha-e-a-droga-mais-consumida-e-heroina-a-mais-nociva-diz-onu","status":"publish","type":"post","link":"https:\/\/www.jornalja.com.br\/arquivo\/maconha-e-a-droga-mais-consumida-e-heroina-a-mais-nociva-diz-onu\/","title":{"rendered":"Maconha \u00e9 a droga mais consumida e hero\u00edna a mais nociva, diz ONU"},"content":{"rendered":"<p>De acordo com um relat\u00f3rio da Organiza\u00e7\u00e3o das Na\u00e7\u00f5es Unidas\u00a0 (ONU) divulgado nesta quinta-feira (21), 5% da popula\u00e7\u00e3o mundial consumiu algum tipo de droga em 2015, o que se traduz em aproximadamente 250 milh\u00f5es de pessoas, e pelo menos 190 mil morreram neste mesmo ano por causas diretas relacionadas com entorpecentes. As informa\u00e7\u00f5es s\u00e3o da Ag\u00eancia EFE.<br \/>\nO Relat\u00f3rio Mundial sobre Drogas da ONU, divulgado hoje em Viena, mostra especial preocupa\u00e7\u00e3o pela situa\u00e7\u00e3o de 29,5 milh\u00f5es de pessoas que sofrem com transtornos graves pelo consumo de drogas, inclu\u00edda a toxicodepend\u00eancia, e que s\u00e3o os mais vulner\u00e1veis.<br \/>\nS\u00f3 uma de cada seis pessoas que requer tratamento por estes transtornos recebe assist\u00eancia, a maioria nos pa\u00edses desenvolvidos, aponta o reporte elaborado pelo Escrit\u00f3rio das Na\u00e7\u00f5es Unidas contra a Droga e o Delito (UNODC).<br \/>\nO n\u00famero de consumidores de drogas se mant\u00e9m est\u00e1vel h\u00e1 cinco anos, mas os respons\u00e1veis pelo relat\u00f3rio advertem que o mercado das drogas est\u00e1 se diversificando com o surgimento de novas subst\u00e2ncias mais potentes e perigosas.<br \/>\n&#8220;Aumentou a situa\u00e7\u00e3o de risco para a sa\u00fade pela diversifica\u00e7\u00e3o e a pot\u00eancia de novas subst\u00e2ncias&#8221;, explicou em uma coletiva de imprensa Angela Me, coordenadora do relat\u00f3rio.<br \/>\nA especialista usou como exemplo o fentanil, um analg\u00e9sico em p\u00f3 que \u00e9 at\u00e9 50 vezes mais potentes que a hero\u00edna e que causou numerosas <em>overdoses <\/em>nos EUA nos \u00faltimos anos.<br \/>\nA maconha \u00e9 a droga mais consumida, com 183 milh\u00f5es de usu\u00e1rios em 2015, mas os opioides, entre eles a hero\u00edna, seguem sendo as subst\u00e2ncias mais nocivas e as que causam mais mortes.<br \/>\n&#8220;O consumo de opioides est\u00e1 associado ao risco de <em>overdose <\/em>fatais e n\u00e3o fatais, ao risco de contrair doen\u00e7as infecciosas (como HIV e hepatite C) devido \u00e0 pr\u00e1tica perigosa de consumo de drogas por inje\u00e7\u00e3o&#8221;, aponta o relat\u00f3rio.<br \/>\nO diretor da UNODC, Yuri Fedotov, aponta no relat\u00f3rio que &#8220;a n\u00edvel mundial foram registradas pelo menos 190 mil mortes prematuras &#8211; na maioria dos casos, evit\u00e1veis &#8211; provocadas pelas drogas, na maioria\u00a0 atribu\u00eddas ao consumo de opioides.&#8221;<br \/>\nAs estimativas do relat\u00f3rio sobre mortes s\u00e3o muito conservadoras, como reconheceu a pr\u00f3pria ONU, se levar em conta que s\u00f3 nos EUA houve 52,4 mil mortes por <em>overdose<\/em> em 2015.<br \/>\nCerca de 35 milh\u00f5es de pessoas consumem opi\u00e1ceos (subst\u00e2ncias que procedem da papoula, como hero\u00edna e morfina) ou opioides (subst\u00e2ncias qu\u00edmicas de efeito an\u00e1logo, como metadona).<br \/>\nEste grupo de drogas, segundo o relat\u00f3rio, &#8220;representaram 70% dos impactos negativos para a sa\u00fade associada com transtornos por consumo de drogas no mundo todo.&#8221;<br \/>\nEm uma situa\u00e7\u00e3o especialmente arriscada est\u00e3o as 12 milh\u00f5es de pessoas que se injetam opioides como a hero\u00edna.<br \/>\nDelas, &#8220;uma de cada oito (1,6 milh\u00f5es) est\u00e1 vivendo com HIV e mais da metade (6,1 milh\u00f5es) com hepatite C, enquanto cerca de 1,3 milh\u00e3o sofrem tanto com hepatite C como com HIV&#8221;.<br \/>\n&#8220;Geralmente, morre o triplo de pessoas que consumem drogas por causa da hepatite C (222 mil) do que pelo HIV (60 mil)&#8221;, explica o rep\u00f3rter.<br \/>\nOs consumidores de coca\u00edna chegam a cerca de 17 milh\u00f5es, os de &#8220;<em>ecstasy<\/em>&#8221; s\u00e3o 21,6 milh\u00f5es, enquanto os de anfetaminas s\u00e3o calculadas em 37.<br \/>\nO relat\u00f3rio aponta que h\u00e1 ind\u00edcios de um maior consumo de coca\u00edna nos EUA e Europa, os dois maiores mercados, e que aumentaram os casos de tratamento por consumo desta droga.<br \/>\nO relat\u00f3rio aponta que as anfetaminas, que s\u00e3o estimulantes sint\u00e9ticos, s\u00e3o a segunda causa de tratamento, atr\u00e1s dos opioides, por transtornos causados pelo consumo de drogas.<br \/>\nO texto tamb\u00e9m mostra que as &#8220;novas subst\u00e2ncias psicoativas&#8221;, das quais at\u00e9 2015 eram mais de 700 tipos, podem supor riscos para a sa\u00fade porque sua composi\u00e7\u00e3o n\u00e3o costuma estar padronizada e pode conter elementos muito nocivos.<br \/>\nEstas novas subst\u00e2ncias sint\u00e9ticas imitam os efeitos de certas drogas tradicionais, como a maconha, e ao ser mais baratas costumam ser mais atrativas para alguns consumidores.<br \/>\nAl\u00e9m das mortes, o relat\u00f3rio aponta para a perda de &#8220;anos de vida s\u00e3&#8221; pelas mortes prematuras e a incapacidade causada pelo consumo de drogas.<br \/>\nAg\u00eancia Brasil<br \/>\n&nbsp;<\/p>\n","protected":false},"excerpt":{"rendered":"<p>De acordo com um relat\u00f3rio da Organiza\u00e7\u00e3o das Na\u00e7\u00f5es Unidas\u00a0 (ONU) divulgado nesta quinta-feira (21), 5% da popula\u00e7\u00e3o mundial consumiu algum tipo de droga em 2015, o que se traduz em aproximadamente 250 milh\u00f5es de pessoas, e pelo menos 190 mil morreram neste mesmo ano por causas diretas relacionadas com entorpecentes. As informa\u00e7\u00f5es s\u00e3o da [&hellip;]<\/p>\n","protected":false},"author":4,"featured_media":50413,"comment_status":"open","ping_status":"closed","sticky":false,"template":"","format":"standard","meta":{"_jetpack_newsletter_access":"","_jetpack_dont_email_post_to_subs":false,"_jetpack_newsletter_tier_id":0,"_jetpack_memberships_contains_paywalled_content":false,"_jetpack_feature_clip_id":0,"_jetpack_memberships_contains_paid_content":false,"footnotes":"","jetpack_post_was_ever_published":false},"categories":[26],"tags":[],"class_list":["post-50412","post","type-post","status-publish","format-standard","has-post-thumbnail","hentry","category-geral"],"aioseo_notices":[],"aioseo_head":"\n\t\t<!-- All in One SEO 5.0.1.1 - aioseo.com -->\n\t<meta name=\"robots\" content=\"max-image-preview:large\" \/>\n\t<meta name=\"author\" content=\"da Reda\u00e7\u00e3o\"\/>\n\t<link rel=\"canonical\" href=\"https:\/\/www.jornalja.com.br\/arquivo\/maconha-e-a-droga-mais-consumida-e-heroina-a-mais-nociva-diz-onu\/\" \/>\n\t<meta name=\"generator\" content=\"All in One SEO (AIOSEO) 5.0.1.1\" \/>\n\t\t<meta property=\"og:locale\" content=\"pt_BR\" \/>\n\t\t<meta property=\"og:site_name\" content=\"Arquivo | Jornal J\u00c1 | Porto Alegre\" \/>\n\t\t<meta property=\"og:type\" content=\"article\" \/>\n\t\t<meta property=\"og:title\" content=\"Maconha \u00e9 a droga mais consumida e hero\u00edna a mais nociva, diz ONU | Arquivo\" \/>\n\t\t<meta property=\"og:url\" content=\"https:\/\/www.jornalja.com.br\/arquivo\/maconha-e-a-droga-mais-consumida-e-heroina-a-mais-nociva-diz-onu\/\" \/>\n\t\t<meta property=\"og:image\" content=\"https:\/\/www.jornalja.com.br\/economics\/wp-content\/uploads\/sites\/11\/2026\/08\/ja-folhaderosto-facebook.jpg\" \/>\n\t\t<meta property=\"og:image:secure_url\" content=\"https:\/\/www.jornalja.com.br\/economics\/wp-content\/uploads\/sites\/11\/2026\/08\/ja-folhaderosto-facebook.jpg\" \/>\n\t\t<meta property=\"article:published_time\" content=\"2017-06-22T14:45:27+00:00\" \/>\n\t\t<meta property=\"article:modified_time\" content=\"2017-06-22T14:45:27+00:00\" \/>\n\t\t<meta name=\"twitter:card\" content=\"summary\" \/>\n\t\t<meta name=\"twitter:title\" content=\"Maconha \u00e9 a droga mais consumida e hero\u00edna a mais nociva, diz ONU | Arquivo\" \/>\n\t\t<meta name=\"twitter:image\" content=\"https:\/\/www.jornalja.com.br\/economics\/wp-content\/uploads\/sites\/11\/2026\/08\/ja-folhaderosto-facebook.jpg\" \/>\n\t\t<script type=\"application\/ld+json\" class=\"aioseo-schema\">\n\t\t\t{\"@context\":\"https:\\\/\\\/schema.org\",\"@graph\":[{\"@type\":\"BlogPosting\",\"@id\":\"https:\\\/\\\/www.jornalja.com.br\\\/arquivo\\\/maconha-e-a-droga-mais-consumida-e-heroina-a-mais-nociva-diz-onu\\\/#blogposting\",\"name\":\"Maconha \\u00e9 a droga mais consumida e hero\\u00edna a mais nociva, diz ONU | Arquivo\",\"headline\":\"Maconha \\u00e9 a droga mais consumida e hero\\u00edna a mais nociva, diz ONU\",\"author\":{\"@id\":\"https:\\\/\\\/www.jornalja.com.br\\\/arquivo\\\/author\\\/daredacao\\\/#author\"},\"publisher\":{\"@id\":\"https:\\\/\\\/www.jornalja.com.br\\\/arquivo\\\/#organization\"},\"image\":{\"@type\":\"ImageObject\",\"url\":50413},\"datePublished\":\"2017-06-22T11:45:27-03:00\",\"dateModified\":\"2017-06-22T11:45:27-03:00\",\"inLanguage\":\"pt-BR\",\"mainEntityOfPage\":{\"@id\":\"https:\\\/\\\/www.jornalja.com.br\\\/arquivo\\\/maconha-e-a-droga-mais-consumida-e-heroina-a-mais-nociva-diz-onu\\\/#webpage\"},\"isPartOf\":{\"@id\":\"https:\\\/\\\/www.jornalja.com.br\\\/arquivo\\\/maconha-e-a-droga-mais-consumida-e-heroina-a-mais-nociva-diz-onu\\\/#webpage\"},\"articleSection\":\"Geral\"},{\"@type\":\"BreadcrumbList\",\"@id\":\"https:\\\/\\\/www.jornalja.com.br\\\/arquivo\\\/maconha-e-a-droga-mais-consumida-e-heroina-a-mais-nociva-diz-onu\\\/#breadcrumblist\",\"itemListElement\":[{\"@type\":\"ListItem\",\"@id\":\"https:\\\/\\\/www.jornalja.com.br\\\/arquivo#listItem\",\"position\":1,\"name\":\"Home\",\"item\":\"https:\\\/\\\/www.jornalja.com.br\\\/arquivo\",\"nextItem\":{\"@type\":\"ListItem\",\"@id\":\"https:\\\/\\\/www.jornalja.com.br\\\/arquivo\\\/category\\\/geral\\\/#listItem\",\"name\":\"Geral\"}},{\"@type\":\"ListItem\",\"@id\":\"https:\\\/\\\/www.jornalja.com.br\\\/arquivo\\\/category\\\/geral\\\/#listItem\",\"position\":2,\"name\":\"Geral\",\"item\":\"https:\\\/\\\/www.jornalja.com.br\\\/arquivo\\\/category\\\/geral\\\/\",\"nextItem\":{\"@type\":\"ListItem\",\"@id\":\"https:\\\/\\\/www.jornalja.com.br\\\/arquivo\\\/maconha-e-a-droga-mais-consumida-e-heroina-a-mais-nociva-diz-onu\\\/#listItem\",\"name\":\"Maconha \\u00e9 a droga mais consumida e hero\\u00edna a mais nociva, diz ONU\"},\"previousItem\":{\"@type\":\"ListItem\",\"@id\":\"https:\\\/\\\/www.jornalja.com.br\\\/arquivo#listItem\",\"name\":\"Home\"}},{\"@type\":\"ListItem\",\"@id\":\"https:\\\/\\\/www.jornalja.com.br\\\/arquivo\\\/maconha-e-a-droga-mais-consumida-e-heroina-a-mais-nociva-diz-onu\\\/#listItem\",\"position\":3,\"name\":\"Maconha \\u00e9 a droga mais consumida e hero\\u00edna a mais nociva, diz ONU\",\"previousItem\":{\"@type\":\"ListItem\",\"@id\":\"https:\\\/\\\/www.jornalja.com.br\\\/arquivo\\\/category\\\/geral\\\/#listItem\",\"name\":\"Geral\"}}]},{\"@type\":\"Organization\",\"@id\":\"https:\\\/\\\/www.jornalja.com.br\\\/arquivo\\\/#organization\",\"name\":\"Jornal J\\u00c1\",\"description\":\"Jornal J\\u00c1 | Porto Alegre\",\"url\":\"https:\\\/\\\/www.jornalja.com.br\\\/arquivo\\\/\",\"telephone\":\"+555133307272\",\"logo\":{\"@type\":\"ImageObject\",\"url\":\"https:\\\/\\\/www.jornalja.com.br\\\/wp-content\\\/uploads\\\/cards\\\/JAslogan.png\",\"@id\":\"https:\\\/\\\/www.jornalja.com.br\\\/arquivo\\\/maconha-e-a-droga-mais-consumida-e-heroina-a-mais-nociva-diz-onu\\\/#organizationLogo\"},\"image\":{\"@id\":\"https:\\\/\\\/www.jornalja.com.br\\\/arquivo\\\/maconha-e-a-droga-mais-consumida-e-heroina-a-mais-nociva-diz-onu\\\/#organizationLogo\"}},{\"@type\":\"Person\",\"@id\":\"https:\\\/\\\/www.jornalja.com.br\\\/arquivo\\\/author\\\/daredacao\\\/#author\",\"url\":\"https:\\\/\\\/www.jornalja.com.br\\\/arquivo\\\/author\\\/daredacao\\\/\",\"name\":\"da Reda\\u00e7\\u00e3o\",\"image\":{\"@type\":\"ImageObject\",\"@id\":\"https:\\\/\\\/www.jornalja.com.br\\\/arquivo\\\/maconha-e-a-droga-mais-consumida-e-heroina-a-mais-nociva-diz-onu\\\/#authorImage\",\"url\":\"https:\\\/\\\/secure.gravatar.com\\\/avatar\\\/469fd857d6605ad19919d27ed29d35a968a25f6e8fd9318356bbb7f57aae9c65?s=96&d=mm&r=g\",\"width\":96,\"height\":96,\"caption\":\"da Reda\\u00e7\\u00e3o\"}},{\"@type\":\"WebPage\",\"@id\":\"https:\\\/\\\/www.jornalja.com.br\\\/arquivo\\\/maconha-e-a-droga-mais-consumida-e-heroina-a-mais-nociva-diz-onu\\\/#webpage\",\"url\":\"https:\\\/\\\/www.jornalja.com.br\\\/arquivo\\\/maconha-e-a-droga-mais-consumida-e-heroina-a-mais-nociva-diz-onu\\\/\",\"name\":\"Maconha \\u00e9 a droga mais consumida e hero\\u00edna a mais nociva, diz ONU | Arquivo\",\"inLanguage\":\"pt-BR\",\"isPartOf\":{\"@id\":\"https:\\\/\\\/www.jornalja.com.br\\\/arquivo\\\/#website\"},\"breadcrumb\":{\"@id\":\"https:\\\/\\\/www.jornalja.com.br\\\/arquivo\\\/maconha-e-a-droga-mais-consumida-e-heroina-a-mais-nociva-diz-onu\\\/#breadcrumblist\"},\"author\":{\"@id\":\"https:\\\/\\\/www.jornalja.com.br\\\/arquivo\\\/author\\\/daredacao\\\/#author\"},\"creator\":{\"@id\":\"https:\\\/\\\/www.jornalja.com.br\\\/arquivo\\\/author\\\/daredacao\\\/#author\"},\"image\":{\"@type\":\"ImageObject\",\"url\":50413,\"@id\":\"https:\\\/\\\/www.jornalja.com.br\\\/arquivo\\\/maconha-e-a-droga-mais-consumida-e-heroina-a-mais-nociva-diz-onu\\\/#mainImage\"},\"primaryImageOfPage\":{\"@id\":\"https:\\\/\\\/www.jornalja.com.br\\\/arquivo\\\/maconha-e-a-droga-mais-consumida-e-heroina-a-mais-nociva-diz-onu\\\/#mainImage\"},\"datePublished\":\"2017-06-22T11:45:27-03:00\",\"dateModified\":\"2017-06-22T11:45:27-03:00\"},{\"@type\":\"WebSite\",\"@id\":\"https:\\\/\\\/www.jornalja.com.br\\\/arquivo\\\/#website\",\"url\":\"https:\\\/\\\/www.jornalja.com.br\\\/arquivo\\\/\",\"name\":\"Arquivo\",\"description\":\"Jornal J\\u00c1 | Porto Alegre\",\"inLanguage\":\"pt-BR\",\"publisher\":{\"@id\":\"https:\\\/\\\/www.jornalja.com.br\\\/arquivo\\\/#organization\"}}]}\n\t\t<\/script>\n\t\t<!-- All in One SEO -->\n\n","aioseo_head_json":{"title":"Maconha \u00e9 a droga mais consumida e hero\u00edna a mais nociva, diz ONU | Arquivo","description":"","canonical_url":"https:\/\/www.jornalja.com.br\/arquivo\/maconha-e-a-droga-mais-consumida-e-heroina-a-mais-nociva-diz-onu\/","robots":"max-image-preview:large","keywords":"","webmasterTools":{"miscellaneous":""},"schema":{"@context":"https:\/\/schema.org","@graph":[{"@type":"BlogPosting","@id":"https:\/\/www.jornalja.com.br\/arquivo\/maconha-e-a-droga-mais-consumida-e-heroina-a-mais-nociva-diz-onu\/#blogposting","name":"Maconha \u00e9 a droga mais consumida e hero\u00edna a mais nociva, diz ONU | Arquivo","headline":"Maconha \u00e9 a droga mais consumida e hero\u00edna a mais nociva, diz ONU","author":{"@id":"https:\/\/www.jornalja.com.br\/arquivo\/author\/daredacao\/#author"},"publisher":{"@id":"https:\/\/www.jornalja.com.br\/arquivo\/#organization"},"image":{"@type":"ImageObject","url":50413},"datePublished":"2017-06-22T11:45:27-03:00","dateModified":"2017-06-22T11:45:27-03:00","inLanguage":"pt-BR","mainEntityOfPage":{"@id":"https:\/\/www.jornalja.com.br\/arquivo\/maconha-e-a-droga-mais-consumida-e-heroina-a-mais-nociva-diz-onu\/#webpage"},"isPartOf":{"@id":"https:\/\/www.jornalja.com.br\/arquivo\/maconha-e-a-droga-mais-consumida-e-heroina-a-mais-nociva-diz-onu\/#webpage"},"articleSection":"Geral"},{"@type":"BreadcrumbList","@id":"https:\/\/www.jornalja.com.br\/arquivo\/maconha-e-a-droga-mais-consumida-e-heroina-a-mais-nociva-diz-onu\/#breadcrumblist","itemListElement":[{"@type":"ListItem","@id":"https:\/\/www.jornalja.com.br\/arquivo#listItem","position":1,"name":"Home","item":"https:\/\/www.jornalja.com.br\/arquivo","nextItem":{"@type":"ListItem","@id":"https:\/\/www.jornalja.com.br\/arquivo\/category\/geral\/#listItem","name":"Geral"}},{"@type":"ListItem","@id":"https:\/\/www.jornalja.com.br\/arquivo\/category\/geral\/#listItem","position":2,"name":"Geral","item":"https:\/\/www.jornalja.com.br\/arquivo\/category\/geral\/","nextItem":{"@type":"ListItem","@id":"https:\/\/www.jornalja.com.br\/arquivo\/maconha-e-a-droga-mais-consumida-e-heroina-a-mais-nociva-diz-onu\/#listItem","name":"Maconha \u00e9 a droga mais consumida e hero\u00edna a mais nociva, diz ONU"},"previousItem":{"@type":"ListItem","@id":"https:\/\/www.jornalja.com.br\/arquivo#listItem","name":"Home"}},{"@type":"ListItem","@id":"https:\/\/www.jornalja.com.br\/arquivo\/maconha-e-a-droga-mais-consumida-e-heroina-a-mais-nociva-diz-onu\/#listItem","position":3,"name":"Maconha \u00e9 a droga mais consumida e hero\u00edna a mais nociva, diz ONU","previousItem":{"@type":"ListItem","@id":"https:\/\/www.jornalja.com.br\/arquivo\/category\/geral\/#listItem","name":"Geral"}}]},{"@type":"Organization","@id":"https:\/\/www.jornalja.com.br\/arquivo\/#organization","name":"Jornal J\u00c1","description":"Jornal J\u00c1 | Porto Alegre","url":"https:\/\/www.jornalja.com.br\/arquivo\/","telephone":"+555133307272","logo":{"@type":"ImageObject","url":"https:\/\/www.jornalja.com.br\/wp-content\/uploads\/cards\/JAslogan.png","@id":"https:\/\/www.jornalja.com.br\/arquivo\/maconha-e-a-droga-mais-consumida-e-heroina-a-mais-nociva-diz-onu\/#organizationLogo"},"image":{"@id":"https:\/\/www.jornalja.com.br\/arquivo\/maconha-e-a-droga-mais-consumida-e-heroina-a-mais-nociva-diz-onu\/#organizationLogo"}},{"@type":"Person","@id":"https:\/\/www.jornalja.com.br\/arquivo\/author\/daredacao\/#author","url":"https:\/\/www.jornalja.com.br\/arquivo\/author\/daredacao\/","name":"da Reda\u00e7\u00e3o","image":{"@type":"ImageObject","@id":"https:\/\/www.jornalja.com.br\/arquivo\/maconha-e-a-droga-mais-consumida-e-heroina-a-mais-nociva-diz-onu\/#authorImage","url":"https:\/\/secure.gravatar.com\/avatar\/469fd857d6605ad19919d27ed29d35a968a25f6e8fd9318356bbb7f57aae9c65?s=96&d=mm&r=g","width":96,"height":96,"caption":"da Reda\u00e7\u00e3o"}},{"@type":"WebPage","@id":"https:\/\/www.jornalja.com.br\/arquivo\/maconha-e-a-droga-mais-consumida-e-heroina-a-mais-nociva-diz-onu\/#webpage","url":"https:\/\/www.jornalja.com.br\/arquivo\/maconha-e-a-droga-mais-consumida-e-heroina-a-mais-nociva-diz-onu\/","name":"Maconha \u00e9 a droga mais consumida e hero\u00edna a mais nociva, diz ONU | Arquivo","inLanguage":"pt-BR","isPartOf":{"@id":"https:\/\/www.jornalja.com.br\/arquivo\/#website"},"breadcrumb":{"@id":"https:\/\/www.jornalja.com.br\/arquivo\/maconha-e-a-droga-mais-consumida-e-heroina-a-mais-nociva-diz-onu\/#breadcrumblist"},"author":{"@id":"https:\/\/www.jornalja.com.br\/arquivo\/author\/daredacao\/#author"},"creator":{"@id":"https:\/\/www.jornalja.com.br\/arquivo\/author\/daredacao\/#author"},"image":{"@type":"ImageObject","url":50413,"@id":"https:\/\/www.jornalja.com.br\/arquivo\/maconha-e-a-droga-mais-consumida-e-heroina-a-mais-nociva-diz-onu\/#mainImage"},"primaryImageOfPage":{"@id":"https:\/\/www.jornalja.com.br\/arquivo\/maconha-e-a-droga-mais-consumida-e-heroina-a-mais-nociva-diz-onu\/#mainImage"},"datePublished":"2017-06-22T11:45:27-03:00","dateModified":"2017-06-22T11:45:27-03:00"},{"@type":"WebSite","@id":"https:\/\/www.jornalja.com.br\/arquivo\/#website","url":"https:\/\/www.jornalja.com.br\/arquivo\/","name":"Arquivo","description":"Jornal J\u00c1 | Porto Alegre","inLanguage":"pt-BR","publisher":{"@id":"https:\/\/www.jornalja.com.br\/arquivo\/#organization"}}]},"og:locale":"pt_BR","og:site_name":"Arquivo | Jornal J\u00c1 | Porto Alegre","og:type":"article","og:title":"Maconha \u00e9 a droga mais consumida e hero\u00edna a mais nociva, diz ONU | Arquivo","og:url":"https:\/\/www.jornalja.com.br\/arquivo\/maconha-e-a-droga-mais-consumida-e-heroina-a-mais-nociva-diz-onu\/","og:image":"https:\/\/www.jornalja.com.br\/economics\/wp-content\/uploads\/sites\/11\/2026\/08\/ja-folhaderosto-facebook.jpg","og:image:secure_url":"https:\/\/www.jornalja.com.br\/economics\/wp-content\/uploads\/sites\/11\/2026\/08\/ja-folhaderosto-facebook.jpg","article:published_time":"2017-06-22T14:45:27+00:00","article:modified_time":"2017-06-22T14:45:27+00:00","twitter:card":"summary","twitter:title":"Maconha \u00e9 a droga mais consumida e hero\u00edna a mais nociva, diz ONU | Arquivo","twitter:image":"https:\/\/www.jornalja.com.br\/economics\/wp-content\/uploads\/sites\/11\/2026\/08\/ja-folhaderosto-facebook.jpg"},"aioseo_meta_data":{"post_id":"50412","title":null,"description":null,"keywords":null,"keyphrases":null,"primary_term":null,"canonical_url":null,"og_title":null,"og_description":null,"og_object_type":"default","og_image_type":"default","og_image_url":null,"og_image_width":null,"og_image_height":null,"og_image_custom_url":null,"og_image_custom_fields":null,"og_video":null,"og_custom_url":null,"og_article_section":null,"og_article_tags":null,"twitter_use_og":false,"twitter_card":"default","twitter_image_type":"default","twitter_image_url":null,"twitter_image_custom_url":null,"twitter_image_custom_fields":null,"twitter_title":null,"twitter_description":null,"schema":{"blockGraphs":[],"customGraphs":[],"default":{"data":{"Article":[],"Course":[],"Dataset":[],"FAQPage":[],"Movie":[],"Person":[],"Product":[],"ProductReview":[],"Car":[],"Recipe":[],"Service":[],"SoftwareApplication":[],"WebPage":[]},"graphName":"","isEnabled":true},"graphs":[]},"schema_type":null,"schema_type_options":null,"pillar_content":false,"robots_default":true,"robots_noindex":false,"robots_noarchive":false,"robots_nosnippet":false,"robots_nofollow":false,"robots_noimageindex":false,"robots_noodp":false,"robots_notranslate":false,"robots_max_snippet":null,"robots_max_videopreview":null,"robots_max_imagepreview":"large","priority":null,"frequency":null,"location":null,"local_seo":null,"breadcrumb_settings":null,"limit_modified_date":false,"ai":null,"created":"2020-12-20 20:30:49","updated":"2025-07-19 22:25:19","seo_analyzer_scan_date":null,"focus_keyword":null,"additional_keywords":null,"truseo_locale":null},"jetpack_sharing_enabled":true,"jetpack-related-posts":[{"id":5440,"url":"https:\/\/www.jornalja.com.br\/arquivo\/casarao-da-venancio-destino-permanece-incerto\/","url_meta":{"origin":50412,"position":0},"title":"Estado ainda n\u00e3o sabe o que fazer com casar\u00e3o abandonado h\u00e1 20 anos","author":"Elmar Bones","date":"6 de julho de 2009","format":false,"excerpt":"O casar\u00e3o amarelo, numa esquina nobre de Porto Alegre (Ven\u00e2ncio Aires com Jo\u00e3o Pessoa), j\u00e1 abrigou uma escola. H\u00e1 duas d\u00e9cadas, pelo menos, est\u00e1 abandonado, porque seu propriet\u00e1rio, o governo do Estado do Rio Grande do Sul, n\u00e3o consegue achar um destino para ele. Planos n\u00e3o faltaram. O governador Ol\u00edvio\u2026","rel":"","context":"Em &quot;X.Categorias velhas&quot;","block_context":{"text":"X.Categorias velhas","link":"https:\/\/www.jornalja.com.br\/arquivo\/category\/x-categorias-velhas\/"},"img":{"alt_text":"geraldo1","src":"https:\/\/i0.wp.com\/www.jornalja.com.br\/wp-content\/uploads\/2009\/07\/geraldo1.jpg?resize=350%2C200&ssl=1","width":350,"height":200},"classes":[]},{"id":13128,"url":"https:\/\/www.jornalja.com.br\/arquivo\/maconha-terra-diz-que-uso-medicinal-e-desculpa\/","url_meta":{"origin":50412,"position":1},"title":"Maconha: Terra diz que uso medicinal \u00e9 desculpa","author":"Patr\u00edcia Marini","date":"4 de junho de 2014","format":false,"excerpt":"A condi\u00e7\u00e3o de pol\u00edtico, em \u00e9poca de campanha de campanha eleitoral, tira for\u00e7a do discurso do m\u00e9dico Osmar Terra contra a legaliza\u00e7\u00e3o da maconha. A tese dele de que a libera\u00e7\u00e3o vai ampliar exponencialmente o consumo \u00e9 discutivel, o consumo \u00e9 corrente. Mas seus alertas quanto aos riscos tem que\u2026","rel":"","context":"Em &quot;X.Categorias velhas&quot;","block_context":{"text":"X.Categorias velhas","link":"https:\/\/www.jornalja.com.br\/arquivo\/category\/x-categorias-velhas\/"},"img":{"alt_text":"","src":"","width":0,"height":0},"classes":[]},{"id":12960,"url":"https:\/\/www.jornalja.com.br\/arquivo\/populacao-culpa-empresas-pela-greve-dos-rodoviarios\/","url_meta":{"origin":50412,"position":2},"title":"Popula\u00e7\u00e3o culpa empresas pela greve","author":"Patr\u00edcia Marini","date":"14 de fevereiro de 2014","format":false,"excerpt":"Pesquisa divulgada na edi\u00e7\u00e3o do jornal Metro desta sexta-feira,14, comprova o velho ditado: \u00e9 poss\u00edvel enganar muitos por algum tempo, mas n\u00e3o \u00e9 poss\u00edvel enganar a todos o tempo inteiro. A principal revela\u00e7\u00e3o foi que 59,8% dos entrevistados apontaram as empresas como as principais respons\u00e1veis pela grave e 46% culparam\u2026","rel":"","context":"Em &quot;X.Categorias velhas&quot;","block_context":{"text":"X.Categorias velhas","link":"https:\/\/www.jornalja.com.br\/arquivo\/category\/x-categorias-velhas\/"},"img":{"alt_text":"","src":"","width":0,"height":0},"classes":[]},{"id":13124,"url":"https:\/\/www.jornalja.com.br\/arquivo\/sangue-latino-no-iecine\/","url_meta":{"origin":50412,"position":3},"title":"Sangue latino no IECINE","author":"da Reda\u00e7\u00e3o","date":"18 de maio de 2014","format":false,"excerpt":"Francisco Ribeiro O Instituto Estadual de Cinema (IECINE) tem a frente, desde abril \u00faltimo, um novo diretor, o cineasta colombiano Juan Zapata, 36, que substitui Luiz Alberto Cassol. Radicado h\u00e1 dez anos em Porto Alegre, Zapata tem diante de si o desafio de conduzir at\u00e9 o final do ano um\u2026","rel":"","context":"Em &quot;Cultura-Geral&quot;","block_context":{"text":"Cultura-Geral","link":"https:\/\/www.jornalja.com.br\/arquivo\/category\/materiasecundaria\/"},"img":{"alt_text":"","src":"","width":0,"height":0},"classes":[]},{"id":13240,"url":"https:\/\/www.jornalja.com.br\/arquivo\/plano-diretor-estamos-construindo-o-caos\/","url_meta":{"origin":50412,"position":4},"title":"Plano diretor: &quot;Estamos construindo o caos&quot;","author":"Patr\u00edcia Marini","date":"26 de maio de 2014","format":false,"excerpt":"Desabafo que arquiteta Eliana Castilhos, delegada da Regi\u00e3o de Planejamento 1, postou nas redes sociais \u00e9 um testemunho do ambiente que se criou no Conselho do Plano Diretor de Porto Alegre, onde a aprova\u00e7\u00e3o de grandes empreendimentos \u00e9 empurrada guela abaixo dos conselheiros. Ao CMDUA Como delegada da Regi\u00e3o de\u2026","rel":"","context":"Em &quot;Geral&quot;","block_context":{"text":"Geral","link":"https:\/\/www.jornalja.com.br\/arquivo\/category\/geral\/"},"img":{"alt_text":"","src":"","width":0,"height":0},"classes":[]},{"id":13101,"url":"https:\/\/www.jornalja.com.br\/arquivo\/morre-um-guerreiro-do-texto\/","url_meta":{"origin":50412,"position":5},"title":"Morre um guerreiro do texto","author":"Patr\u00edcia Marini","date":"14 de maio de 2014","format":false,"excerpt":"Por Ricardo Kotscho Reproduzido do blog do autor, 11\/5\/2014; t\u00edtulo original \u201cE l\u00e1 se foi o nosso Myltainho, guerreiro do texto\u201d. Mi\u00fado e franzino, meu amigo Myltainho era um valente e inconformado guerreiro na luta contra as injusti\u00e7as sociais, a hipocrisia, as maracutaias, o autoritarismo, a intoler\u00e2ncia, a viol\u00eancia, o\u2026","rel":"","context":"Em &quot;Geral&quot;","block_context":{"text":"Geral","link":"https:\/\/www.jornalja.com.br\/arquivo\/category\/geral\/"},"img":{"alt_text":"","src":"","width":0,"height":0},"classes":[]}],"jetpack_shortlink":"https:\/\/wp.me\/pbQjBd-d76","jetpack_featured_media_url":"","_links":{"self":[{"href":"https:\/\/www.jornalja.com.br\/arquivo\/wp-json\/wp\/v2\/posts\/50412","targetHints":{"allow":["GET"]}}],"collection":[{"href":"https:\/\/www.jornalja.com.br\/arquivo\/wp-json\/wp\/v2\/posts"}],"about":[{"href":"https:\/\/www.jornalja.com.br\/arquivo\/wp-json\/wp\/v2\/types\/post"}],"author":[{"embeddable":true,"href":"https:\/\/www.jornalja.com.br\/arquivo\/wp-json\/wp\/v2\/users\/4"}],"replies":[{"embeddable":true,"href":"https:\/\/www.jornalja.com.br\/arquivo\/wp-json\/wp\/v2\/comments?post=50412"}],"version-history":[{"count":0,"href":"https:\/\/www.jornalja.com.br\/arquivo\/wp-json\/wp\/v2\/posts\/50412\/revisions"}],"wp:attachment":[{"href":"https:\/\/www.jornalja.com.br\/arquivo\/wp-json\/wp\/v2\/media?parent=50412"}],"wp:term":[{"taxonomy":"category","embeddable":true,"href":"https:\/\/www.jornalja.com.br\/arquivo\/wp-json\/wp\/v2\/categories?post=50412"},{"taxonomy":"post_tag","embeddable":true,"href":"https:\/\/www.jornalja.com.br\/arquivo\/wp-json\/wp\/v2\/tags?post=50412"}],"curies":[{"name":"wp","href":"https:\/\/api.w.org\/{rel}","templated":true}]}}