{"id":50457,"date":"2017-06-29T16:43:42","date_gmt":"2017-06-29T19:43:42","guid":{"rendered":"https:\/\/www.jornalja.com.br\/?p=50457"},"modified":"2017-06-29T16:43:42","modified_gmt":"2017-06-29T19:43:42","slug":"a-crise-politica-atual-e-o-impasse-de-desenvolvimento","status":"publish","type":"post","link":"https:\/\/www.jornalja.com.br\/arquivo\/a-crise-politica-atual-e-o-impasse-de-desenvolvimento\/","title":{"rendered":"A Crise Pol\u00edtica Atual e o Impasse de Desenvolvimento"},"content":{"rendered":"<p><span class=\"assina\"><b>Jaime Rodrigues*<\/b><\/span><br \/>\nNo atual momento \u00e9 extremamente oportuno e necess\u00e1rio construirmos uma ampla an\u00e1lise sobre a realidade que vivemos em nossa sociedade. \u00c9 urgente nos prepararmos para a supera\u00e7\u00e3o da crise pol\u00edtica forjada desde muito antes ao golpe realizado com o \u201cimpeachment\u201d ao governo de Dilma e sempre com base no rid\u00edculo \u201cFonte para o Futuro\u201d.<br \/>\nEste governo atual e seus apoiadores tem adotado uma orienta\u00e7\u00e3o antipopular e antidemocr\u00e1tico, diminuindo os sal\u00e1rios dos trabalhadores brasileiros, retirando a seguran\u00e7a no trabalho, terminando com sua aposentadoria. Na Condi\u00e7\u00e3o de Vida dos cidad\u00e3os e cidad\u00e3s reduz ou mesmo termina com investimentos em educa\u00e7\u00e3o, sa\u00fade, habita\u00e7\u00e3o e muitas outras fun\u00e7\u00f5es e elementos. Junto enfraquece o Estado com privatiza\u00e7\u00e3o de grande parte de sua estrutura e tamb\u00e9m descaracterizando a for\u00e7a institucional com atividades do poder executivo, judicial e parlamentar.<br \/>\nO Meio Ambiente j\u00e1 est\u00e1 sendo afetado. Uma pol\u00edtica de \u201cretra\u00e7\u00e3o\u201d sem necessidade. Muito grave \u00e9 a descaracteriza\u00e7\u00e3o da Constitui\u00e7\u00e3o do Brasil. A orienta\u00e7\u00e3o e atua\u00e7\u00e3o da poderosa m\u00eddia no Brasil lidera a informa\u00e7\u00e3o e o poder de an\u00e1lise limitando a mobiliza\u00e7\u00e3o de toda a popula\u00e7\u00e3o. S\u00e3o respostas conservadoras \u00e0s quest\u00f5es do momento.<br \/>\nEste debate \u00e9 importante na trajet\u00f3ria de enfrentamento aos<strong> impasses<\/strong> <strong>de desenvolvimento<\/strong> no atual \u201ctempo hist\u00f3rico\u201d. Diversas modifica\u00e7\u00f5es objetivas alteram a estrutura da sociedade e exigem novas solu\u00e7\u00f5es em sua din\u00e2mica maior. O dom\u00ednio atual da condu\u00e7\u00e3o destas mudan\u00e7as no pa\u00eds tem sido das for\u00e7as conservadoras. Um caminho que aproveita defici\u00eancias ou vazios nas orienta\u00e7\u00f5es progressistas que, em outra situa\u00e7\u00e3o e com outras exig\u00eancias aplicou um rumo muito positivo. Quais suas caracter\u00edsticas, sua dimens\u00e3o, a rela\u00e7\u00e3o que apresenta para as limita\u00e7\u00f5es \u00e0 Democracia atual e qual a capacidade de um pa\u00eds como o Brasil em sua supera\u00e7\u00e3o destes impasses com benef\u00edcio popular. S\u00e3o fortes desafios. Um debate que para ser decisivo deve contar neste processo da popula\u00e7\u00e3o a partir das lutas concretas.<br \/>\n<span class=\"intertit\"><strong>\u00a0<\/strong>A \u201ctransi\u00e7\u00e3o\u201d que vivemos<\/span><br \/>\nHoje vivemos em uma transforma\u00e7\u00e3o da sociedade no mundo todo. Suas mudan\u00e7as s\u00e3o amplas no sentido que abarcam e articulam sua estrutura entre as pessoas e no seu conjunto. Um fator essencial \u00e9 a tecnologia bastante inovadora, com renova\u00e7\u00e3o r\u00e1pida e que altera todas as atividades. Seu controle tem sido com dom\u00ednio do Sistema Financeiro.<br \/>\nAs Rela\u00e7\u00f5es de trabalho, Rela\u00e7\u00f5es de Produ\u00e7\u00e3o, Valores da Ideologia, Sistema da Pol\u00edtica, Os Valores da Cultura, Condi\u00e7\u00f5es de Vida da Popula\u00e7\u00e3o, o Meio Ambiente. Foi implementada uma reorganiza\u00e7\u00e3o das estruturas institucionais do Estado e tamb\u00e9m das empresas, partidos e entidades de comunica\u00e7\u00e3o. Afeta todas as fun\u00e7\u00f5es e elementos de organiza\u00e7\u00e3o da sociedade nas Formas, Valores e Sentimentos nas rela\u00e7\u00f5es entre cidad\u00e3s e cidad\u00e3os. Altera e transforma os valores e modifica o individualismo, o medo, aumenta a viol\u00eancia, faz predominar a concorr\u00eancia em todas rela\u00e7\u00f5es. Traz novas caracter\u00edsticas de submiss\u00e3o por imposi\u00e7\u00e3o de quem domina ou \u00e9 dominado. Estabelece uma &#8220;pastagem&#8221; na apresenta\u00e7\u00e3o e no conv\u00edvio nas diversas realidades, um caminho de indefini\u00e7\u00e3o que permite exercer e aumentar o poder.<br \/>\nNo crescimento econ\u00f4mico atual os grandes lucros existem principalmente no Sistema Financeiro. Nas Rela\u00e7\u00f5es de Produ\u00e7\u00e3o a r\u00e1pida mudan\u00e7a da tecnocracia utilizada e a sua complexidade de funcionamento, com seus altos custos\u00a0 \u00a0onde pequenos equ\u00edvocos geram imensas altera\u00e7\u00f5es de resultados. Esta enorme inseguran\u00e7a tem sido um dos aspectos para o dom\u00ednio pelo grande capital. Ao mesmo tempo existem altera\u00e7\u00f5es no consumo e do mercado assim como o valor da m\u00e3o de obra na mercadoria, o que para o capitalismo s\u00e3o conceitos decisivos.<br \/>\nDa mesma forma a dimens\u00e3o internacional da economia em toda sua combina\u00e7\u00e3o sofreu profundas modifica\u00e7\u00f5es, atualmente um com\u00e9rcio pequeno. Como podemos ver \u00e9 um panorama muito complexo e com diferen\u00e7as com a realidade que havia sido alcan\u00e7ado no passado.<br \/>\nA explora\u00e7\u00e3o da M\u00e3o de Obra aumentou agora mesmo quando o sal\u00e1rio, por acaso, seja maior porque a sua produtividade \u00e9 muito maior. Insatisfeitos, entretanto, o capitalismo quer colocar o trabalhador em situa\u00e7\u00e3o de enorme defensiva e garantir a explora\u00e7\u00e3o agregada no valor na produ\u00e7\u00e3o. \u00c9 simplesmente usar e jogar fora. As pessoas t\u00eam sido condicionadas hoje \u00e0 concorr\u00eancia e oportunismo aos demais com a perda da significativa Solidariedade que a trajet\u00f3ria da vida nos trouxe, s\u00e3o valores recente no capitalismo. Qualquer caminho progressista ser\u00e1 necessariamente participativo e democr\u00e1tico. Os trabalhadores ficam sem for\u00e7a para questionar e, inclusive, sem capacidade de preparo para sua pr\u00f3pria qualifica\u00e7\u00e3o profissional. Cada caso \u00e9 espec\u00edfico e em todos os pa\u00edses e regi\u00f5es guardam din\u00e2micas pr\u00f3prias. Sua for\u00e7a real de domina\u00e7\u00e3o \u00e9 conduzida pelo Setor Financeiro.<br \/>\n<span class=\"intertit\">A sexta economia do mundo<\/span><br \/>\nNo Brasil est\u00e3o bastante presentes estes aspectos de crescimento. Hoje a pol\u00edtica conservadora atua para exercer dom\u00ednio ainda maior mesmo com retra\u00e7\u00e3o no crescimento. Neste sentido se vale dos participantes do atual governo que sempre foram altamente negativos na sua presen\u00e7a e na formula\u00e7\u00e3o de caminhos na hist\u00f3ria brasileira. Suas presen\u00e7as s\u00e3o oportunistas e procuram &#8220;encostar\u201d nas estruturas existentes, mas sempre diferenciados pelo seu aspecto med\u00edocre. A proposta defendida por estas for\u00e7as nos conduz para uma realidade de Col\u00f4nia. Concentra na diminui\u00e7\u00e3o do Estado, a redu\u00e7\u00e3o do pre\u00e7o e garantia do trabalho, desmoraliza toda a pol\u00edtica para fortalecer seu dom\u00ednio direto e, junto estabelece o predom\u00ednio em setores como a \u201cagroind\u00fastria\u201d, privatiza empresas como a Petrobr\u00e1s, da mesma forma a explora\u00e7\u00e3o da \u00e1gua e extra\u00e7\u00e3o de outros elementos da natureza. Infelizmente as for\u00e7as conservadoras de tradi\u00e7\u00e3o hist\u00f3rica e significado mostram debilidade profunda para alcan\u00e7ar um caminho alternativo e consistente. Infelizmente ainda n\u00e3o abriu espa\u00e7os e, ou, n\u00e3o conseguem solu\u00e7\u00f5es mais s\u00e9rias.<br \/>\nEm nossa hist\u00f3ria desde a Rep\u00fablica Nova constru\u00edmos estruturas muito fortes como a ind\u00fastria, uma forte m\u00e3o de obra (inclusive qualificada). Igualmente temos solu\u00e7\u00f5es de agricultura, com\u00e9rcio e servi\u00e7os. Nosso Estado \u00e9 s\u00f3lido e importante em sua atua\u00e7\u00e3o em todos aspectos da sociedade. No processo de desenvolvimento dever\u00e1 ser atualizado, mas n\u00e3o reduzido.<br \/>\nNossos governos recentes foram de sucesso e melhorias na sociedade. \u00c9 evidente de limites, erros e defici\u00eancias, mas nada em que o di\u00e1logo aberto e participativo n\u00e3o possa superar e inclusive construir valores novos e necess\u00e1rios. N\u00e3o temos d\u00edvidas no exterior, guardamos uma reserva de 380 bilh\u00f5es de d\u00f3lares, somos um pa\u00eds continental, temos uma possibilidade ampla para autonomia e nossos &#8220;inimigos&#8221; do exterior est\u00e3o muito d\u00e9beis. E mais ainda, temos importantes \u201camigos\u201d no mundo para construir ou avan\u00e7ar. N\u00f3s somos fortes, mesmo sendo um pa\u00eds que teve 350 anos de escravid\u00e3o, mais uns tantos de coronelismo e no entanto alcan\u00e7a ser a s\u00e9tima pot\u00eancia do mundo, disputando a sexta.<br \/>\nEsta orienta\u00e7\u00e3o de querer nos humilhar \u00e9 reacion\u00e1rio. Ocorre que no atuai momento a pol\u00edtica dos &#8220;containers&#8221; apresenta uma solu\u00e7\u00e3o de col\u00f4nia para o tempo atuai. \u00c9 violenta, n\u00e3o aceita di\u00e1logo, \u00e9 impositiva e autorit\u00e1ria na pol\u00edtica e relacionamento. Imp\u00f5e valores de submiss\u00e3o na rela\u00e7\u00e3o de toda a sociedade. Ocorre que sua estrutura mostra ser fraca e superada, rapidamente apresenta defeitos. Uma solu\u00e7\u00e3o progressista, no entanto, n\u00e3o surge sem uma luta clara e sem uma proposta que permita avan\u00e7ar em tempos de dom\u00ednio do poderoso sistema financeiro.<br \/>\n<span class=\"intertit\">Esquerda<\/span><br \/>\nAs for\u00e7as progressistas apresentam pol\u00edticas de confronto baseado quase que s\u00f3 em quest\u00f5es imediatas de questionamento \u00e0s desastrosas atitudes do governo e seus sustentadores. N\u00e3o apareceram valores maiores de autocr\u00edtica \u00e0s suas defici\u00eancias e debilidades que facilitaram a realidade atual. N\u00e3o alcan\u00e7amos ainda uma avalia\u00e7\u00e3o da crise que vivemos e, menos ainda, foram conseguidas alternativas de propostas. O grande m\u00e9rito j\u00e1 iniciado \u00e9 o in\u00edcio forte de um Processo Pol\u00edtico Progressista. Surgem novas e grandes lideran\u00e7as, antigos l\u00edderes como o do ex-presidente Lula que est\u00e1 renascendo com alto reconhecimento de sua lideran\u00e7a. Junto podemos ver importante organiza\u00e7\u00e3o popular e movimentos com quest\u00f5es novas e acompanhadas de solu\u00e7\u00f5es fortes. Muita coragem, acompanhadas de perguntas que exigem determina\u00e7\u00f5es em superar nossos limites.<br \/>\nUm tema muito presente neste questionamento \u00e9 saber como atingir a chamada &#8220;periferia e sua popula\u00e7\u00e3o&#8221; de nossas enormes cidades brasileiras. Qual \u00e9 o caminho para sua inser\u00e7\u00e3o na sociedade e como podem se movimentar em nosso pa\u00eds que concentrou uma das maiores quantidades destas Metr\u00f3poles no mundo. Fen\u00f4meno em parte constru\u00eddo pela recente ditadura a partir de um acelerado \u00eaxodo rural em tempo muito curto. Da mesma forma todos n\u00f3s queremos saber como ser\u00e1 a sociedade na \u00e9poca atual.<br \/>\n\u00c9 evidente que \u00e9 imposs\u00edvel previs\u00f5es antecipadas e absolutas. Mas as perguntas e formula\u00e7\u00e3o de diretrizes s\u00e3o elementos necess\u00e1rias para, na pr\u00e1tica e na luta debatermos e construirmos o futuro.<br \/>\n<span class=\"intertit\">Mais Democracia<\/span><br \/>\nNossa luta \u00e9 complexa e grande. Sua evolu\u00e7\u00e3o nos ensina que a participa\u00e7\u00e3o \u00e9 fundamental. Trata-se de um fator para nos indicar que a luta \u00e9 para ser constru\u00edda pela popula\u00e7\u00e3o e por ela decidida. Os caminhos de representatividade n\u00e3o podem pretender a mesma import\u00e2ncia pr\u00e1tica que representou no passado do Brasil e em diversos pa\u00edses. Este significado \u00e9 de for\u00e7a e car\u00e1ter de solu\u00e7\u00e3o assim como a pr\u00f3pria possibilidade de ser revolucion\u00e1rio e transformadora. Solu\u00e7\u00f5es amenas s\u00e3o muito limitadas o que n\u00e3o quer dizer o \u201cradicalismo\u201d. O pr\u00f3prio capitalismo encontra dificuldades de definir propostas e ser aceito.<br \/>\nEsta pontualidade de quest\u00f5es sugeridas \u00e9 s\u00f3 um exerc\u00edcio. N\u00e3o tem pretens\u00e3o de fazer afirma\u00e7\u00f5es mais complexas. A proposta progressista mostra ser oposta ao que os conservadores adotam at\u00e9 agora. A defini\u00e7\u00e3o de Sociedade \u00e9 inovadora e efetivamente deve ser constru\u00edda para estruturar sua din\u00e2mica. A Na\u00e7\u00e3o que foi extremamente determinante no estabelecimento do capitalismo em tempos mais remotos deve ser retomado, agora para garantir o Desenvolvimento da Sociedade, superar a polariza\u00e7\u00e3o, modificar a Rela\u00e7\u00e3o de Trabalho, favorecer a pequena e m\u00e9dia empresa, ampliar o di\u00e1logo com os mais ricos e qualificar a Condi\u00e7\u00e3o de Vida do pa\u00eds.<br \/>\nPara alcan\u00e7armos esta situa\u00e7\u00e3o \u00e9 fundamental reorganizar a Democracia com Participa\u00e7\u00e3o e Poder Direto Ampliado. Garantir e qualificar o Estado \u00e9 fundamental porque esta Sociedade depende de sua presen\u00e7a. V\u00e1rias quest\u00f5es essenciais aparecem neste sentido, em condi\u00e7\u00f5es imediatas e na reorganiza\u00e7\u00e3o futura. \u00c9 decisiva a reforma fiscal, alterar a sistem\u00e1tica dos juros na rela\u00e7\u00e3o financeira, defender a Na\u00e7\u00e3o na rela\u00e7\u00e3o de com\u00e9rcio externo. As exig\u00eancias hoje s\u00e3o em grande parte de nova condi\u00e7\u00f5es t\u00e9cnicas, portanto \u00e9 necess\u00e1ria sua transforma\u00e7\u00e3o para beneficiar ao Cidad\u00e3o e \u00e0 Cidad\u00e3, o que \u00e9 diferente da simples \u201cmodernidade\u201d v\u00e1rias vezes colocado.\u00a0 \u00c9 urgente nova Assembleia Constituinte a nosso pa\u00eds e, como coer\u00eancia de proposta \u00e9 fundamental que sejam Elei\u00e7\u00f5es Diretas.<br \/>\n<strong>* Urbanista\/Historiador<\/strong><\/p>\n","protected":false},"excerpt":{"rendered":"<p>Jaime Rodrigues* No atual momento \u00e9 extremamente oportuno e necess\u00e1rio construirmos uma ampla an\u00e1lise sobre a realidade que vivemos em nossa sociedade. \u00c9 urgente nos prepararmos para a supera\u00e7\u00e3o da crise pol\u00edtica forjada desde muito antes ao golpe realizado com o \u201cimpeachment\u201d ao governo de Dilma e sempre com base no rid\u00edculo \u201cFonte para o [&hellip;]<\/p>\n","protected":false},"author":4,"featured_media":0,"comment_status":"open","ping_status":"closed","sticky":false,"template":"","format":"standard","meta":{"_jetpack_newsletter_access":"","_jetpack_dont_email_post_to_subs":false,"_jetpack_newsletter_tier_id":0,"_jetpack_memberships_contains_paywalled_content":false,"_jetpack_feature_clip_id":0,"_jetpack_memberships_contains_paid_content":false,"footnotes":"","jetpack_post_was_ever_published":false},"categories":[10],"tags":[],"class_list":["post-50457","post","type-post","status-publish","format-standard","hentry","category-analiseopiniao"],"aioseo_notices":[],"aioseo_head":"\n\t\t<!-- All in One SEO 5.0.1.1 - aioseo.com -->\n\t<meta name=\"robots\" content=\"max-image-preview:large\" \/>\n\t<meta name=\"author\" content=\"da Reda\u00e7\u00e3o\"\/>\n\t<link rel=\"canonical\" href=\"https:\/\/www.jornalja.com.br\/arquivo\/a-crise-politica-atual-e-o-impasse-de-desenvolvimento\/\" \/>\n\t<meta name=\"generator\" content=\"All in One SEO (AIOSEO) 5.0.1.1\" \/>\n\t\t<meta property=\"og:locale\" content=\"pt_BR\" \/>\n\t\t<meta property=\"og:site_name\" content=\"Arquivo | Jornal J\u00c1 | Porto Alegre\" \/>\n\t\t<meta property=\"og:type\" content=\"article\" \/>\n\t\t<meta property=\"og:title\" content=\"A Crise Pol\u00edtica Atual e o Impasse de Desenvolvimento | Arquivo\" \/>\n\t\t<meta property=\"og:url\" content=\"https:\/\/www.jornalja.com.br\/arquivo\/a-crise-politica-atual-e-o-impasse-de-desenvolvimento\/\" \/>\n\t\t<meta property=\"og:image\" content=\"https:\/\/www.jornalja.com.br\/economics\/wp-content\/uploads\/sites\/11\/2026\/08\/ja-folhaderosto-facebook.jpg\" \/>\n\t\t<meta property=\"og:image:secure_url\" content=\"https:\/\/www.jornalja.com.br\/economics\/wp-content\/uploads\/sites\/11\/2026\/08\/ja-folhaderosto-facebook.jpg\" \/>\n\t\t<meta property=\"article:published_time\" content=\"2017-06-29T19:43:42+00:00\" \/>\n\t\t<meta property=\"article:modified_time\" content=\"2017-06-29T19:43:42+00:00\" \/>\n\t\t<meta name=\"twitter:card\" content=\"summary\" \/>\n\t\t<meta name=\"twitter:title\" content=\"A Crise Pol\u00edtica Atual e o Impasse de Desenvolvimento | Arquivo\" \/>\n\t\t<meta name=\"twitter:image\" content=\"https:\/\/www.jornalja.com.br\/economics\/wp-content\/uploads\/sites\/11\/2026\/08\/ja-folhaderosto-facebook.jpg\" \/>\n\t\t<script type=\"application\/ld+json\" class=\"aioseo-schema\">\n\t\t\t{\"@context\":\"https:\\\/\\\/schema.org\",\"@graph\":[{\"@type\":\"BlogPosting\",\"@id\":\"https:\\\/\\\/www.jornalja.com.br\\\/arquivo\\\/a-crise-politica-atual-e-o-impasse-de-desenvolvimento\\\/#blogposting\",\"name\":\"A Crise Pol\\u00edtica Atual e o Impasse de Desenvolvimento | Arquivo\",\"headline\":\"A Crise Pol\\u00edtica Atual e o Impasse de Desenvolvimento\",\"author\":{\"@id\":\"https:\\\/\\\/www.jornalja.com.br\\\/arquivo\\\/author\\\/daredacao\\\/#author\"},\"publisher\":{\"@id\":\"https:\\\/\\\/www.jornalja.com.br\\\/arquivo\\\/#organization\"},\"image\":{\"@type\":\"ImageObject\",\"url\":\"https:\\\/\\\/www.jornalja.com.br\\\/wp-content\\\/uploads\\\/cards\\\/JAslogan.png\",\"@id\":\"https:\\\/\\\/www.jornalja.com.br\\\/arquivo\\\/#articleImage\"},\"datePublished\":\"2017-06-29T16:43:42-03:00\",\"dateModified\":\"2017-06-29T16:43:42-03:00\",\"inLanguage\":\"pt-BR\",\"mainEntityOfPage\":{\"@id\":\"https:\\\/\\\/www.jornalja.com.br\\\/arquivo\\\/a-crise-politica-atual-e-o-impasse-de-desenvolvimento\\\/#webpage\"},\"isPartOf\":{\"@id\":\"https:\\\/\\\/www.jornalja.com.br\\\/arquivo\\\/a-crise-politica-atual-e-o-impasse-de-desenvolvimento\\\/#webpage\"},\"articleSection\":\"AN\\u00c1LISE&amp;OPINI\\u00c3O\"},{\"@type\":\"BreadcrumbList\",\"@id\":\"https:\\\/\\\/www.jornalja.com.br\\\/arquivo\\\/a-crise-politica-atual-e-o-impasse-de-desenvolvimento\\\/#breadcrumblist\",\"itemListElement\":[{\"@type\":\"ListItem\",\"@id\":\"https:\\\/\\\/www.jornalja.com.br\\\/arquivo#listItem\",\"position\":1,\"name\":\"Home\",\"item\":\"https:\\\/\\\/www.jornalja.com.br\\\/arquivo\",\"nextItem\":{\"@type\":\"ListItem\",\"@id\":\"https:\\\/\\\/www.jornalja.com.br\\\/arquivo\\\/category\\\/analiseopiniao\\\/#listItem\",\"name\":\"AN\\u00c1LISE&amp;OPINI\\u00c3O\"}},{\"@type\":\"ListItem\",\"@id\":\"https:\\\/\\\/www.jornalja.com.br\\\/arquivo\\\/category\\\/analiseopiniao\\\/#listItem\",\"position\":2,\"name\":\"AN\\u00c1LISE&amp;OPINI\\u00c3O\",\"item\":\"https:\\\/\\\/www.jornalja.com.br\\\/arquivo\\\/category\\\/analiseopiniao\\\/\",\"nextItem\":{\"@type\":\"ListItem\",\"@id\":\"https:\\\/\\\/www.jornalja.com.br\\\/arquivo\\\/a-crise-politica-atual-e-o-impasse-de-desenvolvimento\\\/#listItem\",\"name\":\"A Crise Pol\\u00edtica Atual e o Impasse de Desenvolvimento\"},\"previousItem\":{\"@type\":\"ListItem\",\"@id\":\"https:\\\/\\\/www.jornalja.com.br\\\/arquivo#listItem\",\"name\":\"Home\"}},{\"@type\":\"ListItem\",\"@id\":\"https:\\\/\\\/www.jornalja.com.br\\\/arquivo\\\/a-crise-politica-atual-e-o-impasse-de-desenvolvimento\\\/#listItem\",\"position\":3,\"name\":\"A Crise Pol\\u00edtica Atual e o Impasse de Desenvolvimento\",\"previousItem\":{\"@type\":\"ListItem\",\"@id\":\"https:\\\/\\\/www.jornalja.com.br\\\/arquivo\\\/category\\\/analiseopiniao\\\/#listItem\",\"name\":\"AN\\u00c1LISE&amp;OPINI\\u00c3O\"}}]},{\"@type\":\"Organization\",\"@id\":\"https:\\\/\\\/www.jornalja.com.br\\\/arquivo\\\/#organization\",\"name\":\"Jornal J\\u00c1\",\"description\":\"Jornal J\\u00c1 | Porto Alegre\",\"url\":\"https:\\\/\\\/www.jornalja.com.br\\\/arquivo\\\/\",\"telephone\":\"+555133307272\",\"logo\":{\"@type\":\"ImageObject\",\"url\":\"https:\\\/\\\/www.jornalja.com.br\\\/wp-content\\\/uploads\\\/cards\\\/JAslogan.png\",\"@id\":\"https:\\\/\\\/www.jornalja.com.br\\\/arquivo\\\/a-crise-politica-atual-e-o-impasse-de-desenvolvimento\\\/#organizationLogo\"},\"image\":{\"@id\":\"https:\\\/\\\/www.jornalja.com.br\\\/arquivo\\\/a-crise-politica-atual-e-o-impasse-de-desenvolvimento\\\/#organizationLogo\"}},{\"@type\":\"Person\",\"@id\":\"https:\\\/\\\/www.jornalja.com.br\\\/arquivo\\\/author\\\/daredacao\\\/#author\",\"url\":\"https:\\\/\\\/www.jornalja.com.br\\\/arquivo\\\/author\\\/daredacao\\\/\",\"name\":\"da Reda\\u00e7\\u00e3o\",\"image\":{\"@type\":\"ImageObject\",\"@id\":\"https:\\\/\\\/www.jornalja.com.br\\\/arquivo\\\/a-crise-politica-atual-e-o-impasse-de-desenvolvimento\\\/#authorImage\",\"url\":\"https:\\\/\\\/secure.gravatar.com\\\/avatar\\\/469fd857d6605ad19919d27ed29d35a968a25f6e8fd9318356bbb7f57aae9c65?s=96&d=mm&r=g\",\"width\":96,\"height\":96,\"caption\":\"da Reda\\u00e7\\u00e3o\"}},{\"@type\":\"WebPage\",\"@id\":\"https:\\\/\\\/www.jornalja.com.br\\\/arquivo\\\/a-crise-politica-atual-e-o-impasse-de-desenvolvimento\\\/#webpage\",\"url\":\"https:\\\/\\\/www.jornalja.com.br\\\/arquivo\\\/a-crise-politica-atual-e-o-impasse-de-desenvolvimento\\\/\",\"name\":\"A Crise Pol\\u00edtica Atual e o Impasse de Desenvolvimento | Arquivo\",\"inLanguage\":\"pt-BR\",\"isPartOf\":{\"@id\":\"https:\\\/\\\/www.jornalja.com.br\\\/arquivo\\\/#website\"},\"breadcrumb\":{\"@id\":\"https:\\\/\\\/www.jornalja.com.br\\\/arquivo\\\/a-crise-politica-atual-e-o-impasse-de-desenvolvimento\\\/#breadcrumblist\"},\"author\":{\"@id\":\"https:\\\/\\\/www.jornalja.com.br\\\/arquivo\\\/author\\\/daredacao\\\/#author\"},\"creator\":{\"@id\":\"https:\\\/\\\/www.jornalja.com.br\\\/arquivo\\\/author\\\/daredacao\\\/#author\"},\"datePublished\":\"2017-06-29T16:43:42-03:00\",\"dateModified\":\"2017-06-29T16:43:42-03:00\"},{\"@type\":\"WebSite\",\"@id\":\"https:\\\/\\\/www.jornalja.com.br\\\/arquivo\\\/#website\",\"url\":\"https:\\\/\\\/www.jornalja.com.br\\\/arquivo\\\/\",\"name\":\"Arquivo\",\"description\":\"Jornal J\\u00c1 | Porto Alegre\",\"inLanguage\":\"pt-BR\",\"publisher\":{\"@id\":\"https:\\\/\\\/www.jornalja.com.br\\\/arquivo\\\/#organization\"}}]}\n\t\t<\/script>\n\t\t<!-- All in One SEO -->\n\n","aioseo_head_json":{"title":"A Crise Pol\u00edtica Atual e o Impasse de Desenvolvimento | Arquivo","description":"","canonical_url":"https:\/\/www.jornalja.com.br\/arquivo\/a-crise-politica-atual-e-o-impasse-de-desenvolvimento\/","robots":"max-image-preview:large","keywords":"","webmasterTools":{"miscellaneous":""},"schema":{"@context":"https:\/\/schema.org","@graph":[{"@type":"BlogPosting","@id":"https:\/\/www.jornalja.com.br\/arquivo\/a-crise-politica-atual-e-o-impasse-de-desenvolvimento\/#blogposting","name":"A Crise Pol\u00edtica Atual e o Impasse de Desenvolvimento | Arquivo","headline":"A Crise Pol\u00edtica Atual e o Impasse de Desenvolvimento","author":{"@id":"https:\/\/www.jornalja.com.br\/arquivo\/author\/daredacao\/#author"},"publisher":{"@id":"https:\/\/www.jornalja.com.br\/arquivo\/#organization"},"image":{"@type":"ImageObject","url":"https:\/\/www.jornalja.com.br\/wp-content\/uploads\/cards\/JAslogan.png","@id":"https:\/\/www.jornalja.com.br\/arquivo\/#articleImage"},"datePublished":"2017-06-29T16:43:42-03:00","dateModified":"2017-06-29T16:43:42-03:00","inLanguage":"pt-BR","mainEntityOfPage":{"@id":"https:\/\/www.jornalja.com.br\/arquivo\/a-crise-politica-atual-e-o-impasse-de-desenvolvimento\/#webpage"},"isPartOf":{"@id":"https:\/\/www.jornalja.com.br\/arquivo\/a-crise-politica-atual-e-o-impasse-de-desenvolvimento\/#webpage"},"articleSection":"AN\u00c1LISE&amp;OPINI\u00c3O"},{"@type":"BreadcrumbList","@id":"https:\/\/www.jornalja.com.br\/arquivo\/a-crise-politica-atual-e-o-impasse-de-desenvolvimento\/#breadcrumblist","itemListElement":[{"@type":"ListItem","@id":"https:\/\/www.jornalja.com.br\/arquivo#listItem","position":1,"name":"Home","item":"https:\/\/www.jornalja.com.br\/arquivo","nextItem":{"@type":"ListItem","@id":"https:\/\/www.jornalja.com.br\/arquivo\/category\/analiseopiniao\/#listItem","name":"AN\u00c1LISE&amp;OPINI\u00c3O"}},{"@type":"ListItem","@id":"https:\/\/www.jornalja.com.br\/arquivo\/category\/analiseopiniao\/#listItem","position":2,"name":"AN\u00c1LISE&amp;OPINI\u00c3O","item":"https:\/\/www.jornalja.com.br\/arquivo\/category\/analiseopiniao\/","nextItem":{"@type":"ListItem","@id":"https:\/\/www.jornalja.com.br\/arquivo\/a-crise-politica-atual-e-o-impasse-de-desenvolvimento\/#listItem","name":"A Crise Pol\u00edtica Atual e o Impasse de Desenvolvimento"},"previousItem":{"@type":"ListItem","@id":"https:\/\/www.jornalja.com.br\/arquivo#listItem","name":"Home"}},{"@type":"ListItem","@id":"https:\/\/www.jornalja.com.br\/arquivo\/a-crise-politica-atual-e-o-impasse-de-desenvolvimento\/#listItem","position":3,"name":"A Crise Pol\u00edtica Atual e o Impasse de Desenvolvimento","previousItem":{"@type":"ListItem","@id":"https:\/\/www.jornalja.com.br\/arquivo\/category\/analiseopiniao\/#listItem","name":"AN\u00c1LISE&amp;OPINI\u00c3O"}}]},{"@type":"Organization","@id":"https:\/\/www.jornalja.com.br\/arquivo\/#organization","name":"Jornal J\u00c1","description":"Jornal J\u00c1 | Porto Alegre","url":"https:\/\/www.jornalja.com.br\/arquivo\/","telephone":"+555133307272","logo":{"@type":"ImageObject","url":"https:\/\/www.jornalja.com.br\/wp-content\/uploads\/cards\/JAslogan.png","@id":"https:\/\/www.jornalja.com.br\/arquivo\/a-crise-politica-atual-e-o-impasse-de-desenvolvimento\/#organizationLogo"},"image":{"@id":"https:\/\/www.jornalja.com.br\/arquivo\/a-crise-politica-atual-e-o-impasse-de-desenvolvimento\/#organizationLogo"}},{"@type":"Person","@id":"https:\/\/www.jornalja.com.br\/arquivo\/author\/daredacao\/#author","url":"https:\/\/www.jornalja.com.br\/arquivo\/author\/daredacao\/","name":"da Reda\u00e7\u00e3o","image":{"@type":"ImageObject","@id":"https:\/\/www.jornalja.com.br\/arquivo\/a-crise-politica-atual-e-o-impasse-de-desenvolvimento\/#authorImage","url":"https:\/\/secure.gravatar.com\/avatar\/469fd857d6605ad19919d27ed29d35a968a25f6e8fd9318356bbb7f57aae9c65?s=96&d=mm&r=g","width":96,"height":96,"caption":"da Reda\u00e7\u00e3o"}},{"@type":"WebPage","@id":"https:\/\/www.jornalja.com.br\/arquivo\/a-crise-politica-atual-e-o-impasse-de-desenvolvimento\/#webpage","url":"https:\/\/www.jornalja.com.br\/arquivo\/a-crise-politica-atual-e-o-impasse-de-desenvolvimento\/","name":"A Crise Pol\u00edtica Atual e o Impasse de Desenvolvimento | Arquivo","inLanguage":"pt-BR","isPartOf":{"@id":"https:\/\/www.jornalja.com.br\/arquivo\/#website"},"breadcrumb":{"@id":"https:\/\/www.jornalja.com.br\/arquivo\/a-crise-politica-atual-e-o-impasse-de-desenvolvimento\/#breadcrumblist"},"author":{"@id":"https:\/\/www.jornalja.com.br\/arquivo\/author\/daredacao\/#author"},"creator":{"@id":"https:\/\/www.jornalja.com.br\/arquivo\/author\/daredacao\/#author"},"datePublished":"2017-06-29T16:43:42-03:00","dateModified":"2017-06-29T16:43:42-03:00"},{"@type":"WebSite","@id":"https:\/\/www.jornalja.com.br\/arquivo\/#website","url":"https:\/\/www.jornalja.com.br\/arquivo\/","name":"Arquivo","description":"Jornal J\u00c1 | Porto Alegre","inLanguage":"pt-BR","publisher":{"@id":"https:\/\/www.jornalja.com.br\/arquivo\/#organization"}}]},"og:locale":"pt_BR","og:site_name":"Arquivo | Jornal J\u00c1 | Porto Alegre","og:type":"article","og:title":"A Crise Pol\u00edtica Atual e o Impasse de Desenvolvimento | Arquivo","og:url":"https:\/\/www.jornalja.com.br\/arquivo\/a-crise-politica-atual-e-o-impasse-de-desenvolvimento\/","og:image":"https:\/\/www.jornalja.com.br\/economics\/wp-content\/uploads\/sites\/11\/2026\/08\/ja-folhaderosto-facebook.jpg","og:image:secure_url":"https:\/\/www.jornalja.com.br\/economics\/wp-content\/uploads\/sites\/11\/2026\/08\/ja-folhaderosto-facebook.jpg","article:published_time":"2017-06-29T19:43:42+00:00","article:modified_time":"2017-06-29T19:43:42+00:00","twitter:card":"summary","twitter:title":"A Crise Pol\u00edtica Atual e o Impasse de Desenvolvimento | Arquivo","twitter:image":"https:\/\/www.jornalja.com.br\/economics\/wp-content\/uploads\/sites\/11\/2026\/08\/ja-folhaderosto-facebook.jpg"},"aioseo_meta_data":{"post_id":"50457","title":null,"description":null,"keywords":null,"keyphrases":null,"primary_term":null,"canonical_url":null,"og_title":null,"og_description":null,"og_object_type":"default","og_image_type":"default","og_image_url":null,"og_image_width":null,"og_image_height":null,"og_image_custom_url":null,"og_image_custom_fields":null,"og_video":null,"og_custom_url":null,"og_article_section":null,"og_article_tags":null,"twitter_use_og":false,"twitter_card":"default","twitter_image_type":"default","twitter_image_url":null,"twitter_image_custom_url":null,"twitter_image_custom_fields":null,"twitter_title":null,"twitter_description":null,"schema":{"blockGraphs":[],"customGraphs":[],"default":{"data":{"Article":[],"Course":[],"Dataset":[],"FAQPage":[],"Movie":[],"Person":[],"Product":[],"ProductReview":[],"Car":[],"Recipe":[],"Service":[],"SoftwareApplication":[],"WebPage":[]},"graphName":"","isEnabled":true},"graphs":[],"defaultGraph":"","defaultPostTypeGraph":""},"schema_type":null,"schema_type_options":null,"pillar_content":false,"robots_default":true,"robots_noindex":false,"robots_noarchive":false,"robots_nosnippet":false,"robots_nofollow":false,"robots_noimageindex":false,"robots_noodp":false,"robots_notranslate":false,"robots_max_snippet":null,"robots_max_videopreview":null,"robots_max_imagepreview":"large","priority":null,"frequency":null,"location":null,"local_seo":null,"breadcrumb_settings":null,"limit_modified_date":false,"ai":null,"created":"2020-12-20 20:30:49","updated":"2025-07-19 22:39:10","seo_analyzer_scan_date":null,"focus_keyword":null,"additional_keywords":null,"truseo_locale":null},"jetpack_sharing_enabled":true,"jetpack-related-posts":[{"id":13128,"url":"https:\/\/www.jornalja.com.br\/arquivo\/maconha-terra-diz-que-uso-medicinal-e-desculpa\/","url_meta":{"origin":50457,"position":0},"title":"Maconha: Terra diz que uso medicinal \u00e9 desculpa","author":"Patr\u00edcia Marini","date":"4 de junho de 2014","format":false,"excerpt":"A condi\u00e7\u00e3o de pol\u00edtico, em \u00e9poca de campanha de campanha eleitoral, tira for\u00e7a do discurso do m\u00e9dico Osmar Terra contra a legaliza\u00e7\u00e3o da maconha. A tese dele de que a libera\u00e7\u00e3o vai ampliar exponencialmente o consumo \u00e9 discutivel, o consumo \u00e9 corrente. Mas seus alertas quanto aos riscos tem que\u2026","rel":"","context":"Em &quot;X.Categorias velhas&quot;","block_context":{"text":"X.Categorias velhas","link":"https:\/\/www.jornalja.com.br\/arquivo\/category\/x-categorias-velhas\/"},"img":{"alt_text":"","src":"","width":0,"height":0},"classes":[]},{"id":13124,"url":"https:\/\/www.jornalja.com.br\/arquivo\/sangue-latino-no-iecine\/","url_meta":{"origin":50457,"position":1},"title":"Sangue latino no IECINE","author":"da Reda\u00e7\u00e3o","date":"18 de maio de 2014","format":false,"excerpt":"Francisco Ribeiro O Instituto Estadual de Cinema (IECINE) tem a frente, desde abril \u00faltimo, um novo diretor, o cineasta colombiano Juan Zapata, 36, que substitui Luiz Alberto Cassol. Radicado h\u00e1 dez anos em Porto Alegre, Zapata tem diante de si o desafio de conduzir at\u00e9 o final do ano um\u2026","rel":"","context":"Em &quot;Cultura-Geral&quot;","block_context":{"text":"Cultura-Geral","link":"https:\/\/www.jornalja.com.br\/arquivo\/category\/materiasecundaria\/"},"img":{"alt_text":"","src":"","width":0,"height":0},"classes":[]},{"id":14241,"url":"https:\/\/www.jornalja.com.br\/arquivo\/o-guaiba-nas-imagens-poeticas-de-achutti\/","url_meta":{"origin":50457,"position":2},"title":"O Gua\u00edba nas imagens po\u00e9ticas de Achutti","author":"da Reda\u00e7\u00e3o","date":"18 de junho de 2014","format":false,"excerpt":"Em \u201cO Gua\u00edba por Achutti\u201d \u2013 obra financiada via Minist\u00e9rio da Cultura, produ\u00e7\u00e3o executiva de Pedro Longhi, e Fl\u00e1vio Wild como designer \u2013, o fot\u00f3grafo revela a beleza e as mazelas de um espa\u00e7o aqu\u00e1tico de \u00e1guas sempre renovadas, cheio de hist\u00f3rias e lendas como as das cidades que foram\u2026","rel":"","context":"Em &quot;Cultura-Geral&quot;","block_context":{"text":"Cultura-Geral","link":"https:\/\/www.jornalja.com.br\/arquivo\/category\/materiasecundaria\/"},"img":{"alt_text":"","src":"","width":0,"height":0},"classes":[]},{"id":5440,"url":"https:\/\/www.jornalja.com.br\/arquivo\/casarao-da-venancio-destino-permanece-incerto\/","url_meta":{"origin":50457,"position":3},"title":"Estado ainda n\u00e3o sabe o que fazer com casar\u00e3o abandonado h\u00e1 20 anos","author":"Elmar Bones","date":"6 de julho de 2009","format":false,"excerpt":"O casar\u00e3o amarelo, numa esquina nobre de Porto Alegre (Ven\u00e2ncio Aires com Jo\u00e3o Pessoa), j\u00e1 abrigou uma escola. H\u00e1 duas d\u00e9cadas, pelo menos, est\u00e1 abandonado, porque seu propriet\u00e1rio, o governo do Estado do Rio Grande do Sul, n\u00e3o consegue achar um destino para ele. Planos n\u00e3o faltaram. O governador Ol\u00edvio\u2026","rel":"","context":"Em &quot;X.Categorias velhas&quot;","block_context":{"text":"X.Categorias velhas","link":"https:\/\/www.jornalja.com.br\/arquivo\/category\/x-categorias-velhas\/"},"img":{"alt_text":"geraldo1","src":"https:\/\/i0.wp.com\/www.jornalja.com.br\/wp-content\/uploads\/2009\/07\/geraldo1.jpg?resize=350%2C200&ssl=1","width":350,"height":200},"classes":[]},{"id":13101,"url":"https:\/\/www.jornalja.com.br\/arquivo\/morre-um-guerreiro-do-texto\/","url_meta":{"origin":50457,"position":4},"title":"Morre um guerreiro do texto","author":"Patr\u00edcia Marini","date":"14 de maio de 2014","format":false,"excerpt":"Por Ricardo Kotscho Reproduzido do blog do autor, 11\/5\/2014; t\u00edtulo original \u201cE l\u00e1 se foi o nosso Myltainho, guerreiro do texto\u201d. Mi\u00fado e franzino, meu amigo Myltainho era um valente e inconformado guerreiro na luta contra as injusti\u00e7as sociais, a hipocrisia, as maracutaias, o autoritarismo, a intoler\u00e2ncia, a viol\u00eancia, o\u2026","rel":"","context":"Em &quot;Geral&quot;","block_context":{"text":"Geral","link":"https:\/\/www.jornalja.com.br\/arquivo\/category\/geral\/"},"img":{"alt_text":"","src":"","width":0,"height":0},"classes":[]},{"id":1280,"url":"https:\/\/www.jornalja.com.br\/arquivo\/o-menino-que-se-tornou-brizola\/","url_meta":{"origin":50457,"position":5},"title":"O Menino que se Tornou Brizola","author":"da Reda\u00e7\u00e3o","date":"28 de julho de 2008","format":false,"excerpt":"Autor: Cleber Dioni A vida de Leonel Brizola, com \u00eanfase para os primeiros anos em Porto Alegre, at\u00e9 o ex\u00edlio no Uruguai e a volta, quinze anos depois. \u00a0\"...\u00c9ramos todos jovens e nos identific\u00e1vamos com aquela massa an\u00f4nima a percorrer as ruas de Porto Alegre, gritando 'Get\u00falio', 'Get\u00falio' e empunhando\u2026","rel":"","context":"Em &quot;Livros&quot;","block_context":{"text":"Livros","link":"https:\/\/www.jornalja.com.br\/arquivo\/category\/livros\/"},"img":{"alt_text":"","src":"https:\/\/i0.wp.com\/www.jornalja.com.br\/wp-content\/uploads\/2008\/07\/brizola.gif?resize=350%2C200&ssl=1","width":350,"height":200},"classes":[]}],"jetpack_shortlink":"https:\/\/wp.me\/pbQjBd-d7P","jetpack_featured_media_url":"","_links":{"self":[{"href":"https:\/\/www.jornalja.com.br\/arquivo\/wp-json\/wp\/v2\/posts\/50457","targetHints":{"allow":["GET"]}}],"collection":[{"href":"https:\/\/www.jornalja.com.br\/arquivo\/wp-json\/wp\/v2\/posts"}],"about":[{"href":"https:\/\/www.jornalja.com.br\/arquivo\/wp-json\/wp\/v2\/types\/post"}],"author":[{"embeddable":true,"href":"https:\/\/www.jornalja.com.br\/arquivo\/wp-json\/wp\/v2\/users\/4"}],"replies":[{"embeddable":true,"href":"https:\/\/www.jornalja.com.br\/arquivo\/wp-json\/wp\/v2\/comments?post=50457"}],"version-history":[{"count":0,"href":"https:\/\/www.jornalja.com.br\/arquivo\/wp-json\/wp\/v2\/posts\/50457\/revisions"}],"wp:attachment":[{"href":"https:\/\/www.jornalja.com.br\/arquivo\/wp-json\/wp\/v2\/media?parent=50457"}],"wp:term":[{"taxonomy":"category","embeddable":true,"href":"https:\/\/www.jornalja.com.br\/arquivo\/wp-json\/wp\/v2\/categories?post=50457"},{"taxonomy":"post_tag","embeddable":true,"href":"https:\/\/www.jornalja.com.br\/arquivo\/wp-json\/wp\/v2\/tags?post=50457"}],"curies":[{"name":"wp","href":"https:\/\/api.w.org\/{rel}","templated":true}]}}