{"id":50462,"date":"2017-06-22T20:48:43","date_gmt":"2017-06-22T23:48:43","guid":{"rendered":"https:\/\/www.jornalja.com.br\/?p=50462"},"modified":"2017-06-22T20:48:43","modified_gmt":"2017-06-22T23:48:43","slug":"justica-mantem-restricao-de-cultivo-de-transgenicos-no-entorno-de-unidades-de-conservacao-do-rs","status":"publish","type":"post","link":"https:\/\/www.jornalja.com.br\/arquivo\/justica-mantem-restricao-de-cultivo-de-transgenicos-no-entorno-de-unidades-de-conservacao-do-rs\/","title":{"rendered":"Justi\u00e7a mant\u00e9m restri\u00e7\u00e3o de cultivo de transg\u00eanicos no entorno de unidades de conserva\u00e7\u00e3o do RS"},"content":{"rendered":"<p>A 4\u00aa Turma do Tribunal Regional Federal da 4\u00aa Regi\u00e3o (TRF4) negou, por unanimidade, as apela\u00e7\u00f5es da Uni\u00e3o, do Instituto Chico Mendes (ICMBio) e da Federa\u00e7\u00e3o de Agricultura do Estado do Rio Grande do Sul (Farsul) contra senten\u00e7a que julgou procedente a\u00e7\u00e3o popular ajuizada em 2007. A decis\u00e3o judicial, que atendeu pedido do Minist\u00e9rio P\u00fablico Federal (MPF), reconhece que n\u00e3o se aplicam \u00e0s unidades federais de conserva\u00e7\u00e3o situadas no Rio Grande do Sul os limites previstos no <a href=\"http:\/\/www.planalto.gov.br\/ccivil_03\/_Ato2004-2006\/2006\/Decreto\/D5950.htm\">Decreto n\u00ba 5.950\/2006<\/a> (500, 800 e 5.000 metros, conforme a situa\u00e7\u00e3o) para plantio e cultivo de organismos geneticamente modificados.<br \/>\nCom a decis\u00e3o, deve-se respeitar o previsto no art. 55 do <a href=\"http:\/\/www.al.rs.gov.br\/legis\/M010\/M0100099.ASP?Hid_Tipo=TEXTO&amp;Hid_TodasNormas=2949&amp;hTexto=&amp;Hid_IDNorma=2949\">C\u00f3digo Estadual do Meio Ambiente do Estado do RS<\/a>: limite no raio de 10 quil\u00f4metros do entorno das \u00e1reas protegidas e exig\u00eancia de licenciamento ambiental pr\u00e9vio pelo \u00f3rg\u00e3o competente mediante autoriza\u00e7\u00e3o do respons\u00e1vel pela unidade de conserva\u00e7\u00e3o.<br \/>\nDesde quando a a\u00e7\u00e3o foi ajuizada, em 2007, o MPF atuou como fiscal da lei (<em>custos legis<\/em>). Ao longo do processo, defendeu que a diminui\u00e7\u00e3o do limite de plantio autorizada pelo decreto n\u00e3o considera os planos de manejo das \u00e1reas protegidas e desrespeita as zonas de amortecimento, onde as atividades humanas est\u00e3o sujeitas a normas e restri\u00e7\u00f5es espec\u00edficas com o prop\u00f3sito de minimizar os impactos negativos sobre as unidades de conserva\u00e7\u00e3o.<br \/>\nNo parecer encaminhado antes do julgamento de ontem, o MPF apontou que, apesar da autoriza\u00e7\u00e3o do Poder Executivo para regulamentar a mat\u00e9ria, devem ser observados os princ\u00edpios e normas constitucionais aplic\u00e1veis. Argumentou que inexiste certeza quanto \u00e0 aus\u00eancia de riscos ao meio ambiente decorrentes do plantio e cultivo de organismos geneticamente modificados, sendo imprescind\u00edvel estudo pr\u00e9vio de impacto ambiental, conforme previsto no art. 225 da <a href=\"http:\/\/www.planalto.gov.br\/ccivil_03\/constituicao\/constituicao.htm\">Constitui\u00e7\u00e3o Federal<\/a>, sobretudo em \u00e1reas pr\u00f3ximas a unidades de conserva\u00e7\u00e3o. Assim, a determina\u00e7\u00e3o dos limites previstos no decreto, sem observ\u00e2ncia da zona de amortecimento e do plano de manejo de cada \u00e1rea, viola o dever do poder p\u00fablico de prote\u00e7\u00e3o da fauna e da flora.<br \/>\nUni\u00e3o, ICMBio e Farsul ainda questionaram o fato de uma legisla\u00e7\u00e3o estadual regulamentar unidade de conserva\u00e7\u00e3o federal. O MPF apontou que, quando h\u00e1 conflito, deve ser aplicada a norma que oferece maior prote\u00e7\u00e3o ao meio ambiente, por precau\u00e7\u00e3o e preven\u00e7\u00e3o.<br \/>\nA restri\u00e7\u00e3o de dez quil\u00f4metros para plantio e cultivo vale at\u00e9 que seja definida a zona de amortecimento e seja aprovado ou alterado o plano de manejo de cada unidade federal de conserva\u00e7\u00e3o situada no RS. O objetivo \u00e9 estabelecer as condi\u00e7\u00f5es em que poder\u00e3o ser introduzidos ou cultivados organismos geneticamente modificados.<\/p>\n","protected":false},"excerpt":{"rendered":"<p>A 4\u00aa Turma do Tribunal Regional Federal da 4\u00aa Regi\u00e3o (TRF4) negou, por unanimidade, as apela\u00e7\u00f5es da Uni\u00e3o, do Instituto Chico Mendes (ICMBio) e da Federa\u00e7\u00e3o de Agricultura do Estado do Rio Grande do Sul (Farsul) contra senten\u00e7a que julgou procedente a\u00e7\u00e3o popular ajuizada em 2007. A decis\u00e3o judicial, que atendeu pedido do Minist\u00e9rio P\u00fablico [&hellip;]<\/p>\n","protected":false},"author":4,"featured_media":0,"comment_status":"open","ping_status":"closed","sticky":false,"template":"","format":"standard","meta":{"_jetpack_newsletter_access":"","_jetpack_dont_email_post_to_subs":false,"_jetpack_newsletter_tier_id":0,"_jetpack_memberships_contains_paywalled_content":false,"_jetpack_feature_clip_id":0,"_jetpack_memberships_contains_paid_content":false,"footnotes":"","jetpack_post_was_ever_published":false},"categories":[2022],"tags":[],"class_list":["post-50462","post","type-post","status-publish","format-standard","hentry","category-notas"],"aioseo_notices":[],"aioseo_head":"\n\t\t<!-- All in One SEO 5.0.1.1 - aioseo.com -->\n\t<meta name=\"robots\" content=\"max-image-preview:large\" \/>\n\t<meta name=\"author\" content=\"da Reda\u00e7\u00e3o\"\/>\n\t<link rel=\"canonical\" href=\"https:\/\/www.jornalja.com.br\/arquivo\/justica-mantem-restricao-de-cultivo-de-transgenicos-no-entorno-de-unidades-de-conservacao-do-rs\/\" \/>\n\t<meta name=\"generator\" content=\"All in One SEO (AIOSEO) 5.0.1.1\" \/>\n\t\t<meta property=\"og:locale\" content=\"pt_BR\" \/>\n\t\t<meta property=\"og:site_name\" content=\"Arquivo | Jornal J\u00c1 | Porto Alegre\" \/>\n\t\t<meta property=\"og:type\" content=\"article\" \/>\n\t\t<meta property=\"og:title\" content=\"Justi\u00e7a mant\u00e9m restri\u00e7\u00e3o de cultivo de transg\u00eanicos no entorno de unidades de conserva\u00e7\u00e3o do RS | Arquivo\" \/>\n\t\t<meta property=\"og:url\" content=\"https:\/\/www.jornalja.com.br\/arquivo\/justica-mantem-restricao-de-cultivo-de-transgenicos-no-entorno-de-unidades-de-conservacao-do-rs\/\" \/>\n\t\t<meta property=\"og:image\" content=\"https:\/\/www.jornalja.com.br\/economics\/wp-content\/uploads\/sites\/11\/2026\/08\/ja-folhaderosto-facebook.jpg\" \/>\n\t\t<meta property=\"og:image:secure_url\" content=\"https:\/\/www.jornalja.com.br\/economics\/wp-content\/uploads\/sites\/11\/2026\/08\/ja-folhaderosto-facebook.jpg\" \/>\n\t\t<meta property=\"article:published_time\" content=\"2017-06-22T23:48:43+00:00\" \/>\n\t\t<meta property=\"article:modified_time\" content=\"2017-06-22T23:48:43+00:00\" \/>\n\t\t<meta name=\"twitter:card\" content=\"summary\" \/>\n\t\t<meta name=\"twitter:title\" content=\"Justi\u00e7a mant\u00e9m restri\u00e7\u00e3o de cultivo de transg\u00eanicos no entorno de unidades de conserva\u00e7\u00e3o do RS | Arquivo\" \/>\n\t\t<meta name=\"twitter:image\" content=\"https:\/\/www.jornalja.com.br\/economics\/wp-content\/uploads\/sites\/11\/2026\/08\/ja-folhaderosto-facebook.jpg\" \/>\n\t\t<script type=\"application\/ld+json\" class=\"aioseo-schema\">\n\t\t\t{\"@context\":\"https:\\\/\\\/schema.org\",\"@graph\":[{\"@type\":\"BlogPosting\",\"@id\":\"https:\\\/\\\/www.jornalja.com.br\\\/arquivo\\\/justica-mantem-restricao-de-cultivo-de-transgenicos-no-entorno-de-unidades-de-conservacao-do-rs\\\/#blogposting\",\"name\":\"Justi\\u00e7a mant\\u00e9m restri\\u00e7\\u00e3o de cultivo de transg\\u00eanicos no entorno de unidades de conserva\\u00e7\\u00e3o do RS | Arquivo\",\"headline\":\"Justi\\u00e7a mant\\u00e9m restri\\u00e7\\u00e3o de cultivo de transg\\u00eanicos no entorno de unidades de conserva\\u00e7\\u00e3o do RS\",\"author\":{\"@id\":\"https:\\\/\\\/www.jornalja.com.br\\\/arquivo\\\/author\\\/daredacao\\\/#author\"},\"publisher\":{\"@id\":\"https:\\\/\\\/www.jornalja.com.br\\\/arquivo\\\/#organization\"},\"image\":{\"@type\":\"ImageObject\",\"url\":\"https:\\\/\\\/www.jornalja.com.br\\\/wp-content\\\/uploads\\\/cards\\\/JAslogan.png\",\"@id\":\"https:\\\/\\\/www.jornalja.com.br\\\/arquivo\\\/#articleImage\"},\"datePublished\":\"2017-06-22T20:48:43-03:00\",\"dateModified\":\"2017-06-22T20:48:43-03:00\",\"inLanguage\":\"pt-BR\",\"mainEntityOfPage\":{\"@id\":\"https:\\\/\\\/www.jornalja.com.br\\\/arquivo\\\/justica-mantem-restricao-de-cultivo-de-transgenicos-no-entorno-de-unidades-de-conservacao-do-rs\\\/#webpage\"},\"isPartOf\":{\"@id\":\"https:\\\/\\\/www.jornalja.com.br\\\/arquivo\\\/justica-mantem-restricao-de-cultivo-de-transgenicos-no-entorno-de-unidades-de-conservacao-do-rs\\\/#webpage\"},\"articleSection\":\"NOTAS\"},{\"@type\":\"BreadcrumbList\",\"@id\":\"https:\\\/\\\/www.jornalja.com.br\\\/arquivo\\\/justica-mantem-restricao-de-cultivo-de-transgenicos-no-entorno-de-unidades-de-conservacao-do-rs\\\/#breadcrumblist\",\"itemListElement\":[{\"@type\":\"ListItem\",\"@id\":\"https:\\\/\\\/www.jornalja.com.br\\\/arquivo#listItem\",\"position\":1,\"name\":\"Home\",\"item\":\"https:\\\/\\\/www.jornalja.com.br\\\/arquivo\",\"nextItem\":{\"@type\":\"ListItem\",\"@id\":\"https:\\\/\\\/www.jornalja.com.br\\\/arquivo\\\/category\\\/notas\\\/#listItem\",\"name\":\"NOTAS\"}},{\"@type\":\"ListItem\",\"@id\":\"https:\\\/\\\/www.jornalja.com.br\\\/arquivo\\\/category\\\/notas\\\/#listItem\",\"position\":2,\"name\":\"NOTAS\",\"item\":\"https:\\\/\\\/www.jornalja.com.br\\\/arquivo\\\/category\\\/notas\\\/\",\"nextItem\":{\"@type\":\"ListItem\",\"@id\":\"https:\\\/\\\/www.jornalja.com.br\\\/arquivo\\\/justica-mantem-restricao-de-cultivo-de-transgenicos-no-entorno-de-unidades-de-conservacao-do-rs\\\/#listItem\",\"name\":\"Justi\\u00e7a mant\\u00e9m restri\\u00e7\\u00e3o de cultivo de transg\\u00eanicos no entorno de unidades de conserva\\u00e7\\u00e3o do RS\"},\"previousItem\":{\"@type\":\"ListItem\",\"@id\":\"https:\\\/\\\/www.jornalja.com.br\\\/arquivo#listItem\",\"name\":\"Home\"}},{\"@type\":\"ListItem\",\"@id\":\"https:\\\/\\\/www.jornalja.com.br\\\/arquivo\\\/justica-mantem-restricao-de-cultivo-de-transgenicos-no-entorno-de-unidades-de-conservacao-do-rs\\\/#listItem\",\"position\":3,\"name\":\"Justi\\u00e7a mant\\u00e9m restri\\u00e7\\u00e3o de cultivo de transg\\u00eanicos no entorno de unidades de conserva\\u00e7\\u00e3o do RS\",\"previousItem\":{\"@type\":\"ListItem\",\"@id\":\"https:\\\/\\\/www.jornalja.com.br\\\/arquivo\\\/category\\\/notas\\\/#listItem\",\"name\":\"NOTAS\"}}]},{\"@type\":\"Organization\",\"@id\":\"https:\\\/\\\/www.jornalja.com.br\\\/arquivo\\\/#organization\",\"name\":\"Jornal J\\u00c1\",\"description\":\"Jornal J\\u00c1 | Porto Alegre\",\"url\":\"https:\\\/\\\/www.jornalja.com.br\\\/arquivo\\\/\",\"telephone\":\"+555133307272\",\"logo\":{\"@type\":\"ImageObject\",\"url\":\"https:\\\/\\\/www.jornalja.com.br\\\/wp-content\\\/uploads\\\/cards\\\/JAslogan.png\",\"@id\":\"https:\\\/\\\/www.jornalja.com.br\\\/arquivo\\\/justica-mantem-restricao-de-cultivo-de-transgenicos-no-entorno-de-unidades-de-conservacao-do-rs\\\/#organizationLogo\"},\"image\":{\"@id\":\"https:\\\/\\\/www.jornalja.com.br\\\/arquivo\\\/justica-mantem-restricao-de-cultivo-de-transgenicos-no-entorno-de-unidades-de-conservacao-do-rs\\\/#organizationLogo\"}},{\"@type\":\"Person\",\"@id\":\"https:\\\/\\\/www.jornalja.com.br\\\/arquivo\\\/author\\\/daredacao\\\/#author\",\"url\":\"https:\\\/\\\/www.jornalja.com.br\\\/arquivo\\\/author\\\/daredacao\\\/\",\"name\":\"da Reda\\u00e7\\u00e3o\",\"image\":{\"@type\":\"ImageObject\",\"@id\":\"https:\\\/\\\/www.jornalja.com.br\\\/arquivo\\\/justica-mantem-restricao-de-cultivo-de-transgenicos-no-entorno-de-unidades-de-conservacao-do-rs\\\/#authorImage\",\"url\":\"https:\\\/\\\/secure.gravatar.com\\\/avatar\\\/469fd857d6605ad19919d27ed29d35a968a25f6e8fd9318356bbb7f57aae9c65?s=96&d=mm&r=g\",\"width\":96,\"height\":96,\"caption\":\"da Reda\\u00e7\\u00e3o\"}},{\"@type\":\"WebPage\",\"@id\":\"https:\\\/\\\/www.jornalja.com.br\\\/arquivo\\\/justica-mantem-restricao-de-cultivo-de-transgenicos-no-entorno-de-unidades-de-conservacao-do-rs\\\/#webpage\",\"url\":\"https:\\\/\\\/www.jornalja.com.br\\\/arquivo\\\/justica-mantem-restricao-de-cultivo-de-transgenicos-no-entorno-de-unidades-de-conservacao-do-rs\\\/\",\"name\":\"Justi\\u00e7a mant\\u00e9m restri\\u00e7\\u00e3o de cultivo de transg\\u00eanicos no entorno de unidades de conserva\\u00e7\\u00e3o do RS | Arquivo\",\"inLanguage\":\"pt-BR\",\"isPartOf\":{\"@id\":\"https:\\\/\\\/www.jornalja.com.br\\\/arquivo\\\/#website\"},\"breadcrumb\":{\"@id\":\"https:\\\/\\\/www.jornalja.com.br\\\/arquivo\\\/justica-mantem-restricao-de-cultivo-de-transgenicos-no-entorno-de-unidades-de-conservacao-do-rs\\\/#breadcrumblist\"},\"author\":{\"@id\":\"https:\\\/\\\/www.jornalja.com.br\\\/arquivo\\\/author\\\/daredacao\\\/#author\"},\"creator\":{\"@id\":\"https:\\\/\\\/www.jornalja.com.br\\\/arquivo\\\/author\\\/daredacao\\\/#author\"},\"datePublished\":\"2017-06-22T20:48:43-03:00\",\"dateModified\":\"2017-06-22T20:48:43-03:00\"},{\"@type\":\"WebSite\",\"@id\":\"https:\\\/\\\/www.jornalja.com.br\\\/arquivo\\\/#website\",\"url\":\"https:\\\/\\\/www.jornalja.com.br\\\/arquivo\\\/\",\"name\":\"Arquivo\",\"description\":\"Jornal J\\u00c1 | Porto Alegre\",\"inLanguage\":\"pt-BR\",\"publisher\":{\"@id\":\"https:\\\/\\\/www.jornalja.com.br\\\/arquivo\\\/#organization\"}}]}\n\t\t<\/script>\n\t\t<!-- All in One SEO -->\n\n","aioseo_head_json":{"title":"Justi\u00e7a mant\u00e9m restri\u00e7\u00e3o de cultivo de transg\u00eanicos no entorno de unidades de conserva\u00e7\u00e3o do RS | Arquivo","description":"","canonical_url":"https:\/\/www.jornalja.com.br\/arquivo\/justica-mantem-restricao-de-cultivo-de-transgenicos-no-entorno-de-unidades-de-conservacao-do-rs\/","robots":"max-image-preview:large","keywords":"","webmasterTools":{"miscellaneous":""},"schema":{"@context":"https:\/\/schema.org","@graph":[{"@type":"BlogPosting","@id":"https:\/\/www.jornalja.com.br\/arquivo\/justica-mantem-restricao-de-cultivo-de-transgenicos-no-entorno-de-unidades-de-conservacao-do-rs\/#blogposting","name":"Justi\u00e7a mant\u00e9m restri\u00e7\u00e3o de cultivo de transg\u00eanicos no entorno de unidades de conserva\u00e7\u00e3o do RS | Arquivo","headline":"Justi\u00e7a mant\u00e9m restri\u00e7\u00e3o de cultivo de transg\u00eanicos no entorno de unidades de conserva\u00e7\u00e3o do RS","author":{"@id":"https:\/\/www.jornalja.com.br\/arquivo\/author\/daredacao\/#author"},"publisher":{"@id":"https:\/\/www.jornalja.com.br\/arquivo\/#organization"},"image":{"@type":"ImageObject","url":"https:\/\/www.jornalja.com.br\/wp-content\/uploads\/cards\/JAslogan.png","@id":"https:\/\/www.jornalja.com.br\/arquivo\/#articleImage"},"datePublished":"2017-06-22T20:48:43-03:00","dateModified":"2017-06-22T20:48:43-03:00","inLanguage":"pt-BR","mainEntityOfPage":{"@id":"https:\/\/www.jornalja.com.br\/arquivo\/justica-mantem-restricao-de-cultivo-de-transgenicos-no-entorno-de-unidades-de-conservacao-do-rs\/#webpage"},"isPartOf":{"@id":"https:\/\/www.jornalja.com.br\/arquivo\/justica-mantem-restricao-de-cultivo-de-transgenicos-no-entorno-de-unidades-de-conservacao-do-rs\/#webpage"},"articleSection":"NOTAS"},{"@type":"BreadcrumbList","@id":"https:\/\/www.jornalja.com.br\/arquivo\/justica-mantem-restricao-de-cultivo-de-transgenicos-no-entorno-de-unidades-de-conservacao-do-rs\/#breadcrumblist","itemListElement":[{"@type":"ListItem","@id":"https:\/\/www.jornalja.com.br\/arquivo#listItem","position":1,"name":"Home","item":"https:\/\/www.jornalja.com.br\/arquivo","nextItem":{"@type":"ListItem","@id":"https:\/\/www.jornalja.com.br\/arquivo\/category\/notas\/#listItem","name":"NOTAS"}},{"@type":"ListItem","@id":"https:\/\/www.jornalja.com.br\/arquivo\/category\/notas\/#listItem","position":2,"name":"NOTAS","item":"https:\/\/www.jornalja.com.br\/arquivo\/category\/notas\/","nextItem":{"@type":"ListItem","@id":"https:\/\/www.jornalja.com.br\/arquivo\/justica-mantem-restricao-de-cultivo-de-transgenicos-no-entorno-de-unidades-de-conservacao-do-rs\/#listItem","name":"Justi\u00e7a mant\u00e9m restri\u00e7\u00e3o de cultivo de transg\u00eanicos no entorno de unidades de conserva\u00e7\u00e3o do RS"},"previousItem":{"@type":"ListItem","@id":"https:\/\/www.jornalja.com.br\/arquivo#listItem","name":"Home"}},{"@type":"ListItem","@id":"https:\/\/www.jornalja.com.br\/arquivo\/justica-mantem-restricao-de-cultivo-de-transgenicos-no-entorno-de-unidades-de-conservacao-do-rs\/#listItem","position":3,"name":"Justi\u00e7a mant\u00e9m restri\u00e7\u00e3o de cultivo de transg\u00eanicos no entorno de unidades de conserva\u00e7\u00e3o do RS","previousItem":{"@type":"ListItem","@id":"https:\/\/www.jornalja.com.br\/arquivo\/category\/notas\/#listItem","name":"NOTAS"}}]},{"@type":"Organization","@id":"https:\/\/www.jornalja.com.br\/arquivo\/#organization","name":"Jornal J\u00c1","description":"Jornal J\u00c1 | Porto Alegre","url":"https:\/\/www.jornalja.com.br\/arquivo\/","telephone":"+555133307272","logo":{"@type":"ImageObject","url":"https:\/\/www.jornalja.com.br\/wp-content\/uploads\/cards\/JAslogan.png","@id":"https:\/\/www.jornalja.com.br\/arquivo\/justica-mantem-restricao-de-cultivo-de-transgenicos-no-entorno-de-unidades-de-conservacao-do-rs\/#organizationLogo"},"image":{"@id":"https:\/\/www.jornalja.com.br\/arquivo\/justica-mantem-restricao-de-cultivo-de-transgenicos-no-entorno-de-unidades-de-conservacao-do-rs\/#organizationLogo"}},{"@type":"Person","@id":"https:\/\/www.jornalja.com.br\/arquivo\/author\/daredacao\/#author","url":"https:\/\/www.jornalja.com.br\/arquivo\/author\/daredacao\/","name":"da Reda\u00e7\u00e3o","image":{"@type":"ImageObject","@id":"https:\/\/www.jornalja.com.br\/arquivo\/justica-mantem-restricao-de-cultivo-de-transgenicos-no-entorno-de-unidades-de-conservacao-do-rs\/#authorImage","url":"https:\/\/secure.gravatar.com\/avatar\/469fd857d6605ad19919d27ed29d35a968a25f6e8fd9318356bbb7f57aae9c65?s=96&d=mm&r=g","width":96,"height":96,"caption":"da Reda\u00e7\u00e3o"}},{"@type":"WebPage","@id":"https:\/\/www.jornalja.com.br\/arquivo\/justica-mantem-restricao-de-cultivo-de-transgenicos-no-entorno-de-unidades-de-conservacao-do-rs\/#webpage","url":"https:\/\/www.jornalja.com.br\/arquivo\/justica-mantem-restricao-de-cultivo-de-transgenicos-no-entorno-de-unidades-de-conservacao-do-rs\/","name":"Justi\u00e7a mant\u00e9m restri\u00e7\u00e3o de cultivo de transg\u00eanicos no entorno de unidades de conserva\u00e7\u00e3o do RS | Arquivo","inLanguage":"pt-BR","isPartOf":{"@id":"https:\/\/www.jornalja.com.br\/arquivo\/#website"},"breadcrumb":{"@id":"https:\/\/www.jornalja.com.br\/arquivo\/justica-mantem-restricao-de-cultivo-de-transgenicos-no-entorno-de-unidades-de-conservacao-do-rs\/#breadcrumblist"},"author":{"@id":"https:\/\/www.jornalja.com.br\/arquivo\/author\/daredacao\/#author"},"creator":{"@id":"https:\/\/www.jornalja.com.br\/arquivo\/author\/daredacao\/#author"},"datePublished":"2017-06-22T20:48:43-03:00","dateModified":"2017-06-22T20:48:43-03:00"},{"@type":"WebSite","@id":"https:\/\/www.jornalja.com.br\/arquivo\/#website","url":"https:\/\/www.jornalja.com.br\/arquivo\/","name":"Arquivo","description":"Jornal J\u00c1 | Porto Alegre","inLanguage":"pt-BR","publisher":{"@id":"https:\/\/www.jornalja.com.br\/arquivo\/#organization"}}]},"og:locale":"pt_BR","og:site_name":"Arquivo | Jornal J\u00c1 | Porto Alegre","og:type":"article","og:title":"Justi\u00e7a mant\u00e9m restri\u00e7\u00e3o de cultivo de transg\u00eanicos no entorno de unidades de conserva\u00e7\u00e3o do RS | Arquivo","og:url":"https:\/\/www.jornalja.com.br\/arquivo\/justica-mantem-restricao-de-cultivo-de-transgenicos-no-entorno-de-unidades-de-conservacao-do-rs\/","og:image":"https:\/\/www.jornalja.com.br\/economics\/wp-content\/uploads\/sites\/11\/2026\/08\/ja-folhaderosto-facebook.jpg","og:image:secure_url":"https:\/\/www.jornalja.com.br\/economics\/wp-content\/uploads\/sites\/11\/2026\/08\/ja-folhaderosto-facebook.jpg","article:published_time":"2017-06-22T23:48:43+00:00","article:modified_time":"2017-06-22T23:48:43+00:00","twitter:card":"summary","twitter:title":"Justi\u00e7a mant\u00e9m restri\u00e7\u00e3o de cultivo de transg\u00eanicos no entorno de unidades de conserva\u00e7\u00e3o do RS | Arquivo","twitter:image":"https:\/\/www.jornalja.com.br\/economics\/wp-content\/uploads\/sites\/11\/2026\/08\/ja-folhaderosto-facebook.jpg"},"aioseo_meta_data":{"post_id":"50462","title":null,"description":null,"keywords":null,"keyphrases":null,"primary_term":null,"canonical_url":null,"og_title":null,"og_description":null,"og_object_type":"default","og_image_type":"default","og_image_url":null,"og_image_width":null,"og_image_height":null,"og_image_custom_url":null,"og_image_custom_fields":null,"og_video":null,"og_custom_url":null,"og_article_section":null,"og_article_tags":null,"twitter_use_og":false,"twitter_card":"default","twitter_image_type":"default","twitter_image_url":null,"twitter_image_custom_url":null,"twitter_image_custom_fields":null,"twitter_title":null,"twitter_description":null,"schema":{"blockGraphs":[],"customGraphs":[],"default":{"data":{"Article":[],"Course":[],"Dataset":[],"FAQPage":[],"Movie":[],"Person":[],"Product":[],"ProductReview":[],"Car":[],"Recipe":[],"Service":[],"SoftwareApplication":[],"WebPage":[]},"graphName":"","isEnabled":true},"graphs":[]},"schema_type":null,"schema_type_options":null,"pillar_content":false,"robots_default":true,"robots_noindex":false,"robots_noarchive":false,"robots_nosnippet":false,"robots_nofollow":false,"robots_noimageindex":false,"robots_noodp":false,"robots_notranslate":false,"robots_max_snippet":null,"robots_max_videopreview":null,"robots_max_imagepreview":"large","priority":null,"frequency":null,"location":null,"local_seo":null,"breadcrumb_settings":null,"limit_modified_date":false,"ai":null,"created":"2020-12-20 20:30:49","updated":"2025-07-19 22:25:19","seo_analyzer_scan_date":null,"focus_keyword":null,"additional_keywords":null,"truseo_locale":null},"jetpack_sharing_enabled":true,"jetpack-related-posts":[{"id":13128,"url":"https:\/\/www.jornalja.com.br\/arquivo\/maconha-terra-diz-que-uso-medicinal-e-desculpa\/","url_meta":{"origin":50462,"position":0},"title":"Maconha: Terra diz que uso medicinal \u00e9 desculpa","author":"Patr\u00edcia Marini","date":"4 de junho de 2014","format":false,"excerpt":"A condi\u00e7\u00e3o de pol\u00edtico, em \u00e9poca de campanha de campanha eleitoral, tira for\u00e7a do discurso do m\u00e9dico Osmar Terra contra a legaliza\u00e7\u00e3o da maconha. A tese dele de que a libera\u00e7\u00e3o vai ampliar exponencialmente o consumo \u00e9 discutivel, o consumo \u00e9 corrente. Mas seus alertas quanto aos riscos tem que\u2026","rel":"","context":"Em &quot;X.Categorias velhas&quot;","block_context":{"text":"X.Categorias velhas","link":"https:\/\/www.jornalja.com.br\/arquivo\/category\/x-categorias-velhas\/"},"img":{"alt_text":"","src":"","width":0,"height":0},"classes":[]},{"id":13109,"url":"https:\/\/www.jornalja.com.br\/arquivo\/judiciario-reconhece-poluicao-eletromagnetica\/","url_meta":{"origin":50462,"position":1},"title":"Judici\u00e1rio reconhece polui\u00e7\u00e3o eletromagn\u00e9tica","author":"Patr\u00edcia Marini","date":"16 de maio de 2014","format":false,"excerpt":"A\u00e7\u00e3o de duas associa\u00e7\u00f5es de moradores foi acolhida pelo Tribunal de Justi\u00e7a de S\u00e3o Paulo que. em decis\u00e3o in\u00e9dita, determinou a redu\u00e7\u00e3o do campo eletromagn\u00e9tico gerado pelas linhas de transmiss\u00e3o de energia que cortam os bairros City Boa\u00e7ava e Alto de Pinheiros. \u00c9 a primeira vez que um tribunal do\u2026","rel":"","context":"Em &quot;X.Categorias velhas&quot;","block_context":{"text":"X.Categorias velhas","link":"https:\/\/www.jornalja.com.br\/arquivo\/category\/x-categorias-velhas\/"},"img":{"alt_text":"","src":"","width":0,"height":0},"classes":[]},{"id":13124,"url":"https:\/\/www.jornalja.com.br\/arquivo\/sangue-latino-no-iecine\/","url_meta":{"origin":50462,"position":2},"title":"Sangue latino no IECINE","author":"da Reda\u00e7\u00e3o","date":"18 de maio de 2014","format":false,"excerpt":"Francisco Ribeiro O Instituto Estadual de Cinema (IECINE) tem a frente, desde abril \u00faltimo, um novo diretor, o cineasta colombiano Juan Zapata, 36, que substitui Luiz Alberto Cassol. Radicado h\u00e1 dez anos em Porto Alegre, Zapata tem diante de si o desafio de conduzir at\u00e9 o final do ano um\u2026","rel":"","context":"Em &quot;Cultura-Geral&quot;","block_context":{"text":"Cultura-Geral","link":"https:\/\/www.jornalja.com.br\/arquivo\/category\/materiasecundaria\/"},"img":{"alt_text":"","src":"","width":0,"height":0},"classes":[]},{"id":14241,"url":"https:\/\/www.jornalja.com.br\/arquivo\/o-guaiba-nas-imagens-poeticas-de-achutti\/","url_meta":{"origin":50462,"position":3},"title":"O Gua\u00edba nas imagens po\u00e9ticas de Achutti","author":"da Reda\u00e7\u00e3o","date":"18 de junho de 2014","format":false,"excerpt":"Em \u201cO Gua\u00edba por Achutti\u201d \u2013 obra financiada via Minist\u00e9rio da Cultura, produ\u00e7\u00e3o executiva de Pedro Longhi, e Fl\u00e1vio Wild como designer \u2013, o fot\u00f3grafo revela a beleza e as mazelas de um espa\u00e7o aqu\u00e1tico de \u00e1guas sempre renovadas, cheio de hist\u00f3rias e lendas como as das cidades que foram\u2026","rel":"","context":"Em &quot;Cultura-Geral&quot;","block_context":{"text":"Cultura-Geral","link":"https:\/\/www.jornalja.com.br\/arquivo\/category\/materiasecundaria\/"},"img":{"alt_text":"","src":"","width":0,"height":0},"classes":[]},{"id":5440,"url":"https:\/\/www.jornalja.com.br\/arquivo\/casarao-da-venancio-destino-permanece-incerto\/","url_meta":{"origin":50462,"position":4},"title":"Estado ainda n\u00e3o sabe o que fazer com casar\u00e3o abandonado h\u00e1 20 anos","author":"Elmar Bones","date":"6 de julho de 2009","format":false,"excerpt":"O casar\u00e3o amarelo, numa esquina nobre de Porto Alegre (Ven\u00e2ncio Aires com Jo\u00e3o Pessoa), j\u00e1 abrigou uma escola. H\u00e1 duas d\u00e9cadas, pelo menos, est\u00e1 abandonado, porque seu propriet\u00e1rio, o governo do Estado do Rio Grande do Sul, n\u00e3o consegue achar um destino para ele. Planos n\u00e3o faltaram. O governador Ol\u00edvio\u2026","rel":"","context":"Em &quot;X.Categorias velhas&quot;","block_context":{"text":"X.Categorias velhas","link":"https:\/\/www.jornalja.com.br\/arquivo\/category\/x-categorias-velhas\/"},"img":{"alt_text":"geraldo1","src":"https:\/\/i0.wp.com\/www.jornalja.com.br\/wp-content\/uploads\/2009\/07\/geraldo1.jpg?resize=350%2C200&ssl=1","width":350,"height":200},"classes":[]},{"id":13101,"url":"https:\/\/www.jornalja.com.br\/arquivo\/morre-um-guerreiro-do-texto\/","url_meta":{"origin":50462,"position":5},"title":"Morre um guerreiro do texto","author":"Patr\u00edcia Marini","date":"14 de maio de 2014","format":false,"excerpt":"Por Ricardo Kotscho Reproduzido do blog do autor, 11\/5\/2014; t\u00edtulo original \u201cE l\u00e1 se foi o nosso Myltainho, guerreiro do texto\u201d. Mi\u00fado e franzino, meu amigo Myltainho era um valente e inconformado guerreiro na luta contra as injusti\u00e7as sociais, a hipocrisia, as maracutaias, o autoritarismo, a intoler\u00e2ncia, a viol\u00eancia, o\u2026","rel":"","context":"Em &quot;Geral&quot;","block_context":{"text":"Geral","link":"https:\/\/www.jornalja.com.br\/arquivo\/category\/geral\/"},"img":{"alt_text":"","src":"","width":0,"height":0},"classes":[]}],"jetpack_shortlink":"https:\/\/wp.me\/pbQjBd-d7U","jetpack_featured_media_url":"","_links":{"self":[{"href":"https:\/\/www.jornalja.com.br\/arquivo\/wp-json\/wp\/v2\/posts\/50462","targetHints":{"allow":["GET"]}}],"collection":[{"href":"https:\/\/www.jornalja.com.br\/arquivo\/wp-json\/wp\/v2\/posts"}],"about":[{"href":"https:\/\/www.jornalja.com.br\/arquivo\/wp-json\/wp\/v2\/types\/post"}],"author":[{"embeddable":true,"href":"https:\/\/www.jornalja.com.br\/arquivo\/wp-json\/wp\/v2\/users\/4"}],"replies":[{"embeddable":true,"href":"https:\/\/www.jornalja.com.br\/arquivo\/wp-json\/wp\/v2\/comments?post=50462"}],"version-history":[{"count":0,"href":"https:\/\/www.jornalja.com.br\/arquivo\/wp-json\/wp\/v2\/posts\/50462\/revisions"}],"wp:attachment":[{"href":"https:\/\/www.jornalja.com.br\/arquivo\/wp-json\/wp\/v2\/media?parent=50462"}],"wp:term":[{"taxonomy":"category","embeddable":true,"href":"https:\/\/www.jornalja.com.br\/arquivo\/wp-json\/wp\/v2\/categories?post=50462"},{"taxonomy":"post_tag","embeddable":true,"href":"https:\/\/www.jornalja.com.br\/arquivo\/wp-json\/wp\/v2\/tags?post=50462"}],"curies":[{"name":"wp","href":"https:\/\/api.w.org\/{rel}","templated":true}]}}