{"id":50465,"date":"2017-06-23T11:09:08","date_gmt":"2017-06-23T14:09:08","guid":{"rendered":"https:\/\/www.jornalja.com.br\/?p=50465"},"modified":"2017-06-23T11:09:08","modified_gmt":"2017-06-23T14:09:08","slug":"camara-aumenta-salario-dos-funcionarios-e-vereadores-passam-a-receber-r-135-mil","status":"publish","type":"post","link":"https:\/\/www.jornalja.com.br\/arquivo\/camara-aumenta-salario-dos-funcionarios-e-vereadores-passam-a-receber-r-135-mil\/","title":{"rendered":"C\u00e2mara aumenta sal\u00e1rio dos funcion\u00e1rios e vereadores passam a receber R$ 13,5 mil"},"content":{"rendered":"<p>A C\u00e2mara Municipal de Porto Alegre autorizou ontem aumento nos sal\u00e1rios dos funcion\u00e1rios da\u00a0Casa. Os vereadores passam a receber\u00a0R$ 13.513,oo, aumento de R$ 529,oo corresponde \u00e0 reposi\u00e7\u00e3o inflacion\u00e1ria de 4,08%.<br \/>\nForam tr\u00eas reajustes publicados no Di\u00e1rio Oficial: dos vereadores, dos servidores e do vale-alimenta\u00e7\u00e3o.<br \/>\nConforme o presidente, vereador Cassio Trogildo (PTB), a crise financeira impediu que a C\u00e2mara atendesse \u00e0 pauta de reivindica\u00e7\u00f5es do Sindic\u00e2mara, que pedia um reajuste de 7% nos sal\u00e1rios e de 25% no vale-alimenta\u00e7\u00e3o.<br \/>\nQuatro lideran\u00e7as n\u00e3o concordaram com a delibera\u00e7\u00e3o da mesa para o aumento salarial dos vereadores: Mois\u00e9s Barbosa (Maluco do Bem\/PSDB), Felipe Camozzato (NOVO), Rodrigo Maroni (PR)\u00a0e Alex Fraga (PSol). Quanto ao reajuste dos servidores, apenas os vereadores\u00a0Mois\u00e9s Barbosa e\u00a0Felipe Camozzato foram contra.<br \/>\nEm 2016, ano que os vereadores decidiram o subs\u00eddio para os pr\u00f3ximos quatro anos, ficou acertado que n\u00e3o haveria aumento para os parlamentares at\u00e9 2020, ficando o mesmo vencimento, com reajuste referente apenas \u00e0 reposi\u00e7\u00e3o inflacion\u00e1ria anual. &#8220;Poder\u00edamos ter ampliado para R$ 18.900,00, que \u00e9 75% do que ganha um deputado estadual (R$ 25.300,00), mas decidimos aplicar somente a infla\u00e7\u00e3o, para manter o controle dos gastos&#8221;, destacou.<\/p>\n","protected":false},"excerpt":{"rendered":"<p>A C\u00e2mara Municipal de Porto Alegre autorizou ontem aumento nos sal\u00e1rios dos funcion\u00e1rios da\u00a0Casa. Os vereadores passam a receber\u00a0R$ 13.513,oo, aumento de R$ 529,oo corresponde \u00e0 reposi\u00e7\u00e3o inflacion\u00e1ria de 4,08%. Foram tr\u00eas reajustes publicados no Di\u00e1rio Oficial: dos vereadores, dos servidores e do vale-alimenta\u00e7\u00e3o. Conforme o presidente, vereador Cassio Trogildo (PTB), a crise financeira impediu [&hellip;]<\/p>\n","protected":false},"author":4,"featured_media":21678,"comment_status":"open","ping_status":"closed","sticky":false,"template":"","format":"standard","meta":{"_jetpack_newsletter_access":"","_jetpack_dont_email_post_to_subs":false,"_jetpack_newsletter_tier_id":0,"_jetpack_memberships_contains_paywalled_content":false,"_jetpack_feature_clip_id":0,"_jetpack_memberships_contains_paid_content":false,"footnotes":"","jetpack_post_was_ever_published":false},"categories":[26],"tags":[],"class_list":["post-50465","post","type-post","status-publish","format-standard","has-post-thumbnail","hentry","category-geral"],"aioseo_notices":[],"aioseo_head":"\n\t\t<!-- All in One SEO 5.0.1.1 - aioseo.com -->\n\t<meta name=\"robots\" content=\"max-image-preview:large\" \/>\n\t<meta name=\"author\" content=\"da Reda\u00e7\u00e3o\"\/>\n\t<link rel=\"canonical\" href=\"https:\/\/www.jornalja.com.br\/arquivo\/camara-aumenta-salario-dos-funcionarios-e-vereadores-passam-a-receber-r-135-mil\/\" \/>\n\t<meta name=\"generator\" content=\"All in One SEO (AIOSEO) 5.0.1.1\" \/>\n\t\t<meta property=\"og:locale\" content=\"pt_BR\" \/>\n\t\t<meta property=\"og:site_name\" content=\"Arquivo | Jornal J\u00c1 | Porto Alegre\" \/>\n\t\t<meta property=\"og:type\" content=\"article\" \/>\n\t\t<meta property=\"og:title\" content=\"C\u00e2mara aumenta sal\u00e1rio dos funcion\u00e1rios e vereadores passam a receber R$ 13,5 mil | Arquivo\" \/>\n\t\t<meta property=\"og:url\" content=\"https:\/\/www.jornalja.com.br\/arquivo\/camara-aumenta-salario-dos-funcionarios-e-vereadores-passam-a-receber-r-135-mil\/\" \/>\n\t\t<meta property=\"og:image\" content=\"https:\/\/www.jornalja.com.br\/economics\/wp-content\/uploads\/sites\/11\/2026\/08\/ja-folhaderosto-facebook.jpg\" \/>\n\t\t<meta property=\"og:image:secure_url\" content=\"https:\/\/www.jornalja.com.br\/economics\/wp-content\/uploads\/sites\/11\/2026\/08\/ja-folhaderosto-facebook.jpg\" \/>\n\t\t<meta property=\"article:published_time\" content=\"2017-06-23T14:09:08+00:00\" \/>\n\t\t<meta property=\"article:modified_time\" content=\"2017-06-23T14:09:08+00:00\" \/>\n\t\t<meta name=\"twitter:card\" content=\"summary\" \/>\n\t\t<meta name=\"twitter:title\" content=\"C\u00e2mara aumenta sal\u00e1rio dos funcion\u00e1rios e vereadores passam a receber R$ 13,5 mil | Arquivo\" \/>\n\t\t<meta name=\"twitter:image\" content=\"https:\/\/www.jornalja.com.br\/economics\/wp-content\/uploads\/sites\/11\/2026\/08\/ja-folhaderosto-facebook.jpg\" \/>\n\t\t<script type=\"application\/ld+json\" class=\"aioseo-schema\">\n\t\t\t{\"@context\":\"https:\\\/\\\/schema.org\",\"@graph\":[{\"@type\":\"BlogPosting\",\"@id\":\"https:\\\/\\\/www.jornalja.com.br\\\/arquivo\\\/camara-aumenta-salario-dos-funcionarios-e-vereadores-passam-a-receber-r-135-mil\\\/#blogposting\",\"name\":\"C\\u00e2mara aumenta sal\\u00e1rio dos funcion\\u00e1rios e vereadores passam a receber R$ 13,5 mil | Arquivo\",\"headline\":\"C\\u00e2mara aumenta sal\\u00e1rio dos funcion\\u00e1rios e vereadores passam a receber R$ 13,5 mil\",\"author\":{\"@id\":\"https:\\\/\\\/www.jornalja.com.br\\\/arquivo\\\/author\\\/daredacao\\\/#author\"},\"publisher\":{\"@id\":\"https:\\\/\\\/www.jornalja.com.br\\\/arquivo\\\/#organization\"},\"image\":{\"@type\":\"ImageObject\",\"url\":21678},\"datePublished\":\"2017-06-23T11:09:08-03:00\",\"dateModified\":\"2017-06-23T11:09:08-03:00\",\"inLanguage\":\"pt-BR\",\"mainEntityOfPage\":{\"@id\":\"https:\\\/\\\/www.jornalja.com.br\\\/arquivo\\\/camara-aumenta-salario-dos-funcionarios-e-vereadores-passam-a-receber-r-135-mil\\\/#webpage\"},\"isPartOf\":{\"@id\":\"https:\\\/\\\/www.jornalja.com.br\\\/arquivo\\\/camara-aumenta-salario-dos-funcionarios-e-vereadores-passam-a-receber-r-135-mil\\\/#webpage\"},\"articleSection\":\"Geral\"},{\"@type\":\"BreadcrumbList\",\"@id\":\"https:\\\/\\\/www.jornalja.com.br\\\/arquivo\\\/camara-aumenta-salario-dos-funcionarios-e-vereadores-passam-a-receber-r-135-mil\\\/#breadcrumblist\",\"itemListElement\":[{\"@type\":\"ListItem\",\"@id\":\"https:\\\/\\\/www.jornalja.com.br\\\/arquivo#listItem\",\"position\":1,\"name\":\"Home\",\"item\":\"https:\\\/\\\/www.jornalja.com.br\\\/arquivo\",\"nextItem\":{\"@type\":\"ListItem\",\"@id\":\"https:\\\/\\\/www.jornalja.com.br\\\/arquivo\\\/category\\\/geral\\\/#listItem\",\"name\":\"Geral\"}},{\"@type\":\"ListItem\",\"@id\":\"https:\\\/\\\/www.jornalja.com.br\\\/arquivo\\\/category\\\/geral\\\/#listItem\",\"position\":2,\"name\":\"Geral\",\"item\":\"https:\\\/\\\/www.jornalja.com.br\\\/arquivo\\\/category\\\/geral\\\/\",\"nextItem\":{\"@type\":\"ListItem\",\"@id\":\"https:\\\/\\\/www.jornalja.com.br\\\/arquivo\\\/camara-aumenta-salario-dos-funcionarios-e-vereadores-passam-a-receber-r-135-mil\\\/#listItem\",\"name\":\"C\\u00e2mara aumenta sal\\u00e1rio dos funcion\\u00e1rios e vereadores passam a receber R$ 13,5 mil\"},\"previousItem\":{\"@type\":\"ListItem\",\"@id\":\"https:\\\/\\\/www.jornalja.com.br\\\/arquivo#listItem\",\"name\":\"Home\"}},{\"@type\":\"ListItem\",\"@id\":\"https:\\\/\\\/www.jornalja.com.br\\\/arquivo\\\/camara-aumenta-salario-dos-funcionarios-e-vereadores-passam-a-receber-r-135-mil\\\/#listItem\",\"position\":3,\"name\":\"C\\u00e2mara aumenta sal\\u00e1rio dos funcion\\u00e1rios e vereadores passam a receber R$ 13,5 mil\",\"previousItem\":{\"@type\":\"ListItem\",\"@id\":\"https:\\\/\\\/www.jornalja.com.br\\\/arquivo\\\/category\\\/geral\\\/#listItem\",\"name\":\"Geral\"}}]},{\"@type\":\"Organization\",\"@id\":\"https:\\\/\\\/www.jornalja.com.br\\\/arquivo\\\/#organization\",\"name\":\"Jornal J\\u00c1\",\"description\":\"Jornal J\\u00c1 | Porto Alegre\",\"url\":\"https:\\\/\\\/www.jornalja.com.br\\\/arquivo\\\/\",\"telephone\":\"+555133307272\",\"logo\":{\"@type\":\"ImageObject\",\"url\":\"https:\\\/\\\/www.jornalja.com.br\\\/wp-content\\\/uploads\\\/cards\\\/JAslogan.png\",\"@id\":\"https:\\\/\\\/www.jornalja.com.br\\\/arquivo\\\/camara-aumenta-salario-dos-funcionarios-e-vereadores-passam-a-receber-r-135-mil\\\/#organizationLogo\"},\"image\":{\"@id\":\"https:\\\/\\\/www.jornalja.com.br\\\/arquivo\\\/camara-aumenta-salario-dos-funcionarios-e-vereadores-passam-a-receber-r-135-mil\\\/#organizationLogo\"}},{\"@type\":\"Person\",\"@id\":\"https:\\\/\\\/www.jornalja.com.br\\\/arquivo\\\/author\\\/daredacao\\\/#author\",\"url\":\"https:\\\/\\\/www.jornalja.com.br\\\/arquivo\\\/author\\\/daredacao\\\/\",\"name\":\"da Reda\\u00e7\\u00e3o\",\"image\":{\"@type\":\"ImageObject\",\"@id\":\"https:\\\/\\\/www.jornalja.com.br\\\/arquivo\\\/camara-aumenta-salario-dos-funcionarios-e-vereadores-passam-a-receber-r-135-mil\\\/#authorImage\",\"url\":\"https:\\\/\\\/secure.gravatar.com\\\/avatar\\\/469fd857d6605ad19919d27ed29d35a968a25f6e8fd9318356bbb7f57aae9c65?s=96&d=mm&r=g\",\"width\":96,\"height\":96,\"caption\":\"da Reda\\u00e7\\u00e3o\"}},{\"@type\":\"WebPage\",\"@id\":\"https:\\\/\\\/www.jornalja.com.br\\\/arquivo\\\/camara-aumenta-salario-dos-funcionarios-e-vereadores-passam-a-receber-r-135-mil\\\/#webpage\",\"url\":\"https:\\\/\\\/www.jornalja.com.br\\\/arquivo\\\/camara-aumenta-salario-dos-funcionarios-e-vereadores-passam-a-receber-r-135-mil\\\/\",\"name\":\"C\\u00e2mara aumenta sal\\u00e1rio dos funcion\\u00e1rios e vereadores passam a receber R$ 13,5 mil | Arquivo\",\"inLanguage\":\"pt-BR\",\"isPartOf\":{\"@id\":\"https:\\\/\\\/www.jornalja.com.br\\\/arquivo\\\/#website\"},\"breadcrumb\":{\"@id\":\"https:\\\/\\\/www.jornalja.com.br\\\/arquivo\\\/camara-aumenta-salario-dos-funcionarios-e-vereadores-passam-a-receber-r-135-mil\\\/#breadcrumblist\"},\"author\":{\"@id\":\"https:\\\/\\\/www.jornalja.com.br\\\/arquivo\\\/author\\\/daredacao\\\/#author\"},\"creator\":{\"@id\":\"https:\\\/\\\/www.jornalja.com.br\\\/arquivo\\\/author\\\/daredacao\\\/#author\"},\"image\":{\"@type\":\"ImageObject\",\"url\":21678,\"@id\":\"https:\\\/\\\/www.jornalja.com.br\\\/arquivo\\\/camara-aumenta-salario-dos-funcionarios-e-vereadores-passam-a-receber-r-135-mil\\\/#mainImage\"},\"primaryImageOfPage\":{\"@id\":\"https:\\\/\\\/www.jornalja.com.br\\\/arquivo\\\/camara-aumenta-salario-dos-funcionarios-e-vereadores-passam-a-receber-r-135-mil\\\/#mainImage\"},\"datePublished\":\"2017-06-23T11:09:08-03:00\",\"dateModified\":\"2017-06-23T11:09:08-03:00\"},{\"@type\":\"WebSite\",\"@id\":\"https:\\\/\\\/www.jornalja.com.br\\\/arquivo\\\/#website\",\"url\":\"https:\\\/\\\/www.jornalja.com.br\\\/arquivo\\\/\",\"name\":\"Arquivo\",\"description\":\"Jornal J\\u00c1 | Porto Alegre\",\"inLanguage\":\"pt-BR\",\"publisher\":{\"@id\":\"https:\\\/\\\/www.jornalja.com.br\\\/arquivo\\\/#organization\"}}]}\n\t\t<\/script>\n\t\t<!-- All in One SEO -->\n\n","aioseo_head_json":{"title":"C\u00e2mara aumenta sal\u00e1rio dos funcion\u00e1rios e vereadores passam a receber R$ 13,5 mil | Arquivo","description":"","canonical_url":"https:\/\/www.jornalja.com.br\/arquivo\/camara-aumenta-salario-dos-funcionarios-e-vereadores-passam-a-receber-r-135-mil\/","robots":"max-image-preview:large","keywords":"","webmasterTools":{"miscellaneous":""},"schema":{"@context":"https:\/\/schema.org","@graph":[{"@type":"BlogPosting","@id":"https:\/\/www.jornalja.com.br\/arquivo\/camara-aumenta-salario-dos-funcionarios-e-vereadores-passam-a-receber-r-135-mil\/#blogposting","name":"C\u00e2mara aumenta sal\u00e1rio dos funcion\u00e1rios e vereadores passam a receber R$ 13,5 mil | Arquivo","headline":"C\u00e2mara aumenta sal\u00e1rio dos funcion\u00e1rios e vereadores passam a receber R$ 13,5 mil","author":{"@id":"https:\/\/www.jornalja.com.br\/arquivo\/author\/daredacao\/#author"},"publisher":{"@id":"https:\/\/www.jornalja.com.br\/arquivo\/#organization"},"image":{"@type":"ImageObject","url":21678},"datePublished":"2017-06-23T11:09:08-03:00","dateModified":"2017-06-23T11:09:08-03:00","inLanguage":"pt-BR","mainEntityOfPage":{"@id":"https:\/\/www.jornalja.com.br\/arquivo\/camara-aumenta-salario-dos-funcionarios-e-vereadores-passam-a-receber-r-135-mil\/#webpage"},"isPartOf":{"@id":"https:\/\/www.jornalja.com.br\/arquivo\/camara-aumenta-salario-dos-funcionarios-e-vereadores-passam-a-receber-r-135-mil\/#webpage"},"articleSection":"Geral"},{"@type":"BreadcrumbList","@id":"https:\/\/www.jornalja.com.br\/arquivo\/camara-aumenta-salario-dos-funcionarios-e-vereadores-passam-a-receber-r-135-mil\/#breadcrumblist","itemListElement":[{"@type":"ListItem","@id":"https:\/\/www.jornalja.com.br\/arquivo#listItem","position":1,"name":"Home","item":"https:\/\/www.jornalja.com.br\/arquivo","nextItem":{"@type":"ListItem","@id":"https:\/\/www.jornalja.com.br\/arquivo\/category\/geral\/#listItem","name":"Geral"}},{"@type":"ListItem","@id":"https:\/\/www.jornalja.com.br\/arquivo\/category\/geral\/#listItem","position":2,"name":"Geral","item":"https:\/\/www.jornalja.com.br\/arquivo\/category\/geral\/","nextItem":{"@type":"ListItem","@id":"https:\/\/www.jornalja.com.br\/arquivo\/camara-aumenta-salario-dos-funcionarios-e-vereadores-passam-a-receber-r-135-mil\/#listItem","name":"C\u00e2mara aumenta sal\u00e1rio dos funcion\u00e1rios e vereadores passam a receber R$ 13,5 mil"},"previousItem":{"@type":"ListItem","@id":"https:\/\/www.jornalja.com.br\/arquivo#listItem","name":"Home"}},{"@type":"ListItem","@id":"https:\/\/www.jornalja.com.br\/arquivo\/camara-aumenta-salario-dos-funcionarios-e-vereadores-passam-a-receber-r-135-mil\/#listItem","position":3,"name":"C\u00e2mara aumenta sal\u00e1rio dos funcion\u00e1rios e vereadores passam a receber R$ 13,5 mil","previousItem":{"@type":"ListItem","@id":"https:\/\/www.jornalja.com.br\/arquivo\/category\/geral\/#listItem","name":"Geral"}}]},{"@type":"Organization","@id":"https:\/\/www.jornalja.com.br\/arquivo\/#organization","name":"Jornal J\u00c1","description":"Jornal J\u00c1 | Porto Alegre","url":"https:\/\/www.jornalja.com.br\/arquivo\/","telephone":"+555133307272","logo":{"@type":"ImageObject","url":"https:\/\/www.jornalja.com.br\/wp-content\/uploads\/cards\/JAslogan.png","@id":"https:\/\/www.jornalja.com.br\/arquivo\/camara-aumenta-salario-dos-funcionarios-e-vereadores-passam-a-receber-r-135-mil\/#organizationLogo"},"image":{"@id":"https:\/\/www.jornalja.com.br\/arquivo\/camara-aumenta-salario-dos-funcionarios-e-vereadores-passam-a-receber-r-135-mil\/#organizationLogo"}},{"@type":"Person","@id":"https:\/\/www.jornalja.com.br\/arquivo\/author\/daredacao\/#author","url":"https:\/\/www.jornalja.com.br\/arquivo\/author\/daredacao\/","name":"da Reda\u00e7\u00e3o","image":{"@type":"ImageObject","@id":"https:\/\/www.jornalja.com.br\/arquivo\/camara-aumenta-salario-dos-funcionarios-e-vereadores-passam-a-receber-r-135-mil\/#authorImage","url":"https:\/\/secure.gravatar.com\/avatar\/469fd857d6605ad19919d27ed29d35a968a25f6e8fd9318356bbb7f57aae9c65?s=96&d=mm&r=g","width":96,"height":96,"caption":"da Reda\u00e7\u00e3o"}},{"@type":"WebPage","@id":"https:\/\/www.jornalja.com.br\/arquivo\/camara-aumenta-salario-dos-funcionarios-e-vereadores-passam-a-receber-r-135-mil\/#webpage","url":"https:\/\/www.jornalja.com.br\/arquivo\/camara-aumenta-salario-dos-funcionarios-e-vereadores-passam-a-receber-r-135-mil\/","name":"C\u00e2mara aumenta sal\u00e1rio dos funcion\u00e1rios e vereadores passam a receber R$ 13,5 mil | Arquivo","inLanguage":"pt-BR","isPartOf":{"@id":"https:\/\/www.jornalja.com.br\/arquivo\/#website"},"breadcrumb":{"@id":"https:\/\/www.jornalja.com.br\/arquivo\/camara-aumenta-salario-dos-funcionarios-e-vereadores-passam-a-receber-r-135-mil\/#breadcrumblist"},"author":{"@id":"https:\/\/www.jornalja.com.br\/arquivo\/author\/daredacao\/#author"},"creator":{"@id":"https:\/\/www.jornalja.com.br\/arquivo\/author\/daredacao\/#author"},"image":{"@type":"ImageObject","url":21678,"@id":"https:\/\/www.jornalja.com.br\/arquivo\/camara-aumenta-salario-dos-funcionarios-e-vereadores-passam-a-receber-r-135-mil\/#mainImage"},"primaryImageOfPage":{"@id":"https:\/\/www.jornalja.com.br\/arquivo\/camara-aumenta-salario-dos-funcionarios-e-vereadores-passam-a-receber-r-135-mil\/#mainImage"},"datePublished":"2017-06-23T11:09:08-03:00","dateModified":"2017-06-23T11:09:08-03:00"},{"@type":"WebSite","@id":"https:\/\/www.jornalja.com.br\/arquivo\/#website","url":"https:\/\/www.jornalja.com.br\/arquivo\/","name":"Arquivo","description":"Jornal J\u00c1 | Porto Alegre","inLanguage":"pt-BR","publisher":{"@id":"https:\/\/www.jornalja.com.br\/arquivo\/#organization"}}]},"og:locale":"pt_BR","og:site_name":"Arquivo | Jornal J\u00c1 | Porto Alegre","og:type":"article","og:title":"C\u00e2mara aumenta sal\u00e1rio dos funcion\u00e1rios e vereadores passam a receber R$ 13,5 mil | Arquivo","og:url":"https:\/\/www.jornalja.com.br\/arquivo\/camara-aumenta-salario-dos-funcionarios-e-vereadores-passam-a-receber-r-135-mil\/","og:image":"https:\/\/www.jornalja.com.br\/economics\/wp-content\/uploads\/sites\/11\/2026\/08\/ja-folhaderosto-facebook.jpg","og:image:secure_url":"https:\/\/www.jornalja.com.br\/economics\/wp-content\/uploads\/sites\/11\/2026\/08\/ja-folhaderosto-facebook.jpg","article:published_time":"2017-06-23T14:09:08+00:00","article:modified_time":"2017-06-23T14:09:08+00:00","twitter:card":"summary","twitter:title":"C\u00e2mara aumenta sal\u00e1rio dos funcion\u00e1rios e vereadores passam a receber R$ 13,5 mil | Arquivo","twitter:image":"https:\/\/www.jornalja.com.br\/economics\/wp-content\/uploads\/sites\/11\/2026\/08\/ja-folhaderosto-facebook.jpg"},"aioseo_meta_data":{"post_id":"50465","title":null,"description":null,"keywords":null,"keyphrases":null,"primary_term":null,"canonical_url":null,"og_title":null,"og_description":null,"og_object_type":"default","og_image_type":"default","og_image_url":null,"og_image_width":null,"og_image_height":null,"og_image_custom_url":null,"og_image_custom_fields":null,"og_video":null,"og_custom_url":null,"og_article_section":null,"og_article_tags":null,"twitter_use_og":false,"twitter_card":"default","twitter_image_type":"default","twitter_image_url":null,"twitter_image_custom_url":null,"twitter_image_custom_fields":null,"twitter_title":null,"twitter_description":null,"schema":{"blockGraphs":[],"customGraphs":[],"default":{"data":{"Article":[],"Course":[],"Dataset":[],"FAQPage":[],"Movie":[],"Person":[],"Product":[],"ProductReview":[],"Car":[],"Recipe":[],"Service":[],"SoftwareApplication":[],"WebPage":[]},"graphName":"","isEnabled":true},"graphs":[],"defaultGraph":"","defaultPostTypeGraph":""},"schema_type":null,"schema_type_options":null,"pillar_content":false,"robots_default":true,"robots_noindex":false,"robots_noarchive":false,"robots_nosnippet":false,"robots_nofollow":false,"robots_noimageindex":false,"robots_noodp":false,"robots_notranslate":false,"robots_max_snippet":null,"robots_max_videopreview":null,"robots_max_imagepreview":"large","priority":null,"frequency":null,"location":null,"local_seo":null,"breadcrumb_settings":null,"limit_modified_date":false,"ai":null,"created":"2020-12-20 20:30:49","updated":"2025-07-19 22:28:29","seo_analyzer_scan_date":null,"focus_keyword":null,"additional_keywords":null,"truseo_locale":null},"jetpack_sharing_enabled":true,"jetpack-related-posts":[{"id":13240,"url":"https:\/\/www.jornalja.com.br\/arquivo\/plano-diretor-estamos-construindo-o-caos\/","url_meta":{"origin":50465,"position":0},"title":"Plano diretor: &quot;Estamos construindo o caos&quot;","author":"Patr\u00edcia Marini","date":"26 de maio de 2014","format":false,"excerpt":"Desabafo que arquiteta Eliana Castilhos, delegada da Regi\u00e3o de Planejamento 1, postou nas redes sociais \u00e9 um testemunho do ambiente que se criou no Conselho do Plano Diretor de Porto Alegre, onde a aprova\u00e7\u00e3o de grandes empreendimentos \u00e9 empurrada guela abaixo dos conselheiros. Ao CMDUA Como delegada da Regi\u00e3o de\u2026","rel":"","context":"Em &quot;Geral&quot;","block_context":{"text":"Geral","link":"https:\/\/www.jornalja.com.br\/arquivo\/category\/geral\/"},"img":{"alt_text":"","src":"","width":0,"height":0},"classes":[]},{"id":13109,"url":"https:\/\/www.jornalja.com.br\/arquivo\/judiciario-reconhece-poluicao-eletromagnetica\/","url_meta":{"origin":50465,"position":1},"title":"Judici\u00e1rio reconhece polui\u00e7\u00e3o eletromagn\u00e9tica","author":"Patr\u00edcia Marini","date":"16 de maio de 2014","format":false,"excerpt":"A\u00e7\u00e3o de duas associa\u00e7\u00f5es de moradores foi acolhida pelo Tribunal de Justi\u00e7a de S\u00e3o Paulo que. em decis\u00e3o in\u00e9dita, determinou a redu\u00e7\u00e3o do campo eletromagn\u00e9tico gerado pelas linhas de transmiss\u00e3o de energia que cortam os bairros City Boa\u00e7ava e Alto de Pinheiros. \u00c9 a primeira vez que um tribunal do\u2026","rel":"","context":"Em &quot;X.Categorias velhas&quot;","block_context":{"text":"X.Categorias velhas","link":"https:\/\/www.jornalja.com.br\/arquivo\/category\/x-categorias-velhas\/"},"img":{"alt_text":"","src":"","width":0,"height":0},"classes":[]},{"id":5440,"url":"https:\/\/www.jornalja.com.br\/arquivo\/casarao-da-venancio-destino-permanece-incerto\/","url_meta":{"origin":50465,"position":2},"title":"Estado ainda n\u00e3o sabe o que fazer com casar\u00e3o abandonado h\u00e1 20 anos","author":"Elmar Bones","date":"6 de julho de 2009","format":false,"excerpt":"O casar\u00e3o amarelo, numa esquina nobre de Porto Alegre (Ven\u00e2ncio Aires com Jo\u00e3o Pessoa), j\u00e1 abrigou uma escola. H\u00e1 duas d\u00e9cadas, pelo menos, est\u00e1 abandonado, porque seu propriet\u00e1rio, o governo do Estado do Rio Grande do Sul, n\u00e3o consegue achar um destino para ele. Planos n\u00e3o faltaram. O governador Ol\u00edvio\u2026","rel":"","context":"Em &quot;X.Categorias velhas&quot;","block_context":{"text":"X.Categorias velhas","link":"https:\/\/www.jornalja.com.br\/arquivo\/category\/x-categorias-velhas\/"},"img":{"alt_text":"geraldo1","src":"https:\/\/i0.wp.com\/www.jornalja.com.br\/wp-content\/uploads\/2009\/07\/geraldo1.jpg?resize=350%2C200&ssl=1","width":350,"height":200},"classes":[]}],"jetpack_shortlink":"https:\/\/wp.me\/pbQjBd-d7X","jetpack_featured_media_url":"","_links":{"self":[{"href":"https:\/\/www.jornalja.com.br\/arquivo\/wp-json\/wp\/v2\/posts\/50465","targetHints":{"allow":["GET"]}}],"collection":[{"href":"https:\/\/www.jornalja.com.br\/arquivo\/wp-json\/wp\/v2\/posts"}],"about":[{"href":"https:\/\/www.jornalja.com.br\/arquivo\/wp-json\/wp\/v2\/types\/post"}],"author":[{"embeddable":true,"href":"https:\/\/www.jornalja.com.br\/arquivo\/wp-json\/wp\/v2\/users\/4"}],"replies":[{"embeddable":true,"href":"https:\/\/www.jornalja.com.br\/arquivo\/wp-json\/wp\/v2\/comments?post=50465"}],"version-history":[{"count":0,"href":"https:\/\/www.jornalja.com.br\/arquivo\/wp-json\/wp\/v2\/posts\/50465\/revisions"}],"wp:attachment":[{"href":"https:\/\/www.jornalja.com.br\/arquivo\/wp-json\/wp\/v2\/media?parent=50465"}],"wp:term":[{"taxonomy":"category","embeddable":true,"href":"https:\/\/www.jornalja.com.br\/arquivo\/wp-json\/wp\/v2\/categories?post=50465"},{"taxonomy":"post_tag","embeddable":true,"href":"https:\/\/www.jornalja.com.br\/arquivo\/wp-json\/wp\/v2\/tags?post=50465"}],"curies":[{"name":"wp","href":"https:\/\/api.w.org\/{rel}","templated":true}]}}