{"id":50466,"date":"2017-06-25T23:52:01","date_gmt":"2017-06-26T02:52:01","guid":{"rendered":"https:\/\/www.jornalja.com.br\/?p=50466"},"modified":"2017-06-25T23:52:01","modified_gmt":"2017-06-26T02:52:01","slug":"o-sequestro-dos-uruguaios-edicao-em-espanhol-lancada-em-montevideu","status":"publish","type":"post","link":"https:\/\/www.jornalja.com.br\/arquivo\/o-sequestro-dos-uruguaios-edicao-em-espanhol-lancada-em-montevideu\/","title":{"rendered":"&quot;O sequestro dos uruguaios&quot;: edi\u00e7\u00e3o em espanhol lan\u00e7ada em Montevid\u00e9u"},"content":{"rendered":"<div>O jornalista Luiz Cl\u00e1udio Cunha lan\u00e7ou na semana passada, em Montevid\u00e9u, a edi\u00e7\u00e3o\u00a0em espanhol de &#8220;O sequestro dos uruguaios&#8221;, o livro reportagem que desnuda o acordo terrorista que vigorou entre as ditaduras do Brasil, Argentina, Uruguai e Paraguai.<\/div>\n<div><\/div>\n<div>&#8220;\u00c9 um projeto pol\u00edtico, n\u00e3o\u00a0editorial&#8221;, disse ele ao J\u00c1. &#8220;Doei meus direitos de autor ao SERPAJ, Servicio Paz y Justicia, a ONG de direitos humanos mais importante do Uruguai, que assina a edi\u00e7\u00e3o&#8221;.<\/div>\n<div><\/div>\n<div>O livro foi financiado pela Funda\u00e7\u00e3o Rosa Luxemburgo, de Berlim, com apoio do Minist\u00e9rio de Desenvolvimento da Alemanha.<\/div>\n<div><\/div>\n<div>Por isso, o livro n\u00e3o ser\u00e1 vendido,mas distribu\u00eddo gratuitamente no Uruguai. Na pr\u00f3xima semana a edi\u00e7\u00e3o digital estar\u00e1 dispon\u00edvel gratuitamente na internet.<\/div>\n<div><\/div>\n<div>A edi\u00e7\u00e3o brasileira est\u00e1 esgotada, existem menos de 10 exemplares na Estante Virtual. Mas,desde o m\u00eas passado est\u00e1 no formato de e-book, para Kindle, no site da Amazon e da L&amp;PM.<\/div>\n<div><\/div>\n<div>\nA entrevista abaixo foi dada no lan\u00e7amento do livro ao jornalista uruguaio Gerardo Iglesias:<span style=\"color: #0000ff;font-family: 'arial black', sans-serif\">\u00a0 \u00a0 \u00a0 \u00a0 \u00a0 \u00a0<\/span><span style=\"color: #0000ff;font-family: 'arial black', sans-serif\"><span style=\"color: #0000ff;font-family: 'arial black', sans-serif\">\u00a0 \u00a0 \u00a0<\/span><\/span><br \/>\n<strong>-Qual \u00e9 o sentimento com esta edi\u00e7\u00e3o do livro em espanhol?<\/strong><br \/>\n-Tenho a sensa\u00e7\u00e3o de haver conclu\u00eddo uma tarefa ao final de quase quarenta anos. Primeiro foram as reportagens na revista Veja em 1978 e 1979, depois o livro que foi finalmente publicado em 2008. A edi\u00e7\u00e3o em espanhol era um sonho. Recorr\u00ed a varias editoras aqu\u00ed em Montevideo, mas n\u00e3o havia interesse, ou porque o tema era inconveniente, ou n\u00e3o era rent\u00e1vel&#8230; Felizmente pude contar com o\u00a0Jair Krischke, que jamais desistiu do desaf\u00edo. Um dia\u00a0Jair me\u00a0telefonou e disse: \u201cLuiz Cl\u00e1udio, tenho a solu\u00e7\u00e3o para teu libro. A funda\u00e7\u00e3o\u00a0Rosa Luxemburgo, de Berlim<strong>,<\/strong>\u00a0vai assumir a tradu\u00e7\u00e3o e a edi\u00e7\u00e3o em espanhol\u201d.<br \/>\nA partir desse momento a Funda\u00e7\u00e3o contatou o Servi\u00e7o de Paz e Justi\u00e7a (<strong>Serpaj<\/strong>) de Montevideo e come\u00e7ou a tarefa que tornou poss\u00edvel realizar este sonho, meu e de\u00a0Universindo Rodr\u00edguez,<a href=\"http:\/\/informes.rel-uita.org\/index.php\/sociedad\/item\/brasil-en-el-fondo-del-pozo#_\">*<\/a>\u00a0que infelizmente n\u00e3o pode ver conclu\u00eddo este trabalho t\u00e3o uruguaio e t\u00e3o importante para os uruguaios. Tenho como consolo que realizando esta edi\u00e7\u00e3o cumprimos o sonho de v\u00e1rios uruguaios e isso me alegra profundamente.<br \/>\nNeste livro est\u00e1 a voz de meus irm\u00e3os uruguaios que padeceram essa ditadura t\u00e3o brutal, que se deu paralelamente \u00e0 brasileira, a argentina, a chilena e a paraguaia.<br \/>\n<strong>-Qual \u00e9 a tua sensa\u00e7\u00e3o e tua an\u00e1lise quando, hoje, nas manifesta\u00e7\u00f5es sociais no Brasil pedem o regresso dos militares?<\/strong><br \/>\n-Felizmente se trata de uma minoria insignificante, s\u00e3o jovens ignorantes e inconsequentes, desinformados, que ouviram por a\u00ed que o regresso dos militares solucionaria a atual crise e levantam essa bandeira, que atesta sua ignor\u00e2ncia sobre a nossa hist\u00f3ria recente. Tem tamb\u00e9m gente mal intencionada, mas a grande maioria s\u00e3o aqueles que ignoram o que se viveu.\u00a0No\u00a0<strong>Brasil<\/strong>\u00a0durante os anos da ditadura a imprensa n\u00e3o podia falar de nada vinculado aos militares, muito menos denunciar seus roubos, porque se roubou muito durante esses tempos.\u00a0Quando v\u00eam com o discurso imbecil de que \u201cvoltem os militares para acabar com a corrup\u00e7\u00e3o\u201d est\u00e3o dizendo algo completamente rid\u00edculo.\u00a0Os militares, al\u00e9m do mais, roubaram o mais primordial, o poder do povo, e isso \u00e9 algo completamente imoral.<br \/>\n<strong>-Acreditas que se perdeu uma grande oportunidade \u00a0de investigar\u00a0 o que realmente sucedeu a ditadura brasileira nos governos do PT?<\/strong><br \/>\n-Nem\u00a0Lula, nem\u00a0Dilma Rousseff\u00a0durante seus governos -14 anos de poder- enfrentaram a quest\u00e3o crucial da impunidade dos crimes de lesa humanidade que se cometeran. Dilma\u00a0teve o grande m\u00e9rito de convocar a\u00a0<strong>Comiss\u00e3o da Verdade<\/strong>, da qual participei. Sa\u00ed da comiss\u00e3o um ano depois, por diverg\u00eancias pol\u00edticas com as pessoas que conduziam as investiga\u00e7\u00f5es, mas apesar disso esta Comiss\u00e3o realizou um trabalho muito importante.\u00a0Depois de dois anos logrou responsabilizar os cinco generais presidentes do ciclo da ditadura:\u00a0<strong>Castelo Branco<\/strong>,\u00a0<strong>M\u00e9dici<\/strong>,\u00a0<strong>Costa e Silva<\/strong>,\u00a0<strong>Geisel<\/strong>\u00a0y\u00a0<strong>Figueredo<\/strong>\u00a0e mais de 300 agentes torturadores, policiais, civis y militares.\u00a0O que sucedeu foi que seu relat\u00f3rio foi entregue ao governo e nada aconteceu. Se investigou, se descubriram nomes, se detalharam casos e n\u00e3o houve consequ\u00eancias, porque\u00a0o <strong>Brasil<\/strong>\u00a0tem um medo end\u00eamico de tratar o tema da ditadura. E os militares de agora assumem uma solidariedade corporativa com seus colegas ditadores, com condutas e cr\u00edmes que deveriam condenar j\u00e1 que n\u00e3o t\u00eam nada a ver com eles.<br \/>\nPor outro lado, a classe pol\u00edtica brasileira est\u00e1 t\u00e3o imersa num c\u00edrculo de corrup\u00e7\u00e3o que n\u00e3o tem interesse em tratar temas como os cr\u00edmes cometidos durante a ditadura.<br \/>\nSou muito pessimista neste tema. O\u00a0<strong>Brasil<\/strong>\u00a0n\u00e3o tomou o exemplo do\u00a0<strong>Uruguay<\/strong>, que mandou ao c\u00e1rcere dois ex-presidentes da ditadura,\u00a0<strong>Juan Mar\u00eda Bordaberry<\/strong>\u00a0y\u00a0<strong>Gregorio \u00c1lvarez<\/strong>, um civil e um militar. No meu pa\u00eds, em 21 anos os ditadores\u00a0 nem sequer foram denunciados.<br \/>\nO Brasil \u00e9 um pa\u00eds c\u00ednico, hip\u00f3crita, finge que teve uma ditadura limpa, moderada, pr\u00e1ticamente um modelo de ditadura. Mas na realidade foi tremendamente daninha para o pa\u00eds, interveio em milhares de sindicatos, exilou milhares de militantes pol\u00edticos, destituiu mais de 4.000 parlamentares, perseguiu, matou e promoveu sequestros no \u00e2mbito da Opera\u00e7\u00e3o Condor.\u00a0Castrou toda uma gera\u00e7\u00e3o de gente muito criativa que poderia ter dado outros rumos ao pa\u00eds.<br \/>\n<strong>E a situa\u00e7\u00e3o atual, em que todos, direita e esquerda est\u00e3o envolvidos nas den\u00fancias de corrup\u00e7\u00e3o?<\/strong><br \/>\nN\u00e3o escapa ningu\u00e9m, direita e esquerda est\u00e3o implicadas em todo o tipo de tramas criminosas. Todos envolvidos com a transnacional da corrup\u00e7\u00e3o, a\u00a0<strong>Odebrecht<\/strong>, que comprou leis e pol\u00edticos de norte a sul de\u00a0<strong>Am\u00e9rica Latina<\/strong>. Uma vergonha, estamos no fundo do po\u00e7o e o pior \u00e9 que n\u00e3o vemos uma sa\u00edda.<br \/>\nO pa\u00eds j\u00e1 teve dois processos de destitui\u00e7\u00e3o e nos encaminhamos para um terceiro. Que classe de elite pol\u00edtica \u00e9 esta que \u00e9 derrubada do poder devido a den\u00fancias de corrup\u00e7\u00e3o?<br \/>\n<strong>-Mas a sociedade est\u00e1 anestesiada\u2026<\/strong><br \/>\n-S\u00edm, porque estamos em choque. Olhamos ao nosso redor para ver se encontramos algum pol\u00edtico que possa nos tirar dessa e n\u00e3o vemos ningu\u00e9m. Teria que apagar tudo e come\u00e7ar de novo, refundar a classe pol\u00edtica,mas isso leva muito tempo.<br \/>\nTodos os d\u00edas descubrimos uma corruptela nova que envolve novos atores pol\u00edticos e isso vem desmantelando as esperan\u00e7as dos brasileiros. Este \u00e9 um drama existencial. Em 1964 a classe pol\u00edtica foi derrotada militarmente. Agora, a classe pol\u00edtica foi derrotada moralmente.<br \/>\nDescobrimos que o Estado foi privatizado &#8211;\u00a0<strong>Odebrecht<\/strong>,\u00a0<strong>OAS<\/strong>,\u00a0<strong>JBS<\/strong>\u00a0e toda essa quadrilha que comprou o pa\u00eds e seus governantes.\u00a0Como vamos a dar volta por cima nesta hist\u00f3ria? \u00c9 a pergunta que nos fazemos todos os d\u00edas e para a qual ainda n\u00e3o temos resposta.<br \/>\n&nbsp;<br \/>\n&nbsp;\n<\/div>\n","protected":false},"excerpt":{"rendered":"<p>O jornalista Luiz Cl\u00e1udio Cunha lan\u00e7ou na semana passada, em Montevid\u00e9u, a edi\u00e7\u00e3o\u00a0em espanhol de &#8220;O sequestro dos uruguaios&#8221;, o livro reportagem que desnuda o acordo terrorista que vigorou entre as ditaduras do Brasil, Argentina, Uruguai e Paraguai. &#8220;\u00c9 um projeto pol\u00edtico, n\u00e3o\u00a0editorial&#8221;, disse ele ao J\u00c1. &#8220;Doei meus direitos de autor ao SERPAJ, Servicio [&hellip;]<\/p>\n","protected":false},"author":4,"featured_media":50488,"comment_status":"open","ping_status":"closed","sticky":false,"template":"","format":"standard","meta":{"_jetpack_newsletter_access":"","_jetpack_dont_email_post_to_subs":false,"_jetpack_newsletter_tier_id":0,"_jetpack_memberships_contains_paywalled_content":false,"_jetpack_feature_clip_id":0,"_jetpack_memberships_contains_paid_content":false,"footnotes":"","jetpack_post_was_ever_published":false},"categories":[26],"tags":[],"class_list":["post-50466","post","type-post","status-publish","format-standard","has-post-thumbnail","hentry","category-geral"],"aioseo_notices":[],"aioseo_head":"\n\t\t<!-- All in One SEO 5.0.1.1 - aioseo.com -->\n\t<meta name=\"robots\" content=\"max-image-preview:large\" \/>\n\t<meta name=\"author\" content=\"da Reda\u00e7\u00e3o\"\/>\n\t<link rel=\"canonical\" href=\"https:\/\/www.jornalja.com.br\/arquivo\/o-sequestro-dos-uruguaios-edicao-em-espanhol-lancada-em-montevideu\/\" \/>\n\t<meta name=\"generator\" content=\"All in One SEO (AIOSEO) 5.0.1.1\" \/>\n\t\t<meta property=\"og:locale\" content=\"pt_BR\" \/>\n\t\t<meta property=\"og:site_name\" content=\"Arquivo | Jornal J\u00c1 | Porto Alegre\" \/>\n\t\t<meta property=\"og:type\" content=\"article\" \/>\n\t\t<meta property=\"og:title\" content=\"&quot;O sequestro dos uruguaios&quot;: edi\u00e7\u00e3o em espanhol lan\u00e7ada em Montevid\u00e9u | Arquivo\" \/>\n\t\t<meta property=\"og:url\" content=\"https:\/\/www.jornalja.com.br\/arquivo\/o-sequestro-dos-uruguaios-edicao-em-espanhol-lancada-em-montevideu\/\" \/>\n\t\t<meta property=\"og:image\" content=\"https:\/\/www.jornalja.com.br\/economics\/wp-content\/uploads\/sites\/11\/2026\/08\/ja-folhaderosto-facebook.jpg\" \/>\n\t\t<meta property=\"og:image:secure_url\" content=\"https:\/\/www.jornalja.com.br\/economics\/wp-content\/uploads\/sites\/11\/2026\/08\/ja-folhaderosto-facebook.jpg\" \/>\n\t\t<meta property=\"article:published_time\" content=\"2017-06-26T02:52:01+00:00\" \/>\n\t\t<meta property=\"article:modified_time\" content=\"2017-06-26T02:52:01+00:00\" \/>\n\t\t<meta name=\"twitter:card\" content=\"summary\" \/>\n\t\t<meta name=\"twitter:title\" content=\"&quot;O sequestro dos uruguaios&quot;: edi\u00e7\u00e3o em espanhol lan\u00e7ada em Montevid\u00e9u | Arquivo\" \/>\n\t\t<meta name=\"twitter:image\" content=\"https:\/\/www.jornalja.com.br\/economics\/wp-content\/uploads\/sites\/11\/2026\/08\/ja-folhaderosto-facebook.jpg\" \/>\n\t\t<script type=\"application\/ld+json\" class=\"aioseo-schema\">\n\t\t\t{\"@context\":\"https:\\\/\\\/schema.org\",\"@graph\":[{\"@type\":\"BlogPosting\",\"@id\":\"https:\\\/\\\/www.jornalja.com.br\\\/arquivo\\\/o-sequestro-dos-uruguaios-edicao-em-espanhol-lancada-em-montevideu\\\/#blogposting\",\"name\":\"\\\"O sequestro dos uruguaios\\\": edi\\u00e7\\u00e3o em espanhol lan\\u00e7ada em Montevid\\u00e9u | Arquivo\",\"headline\":\"&quot;O sequestro dos uruguaios&quot;: edi\\u00e7\\u00e3o em espanhol lan\\u00e7ada em Montevid\\u00e9u\",\"author\":{\"@id\":\"https:\\\/\\\/www.jornalja.com.br\\\/arquivo\\\/author\\\/daredacao\\\/#author\"},\"publisher\":{\"@id\":\"https:\\\/\\\/www.jornalja.com.br\\\/arquivo\\\/#organization\"},\"image\":{\"@type\":\"ImageObject\",\"url\":50488},\"datePublished\":\"2017-06-25T23:52:01-03:00\",\"dateModified\":\"2017-06-25T23:52:01-03:00\",\"inLanguage\":\"pt-BR\",\"mainEntityOfPage\":{\"@id\":\"https:\\\/\\\/www.jornalja.com.br\\\/arquivo\\\/o-sequestro-dos-uruguaios-edicao-em-espanhol-lancada-em-montevideu\\\/#webpage\"},\"isPartOf\":{\"@id\":\"https:\\\/\\\/www.jornalja.com.br\\\/arquivo\\\/o-sequestro-dos-uruguaios-edicao-em-espanhol-lancada-em-montevideu\\\/#webpage\"},\"articleSection\":\"Geral\"},{\"@type\":\"BreadcrumbList\",\"@id\":\"https:\\\/\\\/www.jornalja.com.br\\\/arquivo\\\/o-sequestro-dos-uruguaios-edicao-em-espanhol-lancada-em-montevideu\\\/#breadcrumblist\",\"itemListElement\":[{\"@type\":\"ListItem\",\"@id\":\"https:\\\/\\\/www.jornalja.com.br\\\/arquivo#listItem\",\"position\":1,\"name\":\"Home\",\"item\":\"https:\\\/\\\/www.jornalja.com.br\\\/arquivo\",\"nextItem\":{\"@type\":\"ListItem\",\"@id\":\"https:\\\/\\\/www.jornalja.com.br\\\/arquivo\\\/category\\\/geral\\\/#listItem\",\"name\":\"Geral\"}},{\"@type\":\"ListItem\",\"@id\":\"https:\\\/\\\/www.jornalja.com.br\\\/arquivo\\\/category\\\/geral\\\/#listItem\",\"position\":2,\"name\":\"Geral\",\"item\":\"https:\\\/\\\/www.jornalja.com.br\\\/arquivo\\\/category\\\/geral\\\/\",\"nextItem\":{\"@type\":\"ListItem\",\"@id\":\"https:\\\/\\\/www.jornalja.com.br\\\/arquivo\\\/o-sequestro-dos-uruguaios-edicao-em-espanhol-lancada-em-montevideu\\\/#listItem\",\"name\":\"&quot;O sequestro dos uruguaios&quot;: edi\\u00e7\\u00e3o em espanhol lan\\u00e7ada em Montevid\\u00e9u\"},\"previousItem\":{\"@type\":\"ListItem\",\"@id\":\"https:\\\/\\\/www.jornalja.com.br\\\/arquivo#listItem\",\"name\":\"Home\"}},{\"@type\":\"ListItem\",\"@id\":\"https:\\\/\\\/www.jornalja.com.br\\\/arquivo\\\/o-sequestro-dos-uruguaios-edicao-em-espanhol-lancada-em-montevideu\\\/#listItem\",\"position\":3,\"name\":\"&quot;O sequestro dos uruguaios&quot;: edi\\u00e7\\u00e3o em espanhol lan\\u00e7ada em Montevid\\u00e9u\",\"previousItem\":{\"@type\":\"ListItem\",\"@id\":\"https:\\\/\\\/www.jornalja.com.br\\\/arquivo\\\/category\\\/geral\\\/#listItem\",\"name\":\"Geral\"}}]},{\"@type\":\"Organization\",\"@id\":\"https:\\\/\\\/www.jornalja.com.br\\\/arquivo\\\/#organization\",\"name\":\"Jornal J\\u00c1\",\"description\":\"Jornal J\\u00c1 | Porto Alegre\",\"url\":\"https:\\\/\\\/www.jornalja.com.br\\\/arquivo\\\/\",\"telephone\":\"+555133307272\",\"logo\":{\"@type\":\"ImageObject\",\"url\":\"https:\\\/\\\/www.jornalja.com.br\\\/wp-content\\\/uploads\\\/cards\\\/JAslogan.png\",\"@id\":\"https:\\\/\\\/www.jornalja.com.br\\\/arquivo\\\/o-sequestro-dos-uruguaios-edicao-em-espanhol-lancada-em-montevideu\\\/#organizationLogo\"},\"image\":{\"@id\":\"https:\\\/\\\/www.jornalja.com.br\\\/arquivo\\\/o-sequestro-dos-uruguaios-edicao-em-espanhol-lancada-em-montevideu\\\/#organizationLogo\"}},{\"@type\":\"Person\",\"@id\":\"https:\\\/\\\/www.jornalja.com.br\\\/arquivo\\\/author\\\/daredacao\\\/#author\",\"url\":\"https:\\\/\\\/www.jornalja.com.br\\\/arquivo\\\/author\\\/daredacao\\\/\",\"name\":\"da Reda\\u00e7\\u00e3o\",\"image\":{\"@type\":\"ImageObject\",\"@id\":\"https:\\\/\\\/www.jornalja.com.br\\\/arquivo\\\/o-sequestro-dos-uruguaios-edicao-em-espanhol-lancada-em-montevideu\\\/#authorImage\",\"url\":\"https:\\\/\\\/secure.gravatar.com\\\/avatar\\\/469fd857d6605ad19919d27ed29d35a968a25f6e8fd9318356bbb7f57aae9c65?s=96&d=mm&r=g\",\"width\":96,\"height\":96,\"caption\":\"da Reda\\u00e7\\u00e3o\"}},{\"@type\":\"WebPage\",\"@id\":\"https:\\\/\\\/www.jornalja.com.br\\\/arquivo\\\/o-sequestro-dos-uruguaios-edicao-em-espanhol-lancada-em-montevideu\\\/#webpage\",\"url\":\"https:\\\/\\\/www.jornalja.com.br\\\/arquivo\\\/o-sequestro-dos-uruguaios-edicao-em-espanhol-lancada-em-montevideu\\\/\",\"name\":\"\\\"O sequestro dos uruguaios\\\": edi\\u00e7\\u00e3o em espanhol lan\\u00e7ada em Montevid\\u00e9u | Arquivo\",\"inLanguage\":\"pt-BR\",\"isPartOf\":{\"@id\":\"https:\\\/\\\/www.jornalja.com.br\\\/arquivo\\\/#website\"},\"breadcrumb\":{\"@id\":\"https:\\\/\\\/www.jornalja.com.br\\\/arquivo\\\/o-sequestro-dos-uruguaios-edicao-em-espanhol-lancada-em-montevideu\\\/#breadcrumblist\"},\"author\":{\"@id\":\"https:\\\/\\\/www.jornalja.com.br\\\/arquivo\\\/author\\\/daredacao\\\/#author\"},\"creator\":{\"@id\":\"https:\\\/\\\/www.jornalja.com.br\\\/arquivo\\\/author\\\/daredacao\\\/#author\"},\"image\":{\"@type\":\"ImageObject\",\"url\":50488,\"@id\":\"https:\\\/\\\/www.jornalja.com.br\\\/arquivo\\\/o-sequestro-dos-uruguaios-edicao-em-espanhol-lancada-em-montevideu\\\/#mainImage\"},\"primaryImageOfPage\":{\"@id\":\"https:\\\/\\\/www.jornalja.com.br\\\/arquivo\\\/o-sequestro-dos-uruguaios-edicao-em-espanhol-lancada-em-montevideu\\\/#mainImage\"},\"datePublished\":\"2017-06-25T23:52:01-03:00\",\"dateModified\":\"2017-06-25T23:52:01-03:00\"},{\"@type\":\"WebSite\",\"@id\":\"https:\\\/\\\/www.jornalja.com.br\\\/arquivo\\\/#website\",\"url\":\"https:\\\/\\\/www.jornalja.com.br\\\/arquivo\\\/\",\"name\":\"Arquivo\",\"description\":\"Jornal J\\u00c1 | Porto Alegre\",\"inLanguage\":\"pt-BR\",\"publisher\":{\"@id\":\"https:\\\/\\\/www.jornalja.com.br\\\/arquivo\\\/#organization\"}}]}\n\t\t<\/script>\n\t\t<!-- All in One SEO -->\n\n","aioseo_head_json":{"title":"\"O sequestro dos uruguaios\": edi\u00e7\u00e3o em espanhol lan\u00e7ada em Montevid\u00e9u | Arquivo","description":"","canonical_url":"https:\/\/www.jornalja.com.br\/arquivo\/o-sequestro-dos-uruguaios-edicao-em-espanhol-lancada-em-montevideu\/","robots":"max-image-preview:large","keywords":"","webmasterTools":{"miscellaneous":""},"schema":{"@context":"https:\/\/schema.org","@graph":[{"@type":"BlogPosting","@id":"https:\/\/www.jornalja.com.br\/arquivo\/o-sequestro-dos-uruguaios-edicao-em-espanhol-lancada-em-montevideu\/#blogposting","name":"\"O sequestro dos uruguaios\": edi\u00e7\u00e3o em espanhol lan\u00e7ada em Montevid\u00e9u | Arquivo","headline":"&quot;O sequestro dos uruguaios&quot;: edi\u00e7\u00e3o em espanhol lan\u00e7ada em Montevid\u00e9u","author":{"@id":"https:\/\/www.jornalja.com.br\/arquivo\/author\/daredacao\/#author"},"publisher":{"@id":"https:\/\/www.jornalja.com.br\/arquivo\/#organization"},"image":{"@type":"ImageObject","url":50488},"datePublished":"2017-06-25T23:52:01-03:00","dateModified":"2017-06-25T23:52:01-03:00","inLanguage":"pt-BR","mainEntityOfPage":{"@id":"https:\/\/www.jornalja.com.br\/arquivo\/o-sequestro-dos-uruguaios-edicao-em-espanhol-lancada-em-montevideu\/#webpage"},"isPartOf":{"@id":"https:\/\/www.jornalja.com.br\/arquivo\/o-sequestro-dos-uruguaios-edicao-em-espanhol-lancada-em-montevideu\/#webpage"},"articleSection":"Geral"},{"@type":"BreadcrumbList","@id":"https:\/\/www.jornalja.com.br\/arquivo\/o-sequestro-dos-uruguaios-edicao-em-espanhol-lancada-em-montevideu\/#breadcrumblist","itemListElement":[{"@type":"ListItem","@id":"https:\/\/www.jornalja.com.br\/arquivo#listItem","position":1,"name":"Home","item":"https:\/\/www.jornalja.com.br\/arquivo","nextItem":{"@type":"ListItem","@id":"https:\/\/www.jornalja.com.br\/arquivo\/category\/geral\/#listItem","name":"Geral"}},{"@type":"ListItem","@id":"https:\/\/www.jornalja.com.br\/arquivo\/category\/geral\/#listItem","position":2,"name":"Geral","item":"https:\/\/www.jornalja.com.br\/arquivo\/category\/geral\/","nextItem":{"@type":"ListItem","@id":"https:\/\/www.jornalja.com.br\/arquivo\/o-sequestro-dos-uruguaios-edicao-em-espanhol-lancada-em-montevideu\/#listItem","name":"&quot;O sequestro dos uruguaios&quot;: edi\u00e7\u00e3o em espanhol lan\u00e7ada em Montevid\u00e9u"},"previousItem":{"@type":"ListItem","@id":"https:\/\/www.jornalja.com.br\/arquivo#listItem","name":"Home"}},{"@type":"ListItem","@id":"https:\/\/www.jornalja.com.br\/arquivo\/o-sequestro-dos-uruguaios-edicao-em-espanhol-lancada-em-montevideu\/#listItem","position":3,"name":"&quot;O sequestro dos uruguaios&quot;: edi\u00e7\u00e3o em espanhol lan\u00e7ada em Montevid\u00e9u","previousItem":{"@type":"ListItem","@id":"https:\/\/www.jornalja.com.br\/arquivo\/category\/geral\/#listItem","name":"Geral"}}]},{"@type":"Organization","@id":"https:\/\/www.jornalja.com.br\/arquivo\/#organization","name":"Jornal J\u00c1","description":"Jornal J\u00c1 | Porto Alegre","url":"https:\/\/www.jornalja.com.br\/arquivo\/","telephone":"+555133307272","logo":{"@type":"ImageObject","url":"https:\/\/www.jornalja.com.br\/wp-content\/uploads\/cards\/JAslogan.png","@id":"https:\/\/www.jornalja.com.br\/arquivo\/o-sequestro-dos-uruguaios-edicao-em-espanhol-lancada-em-montevideu\/#organizationLogo"},"image":{"@id":"https:\/\/www.jornalja.com.br\/arquivo\/o-sequestro-dos-uruguaios-edicao-em-espanhol-lancada-em-montevideu\/#organizationLogo"}},{"@type":"Person","@id":"https:\/\/www.jornalja.com.br\/arquivo\/author\/daredacao\/#author","url":"https:\/\/www.jornalja.com.br\/arquivo\/author\/daredacao\/","name":"da Reda\u00e7\u00e3o","image":{"@type":"ImageObject","@id":"https:\/\/www.jornalja.com.br\/arquivo\/o-sequestro-dos-uruguaios-edicao-em-espanhol-lancada-em-montevideu\/#authorImage","url":"https:\/\/secure.gravatar.com\/avatar\/469fd857d6605ad19919d27ed29d35a968a25f6e8fd9318356bbb7f57aae9c65?s=96&d=mm&r=g","width":96,"height":96,"caption":"da Reda\u00e7\u00e3o"}},{"@type":"WebPage","@id":"https:\/\/www.jornalja.com.br\/arquivo\/o-sequestro-dos-uruguaios-edicao-em-espanhol-lancada-em-montevideu\/#webpage","url":"https:\/\/www.jornalja.com.br\/arquivo\/o-sequestro-dos-uruguaios-edicao-em-espanhol-lancada-em-montevideu\/","name":"\"O sequestro dos uruguaios\": edi\u00e7\u00e3o em espanhol lan\u00e7ada em Montevid\u00e9u | Arquivo","inLanguage":"pt-BR","isPartOf":{"@id":"https:\/\/www.jornalja.com.br\/arquivo\/#website"},"breadcrumb":{"@id":"https:\/\/www.jornalja.com.br\/arquivo\/o-sequestro-dos-uruguaios-edicao-em-espanhol-lancada-em-montevideu\/#breadcrumblist"},"author":{"@id":"https:\/\/www.jornalja.com.br\/arquivo\/author\/daredacao\/#author"},"creator":{"@id":"https:\/\/www.jornalja.com.br\/arquivo\/author\/daredacao\/#author"},"image":{"@type":"ImageObject","url":50488,"@id":"https:\/\/www.jornalja.com.br\/arquivo\/o-sequestro-dos-uruguaios-edicao-em-espanhol-lancada-em-montevideu\/#mainImage"},"primaryImageOfPage":{"@id":"https:\/\/www.jornalja.com.br\/arquivo\/o-sequestro-dos-uruguaios-edicao-em-espanhol-lancada-em-montevideu\/#mainImage"},"datePublished":"2017-06-25T23:52:01-03:00","dateModified":"2017-06-25T23:52:01-03:00"},{"@type":"WebSite","@id":"https:\/\/www.jornalja.com.br\/arquivo\/#website","url":"https:\/\/www.jornalja.com.br\/arquivo\/","name":"Arquivo","description":"Jornal J\u00c1 | Porto Alegre","inLanguage":"pt-BR","publisher":{"@id":"https:\/\/www.jornalja.com.br\/arquivo\/#organization"}}]},"og:locale":"pt_BR","og:site_name":"Arquivo | Jornal J\u00c1 | Porto Alegre","og:type":"article","og:title":"&quot;O sequestro dos uruguaios&quot;: edi\u00e7\u00e3o em espanhol lan\u00e7ada em Montevid\u00e9u | Arquivo","og:url":"https:\/\/www.jornalja.com.br\/arquivo\/o-sequestro-dos-uruguaios-edicao-em-espanhol-lancada-em-montevideu\/","og:image":"https:\/\/www.jornalja.com.br\/economics\/wp-content\/uploads\/sites\/11\/2026\/08\/ja-folhaderosto-facebook.jpg","og:image:secure_url":"https:\/\/www.jornalja.com.br\/economics\/wp-content\/uploads\/sites\/11\/2026\/08\/ja-folhaderosto-facebook.jpg","article:published_time":"2017-06-26T02:52:01+00:00","article:modified_time":"2017-06-26T02:52:01+00:00","twitter:card":"summary","twitter:title":"&quot;O sequestro dos uruguaios&quot;: edi\u00e7\u00e3o em espanhol lan\u00e7ada em Montevid\u00e9u | Arquivo","twitter:image":"https:\/\/www.jornalja.com.br\/economics\/wp-content\/uploads\/sites\/11\/2026\/08\/ja-folhaderosto-facebook.jpg"},"aioseo_meta_data":{"post_id":"50466","title":null,"description":null,"keywords":null,"keyphrases":null,"primary_term":null,"canonical_url":null,"og_title":null,"og_description":null,"og_object_type":"default","og_image_type":"default","og_image_url":null,"og_image_width":null,"og_image_height":null,"og_image_custom_url":null,"og_image_custom_fields":null,"og_video":null,"og_custom_url":null,"og_article_section":null,"og_article_tags":null,"twitter_use_og":false,"twitter_card":"default","twitter_image_type":"default","twitter_image_url":null,"twitter_image_custom_url":null,"twitter_image_custom_fields":null,"twitter_title":null,"twitter_description":null,"schema":{"blockGraphs":[],"customGraphs":[],"default":{"data":{"Article":[],"Course":[],"Dataset":[],"FAQPage":[],"Movie":[],"Person":[],"Product":[],"ProductReview":[],"Car":[],"Recipe":[],"Service":[],"SoftwareApplication":[],"WebPage":[]},"graphName":"","isEnabled":true},"graphs":[],"defaultGraph":"","defaultPostTypeGraph":""},"schema_type":null,"schema_type_options":null,"pillar_content":false,"robots_default":true,"robots_noindex":false,"robots_noarchive":false,"robots_nosnippet":false,"robots_nofollow":false,"robots_noimageindex":false,"robots_noodp":false,"robots_notranslate":false,"robots_max_snippet":null,"robots_max_videopreview":null,"robots_max_imagepreview":"large","priority":null,"frequency":null,"location":null,"local_seo":null,"breadcrumb_settings":null,"limit_modified_date":false,"ai":null,"created":"2020-12-20 20:30:49","updated":"2025-07-19 22:29:32","seo_analyzer_scan_date":null,"focus_keyword":null,"additional_keywords":null,"truseo_locale":null},"jetpack_sharing_enabled":true,"jetpack-related-posts":[{"id":1280,"url":"https:\/\/www.jornalja.com.br\/arquivo\/o-menino-que-se-tornou-brizola\/","url_meta":{"origin":50466,"position":0},"title":"O Menino que se Tornou Brizola","author":"da Reda\u00e7\u00e3o","date":"28 de julho de 2008","format":false,"excerpt":"Autor: Cleber Dioni A vida de Leonel Brizola, com \u00eanfase para os primeiros anos em Porto Alegre, at\u00e9 o ex\u00edlio no Uruguai e a volta, quinze anos depois. \u00a0\"...\u00c9ramos todos jovens e nos identific\u00e1vamos com aquela massa an\u00f4nima a percorrer as ruas de Porto Alegre, gritando 'Get\u00falio', 'Get\u00falio' e empunhando\u2026","rel":"","context":"Em &quot;Livros&quot;","block_context":{"text":"Livros","link":"https:\/\/www.jornalja.com.br\/arquivo\/category\/livros\/"},"img":{"alt_text":"","src":"https:\/\/i0.wp.com\/www.jornalja.com.br\/wp-content\/uploads\/2008\/07\/brizola.gif?resize=350%2C200&ssl=1","width":350,"height":200},"classes":[]},{"id":12960,"url":"https:\/\/www.jornalja.com.br\/arquivo\/populacao-culpa-empresas-pela-greve-dos-rodoviarios\/","url_meta":{"origin":50466,"position":1},"title":"Popula\u00e7\u00e3o culpa empresas pela greve","author":"Patr\u00edcia Marini","date":"14 de fevereiro de 2014","format":false,"excerpt":"Pesquisa divulgada na edi\u00e7\u00e3o do jornal Metro desta sexta-feira,14, comprova o velho ditado: \u00e9 poss\u00edvel enganar muitos por algum tempo, mas n\u00e3o \u00e9 poss\u00edvel enganar a todos o tempo inteiro. A principal revela\u00e7\u00e3o foi que 59,8% dos entrevistados apontaram as empresas como as principais respons\u00e1veis pela grave e 46% culparam\u2026","rel":"","context":"Em &quot;X.Categorias velhas&quot;","block_context":{"text":"X.Categorias velhas","link":"https:\/\/www.jornalja.com.br\/arquivo\/category\/x-categorias-velhas\/"},"img":{"alt_text":"","src":"","width":0,"height":0},"classes":[]},{"id":13124,"url":"https:\/\/www.jornalja.com.br\/arquivo\/sangue-latino-no-iecine\/","url_meta":{"origin":50466,"position":2},"title":"Sangue latino no IECINE","author":"da Reda\u00e7\u00e3o","date":"18 de maio de 2014","format":false,"excerpt":"Francisco Ribeiro O Instituto Estadual de Cinema (IECINE) tem a frente, desde abril \u00faltimo, um novo diretor, o cineasta colombiano Juan Zapata, 36, que substitui Luiz Alberto Cassol. Radicado h\u00e1 dez anos em Porto Alegre, Zapata tem diante de si o desafio de conduzir at\u00e9 o final do ano um\u2026","rel":"","context":"Em &quot;Cultura-Geral&quot;","block_context":{"text":"Cultura-Geral","link":"https:\/\/www.jornalja.com.br\/arquivo\/category\/materiasecundaria\/"},"img":{"alt_text":"","src":"","width":0,"height":0},"classes":[]},{"id":13240,"url":"https:\/\/www.jornalja.com.br\/arquivo\/plano-diretor-estamos-construindo-o-caos\/","url_meta":{"origin":50466,"position":3},"title":"Plano diretor: &quot;Estamos construindo o caos&quot;","author":"Patr\u00edcia Marini","date":"26 de maio de 2014","format":false,"excerpt":"Desabafo que arquiteta Eliana Castilhos, delegada da Regi\u00e3o de Planejamento 1, postou nas redes sociais \u00e9 um testemunho do ambiente que se criou no Conselho do Plano Diretor de Porto Alegre, onde a aprova\u00e7\u00e3o de grandes empreendimentos \u00e9 empurrada guela abaixo dos conselheiros. Ao CMDUA Como delegada da Regi\u00e3o de\u2026","rel":"","context":"Em &quot;Geral&quot;","block_context":{"text":"Geral","link":"https:\/\/www.jornalja.com.br\/arquivo\/category\/geral\/"},"img":{"alt_text":"","src":"","width":0,"height":0},"classes":[]},{"id":13109,"url":"https:\/\/www.jornalja.com.br\/arquivo\/judiciario-reconhece-poluicao-eletromagnetica\/","url_meta":{"origin":50466,"position":4},"title":"Judici\u00e1rio reconhece polui\u00e7\u00e3o eletromagn\u00e9tica","author":"Patr\u00edcia Marini","date":"16 de maio de 2014","format":false,"excerpt":"A\u00e7\u00e3o de duas associa\u00e7\u00f5es de moradores foi acolhida pelo Tribunal de Justi\u00e7a de S\u00e3o Paulo que. em decis\u00e3o in\u00e9dita, determinou a redu\u00e7\u00e3o do campo eletromagn\u00e9tico gerado pelas linhas de transmiss\u00e3o de energia que cortam os bairros City Boa\u00e7ava e Alto de Pinheiros. \u00c9 a primeira vez que um tribunal do\u2026","rel":"","context":"Em &quot;X.Categorias velhas&quot;","block_context":{"text":"X.Categorias velhas","link":"https:\/\/www.jornalja.com.br\/arquivo\/category\/x-categorias-velhas\/"},"img":{"alt_text":"","src":"","width":0,"height":0},"classes":[]},{"id":13101,"url":"https:\/\/www.jornalja.com.br\/arquivo\/morre-um-guerreiro-do-texto\/","url_meta":{"origin":50466,"position":5},"title":"Morre um guerreiro do texto","author":"Patr\u00edcia Marini","date":"14 de maio de 2014","format":false,"excerpt":"Por Ricardo Kotscho Reproduzido do blog do autor, 11\/5\/2014; t\u00edtulo original \u201cE l\u00e1 se foi o nosso Myltainho, guerreiro do texto\u201d. Mi\u00fado e franzino, meu amigo Myltainho era um valente e inconformado guerreiro na luta contra as injusti\u00e7as sociais, a hipocrisia, as maracutaias, o autoritarismo, a intoler\u00e2ncia, a viol\u00eancia, o\u2026","rel":"","context":"Em &quot;Geral&quot;","block_context":{"text":"Geral","link":"https:\/\/www.jornalja.com.br\/arquivo\/category\/geral\/"},"img":{"alt_text":"","src":"","width":0,"height":0},"classes":[]}],"jetpack_shortlink":"https:\/\/wp.me\/pbQjBd-d7Y","jetpack_featured_media_url":"","_links":{"self":[{"href":"https:\/\/www.jornalja.com.br\/arquivo\/wp-json\/wp\/v2\/posts\/50466","targetHints":{"allow":["GET"]}}],"collection":[{"href":"https:\/\/www.jornalja.com.br\/arquivo\/wp-json\/wp\/v2\/posts"}],"about":[{"href":"https:\/\/www.jornalja.com.br\/arquivo\/wp-json\/wp\/v2\/types\/post"}],"author":[{"embeddable":true,"href":"https:\/\/www.jornalja.com.br\/arquivo\/wp-json\/wp\/v2\/users\/4"}],"replies":[{"embeddable":true,"href":"https:\/\/www.jornalja.com.br\/arquivo\/wp-json\/wp\/v2\/comments?post=50466"}],"version-history":[{"count":0,"href":"https:\/\/www.jornalja.com.br\/arquivo\/wp-json\/wp\/v2\/posts\/50466\/revisions"}],"wp:attachment":[{"href":"https:\/\/www.jornalja.com.br\/arquivo\/wp-json\/wp\/v2\/media?parent=50466"}],"wp:term":[{"taxonomy":"category","embeddable":true,"href":"https:\/\/www.jornalja.com.br\/arquivo\/wp-json\/wp\/v2\/categories?post=50466"},{"taxonomy":"post_tag","embeddable":true,"href":"https:\/\/www.jornalja.com.br\/arquivo\/wp-json\/wp\/v2\/tags?post=50466"}],"curies":[{"name":"wp","href":"https:\/\/api.w.org\/{rel}","templated":true}]}}