{"id":50470,"date":"2017-06-23T13:10:43","date_gmt":"2017-06-23T16:10:43","guid":{"rendered":"https:\/\/www.jornalja.com.br\/?p=50470"},"modified":"2017-06-23T13:10:43","modified_gmt":"2017-06-23T16:10:43","slug":"gestao-marchezan-tem-tres-baixas-em-uma-semana","status":"publish","type":"post","link":"https:\/\/www.jornalja.com.br\/arquivo\/gestao-marchezan-tem-tres-baixas-em-uma-semana\/","title":{"rendered":"Gest\u00e3o Marchezan tem tr\u00eas baixas em uma semana"},"content":{"rendered":"<p><span class=\"assina\">Matheus Chaparini<\/span><br \/>\nEm exatos sete dias, entre a sexta-feira da semana passada e esta quinta, a gest\u00e3o do prefeito de Porto Alegre Nelson Marchezan J\u00fanior teve tr\u00eas novas demiss\u00f5es: do procurador-geral do Munic\u00edpio, do diretor-geral do DMLU e do <a href=\"https:\/\/www.jornalja.com.br\/marchezan-define-seu-diretor-de-jornalismo-na-prefeitura\/\" target=\"_blank\" rel=\"noopener noreferrer\">diretor de Jornalismo da Prefeitura<\/a>, que ficou apenas tr\u00eas semanas no cargo.<br \/>\nA mais recente ocorreu ontem. A Prefeitura confirmou a demiss\u00e3o do diretor-geral do DMLU (Departamento Municipal de Limpeza Urbana), \u00c1lvaro de Azevedo. Sua sa\u00edda foi uma decis\u00e3o da gest\u00e3o, segundo a assessoria da Pasta. Advogado especializado em direito ambiental, Azevedo foi escolhido pelo banco de talentos e nomeado por Marchezan em fevereiro. Em seu lugar, assume o DMLU o consultor empresarial Adenir Matos dos Santos, formado em Ci\u00eancias Cont\u00e1beis e com p\u00f3s-gradua\u00e7\u00e3o em Administra\u00e7\u00e3o Hospitalar pela PUCRS.<br \/>\nNa sexta-feira, dia 16, tr\u00eas semanas ap\u00f3s assumir como diretor de jornalismo, Alexandre Bach deixou o cargo. Bach havia sido assumido no dia 25 de maio. O Di\u00e1rio Oficial trouxe sua nomea\u00e7\u00e3o depois que ele havia deixado o cargo.<br \/>\n&#8220;N\u00e3o houve crise alguma na minha sa\u00edda, a decis\u00e3o foi minha porque n\u00e3o consegui conciliar o trabalho na Prefeitura com a atividade que priorizei desde que sa\u00ed da RBS, a produ\u00e7\u00e3o de livros&#8221;, justificou o jornalista.<br \/>\nTamb\u00e9m na sexta, 16, a gest\u00e3o Marchezan havia sofrido uma importante baixa. Bruno Miragem <a href=\"https:\/\/www.jornalja.com.br\/procuradoria-geral-do-municipio-troca-comando-apos-seis-meses\/\" target=\"_blank\" rel=\"noopener noreferrer\">deixou o cargo de Procurador-Geral do Munic\u00edpio<\/a> antes do governo municipal completar seis meses. Saiu por raz\u00f5es pessoais, segundo a Prefeitura. Miragem foi um dos primeiros nomes anunciados pelo prefeito Marchezan, ainda antes de tomar posse. Foi substitu\u00eddo pela advogada e professora de Direito Eunice Nequete.<br \/>\nAdvogado e consultor jur\u00eddico, Miragem representou a Falconi em um processo de 2014, quando a Justi\u00e7a suspendeu um contato de R$ 2 milh\u00f5es entre a empresa de consultoria e a Prefeitura de Pelotas. Em Porto Alegre, a Falconi atuou junto \u00e0 Prefeitura atrav\u00e9s da organiza\u00e7\u00e3o Comunitas, cujo contrato foi suspenso pela Justi\u00e7a.<br \/>\nA reportagem do J\u00c1 buscou o\u00a0contato com \u00c1lvaro de Azevedo e Bruno Miragem, mas n\u00e3o foram localizados.<br \/>\n<span class=\"intertit\">\u201cMotivos pessoais\u201d geram demiss\u00f5es<\/span><br \/>\nAs tr\u00eas demiss\u00f5es registradas nos \u00faltimos dias n\u00e3o foram as primeiras destes primeiros meses de governo. No in\u00edcio de maio <a href=\"https:\/\/www.jornalja.com.br\/responsavel-pela-articulacao-politica-kevin-krieger-deixa-o-governo-marchezan\/\" target=\"_blank\" rel=\"noopener noreferrer\">outro importante nome da gest\u00e3o havia se demitido<\/a>. Kevin Krieger coordenou a campanha vitoriosa de Marchezan, era secret\u00e1rio de Rela\u00e7\u00f5es Institucionais e Articula\u00e7\u00e3o Pol\u00edtica e considerado bra\u00e7o direito do prefeito Marchezan. Tamb\u00e9m saiu alegando motivos pessoais. Semanas antes, Krieger havia feito chegar aos jornais seu descontentamento. Estaria se sentindo escanteado.<br \/>\nEm fevereiro, <a href=\"https:\/\/www.jornalja.com.br\/renuncia-do-presidente-da-carris-segue-sem-explicacao\/\">a baixa foi na Carris<\/a>. Ap\u00f3s 20 no cargo, o presidente nomeado por Marchezan pediu para sair. Lu\u00eds Fernando Ferreira tinha o perfil para a vaga: empreendedor, selecionado atrav\u00e9s do banco de talentos, especializado em gest\u00e3o de empresas em crise. Assumiu com a miss\u00e3o de reverter os maus resultados acumulados pela Carris nos \u00faltimos anos. Pediu demiss\u00e3o 20 dias depois.<br \/>\nEm mar\u00e7o, o adjunto da Secretaria Municipal de Administra\u00e7\u00e3o foi demitido. Carlos Fett ocupava cargo em comiss\u00e3o desde a gest\u00e3o Fortunati. Em paralelo, atuava como pr\u00e9-reitor de assuntos institucionais do grupo Facinepe, investigado pelo Minist\u00e9rio da Educa\u00e7\u00e3o por suspeita de irregularidades em cursos de p\u00f3s-gradua\u00e7\u00e3o.<\/p>\n","protected":false},"excerpt":{"rendered":"<p>Matheus Chaparini Em exatos sete dias, entre a sexta-feira da semana passada e esta quinta, a gest\u00e3o do prefeito de Porto Alegre Nelson Marchezan J\u00fanior teve tr\u00eas novas demiss\u00f5es: do procurador-geral do Munic\u00edpio, do diretor-geral do DMLU e do diretor de Jornalismo da Prefeitura, que ficou apenas tr\u00eas semanas no cargo. A mais recente ocorreu [&hellip;]<\/p>\n","protected":false},"author":4,"featured_media":50472,"comment_status":"open","ping_status":"closed","sticky":false,"template":"","format":"standard","meta":{"_jetpack_newsletter_access":"","_jetpack_dont_email_post_to_subs":false,"_jetpack_newsletter_tier_id":0,"_jetpack_memberships_contains_paywalled_content":false,"_jetpack_feature_clip_id":0,"_jetpack_memberships_contains_paid_content":false,"footnotes":"","jetpack_post_was_ever_published":false},"categories":[26],"tags":[],"class_list":["post-50470","post","type-post","status-publish","format-standard","has-post-thumbnail","hentry","category-geral"],"aioseo_notices":[],"aioseo_head":"\n\t\t<!-- All in One SEO 5.0.1.1 - aioseo.com -->\n\t<meta name=\"robots\" content=\"max-image-preview:large\" \/>\n\t<meta name=\"author\" content=\"da Reda\u00e7\u00e3o\"\/>\n\t<link rel=\"canonical\" href=\"https:\/\/www.jornalja.com.br\/arquivo\/gestao-marchezan-tem-tres-baixas-em-uma-semana\/\" \/>\n\t<meta name=\"generator\" content=\"All in One SEO (AIOSEO) 5.0.1.1\" \/>\n\t\t<meta property=\"og:locale\" content=\"pt_BR\" \/>\n\t\t<meta property=\"og:site_name\" content=\"Arquivo | Jornal J\u00c1 | Porto Alegre\" \/>\n\t\t<meta property=\"og:type\" content=\"article\" \/>\n\t\t<meta property=\"og:title\" content=\"Gest\u00e3o Marchezan tem tr\u00eas baixas em uma semana | Arquivo\" \/>\n\t\t<meta property=\"og:url\" content=\"https:\/\/www.jornalja.com.br\/arquivo\/gestao-marchezan-tem-tres-baixas-em-uma-semana\/\" \/>\n\t\t<meta property=\"og:image\" content=\"https:\/\/www.jornalja.com.br\/economics\/wp-content\/uploads\/sites\/11\/2026\/08\/ja-folhaderosto-facebook.jpg\" \/>\n\t\t<meta property=\"og:image:secure_url\" content=\"https:\/\/www.jornalja.com.br\/economics\/wp-content\/uploads\/sites\/11\/2026\/08\/ja-folhaderosto-facebook.jpg\" \/>\n\t\t<meta property=\"article:published_time\" content=\"2017-06-23T16:10:43+00:00\" \/>\n\t\t<meta property=\"article:modified_time\" content=\"2017-06-23T16:10:43+00:00\" \/>\n\t\t<meta name=\"twitter:card\" content=\"summary\" \/>\n\t\t<meta name=\"twitter:title\" content=\"Gest\u00e3o Marchezan tem tr\u00eas baixas em uma semana | Arquivo\" \/>\n\t\t<meta name=\"twitter:image\" content=\"https:\/\/www.jornalja.com.br\/economics\/wp-content\/uploads\/sites\/11\/2026\/08\/ja-folhaderosto-facebook.jpg\" \/>\n\t\t<script type=\"application\/ld+json\" class=\"aioseo-schema\">\n\t\t\t{\"@context\":\"https:\\\/\\\/schema.org\",\"@graph\":[{\"@type\":\"BlogPosting\",\"@id\":\"https:\\\/\\\/www.jornalja.com.br\\\/arquivo\\\/gestao-marchezan-tem-tres-baixas-em-uma-semana\\\/#blogposting\",\"name\":\"Gest\\u00e3o Marchezan tem tr\\u00eas baixas em uma semana | Arquivo\",\"headline\":\"Gest\\u00e3o Marchezan tem tr\\u00eas baixas em uma semana\",\"author\":{\"@id\":\"https:\\\/\\\/www.jornalja.com.br\\\/arquivo\\\/author\\\/daredacao\\\/#author\"},\"publisher\":{\"@id\":\"https:\\\/\\\/www.jornalja.com.br\\\/arquivo\\\/#organization\"},\"image\":{\"@type\":\"ImageObject\",\"url\":50472},\"datePublished\":\"2017-06-23T13:10:43-03:00\",\"dateModified\":\"2017-06-23T13:10:43-03:00\",\"inLanguage\":\"pt-BR\",\"mainEntityOfPage\":{\"@id\":\"https:\\\/\\\/www.jornalja.com.br\\\/arquivo\\\/gestao-marchezan-tem-tres-baixas-em-uma-semana\\\/#webpage\"},\"isPartOf\":{\"@id\":\"https:\\\/\\\/www.jornalja.com.br\\\/arquivo\\\/gestao-marchezan-tem-tres-baixas-em-uma-semana\\\/#webpage\"},\"articleSection\":\"Geral\"},{\"@type\":\"BreadcrumbList\",\"@id\":\"https:\\\/\\\/www.jornalja.com.br\\\/arquivo\\\/gestao-marchezan-tem-tres-baixas-em-uma-semana\\\/#breadcrumblist\",\"itemListElement\":[{\"@type\":\"ListItem\",\"@id\":\"https:\\\/\\\/www.jornalja.com.br\\\/arquivo#listItem\",\"position\":1,\"name\":\"Home\",\"item\":\"https:\\\/\\\/www.jornalja.com.br\\\/arquivo\",\"nextItem\":{\"@type\":\"ListItem\",\"@id\":\"https:\\\/\\\/www.jornalja.com.br\\\/arquivo\\\/category\\\/geral\\\/#listItem\",\"name\":\"Geral\"}},{\"@type\":\"ListItem\",\"@id\":\"https:\\\/\\\/www.jornalja.com.br\\\/arquivo\\\/category\\\/geral\\\/#listItem\",\"position\":2,\"name\":\"Geral\",\"item\":\"https:\\\/\\\/www.jornalja.com.br\\\/arquivo\\\/category\\\/geral\\\/\",\"nextItem\":{\"@type\":\"ListItem\",\"@id\":\"https:\\\/\\\/www.jornalja.com.br\\\/arquivo\\\/gestao-marchezan-tem-tres-baixas-em-uma-semana\\\/#listItem\",\"name\":\"Gest\\u00e3o Marchezan tem tr\\u00eas baixas em uma semana\"},\"previousItem\":{\"@type\":\"ListItem\",\"@id\":\"https:\\\/\\\/www.jornalja.com.br\\\/arquivo#listItem\",\"name\":\"Home\"}},{\"@type\":\"ListItem\",\"@id\":\"https:\\\/\\\/www.jornalja.com.br\\\/arquivo\\\/gestao-marchezan-tem-tres-baixas-em-uma-semana\\\/#listItem\",\"position\":3,\"name\":\"Gest\\u00e3o Marchezan tem tr\\u00eas baixas em uma semana\",\"previousItem\":{\"@type\":\"ListItem\",\"@id\":\"https:\\\/\\\/www.jornalja.com.br\\\/arquivo\\\/category\\\/geral\\\/#listItem\",\"name\":\"Geral\"}}]},{\"@type\":\"Organization\",\"@id\":\"https:\\\/\\\/www.jornalja.com.br\\\/arquivo\\\/#organization\",\"name\":\"Jornal J\\u00c1\",\"description\":\"Jornal J\\u00c1 | Porto Alegre\",\"url\":\"https:\\\/\\\/www.jornalja.com.br\\\/arquivo\\\/\",\"telephone\":\"+555133307272\",\"logo\":{\"@type\":\"ImageObject\",\"url\":\"https:\\\/\\\/www.jornalja.com.br\\\/wp-content\\\/uploads\\\/cards\\\/JAslogan.png\",\"@id\":\"https:\\\/\\\/www.jornalja.com.br\\\/arquivo\\\/gestao-marchezan-tem-tres-baixas-em-uma-semana\\\/#organizationLogo\"},\"image\":{\"@id\":\"https:\\\/\\\/www.jornalja.com.br\\\/arquivo\\\/gestao-marchezan-tem-tres-baixas-em-uma-semana\\\/#organizationLogo\"}},{\"@type\":\"Person\",\"@id\":\"https:\\\/\\\/www.jornalja.com.br\\\/arquivo\\\/author\\\/daredacao\\\/#author\",\"url\":\"https:\\\/\\\/www.jornalja.com.br\\\/arquivo\\\/author\\\/daredacao\\\/\",\"name\":\"da Reda\\u00e7\\u00e3o\",\"image\":{\"@type\":\"ImageObject\",\"@id\":\"https:\\\/\\\/www.jornalja.com.br\\\/arquivo\\\/gestao-marchezan-tem-tres-baixas-em-uma-semana\\\/#authorImage\",\"url\":\"https:\\\/\\\/secure.gravatar.com\\\/avatar\\\/469fd857d6605ad19919d27ed29d35a968a25f6e8fd9318356bbb7f57aae9c65?s=96&d=mm&r=g\",\"width\":96,\"height\":96,\"caption\":\"da Reda\\u00e7\\u00e3o\"}},{\"@type\":\"WebPage\",\"@id\":\"https:\\\/\\\/www.jornalja.com.br\\\/arquivo\\\/gestao-marchezan-tem-tres-baixas-em-uma-semana\\\/#webpage\",\"url\":\"https:\\\/\\\/www.jornalja.com.br\\\/arquivo\\\/gestao-marchezan-tem-tres-baixas-em-uma-semana\\\/\",\"name\":\"Gest\\u00e3o Marchezan tem tr\\u00eas baixas em uma semana | Arquivo\",\"inLanguage\":\"pt-BR\",\"isPartOf\":{\"@id\":\"https:\\\/\\\/www.jornalja.com.br\\\/arquivo\\\/#website\"},\"breadcrumb\":{\"@id\":\"https:\\\/\\\/www.jornalja.com.br\\\/arquivo\\\/gestao-marchezan-tem-tres-baixas-em-uma-semana\\\/#breadcrumblist\"},\"author\":{\"@id\":\"https:\\\/\\\/www.jornalja.com.br\\\/arquivo\\\/author\\\/daredacao\\\/#author\"},\"creator\":{\"@id\":\"https:\\\/\\\/www.jornalja.com.br\\\/arquivo\\\/author\\\/daredacao\\\/#author\"},\"image\":{\"@type\":\"ImageObject\",\"url\":50472,\"@id\":\"https:\\\/\\\/www.jornalja.com.br\\\/arquivo\\\/gestao-marchezan-tem-tres-baixas-em-uma-semana\\\/#mainImage\"},\"primaryImageOfPage\":{\"@id\":\"https:\\\/\\\/www.jornalja.com.br\\\/arquivo\\\/gestao-marchezan-tem-tres-baixas-em-uma-semana\\\/#mainImage\"},\"datePublished\":\"2017-06-23T13:10:43-03:00\",\"dateModified\":\"2017-06-23T13:10:43-03:00\"},{\"@type\":\"WebSite\",\"@id\":\"https:\\\/\\\/www.jornalja.com.br\\\/arquivo\\\/#website\",\"url\":\"https:\\\/\\\/www.jornalja.com.br\\\/arquivo\\\/\",\"name\":\"Arquivo\",\"description\":\"Jornal J\\u00c1 | Porto Alegre\",\"inLanguage\":\"pt-BR\",\"publisher\":{\"@id\":\"https:\\\/\\\/www.jornalja.com.br\\\/arquivo\\\/#organization\"}}]}\n\t\t<\/script>\n\t\t<!-- All in One SEO -->\n\n","aioseo_head_json":{"title":"Gest\u00e3o Marchezan tem tr\u00eas baixas em uma semana | Arquivo","description":"","canonical_url":"https:\/\/www.jornalja.com.br\/arquivo\/gestao-marchezan-tem-tres-baixas-em-uma-semana\/","robots":"max-image-preview:large","keywords":"","webmasterTools":{"miscellaneous":""},"schema":{"@context":"https:\/\/schema.org","@graph":[{"@type":"BlogPosting","@id":"https:\/\/www.jornalja.com.br\/arquivo\/gestao-marchezan-tem-tres-baixas-em-uma-semana\/#blogposting","name":"Gest\u00e3o Marchezan tem tr\u00eas baixas em uma semana | Arquivo","headline":"Gest\u00e3o Marchezan tem tr\u00eas baixas em uma semana","author":{"@id":"https:\/\/www.jornalja.com.br\/arquivo\/author\/daredacao\/#author"},"publisher":{"@id":"https:\/\/www.jornalja.com.br\/arquivo\/#organization"},"image":{"@type":"ImageObject","url":50472},"datePublished":"2017-06-23T13:10:43-03:00","dateModified":"2017-06-23T13:10:43-03:00","inLanguage":"pt-BR","mainEntityOfPage":{"@id":"https:\/\/www.jornalja.com.br\/arquivo\/gestao-marchezan-tem-tres-baixas-em-uma-semana\/#webpage"},"isPartOf":{"@id":"https:\/\/www.jornalja.com.br\/arquivo\/gestao-marchezan-tem-tres-baixas-em-uma-semana\/#webpage"},"articleSection":"Geral"},{"@type":"BreadcrumbList","@id":"https:\/\/www.jornalja.com.br\/arquivo\/gestao-marchezan-tem-tres-baixas-em-uma-semana\/#breadcrumblist","itemListElement":[{"@type":"ListItem","@id":"https:\/\/www.jornalja.com.br\/arquivo#listItem","position":1,"name":"Home","item":"https:\/\/www.jornalja.com.br\/arquivo","nextItem":{"@type":"ListItem","@id":"https:\/\/www.jornalja.com.br\/arquivo\/category\/geral\/#listItem","name":"Geral"}},{"@type":"ListItem","@id":"https:\/\/www.jornalja.com.br\/arquivo\/category\/geral\/#listItem","position":2,"name":"Geral","item":"https:\/\/www.jornalja.com.br\/arquivo\/category\/geral\/","nextItem":{"@type":"ListItem","@id":"https:\/\/www.jornalja.com.br\/arquivo\/gestao-marchezan-tem-tres-baixas-em-uma-semana\/#listItem","name":"Gest\u00e3o Marchezan tem tr\u00eas baixas em uma semana"},"previousItem":{"@type":"ListItem","@id":"https:\/\/www.jornalja.com.br\/arquivo#listItem","name":"Home"}},{"@type":"ListItem","@id":"https:\/\/www.jornalja.com.br\/arquivo\/gestao-marchezan-tem-tres-baixas-em-uma-semana\/#listItem","position":3,"name":"Gest\u00e3o Marchezan tem tr\u00eas baixas em uma semana","previousItem":{"@type":"ListItem","@id":"https:\/\/www.jornalja.com.br\/arquivo\/category\/geral\/#listItem","name":"Geral"}}]},{"@type":"Organization","@id":"https:\/\/www.jornalja.com.br\/arquivo\/#organization","name":"Jornal J\u00c1","description":"Jornal J\u00c1 | Porto Alegre","url":"https:\/\/www.jornalja.com.br\/arquivo\/","telephone":"+555133307272","logo":{"@type":"ImageObject","url":"https:\/\/www.jornalja.com.br\/wp-content\/uploads\/cards\/JAslogan.png","@id":"https:\/\/www.jornalja.com.br\/arquivo\/gestao-marchezan-tem-tres-baixas-em-uma-semana\/#organizationLogo"},"image":{"@id":"https:\/\/www.jornalja.com.br\/arquivo\/gestao-marchezan-tem-tres-baixas-em-uma-semana\/#organizationLogo"}},{"@type":"Person","@id":"https:\/\/www.jornalja.com.br\/arquivo\/author\/daredacao\/#author","url":"https:\/\/www.jornalja.com.br\/arquivo\/author\/daredacao\/","name":"da Reda\u00e7\u00e3o","image":{"@type":"ImageObject","@id":"https:\/\/www.jornalja.com.br\/arquivo\/gestao-marchezan-tem-tres-baixas-em-uma-semana\/#authorImage","url":"https:\/\/secure.gravatar.com\/avatar\/469fd857d6605ad19919d27ed29d35a968a25f6e8fd9318356bbb7f57aae9c65?s=96&d=mm&r=g","width":96,"height":96,"caption":"da Reda\u00e7\u00e3o"}},{"@type":"WebPage","@id":"https:\/\/www.jornalja.com.br\/arquivo\/gestao-marchezan-tem-tres-baixas-em-uma-semana\/#webpage","url":"https:\/\/www.jornalja.com.br\/arquivo\/gestao-marchezan-tem-tres-baixas-em-uma-semana\/","name":"Gest\u00e3o Marchezan tem tr\u00eas baixas em uma semana | Arquivo","inLanguage":"pt-BR","isPartOf":{"@id":"https:\/\/www.jornalja.com.br\/arquivo\/#website"},"breadcrumb":{"@id":"https:\/\/www.jornalja.com.br\/arquivo\/gestao-marchezan-tem-tres-baixas-em-uma-semana\/#breadcrumblist"},"author":{"@id":"https:\/\/www.jornalja.com.br\/arquivo\/author\/daredacao\/#author"},"creator":{"@id":"https:\/\/www.jornalja.com.br\/arquivo\/author\/daredacao\/#author"},"image":{"@type":"ImageObject","url":50472,"@id":"https:\/\/www.jornalja.com.br\/arquivo\/gestao-marchezan-tem-tres-baixas-em-uma-semana\/#mainImage"},"primaryImageOfPage":{"@id":"https:\/\/www.jornalja.com.br\/arquivo\/gestao-marchezan-tem-tres-baixas-em-uma-semana\/#mainImage"},"datePublished":"2017-06-23T13:10:43-03:00","dateModified":"2017-06-23T13:10:43-03:00"},{"@type":"WebSite","@id":"https:\/\/www.jornalja.com.br\/arquivo\/#website","url":"https:\/\/www.jornalja.com.br\/arquivo\/","name":"Arquivo","description":"Jornal J\u00c1 | Porto Alegre","inLanguage":"pt-BR","publisher":{"@id":"https:\/\/www.jornalja.com.br\/arquivo\/#organization"}}]},"og:locale":"pt_BR","og:site_name":"Arquivo | Jornal J\u00c1 | Porto Alegre","og:type":"article","og:title":"Gest\u00e3o Marchezan tem tr\u00eas baixas em uma semana | Arquivo","og:url":"https:\/\/www.jornalja.com.br\/arquivo\/gestao-marchezan-tem-tres-baixas-em-uma-semana\/","og:image":"https:\/\/www.jornalja.com.br\/economics\/wp-content\/uploads\/sites\/11\/2026\/08\/ja-folhaderosto-facebook.jpg","og:image:secure_url":"https:\/\/www.jornalja.com.br\/economics\/wp-content\/uploads\/sites\/11\/2026\/08\/ja-folhaderosto-facebook.jpg","article:published_time":"2017-06-23T16:10:43+00:00","article:modified_time":"2017-06-23T16:10:43+00:00","twitter:card":"summary","twitter:title":"Gest\u00e3o Marchezan tem tr\u00eas baixas em uma semana | Arquivo","twitter:image":"https:\/\/www.jornalja.com.br\/economics\/wp-content\/uploads\/sites\/11\/2026\/08\/ja-folhaderosto-facebook.jpg"},"aioseo_meta_data":{"post_id":"50470","title":null,"description":null,"keywords":null,"keyphrases":null,"primary_term":null,"canonical_url":null,"og_title":null,"og_description":null,"og_object_type":"default","og_image_type":"default","og_image_url":null,"og_image_width":null,"og_image_height":null,"og_image_custom_url":null,"og_image_custom_fields":null,"og_video":null,"og_custom_url":null,"og_article_section":null,"og_article_tags":null,"twitter_use_og":false,"twitter_card":"default","twitter_image_type":"default","twitter_image_url":null,"twitter_image_custom_url":null,"twitter_image_custom_fields":null,"twitter_title":null,"twitter_description":null,"schema":{"blockGraphs":[],"customGraphs":[],"default":{"data":{"Article":[],"Course":[],"Dataset":[],"FAQPage":[],"Movie":[],"Person":[],"Product":[],"ProductReview":[],"Car":[],"Recipe":[],"Service":[],"SoftwareApplication":[],"WebPage":[]},"graphName":"","isEnabled":true},"graphs":[],"defaultGraph":"","defaultPostTypeGraph":""},"schema_type":null,"schema_type_options":null,"pillar_content":false,"robots_default":true,"robots_noindex":false,"robots_noarchive":false,"robots_nosnippet":false,"robots_nofollow":false,"robots_noimageindex":false,"robots_noodp":false,"robots_notranslate":false,"robots_max_snippet":null,"robots_max_videopreview":null,"robots_max_imagepreview":"large","priority":null,"frequency":null,"location":null,"local_seo":null,"breadcrumb_settings":null,"limit_modified_date":false,"ai":null,"created":"2020-12-20 20:30:49","updated":"2025-07-19 22:28:29","seo_analyzer_scan_date":null,"focus_keyword":null,"additional_keywords":null,"truseo_locale":null},"jetpack_sharing_enabled":true,"jetpack-related-posts":[{"id":5440,"url":"https:\/\/www.jornalja.com.br\/arquivo\/casarao-da-venancio-destino-permanece-incerto\/","url_meta":{"origin":50470,"position":0},"title":"Estado ainda n\u00e3o sabe o que fazer com casar\u00e3o abandonado h\u00e1 20 anos","author":"Elmar Bones","date":"6 de julho de 2009","format":false,"excerpt":"O casar\u00e3o amarelo, numa esquina nobre de Porto Alegre (Ven\u00e2ncio Aires com Jo\u00e3o Pessoa), j\u00e1 abrigou uma escola. H\u00e1 duas d\u00e9cadas, pelo menos, est\u00e1 abandonado, porque seu propriet\u00e1rio, o governo do Estado do Rio Grande do Sul, n\u00e3o consegue achar um destino para ele. Planos n\u00e3o faltaram. O governador Ol\u00edvio\u2026","rel":"","context":"Em &quot;X.Categorias velhas&quot;","block_context":{"text":"X.Categorias velhas","link":"https:\/\/www.jornalja.com.br\/arquivo\/category\/x-categorias-velhas\/"},"img":{"alt_text":"geraldo1","src":"https:\/\/i0.wp.com\/www.jornalja.com.br\/wp-content\/uploads\/2009\/07\/geraldo1.jpg?resize=350%2C200&ssl=1","width":350,"height":200},"classes":[]},{"id":13240,"url":"https:\/\/www.jornalja.com.br\/arquivo\/plano-diretor-estamos-construindo-o-caos\/","url_meta":{"origin":50470,"position":1},"title":"Plano diretor: &quot;Estamos construindo o caos&quot;","author":"Patr\u00edcia Marini","date":"26 de maio de 2014","format":false,"excerpt":"Desabafo que arquiteta Eliana Castilhos, delegada da Regi\u00e3o de Planejamento 1, postou nas redes sociais \u00e9 um testemunho do ambiente que se criou no Conselho do Plano Diretor de Porto Alegre, onde a aprova\u00e7\u00e3o de grandes empreendimentos \u00e9 empurrada guela abaixo dos conselheiros. Ao CMDUA Como delegada da Regi\u00e3o de\u2026","rel":"","context":"Em &quot;Geral&quot;","block_context":{"text":"Geral","link":"https:\/\/www.jornalja.com.br\/arquivo\/category\/geral\/"},"img":{"alt_text":"","src":"","width":0,"height":0},"classes":[]},{"id":13124,"url":"https:\/\/www.jornalja.com.br\/arquivo\/sangue-latino-no-iecine\/","url_meta":{"origin":50470,"position":2},"title":"Sangue latino no IECINE","author":"da Reda\u00e7\u00e3o","date":"18 de maio de 2014","format":false,"excerpt":"Francisco Ribeiro O Instituto Estadual de Cinema (IECINE) tem a frente, desde abril \u00faltimo, um novo diretor, o cineasta colombiano Juan Zapata, 36, que substitui Luiz Alberto Cassol. Radicado h\u00e1 dez anos em Porto Alegre, Zapata tem diante de si o desafio de conduzir at\u00e9 o final do ano um\u2026","rel":"","context":"Em &quot;Cultura-Geral&quot;","block_context":{"text":"Cultura-Geral","link":"https:\/\/www.jornalja.com.br\/arquivo\/category\/materiasecundaria\/"},"img":{"alt_text":"","src":"","width":0,"height":0},"classes":[]},{"id":13239,"url":"https:\/\/www.jornalja.com.br\/arquivo\/conselho-desdenha-do-plano-diretor\/","url_meta":{"origin":50470,"position":3},"title":"Porto Alegre: Conselho detona Plano Diretor","author":"Patr\u00edcia Marini","date":"25 de maio de 2014","format":false,"excerpt":"Den\u00fancia do arquiteto e \u00a0urbanista Ibir\u00e1 Santos Lucas. Ele diz que os conselheiros est\u00e3o votando com \"enorme irresponsabilidade\". \"Mudam regime com a maior naturalidade,,,regularizam absurdos de constru\u00e7\u00f5es irregulares... \"O CMDUA est\u00e1 flexibilizando a lei do plano diretor, de uma forma impactante na vida da cidade. Mudam regime com a maior\u2026","rel":"","context":"Em &quot;Geral&quot;","block_context":{"text":"Geral","link":"https:\/\/www.jornalja.com.br\/arquivo\/category\/geral\/"},"img":{"alt_text":"","src":"","width":0,"height":0},"classes":[]},{"id":12960,"url":"https:\/\/www.jornalja.com.br\/arquivo\/populacao-culpa-empresas-pela-greve-dos-rodoviarios\/","url_meta":{"origin":50470,"position":4},"title":"Popula\u00e7\u00e3o culpa empresas pela greve","author":"Patr\u00edcia Marini","date":"14 de fevereiro de 2014","format":false,"excerpt":"Pesquisa divulgada na edi\u00e7\u00e3o do jornal Metro desta sexta-feira,14, comprova o velho ditado: \u00e9 poss\u00edvel enganar muitos por algum tempo, mas n\u00e3o \u00e9 poss\u00edvel enganar a todos o tempo inteiro. A principal revela\u00e7\u00e3o foi que 59,8% dos entrevistados apontaram as empresas como as principais respons\u00e1veis pela grave e 46% culparam\u2026","rel":"","context":"Em &quot;X.Categorias velhas&quot;","block_context":{"text":"X.Categorias velhas","link":"https:\/\/www.jornalja.com.br\/arquivo\/category\/x-categorias-velhas\/"},"img":{"alt_text":"","src":"","width":0,"height":0},"classes":[]},{"id":14241,"url":"https:\/\/www.jornalja.com.br\/arquivo\/o-guaiba-nas-imagens-poeticas-de-achutti\/","url_meta":{"origin":50470,"position":5},"title":"O Gua\u00edba nas imagens po\u00e9ticas de Achutti","author":"da Reda\u00e7\u00e3o","date":"18 de junho de 2014","format":false,"excerpt":"Em \u201cO Gua\u00edba por Achutti\u201d \u2013 obra financiada via Minist\u00e9rio da Cultura, produ\u00e7\u00e3o executiva de Pedro Longhi, e Fl\u00e1vio Wild como designer \u2013, o fot\u00f3grafo revela a beleza e as mazelas de um espa\u00e7o aqu\u00e1tico de \u00e1guas sempre renovadas, cheio de hist\u00f3rias e lendas como as das cidades que foram\u2026","rel":"","context":"Em &quot;Cultura-Geral&quot;","block_context":{"text":"Cultura-Geral","link":"https:\/\/www.jornalja.com.br\/arquivo\/category\/materiasecundaria\/"},"img":{"alt_text":"","src":"","width":0,"height":0},"classes":[]}],"jetpack_shortlink":"https:\/\/wp.me\/pbQjBd-d82","jetpack_featured_media_url":"","_links":{"self":[{"href":"https:\/\/www.jornalja.com.br\/arquivo\/wp-json\/wp\/v2\/posts\/50470","targetHints":{"allow":["GET"]}}],"collection":[{"href":"https:\/\/www.jornalja.com.br\/arquivo\/wp-json\/wp\/v2\/posts"}],"about":[{"href":"https:\/\/www.jornalja.com.br\/arquivo\/wp-json\/wp\/v2\/types\/post"}],"author":[{"embeddable":true,"href":"https:\/\/www.jornalja.com.br\/arquivo\/wp-json\/wp\/v2\/users\/4"}],"replies":[{"embeddable":true,"href":"https:\/\/www.jornalja.com.br\/arquivo\/wp-json\/wp\/v2\/comments?post=50470"}],"version-history":[{"count":0,"href":"https:\/\/www.jornalja.com.br\/arquivo\/wp-json\/wp\/v2\/posts\/50470\/revisions"}],"wp:attachment":[{"href":"https:\/\/www.jornalja.com.br\/arquivo\/wp-json\/wp\/v2\/media?parent=50470"}],"wp:term":[{"taxonomy":"category","embeddable":true,"href":"https:\/\/www.jornalja.com.br\/arquivo\/wp-json\/wp\/v2\/categories?post=50470"},{"taxonomy":"post_tag","embeddable":true,"href":"https:\/\/www.jornalja.com.br\/arquivo\/wp-json\/wp\/v2\/tags?post=50470"}],"curies":[{"name":"wp","href":"https:\/\/api.w.org\/{rel}","templated":true}]}}