{"id":50473,"date":"2017-06-23T19:24:42","date_gmt":"2017-06-23T22:24:42","guid":{"rendered":"https:\/\/www.jornalja.com.br\/?p=50473"},"modified":"2017-06-23T19:24:42","modified_gmt":"2017-06-23T22:24:42","slug":"por-que-temer-ainda-nao-caiu","status":"publish","type":"post","link":"https:\/\/www.jornalja.com.br\/arquivo\/por-que-temer-ainda-nao-caiu\/","title":{"rendered":"Por que Temer ainda n\u00e3o caiu?"},"content":{"rendered":"<p>Muitos se perguntam: por que, ap\u00f3s tantas den\u00fancias, ditadas e repetidas por fontes as mais diversas, e insuspeitas, como a voz dos ex-s\u00f3cios, Michel Temer ainda n\u00e3o caiu, quando foi t\u00e3o f\u00e1cil depor a presidente Dilma Rousseff?<br \/>\nComo se sustenta um presidente sem apoio no voto, ungido ao poder por um golpe de Estado midi\u00e1tico-parlamentar (onde come\u00e7a a desmilinguir-se seu mando), e desfrutando do desapre\u00e7o da popula\u00e7\u00e3o de seu pa\u00eds, de quem foge, acuado, escondido no bunker em que foi transformado o Pal\u00e1cio do Jaburu?<br \/>\nV\u00e1rios fatores podem, no conjunto, constituir uma resposta mais ou menos satisfat\u00f3ria. Mas, antes de mais nada, lembremos que, diverg\u00eancias secund\u00e1rias \u00e0 parte, mantem-se de p\u00e9 a coaliz\u00e3o econ\u00f4mico-pol\u00edtica montada l\u00e1 atr\u00e1s para assegurar o impeachment. O capital financeiro, o agroneg\u00f3cio, as igrejas pentecostais e suas representa\u00e7\u00f5es no Congresso e nos grandes meios de comunica\u00e7\u00e3o, permanecem unificados em torno das \u2018reformas\u2019, eufemismo com o qual se designa o projeto, em curso acelerado, de regress\u00e3o pol\u00edtica, social e econ\u00f4mica do Pa\u00eds, cujo alcance paga qualquer pre\u00e7o.<br \/>\nPara esse efeito, Temer \u00e9 pe\u00e7a secund\u00e1ria, instrumento descart\u00e1vel a qualquer momento. E por que n\u00e3o \u00e9 jogado ao mar como carga imprest\u00e1vel? Por que a troca de guarda coloca, entre v\u00e1rias outras quest\u00f5es (como a relativa apatia das ruas, o medo dos parlamentares em face dos seus \u2018justiceiros\u2019, e o \u2018risco Lula\u2019, etc.) dois problemas, para o <em>establishment<\/em>: um, o <em>modus faciendi<\/em> do descarte, que precisa respeitar, pelo menos nas apar\u00eancias mais vistosas, as regras constitucionais, e, dois, a necessidade de que a substitui\u00e7\u00e3o se fa\u00e7a em seguran\u00e7a, para que no lugar de Francisco se sente Chico, comprometido, como ele, com as \u2018reformas\u2019.<br \/>\nPor tais raz\u00f5es, nenhuma porta pode ser aberta, mesmo pela direita, sem o concurso, ora da C\u00e2mara dos Deputados (a quem cabe autorizar ou n\u00e3o o impeachment e a abertura de processo contra o presidente), ora do Supremo Tribunal Federal, que, para dizer o m\u00ednimo, deixa muito a desejar na sua letargia, no seu partidarismo, sempre atendendo aos movimentos dos cord\u00e9is comandados pelo poder.<br \/>\nLamentavelmente, ap\u00f3s um lento processo de corros\u00e3o (derivado em elevada pot\u00eancia do desastre do processo pol\u00edtico-eleitoral em agonia), apresentam-se derru\u00eddas as bases morais e constitucionais dos poderes projetados pela soberania popular (e sobre todos reinam os poderes econ\u00f4micos e medi\u00e1ticos), pois estamos em face da fal\u00eancia de representatividade (donde perda de legitimidade) tanto do Legislativo quanto do Executivo \u2013 ambos, ademais, acusados de corrup\u00e7\u00e3o cong\u00eanita.<br \/>\nQue dizer de uma C\u00e2mara dos Deputados presidida, at\u00e9 ontem, pelo presidi\u00e1rio Eduardo Cunha (hoje por Rodrigo Maia), ou de um Poder Executivo chefiado por Michel Temer, aguardando, em doce vilegiatura pela Europa, a den\u00fancia por crime de corrup\u00e7\u00e3o com a qual lhe acenam a PGR e o STF?<br \/>\nUm de seus comparsas, em crise com a chefia, como quase sempre ocorre nos momentos de divis\u00e3o do butim, resumiu bem, e com a autoridade que ningu\u00e9m lhe nega, o retrato da organiza\u00e7\u00e3o criminosa: \u201cmetade est\u00e1 na cadeia e metade est\u00e1 no Pal\u00e1cio do Planalto\u201d, sua caverna, sua toca.<br \/>\nO Judici\u00e1rio, por seu turno, faz sua parte, seja como institui\u00e7\u00e3o, seja pelo comportamento de alguns de seus membros. Lento e parcial, contradit\u00f3rio em suas decis\u00f5es (de que deriva a inseguran\u00e7a jur\u00eddica), desrespeita direitos amparados pela Constitui\u00e7\u00e3o e invade \u00e1reas do Legislativo e do Executivo. Partidarizado, interv\u00e9m no processo pol\u00edtico, como ao n\u00e3o julgar a liminar sobre a proibi\u00e7\u00e3o de Lula assumir a chefia da Casa Civil de Dilma Rousseff. Omitindo-se, ardilosamente, abriu, consciente e deliberadamente, o caminho de que as for\u00e7as golpistas careciam para abrir caminho ao impeachment, do qual se fez coator.<br \/>\nQuando a todos nos parecia que o rid\u00edculo, o opr\u00f3brio, o inusual, o insuspeit\u00e1vel, o escandaloso teria sido esgotado pelo espet\u00e1culo de chanchada chinfrim oferecido pela C\u00e2mara dos Deputados na lament\u00e1vel e cara (sabe-se agora, pelas dela\u00e7\u00f5es premiadas, quanto de propina custou aquela vota\u00e7\u00e3o!) sess\u00e3o de 17 de abril de 2016, quando aceitou a den\u00fancia contra Dilma Rousseff, eis que o julgamento, pelo TSE, do pedido tucano derrotado de desclassifica\u00e7\u00e3o da chapa vitoriosa em 2014, se transforma em epis\u00f3dio lament\u00e1vel.<br \/>\nRefiro-me evidentemente, ao comportamento do presidente da sess\u00e3o (debochado, insolente, mal-educado, rompendo as raias do rid\u00edculo), o ainda ministro Gilmar Mendes, ministro do STF e do TSE, advogado militante, empres\u00e1rio do ensino privado, promotor de convescotes com homens de neg\u00f3cios e acad\u00eamicos sem nomeada, assessor de r\u00e9us que ora julga no tribunal eleitoral, ora julga no Supremo, e, finalmente, com sua fam\u00edlia, fornecedor de bois para o complexo JBS.<br \/>\nCom sua falta de educa\u00e7\u00e3o e cont\u00ednua deslealdade diante de seus colegas, assusta um acomodado STF que, sem nervos e m\u00fasculos para impor-se, recusa o dever de cham\u00e1-lo \u00e0 ordem.<br \/>\nEsquece-se por\u00e9m, o tribunal, que a Hist\u00f3ria n\u00e3o julgar\u00e1 isoladamente este ou aquele ministro, este ou aquele juiz, mas sim o Poder Judici\u00e1rio, como institui\u00e7\u00e3o.<br \/>\nA prop\u00f3sito, v\u00e1rios pedidos de impeachment de Gilmar Mendes foram apresentados ao Senado Federal. De um deles tive a honra de ser signat\u00e1rio (ao lado de F\u00e1bio Comparato, S\u00e9rgio S\u00e9rvulo, \u00c1lvaro Ribeiro da Costa e Celso Ant\u00f4nio Bandeira de Melo, entre outros) e do qual foi nosso patrono Marcelo Laven\u00e8re, ex-presidente do Conselho Federal da Ordem dos Advogados. Nosso pedido foi convenientemente recusado pelo ent\u00e3o presidente da Casa, o inef\u00e1vel senador Renan Calheiros e contra essa denega\u00e7\u00e3o os autores impetraram mandado de seguran\u00e7a junto ao STF. Caiu-lhe como relator o ministro Edson Fachin, que, por sua vez, considerou \u2018inadmiss\u00edvel\u2019 a medida. Desta decis\u00e3o foi impetrado agravo interno que espera julgamento pelo plen\u00e1rio.<br \/>\nDiante desse quadro de crise sist\u00eamica, que nos resta como \u2018sa\u00edda\u2019? A alternativa do impeachment do presidente, que o genro de Moreira Franco n\u00e3o deixa andar (entre outros dorme em suas gavetas o pedido formulado pelo Conselho Federal da OAB), cont\u00e9m, tanto o defeito da morosidade, quanto o de depender da atual C\u00e2mara dos Deputados e do atual Senado Federal, dominados, majoritariamente, pela alian\u00e7a da corrup\u00e7\u00e3o deslavada com o baixo clero, e um \u201ccentr\u00e3o\u201d tomado por conservadorismo mais que reacion\u00e1rio. O prov\u00e1vel pedido do STF, de autoriza\u00e7\u00e3o para processar Temer, padece da mesma depend\u00eancia, no caso a pr\u00e9via licen\u00e7a da C\u00e2mara.<br \/>\nO atual Legislativo (confia-se que o STF, n\u00e3o obstante tudo, n\u00e3o lhe siga as pegadas) \u00e9 a guarda pretoriana do presidente, surdo \u00e0 voz das ruas, j\u00e1 que os interesses que defende e preserva n\u00e3o coincidem com os interesses de seus supostos representados, pois, falam as pesquisas de opini\u00e3o de todos os institutos especializados, a quase unanimidade da popula\u00e7\u00e3o repudia o atual governo e defende sua defenestra\u00e7\u00e3o.<br \/>\nO tucanato, agente decisivo no golpe e base fundamental da sustenta\u00e7\u00e3o do governo, mesmo agora, vem \u00e0 luz do dia propor a ren\u00fancia de Temer seguida de imediata convoca\u00e7\u00e3o de elei\u00e7\u00f5es gerais, ou seja, a antecipa\u00e7\u00e3o do pleito de 2018. N\u00e3o se sabe se FHC j\u00e1 combinou o jogo com Temer, e muito menos com os titulares de mandatos eletivos espalhados Brasil afora, do Senado \u00e0s c\u00e2maras municipais, pois, se \u00e9, na atual ordem constitucional, imposs\u00edvel reduzir esses mandatos, a efetividade da proposta passa a depender de uma ren\u00fancia coletiva. \u00c9 preciso acreditar em duendes para apostar em tal evento. Em um ponto, todavia, todos estamos de acordo: o Congresso, que n\u00e3o tem legitimidade para promover reformas t\u00e3o profundas como as exigidas pelos donos do dinheiro, surrupiando do povo direitos conseguidos h\u00e1 d\u00e9cadas, tamb\u00e9m n\u00e3o tem legitimidade para eleger o eventual substituto de Michel Temer.<br \/>\nDe uma forma ou de outra, h\u00e1 uma evid\u00eancia: esse governo precisa ser removido e substitu\u00eddo por outro, esse emanado do voto popular. A solu\u00e7\u00e3o, pois o Pa\u00eds n\u00e3o pode permanecer imobilizado quando cresce e se aprofunda o projeto de sua desconstru\u00e7\u00e3o, volta-se para a sa\u00edda de Temer e a convoca\u00e7\u00e3o, mediante emenda constitucional, de elei\u00e7\u00f5es diretas para sua sucess\u00e3o, de sorte que essa sucess\u00e3o, n\u00e3o sendo apenas uma troca de seis por meia d\u00fazia, segundo o gosto das classes dominantes, seja a seguran\u00e7a da retomada do desenvolvimento, da defesa nacional, da recupera\u00e7\u00e3o dos direitos sociais e trabalhistas.<br \/>\nElei\u00e7\u00f5es diretas n\u00e3o s\u00e3o um fetiche, uma panaceia, mas, sim, a \u00fanica oportunidade que ainda temos de devolver legitimidade \u00e0 Presid\u00eancia da Rep\u00fablica, mormente quando, sabidamente, s\u00f3 um dirigente legitimado pela soberania popular ter\u00e1 condi\u00e7\u00f5es morais e pol\u00edticas de comandar, com o conjunto da sociedade, a \u00e1rdua tarefa de recupera\u00e7\u00e3o pol\u00edtica e econ\u00f4mica do Pa\u00eds. Qualquer outra tentativa de sa\u00edda simplesmente aprofundar\u00e1 a crise que continuar\u00e1 crescendo como um insaci\u00e1vel Moloch, para um dia, sem controle, nos devorar.<br \/>\nO povo novamente nas ruas, a rebeldia de nossa gente, a insatisfa\u00e7\u00e3o transformada em press\u00e3o popular, podem \u2013 e devem \u2013 construir as condi\u00e7\u00f5es objetivas para a sa\u00edda do impasse. Da\u00ed a import\u00e2ncia da unidade dos movimentos populares, a come\u00e7ar pela unidade do movimento sindical, convergindo para uma grande e ampla frente nacional pelas Diretas J\u00e1.<\/p>\n","protected":false},"excerpt":{"rendered":"<p>Muitos se perguntam: por que, ap\u00f3s tantas den\u00fancias, ditadas e repetidas por fontes as mais diversas, e insuspeitas, como a voz dos ex-s\u00f3cios, Michel Temer ainda n\u00e3o caiu, quando foi t\u00e3o f\u00e1cil depor a presidente Dilma Rousseff? Como se sustenta um presidente sem apoio no voto, ungido ao poder por um golpe de Estado midi\u00e1tico-parlamentar [&hellip;]<\/p>\n","protected":false},"author":4,"featured_media":0,"comment_status":"open","ping_status":"closed","sticky":false,"template":"","format":"standard","meta":{"_jetpack_newsletter_access":"","_jetpack_dont_email_post_to_subs":false,"_jetpack_newsletter_tier_id":0,"_jetpack_memberships_contains_paywalled_content":false,"_jetpack_feature_clip_id":0,"_jetpack_memberships_contains_paid_content":false,"footnotes":"","jetpack_post_was_ever_published":false},"categories":[10],"tags":[],"class_list":["post-50473","post","type-post","status-publish","format-standard","hentry","category-analiseopiniao"],"aioseo_notices":[],"aioseo_head":"\n\t\t<!-- All in One SEO 5.0.1.1 - aioseo.com -->\n\t<meta name=\"robots\" content=\"max-image-preview:large\" \/>\n\t<meta name=\"author\" content=\"da Reda\u00e7\u00e3o\"\/>\n\t<link rel=\"canonical\" href=\"https:\/\/www.jornalja.com.br\/arquivo\/por-que-temer-ainda-nao-caiu\/\" \/>\n\t<meta name=\"generator\" content=\"All in One SEO (AIOSEO) 5.0.1.1\" \/>\n\t\t<meta property=\"og:locale\" content=\"pt_BR\" \/>\n\t\t<meta property=\"og:site_name\" content=\"Arquivo | Jornal J\u00c1 | Porto Alegre\" \/>\n\t\t<meta property=\"og:type\" content=\"article\" \/>\n\t\t<meta property=\"og:title\" content=\"Por que Temer ainda n\u00e3o caiu? | Arquivo\" \/>\n\t\t<meta property=\"og:url\" content=\"https:\/\/www.jornalja.com.br\/arquivo\/por-que-temer-ainda-nao-caiu\/\" \/>\n\t\t<meta property=\"og:image\" content=\"https:\/\/www.jornalja.com.br\/economics\/wp-content\/uploads\/sites\/11\/2026\/08\/ja-folhaderosto-facebook.jpg\" \/>\n\t\t<meta property=\"og:image:secure_url\" content=\"https:\/\/www.jornalja.com.br\/economics\/wp-content\/uploads\/sites\/11\/2026\/08\/ja-folhaderosto-facebook.jpg\" \/>\n\t\t<meta property=\"article:published_time\" content=\"2017-06-23T22:24:42+00:00\" \/>\n\t\t<meta property=\"article:modified_time\" content=\"2017-06-23T22:24:42+00:00\" \/>\n\t\t<meta name=\"twitter:card\" content=\"summary\" \/>\n\t\t<meta name=\"twitter:title\" content=\"Por que Temer ainda n\u00e3o caiu? | Arquivo\" \/>\n\t\t<meta name=\"twitter:image\" content=\"https:\/\/www.jornalja.com.br\/economics\/wp-content\/uploads\/sites\/11\/2026\/08\/ja-folhaderosto-facebook.jpg\" \/>\n\t\t<script type=\"application\/ld+json\" class=\"aioseo-schema\">\n\t\t\t{\"@context\":\"https:\\\/\\\/schema.org\",\"@graph\":[{\"@type\":\"BlogPosting\",\"@id\":\"https:\\\/\\\/www.jornalja.com.br\\\/arquivo\\\/por-que-temer-ainda-nao-caiu\\\/#blogposting\",\"name\":\"Por que Temer ainda n\\u00e3o caiu? | Arquivo\",\"headline\":\"Por que Temer ainda n\\u00e3o caiu?\",\"author\":{\"@id\":\"https:\\\/\\\/www.jornalja.com.br\\\/arquivo\\\/author\\\/daredacao\\\/#author\"},\"publisher\":{\"@id\":\"https:\\\/\\\/www.jornalja.com.br\\\/arquivo\\\/#organization\"},\"image\":{\"@type\":\"ImageObject\",\"url\":\"https:\\\/\\\/www.jornalja.com.br\\\/wp-content\\\/uploads\\\/cards\\\/JAslogan.png\",\"@id\":\"https:\\\/\\\/www.jornalja.com.br\\\/arquivo\\\/#articleImage\"},\"datePublished\":\"2017-06-23T19:24:42-03:00\",\"dateModified\":\"2017-06-23T19:24:42-03:00\",\"inLanguage\":\"pt-BR\",\"mainEntityOfPage\":{\"@id\":\"https:\\\/\\\/www.jornalja.com.br\\\/arquivo\\\/por-que-temer-ainda-nao-caiu\\\/#webpage\"},\"isPartOf\":{\"@id\":\"https:\\\/\\\/www.jornalja.com.br\\\/arquivo\\\/por-que-temer-ainda-nao-caiu\\\/#webpage\"},\"articleSection\":\"AN\\u00c1LISE&amp;OPINI\\u00c3O\"},{\"@type\":\"BreadcrumbList\",\"@id\":\"https:\\\/\\\/www.jornalja.com.br\\\/arquivo\\\/por-que-temer-ainda-nao-caiu\\\/#breadcrumblist\",\"itemListElement\":[{\"@type\":\"ListItem\",\"@id\":\"https:\\\/\\\/www.jornalja.com.br\\\/arquivo#listItem\",\"position\":1,\"name\":\"Home\",\"item\":\"https:\\\/\\\/www.jornalja.com.br\\\/arquivo\",\"nextItem\":{\"@type\":\"ListItem\",\"@id\":\"https:\\\/\\\/www.jornalja.com.br\\\/arquivo\\\/category\\\/analiseopiniao\\\/#listItem\",\"name\":\"AN\\u00c1LISE&amp;OPINI\\u00c3O\"}},{\"@type\":\"ListItem\",\"@id\":\"https:\\\/\\\/www.jornalja.com.br\\\/arquivo\\\/category\\\/analiseopiniao\\\/#listItem\",\"position\":2,\"name\":\"AN\\u00c1LISE&amp;OPINI\\u00c3O\",\"item\":\"https:\\\/\\\/www.jornalja.com.br\\\/arquivo\\\/category\\\/analiseopiniao\\\/\",\"nextItem\":{\"@type\":\"ListItem\",\"@id\":\"https:\\\/\\\/www.jornalja.com.br\\\/arquivo\\\/por-que-temer-ainda-nao-caiu\\\/#listItem\",\"name\":\"Por que Temer ainda n\\u00e3o caiu?\"},\"previousItem\":{\"@type\":\"ListItem\",\"@id\":\"https:\\\/\\\/www.jornalja.com.br\\\/arquivo#listItem\",\"name\":\"Home\"}},{\"@type\":\"ListItem\",\"@id\":\"https:\\\/\\\/www.jornalja.com.br\\\/arquivo\\\/por-que-temer-ainda-nao-caiu\\\/#listItem\",\"position\":3,\"name\":\"Por que Temer ainda n\\u00e3o caiu?\",\"previousItem\":{\"@type\":\"ListItem\",\"@id\":\"https:\\\/\\\/www.jornalja.com.br\\\/arquivo\\\/category\\\/analiseopiniao\\\/#listItem\",\"name\":\"AN\\u00c1LISE&amp;OPINI\\u00c3O\"}}]},{\"@type\":\"Organization\",\"@id\":\"https:\\\/\\\/www.jornalja.com.br\\\/arquivo\\\/#organization\",\"name\":\"Jornal J\\u00c1\",\"description\":\"Jornal J\\u00c1 | Porto Alegre\",\"url\":\"https:\\\/\\\/www.jornalja.com.br\\\/arquivo\\\/\",\"telephone\":\"+555133307272\",\"logo\":{\"@type\":\"ImageObject\",\"url\":\"https:\\\/\\\/www.jornalja.com.br\\\/wp-content\\\/uploads\\\/cards\\\/JAslogan.png\",\"@id\":\"https:\\\/\\\/www.jornalja.com.br\\\/arquivo\\\/por-que-temer-ainda-nao-caiu\\\/#organizationLogo\"},\"image\":{\"@id\":\"https:\\\/\\\/www.jornalja.com.br\\\/arquivo\\\/por-que-temer-ainda-nao-caiu\\\/#organizationLogo\"}},{\"@type\":\"Person\",\"@id\":\"https:\\\/\\\/www.jornalja.com.br\\\/arquivo\\\/author\\\/daredacao\\\/#author\",\"url\":\"https:\\\/\\\/www.jornalja.com.br\\\/arquivo\\\/author\\\/daredacao\\\/\",\"name\":\"da Reda\\u00e7\\u00e3o\",\"image\":{\"@type\":\"ImageObject\",\"@id\":\"https:\\\/\\\/www.jornalja.com.br\\\/arquivo\\\/por-que-temer-ainda-nao-caiu\\\/#authorImage\",\"url\":\"https:\\\/\\\/secure.gravatar.com\\\/avatar\\\/469fd857d6605ad19919d27ed29d35a968a25f6e8fd9318356bbb7f57aae9c65?s=96&d=mm&r=g\",\"width\":96,\"height\":96,\"caption\":\"da Reda\\u00e7\\u00e3o\"}},{\"@type\":\"WebPage\",\"@id\":\"https:\\\/\\\/www.jornalja.com.br\\\/arquivo\\\/por-que-temer-ainda-nao-caiu\\\/#webpage\",\"url\":\"https:\\\/\\\/www.jornalja.com.br\\\/arquivo\\\/por-que-temer-ainda-nao-caiu\\\/\",\"name\":\"Por que Temer ainda n\\u00e3o caiu? | Arquivo\",\"inLanguage\":\"pt-BR\",\"isPartOf\":{\"@id\":\"https:\\\/\\\/www.jornalja.com.br\\\/arquivo\\\/#website\"},\"breadcrumb\":{\"@id\":\"https:\\\/\\\/www.jornalja.com.br\\\/arquivo\\\/por-que-temer-ainda-nao-caiu\\\/#breadcrumblist\"},\"author\":{\"@id\":\"https:\\\/\\\/www.jornalja.com.br\\\/arquivo\\\/author\\\/daredacao\\\/#author\"},\"creator\":{\"@id\":\"https:\\\/\\\/www.jornalja.com.br\\\/arquivo\\\/author\\\/daredacao\\\/#author\"},\"datePublished\":\"2017-06-23T19:24:42-03:00\",\"dateModified\":\"2017-06-23T19:24:42-03:00\"},{\"@type\":\"WebSite\",\"@id\":\"https:\\\/\\\/www.jornalja.com.br\\\/arquivo\\\/#website\",\"url\":\"https:\\\/\\\/www.jornalja.com.br\\\/arquivo\\\/\",\"name\":\"Arquivo\",\"description\":\"Jornal J\\u00c1 | Porto Alegre\",\"inLanguage\":\"pt-BR\",\"publisher\":{\"@id\":\"https:\\\/\\\/www.jornalja.com.br\\\/arquivo\\\/#organization\"}}]}\n\t\t<\/script>\n\t\t<!-- All in One SEO -->\n\n","aioseo_head_json":{"title":"Por que Temer ainda n\u00e3o caiu? | Arquivo","description":"","canonical_url":"https:\/\/www.jornalja.com.br\/arquivo\/por-que-temer-ainda-nao-caiu\/","robots":"max-image-preview:large","keywords":"","webmasterTools":{"miscellaneous":""},"schema":{"@context":"https:\/\/schema.org","@graph":[{"@type":"BlogPosting","@id":"https:\/\/www.jornalja.com.br\/arquivo\/por-que-temer-ainda-nao-caiu\/#blogposting","name":"Por que Temer ainda n\u00e3o caiu? | Arquivo","headline":"Por que Temer ainda n\u00e3o caiu?","author":{"@id":"https:\/\/www.jornalja.com.br\/arquivo\/author\/daredacao\/#author"},"publisher":{"@id":"https:\/\/www.jornalja.com.br\/arquivo\/#organization"},"image":{"@type":"ImageObject","url":"https:\/\/www.jornalja.com.br\/wp-content\/uploads\/cards\/JAslogan.png","@id":"https:\/\/www.jornalja.com.br\/arquivo\/#articleImage"},"datePublished":"2017-06-23T19:24:42-03:00","dateModified":"2017-06-23T19:24:42-03:00","inLanguage":"pt-BR","mainEntityOfPage":{"@id":"https:\/\/www.jornalja.com.br\/arquivo\/por-que-temer-ainda-nao-caiu\/#webpage"},"isPartOf":{"@id":"https:\/\/www.jornalja.com.br\/arquivo\/por-que-temer-ainda-nao-caiu\/#webpage"},"articleSection":"AN\u00c1LISE&amp;OPINI\u00c3O"},{"@type":"BreadcrumbList","@id":"https:\/\/www.jornalja.com.br\/arquivo\/por-que-temer-ainda-nao-caiu\/#breadcrumblist","itemListElement":[{"@type":"ListItem","@id":"https:\/\/www.jornalja.com.br\/arquivo#listItem","position":1,"name":"Home","item":"https:\/\/www.jornalja.com.br\/arquivo","nextItem":{"@type":"ListItem","@id":"https:\/\/www.jornalja.com.br\/arquivo\/category\/analiseopiniao\/#listItem","name":"AN\u00c1LISE&amp;OPINI\u00c3O"}},{"@type":"ListItem","@id":"https:\/\/www.jornalja.com.br\/arquivo\/category\/analiseopiniao\/#listItem","position":2,"name":"AN\u00c1LISE&amp;OPINI\u00c3O","item":"https:\/\/www.jornalja.com.br\/arquivo\/category\/analiseopiniao\/","nextItem":{"@type":"ListItem","@id":"https:\/\/www.jornalja.com.br\/arquivo\/por-que-temer-ainda-nao-caiu\/#listItem","name":"Por que Temer ainda n\u00e3o caiu?"},"previousItem":{"@type":"ListItem","@id":"https:\/\/www.jornalja.com.br\/arquivo#listItem","name":"Home"}},{"@type":"ListItem","@id":"https:\/\/www.jornalja.com.br\/arquivo\/por-que-temer-ainda-nao-caiu\/#listItem","position":3,"name":"Por que Temer ainda n\u00e3o caiu?","previousItem":{"@type":"ListItem","@id":"https:\/\/www.jornalja.com.br\/arquivo\/category\/analiseopiniao\/#listItem","name":"AN\u00c1LISE&amp;OPINI\u00c3O"}}]},{"@type":"Organization","@id":"https:\/\/www.jornalja.com.br\/arquivo\/#organization","name":"Jornal J\u00c1","description":"Jornal J\u00c1 | Porto Alegre","url":"https:\/\/www.jornalja.com.br\/arquivo\/","telephone":"+555133307272","logo":{"@type":"ImageObject","url":"https:\/\/www.jornalja.com.br\/wp-content\/uploads\/cards\/JAslogan.png","@id":"https:\/\/www.jornalja.com.br\/arquivo\/por-que-temer-ainda-nao-caiu\/#organizationLogo"},"image":{"@id":"https:\/\/www.jornalja.com.br\/arquivo\/por-que-temer-ainda-nao-caiu\/#organizationLogo"}},{"@type":"Person","@id":"https:\/\/www.jornalja.com.br\/arquivo\/author\/daredacao\/#author","url":"https:\/\/www.jornalja.com.br\/arquivo\/author\/daredacao\/","name":"da Reda\u00e7\u00e3o","image":{"@type":"ImageObject","@id":"https:\/\/www.jornalja.com.br\/arquivo\/por-que-temer-ainda-nao-caiu\/#authorImage","url":"https:\/\/secure.gravatar.com\/avatar\/469fd857d6605ad19919d27ed29d35a968a25f6e8fd9318356bbb7f57aae9c65?s=96&d=mm&r=g","width":96,"height":96,"caption":"da Reda\u00e7\u00e3o"}},{"@type":"WebPage","@id":"https:\/\/www.jornalja.com.br\/arquivo\/por-que-temer-ainda-nao-caiu\/#webpage","url":"https:\/\/www.jornalja.com.br\/arquivo\/por-que-temer-ainda-nao-caiu\/","name":"Por que Temer ainda n\u00e3o caiu? | Arquivo","inLanguage":"pt-BR","isPartOf":{"@id":"https:\/\/www.jornalja.com.br\/arquivo\/#website"},"breadcrumb":{"@id":"https:\/\/www.jornalja.com.br\/arquivo\/por-que-temer-ainda-nao-caiu\/#breadcrumblist"},"author":{"@id":"https:\/\/www.jornalja.com.br\/arquivo\/author\/daredacao\/#author"},"creator":{"@id":"https:\/\/www.jornalja.com.br\/arquivo\/author\/daredacao\/#author"},"datePublished":"2017-06-23T19:24:42-03:00","dateModified":"2017-06-23T19:24:42-03:00"},{"@type":"WebSite","@id":"https:\/\/www.jornalja.com.br\/arquivo\/#website","url":"https:\/\/www.jornalja.com.br\/arquivo\/","name":"Arquivo","description":"Jornal J\u00c1 | Porto Alegre","inLanguage":"pt-BR","publisher":{"@id":"https:\/\/www.jornalja.com.br\/arquivo\/#organization"}}]},"og:locale":"pt_BR","og:site_name":"Arquivo | Jornal J\u00c1 | Porto Alegre","og:type":"article","og:title":"Por que Temer ainda n\u00e3o caiu? | Arquivo","og:url":"https:\/\/www.jornalja.com.br\/arquivo\/por-que-temer-ainda-nao-caiu\/","og:image":"https:\/\/www.jornalja.com.br\/economics\/wp-content\/uploads\/sites\/11\/2026\/08\/ja-folhaderosto-facebook.jpg","og:image:secure_url":"https:\/\/www.jornalja.com.br\/economics\/wp-content\/uploads\/sites\/11\/2026\/08\/ja-folhaderosto-facebook.jpg","article:published_time":"2017-06-23T22:24:42+00:00","article:modified_time":"2017-06-23T22:24:42+00:00","twitter:card":"summary","twitter:title":"Por que Temer ainda n\u00e3o caiu? | Arquivo","twitter:image":"https:\/\/www.jornalja.com.br\/economics\/wp-content\/uploads\/sites\/11\/2026\/08\/ja-folhaderosto-facebook.jpg"},"aioseo_meta_data":{"post_id":"50473","title":null,"description":null,"keywords":null,"keyphrases":null,"primary_term":null,"canonical_url":null,"og_title":null,"og_description":null,"og_object_type":"default","og_image_type":"default","og_image_url":null,"og_image_width":null,"og_image_height":null,"og_image_custom_url":null,"og_image_custom_fields":null,"og_video":null,"og_custom_url":null,"og_article_section":null,"og_article_tags":null,"twitter_use_og":false,"twitter_card":"default","twitter_image_type":"default","twitter_image_url":null,"twitter_image_custom_url":null,"twitter_image_custom_fields":null,"twitter_title":null,"twitter_description":null,"schema":{"blockGraphs":[],"customGraphs":[],"default":{"data":{"Article":[],"Course":[],"Dataset":[],"FAQPage":[],"Movie":[],"Person":[],"Product":[],"ProductReview":[],"Car":[],"Recipe":[],"Service":[],"SoftwareApplication":[],"WebPage":[]},"graphName":"","isEnabled":true},"graphs":[],"defaultGraph":"","defaultPostTypeGraph":""},"schema_type":null,"schema_type_options":null,"pillar_content":false,"robots_default":true,"robots_noindex":false,"robots_noarchive":false,"robots_nosnippet":false,"robots_nofollow":false,"robots_noimageindex":false,"robots_noodp":false,"robots_notranslate":false,"robots_max_snippet":null,"robots_max_videopreview":null,"robots_max_imagepreview":"large","priority":null,"frequency":null,"location":null,"local_seo":null,"breadcrumb_settings":null,"limit_modified_date":false,"ai":null,"created":"2020-12-20 20:30:49","updated":"2025-07-19 22:28:29","seo_analyzer_scan_date":null,"focus_keyword":null,"additional_keywords":null,"truseo_locale":null},"jetpack_sharing_enabled":true,"jetpack-related-posts":[{"id":13109,"url":"https:\/\/www.jornalja.com.br\/arquivo\/judiciario-reconhece-poluicao-eletromagnetica\/","url_meta":{"origin":50473,"position":0},"title":"Judici\u00e1rio reconhece polui\u00e7\u00e3o eletromagn\u00e9tica","author":"Patr\u00edcia Marini","date":"16 de maio de 2014","format":false,"excerpt":"A\u00e7\u00e3o de duas associa\u00e7\u00f5es de moradores foi acolhida pelo Tribunal de Justi\u00e7a de S\u00e3o Paulo que. em decis\u00e3o in\u00e9dita, determinou a redu\u00e7\u00e3o do campo eletromagn\u00e9tico gerado pelas linhas de transmiss\u00e3o de energia que cortam os bairros City Boa\u00e7ava e Alto de Pinheiros. \u00c9 a primeira vez que um tribunal do\u2026","rel":"","context":"Em &quot;X.Categorias velhas&quot;","block_context":{"text":"X.Categorias velhas","link":"https:\/\/www.jornalja.com.br\/arquivo\/category\/x-categorias-velhas\/"},"img":{"alt_text":"","src":"","width":0,"height":0},"classes":[]},{"id":14241,"url":"https:\/\/www.jornalja.com.br\/arquivo\/o-guaiba-nas-imagens-poeticas-de-achutti\/","url_meta":{"origin":50473,"position":1},"title":"O Gua\u00edba nas imagens po\u00e9ticas de Achutti","author":"da Reda\u00e7\u00e3o","date":"18 de junho de 2014","format":false,"excerpt":"Em \u201cO Gua\u00edba por Achutti\u201d \u2013 obra financiada via Minist\u00e9rio da Cultura, produ\u00e7\u00e3o executiva de Pedro Longhi, e Fl\u00e1vio Wild como designer \u2013, o fot\u00f3grafo revela a beleza e as mazelas de um espa\u00e7o aqu\u00e1tico de \u00e1guas sempre renovadas, cheio de hist\u00f3rias e lendas como as das cidades que foram\u2026","rel":"","context":"Em &quot;Cultura-Geral&quot;","block_context":{"text":"Cultura-Geral","link":"https:\/\/www.jornalja.com.br\/arquivo\/category\/materiasecundaria\/"},"img":{"alt_text":"","src":"","width":0,"height":0},"classes":[]},{"id":13124,"url":"https:\/\/www.jornalja.com.br\/arquivo\/sangue-latino-no-iecine\/","url_meta":{"origin":50473,"position":2},"title":"Sangue latino no IECINE","author":"da Reda\u00e7\u00e3o","date":"18 de maio de 2014","format":false,"excerpt":"Francisco Ribeiro O Instituto Estadual de Cinema (IECINE) tem a frente, desde abril \u00faltimo, um novo diretor, o cineasta colombiano Juan Zapata, 36, que substitui Luiz Alberto Cassol. Radicado h\u00e1 dez anos em Porto Alegre, Zapata tem diante de si o desafio de conduzir at\u00e9 o final do ano um\u2026","rel":"","context":"Em &quot;Cultura-Geral&quot;","block_context":{"text":"Cultura-Geral","link":"https:\/\/www.jornalja.com.br\/arquivo\/category\/materiasecundaria\/"},"img":{"alt_text":"","src":"","width":0,"height":0},"classes":[]},{"id":13240,"url":"https:\/\/www.jornalja.com.br\/arquivo\/plano-diretor-estamos-construindo-o-caos\/","url_meta":{"origin":50473,"position":3},"title":"Plano diretor: &quot;Estamos construindo o caos&quot;","author":"Patr\u00edcia Marini","date":"26 de maio de 2014","format":false,"excerpt":"Desabafo que arquiteta Eliana Castilhos, delegada da Regi\u00e3o de Planejamento 1, postou nas redes sociais \u00e9 um testemunho do ambiente que se criou no Conselho do Plano Diretor de Porto Alegre, onde a aprova\u00e7\u00e3o de grandes empreendimentos \u00e9 empurrada guela abaixo dos conselheiros. Ao CMDUA Como delegada da Regi\u00e3o de\u2026","rel":"","context":"Em &quot;Geral&quot;","block_context":{"text":"Geral","link":"https:\/\/www.jornalja.com.br\/arquivo\/category\/geral\/"},"img":{"alt_text":"","src":"","width":0,"height":0},"classes":[]},{"id":5440,"url":"https:\/\/www.jornalja.com.br\/arquivo\/casarao-da-venancio-destino-permanece-incerto\/","url_meta":{"origin":50473,"position":4},"title":"Estado ainda n\u00e3o sabe o que fazer com casar\u00e3o abandonado h\u00e1 20 anos","author":"Elmar Bones","date":"6 de julho de 2009","format":false,"excerpt":"O casar\u00e3o amarelo, numa esquina nobre de Porto Alegre (Ven\u00e2ncio Aires com Jo\u00e3o Pessoa), j\u00e1 abrigou uma escola. H\u00e1 duas d\u00e9cadas, pelo menos, est\u00e1 abandonado, porque seu propriet\u00e1rio, o governo do Estado do Rio Grande do Sul, n\u00e3o consegue achar um destino para ele. Planos n\u00e3o faltaram. O governador Ol\u00edvio\u2026","rel":"","context":"Em &quot;X.Categorias velhas&quot;","block_context":{"text":"X.Categorias velhas","link":"https:\/\/www.jornalja.com.br\/arquivo\/category\/x-categorias-velhas\/"},"img":{"alt_text":"geraldo1","src":"https:\/\/i0.wp.com\/www.jornalja.com.br\/wp-content\/uploads\/2009\/07\/geraldo1.jpg?resize=350%2C200&ssl=1","width":350,"height":200},"classes":[]},{"id":13128,"url":"https:\/\/www.jornalja.com.br\/arquivo\/maconha-terra-diz-que-uso-medicinal-e-desculpa\/","url_meta":{"origin":50473,"position":5},"title":"Maconha: Terra diz que uso medicinal \u00e9 desculpa","author":"Patr\u00edcia Marini","date":"4 de junho de 2014","format":false,"excerpt":"A condi\u00e7\u00e3o de pol\u00edtico, em \u00e9poca de campanha de campanha eleitoral, tira for\u00e7a do discurso do m\u00e9dico Osmar Terra contra a legaliza\u00e7\u00e3o da maconha. A tese dele de que a libera\u00e7\u00e3o vai ampliar exponencialmente o consumo \u00e9 discutivel, o consumo \u00e9 corrente. Mas seus alertas quanto aos riscos tem que\u2026","rel":"","context":"Em &quot;X.Categorias velhas&quot;","block_context":{"text":"X.Categorias velhas","link":"https:\/\/www.jornalja.com.br\/arquivo\/category\/x-categorias-velhas\/"},"img":{"alt_text":"","src":"","width":0,"height":0},"classes":[]}],"jetpack_shortlink":"https:\/\/wp.me\/pbQjBd-d85","jetpack_featured_media_url":"","_links":{"self":[{"href":"https:\/\/www.jornalja.com.br\/arquivo\/wp-json\/wp\/v2\/posts\/50473","targetHints":{"allow":["GET"]}}],"collection":[{"href":"https:\/\/www.jornalja.com.br\/arquivo\/wp-json\/wp\/v2\/posts"}],"about":[{"href":"https:\/\/www.jornalja.com.br\/arquivo\/wp-json\/wp\/v2\/types\/post"}],"author":[{"embeddable":true,"href":"https:\/\/www.jornalja.com.br\/arquivo\/wp-json\/wp\/v2\/users\/4"}],"replies":[{"embeddable":true,"href":"https:\/\/www.jornalja.com.br\/arquivo\/wp-json\/wp\/v2\/comments?post=50473"}],"version-history":[{"count":0,"href":"https:\/\/www.jornalja.com.br\/arquivo\/wp-json\/wp\/v2\/posts\/50473\/revisions"}],"wp:attachment":[{"href":"https:\/\/www.jornalja.com.br\/arquivo\/wp-json\/wp\/v2\/media?parent=50473"}],"wp:term":[{"taxonomy":"category","embeddable":true,"href":"https:\/\/www.jornalja.com.br\/arquivo\/wp-json\/wp\/v2\/categories?post=50473"},{"taxonomy":"post_tag","embeddable":true,"href":"https:\/\/www.jornalja.com.br\/arquivo\/wp-json\/wp\/v2\/tags?post=50473"}],"curies":[{"name":"wp","href":"https:\/\/api.w.org\/{rel}","templated":true}]}}