{"id":50507,"date":"2017-06-25T15:15:29","date_gmt":"2017-06-25T18:15:29","guid":{"rendered":"https:\/\/www.jornalja.com.br\/?p=50507"},"modified":"2017-06-25T15:15:29","modified_gmt":"2017-06-25T18:15:29","slug":"desemprego-nao-deve-cair-ate-2019-diz-especialista","status":"publish","type":"post","link":"https:\/\/www.jornalja.com.br\/arquivo\/desemprego-nao-deve-cair-ate-2019-diz-especialista\/","title":{"rendered":"Desemprego n\u00e3o deve cair at\u00e9 2019, diz especialista"},"content":{"rendered":"<p>A taxa atual de desemprego, que est\u00e1 em 11,3% na Regi\u00e3o Metropolitana de Porto Alegre, deve se manter est\u00e1vel nos pr\u00f3ximos dois anos. \u00c9 a previs\u00e3o de L\u00facia dos Santos Garcia, economista do Departamento Intersindical de Estat\u00edstica e Estudos Socioecon\u00f4micos (Dieese) e coordenadora nacional da Pesquisa de Emprego e Desemprego (PED). \u201c\u00c9 um quadro persistente de alta no n\u00famero de desemprego. Nas atuais condi\u00e7\u00f5es pol\u00edticas inst\u00e1veis e de recess\u00e3o econ\u00f4mica n\u00e3o h\u00e1 como haver revers\u00e3o no desemprego em menos de dois anos\u201d, diz L\u00facia.<br \/>\nEla explica que a eleva\u00e7\u00e3o do desemprego come\u00e7a no final de 2014, ap\u00f3s as elei\u00e7\u00f5es. Foi gerado um clima de instabilidade logo no come\u00e7o do governo Dilma que travou a economia. \u201cO impacto no emprego foi forte, principalmente na ind\u00fastria e constru\u00e7\u00e3o, uma das bases da nossa for\u00e7a de trabalho. Agora, vivemos uma segunda onda de desemprego, um ciclo que atinge em cheio os trabalhadores do setor de servi\u00e7os e com\u00e9rcio. Torna-se um ciclo vicioso, quase sem condi\u00e7\u00f5es de retra\u00e7\u00e3o em curto per\u00edodo\u201d, fala.<br \/>\nO quadro faz cair a renda nacional, causando outros problemas. \u201cO desemprego impacta na autoestima do trabalhador, al\u00e9m de tudo\u201d, lamenta a pesquisadora. \u201cSomente uma estabilidade pol\u00edtica e retomada de crescimento econ\u00f4mico, recupera\u00e7\u00e3o n\u00e3o apenas de postos perdidos, mas a cria\u00e7\u00e3o de novos postos de trabalho e uma guinada conjunta entre o poder p\u00fablico e privado, que n\u00e3o vemos hoje, pode nos levar a um patamar melhor\u201d, explica Lucia.<br \/>\n<strong>Reformas impactar\u00e3o negativamente na Regi\u00e3o Metropolitana<\/strong><br \/>\nL\u00facia aponta que o atual cen\u00e1rio \u00e9 preocupante na regi\u00e3o metropolitana da Capital Ga\u00facha, onde a remunera\u00e7\u00e3o \u00e9 historicamente baixa e nos dois \u00faltimos anos caiu 14%.<br \/>\n\u201cAo olharmos os gr\u00e1ficos desde 1992, quando a pesquisa de desemprego foi institu\u00edda em Porto Alegre pela Funda\u00e7\u00e3o de Economia e Estat\u00edstica (FEE), percebe-se que perdemos ocupa\u00e7\u00e3o com muita facilidade nas crises e recuperamos ocupa\u00e7\u00e3o com enorme dificuldade na expans\u00e3o. N\u00f3s temos um grave problema, h\u00e1 grande n\u00famero de servidores p\u00fablicos e \u00e9 muito dif\u00edcil gerar novos empregos na regi\u00e3o metropolitana\u201d.<br \/>\nPara a economista, outro fator tamb\u00e9m \u00e9 preocupante no cen\u00e1rio do mercado de trabalho da Regi\u00e3o, o rendimento est\u00e1 enclausurado a um mesmo n\u00edvel nestas \u00faltimas d\u00e9cadas. \u201cNosso patamar de renda \u00e9 o mesmo desde 1993. Somos uma regi\u00e3o de remunera\u00e7\u00e3o\u00a0extremamente baixa\u201d. Em fun\u00e7\u00e3o dessas caracter\u00edsticas, dificuldade em gerar emprego e baixa remunera\u00e7\u00e3o, L\u00facia entende que n\u00e3o h\u00e1 perspectiva de melhora brevemente. \u201cS\u00f3 vemos surgir postos de trabalho em situa\u00e7\u00f5es de baixa renda, como trabalhadores aut\u00f4nomos e empregos dom\u00e9sticos\u201d.<br \/>\nL\u00facia tamb\u00e9m lembra que as reformas propostas pelo governo Temer ter\u00e3o forte impacto na Regi\u00e3o Metropolitana de Porto Alegre. \u201cTemos aqui forte presen\u00e7a de servidores p\u00fablicos, por exemplo, que ser\u00e3o afetados na reforma previdenci\u00e1ria. E na trabalhista, as pessoas est\u00e3o demorando a perceber a perversidade que existe. H\u00e1 um processo de enfraquecimento dos sindicatos, com um poss\u00edvel corte da contribui\u00e7\u00e3o sindical. Junto a isso, h\u00e1 uma valoriza\u00e7\u00e3o do acordo direto de trabalho entre empregado e empregador. Num momento de crise, os empres\u00e1rios estar\u00e3o com todas as cartas. Sindicatos enfraquecidos n\u00e3o conseguir\u00e3o negociar melhores sal\u00e1rios e melhores condi\u00e7\u00f5es aos trabalhadores, que sem garantia na Lei certamente perder\u00e3o\u201d.<\/p>\n","protected":false},"excerpt":{"rendered":"<p>A taxa atual de desemprego, que est\u00e1 em 11,3% na Regi\u00e3o Metropolitana de Porto Alegre, deve se manter est\u00e1vel nos pr\u00f3ximos dois anos. \u00c9 a previs\u00e3o de L\u00facia dos Santos Garcia, economista do Departamento Intersindical de Estat\u00edstica e Estudos Socioecon\u00f4micos (Dieese) e coordenadora nacional da Pesquisa de Emprego e Desemprego (PED). \u201c\u00c9 um quadro persistente [&hellip;]<\/p>\n","protected":false},"author":4,"featured_media":50508,"comment_status":"open","ping_status":"closed","sticky":false,"template":"","format":"standard","meta":{"_jetpack_newsletter_access":"","_jetpack_dont_email_post_to_subs":false,"_jetpack_newsletter_tier_id":0,"_jetpack_memberships_contains_paywalled_content":false,"_jetpack_feature_clip_id":0,"_jetpack_memberships_contains_paid_content":false,"footnotes":"","jetpack_post_was_ever_published":false},"categories":[26],"tags":[],"class_list":["post-50507","post","type-post","status-publish","format-standard","has-post-thumbnail","hentry","category-geral"],"aioseo_notices":[],"aioseo_head":"\n\t\t<!-- All in One SEO 5.0.1.1 - aioseo.com -->\n\t<meta name=\"robots\" content=\"max-image-preview:large\" \/>\n\t<meta name=\"author\" content=\"da Reda\u00e7\u00e3o\"\/>\n\t<link rel=\"canonical\" href=\"https:\/\/www.jornalja.com.br\/arquivo\/desemprego-nao-deve-cair-ate-2019-diz-especialista\/\" \/>\n\t<meta name=\"generator\" content=\"All in One SEO (AIOSEO) 5.0.1.1\" \/>\n\t\t<meta property=\"og:locale\" content=\"pt_BR\" \/>\n\t\t<meta property=\"og:site_name\" content=\"Arquivo | Jornal J\u00c1 | Porto Alegre\" \/>\n\t\t<meta property=\"og:type\" content=\"article\" \/>\n\t\t<meta property=\"og:title\" content=\"Desemprego n\u00e3o deve cair at\u00e9 2019, diz especialista | Arquivo\" \/>\n\t\t<meta property=\"og:url\" content=\"https:\/\/www.jornalja.com.br\/arquivo\/desemprego-nao-deve-cair-ate-2019-diz-especialista\/\" \/>\n\t\t<meta property=\"og:image\" content=\"https:\/\/www.jornalja.com.br\/economics\/wp-content\/uploads\/sites\/11\/2026\/08\/ja-folhaderosto-facebook.jpg\" \/>\n\t\t<meta property=\"og:image:secure_url\" content=\"https:\/\/www.jornalja.com.br\/economics\/wp-content\/uploads\/sites\/11\/2026\/08\/ja-folhaderosto-facebook.jpg\" \/>\n\t\t<meta property=\"article:published_time\" content=\"2017-06-25T18:15:29+00:00\" \/>\n\t\t<meta property=\"article:modified_time\" content=\"2017-06-25T18:15:29+00:00\" \/>\n\t\t<meta name=\"twitter:card\" content=\"summary\" \/>\n\t\t<meta name=\"twitter:title\" content=\"Desemprego n\u00e3o deve cair at\u00e9 2019, diz especialista | Arquivo\" \/>\n\t\t<meta name=\"twitter:image\" content=\"https:\/\/www.jornalja.com.br\/economics\/wp-content\/uploads\/sites\/11\/2026\/08\/ja-folhaderosto-facebook.jpg\" \/>\n\t\t<script type=\"application\/ld+json\" class=\"aioseo-schema\">\n\t\t\t{\"@context\":\"https:\\\/\\\/schema.org\",\"@graph\":[{\"@type\":\"BlogPosting\",\"@id\":\"https:\\\/\\\/www.jornalja.com.br\\\/arquivo\\\/desemprego-nao-deve-cair-ate-2019-diz-especialista\\\/#blogposting\",\"name\":\"Desemprego n\\u00e3o deve cair at\\u00e9 2019, diz especialista | Arquivo\",\"headline\":\"Desemprego n\\u00e3o deve cair at\\u00e9 2019, diz especialista\",\"author\":{\"@id\":\"https:\\\/\\\/www.jornalja.com.br\\\/arquivo\\\/author\\\/daredacao\\\/#author\"},\"publisher\":{\"@id\":\"https:\\\/\\\/www.jornalja.com.br\\\/arquivo\\\/#organization\"},\"image\":{\"@type\":\"ImageObject\",\"url\":50508},\"datePublished\":\"2017-06-25T15:15:29-03:00\",\"dateModified\":\"2017-06-25T15:15:29-03:00\",\"inLanguage\":\"pt-BR\",\"mainEntityOfPage\":{\"@id\":\"https:\\\/\\\/www.jornalja.com.br\\\/arquivo\\\/desemprego-nao-deve-cair-ate-2019-diz-especialista\\\/#webpage\"},\"isPartOf\":{\"@id\":\"https:\\\/\\\/www.jornalja.com.br\\\/arquivo\\\/desemprego-nao-deve-cair-ate-2019-diz-especialista\\\/#webpage\"},\"articleSection\":\"Geral\"},{\"@type\":\"BreadcrumbList\",\"@id\":\"https:\\\/\\\/www.jornalja.com.br\\\/arquivo\\\/desemprego-nao-deve-cair-ate-2019-diz-especialista\\\/#breadcrumblist\",\"itemListElement\":[{\"@type\":\"ListItem\",\"@id\":\"https:\\\/\\\/www.jornalja.com.br\\\/arquivo#listItem\",\"position\":1,\"name\":\"Home\",\"item\":\"https:\\\/\\\/www.jornalja.com.br\\\/arquivo\",\"nextItem\":{\"@type\":\"ListItem\",\"@id\":\"https:\\\/\\\/www.jornalja.com.br\\\/arquivo\\\/category\\\/geral\\\/#listItem\",\"name\":\"Geral\"}},{\"@type\":\"ListItem\",\"@id\":\"https:\\\/\\\/www.jornalja.com.br\\\/arquivo\\\/category\\\/geral\\\/#listItem\",\"position\":2,\"name\":\"Geral\",\"item\":\"https:\\\/\\\/www.jornalja.com.br\\\/arquivo\\\/category\\\/geral\\\/\",\"nextItem\":{\"@type\":\"ListItem\",\"@id\":\"https:\\\/\\\/www.jornalja.com.br\\\/arquivo\\\/desemprego-nao-deve-cair-ate-2019-diz-especialista\\\/#listItem\",\"name\":\"Desemprego n\\u00e3o deve cair at\\u00e9 2019, diz especialista\"},\"previousItem\":{\"@type\":\"ListItem\",\"@id\":\"https:\\\/\\\/www.jornalja.com.br\\\/arquivo#listItem\",\"name\":\"Home\"}},{\"@type\":\"ListItem\",\"@id\":\"https:\\\/\\\/www.jornalja.com.br\\\/arquivo\\\/desemprego-nao-deve-cair-ate-2019-diz-especialista\\\/#listItem\",\"position\":3,\"name\":\"Desemprego n\\u00e3o deve cair at\\u00e9 2019, diz especialista\",\"previousItem\":{\"@type\":\"ListItem\",\"@id\":\"https:\\\/\\\/www.jornalja.com.br\\\/arquivo\\\/category\\\/geral\\\/#listItem\",\"name\":\"Geral\"}}]},{\"@type\":\"Organization\",\"@id\":\"https:\\\/\\\/www.jornalja.com.br\\\/arquivo\\\/#organization\",\"name\":\"Jornal J\\u00c1\",\"description\":\"Jornal J\\u00c1 | Porto Alegre\",\"url\":\"https:\\\/\\\/www.jornalja.com.br\\\/arquivo\\\/\",\"telephone\":\"+555133307272\",\"logo\":{\"@type\":\"ImageObject\",\"url\":\"https:\\\/\\\/www.jornalja.com.br\\\/wp-content\\\/uploads\\\/cards\\\/JAslogan.png\",\"@id\":\"https:\\\/\\\/www.jornalja.com.br\\\/arquivo\\\/desemprego-nao-deve-cair-ate-2019-diz-especialista\\\/#organizationLogo\"},\"image\":{\"@id\":\"https:\\\/\\\/www.jornalja.com.br\\\/arquivo\\\/desemprego-nao-deve-cair-ate-2019-diz-especialista\\\/#organizationLogo\"}},{\"@type\":\"Person\",\"@id\":\"https:\\\/\\\/www.jornalja.com.br\\\/arquivo\\\/author\\\/daredacao\\\/#author\",\"url\":\"https:\\\/\\\/www.jornalja.com.br\\\/arquivo\\\/author\\\/daredacao\\\/\",\"name\":\"da Reda\\u00e7\\u00e3o\",\"image\":{\"@type\":\"ImageObject\",\"@id\":\"https:\\\/\\\/www.jornalja.com.br\\\/arquivo\\\/desemprego-nao-deve-cair-ate-2019-diz-especialista\\\/#authorImage\",\"url\":\"https:\\\/\\\/secure.gravatar.com\\\/avatar\\\/469fd857d6605ad19919d27ed29d35a968a25f6e8fd9318356bbb7f57aae9c65?s=96&d=mm&r=g\",\"width\":96,\"height\":96,\"caption\":\"da Reda\\u00e7\\u00e3o\"}},{\"@type\":\"WebPage\",\"@id\":\"https:\\\/\\\/www.jornalja.com.br\\\/arquivo\\\/desemprego-nao-deve-cair-ate-2019-diz-especialista\\\/#webpage\",\"url\":\"https:\\\/\\\/www.jornalja.com.br\\\/arquivo\\\/desemprego-nao-deve-cair-ate-2019-diz-especialista\\\/\",\"name\":\"Desemprego n\\u00e3o deve cair at\\u00e9 2019, diz especialista | Arquivo\",\"inLanguage\":\"pt-BR\",\"isPartOf\":{\"@id\":\"https:\\\/\\\/www.jornalja.com.br\\\/arquivo\\\/#website\"},\"breadcrumb\":{\"@id\":\"https:\\\/\\\/www.jornalja.com.br\\\/arquivo\\\/desemprego-nao-deve-cair-ate-2019-diz-especialista\\\/#breadcrumblist\"},\"author\":{\"@id\":\"https:\\\/\\\/www.jornalja.com.br\\\/arquivo\\\/author\\\/daredacao\\\/#author\"},\"creator\":{\"@id\":\"https:\\\/\\\/www.jornalja.com.br\\\/arquivo\\\/author\\\/daredacao\\\/#author\"},\"image\":{\"@type\":\"ImageObject\",\"url\":50508,\"@id\":\"https:\\\/\\\/www.jornalja.com.br\\\/arquivo\\\/desemprego-nao-deve-cair-ate-2019-diz-especialista\\\/#mainImage\"},\"primaryImageOfPage\":{\"@id\":\"https:\\\/\\\/www.jornalja.com.br\\\/arquivo\\\/desemprego-nao-deve-cair-ate-2019-diz-especialista\\\/#mainImage\"},\"datePublished\":\"2017-06-25T15:15:29-03:00\",\"dateModified\":\"2017-06-25T15:15:29-03:00\"},{\"@type\":\"WebSite\",\"@id\":\"https:\\\/\\\/www.jornalja.com.br\\\/arquivo\\\/#website\",\"url\":\"https:\\\/\\\/www.jornalja.com.br\\\/arquivo\\\/\",\"name\":\"Arquivo\",\"description\":\"Jornal J\\u00c1 | Porto Alegre\",\"inLanguage\":\"pt-BR\",\"publisher\":{\"@id\":\"https:\\\/\\\/www.jornalja.com.br\\\/arquivo\\\/#organization\"}}]}\n\t\t<\/script>\n\t\t<!-- All in One SEO -->\n\n","aioseo_head_json":{"title":"Desemprego n\u00e3o deve cair at\u00e9 2019, diz especialista | Arquivo","description":"","canonical_url":"https:\/\/www.jornalja.com.br\/arquivo\/desemprego-nao-deve-cair-ate-2019-diz-especialista\/","robots":"max-image-preview:large","keywords":"","webmasterTools":{"miscellaneous":""},"schema":{"@context":"https:\/\/schema.org","@graph":[{"@type":"BlogPosting","@id":"https:\/\/www.jornalja.com.br\/arquivo\/desemprego-nao-deve-cair-ate-2019-diz-especialista\/#blogposting","name":"Desemprego n\u00e3o deve cair at\u00e9 2019, diz especialista | Arquivo","headline":"Desemprego n\u00e3o deve cair at\u00e9 2019, diz especialista","author":{"@id":"https:\/\/www.jornalja.com.br\/arquivo\/author\/daredacao\/#author"},"publisher":{"@id":"https:\/\/www.jornalja.com.br\/arquivo\/#organization"},"image":{"@type":"ImageObject","url":50508},"datePublished":"2017-06-25T15:15:29-03:00","dateModified":"2017-06-25T15:15:29-03:00","inLanguage":"pt-BR","mainEntityOfPage":{"@id":"https:\/\/www.jornalja.com.br\/arquivo\/desemprego-nao-deve-cair-ate-2019-diz-especialista\/#webpage"},"isPartOf":{"@id":"https:\/\/www.jornalja.com.br\/arquivo\/desemprego-nao-deve-cair-ate-2019-diz-especialista\/#webpage"},"articleSection":"Geral"},{"@type":"BreadcrumbList","@id":"https:\/\/www.jornalja.com.br\/arquivo\/desemprego-nao-deve-cair-ate-2019-diz-especialista\/#breadcrumblist","itemListElement":[{"@type":"ListItem","@id":"https:\/\/www.jornalja.com.br\/arquivo#listItem","position":1,"name":"Home","item":"https:\/\/www.jornalja.com.br\/arquivo","nextItem":{"@type":"ListItem","@id":"https:\/\/www.jornalja.com.br\/arquivo\/category\/geral\/#listItem","name":"Geral"}},{"@type":"ListItem","@id":"https:\/\/www.jornalja.com.br\/arquivo\/category\/geral\/#listItem","position":2,"name":"Geral","item":"https:\/\/www.jornalja.com.br\/arquivo\/category\/geral\/","nextItem":{"@type":"ListItem","@id":"https:\/\/www.jornalja.com.br\/arquivo\/desemprego-nao-deve-cair-ate-2019-diz-especialista\/#listItem","name":"Desemprego n\u00e3o deve cair at\u00e9 2019, diz especialista"},"previousItem":{"@type":"ListItem","@id":"https:\/\/www.jornalja.com.br\/arquivo#listItem","name":"Home"}},{"@type":"ListItem","@id":"https:\/\/www.jornalja.com.br\/arquivo\/desemprego-nao-deve-cair-ate-2019-diz-especialista\/#listItem","position":3,"name":"Desemprego n\u00e3o deve cair at\u00e9 2019, diz especialista","previousItem":{"@type":"ListItem","@id":"https:\/\/www.jornalja.com.br\/arquivo\/category\/geral\/#listItem","name":"Geral"}}]},{"@type":"Organization","@id":"https:\/\/www.jornalja.com.br\/arquivo\/#organization","name":"Jornal J\u00c1","description":"Jornal J\u00c1 | Porto Alegre","url":"https:\/\/www.jornalja.com.br\/arquivo\/","telephone":"+555133307272","logo":{"@type":"ImageObject","url":"https:\/\/www.jornalja.com.br\/wp-content\/uploads\/cards\/JAslogan.png","@id":"https:\/\/www.jornalja.com.br\/arquivo\/desemprego-nao-deve-cair-ate-2019-diz-especialista\/#organizationLogo"},"image":{"@id":"https:\/\/www.jornalja.com.br\/arquivo\/desemprego-nao-deve-cair-ate-2019-diz-especialista\/#organizationLogo"}},{"@type":"Person","@id":"https:\/\/www.jornalja.com.br\/arquivo\/author\/daredacao\/#author","url":"https:\/\/www.jornalja.com.br\/arquivo\/author\/daredacao\/","name":"da Reda\u00e7\u00e3o","image":{"@type":"ImageObject","@id":"https:\/\/www.jornalja.com.br\/arquivo\/desemprego-nao-deve-cair-ate-2019-diz-especialista\/#authorImage","url":"https:\/\/secure.gravatar.com\/avatar\/469fd857d6605ad19919d27ed29d35a968a25f6e8fd9318356bbb7f57aae9c65?s=96&d=mm&r=g","width":96,"height":96,"caption":"da Reda\u00e7\u00e3o"}},{"@type":"WebPage","@id":"https:\/\/www.jornalja.com.br\/arquivo\/desemprego-nao-deve-cair-ate-2019-diz-especialista\/#webpage","url":"https:\/\/www.jornalja.com.br\/arquivo\/desemprego-nao-deve-cair-ate-2019-diz-especialista\/","name":"Desemprego n\u00e3o deve cair at\u00e9 2019, diz especialista | Arquivo","inLanguage":"pt-BR","isPartOf":{"@id":"https:\/\/www.jornalja.com.br\/arquivo\/#website"},"breadcrumb":{"@id":"https:\/\/www.jornalja.com.br\/arquivo\/desemprego-nao-deve-cair-ate-2019-diz-especialista\/#breadcrumblist"},"author":{"@id":"https:\/\/www.jornalja.com.br\/arquivo\/author\/daredacao\/#author"},"creator":{"@id":"https:\/\/www.jornalja.com.br\/arquivo\/author\/daredacao\/#author"},"image":{"@type":"ImageObject","url":50508,"@id":"https:\/\/www.jornalja.com.br\/arquivo\/desemprego-nao-deve-cair-ate-2019-diz-especialista\/#mainImage"},"primaryImageOfPage":{"@id":"https:\/\/www.jornalja.com.br\/arquivo\/desemprego-nao-deve-cair-ate-2019-diz-especialista\/#mainImage"},"datePublished":"2017-06-25T15:15:29-03:00","dateModified":"2017-06-25T15:15:29-03:00"},{"@type":"WebSite","@id":"https:\/\/www.jornalja.com.br\/arquivo\/#website","url":"https:\/\/www.jornalja.com.br\/arquivo\/","name":"Arquivo","description":"Jornal J\u00c1 | Porto Alegre","inLanguage":"pt-BR","publisher":{"@id":"https:\/\/www.jornalja.com.br\/arquivo\/#organization"}}]},"og:locale":"pt_BR","og:site_name":"Arquivo | Jornal J\u00c1 | Porto Alegre","og:type":"article","og:title":"Desemprego n\u00e3o deve cair at\u00e9 2019, diz especialista | Arquivo","og:url":"https:\/\/www.jornalja.com.br\/arquivo\/desemprego-nao-deve-cair-ate-2019-diz-especialista\/","og:image":"https:\/\/www.jornalja.com.br\/economics\/wp-content\/uploads\/sites\/11\/2026\/08\/ja-folhaderosto-facebook.jpg","og:image:secure_url":"https:\/\/www.jornalja.com.br\/economics\/wp-content\/uploads\/sites\/11\/2026\/08\/ja-folhaderosto-facebook.jpg","article:published_time":"2017-06-25T18:15:29+00:00","article:modified_time":"2017-06-25T18:15:29+00:00","twitter:card":"summary","twitter:title":"Desemprego n\u00e3o deve cair at\u00e9 2019, diz especialista | Arquivo","twitter:image":"https:\/\/www.jornalja.com.br\/economics\/wp-content\/uploads\/sites\/11\/2026\/08\/ja-folhaderosto-facebook.jpg"},"aioseo_meta_data":{"post_id":"50507","title":null,"description":null,"keywords":null,"keyphrases":null,"primary_term":null,"canonical_url":null,"og_title":null,"og_description":null,"og_object_type":"default","og_image_type":"default","og_image_url":null,"og_image_width":null,"og_image_height":null,"og_image_custom_url":null,"og_image_custom_fields":null,"og_video":null,"og_custom_url":null,"og_article_section":null,"og_article_tags":null,"twitter_use_og":false,"twitter_card":"default","twitter_image_type":"default","twitter_image_url":null,"twitter_image_custom_url":null,"twitter_image_custom_fields":null,"twitter_title":null,"twitter_description":null,"schema":{"blockGraphs":[],"customGraphs":[],"default":{"data":{"Article":[],"Course":[],"Dataset":[],"FAQPage":[],"Movie":[],"Person":[],"Product":[],"ProductReview":[],"Car":[],"Recipe":[],"Service":[],"SoftwareApplication":[],"WebPage":[]},"graphName":"","isEnabled":true},"graphs":[],"defaultGraph":"","defaultPostTypeGraph":""},"schema_type":null,"schema_type_options":null,"pillar_content":false,"robots_default":true,"robots_noindex":false,"robots_noarchive":false,"robots_nosnippet":false,"robots_nofollow":false,"robots_noimageindex":false,"robots_noodp":false,"robots_notranslate":false,"robots_max_snippet":null,"robots_max_videopreview":null,"robots_max_imagepreview":"large","priority":null,"frequency":null,"location":null,"local_seo":null,"breadcrumb_settings":null,"limit_modified_date":false,"ai":null,"created":"2020-12-20 20:30:49","updated":"2025-07-19 22:28:29","seo_analyzer_scan_date":null,"focus_keyword":null,"additional_keywords":null,"truseo_locale":null},"jetpack_sharing_enabled":true,"jetpack-related-posts":[{"id":13101,"url":"https:\/\/www.jornalja.com.br\/arquivo\/morre-um-guerreiro-do-texto\/","url_meta":{"origin":50507,"position":0},"title":"Morre um guerreiro do texto","author":"Patr\u00edcia Marini","date":"14 de maio de 2014","format":false,"excerpt":"Por Ricardo Kotscho Reproduzido do blog do autor, 11\/5\/2014; t\u00edtulo original \u201cE l\u00e1 se foi o nosso Myltainho, guerreiro do texto\u201d. Mi\u00fado e franzino, meu amigo Myltainho era um valente e inconformado guerreiro na luta contra as injusti\u00e7as sociais, a hipocrisia, as maracutaias, o autoritarismo, a intoler\u00e2ncia, a viol\u00eancia, o\u2026","rel":"","context":"Em &quot;Geral&quot;","block_context":{"text":"Geral","link":"https:\/\/www.jornalja.com.br\/arquivo\/category\/geral\/"},"img":{"alt_text":"","src":"","width":0,"height":0},"classes":[]},{"id":13239,"url":"https:\/\/www.jornalja.com.br\/arquivo\/conselho-desdenha-do-plano-diretor\/","url_meta":{"origin":50507,"position":1},"title":"Porto Alegre: Conselho detona Plano Diretor","author":"Patr\u00edcia Marini","date":"25 de maio de 2014","format":false,"excerpt":"Den\u00fancia do arquiteto e \u00a0urbanista Ibir\u00e1 Santos Lucas. Ele diz que os conselheiros est\u00e3o votando com \"enorme irresponsabilidade\". \"Mudam regime com a maior naturalidade,,,regularizam absurdos de constru\u00e7\u00f5es irregulares... \"O CMDUA est\u00e1 flexibilizando a lei do plano diretor, de uma forma impactante na vida da cidade. Mudam regime com a maior\u2026","rel":"","context":"Em &quot;Geral&quot;","block_context":{"text":"Geral","link":"https:\/\/www.jornalja.com.br\/arquivo\/category\/geral\/"},"img":{"alt_text":"","src":"","width":0,"height":0},"classes":[]},{"id":5440,"url":"https:\/\/www.jornalja.com.br\/arquivo\/casarao-da-venancio-destino-permanece-incerto\/","url_meta":{"origin":50507,"position":2},"title":"Estado ainda n\u00e3o sabe o que fazer com casar\u00e3o abandonado h\u00e1 20 anos","author":"Elmar Bones","date":"6 de julho de 2009","format":false,"excerpt":"O casar\u00e3o amarelo, numa esquina nobre de Porto Alegre (Ven\u00e2ncio Aires com Jo\u00e3o Pessoa), j\u00e1 abrigou uma escola. H\u00e1 duas d\u00e9cadas, pelo menos, est\u00e1 abandonado, porque seu propriet\u00e1rio, o governo do Estado do Rio Grande do Sul, n\u00e3o consegue achar um destino para ele. Planos n\u00e3o faltaram. O governador Ol\u00edvio\u2026","rel":"","context":"Em &quot;X.Categorias velhas&quot;","block_context":{"text":"X.Categorias velhas","link":"https:\/\/www.jornalja.com.br\/arquivo\/category\/x-categorias-velhas\/"},"img":{"alt_text":"geraldo1","src":"https:\/\/i0.wp.com\/www.jornalja.com.br\/wp-content\/uploads\/2009\/07\/geraldo1.jpg?resize=350%2C200&ssl=1","width":350,"height":200},"classes":[]},{"id":13124,"url":"https:\/\/www.jornalja.com.br\/arquivo\/sangue-latino-no-iecine\/","url_meta":{"origin":50507,"position":3},"title":"Sangue latino no IECINE","author":"da Reda\u00e7\u00e3o","date":"18 de maio de 2014","format":false,"excerpt":"Francisco Ribeiro O Instituto Estadual de Cinema (IECINE) tem a frente, desde abril \u00faltimo, um novo diretor, o cineasta colombiano Juan Zapata, 36, que substitui Luiz Alberto Cassol. Radicado h\u00e1 dez anos em Porto Alegre, Zapata tem diante de si o desafio de conduzir at\u00e9 o final do ano um\u2026","rel":"","context":"Em &quot;Cultura-Geral&quot;","block_context":{"text":"Cultura-Geral","link":"https:\/\/www.jornalja.com.br\/arquivo\/category\/materiasecundaria\/"},"img":{"alt_text":"","src":"","width":0,"height":0},"classes":[]},{"id":13128,"url":"https:\/\/www.jornalja.com.br\/arquivo\/maconha-terra-diz-que-uso-medicinal-e-desculpa\/","url_meta":{"origin":50507,"position":4},"title":"Maconha: Terra diz que uso medicinal \u00e9 desculpa","author":"Patr\u00edcia Marini","date":"4 de junho de 2014","format":false,"excerpt":"A condi\u00e7\u00e3o de pol\u00edtico, em \u00e9poca de campanha de campanha eleitoral, tira for\u00e7a do discurso do m\u00e9dico Osmar Terra contra a legaliza\u00e7\u00e3o da maconha. A tese dele de que a libera\u00e7\u00e3o vai ampliar exponencialmente o consumo \u00e9 discutivel, o consumo \u00e9 corrente. Mas seus alertas quanto aos riscos tem que\u2026","rel":"","context":"Em &quot;X.Categorias velhas&quot;","block_context":{"text":"X.Categorias velhas","link":"https:\/\/www.jornalja.com.br\/arquivo\/category\/x-categorias-velhas\/"},"img":{"alt_text":"","src":"","width":0,"height":0},"classes":[]},{"id":14241,"url":"https:\/\/www.jornalja.com.br\/arquivo\/o-guaiba-nas-imagens-poeticas-de-achutti\/","url_meta":{"origin":50507,"position":5},"title":"O Gua\u00edba nas imagens po\u00e9ticas de Achutti","author":"da Reda\u00e7\u00e3o","date":"18 de junho de 2014","format":false,"excerpt":"Em \u201cO Gua\u00edba por Achutti\u201d \u2013 obra financiada via Minist\u00e9rio da Cultura, produ\u00e7\u00e3o executiva de Pedro Longhi, e Fl\u00e1vio Wild como designer \u2013, o fot\u00f3grafo revela a beleza e as mazelas de um espa\u00e7o aqu\u00e1tico de \u00e1guas sempre renovadas, cheio de hist\u00f3rias e lendas como as das cidades que foram\u2026","rel":"","context":"Em &quot;Cultura-Geral&quot;","block_context":{"text":"Cultura-Geral","link":"https:\/\/www.jornalja.com.br\/arquivo\/category\/materiasecundaria\/"},"img":{"alt_text":"","src":"","width":0,"height":0},"classes":[]}],"jetpack_shortlink":"https:\/\/wp.me\/pbQjBd-d8D","jetpack_featured_media_url":"","_links":{"self":[{"href":"https:\/\/www.jornalja.com.br\/arquivo\/wp-json\/wp\/v2\/posts\/50507","targetHints":{"allow":["GET"]}}],"collection":[{"href":"https:\/\/www.jornalja.com.br\/arquivo\/wp-json\/wp\/v2\/posts"}],"about":[{"href":"https:\/\/www.jornalja.com.br\/arquivo\/wp-json\/wp\/v2\/types\/post"}],"author":[{"embeddable":true,"href":"https:\/\/www.jornalja.com.br\/arquivo\/wp-json\/wp\/v2\/users\/4"}],"replies":[{"embeddable":true,"href":"https:\/\/www.jornalja.com.br\/arquivo\/wp-json\/wp\/v2\/comments?post=50507"}],"version-history":[{"count":0,"href":"https:\/\/www.jornalja.com.br\/arquivo\/wp-json\/wp\/v2\/posts\/50507\/revisions"}],"wp:attachment":[{"href":"https:\/\/www.jornalja.com.br\/arquivo\/wp-json\/wp\/v2\/media?parent=50507"}],"wp:term":[{"taxonomy":"category","embeddable":true,"href":"https:\/\/www.jornalja.com.br\/arquivo\/wp-json\/wp\/v2\/categories?post=50507"},{"taxonomy":"post_tag","embeddable":true,"href":"https:\/\/www.jornalja.com.br\/arquivo\/wp-json\/wp\/v2\/tags?post=50507"}],"curies":[{"name":"wp","href":"https:\/\/api.w.org\/{rel}","templated":true}]}}