{"id":50510,"date":"2017-06-25T15:48:05","date_gmt":"2017-06-25T18:48:05","guid":{"rendered":"https:\/\/www.jornalja.com.br\/?p=50510"},"modified":"2017-06-25T15:48:05","modified_gmt":"2017-06-25T18:48:05","slug":"continua-nesta-segunda-em-porto-alegre-julgamento-de-pai-de-vitima-da-kiss","status":"publish","type":"post","link":"https:\/\/www.jornalja.com.br\/arquivo\/continua-nesta-segunda-em-porto-alegre-julgamento-de-pai-de-vitima-da-kiss\/","title":{"rendered":"Continua nesta segunda em Porto Alegre julgamento de pai de v\u00edtima da Kiss"},"content":{"rendered":"<p>Est\u00e1 na pauta desta segunda-feira (26) do Tribunal Pleno, do Tribunal de Justi\u00e7a do Estado (TJ\/RS), a continua\u00e7\u00e3o do julgamento da \u201cexce\u00e7\u00e3o da verdade\u201d, incidente processual pedido pelo pai de v\u00edtima da trag\u00e9dia da Kiss Fl\u00e1vio Jos\u00e9 da Silva, processado por cal\u00fania pelo promotor de Justi\u00e7a Ricardo Lozza.<br \/>\nNesse processo, al\u00e9m de Fl\u00e1vio, vice-presidente da Associa\u00e7\u00e3o de Familiares de V\u00edtimas e Sobreviventes da Trag\u00e9dia de Santa Maria (AVTSM), tamb\u00e9m responde por cal\u00fania S\u00e9rgio da Silva, presidente da AVTSM. A a\u00e7\u00e3o tramita na 4\u00aa Vara Criminal de Santa Maria.<\/p>\n<p style=\"font-style: inherit;font-weight: inherit\">No processo, Fl\u00e1vio requereu a chamada \u201cexce\u00e7\u00e3o da verdade\u201d. Defendido pelo advogado Pedro Barcellos Jr, ele tenta provar que n\u00e3o caluniou o promotor e que falou a verdade, ao dizer que o Minist\u00e9rio P\u00fablico sabia que a Boate Kiss funcionava em situa\u00e7\u00e3o irregular. Esse incidente processual est\u00e1 sendo julgado pelo \u00d3rg\u00e3o Especial do Tribunal Pleno, do Tribunal de Justi\u00e7a do Estado (TJ\/RS), em Porto Alegre, pelo direito que tem o promotor (por prerrogativa de fun\u00e7\u00e3o).<\/p>\n<p style=\"font-style: inherit;font-weight: inherit\">Fl\u00e1vio \u00e9 pai de Andrielle, que morreu na trag\u00e9dia aos 22 anos. Se o TJ\/RS considerar que Fl\u00e1vio n\u00e3o mentiu, o processo principal por cal\u00fania deixa de ter sentido na 4\u00aa Vara Criminal de Santa Maria. Em caso contr\u00e1rio, a a\u00e7\u00e3o seguir\u00e1 normalmente. Sergio, o outro pai processado por cal\u00fania no mesmo processo, \u00e9 defendido pelos advogados Ricardo Munarski Jobim e Luiz Fernando Scherer Smaniotto.<\/p>\n<p style=\"font-style: inherit;font-weight: inherit\">A \u201cexce\u00e7\u00e3o da verdade\u201d come\u00e7ou a ser julgada no dia 22 de maio, em Porto Alegre, mas a sess\u00e3o foi suspensa, ap\u00f3s o voto de 20 desembargadores e um pedido de vista. No placar, 20 a zero contra Fl\u00e1vio. Falta o voto de dois magistrados, os desembargadores Rui Portanova e Gelson Rolim Stocker. \u00c9 muito dif\u00edcil, mas ainda pode haver mudan\u00e7as de posi\u00e7\u00e3o nos votos que j\u00e1 foram dados.<\/p>\n<p style=\"font-style: inherit;font-weight: inherit\">A sess\u00e3o que continuar\u00e1 a julgar o incidente processual ser\u00e1 no Plen\u00e1rio do Tribunal de Justi\u00e7a, no 13\u00ba andar (Av. Borges de Medeiros, 1.565, Porto Alegre), a partir das 14h desta segunda-feira (26). S\u00e3o v\u00e1rios processos na mesma sess\u00e3o. S\u00f3 se saber\u00e1 a ordem em que o processo da \u201cexce\u00e7\u00e3o da verdade\u201d estar\u00e1 pouco antes de a sess\u00e3o come\u00e7ar.<\/p>\n<p style=\"font-style: inherit;font-weight: inherit\"><strong>Outros pais processados<\/strong><\/p>\n<p style=\"font-style: inherit;font-weight: inherit\">Outros dois pais de v\u00edtimas est\u00e3o sendo processados e podem ter senten\u00e7a a qualquer momento, No processo c\u00edvel contra a m\u00e3e de v\u00edtima Ir\u00e1 Mour\u00e3o Beuren, conhecida como Marta, desde o dia 2 de junho o juiz Carlos Alberto Ely Fontela, da 3\u00aa Vara C\u00edvel de Santa Maria, est\u00e1 apto para dar uma senten\u00e7a, condenando ou absolvendo a m\u00e3e<\/p>\n<p style=\"font-style: inherit;font-weight: inherit\">M\u00e3e de Silvio Beuren Junior, o Silvinho, que morreu na trag\u00e9dia da Boate Kiss aos 31 anos, Marta responde a processo c\u00edvel por inj\u00faria, difama\u00e7\u00e3o e falsidade ideol\u00f3gica.<\/p>\n<p style=\"font-style: inherit;font-weight: inherit\">Outro processo pronto para ter senten\u00e7a \u00e9 contra o pai Paulo Carvalho, diretor jur\u00eddico da AVTSM. Ele responde por cal\u00fania e difama\u00e7\u00e3o, em a\u00e7\u00e3o ingressada pelos promotores Joel Dutra e Maur\u00edcio Trevisan. Paulo \u00e9 pai de Rafael Paulo Nunes de Carvalho, que morreu aos 32 anos na trag\u00e9dia da Kiss.<\/p>\n<p style=\"font-style: inherit;font-weight: inherit\"><em>Com informa\u00e7\u00f5es da Associa\u00e7\u00e3o de V\u00edtimas da Trag\u00e9dia de Santa Maria\u00a0<\/em><\/p>\n","protected":false},"excerpt":{"rendered":"<p>Est\u00e1 na pauta desta segunda-feira (26) do Tribunal Pleno, do Tribunal de Justi\u00e7a do Estado (TJ\/RS), a continua\u00e7\u00e3o do julgamento da \u201cexce\u00e7\u00e3o da verdade\u201d, incidente processual pedido pelo pai de v\u00edtima da trag\u00e9dia da Kiss Fl\u00e1vio Jos\u00e9 da Silva, processado por cal\u00fania pelo promotor de Justi\u00e7a Ricardo Lozza. Nesse processo, al\u00e9m de Fl\u00e1vio, vice-presidente da [&hellip;]<\/p>\n","protected":false},"author":4,"featured_media":50511,"comment_status":"open","ping_status":"closed","sticky":false,"template":"","format":"standard","meta":{"_jetpack_newsletter_access":"","_jetpack_dont_email_post_to_subs":false,"_jetpack_newsletter_tier_id":0,"_jetpack_memberships_contains_paywalled_content":false,"_jetpack_feature_clip_id":0,"_jetpack_memberships_contains_paid_content":false,"footnotes":"","jetpack_post_was_ever_published":false},"categories":[26],"tags":[],"class_list":["post-50510","post","type-post","status-publish","format-standard","has-post-thumbnail","hentry","category-geral"],"aioseo_notices":[],"aioseo_head":"\n\t\t<!-- All in One SEO 5.0.1.1 - aioseo.com -->\n\t<meta name=\"robots\" content=\"max-image-preview:large\" \/>\n\t<meta name=\"author\" content=\"da Reda\u00e7\u00e3o\"\/>\n\t<link rel=\"canonical\" href=\"https:\/\/www.jornalja.com.br\/arquivo\/continua-nesta-segunda-em-porto-alegre-julgamento-de-pai-de-vitima-da-kiss\/\" \/>\n\t<meta name=\"generator\" content=\"All in One SEO (AIOSEO) 5.0.1.1\" \/>\n\t\t<meta property=\"og:locale\" content=\"pt_BR\" \/>\n\t\t<meta property=\"og:site_name\" content=\"Arquivo | Jornal J\u00c1 | Porto Alegre\" \/>\n\t\t<meta property=\"og:type\" content=\"article\" \/>\n\t\t<meta property=\"og:title\" content=\"Continua nesta segunda em Porto Alegre julgamento de pai de v\u00edtima da Kiss | Arquivo\" \/>\n\t\t<meta property=\"og:url\" content=\"https:\/\/www.jornalja.com.br\/arquivo\/continua-nesta-segunda-em-porto-alegre-julgamento-de-pai-de-vitima-da-kiss\/\" \/>\n\t\t<meta property=\"og:image\" content=\"https:\/\/www.jornalja.com.br\/economics\/wp-content\/uploads\/sites\/11\/2026\/08\/ja-folhaderosto-facebook.jpg\" \/>\n\t\t<meta property=\"og:image:secure_url\" content=\"https:\/\/www.jornalja.com.br\/economics\/wp-content\/uploads\/sites\/11\/2026\/08\/ja-folhaderosto-facebook.jpg\" \/>\n\t\t<meta property=\"article:published_time\" content=\"2017-06-25T18:48:05+00:00\" \/>\n\t\t<meta property=\"article:modified_time\" content=\"2017-06-25T18:48:05+00:00\" \/>\n\t\t<meta name=\"twitter:card\" content=\"summary\" \/>\n\t\t<meta name=\"twitter:title\" content=\"Continua nesta segunda em Porto Alegre julgamento de pai de v\u00edtima da Kiss | Arquivo\" \/>\n\t\t<meta name=\"twitter:image\" content=\"https:\/\/www.jornalja.com.br\/economics\/wp-content\/uploads\/sites\/11\/2026\/08\/ja-folhaderosto-facebook.jpg\" \/>\n\t\t<script type=\"application\/ld+json\" class=\"aioseo-schema\">\n\t\t\t{\"@context\":\"https:\\\/\\\/schema.org\",\"@graph\":[{\"@type\":\"BlogPosting\",\"@id\":\"https:\\\/\\\/www.jornalja.com.br\\\/arquivo\\\/continua-nesta-segunda-em-porto-alegre-julgamento-de-pai-de-vitima-da-kiss\\\/#blogposting\",\"name\":\"Continua nesta segunda em Porto Alegre julgamento de pai de v\\u00edtima da Kiss | Arquivo\",\"headline\":\"Continua nesta segunda em Porto Alegre julgamento de pai de v\\u00edtima da Kiss\",\"author\":{\"@id\":\"https:\\\/\\\/www.jornalja.com.br\\\/arquivo\\\/author\\\/daredacao\\\/#author\"},\"publisher\":{\"@id\":\"https:\\\/\\\/www.jornalja.com.br\\\/arquivo\\\/#organization\"},\"image\":{\"@type\":\"ImageObject\",\"url\":50511},\"datePublished\":\"2017-06-25T15:48:05-03:00\",\"dateModified\":\"2017-06-25T15:48:05-03:00\",\"inLanguage\":\"pt-BR\",\"mainEntityOfPage\":{\"@id\":\"https:\\\/\\\/www.jornalja.com.br\\\/arquivo\\\/continua-nesta-segunda-em-porto-alegre-julgamento-de-pai-de-vitima-da-kiss\\\/#webpage\"},\"isPartOf\":{\"@id\":\"https:\\\/\\\/www.jornalja.com.br\\\/arquivo\\\/continua-nesta-segunda-em-porto-alegre-julgamento-de-pai-de-vitima-da-kiss\\\/#webpage\"},\"articleSection\":\"Geral\"},{\"@type\":\"BreadcrumbList\",\"@id\":\"https:\\\/\\\/www.jornalja.com.br\\\/arquivo\\\/continua-nesta-segunda-em-porto-alegre-julgamento-de-pai-de-vitima-da-kiss\\\/#breadcrumblist\",\"itemListElement\":[{\"@type\":\"ListItem\",\"@id\":\"https:\\\/\\\/www.jornalja.com.br\\\/arquivo#listItem\",\"position\":1,\"name\":\"Home\",\"item\":\"https:\\\/\\\/www.jornalja.com.br\\\/arquivo\",\"nextItem\":{\"@type\":\"ListItem\",\"@id\":\"https:\\\/\\\/www.jornalja.com.br\\\/arquivo\\\/category\\\/geral\\\/#listItem\",\"name\":\"Geral\"}},{\"@type\":\"ListItem\",\"@id\":\"https:\\\/\\\/www.jornalja.com.br\\\/arquivo\\\/category\\\/geral\\\/#listItem\",\"position\":2,\"name\":\"Geral\",\"item\":\"https:\\\/\\\/www.jornalja.com.br\\\/arquivo\\\/category\\\/geral\\\/\",\"nextItem\":{\"@type\":\"ListItem\",\"@id\":\"https:\\\/\\\/www.jornalja.com.br\\\/arquivo\\\/continua-nesta-segunda-em-porto-alegre-julgamento-de-pai-de-vitima-da-kiss\\\/#listItem\",\"name\":\"Continua nesta segunda em Porto Alegre julgamento de pai de v\\u00edtima da Kiss\"},\"previousItem\":{\"@type\":\"ListItem\",\"@id\":\"https:\\\/\\\/www.jornalja.com.br\\\/arquivo#listItem\",\"name\":\"Home\"}},{\"@type\":\"ListItem\",\"@id\":\"https:\\\/\\\/www.jornalja.com.br\\\/arquivo\\\/continua-nesta-segunda-em-porto-alegre-julgamento-de-pai-de-vitima-da-kiss\\\/#listItem\",\"position\":3,\"name\":\"Continua nesta segunda em Porto Alegre julgamento de pai de v\\u00edtima da Kiss\",\"previousItem\":{\"@type\":\"ListItem\",\"@id\":\"https:\\\/\\\/www.jornalja.com.br\\\/arquivo\\\/category\\\/geral\\\/#listItem\",\"name\":\"Geral\"}}]},{\"@type\":\"Organization\",\"@id\":\"https:\\\/\\\/www.jornalja.com.br\\\/arquivo\\\/#organization\",\"name\":\"Jornal J\\u00c1\",\"description\":\"Jornal J\\u00c1 | Porto Alegre\",\"url\":\"https:\\\/\\\/www.jornalja.com.br\\\/arquivo\\\/\",\"telephone\":\"+555133307272\",\"logo\":{\"@type\":\"ImageObject\",\"url\":\"https:\\\/\\\/www.jornalja.com.br\\\/wp-content\\\/uploads\\\/cards\\\/JAslogan.png\",\"@id\":\"https:\\\/\\\/www.jornalja.com.br\\\/arquivo\\\/continua-nesta-segunda-em-porto-alegre-julgamento-de-pai-de-vitima-da-kiss\\\/#organizationLogo\"},\"image\":{\"@id\":\"https:\\\/\\\/www.jornalja.com.br\\\/arquivo\\\/continua-nesta-segunda-em-porto-alegre-julgamento-de-pai-de-vitima-da-kiss\\\/#organizationLogo\"}},{\"@type\":\"Person\",\"@id\":\"https:\\\/\\\/www.jornalja.com.br\\\/arquivo\\\/author\\\/daredacao\\\/#author\",\"url\":\"https:\\\/\\\/www.jornalja.com.br\\\/arquivo\\\/author\\\/daredacao\\\/\",\"name\":\"da Reda\\u00e7\\u00e3o\",\"image\":{\"@type\":\"ImageObject\",\"@id\":\"https:\\\/\\\/www.jornalja.com.br\\\/arquivo\\\/continua-nesta-segunda-em-porto-alegre-julgamento-de-pai-de-vitima-da-kiss\\\/#authorImage\",\"url\":\"https:\\\/\\\/secure.gravatar.com\\\/avatar\\\/469fd857d6605ad19919d27ed29d35a968a25f6e8fd9318356bbb7f57aae9c65?s=96&d=mm&r=g\",\"width\":96,\"height\":96,\"caption\":\"da Reda\\u00e7\\u00e3o\"}},{\"@type\":\"WebPage\",\"@id\":\"https:\\\/\\\/www.jornalja.com.br\\\/arquivo\\\/continua-nesta-segunda-em-porto-alegre-julgamento-de-pai-de-vitima-da-kiss\\\/#webpage\",\"url\":\"https:\\\/\\\/www.jornalja.com.br\\\/arquivo\\\/continua-nesta-segunda-em-porto-alegre-julgamento-de-pai-de-vitima-da-kiss\\\/\",\"name\":\"Continua nesta segunda em Porto Alegre julgamento de pai de v\\u00edtima da Kiss | Arquivo\",\"inLanguage\":\"pt-BR\",\"isPartOf\":{\"@id\":\"https:\\\/\\\/www.jornalja.com.br\\\/arquivo\\\/#website\"},\"breadcrumb\":{\"@id\":\"https:\\\/\\\/www.jornalja.com.br\\\/arquivo\\\/continua-nesta-segunda-em-porto-alegre-julgamento-de-pai-de-vitima-da-kiss\\\/#breadcrumblist\"},\"author\":{\"@id\":\"https:\\\/\\\/www.jornalja.com.br\\\/arquivo\\\/author\\\/daredacao\\\/#author\"},\"creator\":{\"@id\":\"https:\\\/\\\/www.jornalja.com.br\\\/arquivo\\\/author\\\/daredacao\\\/#author\"},\"image\":{\"@type\":\"ImageObject\",\"url\":50511,\"@id\":\"https:\\\/\\\/www.jornalja.com.br\\\/arquivo\\\/continua-nesta-segunda-em-porto-alegre-julgamento-de-pai-de-vitima-da-kiss\\\/#mainImage\"},\"primaryImageOfPage\":{\"@id\":\"https:\\\/\\\/www.jornalja.com.br\\\/arquivo\\\/continua-nesta-segunda-em-porto-alegre-julgamento-de-pai-de-vitima-da-kiss\\\/#mainImage\"},\"datePublished\":\"2017-06-25T15:48:05-03:00\",\"dateModified\":\"2017-06-25T15:48:05-03:00\"},{\"@type\":\"WebSite\",\"@id\":\"https:\\\/\\\/www.jornalja.com.br\\\/arquivo\\\/#website\",\"url\":\"https:\\\/\\\/www.jornalja.com.br\\\/arquivo\\\/\",\"name\":\"Arquivo\",\"description\":\"Jornal J\\u00c1 | Porto Alegre\",\"inLanguage\":\"pt-BR\",\"publisher\":{\"@id\":\"https:\\\/\\\/www.jornalja.com.br\\\/arquivo\\\/#organization\"}}]}\n\t\t<\/script>\n\t\t<!-- All in One SEO -->\n\n","aioseo_head_json":{"title":"Continua nesta segunda em Porto Alegre julgamento de pai de v\u00edtima da Kiss | Arquivo","description":"","canonical_url":"https:\/\/www.jornalja.com.br\/arquivo\/continua-nesta-segunda-em-porto-alegre-julgamento-de-pai-de-vitima-da-kiss\/","robots":"max-image-preview:large","keywords":"","webmasterTools":{"miscellaneous":""},"schema":{"@context":"https:\/\/schema.org","@graph":[{"@type":"BlogPosting","@id":"https:\/\/www.jornalja.com.br\/arquivo\/continua-nesta-segunda-em-porto-alegre-julgamento-de-pai-de-vitima-da-kiss\/#blogposting","name":"Continua nesta segunda em Porto Alegre julgamento de pai de v\u00edtima da Kiss | Arquivo","headline":"Continua nesta segunda em Porto Alegre julgamento de pai de v\u00edtima da Kiss","author":{"@id":"https:\/\/www.jornalja.com.br\/arquivo\/author\/daredacao\/#author"},"publisher":{"@id":"https:\/\/www.jornalja.com.br\/arquivo\/#organization"},"image":{"@type":"ImageObject","url":50511},"datePublished":"2017-06-25T15:48:05-03:00","dateModified":"2017-06-25T15:48:05-03:00","inLanguage":"pt-BR","mainEntityOfPage":{"@id":"https:\/\/www.jornalja.com.br\/arquivo\/continua-nesta-segunda-em-porto-alegre-julgamento-de-pai-de-vitima-da-kiss\/#webpage"},"isPartOf":{"@id":"https:\/\/www.jornalja.com.br\/arquivo\/continua-nesta-segunda-em-porto-alegre-julgamento-de-pai-de-vitima-da-kiss\/#webpage"},"articleSection":"Geral"},{"@type":"BreadcrumbList","@id":"https:\/\/www.jornalja.com.br\/arquivo\/continua-nesta-segunda-em-porto-alegre-julgamento-de-pai-de-vitima-da-kiss\/#breadcrumblist","itemListElement":[{"@type":"ListItem","@id":"https:\/\/www.jornalja.com.br\/arquivo#listItem","position":1,"name":"Home","item":"https:\/\/www.jornalja.com.br\/arquivo","nextItem":{"@type":"ListItem","@id":"https:\/\/www.jornalja.com.br\/arquivo\/category\/geral\/#listItem","name":"Geral"}},{"@type":"ListItem","@id":"https:\/\/www.jornalja.com.br\/arquivo\/category\/geral\/#listItem","position":2,"name":"Geral","item":"https:\/\/www.jornalja.com.br\/arquivo\/category\/geral\/","nextItem":{"@type":"ListItem","@id":"https:\/\/www.jornalja.com.br\/arquivo\/continua-nesta-segunda-em-porto-alegre-julgamento-de-pai-de-vitima-da-kiss\/#listItem","name":"Continua nesta segunda em Porto Alegre julgamento de pai de v\u00edtima da Kiss"},"previousItem":{"@type":"ListItem","@id":"https:\/\/www.jornalja.com.br\/arquivo#listItem","name":"Home"}},{"@type":"ListItem","@id":"https:\/\/www.jornalja.com.br\/arquivo\/continua-nesta-segunda-em-porto-alegre-julgamento-de-pai-de-vitima-da-kiss\/#listItem","position":3,"name":"Continua nesta segunda em Porto Alegre julgamento de pai de v\u00edtima da Kiss","previousItem":{"@type":"ListItem","@id":"https:\/\/www.jornalja.com.br\/arquivo\/category\/geral\/#listItem","name":"Geral"}}]},{"@type":"Organization","@id":"https:\/\/www.jornalja.com.br\/arquivo\/#organization","name":"Jornal J\u00c1","description":"Jornal J\u00c1 | Porto Alegre","url":"https:\/\/www.jornalja.com.br\/arquivo\/","telephone":"+555133307272","logo":{"@type":"ImageObject","url":"https:\/\/www.jornalja.com.br\/wp-content\/uploads\/cards\/JAslogan.png","@id":"https:\/\/www.jornalja.com.br\/arquivo\/continua-nesta-segunda-em-porto-alegre-julgamento-de-pai-de-vitima-da-kiss\/#organizationLogo"},"image":{"@id":"https:\/\/www.jornalja.com.br\/arquivo\/continua-nesta-segunda-em-porto-alegre-julgamento-de-pai-de-vitima-da-kiss\/#organizationLogo"}},{"@type":"Person","@id":"https:\/\/www.jornalja.com.br\/arquivo\/author\/daredacao\/#author","url":"https:\/\/www.jornalja.com.br\/arquivo\/author\/daredacao\/","name":"da Reda\u00e7\u00e3o","image":{"@type":"ImageObject","@id":"https:\/\/www.jornalja.com.br\/arquivo\/continua-nesta-segunda-em-porto-alegre-julgamento-de-pai-de-vitima-da-kiss\/#authorImage","url":"https:\/\/secure.gravatar.com\/avatar\/469fd857d6605ad19919d27ed29d35a968a25f6e8fd9318356bbb7f57aae9c65?s=96&d=mm&r=g","width":96,"height":96,"caption":"da Reda\u00e7\u00e3o"}},{"@type":"WebPage","@id":"https:\/\/www.jornalja.com.br\/arquivo\/continua-nesta-segunda-em-porto-alegre-julgamento-de-pai-de-vitima-da-kiss\/#webpage","url":"https:\/\/www.jornalja.com.br\/arquivo\/continua-nesta-segunda-em-porto-alegre-julgamento-de-pai-de-vitima-da-kiss\/","name":"Continua nesta segunda em Porto Alegre julgamento de pai de v\u00edtima da Kiss | Arquivo","inLanguage":"pt-BR","isPartOf":{"@id":"https:\/\/www.jornalja.com.br\/arquivo\/#website"},"breadcrumb":{"@id":"https:\/\/www.jornalja.com.br\/arquivo\/continua-nesta-segunda-em-porto-alegre-julgamento-de-pai-de-vitima-da-kiss\/#breadcrumblist"},"author":{"@id":"https:\/\/www.jornalja.com.br\/arquivo\/author\/daredacao\/#author"},"creator":{"@id":"https:\/\/www.jornalja.com.br\/arquivo\/author\/daredacao\/#author"},"image":{"@type":"ImageObject","url":50511,"@id":"https:\/\/www.jornalja.com.br\/arquivo\/continua-nesta-segunda-em-porto-alegre-julgamento-de-pai-de-vitima-da-kiss\/#mainImage"},"primaryImageOfPage":{"@id":"https:\/\/www.jornalja.com.br\/arquivo\/continua-nesta-segunda-em-porto-alegre-julgamento-de-pai-de-vitima-da-kiss\/#mainImage"},"datePublished":"2017-06-25T15:48:05-03:00","dateModified":"2017-06-25T15:48:05-03:00"},{"@type":"WebSite","@id":"https:\/\/www.jornalja.com.br\/arquivo\/#website","url":"https:\/\/www.jornalja.com.br\/arquivo\/","name":"Arquivo","description":"Jornal J\u00c1 | Porto Alegre","inLanguage":"pt-BR","publisher":{"@id":"https:\/\/www.jornalja.com.br\/arquivo\/#organization"}}]},"og:locale":"pt_BR","og:site_name":"Arquivo | Jornal J\u00c1 | Porto Alegre","og:type":"article","og:title":"Continua nesta segunda em Porto Alegre julgamento de pai de v\u00edtima da Kiss | Arquivo","og:url":"https:\/\/www.jornalja.com.br\/arquivo\/continua-nesta-segunda-em-porto-alegre-julgamento-de-pai-de-vitima-da-kiss\/","og:image":"https:\/\/www.jornalja.com.br\/economics\/wp-content\/uploads\/sites\/11\/2026\/08\/ja-folhaderosto-facebook.jpg","og:image:secure_url":"https:\/\/www.jornalja.com.br\/economics\/wp-content\/uploads\/sites\/11\/2026\/08\/ja-folhaderosto-facebook.jpg","article:published_time":"2017-06-25T18:48:05+00:00","article:modified_time":"2017-06-25T18:48:05+00:00","twitter:card":"summary","twitter:title":"Continua nesta segunda em Porto Alegre julgamento de pai de v\u00edtima da Kiss | Arquivo","twitter:image":"https:\/\/www.jornalja.com.br\/economics\/wp-content\/uploads\/sites\/11\/2026\/08\/ja-folhaderosto-facebook.jpg"},"aioseo_meta_data":{"post_id":"50510","title":null,"description":null,"keywords":null,"keyphrases":null,"primary_term":null,"canonical_url":null,"og_title":null,"og_description":null,"og_object_type":"default","og_image_type":"default","og_image_url":null,"og_image_width":null,"og_image_height":null,"og_image_custom_url":null,"og_image_custom_fields":null,"og_video":null,"og_custom_url":null,"og_article_section":null,"og_article_tags":null,"twitter_use_og":false,"twitter_card":"default","twitter_image_type":"default","twitter_image_url":null,"twitter_image_custom_url":null,"twitter_image_custom_fields":null,"twitter_title":null,"twitter_description":null,"schema":{"blockGraphs":[],"customGraphs":[],"default":{"data":{"Article":[],"Course":[],"Dataset":[],"FAQPage":[],"Movie":[],"Person":[],"Product":[],"ProductReview":[],"Car":[],"Recipe":[],"Service":[],"SoftwareApplication":[],"WebPage":[]},"graphName":"","isEnabled":true},"graphs":[],"defaultGraph":"","defaultPostTypeGraph":""},"schema_type":null,"schema_type_options":null,"pillar_content":false,"robots_default":true,"robots_noindex":false,"robots_noarchive":false,"robots_nosnippet":false,"robots_nofollow":false,"robots_noimageindex":false,"robots_noodp":false,"robots_notranslate":false,"robots_max_snippet":null,"robots_max_videopreview":null,"robots_max_imagepreview":"large","priority":null,"frequency":null,"location":null,"local_seo":null,"breadcrumb_settings":null,"limit_modified_date":false,"ai":null,"created":"2020-12-20 20:30:49","updated":"2025-07-19 22:29:32","seo_analyzer_scan_date":null,"focus_keyword":null,"additional_keywords":null,"truseo_locale":null},"jetpack_sharing_enabled":true,"jetpack-related-posts":[{"id":14241,"url":"https:\/\/www.jornalja.com.br\/arquivo\/o-guaiba-nas-imagens-poeticas-de-achutti\/","url_meta":{"origin":50510,"position":0},"title":"O Gua\u00edba nas imagens po\u00e9ticas de Achutti","author":"da Reda\u00e7\u00e3o","date":"18 de junho de 2014","format":false,"excerpt":"Em \u201cO Gua\u00edba por Achutti\u201d \u2013 obra financiada via Minist\u00e9rio da Cultura, produ\u00e7\u00e3o executiva de Pedro Longhi, e Fl\u00e1vio Wild como designer \u2013, o fot\u00f3grafo revela a beleza e as mazelas de um espa\u00e7o aqu\u00e1tico de \u00e1guas sempre renovadas, cheio de hist\u00f3rias e lendas como as das cidades que foram\u2026","rel":"","context":"Em &quot;Cultura-Geral&quot;","block_context":{"text":"Cultura-Geral","link":"https:\/\/www.jornalja.com.br\/arquivo\/category\/materiasecundaria\/"},"img":{"alt_text":"","src":"","width":0,"height":0},"classes":[]},{"id":13109,"url":"https:\/\/www.jornalja.com.br\/arquivo\/judiciario-reconhece-poluicao-eletromagnetica\/","url_meta":{"origin":50510,"position":1},"title":"Judici\u00e1rio reconhece polui\u00e7\u00e3o eletromagn\u00e9tica","author":"Patr\u00edcia Marini","date":"16 de maio de 2014","format":false,"excerpt":"A\u00e7\u00e3o de duas associa\u00e7\u00f5es de moradores foi acolhida pelo Tribunal de Justi\u00e7a de S\u00e3o Paulo que. em decis\u00e3o in\u00e9dita, determinou a redu\u00e7\u00e3o do campo eletromagn\u00e9tico gerado pelas linhas de transmiss\u00e3o de energia que cortam os bairros City Boa\u00e7ava e Alto de Pinheiros. \u00c9 a primeira vez que um tribunal do\u2026","rel":"","context":"Em &quot;X.Categorias velhas&quot;","block_context":{"text":"X.Categorias velhas","link":"https:\/\/www.jornalja.com.br\/arquivo\/category\/x-categorias-velhas\/"},"img":{"alt_text":"","src":"","width":0,"height":0},"classes":[]},{"id":13101,"url":"https:\/\/www.jornalja.com.br\/arquivo\/morre-um-guerreiro-do-texto\/","url_meta":{"origin":50510,"position":2},"title":"Morre um guerreiro do texto","author":"Patr\u00edcia Marini","date":"14 de maio de 2014","format":false,"excerpt":"Por Ricardo Kotscho Reproduzido do blog do autor, 11\/5\/2014; t\u00edtulo original \u201cE l\u00e1 se foi o nosso Myltainho, guerreiro do texto\u201d. Mi\u00fado e franzino, meu amigo Myltainho era um valente e inconformado guerreiro na luta contra as injusti\u00e7as sociais, a hipocrisia, as maracutaias, o autoritarismo, a intoler\u00e2ncia, a viol\u00eancia, o\u2026","rel":"","context":"Em &quot;Geral&quot;","block_context":{"text":"Geral","link":"https:\/\/www.jornalja.com.br\/arquivo\/category\/geral\/"},"img":{"alt_text":"","src":"","width":0,"height":0},"classes":[]},{"id":13239,"url":"https:\/\/www.jornalja.com.br\/arquivo\/conselho-desdenha-do-plano-diretor\/","url_meta":{"origin":50510,"position":3},"title":"Porto Alegre: Conselho detona Plano Diretor","author":"Patr\u00edcia Marini","date":"25 de maio de 2014","format":false,"excerpt":"Den\u00fancia do arquiteto e \u00a0urbanista Ibir\u00e1 Santos Lucas. Ele diz que os conselheiros est\u00e3o votando com \"enorme irresponsabilidade\". \"Mudam regime com a maior naturalidade,,,regularizam absurdos de constru\u00e7\u00f5es irregulares... \"O CMDUA est\u00e1 flexibilizando a lei do plano diretor, de uma forma impactante na vida da cidade. Mudam regime com a maior\u2026","rel":"","context":"Em &quot;Geral&quot;","block_context":{"text":"Geral","link":"https:\/\/www.jornalja.com.br\/arquivo\/category\/geral\/"},"img":{"alt_text":"","src":"","width":0,"height":0},"classes":[]},{"id":13240,"url":"https:\/\/www.jornalja.com.br\/arquivo\/plano-diretor-estamos-construindo-o-caos\/","url_meta":{"origin":50510,"position":4},"title":"Plano diretor: &quot;Estamos construindo o caos&quot;","author":"Patr\u00edcia Marini","date":"26 de maio de 2014","format":false,"excerpt":"Desabafo que arquiteta Eliana Castilhos, delegada da Regi\u00e3o de Planejamento 1, postou nas redes sociais \u00e9 um testemunho do ambiente que se criou no Conselho do Plano Diretor de Porto Alegre, onde a aprova\u00e7\u00e3o de grandes empreendimentos \u00e9 empurrada guela abaixo dos conselheiros. Ao CMDUA Como delegada da Regi\u00e3o de\u2026","rel":"","context":"Em &quot;Geral&quot;","block_context":{"text":"Geral","link":"https:\/\/www.jornalja.com.br\/arquivo\/category\/geral\/"},"img":{"alt_text":"","src":"","width":0,"height":0},"classes":[]},{"id":12960,"url":"https:\/\/www.jornalja.com.br\/arquivo\/populacao-culpa-empresas-pela-greve-dos-rodoviarios\/","url_meta":{"origin":50510,"position":5},"title":"Popula\u00e7\u00e3o culpa empresas pela greve","author":"Patr\u00edcia Marini","date":"14 de fevereiro de 2014","format":false,"excerpt":"Pesquisa divulgada na edi\u00e7\u00e3o do jornal Metro desta sexta-feira,14, comprova o velho ditado: \u00e9 poss\u00edvel enganar muitos por algum tempo, mas n\u00e3o \u00e9 poss\u00edvel enganar a todos o tempo inteiro. A principal revela\u00e7\u00e3o foi que 59,8% dos entrevistados apontaram as empresas como as principais respons\u00e1veis pela grave e 46% culparam\u2026","rel":"","context":"Em &quot;X.Categorias velhas&quot;","block_context":{"text":"X.Categorias velhas","link":"https:\/\/www.jornalja.com.br\/arquivo\/category\/x-categorias-velhas\/"},"img":{"alt_text":"","src":"","width":0,"height":0},"classes":[]}],"jetpack_shortlink":"https:\/\/wp.me\/pbQjBd-d8G","jetpack_featured_media_url":"","_links":{"self":[{"href":"https:\/\/www.jornalja.com.br\/arquivo\/wp-json\/wp\/v2\/posts\/50510","targetHints":{"allow":["GET"]}}],"collection":[{"href":"https:\/\/www.jornalja.com.br\/arquivo\/wp-json\/wp\/v2\/posts"}],"about":[{"href":"https:\/\/www.jornalja.com.br\/arquivo\/wp-json\/wp\/v2\/types\/post"}],"author":[{"embeddable":true,"href":"https:\/\/www.jornalja.com.br\/arquivo\/wp-json\/wp\/v2\/users\/4"}],"replies":[{"embeddable":true,"href":"https:\/\/www.jornalja.com.br\/arquivo\/wp-json\/wp\/v2\/comments?post=50510"}],"version-history":[{"count":0,"href":"https:\/\/www.jornalja.com.br\/arquivo\/wp-json\/wp\/v2\/posts\/50510\/revisions"}],"wp:attachment":[{"href":"https:\/\/www.jornalja.com.br\/arquivo\/wp-json\/wp\/v2\/media?parent=50510"}],"wp:term":[{"taxonomy":"category","embeddable":true,"href":"https:\/\/www.jornalja.com.br\/arquivo\/wp-json\/wp\/v2\/categories?post=50510"},{"taxonomy":"post_tag","embeddable":true,"href":"https:\/\/www.jornalja.com.br\/arquivo\/wp-json\/wp\/v2\/tags?post=50510"}],"curies":[{"name":"wp","href":"https:\/\/api.w.org\/{rel}","templated":true}]}}