{"id":50516,"date":"2017-06-26T00:59:05","date_gmt":"2017-06-26T03:59:05","guid":{"rendered":"https:\/\/www.jornalja.com.br\/?p=50516"},"modified":"2017-06-26T00:59:05","modified_gmt":"2017-06-26T03:59:05","slug":"associacao-gaucha-de-escritores-divulga-finalistas-de-premio-livro-do-ano","status":"publish","type":"post","link":"https:\/\/www.jornalja.com.br\/arquivo\/associacao-gaucha-de-escritores-divulga-finalistas-de-premio-livro-do-ano\/","title":{"rendered":"Associa\u00e7\u00e3o Ga\u00facha de Escritores divulga finalistas de Pr\u00eamio Livro do Ano"},"content":{"rendered":"<p>A Associa\u00e7\u00e3o Ga\u00facha de Escritores (AGES) divulgou, neste final de semana, a lista de obras escolhidas como finalistas para concorrer ao Pr\u00eamio AGES Livro do Ano 2017.<br \/>\nOs concorrentes foram divididos em oito categorias: narrativa longa (romance ou novela), narrativa curta (conto ou miniconto), poesia, literatura infantil, literatura juvenil, cro\u0302nica, na\u0303o ficc\u0327a\u0303o e especial.<br \/>\nIntegrada pelas professoras Alessandra Flach (doutora em Literatura Brasileira pela UFRGS), \u00c2ngela Rolla (professora da Ulbra, doutora em Literatura Brasileira) e Vera Hass (doutora em Literatura Brasileira pela UFRGS), a comiss\u00e3o julgadora indicou tr\u00eas livros finalistas em cada uma das oito categorias.<br \/>\nA partir desta pr\u00e9-sele\u00e7\u00e3o, caber\u00e1 agora aos associados da AGES escolher o livro vencedor de cada categoria. A diretoria da AGES enviar\u00e1 a cada um dos s\u00f3cios uma c\u00e9dula com os nomes das obras finalistas, e o associado poder\u00e1 escolher um livro de cada uma das oito categorias. O voto dever\u00e1 ser enviado por email at\u00e9 o dia 25 de julho, sendo vedado ao s\u00f3cio-finalista votar em seu pr\u00f3prio livro.<br \/>\nOs vencedores do Livro do Ano receber\u00e3o um trofe\u0301u criado pela artista pla\u0301stica Li\u0301lia Manfro\u0301i.\u00a0Ao livro mais votado, independentemente de categoria, ser\u00e3o concedidos o Pre\u0302mio AGES\/Sintrajufe-RS e R$ 1 mil. Os vencedores ser\u00e3o conhecidos durante cerim\u00f4nia a ser realizada no dia 5 de agosto, \u00e0s 19 horas, no audit\u00f3rio Barbosa Lessa, do Centro Cultural Erico Verissimo, quando ser\u00e3o entregues os pr\u00eamios.<br \/>\nO Pr\u00eamio AGES conta com a parceria do Sindicato dos Trabalhadores do Judici\u00e1rio Federal do RS (Sintrajufe-RS) e do Centro Cultural CEEE-Erico Verissimo e sera\u0301 conferido aos melhores livros publicados em primeira edic\u0327a\u0303o por autores gau\u0301chos ou residentes no Rio Grande do Sul no ano de 2016.<br \/>\nA seguir, a lista de livros escolhidos como finalistas em cada categoria:<br \/>\n<strong>Categoria Infantil<\/strong><br \/>\n\u25baA menina e o monstro e algumas pedras no caminho, Martina Schreiner, Edi\u00e7\u00e3o da autora<br \/>\n\u25baBichol\u00f3gico, Paula Taitelbaum, Piu<br \/>\n\u25baValentina e o feij\u00e3o, Viviane de Gil, Vivilendo<br \/>\n<strong>Categoria Especial<\/strong><br \/>\n\u25baA for\u00e7a do tempo: Hist\u00f3iras de um rep\u00f3rter fotogr\u00e1fico brasileiro, Kad\u00e3o Chaves, Libretos<br \/>\n\u25baAl\u00e9m das 4 linhas, Roberto Jardim, Vento Norte Cartonero<br \/>\n\u25baLe Chevalier: Arquivos secretos Vol I, A. Z. Cordenonsi, Avec<br \/>\n<strong>N\u00e3o fic\u00e7\u00e3o<\/strong><br \/>\n\u25baAmizades contempor\u00e2neas, Danichi Hausen Mizoguchi, UFRGS<br \/>\n\u25baMariana no mundo dos saltissonhos: Umas palavras do autismo, Marco A. B., Saluz<br \/>\n\u25baO sargento, o marechal e o faquir, Rafael Guimaraens, Libretos<br \/>\n<strong>Narrativa curta<\/strong><br \/>\n\u25baA natureza intensa, Nelson Rego, Terceiro Selo<br \/>\n\u25baIdioma de um s\u00f3, Ricardo Koch Kroeff, N\u00e3o Editora<br \/>\n\u25baMet\u00e2meros, Ryan Mainardi, Schoba<br \/>\n<strong>Narrativa Longa<\/strong><br \/>\n\u25baA ponta do sil\u00eancio, Valesca de Assis, BesouroBox<br \/>\n\u25baEnquanto caio, Marcelo Rocha, Metamorfose<br \/>\n\u25baHomens elegantes, Samir Machado de Machado, Rocco<br \/>\n<strong>Cr\u00f4nica<\/strong><br \/>\n\u25baA persist\u00eancia do amor, Rubem Penz (org), Buqui<br \/>\n\u25baO que cabe em um abra\u00e7o, J. J. Camargo, L&amp;PM<br \/>\n\u25baPor falar em passarinhos&#8230; Cr\u00f4nicas do pampa, Blau Souza, AGE<br \/>\n<strong>Juvenil<\/strong><br \/>\n\u25baA bandeira do elefante e da arara, Christopher Kastensmidt, Devir<br \/>\n\u25baCec\u00edlia que amava Fernando, Caio Riter, Editora da cidade<br \/>\n\u25baO c\u00e2nion de dentro, Doralino Souza da Rosa, JM2D<br \/>\n<strong>Poesia<\/strong><br \/>\n\u25baCenas m\u00ednimas, Maria do Carmo Campos, Libretos<br \/>\n\u25baO livro das sombras, jazz &amp; outros poemas, Dem\u00e9trio de Azeredo Soster, Catarse<br \/>\n\u25baSopapo po\u00e9tico: Pretess\u00eancia, lilian Rose Marques da Rocha (org.), Libretos<\/p>\n","protected":false},"excerpt":{"rendered":"<p>A Associa\u00e7\u00e3o Ga\u00facha de Escritores (AGES) divulgou, neste final de semana, a lista de obras escolhidas como finalistas para concorrer ao Pr\u00eamio AGES Livro do Ano 2017. Os concorrentes foram divididos em oito categorias: narrativa longa (romance ou novela), narrativa curta (conto ou miniconto), poesia, literatura infantil, literatura juvenil, cro\u0302nica, na\u0303o ficc\u0327a\u0303o e especial. Integrada [&hellip;]<\/p>\n","protected":false},"author":4,"featured_media":0,"comment_status":"open","ping_status":"closed","sticky":false,"template":"","format":"standard","meta":{"_jetpack_newsletter_access":"","_jetpack_dont_email_post_to_subs":false,"_jetpack_newsletter_tier_id":0,"_jetpack_memberships_contains_paywalled_content":false,"_jetpack_feature_clip_id":0,"_jetpack_memberships_contains_paid_content":false,"footnotes":"","jetpack_post_was_ever_published":false},"categories":[2017],"tags":[],"class_list":["post-50516","post","type-post","status-publish","format-standard","hentry","category-culturanotas"],"aioseo_notices":[],"aioseo_head":"\n\t\t<!-- All in One SEO 5.0.1.1 - aioseo.com -->\n\t<meta name=\"robots\" content=\"max-image-preview:large\" \/>\n\t<meta name=\"author\" content=\"da Reda\u00e7\u00e3o\"\/>\n\t<link rel=\"canonical\" href=\"https:\/\/www.jornalja.com.br\/arquivo\/associacao-gaucha-de-escritores-divulga-finalistas-de-premio-livro-do-ano\/\" \/>\n\t<meta name=\"generator\" content=\"All in One SEO (AIOSEO) 5.0.1.1\" \/>\n\t\t<meta property=\"og:locale\" content=\"pt_BR\" \/>\n\t\t<meta property=\"og:site_name\" content=\"Arquivo | Jornal J\u00c1 | Porto Alegre\" \/>\n\t\t<meta property=\"og:type\" content=\"article\" \/>\n\t\t<meta property=\"og:title\" content=\"Associa\u00e7\u00e3o Ga\u00facha de Escritores divulga finalistas de Pr\u00eamio Livro do Ano | Arquivo\" \/>\n\t\t<meta property=\"og:url\" content=\"https:\/\/www.jornalja.com.br\/arquivo\/associacao-gaucha-de-escritores-divulga-finalistas-de-premio-livro-do-ano\/\" \/>\n\t\t<meta property=\"og:image\" content=\"https:\/\/www.jornalja.com.br\/economics\/wp-content\/uploads\/sites\/11\/2026\/08\/ja-folhaderosto-facebook.jpg\" \/>\n\t\t<meta property=\"og:image:secure_url\" content=\"https:\/\/www.jornalja.com.br\/economics\/wp-content\/uploads\/sites\/11\/2026\/08\/ja-folhaderosto-facebook.jpg\" \/>\n\t\t<meta property=\"article:published_time\" content=\"2017-06-26T03:59:05+00:00\" \/>\n\t\t<meta property=\"article:modified_time\" content=\"2017-06-26T03:59:05+00:00\" \/>\n\t\t<meta name=\"twitter:card\" content=\"summary\" \/>\n\t\t<meta name=\"twitter:title\" content=\"Associa\u00e7\u00e3o Ga\u00facha de Escritores divulga finalistas de Pr\u00eamio Livro do Ano | Arquivo\" \/>\n\t\t<meta name=\"twitter:image\" content=\"https:\/\/www.jornalja.com.br\/economics\/wp-content\/uploads\/sites\/11\/2026\/08\/ja-folhaderosto-facebook.jpg\" \/>\n\t\t<script type=\"application\/ld+json\" class=\"aioseo-schema\">\n\t\t\t{\"@context\":\"https:\\\/\\\/schema.org\",\"@graph\":[{\"@type\":\"BlogPosting\",\"@id\":\"https:\\\/\\\/www.jornalja.com.br\\\/arquivo\\\/associacao-gaucha-de-escritores-divulga-finalistas-de-premio-livro-do-ano\\\/#blogposting\",\"name\":\"Associa\\u00e7\\u00e3o Ga\\u00facha de Escritores divulga finalistas de Pr\\u00eamio Livro do Ano | Arquivo\",\"headline\":\"Associa\\u00e7\\u00e3o Ga\\u00facha de Escritores divulga finalistas de Pr\\u00eamio Livro do Ano\",\"author\":{\"@id\":\"https:\\\/\\\/www.jornalja.com.br\\\/arquivo\\\/author\\\/daredacao\\\/#author\"},\"publisher\":{\"@id\":\"https:\\\/\\\/www.jornalja.com.br\\\/arquivo\\\/#organization\"},\"image\":{\"@type\":\"ImageObject\",\"url\":\"https:\\\/\\\/www.jornalja.com.br\\\/wp-content\\\/uploads\\\/cards\\\/JAslogan.png\",\"@id\":\"https:\\\/\\\/www.jornalja.com.br\\\/arquivo\\\/#articleImage\"},\"datePublished\":\"2017-06-26T00:59:05-03:00\",\"dateModified\":\"2017-06-26T00:59:05-03:00\",\"inLanguage\":\"pt-BR\",\"mainEntityOfPage\":{\"@id\":\"https:\\\/\\\/www.jornalja.com.br\\\/arquivo\\\/associacao-gaucha-de-escritores-divulga-finalistas-de-premio-livro-do-ano\\\/#webpage\"},\"isPartOf\":{\"@id\":\"https:\\\/\\\/www.jornalja.com.br\\\/arquivo\\\/associacao-gaucha-de-escritores-divulga-finalistas-de-premio-livro-do-ano\\\/#webpage\"},\"articleSection\":\"Cultura-notas\"},{\"@type\":\"BreadcrumbList\",\"@id\":\"https:\\\/\\\/www.jornalja.com.br\\\/arquivo\\\/associacao-gaucha-de-escritores-divulga-finalistas-de-premio-livro-do-ano\\\/#breadcrumblist\",\"itemListElement\":[{\"@type\":\"ListItem\",\"@id\":\"https:\\\/\\\/www.jornalja.com.br\\\/arquivo#listItem\",\"position\":1,\"name\":\"Home\",\"item\":\"https:\\\/\\\/www.jornalja.com.br\\\/arquivo\",\"nextItem\":{\"@type\":\"ListItem\",\"@id\":\"https:\\\/\\\/www.jornalja.com.br\\\/arquivo\\\/category\\\/culturanotas\\\/#listItem\",\"name\":\"Cultura-notas\"}},{\"@type\":\"ListItem\",\"@id\":\"https:\\\/\\\/www.jornalja.com.br\\\/arquivo\\\/category\\\/culturanotas\\\/#listItem\",\"position\":2,\"name\":\"Cultura-notas\",\"item\":\"https:\\\/\\\/www.jornalja.com.br\\\/arquivo\\\/category\\\/culturanotas\\\/\",\"nextItem\":{\"@type\":\"ListItem\",\"@id\":\"https:\\\/\\\/www.jornalja.com.br\\\/arquivo\\\/associacao-gaucha-de-escritores-divulga-finalistas-de-premio-livro-do-ano\\\/#listItem\",\"name\":\"Associa\\u00e7\\u00e3o Ga\\u00facha de Escritores divulga finalistas de Pr\\u00eamio Livro do Ano\"},\"previousItem\":{\"@type\":\"ListItem\",\"@id\":\"https:\\\/\\\/www.jornalja.com.br\\\/arquivo#listItem\",\"name\":\"Home\"}},{\"@type\":\"ListItem\",\"@id\":\"https:\\\/\\\/www.jornalja.com.br\\\/arquivo\\\/associacao-gaucha-de-escritores-divulga-finalistas-de-premio-livro-do-ano\\\/#listItem\",\"position\":3,\"name\":\"Associa\\u00e7\\u00e3o Ga\\u00facha de Escritores divulga finalistas de Pr\\u00eamio Livro do Ano\",\"previousItem\":{\"@type\":\"ListItem\",\"@id\":\"https:\\\/\\\/www.jornalja.com.br\\\/arquivo\\\/category\\\/culturanotas\\\/#listItem\",\"name\":\"Cultura-notas\"}}]},{\"@type\":\"Organization\",\"@id\":\"https:\\\/\\\/www.jornalja.com.br\\\/arquivo\\\/#organization\",\"name\":\"Jornal J\\u00c1\",\"description\":\"Jornal J\\u00c1 | Porto Alegre\",\"url\":\"https:\\\/\\\/www.jornalja.com.br\\\/arquivo\\\/\",\"telephone\":\"+555133307272\",\"logo\":{\"@type\":\"ImageObject\",\"url\":\"https:\\\/\\\/www.jornalja.com.br\\\/wp-content\\\/uploads\\\/cards\\\/JAslogan.png\",\"@id\":\"https:\\\/\\\/www.jornalja.com.br\\\/arquivo\\\/associacao-gaucha-de-escritores-divulga-finalistas-de-premio-livro-do-ano\\\/#organizationLogo\"},\"image\":{\"@id\":\"https:\\\/\\\/www.jornalja.com.br\\\/arquivo\\\/associacao-gaucha-de-escritores-divulga-finalistas-de-premio-livro-do-ano\\\/#organizationLogo\"}},{\"@type\":\"Person\",\"@id\":\"https:\\\/\\\/www.jornalja.com.br\\\/arquivo\\\/author\\\/daredacao\\\/#author\",\"url\":\"https:\\\/\\\/www.jornalja.com.br\\\/arquivo\\\/author\\\/daredacao\\\/\",\"name\":\"da Reda\\u00e7\\u00e3o\",\"image\":{\"@type\":\"ImageObject\",\"@id\":\"https:\\\/\\\/www.jornalja.com.br\\\/arquivo\\\/associacao-gaucha-de-escritores-divulga-finalistas-de-premio-livro-do-ano\\\/#authorImage\",\"url\":\"https:\\\/\\\/secure.gravatar.com\\\/avatar\\\/469fd857d6605ad19919d27ed29d35a968a25f6e8fd9318356bbb7f57aae9c65?s=96&d=mm&r=g\",\"width\":96,\"height\":96,\"caption\":\"da Reda\\u00e7\\u00e3o\"}},{\"@type\":\"WebPage\",\"@id\":\"https:\\\/\\\/www.jornalja.com.br\\\/arquivo\\\/associacao-gaucha-de-escritores-divulga-finalistas-de-premio-livro-do-ano\\\/#webpage\",\"url\":\"https:\\\/\\\/www.jornalja.com.br\\\/arquivo\\\/associacao-gaucha-de-escritores-divulga-finalistas-de-premio-livro-do-ano\\\/\",\"name\":\"Associa\\u00e7\\u00e3o Ga\\u00facha de Escritores divulga finalistas de Pr\\u00eamio Livro do Ano | Arquivo\",\"inLanguage\":\"pt-BR\",\"isPartOf\":{\"@id\":\"https:\\\/\\\/www.jornalja.com.br\\\/arquivo\\\/#website\"},\"breadcrumb\":{\"@id\":\"https:\\\/\\\/www.jornalja.com.br\\\/arquivo\\\/associacao-gaucha-de-escritores-divulga-finalistas-de-premio-livro-do-ano\\\/#breadcrumblist\"},\"author\":{\"@id\":\"https:\\\/\\\/www.jornalja.com.br\\\/arquivo\\\/author\\\/daredacao\\\/#author\"},\"creator\":{\"@id\":\"https:\\\/\\\/www.jornalja.com.br\\\/arquivo\\\/author\\\/daredacao\\\/#author\"},\"datePublished\":\"2017-06-26T00:59:05-03:00\",\"dateModified\":\"2017-06-26T00:59:05-03:00\"},{\"@type\":\"WebSite\",\"@id\":\"https:\\\/\\\/www.jornalja.com.br\\\/arquivo\\\/#website\",\"url\":\"https:\\\/\\\/www.jornalja.com.br\\\/arquivo\\\/\",\"name\":\"Arquivo\",\"description\":\"Jornal J\\u00c1 | Porto Alegre\",\"inLanguage\":\"pt-BR\",\"publisher\":{\"@id\":\"https:\\\/\\\/www.jornalja.com.br\\\/arquivo\\\/#organization\"}}]}\n\t\t<\/script>\n\t\t<!-- All in One SEO -->\n\n","aioseo_head_json":{"title":"Associa\u00e7\u00e3o Ga\u00facha de Escritores divulga finalistas de Pr\u00eamio Livro do Ano | Arquivo","description":"","canonical_url":"https:\/\/www.jornalja.com.br\/arquivo\/associacao-gaucha-de-escritores-divulga-finalistas-de-premio-livro-do-ano\/","robots":"max-image-preview:large","keywords":"","webmasterTools":{"miscellaneous":""},"schema":{"@context":"https:\/\/schema.org","@graph":[{"@type":"BlogPosting","@id":"https:\/\/www.jornalja.com.br\/arquivo\/associacao-gaucha-de-escritores-divulga-finalistas-de-premio-livro-do-ano\/#blogposting","name":"Associa\u00e7\u00e3o Ga\u00facha de Escritores divulga finalistas de Pr\u00eamio Livro do Ano | Arquivo","headline":"Associa\u00e7\u00e3o Ga\u00facha de Escritores divulga finalistas de Pr\u00eamio Livro do Ano","author":{"@id":"https:\/\/www.jornalja.com.br\/arquivo\/author\/daredacao\/#author"},"publisher":{"@id":"https:\/\/www.jornalja.com.br\/arquivo\/#organization"},"image":{"@type":"ImageObject","url":"https:\/\/www.jornalja.com.br\/wp-content\/uploads\/cards\/JAslogan.png","@id":"https:\/\/www.jornalja.com.br\/arquivo\/#articleImage"},"datePublished":"2017-06-26T00:59:05-03:00","dateModified":"2017-06-26T00:59:05-03:00","inLanguage":"pt-BR","mainEntityOfPage":{"@id":"https:\/\/www.jornalja.com.br\/arquivo\/associacao-gaucha-de-escritores-divulga-finalistas-de-premio-livro-do-ano\/#webpage"},"isPartOf":{"@id":"https:\/\/www.jornalja.com.br\/arquivo\/associacao-gaucha-de-escritores-divulga-finalistas-de-premio-livro-do-ano\/#webpage"},"articleSection":"Cultura-notas"},{"@type":"BreadcrumbList","@id":"https:\/\/www.jornalja.com.br\/arquivo\/associacao-gaucha-de-escritores-divulga-finalistas-de-premio-livro-do-ano\/#breadcrumblist","itemListElement":[{"@type":"ListItem","@id":"https:\/\/www.jornalja.com.br\/arquivo#listItem","position":1,"name":"Home","item":"https:\/\/www.jornalja.com.br\/arquivo","nextItem":{"@type":"ListItem","@id":"https:\/\/www.jornalja.com.br\/arquivo\/category\/culturanotas\/#listItem","name":"Cultura-notas"}},{"@type":"ListItem","@id":"https:\/\/www.jornalja.com.br\/arquivo\/category\/culturanotas\/#listItem","position":2,"name":"Cultura-notas","item":"https:\/\/www.jornalja.com.br\/arquivo\/category\/culturanotas\/","nextItem":{"@type":"ListItem","@id":"https:\/\/www.jornalja.com.br\/arquivo\/associacao-gaucha-de-escritores-divulga-finalistas-de-premio-livro-do-ano\/#listItem","name":"Associa\u00e7\u00e3o Ga\u00facha de Escritores divulga finalistas de Pr\u00eamio Livro do Ano"},"previousItem":{"@type":"ListItem","@id":"https:\/\/www.jornalja.com.br\/arquivo#listItem","name":"Home"}},{"@type":"ListItem","@id":"https:\/\/www.jornalja.com.br\/arquivo\/associacao-gaucha-de-escritores-divulga-finalistas-de-premio-livro-do-ano\/#listItem","position":3,"name":"Associa\u00e7\u00e3o Ga\u00facha de Escritores divulga finalistas de Pr\u00eamio Livro do Ano","previousItem":{"@type":"ListItem","@id":"https:\/\/www.jornalja.com.br\/arquivo\/category\/culturanotas\/#listItem","name":"Cultura-notas"}}]},{"@type":"Organization","@id":"https:\/\/www.jornalja.com.br\/arquivo\/#organization","name":"Jornal J\u00c1","description":"Jornal J\u00c1 | Porto Alegre","url":"https:\/\/www.jornalja.com.br\/arquivo\/","telephone":"+555133307272","logo":{"@type":"ImageObject","url":"https:\/\/www.jornalja.com.br\/wp-content\/uploads\/cards\/JAslogan.png","@id":"https:\/\/www.jornalja.com.br\/arquivo\/associacao-gaucha-de-escritores-divulga-finalistas-de-premio-livro-do-ano\/#organizationLogo"},"image":{"@id":"https:\/\/www.jornalja.com.br\/arquivo\/associacao-gaucha-de-escritores-divulga-finalistas-de-premio-livro-do-ano\/#organizationLogo"}},{"@type":"Person","@id":"https:\/\/www.jornalja.com.br\/arquivo\/author\/daredacao\/#author","url":"https:\/\/www.jornalja.com.br\/arquivo\/author\/daredacao\/","name":"da Reda\u00e7\u00e3o","image":{"@type":"ImageObject","@id":"https:\/\/www.jornalja.com.br\/arquivo\/associacao-gaucha-de-escritores-divulga-finalistas-de-premio-livro-do-ano\/#authorImage","url":"https:\/\/secure.gravatar.com\/avatar\/469fd857d6605ad19919d27ed29d35a968a25f6e8fd9318356bbb7f57aae9c65?s=96&d=mm&r=g","width":96,"height":96,"caption":"da Reda\u00e7\u00e3o"}},{"@type":"WebPage","@id":"https:\/\/www.jornalja.com.br\/arquivo\/associacao-gaucha-de-escritores-divulga-finalistas-de-premio-livro-do-ano\/#webpage","url":"https:\/\/www.jornalja.com.br\/arquivo\/associacao-gaucha-de-escritores-divulga-finalistas-de-premio-livro-do-ano\/","name":"Associa\u00e7\u00e3o Ga\u00facha de Escritores divulga finalistas de Pr\u00eamio Livro do Ano | Arquivo","inLanguage":"pt-BR","isPartOf":{"@id":"https:\/\/www.jornalja.com.br\/arquivo\/#website"},"breadcrumb":{"@id":"https:\/\/www.jornalja.com.br\/arquivo\/associacao-gaucha-de-escritores-divulga-finalistas-de-premio-livro-do-ano\/#breadcrumblist"},"author":{"@id":"https:\/\/www.jornalja.com.br\/arquivo\/author\/daredacao\/#author"},"creator":{"@id":"https:\/\/www.jornalja.com.br\/arquivo\/author\/daredacao\/#author"},"datePublished":"2017-06-26T00:59:05-03:00","dateModified":"2017-06-26T00:59:05-03:00"},{"@type":"WebSite","@id":"https:\/\/www.jornalja.com.br\/arquivo\/#website","url":"https:\/\/www.jornalja.com.br\/arquivo\/","name":"Arquivo","description":"Jornal J\u00c1 | Porto Alegre","inLanguage":"pt-BR","publisher":{"@id":"https:\/\/www.jornalja.com.br\/arquivo\/#organization"}}]},"og:locale":"pt_BR","og:site_name":"Arquivo | Jornal J\u00c1 | Porto Alegre","og:type":"article","og:title":"Associa\u00e7\u00e3o Ga\u00facha de Escritores divulga finalistas de Pr\u00eamio Livro do Ano | Arquivo","og:url":"https:\/\/www.jornalja.com.br\/arquivo\/associacao-gaucha-de-escritores-divulga-finalistas-de-premio-livro-do-ano\/","og:image":"https:\/\/www.jornalja.com.br\/economics\/wp-content\/uploads\/sites\/11\/2026\/08\/ja-folhaderosto-facebook.jpg","og:image:secure_url":"https:\/\/www.jornalja.com.br\/economics\/wp-content\/uploads\/sites\/11\/2026\/08\/ja-folhaderosto-facebook.jpg","article:published_time":"2017-06-26T03:59:05+00:00","article:modified_time":"2017-06-26T03:59:05+00:00","twitter:card":"summary","twitter:title":"Associa\u00e7\u00e3o Ga\u00facha de Escritores divulga finalistas de Pr\u00eamio Livro do Ano | Arquivo","twitter:image":"https:\/\/www.jornalja.com.br\/economics\/wp-content\/uploads\/sites\/11\/2026\/08\/ja-folhaderosto-facebook.jpg"},"aioseo_meta_data":{"post_id":"50516","title":null,"description":null,"keywords":null,"keyphrases":null,"primary_term":null,"canonical_url":null,"og_title":null,"og_description":null,"og_object_type":"default","og_image_type":"default","og_image_url":null,"og_image_width":null,"og_image_height":null,"og_image_custom_url":null,"og_image_custom_fields":null,"og_video":null,"og_custom_url":null,"og_article_section":null,"og_article_tags":null,"twitter_use_og":false,"twitter_card":"default","twitter_image_type":"default","twitter_image_url":null,"twitter_image_custom_url":null,"twitter_image_custom_fields":null,"twitter_title":null,"twitter_description":null,"schema":{"blockGraphs":[],"customGraphs":[],"default":{"data":{"Article":[],"Course":[],"Dataset":[],"FAQPage":[],"Movie":[],"Person":[],"Product":[],"ProductReview":[],"Car":[],"Recipe":[],"Service":[],"SoftwareApplication":[],"WebPage":[]},"graphName":"","isEnabled":true},"graphs":[],"defaultGraph":"","defaultPostTypeGraph":""},"schema_type":null,"schema_type_options":null,"pillar_content":false,"robots_default":true,"robots_noindex":false,"robots_noarchive":false,"robots_nosnippet":false,"robots_nofollow":false,"robots_noimageindex":false,"robots_noodp":false,"robots_notranslate":false,"robots_max_snippet":null,"robots_max_videopreview":null,"robots_max_imagepreview":"large","priority":null,"frequency":null,"location":null,"local_seo":null,"breadcrumb_settings":null,"limit_modified_date":false,"ai":null,"created":"2020-12-20 20:30:49","updated":"2025-07-19 22:29:32","seo_analyzer_scan_date":null,"focus_keyword":null,"additional_keywords":null,"truseo_locale":null},"jetpack_sharing_enabled":true,"jetpack-related-posts":[{"id":14241,"url":"https:\/\/www.jornalja.com.br\/arquivo\/o-guaiba-nas-imagens-poeticas-de-achutti\/","url_meta":{"origin":50516,"position":0},"title":"O Gua\u00edba nas imagens po\u00e9ticas de Achutti","author":"da Reda\u00e7\u00e3o","date":"18 de junho de 2014","format":false,"excerpt":"Em \u201cO Gua\u00edba por Achutti\u201d \u2013 obra financiada via Minist\u00e9rio da Cultura, produ\u00e7\u00e3o executiva de Pedro Longhi, e Fl\u00e1vio Wild como designer \u2013, o fot\u00f3grafo revela a beleza e as mazelas de um espa\u00e7o aqu\u00e1tico de \u00e1guas sempre renovadas, cheio de hist\u00f3rias e lendas como as das cidades que foram\u2026","rel":"","context":"Em &quot;Cultura-Geral&quot;","block_context":{"text":"Cultura-Geral","link":"https:\/\/www.jornalja.com.br\/arquivo\/category\/materiasecundaria\/"},"img":{"alt_text":"","src":"","width":0,"height":0},"classes":[]},{"id":13124,"url":"https:\/\/www.jornalja.com.br\/arquivo\/sangue-latino-no-iecine\/","url_meta":{"origin":50516,"position":1},"title":"Sangue latino no IECINE","author":"da Reda\u00e7\u00e3o","date":"18 de maio de 2014","format":false,"excerpt":"Francisco Ribeiro O Instituto Estadual de Cinema (IECINE) tem a frente, desde abril \u00faltimo, um novo diretor, o cineasta colombiano Juan Zapata, 36, que substitui Luiz Alberto Cassol. Radicado h\u00e1 dez anos em Porto Alegre, Zapata tem diante de si o desafio de conduzir at\u00e9 o final do ano um\u2026","rel":"","context":"Em &quot;Cultura-Geral&quot;","block_context":{"text":"Cultura-Geral","link":"https:\/\/www.jornalja.com.br\/arquivo\/category\/materiasecundaria\/"},"img":{"alt_text":"","src":"","width":0,"height":0},"classes":[]},{"id":13109,"url":"https:\/\/www.jornalja.com.br\/arquivo\/judiciario-reconhece-poluicao-eletromagnetica\/","url_meta":{"origin":50516,"position":2},"title":"Judici\u00e1rio reconhece polui\u00e7\u00e3o eletromagn\u00e9tica","author":"Patr\u00edcia Marini","date":"16 de maio de 2014","format":false,"excerpt":"A\u00e7\u00e3o de duas associa\u00e7\u00f5es de moradores foi acolhida pelo Tribunal de Justi\u00e7a de S\u00e3o Paulo que. em decis\u00e3o in\u00e9dita, determinou a redu\u00e7\u00e3o do campo eletromagn\u00e9tico gerado pelas linhas de transmiss\u00e3o de energia que cortam os bairros City Boa\u00e7ava e Alto de Pinheiros. \u00c9 a primeira vez que um tribunal do\u2026","rel":"","context":"Em &quot;X.Categorias velhas&quot;","block_context":{"text":"X.Categorias velhas","link":"https:\/\/www.jornalja.com.br\/arquivo\/category\/x-categorias-velhas\/"},"img":{"alt_text":"","src":"","width":0,"height":0},"classes":[]},{"id":13101,"url":"https:\/\/www.jornalja.com.br\/arquivo\/morre-um-guerreiro-do-texto\/","url_meta":{"origin":50516,"position":3},"title":"Morre um guerreiro do texto","author":"Patr\u00edcia Marini","date":"14 de maio de 2014","format":false,"excerpt":"Por Ricardo Kotscho Reproduzido do blog do autor, 11\/5\/2014; t\u00edtulo original \u201cE l\u00e1 se foi o nosso Myltainho, guerreiro do texto\u201d. Mi\u00fado e franzino, meu amigo Myltainho era um valente e inconformado guerreiro na luta contra as injusti\u00e7as sociais, a hipocrisia, as maracutaias, o autoritarismo, a intoler\u00e2ncia, a viol\u00eancia, o\u2026","rel":"","context":"Em &quot;Geral&quot;","block_context":{"text":"Geral","link":"https:\/\/www.jornalja.com.br\/arquivo\/category\/geral\/"},"img":{"alt_text":"","src":"","width":0,"height":0},"classes":[]},{"id":13240,"url":"https:\/\/www.jornalja.com.br\/arquivo\/plano-diretor-estamos-construindo-o-caos\/","url_meta":{"origin":50516,"position":4},"title":"Plano diretor: &quot;Estamos construindo o caos&quot;","author":"Patr\u00edcia Marini","date":"26 de maio de 2014","format":false,"excerpt":"Desabafo que arquiteta Eliana Castilhos, delegada da Regi\u00e3o de Planejamento 1, postou nas redes sociais \u00e9 um testemunho do ambiente que se criou no Conselho do Plano Diretor de Porto Alegre, onde a aprova\u00e7\u00e3o de grandes empreendimentos \u00e9 empurrada guela abaixo dos conselheiros. Ao CMDUA Como delegada da Regi\u00e3o de\u2026","rel":"","context":"Em &quot;Geral&quot;","block_context":{"text":"Geral","link":"https:\/\/www.jornalja.com.br\/arquivo\/category\/geral\/"},"img":{"alt_text":"","src":"","width":0,"height":0},"classes":[]},{"id":5440,"url":"https:\/\/www.jornalja.com.br\/arquivo\/casarao-da-venancio-destino-permanece-incerto\/","url_meta":{"origin":50516,"position":5},"title":"Estado ainda n\u00e3o sabe o que fazer com casar\u00e3o abandonado h\u00e1 20 anos","author":"Elmar Bones","date":"6 de julho de 2009","format":false,"excerpt":"O casar\u00e3o amarelo, numa esquina nobre de Porto Alegre (Ven\u00e2ncio Aires com Jo\u00e3o Pessoa), j\u00e1 abrigou uma escola. H\u00e1 duas d\u00e9cadas, pelo menos, est\u00e1 abandonado, porque seu propriet\u00e1rio, o governo do Estado do Rio Grande do Sul, n\u00e3o consegue achar um destino para ele. Planos n\u00e3o faltaram. O governador Ol\u00edvio\u2026","rel":"","context":"Em &quot;X.Categorias velhas&quot;","block_context":{"text":"X.Categorias velhas","link":"https:\/\/www.jornalja.com.br\/arquivo\/category\/x-categorias-velhas\/"},"img":{"alt_text":"geraldo1","src":"https:\/\/i0.wp.com\/www.jornalja.com.br\/wp-content\/uploads\/2009\/07\/geraldo1.jpg?resize=350%2C200&ssl=1","width":350,"height":200},"classes":[]}],"jetpack_shortlink":"https:\/\/wp.me\/pbQjBd-d8M","jetpack_featured_media_url":"","_links":{"self":[{"href":"https:\/\/www.jornalja.com.br\/arquivo\/wp-json\/wp\/v2\/posts\/50516","targetHints":{"allow":["GET"]}}],"collection":[{"href":"https:\/\/www.jornalja.com.br\/arquivo\/wp-json\/wp\/v2\/posts"}],"about":[{"href":"https:\/\/www.jornalja.com.br\/arquivo\/wp-json\/wp\/v2\/types\/post"}],"author":[{"embeddable":true,"href":"https:\/\/www.jornalja.com.br\/arquivo\/wp-json\/wp\/v2\/users\/4"}],"replies":[{"embeddable":true,"href":"https:\/\/www.jornalja.com.br\/arquivo\/wp-json\/wp\/v2\/comments?post=50516"}],"version-history":[{"count":0,"href":"https:\/\/www.jornalja.com.br\/arquivo\/wp-json\/wp\/v2\/posts\/50516\/revisions"}],"wp:attachment":[{"href":"https:\/\/www.jornalja.com.br\/arquivo\/wp-json\/wp\/v2\/media?parent=50516"}],"wp:term":[{"taxonomy":"category","embeddable":true,"href":"https:\/\/www.jornalja.com.br\/arquivo\/wp-json\/wp\/v2\/categories?post=50516"},{"taxonomy":"post_tag","embeddable":true,"href":"https:\/\/www.jornalja.com.br\/arquivo\/wp-json\/wp\/v2\/tags?post=50516"}],"curies":[{"name":"wp","href":"https:\/\/api.w.org\/{rel}","templated":true}]}}