{"id":50518,"date":"2017-06-26T13:00:04","date_gmt":"2017-06-26T16:00:04","guid":{"rendered":"https:\/\/www.jornalja.com.br\/?p=50518"},"modified":"2017-06-26T13:00:04","modified_gmt":"2017-06-26T16:00:04","slug":"jornalista-vai-a-justica-contra-ofensas-de-simpatizantes-do-mbl","status":"publish","type":"post","link":"https:\/\/www.jornalja.com.br\/arquivo\/jornalista-vai-a-justica-contra-ofensas-de-simpatizantes-do-mbl\/","title":{"rendered":"Jornalista vai \u00e0 Justi\u00e7a contra ofensas de simpatizantes do MBL"},"content":{"rendered":"<p>A jornalista Vit\u00f3ria Famer tem recebido uma s\u00e9rie de ofensas nas redes sociais depois de ter produzido mat\u00e9ria para a R\u00e1dio Gua\u00edba, na quarta-feira, 21, sobre a deten\u00e7\u00e3o de duas pessoas, uma delas ligada ao Movimento Brasil Livre (MBL). Eles se envolveram em discuss\u00f5es e brigas com servidores municipais que protestavam em frente \u00e0 Prefeitura de Porto Alegre.<br \/>\n&#8220;Ainda estou recebendo ataques e, por isso, falei com advogado para ver a possibilidade de acionar a Justi\u00e7a&#8221;, disse nesta manh\u00e3 desta segunda-feira, 26.<br \/>\nFamer foi a \u00fanica rep\u00f3rter a comparecer \u00e0 17\u00aa Delegacia de Pol\u00edcia de Porto Alegre, para onde foram levados, pela Guarda Municipal, Arthur do Val, integrante do MBL e respons\u00e1vel pelo canal Mam\u00e3eFalei, no YouTube, e Marcio Gon\u00e7alves Strzalkowski, que seria um dos dois seguran\u00e7as do youtuber. A outra pessoa que estava acompanhando M\u00e1rcio era Rafinha BK. Ambos afirmam que j\u00e1 trabalharam como seguran\u00e7as, mas negam que estivessem na manifesta\u00e7\u00e3o como tal e que fossem ligados ao MBL.<br \/>\nConfira a \u00edntegra da mat\u00e9ria feita por Vit\u00f3ria Famer\u00a0<a href=\"http:\/\/www.radioguaiba.com.br\/noticia\/apos-confronto-com-municiparios-youtuber-do-mamaefalei-e-detido-no-centro-da-capital\/\">aqui<\/a>.<br \/>\nAo relatar a presen\u00e7a de duas funcion\u00e1rias da Prefeitura e de pessoas ligadas ao MBL na delegacia, a jornalista passou a sofrer ataques de simpatizantes do movimento, inclusive do deputado estadual Marcel van Hattem (PP).<br \/>\n\u201c<em>Por que gente da prefeitura veio?<\/em>\u201d, questionou a rep\u00f3rter em seu twitter.<br \/>\nO deputado Van Hattem respondeu, acusando Vit\u00f3ria de ser uma \u2018militante de extrema esquerda\u2019 e \u2018tendenciosa\u2019.<br \/>\n\u201c<em>Assista ao teu pr\u00f3prio v\u00eddeo tentando se distanciar da tua tradicional postura militante de extrema esquerda para ver se n\u00e3o foi tendencioso<\/em>\u201d, escreveu o parlamentar \u00e0 jornalista.<br \/>\nLogo depois, Famer come\u00e7ou a sofrer ataques pela Internet e resolveu procurar advogado que a orientasse da possibilidade de acionar a Justi\u00e7a.<br \/>\nVan Hattem, que tamb\u00e9m \u00e9 jornalista, est\u00e1 hoje na Holanda para defender sua disserta\u00e7\u00e3o de mestrado na Universidade de Amsterdam, segundo sua assessoria. T\u00edtulo de seu trabalho \u00e9 Jornalismo: m\u00eddia e globaliza\u00e7\u00e3o. O parlamentar retorna \u00e0 capital ga\u00facha somente na quarta-feira, dia 28. Sua assessoria informou ainda que seria emitida uma nota \u00e0 R\u00e1dio Gua\u00edba, que pertence ao grupo Record, mas iria consultar o deputado ainda hoje antes de torn\u00e1-la p\u00fablica.<br \/>\nNa sexta-feira, dia 23, o diretor da R\u00e1dio Gua\u00edba, Nando Gross, tamb\u00e9m trocou farpas, pelo twitter, com o parlamentar do Partido Progressista.<br \/>\n<strong>Alguns trechos:<\/strong><br \/>\n<em>\u201cDeputado, vi o v\u00eddeo agora. Uma covardia, o Arthur n\u00e3o deixava a rep\u00f3rter falar e ainda chamou dois marmanjos para ajudar na intimida\u00e7\u00e3o<\/em>\u201d, escreveu Gross.<br \/>\n\u201c<em>\u00c9 incitacao ao odio voce dizer que eu incitei ao odio, o que n eh verdade. Estas incitando esquerdistas a me atacarem, mas eh teu direito<\/em>\u201d, respondeu o deputado.<br \/>\n\u201c<em>Ok, o senhor \u00e9 um parlamentar e sabe o que faz. Eu continuo achando estranho tudo isso. Incita\u00e7\u00e3o ao \u00f3dio nunca me parece algo saud\u00e1vel, mas<\/em>\u201d, continuou o jornalista.<br \/>\n\u201c<em>Repito: foi no m\u00ednimo um tweet precipitado e errado da reportagem. E minha rea\u00e7\u00e3o se deu a isso &#8211; at\u00e9 porque n\u00e3o foi a primeira vez<\/em>\u201d, twittou Marcel van Hattem.<br \/>\n<span class=\"intertit\">A postagem da jornalista Vit\u00f3ria Famer no Facebook:<\/span><br \/>\nAo receber a informa\u00e7\u00e3o de que Arthur do Val, integrante do MBL e youtuber do canal Mam\u00e3eFalei, havia sido encaminhado para a 17\u00aa Delegacia de Pol\u00edcia ap\u00f3s confrontos com sindicalistas que protestavam em frente \u00e0 prefeitura de Porto Alegre, fiz o meu trabalho como sempre fa\u00e7o: fui apurar todos os lados da hist\u00f3ria para levar aos ouvintes da R\u00e1dio Gua\u00edba a melhor informa\u00e7\u00e3o poss\u00edvel. E para fazer isso, s\u00f3 me deslocando para a delegacia para ouvir os detidos.<br \/>\nApurei que havia dois seguran\u00e7as profissionais (o Rafael Silva Oliveira, mais conhecido como Rafinha BK, e o Marcio Gon\u00e7alves Strzalkowski, agressor confesso do professor Geovani Ramos Machado), al\u00e9m de assessores de um deputado estadual, dando apoio ao Arthur do Val.<br \/>\nPor simplesmente exercer a profiss\u00e3o que amo me tornei alvo de covardes ataques virtuais. Tentaram me intimidar com edi\u00e7\u00f5es manipuladas, mas que teve um efeito rev\u00e9s: provocaram uma corrente de solidariedade e carinho que me emocionaram. Reafirmaram a certeza das escolhas que fiz ao me tornar jornalista, que, como diria George Orwell, \u00e9 publicar aquilo que algu\u00e9m n\u00e3o quer que se publique.<br \/>\n\u00c9 isso que seguirei fazendo com dedica\u00e7\u00e3o e respeito a todos.<br \/>\n<strong>Um abra\u00e7o.<\/strong><br \/>\n<strong> Vit\u00f3ria.<\/strong><br \/>\n<strong>P.S.:<\/strong> \u00c0queles que viram o v\u00eddeo calunioso e difamat\u00f3rio \u2013 do qual j\u00e1 contatei advogados para apurar quais medidas ser\u00e3o tomadas \u2013 transcrevo o trecho da entrevista que o MBL N\u00c3O colocou nos seus v\u00eddeos, cujo conte\u00fado integral disponibilizo abaixo. A minha mat\u00e9ria, curiosamente, tamb\u00e9m n\u00e3o foi parar no v\u00eddeo.<br \/>\n<span class=\"intertit\">Trecho da entrevista:<\/span><br \/>\nVIT\u00d3RIA FAMER: Os sindicalistas afirmaram tamb\u00e9m que voc\u00eas seriam integrantes do MBL. Voc\u00eas s\u00e3o integrantes do MBL?<br \/>\nMARCIO GON\u00c7ALVES STRZALKOWSKI: Eu e o Rafinha n\u00e3o somos integrantes do MBL. Hoje, justamente por darmos apoio ao Arthur (do Val), o pessoal veio aqui para dar um apoio para a gente.<br \/>\nVIT\u00d3RIA: Pessoal quem?<br \/>\nMARCIO: Pessoal aqui do MBL.<br \/>\nVIT\u00d3RIA: Do deputado Van Hattem?<br \/>\nMARCIO: Isso, do Marcel Van Hattem.<\/p>\n","protected":false},"excerpt":{"rendered":"<p>A jornalista Vit\u00f3ria Famer tem recebido uma s\u00e9rie de ofensas nas redes sociais depois de ter produzido mat\u00e9ria para a R\u00e1dio Gua\u00edba, na quarta-feira, 21, sobre a deten\u00e7\u00e3o de duas pessoas, uma delas ligada ao Movimento Brasil Livre (MBL). Eles se envolveram em discuss\u00f5es e brigas com servidores municipais que protestavam em frente \u00e0 Prefeitura [&hellip;]<\/p>\n","protected":false},"author":4,"featured_media":50519,"comment_status":"open","ping_status":"closed","sticky":false,"template":"","format":"standard","meta":{"_jetpack_newsletter_access":"","_jetpack_dont_email_post_to_subs":false,"_jetpack_newsletter_tier_id":0,"_jetpack_memberships_contains_paywalled_content":false,"_jetpack_feature_clip_id":0,"_jetpack_memberships_contains_paid_content":false,"footnotes":"","jetpack_post_was_ever_published":false},"categories":[26],"tags":[],"class_list":["post-50518","post","type-post","status-publish","format-standard","has-post-thumbnail","hentry","category-geral"],"aioseo_notices":[],"aioseo_head":"\n\t\t<!-- All in One SEO 5.0.1.1 - aioseo.com -->\n\t<meta name=\"robots\" content=\"max-image-preview:large\" \/>\n\t<meta name=\"author\" content=\"da Reda\u00e7\u00e3o\"\/>\n\t<link rel=\"canonical\" href=\"https:\/\/www.jornalja.com.br\/arquivo\/jornalista-vai-a-justica-contra-ofensas-de-simpatizantes-do-mbl\/\" \/>\n\t<meta name=\"generator\" content=\"All in One SEO (AIOSEO) 5.0.1.1\" \/>\n\t\t<meta property=\"og:locale\" content=\"pt_BR\" \/>\n\t\t<meta property=\"og:site_name\" content=\"Arquivo | Jornal J\u00c1 | Porto Alegre\" \/>\n\t\t<meta property=\"og:type\" content=\"article\" \/>\n\t\t<meta property=\"og:title\" content=\"Jornalista vai \u00e0 Justi\u00e7a contra ofensas de simpatizantes do MBL | Arquivo\" \/>\n\t\t<meta property=\"og:url\" content=\"https:\/\/www.jornalja.com.br\/arquivo\/jornalista-vai-a-justica-contra-ofensas-de-simpatizantes-do-mbl\/\" \/>\n\t\t<meta property=\"og:image\" content=\"https:\/\/www.jornalja.com.br\/economics\/wp-content\/uploads\/sites\/11\/2026\/08\/ja-folhaderosto-facebook.jpg\" \/>\n\t\t<meta property=\"og:image:secure_url\" content=\"https:\/\/www.jornalja.com.br\/economics\/wp-content\/uploads\/sites\/11\/2026\/08\/ja-folhaderosto-facebook.jpg\" \/>\n\t\t<meta property=\"article:published_time\" content=\"2017-06-26T16:00:04+00:00\" \/>\n\t\t<meta property=\"article:modified_time\" content=\"2017-06-26T16:00:04+00:00\" \/>\n\t\t<meta name=\"twitter:card\" content=\"summary\" \/>\n\t\t<meta name=\"twitter:title\" content=\"Jornalista vai \u00e0 Justi\u00e7a contra ofensas de simpatizantes do MBL | Arquivo\" \/>\n\t\t<meta name=\"twitter:image\" content=\"https:\/\/www.jornalja.com.br\/economics\/wp-content\/uploads\/sites\/11\/2026\/08\/ja-folhaderosto-facebook.jpg\" \/>\n\t\t<script type=\"application\/ld+json\" class=\"aioseo-schema\">\n\t\t\t{\"@context\":\"https:\\\/\\\/schema.org\",\"@graph\":[{\"@type\":\"BlogPosting\",\"@id\":\"https:\\\/\\\/www.jornalja.com.br\\\/arquivo\\\/jornalista-vai-a-justica-contra-ofensas-de-simpatizantes-do-mbl\\\/#blogposting\",\"name\":\"Jornalista vai \\u00e0 Justi\\u00e7a contra ofensas de simpatizantes do MBL | Arquivo\",\"headline\":\"Jornalista vai \\u00e0 Justi\\u00e7a contra ofensas de simpatizantes do MBL\",\"author\":{\"@id\":\"https:\\\/\\\/www.jornalja.com.br\\\/arquivo\\\/author\\\/daredacao\\\/#author\"},\"publisher\":{\"@id\":\"https:\\\/\\\/www.jornalja.com.br\\\/arquivo\\\/#organization\"},\"image\":{\"@type\":\"ImageObject\",\"url\":50519},\"datePublished\":\"2017-06-26T13:00:04-03:00\",\"dateModified\":\"2017-06-26T13:00:04-03:00\",\"inLanguage\":\"pt-BR\",\"mainEntityOfPage\":{\"@id\":\"https:\\\/\\\/www.jornalja.com.br\\\/arquivo\\\/jornalista-vai-a-justica-contra-ofensas-de-simpatizantes-do-mbl\\\/#webpage\"},\"isPartOf\":{\"@id\":\"https:\\\/\\\/www.jornalja.com.br\\\/arquivo\\\/jornalista-vai-a-justica-contra-ofensas-de-simpatizantes-do-mbl\\\/#webpage\"},\"articleSection\":\"Geral\"},{\"@type\":\"BreadcrumbList\",\"@id\":\"https:\\\/\\\/www.jornalja.com.br\\\/arquivo\\\/jornalista-vai-a-justica-contra-ofensas-de-simpatizantes-do-mbl\\\/#breadcrumblist\",\"itemListElement\":[{\"@type\":\"ListItem\",\"@id\":\"https:\\\/\\\/www.jornalja.com.br\\\/arquivo#listItem\",\"position\":1,\"name\":\"Home\",\"item\":\"https:\\\/\\\/www.jornalja.com.br\\\/arquivo\",\"nextItem\":{\"@type\":\"ListItem\",\"@id\":\"https:\\\/\\\/www.jornalja.com.br\\\/arquivo\\\/category\\\/geral\\\/#listItem\",\"name\":\"Geral\"}},{\"@type\":\"ListItem\",\"@id\":\"https:\\\/\\\/www.jornalja.com.br\\\/arquivo\\\/category\\\/geral\\\/#listItem\",\"position\":2,\"name\":\"Geral\",\"item\":\"https:\\\/\\\/www.jornalja.com.br\\\/arquivo\\\/category\\\/geral\\\/\",\"nextItem\":{\"@type\":\"ListItem\",\"@id\":\"https:\\\/\\\/www.jornalja.com.br\\\/arquivo\\\/jornalista-vai-a-justica-contra-ofensas-de-simpatizantes-do-mbl\\\/#listItem\",\"name\":\"Jornalista vai \\u00e0 Justi\\u00e7a contra ofensas de simpatizantes do MBL\"},\"previousItem\":{\"@type\":\"ListItem\",\"@id\":\"https:\\\/\\\/www.jornalja.com.br\\\/arquivo#listItem\",\"name\":\"Home\"}},{\"@type\":\"ListItem\",\"@id\":\"https:\\\/\\\/www.jornalja.com.br\\\/arquivo\\\/jornalista-vai-a-justica-contra-ofensas-de-simpatizantes-do-mbl\\\/#listItem\",\"position\":3,\"name\":\"Jornalista vai \\u00e0 Justi\\u00e7a contra ofensas de simpatizantes do MBL\",\"previousItem\":{\"@type\":\"ListItem\",\"@id\":\"https:\\\/\\\/www.jornalja.com.br\\\/arquivo\\\/category\\\/geral\\\/#listItem\",\"name\":\"Geral\"}}]},{\"@type\":\"Organization\",\"@id\":\"https:\\\/\\\/www.jornalja.com.br\\\/arquivo\\\/#organization\",\"name\":\"Jornal J\\u00c1\",\"description\":\"Jornal J\\u00c1 | Porto Alegre\",\"url\":\"https:\\\/\\\/www.jornalja.com.br\\\/arquivo\\\/\",\"telephone\":\"+555133307272\",\"logo\":{\"@type\":\"ImageObject\",\"url\":\"https:\\\/\\\/www.jornalja.com.br\\\/wp-content\\\/uploads\\\/cards\\\/JAslogan.png\",\"@id\":\"https:\\\/\\\/www.jornalja.com.br\\\/arquivo\\\/jornalista-vai-a-justica-contra-ofensas-de-simpatizantes-do-mbl\\\/#organizationLogo\"},\"image\":{\"@id\":\"https:\\\/\\\/www.jornalja.com.br\\\/arquivo\\\/jornalista-vai-a-justica-contra-ofensas-de-simpatizantes-do-mbl\\\/#organizationLogo\"}},{\"@type\":\"Person\",\"@id\":\"https:\\\/\\\/www.jornalja.com.br\\\/arquivo\\\/author\\\/daredacao\\\/#author\",\"url\":\"https:\\\/\\\/www.jornalja.com.br\\\/arquivo\\\/author\\\/daredacao\\\/\",\"name\":\"da Reda\\u00e7\\u00e3o\",\"image\":{\"@type\":\"ImageObject\",\"@id\":\"https:\\\/\\\/www.jornalja.com.br\\\/arquivo\\\/jornalista-vai-a-justica-contra-ofensas-de-simpatizantes-do-mbl\\\/#authorImage\",\"url\":\"https:\\\/\\\/secure.gravatar.com\\\/avatar\\\/469fd857d6605ad19919d27ed29d35a968a25f6e8fd9318356bbb7f57aae9c65?s=96&d=mm&r=g\",\"width\":96,\"height\":96,\"caption\":\"da Reda\\u00e7\\u00e3o\"}},{\"@type\":\"WebPage\",\"@id\":\"https:\\\/\\\/www.jornalja.com.br\\\/arquivo\\\/jornalista-vai-a-justica-contra-ofensas-de-simpatizantes-do-mbl\\\/#webpage\",\"url\":\"https:\\\/\\\/www.jornalja.com.br\\\/arquivo\\\/jornalista-vai-a-justica-contra-ofensas-de-simpatizantes-do-mbl\\\/\",\"name\":\"Jornalista vai \\u00e0 Justi\\u00e7a contra ofensas de simpatizantes do MBL | Arquivo\",\"inLanguage\":\"pt-BR\",\"isPartOf\":{\"@id\":\"https:\\\/\\\/www.jornalja.com.br\\\/arquivo\\\/#website\"},\"breadcrumb\":{\"@id\":\"https:\\\/\\\/www.jornalja.com.br\\\/arquivo\\\/jornalista-vai-a-justica-contra-ofensas-de-simpatizantes-do-mbl\\\/#breadcrumblist\"},\"author\":{\"@id\":\"https:\\\/\\\/www.jornalja.com.br\\\/arquivo\\\/author\\\/daredacao\\\/#author\"},\"creator\":{\"@id\":\"https:\\\/\\\/www.jornalja.com.br\\\/arquivo\\\/author\\\/daredacao\\\/#author\"},\"image\":{\"@type\":\"ImageObject\",\"url\":50519,\"@id\":\"https:\\\/\\\/www.jornalja.com.br\\\/arquivo\\\/jornalista-vai-a-justica-contra-ofensas-de-simpatizantes-do-mbl\\\/#mainImage\"},\"primaryImageOfPage\":{\"@id\":\"https:\\\/\\\/www.jornalja.com.br\\\/arquivo\\\/jornalista-vai-a-justica-contra-ofensas-de-simpatizantes-do-mbl\\\/#mainImage\"},\"datePublished\":\"2017-06-26T13:00:04-03:00\",\"dateModified\":\"2017-06-26T13:00:04-03:00\"},{\"@type\":\"WebSite\",\"@id\":\"https:\\\/\\\/www.jornalja.com.br\\\/arquivo\\\/#website\",\"url\":\"https:\\\/\\\/www.jornalja.com.br\\\/arquivo\\\/\",\"name\":\"Arquivo\",\"description\":\"Jornal J\\u00c1 | Porto Alegre\",\"inLanguage\":\"pt-BR\",\"publisher\":{\"@id\":\"https:\\\/\\\/www.jornalja.com.br\\\/arquivo\\\/#organization\"}}]}\n\t\t<\/script>\n\t\t<!-- All in One SEO -->\n\n","aioseo_head_json":{"title":"Jornalista vai \u00e0 Justi\u00e7a contra ofensas de simpatizantes do MBL | Arquivo","description":"","canonical_url":"https:\/\/www.jornalja.com.br\/arquivo\/jornalista-vai-a-justica-contra-ofensas-de-simpatizantes-do-mbl\/","robots":"max-image-preview:large","keywords":"","webmasterTools":{"miscellaneous":""},"schema":{"@context":"https:\/\/schema.org","@graph":[{"@type":"BlogPosting","@id":"https:\/\/www.jornalja.com.br\/arquivo\/jornalista-vai-a-justica-contra-ofensas-de-simpatizantes-do-mbl\/#blogposting","name":"Jornalista vai \u00e0 Justi\u00e7a contra ofensas de simpatizantes do MBL | Arquivo","headline":"Jornalista vai \u00e0 Justi\u00e7a contra ofensas de simpatizantes do MBL","author":{"@id":"https:\/\/www.jornalja.com.br\/arquivo\/author\/daredacao\/#author"},"publisher":{"@id":"https:\/\/www.jornalja.com.br\/arquivo\/#organization"},"image":{"@type":"ImageObject","url":50519},"datePublished":"2017-06-26T13:00:04-03:00","dateModified":"2017-06-26T13:00:04-03:00","inLanguage":"pt-BR","mainEntityOfPage":{"@id":"https:\/\/www.jornalja.com.br\/arquivo\/jornalista-vai-a-justica-contra-ofensas-de-simpatizantes-do-mbl\/#webpage"},"isPartOf":{"@id":"https:\/\/www.jornalja.com.br\/arquivo\/jornalista-vai-a-justica-contra-ofensas-de-simpatizantes-do-mbl\/#webpage"},"articleSection":"Geral"},{"@type":"BreadcrumbList","@id":"https:\/\/www.jornalja.com.br\/arquivo\/jornalista-vai-a-justica-contra-ofensas-de-simpatizantes-do-mbl\/#breadcrumblist","itemListElement":[{"@type":"ListItem","@id":"https:\/\/www.jornalja.com.br\/arquivo#listItem","position":1,"name":"Home","item":"https:\/\/www.jornalja.com.br\/arquivo","nextItem":{"@type":"ListItem","@id":"https:\/\/www.jornalja.com.br\/arquivo\/category\/geral\/#listItem","name":"Geral"}},{"@type":"ListItem","@id":"https:\/\/www.jornalja.com.br\/arquivo\/category\/geral\/#listItem","position":2,"name":"Geral","item":"https:\/\/www.jornalja.com.br\/arquivo\/category\/geral\/","nextItem":{"@type":"ListItem","@id":"https:\/\/www.jornalja.com.br\/arquivo\/jornalista-vai-a-justica-contra-ofensas-de-simpatizantes-do-mbl\/#listItem","name":"Jornalista vai \u00e0 Justi\u00e7a contra ofensas de simpatizantes do MBL"},"previousItem":{"@type":"ListItem","@id":"https:\/\/www.jornalja.com.br\/arquivo#listItem","name":"Home"}},{"@type":"ListItem","@id":"https:\/\/www.jornalja.com.br\/arquivo\/jornalista-vai-a-justica-contra-ofensas-de-simpatizantes-do-mbl\/#listItem","position":3,"name":"Jornalista vai \u00e0 Justi\u00e7a contra ofensas de simpatizantes do MBL","previousItem":{"@type":"ListItem","@id":"https:\/\/www.jornalja.com.br\/arquivo\/category\/geral\/#listItem","name":"Geral"}}]},{"@type":"Organization","@id":"https:\/\/www.jornalja.com.br\/arquivo\/#organization","name":"Jornal J\u00c1","description":"Jornal J\u00c1 | Porto Alegre","url":"https:\/\/www.jornalja.com.br\/arquivo\/","telephone":"+555133307272","logo":{"@type":"ImageObject","url":"https:\/\/www.jornalja.com.br\/wp-content\/uploads\/cards\/JAslogan.png","@id":"https:\/\/www.jornalja.com.br\/arquivo\/jornalista-vai-a-justica-contra-ofensas-de-simpatizantes-do-mbl\/#organizationLogo"},"image":{"@id":"https:\/\/www.jornalja.com.br\/arquivo\/jornalista-vai-a-justica-contra-ofensas-de-simpatizantes-do-mbl\/#organizationLogo"}},{"@type":"Person","@id":"https:\/\/www.jornalja.com.br\/arquivo\/author\/daredacao\/#author","url":"https:\/\/www.jornalja.com.br\/arquivo\/author\/daredacao\/","name":"da Reda\u00e7\u00e3o","image":{"@type":"ImageObject","@id":"https:\/\/www.jornalja.com.br\/arquivo\/jornalista-vai-a-justica-contra-ofensas-de-simpatizantes-do-mbl\/#authorImage","url":"https:\/\/secure.gravatar.com\/avatar\/469fd857d6605ad19919d27ed29d35a968a25f6e8fd9318356bbb7f57aae9c65?s=96&d=mm&r=g","width":96,"height":96,"caption":"da Reda\u00e7\u00e3o"}},{"@type":"WebPage","@id":"https:\/\/www.jornalja.com.br\/arquivo\/jornalista-vai-a-justica-contra-ofensas-de-simpatizantes-do-mbl\/#webpage","url":"https:\/\/www.jornalja.com.br\/arquivo\/jornalista-vai-a-justica-contra-ofensas-de-simpatizantes-do-mbl\/","name":"Jornalista vai \u00e0 Justi\u00e7a contra ofensas de simpatizantes do MBL | Arquivo","inLanguage":"pt-BR","isPartOf":{"@id":"https:\/\/www.jornalja.com.br\/arquivo\/#website"},"breadcrumb":{"@id":"https:\/\/www.jornalja.com.br\/arquivo\/jornalista-vai-a-justica-contra-ofensas-de-simpatizantes-do-mbl\/#breadcrumblist"},"author":{"@id":"https:\/\/www.jornalja.com.br\/arquivo\/author\/daredacao\/#author"},"creator":{"@id":"https:\/\/www.jornalja.com.br\/arquivo\/author\/daredacao\/#author"},"image":{"@type":"ImageObject","url":50519,"@id":"https:\/\/www.jornalja.com.br\/arquivo\/jornalista-vai-a-justica-contra-ofensas-de-simpatizantes-do-mbl\/#mainImage"},"primaryImageOfPage":{"@id":"https:\/\/www.jornalja.com.br\/arquivo\/jornalista-vai-a-justica-contra-ofensas-de-simpatizantes-do-mbl\/#mainImage"},"datePublished":"2017-06-26T13:00:04-03:00","dateModified":"2017-06-26T13:00:04-03:00"},{"@type":"WebSite","@id":"https:\/\/www.jornalja.com.br\/arquivo\/#website","url":"https:\/\/www.jornalja.com.br\/arquivo\/","name":"Arquivo","description":"Jornal J\u00c1 | Porto Alegre","inLanguage":"pt-BR","publisher":{"@id":"https:\/\/www.jornalja.com.br\/arquivo\/#organization"}}]},"og:locale":"pt_BR","og:site_name":"Arquivo | Jornal J\u00c1 | Porto Alegre","og:type":"article","og:title":"Jornalista vai \u00e0 Justi\u00e7a contra ofensas de simpatizantes do MBL | Arquivo","og:url":"https:\/\/www.jornalja.com.br\/arquivo\/jornalista-vai-a-justica-contra-ofensas-de-simpatizantes-do-mbl\/","og:image":"https:\/\/www.jornalja.com.br\/economics\/wp-content\/uploads\/sites\/11\/2026\/08\/ja-folhaderosto-facebook.jpg","og:image:secure_url":"https:\/\/www.jornalja.com.br\/economics\/wp-content\/uploads\/sites\/11\/2026\/08\/ja-folhaderosto-facebook.jpg","article:published_time":"2017-06-26T16:00:04+00:00","article:modified_time":"2017-06-26T16:00:04+00:00","twitter:card":"summary","twitter:title":"Jornalista vai \u00e0 Justi\u00e7a contra ofensas de simpatizantes do MBL | Arquivo","twitter:image":"https:\/\/www.jornalja.com.br\/economics\/wp-content\/uploads\/sites\/11\/2026\/08\/ja-folhaderosto-facebook.jpg"},"aioseo_meta_data":{"post_id":"50518","title":null,"description":null,"keywords":null,"keyphrases":null,"primary_term":null,"canonical_url":null,"og_title":null,"og_description":null,"og_object_type":"default","og_image_type":"default","og_image_url":null,"og_image_width":null,"og_image_height":null,"og_image_custom_url":null,"og_image_custom_fields":null,"og_video":null,"og_custom_url":null,"og_article_section":null,"og_article_tags":null,"twitter_use_og":false,"twitter_card":"default","twitter_image_type":"default","twitter_image_url":null,"twitter_image_custom_url":null,"twitter_image_custom_fields":null,"twitter_title":null,"twitter_description":null,"schema":{"blockGraphs":[],"customGraphs":[],"default":{"data":{"Article":[],"Course":[],"Dataset":[],"FAQPage":[],"Movie":[],"Person":[],"Product":[],"ProductReview":[],"Car":[],"Recipe":[],"Service":[],"SoftwareApplication":[],"WebPage":[]},"graphName":"","isEnabled":true},"graphs":[],"defaultGraph":"","defaultPostTypeGraph":""},"schema_type":null,"schema_type_options":null,"pillar_content":false,"robots_default":true,"robots_noindex":false,"robots_noarchive":false,"robots_nosnippet":false,"robots_nofollow":false,"robots_noimageindex":false,"robots_noodp":false,"robots_notranslate":false,"robots_max_snippet":null,"robots_max_videopreview":null,"robots_max_imagepreview":"large","priority":null,"frequency":null,"location":null,"local_seo":null,"breadcrumb_settings":null,"limit_modified_date":false,"ai":null,"created":"2020-12-20 20:30:49","updated":"2025-07-19 22:29:32","seo_analyzer_scan_date":null,"focus_keyword":null,"additional_keywords":null,"truseo_locale":null},"jetpack_sharing_enabled":true,"jetpack-related-posts":[{"id":12960,"url":"https:\/\/www.jornalja.com.br\/arquivo\/populacao-culpa-empresas-pela-greve-dos-rodoviarios\/","url_meta":{"origin":50518,"position":0},"title":"Popula\u00e7\u00e3o culpa empresas pela greve","author":"Patr\u00edcia Marini","date":"14 de fevereiro de 2014","format":false,"excerpt":"Pesquisa divulgada na edi\u00e7\u00e3o do jornal Metro desta sexta-feira,14, comprova o velho ditado: \u00e9 poss\u00edvel enganar muitos por algum tempo, mas n\u00e3o \u00e9 poss\u00edvel enganar a todos o tempo inteiro. A principal revela\u00e7\u00e3o foi que 59,8% dos entrevistados apontaram as empresas como as principais respons\u00e1veis pela grave e 46% culparam\u2026","rel":"","context":"Em &quot;X.Categorias velhas&quot;","block_context":{"text":"X.Categorias velhas","link":"https:\/\/www.jornalja.com.br\/arquivo\/category\/x-categorias-velhas\/"},"img":{"alt_text":"","src":"","width":0,"height":0},"classes":[]},{"id":14241,"url":"https:\/\/www.jornalja.com.br\/arquivo\/o-guaiba-nas-imagens-poeticas-de-achutti\/","url_meta":{"origin":50518,"position":1},"title":"O Gua\u00edba nas imagens po\u00e9ticas de Achutti","author":"da Reda\u00e7\u00e3o","date":"18 de junho de 2014","format":false,"excerpt":"Em \u201cO Gua\u00edba por Achutti\u201d \u2013 obra financiada via Minist\u00e9rio da Cultura, produ\u00e7\u00e3o executiva de Pedro Longhi, e Fl\u00e1vio Wild como designer \u2013, o fot\u00f3grafo revela a beleza e as mazelas de um espa\u00e7o aqu\u00e1tico de \u00e1guas sempre renovadas, cheio de hist\u00f3rias e lendas como as das cidades que foram\u2026","rel":"","context":"Em &quot;Cultura-Geral&quot;","block_context":{"text":"Cultura-Geral","link":"https:\/\/www.jornalja.com.br\/arquivo\/category\/materiasecundaria\/"},"img":{"alt_text":"","src":"","width":0,"height":0},"classes":[]},{"id":13124,"url":"https:\/\/www.jornalja.com.br\/arquivo\/sangue-latino-no-iecine\/","url_meta":{"origin":50518,"position":2},"title":"Sangue latino no IECINE","author":"da Reda\u00e7\u00e3o","date":"18 de maio de 2014","format":false,"excerpt":"Francisco Ribeiro O Instituto Estadual de Cinema (IECINE) tem a frente, desde abril \u00faltimo, um novo diretor, o cineasta colombiano Juan Zapata, 36, que substitui Luiz Alberto Cassol. Radicado h\u00e1 dez anos em Porto Alegre, Zapata tem diante de si o desafio de conduzir at\u00e9 o final do ano um\u2026","rel":"","context":"Em &quot;Cultura-Geral&quot;","block_context":{"text":"Cultura-Geral","link":"https:\/\/www.jornalja.com.br\/arquivo\/category\/materiasecundaria\/"},"img":{"alt_text":"","src":"","width":0,"height":0},"classes":[]},{"id":1280,"url":"https:\/\/www.jornalja.com.br\/arquivo\/o-menino-que-se-tornou-brizola\/","url_meta":{"origin":50518,"position":3},"title":"O Menino que se Tornou Brizola","author":"da Reda\u00e7\u00e3o","date":"28 de julho de 2008","format":false,"excerpt":"Autor: Cleber Dioni A vida de Leonel Brizola, com \u00eanfase para os primeiros anos em Porto Alegre, at\u00e9 o ex\u00edlio no Uruguai e a volta, quinze anos depois. \u00a0\"...\u00c9ramos todos jovens e nos identific\u00e1vamos com aquela massa an\u00f4nima a percorrer as ruas de Porto Alegre, gritando 'Get\u00falio', 'Get\u00falio' e empunhando\u2026","rel":"","context":"Em &quot;Livros&quot;","block_context":{"text":"Livros","link":"https:\/\/www.jornalja.com.br\/arquivo\/category\/livros\/"},"img":{"alt_text":"","src":"https:\/\/i0.wp.com\/www.jornalja.com.br\/wp-content\/uploads\/2008\/07\/brizola.gif?resize=350%2C200&ssl=1","width":350,"height":200},"classes":[]},{"id":13240,"url":"https:\/\/www.jornalja.com.br\/arquivo\/plano-diretor-estamos-construindo-o-caos\/","url_meta":{"origin":50518,"position":4},"title":"Plano diretor: &quot;Estamos construindo o caos&quot;","author":"Patr\u00edcia Marini","date":"26 de maio de 2014","format":false,"excerpt":"Desabafo que arquiteta Eliana Castilhos, delegada da Regi\u00e3o de Planejamento 1, postou nas redes sociais \u00e9 um testemunho do ambiente que se criou no Conselho do Plano Diretor de Porto Alegre, onde a aprova\u00e7\u00e3o de grandes empreendimentos \u00e9 empurrada guela abaixo dos conselheiros. Ao CMDUA Como delegada da Regi\u00e3o de\u2026","rel":"","context":"Em &quot;Geral&quot;","block_context":{"text":"Geral","link":"https:\/\/www.jornalja.com.br\/arquivo\/category\/geral\/"},"img":{"alt_text":"","src":"","width":0,"height":0},"classes":[]},{"id":13101,"url":"https:\/\/www.jornalja.com.br\/arquivo\/morre-um-guerreiro-do-texto\/","url_meta":{"origin":50518,"position":5},"title":"Morre um guerreiro do texto","author":"Patr\u00edcia Marini","date":"14 de maio de 2014","format":false,"excerpt":"Por Ricardo Kotscho Reproduzido do blog do autor, 11\/5\/2014; t\u00edtulo original \u201cE l\u00e1 se foi o nosso Myltainho, guerreiro do texto\u201d. Mi\u00fado e franzino, meu amigo Myltainho era um valente e inconformado guerreiro na luta contra as injusti\u00e7as sociais, a hipocrisia, as maracutaias, o autoritarismo, a intoler\u00e2ncia, a viol\u00eancia, o\u2026","rel":"","context":"Em &quot;Geral&quot;","block_context":{"text":"Geral","link":"https:\/\/www.jornalja.com.br\/arquivo\/category\/geral\/"},"img":{"alt_text":"","src":"","width":0,"height":0},"classes":[]}],"jetpack_shortlink":"https:\/\/wp.me\/pbQjBd-d8O","jetpack_featured_media_url":"","_links":{"self":[{"href":"https:\/\/www.jornalja.com.br\/arquivo\/wp-json\/wp\/v2\/posts\/50518","targetHints":{"allow":["GET"]}}],"collection":[{"href":"https:\/\/www.jornalja.com.br\/arquivo\/wp-json\/wp\/v2\/posts"}],"about":[{"href":"https:\/\/www.jornalja.com.br\/arquivo\/wp-json\/wp\/v2\/types\/post"}],"author":[{"embeddable":true,"href":"https:\/\/www.jornalja.com.br\/arquivo\/wp-json\/wp\/v2\/users\/4"}],"replies":[{"embeddable":true,"href":"https:\/\/www.jornalja.com.br\/arquivo\/wp-json\/wp\/v2\/comments?post=50518"}],"version-history":[{"count":0,"href":"https:\/\/www.jornalja.com.br\/arquivo\/wp-json\/wp\/v2\/posts\/50518\/revisions"}],"wp:attachment":[{"href":"https:\/\/www.jornalja.com.br\/arquivo\/wp-json\/wp\/v2\/media?parent=50518"}],"wp:term":[{"taxonomy":"category","embeddable":true,"href":"https:\/\/www.jornalja.com.br\/arquivo\/wp-json\/wp\/v2\/categories?post=50518"},{"taxonomy":"post_tag","embeddable":true,"href":"https:\/\/www.jornalja.com.br\/arquivo\/wp-json\/wp\/v2\/tags?post=50518"}],"curies":[{"name":"wp","href":"https:\/\/api.w.org\/{rel}","templated":true}]}}