{"id":50526,"date":"2017-06-26T17:15:37","date_gmt":"2017-06-26T20:15:37","guid":{"rendered":"https:\/\/www.jornalja.com.br\/?p=50526"},"modified":"2017-06-26T17:15:37","modified_gmt":"2017-06-26T20:15:37","slug":"conferencia-discute-politicas-sobre-drogas-nesta-terca","status":"publish","type":"post","link":"https:\/\/www.jornalja.com.br\/arquivo\/conferencia-discute-politicas-sobre-drogas-nesta-terca\/","title":{"rendered":"Confer\u00eancia discute pol\u00edticas sobre drogas, nesta ter\u00e7a"},"content":{"rendered":"<p>O Centro de Eventos da PUCRS ser\u00e1 cen\u00e1rio de um grande debate sobre as pol\u00edticas p\u00fablicas sobre drogas. Durante todo o dia 27 de junho (ter\u00e7a-feira), ocorrer\u00e1 a Confer\u00eancia Estadual de Pol\u00edticas P\u00fablicas sobre Drogas, promovida pelo Conselho Estadual de Pol\u00edticas sobre drogas do Rio Grande do Sul (CONED RS) com apoio da Secretaria Estadual de Desenvolvimento Social, Trabalho, Justi\u00e7a e Direitos Humanos e da PUC RS.<br \/>\nDe acordo com Eduardo Nascimento Cruz, presidente do CONED RS, o debate ser\u00e1 aberto ao p\u00fablico e ter\u00e1 como eixos de discuss\u00e3o temas como: Preven\u00e7\u00e3o, Tratamento, Reinser\u00e7\u00e3o Social e Repress\u00e3o, envolvendo todas as \u00e1reas do conhecimento de cada setor. Na ocasi\u00e3o, ser\u00e3o definidas as proposi\u00e7\u00f5es estaduais para as pol\u00edticas sobre drogas com a participa\u00e7\u00e3o de delegados de todas as regi\u00f5es do Estado.<br \/>\nCruz destaca a import\u00e2ncia de participa\u00e7\u00e3o de todos os segmentos da sociedade para um debate profundo e verdadeiro, envolvendo um tema que afeta a todos, direta ou indiretamente. \u201cO evento busca o entendimento da sociedade civil e gestores p\u00fablicos a respeito das Pol\u00edticas P\u00fablicas relacionadas ao tema drogas\u201d, complementa.<br \/>\nInscri\u00e7\u00f5es e informa\u00e7\u00f5es na p\u00e1gina\u00a0www.facebook.com.br\/ conedrgs\u00a0ou pelo e-mail:coned.rs@sdstjdh.rs.gov.br<br \/>\n<strong>Confira a programa\u00e7\u00e3o completa:<\/strong><br \/>\n8h30 &#8211; Credenciamento<br \/>\n9h00 &#8211; Abertura oficial<br \/>\n9h30 &#8211; Leitura e vota\u00e7\u00e3o do regimento interno da Confer\u00eancia<br \/>\n10h00 &#8211; Apresenta\u00e7\u00e3o das pol\u00edticas p\u00fablicas vigentes<br \/>\n10h30 &#8211; Apresenta\u00e7\u00e3o do resumo das Confer\u00eancias Regionais<br \/>\n11h00 &#8211; Apresenta\u00e7\u00e3o de cases<br \/>\n12h00 &#8211; Pausa para almo\u00e7o<br \/>\n13h30 &#8211; Discuss\u00f5es dos eixos:<br \/>\n1. preven\u00e7\u00e3o<br \/>\n2. cuidado<br \/>\n3. autoridade<br \/>\n4. aten\u00e7\u00e3o<br \/>\n15h30 &#8211; Apresenta\u00e7\u00e3o da banda Liberdade da Fase<br \/>\n16h00 &#8211; Vota\u00e7\u00e3o em plen\u00e1ria das proposi\u00e7\u00f5es de cada eixo<br \/>\n18h00 &#8211; Previs\u00e3o de t\u00e9rmino<br \/>\n<span class=\"intertit\">SERVI\u00c7O<\/span><br \/>\nO que:\u00a0Confer\u00eancia Estadual de Pol\u00edticas P\u00fablicas sobre Drogas<br \/>\nQuando:\u00a0Dia 27 de junho, das 8h30 \u00e0s 18 horas<br \/>\nOnde:\u00a0Centro de Eventos PUCRS (Av. Ipiranga, 6681, Pr\u00e9dio 41)<br \/>\nQuanto:\u00a0Entrada Franca<br \/>\nInscri\u00e7\u00f5es:\u00a0\u00a0www.facebook.com\/ conedrgs\u00a0ou\u00a0coned.rs@sdstjdh. rs.gov.br<br \/>\nInforma\u00e7\u00f5es:\u00a0(51) 3287 3200<\/p>\n","protected":false},"excerpt":{"rendered":"<p>O Centro de Eventos da PUCRS ser\u00e1 cen\u00e1rio de um grande debate sobre as pol\u00edticas p\u00fablicas sobre drogas. Durante todo o dia 27 de junho (ter\u00e7a-feira), ocorrer\u00e1 a Confer\u00eancia Estadual de Pol\u00edticas P\u00fablicas sobre Drogas, promovida pelo Conselho Estadual de Pol\u00edticas sobre drogas do Rio Grande do Sul (CONED RS) com apoio da Secretaria Estadual [&hellip;]<\/p>\n","protected":false},"author":4,"featured_media":50541,"comment_status":"open","ping_status":"closed","sticky":false,"template":"","format":"standard","meta":{"_jetpack_memberships_contains_paid_content":false,"footnotes":""},"categories":[26],"tags":[],"class_list":["post-50526","post","type-post","status-publish","format-standard","has-post-thumbnail","hentry","category-geral"],"aioseo_notices":[],"jetpack_featured_media_url":"","jetpack_sharing_enabled":true,"jetpack-related-posts":[],"jetpack_shortlink":"https:\/\/wp.me\/pbQjBd-d8W","_links":{"self":[{"href":"https:\/\/www.jornalja.com.br\/arquivo\/wp-json\/wp\/v2\/posts\/50526","targetHints":{"allow":["GET"]}}],"collection":[{"href":"https:\/\/www.jornalja.com.br\/arquivo\/wp-json\/wp\/v2\/posts"}],"about":[{"href":"https:\/\/www.jornalja.com.br\/arquivo\/wp-json\/wp\/v2\/types\/post"}],"author":[{"embeddable":true,"href":"https:\/\/www.jornalja.com.br\/arquivo\/wp-json\/wp\/v2\/users\/4"}],"replies":[{"embeddable":true,"href":"https:\/\/www.jornalja.com.br\/arquivo\/wp-json\/wp\/v2\/comments?post=50526"}],"version-history":[{"count":0,"href":"https:\/\/www.jornalja.com.br\/arquivo\/wp-json\/wp\/v2\/posts\/50526\/revisions"}],"wp:featuredmedia":[{"embeddable":true,"href":"https:\/\/www.jornalja.com.br\/arquivo\/wp-json\/"}],"wp:attachment":[{"href":"https:\/\/www.jornalja.com.br\/arquivo\/wp-json\/wp\/v2\/media?parent=50526"}],"wp:term":[{"taxonomy":"category","embeddable":true,"href":"https:\/\/www.jornalja.com.br\/arquivo\/wp-json\/wp\/v2\/categories?post=50526"},{"taxonomy":"post_tag","embeddable":true,"href":"https:\/\/www.jornalja.com.br\/arquivo\/wp-json\/wp\/v2\/tags?post=50526"}],"curies":[{"name":"wp","href":"https:\/\/api.w.org\/{rel}","templated":true}]}}