{"id":50538,"date":"2017-06-26T17:20:15","date_gmt":"2017-06-26T20:20:15","guid":{"rendered":"https:\/\/www.jornalja.com.br\/?p=50538"},"modified":"2017-06-26T17:20:15","modified_gmt":"2017-06-26T20:20:15","slug":"caso-kiss-apos-pressao-popular-mp-pedira-absolvicao-de-pais-processados-por-promotores","status":"publish","type":"post","link":"https:\/\/www.jornalja.com.br\/arquivo\/caso-kiss-apos-pressao-popular-mp-pedira-absolvicao-de-pais-processados-por-promotores\/","title":{"rendered":"Minist\u00e9rio P\u00fablico pedir\u00e1 absolvi\u00e7\u00e3o de pais de v\u00edtimas da Kiss"},"content":{"rendered":"<p><span class=\"assina\">Tiago Baltz<\/span><br \/>\nNa tarde desta segunda-feira, 26\/06, o procurador-geral de Justi\u00e7a do Rio Grande do Sul, Fabiano Dallazen, informou que ir\u00e1 ingressar na Justi\u00e7a de Santa Maria com um pedido para que sejam absolvidos os quatro pais de v\u00edtimas da Kiss acusados por promotores de cal\u00fania.<br \/>\nAp\u00f3s press\u00e3o popular, o Minist\u00e9rio P\u00fablico quer evitar o constrangimento de que uma condena\u00e7\u00e3o contra algum pai seja proferida antes da senten\u00e7a contra os acusados diretamente pelas 242 mortes ocorridas na trag\u00e9dia da boate Kiss, em 27 de janeiro de 2013.<br \/>\nO procurador-geral n\u00e3o escondeu que pesou na decis\u00e3o a press\u00e3o da opini\u00e3o p\u00fablica, que aumentou nos \u00faltimos dias com <a href=\"https:\/\/www.jornalja.com.br\/campanha-somostodospaiskiss-no-facebook-e-twitter-alcanca-milhares-de-pessoas-em-poucos-dias\/\">campanhas na internet que tiveram apoio de milhares de pessoas<\/a>. Mas, ele disse que a inten\u00e7\u00e3o inicial era preservar o trabalho dos promotores, apontados pelos pais como coniventes com o inc\u00eandio e pouco eficazes na investiga\u00e7\u00e3o.<br \/>\nA decis\u00e3o para pedir a absolvi\u00e7\u00e3o foi tomada ap\u00f3s os desembargadores do Tribunal de Justi\u00e7a (TJ\/RS) analisarem que o processo contra Fl\u00e1vio Jos\u00e9 da Silva n\u00e3o poderia ser extinto. Fl\u00e1vio requereu a chamada \u201cexce\u00e7\u00e3o da verdade\u201d. Defendido pelo advogado Pedro Barcellos Jr, ele tenta provar que n\u00e3o caluniou o promotor e que falou a verdade ao dizer que o Minist\u00e9rio P\u00fablico sabia que a Boate Kiss funcionava em situa\u00e7\u00e3o irregular.<br \/>\nOs desembargadores Rui Portanova e Gelson Rolim Stocker votaram a favor do pai e do recurso, mas o placar final foi de 20 a 2 contra o pai e o processo volta para Santa Maria para a senten\u00e7a.<br \/>\nNesse processo, al\u00e9m de Fl\u00e1vio, vice-presidente da Associa\u00e7\u00e3o de Familiares de V\u00edtimas e Sobreviventes da Trag\u00e9dia de Santa Maria (AVTSM), tamb\u00e9m responde por cal\u00fania S\u00e9rgio da Silva, presidente da AVTSM. A a\u00e7\u00e3o tramita na 4\u00aa Vara Criminal de Santa Maria.<br \/>\n<figure id=\"attachment_50544\" aria-describedby=\"caption-attachment-50544\" style=\"width: 828px\" class=\"wp-caption alignnone\"><img loading=\"lazy\" decoding=\"async\" class=\"wp-image-50544 size-full\" src=\"https:\/\/www.jornalja.com.br\/wp-content\/uploads\/2017\/06\/19225418_1612931508741668_3130228375422935472_n-1.jpg\" alt=\"\" width=\"828\" height=\"315\" \/><figcaption id=\"caption-attachment-50544\" class=\"wp-caption-text\">Quatro pais de v\u00edtimas da trag\u00e9dia de Santa Maria s\u00e3o processados por promotores. Foto Divulga\u00e7\u00e3o<\/figcaption><\/figure><br \/>\nOutros dois pais de v\u00edtimas est\u00e3o sendo processados e podem ter senten\u00e7a a qualquer momento. No processo c\u00edvel contra a m\u00e3e de v\u00edtima, Ir\u00e1 Mour\u00e3o Beuren, conhecida como Marta, desde o dia 2 de junho o juiz Carlos Alberto Ely Fontela, da 3\u00aa Vara C\u00edvel de Santa Maria, est\u00e1 apto para dar uma senten\u00e7a, condenando ou absolvendo a m\u00e3e. Com o pedido do MP, deve agora ser absolvida.<br \/>\nOutro processo pronto para ter senten\u00e7a \u00e9 contra o pai Paulo Carvalho, diretor jur\u00eddico da AVTSM. Ele responde por cal\u00fania e difama\u00e7\u00e3o, em a\u00e7\u00e3o ingressada pelos promotores Joel Dutra e Maur\u00edcio Trevisan. Paulo \u00e9 pai de Rafael Paulo Nunes de Carvalho, que morreu aos 32 anos na trag\u00e9dia da Kiss.<br \/>\n<strong>&#8220;S\u00f3 retiro o que disse quanto eles mostrarem que ir\u00e3o investigar todos os envolvidos&#8221;<\/strong><br \/>\n\u201cAcima de tudo, me sinto mais uma vez injusti\u00e7ado. Perdi minha filha e por querer Justi\u00e7a fui processado. S\u00f3 retiro o que disse quanto eles mostrarem que ir\u00e3o investigar todos os envolvidos. O MP sabia que a Kiss tinha irregularidades, quero que respondam quem teve a culpa na morte desses jovens\u201d, disse Fl\u00e1vio, pai de Andrielle, que morreu na trag\u00e9dia aos 22 anos.<br \/>\nEle e outros 20 familiares de v\u00edtimas estiveram em Porto Alegre para acompanhar a sess\u00e3o do Tribunal de Justi\u00e7a.<\/p>\n","protected":false},"excerpt":{"rendered":"<p>Tiago Baltz Na tarde desta segunda-feira, 26\/06, o procurador-geral de Justi\u00e7a do Rio Grande do Sul, Fabiano Dallazen, informou que ir\u00e1 ingressar na Justi\u00e7a de Santa Maria com um pedido para que sejam absolvidos os quatro pais de v\u00edtimas da Kiss acusados por promotores de cal\u00fania. Ap\u00f3s press\u00e3o popular, o Minist\u00e9rio P\u00fablico quer evitar o [&hellip;]<\/p>\n","protected":false},"author":4,"featured_media":50539,"comment_status":"open","ping_status":"closed","sticky":false,"template":"","format":"standard","meta":{"_jetpack_newsletter_access":"","_jetpack_dont_email_post_to_subs":false,"_jetpack_newsletter_tier_id":0,"_jetpack_memberships_contains_paywalled_content":false,"_jetpack_feature_clip_id":0,"_jetpack_memberships_contains_paid_content":false,"footnotes":"","jetpack_post_was_ever_published":false},"categories":[26],"tags":[],"class_list":["post-50538","post","type-post","status-publish","format-standard","has-post-thumbnail","hentry","category-geral"],"aioseo_notices":[],"aioseo_head":"\n\t\t<!-- All in One SEO 5.0.1.1 - aioseo.com -->\n\t<meta name=\"robots\" content=\"max-image-preview:large\" \/>\n\t<meta name=\"author\" content=\"da Reda\u00e7\u00e3o\"\/>\n\t<link rel=\"canonical\" href=\"https:\/\/www.jornalja.com.br\/arquivo\/caso-kiss-apos-pressao-popular-mp-pedira-absolvicao-de-pais-processados-por-promotores\/\" \/>\n\t<meta name=\"generator\" content=\"All in One SEO (AIOSEO) 5.0.1.1\" \/>\n\t\t<meta property=\"og:locale\" content=\"pt_BR\" \/>\n\t\t<meta property=\"og:site_name\" content=\"Arquivo | Jornal J\u00c1 | Porto Alegre\" \/>\n\t\t<meta property=\"og:type\" content=\"article\" \/>\n\t\t<meta property=\"og:title\" content=\"Minist\u00e9rio P\u00fablico pedir\u00e1 absolvi\u00e7\u00e3o de pais de v\u00edtimas da Kiss | Arquivo\" \/>\n\t\t<meta property=\"og:url\" content=\"https:\/\/www.jornalja.com.br\/arquivo\/caso-kiss-apos-pressao-popular-mp-pedira-absolvicao-de-pais-processados-por-promotores\/\" \/>\n\t\t<meta property=\"og:image\" content=\"https:\/\/www.jornalja.com.br\/wp-content\/uploads\/2017\/06\/19225418_1612931508741668_3130228375422935472_n-1.jpg\" \/>\n\t\t<meta property=\"og:image:secure_url\" content=\"https:\/\/www.jornalja.com.br\/wp-content\/uploads\/2017\/06\/19225418_1612931508741668_3130228375422935472_n-1.jpg\" \/>\n\t\t<meta property=\"article:published_time\" content=\"2017-06-26T20:20:15+00:00\" \/>\n\t\t<meta property=\"article:modified_time\" content=\"2017-06-26T20:20:15+00:00\" \/>\n\t\t<meta name=\"twitter:card\" content=\"summary\" \/>\n\t\t<meta name=\"twitter:title\" content=\"Minist\u00e9rio P\u00fablico pedir\u00e1 absolvi\u00e7\u00e3o de pais de v\u00edtimas da Kiss | Arquivo\" \/>\n\t\t<meta name=\"twitter:image\" content=\"https:\/\/www.jornalja.com.br\/economics\/wp-content\/uploads\/sites\/11\/2026\/08\/ja-folhaderosto-facebook.jpg\" \/>\n\t\t<script type=\"application\/ld+json\" class=\"aioseo-schema\">\n\t\t\t{\"@context\":\"https:\\\/\\\/schema.org\",\"@graph\":[{\"@type\":\"BlogPosting\",\"@id\":\"https:\\\/\\\/www.jornalja.com.br\\\/arquivo\\\/caso-kiss-apos-pressao-popular-mp-pedira-absolvicao-de-pais-processados-por-promotores\\\/#blogposting\",\"name\":\"Minist\\u00e9rio P\\u00fablico pedir\\u00e1 absolvi\\u00e7\\u00e3o de pais de v\\u00edtimas da Kiss | Arquivo\",\"headline\":\"Minist\\u00e9rio P\\u00fablico pedir\\u00e1 absolvi\\u00e7\\u00e3o de pais de v\\u00edtimas da Kiss\",\"author\":{\"@id\":\"https:\\\/\\\/www.jornalja.com.br\\\/arquivo\\\/author\\\/daredacao\\\/#author\"},\"publisher\":{\"@id\":\"https:\\\/\\\/www.jornalja.com.br\\\/arquivo\\\/#organization\"},\"image\":{\"@type\":\"ImageObject\",\"url\":50539},\"datePublished\":\"2017-06-26T17:20:15-03:00\",\"dateModified\":\"2017-06-26T17:20:15-03:00\",\"inLanguage\":\"pt-BR\",\"mainEntityOfPage\":{\"@id\":\"https:\\\/\\\/www.jornalja.com.br\\\/arquivo\\\/caso-kiss-apos-pressao-popular-mp-pedira-absolvicao-de-pais-processados-por-promotores\\\/#webpage\"},\"isPartOf\":{\"@id\":\"https:\\\/\\\/www.jornalja.com.br\\\/arquivo\\\/caso-kiss-apos-pressao-popular-mp-pedira-absolvicao-de-pais-processados-por-promotores\\\/#webpage\"},\"articleSection\":\"Geral\"},{\"@type\":\"BreadcrumbList\",\"@id\":\"https:\\\/\\\/www.jornalja.com.br\\\/arquivo\\\/caso-kiss-apos-pressao-popular-mp-pedira-absolvicao-de-pais-processados-por-promotores\\\/#breadcrumblist\",\"itemListElement\":[{\"@type\":\"ListItem\",\"@id\":\"https:\\\/\\\/www.jornalja.com.br\\\/arquivo#listItem\",\"position\":1,\"name\":\"Home\",\"item\":\"https:\\\/\\\/www.jornalja.com.br\\\/arquivo\",\"nextItem\":{\"@type\":\"ListItem\",\"@id\":\"https:\\\/\\\/www.jornalja.com.br\\\/arquivo\\\/category\\\/geral\\\/#listItem\",\"name\":\"Geral\"}},{\"@type\":\"ListItem\",\"@id\":\"https:\\\/\\\/www.jornalja.com.br\\\/arquivo\\\/category\\\/geral\\\/#listItem\",\"position\":2,\"name\":\"Geral\",\"item\":\"https:\\\/\\\/www.jornalja.com.br\\\/arquivo\\\/category\\\/geral\\\/\",\"nextItem\":{\"@type\":\"ListItem\",\"@id\":\"https:\\\/\\\/www.jornalja.com.br\\\/arquivo\\\/caso-kiss-apos-pressao-popular-mp-pedira-absolvicao-de-pais-processados-por-promotores\\\/#listItem\",\"name\":\"Minist\\u00e9rio P\\u00fablico pedir\\u00e1 absolvi\\u00e7\\u00e3o de pais de v\\u00edtimas da Kiss\"},\"previousItem\":{\"@type\":\"ListItem\",\"@id\":\"https:\\\/\\\/www.jornalja.com.br\\\/arquivo#listItem\",\"name\":\"Home\"}},{\"@type\":\"ListItem\",\"@id\":\"https:\\\/\\\/www.jornalja.com.br\\\/arquivo\\\/caso-kiss-apos-pressao-popular-mp-pedira-absolvicao-de-pais-processados-por-promotores\\\/#listItem\",\"position\":3,\"name\":\"Minist\\u00e9rio P\\u00fablico pedir\\u00e1 absolvi\\u00e7\\u00e3o de pais de v\\u00edtimas da Kiss\",\"previousItem\":{\"@type\":\"ListItem\",\"@id\":\"https:\\\/\\\/www.jornalja.com.br\\\/arquivo\\\/category\\\/geral\\\/#listItem\",\"name\":\"Geral\"}}]},{\"@type\":\"Organization\",\"@id\":\"https:\\\/\\\/www.jornalja.com.br\\\/arquivo\\\/#organization\",\"name\":\"Jornal J\\u00c1\",\"description\":\"Jornal J\\u00c1 | Porto Alegre\",\"url\":\"https:\\\/\\\/www.jornalja.com.br\\\/arquivo\\\/\",\"telephone\":\"+555133307272\",\"logo\":{\"@type\":\"ImageObject\",\"url\":\"https:\\\/\\\/www.jornalja.com.br\\\/wp-content\\\/uploads\\\/cards\\\/JAslogan.png\",\"@id\":\"https:\\\/\\\/www.jornalja.com.br\\\/arquivo\\\/caso-kiss-apos-pressao-popular-mp-pedira-absolvicao-de-pais-processados-por-promotores\\\/#organizationLogo\"},\"image\":{\"@id\":\"https:\\\/\\\/www.jornalja.com.br\\\/arquivo\\\/caso-kiss-apos-pressao-popular-mp-pedira-absolvicao-de-pais-processados-por-promotores\\\/#organizationLogo\"}},{\"@type\":\"Person\",\"@id\":\"https:\\\/\\\/www.jornalja.com.br\\\/arquivo\\\/author\\\/daredacao\\\/#author\",\"url\":\"https:\\\/\\\/www.jornalja.com.br\\\/arquivo\\\/author\\\/daredacao\\\/\",\"name\":\"da Reda\\u00e7\\u00e3o\",\"image\":{\"@type\":\"ImageObject\",\"@id\":\"https:\\\/\\\/www.jornalja.com.br\\\/arquivo\\\/caso-kiss-apos-pressao-popular-mp-pedira-absolvicao-de-pais-processados-por-promotores\\\/#authorImage\",\"url\":\"https:\\\/\\\/secure.gravatar.com\\\/avatar\\\/469fd857d6605ad19919d27ed29d35a968a25f6e8fd9318356bbb7f57aae9c65?s=96&d=mm&r=g\",\"width\":96,\"height\":96,\"caption\":\"da Reda\\u00e7\\u00e3o\"}},{\"@type\":\"WebPage\",\"@id\":\"https:\\\/\\\/www.jornalja.com.br\\\/arquivo\\\/caso-kiss-apos-pressao-popular-mp-pedira-absolvicao-de-pais-processados-por-promotores\\\/#webpage\",\"url\":\"https:\\\/\\\/www.jornalja.com.br\\\/arquivo\\\/caso-kiss-apos-pressao-popular-mp-pedira-absolvicao-de-pais-processados-por-promotores\\\/\",\"name\":\"Minist\\u00e9rio P\\u00fablico pedir\\u00e1 absolvi\\u00e7\\u00e3o de pais de v\\u00edtimas da Kiss | Arquivo\",\"inLanguage\":\"pt-BR\",\"isPartOf\":{\"@id\":\"https:\\\/\\\/www.jornalja.com.br\\\/arquivo\\\/#website\"},\"breadcrumb\":{\"@id\":\"https:\\\/\\\/www.jornalja.com.br\\\/arquivo\\\/caso-kiss-apos-pressao-popular-mp-pedira-absolvicao-de-pais-processados-por-promotores\\\/#breadcrumblist\"},\"author\":{\"@id\":\"https:\\\/\\\/www.jornalja.com.br\\\/arquivo\\\/author\\\/daredacao\\\/#author\"},\"creator\":{\"@id\":\"https:\\\/\\\/www.jornalja.com.br\\\/arquivo\\\/author\\\/daredacao\\\/#author\"},\"image\":{\"@type\":\"ImageObject\",\"url\":50539,\"@id\":\"https:\\\/\\\/www.jornalja.com.br\\\/arquivo\\\/caso-kiss-apos-pressao-popular-mp-pedira-absolvicao-de-pais-processados-por-promotores\\\/#mainImage\"},\"primaryImageOfPage\":{\"@id\":\"https:\\\/\\\/www.jornalja.com.br\\\/arquivo\\\/caso-kiss-apos-pressao-popular-mp-pedira-absolvicao-de-pais-processados-por-promotores\\\/#mainImage\"},\"datePublished\":\"2017-06-26T17:20:15-03:00\",\"dateModified\":\"2017-06-26T17:20:15-03:00\"},{\"@type\":\"WebSite\",\"@id\":\"https:\\\/\\\/www.jornalja.com.br\\\/arquivo\\\/#website\",\"url\":\"https:\\\/\\\/www.jornalja.com.br\\\/arquivo\\\/\",\"name\":\"Arquivo\",\"description\":\"Jornal J\\u00c1 | Porto Alegre\",\"inLanguage\":\"pt-BR\",\"publisher\":{\"@id\":\"https:\\\/\\\/www.jornalja.com.br\\\/arquivo\\\/#organization\"}}]}\n\t\t<\/script>\n\t\t<!-- All in One SEO -->\n\n","aioseo_head_json":{"title":"Minist\u00e9rio P\u00fablico pedir\u00e1 absolvi\u00e7\u00e3o de pais de v\u00edtimas da Kiss | Arquivo","description":"","canonical_url":"https:\/\/www.jornalja.com.br\/arquivo\/caso-kiss-apos-pressao-popular-mp-pedira-absolvicao-de-pais-processados-por-promotores\/","robots":"max-image-preview:large","keywords":"","webmasterTools":{"miscellaneous":""},"schema":{"@context":"https:\/\/schema.org","@graph":[{"@type":"BlogPosting","@id":"https:\/\/www.jornalja.com.br\/arquivo\/caso-kiss-apos-pressao-popular-mp-pedira-absolvicao-de-pais-processados-por-promotores\/#blogposting","name":"Minist\u00e9rio P\u00fablico pedir\u00e1 absolvi\u00e7\u00e3o de pais de v\u00edtimas da Kiss | Arquivo","headline":"Minist\u00e9rio P\u00fablico pedir\u00e1 absolvi\u00e7\u00e3o de pais de v\u00edtimas da Kiss","author":{"@id":"https:\/\/www.jornalja.com.br\/arquivo\/author\/daredacao\/#author"},"publisher":{"@id":"https:\/\/www.jornalja.com.br\/arquivo\/#organization"},"image":{"@type":"ImageObject","url":50539},"datePublished":"2017-06-26T17:20:15-03:00","dateModified":"2017-06-26T17:20:15-03:00","inLanguage":"pt-BR","mainEntityOfPage":{"@id":"https:\/\/www.jornalja.com.br\/arquivo\/caso-kiss-apos-pressao-popular-mp-pedira-absolvicao-de-pais-processados-por-promotores\/#webpage"},"isPartOf":{"@id":"https:\/\/www.jornalja.com.br\/arquivo\/caso-kiss-apos-pressao-popular-mp-pedira-absolvicao-de-pais-processados-por-promotores\/#webpage"},"articleSection":"Geral"},{"@type":"BreadcrumbList","@id":"https:\/\/www.jornalja.com.br\/arquivo\/caso-kiss-apos-pressao-popular-mp-pedira-absolvicao-de-pais-processados-por-promotores\/#breadcrumblist","itemListElement":[{"@type":"ListItem","@id":"https:\/\/www.jornalja.com.br\/arquivo#listItem","position":1,"name":"Home","item":"https:\/\/www.jornalja.com.br\/arquivo","nextItem":{"@type":"ListItem","@id":"https:\/\/www.jornalja.com.br\/arquivo\/category\/geral\/#listItem","name":"Geral"}},{"@type":"ListItem","@id":"https:\/\/www.jornalja.com.br\/arquivo\/category\/geral\/#listItem","position":2,"name":"Geral","item":"https:\/\/www.jornalja.com.br\/arquivo\/category\/geral\/","nextItem":{"@type":"ListItem","@id":"https:\/\/www.jornalja.com.br\/arquivo\/caso-kiss-apos-pressao-popular-mp-pedira-absolvicao-de-pais-processados-por-promotores\/#listItem","name":"Minist\u00e9rio P\u00fablico pedir\u00e1 absolvi\u00e7\u00e3o de pais de v\u00edtimas da Kiss"},"previousItem":{"@type":"ListItem","@id":"https:\/\/www.jornalja.com.br\/arquivo#listItem","name":"Home"}},{"@type":"ListItem","@id":"https:\/\/www.jornalja.com.br\/arquivo\/caso-kiss-apos-pressao-popular-mp-pedira-absolvicao-de-pais-processados-por-promotores\/#listItem","position":3,"name":"Minist\u00e9rio P\u00fablico pedir\u00e1 absolvi\u00e7\u00e3o de pais de v\u00edtimas da Kiss","previousItem":{"@type":"ListItem","@id":"https:\/\/www.jornalja.com.br\/arquivo\/category\/geral\/#listItem","name":"Geral"}}]},{"@type":"Organization","@id":"https:\/\/www.jornalja.com.br\/arquivo\/#organization","name":"Jornal J\u00c1","description":"Jornal J\u00c1 | Porto Alegre","url":"https:\/\/www.jornalja.com.br\/arquivo\/","telephone":"+555133307272","logo":{"@type":"ImageObject","url":"https:\/\/www.jornalja.com.br\/wp-content\/uploads\/cards\/JAslogan.png","@id":"https:\/\/www.jornalja.com.br\/arquivo\/caso-kiss-apos-pressao-popular-mp-pedira-absolvicao-de-pais-processados-por-promotores\/#organizationLogo"},"image":{"@id":"https:\/\/www.jornalja.com.br\/arquivo\/caso-kiss-apos-pressao-popular-mp-pedira-absolvicao-de-pais-processados-por-promotores\/#organizationLogo"}},{"@type":"Person","@id":"https:\/\/www.jornalja.com.br\/arquivo\/author\/daredacao\/#author","url":"https:\/\/www.jornalja.com.br\/arquivo\/author\/daredacao\/","name":"da Reda\u00e7\u00e3o","image":{"@type":"ImageObject","@id":"https:\/\/www.jornalja.com.br\/arquivo\/caso-kiss-apos-pressao-popular-mp-pedira-absolvicao-de-pais-processados-por-promotores\/#authorImage","url":"https:\/\/secure.gravatar.com\/avatar\/469fd857d6605ad19919d27ed29d35a968a25f6e8fd9318356bbb7f57aae9c65?s=96&d=mm&r=g","width":96,"height":96,"caption":"da Reda\u00e7\u00e3o"}},{"@type":"WebPage","@id":"https:\/\/www.jornalja.com.br\/arquivo\/caso-kiss-apos-pressao-popular-mp-pedira-absolvicao-de-pais-processados-por-promotores\/#webpage","url":"https:\/\/www.jornalja.com.br\/arquivo\/caso-kiss-apos-pressao-popular-mp-pedira-absolvicao-de-pais-processados-por-promotores\/","name":"Minist\u00e9rio P\u00fablico pedir\u00e1 absolvi\u00e7\u00e3o de pais de v\u00edtimas da Kiss | Arquivo","inLanguage":"pt-BR","isPartOf":{"@id":"https:\/\/www.jornalja.com.br\/arquivo\/#website"},"breadcrumb":{"@id":"https:\/\/www.jornalja.com.br\/arquivo\/caso-kiss-apos-pressao-popular-mp-pedira-absolvicao-de-pais-processados-por-promotores\/#breadcrumblist"},"author":{"@id":"https:\/\/www.jornalja.com.br\/arquivo\/author\/daredacao\/#author"},"creator":{"@id":"https:\/\/www.jornalja.com.br\/arquivo\/author\/daredacao\/#author"},"image":{"@type":"ImageObject","url":50539,"@id":"https:\/\/www.jornalja.com.br\/arquivo\/caso-kiss-apos-pressao-popular-mp-pedira-absolvicao-de-pais-processados-por-promotores\/#mainImage"},"primaryImageOfPage":{"@id":"https:\/\/www.jornalja.com.br\/arquivo\/caso-kiss-apos-pressao-popular-mp-pedira-absolvicao-de-pais-processados-por-promotores\/#mainImage"},"datePublished":"2017-06-26T17:20:15-03:00","dateModified":"2017-06-26T17:20:15-03:00"},{"@type":"WebSite","@id":"https:\/\/www.jornalja.com.br\/arquivo\/#website","url":"https:\/\/www.jornalja.com.br\/arquivo\/","name":"Arquivo","description":"Jornal J\u00c1 | Porto Alegre","inLanguage":"pt-BR","publisher":{"@id":"https:\/\/www.jornalja.com.br\/arquivo\/#organization"}}]},"og:locale":"pt_BR","og:site_name":"Arquivo | Jornal J\u00c1 | Porto Alegre","og:type":"article","og:title":"Minist\u00e9rio P\u00fablico pedir\u00e1 absolvi\u00e7\u00e3o de pais de v\u00edtimas da Kiss | Arquivo","og:url":"https:\/\/www.jornalja.com.br\/arquivo\/caso-kiss-apos-pressao-popular-mp-pedira-absolvicao-de-pais-processados-por-promotores\/","og:image":"https:\/\/www.jornalja.com.br\/wp-content\/uploads\/2017\/06\/19225418_1612931508741668_3130228375422935472_n-1.jpg","og:image:secure_url":"https:\/\/www.jornalja.com.br\/wp-content\/uploads\/2017\/06\/19225418_1612931508741668_3130228375422935472_n-1.jpg","article:published_time":"2017-06-26T20:20:15+00:00","article:modified_time":"2017-06-26T20:20:15+00:00","twitter:card":"summary","twitter:title":"Minist\u00e9rio P\u00fablico pedir\u00e1 absolvi\u00e7\u00e3o de pais de v\u00edtimas da Kiss | Arquivo","twitter:image":"https:\/\/www.jornalja.com.br\/economics\/wp-content\/uploads\/sites\/11\/2026\/08\/ja-folhaderosto-facebook.jpg"},"aioseo_meta_data":{"post_id":"50538","title":null,"description":null,"keywords":null,"keyphrases":null,"primary_term":null,"canonical_url":null,"og_title":null,"og_description":null,"og_object_type":"default","og_image_type":"default","og_image_url":null,"og_image_width":null,"og_image_height":null,"og_image_custom_url":null,"og_image_custom_fields":null,"og_video":null,"og_custom_url":null,"og_article_section":null,"og_article_tags":null,"twitter_use_og":false,"twitter_card":"default","twitter_image_type":"default","twitter_image_url":null,"twitter_image_custom_url":null,"twitter_image_custom_fields":null,"twitter_title":null,"twitter_description":null,"schema":{"blockGraphs":[],"customGraphs":[],"default":{"data":{"Article":[],"Course":[],"Dataset":[],"FAQPage":[],"Movie":[],"Person":[],"Product":[],"ProductReview":[],"Car":[],"Recipe":[],"Service":[],"SoftwareApplication":[],"WebPage":[]},"graphName":"","isEnabled":true},"graphs":[]},"schema_type":null,"schema_type_options":null,"pillar_content":false,"robots_default":true,"robots_noindex":false,"robots_noarchive":false,"robots_nosnippet":false,"robots_nofollow":false,"robots_noimageindex":false,"robots_noodp":false,"robots_notranslate":false,"robots_max_snippet":null,"robots_max_videopreview":null,"robots_max_imagepreview":"large","priority":null,"frequency":null,"location":null,"local_seo":null,"breadcrumb_settings":null,"limit_modified_date":false,"ai":null,"created":"2020-12-20 20:30:49","updated":"2025-07-19 22:29:32","seo_analyzer_scan_date":null,"focus_keyword":null,"additional_keywords":null,"truseo_locale":null},"jetpack_sharing_enabled":true,"jetpack-related-posts":[{"id":13109,"url":"https:\/\/www.jornalja.com.br\/arquivo\/judiciario-reconhece-poluicao-eletromagnetica\/","url_meta":{"origin":50538,"position":0},"title":"Judici\u00e1rio reconhece polui\u00e7\u00e3o eletromagn\u00e9tica","author":"Patr\u00edcia Marini","date":"16 de maio de 2014","format":false,"excerpt":"A\u00e7\u00e3o de duas associa\u00e7\u00f5es de moradores foi acolhida pelo Tribunal de Justi\u00e7a de S\u00e3o Paulo que. em decis\u00e3o in\u00e9dita, determinou a redu\u00e7\u00e3o do campo eletromagn\u00e9tico gerado pelas linhas de transmiss\u00e3o de energia que cortam os bairros City Boa\u00e7ava e Alto de Pinheiros. \u00c9 a primeira vez que um tribunal do\u2026","rel":"","context":"Em &quot;X.Categorias velhas&quot;","block_context":{"text":"X.Categorias velhas","link":"https:\/\/www.jornalja.com.br\/arquivo\/category\/x-categorias-velhas\/"},"img":{"alt_text":"","src":"","width":0,"height":0},"classes":[]},{"id":13101,"url":"https:\/\/www.jornalja.com.br\/arquivo\/morre-um-guerreiro-do-texto\/","url_meta":{"origin":50538,"position":1},"title":"Morre um guerreiro do texto","author":"Patr\u00edcia Marini","date":"14 de maio de 2014","format":false,"excerpt":"Por Ricardo Kotscho Reproduzido do blog do autor, 11\/5\/2014; t\u00edtulo original \u201cE l\u00e1 se foi o nosso Myltainho, guerreiro do texto\u201d. Mi\u00fado e franzino, meu amigo Myltainho era um valente e inconformado guerreiro na luta contra as injusti\u00e7as sociais, a hipocrisia, as maracutaias, o autoritarismo, a intoler\u00e2ncia, a viol\u00eancia, o\u2026","rel":"","context":"Em &quot;Geral&quot;","block_context":{"text":"Geral","link":"https:\/\/www.jornalja.com.br\/arquivo\/category\/geral\/"},"img":{"alt_text":"","src":"","width":0,"height":0},"classes":[]},{"id":12960,"url":"https:\/\/www.jornalja.com.br\/arquivo\/populacao-culpa-empresas-pela-greve-dos-rodoviarios\/","url_meta":{"origin":50538,"position":2},"title":"Popula\u00e7\u00e3o culpa empresas pela greve","author":"Patr\u00edcia Marini","date":"14 de fevereiro de 2014","format":false,"excerpt":"Pesquisa divulgada na edi\u00e7\u00e3o do jornal Metro desta sexta-feira,14, comprova o velho ditado: \u00e9 poss\u00edvel enganar muitos por algum tempo, mas n\u00e3o \u00e9 poss\u00edvel enganar a todos o tempo inteiro. A principal revela\u00e7\u00e3o foi que 59,8% dos entrevistados apontaram as empresas como as principais respons\u00e1veis pela grave e 46% culparam\u2026","rel":"","context":"Em &quot;X.Categorias velhas&quot;","block_context":{"text":"X.Categorias velhas","link":"https:\/\/www.jornalja.com.br\/arquivo\/category\/x-categorias-velhas\/"},"img":{"alt_text":"","src":"","width":0,"height":0},"classes":[]},{"id":13128,"url":"https:\/\/www.jornalja.com.br\/arquivo\/maconha-terra-diz-que-uso-medicinal-e-desculpa\/","url_meta":{"origin":50538,"position":3},"title":"Maconha: Terra diz que uso medicinal \u00e9 desculpa","author":"Patr\u00edcia Marini","date":"4 de junho de 2014","format":false,"excerpt":"A condi\u00e7\u00e3o de pol\u00edtico, em \u00e9poca de campanha de campanha eleitoral, tira for\u00e7a do discurso do m\u00e9dico Osmar Terra contra a legaliza\u00e7\u00e3o da maconha. A tese dele de que a libera\u00e7\u00e3o vai ampliar exponencialmente o consumo \u00e9 discutivel, o consumo \u00e9 corrente. Mas seus alertas quanto aos riscos tem que\u2026","rel":"","context":"Em &quot;X.Categorias velhas&quot;","block_context":{"text":"X.Categorias velhas","link":"https:\/\/www.jornalja.com.br\/arquivo\/category\/x-categorias-velhas\/"},"img":{"alt_text":"","src":"","width":0,"height":0},"classes":[]},{"id":14241,"url":"https:\/\/www.jornalja.com.br\/arquivo\/o-guaiba-nas-imagens-poeticas-de-achutti\/","url_meta":{"origin":50538,"position":4},"title":"O Gua\u00edba nas imagens po\u00e9ticas de Achutti","author":"da Reda\u00e7\u00e3o","date":"18 de junho de 2014","format":false,"excerpt":"Em \u201cO Gua\u00edba por Achutti\u201d \u2013 obra financiada via Minist\u00e9rio da Cultura, produ\u00e7\u00e3o executiva de Pedro Longhi, e Fl\u00e1vio Wild como designer \u2013, o fot\u00f3grafo revela a beleza e as mazelas de um espa\u00e7o aqu\u00e1tico de \u00e1guas sempre renovadas, cheio de hist\u00f3rias e lendas como as das cidades que foram\u2026","rel":"","context":"Em &quot;Cultura-Geral&quot;","block_context":{"text":"Cultura-Geral","link":"https:\/\/www.jornalja.com.br\/arquivo\/category\/materiasecundaria\/"},"img":{"alt_text":"","src":"","width":0,"height":0},"classes":[]},{"id":13124,"url":"https:\/\/www.jornalja.com.br\/arquivo\/sangue-latino-no-iecine\/","url_meta":{"origin":50538,"position":5},"title":"Sangue latino no IECINE","author":"da Reda\u00e7\u00e3o","date":"18 de maio de 2014","format":false,"excerpt":"Francisco Ribeiro O Instituto Estadual de Cinema (IECINE) tem a frente, desde abril \u00faltimo, um novo diretor, o cineasta colombiano Juan Zapata, 36, que substitui Luiz Alberto Cassol. Radicado h\u00e1 dez anos em Porto Alegre, Zapata tem diante de si o desafio de conduzir at\u00e9 o final do ano um\u2026","rel":"","context":"Em &quot;Cultura-Geral&quot;","block_context":{"text":"Cultura-Geral","link":"https:\/\/www.jornalja.com.br\/arquivo\/category\/materiasecundaria\/"},"img":{"alt_text":"","src":"","width":0,"height":0},"classes":[]}],"jetpack_shortlink":"https:\/\/wp.me\/pbQjBd-d98","jetpack_featured_media_url":"","_links":{"self":[{"href":"https:\/\/www.jornalja.com.br\/arquivo\/wp-json\/wp\/v2\/posts\/50538","targetHints":{"allow":["GET"]}}],"collection":[{"href":"https:\/\/www.jornalja.com.br\/arquivo\/wp-json\/wp\/v2\/posts"}],"about":[{"href":"https:\/\/www.jornalja.com.br\/arquivo\/wp-json\/wp\/v2\/types\/post"}],"author":[{"embeddable":true,"href":"https:\/\/www.jornalja.com.br\/arquivo\/wp-json\/wp\/v2\/users\/4"}],"replies":[{"embeddable":true,"href":"https:\/\/www.jornalja.com.br\/arquivo\/wp-json\/wp\/v2\/comments?post=50538"}],"version-history":[{"count":0,"href":"https:\/\/www.jornalja.com.br\/arquivo\/wp-json\/wp\/v2\/posts\/50538\/revisions"}],"wp:attachment":[{"href":"https:\/\/www.jornalja.com.br\/arquivo\/wp-json\/wp\/v2\/media?parent=50538"}],"wp:term":[{"taxonomy":"category","embeddable":true,"href":"https:\/\/www.jornalja.com.br\/arquivo\/wp-json\/wp\/v2\/categories?post=50538"},{"taxonomy":"post_tag","embeddable":true,"href":"https:\/\/www.jornalja.com.br\/arquivo\/wp-json\/wp\/v2\/tags?post=50538"}],"curies":[{"name":"wp","href":"https:\/\/api.w.org\/{rel}","templated":true}]}}