{"id":50566,"date":"2017-06-26T19:24:44","date_gmt":"2017-06-26T22:24:44","guid":{"rendered":"https:\/\/www.jornalja.com.br\/?p=50566"},"modified":"2017-06-26T19:24:44","modified_gmt":"2017-06-26T22:24:44","slug":"relatorio-aponta-que-houve-tortura-a-estudantes-na-desocupacao-da-sefaz","status":"publish","type":"post","link":"https:\/\/www.jornalja.com.br\/arquivo\/relatorio-aponta-que-houve-tortura-a-estudantes-na-desocupacao-da-sefaz\/","title":{"rendered":"Relat\u00f3rio aponta que houve tortura a estudantes na desocupa\u00e7\u00e3o da Sefaz"},"content":{"rendered":"<p>O Comit\u00ea Estadual Contra a Tortura divulgou nesta segunda-feira, dia 26, relat\u00f3rio com mais de cem p\u00e1ginas onde aponta que houve tortura na desocupa\u00e7\u00e3o da Secretaria Estadual da Fazenda (Sefaz), ocorrida em 15 de junho de 2016.<br \/>\nO documento, elaborado pelo ativista de direitos humanos Carlos C\u00e9sar D\u2019Elia, indica que houve tratamento cruel, desumano e degradante contra os estudantes, a maioria menor de idade.\u00a0Confirma a \u00edntegra do <a href=\"http:\/\/medium.com\/comite-estadual-contra-a-tortura\/comit%C3%AA-estadual-contra-tortura-divulga-relat%C3%B3rio-sobre-a-desocupa%C3%A7%C3%A3o-da-sefaz-2bd6f882be4e\">relat\u00f3rio aqui.<\/a><br \/>\n\u201cA BM for\u00e7ou os jovens a abrirem a boca para jogar o spray de pimenta\u201d, disse.<br \/>\nCitou ainda estudantes levantadas \u00e0 for\u00e7a e revistadas por policiais homens, sem a presen\u00e7a de soldados mulheres.<br \/>\nSobre os maiores de idade presos, o relat\u00f3rio confirma que houve tortura psicol\u00f3gica ao serem encaminhados ao Pres\u00eddio Central.<br \/>\n<span class=\"intertit\">Desocupa\u00e7\u00e3o da Sefaz: ap\u00f3s um ano, \u00a0dez r\u00e9us respondem a processo\u00a0<\/span><br \/>\nNo dia 15 de junho de 2016, um grupo de estudantes ocupou a sede da Secretaria Estadual da Fazenda. O grupo representava parte do movimento que ocupou mais de cem escolas estaduais entre os meses de maio e junho. Na v\u00e9spera, um acordo firmado na Assembleia Legislativa exp\u00f4s uma divis\u00e3o existente desde o in\u00edcio do movimento.<br \/>\nDe um lado, estudantes ligados a entidades como UGES (Uni\u00e3o Ga\u00facha dos Estudantes Secundaristas), Juntos e UJS (Uni\u00e3o da Juventude Socialista) sentaram \u00e0 mesa com deputados da base e da oposi\u00e7\u00e3o e selaram o acordo para o fim das ocupa\u00e7\u00f5es, que \u00e0quela altura j\u00e1 vinham perdendo for\u00e7a. De outro lado, o CEI (Comit\u00ea das Escolas Independentes) n\u00e3o participou da negocia\u00e7\u00e3o e n\u00e3o se sentiu representado pelo acordo.<br \/>\nA manifesta\u00e7\u00e3o na Secretaria da Fazenda foi uma resposta do CEI. Os estudantes pediam uma audi\u00eancia com o governador Jos\u00e9 Ivo Sartori. A resposta veio em forma de um forte aparato policial. Em pouco tempo o pr\u00e9dio estava isolado.<br \/>\nN\u00e3o houve negocia\u00e7\u00e3o. A Brigada fixou prazo de dez minutos para que os estudantes se retirassem. A decis\u00e3o foi ficar at\u00e9 conseguir a audi\u00eancia.<br \/>\nCerca de 40 estudantes sentaram no piso no sagu\u00e3o da Sefaz e deram-se os bra\u00e7os. Os brigadianos arrancaram um a um puxando pelas pernas, bra\u00e7os, roupas. Os sprays de pimenta foram usados indiscriminadamente, diretamente nos rostos dos jovens, a curta dist\u00e2ncia. Durante a retirada, houve relatos de agress\u00f5es contra meninos e meninas.<br \/>\nO saldo da manh\u00e3 foi de 43 pessoas detidas. Entre os detidos, estava <a href=\"https:\/\/www.jornalja.com.br\/da-ocupacao-ao-presidio-central-o-relato-do-reporter\/\">o jornalista Matheus Chaparini, que estava no local a trabalho, cobrindo o ato pelo Jornal J\u00c1<\/a>.<br \/>\nChaparini foi o \u00fanico rep\u00f3rter a entrar no pr\u00e9dio. Al\u00e9m dele, o cineasta Kevin D\u2019arc, que produzia um document\u00e1rio sobre as ocupa\u00e7\u00f5es em diversos estados, tamb\u00e9m foi preso.<br \/>\nOs 33 menores foram conduzidos ao DECA (Departamento Estadual da Crian\u00e7a e do Adolescente) e liberados na presen\u00e7a dos pais. No caso dos menores, a Promotoria da Inf\u00e2ncia e da Juventude do Minist\u00e9rio P\u00fablico arquivou a den\u00fancia.<br \/>\nOs maiores de idade foram conduzidos algemados e acorrentados ao Pres\u00eddio Central, no caso dos homens, e ao Pres\u00eddio Madre Pelletier, no caso das mulheres.<br \/>\nNa Pol\u00edcia Civil, o inqu\u00e9rito ficou a cargo do delegado Omar Abud, que concluiu pelo <a href=\"https:\/\/www.jornalja.com.br\/reporter-e-estudantes-sao-indiciados-por-quatro-crimes\/\">indiciamento por quatro crimes<\/a>: dano qualificado ao patrim\u00f4nio, resist\u00eancia, associa\u00e7\u00e3o criminosa e obstru\u00e7\u00e3o ao trabalho.<br \/>\nNo Minist\u00e9rio P\u00fablico, o promotor Luis Felipe Tessheiner <a href=\"https:\/\/www.jornalja.com.br\/mp-denuncia-dez-por-ocupacao-da-sefaz-entre-eles-o-reporter-do-ja\/\">denunciou os dez por dois crimes<\/a>: dano qualificado e desobedi\u00eancia. A den\u00fancia foi apresentada sem que os acusados fossem ouvidos, ao contr\u00e1rio do compromisso firmado pelo ent\u00e3o sub-procurador de assuntos institucionais do MP, Fabiano Dallazen.<br \/>\nEm julho de 2016, os estudantes realizaram uma manifesta\u00e7\u00e3o em frente \u00e0 sede do \u00f3rg\u00e3o. Dalla Zen recebeu tr\u00eas representantes e <a href=\"https:\/\/www.jornalja.com.br\/mp-vai-ouvir-indiciados-pela-ocupacao-do-predio-da-secretaria-da-fazenda\/\">garantiu que o Minist\u00e9rio P\u00fablico ouviria os envolvidos<\/a> antes de se manifestar, o que n\u00e3o aconteceu.<br \/>\nA ju\u00edza Cl\u00e1udia Junqueira Sulzbach, da 9\u00aa Vara Criminal do Foro Central, acatou a den\u00fancia. Com a abertura do processo criminal, os dez detidos se tornaram r\u00e9us na Justi\u00e7a.<br \/>\nUm ano ap\u00f3s o epis\u00f3dio, os dez maiores continuam respondendo a processo criminal pelos crimes de dano qualificado e desobedi\u00eancia.<br \/>\nO Pres\u00eddio Central teve seu nome alterado para Cadeia P\u00fablica de Porto Alegre. As p\u00e9ssimas condi\u00e7\u00f5es do pres\u00eddio superlotado, que j\u00e1 foi considerado pelo Congresso Nacional como o pior do pa\u00eds, n\u00e3o foram alteradas.<br \/>\nO agente que comandou a opera\u00e7\u00e3o de retirada dos estudantes, o capit\u00e3o Ederson Trajano, foi promovido. Major Trajano segue comandando opera\u00e7\u00f5es policias em manifesta\u00e7\u00f5es pol\u00edticas em Porto Alegre.<br \/>\nO<a href=\"https:\/\/www.jornalja.com.br\/prisao-de-delegado-expoe-envolvimento-de-policiais-com-o-crime\/\"> delegado Omar Abud<\/a>, respons\u00e1vel pelo inqu\u00e9rito policial, foi preso recentemente. Com mais de 20 anos na carreira policial, Abud \u00e9 acusado de financiar uma quadrilha de roubo de cargas.<\/p>\n","protected":false},"excerpt":{"rendered":"<p>O Comit\u00ea Estadual Contra a Tortura divulgou nesta segunda-feira, dia 26, relat\u00f3rio com mais de cem p\u00e1ginas onde aponta que houve tortura na desocupa\u00e7\u00e3o da Secretaria Estadual da Fazenda (Sefaz), ocorrida em 15 de junho de 2016. O documento, elaborado pelo ativista de direitos humanos Carlos C\u00e9sar D\u2019Elia, indica que houve tratamento cruel, desumano e [&hellip;]<\/p>\n","protected":false},"author":4,"featured_media":34888,"comment_status":"open","ping_status":"closed","sticky":false,"template":"","format":"standard","meta":{"_jetpack_newsletter_access":"","_jetpack_dont_email_post_to_subs":false,"_jetpack_newsletter_tier_id":0,"_jetpack_memberships_contains_paywalled_content":false,"_jetpack_feature_clip_id":0,"_jetpack_memberships_contains_paid_content":false,"footnotes":"","jetpack_post_was_ever_published":false},"categories":[26],"tags":[],"class_list":["post-50566","post","type-post","status-publish","format-standard","has-post-thumbnail","hentry","category-geral"],"aioseo_notices":[],"aioseo_head":"\n\t\t<!-- All in One SEO 5.0.1.1 - aioseo.com -->\n\t<meta name=\"robots\" content=\"max-image-preview:large\" \/>\n\t<meta name=\"author\" content=\"da Reda\u00e7\u00e3o\"\/>\n\t<link rel=\"canonical\" href=\"https:\/\/www.jornalja.com.br\/arquivo\/relatorio-aponta-que-houve-tortura-a-estudantes-na-desocupacao-da-sefaz\/\" \/>\n\t<meta name=\"generator\" content=\"All in One SEO (AIOSEO) 5.0.1.1\" \/>\n\t\t<meta property=\"og:locale\" content=\"pt_BR\" \/>\n\t\t<meta property=\"og:site_name\" content=\"Arquivo | Jornal J\u00c1 | Porto Alegre\" \/>\n\t\t<meta property=\"og:type\" content=\"article\" \/>\n\t\t<meta property=\"og:title\" content=\"Relat\u00f3rio aponta que houve tortura a estudantes na desocupa\u00e7\u00e3o da Sefaz | Arquivo\" \/>\n\t\t<meta property=\"og:url\" content=\"https:\/\/www.jornalja.com.br\/arquivo\/relatorio-aponta-que-houve-tortura-a-estudantes-na-desocupacao-da-sefaz\/\" \/>\n\t\t<meta property=\"og:image\" content=\"https:\/\/www.jornalja.com.br\/economics\/wp-content\/uploads\/sites\/11\/2026\/08\/ja-folhaderosto-facebook.jpg\" \/>\n\t\t<meta property=\"og:image:secure_url\" content=\"https:\/\/www.jornalja.com.br\/economics\/wp-content\/uploads\/sites\/11\/2026\/08\/ja-folhaderosto-facebook.jpg\" \/>\n\t\t<meta property=\"article:published_time\" content=\"2017-06-26T22:24:44+00:00\" \/>\n\t\t<meta property=\"article:modified_time\" content=\"2017-06-26T22:24:44+00:00\" \/>\n\t\t<meta name=\"twitter:card\" content=\"summary\" \/>\n\t\t<meta name=\"twitter:title\" content=\"Relat\u00f3rio aponta que houve tortura a estudantes na desocupa\u00e7\u00e3o da Sefaz | Arquivo\" \/>\n\t\t<meta name=\"twitter:image\" content=\"https:\/\/www.jornalja.com.br\/economics\/wp-content\/uploads\/sites\/11\/2026\/08\/ja-folhaderosto-facebook.jpg\" \/>\n\t\t<script type=\"application\/ld+json\" class=\"aioseo-schema\">\n\t\t\t{\"@context\":\"https:\\\/\\\/schema.org\",\"@graph\":[{\"@type\":\"BlogPosting\",\"@id\":\"https:\\\/\\\/www.jornalja.com.br\\\/arquivo\\\/relatorio-aponta-que-houve-tortura-a-estudantes-na-desocupacao-da-sefaz\\\/#blogposting\",\"name\":\"Relat\\u00f3rio aponta que houve tortura a estudantes na desocupa\\u00e7\\u00e3o da Sefaz | Arquivo\",\"headline\":\"Relat\\u00f3rio aponta que houve tortura a estudantes na desocupa\\u00e7\\u00e3o da Sefaz\",\"author\":{\"@id\":\"https:\\\/\\\/www.jornalja.com.br\\\/arquivo\\\/author\\\/daredacao\\\/#author\"},\"publisher\":{\"@id\":\"https:\\\/\\\/www.jornalja.com.br\\\/arquivo\\\/#organization\"},\"image\":{\"@type\":\"ImageObject\",\"url\":34888},\"datePublished\":\"2017-06-26T19:24:44-03:00\",\"dateModified\":\"2017-06-26T19:24:44-03:00\",\"inLanguage\":\"pt-BR\",\"mainEntityOfPage\":{\"@id\":\"https:\\\/\\\/www.jornalja.com.br\\\/arquivo\\\/relatorio-aponta-que-houve-tortura-a-estudantes-na-desocupacao-da-sefaz\\\/#webpage\"},\"isPartOf\":{\"@id\":\"https:\\\/\\\/www.jornalja.com.br\\\/arquivo\\\/relatorio-aponta-que-houve-tortura-a-estudantes-na-desocupacao-da-sefaz\\\/#webpage\"},\"articleSection\":\"Geral\"},{\"@type\":\"BreadcrumbList\",\"@id\":\"https:\\\/\\\/www.jornalja.com.br\\\/arquivo\\\/relatorio-aponta-que-houve-tortura-a-estudantes-na-desocupacao-da-sefaz\\\/#breadcrumblist\",\"itemListElement\":[{\"@type\":\"ListItem\",\"@id\":\"https:\\\/\\\/www.jornalja.com.br\\\/arquivo#listItem\",\"position\":1,\"name\":\"Home\",\"item\":\"https:\\\/\\\/www.jornalja.com.br\\\/arquivo\",\"nextItem\":{\"@type\":\"ListItem\",\"@id\":\"https:\\\/\\\/www.jornalja.com.br\\\/arquivo\\\/category\\\/geral\\\/#listItem\",\"name\":\"Geral\"}},{\"@type\":\"ListItem\",\"@id\":\"https:\\\/\\\/www.jornalja.com.br\\\/arquivo\\\/category\\\/geral\\\/#listItem\",\"position\":2,\"name\":\"Geral\",\"item\":\"https:\\\/\\\/www.jornalja.com.br\\\/arquivo\\\/category\\\/geral\\\/\",\"nextItem\":{\"@type\":\"ListItem\",\"@id\":\"https:\\\/\\\/www.jornalja.com.br\\\/arquivo\\\/relatorio-aponta-que-houve-tortura-a-estudantes-na-desocupacao-da-sefaz\\\/#listItem\",\"name\":\"Relat\\u00f3rio aponta que houve tortura a estudantes na desocupa\\u00e7\\u00e3o da Sefaz\"},\"previousItem\":{\"@type\":\"ListItem\",\"@id\":\"https:\\\/\\\/www.jornalja.com.br\\\/arquivo#listItem\",\"name\":\"Home\"}},{\"@type\":\"ListItem\",\"@id\":\"https:\\\/\\\/www.jornalja.com.br\\\/arquivo\\\/relatorio-aponta-que-houve-tortura-a-estudantes-na-desocupacao-da-sefaz\\\/#listItem\",\"position\":3,\"name\":\"Relat\\u00f3rio aponta que houve tortura a estudantes na desocupa\\u00e7\\u00e3o da Sefaz\",\"previousItem\":{\"@type\":\"ListItem\",\"@id\":\"https:\\\/\\\/www.jornalja.com.br\\\/arquivo\\\/category\\\/geral\\\/#listItem\",\"name\":\"Geral\"}}]},{\"@type\":\"Organization\",\"@id\":\"https:\\\/\\\/www.jornalja.com.br\\\/arquivo\\\/#organization\",\"name\":\"Jornal J\\u00c1\",\"description\":\"Jornal J\\u00c1 | Porto Alegre\",\"url\":\"https:\\\/\\\/www.jornalja.com.br\\\/arquivo\\\/\",\"telephone\":\"+555133307272\",\"logo\":{\"@type\":\"ImageObject\",\"url\":\"https:\\\/\\\/www.jornalja.com.br\\\/wp-content\\\/uploads\\\/cards\\\/JAslogan.png\",\"@id\":\"https:\\\/\\\/www.jornalja.com.br\\\/arquivo\\\/relatorio-aponta-que-houve-tortura-a-estudantes-na-desocupacao-da-sefaz\\\/#organizationLogo\"},\"image\":{\"@id\":\"https:\\\/\\\/www.jornalja.com.br\\\/arquivo\\\/relatorio-aponta-que-houve-tortura-a-estudantes-na-desocupacao-da-sefaz\\\/#organizationLogo\"}},{\"@type\":\"Person\",\"@id\":\"https:\\\/\\\/www.jornalja.com.br\\\/arquivo\\\/author\\\/daredacao\\\/#author\",\"url\":\"https:\\\/\\\/www.jornalja.com.br\\\/arquivo\\\/author\\\/daredacao\\\/\",\"name\":\"da Reda\\u00e7\\u00e3o\",\"image\":{\"@type\":\"ImageObject\",\"@id\":\"https:\\\/\\\/www.jornalja.com.br\\\/arquivo\\\/relatorio-aponta-que-houve-tortura-a-estudantes-na-desocupacao-da-sefaz\\\/#authorImage\",\"url\":\"https:\\\/\\\/secure.gravatar.com\\\/avatar\\\/469fd857d6605ad19919d27ed29d35a968a25f6e8fd9318356bbb7f57aae9c65?s=96&d=mm&r=g\",\"width\":96,\"height\":96,\"caption\":\"da Reda\\u00e7\\u00e3o\"}},{\"@type\":\"WebPage\",\"@id\":\"https:\\\/\\\/www.jornalja.com.br\\\/arquivo\\\/relatorio-aponta-que-houve-tortura-a-estudantes-na-desocupacao-da-sefaz\\\/#webpage\",\"url\":\"https:\\\/\\\/www.jornalja.com.br\\\/arquivo\\\/relatorio-aponta-que-houve-tortura-a-estudantes-na-desocupacao-da-sefaz\\\/\",\"name\":\"Relat\\u00f3rio aponta que houve tortura a estudantes na desocupa\\u00e7\\u00e3o da Sefaz | Arquivo\",\"inLanguage\":\"pt-BR\",\"isPartOf\":{\"@id\":\"https:\\\/\\\/www.jornalja.com.br\\\/arquivo\\\/#website\"},\"breadcrumb\":{\"@id\":\"https:\\\/\\\/www.jornalja.com.br\\\/arquivo\\\/relatorio-aponta-que-houve-tortura-a-estudantes-na-desocupacao-da-sefaz\\\/#breadcrumblist\"},\"author\":{\"@id\":\"https:\\\/\\\/www.jornalja.com.br\\\/arquivo\\\/author\\\/daredacao\\\/#author\"},\"creator\":{\"@id\":\"https:\\\/\\\/www.jornalja.com.br\\\/arquivo\\\/author\\\/daredacao\\\/#author\"},\"image\":{\"@type\":\"ImageObject\",\"url\":34888,\"@id\":\"https:\\\/\\\/www.jornalja.com.br\\\/arquivo\\\/relatorio-aponta-que-houve-tortura-a-estudantes-na-desocupacao-da-sefaz\\\/#mainImage\"},\"primaryImageOfPage\":{\"@id\":\"https:\\\/\\\/www.jornalja.com.br\\\/arquivo\\\/relatorio-aponta-que-houve-tortura-a-estudantes-na-desocupacao-da-sefaz\\\/#mainImage\"},\"datePublished\":\"2017-06-26T19:24:44-03:00\",\"dateModified\":\"2017-06-26T19:24:44-03:00\"},{\"@type\":\"WebSite\",\"@id\":\"https:\\\/\\\/www.jornalja.com.br\\\/arquivo\\\/#website\",\"url\":\"https:\\\/\\\/www.jornalja.com.br\\\/arquivo\\\/\",\"name\":\"Arquivo\",\"description\":\"Jornal J\\u00c1 | Porto Alegre\",\"inLanguage\":\"pt-BR\",\"publisher\":{\"@id\":\"https:\\\/\\\/www.jornalja.com.br\\\/arquivo\\\/#organization\"}}]}\n\t\t<\/script>\n\t\t<!-- All in One SEO -->\n\n","aioseo_head_json":{"title":"Relat\u00f3rio aponta que houve tortura a estudantes na desocupa\u00e7\u00e3o da Sefaz | Arquivo","description":"","canonical_url":"https:\/\/www.jornalja.com.br\/arquivo\/relatorio-aponta-que-houve-tortura-a-estudantes-na-desocupacao-da-sefaz\/","robots":"max-image-preview:large","keywords":"","webmasterTools":{"miscellaneous":""},"schema":{"@context":"https:\/\/schema.org","@graph":[{"@type":"BlogPosting","@id":"https:\/\/www.jornalja.com.br\/arquivo\/relatorio-aponta-que-houve-tortura-a-estudantes-na-desocupacao-da-sefaz\/#blogposting","name":"Relat\u00f3rio aponta que houve tortura a estudantes na desocupa\u00e7\u00e3o da Sefaz | Arquivo","headline":"Relat\u00f3rio aponta que houve tortura a estudantes na desocupa\u00e7\u00e3o da Sefaz","author":{"@id":"https:\/\/www.jornalja.com.br\/arquivo\/author\/daredacao\/#author"},"publisher":{"@id":"https:\/\/www.jornalja.com.br\/arquivo\/#organization"},"image":{"@type":"ImageObject","url":34888},"datePublished":"2017-06-26T19:24:44-03:00","dateModified":"2017-06-26T19:24:44-03:00","inLanguage":"pt-BR","mainEntityOfPage":{"@id":"https:\/\/www.jornalja.com.br\/arquivo\/relatorio-aponta-que-houve-tortura-a-estudantes-na-desocupacao-da-sefaz\/#webpage"},"isPartOf":{"@id":"https:\/\/www.jornalja.com.br\/arquivo\/relatorio-aponta-que-houve-tortura-a-estudantes-na-desocupacao-da-sefaz\/#webpage"},"articleSection":"Geral"},{"@type":"BreadcrumbList","@id":"https:\/\/www.jornalja.com.br\/arquivo\/relatorio-aponta-que-houve-tortura-a-estudantes-na-desocupacao-da-sefaz\/#breadcrumblist","itemListElement":[{"@type":"ListItem","@id":"https:\/\/www.jornalja.com.br\/arquivo#listItem","position":1,"name":"Home","item":"https:\/\/www.jornalja.com.br\/arquivo","nextItem":{"@type":"ListItem","@id":"https:\/\/www.jornalja.com.br\/arquivo\/category\/geral\/#listItem","name":"Geral"}},{"@type":"ListItem","@id":"https:\/\/www.jornalja.com.br\/arquivo\/category\/geral\/#listItem","position":2,"name":"Geral","item":"https:\/\/www.jornalja.com.br\/arquivo\/category\/geral\/","nextItem":{"@type":"ListItem","@id":"https:\/\/www.jornalja.com.br\/arquivo\/relatorio-aponta-que-houve-tortura-a-estudantes-na-desocupacao-da-sefaz\/#listItem","name":"Relat\u00f3rio aponta que houve tortura a estudantes na desocupa\u00e7\u00e3o da Sefaz"},"previousItem":{"@type":"ListItem","@id":"https:\/\/www.jornalja.com.br\/arquivo#listItem","name":"Home"}},{"@type":"ListItem","@id":"https:\/\/www.jornalja.com.br\/arquivo\/relatorio-aponta-que-houve-tortura-a-estudantes-na-desocupacao-da-sefaz\/#listItem","position":3,"name":"Relat\u00f3rio aponta que houve tortura a estudantes na desocupa\u00e7\u00e3o da Sefaz","previousItem":{"@type":"ListItem","@id":"https:\/\/www.jornalja.com.br\/arquivo\/category\/geral\/#listItem","name":"Geral"}}]},{"@type":"Organization","@id":"https:\/\/www.jornalja.com.br\/arquivo\/#organization","name":"Jornal J\u00c1","description":"Jornal J\u00c1 | Porto Alegre","url":"https:\/\/www.jornalja.com.br\/arquivo\/","telephone":"+555133307272","logo":{"@type":"ImageObject","url":"https:\/\/www.jornalja.com.br\/wp-content\/uploads\/cards\/JAslogan.png","@id":"https:\/\/www.jornalja.com.br\/arquivo\/relatorio-aponta-que-houve-tortura-a-estudantes-na-desocupacao-da-sefaz\/#organizationLogo"},"image":{"@id":"https:\/\/www.jornalja.com.br\/arquivo\/relatorio-aponta-que-houve-tortura-a-estudantes-na-desocupacao-da-sefaz\/#organizationLogo"}},{"@type":"Person","@id":"https:\/\/www.jornalja.com.br\/arquivo\/author\/daredacao\/#author","url":"https:\/\/www.jornalja.com.br\/arquivo\/author\/daredacao\/","name":"da Reda\u00e7\u00e3o","image":{"@type":"ImageObject","@id":"https:\/\/www.jornalja.com.br\/arquivo\/relatorio-aponta-que-houve-tortura-a-estudantes-na-desocupacao-da-sefaz\/#authorImage","url":"https:\/\/secure.gravatar.com\/avatar\/469fd857d6605ad19919d27ed29d35a968a25f6e8fd9318356bbb7f57aae9c65?s=96&d=mm&r=g","width":96,"height":96,"caption":"da Reda\u00e7\u00e3o"}},{"@type":"WebPage","@id":"https:\/\/www.jornalja.com.br\/arquivo\/relatorio-aponta-que-houve-tortura-a-estudantes-na-desocupacao-da-sefaz\/#webpage","url":"https:\/\/www.jornalja.com.br\/arquivo\/relatorio-aponta-que-houve-tortura-a-estudantes-na-desocupacao-da-sefaz\/","name":"Relat\u00f3rio aponta que houve tortura a estudantes na desocupa\u00e7\u00e3o da Sefaz | Arquivo","inLanguage":"pt-BR","isPartOf":{"@id":"https:\/\/www.jornalja.com.br\/arquivo\/#website"},"breadcrumb":{"@id":"https:\/\/www.jornalja.com.br\/arquivo\/relatorio-aponta-que-houve-tortura-a-estudantes-na-desocupacao-da-sefaz\/#breadcrumblist"},"author":{"@id":"https:\/\/www.jornalja.com.br\/arquivo\/author\/daredacao\/#author"},"creator":{"@id":"https:\/\/www.jornalja.com.br\/arquivo\/author\/daredacao\/#author"},"image":{"@type":"ImageObject","url":34888,"@id":"https:\/\/www.jornalja.com.br\/arquivo\/relatorio-aponta-que-houve-tortura-a-estudantes-na-desocupacao-da-sefaz\/#mainImage"},"primaryImageOfPage":{"@id":"https:\/\/www.jornalja.com.br\/arquivo\/relatorio-aponta-que-houve-tortura-a-estudantes-na-desocupacao-da-sefaz\/#mainImage"},"datePublished":"2017-06-26T19:24:44-03:00","dateModified":"2017-06-26T19:24:44-03:00"},{"@type":"WebSite","@id":"https:\/\/www.jornalja.com.br\/arquivo\/#website","url":"https:\/\/www.jornalja.com.br\/arquivo\/","name":"Arquivo","description":"Jornal J\u00c1 | Porto Alegre","inLanguage":"pt-BR","publisher":{"@id":"https:\/\/www.jornalja.com.br\/arquivo\/#organization"}}]},"og:locale":"pt_BR","og:site_name":"Arquivo | Jornal J\u00c1 | Porto Alegre","og:type":"article","og:title":"Relat\u00f3rio aponta que houve tortura a estudantes na desocupa\u00e7\u00e3o da Sefaz | Arquivo","og:url":"https:\/\/www.jornalja.com.br\/arquivo\/relatorio-aponta-que-houve-tortura-a-estudantes-na-desocupacao-da-sefaz\/","og:image":"https:\/\/www.jornalja.com.br\/economics\/wp-content\/uploads\/sites\/11\/2026\/08\/ja-folhaderosto-facebook.jpg","og:image:secure_url":"https:\/\/www.jornalja.com.br\/economics\/wp-content\/uploads\/sites\/11\/2026\/08\/ja-folhaderosto-facebook.jpg","article:published_time":"2017-06-26T22:24:44+00:00","article:modified_time":"2017-06-26T22:24:44+00:00","twitter:card":"summary","twitter:title":"Relat\u00f3rio aponta que houve tortura a estudantes na desocupa\u00e7\u00e3o da Sefaz | Arquivo","twitter:image":"https:\/\/www.jornalja.com.br\/economics\/wp-content\/uploads\/sites\/11\/2026\/08\/ja-folhaderosto-facebook.jpg"},"aioseo_meta_data":{"post_id":"50566","title":null,"description":null,"keywords":null,"keyphrases":null,"primary_term":null,"canonical_url":null,"og_title":null,"og_description":null,"og_object_type":"default","og_image_type":"default","og_image_url":null,"og_image_width":null,"og_image_height":null,"og_image_custom_url":null,"og_image_custom_fields":null,"og_video":null,"og_custom_url":null,"og_article_section":null,"og_article_tags":null,"twitter_use_og":false,"twitter_card":"default","twitter_image_type":"default","twitter_image_url":null,"twitter_image_custom_url":null,"twitter_image_custom_fields":null,"twitter_title":null,"twitter_description":null,"schema":{"blockGraphs":[],"customGraphs":[],"default":{"data":{"Article":[],"Course":[],"Dataset":[],"FAQPage":[],"Movie":[],"Person":[],"Product":[],"ProductReview":[],"Car":[],"Recipe":[],"Service":[],"SoftwareApplication":[],"WebPage":[]},"graphName":"","isEnabled":true},"graphs":[]},"schema_type":null,"schema_type_options":null,"pillar_content":false,"robots_default":true,"robots_noindex":false,"robots_noarchive":false,"robots_nosnippet":false,"robots_nofollow":false,"robots_noimageindex":false,"robots_noodp":false,"robots_notranslate":false,"robots_max_snippet":null,"robots_max_videopreview":null,"robots_max_imagepreview":"large","priority":null,"frequency":null,"location":null,"local_seo":null,"breadcrumb_settings":null,"limit_modified_date":false,"ai":null,"created":"2020-12-20 20:30:49","updated":"2025-07-19 22:30:21","seo_analyzer_scan_date":null,"focus_keyword":null,"additional_keywords":null,"truseo_locale":null},"jetpack_sharing_enabled":true,"jetpack-related-posts":[{"id":5440,"url":"https:\/\/www.jornalja.com.br\/arquivo\/casarao-da-venancio-destino-permanece-incerto\/","url_meta":{"origin":50566,"position":0},"title":"Estado ainda n\u00e3o sabe o que fazer com casar\u00e3o abandonado h\u00e1 20 anos","author":"Elmar Bones","date":"6 de julho de 2009","format":false,"excerpt":"O casar\u00e3o amarelo, numa esquina nobre de Porto Alegre (Ven\u00e2ncio Aires com Jo\u00e3o Pessoa), j\u00e1 abrigou uma escola. H\u00e1 duas d\u00e9cadas, pelo menos, est\u00e1 abandonado, porque seu propriet\u00e1rio, o governo do Estado do Rio Grande do Sul, n\u00e3o consegue achar um destino para ele. Planos n\u00e3o faltaram. O governador Ol\u00edvio\u2026","rel":"","context":"Em &quot;X.Categorias velhas&quot;","block_context":{"text":"X.Categorias velhas","link":"https:\/\/www.jornalja.com.br\/arquivo\/category\/x-categorias-velhas\/"},"img":{"alt_text":"geraldo1","src":"https:\/\/i0.wp.com\/www.jornalja.com.br\/wp-content\/uploads\/2009\/07\/geraldo1.jpg?resize=350%2C200&ssl=1","width":350,"height":200},"classes":[]},{"id":13128,"url":"https:\/\/www.jornalja.com.br\/arquivo\/maconha-terra-diz-que-uso-medicinal-e-desculpa\/","url_meta":{"origin":50566,"position":1},"title":"Maconha: Terra diz que uso medicinal \u00e9 desculpa","author":"Patr\u00edcia Marini","date":"4 de junho de 2014","format":false,"excerpt":"A condi\u00e7\u00e3o de pol\u00edtico, em \u00e9poca de campanha de campanha eleitoral, tira for\u00e7a do discurso do m\u00e9dico Osmar Terra contra a legaliza\u00e7\u00e3o da maconha. A tese dele de que a libera\u00e7\u00e3o vai ampliar exponencialmente o consumo \u00e9 discutivel, o consumo \u00e9 corrente. Mas seus alertas quanto aos riscos tem que\u2026","rel":"","context":"Em &quot;X.Categorias velhas&quot;","block_context":{"text":"X.Categorias velhas","link":"https:\/\/www.jornalja.com.br\/arquivo\/category\/x-categorias-velhas\/"},"img":{"alt_text":"","src":"","width":0,"height":0},"classes":[]},{"id":12960,"url":"https:\/\/www.jornalja.com.br\/arquivo\/populacao-culpa-empresas-pela-greve-dos-rodoviarios\/","url_meta":{"origin":50566,"position":2},"title":"Popula\u00e7\u00e3o culpa empresas pela greve","author":"Patr\u00edcia Marini","date":"14 de fevereiro de 2014","format":false,"excerpt":"Pesquisa divulgada na edi\u00e7\u00e3o do jornal Metro desta sexta-feira,14, comprova o velho ditado: \u00e9 poss\u00edvel enganar muitos por algum tempo, mas n\u00e3o \u00e9 poss\u00edvel enganar a todos o tempo inteiro. A principal revela\u00e7\u00e3o foi que 59,8% dos entrevistados apontaram as empresas como as principais respons\u00e1veis pela grave e 46% culparam\u2026","rel":"","context":"Em &quot;X.Categorias velhas&quot;","block_context":{"text":"X.Categorias velhas","link":"https:\/\/www.jornalja.com.br\/arquivo\/category\/x-categorias-velhas\/"},"img":{"alt_text":"","src":"","width":0,"height":0},"classes":[]},{"id":13240,"url":"https:\/\/www.jornalja.com.br\/arquivo\/plano-diretor-estamos-construindo-o-caos\/","url_meta":{"origin":50566,"position":3},"title":"Plano diretor: &quot;Estamos construindo o caos&quot;","author":"Patr\u00edcia Marini","date":"26 de maio de 2014","format":false,"excerpt":"Desabafo que arquiteta Eliana Castilhos, delegada da Regi\u00e3o de Planejamento 1, postou nas redes sociais \u00e9 um testemunho do ambiente que se criou no Conselho do Plano Diretor de Porto Alegre, onde a aprova\u00e7\u00e3o de grandes empreendimentos \u00e9 empurrada guela abaixo dos conselheiros. Ao CMDUA Como delegada da Regi\u00e3o de\u2026","rel":"","context":"Em &quot;Geral&quot;","block_context":{"text":"Geral","link":"https:\/\/www.jornalja.com.br\/arquivo\/category\/geral\/"},"img":{"alt_text":"","src":"","width":0,"height":0},"classes":[]},{"id":13109,"url":"https:\/\/www.jornalja.com.br\/arquivo\/judiciario-reconhece-poluicao-eletromagnetica\/","url_meta":{"origin":50566,"position":4},"title":"Judici\u00e1rio reconhece polui\u00e7\u00e3o eletromagn\u00e9tica","author":"Patr\u00edcia Marini","date":"16 de maio de 2014","format":false,"excerpt":"A\u00e7\u00e3o de duas associa\u00e7\u00f5es de moradores foi acolhida pelo Tribunal de Justi\u00e7a de S\u00e3o Paulo que. em decis\u00e3o in\u00e9dita, determinou a redu\u00e7\u00e3o do campo eletromagn\u00e9tico gerado pelas linhas de transmiss\u00e3o de energia que cortam os bairros City Boa\u00e7ava e Alto de Pinheiros. \u00c9 a primeira vez que um tribunal do\u2026","rel":"","context":"Em &quot;X.Categorias velhas&quot;","block_context":{"text":"X.Categorias velhas","link":"https:\/\/www.jornalja.com.br\/arquivo\/category\/x-categorias-velhas\/"},"img":{"alt_text":"","src":"","width":0,"height":0},"classes":[]},{"id":13239,"url":"https:\/\/www.jornalja.com.br\/arquivo\/conselho-desdenha-do-plano-diretor\/","url_meta":{"origin":50566,"position":5},"title":"Porto Alegre: Conselho detona Plano Diretor","author":"Patr\u00edcia Marini","date":"25 de maio de 2014","format":false,"excerpt":"Den\u00fancia do arquiteto e \u00a0urbanista Ibir\u00e1 Santos Lucas. Ele diz que os conselheiros est\u00e3o votando com \"enorme irresponsabilidade\". \"Mudam regime com a maior naturalidade,,,regularizam absurdos de constru\u00e7\u00f5es irregulares... \"O CMDUA est\u00e1 flexibilizando a lei do plano diretor, de uma forma impactante na vida da cidade. Mudam regime com a maior\u2026","rel":"","context":"Em &quot;Geral&quot;","block_context":{"text":"Geral","link":"https:\/\/www.jornalja.com.br\/arquivo\/category\/geral\/"},"img":{"alt_text":"","src":"","width":0,"height":0},"classes":[]}],"jetpack_shortlink":"https:\/\/wp.me\/pbQjBd-d9A","jetpack_featured_media_url":"","_links":{"self":[{"href":"https:\/\/www.jornalja.com.br\/arquivo\/wp-json\/wp\/v2\/posts\/50566","targetHints":{"allow":["GET"]}}],"collection":[{"href":"https:\/\/www.jornalja.com.br\/arquivo\/wp-json\/wp\/v2\/posts"}],"about":[{"href":"https:\/\/www.jornalja.com.br\/arquivo\/wp-json\/wp\/v2\/types\/post"}],"author":[{"embeddable":true,"href":"https:\/\/www.jornalja.com.br\/arquivo\/wp-json\/wp\/v2\/users\/4"}],"replies":[{"embeddable":true,"href":"https:\/\/www.jornalja.com.br\/arquivo\/wp-json\/wp\/v2\/comments?post=50566"}],"version-history":[{"count":0,"href":"https:\/\/www.jornalja.com.br\/arquivo\/wp-json\/wp\/v2\/posts\/50566\/revisions"}],"wp:attachment":[{"href":"https:\/\/www.jornalja.com.br\/arquivo\/wp-json\/wp\/v2\/media?parent=50566"}],"wp:term":[{"taxonomy":"category","embeddable":true,"href":"https:\/\/www.jornalja.com.br\/arquivo\/wp-json\/wp\/v2\/categories?post=50566"},{"taxonomy":"post_tag","embeddable":true,"href":"https:\/\/www.jornalja.com.br\/arquivo\/wp-json\/wp\/v2\/tags?post=50566"}],"curies":[{"name":"wp","href":"https:\/\/api.w.org\/{rel}","templated":true}]}}