{"id":50579,"date":"2017-06-27T10:11:29","date_gmt":"2017-06-27T13:11:29","guid":{"rendered":"https:\/\/www.jornalja.com.br\/?p=50579"},"modified":"2017-06-27T10:11:29","modified_gmt":"2017-06-27T13:11:29","slug":"dia-do-orgulho-gay-nesta-quarta-tera-musica-e-servicos-na-esquina-democratica","status":"publish","type":"post","link":"https:\/\/www.jornalja.com.br\/arquivo\/dia-do-orgulho-gay-nesta-quarta-tera-musica-e-servicos-na-esquina-democratica\/","title":{"rendered":"Dia do Orgulho Gay nesta quarta ter\u00e1 musica e servi\u00e7os na Esquina Democr\u00e1tica"},"content":{"rendered":"<p>Nesta quarta-feira, 28, a partir das 11 horas, a Esquina Democr\u00e1tica ser\u00e1 transformada num grande centro de servi\u00e7os para o p\u00fablico LGBTI (L\u00e9sbicas, Gays, Bissexuais, Transg\u00eaneros e Intersexuais), marcando a passagem do Dia do Orgulho Gay.<br \/>\nA Secretaria Municipal da Sa\u00fade (SMS) far\u00e1 o cadastro de Nome Social no Cart\u00e3o SUS para transexuais e travestis e a Defensoria P\u00fablica do Estado realiza o encaminhamento da retifica\u00e7\u00e3o do nome civil \u00a0para o p\u00fablico LGBTI. Tamb\u00e9m ser\u00e3o colhidas assinaturas para o Estatuto da Diversidade.<br \/>\nDentre as atra\u00e7\u00f5es art\u00edsticas as presen\u00e7as do DJ Will Dreher e show de Sylvinha Brasil. A atividade far\u00e1, ainda, arrecada\u00e7\u00e3o de doa\u00e7\u00f5es para a Campanha do Agasalho 2017 da prefeitura.<\/p>\n<div>&#8220;Temos o compromisso de levar a todos do segmento LGBT os servi\u00e7os p\u00fablicos que preservem os direitos de cidad\u00e3os dos LGBTs&#8221;, afirma o coordenador da Diversidade Sexual da Secretaria Municipal de Desenvolvimento Social (SMDS), Daniel Boeira.<\/div>\n<div><\/div>\n<div>A iniciativa \u00e9 da Coordenadoria da Diversidade Sexual da Diretoria dos Direitos Humanos da SMDS, em parceria com a Defensoria P\u00fablica do Estado, Secretaria Municipal da Sa\u00fade e os Movimentos Sociais LGBTs.<\/div>\n<div><\/div>\n<div><span class=\"intertit\">Conceito<\/span><\/div>\n<div><\/div>\n<div>O dia 28 de junho marca a Rebeli\u00e3o de Stonewall, epis\u00f3dio ocorrido em 1969 em Nova Iorque. Nessa data os frequentadores do bar Stonewall Inn reagiram a uma s\u00e9rie de agress\u00f5es policiais contra os gays, l\u00e9sbicas e trans que frequentavam o local.<\/div>\n<div><\/div>\n<div>O levante gerou a 1\u00aa parada do Orgulho Gay, realizada em 1\u00ba de julho de 1970. Hoje as Paradas de Orgulho LGBTI s\u00e3o realizadas em quase todos os pa\u00edses e em muitas cidades do Brasil. Entre os s\u00edmbolos adotados pelo movimento est\u00e3o a bandeira arco-\u00edris, a letra grega lambda, o tri\u00e2ngulo roda e a borboleta.<\/div>\n","protected":false},"excerpt":{"rendered":"<p>Nesta quarta-feira, 28, a partir das 11 horas, a Esquina Democr\u00e1tica ser\u00e1 transformada num grande centro de servi\u00e7os para o p\u00fablico LGBTI (L\u00e9sbicas, Gays, Bissexuais, Transg\u00eaneros e Intersexuais), marcando a passagem do Dia do Orgulho Gay. A Secretaria Municipal da Sa\u00fade (SMS) far\u00e1 o cadastro de Nome Social no Cart\u00e3o SUS para transexuais e travestis [&hellip;]<\/p>\n","protected":false},"author":4,"featured_media":26211,"comment_status":"open","ping_status":"closed","sticky":false,"template":"","format":"standard","meta":{"_jetpack_newsletter_access":"","_jetpack_dont_email_post_to_subs":false,"_jetpack_newsletter_tier_id":0,"_jetpack_memberships_contains_paywalled_content":false,"_jetpack_feature_clip_id":0,"_jetpack_memberships_contains_paid_content":false,"footnotes":"","jetpack_post_was_ever_published":false},"categories":[26],"tags":[],"class_list":["post-50579","post","type-post","status-publish","format-standard","has-post-thumbnail","hentry","category-geral"],"aioseo_notices":[],"aioseo_head":"\n\t\t<!-- All in One SEO 5.0.1.1 - aioseo.com -->\n\t<meta name=\"robots\" content=\"max-image-preview:large\" \/>\n\t<meta name=\"author\" content=\"da Reda\u00e7\u00e3o\"\/>\n\t<link rel=\"canonical\" href=\"https:\/\/www.jornalja.com.br\/arquivo\/dia-do-orgulho-gay-nesta-quarta-tera-musica-e-servicos-na-esquina-democratica\/\" \/>\n\t<meta name=\"generator\" content=\"All in One SEO (AIOSEO) 5.0.1.1\" \/>\n\t\t<meta property=\"og:locale\" content=\"pt_BR\" \/>\n\t\t<meta property=\"og:site_name\" content=\"Arquivo | Jornal J\u00c1 | Porto Alegre\" \/>\n\t\t<meta property=\"og:type\" content=\"article\" \/>\n\t\t<meta property=\"og:title\" content=\"Dia do Orgulho Gay nesta quarta ter\u00e1 musica e servi\u00e7os na Esquina Democr\u00e1tica | Arquivo\" \/>\n\t\t<meta property=\"og:url\" content=\"https:\/\/www.jornalja.com.br\/arquivo\/dia-do-orgulho-gay-nesta-quarta-tera-musica-e-servicos-na-esquina-democratica\/\" \/>\n\t\t<meta property=\"og:image\" content=\"https:\/\/www.jornalja.com.br\/economics\/wp-content\/uploads\/sites\/11\/2026\/08\/ja-folhaderosto-facebook.jpg\" \/>\n\t\t<meta property=\"og:image:secure_url\" content=\"https:\/\/www.jornalja.com.br\/economics\/wp-content\/uploads\/sites\/11\/2026\/08\/ja-folhaderosto-facebook.jpg\" \/>\n\t\t<meta property=\"article:published_time\" content=\"2017-06-27T13:11:29+00:00\" \/>\n\t\t<meta property=\"article:modified_time\" content=\"2017-06-27T13:11:29+00:00\" \/>\n\t\t<meta name=\"twitter:card\" content=\"summary\" \/>\n\t\t<meta name=\"twitter:title\" content=\"Dia do Orgulho Gay nesta quarta ter\u00e1 musica e servi\u00e7os na Esquina Democr\u00e1tica | Arquivo\" \/>\n\t\t<meta name=\"twitter:image\" content=\"https:\/\/www.jornalja.com.br\/economics\/wp-content\/uploads\/sites\/11\/2026\/08\/ja-folhaderosto-facebook.jpg\" \/>\n\t\t<script type=\"application\/ld+json\" class=\"aioseo-schema\">\n\t\t\t{\"@context\":\"https:\\\/\\\/schema.org\",\"@graph\":[{\"@type\":\"BlogPosting\",\"@id\":\"https:\\\/\\\/www.jornalja.com.br\\\/arquivo\\\/dia-do-orgulho-gay-nesta-quarta-tera-musica-e-servicos-na-esquina-democratica\\\/#blogposting\",\"name\":\"Dia do Orgulho Gay nesta quarta ter\\u00e1 musica e servi\\u00e7os na Esquina Democr\\u00e1tica | Arquivo\",\"headline\":\"Dia do Orgulho Gay nesta quarta ter\\u00e1 musica e servi\\u00e7os na Esquina Democr\\u00e1tica\",\"author\":{\"@id\":\"https:\\\/\\\/www.jornalja.com.br\\\/arquivo\\\/author\\\/daredacao\\\/#author\"},\"publisher\":{\"@id\":\"https:\\\/\\\/www.jornalja.com.br\\\/arquivo\\\/#organization\"},\"image\":{\"@type\":\"ImageObject\",\"url\":26211},\"datePublished\":\"2017-06-27T10:11:29-03:00\",\"dateModified\":\"2017-06-27T10:11:29-03:00\",\"inLanguage\":\"pt-BR\",\"mainEntityOfPage\":{\"@id\":\"https:\\\/\\\/www.jornalja.com.br\\\/arquivo\\\/dia-do-orgulho-gay-nesta-quarta-tera-musica-e-servicos-na-esquina-democratica\\\/#webpage\"},\"isPartOf\":{\"@id\":\"https:\\\/\\\/www.jornalja.com.br\\\/arquivo\\\/dia-do-orgulho-gay-nesta-quarta-tera-musica-e-servicos-na-esquina-democratica\\\/#webpage\"},\"articleSection\":\"Geral\"},{\"@type\":\"BreadcrumbList\",\"@id\":\"https:\\\/\\\/www.jornalja.com.br\\\/arquivo\\\/dia-do-orgulho-gay-nesta-quarta-tera-musica-e-servicos-na-esquina-democratica\\\/#breadcrumblist\",\"itemListElement\":[{\"@type\":\"ListItem\",\"@id\":\"https:\\\/\\\/www.jornalja.com.br\\\/arquivo#listItem\",\"position\":1,\"name\":\"Home\",\"item\":\"https:\\\/\\\/www.jornalja.com.br\\\/arquivo\",\"nextItem\":{\"@type\":\"ListItem\",\"@id\":\"https:\\\/\\\/www.jornalja.com.br\\\/arquivo\\\/category\\\/geral\\\/#listItem\",\"name\":\"Geral\"}},{\"@type\":\"ListItem\",\"@id\":\"https:\\\/\\\/www.jornalja.com.br\\\/arquivo\\\/category\\\/geral\\\/#listItem\",\"position\":2,\"name\":\"Geral\",\"item\":\"https:\\\/\\\/www.jornalja.com.br\\\/arquivo\\\/category\\\/geral\\\/\",\"nextItem\":{\"@type\":\"ListItem\",\"@id\":\"https:\\\/\\\/www.jornalja.com.br\\\/arquivo\\\/dia-do-orgulho-gay-nesta-quarta-tera-musica-e-servicos-na-esquina-democratica\\\/#listItem\",\"name\":\"Dia do Orgulho Gay nesta quarta ter\\u00e1 musica e servi\\u00e7os na Esquina Democr\\u00e1tica\"},\"previousItem\":{\"@type\":\"ListItem\",\"@id\":\"https:\\\/\\\/www.jornalja.com.br\\\/arquivo#listItem\",\"name\":\"Home\"}},{\"@type\":\"ListItem\",\"@id\":\"https:\\\/\\\/www.jornalja.com.br\\\/arquivo\\\/dia-do-orgulho-gay-nesta-quarta-tera-musica-e-servicos-na-esquina-democratica\\\/#listItem\",\"position\":3,\"name\":\"Dia do Orgulho Gay nesta quarta ter\\u00e1 musica e servi\\u00e7os na Esquina Democr\\u00e1tica\",\"previousItem\":{\"@type\":\"ListItem\",\"@id\":\"https:\\\/\\\/www.jornalja.com.br\\\/arquivo\\\/category\\\/geral\\\/#listItem\",\"name\":\"Geral\"}}]},{\"@type\":\"Organization\",\"@id\":\"https:\\\/\\\/www.jornalja.com.br\\\/arquivo\\\/#organization\",\"name\":\"Jornal J\\u00c1\",\"description\":\"Jornal J\\u00c1 | Porto Alegre\",\"url\":\"https:\\\/\\\/www.jornalja.com.br\\\/arquivo\\\/\",\"telephone\":\"+555133307272\",\"logo\":{\"@type\":\"ImageObject\",\"url\":\"https:\\\/\\\/www.jornalja.com.br\\\/wp-content\\\/uploads\\\/cards\\\/JAslogan.png\",\"@id\":\"https:\\\/\\\/www.jornalja.com.br\\\/arquivo\\\/dia-do-orgulho-gay-nesta-quarta-tera-musica-e-servicos-na-esquina-democratica\\\/#organizationLogo\"},\"image\":{\"@id\":\"https:\\\/\\\/www.jornalja.com.br\\\/arquivo\\\/dia-do-orgulho-gay-nesta-quarta-tera-musica-e-servicos-na-esquina-democratica\\\/#organizationLogo\"}},{\"@type\":\"Person\",\"@id\":\"https:\\\/\\\/www.jornalja.com.br\\\/arquivo\\\/author\\\/daredacao\\\/#author\",\"url\":\"https:\\\/\\\/www.jornalja.com.br\\\/arquivo\\\/author\\\/daredacao\\\/\",\"name\":\"da Reda\\u00e7\\u00e3o\",\"image\":{\"@type\":\"ImageObject\",\"@id\":\"https:\\\/\\\/www.jornalja.com.br\\\/arquivo\\\/dia-do-orgulho-gay-nesta-quarta-tera-musica-e-servicos-na-esquina-democratica\\\/#authorImage\",\"url\":\"https:\\\/\\\/secure.gravatar.com\\\/avatar\\\/469fd857d6605ad19919d27ed29d35a968a25f6e8fd9318356bbb7f57aae9c65?s=96&d=mm&r=g\",\"width\":96,\"height\":96,\"caption\":\"da Reda\\u00e7\\u00e3o\"}},{\"@type\":\"WebPage\",\"@id\":\"https:\\\/\\\/www.jornalja.com.br\\\/arquivo\\\/dia-do-orgulho-gay-nesta-quarta-tera-musica-e-servicos-na-esquina-democratica\\\/#webpage\",\"url\":\"https:\\\/\\\/www.jornalja.com.br\\\/arquivo\\\/dia-do-orgulho-gay-nesta-quarta-tera-musica-e-servicos-na-esquina-democratica\\\/\",\"name\":\"Dia do Orgulho Gay nesta quarta ter\\u00e1 musica e servi\\u00e7os na Esquina Democr\\u00e1tica | Arquivo\",\"inLanguage\":\"pt-BR\",\"isPartOf\":{\"@id\":\"https:\\\/\\\/www.jornalja.com.br\\\/arquivo\\\/#website\"},\"breadcrumb\":{\"@id\":\"https:\\\/\\\/www.jornalja.com.br\\\/arquivo\\\/dia-do-orgulho-gay-nesta-quarta-tera-musica-e-servicos-na-esquina-democratica\\\/#breadcrumblist\"},\"author\":{\"@id\":\"https:\\\/\\\/www.jornalja.com.br\\\/arquivo\\\/author\\\/daredacao\\\/#author\"},\"creator\":{\"@id\":\"https:\\\/\\\/www.jornalja.com.br\\\/arquivo\\\/author\\\/daredacao\\\/#author\"},\"image\":{\"@type\":\"ImageObject\",\"url\":26211,\"@id\":\"https:\\\/\\\/www.jornalja.com.br\\\/arquivo\\\/dia-do-orgulho-gay-nesta-quarta-tera-musica-e-servicos-na-esquina-democratica\\\/#mainImage\"},\"primaryImageOfPage\":{\"@id\":\"https:\\\/\\\/www.jornalja.com.br\\\/arquivo\\\/dia-do-orgulho-gay-nesta-quarta-tera-musica-e-servicos-na-esquina-democratica\\\/#mainImage\"},\"datePublished\":\"2017-06-27T10:11:29-03:00\",\"dateModified\":\"2017-06-27T10:11:29-03:00\"},{\"@type\":\"WebSite\",\"@id\":\"https:\\\/\\\/www.jornalja.com.br\\\/arquivo\\\/#website\",\"url\":\"https:\\\/\\\/www.jornalja.com.br\\\/arquivo\\\/\",\"name\":\"Arquivo\",\"description\":\"Jornal J\\u00c1 | Porto Alegre\",\"inLanguage\":\"pt-BR\",\"publisher\":{\"@id\":\"https:\\\/\\\/www.jornalja.com.br\\\/arquivo\\\/#organization\"}}]}\n\t\t<\/script>\n\t\t<!-- All in One SEO -->\n\n","aioseo_head_json":{"title":"Dia do Orgulho Gay nesta quarta ter\u00e1 musica e servi\u00e7os na Esquina Democr\u00e1tica | Arquivo","description":"","canonical_url":"https:\/\/www.jornalja.com.br\/arquivo\/dia-do-orgulho-gay-nesta-quarta-tera-musica-e-servicos-na-esquina-democratica\/","robots":"max-image-preview:large","keywords":"","webmasterTools":{"miscellaneous":""},"schema":{"@context":"https:\/\/schema.org","@graph":[{"@type":"BlogPosting","@id":"https:\/\/www.jornalja.com.br\/arquivo\/dia-do-orgulho-gay-nesta-quarta-tera-musica-e-servicos-na-esquina-democratica\/#blogposting","name":"Dia do Orgulho Gay nesta quarta ter\u00e1 musica e servi\u00e7os na Esquina Democr\u00e1tica | Arquivo","headline":"Dia do Orgulho Gay nesta quarta ter\u00e1 musica e servi\u00e7os na Esquina Democr\u00e1tica","author":{"@id":"https:\/\/www.jornalja.com.br\/arquivo\/author\/daredacao\/#author"},"publisher":{"@id":"https:\/\/www.jornalja.com.br\/arquivo\/#organization"},"image":{"@type":"ImageObject","url":26211},"datePublished":"2017-06-27T10:11:29-03:00","dateModified":"2017-06-27T10:11:29-03:00","inLanguage":"pt-BR","mainEntityOfPage":{"@id":"https:\/\/www.jornalja.com.br\/arquivo\/dia-do-orgulho-gay-nesta-quarta-tera-musica-e-servicos-na-esquina-democratica\/#webpage"},"isPartOf":{"@id":"https:\/\/www.jornalja.com.br\/arquivo\/dia-do-orgulho-gay-nesta-quarta-tera-musica-e-servicos-na-esquina-democratica\/#webpage"},"articleSection":"Geral"},{"@type":"BreadcrumbList","@id":"https:\/\/www.jornalja.com.br\/arquivo\/dia-do-orgulho-gay-nesta-quarta-tera-musica-e-servicos-na-esquina-democratica\/#breadcrumblist","itemListElement":[{"@type":"ListItem","@id":"https:\/\/www.jornalja.com.br\/arquivo#listItem","position":1,"name":"Home","item":"https:\/\/www.jornalja.com.br\/arquivo","nextItem":{"@type":"ListItem","@id":"https:\/\/www.jornalja.com.br\/arquivo\/category\/geral\/#listItem","name":"Geral"}},{"@type":"ListItem","@id":"https:\/\/www.jornalja.com.br\/arquivo\/category\/geral\/#listItem","position":2,"name":"Geral","item":"https:\/\/www.jornalja.com.br\/arquivo\/category\/geral\/","nextItem":{"@type":"ListItem","@id":"https:\/\/www.jornalja.com.br\/arquivo\/dia-do-orgulho-gay-nesta-quarta-tera-musica-e-servicos-na-esquina-democratica\/#listItem","name":"Dia do Orgulho Gay nesta quarta ter\u00e1 musica e servi\u00e7os na Esquina Democr\u00e1tica"},"previousItem":{"@type":"ListItem","@id":"https:\/\/www.jornalja.com.br\/arquivo#listItem","name":"Home"}},{"@type":"ListItem","@id":"https:\/\/www.jornalja.com.br\/arquivo\/dia-do-orgulho-gay-nesta-quarta-tera-musica-e-servicos-na-esquina-democratica\/#listItem","position":3,"name":"Dia do Orgulho Gay nesta quarta ter\u00e1 musica e servi\u00e7os na Esquina Democr\u00e1tica","previousItem":{"@type":"ListItem","@id":"https:\/\/www.jornalja.com.br\/arquivo\/category\/geral\/#listItem","name":"Geral"}}]},{"@type":"Organization","@id":"https:\/\/www.jornalja.com.br\/arquivo\/#organization","name":"Jornal J\u00c1","description":"Jornal J\u00c1 | Porto Alegre","url":"https:\/\/www.jornalja.com.br\/arquivo\/","telephone":"+555133307272","logo":{"@type":"ImageObject","url":"https:\/\/www.jornalja.com.br\/wp-content\/uploads\/cards\/JAslogan.png","@id":"https:\/\/www.jornalja.com.br\/arquivo\/dia-do-orgulho-gay-nesta-quarta-tera-musica-e-servicos-na-esquina-democratica\/#organizationLogo"},"image":{"@id":"https:\/\/www.jornalja.com.br\/arquivo\/dia-do-orgulho-gay-nesta-quarta-tera-musica-e-servicos-na-esquina-democratica\/#organizationLogo"}},{"@type":"Person","@id":"https:\/\/www.jornalja.com.br\/arquivo\/author\/daredacao\/#author","url":"https:\/\/www.jornalja.com.br\/arquivo\/author\/daredacao\/","name":"da Reda\u00e7\u00e3o","image":{"@type":"ImageObject","@id":"https:\/\/www.jornalja.com.br\/arquivo\/dia-do-orgulho-gay-nesta-quarta-tera-musica-e-servicos-na-esquina-democratica\/#authorImage","url":"https:\/\/secure.gravatar.com\/avatar\/469fd857d6605ad19919d27ed29d35a968a25f6e8fd9318356bbb7f57aae9c65?s=96&d=mm&r=g","width":96,"height":96,"caption":"da Reda\u00e7\u00e3o"}},{"@type":"WebPage","@id":"https:\/\/www.jornalja.com.br\/arquivo\/dia-do-orgulho-gay-nesta-quarta-tera-musica-e-servicos-na-esquina-democratica\/#webpage","url":"https:\/\/www.jornalja.com.br\/arquivo\/dia-do-orgulho-gay-nesta-quarta-tera-musica-e-servicos-na-esquina-democratica\/","name":"Dia do Orgulho Gay nesta quarta ter\u00e1 musica e servi\u00e7os na Esquina Democr\u00e1tica | Arquivo","inLanguage":"pt-BR","isPartOf":{"@id":"https:\/\/www.jornalja.com.br\/arquivo\/#website"},"breadcrumb":{"@id":"https:\/\/www.jornalja.com.br\/arquivo\/dia-do-orgulho-gay-nesta-quarta-tera-musica-e-servicos-na-esquina-democratica\/#breadcrumblist"},"author":{"@id":"https:\/\/www.jornalja.com.br\/arquivo\/author\/daredacao\/#author"},"creator":{"@id":"https:\/\/www.jornalja.com.br\/arquivo\/author\/daredacao\/#author"},"image":{"@type":"ImageObject","url":26211,"@id":"https:\/\/www.jornalja.com.br\/arquivo\/dia-do-orgulho-gay-nesta-quarta-tera-musica-e-servicos-na-esquina-democratica\/#mainImage"},"primaryImageOfPage":{"@id":"https:\/\/www.jornalja.com.br\/arquivo\/dia-do-orgulho-gay-nesta-quarta-tera-musica-e-servicos-na-esquina-democratica\/#mainImage"},"datePublished":"2017-06-27T10:11:29-03:00","dateModified":"2017-06-27T10:11:29-03:00"},{"@type":"WebSite","@id":"https:\/\/www.jornalja.com.br\/arquivo\/#website","url":"https:\/\/www.jornalja.com.br\/arquivo\/","name":"Arquivo","description":"Jornal J\u00c1 | Porto Alegre","inLanguage":"pt-BR","publisher":{"@id":"https:\/\/www.jornalja.com.br\/arquivo\/#organization"}}]},"og:locale":"pt_BR","og:site_name":"Arquivo | Jornal J\u00c1 | Porto Alegre","og:type":"article","og:title":"Dia do Orgulho Gay nesta quarta ter\u00e1 musica e servi\u00e7os na Esquina Democr\u00e1tica | Arquivo","og:url":"https:\/\/www.jornalja.com.br\/arquivo\/dia-do-orgulho-gay-nesta-quarta-tera-musica-e-servicos-na-esquina-democratica\/","og:image":"https:\/\/www.jornalja.com.br\/economics\/wp-content\/uploads\/sites\/11\/2026\/08\/ja-folhaderosto-facebook.jpg","og:image:secure_url":"https:\/\/www.jornalja.com.br\/economics\/wp-content\/uploads\/sites\/11\/2026\/08\/ja-folhaderosto-facebook.jpg","article:published_time":"2017-06-27T13:11:29+00:00","article:modified_time":"2017-06-27T13:11:29+00:00","twitter:card":"summary","twitter:title":"Dia do Orgulho Gay nesta quarta ter\u00e1 musica e servi\u00e7os na Esquina Democr\u00e1tica | Arquivo","twitter:image":"https:\/\/www.jornalja.com.br\/economics\/wp-content\/uploads\/sites\/11\/2026\/08\/ja-folhaderosto-facebook.jpg"},"aioseo_meta_data":{"post_id":"50579","title":null,"description":null,"keywords":null,"keyphrases":null,"primary_term":null,"canonical_url":null,"og_title":null,"og_description":null,"og_object_type":"default","og_image_type":"default","og_image_url":null,"og_image_width":null,"og_image_height":null,"og_image_custom_url":null,"og_image_custom_fields":null,"og_video":null,"og_custom_url":null,"og_article_section":null,"og_article_tags":null,"twitter_use_og":false,"twitter_card":"default","twitter_image_type":"default","twitter_image_url":null,"twitter_image_custom_url":null,"twitter_image_custom_fields":null,"twitter_title":null,"twitter_description":null,"schema":{"blockGraphs":[],"customGraphs":[],"default":{"data":{"Article":[],"Course":[],"Dataset":[],"FAQPage":[],"Movie":[],"Person":[],"Product":[],"ProductReview":[],"Car":[],"Recipe":[],"Service":[],"SoftwareApplication":[],"WebPage":[]},"graphName":"","isEnabled":true},"graphs":[],"defaultGraph":"","defaultPostTypeGraph":""},"schema_type":null,"schema_type_options":null,"pillar_content":false,"robots_default":true,"robots_noindex":false,"robots_noarchive":false,"robots_nosnippet":false,"robots_nofollow":false,"robots_noimageindex":false,"robots_noodp":false,"robots_notranslate":false,"robots_max_snippet":null,"robots_max_videopreview":null,"robots_max_imagepreview":"large","priority":null,"frequency":null,"location":null,"local_seo":null,"breadcrumb_settings":null,"limit_modified_date":false,"ai":null,"created":"2020-12-20 20:30:49","updated":"2025-07-19 22:30:21","seo_analyzer_scan_date":null,"focus_keyword":null,"additional_keywords":null,"truseo_locale":null},"jetpack_sharing_enabled":true,"jetpack-related-posts":[{"id":5440,"url":"https:\/\/www.jornalja.com.br\/arquivo\/casarao-da-venancio-destino-permanece-incerto\/","url_meta":{"origin":50579,"position":0},"title":"Estado ainda n\u00e3o sabe o que fazer com casar\u00e3o abandonado h\u00e1 20 anos","author":"Elmar Bones","date":"6 de julho de 2009","format":false,"excerpt":"O casar\u00e3o amarelo, numa esquina nobre de Porto Alegre (Ven\u00e2ncio Aires com Jo\u00e3o Pessoa), j\u00e1 abrigou uma escola. H\u00e1 duas d\u00e9cadas, pelo menos, est\u00e1 abandonado, porque seu propriet\u00e1rio, o governo do Estado do Rio Grande do Sul, n\u00e3o consegue achar um destino para ele. Planos n\u00e3o faltaram. O governador Ol\u00edvio\u2026","rel":"","context":"Em &quot;X.Categorias velhas&quot;","block_context":{"text":"X.Categorias velhas","link":"https:\/\/www.jornalja.com.br\/arquivo\/category\/x-categorias-velhas\/"},"img":{"alt_text":"geraldo1","src":"https:\/\/i0.wp.com\/www.jornalja.com.br\/wp-content\/uploads\/2009\/07\/geraldo1.jpg?resize=350%2C200&ssl=1","width":350,"height":200},"classes":[]},{"id":13101,"url":"https:\/\/www.jornalja.com.br\/arquivo\/morre-um-guerreiro-do-texto\/","url_meta":{"origin":50579,"position":1},"title":"Morre um guerreiro do texto","author":"Patr\u00edcia Marini","date":"14 de maio de 2014","format":false,"excerpt":"Por Ricardo Kotscho Reproduzido do blog do autor, 11\/5\/2014; t\u00edtulo original \u201cE l\u00e1 se foi o nosso Myltainho, guerreiro do texto\u201d. Mi\u00fado e franzino, meu amigo Myltainho era um valente e inconformado guerreiro na luta contra as injusti\u00e7as sociais, a hipocrisia, as maracutaias, o autoritarismo, a intoler\u00e2ncia, a viol\u00eancia, o\u2026","rel":"","context":"Em &quot;Geral&quot;","block_context":{"text":"Geral","link":"https:\/\/www.jornalja.com.br\/arquivo\/category\/geral\/"},"img":{"alt_text":"","src":"","width":0,"height":0},"classes":[]},{"id":13240,"url":"https:\/\/www.jornalja.com.br\/arquivo\/plano-diretor-estamos-construindo-o-caos\/","url_meta":{"origin":50579,"position":2},"title":"Plano diretor: &quot;Estamos construindo o caos&quot;","author":"Patr\u00edcia Marini","date":"26 de maio de 2014","format":false,"excerpt":"Desabafo que arquiteta Eliana Castilhos, delegada da Regi\u00e3o de Planejamento 1, postou nas redes sociais \u00e9 um testemunho do ambiente que se criou no Conselho do Plano Diretor de Porto Alegre, onde a aprova\u00e7\u00e3o de grandes empreendimentos \u00e9 empurrada guela abaixo dos conselheiros. Ao CMDUA Como delegada da Regi\u00e3o de\u2026","rel":"","context":"Em &quot;Geral&quot;","block_context":{"text":"Geral","link":"https:\/\/www.jornalja.com.br\/arquivo\/category\/geral\/"},"img":{"alt_text":"","src":"","width":0,"height":0},"classes":[]},{"id":14241,"url":"https:\/\/www.jornalja.com.br\/arquivo\/o-guaiba-nas-imagens-poeticas-de-achutti\/","url_meta":{"origin":50579,"position":3},"title":"O Gua\u00edba nas imagens po\u00e9ticas de Achutti","author":"da Reda\u00e7\u00e3o","date":"18 de junho de 2014","format":false,"excerpt":"Em \u201cO Gua\u00edba por Achutti\u201d \u2013 obra financiada via Minist\u00e9rio da Cultura, produ\u00e7\u00e3o executiva de Pedro Longhi, e Fl\u00e1vio Wild como designer \u2013, o fot\u00f3grafo revela a beleza e as mazelas de um espa\u00e7o aqu\u00e1tico de \u00e1guas sempre renovadas, cheio de hist\u00f3rias e lendas como as das cidades que foram\u2026","rel":"","context":"Em &quot;Cultura-Geral&quot;","block_context":{"text":"Cultura-Geral","link":"https:\/\/www.jornalja.com.br\/arquivo\/category\/materiasecundaria\/"},"img":{"alt_text":"","src":"","width":0,"height":0},"classes":[]},{"id":12960,"url":"https:\/\/www.jornalja.com.br\/arquivo\/populacao-culpa-empresas-pela-greve-dos-rodoviarios\/","url_meta":{"origin":50579,"position":4},"title":"Popula\u00e7\u00e3o culpa empresas pela greve","author":"Patr\u00edcia Marini","date":"14 de fevereiro de 2014","format":false,"excerpt":"Pesquisa divulgada na edi\u00e7\u00e3o do jornal Metro desta sexta-feira,14, comprova o velho ditado: \u00e9 poss\u00edvel enganar muitos por algum tempo, mas n\u00e3o \u00e9 poss\u00edvel enganar a todos o tempo inteiro. A principal revela\u00e7\u00e3o foi que 59,8% dos entrevistados apontaram as empresas como as principais respons\u00e1veis pela grave e 46% culparam\u2026","rel":"","context":"Em &quot;X.Categorias velhas&quot;","block_context":{"text":"X.Categorias velhas","link":"https:\/\/www.jornalja.com.br\/arquivo\/category\/x-categorias-velhas\/"},"img":{"alt_text":"","src":"","width":0,"height":0},"classes":[]},{"id":13109,"url":"https:\/\/www.jornalja.com.br\/arquivo\/judiciario-reconhece-poluicao-eletromagnetica\/","url_meta":{"origin":50579,"position":5},"title":"Judici\u00e1rio reconhece polui\u00e7\u00e3o eletromagn\u00e9tica","author":"Patr\u00edcia Marini","date":"16 de maio de 2014","format":false,"excerpt":"A\u00e7\u00e3o de duas associa\u00e7\u00f5es de moradores foi acolhida pelo Tribunal de Justi\u00e7a de S\u00e3o Paulo que. em decis\u00e3o in\u00e9dita, determinou a redu\u00e7\u00e3o do campo eletromagn\u00e9tico gerado pelas linhas de transmiss\u00e3o de energia que cortam os bairros City Boa\u00e7ava e Alto de Pinheiros. \u00c9 a primeira vez que um tribunal do\u2026","rel":"","context":"Em &quot;X.Categorias velhas&quot;","block_context":{"text":"X.Categorias velhas","link":"https:\/\/www.jornalja.com.br\/arquivo\/category\/x-categorias-velhas\/"},"img":{"alt_text":"","src":"","width":0,"height":0},"classes":[]}],"jetpack_shortlink":"https:\/\/wp.me\/pbQjBd-d9N","jetpack_featured_media_url":"","_links":{"self":[{"href":"https:\/\/www.jornalja.com.br\/arquivo\/wp-json\/wp\/v2\/posts\/50579","targetHints":{"allow":["GET"]}}],"collection":[{"href":"https:\/\/www.jornalja.com.br\/arquivo\/wp-json\/wp\/v2\/posts"}],"about":[{"href":"https:\/\/www.jornalja.com.br\/arquivo\/wp-json\/wp\/v2\/types\/post"}],"author":[{"embeddable":true,"href":"https:\/\/www.jornalja.com.br\/arquivo\/wp-json\/wp\/v2\/users\/4"}],"replies":[{"embeddable":true,"href":"https:\/\/www.jornalja.com.br\/arquivo\/wp-json\/wp\/v2\/comments?post=50579"}],"version-history":[{"count":0,"href":"https:\/\/www.jornalja.com.br\/arquivo\/wp-json\/wp\/v2\/posts\/50579\/revisions"}],"wp:attachment":[{"href":"https:\/\/www.jornalja.com.br\/arquivo\/wp-json\/wp\/v2\/media?parent=50579"}],"wp:term":[{"taxonomy":"category","embeddable":true,"href":"https:\/\/www.jornalja.com.br\/arquivo\/wp-json\/wp\/v2\/categories?post=50579"},{"taxonomy":"post_tag","embeddable":true,"href":"https:\/\/www.jornalja.com.br\/arquivo\/wp-json\/wp\/v2\/tags?post=50579"}],"curies":[{"name":"wp","href":"https:\/\/api.w.org\/{rel}","templated":true}]}}