{"id":50584,"date":"2017-06-27T16:20:21","date_gmt":"2017-06-27T19:20:21","guid":{"rendered":"https:\/\/www.jornalja.com.br\/?p=50584"},"modified":"2017-06-27T16:20:21","modified_gmt":"2017-06-27T19:20:21","slug":"servidores-denunciam-cotidiano-de-violencia-nos-postos-de-saude-de-porto-alegre","status":"publish","type":"post","link":"https:\/\/www.jornalja.com.br\/arquivo\/servidores-denunciam-cotidiano-de-violencia-nos-postos-de-saude-de-porto-alegre\/","title":{"rendered":"Servidores denunciam cotidiano de viol\u00eancia nos postos de sa\u00fade de Porto Alegre"},"content":{"rendered":"<p>Representantes dos servidores municipais da sa\u00fade relataram hoje \u00e0\u00a0Comiss\u00e3o de Sa\u00fade e Meio Ambiente, da C\u00e2mara Municipal, a viol\u00eancia di\u00e1ria a que est\u00e3o submetidos nos postos de sa\u00fade de\u00a0Porto Alegre. Al\u00e9m dos\u00a0vereadores, acompanharam a audi\u00eancia integrantes da Prefeitura.<br \/>\nForam relatados alguns casos para ilustrar a falta de seguran\u00e7a.\u00a0O \u00faltimo epis\u00f3dio ocorreu h\u00e1 dois dias, quando a unidade de sa\u00fade da Vila dos Sargentos, em Porto Alegre, fechou suas portas, ap\u00f3s um corpo esquartejado ter sido encontrado na regi\u00e3o. O governo municipal afirmou que s\u00f3 reabriria quando fosse garantida seguran\u00e7a, pelas autoridades respons\u00e1veis.<br \/>\nEm janeiro, uma ambul\u00e2ncia do Samu foi parada por tr\u00eas ve\u00edculos com sete pessoas armadas. Os criminosos colocaram o corpo de um adolescente de 15 anos na ambul\u00e2ncia e ordenaram que a equipe o levasse ao hospital. \u00a0Diversos s\u00e3o os relatos, poucos registrados formalmente.<br \/>\nDesde o incio do ano, ocorr\u00eancias como essas aconteceram pelo menos nove vezes, segundo dados do SIMERS (Sindicato M\u00e9dico do Rio Grande do Sul), em Porto Alegre. Muitos outros n\u00e3o foram nem registrados. H\u00e1 medo e inseguran\u00e7a por conta de poss\u00edveis repres\u00e1lias\u00a0dos criminosos.<br \/>\nA longa espera na fila de atendimento tamb\u00e9m aumenta o clima tenso, causando mal estar at\u00e9 mesmo entre pacientes e os profissionais da sa\u00fade. A falta da presen\u00e7a f\u00edsica de guardas tamb\u00e9m foi relatada.<br \/>\n&#8220;At\u00e9 os porteiros foram retirados aumentando a sensa\u00e7\u00e3o de inseguran\u00e7a&#8221;, criticou Mirtha da Rosa, coordenadora do Conselho Municipal da sa\u00fade. Mirtha se refere aos contratos que a Prefeitura tinha com empresas de Portaria e\u00a0que n\u00e3o foram renovados.<br \/>\nRepresentando o governo,\u00a0Thiago Frank da coordenadoria geral de aten\u00e7\u00e3o b\u00e1sica admitiu a redu\u00e7\u00e3o nos servi\u00e7os de portaria mas falou que a atual gest\u00e3o est\u00e1 buscando outras alternativas para garantir um ambiente mais favor\u00e1vel nas unidades b\u00e1sicas de sa\u00fade.<br \/>\n&#8220;Estamos aumentando o n\u00famero de servidores nos postos e tentando garantir os rem\u00e9dios necess\u00e1rios&#8221; salientou o coordenador. Segundo ele a situa\u00e7\u00e3o \u00e9 menos grave do que em janeiro, come\u00e7o da atual gest\u00e3o. Frank ainda citou programas que est\u00e3o sendo executados e que buscam auxiliar e tratar funcion\u00e1rios que sofram ou que tenham trauma em fun\u00e7\u00e3o da viol\u00eancia.<br \/>\nOutros representantes de entidades e profissionais da sa\u00fade tamb\u00e9m relataram diversas situa\u00e7\u00f5es de risco o qual passam nos postos de sa\u00fade. Segundo o diretor do SIMERS, Jorge Eltz, &#8220;a precariedade \u00e9 total&#8221;.<br \/>\n&#8220;O aumento no quadro funcional da rede ambulatorial e nos hospitais se faz necess\u00e1ria, assim como a presen\u00e7a da Guarda nos postos&#8221;, disse Eltz.<br \/>\nSegundo uma pesquisa realizada pelo SIMERS em maio de 2015, 50% dos postos tinham relatos de viol\u00eancia, 73 % n\u00e3o possu\u00edam guarda presente. Muitos tamb\u00e9m n\u00e3o tinham telefone direto com a Brigada Militar nem o bot\u00e3o do p\u00e2nico (alarme).<br \/>\nO Comandante da Guarda Municipal, Roben Martins afirmou que a preven\u00e7\u00e3o n\u00e3o se faz s\u00f3 com a presen\u00e7a da Guarda no local. &#8220;Estamos atendendo as demandas pontualmente&#8221; explicou, lembrando que o problema da seguran\u00e7a acontece em toda cidade e n\u00e3o somente nos postos de sa\u00fade. &#8220;A a\u00e7\u00e3o da guarda municipal est\u00e1 voltada mais para o patrulhamento e apoio&#8221; declarou.<br \/>\nAtualmente, 290 concursados aprovados para Guarda Municipal aguardam convoca\u00e7\u00e3o. O secret\u00e1rio da Seguran\u00e7a do Munic\u00edpio, Kleber Senisse, no entanto, j\u00e1 descartou em outras ocasi\u00f5es a nomea\u00e7\u00e3o de novos guardas.<br \/>\n<span class=\"intertit\">Cosmam ir\u00e1 pedir esclarecimentos a Guarda Municipal<\/span><br \/>\nO presidente da Cosmam, Andr\u00e9 Car\u00fas (PMDB), questionou a a\u00e7\u00e3o da guarda municipal nos postos. &#8220;Vamos saber qual \u00e9 o efetivo e como \u00e9 feita a seguran\u00e7a nos postos e unidades de sa\u00fade&#8221;, disse Car\u00fas tamb\u00e9m criticou a\u00e7\u00f5es\u00a0da Guarda em blitz e junto \u00e0 Brigada Militar. &#8220;N\u00e3o vi Porto Alegre cumprir uma exig\u00eancia do Sistema Integrado&#8221;.<br \/>\nA Comiss\u00e3o ir\u00e1 apresentar um relat\u00f3rio \u00e0 Frente Parlamentar de Seguran\u00e7a, que tem reuni\u00e3o marcada para esta quarta-feira e ir\u00e1 debater a seguran\u00e7a nos postos de sa\u00fade do IAPI e da Cruzeiro.<\/p>\n","protected":false},"excerpt":{"rendered":"<p>Representantes dos servidores municipais da sa\u00fade relataram hoje \u00e0\u00a0Comiss\u00e3o de Sa\u00fade e Meio Ambiente, da C\u00e2mara Municipal, a viol\u00eancia di\u00e1ria a que est\u00e3o submetidos nos postos de sa\u00fade de\u00a0Porto Alegre. Al\u00e9m dos\u00a0vereadores, acompanharam a audi\u00eancia integrantes da Prefeitura. Foram relatados alguns casos para ilustrar a falta de seguran\u00e7a.\u00a0O \u00faltimo epis\u00f3dio ocorreu h\u00e1 dois dias, quando [&hellip;]<\/p>\n","protected":false},"author":4,"featured_media":50607,"comment_status":"open","ping_status":"closed","sticky":false,"template":"","format":"standard","meta":{"_jetpack_newsletter_access":"","_jetpack_dont_email_post_to_subs":false,"_jetpack_newsletter_tier_id":0,"_jetpack_memberships_contains_paywalled_content":false,"_jetpack_feature_clip_id":0,"_jetpack_memberships_contains_paid_content":false,"footnotes":"","jetpack_post_was_ever_published":false},"categories":[26],"tags":[],"class_list":["post-50584","post","type-post","status-publish","format-standard","has-post-thumbnail","hentry","category-geral"],"aioseo_notices":[],"aioseo_head":"\n\t\t<!-- All in One SEO 5.0.1.1 - aioseo.com -->\n\t<meta name=\"robots\" content=\"max-image-preview:large\" \/>\n\t<meta name=\"author\" content=\"da Reda\u00e7\u00e3o\"\/>\n\t<link rel=\"canonical\" href=\"https:\/\/www.jornalja.com.br\/arquivo\/servidores-denunciam-cotidiano-de-violencia-nos-postos-de-saude-de-porto-alegre\/\" \/>\n\t<meta name=\"generator\" content=\"All in One SEO (AIOSEO) 5.0.1.1\" \/>\n\t\t<meta property=\"og:locale\" content=\"pt_BR\" \/>\n\t\t<meta property=\"og:site_name\" content=\"Arquivo | Jornal J\u00c1 | Porto Alegre\" \/>\n\t\t<meta property=\"og:type\" content=\"article\" \/>\n\t\t<meta property=\"og:title\" content=\"Servidores denunciam cotidiano de viol\u00eancia nos postos de sa\u00fade de Porto Alegre | Arquivo\" \/>\n\t\t<meta property=\"og:url\" content=\"https:\/\/www.jornalja.com.br\/arquivo\/servidores-denunciam-cotidiano-de-violencia-nos-postos-de-saude-de-porto-alegre\/\" \/>\n\t\t<meta property=\"og:image\" content=\"https:\/\/www.jornalja.com.br\/economics\/wp-content\/uploads\/sites\/11\/2026\/08\/ja-folhaderosto-facebook.jpg\" \/>\n\t\t<meta property=\"og:image:secure_url\" content=\"https:\/\/www.jornalja.com.br\/economics\/wp-content\/uploads\/sites\/11\/2026\/08\/ja-folhaderosto-facebook.jpg\" \/>\n\t\t<meta property=\"article:published_time\" content=\"2017-06-27T19:20:21+00:00\" \/>\n\t\t<meta property=\"article:modified_time\" content=\"2017-06-27T19:20:21+00:00\" \/>\n\t\t<meta name=\"twitter:card\" content=\"summary\" \/>\n\t\t<meta name=\"twitter:title\" content=\"Servidores denunciam cotidiano de viol\u00eancia nos postos de sa\u00fade de Porto Alegre | Arquivo\" \/>\n\t\t<meta name=\"twitter:image\" content=\"https:\/\/www.jornalja.com.br\/economics\/wp-content\/uploads\/sites\/11\/2026\/08\/ja-folhaderosto-facebook.jpg\" \/>\n\t\t<script type=\"application\/ld+json\" class=\"aioseo-schema\">\n\t\t\t{\"@context\":\"https:\\\/\\\/schema.org\",\"@graph\":[{\"@type\":\"BlogPosting\",\"@id\":\"https:\\\/\\\/www.jornalja.com.br\\\/arquivo\\\/servidores-denunciam-cotidiano-de-violencia-nos-postos-de-saude-de-porto-alegre\\\/#blogposting\",\"name\":\"Servidores denunciam cotidiano de viol\\u00eancia nos postos de sa\\u00fade de Porto Alegre | Arquivo\",\"headline\":\"Servidores denunciam cotidiano de viol\\u00eancia nos postos de sa\\u00fade de Porto Alegre\",\"author\":{\"@id\":\"https:\\\/\\\/www.jornalja.com.br\\\/arquivo\\\/author\\\/daredacao\\\/#author\"},\"publisher\":{\"@id\":\"https:\\\/\\\/www.jornalja.com.br\\\/arquivo\\\/#organization\"},\"image\":{\"@type\":\"ImageObject\",\"url\":50607},\"datePublished\":\"2017-06-27T16:20:21-03:00\",\"dateModified\":\"2017-06-27T16:20:21-03:00\",\"inLanguage\":\"pt-BR\",\"mainEntityOfPage\":{\"@id\":\"https:\\\/\\\/www.jornalja.com.br\\\/arquivo\\\/servidores-denunciam-cotidiano-de-violencia-nos-postos-de-saude-de-porto-alegre\\\/#webpage\"},\"isPartOf\":{\"@id\":\"https:\\\/\\\/www.jornalja.com.br\\\/arquivo\\\/servidores-denunciam-cotidiano-de-violencia-nos-postos-de-saude-de-porto-alegre\\\/#webpage\"},\"articleSection\":\"Geral\"},{\"@type\":\"BreadcrumbList\",\"@id\":\"https:\\\/\\\/www.jornalja.com.br\\\/arquivo\\\/servidores-denunciam-cotidiano-de-violencia-nos-postos-de-saude-de-porto-alegre\\\/#breadcrumblist\",\"itemListElement\":[{\"@type\":\"ListItem\",\"@id\":\"https:\\\/\\\/www.jornalja.com.br\\\/arquivo#listItem\",\"position\":1,\"name\":\"Home\",\"item\":\"https:\\\/\\\/www.jornalja.com.br\\\/arquivo\",\"nextItem\":{\"@type\":\"ListItem\",\"@id\":\"https:\\\/\\\/www.jornalja.com.br\\\/arquivo\\\/category\\\/geral\\\/#listItem\",\"name\":\"Geral\"}},{\"@type\":\"ListItem\",\"@id\":\"https:\\\/\\\/www.jornalja.com.br\\\/arquivo\\\/category\\\/geral\\\/#listItem\",\"position\":2,\"name\":\"Geral\",\"item\":\"https:\\\/\\\/www.jornalja.com.br\\\/arquivo\\\/category\\\/geral\\\/\",\"nextItem\":{\"@type\":\"ListItem\",\"@id\":\"https:\\\/\\\/www.jornalja.com.br\\\/arquivo\\\/servidores-denunciam-cotidiano-de-violencia-nos-postos-de-saude-de-porto-alegre\\\/#listItem\",\"name\":\"Servidores denunciam cotidiano de viol\\u00eancia nos postos de sa\\u00fade de Porto Alegre\"},\"previousItem\":{\"@type\":\"ListItem\",\"@id\":\"https:\\\/\\\/www.jornalja.com.br\\\/arquivo#listItem\",\"name\":\"Home\"}},{\"@type\":\"ListItem\",\"@id\":\"https:\\\/\\\/www.jornalja.com.br\\\/arquivo\\\/servidores-denunciam-cotidiano-de-violencia-nos-postos-de-saude-de-porto-alegre\\\/#listItem\",\"position\":3,\"name\":\"Servidores denunciam cotidiano de viol\\u00eancia nos postos de sa\\u00fade de Porto Alegre\",\"previousItem\":{\"@type\":\"ListItem\",\"@id\":\"https:\\\/\\\/www.jornalja.com.br\\\/arquivo\\\/category\\\/geral\\\/#listItem\",\"name\":\"Geral\"}}]},{\"@type\":\"Organization\",\"@id\":\"https:\\\/\\\/www.jornalja.com.br\\\/arquivo\\\/#organization\",\"name\":\"Jornal J\\u00c1\",\"description\":\"Jornal J\\u00c1 | Porto Alegre\",\"url\":\"https:\\\/\\\/www.jornalja.com.br\\\/arquivo\\\/\",\"telephone\":\"+555133307272\",\"logo\":{\"@type\":\"ImageObject\",\"url\":\"https:\\\/\\\/www.jornalja.com.br\\\/wp-content\\\/uploads\\\/cards\\\/JAslogan.png\",\"@id\":\"https:\\\/\\\/www.jornalja.com.br\\\/arquivo\\\/servidores-denunciam-cotidiano-de-violencia-nos-postos-de-saude-de-porto-alegre\\\/#organizationLogo\"},\"image\":{\"@id\":\"https:\\\/\\\/www.jornalja.com.br\\\/arquivo\\\/servidores-denunciam-cotidiano-de-violencia-nos-postos-de-saude-de-porto-alegre\\\/#organizationLogo\"}},{\"@type\":\"Person\",\"@id\":\"https:\\\/\\\/www.jornalja.com.br\\\/arquivo\\\/author\\\/daredacao\\\/#author\",\"url\":\"https:\\\/\\\/www.jornalja.com.br\\\/arquivo\\\/author\\\/daredacao\\\/\",\"name\":\"da Reda\\u00e7\\u00e3o\",\"image\":{\"@type\":\"ImageObject\",\"@id\":\"https:\\\/\\\/www.jornalja.com.br\\\/arquivo\\\/servidores-denunciam-cotidiano-de-violencia-nos-postos-de-saude-de-porto-alegre\\\/#authorImage\",\"url\":\"https:\\\/\\\/secure.gravatar.com\\\/avatar\\\/469fd857d6605ad19919d27ed29d35a968a25f6e8fd9318356bbb7f57aae9c65?s=96&d=mm&r=g\",\"width\":96,\"height\":96,\"caption\":\"da Reda\\u00e7\\u00e3o\"}},{\"@type\":\"WebPage\",\"@id\":\"https:\\\/\\\/www.jornalja.com.br\\\/arquivo\\\/servidores-denunciam-cotidiano-de-violencia-nos-postos-de-saude-de-porto-alegre\\\/#webpage\",\"url\":\"https:\\\/\\\/www.jornalja.com.br\\\/arquivo\\\/servidores-denunciam-cotidiano-de-violencia-nos-postos-de-saude-de-porto-alegre\\\/\",\"name\":\"Servidores denunciam cotidiano de viol\\u00eancia nos postos de sa\\u00fade de Porto Alegre | Arquivo\",\"inLanguage\":\"pt-BR\",\"isPartOf\":{\"@id\":\"https:\\\/\\\/www.jornalja.com.br\\\/arquivo\\\/#website\"},\"breadcrumb\":{\"@id\":\"https:\\\/\\\/www.jornalja.com.br\\\/arquivo\\\/servidores-denunciam-cotidiano-de-violencia-nos-postos-de-saude-de-porto-alegre\\\/#breadcrumblist\"},\"author\":{\"@id\":\"https:\\\/\\\/www.jornalja.com.br\\\/arquivo\\\/author\\\/daredacao\\\/#author\"},\"creator\":{\"@id\":\"https:\\\/\\\/www.jornalja.com.br\\\/arquivo\\\/author\\\/daredacao\\\/#author\"},\"image\":{\"@type\":\"ImageObject\",\"url\":50607,\"@id\":\"https:\\\/\\\/www.jornalja.com.br\\\/arquivo\\\/servidores-denunciam-cotidiano-de-violencia-nos-postos-de-saude-de-porto-alegre\\\/#mainImage\"},\"primaryImageOfPage\":{\"@id\":\"https:\\\/\\\/www.jornalja.com.br\\\/arquivo\\\/servidores-denunciam-cotidiano-de-violencia-nos-postos-de-saude-de-porto-alegre\\\/#mainImage\"},\"datePublished\":\"2017-06-27T16:20:21-03:00\",\"dateModified\":\"2017-06-27T16:20:21-03:00\"},{\"@type\":\"WebSite\",\"@id\":\"https:\\\/\\\/www.jornalja.com.br\\\/arquivo\\\/#website\",\"url\":\"https:\\\/\\\/www.jornalja.com.br\\\/arquivo\\\/\",\"name\":\"Arquivo\",\"description\":\"Jornal J\\u00c1 | Porto Alegre\",\"inLanguage\":\"pt-BR\",\"publisher\":{\"@id\":\"https:\\\/\\\/www.jornalja.com.br\\\/arquivo\\\/#organization\"}}]}\n\t\t<\/script>\n\t\t<!-- All in One SEO -->\n\n","aioseo_head_json":{"title":"Servidores denunciam cotidiano de viol\u00eancia nos postos de sa\u00fade de Porto Alegre | Arquivo","description":"","canonical_url":"https:\/\/www.jornalja.com.br\/arquivo\/servidores-denunciam-cotidiano-de-violencia-nos-postos-de-saude-de-porto-alegre\/","robots":"max-image-preview:large","keywords":"","webmasterTools":{"miscellaneous":""},"schema":{"@context":"https:\/\/schema.org","@graph":[{"@type":"BlogPosting","@id":"https:\/\/www.jornalja.com.br\/arquivo\/servidores-denunciam-cotidiano-de-violencia-nos-postos-de-saude-de-porto-alegre\/#blogposting","name":"Servidores denunciam cotidiano de viol\u00eancia nos postos de sa\u00fade de Porto Alegre | Arquivo","headline":"Servidores denunciam cotidiano de viol\u00eancia nos postos de sa\u00fade de Porto Alegre","author":{"@id":"https:\/\/www.jornalja.com.br\/arquivo\/author\/daredacao\/#author"},"publisher":{"@id":"https:\/\/www.jornalja.com.br\/arquivo\/#organization"},"image":{"@type":"ImageObject","url":50607},"datePublished":"2017-06-27T16:20:21-03:00","dateModified":"2017-06-27T16:20:21-03:00","inLanguage":"pt-BR","mainEntityOfPage":{"@id":"https:\/\/www.jornalja.com.br\/arquivo\/servidores-denunciam-cotidiano-de-violencia-nos-postos-de-saude-de-porto-alegre\/#webpage"},"isPartOf":{"@id":"https:\/\/www.jornalja.com.br\/arquivo\/servidores-denunciam-cotidiano-de-violencia-nos-postos-de-saude-de-porto-alegre\/#webpage"},"articleSection":"Geral"},{"@type":"BreadcrumbList","@id":"https:\/\/www.jornalja.com.br\/arquivo\/servidores-denunciam-cotidiano-de-violencia-nos-postos-de-saude-de-porto-alegre\/#breadcrumblist","itemListElement":[{"@type":"ListItem","@id":"https:\/\/www.jornalja.com.br\/arquivo#listItem","position":1,"name":"Home","item":"https:\/\/www.jornalja.com.br\/arquivo","nextItem":{"@type":"ListItem","@id":"https:\/\/www.jornalja.com.br\/arquivo\/category\/geral\/#listItem","name":"Geral"}},{"@type":"ListItem","@id":"https:\/\/www.jornalja.com.br\/arquivo\/category\/geral\/#listItem","position":2,"name":"Geral","item":"https:\/\/www.jornalja.com.br\/arquivo\/category\/geral\/","nextItem":{"@type":"ListItem","@id":"https:\/\/www.jornalja.com.br\/arquivo\/servidores-denunciam-cotidiano-de-violencia-nos-postos-de-saude-de-porto-alegre\/#listItem","name":"Servidores denunciam cotidiano de viol\u00eancia nos postos de sa\u00fade de Porto Alegre"},"previousItem":{"@type":"ListItem","@id":"https:\/\/www.jornalja.com.br\/arquivo#listItem","name":"Home"}},{"@type":"ListItem","@id":"https:\/\/www.jornalja.com.br\/arquivo\/servidores-denunciam-cotidiano-de-violencia-nos-postos-de-saude-de-porto-alegre\/#listItem","position":3,"name":"Servidores denunciam cotidiano de viol\u00eancia nos postos de sa\u00fade de Porto Alegre","previousItem":{"@type":"ListItem","@id":"https:\/\/www.jornalja.com.br\/arquivo\/category\/geral\/#listItem","name":"Geral"}}]},{"@type":"Organization","@id":"https:\/\/www.jornalja.com.br\/arquivo\/#organization","name":"Jornal J\u00c1","description":"Jornal J\u00c1 | Porto Alegre","url":"https:\/\/www.jornalja.com.br\/arquivo\/","telephone":"+555133307272","logo":{"@type":"ImageObject","url":"https:\/\/www.jornalja.com.br\/wp-content\/uploads\/cards\/JAslogan.png","@id":"https:\/\/www.jornalja.com.br\/arquivo\/servidores-denunciam-cotidiano-de-violencia-nos-postos-de-saude-de-porto-alegre\/#organizationLogo"},"image":{"@id":"https:\/\/www.jornalja.com.br\/arquivo\/servidores-denunciam-cotidiano-de-violencia-nos-postos-de-saude-de-porto-alegre\/#organizationLogo"}},{"@type":"Person","@id":"https:\/\/www.jornalja.com.br\/arquivo\/author\/daredacao\/#author","url":"https:\/\/www.jornalja.com.br\/arquivo\/author\/daredacao\/","name":"da Reda\u00e7\u00e3o","image":{"@type":"ImageObject","@id":"https:\/\/www.jornalja.com.br\/arquivo\/servidores-denunciam-cotidiano-de-violencia-nos-postos-de-saude-de-porto-alegre\/#authorImage","url":"https:\/\/secure.gravatar.com\/avatar\/469fd857d6605ad19919d27ed29d35a968a25f6e8fd9318356bbb7f57aae9c65?s=96&d=mm&r=g","width":96,"height":96,"caption":"da Reda\u00e7\u00e3o"}},{"@type":"WebPage","@id":"https:\/\/www.jornalja.com.br\/arquivo\/servidores-denunciam-cotidiano-de-violencia-nos-postos-de-saude-de-porto-alegre\/#webpage","url":"https:\/\/www.jornalja.com.br\/arquivo\/servidores-denunciam-cotidiano-de-violencia-nos-postos-de-saude-de-porto-alegre\/","name":"Servidores denunciam cotidiano de viol\u00eancia nos postos de sa\u00fade de Porto Alegre | Arquivo","inLanguage":"pt-BR","isPartOf":{"@id":"https:\/\/www.jornalja.com.br\/arquivo\/#website"},"breadcrumb":{"@id":"https:\/\/www.jornalja.com.br\/arquivo\/servidores-denunciam-cotidiano-de-violencia-nos-postos-de-saude-de-porto-alegre\/#breadcrumblist"},"author":{"@id":"https:\/\/www.jornalja.com.br\/arquivo\/author\/daredacao\/#author"},"creator":{"@id":"https:\/\/www.jornalja.com.br\/arquivo\/author\/daredacao\/#author"},"image":{"@type":"ImageObject","url":50607,"@id":"https:\/\/www.jornalja.com.br\/arquivo\/servidores-denunciam-cotidiano-de-violencia-nos-postos-de-saude-de-porto-alegre\/#mainImage"},"primaryImageOfPage":{"@id":"https:\/\/www.jornalja.com.br\/arquivo\/servidores-denunciam-cotidiano-de-violencia-nos-postos-de-saude-de-porto-alegre\/#mainImage"},"datePublished":"2017-06-27T16:20:21-03:00","dateModified":"2017-06-27T16:20:21-03:00"},{"@type":"WebSite","@id":"https:\/\/www.jornalja.com.br\/arquivo\/#website","url":"https:\/\/www.jornalja.com.br\/arquivo\/","name":"Arquivo","description":"Jornal J\u00c1 | Porto Alegre","inLanguage":"pt-BR","publisher":{"@id":"https:\/\/www.jornalja.com.br\/arquivo\/#organization"}}]},"og:locale":"pt_BR","og:site_name":"Arquivo | Jornal J\u00c1 | Porto Alegre","og:type":"article","og:title":"Servidores denunciam cotidiano de viol\u00eancia nos postos de sa\u00fade de Porto Alegre | Arquivo","og:url":"https:\/\/www.jornalja.com.br\/arquivo\/servidores-denunciam-cotidiano-de-violencia-nos-postos-de-saude-de-porto-alegre\/","og:image":"https:\/\/www.jornalja.com.br\/economics\/wp-content\/uploads\/sites\/11\/2026\/08\/ja-folhaderosto-facebook.jpg","og:image:secure_url":"https:\/\/www.jornalja.com.br\/economics\/wp-content\/uploads\/sites\/11\/2026\/08\/ja-folhaderosto-facebook.jpg","article:published_time":"2017-06-27T19:20:21+00:00","article:modified_time":"2017-06-27T19:20:21+00:00","twitter:card":"summary","twitter:title":"Servidores denunciam cotidiano de viol\u00eancia nos postos de sa\u00fade de Porto Alegre | Arquivo","twitter:image":"https:\/\/www.jornalja.com.br\/economics\/wp-content\/uploads\/sites\/11\/2026\/08\/ja-folhaderosto-facebook.jpg"},"aioseo_meta_data":{"post_id":"50584","title":null,"description":null,"keywords":null,"keyphrases":null,"primary_term":null,"canonical_url":null,"og_title":null,"og_description":null,"og_object_type":"default","og_image_type":"default","og_image_url":null,"og_image_width":null,"og_image_height":null,"og_image_custom_url":null,"og_image_custom_fields":null,"og_video":null,"og_custom_url":null,"og_article_section":null,"og_article_tags":null,"twitter_use_og":false,"twitter_card":"default","twitter_image_type":"default","twitter_image_url":null,"twitter_image_custom_url":null,"twitter_image_custom_fields":null,"twitter_title":null,"twitter_description":null,"schema":{"blockGraphs":[],"customGraphs":[],"default":{"data":{"Article":[],"Course":[],"Dataset":[],"FAQPage":[],"Movie":[],"Person":[],"Product":[],"ProductReview":[],"Car":[],"Recipe":[],"Service":[],"SoftwareApplication":[],"WebPage":[]},"graphName":"","isEnabled":true},"graphs":[],"defaultGraph":"","defaultPostTypeGraph":""},"schema_type":null,"schema_type_options":null,"pillar_content":false,"robots_default":true,"robots_noindex":false,"robots_noarchive":false,"robots_nosnippet":false,"robots_nofollow":false,"robots_noimageindex":false,"robots_noodp":false,"robots_notranslate":false,"robots_max_snippet":null,"robots_max_videopreview":null,"robots_max_imagepreview":"large","priority":null,"frequency":null,"location":null,"local_seo":null,"breadcrumb_settings":null,"limit_modified_date":false,"ai":null,"created":"2020-12-20 20:30:49","updated":"2025-07-19 22:30:21","seo_analyzer_scan_date":null,"focus_keyword":null,"additional_keywords":null,"truseo_locale":null},"jetpack_sharing_enabled":true,"jetpack-related-posts":[{"id":13240,"url":"https:\/\/www.jornalja.com.br\/arquivo\/plano-diretor-estamos-construindo-o-caos\/","url_meta":{"origin":50584,"position":0},"title":"Plano diretor: &quot;Estamos construindo o caos&quot;","author":"Patr\u00edcia Marini","date":"26 de maio de 2014","format":false,"excerpt":"Desabafo que arquiteta Eliana Castilhos, delegada da Regi\u00e3o de Planejamento 1, postou nas redes sociais \u00e9 um testemunho do ambiente que se criou no Conselho do Plano Diretor de Porto Alegre, onde a aprova\u00e7\u00e3o de grandes empreendimentos \u00e9 empurrada guela abaixo dos conselheiros. Ao CMDUA Como delegada da Regi\u00e3o de\u2026","rel":"","context":"Em &quot;Geral&quot;","block_context":{"text":"Geral","link":"https:\/\/www.jornalja.com.br\/arquivo\/category\/geral\/"},"img":{"alt_text":"","src":"","width":0,"height":0},"classes":[]},{"id":1280,"url":"https:\/\/www.jornalja.com.br\/arquivo\/o-menino-que-se-tornou-brizola\/","url_meta":{"origin":50584,"position":1},"title":"O Menino que se Tornou Brizola","author":"da Reda\u00e7\u00e3o","date":"28 de julho de 2008","format":false,"excerpt":"Autor: Cleber Dioni A vida de Leonel Brizola, com \u00eanfase para os primeiros anos em Porto Alegre, at\u00e9 o ex\u00edlio no Uruguai e a volta, quinze anos depois. \u00a0\"...\u00c9ramos todos jovens e nos identific\u00e1vamos com aquela massa an\u00f4nima a percorrer as ruas de Porto Alegre, gritando 'Get\u00falio', 'Get\u00falio' e empunhando\u2026","rel":"","context":"Em &quot;Livros&quot;","block_context":{"text":"Livros","link":"https:\/\/www.jornalja.com.br\/arquivo\/category\/livros\/"},"img":{"alt_text":"","src":"https:\/\/i0.wp.com\/www.jornalja.com.br\/wp-content\/uploads\/2008\/07\/brizola.gif?resize=350%2C200&ssl=1","width":350,"height":200},"classes":[]},{"id":14241,"url":"https:\/\/www.jornalja.com.br\/arquivo\/o-guaiba-nas-imagens-poeticas-de-achutti\/","url_meta":{"origin":50584,"position":2},"title":"O Gua\u00edba nas imagens po\u00e9ticas de Achutti","author":"da Reda\u00e7\u00e3o","date":"18 de junho de 2014","format":false,"excerpt":"Em \u201cO Gua\u00edba por Achutti\u201d \u2013 obra financiada via Minist\u00e9rio da Cultura, produ\u00e7\u00e3o executiva de Pedro Longhi, e Fl\u00e1vio Wild como designer \u2013, o fot\u00f3grafo revela a beleza e as mazelas de um espa\u00e7o aqu\u00e1tico de \u00e1guas sempre renovadas, cheio de hist\u00f3rias e lendas como as das cidades que foram\u2026","rel":"","context":"Em &quot;Cultura-Geral&quot;","block_context":{"text":"Cultura-Geral","link":"https:\/\/www.jornalja.com.br\/arquivo\/category\/materiasecundaria\/"},"img":{"alt_text":"","src":"","width":0,"height":0},"classes":[]},{"id":13124,"url":"https:\/\/www.jornalja.com.br\/arquivo\/sangue-latino-no-iecine\/","url_meta":{"origin":50584,"position":3},"title":"Sangue latino no IECINE","author":"da Reda\u00e7\u00e3o","date":"18 de maio de 2014","format":false,"excerpt":"Francisco Ribeiro O Instituto Estadual de Cinema (IECINE) tem a frente, desde abril \u00faltimo, um novo diretor, o cineasta colombiano Juan Zapata, 36, que substitui Luiz Alberto Cassol. Radicado h\u00e1 dez anos em Porto Alegre, Zapata tem diante de si o desafio de conduzir at\u00e9 o final do ano um\u2026","rel":"","context":"Em &quot;Cultura-Geral&quot;","block_context":{"text":"Cultura-Geral","link":"https:\/\/www.jornalja.com.br\/arquivo\/category\/materiasecundaria\/"},"img":{"alt_text":"","src":"","width":0,"height":0},"classes":[]},{"id":12960,"url":"https:\/\/www.jornalja.com.br\/arquivo\/populacao-culpa-empresas-pela-greve-dos-rodoviarios\/","url_meta":{"origin":50584,"position":4},"title":"Popula\u00e7\u00e3o culpa empresas pela greve","author":"Patr\u00edcia Marini","date":"14 de fevereiro de 2014","format":false,"excerpt":"Pesquisa divulgada na edi\u00e7\u00e3o do jornal Metro desta sexta-feira,14, comprova o velho ditado: \u00e9 poss\u00edvel enganar muitos por algum tempo, mas n\u00e3o \u00e9 poss\u00edvel enganar a todos o tempo inteiro. A principal revela\u00e7\u00e3o foi que 59,8% dos entrevistados apontaram as empresas como as principais respons\u00e1veis pela grave e 46% culparam\u2026","rel":"","context":"Em &quot;X.Categorias velhas&quot;","block_context":{"text":"X.Categorias velhas","link":"https:\/\/www.jornalja.com.br\/arquivo\/category\/x-categorias-velhas\/"},"img":{"alt_text":"","src":"","width":0,"height":0},"classes":[]},{"id":13239,"url":"https:\/\/www.jornalja.com.br\/arquivo\/conselho-desdenha-do-plano-diretor\/","url_meta":{"origin":50584,"position":5},"title":"Porto Alegre: Conselho detona Plano Diretor","author":"Patr\u00edcia Marini","date":"25 de maio de 2014","format":false,"excerpt":"Den\u00fancia do arquiteto e \u00a0urbanista Ibir\u00e1 Santos Lucas. Ele diz que os conselheiros est\u00e3o votando com \"enorme irresponsabilidade\". \"Mudam regime com a maior naturalidade,,,regularizam absurdos de constru\u00e7\u00f5es irregulares... \"O CMDUA est\u00e1 flexibilizando a lei do plano diretor, de uma forma impactante na vida da cidade. Mudam regime com a maior\u2026","rel":"","context":"Em &quot;Geral&quot;","block_context":{"text":"Geral","link":"https:\/\/www.jornalja.com.br\/arquivo\/category\/geral\/"},"img":{"alt_text":"","src":"","width":0,"height":0},"classes":[]}],"jetpack_shortlink":"https:\/\/wp.me\/pbQjBd-d9S","jetpack_featured_media_url":"","_links":{"self":[{"href":"https:\/\/www.jornalja.com.br\/arquivo\/wp-json\/wp\/v2\/posts\/50584","targetHints":{"allow":["GET"]}}],"collection":[{"href":"https:\/\/www.jornalja.com.br\/arquivo\/wp-json\/wp\/v2\/posts"}],"about":[{"href":"https:\/\/www.jornalja.com.br\/arquivo\/wp-json\/wp\/v2\/types\/post"}],"author":[{"embeddable":true,"href":"https:\/\/www.jornalja.com.br\/arquivo\/wp-json\/wp\/v2\/users\/4"}],"replies":[{"embeddable":true,"href":"https:\/\/www.jornalja.com.br\/arquivo\/wp-json\/wp\/v2\/comments?post=50584"}],"version-history":[{"count":0,"href":"https:\/\/www.jornalja.com.br\/arquivo\/wp-json\/wp\/v2\/posts\/50584\/revisions"}],"wp:attachment":[{"href":"https:\/\/www.jornalja.com.br\/arquivo\/wp-json\/wp\/v2\/media?parent=50584"}],"wp:term":[{"taxonomy":"category","embeddable":true,"href":"https:\/\/www.jornalja.com.br\/arquivo\/wp-json\/wp\/v2\/categories?post=50584"},{"taxonomy":"post_tag","embeddable":true,"href":"https:\/\/www.jornalja.com.br\/arquivo\/wp-json\/wp\/v2\/tags?post=50584"}],"curies":[{"name":"wp","href":"https:\/\/api.w.org\/{rel}","templated":true}]}}