{"id":50600,"date":"2017-06-27T16:39:41","date_gmt":"2017-06-27T19:39:41","guid":{"rendered":"https:\/\/www.jornalja.com.br\/?p=50600"},"modified":"2017-06-27T16:39:41","modified_gmt":"2017-06-27T19:39:41","slug":"temer-diz-que-denuncia-e-ficcao-e-faz-insinuacoes-sobre-janot","status":"publish","type":"post","link":"https:\/\/www.jornalja.com.br\/arquivo\/temer-diz-que-denuncia-e-ficcao-e-faz-insinuacoes-sobre-janot\/","title":{"rendered":"Temer diz que den\u00fancia \u00e9 &quot;fic\u00e7\u00e3o&quot; e faz insinua\u00e7\u00f5es sobre Janot"},"content":{"rendered":"<p><span style=\"font-weight: 400\">Pouco mais de quarenta minutos ap\u00f3s o hor\u00e1rio esperado, o presidente Michel Temer iniciou seu primeiro pronunciamento ap\u00f3s a den\u00fancia por corrup\u00e7\u00e3o feita pelo Procurador Geral da Rep\u00fablica, Rodrigo Janot. Temer come\u00e7ou com uma ironia: \u201cSe eu fosse presidente da C\u00e2mara, eu faria uma sess\u00e3o, porque temos qu\u00f3rum\u201d, afirmou, agradecendo \u00e0 presen\u00e7a de deputados, senadores e ministros.<\/span><br \/>\n<span style=\"font-weight: 400\">Durante dezessete minutos, o presidente fez duras cr\u00edticas a Janot e ao ex-Procurador, Marcelo Miller. Temer desqualificou a den\u00fancia de Janot, que chamou de \u201cfic\u00e7\u00e3o\u201d e afirmou que ela se baseia apenas em ila\u00e7\u00f5es do procurador. \u201cPercebo que reinventaram o C\u00f3digo Penal e inclu\u00edram uma nova categoria, a den\u00fancia por ila\u00e7\u00e3o\u201d, criticou.<\/span><br \/>\n<span style=\"font-weight: 400\">O presidente afirmou que n\u00e3o h\u00e1 nenhuma prova quanto ao recebimento de valores indevidos.<\/span><br \/>\n<span style=\"font-weight: 400\">Ainda durante a manifesta\u00e7\u00e3o, o presidente Michel Temer atacou o ex-procurador da Rep\u00fablica Marcelo Miller, que deixou o MPF e passou a atuar no escrit\u00f3rio de advocacia que faz a defesa da empresa JBS.<\/span><br \/>\n<span style=\"font-weight: 400\">\u201cO cidad\u00e3o foi trabalhar para esta empresa e ganhou milh\u00f5es em poucos meses. Garantiu ao seu novo patr\u00e3o um acordo benevolente, uma dela\u00e7\u00e3o que tira seu patr\u00e3o das garras da Justi\u00e7a, gerando uma impunidade nunca antes vista. E tudo ratificado, assegurado pelo Procurador Geral\u201d, afirmou Temer.<\/span><br \/>\n<span style=\"font-weight: 400\">Na sequ\u00eancia, o presidente levantou suspeitas sobre os valores recebidos por Miller pela defesa da JBS. O presidente afirmou que se poderia concluir que \u201cos milh\u00f5es de honor\u00e1rios recebidos n\u00e3o fossem unicamente para o assessor de confian\u00e7a, que deixou o cargo de Procurador da Rep\u00fablica.\u201d<\/span><br \/>\n<span style=\"font-weight: 400\">Michel Temer falou tamb\u00e9m sobre o encontro que teve com Joesley Batista, \u00e0 noite no Pal\u00e1cio do Jaburu, quando o empres\u00e1rio gravou a conversa entre os dois. Temer confirmou ter recebido Joesley que \u201cnaquela oportunidade era o maior produtor de prote\u00edna animal do Brasil, talvez do mundo\u201d. E afirmou s\u00f3 ter descoberto o \u201cbandido Joesley\u201d, quando este revelou os crimes ao Minist\u00e9rio P\u00fablico.<\/span><br \/>\n<span style=\"font-weight: 400\">Sobre sua presen\u00e7a na Presid\u00eancia da Rep\u00fablica, Temer afirmou \u201cn\u00e3o sei como Deus me colocou aqui.\u201d Ao final do pronunciamento, o presidente saiu sem responder perguntas dos jornalistas.<\/span><br \/>\n<span class=\"intertit\">PGR denunciou Temer por crime de corrup\u00e7\u00e3o passiva<\/span><br \/>\nO procurador-geral da Rep\u00fablica, Rodrigo Janot, denunciou na segunda-feira, 26, o presidente Michel Temer ao Supremo Tribunal Federal (STF) pelo crime de corrup\u00e7\u00e3o passiva. A acusa\u00e7\u00e3o est\u00e1 baseada nas investiga\u00e7\u00f5es iniciadas a partir do acordo de dela\u00e7\u00e3o premiada da JBS. O \u00e1udio da conversa gravada pelo empres\u00e1rio Joesley Batista, um dos donos da empresa, com o presidente, em mar\u00e7o, no Pal\u00e1cio do Jaburu, tamb\u00e9m \u00e9 uma das provas usadas no processo.\u00a0Procurado pela reportagem, o Pal\u00e1cio do Planalto ainda n\u00e3o se manifestou sobre a den\u00fancia.<br \/>\nO ex-deputado federal Rodrigo Rocha Loures (PMDB-PR) tamb\u00e9m foi denunciado pelo procurador pelo mesmo crime. Loures foi preso no dia 3 de junho por determina\u00e7\u00e3o do ministro Edson Fachin. Em abril, Loures foi flagrado recebendo uma mala contendo R$ 500 mil, que teria sido enviada pelo empres\u00e1rio Joesley Batista, dono da JBS.<br \/>\nPara o procurador, Temer usou Rocha Loures para receber vantagens indevidas. &#8220;Entre os meses de mar\u00e7o a abril de 2017, com vontade livre e consciente, o Presidente da Rep\u00fablica Michel Miguel Temer Lulia, valendo-se de sua condi\u00e7\u00e3o de chefe do Poder Executivo e lideran\u00e7a pol\u00edtica nacional, recebeu para si, em unidade de des\u00edgnios e por interm\u00e9dio de Rodrigo Santos da Rocha Loures, vantagem indevida de R$ 500.000 ofertada por Joesley Batista, presidente da sociedade empres\u00e1ria J&amp;F Investimentos S.A., cujo pagamento foi realizado pelo executivo da J&amp;F Ricardo Saud&#8221;, diz a den\u00fancia apresentada por Janot.<br \/>\n&nbsp;<\/p>\n","protected":false},"excerpt":{"rendered":"<p>Pouco mais de quarenta minutos ap\u00f3s o hor\u00e1rio esperado, o presidente Michel Temer iniciou seu primeiro pronunciamento ap\u00f3s a den\u00fancia por corrup\u00e7\u00e3o feita pelo Procurador Geral da Rep\u00fablica, Rodrigo Janot. Temer come\u00e7ou com uma ironia: \u201cSe eu fosse presidente da C\u00e2mara, eu faria uma sess\u00e3o, porque temos qu\u00f3rum\u201d, afirmou, agradecendo \u00e0 presen\u00e7a de deputados, senadores [&hellip;]<\/p>\n","protected":false},"author":4,"featured_media":42919,"comment_status":"open","ping_status":"closed","sticky":false,"template":"","format":"standard","meta":{"_jetpack_newsletter_access":"","_jetpack_dont_email_post_to_subs":false,"_jetpack_newsletter_tier_id":0,"_jetpack_memberships_contains_paywalled_content":false,"_jetpack_feature_clip_id":0,"_jetpack_memberships_contains_paid_content":false,"footnotes":"","jetpack_post_was_ever_published":false},"categories":[26],"tags":[],"class_list":["post-50600","post","type-post","status-publish","format-standard","has-post-thumbnail","hentry","category-geral"],"aioseo_notices":[],"aioseo_head":"\n\t\t<!-- All in One SEO 5.0.1.1 - aioseo.com -->\n\t<meta name=\"robots\" content=\"max-image-preview:large\" \/>\n\t<meta name=\"author\" content=\"da Reda\u00e7\u00e3o\"\/>\n\t<link rel=\"canonical\" href=\"https:\/\/www.jornalja.com.br\/arquivo\/temer-diz-que-denuncia-e-ficcao-e-faz-insinuacoes-sobre-janot\/\" \/>\n\t<meta name=\"generator\" content=\"All in One SEO (AIOSEO) 5.0.1.1\" \/>\n\t\t<meta property=\"og:locale\" content=\"pt_BR\" \/>\n\t\t<meta property=\"og:site_name\" content=\"Arquivo | Jornal J\u00c1 | Porto Alegre\" \/>\n\t\t<meta property=\"og:type\" content=\"article\" \/>\n\t\t<meta property=\"og:title\" content=\"Temer diz que den\u00fancia \u00e9 &quot;fic\u00e7\u00e3o&quot; e faz insinua\u00e7\u00f5es sobre Janot | Arquivo\" \/>\n\t\t<meta property=\"og:url\" content=\"https:\/\/www.jornalja.com.br\/arquivo\/temer-diz-que-denuncia-e-ficcao-e-faz-insinuacoes-sobre-janot\/\" \/>\n\t\t<meta property=\"og:image\" content=\"https:\/\/www.jornalja.com.br\/economics\/wp-content\/uploads\/sites\/11\/2026\/08\/ja-folhaderosto-facebook.jpg\" \/>\n\t\t<meta property=\"og:image:secure_url\" content=\"https:\/\/www.jornalja.com.br\/economics\/wp-content\/uploads\/sites\/11\/2026\/08\/ja-folhaderosto-facebook.jpg\" \/>\n\t\t<meta property=\"article:published_time\" content=\"2017-06-27T19:39:41+00:00\" \/>\n\t\t<meta property=\"article:modified_time\" content=\"2017-06-27T19:39:41+00:00\" \/>\n\t\t<meta name=\"twitter:card\" content=\"summary\" \/>\n\t\t<meta name=\"twitter:title\" content=\"Temer diz que den\u00fancia \u00e9 &quot;fic\u00e7\u00e3o&quot; e faz insinua\u00e7\u00f5es sobre Janot | Arquivo\" \/>\n\t\t<meta name=\"twitter:image\" content=\"https:\/\/www.jornalja.com.br\/economics\/wp-content\/uploads\/sites\/11\/2026\/08\/ja-folhaderosto-facebook.jpg\" \/>\n\t\t<script type=\"application\/ld+json\" class=\"aioseo-schema\">\n\t\t\t{\"@context\":\"https:\\\/\\\/schema.org\",\"@graph\":[{\"@type\":\"BlogPosting\",\"@id\":\"https:\\\/\\\/www.jornalja.com.br\\\/arquivo\\\/temer-diz-que-denuncia-e-ficcao-e-faz-insinuacoes-sobre-janot\\\/#blogposting\",\"name\":\"Temer diz que den\\u00fancia \\u00e9 \\\"fic\\u00e7\\u00e3o\\\" e faz insinua\\u00e7\\u00f5es sobre Janot | Arquivo\",\"headline\":\"Temer diz que den\\u00fancia \\u00e9 &quot;fic\\u00e7\\u00e3o&quot; e faz insinua\\u00e7\\u00f5es sobre Janot\",\"author\":{\"@id\":\"https:\\\/\\\/www.jornalja.com.br\\\/arquivo\\\/author\\\/daredacao\\\/#author\"},\"publisher\":{\"@id\":\"https:\\\/\\\/www.jornalja.com.br\\\/arquivo\\\/#organization\"},\"image\":{\"@type\":\"ImageObject\",\"url\":42919},\"datePublished\":\"2017-06-27T16:39:41-03:00\",\"dateModified\":\"2017-06-27T16:39:41-03:00\",\"inLanguage\":\"pt-BR\",\"mainEntityOfPage\":{\"@id\":\"https:\\\/\\\/www.jornalja.com.br\\\/arquivo\\\/temer-diz-que-denuncia-e-ficcao-e-faz-insinuacoes-sobre-janot\\\/#webpage\"},\"isPartOf\":{\"@id\":\"https:\\\/\\\/www.jornalja.com.br\\\/arquivo\\\/temer-diz-que-denuncia-e-ficcao-e-faz-insinuacoes-sobre-janot\\\/#webpage\"},\"articleSection\":\"Geral\"},{\"@type\":\"BreadcrumbList\",\"@id\":\"https:\\\/\\\/www.jornalja.com.br\\\/arquivo\\\/temer-diz-que-denuncia-e-ficcao-e-faz-insinuacoes-sobre-janot\\\/#breadcrumblist\",\"itemListElement\":[{\"@type\":\"ListItem\",\"@id\":\"https:\\\/\\\/www.jornalja.com.br\\\/arquivo#listItem\",\"position\":1,\"name\":\"Home\",\"item\":\"https:\\\/\\\/www.jornalja.com.br\\\/arquivo\",\"nextItem\":{\"@type\":\"ListItem\",\"@id\":\"https:\\\/\\\/www.jornalja.com.br\\\/arquivo\\\/category\\\/geral\\\/#listItem\",\"name\":\"Geral\"}},{\"@type\":\"ListItem\",\"@id\":\"https:\\\/\\\/www.jornalja.com.br\\\/arquivo\\\/category\\\/geral\\\/#listItem\",\"position\":2,\"name\":\"Geral\",\"item\":\"https:\\\/\\\/www.jornalja.com.br\\\/arquivo\\\/category\\\/geral\\\/\",\"nextItem\":{\"@type\":\"ListItem\",\"@id\":\"https:\\\/\\\/www.jornalja.com.br\\\/arquivo\\\/temer-diz-que-denuncia-e-ficcao-e-faz-insinuacoes-sobre-janot\\\/#listItem\",\"name\":\"Temer diz que den\\u00fancia \\u00e9 &quot;fic\\u00e7\\u00e3o&quot; e faz insinua\\u00e7\\u00f5es sobre Janot\"},\"previousItem\":{\"@type\":\"ListItem\",\"@id\":\"https:\\\/\\\/www.jornalja.com.br\\\/arquivo#listItem\",\"name\":\"Home\"}},{\"@type\":\"ListItem\",\"@id\":\"https:\\\/\\\/www.jornalja.com.br\\\/arquivo\\\/temer-diz-que-denuncia-e-ficcao-e-faz-insinuacoes-sobre-janot\\\/#listItem\",\"position\":3,\"name\":\"Temer diz que den\\u00fancia \\u00e9 &quot;fic\\u00e7\\u00e3o&quot; e faz insinua\\u00e7\\u00f5es sobre Janot\",\"previousItem\":{\"@type\":\"ListItem\",\"@id\":\"https:\\\/\\\/www.jornalja.com.br\\\/arquivo\\\/category\\\/geral\\\/#listItem\",\"name\":\"Geral\"}}]},{\"@type\":\"Organization\",\"@id\":\"https:\\\/\\\/www.jornalja.com.br\\\/arquivo\\\/#organization\",\"name\":\"Jornal J\\u00c1\",\"description\":\"Jornal J\\u00c1 | Porto Alegre\",\"url\":\"https:\\\/\\\/www.jornalja.com.br\\\/arquivo\\\/\",\"telephone\":\"+555133307272\",\"logo\":{\"@type\":\"ImageObject\",\"url\":\"https:\\\/\\\/www.jornalja.com.br\\\/wp-content\\\/uploads\\\/cards\\\/JAslogan.png\",\"@id\":\"https:\\\/\\\/www.jornalja.com.br\\\/arquivo\\\/temer-diz-que-denuncia-e-ficcao-e-faz-insinuacoes-sobre-janot\\\/#organizationLogo\"},\"image\":{\"@id\":\"https:\\\/\\\/www.jornalja.com.br\\\/arquivo\\\/temer-diz-que-denuncia-e-ficcao-e-faz-insinuacoes-sobre-janot\\\/#organizationLogo\"}},{\"@type\":\"Person\",\"@id\":\"https:\\\/\\\/www.jornalja.com.br\\\/arquivo\\\/author\\\/daredacao\\\/#author\",\"url\":\"https:\\\/\\\/www.jornalja.com.br\\\/arquivo\\\/author\\\/daredacao\\\/\",\"name\":\"da Reda\\u00e7\\u00e3o\",\"image\":{\"@type\":\"ImageObject\",\"@id\":\"https:\\\/\\\/www.jornalja.com.br\\\/arquivo\\\/temer-diz-que-denuncia-e-ficcao-e-faz-insinuacoes-sobre-janot\\\/#authorImage\",\"url\":\"https:\\\/\\\/secure.gravatar.com\\\/avatar\\\/469fd857d6605ad19919d27ed29d35a968a25f6e8fd9318356bbb7f57aae9c65?s=96&d=mm&r=g\",\"width\":96,\"height\":96,\"caption\":\"da Reda\\u00e7\\u00e3o\"}},{\"@type\":\"WebPage\",\"@id\":\"https:\\\/\\\/www.jornalja.com.br\\\/arquivo\\\/temer-diz-que-denuncia-e-ficcao-e-faz-insinuacoes-sobre-janot\\\/#webpage\",\"url\":\"https:\\\/\\\/www.jornalja.com.br\\\/arquivo\\\/temer-diz-que-denuncia-e-ficcao-e-faz-insinuacoes-sobre-janot\\\/\",\"name\":\"Temer diz que den\\u00fancia \\u00e9 \\\"fic\\u00e7\\u00e3o\\\" e faz insinua\\u00e7\\u00f5es sobre Janot | Arquivo\",\"inLanguage\":\"pt-BR\",\"isPartOf\":{\"@id\":\"https:\\\/\\\/www.jornalja.com.br\\\/arquivo\\\/#website\"},\"breadcrumb\":{\"@id\":\"https:\\\/\\\/www.jornalja.com.br\\\/arquivo\\\/temer-diz-que-denuncia-e-ficcao-e-faz-insinuacoes-sobre-janot\\\/#breadcrumblist\"},\"author\":{\"@id\":\"https:\\\/\\\/www.jornalja.com.br\\\/arquivo\\\/author\\\/daredacao\\\/#author\"},\"creator\":{\"@id\":\"https:\\\/\\\/www.jornalja.com.br\\\/arquivo\\\/author\\\/daredacao\\\/#author\"},\"image\":{\"@type\":\"ImageObject\",\"url\":42919,\"@id\":\"https:\\\/\\\/www.jornalja.com.br\\\/arquivo\\\/temer-diz-que-denuncia-e-ficcao-e-faz-insinuacoes-sobre-janot\\\/#mainImage\"},\"primaryImageOfPage\":{\"@id\":\"https:\\\/\\\/www.jornalja.com.br\\\/arquivo\\\/temer-diz-que-denuncia-e-ficcao-e-faz-insinuacoes-sobre-janot\\\/#mainImage\"},\"datePublished\":\"2017-06-27T16:39:41-03:00\",\"dateModified\":\"2017-06-27T16:39:41-03:00\"},{\"@type\":\"WebSite\",\"@id\":\"https:\\\/\\\/www.jornalja.com.br\\\/arquivo\\\/#website\",\"url\":\"https:\\\/\\\/www.jornalja.com.br\\\/arquivo\\\/\",\"name\":\"Arquivo\",\"description\":\"Jornal J\\u00c1 | Porto Alegre\",\"inLanguage\":\"pt-BR\",\"publisher\":{\"@id\":\"https:\\\/\\\/www.jornalja.com.br\\\/arquivo\\\/#organization\"}}]}\n\t\t<\/script>\n\t\t<!-- All in One SEO -->\n\n","aioseo_head_json":{"title":"Temer diz que den\u00fancia \u00e9 \"fic\u00e7\u00e3o\" e faz insinua\u00e7\u00f5es sobre Janot | Arquivo","description":"","canonical_url":"https:\/\/www.jornalja.com.br\/arquivo\/temer-diz-que-denuncia-e-ficcao-e-faz-insinuacoes-sobre-janot\/","robots":"max-image-preview:large","keywords":"","webmasterTools":{"miscellaneous":""},"schema":{"@context":"https:\/\/schema.org","@graph":[{"@type":"BlogPosting","@id":"https:\/\/www.jornalja.com.br\/arquivo\/temer-diz-que-denuncia-e-ficcao-e-faz-insinuacoes-sobre-janot\/#blogposting","name":"Temer diz que den\u00fancia \u00e9 \"fic\u00e7\u00e3o\" e faz insinua\u00e7\u00f5es sobre Janot | Arquivo","headline":"Temer diz que den\u00fancia \u00e9 &quot;fic\u00e7\u00e3o&quot; e faz insinua\u00e7\u00f5es sobre Janot","author":{"@id":"https:\/\/www.jornalja.com.br\/arquivo\/author\/daredacao\/#author"},"publisher":{"@id":"https:\/\/www.jornalja.com.br\/arquivo\/#organization"},"image":{"@type":"ImageObject","url":42919},"datePublished":"2017-06-27T16:39:41-03:00","dateModified":"2017-06-27T16:39:41-03:00","inLanguage":"pt-BR","mainEntityOfPage":{"@id":"https:\/\/www.jornalja.com.br\/arquivo\/temer-diz-que-denuncia-e-ficcao-e-faz-insinuacoes-sobre-janot\/#webpage"},"isPartOf":{"@id":"https:\/\/www.jornalja.com.br\/arquivo\/temer-diz-que-denuncia-e-ficcao-e-faz-insinuacoes-sobre-janot\/#webpage"},"articleSection":"Geral"},{"@type":"BreadcrumbList","@id":"https:\/\/www.jornalja.com.br\/arquivo\/temer-diz-que-denuncia-e-ficcao-e-faz-insinuacoes-sobre-janot\/#breadcrumblist","itemListElement":[{"@type":"ListItem","@id":"https:\/\/www.jornalja.com.br\/arquivo#listItem","position":1,"name":"Home","item":"https:\/\/www.jornalja.com.br\/arquivo","nextItem":{"@type":"ListItem","@id":"https:\/\/www.jornalja.com.br\/arquivo\/category\/geral\/#listItem","name":"Geral"}},{"@type":"ListItem","@id":"https:\/\/www.jornalja.com.br\/arquivo\/category\/geral\/#listItem","position":2,"name":"Geral","item":"https:\/\/www.jornalja.com.br\/arquivo\/category\/geral\/","nextItem":{"@type":"ListItem","@id":"https:\/\/www.jornalja.com.br\/arquivo\/temer-diz-que-denuncia-e-ficcao-e-faz-insinuacoes-sobre-janot\/#listItem","name":"Temer diz que den\u00fancia \u00e9 &quot;fic\u00e7\u00e3o&quot; e faz insinua\u00e7\u00f5es sobre Janot"},"previousItem":{"@type":"ListItem","@id":"https:\/\/www.jornalja.com.br\/arquivo#listItem","name":"Home"}},{"@type":"ListItem","@id":"https:\/\/www.jornalja.com.br\/arquivo\/temer-diz-que-denuncia-e-ficcao-e-faz-insinuacoes-sobre-janot\/#listItem","position":3,"name":"Temer diz que den\u00fancia \u00e9 &quot;fic\u00e7\u00e3o&quot; e faz insinua\u00e7\u00f5es sobre Janot","previousItem":{"@type":"ListItem","@id":"https:\/\/www.jornalja.com.br\/arquivo\/category\/geral\/#listItem","name":"Geral"}}]},{"@type":"Organization","@id":"https:\/\/www.jornalja.com.br\/arquivo\/#organization","name":"Jornal J\u00c1","description":"Jornal J\u00c1 | Porto Alegre","url":"https:\/\/www.jornalja.com.br\/arquivo\/","telephone":"+555133307272","logo":{"@type":"ImageObject","url":"https:\/\/www.jornalja.com.br\/wp-content\/uploads\/cards\/JAslogan.png","@id":"https:\/\/www.jornalja.com.br\/arquivo\/temer-diz-que-denuncia-e-ficcao-e-faz-insinuacoes-sobre-janot\/#organizationLogo"},"image":{"@id":"https:\/\/www.jornalja.com.br\/arquivo\/temer-diz-que-denuncia-e-ficcao-e-faz-insinuacoes-sobre-janot\/#organizationLogo"}},{"@type":"Person","@id":"https:\/\/www.jornalja.com.br\/arquivo\/author\/daredacao\/#author","url":"https:\/\/www.jornalja.com.br\/arquivo\/author\/daredacao\/","name":"da Reda\u00e7\u00e3o","image":{"@type":"ImageObject","@id":"https:\/\/www.jornalja.com.br\/arquivo\/temer-diz-que-denuncia-e-ficcao-e-faz-insinuacoes-sobre-janot\/#authorImage","url":"https:\/\/secure.gravatar.com\/avatar\/469fd857d6605ad19919d27ed29d35a968a25f6e8fd9318356bbb7f57aae9c65?s=96&d=mm&r=g","width":96,"height":96,"caption":"da Reda\u00e7\u00e3o"}},{"@type":"WebPage","@id":"https:\/\/www.jornalja.com.br\/arquivo\/temer-diz-que-denuncia-e-ficcao-e-faz-insinuacoes-sobre-janot\/#webpage","url":"https:\/\/www.jornalja.com.br\/arquivo\/temer-diz-que-denuncia-e-ficcao-e-faz-insinuacoes-sobre-janot\/","name":"Temer diz que den\u00fancia \u00e9 \"fic\u00e7\u00e3o\" e faz insinua\u00e7\u00f5es sobre Janot | Arquivo","inLanguage":"pt-BR","isPartOf":{"@id":"https:\/\/www.jornalja.com.br\/arquivo\/#website"},"breadcrumb":{"@id":"https:\/\/www.jornalja.com.br\/arquivo\/temer-diz-que-denuncia-e-ficcao-e-faz-insinuacoes-sobre-janot\/#breadcrumblist"},"author":{"@id":"https:\/\/www.jornalja.com.br\/arquivo\/author\/daredacao\/#author"},"creator":{"@id":"https:\/\/www.jornalja.com.br\/arquivo\/author\/daredacao\/#author"},"image":{"@type":"ImageObject","url":42919,"@id":"https:\/\/www.jornalja.com.br\/arquivo\/temer-diz-que-denuncia-e-ficcao-e-faz-insinuacoes-sobre-janot\/#mainImage"},"primaryImageOfPage":{"@id":"https:\/\/www.jornalja.com.br\/arquivo\/temer-diz-que-denuncia-e-ficcao-e-faz-insinuacoes-sobre-janot\/#mainImage"},"datePublished":"2017-06-27T16:39:41-03:00","dateModified":"2017-06-27T16:39:41-03:00"},{"@type":"WebSite","@id":"https:\/\/www.jornalja.com.br\/arquivo\/#website","url":"https:\/\/www.jornalja.com.br\/arquivo\/","name":"Arquivo","description":"Jornal J\u00c1 | Porto Alegre","inLanguage":"pt-BR","publisher":{"@id":"https:\/\/www.jornalja.com.br\/arquivo\/#organization"}}]},"og:locale":"pt_BR","og:site_name":"Arquivo | Jornal J\u00c1 | Porto Alegre","og:type":"article","og:title":"Temer diz que den\u00fancia \u00e9 &quot;fic\u00e7\u00e3o&quot; e faz insinua\u00e7\u00f5es sobre Janot | Arquivo","og:url":"https:\/\/www.jornalja.com.br\/arquivo\/temer-diz-que-denuncia-e-ficcao-e-faz-insinuacoes-sobre-janot\/","og:image":"https:\/\/www.jornalja.com.br\/economics\/wp-content\/uploads\/sites\/11\/2026\/08\/ja-folhaderosto-facebook.jpg","og:image:secure_url":"https:\/\/www.jornalja.com.br\/economics\/wp-content\/uploads\/sites\/11\/2026\/08\/ja-folhaderosto-facebook.jpg","article:published_time":"2017-06-27T19:39:41+00:00","article:modified_time":"2017-06-27T19:39:41+00:00","twitter:card":"summary","twitter:title":"Temer diz que den\u00fancia \u00e9 &quot;fic\u00e7\u00e3o&quot; e faz insinua\u00e7\u00f5es sobre Janot | Arquivo","twitter:image":"https:\/\/www.jornalja.com.br\/economics\/wp-content\/uploads\/sites\/11\/2026\/08\/ja-folhaderosto-facebook.jpg"},"aioseo_meta_data":{"post_id":"50600","title":null,"description":null,"keywords":null,"keyphrases":null,"primary_term":null,"canonical_url":null,"og_title":null,"og_description":null,"og_object_type":"default","og_image_type":"default","og_image_url":null,"og_image_width":null,"og_image_height":null,"og_image_custom_url":null,"og_image_custom_fields":null,"og_video":null,"og_custom_url":null,"og_article_section":null,"og_article_tags":null,"twitter_use_og":false,"twitter_card":"default","twitter_image_type":"default","twitter_image_url":null,"twitter_image_custom_url":null,"twitter_image_custom_fields":null,"twitter_title":null,"twitter_description":null,"schema":{"blockGraphs":[],"customGraphs":[],"default":{"data":{"Article":[],"Course":[],"Dataset":[],"FAQPage":[],"Movie":[],"Person":[],"Product":[],"ProductReview":[],"Car":[],"Recipe":[],"Service":[],"SoftwareApplication":[],"WebPage":[]},"graphName":"","isEnabled":true},"graphs":[],"defaultGraph":"","defaultPostTypeGraph":""},"schema_type":null,"schema_type_options":null,"pillar_content":false,"robots_default":true,"robots_noindex":false,"robots_noarchive":false,"robots_nosnippet":false,"robots_nofollow":false,"robots_noimageindex":false,"robots_noodp":false,"robots_notranslate":false,"robots_max_snippet":null,"robots_max_videopreview":null,"robots_max_imagepreview":"large","priority":null,"frequency":null,"location":null,"local_seo":null,"breadcrumb_settings":null,"limit_modified_date":false,"ai":null,"created":"2020-12-20 20:30:49","updated":"2025-07-19 22:33:20","seo_analyzer_scan_date":null,"focus_keyword":null,"additional_keywords":null,"truseo_locale":null},"jetpack_sharing_enabled":true,"jetpack-related-posts":[{"id":13239,"url":"https:\/\/www.jornalja.com.br\/arquivo\/conselho-desdenha-do-plano-diretor\/","url_meta":{"origin":50600,"position":0},"title":"Porto Alegre: Conselho detona Plano Diretor","author":"Patr\u00edcia Marini","date":"25 de maio de 2014","format":false,"excerpt":"Den\u00fancia do arquiteto e \u00a0urbanista Ibir\u00e1 Santos Lucas. Ele diz que os conselheiros est\u00e3o votando com \"enorme irresponsabilidade\". \"Mudam regime com a maior naturalidade,,,regularizam absurdos de constru\u00e7\u00f5es irregulares... \"O CMDUA est\u00e1 flexibilizando a lei do plano diretor, de uma forma impactante na vida da cidade. Mudam regime com a maior\u2026","rel":"","context":"Em &quot;Geral&quot;","block_context":{"text":"Geral","link":"https:\/\/www.jornalja.com.br\/arquivo\/category\/geral\/"},"img":{"alt_text":"","src":"","width":0,"height":0},"classes":[]},{"id":13109,"url":"https:\/\/www.jornalja.com.br\/arquivo\/judiciario-reconhece-poluicao-eletromagnetica\/","url_meta":{"origin":50600,"position":1},"title":"Judici\u00e1rio reconhece polui\u00e7\u00e3o eletromagn\u00e9tica","author":"Patr\u00edcia Marini","date":"16 de maio de 2014","format":false,"excerpt":"A\u00e7\u00e3o de duas associa\u00e7\u00f5es de moradores foi acolhida pelo Tribunal de Justi\u00e7a de S\u00e3o Paulo que. em decis\u00e3o in\u00e9dita, determinou a redu\u00e7\u00e3o do campo eletromagn\u00e9tico gerado pelas linhas de transmiss\u00e3o de energia que cortam os bairros City Boa\u00e7ava e Alto de Pinheiros. \u00c9 a primeira vez que um tribunal do\u2026","rel":"","context":"Em &quot;X.Categorias velhas&quot;","block_context":{"text":"X.Categorias velhas","link":"https:\/\/www.jornalja.com.br\/arquivo\/category\/x-categorias-velhas\/"},"img":{"alt_text":"","src":"","width":0,"height":0},"classes":[]},{"id":13240,"url":"https:\/\/www.jornalja.com.br\/arquivo\/plano-diretor-estamos-construindo-o-caos\/","url_meta":{"origin":50600,"position":2},"title":"Plano diretor: &quot;Estamos construindo o caos&quot;","author":"Patr\u00edcia Marini","date":"26 de maio de 2014","format":false,"excerpt":"Desabafo que arquiteta Eliana Castilhos, delegada da Regi\u00e3o de Planejamento 1, postou nas redes sociais \u00e9 um testemunho do ambiente que se criou no Conselho do Plano Diretor de Porto Alegre, onde a aprova\u00e7\u00e3o de grandes empreendimentos \u00e9 empurrada guela abaixo dos conselheiros. Ao CMDUA Como delegada da Regi\u00e3o de\u2026","rel":"","context":"Em &quot;Geral&quot;","block_context":{"text":"Geral","link":"https:\/\/www.jornalja.com.br\/arquivo\/category\/geral\/"},"img":{"alt_text":"","src":"","width":0,"height":0},"classes":[]},{"id":14241,"url":"https:\/\/www.jornalja.com.br\/arquivo\/o-guaiba-nas-imagens-poeticas-de-achutti\/","url_meta":{"origin":50600,"position":3},"title":"O Gua\u00edba nas imagens po\u00e9ticas de Achutti","author":"da Reda\u00e7\u00e3o","date":"18 de junho de 2014","format":false,"excerpt":"Em \u201cO Gua\u00edba por Achutti\u201d \u2013 obra financiada via Minist\u00e9rio da Cultura, produ\u00e7\u00e3o executiva de Pedro Longhi, e Fl\u00e1vio Wild como designer \u2013, o fot\u00f3grafo revela a beleza e as mazelas de um espa\u00e7o aqu\u00e1tico de \u00e1guas sempre renovadas, cheio de hist\u00f3rias e lendas como as das cidades que foram\u2026","rel":"","context":"Em &quot;Cultura-Geral&quot;","block_context":{"text":"Cultura-Geral","link":"https:\/\/www.jornalja.com.br\/arquivo\/category\/materiasecundaria\/"},"img":{"alt_text":"","src":"","width":0,"height":0},"classes":[]},{"id":5440,"url":"https:\/\/www.jornalja.com.br\/arquivo\/casarao-da-venancio-destino-permanece-incerto\/","url_meta":{"origin":50600,"position":4},"title":"Estado ainda n\u00e3o sabe o que fazer com casar\u00e3o abandonado h\u00e1 20 anos","author":"Elmar Bones","date":"6 de julho de 2009","format":false,"excerpt":"O casar\u00e3o amarelo, numa esquina nobre de Porto Alegre (Ven\u00e2ncio Aires com Jo\u00e3o Pessoa), j\u00e1 abrigou uma escola. H\u00e1 duas d\u00e9cadas, pelo menos, est\u00e1 abandonado, porque seu propriet\u00e1rio, o governo do Estado do Rio Grande do Sul, n\u00e3o consegue achar um destino para ele. Planos n\u00e3o faltaram. O governador Ol\u00edvio\u2026","rel":"","context":"Em &quot;X.Categorias velhas&quot;","block_context":{"text":"X.Categorias velhas","link":"https:\/\/www.jornalja.com.br\/arquivo\/category\/x-categorias-velhas\/"},"img":{"alt_text":"geraldo1","src":"https:\/\/i0.wp.com\/www.jornalja.com.br\/wp-content\/uploads\/2009\/07\/geraldo1.jpg?resize=350%2C200&ssl=1","width":350,"height":200},"classes":[]},{"id":13124,"url":"https:\/\/www.jornalja.com.br\/arquivo\/sangue-latino-no-iecine\/","url_meta":{"origin":50600,"position":5},"title":"Sangue latino no IECINE","author":"da Reda\u00e7\u00e3o","date":"18 de maio de 2014","format":false,"excerpt":"Francisco Ribeiro O Instituto Estadual de Cinema (IECINE) tem a frente, desde abril \u00faltimo, um novo diretor, o cineasta colombiano Juan Zapata, 36, que substitui Luiz Alberto Cassol. Radicado h\u00e1 dez anos em Porto Alegre, Zapata tem diante de si o desafio de conduzir at\u00e9 o final do ano um\u2026","rel":"","context":"Em &quot;Cultura-Geral&quot;","block_context":{"text":"Cultura-Geral","link":"https:\/\/www.jornalja.com.br\/arquivo\/category\/materiasecundaria\/"},"img":{"alt_text":"","src":"","width":0,"height":0},"classes":[]}],"jetpack_shortlink":"https:\/\/wp.me\/pbQjBd-da8","jetpack_featured_media_url":"","_links":{"self":[{"href":"https:\/\/www.jornalja.com.br\/arquivo\/wp-json\/wp\/v2\/posts\/50600","targetHints":{"allow":["GET"]}}],"collection":[{"href":"https:\/\/www.jornalja.com.br\/arquivo\/wp-json\/wp\/v2\/posts"}],"about":[{"href":"https:\/\/www.jornalja.com.br\/arquivo\/wp-json\/wp\/v2\/types\/post"}],"author":[{"embeddable":true,"href":"https:\/\/www.jornalja.com.br\/arquivo\/wp-json\/wp\/v2\/users\/4"}],"replies":[{"embeddable":true,"href":"https:\/\/www.jornalja.com.br\/arquivo\/wp-json\/wp\/v2\/comments?post=50600"}],"version-history":[{"count":0,"href":"https:\/\/www.jornalja.com.br\/arquivo\/wp-json\/wp\/v2\/posts\/50600\/revisions"}],"wp:attachment":[{"href":"https:\/\/www.jornalja.com.br\/arquivo\/wp-json\/wp\/v2\/media?parent=50600"}],"wp:term":[{"taxonomy":"category","embeddable":true,"href":"https:\/\/www.jornalja.com.br\/arquivo\/wp-json\/wp\/v2\/categories?post=50600"},{"taxonomy":"post_tag","embeddable":true,"href":"https:\/\/www.jornalja.com.br\/arquivo\/wp-json\/wp\/v2\/tags?post=50600"}],"curies":[{"name":"wp","href":"https:\/\/api.w.org\/{rel}","templated":true}]}}