{"id":50626,"date":"2017-06-27T21:43:40","date_gmt":"2017-06-28T00:43:40","guid":{"rendered":"https:\/\/www.jornalja.com.br\/?p=50626"},"modified":"2017-06-27T21:43:40","modified_gmt":"2017-06-28T00:43:40","slug":"associacao-de-familiares-de-vitimas-da-kiss-divulga-nota-sobe-proposta-do-mp-para-absolvicao-de-pais","status":"publish","type":"post","link":"https:\/\/www.jornalja.com.br\/arquivo\/associacao-de-familiares-de-vitimas-da-kiss-divulga-nota-sobe-proposta-do-mp-para-absolvicao-de-pais\/","title":{"rendered":"Pais de v\u00edtimas da Kiss divulgam nota sobre pedido de absolvi\u00e7\u00e3o pelo MP"},"content":{"rendered":"<p>Ap\u00f3s a manifesta\u00e7\u00e3o na segunda-feira do procurador-geral de justi\u00e7a Fabiano Dallazen, que anunciou a inten\u00e7\u00e3o de pedir na Justi\u00e7a em Santa Maria a absolvi\u00e7\u00e3o dos pais de v\u00edtimas da trag\u00e9dia da Kiss processado por membros do Minist\u00e9rio P\u00fablico por cal\u00fania, a associa\u00e7\u00e3o de familiares de v\u00edtimas divulgou nota em \u00e9 importante que fique claro na proposta que os quatro pais processados sejam inocentados: <em>importante que seja entendido que dos quatro pais processados, uma m\u00e3e est\u00e1 sendo processada por um advogado particular, promotor aposentado, em Santa Maria e, portanto, ela tem que ser inclu\u00edda nessa a\u00e7\u00e3o de n\u00e3o condenar qualquer pai. N\u00e3o poderemos aceitar nada diferente disso. N\u00e3o se pode aceitar que qualquer pai seja processado simplesmente por pedir Justi\u00e7a.<\/em><br \/>\n<strong>Confira a nota na \u00edntegra:<\/strong><br \/>\nA Associa\u00e7\u00e3o dos Familiares de V\u00edtimas e Sobreviventes da Trag\u00e9dia de Santa Maria (AVTSM) foi informada a respeito da manifesta\u00e7\u00e3o do procurador-geral de Justi\u00e7a do RS, Fabiano Dallazen, de que pretende pedir a absolvi\u00e7\u00e3o dos pais processados por promotores de Justi\u00e7a.<br \/>\nAinda temos que saber exatamente o conte\u00fado e o teor dos pedidos do MP\/RS que ser\u00e3o encaminhados ao Judici\u00e1rio para uma an\u00e1lise mais profunda.<br \/>\nO reconhecimento, mesmo que tardio, do absurdo processo contra pais que manifestaram seus sentimentos de injusti\u00e7a (e que foram corroborados por profissionais do Direito que leram os processos) \u00e9 importante para seguirmos mais fortes na busca por Justi\u00e7a.<br \/>\nComo sempre dissemos, n\u00e3o se trata de ca\u00e7a \u00e0s bruxas, mas que todos os envolvidos sejam responsabilizados, cada qual com seu grau de culpa.<br \/>\nImportante que seja entendido que dos quatro pais processados, uma m\u00e3e est\u00e1 sendo processada por um advogado particular, promotor aposentado, em Santa Maria e, portanto, ela tem que ser inclu\u00edda nessa a\u00e7\u00e3o de n\u00e3o condenar qualquer pai.<br \/>\nN\u00e3o poderemos aceitar nada diferente disso. N\u00e3o se pode aceitar que qualquer pai seja processado simplesmente por pedir Justi\u00e7a.<br \/>\nA nossa busca por justi\u00e7a plena continua e sempre foi esse o nosso objetivo. Doa a quem doer.<br \/>\nPor \u00faltimo, agradecemos a todos que se manifestaram a favor dos pais. A opini\u00e3o p\u00fablica foi o fator mais importante desse reconhecimento. A esses que se manifestaram com o amor aos seus filhos, temos a certeza que eles ser\u00e3o agraciados no futuro.<\/p>\n","protected":false},"excerpt":{"rendered":"<p>Ap\u00f3s a manifesta\u00e7\u00e3o na segunda-feira do procurador-geral de justi\u00e7a Fabiano Dallazen, que anunciou a inten\u00e7\u00e3o de pedir na Justi\u00e7a em Santa Maria a absolvi\u00e7\u00e3o dos pais de v\u00edtimas da trag\u00e9dia da Kiss processado por membros do Minist\u00e9rio P\u00fablico por cal\u00fania, a associa\u00e7\u00e3o de familiares de v\u00edtimas divulgou nota em \u00e9 importante que fique claro na [&hellip;]<\/p>\n","protected":false},"author":4,"featured_media":0,"comment_status":"open","ping_status":"closed","sticky":false,"template":"","format":"standard","meta":{"_jetpack_newsletter_access":"","_jetpack_dont_email_post_to_subs":false,"_jetpack_newsletter_tier_id":0,"_jetpack_memberships_contains_paywalled_content":false,"_jetpack_feature_clip_id":0,"_jetpack_memberships_contains_paid_content":false,"footnotes":"","jetpack_post_was_ever_published":false},"categories":[2022],"tags":[],"class_list":["post-50626","post","type-post","status-publish","format-standard","hentry","category-notas"],"aioseo_notices":[],"aioseo_head":"\n\t\t<!-- All in One SEO 5.0.1.1 - aioseo.com -->\n\t<meta name=\"robots\" content=\"max-image-preview:large\" \/>\n\t<meta name=\"author\" content=\"da Reda\u00e7\u00e3o\"\/>\n\t<link rel=\"canonical\" href=\"https:\/\/www.jornalja.com.br\/arquivo\/associacao-de-familiares-de-vitimas-da-kiss-divulga-nota-sobe-proposta-do-mp-para-absolvicao-de-pais\/\" \/>\n\t<meta name=\"generator\" content=\"All in One SEO (AIOSEO) 5.0.1.1\" \/>\n\t\t<meta property=\"og:locale\" content=\"pt_BR\" \/>\n\t\t<meta property=\"og:site_name\" content=\"Arquivo | Jornal J\u00c1 | Porto Alegre\" \/>\n\t\t<meta property=\"og:type\" content=\"article\" \/>\n\t\t<meta property=\"og:title\" content=\"Pais de v\u00edtimas da Kiss divulgam nota sobre pedido de absolvi\u00e7\u00e3o pelo MP | Arquivo\" \/>\n\t\t<meta property=\"og:url\" content=\"https:\/\/www.jornalja.com.br\/arquivo\/associacao-de-familiares-de-vitimas-da-kiss-divulga-nota-sobe-proposta-do-mp-para-absolvicao-de-pais\/\" \/>\n\t\t<meta property=\"og:image\" content=\"https:\/\/www.jornalja.com.br\/economics\/wp-content\/uploads\/sites\/11\/2026\/08\/ja-folhaderosto-facebook.jpg\" \/>\n\t\t<meta property=\"og:image:secure_url\" content=\"https:\/\/www.jornalja.com.br\/economics\/wp-content\/uploads\/sites\/11\/2026\/08\/ja-folhaderosto-facebook.jpg\" \/>\n\t\t<meta property=\"article:published_time\" content=\"2017-06-28T00:43:40+00:00\" \/>\n\t\t<meta property=\"article:modified_time\" content=\"2017-06-28T00:43:40+00:00\" \/>\n\t\t<meta name=\"twitter:card\" content=\"summary\" \/>\n\t\t<meta name=\"twitter:title\" content=\"Pais de v\u00edtimas da Kiss divulgam nota sobre pedido de absolvi\u00e7\u00e3o pelo MP | Arquivo\" \/>\n\t\t<meta name=\"twitter:image\" content=\"https:\/\/www.jornalja.com.br\/economics\/wp-content\/uploads\/sites\/11\/2026\/08\/ja-folhaderosto-facebook.jpg\" \/>\n\t\t<script type=\"application\/ld+json\" class=\"aioseo-schema\">\n\t\t\t{\"@context\":\"https:\\\/\\\/schema.org\",\"@graph\":[{\"@type\":\"BlogPosting\",\"@id\":\"https:\\\/\\\/www.jornalja.com.br\\\/arquivo\\\/associacao-de-familiares-de-vitimas-da-kiss-divulga-nota-sobe-proposta-do-mp-para-absolvicao-de-pais\\\/#blogposting\",\"name\":\"Pais de v\\u00edtimas da Kiss divulgam nota sobre pedido de absolvi\\u00e7\\u00e3o pelo MP | Arquivo\",\"headline\":\"Pais de v\\u00edtimas da Kiss divulgam nota sobre pedido de absolvi\\u00e7\\u00e3o pelo MP\",\"author\":{\"@id\":\"https:\\\/\\\/www.jornalja.com.br\\\/arquivo\\\/author\\\/daredacao\\\/#author\"},\"publisher\":{\"@id\":\"https:\\\/\\\/www.jornalja.com.br\\\/arquivo\\\/#organization\"},\"image\":{\"@type\":\"ImageObject\",\"url\":\"https:\\\/\\\/www.jornalja.com.br\\\/wp-content\\\/uploads\\\/cards\\\/JAslogan.png\",\"@id\":\"https:\\\/\\\/www.jornalja.com.br\\\/arquivo\\\/#articleImage\"},\"datePublished\":\"2017-06-27T21:43:40-03:00\",\"dateModified\":\"2017-06-27T21:43:40-03:00\",\"inLanguage\":\"pt-BR\",\"mainEntityOfPage\":{\"@id\":\"https:\\\/\\\/www.jornalja.com.br\\\/arquivo\\\/associacao-de-familiares-de-vitimas-da-kiss-divulga-nota-sobe-proposta-do-mp-para-absolvicao-de-pais\\\/#webpage\"},\"isPartOf\":{\"@id\":\"https:\\\/\\\/www.jornalja.com.br\\\/arquivo\\\/associacao-de-familiares-de-vitimas-da-kiss-divulga-nota-sobe-proposta-do-mp-para-absolvicao-de-pais\\\/#webpage\"},\"articleSection\":\"NOTAS\"},{\"@type\":\"BreadcrumbList\",\"@id\":\"https:\\\/\\\/www.jornalja.com.br\\\/arquivo\\\/associacao-de-familiares-de-vitimas-da-kiss-divulga-nota-sobe-proposta-do-mp-para-absolvicao-de-pais\\\/#breadcrumblist\",\"itemListElement\":[{\"@type\":\"ListItem\",\"@id\":\"https:\\\/\\\/www.jornalja.com.br\\\/arquivo#listItem\",\"position\":1,\"name\":\"Home\",\"item\":\"https:\\\/\\\/www.jornalja.com.br\\\/arquivo\",\"nextItem\":{\"@type\":\"ListItem\",\"@id\":\"https:\\\/\\\/www.jornalja.com.br\\\/arquivo\\\/category\\\/notas\\\/#listItem\",\"name\":\"NOTAS\"}},{\"@type\":\"ListItem\",\"@id\":\"https:\\\/\\\/www.jornalja.com.br\\\/arquivo\\\/category\\\/notas\\\/#listItem\",\"position\":2,\"name\":\"NOTAS\",\"item\":\"https:\\\/\\\/www.jornalja.com.br\\\/arquivo\\\/category\\\/notas\\\/\",\"nextItem\":{\"@type\":\"ListItem\",\"@id\":\"https:\\\/\\\/www.jornalja.com.br\\\/arquivo\\\/associacao-de-familiares-de-vitimas-da-kiss-divulga-nota-sobe-proposta-do-mp-para-absolvicao-de-pais\\\/#listItem\",\"name\":\"Pais de v\\u00edtimas da Kiss divulgam nota sobre pedido de absolvi\\u00e7\\u00e3o pelo MP\"},\"previousItem\":{\"@type\":\"ListItem\",\"@id\":\"https:\\\/\\\/www.jornalja.com.br\\\/arquivo#listItem\",\"name\":\"Home\"}},{\"@type\":\"ListItem\",\"@id\":\"https:\\\/\\\/www.jornalja.com.br\\\/arquivo\\\/associacao-de-familiares-de-vitimas-da-kiss-divulga-nota-sobe-proposta-do-mp-para-absolvicao-de-pais\\\/#listItem\",\"position\":3,\"name\":\"Pais de v\\u00edtimas da Kiss divulgam nota sobre pedido de absolvi\\u00e7\\u00e3o pelo MP\",\"previousItem\":{\"@type\":\"ListItem\",\"@id\":\"https:\\\/\\\/www.jornalja.com.br\\\/arquivo\\\/category\\\/notas\\\/#listItem\",\"name\":\"NOTAS\"}}]},{\"@type\":\"Organization\",\"@id\":\"https:\\\/\\\/www.jornalja.com.br\\\/arquivo\\\/#organization\",\"name\":\"Jornal J\\u00c1\",\"description\":\"Jornal J\\u00c1 | Porto Alegre\",\"url\":\"https:\\\/\\\/www.jornalja.com.br\\\/arquivo\\\/\",\"telephone\":\"+555133307272\",\"logo\":{\"@type\":\"ImageObject\",\"url\":\"https:\\\/\\\/www.jornalja.com.br\\\/wp-content\\\/uploads\\\/cards\\\/JAslogan.png\",\"@id\":\"https:\\\/\\\/www.jornalja.com.br\\\/arquivo\\\/associacao-de-familiares-de-vitimas-da-kiss-divulga-nota-sobe-proposta-do-mp-para-absolvicao-de-pais\\\/#organizationLogo\"},\"image\":{\"@id\":\"https:\\\/\\\/www.jornalja.com.br\\\/arquivo\\\/associacao-de-familiares-de-vitimas-da-kiss-divulga-nota-sobe-proposta-do-mp-para-absolvicao-de-pais\\\/#organizationLogo\"}},{\"@type\":\"Person\",\"@id\":\"https:\\\/\\\/www.jornalja.com.br\\\/arquivo\\\/author\\\/daredacao\\\/#author\",\"url\":\"https:\\\/\\\/www.jornalja.com.br\\\/arquivo\\\/author\\\/daredacao\\\/\",\"name\":\"da Reda\\u00e7\\u00e3o\",\"image\":{\"@type\":\"ImageObject\",\"@id\":\"https:\\\/\\\/www.jornalja.com.br\\\/arquivo\\\/associacao-de-familiares-de-vitimas-da-kiss-divulga-nota-sobe-proposta-do-mp-para-absolvicao-de-pais\\\/#authorImage\",\"url\":\"https:\\\/\\\/secure.gravatar.com\\\/avatar\\\/469fd857d6605ad19919d27ed29d35a968a25f6e8fd9318356bbb7f57aae9c65?s=96&d=mm&r=g\",\"width\":96,\"height\":96,\"caption\":\"da Reda\\u00e7\\u00e3o\"}},{\"@type\":\"WebPage\",\"@id\":\"https:\\\/\\\/www.jornalja.com.br\\\/arquivo\\\/associacao-de-familiares-de-vitimas-da-kiss-divulga-nota-sobe-proposta-do-mp-para-absolvicao-de-pais\\\/#webpage\",\"url\":\"https:\\\/\\\/www.jornalja.com.br\\\/arquivo\\\/associacao-de-familiares-de-vitimas-da-kiss-divulga-nota-sobe-proposta-do-mp-para-absolvicao-de-pais\\\/\",\"name\":\"Pais de v\\u00edtimas da Kiss divulgam nota sobre pedido de absolvi\\u00e7\\u00e3o pelo MP | Arquivo\",\"inLanguage\":\"pt-BR\",\"isPartOf\":{\"@id\":\"https:\\\/\\\/www.jornalja.com.br\\\/arquivo\\\/#website\"},\"breadcrumb\":{\"@id\":\"https:\\\/\\\/www.jornalja.com.br\\\/arquivo\\\/associacao-de-familiares-de-vitimas-da-kiss-divulga-nota-sobe-proposta-do-mp-para-absolvicao-de-pais\\\/#breadcrumblist\"},\"author\":{\"@id\":\"https:\\\/\\\/www.jornalja.com.br\\\/arquivo\\\/author\\\/daredacao\\\/#author\"},\"creator\":{\"@id\":\"https:\\\/\\\/www.jornalja.com.br\\\/arquivo\\\/author\\\/daredacao\\\/#author\"},\"datePublished\":\"2017-06-27T21:43:40-03:00\",\"dateModified\":\"2017-06-27T21:43:40-03:00\"},{\"@type\":\"WebSite\",\"@id\":\"https:\\\/\\\/www.jornalja.com.br\\\/arquivo\\\/#website\",\"url\":\"https:\\\/\\\/www.jornalja.com.br\\\/arquivo\\\/\",\"name\":\"Arquivo\",\"description\":\"Jornal J\\u00c1 | Porto Alegre\",\"inLanguage\":\"pt-BR\",\"publisher\":{\"@id\":\"https:\\\/\\\/www.jornalja.com.br\\\/arquivo\\\/#organization\"}}]}\n\t\t<\/script>\n\t\t<!-- All in One SEO -->\n\n","aioseo_head_json":{"title":"Pais de v\u00edtimas da Kiss divulgam nota sobre pedido de absolvi\u00e7\u00e3o pelo MP | Arquivo","description":"","canonical_url":"https:\/\/www.jornalja.com.br\/arquivo\/associacao-de-familiares-de-vitimas-da-kiss-divulga-nota-sobe-proposta-do-mp-para-absolvicao-de-pais\/","robots":"max-image-preview:large","keywords":"","webmasterTools":{"miscellaneous":""},"schema":{"@context":"https:\/\/schema.org","@graph":[{"@type":"BlogPosting","@id":"https:\/\/www.jornalja.com.br\/arquivo\/associacao-de-familiares-de-vitimas-da-kiss-divulga-nota-sobe-proposta-do-mp-para-absolvicao-de-pais\/#blogposting","name":"Pais de v\u00edtimas da Kiss divulgam nota sobre pedido de absolvi\u00e7\u00e3o pelo MP | Arquivo","headline":"Pais de v\u00edtimas da Kiss divulgam nota sobre pedido de absolvi\u00e7\u00e3o pelo MP","author":{"@id":"https:\/\/www.jornalja.com.br\/arquivo\/author\/daredacao\/#author"},"publisher":{"@id":"https:\/\/www.jornalja.com.br\/arquivo\/#organization"},"image":{"@type":"ImageObject","url":"https:\/\/www.jornalja.com.br\/wp-content\/uploads\/cards\/JAslogan.png","@id":"https:\/\/www.jornalja.com.br\/arquivo\/#articleImage"},"datePublished":"2017-06-27T21:43:40-03:00","dateModified":"2017-06-27T21:43:40-03:00","inLanguage":"pt-BR","mainEntityOfPage":{"@id":"https:\/\/www.jornalja.com.br\/arquivo\/associacao-de-familiares-de-vitimas-da-kiss-divulga-nota-sobe-proposta-do-mp-para-absolvicao-de-pais\/#webpage"},"isPartOf":{"@id":"https:\/\/www.jornalja.com.br\/arquivo\/associacao-de-familiares-de-vitimas-da-kiss-divulga-nota-sobe-proposta-do-mp-para-absolvicao-de-pais\/#webpage"},"articleSection":"NOTAS"},{"@type":"BreadcrumbList","@id":"https:\/\/www.jornalja.com.br\/arquivo\/associacao-de-familiares-de-vitimas-da-kiss-divulga-nota-sobe-proposta-do-mp-para-absolvicao-de-pais\/#breadcrumblist","itemListElement":[{"@type":"ListItem","@id":"https:\/\/www.jornalja.com.br\/arquivo#listItem","position":1,"name":"Home","item":"https:\/\/www.jornalja.com.br\/arquivo","nextItem":{"@type":"ListItem","@id":"https:\/\/www.jornalja.com.br\/arquivo\/category\/notas\/#listItem","name":"NOTAS"}},{"@type":"ListItem","@id":"https:\/\/www.jornalja.com.br\/arquivo\/category\/notas\/#listItem","position":2,"name":"NOTAS","item":"https:\/\/www.jornalja.com.br\/arquivo\/category\/notas\/","nextItem":{"@type":"ListItem","@id":"https:\/\/www.jornalja.com.br\/arquivo\/associacao-de-familiares-de-vitimas-da-kiss-divulga-nota-sobe-proposta-do-mp-para-absolvicao-de-pais\/#listItem","name":"Pais de v\u00edtimas da Kiss divulgam nota sobre pedido de absolvi\u00e7\u00e3o pelo MP"},"previousItem":{"@type":"ListItem","@id":"https:\/\/www.jornalja.com.br\/arquivo#listItem","name":"Home"}},{"@type":"ListItem","@id":"https:\/\/www.jornalja.com.br\/arquivo\/associacao-de-familiares-de-vitimas-da-kiss-divulga-nota-sobe-proposta-do-mp-para-absolvicao-de-pais\/#listItem","position":3,"name":"Pais de v\u00edtimas da Kiss divulgam nota sobre pedido de absolvi\u00e7\u00e3o pelo MP","previousItem":{"@type":"ListItem","@id":"https:\/\/www.jornalja.com.br\/arquivo\/category\/notas\/#listItem","name":"NOTAS"}}]},{"@type":"Organization","@id":"https:\/\/www.jornalja.com.br\/arquivo\/#organization","name":"Jornal J\u00c1","description":"Jornal J\u00c1 | Porto Alegre","url":"https:\/\/www.jornalja.com.br\/arquivo\/","telephone":"+555133307272","logo":{"@type":"ImageObject","url":"https:\/\/www.jornalja.com.br\/wp-content\/uploads\/cards\/JAslogan.png","@id":"https:\/\/www.jornalja.com.br\/arquivo\/associacao-de-familiares-de-vitimas-da-kiss-divulga-nota-sobe-proposta-do-mp-para-absolvicao-de-pais\/#organizationLogo"},"image":{"@id":"https:\/\/www.jornalja.com.br\/arquivo\/associacao-de-familiares-de-vitimas-da-kiss-divulga-nota-sobe-proposta-do-mp-para-absolvicao-de-pais\/#organizationLogo"}},{"@type":"Person","@id":"https:\/\/www.jornalja.com.br\/arquivo\/author\/daredacao\/#author","url":"https:\/\/www.jornalja.com.br\/arquivo\/author\/daredacao\/","name":"da Reda\u00e7\u00e3o","image":{"@type":"ImageObject","@id":"https:\/\/www.jornalja.com.br\/arquivo\/associacao-de-familiares-de-vitimas-da-kiss-divulga-nota-sobe-proposta-do-mp-para-absolvicao-de-pais\/#authorImage","url":"https:\/\/secure.gravatar.com\/avatar\/469fd857d6605ad19919d27ed29d35a968a25f6e8fd9318356bbb7f57aae9c65?s=96&d=mm&r=g","width":96,"height":96,"caption":"da Reda\u00e7\u00e3o"}},{"@type":"WebPage","@id":"https:\/\/www.jornalja.com.br\/arquivo\/associacao-de-familiares-de-vitimas-da-kiss-divulga-nota-sobe-proposta-do-mp-para-absolvicao-de-pais\/#webpage","url":"https:\/\/www.jornalja.com.br\/arquivo\/associacao-de-familiares-de-vitimas-da-kiss-divulga-nota-sobe-proposta-do-mp-para-absolvicao-de-pais\/","name":"Pais de v\u00edtimas da Kiss divulgam nota sobre pedido de absolvi\u00e7\u00e3o pelo MP | Arquivo","inLanguage":"pt-BR","isPartOf":{"@id":"https:\/\/www.jornalja.com.br\/arquivo\/#website"},"breadcrumb":{"@id":"https:\/\/www.jornalja.com.br\/arquivo\/associacao-de-familiares-de-vitimas-da-kiss-divulga-nota-sobe-proposta-do-mp-para-absolvicao-de-pais\/#breadcrumblist"},"author":{"@id":"https:\/\/www.jornalja.com.br\/arquivo\/author\/daredacao\/#author"},"creator":{"@id":"https:\/\/www.jornalja.com.br\/arquivo\/author\/daredacao\/#author"},"datePublished":"2017-06-27T21:43:40-03:00","dateModified":"2017-06-27T21:43:40-03:00"},{"@type":"WebSite","@id":"https:\/\/www.jornalja.com.br\/arquivo\/#website","url":"https:\/\/www.jornalja.com.br\/arquivo\/","name":"Arquivo","description":"Jornal J\u00c1 | Porto Alegre","inLanguage":"pt-BR","publisher":{"@id":"https:\/\/www.jornalja.com.br\/arquivo\/#organization"}}]},"og:locale":"pt_BR","og:site_name":"Arquivo | Jornal J\u00c1 | Porto Alegre","og:type":"article","og:title":"Pais de v\u00edtimas da Kiss divulgam nota sobre pedido de absolvi\u00e7\u00e3o pelo MP | Arquivo","og:url":"https:\/\/www.jornalja.com.br\/arquivo\/associacao-de-familiares-de-vitimas-da-kiss-divulga-nota-sobe-proposta-do-mp-para-absolvicao-de-pais\/","og:image":"https:\/\/www.jornalja.com.br\/economics\/wp-content\/uploads\/sites\/11\/2026\/08\/ja-folhaderosto-facebook.jpg","og:image:secure_url":"https:\/\/www.jornalja.com.br\/economics\/wp-content\/uploads\/sites\/11\/2026\/08\/ja-folhaderosto-facebook.jpg","article:published_time":"2017-06-28T00:43:40+00:00","article:modified_time":"2017-06-28T00:43:40+00:00","twitter:card":"summary","twitter:title":"Pais de v\u00edtimas da Kiss divulgam nota sobre pedido de absolvi\u00e7\u00e3o pelo MP | Arquivo","twitter:image":"https:\/\/www.jornalja.com.br\/economics\/wp-content\/uploads\/sites\/11\/2026\/08\/ja-folhaderosto-facebook.jpg"},"aioseo_meta_data":{"post_id":"50626","title":null,"description":null,"keywords":null,"keyphrases":null,"primary_term":null,"canonical_url":null,"og_title":null,"og_description":null,"og_object_type":"default","og_image_type":"default","og_image_url":null,"og_image_width":null,"og_image_height":null,"og_image_custom_url":null,"og_image_custom_fields":null,"og_video":null,"og_custom_url":null,"og_article_section":null,"og_article_tags":null,"twitter_use_og":false,"twitter_card":"default","twitter_image_type":"default","twitter_image_url":null,"twitter_image_custom_url":null,"twitter_image_custom_fields":null,"twitter_title":null,"twitter_description":null,"schema":{"blockGraphs":[],"customGraphs":[],"default":{"data":{"Article":[],"Course":[],"Dataset":[],"FAQPage":[],"Movie":[],"Person":[],"Product":[],"ProductReview":[],"Car":[],"Recipe":[],"Service":[],"SoftwareApplication":[],"WebPage":[]},"graphName":"","isEnabled":true},"graphs":[],"defaultGraph":"","defaultPostTypeGraph":""},"schema_type":null,"schema_type_options":null,"pillar_content":false,"robots_default":true,"robots_noindex":false,"robots_noarchive":false,"robots_nosnippet":false,"robots_nofollow":false,"robots_noimageindex":false,"robots_noodp":false,"robots_notranslate":false,"robots_max_snippet":null,"robots_max_videopreview":null,"robots_max_imagepreview":"large","priority":null,"frequency":null,"location":null,"local_seo":null,"breadcrumb_settings":null,"limit_modified_date":false,"ai":null,"created":"2020-12-20 20:30:49","updated":"2025-07-19 22:33:20","seo_analyzer_scan_date":null,"focus_keyword":null,"additional_keywords":null,"truseo_locale":null},"jetpack_sharing_enabled":true,"jetpack-related-posts":[{"id":13109,"url":"https:\/\/www.jornalja.com.br\/arquivo\/judiciario-reconhece-poluicao-eletromagnetica\/","url_meta":{"origin":50626,"position":0},"title":"Judici\u00e1rio reconhece polui\u00e7\u00e3o eletromagn\u00e9tica","author":"Patr\u00edcia Marini","date":"16 de maio de 2014","format":false,"excerpt":"A\u00e7\u00e3o de duas associa\u00e7\u00f5es de moradores foi acolhida pelo Tribunal de Justi\u00e7a de S\u00e3o Paulo que. em decis\u00e3o in\u00e9dita, determinou a redu\u00e7\u00e3o do campo eletromagn\u00e9tico gerado pelas linhas de transmiss\u00e3o de energia que cortam os bairros City Boa\u00e7ava e Alto de Pinheiros. \u00c9 a primeira vez que um tribunal do\u2026","rel":"","context":"Em &quot;X.Categorias velhas&quot;","block_context":{"text":"X.Categorias velhas","link":"https:\/\/www.jornalja.com.br\/arquivo\/category\/x-categorias-velhas\/"},"img":{"alt_text":"","src":"","width":0,"height":0},"classes":[]},{"id":13124,"url":"https:\/\/www.jornalja.com.br\/arquivo\/sangue-latino-no-iecine\/","url_meta":{"origin":50626,"position":1},"title":"Sangue latino no IECINE","author":"da Reda\u00e7\u00e3o","date":"18 de maio de 2014","format":false,"excerpt":"Francisco Ribeiro O Instituto Estadual de Cinema (IECINE) tem a frente, desde abril \u00faltimo, um novo diretor, o cineasta colombiano Juan Zapata, 36, que substitui Luiz Alberto Cassol. Radicado h\u00e1 dez anos em Porto Alegre, Zapata tem diante de si o desafio de conduzir at\u00e9 o final do ano um\u2026","rel":"","context":"Em &quot;Cultura-Geral&quot;","block_context":{"text":"Cultura-Geral","link":"https:\/\/www.jornalja.com.br\/arquivo\/category\/materiasecundaria\/"},"img":{"alt_text":"","src":"","width":0,"height":0},"classes":[]},{"id":13239,"url":"https:\/\/www.jornalja.com.br\/arquivo\/conselho-desdenha-do-plano-diretor\/","url_meta":{"origin":50626,"position":2},"title":"Porto Alegre: Conselho detona Plano Diretor","author":"Patr\u00edcia Marini","date":"25 de maio de 2014","format":false,"excerpt":"Den\u00fancia do arquiteto e \u00a0urbanista Ibir\u00e1 Santos Lucas. Ele diz que os conselheiros est\u00e3o votando com \"enorme irresponsabilidade\". \"Mudam regime com a maior naturalidade,,,regularizam absurdos de constru\u00e7\u00f5es irregulares... \"O CMDUA est\u00e1 flexibilizando a lei do plano diretor, de uma forma impactante na vida da cidade. Mudam regime com a maior\u2026","rel":"","context":"Em &quot;Geral&quot;","block_context":{"text":"Geral","link":"https:\/\/www.jornalja.com.br\/arquivo\/category\/geral\/"},"img":{"alt_text":"","src":"","width":0,"height":0},"classes":[]},{"id":13128,"url":"https:\/\/www.jornalja.com.br\/arquivo\/maconha-terra-diz-que-uso-medicinal-e-desculpa\/","url_meta":{"origin":50626,"position":3},"title":"Maconha: Terra diz que uso medicinal \u00e9 desculpa","author":"Patr\u00edcia Marini","date":"4 de junho de 2014","format":false,"excerpt":"A condi\u00e7\u00e3o de pol\u00edtico, em \u00e9poca de campanha de campanha eleitoral, tira for\u00e7a do discurso do m\u00e9dico Osmar Terra contra a legaliza\u00e7\u00e3o da maconha. A tese dele de que a libera\u00e7\u00e3o vai ampliar exponencialmente o consumo \u00e9 discutivel, o consumo \u00e9 corrente. Mas seus alertas quanto aos riscos tem que\u2026","rel":"","context":"Em &quot;X.Categorias velhas&quot;","block_context":{"text":"X.Categorias velhas","link":"https:\/\/www.jornalja.com.br\/arquivo\/category\/x-categorias-velhas\/"},"img":{"alt_text":"","src":"","width":0,"height":0},"classes":[]},{"id":13240,"url":"https:\/\/www.jornalja.com.br\/arquivo\/plano-diretor-estamos-construindo-o-caos\/","url_meta":{"origin":50626,"position":4},"title":"Plano diretor: &quot;Estamos construindo o caos&quot;","author":"Patr\u00edcia Marini","date":"26 de maio de 2014","format":false,"excerpt":"Desabafo que arquiteta Eliana Castilhos, delegada da Regi\u00e3o de Planejamento 1, postou nas redes sociais \u00e9 um testemunho do ambiente que se criou no Conselho do Plano Diretor de Porto Alegre, onde a aprova\u00e7\u00e3o de grandes empreendimentos \u00e9 empurrada guela abaixo dos conselheiros. Ao CMDUA Como delegada da Regi\u00e3o de\u2026","rel":"","context":"Em &quot;Geral&quot;","block_context":{"text":"Geral","link":"https:\/\/www.jornalja.com.br\/arquivo\/category\/geral\/"},"img":{"alt_text":"","src":"","width":0,"height":0},"classes":[]},{"id":12960,"url":"https:\/\/www.jornalja.com.br\/arquivo\/populacao-culpa-empresas-pela-greve-dos-rodoviarios\/","url_meta":{"origin":50626,"position":5},"title":"Popula\u00e7\u00e3o culpa empresas pela greve","author":"Patr\u00edcia Marini","date":"14 de fevereiro de 2014","format":false,"excerpt":"Pesquisa divulgada na edi\u00e7\u00e3o do jornal Metro desta sexta-feira,14, comprova o velho ditado: \u00e9 poss\u00edvel enganar muitos por algum tempo, mas n\u00e3o \u00e9 poss\u00edvel enganar a todos o tempo inteiro. A principal revela\u00e7\u00e3o foi que 59,8% dos entrevistados apontaram as empresas como as principais respons\u00e1veis pela grave e 46% culparam\u2026","rel":"","context":"Em &quot;X.Categorias velhas&quot;","block_context":{"text":"X.Categorias velhas","link":"https:\/\/www.jornalja.com.br\/arquivo\/category\/x-categorias-velhas\/"},"img":{"alt_text":"","src":"","width":0,"height":0},"classes":[]}],"jetpack_shortlink":"https:\/\/wp.me\/pbQjBd-day","jetpack_featured_media_url":"","_links":{"self":[{"href":"https:\/\/www.jornalja.com.br\/arquivo\/wp-json\/wp\/v2\/posts\/50626","targetHints":{"allow":["GET"]}}],"collection":[{"href":"https:\/\/www.jornalja.com.br\/arquivo\/wp-json\/wp\/v2\/posts"}],"about":[{"href":"https:\/\/www.jornalja.com.br\/arquivo\/wp-json\/wp\/v2\/types\/post"}],"author":[{"embeddable":true,"href":"https:\/\/www.jornalja.com.br\/arquivo\/wp-json\/wp\/v2\/users\/4"}],"replies":[{"embeddable":true,"href":"https:\/\/www.jornalja.com.br\/arquivo\/wp-json\/wp\/v2\/comments?post=50626"}],"version-history":[{"count":0,"href":"https:\/\/www.jornalja.com.br\/arquivo\/wp-json\/wp\/v2\/posts\/50626\/revisions"}],"wp:attachment":[{"href":"https:\/\/www.jornalja.com.br\/arquivo\/wp-json\/wp\/v2\/media?parent=50626"}],"wp:term":[{"taxonomy":"category","embeddable":true,"href":"https:\/\/www.jornalja.com.br\/arquivo\/wp-json\/wp\/v2\/categories?post=50626"},{"taxonomy":"post_tag","embeddable":true,"href":"https:\/\/www.jornalja.com.br\/arquivo\/wp-json\/wp\/v2\/tags?post=50626"}],"curies":[{"name":"wp","href":"https:\/\/api.w.org\/{rel}","templated":true}]}}