{"id":50637,"date":"2017-06-28T15:24:38","date_gmt":"2017-06-28T18:24:38","guid":{"rendered":"https:\/\/www.jornalja.com.br\/?p=50637"},"modified":"2017-06-28T15:24:38","modified_gmt":"2017-06-28T18:24:38","slug":"cooperativas-gauchas-tiveram-crescimento-de-14-em-2016","status":"publish","type":"post","link":"https:\/\/www.jornalja.com.br\/arquivo\/cooperativas-gauchas-tiveram-crescimento-de-14-em-2016\/","title":{"rendered":"Cooperativas ga\u00fachas tiveram crescimento de 14% em 2016"},"content":{"rendered":"<p>Em um ano de recess\u00e3o econ\u00f4mica, com o PIB ga\u00facho caindo 3,1%, o setor cooperativo registrou crescimento de 14,22% em 2016. Quatro ramos de atividades se destacam neste crescimento, duas delas apresentando n\u00fameros acima da m\u00e9dia. As cooperativas de cr\u00e9dito apresentaram crescimento de 18,54%, o setor agropecu\u00e1rio cresceu 14,51%, sa\u00fade 9,88% e infraestrutura com 6,29%.<br \/>\nAo todo, as 420 cooperativas tiveram um faturamento de R$ 41,2 bilh\u00f5es, gerando R$ 2,1 bilh\u00f5es em tributos para o Estado. A gera\u00e7\u00e3o de tributos teve um crescimento de 17,8%.<br \/>\nCom este crescimento, o setor cooperativo passa a representar 10% do PIB ga\u00facho. O Rio Grande do Sul \u00e9 o segundo estado brasileiro com maior n\u00famero de associados: 2,8 milh\u00f5es de s\u00f3cios.<br \/>\nOs n\u00fameros foram apresentados no lan\u00e7amento da \u201cExpress\u00e3o do Cooperativismo Ga\u00facho 2017\u201d. A publica\u00e7\u00e3o que traz os n\u00fameros oficiais do cooperativismo no estado em 2016 foi lan\u00e7ada nesta quarta-feira pelo Sistema Ocergs-Sescoop\/RS no evento \u201cT\u00e1 na Mesa\u201d, na Federasul.<br \/>\n<span class=\"intertit\">A crise como combust\u00edvel do crescimento<\/span><br \/>\nO presidente da OCERGS -SESCOOP\/RS, Vergilio Perius, defendeu a capacidade de resili\u00eancia e afirmou que as crises da economia acabam servindo como uma esp\u00e9cie de combust\u00edvel no caso das cooperativas. \u201cNas crises, as pessoas tendem a se unir mais, sociedades de pessoas se unem mais, se fortalecem coletivamente a passam a trabalhar melhor juntos. E podemos observar isso nas cooperativas. As pessoas se re\u00fanem e discutem at\u00e9 mesmo os pequenos investimentos\u201d, afirmou, acrescentando que nos \u00faltimos tr\u00eas anos, as cooperativas n\u00e3o reduziram o n\u00edvel de investimento.<br \/>\nVergilio defendeu a import\u00e2ncia do investimento e educa\u00e7\u00e3o, forma\u00e7\u00e3o e capacita\u00e7\u00e3o dos cooperados. No ano passado, em m\u00e9dia, pelo menos 600 trabalhadores de cada cooperativa ga\u00facha passaram por algum programa de capacita\u00e7\u00e3o.<br \/>\nM\u00e1rcio Lopes de Freitas, presidente do Sistema CNCOOP-OCB-SESCOOP Nacional, acredita que o momento que a humanidade vive favorece o crescimento do cooperativismo. Para ele, as pessoas buscam cada vez mais ferramentas de economia colaborativa, com participa\u00e7\u00e3o mais intensa nas decis\u00f5es e as cooperativas est\u00e3o conseguindo absorver essa demanda.<br \/>\nM\u00e1rcio defendeu ainda a import\u00e2ncia das cooperativas no desenvolvimento das regi\u00f5es e afirmou que s\u00e3o capazes de resolver problemas sociais atrav\u00e9s de solu\u00e7\u00f5es econ\u00f4micas.<br \/>\n\u201cAs cooperativas n\u00e3o pegam seu capital aqui e investem no exterior, nem v\u00e3o para a avenida Paulista fazer especula\u00e7\u00e3o financeira. O recurso volta para a comunidade e realimenta a roda do desenvolvimento local\u201d, afirmou.<br \/>\nUm setor da atividade cooperativa que vem deixando a desejar \u00e9 o das cooperativas habitacionais. Em 2016, foram constru\u00eddas menos de<br \/>\ncinco mil casas em Porto Alegre atrav\u00e9s deste sistema, quando em anos passados, o n\u00fameros superou as 15 mil unidades. Para Vergilio Perius, a dificuldade passa por falta de pol\u00edticas p\u00fablicas bem definidas e uma compreens\u00e3o maior para permitir que as cooperativas se desenvolvam \u201clivremente, sem amarras.\u201d<br \/>\n\u201cSe o governo quiser fazer um Brasil melhor, olhe mais para as cooperativas, porque \u00e9 por a\u00ed o nosso crescimento, a n\u00edvel estadual e federal\u201d, concluiu Vergilio.<\/p>\n","protected":false},"excerpt":{"rendered":"<p>Em um ano de recess\u00e3o econ\u00f4mica, com o PIB ga\u00facho caindo 3,1%, o setor cooperativo registrou crescimento de 14,22% em 2016. Quatro ramos de atividades se destacam neste crescimento, duas delas apresentando n\u00fameros acima da m\u00e9dia. As cooperativas de cr\u00e9dito apresentaram crescimento de 18,54%, o setor agropecu\u00e1rio cresceu 14,51%, sa\u00fade 9,88% e infraestrutura com 6,29%. [&hellip;]<\/p>\n","protected":false},"author":4,"featured_media":50655,"comment_status":"open","ping_status":"closed","sticky":false,"template":"","format":"standard","meta":{"_jetpack_newsletter_access":"","_jetpack_dont_email_post_to_subs":false,"_jetpack_newsletter_tier_id":0,"_jetpack_memberships_contains_paywalled_content":false,"_jetpack_feature_clip_id":0,"_jetpack_memberships_contains_paid_content":false,"footnotes":"","jetpack_post_was_ever_published":false},"categories":[26],"tags":[],"class_list":["post-50637","post","type-post","status-publish","format-standard","has-post-thumbnail","hentry","category-geral"],"aioseo_notices":[],"aioseo_head":"\n\t\t<!-- All in One SEO 5.0.1.1 - aioseo.com -->\n\t<meta name=\"robots\" content=\"max-image-preview:large\" \/>\n\t<meta name=\"author\" content=\"da Reda\u00e7\u00e3o\"\/>\n\t<link rel=\"canonical\" href=\"https:\/\/www.jornalja.com.br\/arquivo\/cooperativas-gauchas-tiveram-crescimento-de-14-em-2016\/\" \/>\n\t<meta name=\"generator\" content=\"All in One SEO (AIOSEO) 5.0.1.1\" \/>\n\t\t<meta property=\"og:locale\" content=\"pt_BR\" \/>\n\t\t<meta property=\"og:site_name\" content=\"Arquivo | Jornal J\u00c1 | Porto Alegre\" \/>\n\t\t<meta property=\"og:type\" content=\"article\" \/>\n\t\t<meta property=\"og:title\" content=\"Cooperativas ga\u00fachas tiveram crescimento de 14% em 2016 | Arquivo\" \/>\n\t\t<meta property=\"og:url\" content=\"https:\/\/www.jornalja.com.br\/arquivo\/cooperativas-gauchas-tiveram-crescimento-de-14-em-2016\/\" \/>\n\t\t<meta property=\"og:image\" content=\"https:\/\/www.jornalja.com.br\/economics\/wp-content\/uploads\/sites\/11\/2026\/08\/ja-folhaderosto-facebook.jpg\" \/>\n\t\t<meta property=\"og:image:secure_url\" content=\"https:\/\/www.jornalja.com.br\/economics\/wp-content\/uploads\/sites\/11\/2026\/08\/ja-folhaderosto-facebook.jpg\" \/>\n\t\t<meta property=\"article:published_time\" content=\"2017-06-28T18:24:38+00:00\" \/>\n\t\t<meta property=\"article:modified_time\" content=\"2017-06-28T18:24:38+00:00\" \/>\n\t\t<meta name=\"twitter:card\" content=\"summary\" \/>\n\t\t<meta name=\"twitter:title\" content=\"Cooperativas ga\u00fachas tiveram crescimento de 14% em 2016 | Arquivo\" \/>\n\t\t<meta name=\"twitter:image\" content=\"https:\/\/www.jornalja.com.br\/economics\/wp-content\/uploads\/sites\/11\/2026\/08\/ja-folhaderosto-facebook.jpg\" \/>\n\t\t<script type=\"application\/ld+json\" class=\"aioseo-schema\">\n\t\t\t{\"@context\":\"https:\\\/\\\/schema.org\",\"@graph\":[{\"@type\":\"BlogPosting\",\"@id\":\"https:\\\/\\\/www.jornalja.com.br\\\/arquivo\\\/cooperativas-gauchas-tiveram-crescimento-de-14-em-2016\\\/#blogposting\",\"name\":\"Cooperativas ga\\u00fachas tiveram crescimento de 14% em 2016 | Arquivo\",\"headline\":\"Cooperativas ga\\u00fachas tiveram crescimento de 14% em 2016\",\"author\":{\"@id\":\"https:\\\/\\\/www.jornalja.com.br\\\/arquivo\\\/author\\\/daredacao\\\/#author\"},\"publisher\":{\"@id\":\"https:\\\/\\\/www.jornalja.com.br\\\/arquivo\\\/#organization\"},\"image\":{\"@type\":\"ImageObject\",\"url\":50655},\"datePublished\":\"2017-06-28T15:24:38-03:00\",\"dateModified\":\"2017-06-28T15:24:38-03:00\",\"inLanguage\":\"pt-BR\",\"mainEntityOfPage\":{\"@id\":\"https:\\\/\\\/www.jornalja.com.br\\\/arquivo\\\/cooperativas-gauchas-tiveram-crescimento-de-14-em-2016\\\/#webpage\"},\"isPartOf\":{\"@id\":\"https:\\\/\\\/www.jornalja.com.br\\\/arquivo\\\/cooperativas-gauchas-tiveram-crescimento-de-14-em-2016\\\/#webpage\"},\"articleSection\":\"Geral\"},{\"@type\":\"BreadcrumbList\",\"@id\":\"https:\\\/\\\/www.jornalja.com.br\\\/arquivo\\\/cooperativas-gauchas-tiveram-crescimento-de-14-em-2016\\\/#breadcrumblist\",\"itemListElement\":[{\"@type\":\"ListItem\",\"@id\":\"https:\\\/\\\/www.jornalja.com.br\\\/arquivo#listItem\",\"position\":1,\"name\":\"Home\",\"item\":\"https:\\\/\\\/www.jornalja.com.br\\\/arquivo\",\"nextItem\":{\"@type\":\"ListItem\",\"@id\":\"https:\\\/\\\/www.jornalja.com.br\\\/arquivo\\\/category\\\/geral\\\/#listItem\",\"name\":\"Geral\"}},{\"@type\":\"ListItem\",\"@id\":\"https:\\\/\\\/www.jornalja.com.br\\\/arquivo\\\/category\\\/geral\\\/#listItem\",\"position\":2,\"name\":\"Geral\",\"item\":\"https:\\\/\\\/www.jornalja.com.br\\\/arquivo\\\/category\\\/geral\\\/\",\"nextItem\":{\"@type\":\"ListItem\",\"@id\":\"https:\\\/\\\/www.jornalja.com.br\\\/arquivo\\\/cooperativas-gauchas-tiveram-crescimento-de-14-em-2016\\\/#listItem\",\"name\":\"Cooperativas ga\\u00fachas tiveram crescimento de 14% em 2016\"},\"previousItem\":{\"@type\":\"ListItem\",\"@id\":\"https:\\\/\\\/www.jornalja.com.br\\\/arquivo#listItem\",\"name\":\"Home\"}},{\"@type\":\"ListItem\",\"@id\":\"https:\\\/\\\/www.jornalja.com.br\\\/arquivo\\\/cooperativas-gauchas-tiveram-crescimento-de-14-em-2016\\\/#listItem\",\"position\":3,\"name\":\"Cooperativas ga\\u00fachas tiveram crescimento de 14% em 2016\",\"previousItem\":{\"@type\":\"ListItem\",\"@id\":\"https:\\\/\\\/www.jornalja.com.br\\\/arquivo\\\/category\\\/geral\\\/#listItem\",\"name\":\"Geral\"}}]},{\"@type\":\"Organization\",\"@id\":\"https:\\\/\\\/www.jornalja.com.br\\\/arquivo\\\/#organization\",\"name\":\"Jornal J\\u00c1\",\"description\":\"Jornal J\\u00c1 | Porto Alegre\",\"url\":\"https:\\\/\\\/www.jornalja.com.br\\\/arquivo\\\/\",\"telephone\":\"+555133307272\",\"logo\":{\"@type\":\"ImageObject\",\"url\":\"https:\\\/\\\/www.jornalja.com.br\\\/wp-content\\\/uploads\\\/cards\\\/JAslogan.png\",\"@id\":\"https:\\\/\\\/www.jornalja.com.br\\\/arquivo\\\/cooperativas-gauchas-tiveram-crescimento-de-14-em-2016\\\/#organizationLogo\"},\"image\":{\"@id\":\"https:\\\/\\\/www.jornalja.com.br\\\/arquivo\\\/cooperativas-gauchas-tiveram-crescimento-de-14-em-2016\\\/#organizationLogo\"}},{\"@type\":\"Person\",\"@id\":\"https:\\\/\\\/www.jornalja.com.br\\\/arquivo\\\/author\\\/daredacao\\\/#author\",\"url\":\"https:\\\/\\\/www.jornalja.com.br\\\/arquivo\\\/author\\\/daredacao\\\/\",\"name\":\"da Reda\\u00e7\\u00e3o\",\"image\":{\"@type\":\"ImageObject\",\"@id\":\"https:\\\/\\\/www.jornalja.com.br\\\/arquivo\\\/cooperativas-gauchas-tiveram-crescimento-de-14-em-2016\\\/#authorImage\",\"url\":\"https:\\\/\\\/secure.gravatar.com\\\/avatar\\\/469fd857d6605ad19919d27ed29d35a968a25f6e8fd9318356bbb7f57aae9c65?s=96&d=mm&r=g\",\"width\":96,\"height\":96,\"caption\":\"da Reda\\u00e7\\u00e3o\"}},{\"@type\":\"WebPage\",\"@id\":\"https:\\\/\\\/www.jornalja.com.br\\\/arquivo\\\/cooperativas-gauchas-tiveram-crescimento-de-14-em-2016\\\/#webpage\",\"url\":\"https:\\\/\\\/www.jornalja.com.br\\\/arquivo\\\/cooperativas-gauchas-tiveram-crescimento-de-14-em-2016\\\/\",\"name\":\"Cooperativas ga\\u00fachas tiveram crescimento de 14% em 2016 | Arquivo\",\"inLanguage\":\"pt-BR\",\"isPartOf\":{\"@id\":\"https:\\\/\\\/www.jornalja.com.br\\\/arquivo\\\/#website\"},\"breadcrumb\":{\"@id\":\"https:\\\/\\\/www.jornalja.com.br\\\/arquivo\\\/cooperativas-gauchas-tiveram-crescimento-de-14-em-2016\\\/#breadcrumblist\"},\"author\":{\"@id\":\"https:\\\/\\\/www.jornalja.com.br\\\/arquivo\\\/author\\\/daredacao\\\/#author\"},\"creator\":{\"@id\":\"https:\\\/\\\/www.jornalja.com.br\\\/arquivo\\\/author\\\/daredacao\\\/#author\"},\"image\":{\"@type\":\"ImageObject\",\"url\":50655,\"@id\":\"https:\\\/\\\/www.jornalja.com.br\\\/arquivo\\\/cooperativas-gauchas-tiveram-crescimento-de-14-em-2016\\\/#mainImage\"},\"primaryImageOfPage\":{\"@id\":\"https:\\\/\\\/www.jornalja.com.br\\\/arquivo\\\/cooperativas-gauchas-tiveram-crescimento-de-14-em-2016\\\/#mainImage\"},\"datePublished\":\"2017-06-28T15:24:38-03:00\",\"dateModified\":\"2017-06-28T15:24:38-03:00\"},{\"@type\":\"WebSite\",\"@id\":\"https:\\\/\\\/www.jornalja.com.br\\\/arquivo\\\/#website\",\"url\":\"https:\\\/\\\/www.jornalja.com.br\\\/arquivo\\\/\",\"name\":\"Arquivo\",\"description\":\"Jornal J\\u00c1 | Porto Alegre\",\"inLanguage\":\"pt-BR\",\"publisher\":{\"@id\":\"https:\\\/\\\/www.jornalja.com.br\\\/arquivo\\\/#organization\"}}]}\n\t\t<\/script>\n\t\t<!-- All in One SEO -->\n\n","aioseo_head_json":{"title":"Cooperativas ga\u00fachas tiveram crescimento de 14% em 2016 | Arquivo","description":"","canonical_url":"https:\/\/www.jornalja.com.br\/arquivo\/cooperativas-gauchas-tiveram-crescimento-de-14-em-2016\/","robots":"max-image-preview:large","keywords":"","webmasterTools":{"miscellaneous":""},"schema":{"@context":"https:\/\/schema.org","@graph":[{"@type":"BlogPosting","@id":"https:\/\/www.jornalja.com.br\/arquivo\/cooperativas-gauchas-tiveram-crescimento-de-14-em-2016\/#blogposting","name":"Cooperativas ga\u00fachas tiveram crescimento de 14% em 2016 | Arquivo","headline":"Cooperativas ga\u00fachas tiveram crescimento de 14% em 2016","author":{"@id":"https:\/\/www.jornalja.com.br\/arquivo\/author\/daredacao\/#author"},"publisher":{"@id":"https:\/\/www.jornalja.com.br\/arquivo\/#organization"},"image":{"@type":"ImageObject","url":50655},"datePublished":"2017-06-28T15:24:38-03:00","dateModified":"2017-06-28T15:24:38-03:00","inLanguage":"pt-BR","mainEntityOfPage":{"@id":"https:\/\/www.jornalja.com.br\/arquivo\/cooperativas-gauchas-tiveram-crescimento-de-14-em-2016\/#webpage"},"isPartOf":{"@id":"https:\/\/www.jornalja.com.br\/arquivo\/cooperativas-gauchas-tiveram-crescimento-de-14-em-2016\/#webpage"},"articleSection":"Geral"},{"@type":"BreadcrumbList","@id":"https:\/\/www.jornalja.com.br\/arquivo\/cooperativas-gauchas-tiveram-crescimento-de-14-em-2016\/#breadcrumblist","itemListElement":[{"@type":"ListItem","@id":"https:\/\/www.jornalja.com.br\/arquivo#listItem","position":1,"name":"Home","item":"https:\/\/www.jornalja.com.br\/arquivo","nextItem":{"@type":"ListItem","@id":"https:\/\/www.jornalja.com.br\/arquivo\/category\/geral\/#listItem","name":"Geral"}},{"@type":"ListItem","@id":"https:\/\/www.jornalja.com.br\/arquivo\/category\/geral\/#listItem","position":2,"name":"Geral","item":"https:\/\/www.jornalja.com.br\/arquivo\/category\/geral\/","nextItem":{"@type":"ListItem","@id":"https:\/\/www.jornalja.com.br\/arquivo\/cooperativas-gauchas-tiveram-crescimento-de-14-em-2016\/#listItem","name":"Cooperativas ga\u00fachas tiveram crescimento de 14% em 2016"},"previousItem":{"@type":"ListItem","@id":"https:\/\/www.jornalja.com.br\/arquivo#listItem","name":"Home"}},{"@type":"ListItem","@id":"https:\/\/www.jornalja.com.br\/arquivo\/cooperativas-gauchas-tiveram-crescimento-de-14-em-2016\/#listItem","position":3,"name":"Cooperativas ga\u00fachas tiveram crescimento de 14% em 2016","previousItem":{"@type":"ListItem","@id":"https:\/\/www.jornalja.com.br\/arquivo\/category\/geral\/#listItem","name":"Geral"}}]},{"@type":"Organization","@id":"https:\/\/www.jornalja.com.br\/arquivo\/#organization","name":"Jornal J\u00c1","description":"Jornal J\u00c1 | Porto Alegre","url":"https:\/\/www.jornalja.com.br\/arquivo\/","telephone":"+555133307272","logo":{"@type":"ImageObject","url":"https:\/\/www.jornalja.com.br\/wp-content\/uploads\/cards\/JAslogan.png","@id":"https:\/\/www.jornalja.com.br\/arquivo\/cooperativas-gauchas-tiveram-crescimento-de-14-em-2016\/#organizationLogo"},"image":{"@id":"https:\/\/www.jornalja.com.br\/arquivo\/cooperativas-gauchas-tiveram-crescimento-de-14-em-2016\/#organizationLogo"}},{"@type":"Person","@id":"https:\/\/www.jornalja.com.br\/arquivo\/author\/daredacao\/#author","url":"https:\/\/www.jornalja.com.br\/arquivo\/author\/daredacao\/","name":"da Reda\u00e7\u00e3o","image":{"@type":"ImageObject","@id":"https:\/\/www.jornalja.com.br\/arquivo\/cooperativas-gauchas-tiveram-crescimento-de-14-em-2016\/#authorImage","url":"https:\/\/secure.gravatar.com\/avatar\/469fd857d6605ad19919d27ed29d35a968a25f6e8fd9318356bbb7f57aae9c65?s=96&d=mm&r=g","width":96,"height":96,"caption":"da Reda\u00e7\u00e3o"}},{"@type":"WebPage","@id":"https:\/\/www.jornalja.com.br\/arquivo\/cooperativas-gauchas-tiveram-crescimento-de-14-em-2016\/#webpage","url":"https:\/\/www.jornalja.com.br\/arquivo\/cooperativas-gauchas-tiveram-crescimento-de-14-em-2016\/","name":"Cooperativas ga\u00fachas tiveram crescimento de 14% em 2016 | Arquivo","inLanguage":"pt-BR","isPartOf":{"@id":"https:\/\/www.jornalja.com.br\/arquivo\/#website"},"breadcrumb":{"@id":"https:\/\/www.jornalja.com.br\/arquivo\/cooperativas-gauchas-tiveram-crescimento-de-14-em-2016\/#breadcrumblist"},"author":{"@id":"https:\/\/www.jornalja.com.br\/arquivo\/author\/daredacao\/#author"},"creator":{"@id":"https:\/\/www.jornalja.com.br\/arquivo\/author\/daredacao\/#author"},"image":{"@type":"ImageObject","url":50655,"@id":"https:\/\/www.jornalja.com.br\/arquivo\/cooperativas-gauchas-tiveram-crescimento-de-14-em-2016\/#mainImage"},"primaryImageOfPage":{"@id":"https:\/\/www.jornalja.com.br\/arquivo\/cooperativas-gauchas-tiveram-crescimento-de-14-em-2016\/#mainImage"},"datePublished":"2017-06-28T15:24:38-03:00","dateModified":"2017-06-28T15:24:38-03:00"},{"@type":"WebSite","@id":"https:\/\/www.jornalja.com.br\/arquivo\/#website","url":"https:\/\/www.jornalja.com.br\/arquivo\/","name":"Arquivo","description":"Jornal J\u00c1 | Porto Alegre","inLanguage":"pt-BR","publisher":{"@id":"https:\/\/www.jornalja.com.br\/arquivo\/#organization"}}]},"og:locale":"pt_BR","og:site_name":"Arquivo | Jornal J\u00c1 | Porto Alegre","og:type":"article","og:title":"Cooperativas ga\u00fachas tiveram crescimento de 14% em 2016 | Arquivo","og:url":"https:\/\/www.jornalja.com.br\/arquivo\/cooperativas-gauchas-tiveram-crescimento-de-14-em-2016\/","og:image":"https:\/\/www.jornalja.com.br\/economics\/wp-content\/uploads\/sites\/11\/2026\/08\/ja-folhaderosto-facebook.jpg","og:image:secure_url":"https:\/\/www.jornalja.com.br\/economics\/wp-content\/uploads\/sites\/11\/2026\/08\/ja-folhaderosto-facebook.jpg","article:published_time":"2017-06-28T18:24:38+00:00","article:modified_time":"2017-06-28T18:24:38+00:00","twitter:card":"summary","twitter:title":"Cooperativas ga\u00fachas tiveram crescimento de 14% em 2016 | Arquivo","twitter:image":"https:\/\/www.jornalja.com.br\/economics\/wp-content\/uploads\/sites\/11\/2026\/08\/ja-folhaderosto-facebook.jpg"},"aioseo_meta_data":{"post_id":"50637","title":null,"description":null,"keywords":null,"keyphrases":null,"primary_term":null,"canonical_url":null,"og_title":null,"og_description":null,"og_object_type":"default","og_image_type":"default","og_image_url":null,"og_image_width":null,"og_image_height":null,"og_image_custom_url":null,"og_image_custom_fields":null,"og_video":null,"og_custom_url":null,"og_article_section":null,"og_article_tags":null,"twitter_use_og":false,"twitter_card":"default","twitter_image_type":"default","twitter_image_url":null,"twitter_image_custom_url":null,"twitter_image_custom_fields":null,"twitter_title":null,"twitter_description":null,"schema":{"blockGraphs":[],"customGraphs":[],"default":{"data":{"Article":[],"Course":[],"Dataset":[],"FAQPage":[],"Movie":[],"Person":[],"Product":[],"ProductReview":[],"Car":[],"Recipe":[],"Service":[],"SoftwareApplication":[],"WebPage":[]},"graphName":"","isEnabled":true},"graphs":[],"defaultGraph":"","defaultPostTypeGraph":""},"schema_type":null,"schema_type_options":null,"pillar_content":false,"robots_default":true,"robots_noindex":false,"robots_noarchive":false,"robots_nosnippet":false,"robots_nofollow":false,"robots_noimageindex":false,"robots_noodp":false,"robots_notranslate":false,"robots_max_snippet":null,"robots_max_videopreview":null,"robots_max_imagepreview":"large","priority":null,"frequency":null,"location":null,"local_seo":null,"breadcrumb_settings":null,"limit_modified_date":false,"ai":null,"created":"2020-12-20 20:30:49","updated":"2025-07-19 22:33:20","seo_analyzer_scan_date":null,"focus_keyword":null,"additional_keywords":null,"truseo_locale":null},"jetpack_sharing_enabled":true,"jetpack-related-posts":[{"id":13124,"url":"https:\/\/www.jornalja.com.br\/arquivo\/sangue-latino-no-iecine\/","url_meta":{"origin":50637,"position":0},"title":"Sangue latino no IECINE","author":"da Reda\u00e7\u00e3o","date":"18 de maio de 2014","format":false,"excerpt":"Francisco Ribeiro O Instituto Estadual de Cinema (IECINE) tem a frente, desde abril \u00faltimo, um novo diretor, o cineasta colombiano Juan Zapata, 36, que substitui Luiz Alberto Cassol. Radicado h\u00e1 dez anos em Porto Alegre, Zapata tem diante de si o desafio de conduzir at\u00e9 o final do ano um\u2026","rel":"","context":"Em &quot;Cultura-Geral&quot;","block_context":{"text":"Cultura-Geral","link":"https:\/\/www.jornalja.com.br\/arquivo\/category\/materiasecundaria\/"},"img":{"alt_text":"","src":"","width":0,"height":0},"classes":[]},{"id":5440,"url":"https:\/\/www.jornalja.com.br\/arquivo\/casarao-da-venancio-destino-permanece-incerto\/","url_meta":{"origin":50637,"position":1},"title":"Estado ainda n\u00e3o sabe o que fazer com casar\u00e3o abandonado h\u00e1 20 anos","author":"Elmar Bones","date":"6 de julho de 2009","format":false,"excerpt":"O casar\u00e3o amarelo, numa esquina nobre de Porto Alegre (Ven\u00e2ncio Aires com Jo\u00e3o Pessoa), j\u00e1 abrigou uma escola. H\u00e1 duas d\u00e9cadas, pelo menos, est\u00e1 abandonado, porque seu propriet\u00e1rio, o governo do Estado do Rio Grande do Sul, n\u00e3o consegue achar um destino para ele. Planos n\u00e3o faltaram. O governador Ol\u00edvio\u2026","rel":"","context":"Em &quot;X.Categorias velhas&quot;","block_context":{"text":"X.Categorias velhas","link":"https:\/\/www.jornalja.com.br\/arquivo\/category\/x-categorias-velhas\/"},"img":{"alt_text":"geraldo1","src":"https:\/\/i0.wp.com\/www.jornalja.com.br\/wp-content\/uploads\/2009\/07\/geraldo1.jpg?resize=350%2C200&ssl=1","width":350,"height":200},"classes":[]},{"id":12960,"url":"https:\/\/www.jornalja.com.br\/arquivo\/populacao-culpa-empresas-pela-greve-dos-rodoviarios\/","url_meta":{"origin":50637,"position":2},"title":"Popula\u00e7\u00e3o culpa empresas pela greve","author":"Patr\u00edcia Marini","date":"14 de fevereiro de 2014","format":false,"excerpt":"Pesquisa divulgada na edi\u00e7\u00e3o do jornal Metro desta sexta-feira,14, comprova o velho ditado: \u00e9 poss\u00edvel enganar muitos por algum tempo, mas n\u00e3o \u00e9 poss\u00edvel enganar a todos o tempo inteiro. A principal revela\u00e7\u00e3o foi que 59,8% dos entrevistados apontaram as empresas como as principais respons\u00e1veis pela grave e 46% culparam\u2026","rel":"","context":"Em &quot;X.Categorias velhas&quot;","block_context":{"text":"X.Categorias velhas","link":"https:\/\/www.jornalja.com.br\/arquivo\/category\/x-categorias-velhas\/"},"img":{"alt_text":"","src":"","width":0,"height":0},"classes":[]},{"id":13109,"url":"https:\/\/www.jornalja.com.br\/arquivo\/judiciario-reconhece-poluicao-eletromagnetica\/","url_meta":{"origin":50637,"position":3},"title":"Judici\u00e1rio reconhece polui\u00e7\u00e3o eletromagn\u00e9tica","author":"Patr\u00edcia Marini","date":"16 de maio de 2014","format":false,"excerpt":"A\u00e7\u00e3o de duas associa\u00e7\u00f5es de moradores foi acolhida pelo Tribunal de Justi\u00e7a de S\u00e3o Paulo que. em decis\u00e3o in\u00e9dita, determinou a redu\u00e7\u00e3o do campo eletromagn\u00e9tico gerado pelas linhas de transmiss\u00e3o de energia que cortam os bairros City Boa\u00e7ava e Alto de Pinheiros. \u00c9 a primeira vez que um tribunal do\u2026","rel":"","context":"Em &quot;X.Categorias velhas&quot;","block_context":{"text":"X.Categorias velhas","link":"https:\/\/www.jornalja.com.br\/arquivo\/category\/x-categorias-velhas\/"},"img":{"alt_text":"","src":"","width":0,"height":0},"classes":[]},{"id":13240,"url":"https:\/\/www.jornalja.com.br\/arquivo\/plano-diretor-estamos-construindo-o-caos\/","url_meta":{"origin":50637,"position":4},"title":"Plano diretor: &quot;Estamos construindo o caos&quot;","author":"Patr\u00edcia Marini","date":"26 de maio de 2014","format":false,"excerpt":"Desabafo que arquiteta Eliana Castilhos, delegada da Regi\u00e3o de Planejamento 1, postou nas redes sociais \u00e9 um testemunho do ambiente que se criou no Conselho do Plano Diretor de Porto Alegre, onde a aprova\u00e7\u00e3o de grandes empreendimentos \u00e9 empurrada guela abaixo dos conselheiros. Ao CMDUA Como delegada da Regi\u00e3o de\u2026","rel":"","context":"Em &quot;Geral&quot;","block_context":{"text":"Geral","link":"https:\/\/www.jornalja.com.br\/arquivo\/category\/geral\/"},"img":{"alt_text":"","src":"","width":0,"height":0},"classes":[]},{"id":14241,"url":"https:\/\/www.jornalja.com.br\/arquivo\/o-guaiba-nas-imagens-poeticas-de-achutti\/","url_meta":{"origin":50637,"position":5},"title":"O Gua\u00edba nas imagens po\u00e9ticas de Achutti","author":"da Reda\u00e7\u00e3o","date":"18 de junho de 2014","format":false,"excerpt":"Em \u201cO Gua\u00edba por Achutti\u201d \u2013 obra financiada via Minist\u00e9rio da Cultura, produ\u00e7\u00e3o executiva de Pedro Longhi, e Fl\u00e1vio Wild como designer \u2013, o fot\u00f3grafo revela a beleza e as mazelas de um espa\u00e7o aqu\u00e1tico de \u00e1guas sempre renovadas, cheio de hist\u00f3rias e lendas como as das cidades que foram\u2026","rel":"","context":"Em &quot;Cultura-Geral&quot;","block_context":{"text":"Cultura-Geral","link":"https:\/\/www.jornalja.com.br\/arquivo\/category\/materiasecundaria\/"},"img":{"alt_text":"","src":"","width":0,"height":0},"classes":[]}],"jetpack_shortlink":"https:\/\/wp.me\/pbQjBd-daJ","jetpack_featured_media_url":"","_links":{"self":[{"href":"https:\/\/www.jornalja.com.br\/arquivo\/wp-json\/wp\/v2\/posts\/50637","targetHints":{"allow":["GET"]}}],"collection":[{"href":"https:\/\/www.jornalja.com.br\/arquivo\/wp-json\/wp\/v2\/posts"}],"about":[{"href":"https:\/\/www.jornalja.com.br\/arquivo\/wp-json\/wp\/v2\/types\/post"}],"author":[{"embeddable":true,"href":"https:\/\/www.jornalja.com.br\/arquivo\/wp-json\/wp\/v2\/users\/4"}],"replies":[{"embeddable":true,"href":"https:\/\/www.jornalja.com.br\/arquivo\/wp-json\/wp\/v2\/comments?post=50637"}],"version-history":[{"count":0,"href":"https:\/\/www.jornalja.com.br\/arquivo\/wp-json\/wp\/v2\/posts\/50637\/revisions"}],"wp:attachment":[{"href":"https:\/\/www.jornalja.com.br\/arquivo\/wp-json\/wp\/v2\/media?parent=50637"}],"wp:term":[{"taxonomy":"category","embeddable":true,"href":"https:\/\/www.jornalja.com.br\/arquivo\/wp-json\/wp\/v2\/categories?post=50637"},{"taxonomy":"post_tag","embeddable":true,"href":"https:\/\/www.jornalja.com.br\/arquivo\/wp-json\/wp\/v2\/tags?post=50637"}],"curies":[{"name":"wp","href":"https:\/\/api.w.org\/{rel}","templated":true}]}}